{"id":24097,"date":"2012-09-12T08:21:47","date_gmt":"2012-09-12T08:21:47","guid":{"rendered":"http:\/\/veredes.es\/blog\/?p=24097"},"modified":"2018-04-24T09:09:36","modified_gmt":"2018-04-24T07:09:36","slug":"publicidad-de-1945-jorge-gorostiza","status":"publish","type":"post","link":"https:\/\/veredes.es\/blog\/publicidad-de-1945-jorge-gorostiza\/","title":{"rendered":"Publicidad de 1945 | Jorge Gorostiza"},"content":{"rendered":"<p><figure id=\"attachment_24098\" aria-describedby=\"caption-attachment-24098\" style=\"width: 620px\" class=\"wp-caption alignnone\"><a href=\"http:\/\/veredes.es\/blog\/wp-content\/uploads\/2012\/09\/The-1945-Film-Daily-Year-Book-of-Motion-Pictures-p-92.jpg\"><img loading=\"lazy\" decoding=\"async\" class=\" wp-image-24098\" title=\"The 1945 Film Daily Year Book of Motion Pictures, p 92\" src=\"http:\/\/veredes.es\/blog\/wp-content\/uploads\/2012\/09\/The-1945-Film-Daily-Year-Book-of-Motion-Pictures-p-92.jpg\" alt=\"\" width=\"620\" height=\"450\" srcset=\"https:\/\/veredes.es\/blog\/wp-content\/uploads\/2012\/09\/The-1945-Film-Daily-Year-Book-of-Motion-Pictures-p-92.jpg 400w, https:\/\/veredes.es\/blog\/wp-content\/uploads\/2012\/09\/The-1945-Film-Daily-Year-Book-of-Motion-Pictures-p-92-300x218.jpg 300w\" sizes=\"auto, (max-width: 620px) 100vw, 620px\" \/><\/a><figcaption id=\"caption-attachment-24098\" class=\"wp-caption-text\"><span style=\"color: #888888;\">The 1945 Film Daily Year Book of Motion Pictures, p 92<\/span><\/figcaption><\/figure><\/p>\n<p style=\"text-align: justify;\" align=\"justify\">Buscando informaci\u00f3n sobre directores art\u00edsticos en antiguas revistas, encontr\u00e9 este anuncio en un anuario de 1945 publicado en Estados Unidos.<\/p>\n<p style=\"text-align: justify;\">Wiard B. Ihnen, era hijo de un arquitecto,\u00a0estudi\u00f3 esa carrera en\u00a0Columbia y despu\u00e9s en la \u00c9cole des Beaux-Arts en Par\u00eds y lleg\u00f3 a dise\u00f1ar algunos edificios en Nueva York.\u00a0Comenz\u00f3 a trabajar en el cine a finales de la primera d\u00e9cada del siglo en productoras de la Costa Este y se retir\u00f3 en los a\u00f1os sesenta. Estuvo casado con la c\u00e9lebre dise\u00f1adora de vestuario Edith Head desde 1949 hasta su fallecimiento treinta a\u00f1os despu\u00e9s\u00a0a causa de un c\u00e1ncer de pr\u00f3stata. Cuando\u00a0public\u00f3 el anuncio ten\u00eda cuarenta y ocho a\u00f1os, acababa de ganar un \u00d3scar por <em><a href=\"http:\/\/en.wikipedia.org\/wiki\/Wilson_%28film%29\" target=\"_blank\">Wilson<\/a><\/em> (Henry King) y a\u00fan no pod\u00eda saber que ese mismo a\u00f1o le iban a dar\u00a0otro por <em>Sangre sobre el sol<\/em> (<a href=\"http:\/\/en.wikipedia.org\/wiki\/Blood_on_the_Sun\" target=\"_blank\"><em>Blood on the Sun<\/em><\/a>, Frank Lloyd), es curioso que en la lista de pel\u00edculas no\u00a0mencione a los directores y el \u00fanico\u00a0nombre sea el de James Cagney, sobre todo teniendo en cuenta que ya hab\u00eda trabajado con genios como Fritz Lang en <em><a href=\"http:\/\/www.imdb.com\/title\/tt0032983\/\" target=\"_blank\">La venganza de Frank James<\/a><\/em> (1940) y <em><a href=\"http:\/\/www.imdb.com\/title\/tt0033873\/\" target=\"_blank\">Man Hunt<\/a><\/em> (1941), y tambi\u00e9n es significativa esa estatuilla del Oscar que tiene sobre su tablero de dibujo, posiblemente a\u00f1adida a\u00a0la fotograf\u00eda original, teniendo en cuenta su extra\u00f1a forma contrahecha.<\/p>\n<p style=\"text-align: justify;\">Cuando veo esa fotograf\u00eda con la mirada de Ihnen segura\u00a0y fija en el objetivo, pienso en qu\u00e9 estar\u00eda pensando, si le har\u00eda\u00a0ilusi\u00f3n\u00a0publicar\u00a0el anuncio en el anuario y si servir\u00eda para algo, si la vio alg\u00fan productor y lo contrat\u00f3 gracias a esa mirada, al\u00a0dibujo del tablero\u00a0y al Oscar jorobado. Pero eso ya no podremos saberlo, s\u00f3lo conocemos su trabajo que ha quedado fijado en el celuloide de las pel\u00edculas en las que trabaj\u00f3 durante cincuenta a\u00f1os.<\/p>\n<p>Jorge Gorostiza, arquitecto. Autor del blog <em>Arquitectura+Cine+Ciudad<br \/>\n<\/em>Santa Cruz de Tenerife, septiembre 2012<\/p>","protected":false},"excerpt":{"rendered":"<p>Buscando informaci\u00f3n sobre directores art\u00edsticos en antiguas revistas, encontr\u00e9 este anuncio en un anuario de 1945 publicado en Estados Unidos. Wiard B. Ihnen, era hijo de un arquitecto,\u00a0estudi\u00f3 esa carrera en\u00a0Columbia y despu\u00e9s en la \u00c9cole des Beaux-Arts en Par\u00eds y lleg\u00f3 a dise\u00f1ar algunos edificios en Nueva York.\u00a0Comenz\u00f3 a trabajar en el cine a [&hellip;]<\/p>\n","protected":false},"author":34,"featured_media":24098,"comment_status":"open","ping_status":"open","sticky":false,"template":"","format":"standard","meta":{"footnotes":""},"categories":[3,1460,5951],"tags":[9132,5698,5989,1593,930,1121,1173,5697],"class_list":{"0":"post-24097","1":"post","2":"type-post","3":"status-publish","4":"format-standard","5":"has-post-thumbnail","7":"category-capturas","8":"category-cine","9":"category-slider-principal","10":"tag-arquitectura-norteamericana","11":"tag-director-artistico","12":"tag-ecole-de-beaux-arts","13":"tag-jorge-gorostiza","14":"tag-new-york","15":"tag-publicidad","16":"tag-revista","17":"tag-wiard-b-ihnen"},"yoast_head":"<!-- This site is optimized with the Yoast SEO plugin v27.4 - https:\/\/yoast.com\/product\/yoast-seo-wordpress\/ -->\n<title>Publicidad de 1945 | Jorge Gorostiza<\/title>\n<meta name=\"description\" content=\"Publicidad\" \/>\n<meta name=\"robots\" content=\"index, follow, max-snippet:-1, max-image-preview:large, max-video-preview:-1\" \/>\n<link rel=\"canonical\" href=\"https:\/\/veredes.es\/blog\/publicidad-de-1945-jorge-gorostiza\/\" \/>\n<meta property=\"og:locale\" content=\"es_ES\" \/>\n<meta property=\"og:type\" content=\"article\" \/>\n<meta property=\"og:title\" content=\"Publicidad de 1945 | Jorge Gorostiza\" \/>\n<meta property=\"og:description\" content=\"Publicidad\" \/>\n<meta property=\"og:url\" content=\"https:\/\/veredes.es\/blog\/publicidad-de-1945-jorge-gorostiza\/\" \/>\n<meta property=\"og:site_name\" content=\"veredes, arquitectura y divulgaci\u00f3n\" \/>\n<meta property=\"article:publisher\" content=\"https:\/\/www.facebook.com\/veredesArquitecturayDivulgacion\/\" \/>\n<meta property=\"article:author\" content=\"https:\/\/www.facebook.com\/gorostiza\" \/>\n<meta property=\"article:published_time\" content=\"2012-09-12T08:21:47+00:00\" \/>\n<meta property=\"article:modified_time\" content=\"2018-04-24T07:09:36+00:00\" \/>\n<meta property=\"og:image\" content=\"https:\/\/veredes.es\/blog\/wp-content\/uploads\/2012\/09\/The-1945-Film-Daily-Year-Book-of-Motion-Pictures-p-92.jpg\" \/>\n\t<meta property=\"og:image:width\" content=\"400\" \/>\n\t<meta property=\"og:image:height\" content=\"291\" \/>\n\t<meta property=\"og:image:type\" content=\"image\/jpeg\" \/>\n<meta name=\"author\" content=\"Jorge Gorostiza\" \/>\n<meta name=\"twitter:card\" content=\"summary_large_image\" \/>\n<meta name=\"twitter:creator\" content=\"@https:\/\/twitter.com\/jorgegorostiza\" \/>\n<meta name=\"twitter:site\" content=\"@veredes\" \/>\n<meta name=\"twitter:label1\" content=\"Escrito por\" \/>\n\t<meta name=\"twitter:data1\" content=\"Jorge Gorostiza\" \/>\n\t<meta name=\"twitter:label2\" content=\"Tiempo de lectura\" \/>\n\t<meta name=\"twitter:data2\" content=\"5 minutos\" \/>\n<script type=\"application\/ld+json\" class=\"yoast-schema-graph\">{\"@context\":\"https:\\\/\\\/schema.org\",\"@graph\":[{\"@type\":\"Article\",\"@id\":\"https:\\\/\\\/veredes.es\\\/blog\\\/publicidad-de-1945-jorge-gorostiza\\\/#article\",\"isPartOf\":{\"@id\":\"https:\\\/\\\/veredes.es\\\/blog\\\/publicidad-de-1945-jorge-gorostiza\\\/\"},\"author\":{\"name\":\"Jorge Gorostiza\",\"@id\":\"https:\\\/\\\/veredes.es\\\/blog\\\/#\\\/schema\\\/person\\\/3f2d8efdf175df3cfcfa51a2b06cc527\"},\"headline\":\"Publicidad de 1945 | Jorge Gorostiza\",\"datePublished\":\"2012-09-12T08:21:47+00:00\",\"dateModified\":\"2018-04-24T07:09:36+00:00\",\"mainEntityOfPage\":{\"@id\":\"https:\\\/\\\/veredes.es\\\/blog\\\/publicidad-de-1945-jorge-gorostiza\\\/\"},\"wordCount\":1069,\"commentCount\":0,\"publisher\":{\"@id\":\"https:\\\/\\\/veredes.es\\\/blog\\\/#organization\"},\"image\":{\"@id\":\"https:\\\/\\\/veredes.es\\\/blog\\\/publicidad-de-1945-jorge-gorostiza\\\/#primaryimage\"},\"thumbnailUrl\":\"https:\\\/\\\/veredes.es\\\/blog\\\/wp-content\\\/uploads\\\/2012\\\/09\\\/The-1945-Film-Daily-Year-Book-of-Motion-Pictures-p-92.jpg\",\"keywords\":[\"arquitectura norteamericana\",\"director art\u00edstico\",\"ecole de beaux arts\",\"Jorge Gorostiza\",\"New York\",\"publicidad\",\"revista\",\"wiard b. ihnen\"],\"articleSection\":[\"capturas\",\"cine\",\"slider principal\"],\"inLanguage\":\"es\",\"potentialAction\":[{\"@type\":\"CommentAction\",\"name\":\"Comment\",\"target\":[\"https:\\\/\\\/veredes.es\\\/blog\\\/publicidad-de-1945-jorge-gorostiza\\\/#respond\"]}]},{\"@type\":\"WebPage\",\"@id\":\"https:\\\/\\\/veredes.es\\\/blog\\\/publicidad-de-1945-jorge-gorostiza\\\/\",\"url\":\"https:\\\/\\\/veredes.es\\\/blog\\\/publicidad-de-1945-jorge-gorostiza\\\/\",\"name\":\"Publicidad de 1945 | Jorge Gorostiza\",\"isPartOf\":{\"@id\":\"https:\\\/\\\/veredes.es\\\/blog\\\/#website\"},\"primaryImageOfPage\":{\"@id\":\"https:\\\/\\\/veredes.es\\\/blog\\\/publicidad-de-1945-jorge-gorostiza\\\/#primaryimage\"},\"image\":{\"@id\":\"https:\\\/\\\/veredes.es\\\/blog\\\/publicidad-de-1945-jorge-gorostiza\\\/#primaryimage\"},\"thumbnailUrl\":\"https:\\\/\\\/veredes.es\\\/blog\\\/wp-content\\\/uploads\\\/2012\\\/09\\\/The-1945-Film-Daily-Year-Book-of-Motion-Pictures-p-92.jpg\",\"datePublished\":\"2012-09-12T08:21:47+00:00\",\"dateModified\":\"2018-04-24T07:09:36+00:00\",\"description\":\"Publicidad\",\"breadcrumb\":{\"@id\":\"https:\\\/\\\/veredes.es\\\/blog\\\/publicidad-de-1945-jorge-gorostiza\\\/#breadcrumb\"},\"inLanguage\":\"es\",\"potentialAction\":[{\"@type\":\"ReadAction\",\"target\":[\"https:\\\/\\\/veredes.es\\\/blog\\\/publicidad-de-1945-jorge-gorostiza\\\/\"]}]},{\"@type\":\"ImageObject\",\"inLanguage\":\"es\",\"@id\":\"https:\\\/\\\/veredes.es\\\/blog\\\/publicidad-de-1945-jorge-gorostiza\\\/#primaryimage\",\"url\":\"https:\\\/\\\/veredes.es\\\/blog\\\/wp-content\\\/uploads\\\/2012\\\/09\\\/The-1945-Film-Daily-Year-Book-of-Motion-Pictures-p-92.jpg\",\"contentUrl\":\"https:\\\/\\\/veredes.es\\\/blog\\\/wp-content\\\/uploads\\\/2012\\\/09\\\/The-1945-Film-Daily-Year-Book-of-Motion-Pictures-p-92.jpg\",\"width\":\"400\",\"height\":\"291\"},{\"@type\":\"BreadcrumbList\",\"@id\":\"https:\\\/\\\/veredes.es\\\/blog\\\/publicidad-de-1945-jorge-gorostiza\\\/#breadcrumb\",\"itemListElement\":[{\"@type\":\"ListItem\",\"position\":1,\"name\":\"Portada\",\"item\":\"https:\\\/\\\/veredes.es\\\/blog\\\/\"},{\"@type\":\"ListItem\",\"position\":2,\"name\":\"Publicidad de 1945 | Jorge Gorostiza\"}]},{\"@type\":\"WebSite\",\"@id\":\"https:\\\/\\\/veredes.es\\\/blog\\\/#website\",\"url\":\"https:\\\/\\\/veredes.es\\\/blog\\\/\",\"name\":\"veredes, arquitectura y divulgaci\u00f3n\",\"description\":\"veredes\",\"publisher\":{\"@id\":\"https:\\\/\\\/veredes.es\\\/blog\\\/#organization\"},\"alternateName\":\"veredes\",\"potentialAction\":[{\"@type\":\"SearchAction\",\"target\":{\"@type\":\"EntryPoint\",\"urlTemplate\":\"https:\\\/\\\/veredes.es\\\/blog\\\/?s={search_term_string}\"},\"query-input\":{\"@type\":\"PropertyValueSpecification\",\"valueRequired\":true,\"valueName\":\"search_term_string\"}}],\"inLanguage\":\"es\"},{\"@type\":\"Organization\",\"@id\":\"https:\\\/\\\/veredes.es\\\/blog\\\/#organization\",\"name\":\"veredes, arquitectura y divulgaci\u00f3n\",\"alternateName\":\"veredes\",\"url\":\"https:\\\/\\\/veredes.es\\\/blog\\\/\",\"logo\":{\"@type\":\"ImageObject\",\"inLanguage\":\"es\",\"@id\":\"https:\\\/\\\/veredes.es\\\/blog\\\/#\\\/schema\\\/logo\\\/image\\\/\",\"url\":\"https:\\\/\\\/veredes.es\\\/blog\\\/wp-content\\\/uploads\\\/2021\\\/12\\\/veredes-logo-centrado_140x54.png\",\"contentUrl\":\"https:\\\/\\\/veredes.es\\\/blog\\\/wp-content\\\/uploads\\\/2021\\\/12\\\/veredes-logo-centrado_140x54.png\",\"width\":140,\"height\":54,\"caption\":\"veredes, arquitectura y divulgaci\u00f3n\"},\"image\":{\"@id\":\"https:\\\/\\\/veredes.es\\\/blog\\\/#\\\/schema\\\/logo\\\/image\\\/\"},\"sameAs\":[\"https:\\\/\\\/www.facebook.com\\\/veredesArquitecturayDivulgacion\\\/\",\"https:\\\/\\\/x.com\\\/veredes\",\"https:\\\/\\\/instagram.com\\\/veredes\\\/\",\"https:\\\/\\\/www.linkedin.com\\\/company\\\/veredes-arquitectura-y-divulgacion\\\/\",\"https:\\\/\\\/es.pinterest.com\\\/veredes\\\/\",\"https:\\\/\\\/www.tumblr.com\\\/veredes\"]},{\"@type\":\"Person\",\"@id\":\"https:\\\/\\\/veredes.es\\\/blog\\\/#\\\/schema\\\/person\\\/3f2d8efdf175df3cfcfa51a2b06cc527\",\"name\":\"Jorge Gorostiza\",\"image\":{\"@type\":\"ImageObject\",\"inLanguage\":\"es\",\"@id\":\"https:\\\/\\\/veredes.es\\\/blog\\\/wp-content\\\/uploads\\\/2018\\\/04\\\/jorge-gorostiza-96x96.jpg\",\"url\":\"https:\\\/\\\/veredes.es\\\/blog\\\/wp-content\\\/uploads\\\/2018\\\/04\\\/jorge-gorostiza-96x96.jpg\",\"contentUrl\":\"https:\\\/\\\/veredes.es\\\/blog\\\/wp-content\\\/uploads\\\/2018\\\/04\\\/jorge-gorostiza-96x96.jpg\",\"caption\":\"Jorge Gorostiza\"},\"description\":\"Doctor arquitecto por la UPM, 2015. He publicado bastantes libros y muchos art\u00edculos, he impartido conferencias, he sido comisario de exposiciones y jurado en much\u00edsmos festivales. Si quieren saber m\u00e1s no duden en consultar mi blog ARQUITECTURA + CINE + CIUDAD. En este blog se ir\u00e1n recogiendo art\u00edculos y textos dispersos por la Web, as\u00ed como otros publicados y libres de derechos, que traten sobre Cine, Arquitectura y Ciudad. As\u00ed quienes est\u00e9n interesados por las relaciones entre la ficci\u00f3n y la realidad, podr\u00e1n tener m\u00e1s argumentos para profundizar en esas relaciones. No es un blog en el que se vayan a hacer comentarios sobre las vivencias personales de su responsable, que adem\u00e1s a nadie interesan. Por supuesto que est\u00e1 abierto a cualquiera que le gusten estos temas, sirviendo como foro de debate y como lugar donde todos podamos aprender con las ideas de los dem\u00e1s.\",\"sameAs\":[\"http:\\\/\\\/cinearquitecturaciudad.blogspot.com.es\\\/\",\"https:\\\/\\\/www.facebook.com\\\/gorostiza\",\"https:\\\/\\\/www.instagram.com\\\/jorge.gorostiza\\\/\",\"https:\\\/\\\/www.linkedin.com\\\/in\\\/jorge-gorostiza-022a6a13\\\/\",\"https:\\\/\\\/x.com\\\/https:\\\/\\\/twitter.com\\\/jorgegorostiza\"],\"url\":\"https:\\\/\\\/veredes.es\\\/blog\\\/author\\\/jorge-gorostiza\\\/\"}]}<\/script>\n<!-- \/ Yoast SEO plugin. -->","yoast_head_json":{"title":"Publicidad de 1945 | Jorge Gorostiza","description":"Publicidad","robots":{"index":"index","follow":"follow","max-snippet":"max-snippet:-1","max-image-preview":"max-image-preview:large","max-video-preview":"max-video-preview:-1"},"canonical":"https:\/\/veredes.es\/blog\/publicidad-de-1945-jorge-gorostiza\/","og_locale":"es_ES","og_type":"article","og_title":"Publicidad de 1945 | Jorge Gorostiza","og_description":"Publicidad","og_url":"https:\/\/veredes.es\/blog\/publicidad-de-1945-jorge-gorostiza\/","og_site_name":"veredes, arquitectura y divulgaci\u00f3n","article_publisher":"https:\/\/www.facebook.com\/veredesArquitecturayDivulgacion\/","article_author":"https:\/\/www.facebook.com\/gorostiza","article_published_time":"2012-09-12T08:21:47+00:00","article_modified_time":"2018-04-24T07:09:36+00:00","og_image":[{"width":400,"height":291,"url":"https:\/\/veredes.es\/blog\/wp-content\/uploads\/2012\/09\/The-1945-Film-Daily-Year-Book-of-Motion-Pictures-p-92.jpg","type":"image\/jpeg"}],"author":"Jorge Gorostiza","twitter_card":"summary_large_image","twitter_creator":"@https:\/\/twitter.com\/jorgegorostiza","twitter_site":"@veredes","twitter_misc":{"Escrito por":"Jorge Gorostiza","Tiempo de lectura":"5 minutos"},"schema":{"@context":"https:\/\/schema.org","@graph":[{"@type":"Article","@id":"https:\/\/veredes.es\/blog\/publicidad-de-1945-jorge-gorostiza\/#article","isPartOf":{"@id":"https:\/\/veredes.es\/blog\/publicidad-de-1945-jorge-gorostiza\/"},"author":{"name":"Jorge Gorostiza","@id":"https:\/\/veredes.es\/blog\/#\/schema\/person\/3f2d8efdf175df3cfcfa51a2b06cc527"},"headline":"Publicidad de 1945 | Jorge Gorostiza","datePublished":"2012-09-12T08:21:47+00:00","dateModified":"2018-04-24T07:09:36+00:00","mainEntityOfPage":{"@id":"https:\/\/veredes.es\/blog\/publicidad-de-1945-jorge-gorostiza\/"},"wordCount":1069,"commentCount":0,"publisher":{"@id":"https:\/\/veredes.es\/blog\/#organization"},"image":{"@id":"https:\/\/veredes.es\/blog\/publicidad-de-1945-jorge-gorostiza\/#primaryimage"},"thumbnailUrl":"https:\/\/veredes.es\/blog\/wp-content\/uploads\/2012\/09\/The-1945-Film-Daily-Year-Book-of-Motion-Pictures-p-92.jpg","keywords":["arquitectura norteamericana","director art\u00edstico","ecole de beaux arts","Jorge Gorostiza","New York","publicidad","revista","wiard b. ihnen"],"articleSection":["capturas","cine","slider principal"],"inLanguage":"es","potentialAction":[{"@type":"CommentAction","name":"Comment","target":["https:\/\/veredes.es\/blog\/publicidad-de-1945-jorge-gorostiza\/#respond"]}]},{"@type":"WebPage","@id":"https:\/\/veredes.es\/blog\/publicidad-de-1945-jorge-gorostiza\/","url":"https:\/\/veredes.es\/blog\/publicidad-de-1945-jorge-gorostiza\/","name":"Publicidad de 1945 | Jorge Gorostiza","isPartOf":{"@id":"https:\/\/veredes.es\/blog\/#website"},"primaryImageOfPage":{"@id":"https:\/\/veredes.es\/blog\/publicidad-de-1945-jorge-gorostiza\/#primaryimage"},"image":{"@id":"https:\/\/veredes.es\/blog\/publicidad-de-1945-jorge-gorostiza\/#primaryimage"},"thumbnailUrl":"https:\/\/veredes.es\/blog\/wp-content\/uploads\/2012\/09\/The-1945-Film-Daily-Year-Book-of-Motion-Pictures-p-92.jpg","datePublished":"2012-09-12T08:21:47+00:00","dateModified":"2018-04-24T07:09:36+00:00","description":"Publicidad","breadcrumb":{"@id":"https:\/\/veredes.es\/blog\/publicidad-de-1945-jorge-gorostiza\/#breadcrumb"},"inLanguage":"es","potentialAction":[{"@type":"ReadAction","target":["https:\/\/veredes.es\/blog\/publicidad-de-1945-jorge-gorostiza\/"]}]},{"@type":"ImageObject","inLanguage":"es","@id":"https:\/\/veredes.es\/blog\/publicidad-de-1945-jorge-gorostiza\/#primaryimage","url":"https:\/\/veredes.es\/blog\/wp-content\/uploads\/2012\/09\/The-1945-Film-Daily-Year-Book-of-Motion-Pictures-p-92.jpg","contentUrl":"https:\/\/veredes.es\/blog\/wp-content\/uploads\/2012\/09\/The-1945-Film-Daily-Year-Book-of-Motion-Pictures-p-92.jpg","width":"400","height":"291"},{"@type":"BreadcrumbList","@id":"https:\/\/veredes.es\/blog\/publicidad-de-1945-jorge-gorostiza\/#breadcrumb","itemListElement":[{"@type":"ListItem","position":1,"name":"Portada","item":"https:\/\/veredes.es\/blog\/"},{"@type":"ListItem","position":2,"name":"Publicidad de 1945 | Jorge Gorostiza"}]},{"@type":"WebSite","@id":"https:\/\/veredes.es\/blog\/#website","url":"https:\/\/veredes.es\/blog\/","name":"veredes, arquitectura y divulgaci\u00f3n","description":"veredes","publisher":{"@id":"https:\/\/veredes.es\/blog\/#organization"},"alternateName":"veredes","potentialAction":[{"@type":"SearchAction","target":{"@type":"EntryPoint","urlTemplate":"https:\/\/veredes.es\/blog\/?s={search_term_string}"},"query-input":{"@type":"PropertyValueSpecification","valueRequired":true,"valueName":"search_term_string"}}],"inLanguage":"es"},{"@type":"Organization","@id":"https:\/\/veredes.es\/blog\/#organization","name":"veredes, arquitectura y divulgaci\u00f3n","alternateName":"veredes","url":"https:\/\/veredes.es\/blog\/","logo":{"@type":"ImageObject","inLanguage":"es","@id":"https:\/\/veredes.es\/blog\/#\/schema\/logo\/image\/","url":"https:\/\/veredes.es\/blog\/wp-content\/uploads\/2021\/12\/veredes-logo-centrado_140x54.png","contentUrl":"https:\/\/veredes.es\/blog\/wp-content\/uploads\/2021\/12\/veredes-logo-centrado_140x54.png","width":140,"height":54,"caption":"veredes, arquitectura y divulgaci\u00f3n"},"image":{"@id":"https:\/\/veredes.es\/blog\/#\/schema\/logo\/image\/"},"sameAs":["https:\/\/www.facebook.com\/veredesArquitecturayDivulgacion\/","https:\/\/x.com\/veredes","https:\/\/instagram.com\/veredes\/","https:\/\/www.linkedin.com\/company\/veredes-arquitectura-y-divulgacion\/","https:\/\/es.pinterest.com\/veredes\/","https:\/\/www.tumblr.com\/veredes"]},{"@type":"Person","@id":"https:\/\/veredes.es\/blog\/#\/schema\/person\/3f2d8efdf175df3cfcfa51a2b06cc527","name":"Jorge Gorostiza","image":{"@type":"ImageObject","inLanguage":"es","@id":"https:\/\/veredes.es\/blog\/wp-content\/uploads\/2018\/04\/jorge-gorostiza-96x96.jpg","url":"https:\/\/veredes.es\/blog\/wp-content\/uploads\/2018\/04\/jorge-gorostiza-96x96.jpg","contentUrl":"https:\/\/veredes.es\/blog\/wp-content\/uploads\/2018\/04\/jorge-gorostiza-96x96.jpg","caption":"Jorge Gorostiza"},"description":"Doctor arquitecto por la UPM, 2015. He publicado bastantes libros y muchos art\u00edculos, he impartido conferencias, he sido comisario de exposiciones y jurado en much\u00edsmos festivales. Si quieren saber m\u00e1s no duden en consultar mi blog ARQUITECTURA + CINE + CIUDAD. En este blog se ir\u00e1n recogiendo art\u00edculos y textos dispersos por la Web, as\u00ed como otros publicados y libres de derechos, que traten sobre Cine, Arquitectura y Ciudad. As\u00ed quienes est\u00e9n interesados por las relaciones entre la ficci\u00f3n y la realidad, podr\u00e1n tener m\u00e1s argumentos para profundizar en esas relaciones. No es un blog en el que se vayan a hacer comentarios sobre las vivencias personales de su responsable, que adem\u00e1s a nadie interesan. Por supuesto que est\u00e1 abierto a cualquiera que le gusten estos temas, sirviendo como foro de debate y como lugar donde todos podamos aprender con las ideas de los dem\u00e1s.","sameAs":["http:\/\/cinearquitecturaciudad.blogspot.com.es\/","https:\/\/www.facebook.com\/gorostiza","https:\/\/www.instagram.com\/jorge.gorostiza\/","https:\/\/www.linkedin.com\/in\/jorge-gorostiza-022a6a13\/","https:\/\/x.com\/https:\/\/twitter.com\/jorgegorostiza"],"url":"https:\/\/veredes.es\/blog\/author\/jorge-gorostiza\/"}]}},"_links":{"self":[{"href":"https:\/\/veredes.es\/blog\/wp-json\/wp\/v2\/posts\/24097","targetHints":{"allow":["GET"]}}],"collection":[{"href":"https:\/\/veredes.es\/blog\/wp-json\/wp\/v2\/posts"}],"about":[{"href":"https:\/\/veredes.es\/blog\/wp-json\/wp\/v2\/types\/post"}],"author":[{"embeddable":true,"href":"https:\/\/veredes.es\/blog\/wp-json\/wp\/v2\/users\/34"}],"replies":[{"embeddable":true,"href":"https:\/\/veredes.es\/blog\/wp-json\/wp\/v2\/comments?post=24097"}],"version-history":[{"count":0,"href":"https:\/\/veredes.es\/blog\/wp-json\/wp\/v2\/posts\/24097\/revisions"}],"wp:featuredmedia":[{"embeddable":true,"href":"https:\/\/veredes.es\/blog\/wp-json\/wp\/v2\/media\/24098"}],"wp:attachment":[{"href":"https:\/\/veredes.es\/blog\/wp-json\/wp\/v2\/media?parent=24097"}],"wp:term":[{"taxonomy":"category","embeddable":true,"href":"https:\/\/veredes.es\/blog\/wp-json\/wp\/v2\/categories?post=24097"},{"taxonomy":"post_tag","embeddable":true,"href":"https:\/\/veredes.es\/blog\/wp-json\/wp\/v2\/tags?post=24097"}],"curies":[{"name":"wp","href":"https:\/\/api.w.org\/{rel}","templated":true}]}}