{"id":23631,"date":"2012-07-31T06:25:11","date_gmt":"2012-07-31T06:25:11","guid":{"rendered":"http:\/\/veredes.es\/blog\/?p=23631"},"modified":"2016-08-23T11:19:33","modified_gmt":"2016-08-23T09:19:33","slug":"viii-biau-conferencias","status":"publish","type":"post","link":"https:\/\/veredes.es\/blog\/viii-biau-conferencias\/","title":{"rendered":"VIII BIAU. Conferencias"},"content":{"rendered":"<p><\/p>\n<p style=\"text-align: justify;\">La VIII Bienal Iberoamericana de Arquitectura y Urbanismo, que promueve el Ministerio de Fomento del Gobierno de Espa\u00f1a, reunir\u00e1 del 10 al 14 de septiembre en C\u00e1diz a m\u00e1s de 40 arquitectos y urbanistas, entre los m\u00e1s destacados del panorama iberoamericano, para reflexionar sobre la capacidad de la arquitectura para mejorar la vida de los ciudadanos en tres escalas diferentes: los edificios, las ciudades y el paisaje.<\/p>\n<p style=\"text-align: justify;\"><a href=\"http:\/\/veredes.es\/blog\/wp-content\/uploads\/2012\/07\/cartel-viii-biau-programa.jpg\"><img loading=\"lazy\" decoding=\"async\" class=\"alignnone  wp-image-23632\" title=\"cartel viii biau programa\" src=\"http:\/\/veredes.es\/blog\/wp-content\/uploads\/2012\/07\/cartel-viii-biau-programa.jpg\" alt=\"\" width=\"620\" height=\"620\" srcset=\"https:\/\/veredes.es\/blog\/wp-content\/uploads\/2012\/07\/cartel-viii-biau-programa.jpg 400w, https:\/\/veredes.es\/blog\/wp-content\/uploads\/2012\/07\/cartel-viii-biau-programa-150x150.jpg 150w, https:\/\/veredes.es\/blog\/wp-content\/uploads\/2012\/07\/cartel-viii-biau-programa-300x300.jpg 300w, https:\/\/veredes.es\/blog\/wp-content\/uploads\/2012\/07\/cartel-viii-biau-programa-120x120.jpg 120w\" sizes=\"auto, (max-width: 620px) 100vw, 620px\" \/><\/a><\/p>\n<p style=\"text-align: justify;\">El Premio Pritzker Alvaro Siza Vieira, el Premio Nacional de Arquitectura Oriol Bohigas, el Premio a la Trayectoria Profesional de la VIII BIAU Juan Navarro Baldeweg y el Premio Cervantes Jorge Edwards ofrecer\u00e1n las conferencias magistrales.<\/p>\n<p style=\"text-align: justify;\"><em>\u201cLa arquitectura y la ciudad han sido el objeto de reflexi\u00f3n y de intervenci\u00f3n de Siza, Bohigas y Baldeweg durante un periodo de tiempo en el que se han producido grandes cambios sociales, econ\u00f3micos y arquitect\u00f3nicos. Su aportaci\u00f3n a la BIAU ser\u00e1 la de su rica experiencia y conocimientos \u201d<\/em>, explican los coordinadores de la BIAU, Francisco Burgos, Gin\u00e9s Garrido, \u00c1ngela Garc\u00eda de Paredes e Ignacio Pedrosa.<\/p>\n<p style=\"text-align: justify;\">Junto a las conferencias y debates con estos maestros <em>\u201cque son los que van se\u00f1alando el camino que otros transitan despu\u00e9s\u201d<\/em>, tendr\u00e1n lugar mesas redondas y conversaciones con profesionales cuya obra ha sido premiada en la VIII BIAU y ediciones anteriores as\u00ed como otras personalidades vinculadas a la arquitectura y urbanismo iberoamericanos, como delegados y jurados de la BIAU.<\/p>\n<p style=\"text-align: justify;\">El Gran Teatro Falla acoger\u00e1 el programa central de actividades, mientras que el Oratorio de San Felipe Neri ser\u00e1 el que albergue los actos de clausura. En el Baluarte de la Candelaria se emplazar\u00e1 la exposici\u00f3n de la VIII BIAU que recopilar\u00e1 todas las obras, trabajos de investigaci\u00f3n, publicaciones, v\u00eddeos y proyectos de estudiantes de Arquitectura premiados en esta convocatoria. La inscripci\u00f3n a la VIII BIAU tiene un coste de 30 euros. Varias universidades espa\u00f1olas reconocer\u00e1n cr\u00e9ditos de Libre Elecci\u00f3n a sus alumnos por asistir a las actividades acad\u00e9micas de la Bienal.<\/p>\n<p style=\"text-align: justify;\">EL PROCESO DE INSCRIPCI\u00d3N SE ABRIR\u00c1 LA PRIMERA SEMANA DE JULIO EN LA WEB DE LA BIAU.<br \/>\nAdem\u00e1s, la sede del Colegio de Arquitectos de C\u00e1diz acoger\u00e1 un programa de actividades paralelas para las que no es necesario inscribirse. Entre ellas, la presentaci\u00f3n de tres experiencias del \u00e1mbito de la investigaci\u00f3n: Patrimonio Hist\u00f3rico Iberoamericano, un proyecto para recuperar y conservar el patrimonio arquitect\u00f3nico; Latin Lab, un grupo de investigaci\u00f3n de la Universidad de Columbia sobre dos ciudades brasile\u00f1as de gran crecimiento: S\u00e3o Paulo y Rio de Janeiro; y la puesta en com\u00fan de varias publicaciones e investigaciones sobre la cultura arquitect\u00f3nica iberoamericana contempor\u00e1nea.<\/p>\n<p style=\"text-align: justify;\">Asimismo acoger\u00e1 actividades sobre el estado de la profesi\u00f3n, la relaci\u00f3n entre Gastronom\u00eda y el Dise\u00f1o con la Arquitectura, y RETE, Asociaci\u00f3n para la Colaboraci\u00f3n entre Puertos y Ciudades.<\/p>\n<p style=\"text-align: justify;\">Arquitecturas y ciudades distintas y muy cambiantes<br \/>\n<em>\u201cLa BIAU es en gran medida un resumen de la producci\u00f3n en el \u00e1mbito de la cultura arquitect\u00f3nica en Iberoam\u00e9rica durante los dos \u00faltimos a\u00f1os, no s\u00f3lo sobre lo que se ha construido, sino sobre lo que se ha publicado y se ha investigado. Este repaso supondr\u00e1 una reflexi\u00f3n sobre la situaci\u00f3n de la labor del arquitecto, sobre la misi\u00f3n de la arquitectura en un mundo cambiante y en realidades muy distintas. Esa diferencia entre realidades urbanas y sociales o geogr\u00e1ficas a ambos lados del Atl\u00e1ntico har\u00e1 rico el intercambio\u201d<\/em>, consideran los coordinadores.<\/p>\n<p style=\"text-align: justify;\">Y, a\u00f1aden, <em>\u201cmientras hoy todo est\u00e1 en la red, la VIII BIAU de C\u00e1diz 2012 \u2013segunda edici\u00f3n que acoge Espa\u00f1a desde que la primera se celebrase en Madrid en 1998- representa la oportunidad de una experiencia en vivo, de atender a conferencias magistrales en un ambiente acad\u00e9mico y de participar de forma activa en debates y conversaciones sobre aspectos que no s\u00f3lo interesan a arquitectos o expertos sino a todos los ciudadanos pues afectan a la vida cotidiana de todos nosotros\u201d<\/em>.<\/p>\n<p style=\"text-align: justify;\">[mappress mapid=\u00bb71&#8243;]<\/p>\n<p style=\"text-align: justify;\"><span style=\"color: #888888;\">+ biau.es<\/span><\/p>\n<p><\/p>","protected":false},"excerpt":{"rendered":"<p>La VIII Bienal Iberoamericana de Arquitectura y Urbanismo, que promueve el Ministerio de Fomento del Gobierno de Espa\u00f1a, reunir\u00e1 del 10 al 14 de septiembre en C\u00e1diz a m\u00e1s de 40 arquitectos y urbanistas, entre los m\u00e1s destacados del panorama iberoamericano, para reflexionar sobre la capacidad de la arquitectura para mejorar la vida de los [&hellip;]<\/p>\n","protected":false},"author":2,"featured_media":23632,"comment_status":"open","ping_status":"closed","sticky":false,"template":"","format":"standard","meta":{"footnotes":""},"categories":[1385,16,1382],"tags":[103,5821,6258,210,2861,318,357,451,521,556,5462,2358,4414,977,12468],"class_list":{"0":"post-23631","1":"post","2":"type-post","3":"status-publish","4":"format-standard","5":"has-post-thumbnail","7":"category-conferencias","8":"category-eventos","9":"category-exposiciones","10":"tag-alvaro-siza-vieira","11":"tag-arquitectura-iberoamericana","12":"tag-biau-viii","13":"tag-bienal","14":"tag-cadiz","15":"tag-ciudad","16":"tag-conferencia","18":"tag-espana","19":"tag-exposicion","20":"tag-jorge-edwards","21":"tag-juan-navarro-baldeweg","22":"tag-oriol-bohigas","23":"tag-paisaje","24":"tag-urbanismo"},"yoast_head":"<!-- This site is optimized with the Yoast SEO plugin v27.4 - https:\/\/yoast.com\/product\/yoast-seo-wordpress\/ -->\n<title>VIII BIAU. ConferenciasVIII BIAU. ConferenciasVIII BIAU. Conferences - veredes<\/title>\n<meta name=\"description\" content=\"Toda la informaci\u00f3n sobre: VIII BIAU. ConferenciasVIII BIAU. ConferenciasVIII BIAU. Conferences\" \/>\n<meta name=\"robots\" content=\"index, follow, max-snippet:-1, max-image-preview:large, max-video-preview:-1\" \/>\n<link rel=\"canonical\" href=\"https:\/\/veredes.es\/blog\/viii-biau-conferencias\/\" \/>\n<meta property=\"og:locale\" content=\"es_ES\" \/>\n<meta property=\"og:type\" content=\"article\" \/>\n<meta property=\"og:title\" content=\"VIII BIAU. ConferenciasVIII BIAU. ConferenciasVIII BIAU. Conferences - veredes\" \/>\n<meta property=\"og:description\" content=\"Toda la informaci\u00f3n sobre: VIII BIAU. ConferenciasVIII BIAU. ConferenciasVIII BIAU. Conferences\" \/>\n<meta property=\"og:url\" content=\"https:\/\/veredes.es\/blog\/viii-biau-conferencias\/\" \/>\n<meta property=\"og:site_name\" content=\"veredes, arquitectura y divulgaci\u00f3n\" \/>\n<meta property=\"article:publisher\" content=\"https:\/\/www.facebook.com\/veredesArquitecturayDivulgacion\/\" \/>\n<meta property=\"article:author\" content=\"https:\/\/www.facebook.com\/veredesArquitecturayDivulgacion\/\" \/>\n<meta property=\"article:published_time\" content=\"2012-07-31T06:25:11+00:00\" \/>\n<meta property=\"article:modified_time\" content=\"2016-08-23T09:19:33+00:00\" \/>\n<meta property=\"og:image\" content=\"https:\/\/veredes.es\/blog\/wp-content\/uploads\/2012\/07\/cartel-viii-biau-programa.jpg\" \/>\n\t<meta property=\"og:image:width\" content=\"400\" \/>\n\t<meta property=\"og:image:height\" content=\"400\" \/>\n\t<meta property=\"og:image:type\" content=\"image\/jpeg\" \/>\n<meta name=\"author\" content=\"veredes\" \/>\n<meta name=\"twitter:card\" content=\"summary_large_image\" \/>\n<meta name=\"twitter:creator\" content=\"@https:\/\/twitter.com\/veredes\" \/>\n<meta name=\"twitter:site\" content=\"@veredes\" \/>\n<meta name=\"twitter:label1\" content=\"Escrito por\" \/>\n\t<meta name=\"twitter:data1\" content=\"veredes\" \/>\n\t<meta name=\"twitter:label2\" content=\"Tiempo de lectura\" \/>\n\t<meta name=\"twitter:data2\" content=\"10 minutos\" \/>\n<script type=\"application\/ld+json\" class=\"yoast-schema-graph\">{\"@context\":\"https:\\\/\\\/schema.org\",\"@graph\":[{\"@type\":\"Article\",\"@id\":\"https:\\\/\\\/veredes.es\\\/blog\\\/viii-biau-conferencias\\\/#article\",\"isPartOf\":{\"@id\":\"https:\\\/\\\/veredes.es\\\/blog\\\/viii-biau-conferencias\\\/\"},\"author\":{\"name\":\"veredes\",\"@id\":\"https:\\\/\\\/veredes.es\\\/blog\\\/#\\\/schema\\\/person\\\/0bbb669073ef7faba5168a0844e93d2c\"},\"headline\":\"VIII BIAU. Conferencias\",\"datePublished\":\"2012-07-31T06:25:11+00:00\",\"dateModified\":\"2016-08-23T09:19:33+00:00\",\"mainEntityOfPage\":{\"@id\":\"https:\\\/\\\/veredes.es\\\/blog\\\/viii-biau-conferencias\\\/\"},\"wordCount\":2018,\"commentCount\":2,\"publisher\":{\"@id\":\"https:\\\/\\\/veredes.es\\\/blog\\\/#organization\"},\"image\":{\"@id\":\"https:\\\/\\\/veredes.es\\\/blog\\\/viii-biau-conferencias\\\/#primaryimage\"},\"thumbnailUrl\":\"https:\\\/\\\/veredes.es\\\/blog\\\/wp-content\\\/uploads\\\/2012\\\/07\\\/cartel-viii-biau-programa.jpg\",\"keywords\":[\"\u00c1lvaro Siza Vieira\",\"arquitectura iberoamericana\",\"BIAU VIII\",\"bienal\",\"C\u00e1diz\",\"ciudad\",\"conferencia\",\"edificaci\u00f3n\",\"Espa\u00f1a\",\"exposici\u00f3n\",\"Jorge Edwards\",\"Juan Navarro Baldeweg\",\"Oriol Bohigas\",\"paisaje\",\"urbanismo\"],\"articleSection\":[\"conferencias\",\"eventos\",\"exposiciones\"],\"inLanguage\":\"es\",\"potentialAction\":[{\"@type\":\"CommentAction\",\"name\":\"Comment\",\"target\":[\"https:\\\/\\\/veredes.es\\\/blog\\\/viii-biau-conferencias\\\/#respond\"]}]},{\"@type\":\"WebPage\",\"@id\":\"https:\\\/\\\/veredes.es\\\/blog\\\/viii-biau-conferencias\\\/\",\"url\":\"https:\\\/\\\/veredes.es\\\/blog\\\/viii-biau-conferencias\\\/\",\"name\":\"VIII BIAU. ConferenciasVIII BIAU. ConferenciasVIII BIAU. Conferences - veredes\",\"isPartOf\":{\"@id\":\"https:\\\/\\\/veredes.es\\\/blog\\\/#website\"},\"primaryImageOfPage\":{\"@id\":\"https:\\\/\\\/veredes.es\\\/blog\\\/viii-biau-conferencias\\\/#primaryimage\"},\"image\":{\"@id\":\"https:\\\/\\\/veredes.es\\\/blog\\\/viii-biau-conferencias\\\/#primaryimage\"},\"thumbnailUrl\":\"https:\\\/\\\/veredes.es\\\/blog\\\/wp-content\\\/uploads\\\/2012\\\/07\\\/cartel-viii-biau-programa.jpg\",\"datePublished\":\"2012-07-31T06:25:11+00:00\",\"dateModified\":\"2016-08-23T09:19:33+00:00\",\"description\":\"Toda la informaci\u00f3n sobre: VIII BIAU. ConferenciasVIII BIAU. ConferenciasVIII BIAU. Conferences\",\"breadcrumb\":{\"@id\":\"https:\\\/\\\/veredes.es\\\/blog\\\/viii-biau-conferencias\\\/#breadcrumb\"},\"inLanguage\":\"es\",\"potentialAction\":[{\"@type\":\"ReadAction\",\"target\":[\"https:\\\/\\\/veredes.es\\\/blog\\\/viii-biau-conferencias\\\/\"]}]},{\"@type\":\"ImageObject\",\"inLanguage\":\"es\",\"@id\":\"https:\\\/\\\/veredes.es\\\/blog\\\/viii-biau-conferencias\\\/#primaryimage\",\"url\":\"https:\\\/\\\/veredes.es\\\/blog\\\/wp-content\\\/uploads\\\/2012\\\/07\\\/cartel-viii-biau-programa.jpg\",\"contentUrl\":\"https:\\\/\\\/veredes.es\\\/blog\\\/wp-content\\\/uploads\\\/2012\\\/07\\\/cartel-viii-biau-programa.jpg\",\"width\":\"400\",\"height\":\"400\"},{\"@type\":\"BreadcrumbList\",\"@id\":\"https:\\\/\\\/veredes.es\\\/blog\\\/viii-biau-conferencias\\\/#breadcrumb\",\"itemListElement\":[{\"@type\":\"ListItem\",\"position\":1,\"name\":\"Portada\",\"item\":\"https:\\\/\\\/veredes.es\\\/blog\\\/\"},{\"@type\":\"ListItem\",\"position\":2,\"name\":\"VIII BIAU. Conferencias\"}]},{\"@type\":\"WebSite\",\"@id\":\"https:\\\/\\\/veredes.es\\\/blog\\\/#website\",\"url\":\"https:\\\/\\\/veredes.es\\\/blog\\\/\",\"name\":\"veredes, arquitectura y divulgaci\u00f3n\",\"description\":\"veredes\",\"publisher\":{\"@id\":\"https:\\\/\\\/veredes.es\\\/blog\\\/#organization\"},\"alternateName\":\"veredes\",\"potentialAction\":[{\"@type\":\"SearchAction\",\"target\":{\"@type\":\"EntryPoint\",\"urlTemplate\":\"https:\\\/\\\/veredes.es\\\/blog\\\/?s={search_term_string}\"},\"query-input\":{\"@type\":\"PropertyValueSpecification\",\"valueRequired\":true,\"valueName\":\"search_term_string\"}}],\"inLanguage\":\"es\"},{\"@type\":\"Organization\",\"@id\":\"https:\\\/\\\/veredes.es\\\/blog\\\/#organization\",\"name\":\"veredes, arquitectura y divulgaci\u00f3n\",\"alternateName\":\"veredes\",\"url\":\"https:\\\/\\\/veredes.es\\\/blog\\\/\",\"logo\":{\"@type\":\"ImageObject\",\"inLanguage\":\"es\",\"@id\":\"https:\\\/\\\/veredes.es\\\/blog\\\/#\\\/schema\\\/logo\\\/image\\\/\",\"url\":\"https:\\\/\\\/veredes.es\\\/blog\\\/wp-content\\\/uploads\\\/2021\\\/12\\\/veredes-logo-centrado_140x54.png\",\"contentUrl\":\"https:\\\/\\\/veredes.es\\\/blog\\\/wp-content\\\/uploads\\\/2021\\\/12\\\/veredes-logo-centrado_140x54.png\",\"width\":140,\"height\":54,\"caption\":\"veredes, arquitectura y divulgaci\u00f3n\"},\"image\":{\"@id\":\"https:\\\/\\\/veredes.es\\\/blog\\\/#\\\/schema\\\/logo\\\/image\\\/\"},\"sameAs\":[\"https:\\\/\\\/www.facebook.com\\\/veredesArquitecturayDivulgacion\\\/\",\"https:\\\/\\\/x.com\\\/veredes\",\"https:\\\/\\\/instagram.com\\\/veredes\\\/\",\"https:\\\/\\\/www.linkedin.com\\\/company\\\/veredes-arquitectura-y-divulgacion\\\/\",\"https:\\\/\\\/es.pinterest.com\\\/veredes\\\/\",\"https:\\\/\\\/www.tumblr.com\\\/veredes\"]},{\"@type\":\"Person\",\"@id\":\"https:\\\/\\\/veredes.es\\\/blog\\\/#\\\/schema\\\/person\\\/0bbb669073ef7faba5168a0844e93d2c\",\"name\":\"veredes\",\"image\":{\"@type\":\"ImageObject\",\"inLanguage\":\"es\",\"@id\":\"https:\\\/\\\/veredes.es\\\/blog\\\/wp-content\\\/uploads\\\/2018\\\/04\\\/face-96x96.jpg\",\"url\":\"https:\\\/\\\/veredes.es\\\/blog\\\/wp-content\\\/uploads\\\/2018\\\/04\\\/face-96x96.jpg\",\"contentUrl\":\"https:\\\/\\\/veredes.es\\\/blog\\\/wp-content\\\/uploads\\\/2018\\\/04\\\/face-96x96.jpg\",\"caption\":\"veredes\"},\"description\":\"Surge enero de 2009 como b\u00fasqueda de satisfacer el conocimiento de la actividad arquitect\u00f3nica y tangentes que se generan. La idea es crear un espacio para divulgar los diversos proyectos en busca de nueva inspiraci\u00f3n y de intercambio.\",\"sameAs\":[\"https:\\\/\\\/veredes.es\\\/\",\"https:\\\/\\\/www.facebook.com\\\/veredesArquitecturayDivulgacion\\\/\",\"https:\\\/\\\/www.instagram.com\\\/veredes\\\/\",\"https:\\\/\\\/www.linkedin.com\\\/company\\\/veredes-arquitectura-y-divulgacion\\\/\",\"https:\\\/\\\/www.pinterest.es\\\/veredes\\\/\",\"https:\\\/\\\/x.com\\\/https:\\\/\\\/twitter.com\\\/veredes\",\"https:\\\/\\\/veredes.tumblr.com\\\/\"],\"url\":\"https:\\\/\\\/veredes.es\\\/blog\\\/author\\\/alberto\\\/\"}]}<\/script>\n<!-- \/ Yoast SEO plugin. -->","yoast_head_json":{"title":"VIII BIAU. ConferenciasVIII BIAU. ConferenciasVIII BIAU. Conferences - veredes","description":"Toda la informaci\u00f3n sobre: VIII BIAU. ConferenciasVIII BIAU. ConferenciasVIII BIAU. Conferences","robots":{"index":"index","follow":"follow","max-snippet":"max-snippet:-1","max-image-preview":"max-image-preview:large","max-video-preview":"max-video-preview:-1"},"canonical":"https:\/\/veredes.es\/blog\/viii-biau-conferencias\/","og_locale":"es_ES","og_type":"article","og_title":"VIII BIAU. ConferenciasVIII BIAU. ConferenciasVIII BIAU. Conferences - veredes","og_description":"Toda la informaci\u00f3n sobre: VIII BIAU. ConferenciasVIII BIAU. ConferenciasVIII BIAU. Conferences","og_url":"https:\/\/veredes.es\/blog\/viii-biau-conferencias\/","og_site_name":"veredes, arquitectura y divulgaci\u00f3n","article_publisher":"https:\/\/www.facebook.com\/veredesArquitecturayDivulgacion\/","article_author":"https:\/\/www.facebook.com\/veredesArquitecturayDivulgacion\/","article_published_time":"2012-07-31T06:25:11+00:00","article_modified_time":"2016-08-23T09:19:33+00:00","og_image":[{"width":400,"height":400,"url":"https:\/\/veredes.es\/blog\/wp-content\/uploads\/2012\/07\/cartel-viii-biau-programa.jpg","type":"image\/jpeg"}],"author":"veredes","twitter_card":"summary_large_image","twitter_creator":"@https:\/\/twitter.com\/veredes","twitter_site":"@veredes","twitter_misc":{"Escrito por":"veredes","Tiempo de lectura":"10 minutos"},"schema":{"@context":"https:\/\/schema.org","@graph":[{"@type":"Article","@id":"https:\/\/veredes.es\/blog\/viii-biau-conferencias\/#article","isPartOf":{"@id":"https:\/\/veredes.es\/blog\/viii-biau-conferencias\/"},"author":{"name":"veredes","@id":"https:\/\/veredes.es\/blog\/#\/schema\/person\/0bbb669073ef7faba5168a0844e93d2c"},"headline":"VIII BIAU. Conferencias","datePublished":"2012-07-31T06:25:11+00:00","dateModified":"2016-08-23T09:19:33+00:00","mainEntityOfPage":{"@id":"https:\/\/veredes.es\/blog\/viii-biau-conferencias\/"},"wordCount":2018,"commentCount":2,"publisher":{"@id":"https:\/\/veredes.es\/blog\/#organization"},"image":{"@id":"https:\/\/veredes.es\/blog\/viii-biau-conferencias\/#primaryimage"},"thumbnailUrl":"https:\/\/veredes.es\/blog\/wp-content\/uploads\/2012\/07\/cartel-viii-biau-programa.jpg","keywords":["\u00c1lvaro Siza Vieira","arquitectura iberoamericana","BIAU VIII","bienal","C\u00e1diz","ciudad","conferencia","edificaci\u00f3n","Espa\u00f1a","exposici\u00f3n","Jorge Edwards","Juan Navarro Baldeweg","Oriol Bohigas","paisaje","urbanismo"],"articleSection":["conferencias","eventos","exposiciones"],"inLanguage":"es","potentialAction":[{"@type":"CommentAction","name":"Comment","target":["https:\/\/veredes.es\/blog\/viii-biau-conferencias\/#respond"]}]},{"@type":"WebPage","@id":"https:\/\/veredes.es\/blog\/viii-biau-conferencias\/","url":"https:\/\/veredes.es\/blog\/viii-biau-conferencias\/","name":"VIII BIAU. ConferenciasVIII BIAU. ConferenciasVIII BIAU. Conferences - veredes","isPartOf":{"@id":"https:\/\/veredes.es\/blog\/#website"},"primaryImageOfPage":{"@id":"https:\/\/veredes.es\/blog\/viii-biau-conferencias\/#primaryimage"},"image":{"@id":"https:\/\/veredes.es\/blog\/viii-biau-conferencias\/#primaryimage"},"thumbnailUrl":"https:\/\/veredes.es\/blog\/wp-content\/uploads\/2012\/07\/cartel-viii-biau-programa.jpg","datePublished":"2012-07-31T06:25:11+00:00","dateModified":"2016-08-23T09:19:33+00:00","description":"Toda la informaci\u00f3n sobre: VIII BIAU. ConferenciasVIII BIAU. ConferenciasVIII BIAU. Conferences","breadcrumb":{"@id":"https:\/\/veredes.es\/blog\/viii-biau-conferencias\/#breadcrumb"},"inLanguage":"es","potentialAction":[{"@type":"ReadAction","target":["https:\/\/veredes.es\/blog\/viii-biau-conferencias\/"]}]},{"@type":"ImageObject","inLanguage":"es","@id":"https:\/\/veredes.es\/blog\/viii-biau-conferencias\/#primaryimage","url":"https:\/\/veredes.es\/blog\/wp-content\/uploads\/2012\/07\/cartel-viii-biau-programa.jpg","contentUrl":"https:\/\/veredes.es\/blog\/wp-content\/uploads\/2012\/07\/cartel-viii-biau-programa.jpg","width":"400","height":"400"},{"@type":"BreadcrumbList","@id":"https:\/\/veredes.es\/blog\/viii-biau-conferencias\/#breadcrumb","itemListElement":[{"@type":"ListItem","position":1,"name":"Portada","item":"https:\/\/veredes.es\/blog\/"},{"@type":"ListItem","position":2,"name":"VIII BIAU. Conferencias"}]},{"@type":"WebSite","@id":"https:\/\/veredes.es\/blog\/#website","url":"https:\/\/veredes.es\/blog\/","name":"veredes, arquitectura y divulgaci\u00f3n","description":"veredes","publisher":{"@id":"https:\/\/veredes.es\/blog\/#organization"},"alternateName":"veredes","potentialAction":[{"@type":"SearchAction","target":{"@type":"EntryPoint","urlTemplate":"https:\/\/veredes.es\/blog\/?s={search_term_string}"},"query-input":{"@type":"PropertyValueSpecification","valueRequired":true,"valueName":"search_term_string"}}],"inLanguage":"es"},{"@type":"Organization","@id":"https:\/\/veredes.es\/blog\/#organization","name":"veredes, arquitectura y divulgaci\u00f3n","alternateName":"veredes","url":"https:\/\/veredes.es\/blog\/","logo":{"@type":"ImageObject","inLanguage":"es","@id":"https:\/\/veredes.es\/blog\/#\/schema\/logo\/image\/","url":"https:\/\/veredes.es\/blog\/wp-content\/uploads\/2021\/12\/veredes-logo-centrado_140x54.png","contentUrl":"https:\/\/veredes.es\/blog\/wp-content\/uploads\/2021\/12\/veredes-logo-centrado_140x54.png","width":140,"height":54,"caption":"veredes, arquitectura y divulgaci\u00f3n"},"image":{"@id":"https:\/\/veredes.es\/blog\/#\/schema\/logo\/image\/"},"sameAs":["https:\/\/www.facebook.com\/veredesArquitecturayDivulgacion\/","https:\/\/x.com\/veredes","https:\/\/instagram.com\/veredes\/","https:\/\/www.linkedin.com\/company\/veredes-arquitectura-y-divulgacion\/","https:\/\/es.pinterest.com\/veredes\/","https:\/\/www.tumblr.com\/veredes"]},{"@type":"Person","@id":"https:\/\/veredes.es\/blog\/#\/schema\/person\/0bbb669073ef7faba5168a0844e93d2c","name":"veredes","image":{"@type":"ImageObject","inLanguage":"es","@id":"https:\/\/veredes.es\/blog\/wp-content\/uploads\/2018\/04\/face-96x96.jpg","url":"https:\/\/veredes.es\/blog\/wp-content\/uploads\/2018\/04\/face-96x96.jpg","contentUrl":"https:\/\/veredes.es\/blog\/wp-content\/uploads\/2018\/04\/face-96x96.jpg","caption":"veredes"},"description":"Surge enero de 2009 como b\u00fasqueda de satisfacer el conocimiento de la actividad arquitect\u00f3nica y tangentes que se generan. La idea es crear un espacio para divulgar los diversos proyectos en busca de nueva inspiraci\u00f3n y de intercambio.","sameAs":["https:\/\/veredes.es\/","https:\/\/www.facebook.com\/veredesArquitecturayDivulgacion\/","https:\/\/www.instagram.com\/veredes\/","https:\/\/www.linkedin.com\/company\/veredes-arquitectura-y-divulgacion\/","https:\/\/www.pinterest.es\/veredes\/","https:\/\/x.com\/https:\/\/twitter.com\/veredes","https:\/\/veredes.tumblr.com\/"],"url":"https:\/\/veredes.es\/blog\/author\/alberto\/"}]}},"_links":{"self":[{"href":"https:\/\/veredes.es\/blog\/wp-json\/wp\/v2\/posts\/23631","targetHints":{"allow":["GET"]}}],"collection":[{"href":"https:\/\/veredes.es\/blog\/wp-json\/wp\/v2\/posts"}],"about":[{"href":"https:\/\/veredes.es\/blog\/wp-json\/wp\/v2\/types\/post"}],"author":[{"embeddable":true,"href":"https:\/\/veredes.es\/blog\/wp-json\/wp\/v2\/users\/2"}],"replies":[{"embeddable":true,"href":"https:\/\/veredes.es\/blog\/wp-json\/wp\/v2\/comments?post=23631"}],"version-history":[{"count":0,"href":"https:\/\/veredes.es\/blog\/wp-json\/wp\/v2\/posts\/23631\/revisions"}],"wp:featuredmedia":[{"embeddable":true,"href":"https:\/\/veredes.es\/blog\/wp-json\/wp\/v2\/media\/23632"}],"wp:attachment":[{"href":"https:\/\/veredes.es\/blog\/wp-json\/wp\/v2\/media?parent=23631"}],"wp:term":[{"taxonomy":"category","embeddable":true,"href":"https:\/\/veredes.es\/blog\/wp-json\/wp\/v2\/categories?post=23631"},{"taxonomy":"post_tag","embeddable":true,"href":"https:\/\/veredes.es\/blog\/wp-json\/wp\/v2\/tags?post=23631"}],"curies":[{"name":"wp","href":"https:\/\/api.w.org\/{rel}","templated":true}]}}