{"id":23610,"date":"2012-07-30T07:27:20","date_gmt":"2012-07-30T07:27:20","guid":{"rendered":"http:\/\/veredes.es\/blog\/?p=23610"},"modified":"2015-02-11T18:09:02","modified_gmt":"2015-02-11T18:09:02","slug":"spain-lab","status":"publish","type":"post","link":"https:\/\/veredes.es\/blog\/spain-lab\/","title":{"rendered":"SPAIN LAB"},"content":{"rendered":"<p><\/p>\n<p style=\"text-align: justify;\">En Venecia, del 29 de agosto al 25 de noviembre de 2012 el Pabell\u00f3n de Espa\u00f1a \u2013promovido por el Ministerio de Fomento con la colaboraci\u00f3n de Acci\u00f3n Cultural Espa\u00f1ola (AC\/E) y la Agencia Espa\u00f1ola de Cooperaci\u00f3n Internacional para el desarrollo (AECID)\u2013\u00a0 abrir\u00e1 sus puertas a los visitantes que quieran participar de una experiencia arquitect\u00f3nica intensa y adentrarse en la intimidad de los proyectos y m\u00e9todos de investigaci\u00f3n que los arquitectos espa\u00f1oles tienen actualmente sobre la mesa y en v\u00edas de construcci\u00f3n.<\/p>\n<p style=\"text-align: justify;\">Siete instalaciones, correspondientes a cada uno de los siete equipos participantes, mostrar\u00e1n los procesos cient\u00edficos que buscan el equilibrio entre las ideas y su necesaria materializaci\u00f3n, trascendiendo los productos acabados para dar acceso a las razones y emociones que los han hecho posibles, a las versiones incompletas, a las referencias de las que se nutren y a los hallazgos. Las instalaciones, lejos de representar certezas, servir\u00e1n de excusa a los distintos equipos para seguir explorando, testar sus ideas y construir prototipos de sus obras en curso, compartiendo as\u00ed su \u00e1mbito de trabajo m\u00e1s vivo.<\/p>\n<p style=\"text-align: justify;\">Las im\u00e1genes, obras, bocetos y objetos fruto de estas investigaciones se exhibir\u00e1n en el pabell\u00f3n como informaci\u00f3n en crudo, sin aderezo, reunida en un espacio en construcci\u00f3n, como lo es un laboratorio o un estudio de arquitectura; que invitar\u00e1 al visitante a leer entre l\u00edneas y buscar\u00e1 provocar el aprendizaje.\u00a0 Y en esta atm\u00f3sfera de creatividad e invenci\u00f3n convivir\u00e1n muy diversas aproximaciones y entendimientos de lo que es y puede ser la arquitectura, todos ellos pertinentes y comprometidos con nuestro tiempo y nuestra cultura y nuestra sociedad.<\/p>\n<p style=\"text-align: justify;\"><a href=\"http:\/\/veredes.es\/blog\/wp-content\/uploads\/2012\/07\/Logo-de-SPAINLAB-dise\u00f1ado-por-Alberto-Coraz\u00f3n.jpg\"><img loading=\"lazy\" decoding=\"async\" class=\"alignnone  wp-image-23611\" title=\"Logo de SPAINLAB dise\u00f1ado por Alberto Coraz\u00f3n\" src=\"http:\/\/veredes.es\/blog\/wp-content\/uploads\/2012\/07\/Logo-de-SPAINLAB-dise\u00f1ado-por-Alberto-Coraz\u00f3n.jpg\" alt=\"\" width=\"620\" height=\"322\" srcset=\"https:\/\/veredes.es\/blog\/wp-content\/uploads\/2012\/07\/Logo-de-SPAINLAB-dise\u00f1ado-por-Alberto-Coraz\u00f3n.jpg 500w, https:\/\/veredes.es\/blog\/wp-content\/uploads\/2012\/07\/Logo-de-SPAINLAB-dise\u00f1ado-por-Alberto-Coraz\u00f3n-300x156.jpg 300w\" sizes=\"auto, (max-width: 620px) 100vw, 620px\" \/><\/a><\/p>\n<p style=\"text-align: justify;\">SPAINLAB, la apuesta de los comisarios y tambi\u00e9n arquitectos, D\u00e9bora Mesa y Ant\u00f3n Garc\u00eda-Abril, que con gran entusiasmo han apoyado las instituciones promotoras y patrocinadoras de la muestra, surge con una estrategia clara: demostrar que el verdadero valor de las obras no est\u00e1 en la imagen final que representan y que el futuro de la arquitectura espa\u00f1ola pasa por el apoyo y la protecci\u00f3n de los procesos de investigaci\u00f3n personales; como esencia de la gen\u00e9tica que dar\u00e1 vida a las obras.<\/p>\n<p style=\"text-align: justify;\">La muestra se completa con un libro, SPAIN-lab, que documenta el trabajo de los equipos a traves de di\u00e1logos y textos cr\u00edticos . Este libro ha sido coordinado por Inma Maluenda y Enrique Encabo que han entrevistado a los equipos seleccionados, y contiene\u00a0 un texto introductorio de Nader Tehrani, \u201chead\u201d del departamento de arquitectura del MIT, que ofrecer\u00e1 una visi\u00f3n critica y reflejada de la investigaci\u00f3n en Espa\u00f1a. Una entrevista in\u00e9dita de Hans Ulrich Obrist con el maestro de la innovaci\u00f3n arquitect\u00f3nica en Espa\u00f1a, Miguel Fisac, concluye el libro. Los arquitectos Daniel Iba\u00f1ez y Pablo Rey han dise\u00f1ado\u00a0 una plataforma digital que completa y abre a una mayor comunidad cient\u00edfica, acad\u00e9mica, profesional e institucional las puertas del SPAIN lab, con la vocaci\u00f3n de extender la inercia de la exposici\u00f3n en Venecia y trascender en el mensaje a la sociedad. La identidad grafica ha sido desarrollada por el prestigioso artista Alberto Coraz\u00f3n, y el arquitecto Artemio Fochs se ha encargado de la plataforma audiovisual, con videos in\u00e9ditos de los procesos de trabajo de los equipos que se presentaran en la muestra y en la plataforma digital. Todo el montaje f\u00edsico de la exposici\u00f3n ha sido coordinado por el arquitecto t\u00e9cnico Javier Cuesta.<\/p>\n<p style=\"text-align: justify;\"><strong>Sobre D\u00e9bora Mesa y Ant\u00f3n Garc\u00eda- Abril<\/strong><br \/>\nD\u00e9bora Mesa y Ant\u00f3n Garc\u00eda- Abril son arquitectos y socios de Ensamble Studio, un equipo multidisciplinar con una s\u00f3lida actividad investigadora en busca de aproximaciones innovadoras al espacio arquitect\u00f3nico y las tecnolog\u00edas con que se construye.<\/p>\n<p style=\"text-align: justify;\">Ambos compatibilizan su vocaci\u00f3n profesional con una fuerte vinculaci\u00f3n acad\u00e9mica a trav\u00e9s de la docencia y la investigaci\u00f3n. Juntos crearon en 2009 la Fundaci\u00f3n Ciudad Positiva con el fin de darle un mayor desarrollo a sus proyectos urbanos y pr\u00f3ximamente fundar\u00e1n en el MIT (Massachussetts Institute of Technology) el POPLab (Prototypes of Prefabrication Laboratory) donde continuar\u00e1n su actividad dentro de un nuevo marco de acci\u00f3n, y donde Ant\u00f3n Garc\u00eda-Abril ha sido nombrado profesor catedr\u00e1tico este mismo a\u00f1o.<\/p>\n<p style=\"text-align: justify;\"><strong>Sobre los equipos expositores<\/strong><br \/>\nLos siete equipos participantes seleccionados, a pesar de sus muy diferentes trayectorias, tienen importantes puntos en com\u00fan: todos ellos han sabido desarrollar su actividad profesional ajenos a estilos o modas, no sin un cierto riesgo profesional; y todos ellos han construido su universo privado y buscan la materializaci\u00f3n de sus ideas como la manera m\u00e1s certera de ser \u00fatiles a la sociedad para la que trabajan.\u00a0 Suponen un peque\u00f1o testigo del verdadero patrimonio de la nueva arquitectura en Espa\u00f1a, basado en la investigacion.<\/p>\n<p style=\"text-align: justify;\">Todos ellos trabajan internacionalmente y aplican sus ideas innovadoras en proyectos actualmente en desarrollo y a todas las escalas. Representando la extensa diversidad que la cultura espa\u00f1ola posee intr\u00ednsecamente, afirman desde su naturaleza individual, lo universal de la arquitectura desde premisas muy propias y l\u00edneas de investigaci\u00f3n completamente diferentes. Los equipos participantes en la exposici\u00f3n que demostraran en SPAIN lab la capacidad de proyecci\u00f3n del talento arquitect\u00f3nico en Espa\u00f1a son:<br \/>\nEcosistema Urbano: Jose Luis Vallejo &amp; Belinda Tato<br \/>\nVicente Guallart, Arquitecto Jefe. Ciudad de Barcelona<br \/>\nMenis Arquitectos: Fernando Menis<br \/>\nRCR Architectes: Ramon Vilalta, Carme Pigem &amp; Rafael Aranda<br \/>\nEnric Ruiz Geli \/ Cloud 9<br \/>\nSancho-Madridejos Architectural Office: Juan Carlos Sancho &amp; Sol Madridejos<br \/>\nSelgascano: Jose Selgas &amp; Lucia Cano<\/p>\n<p style=\"text-align: justify;\">PROMOTORES:<br \/>\nGOBIERNO DE ESPA\u00d1A. MINISTERIO DE FOMENTO. DIRECCI\u00d3N GENERAL DE ARQUITECTURA, VIVIENDA Y SUELO<br \/>\nEn colaboraci\u00f3n con:<br \/>\nAC\/E (Acci\u00f3n Cultural Espa\u00f1ola)<br \/>\nAECID (Agencia Espa\u00f1ola de Cooperaci\u00f3n Internacional para el Desarrollo)<br \/>\nCon el apoyo de:<br \/>\nFundaci\u00f3n Caja De Arquitectos<br \/>\nUniversidad Europea de MAdrid<\/p>\n<p style=\"text-align: justify;\">COMISARIOS:<br \/>\nD\u00c9BORA MESA &amp; ANT\u00d3N GARC\u00cdA- ABRIL (ENSAMBLE STUDIO_ www.ensamble.info)<\/p>\n<p style=\"text-align: justify;\">SUBCOMISARIOS:<br \/>\nENRIQUE ENCABO &amp; INMA E. MALUENDA_Plataforma Conceptual &amp; Coordinaci\u00f3n General<br \/>\nDANIEL IB\u00c1NEZ &amp; PABLO REY_ Plataforma Digital<br \/>\nARTEMIO FOCHS_ Plataforma Audiovisual<br \/>\nALBERTO CORAZ\u00d3N_ Plataforma Gr\u00e1fica<br \/>\nJAVIER CUESTA_ Plataforma F\u00edsica<\/p>\n<p style=\"text-align: justify;\">EXPOSITORES:<br \/>\nRAFAEL ARANDA, CARME PIGEM &amp; RAM\u00d3N VILALTA (RCR Arquitectes, Olot)<br \/>\nLUC\u00cdA CANO &amp; JOSE SELGAS (SELGASCANO, Madrid)<br \/>\nVICENTE GUALLART (Urban Habitat\/Barcelona City Council)<br \/>\nSOL MADRIDEJOS &amp; JUAN CARLOS SANCHO (SMAO Sancho-Madridejos Architecture Office)<br \/>\nFERNANDO MENIS (Menis Arquitectos)<br \/>\nENRIC RUIZ-GELI (Cloud9)<br \/>\nBELINDA TATO &amp; JOSE LUIS VALLEJO (Ecosistema Urbano)<\/p>\n<p style=\"text-align: justify;\">[mappress mapid=\u00bb69&#8243;]<\/p>\n<p><\/p>","protected":false},"excerpt":{"rendered":"<p>En Venecia, del 29 de agosto al 25 de noviembre de 2012 el Pabell\u00f3n de Espa\u00f1a \u2013promovido por el Ministerio de Fomento con la colaboraci\u00f3n de Acci\u00f3n Cultural Espa\u00f1ola (AC\/E) y la Agencia Espa\u00f1ola de Cooperaci\u00f3n Internacional para el desarrollo (AECID)\u2013\u00a0 abrir\u00e1 sus puertas a los visitantes que quieran participar de una experiencia arquitect\u00f3nica intensa [&hellip;]<\/p>\n","protected":false},"author":2,"featured_media":23611,"comment_status":"open","ping_status":"closed","sticky":false,"template":"","format":"standard","meta":{"footnotes":""},"categories":[16,18],"tags":[5448,210,211,5445,5449,449,2816,521,1787,556,5442,5447,5453,5451,5454,972,5446,5444,5443,5450,5455,3746,2596],"class_list":{"0":"post-23610","1":"post","2":"type-post","3":"status-publish","4":"format-standard","5":"has-post-thumbnail","7":"category-eventos","8":"category-ferias","9":"tag-belinda-tato","10":"tag-bienal","11":"tag-bienal-de-venecia","12":"tag-carme-pigem","13":"tag-cloud-9","14":"tag-ecosistema-urbano","16":"tag-espana","17":"tag-europa","18":"tag-exposicion","19":"tag-fernando-menis","20":"tag-jose-luis-vallejo","21":"tag-jose-selgas","22":"tag-juan-carlos-sancho","23":"tag-lucia-cano","24":"tag-pabellon","25":"tag-rafael-aranda","26":"tag-ramon-vilalta","27":"tag-rcr-arqiitectes","28":"tag-sancho-madridejos-architectural-office","29":"tag-selgascano","30":"tag-sol-madrilejos","31":"tag-vicente-guallart"},"yoast_head":"<!-- This site is optimized with the Yoast SEO plugin v27.5 - https:\/\/yoast.com\/product\/yoast-seo-wordpress\/ -->\n<title>SPAIN LAB SPAIN LAB SPAIN LAB  - veredes<\/title>\n<meta name=\"description\" content=\"Toda la informaci\u00f3n sobre: SPAIN LAB SPAIN LAB SPAIN LAB\" \/>\n<meta name=\"robots\" content=\"index, follow, max-snippet:-1, max-image-preview:large, max-video-preview:-1\" \/>\n<link rel=\"canonical\" href=\"https:\/\/veredes.es\/blog\/spain-lab\/\" \/>\n<meta property=\"og:locale\" content=\"es_ES\" \/>\n<meta property=\"og:type\" content=\"article\" \/>\n<meta property=\"og:title\" content=\"SPAIN LAB SPAIN LAB SPAIN LAB  - veredes\" \/>\n<meta property=\"og:description\" content=\"Toda la informaci\u00f3n sobre: SPAIN LAB SPAIN LAB SPAIN LAB\" \/>\n<meta property=\"og:url\" content=\"https:\/\/veredes.es\/blog\/spain-lab\/\" \/>\n<meta property=\"og:site_name\" content=\"veredes, arquitectura y divulgaci\u00f3n\" \/>\n<meta property=\"article:publisher\" content=\"https:\/\/www.facebook.com\/veredesArquitecturayDivulgacion\/\" \/>\n<meta property=\"article:author\" content=\"https:\/\/www.facebook.com\/veredesArquitecturayDivulgacion\/\" \/>\n<meta property=\"article:published_time\" content=\"2012-07-30T07:27:20+00:00\" \/>\n<meta property=\"article:modified_time\" content=\"2015-02-11T18:09:02+00:00\" \/>\n<meta property=\"og:image\" content=\"https:\/\/veredes.es\/blog\/wp-content\/uploads\/2012\/07\/Logo-de-SPAINLAB-dise\u00f1ado-por-Alberto-Coraz\u00f3n.jpg\" \/>\n\t<meta property=\"og:image:width\" content=\"500\" \/>\n\t<meta property=\"og:image:height\" content=\"260\" \/>\n\t<meta property=\"og:image:type\" content=\"image\/jpeg\" \/>\n<meta name=\"author\" content=\"veredes\" \/>\n<meta name=\"twitter:card\" content=\"summary_large_image\" \/>\n<meta name=\"twitter:creator\" content=\"@https:\/\/twitter.com\/veredes\" \/>\n<meta name=\"twitter:site\" content=\"@veredes\" \/>\n<meta name=\"twitter:label1\" content=\"Escrito por\" \/>\n\t<meta name=\"twitter:data1\" content=\"veredes\" \/>\n\t<meta name=\"twitter:label2\" content=\"Tiempo de lectura\" \/>\n\t<meta name=\"twitter:data2\" content=\"16 minutos\" \/>\n<script type=\"application\/ld+json\" class=\"yoast-schema-graph\">{\"@context\":\"https:\\\/\\\/schema.org\",\"@graph\":[{\"@type\":\"Article\",\"@id\":\"https:\\\/\\\/veredes.es\\\/blog\\\/spain-lab\\\/#article\",\"isPartOf\":{\"@id\":\"https:\\\/\\\/veredes.es\\\/blog\\\/spain-lab\\\/\"},\"author\":{\"name\":\"veredes\",\"@id\":\"https:\\\/\\\/veredes.es\\\/blog\\\/#\\\/schema\\\/person\\\/0bbb669073ef7faba5168a0844e93d2c\"},\"headline\":\"SPAIN LAB\",\"datePublished\":\"2012-07-30T07:27:20+00:00\",\"dateModified\":\"2015-02-11T18:09:02+00:00\",\"mainEntityOfPage\":{\"@id\":\"https:\\\/\\\/veredes.es\\\/blog\\\/spain-lab\\\/\"},\"wordCount\":3230,\"commentCount\":0,\"publisher\":{\"@id\":\"https:\\\/\\\/veredes.es\\\/blog\\\/#organization\"},\"image\":{\"@id\":\"https:\\\/\\\/veredes.es\\\/blog\\\/spain-lab\\\/#primaryimage\"},\"thumbnailUrl\":\"https:\\\/\\\/veredes.es\\\/blog\\\/wp-content\\\/uploads\\\/2012\\\/07\\\/Logo-de-SPAINLAB-dise\u00f1ado-por-Alberto-Coraz\u00f3n.jpg\",\"keywords\":[\"Belinda Tato\",\"bienal\",\"bienal de Venecia\",\"Carme Pigem\",\"cloud 9\",\"ecosistema urbano\",\"Enric Ruiz-Geli\",\"Espa\u00f1a\",\"Europa\",\"exposici\u00f3n\",\"Fernando Menis\",\"Jos\u00e9 Luis Vallejo\",\"jos\u00e9 selgas\",\"juan carlos sancho\",\"lucia cano\",\"pabell\u00f3n\",\"Rafael Aranda\",\"Ramon Vilalta\",\"RCR Arquitectes\",\"Sancho-Madridejos Architectural Office\",\"selgascano\",\"sol madrilejos\",\"Vicente Guallart\"],\"articleSection\":[\"eventos\",\"ferias\"],\"inLanguage\":\"es\",\"potentialAction\":[{\"@type\":\"CommentAction\",\"name\":\"Comment\",\"target\":[\"https:\\\/\\\/veredes.es\\\/blog\\\/spain-lab\\\/#respond\"]}]},{\"@type\":\"WebPage\",\"@id\":\"https:\\\/\\\/veredes.es\\\/blog\\\/spain-lab\\\/\",\"url\":\"https:\\\/\\\/veredes.es\\\/blog\\\/spain-lab\\\/\",\"name\":\"SPAIN LAB SPAIN LAB SPAIN LAB - veredes\",\"isPartOf\":{\"@id\":\"https:\\\/\\\/veredes.es\\\/blog\\\/#website\"},\"primaryImageOfPage\":{\"@id\":\"https:\\\/\\\/veredes.es\\\/blog\\\/spain-lab\\\/#primaryimage\"},\"image\":{\"@id\":\"https:\\\/\\\/veredes.es\\\/blog\\\/spain-lab\\\/#primaryimage\"},\"thumbnailUrl\":\"https:\\\/\\\/veredes.es\\\/blog\\\/wp-content\\\/uploads\\\/2012\\\/07\\\/Logo-de-SPAINLAB-dise\u00f1ado-por-Alberto-Coraz\u00f3n.jpg\",\"datePublished\":\"2012-07-30T07:27:20+00:00\",\"dateModified\":\"2015-02-11T18:09:02+00:00\",\"description\":\"Toda la informaci\u00f3n sobre: SPAIN LAB SPAIN LAB SPAIN LAB\",\"breadcrumb\":{\"@id\":\"https:\\\/\\\/veredes.es\\\/blog\\\/spain-lab\\\/#breadcrumb\"},\"inLanguage\":\"es\",\"potentialAction\":[{\"@type\":\"ReadAction\",\"target\":[\"https:\\\/\\\/veredes.es\\\/blog\\\/spain-lab\\\/\"]}]},{\"@type\":\"ImageObject\",\"inLanguage\":\"es\",\"@id\":\"https:\\\/\\\/veredes.es\\\/blog\\\/spain-lab\\\/#primaryimage\",\"url\":\"https:\\\/\\\/veredes.es\\\/blog\\\/wp-content\\\/uploads\\\/2012\\\/07\\\/Logo-de-SPAINLAB-dise\u00f1ado-por-Alberto-Coraz\u00f3n.jpg\",\"contentUrl\":\"https:\\\/\\\/veredes.es\\\/blog\\\/wp-content\\\/uploads\\\/2012\\\/07\\\/Logo-de-SPAINLAB-dise\u00f1ado-por-Alberto-Coraz\u00f3n.jpg\",\"width\":\"500\",\"height\":\"260\"},{\"@type\":\"BreadcrumbList\",\"@id\":\"https:\\\/\\\/veredes.es\\\/blog\\\/spain-lab\\\/#breadcrumb\",\"itemListElement\":[{\"@type\":\"ListItem\",\"position\":1,\"name\":\"Portada\",\"item\":\"https:\\\/\\\/veredes.es\\\/blog\\\/\"},{\"@type\":\"ListItem\",\"position\":2,\"name\":\"SPAIN LAB\"}]},{\"@type\":\"WebSite\",\"@id\":\"https:\\\/\\\/veredes.es\\\/blog\\\/#website\",\"url\":\"https:\\\/\\\/veredes.es\\\/blog\\\/\",\"name\":\"veredes, arquitectura y divulgaci\u00f3n\",\"description\":\"veredes\",\"publisher\":{\"@id\":\"https:\\\/\\\/veredes.es\\\/blog\\\/#organization\"},\"alternateName\":\"veredes\",\"potentialAction\":[{\"@type\":\"SearchAction\",\"target\":{\"@type\":\"EntryPoint\",\"urlTemplate\":\"https:\\\/\\\/veredes.es\\\/blog\\\/?s={search_term_string}\"},\"query-input\":{\"@type\":\"PropertyValueSpecification\",\"valueRequired\":true,\"valueName\":\"search_term_string\"}}],\"inLanguage\":\"es\"},{\"@type\":\"Organization\",\"@id\":\"https:\\\/\\\/veredes.es\\\/blog\\\/#organization\",\"name\":\"veredes, arquitectura y divulgaci\u00f3n\",\"alternateName\":\"veredes\",\"url\":\"https:\\\/\\\/veredes.es\\\/blog\\\/\",\"logo\":{\"@type\":\"ImageObject\",\"inLanguage\":\"es\",\"@id\":\"https:\\\/\\\/veredes.es\\\/blog\\\/#\\\/schema\\\/logo\\\/image\\\/\",\"url\":\"https:\\\/\\\/veredes.es\\\/blog\\\/wp-content\\\/uploads\\\/2021\\\/12\\\/veredes-logo-centrado_140x54.png\",\"contentUrl\":\"https:\\\/\\\/veredes.es\\\/blog\\\/wp-content\\\/uploads\\\/2021\\\/12\\\/veredes-logo-centrado_140x54.png\",\"width\":140,\"height\":54,\"caption\":\"veredes, arquitectura y divulgaci\u00f3n\"},\"image\":{\"@id\":\"https:\\\/\\\/veredes.es\\\/blog\\\/#\\\/schema\\\/logo\\\/image\\\/\"},\"sameAs\":[\"https:\\\/\\\/www.facebook.com\\\/veredesArquitecturayDivulgacion\\\/\",\"https:\\\/\\\/x.com\\\/veredes\",\"https:\\\/\\\/instagram.com\\\/veredes\\\/\",\"https:\\\/\\\/www.linkedin.com\\\/company\\\/veredes-arquitectura-y-divulgacion\\\/\",\"https:\\\/\\\/es.pinterest.com\\\/veredes\\\/\",\"https:\\\/\\\/www.tumblr.com\\\/veredes\"]},{\"@type\":\"Person\",\"@id\":\"https:\\\/\\\/veredes.es\\\/blog\\\/#\\\/schema\\\/person\\\/0bbb669073ef7faba5168a0844e93d2c\",\"name\":\"veredes\",\"image\":{\"@type\":\"ImageObject\",\"inLanguage\":\"es\",\"@id\":\"https:\\\/\\\/veredes.es\\\/blog\\\/wp-content\\\/uploads\\\/2018\\\/04\\\/face-96x96.jpg\",\"url\":\"https:\\\/\\\/veredes.es\\\/blog\\\/wp-content\\\/uploads\\\/2018\\\/04\\\/face-96x96.jpg\",\"contentUrl\":\"https:\\\/\\\/veredes.es\\\/blog\\\/wp-content\\\/uploads\\\/2018\\\/04\\\/face-96x96.jpg\",\"caption\":\"veredes\"},\"description\":\"Surge enero de 2009 como b\u00fasqueda de satisfacer el conocimiento de la actividad arquitect\u00f3nica y tangentes que se generan. La idea es crear un espacio para divulgar los diversos proyectos en busca de nueva inspiraci\u00f3n y de intercambio.\",\"sameAs\":[\"https:\\\/\\\/veredes.es\\\/\",\"https:\\\/\\\/www.facebook.com\\\/veredesArquitecturayDivulgacion\\\/\",\"https:\\\/\\\/www.instagram.com\\\/veredes\\\/\",\"https:\\\/\\\/www.linkedin.com\\\/company\\\/veredes-arquitectura-y-divulgacion\\\/\",\"https:\\\/\\\/www.pinterest.es\\\/veredes\\\/\",\"https:\\\/\\\/x.com\\\/https:\\\/\\\/twitter.com\\\/veredes\",\"https:\\\/\\\/veredes.tumblr.com\\\/\"],\"url\":\"https:\\\/\\\/veredes.es\\\/blog\\\/author\\\/alberto\\\/\"}]}<\/script>\n<!-- \/ Yoast SEO plugin. -->","yoast_head_json":{"title":"SPAIN LAB SPAIN LAB SPAIN LAB  - veredes","description":"Toda la informaci\u00f3n sobre: SPAIN LAB SPAIN LAB SPAIN LAB","robots":{"index":"index","follow":"follow","max-snippet":"max-snippet:-1","max-image-preview":"max-image-preview:large","max-video-preview":"max-video-preview:-1"},"canonical":"https:\/\/veredes.es\/blog\/spain-lab\/","og_locale":"es_ES","og_type":"article","og_title":"SPAIN LAB SPAIN LAB SPAIN LAB  - veredes","og_description":"Toda la informaci\u00f3n sobre: SPAIN LAB SPAIN LAB SPAIN LAB","og_url":"https:\/\/veredes.es\/blog\/spain-lab\/","og_site_name":"veredes, arquitectura y divulgaci\u00f3n","article_publisher":"https:\/\/www.facebook.com\/veredesArquitecturayDivulgacion\/","article_author":"https:\/\/www.facebook.com\/veredesArquitecturayDivulgacion\/","article_published_time":"2012-07-30T07:27:20+00:00","article_modified_time":"2015-02-11T18:09:02+00:00","og_image":[{"width":500,"height":260,"url":"https:\/\/veredes.es\/blog\/wp-content\/uploads\/2012\/07\/Logo-de-SPAINLAB-dise\u00f1ado-por-Alberto-Coraz\u00f3n.jpg","type":"image\/jpeg"}],"author":"veredes","twitter_card":"summary_large_image","twitter_creator":"@https:\/\/twitter.com\/veredes","twitter_site":"@veredes","twitter_misc":{"Escrito por":"veredes","Tiempo de lectura":"16 minutos"},"schema":{"@context":"https:\/\/schema.org","@graph":[{"@type":"Article","@id":"https:\/\/veredes.es\/blog\/spain-lab\/#article","isPartOf":{"@id":"https:\/\/veredes.es\/blog\/spain-lab\/"},"author":{"name":"veredes","@id":"https:\/\/veredes.es\/blog\/#\/schema\/person\/0bbb669073ef7faba5168a0844e93d2c"},"headline":"SPAIN LAB","datePublished":"2012-07-30T07:27:20+00:00","dateModified":"2015-02-11T18:09:02+00:00","mainEntityOfPage":{"@id":"https:\/\/veredes.es\/blog\/spain-lab\/"},"wordCount":3230,"commentCount":0,"publisher":{"@id":"https:\/\/veredes.es\/blog\/#organization"},"image":{"@id":"https:\/\/veredes.es\/blog\/spain-lab\/#primaryimage"},"thumbnailUrl":"https:\/\/veredes.es\/blog\/wp-content\/uploads\/2012\/07\/Logo-de-SPAINLAB-dise\u00f1ado-por-Alberto-Coraz\u00f3n.jpg","keywords":["Belinda Tato","bienal","bienal de Venecia","Carme Pigem","cloud 9","ecosistema urbano","Enric Ruiz-Geli","Espa\u00f1a","Europa","exposici\u00f3n","Fernando Menis","Jos\u00e9 Luis Vallejo","jos\u00e9 selgas","juan carlos sancho","lucia cano","pabell\u00f3n","Rafael Aranda","Ramon Vilalta","RCR Arquitectes","Sancho-Madridejos Architectural Office","selgascano","sol madrilejos","Vicente Guallart"],"articleSection":["eventos","ferias"],"inLanguage":"es","potentialAction":[{"@type":"CommentAction","name":"Comment","target":["https:\/\/veredes.es\/blog\/spain-lab\/#respond"]}]},{"@type":"WebPage","@id":"https:\/\/veredes.es\/blog\/spain-lab\/","url":"https:\/\/veredes.es\/blog\/spain-lab\/","name":"SPAIN LAB SPAIN LAB SPAIN LAB - veredes","isPartOf":{"@id":"https:\/\/veredes.es\/blog\/#website"},"primaryImageOfPage":{"@id":"https:\/\/veredes.es\/blog\/spain-lab\/#primaryimage"},"image":{"@id":"https:\/\/veredes.es\/blog\/spain-lab\/#primaryimage"},"thumbnailUrl":"https:\/\/veredes.es\/blog\/wp-content\/uploads\/2012\/07\/Logo-de-SPAINLAB-dise\u00f1ado-por-Alberto-Coraz\u00f3n.jpg","datePublished":"2012-07-30T07:27:20+00:00","dateModified":"2015-02-11T18:09:02+00:00","description":"Toda la informaci\u00f3n sobre: SPAIN LAB SPAIN LAB SPAIN LAB","breadcrumb":{"@id":"https:\/\/veredes.es\/blog\/spain-lab\/#breadcrumb"},"inLanguage":"es","potentialAction":[{"@type":"ReadAction","target":["https:\/\/veredes.es\/blog\/spain-lab\/"]}]},{"@type":"ImageObject","inLanguage":"es","@id":"https:\/\/veredes.es\/blog\/spain-lab\/#primaryimage","url":"https:\/\/veredes.es\/blog\/wp-content\/uploads\/2012\/07\/Logo-de-SPAINLAB-dise\u00f1ado-por-Alberto-Coraz\u00f3n.jpg","contentUrl":"https:\/\/veredes.es\/blog\/wp-content\/uploads\/2012\/07\/Logo-de-SPAINLAB-dise\u00f1ado-por-Alberto-Coraz\u00f3n.jpg","width":"500","height":"260"},{"@type":"BreadcrumbList","@id":"https:\/\/veredes.es\/blog\/spain-lab\/#breadcrumb","itemListElement":[{"@type":"ListItem","position":1,"name":"Portada","item":"https:\/\/veredes.es\/blog\/"},{"@type":"ListItem","position":2,"name":"SPAIN LAB"}]},{"@type":"WebSite","@id":"https:\/\/veredes.es\/blog\/#website","url":"https:\/\/veredes.es\/blog\/","name":"veredes, arquitectura y divulgaci\u00f3n","description":"veredes","publisher":{"@id":"https:\/\/veredes.es\/blog\/#organization"},"alternateName":"veredes","potentialAction":[{"@type":"SearchAction","target":{"@type":"EntryPoint","urlTemplate":"https:\/\/veredes.es\/blog\/?s={search_term_string}"},"query-input":{"@type":"PropertyValueSpecification","valueRequired":true,"valueName":"search_term_string"}}],"inLanguage":"es"},{"@type":"Organization","@id":"https:\/\/veredes.es\/blog\/#organization","name":"veredes, arquitectura y divulgaci\u00f3n","alternateName":"veredes","url":"https:\/\/veredes.es\/blog\/","logo":{"@type":"ImageObject","inLanguage":"es","@id":"https:\/\/veredes.es\/blog\/#\/schema\/logo\/image\/","url":"https:\/\/veredes.es\/blog\/wp-content\/uploads\/2021\/12\/veredes-logo-centrado_140x54.png","contentUrl":"https:\/\/veredes.es\/blog\/wp-content\/uploads\/2021\/12\/veredes-logo-centrado_140x54.png","width":140,"height":54,"caption":"veredes, arquitectura y divulgaci\u00f3n"},"image":{"@id":"https:\/\/veredes.es\/blog\/#\/schema\/logo\/image\/"},"sameAs":["https:\/\/www.facebook.com\/veredesArquitecturayDivulgacion\/","https:\/\/x.com\/veredes","https:\/\/instagram.com\/veredes\/","https:\/\/www.linkedin.com\/company\/veredes-arquitectura-y-divulgacion\/","https:\/\/es.pinterest.com\/veredes\/","https:\/\/www.tumblr.com\/veredes"]},{"@type":"Person","@id":"https:\/\/veredes.es\/blog\/#\/schema\/person\/0bbb669073ef7faba5168a0844e93d2c","name":"veredes","image":{"@type":"ImageObject","inLanguage":"es","@id":"https:\/\/veredes.es\/blog\/wp-content\/uploads\/2018\/04\/face-96x96.jpg","url":"https:\/\/veredes.es\/blog\/wp-content\/uploads\/2018\/04\/face-96x96.jpg","contentUrl":"https:\/\/veredes.es\/blog\/wp-content\/uploads\/2018\/04\/face-96x96.jpg","caption":"veredes"},"description":"Surge enero de 2009 como b\u00fasqueda de satisfacer el conocimiento de la actividad arquitect\u00f3nica y tangentes que se generan. La idea es crear un espacio para divulgar los diversos proyectos en busca de nueva inspiraci\u00f3n y de intercambio.","sameAs":["https:\/\/veredes.es\/","https:\/\/www.facebook.com\/veredesArquitecturayDivulgacion\/","https:\/\/www.instagram.com\/veredes\/","https:\/\/www.linkedin.com\/company\/veredes-arquitectura-y-divulgacion\/","https:\/\/www.pinterest.es\/veredes\/","https:\/\/x.com\/https:\/\/twitter.com\/veredes","https:\/\/veredes.tumblr.com\/"],"url":"https:\/\/veredes.es\/blog\/author\/alberto\/"}]}},"_links":{"self":[{"href":"https:\/\/veredes.es\/blog\/wp-json\/wp\/v2\/posts\/23610","targetHints":{"allow":["GET"]}}],"collection":[{"href":"https:\/\/veredes.es\/blog\/wp-json\/wp\/v2\/posts"}],"about":[{"href":"https:\/\/veredes.es\/blog\/wp-json\/wp\/v2\/types\/post"}],"author":[{"embeddable":true,"href":"https:\/\/veredes.es\/blog\/wp-json\/wp\/v2\/users\/2"}],"replies":[{"embeddable":true,"href":"https:\/\/veredes.es\/blog\/wp-json\/wp\/v2\/comments?post=23610"}],"version-history":[{"count":0,"href":"https:\/\/veredes.es\/blog\/wp-json\/wp\/v2\/posts\/23610\/revisions"}],"wp:featuredmedia":[{"embeddable":true,"href":"https:\/\/veredes.es\/blog\/wp-json\/wp\/v2\/media\/23611"}],"wp:attachment":[{"href":"https:\/\/veredes.es\/blog\/wp-json\/wp\/v2\/media?parent=23610"}],"wp:term":[{"taxonomy":"category","embeddable":true,"href":"https:\/\/veredes.es\/blog\/wp-json\/wp\/v2\/categories?post=23610"},{"taxonomy":"post_tag","embeddable":true,"href":"https:\/\/veredes.es\/blog\/wp-json\/wp\/v2\/tags?post=23610"}],"curies":[{"name":"wp","href":"https:\/\/api.w.org\/{rel}","templated":true}]}}