{"id":23311,"date":"2012-07-09T06:46:31","date_gmt":"2012-07-09T04:46:31","guid":{"rendered":"http:\/\/veredes.es\/blog\/?p=23311"},"modified":"2016-02-24T16:35:56","modified_gmt":"2016-02-24T15:35:56","slug":"spain-mon-amour","status":"publish","type":"post","link":"https:\/\/veredes.es\/blog\/spain-mon-amour\/","title":{"rendered":"Spain mon amour"},"content":{"rendered":"<p><\/p>\n<p style=\"text-align: justify;\"><em><strong>Cinco oficinas, diez arquitectos, quince ciudades<\/strong><\/em>. <strong><em>13\u00aa Bienal de Arquitectura de Venecia, 2012<\/em><\/strong> (29 de agosto-25 de noviembre de 2012). La exposici\u00f3n celebra los logros de la arquitectura espa\u00f1ola reciente, pero procura tambi\u00e9n reflejar la dram\u00e1tica situaci\u00f3n actual de la profesi\u00f3n. En la \u00faltima d\u00e9cada, las grandes inversiones p\u00fablicas y el sistema de concursos han permitido a una nueva generaci\u00f3n construir un gran n\u00famero de obras singulares repartidas por todo el pa\u00eds. Aqu\u00ed se muestran quince, en quince ciudades diferentes, realizadas por diez arquitectos \u2014siete varones y tres mujeres, con edades comprendidas entre los 50 y los 55 a\u00f1os\u2014 agrupados en cinco oficinas basadas en Madrid, Pa\u00eds Vasco-Navarra y Catalu\u00f1a.<\/p>\n<p style=\"text-align: justify;\"><a href=\"http:\/\/veredes.es\/blog\/wp-content\/uploads\/2012\/07\/Spain-mon-amour_cartel1_alta2.jpg\"><img loading=\"lazy\" decoding=\"async\" class=\"alignnone  wp-image-23312\" title=\"Spain mon amour_cartel1_alta2\" src=\"http:\/\/veredes.es\/blog\/wp-content\/uploads\/2012\/07\/Spain-mon-amour_cartel1_alta2.jpg\" alt=\"\" width=\"620\" height=\"875\" srcset=\"https:\/\/veredes.es\/blog\/wp-content\/uploads\/2012\/07\/Spain-mon-amour_cartel1_alta2.jpg 354w, https:\/\/veredes.es\/blog\/wp-content\/uploads\/2012\/07\/Spain-mon-amour_cartel1_alta2-212x300.jpg 212w\" sizes=\"auto, (max-width: 620px) 100vw, 620px\" \/><\/a><\/p>\n<p style=\"text-align: justify;\">Sin embargo, las bases que han permitido esta floraci\u00f3n de excelencia se han venido abajo con la crisis financiera, econ\u00f3mica y fiscal iniciada en 2008. El pinchazo de la burbuja inmobiliaria ha hecho descender el n\u00famero de viviendas iniciadas de 800.000 anuales a 80.000, y los planes de austeridad del sector p\u00fablico han congelado las inversiones en nuevos proyectos: la mitad de los estudios de Madrid y Barcelona han cerrado en el \u00faltimo ejercicio, y los j\u00f3venes profesionales emigran masivamente. Esta situaci\u00f3n se ha querido abordar utilizando todo el presupuesto de la muestra para traer a Venecia a dos centenares de estudiantes de arquitectura, que sostendr\u00e1n maquetas de los edificios y los explicar\u00e1n a los visitantes. Por un lado, la instalaci\u00f3n alude a la iconograf\u00eda cl\u00e1sica de personajes mitol\u00f3gicos, santos, obispos, reyes, patrones o incluso arquitectos que portan modelos a escala reducida de las obras que promueven, dise\u00f1an o donan; por otro, remite a performances contempor\u00e1neas \u2014de Santiago Sierra a Ai Weiwei\u2014 donde el trabajo subalterno se usa con intenci\u00f3n cr\u00edtica, pedag\u00f3gica o solidaria. Spain mon amour es desde luego la celebraci\u00f3n de una etapa, unos arquitectos y unas obras, pero tambi\u00e9n una eleg\u00eda por un pasado que ha llegado a su t\u00e9rmino, una denuncia de un presente dislocado y una invitaci\u00f3n a pensar el futuro de otra forma.<\/p>\n<p style=\"text-align: justify;\">Luis Fern\u00e1ndez-Galiano<\/p>\n<p style=\"text-align: justify;\">[mappress mapid=\u00bb58&#8243;]<\/p>\n<p><\/p>","protected":false},"excerpt":{"rendered":"<p>Cinco oficinas, diez arquitectos, quince ciudades. 13\u00aa Bienal de Arquitectura de Venecia, 2012 (29 de agosto-25 de noviembre de 2012). La exposici\u00f3n celebra los logros de la arquitectura espa\u00f1ola reciente, pero procura tambi\u00e9n reflejar la dram\u00e1tica situaci\u00f3n actual de la profesi\u00f3n. En la \u00faltima d\u00e9cada, las grandes inversiones p\u00fablicas y el sistema de concursos han [&hellip;]<\/p>\n","protected":false},"author":2,"featured_media":23312,"comment_status":"open","ping_status":"closed","sticky":false,"template":"","format":"standard","meta":{"footnotes":""},"categories":[16,1382],"tags":[5267,210,211,5445,521,2387,2423,5266,9176,8147,5444,5443],"class_list":{"0":"post-23311","1":"post","2":"type-post","3":"status-publish","4":"format-standard","5":"has-post-thumbnail","7":"category-eventos","8":"category-exposiciones","9":"tag-arquitectura-viva","10":"tag-bienal","11":"tag-bienal-de-venecia","13":"tag-espana","14":"tag-francisco-mangado","15":"tag-luis-fernandez-galiano","16":"tag-mansilla-tunon-architects","17":"tag-nieto-sobejano-arquitectos","18":"tag-paredes-pedrosa-arquitectos","19":"tag-ramon-vilalta","20":"tag-rcr-arqiitectes"},"yoast_head":"<!-- This site is optimized with the Yoast SEO plugin v27.5 - https:\/\/yoast.com\/product\/yoast-seo-wordpress\/ -->\n<title>Spain mon amourSpain mon amourSpain mon amour - veredes<\/title>\n<meta name=\"description\" content=\"Toda la informaci\u00f3n sobre: Spain mon amourSpain mon amourSpain mon amour\" \/>\n<meta name=\"robots\" content=\"index, follow, max-snippet:-1, max-image-preview:large, max-video-preview:-1\" \/>\n<link rel=\"canonical\" href=\"https:\/\/veredes.es\/blog\/spain-mon-amour\/\" \/>\n<meta property=\"og:locale\" content=\"es_ES\" \/>\n<meta property=\"og:type\" content=\"article\" \/>\n<meta property=\"og:title\" content=\"Spain mon amourSpain mon amourSpain mon amour - veredes\" \/>\n<meta property=\"og:description\" content=\"Toda la informaci\u00f3n sobre: Spain mon amourSpain mon amourSpain mon amour\" \/>\n<meta property=\"og:url\" content=\"https:\/\/veredes.es\/blog\/spain-mon-amour\/\" \/>\n<meta property=\"og:site_name\" content=\"veredes, arquitectura y divulgaci\u00f3n\" \/>\n<meta property=\"article:publisher\" content=\"https:\/\/www.facebook.com\/veredesArquitecturayDivulgacion\/\" \/>\n<meta property=\"article:author\" content=\"https:\/\/www.facebook.com\/veredesArquitecturayDivulgacion\/\" \/>\n<meta property=\"article:published_time\" content=\"2012-07-09T04:46:31+00:00\" \/>\n<meta property=\"article:modified_time\" content=\"2016-02-24T15:35:56+00:00\" \/>\n<meta property=\"og:image\" content=\"https:\/\/veredes.es\/blog\/wp-content\/uploads\/2012\/07\/Spain-mon-amour_cartel1_alta2.jpg\" \/>\n\t<meta property=\"og:image:width\" content=\"354\" \/>\n\t<meta property=\"og:image:height\" content=\"500\" \/>\n\t<meta property=\"og:image:type\" content=\"image\/jpeg\" \/>\n<meta name=\"author\" content=\"veredes\" \/>\n<meta name=\"twitter:card\" content=\"summary_large_image\" \/>\n<meta name=\"twitter:creator\" content=\"@https:\/\/twitter.com\/veredes\" \/>\n<meta name=\"twitter:site\" content=\"@veredes\" \/>\n<meta name=\"twitter:label1\" content=\"Escrito por\" \/>\n\t<meta name=\"twitter:data1\" content=\"veredes\" \/>\n\t<meta name=\"twitter:label2\" content=\"Tiempo de lectura\" \/>\n\t<meta name=\"twitter:data2\" content=\"5 minutos\" \/>\n<script type=\"application\/ld+json\" class=\"yoast-schema-graph\">{\"@context\":\"https:\\\/\\\/schema.org\",\"@graph\":[{\"@type\":\"Article\",\"@id\":\"https:\\\/\\\/veredes.es\\\/blog\\\/spain-mon-amour\\\/#article\",\"isPartOf\":{\"@id\":\"https:\\\/\\\/veredes.es\\\/blog\\\/spain-mon-amour\\\/\"},\"author\":{\"name\":\"veredes\",\"@id\":\"https:\\\/\\\/veredes.es\\\/blog\\\/#\\\/schema\\\/person\\\/0bbb669073ef7faba5168a0844e93d2c\"},\"headline\":\"Spain mon amour\",\"datePublished\":\"2012-07-09T04:46:31+00:00\",\"dateModified\":\"2016-02-24T15:35:56+00:00\",\"mainEntityOfPage\":{\"@id\":\"https:\\\/\\\/veredes.es\\\/blog\\\/spain-mon-amour\\\/\"},\"wordCount\":1052,\"commentCount\":0,\"publisher\":{\"@id\":\"https:\\\/\\\/veredes.es\\\/blog\\\/#organization\"},\"image\":{\"@id\":\"https:\\\/\\\/veredes.es\\\/blog\\\/spain-mon-amour\\\/#primaryimage\"},\"thumbnailUrl\":\"https:\\\/\\\/veredes.es\\\/blog\\\/wp-content\\\/uploads\\\/2012\\\/07\\\/Spain-mon-amour_cartel1_alta2.jpg\",\"keywords\":[\"arquitectura viva\",\"bienal\",\"bienal de Venecia\",\"Carme Pigem\",\"Espa\u00f1a\",\"Francisco Mangado\",\"Luis Fern\u00e1ndez-Galiano\",\"Mansilla Tu\u00f1\u00f3n Architects\",\"Nieto Sobejano Arquitectos\",\"Paredes Pedrosa Arquitectos\",\"Ramon Vilalta\",\"RCR Arquitectes\"],\"articleSection\":[\"eventos\",\"exposiciones\"],\"inLanguage\":\"es\",\"potentialAction\":[{\"@type\":\"CommentAction\",\"name\":\"Comment\",\"target\":[\"https:\\\/\\\/veredes.es\\\/blog\\\/spain-mon-amour\\\/#respond\"]}]},{\"@type\":\"WebPage\",\"@id\":\"https:\\\/\\\/veredes.es\\\/blog\\\/spain-mon-amour\\\/\",\"url\":\"https:\\\/\\\/veredes.es\\\/blog\\\/spain-mon-amour\\\/\",\"name\":\"Spain mon amourSpain mon amourSpain mon amour - veredes\",\"isPartOf\":{\"@id\":\"https:\\\/\\\/veredes.es\\\/blog\\\/#website\"},\"primaryImageOfPage\":{\"@id\":\"https:\\\/\\\/veredes.es\\\/blog\\\/spain-mon-amour\\\/#primaryimage\"},\"image\":{\"@id\":\"https:\\\/\\\/veredes.es\\\/blog\\\/spain-mon-amour\\\/#primaryimage\"},\"thumbnailUrl\":\"https:\\\/\\\/veredes.es\\\/blog\\\/wp-content\\\/uploads\\\/2012\\\/07\\\/Spain-mon-amour_cartel1_alta2.jpg\",\"datePublished\":\"2012-07-09T04:46:31+00:00\",\"dateModified\":\"2016-02-24T15:35:56+00:00\",\"description\":\"Toda la informaci\u00f3n sobre: Spain mon amourSpain mon amourSpain mon amour\",\"breadcrumb\":{\"@id\":\"https:\\\/\\\/veredes.es\\\/blog\\\/spain-mon-amour\\\/#breadcrumb\"},\"inLanguage\":\"es\",\"potentialAction\":[{\"@type\":\"ReadAction\",\"target\":[\"https:\\\/\\\/veredes.es\\\/blog\\\/spain-mon-amour\\\/\"]}]},{\"@type\":\"ImageObject\",\"inLanguage\":\"es\",\"@id\":\"https:\\\/\\\/veredes.es\\\/blog\\\/spain-mon-amour\\\/#primaryimage\",\"url\":\"https:\\\/\\\/veredes.es\\\/blog\\\/wp-content\\\/uploads\\\/2012\\\/07\\\/Spain-mon-amour_cartel1_alta2.jpg\",\"contentUrl\":\"https:\\\/\\\/veredes.es\\\/blog\\\/wp-content\\\/uploads\\\/2012\\\/07\\\/Spain-mon-amour_cartel1_alta2.jpg\",\"width\":\"354\",\"height\":\"500\"},{\"@type\":\"BreadcrumbList\",\"@id\":\"https:\\\/\\\/veredes.es\\\/blog\\\/spain-mon-amour\\\/#breadcrumb\",\"itemListElement\":[{\"@type\":\"ListItem\",\"position\":1,\"name\":\"Portada\",\"item\":\"https:\\\/\\\/veredes.es\\\/blog\\\/\"},{\"@type\":\"ListItem\",\"position\":2,\"name\":\"Spain mon amour\"}]},{\"@type\":\"WebSite\",\"@id\":\"https:\\\/\\\/veredes.es\\\/blog\\\/#website\",\"url\":\"https:\\\/\\\/veredes.es\\\/blog\\\/\",\"name\":\"veredes, arquitectura y divulgaci\u00f3n\",\"description\":\"veredes\",\"publisher\":{\"@id\":\"https:\\\/\\\/veredes.es\\\/blog\\\/#organization\"},\"alternateName\":\"veredes\",\"potentialAction\":[{\"@type\":\"SearchAction\",\"target\":{\"@type\":\"EntryPoint\",\"urlTemplate\":\"https:\\\/\\\/veredes.es\\\/blog\\\/?s={search_term_string}\"},\"query-input\":{\"@type\":\"PropertyValueSpecification\",\"valueRequired\":true,\"valueName\":\"search_term_string\"}}],\"inLanguage\":\"es\"},{\"@type\":\"Organization\",\"@id\":\"https:\\\/\\\/veredes.es\\\/blog\\\/#organization\",\"name\":\"veredes, arquitectura y divulgaci\u00f3n\",\"alternateName\":\"veredes\",\"url\":\"https:\\\/\\\/veredes.es\\\/blog\\\/\",\"logo\":{\"@type\":\"ImageObject\",\"inLanguage\":\"es\",\"@id\":\"https:\\\/\\\/veredes.es\\\/blog\\\/#\\\/schema\\\/logo\\\/image\\\/\",\"url\":\"https:\\\/\\\/veredes.es\\\/blog\\\/wp-content\\\/uploads\\\/2021\\\/12\\\/veredes-logo-centrado_140x54.png\",\"contentUrl\":\"https:\\\/\\\/veredes.es\\\/blog\\\/wp-content\\\/uploads\\\/2021\\\/12\\\/veredes-logo-centrado_140x54.png\",\"width\":140,\"height\":54,\"caption\":\"veredes, arquitectura y divulgaci\u00f3n\"},\"image\":{\"@id\":\"https:\\\/\\\/veredes.es\\\/blog\\\/#\\\/schema\\\/logo\\\/image\\\/\"},\"sameAs\":[\"https:\\\/\\\/www.facebook.com\\\/veredesArquitecturayDivulgacion\\\/\",\"https:\\\/\\\/x.com\\\/veredes\",\"https:\\\/\\\/instagram.com\\\/veredes\\\/\",\"https:\\\/\\\/www.linkedin.com\\\/company\\\/veredes-arquitectura-y-divulgacion\\\/\",\"https:\\\/\\\/es.pinterest.com\\\/veredes\\\/\",\"https:\\\/\\\/www.tumblr.com\\\/veredes\"]},{\"@type\":\"Person\",\"@id\":\"https:\\\/\\\/veredes.es\\\/blog\\\/#\\\/schema\\\/person\\\/0bbb669073ef7faba5168a0844e93d2c\",\"name\":\"veredes\",\"image\":{\"@type\":\"ImageObject\",\"inLanguage\":\"es\",\"@id\":\"https:\\\/\\\/veredes.es\\\/blog\\\/wp-content\\\/uploads\\\/2018\\\/04\\\/face-96x96.jpg\",\"url\":\"https:\\\/\\\/veredes.es\\\/blog\\\/wp-content\\\/uploads\\\/2018\\\/04\\\/face-96x96.jpg\",\"contentUrl\":\"https:\\\/\\\/veredes.es\\\/blog\\\/wp-content\\\/uploads\\\/2018\\\/04\\\/face-96x96.jpg\",\"caption\":\"veredes\"},\"description\":\"Surge enero de 2009 como b\u00fasqueda de satisfacer el conocimiento de la actividad arquitect\u00f3nica y tangentes que se generan. La idea es crear un espacio para divulgar los diversos proyectos en busca de nueva inspiraci\u00f3n y de intercambio.\",\"sameAs\":[\"https:\\\/\\\/veredes.es\\\/\",\"https:\\\/\\\/www.facebook.com\\\/veredesArquitecturayDivulgacion\\\/\",\"https:\\\/\\\/www.instagram.com\\\/veredes\\\/\",\"https:\\\/\\\/www.linkedin.com\\\/company\\\/veredes-arquitectura-y-divulgacion\\\/\",\"https:\\\/\\\/www.pinterest.es\\\/veredes\\\/\",\"https:\\\/\\\/x.com\\\/https:\\\/\\\/twitter.com\\\/veredes\",\"https:\\\/\\\/veredes.tumblr.com\\\/\"],\"url\":\"https:\\\/\\\/veredes.es\\\/blog\\\/author\\\/alberto\\\/\"}]}<\/script>\n<!-- \/ Yoast SEO plugin. -->","yoast_head_json":{"title":"Spain mon amourSpain mon amourSpain mon amour - veredes","description":"Toda la informaci\u00f3n sobre: Spain mon amourSpain mon amourSpain mon amour","robots":{"index":"index","follow":"follow","max-snippet":"max-snippet:-1","max-image-preview":"max-image-preview:large","max-video-preview":"max-video-preview:-1"},"canonical":"https:\/\/veredes.es\/blog\/spain-mon-amour\/","og_locale":"es_ES","og_type":"article","og_title":"Spain mon amourSpain mon amourSpain mon amour - veredes","og_description":"Toda la informaci\u00f3n sobre: Spain mon amourSpain mon amourSpain mon amour","og_url":"https:\/\/veredes.es\/blog\/spain-mon-amour\/","og_site_name":"veredes, arquitectura y divulgaci\u00f3n","article_publisher":"https:\/\/www.facebook.com\/veredesArquitecturayDivulgacion\/","article_author":"https:\/\/www.facebook.com\/veredesArquitecturayDivulgacion\/","article_published_time":"2012-07-09T04:46:31+00:00","article_modified_time":"2016-02-24T15:35:56+00:00","og_image":[{"width":354,"height":500,"url":"https:\/\/veredes.es\/blog\/wp-content\/uploads\/2012\/07\/Spain-mon-amour_cartel1_alta2.jpg","type":"image\/jpeg"}],"author":"veredes","twitter_card":"summary_large_image","twitter_creator":"@https:\/\/twitter.com\/veredes","twitter_site":"@veredes","twitter_misc":{"Escrito por":"veredes","Tiempo de lectura":"5 minutos"},"schema":{"@context":"https:\/\/schema.org","@graph":[{"@type":"Article","@id":"https:\/\/veredes.es\/blog\/spain-mon-amour\/#article","isPartOf":{"@id":"https:\/\/veredes.es\/blog\/spain-mon-amour\/"},"author":{"name":"veredes","@id":"https:\/\/veredes.es\/blog\/#\/schema\/person\/0bbb669073ef7faba5168a0844e93d2c"},"headline":"Spain mon amour","datePublished":"2012-07-09T04:46:31+00:00","dateModified":"2016-02-24T15:35:56+00:00","mainEntityOfPage":{"@id":"https:\/\/veredes.es\/blog\/spain-mon-amour\/"},"wordCount":1052,"commentCount":0,"publisher":{"@id":"https:\/\/veredes.es\/blog\/#organization"},"image":{"@id":"https:\/\/veredes.es\/blog\/spain-mon-amour\/#primaryimage"},"thumbnailUrl":"https:\/\/veredes.es\/blog\/wp-content\/uploads\/2012\/07\/Spain-mon-amour_cartel1_alta2.jpg","keywords":["arquitectura viva","bienal","bienal de Venecia","Carme Pigem","Espa\u00f1a","Francisco Mangado","Luis Fern\u00e1ndez-Galiano","Mansilla Tu\u00f1\u00f3n Architects","Nieto Sobejano Arquitectos","Paredes Pedrosa Arquitectos","Ramon Vilalta","RCR Arquitectes"],"articleSection":["eventos","exposiciones"],"inLanguage":"es","potentialAction":[{"@type":"CommentAction","name":"Comment","target":["https:\/\/veredes.es\/blog\/spain-mon-amour\/#respond"]}]},{"@type":"WebPage","@id":"https:\/\/veredes.es\/blog\/spain-mon-amour\/","url":"https:\/\/veredes.es\/blog\/spain-mon-amour\/","name":"Spain mon amourSpain mon amourSpain mon amour - veredes","isPartOf":{"@id":"https:\/\/veredes.es\/blog\/#website"},"primaryImageOfPage":{"@id":"https:\/\/veredes.es\/blog\/spain-mon-amour\/#primaryimage"},"image":{"@id":"https:\/\/veredes.es\/blog\/spain-mon-amour\/#primaryimage"},"thumbnailUrl":"https:\/\/veredes.es\/blog\/wp-content\/uploads\/2012\/07\/Spain-mon-amour_cartel1_alta2.jpg","datePublished":"2012-07-09T04:46:31+00:00","dateModified":"2016-02-24T15:35:56+00:00","description":"Toda la informaci\u00f3n sobre: Spain mon amourSpain mon amourSpain mon amour","breadcrumb":{"@id":"https:\/\/veredes.es\/blog\/spain-mon-amour\/#breadcrumb"},"inLanguage":"es","potentialAction":[{"@type":"ReadAction","target":["https:\/\/veredes.es\/blog\/spain-mon-amour\/"]}]},{"@type":"ImageObject","inLanguage":"es","@id":"https:\/\/veredes.es\/blog\/spain-mon-amour\/#primaryimage","url":"https:\/\/veredes.es\/blog\/wp-content\/uploads\/2012\/07\/Spain-mon-amour_cartel1_alta2.jpg","contentUrl":"https:\/\/veredes.es\/blog\/wp-content\/uploads\/2012\/07\/Spain-mon-amour_cartel1_alta2.jpg","width":"354","height":"500"},{"@type":"BreadcrumbList","@id":"https:\/\/veredes.es\/blog\/spain-mon-amour\/#breadcrumb","itemListElement":[{"@type":"ListItem","position":1,"name":"Portada","item":"https:\/\/veredes.es\/blog\/"},{"@type":"ListItem","position":2,"name":"Spain mon amour"}]},{"@type":"WebSite","@id":"https:\/\/veredes.es\/blog\/#website","url":"https:\/\/veredes.es\/blog\/","name":"veredes, arquitectura y divulgaci\u00f3n","description":"veredes","publisher":{"@id":"https:\/\/veredes.es\/blog\/#organization"},"alternateName":"veredes","potentialAction":[{"@type":"SearchAction","target":{"@type":"EntryPoint","urlTemplate":"https:\/\/veredes.es\/blog\/?s={search_term_string}"},"query-input":{"@type":"PropertyValueSpecification","valueRequired":true,"valueName":"search_term_string"}}],"inLanguage":"es"},{"@type":"Organization","@id":"https:\/\/veredes.es\/blog\/#organization","name":"veredes, arquitectura y divulgaci\u00f3n","alternateName":"veredes","url":"https:\/\/veredes.es\/blog\/","logo":{"@type":"ImageObject","inLanguage":"es","@id":"https:\/\/veredes.es\/blog\/#\/schema\/logo\/image\/","url":"https:\/\/veredes.es\/blog\/wp-content\/uploads\/2021\/12\/veredes-logo-centrado_140x54.png","contentUrl":"https:\/\/veredes.es\/blog\/wp-content\/uploads\/2021\/12\/veredes-logo-centrado_140x54.png","width":140,"height":54,"caption":"veredes, arquitectura y divulgaci\u00f3n"},"image":{"@id":"https:\/\/veredes.es\/blog\/#\/schema\/logo\/image\/"},"sameAs":["https:\/\/www.facebook.com\/veredesArquitecturayDivulgacion\/","https:\/\/x.com\/veredes","https:\/\/instagram.com\/veredes\/","https:\/\/www.linkedin.com\/company\/veredes-arquitectura-y-divulgacion\/","https:\/\/es.pinterest.com\/veredes\/","https:\/\/www.tumblr.com\/veredes"]},{"@type":"Person","@id":"https:\/\/veredes.es\/blog\/#\/schema\/person\/0bbb669073ef7faba5168a0844e93d2c","name":"veredes","image":{"@type":"ImageObject","inLanguage":"es","@id":"https:\/\/veredes.es\/blog\/wp-content\/uploads\/2018\/04\/face-96x96.jpg","url":"https:\/\/veredes.es\/blog\/wp-content\/uploads\/2018\/04\/face-96x96.jpg","contentUrl":"https:\/\/veredes.es\/blog\/wp-content\/uploads\/2018\/04\/face-96x96.jpg","caption":"veredes"},"description":"Surge enero de 2009 como b\u00fasqueda de satisfacer el conocimiento de la actividad arquitect\u00f3nica y tangentes que se generan. La idea es crear un espacio para divulgar los diversos proyectos en busca de nueva inspiraci\u00f3n y de intercambio.","sameAs":["https:\/\/veredes.es\/","https:\/\/www.facebook.com\/veredesArquitecturayDivulgacion\/","https:\/\/www.instagram.com\/veredes\/","https:\/\/www.linkedin.com\/company\/veredes-arquitectura-y-divulgacion\/","https:\/\/www.pinterest.es\/veredes\/","https:\/\/x.com\/https:\/\/twitter.com\/veredes","https:\/\/veredes.tumblr.com\/"],"url":"https:\/\/veredes.es\/blog\/author\/alberto\/"}]}},"_links":{"self":[{"href":"https:\/\/veredes.es\/blog\/wp-json\/wp\/v2\/posts\/23311","targetHints":{"allow":["GET"]}}],"collection":[{"href":"https:\/\/veredes.es\/blog\/wp-json\/wp\/v2\/posts"}],"about":[{"href":"https:\/\/veredes.es\/blog\/wp-json\/wp\/v2\/types\/post"}],"author":[{"embeddable":true,"href":"https:\/\/veredes.es\/blog\/wp-json\/wp\/v2\/users\/2"}],"replies":[{"embeddable":true,"href":"https:\/\/veredes.es\/blog\/wp-json\/wp\/v2\/comments?post=23311"}],"version-history":[{"count":0,"href":"https:\/\/veredes.es\/blog\/wp-json\/wp\/v2\/posts\/23311\/revisions"}],"wp:featuredmedia":[{"embeddable":true,"href":"https:\/\/veredes.es\/blog\/wp-json\/wp\/v2\/media\/23312"}],"wp:attachment":[{"href":"https:\/\/veredes.es\/blog\/wp-json\/wp\/v2\/media?parent=23311"}],"wp:term":[{"taxonomy":"category","embeddable":true,"href":"https:\/\/veredes.es\/blog\/wp-json\/wp\/v2\/categories?post=23311"},{"taxonomy":"post_tag","embeddable":true,"href":"https:\/\/veredes.es\/blog\/wp-json\/wp\/v2\/tags?post=23311"}],"curies":[{"name":"wp","href":"https:\/\/api.w.org\/{rel}","templated":true}]}}