{"id":23105,"date":"2012-06-28T06:02:04","date_gmt":"2012-06-28T04:02:04","guid":{"rendered":"http:\/\/veredes.es\/blog\/?p=23105"},"modified":"2019-12-27T14:44:12","modified_gmt":"2019-12-27T13:44:12","slug":"eme3-concepto-bottom-up-a-debate","status":"publish","type":"post","link":"https:\/\/veredes.es\/blog\/eme3-concepto-bottom-up-a-debate\/","title":{"rendered":"Eme3: Concepto Bottom-up a debate"},"content":{"rendered":"<p><\/p>\n<p style=\"text-align: justify;\">Comunicaci\u00f3n, pol\u00edtica y sociedad son los tres ejes a trav\u00e9s de los que se pone en pr\u00e1ctica la metodolog\u00eda de an\u00e1lisis Bottom-Up. De ah\u00ed que los debates programados dentro de la s\u00e9ptima edici\u00f3n del Festival Internacional de Arquitectura Eme3 (que se celebra del 28 de junio al 1 de julio en Barcelona) giren en torno a este sistema de trabajo. La esencia del Bottom-Up es la actuaci\u00f3n urbana estrat\u00e9gica y transversal, a trav\u00e9s de la cual se ilustra un proceso de creaci\u00f3n y construcci\u00f3n de un entorno decidido conjuntamente.<\/p>\n<p style=\"text-align: justify;\">El primero de los debates que se llevar\u00e1 a cabo en el Eme3_2012 ser\u00e1 el jueves 28 de junio, a las 20 horas, en Eme3 Plaza. Bajo el t\u00edtulo de Comunicaci\u00f3n y Bottom-Up, se har\u00e1 incidencia en la importancia que est\u00e1n adquiriendo las pr\u00e1cticas colaborativas dentro del discurso arquitect\u00f3nico y de planificaci\u00f3n urbana. Con Ethel Baraona como moderadora, y Edgar Gonz\u00e1lez, Nerea Calvillo, Paco Gonz\u00e1lez, Koldo Lus, Tiago Mota y Ariadna Cantis en la mesa de debate, se compartir\u00e1n opiniones y puntos de vista sobre este renacer de las iniciativas ciudadanas, fruto de la crisis financiera y pol\u00edtica actual.<\/p>\n<p style=\"text-align: justify;\"><a href=\"https:\/\/veredes.es\/blog\/wp-content\/uploads\/2012\/06\/eme3espaciopublico.jpg\"><img loading=\"lazy\" decoding=\"async\" class=\"alignnone  wp-image-23107\" title=\"eme3espaciopublico\" src=\"https:\/\/veredes.es\/blog\/wp-content\/uploads\/2012\/06\/eme3espaciopublico.jpg\" alt=\"\" width=\"620\" height=\"908\" srcset=\"https:\/\/veredes.es\/blog\/wp-content\/uploads\/2012\/06\/eme3espaciopublico.jpg 341w, https:\/\/veredes.es\/blog\/wp-content\/uploads\/2012\/06\/eme3espaciopublico-204x300.jpg 204w\" sizes=\"auto, (max-width: 620px) 100vw, 620px\" \/><\/a><\/p>\n<p style=\"text-align: justify;\">Los avances tecnol\u00f3gicos nos han situado en una nueva era de la comunicaci\u00f3n, en la que ya no son s\u00f3lo los medios de comunicaci\u00f3n los que generan informaci\u00f3n para la ciudadan\u00eda. Inmediatez e infinita propagaci\u00f3n de la informaci\u00f3n son atributos que se asocian de forma inherente a la naturaleza de las redes sociales. \u00bfHa llegado el momento de que la arquitectura tambi\u00e9n saque provecho de la comunicaci\u00f3n y el bottom-up para la construcci\u00f3n de espacios m\u00e1s en consonancia con las necesidades de la sociedad?<\/p>\n<p style=\"text-align: justify;\">Viernes y s\u00e1bado, a las 20 horas, en Eme3 Plaza tendr\u00e1n lugar los debates Procesos\/Acciones. El contexto, el momento y el debate, moderados por Ramon Paramon (Viernes 29) y Santi Ibarra y David Juarez (s\u00e1bado 30). El viernes est\u00e1 confirmada la participaci\u00f3n de Gaspar Maza; Santiago Cirugeda, n\u2019Undo y Axel Tim (Raumlabor). El s\u00e1bado intervendr\u00e1n Diego Peris (Todo por la praxis), LaCol, LaFundici\u00f3, Institute of Place Making, Arquitectura Expandida, Recreant Cru\u00eflles, Laia Torres, Marc Dalmau y Collectif.<\/p>\n<p style=\"text-align: justify;\">Durante los dos d\u00edas se debatir\u00e1n algunas cuestiones que surgen alrededor del concepto Bottom-Up aplicado a la arquitectura, como la posibilidad de que el esp\u00edritu de autogesti\u00f3n que suele inspirar los procesos de apropiaci\u00f3n espacial sea compatible con las pol\u00edticas de la administraci\u00f3n.<\/p>\n<p style=\"text-align: justify;\">Tambi\u00e9n se estudiar\u00e1 la capacidad de negociaci\u00f3n de colectivos y asociaciones ciudadanas con los estamentos pol\u00edticos que ejecutan modelos urban\u00edsticos. En el contexto de crispaci\u00f3n social que nos rodea, las administraciones empiezan a plantearse las pol\u00edticas de participaci\u00f3n como din\u00e1mica de trabajo. De ah\u00ed que los profesionales de la arquitectura y el urbanismo se replanteen tambi\u00e9n su rol en el desarrollo de proyectos relacionados con la din\u00e1mica de habla y escucha ciudadana.<\/p>\n<p style=\"text-align: justify;\"><a href=\"http:\/\/www.eme3.org\/\" target=\"_blank\"><span style=\"color: #888888;\">+ emer3.org<\/span><\/a><\/p>\n<p style=\"text-align: justify;\">[mappress mapid=\u00bb51&#8243;]<\/p>\n<p><\/p>","protected":false},"excerpt":{"rendered":"<p>Comunicaci\u00f3n, pol\u00edtica y sociedad son los tres ejes a trav\u00e9s de los que se pone en pr\u00e1ctica la metodolog\u00eda de an\u00e1lisis Bottom-Up. De ah\u00ed que los debates programados dentro de la s\u00e9ptima edici\u00f3n del Festival Internacional de Arquitectura Eme3 (que se celebra del 28 de junio al 1 de julio en Barcelona) giren en torno [&hellip;]<\/p>\n","protected":false},"author":2,"featured_media":23107,"comment_status":"open","ping_status":"closed","sticky":false,"template":"","format":"standard","meta":{"footnotes":""},"categories":[1385,43,16,1382],"tags":[4809,191,1518,407,5187,468,516,521,3783,1787,12530,5188,5189,5191],"class_list":{"0":"post-23105","1":"post","2":"type-post","3":"status-publish","4":"format-standard","5":"has-post-thumbnail","7":"category-conferencias","8":"category-cursos-talleres","9":"category-eventos","10":"category-exposiciones","11":"tag-ariadna-cantis","12":"tag-barcelona","13":"tag-cataluna","14":"tag-debate","15":"tag-edgar-gonzalez","16":"tag-eme3","18":"tag-espana","19":"tag-ethel-baraona-pohl","20":"tag-europa","21":"tag-koldo-lus-arana","22":"tag-nerea-calvillo","23":"tag-paco-gonzalez","24":"tag-tiago-mota"},"yoast_head":"<!-- This site is optimized with the Yoast SEO plugin v27.4 - https:\/\/yoast.com\/product\/yoast-seo-wordpress\/ -->\n<title>Eme3: Concepto Bottom-up a debateEme3: Concepto Bottom-up a debateEme3: Concepto Bottom-up at discussion - veredes<\/title>\n<meta name=\"description\" content=\"Toda la informaci\u00f3n sobre: Eme3: Concepto Bottom-up a debateEme3: Concepto Bottom-up a debateEme3: Concepto Bottom-up at discussion\" \/>\n<meta name=\"robots\" content=\"index, follow, max-snippet:-1, max-image-preview:large, max-video-preview:-1\" \/>\n<link rel=\"canonical\" href=\"https:\/\/veredes.es\/blog\/eme3-concepto-bottom-up-a-debate\/\" \/>\n<meta property=\"og:locale\" content=\"es_ES\" \/>\n<meta property=\"og:type\" content=\"article\" \/>\n<meta property=\"og:title\" content=\"Eme3: Concepto Bottom-up a debateEme3: Concepto Bottom-up a debateEme3: Concepto Bottom-up at discussion - veredes\" \/>\n<meta property=\"og:description\" content=\"Toda la informaci\u00f3n sobre: Eme3: Concepto Bottom-up a debateEme3: Concepto Bottom-up a debateEme3: Concepto Bottom-up at discussion\" \/>\n<meta property=\"og:url\" content=\"https:\/\/veredes.es\/blog\/eme3-concepto-bottom-up-a-debate\/\" \/>\n<meta property=\"og:site_name\" content=\"veredes, arquitectura y divulgaci\u00f3n\" \/>\n<meta property=\"article:publisher\" content=\"https:\/\/www.facebook.com\/veredesArquitecturayDivulgacion\/\" \/>\n<meta property=\"article:author\" content=\"https:\/\/www.facebook.com\/veredesArquitecturayDivulgacion\/\" \/>\n<meta property=\"article:published_time\" content=\"2012-06-28T04:02:04+00:00\" \/>\n<meta property=\"article:modified_time\" content=\"2019-12-27T13:44:12+00:00\" \/>\n<meta property=\"og:image\" content=\"https:\/\/veredes.es\/blog\/wp-content\/uploads\/2012\/06\/eme3espaciopublico.jpg\" \/>\n\t<meta property=\"og:image:width\" content=\"341\" \/>\n\t<meta property=\"og:image:height\" content=\"500\" \/>\n\t<meta property=\"og:image:type\" content=\"image\/jpeg\" \/>\n<meta name=\"author\" content=\"veredes\" \/>\n<meta name=\"twitter:card\" content=\"summary_large_image\" \/>\n<meta name=\"twitter:creator\" content=\"@https:\/\/twitter.com\/veredes\" \/>\n<meta name=\"twitter:site\" content=\"@veredes\" \/>\n<meta name=\"twitter:label1\" content=\"Escrito por\" \/>\n\t<meta name=\"twitter:data1\" content=\"veredes\" \/>\n\t<meta name=\"twitter:label2\" content=\"Tiempo de lectura\" \/>\n\t<meta name=\"twitter:data2\" content=\"7 minutos\" \/>\n<script type=\"application\/ld+json\" class=\"yoast-schema-graph\">{\"@context\":\"https:\\\/\\\/schema.org\",\"@graph\":[{\"@type\":\"Article\",\"@id\":\"https:\\\/\\\/veredes.es\\\/blog\\\/eme3-concepto-bottom-up-a-debate\\\/#article\",\"isPartOf\":{\"@id\":\"https:\\\/\\\/veredes.es\\\/blog\\\/eme3-concepto-bottom-up-a-debate\\\/\"},\"author\":{\"name\":\"veredes\",\"@id\":\"https:\\\/\\\/veredes.es\\\/blog\\\/#\\\/schema\\\/person\\\/0bbb669073ef7faba5168a0844e93d2c\"},\"headline\":\"Eme3: Concepto Bottom-up a debate\",\"datePublished\":\"2012-06-28T04:02:04+00:00\",\"dateModified\":\"2019-12-27T13:44:12+00:00\",\"mainEntityOfPage\":{\"@id\":\"https:\\\/\\\/veredes.es\\\/blog\\\/eme3-concepto-bottom-up-a-debate\\\/\"},\"wordCount\":1493,\"commentCount\":1,\"publisher\":{\"@id\":\"https:\\\/\\\/veredes.es\\\/blog\\\/#organization\"},\"image\":{\"@id\":\"https:\\\/\\\/veredes.es\\\/blog\\\/eme3-concepto-bottom-up-a-debate\\\/#primaryimage\"},\"thumbnailUrl\":\"https:\\\/\\\/veredes.es\\\/blog\\\/wp-content\\\/uploads\\\/2012\\\/06\\\/eme3espaciopublico.jpg\",\"keywords\":[\"Ariadna Cantis\",\"Barcelona\",\"Catalu\u00f1a\",\"debate\",\"edgar gonz\u00e1lez\",\"eme3\",\"espacio p\u00fablico\",\"Espa\u00f1a\",\"Ethel Baraona Pohl\",\"Europa\",\"Koldo Lus Arana\",\"Nerea Calvillo\",\"paco gonz\u00e1lez\",\"tiago mota\"],\"articleSection\":[\"conferencias\",\"cursos-talleres\",\"eventos\",\"exposiciones\"],\"inLanguage\":\"es\",\"potentialAction\":[{\"@type\":\"CommentAction\",\"name\":\"Comment\",\"target\":[\"https:\\\/\\\/veredes.es\\\/blog\\\/eme3-concepto-bottom-up-a-debate\\\/#respond\"]}]},{\"@type\":\"WebPage\",\"@id\":\"https:\\\/\\\/veredes.es\\\/blog\\\/eme3-concepto-bottom-up-a-debate\\\/\",\"url\":\"https:\\\/\\\/veredes.es\\\/blog\\\/eme3-concepto-bottom-up-a-debate\\\/\",\"name\":\"Eme3: Concepto Bottom-up a debateEme3: Concepto Bottom-up a debateEme3: Concepto Bottom-up at discussion - veredes\",\"isPartOf\":{\"@id\":\"https:\\\/\\\/veredes.es\\\/blog\\\/#website\"},\"primaryImageOfPage\":{\"@id\":\"https:\\\/\\\/veredes.es\\\/blog\\\/eme3-concepto-bottom-up-a-debate\\\/#primaryimage\"},\"image\":{\"@id\":\"https:\\\/\\\/veredes.es\\\/blog\\\/eme3-concepto-bottom-up-a-debate\\\/#primaryimage\"},\"thumbnailUrl\":\"https:\\\/\\\/veredes.es\\\/blog\\\/wp-content\\\/uploads\\\/2012\\\/06\\\/eme3espaciopublico.jpg\",\"datePublished\":\"2012-06-28T04:02:04+00:00\",\"dateModified\":\"2019-12-27T13:44:12+00:00\",\"description\":\"Toda la informaci\u00f3n sobre: Eme3: Concepto Bottom-up a debateEme3: Concepto Bottom-up a debateEme3: Concepto Bottom-up at discussion\",\"breadcrumb\":{\"@id\":\"https:\\\/\\\/veredes.es\\\/blog\\\/eme3-concepto-bottom-up-a-debate\\\/#breadcrumb\"},\"inLanguage\":\"es\",\"potentialAction\":[{\"@type\":\"ReadAction\",\"target\":[\"https:\\\/\\\/veredes.es\\\/blog\\\/eme3-concepto-bottom-up-a-debate\\\/\"]}]},{\"@type\":\"ImageObject\",\"inLanguage\":\"es\",\"@id\":\"https:\\\/\\\/veredes.es\\\/blog\\\/eme3-concepto-bottom-up-a-debate\\\/#primaryimage\",\"url\":\"https:\\\/\\\/veredes.es\\\/blog\\\/wp-content\\\/uploads\\\/2012\\\/06\\\/eme3espaciopublico.jpg\",\"contentUrl\":\"https:\\\/\\\/veredes.es\\\/blog\\\/wp-content\\\/uploads\\\/2012\\\/06\\\/eme3espaciopublico.jpg\",\"width\":\"341\",\"height\":\"500\"},{\"@type\":\"BreadcrumbList\",\"@id\":\"https:\\\/\\\/veredes.es\\\/blog\\\/eme3-concepto-bottom-up-a-debate\\\/#breadcrumb\",\"itemListElement\":[{\"@type\":\"ListItem\",\"position\":1,\"name\":\"Portada\",\"item\":\"https:\\\/\\\/veredes.es\\\/blog\\\/\"},{\"@type\":\"ListItem\",\"position\":2,\"name\":\"Eme3: Concepto Bottom-up a debate\"}]},{\"@type\":\"WebSite\",\"@id\":\"https:\\\/\\\/veredes.es\\\/blog\\\/#website\",\"url\":\"https:\\\/\\\/veredes.es\\\/blog\\\/\",\"name\":\"veredes, arquitectura y divulgaci\u00f3n\",\"description\":\"veredes\",\"publisher\":{\"@id\":\"https:\\\/\\\/veredes.es\\\/blog\\\/#organization\"},\"alternateName\":\"veredes\",\"potentialAction\":[{\"@type\":\"SearchAction\",\"target\":{\"@type\":\"EntryPoint\",\"urlTemplate\":\"https:\\\/\\\/veredes.es\\\/blog\\\/?s={search_term_string}\"},\"query-input\":{\"@type\":\"PropertyValueSpecification\",\"valueRequired\":true,\"valueName\":\"search_term_string\"}}],\"inLanguage\":\"es\"},{\"@type\":\"Organization\",\"@id\":\"https:\\\/\\\/veredes.es\\\/blog\\\/#organization\",\"name\":\"veredes, arquitectura y divulgaci\u00f3n\",\"alternateName\":\"veredes\",\"url\":\"https:\\\/\\\/veredes.es\\\/blog\\\/\",\"logo\":{\"@type\":\"ImageObject\",\"inLanguage\":\"es\",\"@id\":\"https:\\\/\\\/veredes.es\\\/blog\\\/#\\\/schema\\\/logo\\\/image\\\/\",\"url\":\"https:\\\/\\\/veredes.es\\\/blog\\\/wp-content\\\/uploads\\\/2021\\\/12\\\/veredes-logo-centrado_140x54.png\",\"contentUrl\":\"https:\\\/\\\/veredes.es\\\/blog\\\/wp-content\\\/uploads\\\/2021\\\/12\\\/veredes-logo-centrado_140x54.png\",\"width\":140,\"height\":54,\"caption\":\"veredes, arquitectura y divulgaci\u00f3n\"},\"image\":{\"@id\":\"https:\\\/\\\/veredes.es\\\/blog\\\/#\\\/schema\\\/logo\\\/image\\\/\"},\"sameAs\":[\"https:\\\/\\\/www.facebook.com\\\/veredesArquitecturayDivulgacion\\\/\",\"https:\\\/\\\/x.com\\\/veredes\",\"https:\\\/\\\/instagram.com\\\/veredes\\\/\",\"https:\\\/\\\/www.linkedin.com\\\/company\\\/veredes-arquitectura-y-divulgacion\\\/\",\"https:\\\/\\\/es.pinterest.com\\\/veredes\\\/\",\"https:\\\/\\\/www.tumblr.com\\\/veredes\"]},{\"@type\":\"Person\",\"@id\":\"https:\\\/\\\/veredes.es\\\/blog\\\/#\\\/schema\\\/person\\\/0bbb669073ef7faba5168a0844e93d2c\",\"name\":\"veredes\",\"image\":{\"@type\":\"ImageObject\",\"inLanguage\":\"es\",\"@id\":\"https:\\\/\\\/veredes.es\\\/blog\\\/wp-content\\\/uploads\\\/2018\\\/04\\\/face-96x96.jpg\",\"url\":\"https:\\\/\\\/veredes.es\\\/blog\\\/wp-content\\\/uploads\\\/2018\\\/04\\\/face-96x96.jpg\",\"contentUrl\":\"https:\\\/\\\/veredes.es\\\/blog\\\/wp-content\\\/uploads\\\/2018\\\/04\\\/face-96x96.jpg\",\"caption\":\"veredes\"},\"description\":\"Surge enero de 2009 como b\u00fasqueda de satisfacer el conocimiento de la actividad arquitect\u00f3nica y tangentes que se generan. La idea es crear un espacio para divulgar los diversos proyectos en busca de nueva inspiraci\u00f3n y de intercambio.\",\"sameAs\":[\"https:\\\/\\\/veredes.es\\\/\",\"https:\\\/\\\/www.facebook.com\\\/veredesArquitecturayDivulgacion\\\/\",\"https:\\\/\\\/www.instagram.com\\\/veredes\\\/\",\"https:\\\/\\\/www.linkedin.com\\\/company\\\/veredes-arquitectura-y-divulgacion\\\/\",\"https:\\\/\\\/www.pinterest.es\\\/veredes\\\/\",\"https:\\\/\\\/x.com\\\/https:\\\/\\\/twitter.com\\\/veredes\",\"https:\\\/\\\/veredes.tumblr.com\\\/\"],\"url\":\"https:\\\/\\\/veredes.es\\\/blog\\\/author\\\/alberto\\\/\"}]}<\/script>\n<!-- \/ Yoast SEO plugin. -->","yoast_head_json":{"title":"Eme3: Concepto Bottom-up a debateEme3: Concepto Bottom-up a debateEme3: Concepto Bottom-up at discussion - veredes","description":"Toda la informaci\u00f3n sobre: Eme3: Concepto Bottom-up a debateEme3: Concepto Bottom-up a debateEme3: Concepto Bottom-up at discussion","robots":{"index":"index","follow":"follow","max-snippet":"max-snippet:-1","max-image-preview":"max-image-preview:large","max-video-preview":"max-video-preview:-1"},"canonical":"https:\/\/veredes.es\/blog\/eme3-concepto-bottom-up-a-debate\/","og_locale":"es_ES","og_type":"article","og_title":"Eme3: Concepto Bottom-up a debateEme3: Concepto Bottom-up a debateEme3: Concepto Bottom-up at discussion - veredes","og_description":"Toda la informaci\u00f3n sobre: Eme3: Concepto Bottom-up a debateEme3: Concepto Bottom-up a debateEme3: Concepto Bottom-up at discussion","og_url":"https:\/\/veredes.es\/blog\/eme3-concepto-bottom-up-a-debate\/","og_site_name":"veredes, arquitectura y divulgaci\u00f3n","article_publisher":"https:\/\/www.facebook.com\/veredesArquitecturayDivulgacion\/","article_author":"https:\/\/www.facebook.com\/veredesArquitecturayDivulgacion\/","article_published_time":"2012-06-28T04:02:04+00:00","article_modified_time":"2019-12-27T13:44:12+00:00","og_image":[{"width":341,"height":500,"url":"https:\/\/veredes.es\/blog\/wp-content\/uploads\/2012\/06\/eme3espaciopublico.jpg","type":"image\/jpeg"}],"author":"veredes","twitter_card":"summary_large_image","twitter_creator":"@https:\/\/twitter.com\/veredes","twitter_site":"@veredes","twitter_misc":{"Escrito por":"veredes","Tiempo de lectura":"7 minutos"},"schema":{"@context":"https:\/\/schema.org","@graph":[{"@type":"Article","@id":"https:\/\/veredes.es\/blog\/eme3-concepto-bottom-up-a-debate\/#article","isPartOf":{"@id":"https:\/\/veredes.es\/blog\/eme3-concepto-bottom-up-a-debate\/"},"author":{"name":"veredes","@id":"https:\/\/veredes.es\/blog\/#\/schema\/person\/0bbb669073ef7faba5168a0844e93d2c"},"headline":"Eme3: Concepto Bottom-up a debate","datePublished":"2012-06-28T04:02:04+00:00","dateModified":"2019-12-27T13:44:12+00:00","mainEntityOfPage":{"@id":"https:\/\/veredes.es\/blog\/eme3-concepto-bottom-up-a-debate\/"},"wordCount":1493,"commentCount":1,"publisher":{"@id":"https:\/\/veredes.es\/blog\/#organization"},"image":{"@id":"https:\/\/veredes.es\/blog\/eme3-concepto-bottom-up-a-debate\/#primaryimage"},"thumbnailUrl":"https:\/\/veredes.es\/blog\/wp-content\/uploads\/2012\/06\/eme3espaciopublico.jpg","keywords":["Ariadna Cantis","Barcelona","Catalu\u00f1a","debate","edgar gonz\u00e1lez","eme3","espacio p\u00fablico","Espa\u00f1a","Ethel Baraona Pohl","Europa","Koldo Lus Arana","Nerea Calvillo","paco gonz\u00e1lez","tiago mota"],"articleSection":["conferencias","cursos-talleres","eventos","exposiciones"],"inLanguage":"es","potentialAction":[{"@type":"CommentAction","name":"Comment","target":["https:\/\/veredes.es\/blog\/eme3-concepto-bottom-up-a-debate\/#respond"]}]},{"@type":"WebPage","@id":"https:\/\/veredes.es\/blog\/eme3-concepto-bottom-up-a-debate\/","url":"https:\/\/veredes.es\/blog\/eme3-concepto-bottom-up-a-debate\/","name":"Eme3: Concepto Bottom-up a debateEme3: Concepto Bottom-up a debateEme3: Concepto Bottom-up at discussion - veredes","isPartOf":{"@id":"https:\/\/veredes.es\/blog\/#website"},"primaryImageOfPage":{"@id":"https:\/\/veredes.es\/blog\/eme3-concepto-bottom-up-a-debate\/#primaryimage"},"image":{"@id":"https:\/\/veredes.es\/blog\/eme3-concepto-bottom-up-a-debate\/#primaryimage"},"thumbnailUrl":"https:\/\/veredes.es\/blog\/wp-content\/uploads\/2012\/06\/eme3espaciopublico.jpg","datePublished":"2012-06-28T04:02:04+00:00","dateModified":"2019-12-27T13:44:12+00:00","description":"Toda la informaci\u00f3n sobre: Eme3: Concepto Bottom-up a debateEme3: Concepto Bottom-up a debateEme3: Concepto Bottom-up at discussion","breadcrumb":{"@id":"https:\/\/veredes.es\/blog\/eme3-concepto-bottom-up-a-debate\/#breadcrumb"},"inLanguage":"es","potentialAction":[{"@type":"ReadAction","target":["https:\/\/veredes.es\/blog\/eme3-concepto-bottom-up-a-debate\/"]}]},{"@type":"ImageObject","inLanguage":"es","@id":"https:\/\/veredes.es\/blog\/eme3-concepto-bottom-up-a-debate\/#primaryimage","url":"https:\/\/veredes.es\/blog\/wp-content\/uploads\/2012\/06\/eme3espaciopublico.jpg","contentUrl":"https:\/\/veredes.es\/blog\/wp-content\/uploads\/2012\/06\/eme3espaciopublico.jpg","width":"341","height":"500"},{"@type":"BreadcrumbList","@id":"https:\/\/veredes.es\/blog\/eme3-concepto-bottom-up-a-debate\/#breadcrumb","itemListElement":[{"@type":"ListItem","position":1,"name":"Portada","item":"https:\/\/veredes.es\/blog\/"},{"@type":"ListItem","position":2,"name":"Eme3: Concepto Bottom-up a debate"}]},{"@type":"WebSite","@id":"https:\/\/veredes.es\/blog\/#website","url":"https:\/\/veredes.es\/blog\/","name":"veredes, arquitectura y divulgaci\u00f3n","description":"veredes","publisher":{"@id":"https:\/\/veredes.es\/blog\/#organization"},"alternateName":"veredes","potentialAction":[{"@type":"SearchAction","target":{"@type":"EntryPoint","urlTemplate":"https:\/\/veredes.es\/blog\/?s={search_term_string}"},"query-input":{"@type":"PropertyValueSpecification","valueRequired":true,"valueName":"search_term_string"}}],"inLanguage":"es"},{"@type":"Organization","@id":"https:\/\/veredes.es\/blog\/#organization","name":"veredes, arquitectura y divulgaci\u00f3n","alternateName":"veredes","url":"https:\/\/veredes.es\/blog\/","logo":{"@type":"ImageObject","inLanguage":"es","@id":"https:\/\/veredes.es\/blog\/#\/schema\/logo\/image\/","url":"https:\/\/veredes.es\/blog\/wp-content\/uploads\/2021\/12\/veredes-logo-centrado_140x54.png","contentUrl":"https:\/\/veredes.es\/blog\/wp-content\/uploads\/2021\/12\/veredes-logo-centrado_140x54.png","width":140,"height":54,"caption":"veredes, arquitectura y divulgaci\u00f3n"},"image":{"@id":"https:\/\/veredes.es\/blog\/#\/schema\/logo\/image\/"},"sameAs":["https:\/\/www.facebook.com\/veredesArquitecturayDivulgacion\/","https:\/\/x.com\/veredes","https:\/\/instagram.com\/veredes\/","https:\/\/www.linkedin.com\/company\/veredes-arquitectura-y-divulgacion\/","https:\/\/es.pinterest.com\/veredes\/","https:\/\/www.tumblr.com\/veredes"]},{"@type":"Person","@id":"https:\/\/veredes.es\/blog\/#\/schema\/person\/0bbb669073ef7faba5168a0844e93d2c","name":"veredes","image":{"@type":"ImageObject","inLanguage":"es","@id":"https:\/\/veredes.es\/blog\/wp-content\/uploads\/2018\/04\/face-96x96.jpg","url":"https:\/\/veredes.es\/blog\/wp-content\/uploads\/2018\/04\/face-96x96.jpg","contentUrl":"https:\/\/veredes.es\/blog\/wp-content\/uploads\/2018\/04\/face-96x96.jpg","caption":"veredes"},"description":"Surge enero de 2009 como b\u00fasqueda de satisfacer el conocimiento de la actividad arquitect\u00f3nica y tangentes que se generan. La idea es crear un espacio para divulgar los diversos proyectos en busca de nueva inspiraci\u00f3n y de intercambio.","sameAs":["https:\/\/veredes.es\/","https:\/\/www.facebook.com\/veredesArquitecturayDivulgacion\/","https:\/\/www.instagram.com\/veredes\/","https:\/\/www.linkedin.com\/company\/veredes-arquitectura-y-divulgacion\/","https:\/\/www.pinterest.es\/veredes\/","https:\/\/x.com\/https:\/\/twitter.com\/veredes","https:\/\/veredes.tumblr.com\/"],"url":"https:\/\/veredes.es\/blog\/author\/alberto\/"}]}},"_links":{"self":[{"href":"https:\/\/veredes.es\/blog\/wp-json\/wp\/v2\/posts\/23105","targetHints":{"allow":["GET"]}}],"collection":[{"href":"https:\/\/veredes.es\/blog\/wp-json\/wp\/v2\/posts"}],"about":[{"href":"https:\/\/veredes.es\/blog\/wp-json\/wp\/v2\/types\/post"}],"author":[{"embeddable":true,"href":"https:\/\/veredes.es\/blog\/wp-json\/wp\/v2\/users\/2"}],"replies":[{"embeddable":true,"href":"https:\/\/veredes.es\/blog\/wp-json\/wp\/v2\/comments?post=23105"}],"version-history":[{"count":0,"href":"https:\/\/veredes.es\/blog\/wp-json\/wp\/v2\/posts\/23105\/revisions"}],"wp:featuredmedia":[{"embeddable":true,"href":"https:\/\/veredes.es\/blog\/wp-json\/wp\/v2\/media\/23107"}],"wp:attachment":[{"href":"https:\/\/veredes.es\/blog\/wp-json\/wp\/v2\/media?parent=23105"}],"wp:term":[{"taxonomy":"category","embeddable":true,"href":"https:\/\/veredes.es\/blog\/wp-json\/wp\/v2\/categories?post=23105"},{"taxonomy":"post_tag","embeddable":true,"href":"https:\/\/veredes.es\/blog\/wp-json\/wp\/v2\/tags?post=23105"}],"curies":[{"name":"wp","href":"https:\/\/api.w.org\/{rel}","templated":true}]}}