{"id":22440,"date":"2012-06-07T06:00:25","date_gmt":"2012-06-07T06:00:25","guid":{"rendered":"http:\/\/veredes.es\/blog\/?p=22440"},"modified":"2019-03-11T20:07:37","modified_gmt":"2019-03-11T19:07:37","slug":"casa-manifesto-infiniski-manifesto-house-jamesmau","status":"publish","type":"post","link":"https:\/\/veredes.es\/blog\/casa-manifesto-infiniski-manifesto-house-jamesmau\/","title":{"rendered":"Casa Manifesto [Infiniski Manifesto House] | James&#038;Mau"},"content":{"rendered":"<p><\/p>\n<p style=\"text-align: justify;\">En el alto de una colina como si de un castillo o fortaleza se\u00a0 tratase, ubic\u00e1ndose estrat\u00e9gicamente y dominando un paisaje maravilloso, esta casa genera una permeabilidad en su eje este-oeste desvaneci\u00e9ndose sobre el paisaje a trav\u00e9s de un gran espacio acristalado como quien est\u00e1 bajo un gran puente en la mitad de la nada\u2026 este efecto al estar en la zona m\u00e1s social de la casa da una especial magia y calidez a este lugar donde ver el amanecer o el atardecer puede ser toda una experiencia l\u00fadica.<\/p>\n<p style=\"text-align: justify;\">La casa se distribuye alrededor de este gran espacio con vol\u00famenes mucho m\u00e1s cerrados\u00a0 en el eje norte-sur contrastando con el lado abierto y generando as\u00ed una tensi\u00f3n volum\u00e9trica hacia una de las vistas, al mismo tiempo son el sistema constructivo de la casa pero que de una manera intencionada son vestidos por una piel que jugando a trav\u00e9s de sus elementos horizontales genera una riqueza de luz y sombra que a su vez desmaterializan los vol\u00famenes completando\u00a0 as\u00ed\u00a0 en su conjunto\u00a0 un objeto arquitect\u00f3nico vivo y en posici\u00f3n de \u201cstand by\u201d.<\/p>\n<p style=\"text-align: justify;\"><a href=\"http:\/\/veredes.es\/blog\/wp-content\/uploads\/2012\/06\/casamanifiesto_JamesMau_10_ext01.jpg\"><img loading=\"lazy\" decoding=\"async\" title=\"casamanifiesto_James&amp;Mau_10_ext01\" src=\"http:\/\/veredes.es\/blog\/wp-content\/uploads\/2012\/06\/casamanifiesto_JamesMau_10_ext01.jpg\" alt=\"\" width=\"620\" height=\"403\" \/><\/a><\/p>\n<p style=\"text-align: justify;\">Dise\u00f1o de James&amp;Mau para Infiniski mostrando la mayor potencialidad posible del concepto Infiniski: dise\u00f1o bioclim\u00e1tico, reciclaje, reutilizaci\u00f3n y reducci\u00f3n de materiales de construcci\u00f3n, materiales y sistemas constructivos no contaminantes, utilizaci\u00f3n de energ\u00edas renovables.<\/p>\n<p style=\"text-align: justify;\">Casa de 160m2 interiores divida\u00a0 en dos plantas: un sal\u00f3n-comedor, cocina, habitaci\u00f3n, ba\u00f1o y terrazas en planta baja; Habitaci\u00f3n principal con su\u00a0 ba\u00f1o, estar, dos habitaciones con ba\u00f1o compartido y terrazas en segunda planta.<\/p>\n<p style=\"text-align: justify;\">El sistema constructivo funciona en base a un dise\u00f1o modular, prefabricado en taller \u00a0que permite limitar los gastos de transporte y de contaminaci\u00f3n en obra. El sistema modular permite pensar la realizaci\u00f3n completa de la casa integrando posibles ampliaciones r\u00e1pidas y coherentes en caso de que las necesidades de espacio del cliente vayan a cambiar con el tiempo. La Estructura consta de \u00a0tres\u00a0 contenedores mar\u00edtimos reutilizados. Un contenedor dividido en dos partes a su vez\u00a0 separadas sirve como soporte estructural de los dos contenedores de la planta primera. Esta estructura con forma de p\u00f3rtico crea un espacio \u201cinter-contenedores\u201d que regala\u00a0 una superficie extra, de manera que con s\u00f3lo tres contenedores (90m2) se consiguen 160m2. As\u00ed se reduce cuantiosamente el uso de material.\u00a0 A su vez el p\u00f3rtico se desplaza ligeramente en un lado\u00a0 para crear espacios\u00a0 exteriores con uso de terraza.<\/p>\n<p style=\"text-align: justify;\"><strong>Form follows Energy.<\/strong> La forma de la casa responde a un\u00a0 Dise\u00f1o bioclim\u00e1tico que se adapta seg\u00fan\u00a0\u00a0 la incidencia de los\u00a0 elementos clim\u00e1ticos del lugar. As\u00ed pues la casa est\u00e1 formada mediante un sistema de viga puente (p\u00f3rtico) en planta primera que crea un vano en la planta baja. \u00c9ste se acristala en las fachadas opuestas de manera que reciban sol durante todo el d\u00eda y permite una m\u00e1xima ventilaci\u00f3n. La casa (p\u00f3rtico) se deforma en el eje norte-sur buscando y protegi\u00e9ndose a la vez de la radiaci\u00f3n solar del norte (hemisferio sur). La casa \u201cse viste y se desviste\u201d en verano y en invierno mediante una piel Solar transventilada tanto en fachadas como en cubiertas (c\u00e1mara de aire de separaci\u00f3n entre piel y fachada\/ cubierta de contenedor). Se viste con la piel en verano para protegerse del sol creando un efecto de refrigeraci\u00f3n natural pasivo. Se desviste en invierno para permitir la incidencia del sol ya sea sobre la chapa del contenedor o sobre los ventanales y crear un efecto de calefacci\u00f3n natural pasivo.<\/p>\n<p style=\"text-align: justify;\">Se utilizaron dos tipos de piel en fachada: una a base de lamas de madera horizontales fijas y otra de pallets m\u00f3viles que se pueden abrir de manera individual para controlar la radiaci\u00f3n solar. La piel de la cubierta es una ligera malla de quitaip\u00f3n seg\u00fan la estaci\u00f3n del\u00a0 a\u00f1o. La piel sirve adem\u00e1s como acabado est\u00e9tico\u00a0 que se integra en su entorno rural.<\/p>\n<p style=\"text-align: justify;\">Las p\u00e9rgolas, permiten controlar la entrada del sol directo a trav\u00e9s de los ventanales. En el invierno se levantan al m\u00e1ximo para permitir la entrada del sol m\u00e1s tendido y generar un efecto invernadero en el interior. En verano se bajan m\u00e1s o menos dependiendo\u00a0 de la hora del d\u00eda y de la temperatura exterior para un efecto de ventilaci\u00f3n natural.<\/p>\n<p style=\"text-align: justify;\">El Cerramiento interior est\u00e1 conformado por aislamiento de celulosa reciclada proyectada sobre el interior de la chapa del contenedor\u00a0 y acabado con paneles ecol\u00f3gicos de fibra de celulosa y yeso.<\/p>\n<p style=\"text-align: justify;\">Con estos elementos de aislamiento t\u00e9rmico pasivos, y la incorporaci\u00f3n de tecnolog\u00eda de energ\u00edas alternativas (paneles t\u00e9rmico solar)\u00a0 la casa logra una autonom\u00eda energ\u00e9tica\u00a0 del\u00a0 70%.<\/p>\n<p style=\"text-align: justify;\">Materiales Reciclados, reutilizados y no contaminantes:<\/p>\n<p>Contenedores mar\u00edtimos reutilizados 40\u2019 High Cube para estructura y cerramientos<\/p>\n<p>Pallets reutilizados para piel exterior<\/p>\n<p>Madera de bosque sostenible para lamas de piel exterior<\/p>\n<p>Celulosa proyectada de papel de diario reciclado para aislamiento de cerramientos<\/p>\n<p>Paneles de fibra de celulosa reciclada y yeso natural para formaci\u00f3n de\u00a0 paramentos interiores<\/p>\n<p>Acero galvanizado reciclado para estructura de paramentos interiores<\/p>\n<p>Corcho natural ecol\u00f3gico para aislamiento\u00a0 t\u00e9rmico ecol\u00f3gico bajo suelos<\/p>\n<p>Contrachapado 30mm original del contenedor pulido y barnizado para suelos interiores<\/p>\n<p>Madera de Laurel reutilizada de suelos de demolici\u00f3n para muebles de cocina y armarios<\/p>\n<p>Madera de pino Oreg\u00f3n reutilizada de vigas\u00a0 de demolici\u00f3n para pelda\u00f1os de escalera<\/p>\n<p>Fallebas (barras verticales de cierre) de puertas de contenedores reutilizadas como barandilla de escalera<\/p>\n<p>Pintura ecol\u00f3gica<\/p>\n<p>Azulejos \u201ceco-label\u201d para alicatados de ba\u00f1os<\/p>\n<p>La casa logra un 85% (medido en peso) de materiales reciclados, reutilizados y\/o\u00a0 no contaminantes<\/p>\n<div id='gallery-1' class='gallery galleryid-22440 gallery-columns-4 gallery-size-thumbnail'><figure class='gallery-item'>\n\t\t\t<div class='gallery-icon landscape'>\n\t\t\t\t<a href='https:\/\/veredes.es\/blog\/wp-content\/uploads\/2012\/06\/casamanifiesto_JamesMau_01_sit.jpg'><img loading=\"lazy\" decoding=\"async\" width=\"120\" height=\"120\" src=\"https:\/\/veredes.es\/blog\/wp-content\/uploads\/2012\/06\/casamanifiesto_JamesMau_01_sit-150x150.jpg\" class=\"attachment-thumbnail size-thumbnail\" alt=\"\" srcset=\"https:\/\/veredes.es\/blog\/wp-content\/uploads\/2012\/06\/casamanifiesto_JamesMau_01_sit-150x150.jpg 150w, https:\/\/veredes.es\/blog\/wp-content\/uploads\/2012\/06\/casamanifiesto_JamesMau_01_sit-120x120.jpg 120w\" sizes=\"auto, (max-width: 120px) 100vw, 120px\" \/><\/a>\n\t\t\t<\/div><\/figure><figure class='gallery-item'>\n\t\t\t<div class='gallery-icon landscape'>\n\t\t\t\t<a href='https:\/\/veredes.es\/blog\/wp-content\/uploads\/2012\/06\/casamanifiesto_JamesMau_02_p1.jpg'><img loading=\"lazy\" decoding=\"async\" width=\"120\" height=\"120\" src=\"https:\/\/veredes.es\/blog\/wp-content\/uploads\/2012\/06\/casamanifiesto_JamesMau_02_p1-150x150.jpg\" class=\"attachment-thumbnail size-thumbnail\" alt=\"\" srcset=\"https:\/\/veredes.es\/blog\/wp-content\/uploads\/2012\/06\/casamanifiesto_JamesMau_02_p1-150x150.jpg 150w, https:\/\/veredes.es\/blog\/wp-content\/uploads\/2012\/06\/casamanifiesto_JamesMau_02_p1-120x120.jpg 120w\" sizes=\"auto, (max-width: 120px) 100vw, 120px\" \/><\/a>\n\t\t\t<\/div><\/figure><figure class='gallery-item'>\n\t\t\t<div class='gallery-icon landscape'>\n\t\t\t\t<a href='https:\/\/veredes.es\/blog\/wp-content\/uploads\/2012\/06\/casamanifiesto_JamesMau_03_p0.jpg'><img loading=\"lazy\" decoding=\"async\" width=\"120\" height=\"120\" src=\"https:\/\/veredes.es\/blog\/wp-content\/uploads\/2012\/06\/casamanifiesto_JamesMau_03_p0-150x150.jpg\" class=\"attachment-thumbnail size-thumbnail\" alt=\"\" srcset=\"https:\/\/veredes.es\/blog\/wp-content\/uploads\/2012\/06\/casamanifiesto_JamesMau_03_p0-150x150.jpg 150w, https:\/\/veredes.es\/blog\/wp-content\/uploads\/2012\/06\/casamanifiesto_JamesMau_03_p0-120x120.jpg 120w\" sizes=\"auto, (max-width: 120px) 100vw, 120px\" \/><\/a>\n\t\t\t<\/div><\/figure><figure class='gallery-item'>\n\t\t\t<div class='gallery-icon landscape'>\n\t\t\t\t<a href='https:\/\/veredes.es\/blog\/wp-content\/uploads\/2012\/06\/casamanifiesto_JamesMau_04_alz-este.jpg'><img loading=\"lazy\" decoding=\"async\" width=\"120\" height=\"120\" src=\"https:\/\/veredes.es\/blog\/wp-content\/uploads\/2012\/06\/casamanifiesto_JamesMau_04_alz-este-150x150.jpg\" class=\"attachment-thumbnail size-thumbnail\" alt=\"\" srcset=\"https:\/\/veredes.es\/blog\/wp-content\/uploads\/2012\/06\/casamanifiesto_JamesMau_04_alz-este-150x150.jpg 150w, https:\/\/veredes.es\/blog\/wp-content\/uploads\/2012\/06\/casamanifiesto_JamesMau_04_alz-este-120x120.jpg 120w\" sizes=\"auto, (max-width: 120px) 100vw, 120px\" \/><\/a>\n\t\t\t<\/div><\/figure><figure class='gallery-item'>\n\t\t\t<div class='gallery-icon landscape'>\n\t\t\t\t<a href='https:\/\/veredes.es\/blog\/wp-content\/uploads\/2012\/06\/casamanifiesto_JamesMau_05_alz-oeste.jpg'><img loading=\"lazy\" decoding=\"async\" width=\"120\" height=\"120\" src=\"https:\/\/veredes.es\/blog\/wp-content\/uploads\/2012\/06\/casamanifiesto_JamesMau_05_alz-oeste-150x150.jpg\" class=\"attachment-thumbnail size-thumbnail\" alt=\"\" srcset=\"https:\/\/veredes.es\/blog\/wp-content\/uploads\/2012\/06\/casamanifiesto_JamesMau_05_alz-oeste-150x150.jpg 150w, https:\/\/veredes.es\/blog\/wp-content\/uploads\/2012\/06\/casamanifiesto_JamesMau_05_alz-oeste-120x120.jpg 120w\" sizes=\"auto, (max-width: 120px) 100vw, 120px\" \/><\/a>\n\t\t\t<\/div><\/figure><figure class='gallery-item'>\n\t\t\t<div class='gallery-icon landscape'>\n\t\t\t\t<a href='https:\/\/veredes.es\/blog\/wp-content\/uploads\/2012\/06\/casamanifiesto_JamesMau_06_alz-nor-sectr01.jpg'><img loading=\"lazy\" decoding=\"async\" width=\"120\" height=\"120\" src=\"https:\/\/veredes.es\/blog\/wp-content\/uploads\/2012\/06\/casamanifiesto_JamesMau_06_alz-nor-sectr01-150x150.jpg\" class=\"attachment-thumbnail size-thumbnail\" alt=\"\" srcset=\"https:\/\/veredes.es\/blog\/wp-content\/uploads\/2012\/06\/casamanifiesto_JamesMau_06_alz-nor-sectr01-150x150.jpg 150w, https:\/\/veredes.es\/blog\/wp-content\/uploads\/2012\/06\/casamanifiesto_JamesMau_06_alz-nor-sectr01-120x120.jpg 120w\" sizes=\"auto, (max-width: 120px) 100vw, 120px\" \/><\/a>\n\t\t\t<\/div><\/figure><figure class='gallery-item'>\n\t\t\t<div class='gallery-icon landscape'>\n\t\t\t\t<a href='https:\/\/veredes.es\/blog\/wp-content\/uploads\/2012\/06\/casamanifiesto_JamesMau_07_sectr02.jpg'><img loading=\"lazy\" decoding=\"async\" width=\"120\" height=\"120\" src=\"https:\/\/veredes.es\/blog\/wp-content\/uploads\/2012\/06\/casamanifiesto_JamesMau_07_sectr02-150x150.jpg\" class=\"attachment-thumbnail size-thumbnail\" alt=\"\" srcset=\"https:\/\/veredes.es\/blog\/wp-content\/uploads\/2012\/06\/casamanifiesto_JamesMau_07_sectr02-150x150.jpg 150w, https:\/\/veredes.es\/blog\/wp-content\/uploads\/2012\/06\/casamanifiesto_JamesMau_07_sectr02-120x120.jpg 120w\" sizes=\"auto, (max-width: 120px) 100vw, 120px\" \/><\/a>\n\t\t\t<\/div><\/figure><figure class='gallery-item'>\n\t\t\t<div class='gallery-icon landscape'>\n\t\t\t\t<a href='https:\/\/veredes.es\/blog\/wp-content\/uploads\/2012\/06\/casamanifiesto_JamesMau_08_seclong01.jpg'><img loading=\"lazy\" decoding=\"async\" width=\"120\" height=\"120\" src=\"https:\/\/veredes.es\/blog\/wp-content\/uploads\/2012\/06\/casamanifiesto_JamesMau_08_seclong01-150x150.jpg\" class=\"attachment-thumbnail size-thumbnail\" alt=\"\" srcset=\"https:\/\/veredes.es\/blog\/wp-content\/uploads\/2012\/06\/casamanifiesto_JamesMau_08_seclong01-150x150.jpg 150w, https:\/\/veredes.es\/blog\/wp-content\/uploads\/2012\/06\/casamanifiesto_JamesMau_08_seclong01-120x120.jpg 120w\" sizes=\"auto, (max-width: 120px) 100vw, 120px\" \/><\/a>\n\t\t\t<\/div><\/figure><figure class='gallery-item'>\n\t\t\t<div class='gallery-icon landscape'>\n\t\t\t\t<a href='https:\/\/veredes.es\/blog\/wp-content\/uploads\/2012\/06\/casamanifiesto_JamesMau_09_seclong02.jpg'><img loading=\"lazy\" decoding=\"async\" width=\"120\" height=\"120\" src=\"https:\/\/veredes.es\/blog\/wp-content\/uploads\/2012\/06\/casamanifiesto_JamesMau_09_seclong02-150x150.jpg\" class=\"attachment-thumbnail size-thumbnail\" alt=\"\" srcset=\"https:\/\/veredes.es\/blog\/wp-content\/uploads\/2012\/06\/casamanifiesto_JamesMau_09_seclong02-150x150.jpg 150w, https:\/\/veredes.es\/blog\/wp-content\/uploads\/2012\/06\/casamanifiesto_JamesMau_09_seclong02-120x120.jpg 120w\" sizes=\"auto, (max-width: 120px) 100vw, 120px\" \/><\/a>\n\t\t\t<\/div><\/figure><figure class='gallery-item'>\n\t\t\t<div class='gallery-icon landscape'>\n\t\t\t\t<a href='https:\/\/veredes.es\/blog\/wp-content\/uploads\/2012\/06\/casamanifiesto_JamesMau_10_ext01.jpg'><img loading=\"lazy\" decoding=\"async\" width=\"120\" height=\"120\" src=\"https:\/\/veredes.es\/blog\/wp-content\/uploads\/2012\/06\/casamanifiesto_JamesMau_10_ext01-150x150.jpg\" class=\"attachment-thumbnail size-thumbnail\" alt=\"\" srcset=\"https:\/\/veredes.es\/blog\/wp-content\/uploads\/2012\/06\/casamanifiesto_JamesMau_10_ext01-150x150.jpg 150w, https:\/\/veredes.es\/blog\/wp-content\/uploads\/2012\/06\/casamanifiesto_JamesMau_10_ext01-120x120.jpg 120w\" sizes=\"auto, (max-width: 120px) 100vw, 120px\" \/><\/a>\n\t\t\t<\/div><\/figure><figure class='gallery-item'>\n\t\t\t<div class='gallery-icon landscape'>\n\t\t\t\t<a href='https:\/\/veredes.es\/blog\/wp-content\/uploads\/2012\/06\/casamanifiesto_JamesMau_11_ext02.jpg'><img loading=\"lazy\" decoding=\"async\" width=\"120\" height=\"120\" src=\"https:\/\/veredes.es\/blog\/wp-content\/uploads\/2012\/06\/casamanifiesto_JamesMau_11_ext02-150x150.jpg\" class=\"attachment-thumbnail size-thumbnail\" alt=\"\" srcset=\"https:\/\/veredes.es\/blog\/wp-content\/uploads\/2012\/06\/casamanifiesto_JamesMau_11_ext02-150x150.jpg 150w, https:\/\/veredes.es\/blog\/wp-content\/uploads\/2012\/06\/casamanifiesto_JamesMau_11_ext02-120x120.jpg 120w\" sizes=\"auto, (max-width: 120px) 100vw, 120px\" \/><\/a>\n\t\t\t<\/div><\/figure><figure class='gallery-item'>\n\t\t\t<div class='gallery-icon portrait'>\n\t\t\t\t<a href='https:\/\/veredes.es\/blog\/wp-content\/uploads\/2012\/06\/casamanifiesto_JamesMau_12_ext03.jpg'><img loading=\"lazy\" decoding=\"async\" width=\"120\" height=\"120\" src=\"https:\/\/veredes.es\/blog\/wp-content\/uploads\/2012\/06\/casamanifiesto_JamesMau_12_ext03-150x150.jpg\" class=\"attachment-thumbnail size-thumbnail\" alt=\"\" srcset=\"https:\/\/veredes.es\/blog\/wp-content\/uploads\/2012\/06\/casamanifiesto_JamesMau_12_ext03-150x150.jpg 150w, https:\/\/veredes.es\/blog\/wp-content\/uploads\/2012\/06\/casamanifiesto_JamesMau_12_ext03-120x120.jpg 120w\" sizes=\"auto, (max-width: 120px) 100vw, 120px\" \/><\/a>\n\t\t\t<\/div><\/figure><figure class='gallery-item'>\n\t\t\t<div class='gallery-icon landscape'>\n\t\t\t\t<a href='https:\/\/veredes.es\/blog\/wp-content\/uploads\/2012\/06\/casamanifiesto_JamesMau_13_ext04.jpg'><img loading=\"lazy\" decoding=\"async\" width=\"120\" height=\"120\" src=\"https:\/\/veredes.es\/blog\/wp-content\/uploads\/2012\/06\/casamanifiesto_JamesMau_13_ext04-150x150.jpg\" class=\"attachment-thumbnail size-thumbnail\" alt=\"\" srcset=\"https:\/\/veredes.es\/blog\/wp-content\/uploads\/2012\/06\/casamanifiesto_JamesMau_13_ext04-150x150.jpg 150w, https:\/\/veredes.es\/blog\/wp-content\/uploads\/2012\/06\/casamanifiesto_JamesMau_13_ext04-120x120.jpg 120w\" sizes=\"auto, (max-width: 120px) 100vw, 120px\" \/><\/a>\n\t\t\t<\/div><\/figure><figure class='gallery-item'>\n\t\t\t<div class='gallery-icon landscape'>\n\t\t\t\t<a href='https:\/\/veredes.es\/blog\/wp-content\/uploads\/2012\/06\/casamanifiesto_JamesMau_14_ext05.jpg'><img loading=\"lazy\" decoding=\"async\" width=\"120\" height=\"120\" src=\"https:\/\/veredes.es\/blog\/wp-content\/uploads\/2012\/06\/casamanifiesto_JamesMau_14_ext05-150x150.jpg\" class=\"attachment-thumbnail size-thumbnail\" alt=\"\" srcset=\"https:\/\/veredes.es\/blog\/wp-content\/uploads\/2012\/06\/casamanifiesto_JamesMau_14_ext05-150x150.jpg 150w, https:\/\/veredes.es\/blog\/wp-content\/uploads\/2012\/06\/casamanifiesto_JamesMau_14_ext05-120x120.jpg 120w\" sizes=\"auto, (max-width: 120px) 100vw, 120px\" \/><\/a>\n\t\t\t<\/div><\/figure><figure class='gallery-item'>\n\t\t\t<div class='gallery-icon landscape'>\n\t\t\t\t<a href='https:\/\/veredes.es\/blog\/wp-content\/uploads\/2012\/06\/casamanifiesto_JamesMau_15_ext06.jpg'><img loading=\"lazy\" decoding=\"async\" width=\"120\" height=\"120\" src=\"https:\/\/veredes.es\/blog\/wp-content\/uploads\/2012\/06\/casamanifiesto_JamesMau_15_ext06-150x150.jpg\" class=\"attachment-thumbnail size-thumbnail\" alt=\"\" srcset=\"https:\/\/veredes.es\/blog\/wp-content\/uploads\/2012\/06\/casamanifiesto_JamesMau_15_ext06-150x150.jpg 150w, https:\/\/veredes.es\/blog\/wp-content\/uploads\/2012\/06\/casamanifiesto_JamesMau_15_ext06-120x120.jpg 120w\" sizes=\"auto, (max-width: 120px) 100vw, 120px\" \/><\/a>\n\t\t\t<\/div><\/figure><figure class='gallery-item'>\n\t\t\t<div class='gallery-icon landscape'>\n\t\t\t\t<a href='https:\/\/veredes.es\/blog\/wp-content\/uploads\/2012\/06\/casamanifiesto_JamesMau_16_ext07.jpg'><img loading=\"lazy\" decoding=\"async\" width=\"120\" height=\"120\" src=\"https:\/\/veredes.es\/blog\/wp-content\/uploads\/2012\/06\/casamanifiesto_JamesMau_16_ext07-150x150.jpg\" class=\"attachment-thumbnail size-thumbnail\" alt=\"\" srcset=\"https:\/\/veredes.es\/blog\/wp-content\/uploads\/2012\/06\/casamanifiesto_JamesMau_16_ext07-150x150.jpg 150w, https:\/\/veredes.es\/blog\/wp-content\/uploads\/2012\/06\/casamanifiesto_JamesMau_16_ext07-120x120.jpg 120w\" sizes=\"auto, (max-width: 120px) 100vw, 120px\" \/><\/a>\n\t\t\t<\/div><\/figure><figure class='gallery-item'>\n\t\t\t<div class='gallery-icon landscape'>\n\t\t\t\t<a href='https:\/\/veredes.es\/blog\/wp-content\/uploads\/2012\/06\/casamanifiesto_JamesMau_17_ext08.jpg'><img loading=\"lazy\" decoding=\"async\" width=\"120\" height=\"120\" src=\"https:\/\/veredes.es\/blog\/wp-content\/uploads\/2012\/06\/casamanifiesto_JamesMau_17_ext08-150x150.jpg\" class=\"attachment-thumbnail size-thumbnail\" alt=\"\" srcset=\"https:\/\/veredes.es\/blog\/wp-content\/uploads\/2012\/06\/casamanifiesto_JamesMau_17_ext08-150x150.jpg 150w, https:\/\/veredes.es\/blog\/wp-content\/uploads\/2012\/06\/casamanifiesto_JamesMau_17_ext08-120x120.jpg 120w\" sizes=\"auto, (max-width: 120px) 100vw, 120px\" \/><\/a>\n\t\t\t<\/div><\/figure><figure class='gallery-item'>\n\t\t\t<div class='gallery-icon landscape'>\n\t\t\t\t<a href='https:\/\/veredes.es\/blog\/wp-content\/uploads\/2012\/06\/casamanifiesto_JamesMau_18_int01.jpg'><img loading=\"lazy\" decoding=\"async\" width=\"120\" height=\"120\" src=\"https:\/\/veredes.es\/blog\/wp-content\/uploads\/2012\/06\/casamanifiesto_JamesMau_18_int01-150x150.jpg\" class=\"attachment-thumbnail size-thumbnail\" alt=\"\" srcset=\"https:\/\/veredes.es\/blog\/wp-content\/uploads\/2012\/06\/casamanifiesto_JamesMau_18_int01-150x150.jpg 150w, https:\/\/veredes.es\/blog\/wp-content\/uploads\/2012\/06\/casamanifiesto_JamesMau_18_int01-120x120.jpg 120w\" sizes=\"auto, (max-width: 120px) 100vw, 120px\" \/><\/a>\n\t\t\t<\/div><\/figure><figure class='gallery-item'>\n\t\t\t<div class='gallery-icon landscape'>\n\t\t\t\t<a href='https:\/\/veredes.es\/blog\/wp-content\/uploads\/2012\/06\/casamanifiesto_JamesMau_19_int02.jpg'><img loading=\"lazy\" decoding=\"async\" width=\"120\" height=\"120\" src=\"https:\/\/veredes.es\/blog\/wp-content\/uploads\/2012\/06\/casamanifiesto_JamesMau_19_int02-150x150.jpg\" class=\"attachment-thumbnail size-thumbnail\" alt=\"\" srcset=\"https:\/\/veredes.es\/blog\/wp-content\/uploads\/2012\/06\/casamanifiesto_JamesMau_19_int02-150x150.jpg 150w, https:\/\/veredes.es\/blog\/wp-content\/uploads\/2012\/06\/casamanifiesto_JamesMau_19_int02-120x120.jpg 120w\" sizes=\"auto, (max-width: 120px) 100vw, 120px\" \/><\/a>\n\t\t\t<\/div><\/figure><figure class='gallery-item'>\n\t\t\t<div class='gallery-icon portrait'>\n\t\t\t\t<a href='https:\/\/veredes.es\/blog\/wp-content\/uploads\/2012\/06\/casamanifiesto_JamesMau_20_int03.jpg'><img loading=\"lazy\" decoding=\"async\" width=\"120\" height=\"120\" src=\"https:\/\/veredes.es\/blog\/wp-content\/uploads\/2012\/06\/casamanifiesto_JamesMau_20_int03-150x150.jpg\" class=\"attachment-thumbnail size-thumbnail\" alt=\"\" srcset=\"https:\/\/veredes.es\/blog\/wp-content\/uploads\/2012\/06\/casamanifiesto_JamesMau_20_int03-150x150.jpg 150w, https:\/\/veredes.es\/blog\/wp-content\/uploads\/2012\/06\/casamanifiesto_JamesMau_20_int03-120x120.jpg 120w\" sizes=\"auto, (max-width: 120px) 100vw, 120px\" \/><\/a>\n\t\t\t<\/div><\/figure>\n\t\t<\/div>\n\n<p>Obra: Casa unifamiliar en el campo [Infiniski Manifesto House]<br \/>\nAutor: Jaime Gaztelu Gonz\u00e1lez- Camino y Mauricio Galeano Escobar [James &amp; Mau]<br \/>\nLugar: Curacav\u00ed, Regi\u00f3n Metropolitana de Santiago, Chile.<br \/>\nA\u00f1o: 2009<br \/>\nConstructor: Infiniski ( www.infiniski.com)<br \/>\nEnerg\u00eda renovable: Infiniski + Geotek<br \/>\nMetros construidos: 160 m2<br \/>\nTiempo: 90 d\u00edas<br \/>\nFotograf\u00eda: Antonio Corcuera<br \/>\nDecoraci\u00f3n\/muebles: C\u00f3modo Studio<br \/>\n<span style=\"color: #888888;\">+ www.jamesandmau.com<\/span><\/p>","protected":false},"excerpt":{"rendered":"<p>En el alto de una colina como si de un castillo o fortaleza se\u00a0 tratase, ubic\u00e1ndose estrat\u00e9gicamente y dominando un paisaje maravilloso, esta casa genera una permeabilidad en su eje este-oeste desvaneci\u00e9ndose sobre el paisaje a trav\u00e9s de un gran espacio acristalado como quien est\u00e1 bajo un gran puente en la mitad de la nada\u2026 [&hellip;]<\/p>\n","protected":false},"author":2,"featured_media":22597,"comment_status":"open","ping_status":"closed","sticky":false,"template":"","format":"standard","meta":{"footnotes":""},"categories":[34,23,59],"tags":[6682,309,708,4921,4920,4922,1091,2001,12455],"class_list":{"0":"post-22440","1":"post","2":"type-post","3":"status-publish","4":"format-standard","5":"has-post-thumbnail","7":"category-arquitectura","8":"category-obras","9":"category-vivienda-unifamiliar","10":"tag-arquitectura-chilena","11":"tag-chile","12":"tag-industrializacion","13":"tag-jaime-gaztelu-gonzalez-camino","14":"tag-jamesmau","15":"tag-mauricio-galeano-escobar","16":"tag-prefabricacion","17":"tag-sudamerica","18":"tag-vivienda-unifamiliar"},"yoast_head":"<!-- This site is optimized with the Yoast SEO plugin v27.4 - https:\/\/yoast.com\/product\/yoast-seo-wordpress\/ -->\n<title>Casa Manifesto [Infiniski Manifesto House] | James&amp;Mau<\/title>\n<meta name=\"description\" content=\"Casa Manifesto\" \/>\n<meta name=\"robots\" content=\"index, follow, max-snippet:-1, max-image-preview:large, max-video-preview:-1\" \/>\n<link rel=\"canonical\" href=\"https:\/\/veredes.es\/blog\/casa-manifesto-infiniski-manifesto-house-jamesmau\/\" \/>\n<meta property=\"og:locale\" content=\"es_ES\" \/>\n<meta property=\"og:type\" content=\"article\" \/>\n<meta property=\"og:title\" content=\"Casa Manifesto [Infiniski Manifesto House] | James&amp;Mau\" \/>\n<meta property=\"og:description\" content=\"Casa Manifesto\" \/>\n<meta property=\"og:url\" content=\"https:\/\/veredes.es\/blog\/casa-manifesto-infiniski-manifesto-house-jamesmau\/\" \/>\n<meta property=\"og:site_name\" content=\"veredes, arquitectura y divulgaci\u00f3n\" \/>\n<meta property=\"article:publisher\" content=\"https:\/\/www.facebook.com\/veredesArquitecturayDivulgacion\/\" \/>\n<meta property=\"article:author\" content=\"https:\/\/www.facebook.com\/veredesArquitecturayDivulgacion\/\" \/>\n<meta property=\"article:published_time\" content=\"2012-06-07T06:00:25+00:00\" \/>\n<meta property=\"article:modified_time\" content=\"2019-03-11T19:07:37+00:00\" \/>\n<meta property=\"og:image\" content=\"https:\/\/veredes.es\/blog\/wp-content\/uploads\/2012\/06\/casamanifiesto_JamesMau_10_ext01.jpg\" \/>\n\t<meta property=\"og:image:width\" content=\"900\" \/>\n\t<meta property=\"og:image:height\" content=\"587\" \/>\n\t<meta property=\"og:image:type\" content=\"image\/jpeg\" \/>\n<meta name=\"author\" content=\"veredes\" \/>\n<meta name=\"twitter:card\" content=\"summary_large_image\" \/>\n<meta name=\"twitter:creator\" content=\"@https:\/\/twitter.com\/veredes\" \/>\n<meta name=\"twitter:site\" content=\"@veredes\" \/>\n<meta name=\"twitter:label1\" content=\"Escrito por\" \/>\n\t<meta name=\"twitter:data1\" content=\"veredes\" \/>\n\t<meta name=\"twitter:label2\" content=\"Tiempo de lectura\" \/>\n\t<meta name=\"twitter:data2\" content=\"15 minutos\" \/>\n<script type=\"application\/ld+json\" class=\"yoast-schema-graph\">{\"@context\":\"https:\\\/\\\/schema.org\",\"@graph\":[{\"@type\":\"Article\",\"@id\":\"https:\\\/\\\/veredes.es\\\/blog\\\/casa-manifesto-infiniski-manifesto-house-jamesmau\\\/#article\",\"isPartOf\":{\"@id\":\"https:\\\/\\\/veredes.es\\\/blog\\\/casa-manifesto-infiniski-manifesto-house-jamesmau\\\/\"},\"author\":{\"name\":\"veredes\",\"@id\":\"https:\\\/\\\/veredes.es\\\/blog\\\/#\\\/schema\\\/person\\\/0bbb669073ef7faba5168a0844e93d2c\"},\"headline\":\"Casa Manifesto [Infiniski Manifesto House] | James&#038;Mau\",\"datePublished\":\"2012-06-07T06:00:25+00:00\",\"dateModified\":\"2019-03-11T19:07:37+00:00\",\"mainEntityOfPage\":{\"@id\":\"https:\\\/\\\/veredes.es\\\/blog\\\/casa-manifesto-infiniski-manifesto-house-jamesmau\\\/\"},\"wordCount\":3067,\"commentCount\":3,\"publisher\":{\"@id\":\"https:\\\/\\\/veredes.es\\\/blog\\\/#organization\"},\"image\":{\"@id\":\"https:\\\/\\\/veredes.es\\\/blog\\\/casa-manifesto-infiniski-manifesto-house-jamesmau\\\/#primaryimage\"},\"thumbnailUrl\":\"https:\\\/\\\/veredes.es\\\/blog\\\/wp-content\\\/uploads\\\/2012\\\/06\\\/casamanifiesto_JamesMau_10_ext01.jpg\",\"keywords\":[\"arquitectura chilena\",\"Chile\",\"industrializaci\u00f3n\",\"jaime gaztelu gonz\u00e1lez- camino\",\"james&amp;mau\",\"mauricio galeano escobar\",\"prefabricaci\u00f3n\",\"sudam\u00e9rica\",\"vivienda unifamiliar\"],\"articleSection\":[\"arquitectura\",\"obras\",\"vivienda unifamiliar\"],\"inLanguage\":\"es\",\"potentialAction\":[{\"@type\":\"CommentAction\",\"name\":\"Comment\",\"target\":[\"https:\\\/\\\/veredes.es\\\/blog\\\/casa-manifesto-infiniski-manifesto-house-jamesmau\\\/#respond\"]}]},{\"@type\":\"WebPage\",\"@id\":\"https:\\\/\\\/veredes.es\\\/blog\\\/casa-manifesto-infiniski-manifesto-house-jamesmau\\\/\",\"url\":\"https:\\\/\\\/veredes.es\\\/blog\\\/casa-manifesto-infiniski-manifesto-house-jamesmau\\\/\",\"name\":\"Casa Manifesto [Infiniski Manifesto House] | James&Mau\",\"isPartOf\":{\"@id\":\"https:\\\/\\\/veredes.es\\\/blog\\\/#website\"},\"primaryImageOfPage\":{\"@id\":\"https:\\\/\\\/veredes.es\\\/blog\\\/casa-manifesto-infiniski-manifesto-house-jamesmau\\\/#primaryimage\"},\"image\":{\"@id\":\"https:\\\/\\\/veredes.es\\\/blog\\\/casa-manifesto-infiniski-manifesto-house-jamesmau\\\/#primaryimage\"},\"thumbnailUrl\":\"https:\\\/\\\/veredes.es\\\/blog\\\/wp-content\\\/uploads\\\/2012\\\/06\\\/casamanifiesto_JamesMau_10_ext01.jpg\",\"datePublished\":\"2012-06-07T06:00:25+00:00\",\"dateModified\":\"2019-03-11T19:07:37+00:00\",\"description\":\"Casa Manifesto\",\"breadcrumb\":{\"@id\":\"https:\\\/\\\/veredes.es\\\/blog\\\/casa-manifesto-infiniski-manifesto-house-jamesmau\\\/#breadcrumb\"},\"inLanguage\":\"es\",\"potentialAction\":[{\"@type\":\"ReadAction\",\"target\":[\"https:\\\/\\\/veredes.es\\\/blog\\\/casa-manifesto-infiniski-manifesto-house-jamesmau\\\/\"]}]},{\"@type\":\"ImageObject\",\"inLanguage\":\"es\",\"@id\":\"https:\\\/\\\/veredes.es\\\/blog\\\/casa-manifesto-infiniski-manifesto-house-jamesmau\\\/#primaryimage\",\"url\":\"https:\\\/\\\/veredes.es\\\/blog\\\/wp-content\\\/uploads\\\/2012\\\/06\\\/casamanifiesto_JamesMau_10_ext01.jpg\",\"contentUrl\":\"https:\\\/\\\/veredes.es\\\/blog\\\/wp-content\\\/uploads\\\/2012\\\/06\\\/casamanifiesto_JamesMau_10_ext01.jpg\",\"width\":\"900\",\"height\":\"587\"},{\"@type\":\"BreadcrumbList\",\"@id\":\"https:\\\/\\\/veredes.es\\\/blog\\\/casa-manifesto-infiniski-manifesto-house-jamesmau\\\/#breadcrumb\",\"itemListElement\":[{\"@type\":\"ListItem\",\"position\":1,\"name\":\"Portada\",\"item\":\"https:\\\/\\\/veredes.es\\\/blog\\\/\"},{\"@type\":\"ListItem\",\"position\":2,\"name\":\"Casa Manifesto [Infiniski Manifesto House] | James&#038;Mau\"}]},{\"@type\":\"WebSite\",\"@id\":\"https:\\\/\\\/veredes.es\\\/blog\\\/#website\",\"url\":\"https:\\\/\\\/veredes.es\\\/blog\\\/\",\"name\":\"veredes, arquitectura y divulgaci\u00f3n\",\"description\":\"veredes\",\"publisher\":{\"@id\":\"https:\\\/\\\/veredes.es\\\/blog\\\/#organization\"},\"alternateName\":\"veredes\",\"potentialAction\":[{\"@type\":\"SearchAction\",\"target\":{\"@type\":\"EntryPoint\",\"urlTemplate\":\"https:\\\/\\\/veredes.es\\\/blog\\\/?s={search_term_string}\"},\"query-input\":{\"@type\":\"PropertyValueSpecification\",\"valueRequired\":true,\"valueName\":\"search_term_string\"}}],\"inLanguage\":\"es\"},{\"@type\":\"Organization\",\"@id\":\"https:\\\/\\\/veredes.es\\\/blog\\\/#organization\",\"name\":\"veredes, arquitectura y divulgaci\u00f3n\",\"alternateName\":\"veredes\",\"url\":\"https:\\\/\\\/veredes.es\\\/blog\\\/\",\"logo\":{\"@type\":\"ImageObject\",\"inLanguage\":\"es\",\"@id\":\"https:\\\/\\\/veredes.es\\\/blog\\\/#\\\/schema\\\/logo\\\/image\\\/\",\"url\":\"https:\\\/\\\/veredes.es\\\/blog\\\/wp-content\\\/uploads\\\/2021\\\/12\\\/veredes-logo-centrado_140x54.png\",\"contentUrl\":\"https:\\\/\\\/veredes.es\\\/blog\\\/wp-content\\\/uploads\\\/2021\\\/12\\\/veredes-logo-centrado_140x54.png\",\"width\":140,\"height\":54,\"caption\":\"veredes, arquitectura y divulgaci\u00f3n\"},\"image\":{\"@id\":\"https:\\\/\\\/veredes.es\\\/blog\\\/#\\\/schema\\\/logo\\\/image\\\/\"},\"sameAs\":[\"https:\\\/\\\/www.facebook.com\\\/veredesArquitecturayDivulgacion\\\/\",\"https:\\\/\\\/x.com\\\/veredes\",\"https:\\\/\\\/instagram.com\\\/veredes\\\/\",\"https:\\\/\\\/www.linkedin.com\\\/company\\\/veredes-arquitectura-y-divulgacion\\\/\",\"https:\\\/\\\/es.pinterest.com\\\/veredes\\\/\",\"https:\\\/\\\/www.tumblr.com\\\/veredes\"]},{\"@type\":\"Person\",\"@id\":\"https:\\\/\\\/veredes.es\\\/blog\\\/#\\\/schema\\\/person\\\/0bbb669073ef7faba5168a0844e93d2c\",\"name\":\"veredes\",\"image\":{\"@type\":\"ImageObject\",\"inLanguage\":\"es\",\"@id\":\"https:\\\/\\\/veredes.es\\\/blog\\\/wp-content\\\/uploads\\\/2018\\\/04\\\/face-96x96.jpg\",\"url\":\"https:\\\/\\\/veredes.es\\\/blog\\\/wp-content\\\/uploads\\\/2018\\\/04\\\/face-96x96.jpg\",\"contentUrl\":\"https:\\\/\\\/veredes.es\\\/blog\\\/wp-content\\\/uploads\\\/2018\\\/04\\\/face-96x96.jpg\",\"caption\":\"veredes\"},\"description\":\"Surge enero de 2009 como b\u00fasqueda de satisfacer el conocimiento de la actividad arquitect\u00f3nica y tangentes que se generan. La idea es crear un espacio para divulgar los diversos proyectos en busca de nueva inspiraci\u00f3n y de intercambio.\",\"sameAs\":[\"https:\\\/\\\/veredes.es\\\/\",\"https:\\\/\\\/www.facebook.com\\\/veredesArquitecturayDivulgacion\\\/\",\"https:\\\/\\\/www.instagram.com\\\/veredes\\\/\",\"https:\\\/\\\/www.linkedin.com\\\/company\\\/veredes-arquitectura-y-divulgacion\\\/\",\"https:\\\/\\\/www.pinterest.es\\\/veredes\\\/\",\"https:\\\/\\\/x.com\\\/https:\\\/\\\/twitter.com\\\/veredes\",\"https:\\\/\\\/veredes.tumblr.com\\\/\"],\"url\":\"https:\\\/\\\/veredes.es\\\/blog\\\/author\\\/alberto\\\/\"}]}<\/script>\n<!-- \/ Yoast SEO plugin. -->","yoast_head_json":{"title":"Casa Manifesto [Infiniski Manifesto House] | James&Mau","description":"Casa Manifesto","robots":{"index":"index","follow":"follow","max-snippet":"max-snippet:-1","max-image-preview":"max-image-preview:large","max-video-preview":"max-video-preview:-1"},"canonical":"https:\/\/veredes.es\/blog\/casa-manifesto-infiniski-manifesto-house-jamesmau\/","og_locale":"es_ES","og_type":"article","og_title":"Casa Manifesto [Infiniski Manifesto House] | James&Mau","og_description":"Casa Manifesto","og_url":"https:\/\/veredes.es\/blog\/casa-manifesto-infiniski-manifesto-house-jamesmau\/","og_site_name":"veredes, arquitectura y divulgaci\u00f3n","article_publisher":"https:\/\/www.facebook.com\/veredesArquitecturayDivulgacion\/","article_author":"https:\/\/www.facebook.com\/veredesArquitecturayDivulgacion\/","article_published_time":"2012-06-07T06:00:25+00:00","article_modified_time":"2019-03-11T19:07:37+00:00","og_image":[{"width":900,"height":587,"url":"https:\/\/veredes.es\/blog\/wp-content\/uploads\/2012\/06\/casamanifiesto_JamesMau_10_ext01.jpg","type":"image\/jpeg"}],"author":"veredes","twitter_card":"summary_large_image","twitter_creator":"@https:\/\/twitter.com\/veredes","twitter_site":"@veredes","twitter_misc":{"Escrito por":"veredes","Tiempo de lectura":"15 minutos"},"schema":{"@context":"https:\/\/schema.org","@graph":[{"@type":"Article","@id":"https:\/\/veredes.es\/blog\/casa-manifesto-infiniski-manifesto-house-jamesmau\/#article","isPartOf":{"@id":"https:\/\/veredes.es\/blog\/casa-manifesto-infiniski-manifesto-house-jamesmau\/"},"author":{"name":"veredes","@id":"https:\/\/veredes.es\/blog\/#\/schema\/person\/0bbb669073ef7faba5168a0844e93d2c"},"headline":"Casa Manifesto [Infiniski Manifesto House] | James&#038;Mau","datePublished":"2012-06-07T06:00:25+00:00","dateModified":"2019-03-11T19:07:37+00:00","mainEntityOfPage":{"@id":"https:\/\/veredes.es\/blog\/casa-manifesto-infiniski-manifesto-house-jamesmau\/"},"wordCount":3067,"commentCount":3,"publisher":{"@id":"https:\/\/veredes.es\/blog\/#organization"},"image":{"@id":"https:\/\/veredes.es\/blog\/casa-manifesto-infiniski-manifesto-house-jamesmau\/#primaryimage"},"thumbnailUrl":"https:\/\/veredes.es\/blog\/wp-content\/uploads\/2012\/06\/casamanifiesto_JamesMau_10_ext01.jpg","keywords":["arquitectura chilena","Chile","industrializaci\u00f3n","jaime gaztelu gonz\u00e1lez- camino","james&amp;mau","mauricio galeano escobar","prefabricaci\u00f3n","sudam\u00e9rica","vivienda unifamiliar"],"articleSection":["arquitectura","obras","vivienda unifamiliar"],"inLanguage":"es","potentialAction":[{"@type":"CommentAction","name":"Comment","target":["https:\/\/veredes.es\/blog\/casa-manifesto-infiniski-manifesto-house-jamesmau\/#respond"]}]},{"@type":"WebPage","@id":"https:\/\/veredes.es\/blog\/casa-manifesto-infiniski-manifesto-house-jamesmau\/","url":"https:\/\/veredes.es\/blog\/casa-manifesto-infiniski-manifesto-house-jamesmau\/","name":"Casa Manifesto [Infiniski Manifesto House] | James&Mau","isPartOf":{"@id":"https:\/\/veredes.es\/blog\/#website"},"primaryImageOfPage":{"@id":"https:\/\/veredes.es\/blog\/casa-manifesto-infiniski-manifesto-house-jamesmau\/#primaryimage"},"image":{"@id":"https:\/\/veredes.es\/blog\/casa-manifesto-infiniski-manifesto-house-jamesmau\/#primaryimage"},"thumbnailUrl":"https:\/\/veredes.es\/blog\/wp-content\/uploads\/2012\/06\/casamanifiesto_JamesMau_10_ext01.jpg","datePublished":"2012-06-07T06:00:25+00:00","dateModified":"2019-03-11T19:07:37+00:00","description":"Casa Manifesto","breadcrumb":{"@id":"https:\/\/veredes.es\/blog\/casa-manifesto-infiniski-manifesto-house-jamesmau\/#breadcrumb"},"inLanguage":"es","potentialAction":[{"@type":"ReadAction","target":["https:\/\/veredes.es\/blog\/casa-manifesto-infiniski-manifesto-house-jamesmau\/"]}]},{"@type":"ImageObject","inLanguage":"es","@id":"https:\/\/veredes.es\/blog\/casa-manifesto-infiniski-manifesto-house-jamesmau\/#primaryimage","url":"https:\/\/veredes.es\/blog\/wp-content\/uploads\/2012\/06\/casamanifiesto_JamesMau_10_ext01.jpg","contentUrl":"https:\/\/veredes.es\/blog\/wp-content\/uploads\/2012\/06\/casamanifiesto_JamesMau_10_ext01.jpg","width":"900","height":"587"},{"@type":"BreadcrumbList","@id":"https:\/\/veredes.es\/blog\/casa-manifesto-infiniski-manifesto-house-jamesmau\/#breadcrumb","itemListElement":[{"@type":"ListItem","position":1,"name":"Portada","item":"https:\/\/veredes.es\/blog\/"},{"@type":"ListItem","position":2,"name":"Casa Manifesto [Infiniski Manifesto House] | James&#038;Mau"}]},{"@type":"WebSite","@id":"https:\/\/veredes.es\/blog\/#website","url":"https:\/\/veredes.es\/blog\/","name":"veredes, arquitectura y divulgaci\u00f3n","description":"veredes","publisher":{"@id":"https:\/\/veredes.es\/blog\/#organization"},"alternateName":"veredes","potentialAction":[{"@type":"SearchAction","target":{"@type":"EntryPoint","urlTemplate":"https:\/\/veredes.es\/blog\/?s={search_term_string}"},"query-input":{"@type":"PropertyValueSpecification","valueRequired":true,"valueName":"search_term_string"}}],"inLanguage":"es"},{"@type":"Organization","@id":"https:\/\/veredes.es\/blog\/#organization","name":"veredes, arquitectura y divulgaci\u00f3n","alternateName":"veredes","url":"https:\/\/veredes.es\/blog\/","logo":{"@type":"ImageObject","inLanguage":"es","@id":"https:\/\/veredes.es\/blog\/#\/schema\/logo\/image\/","url":"https:\/\/veredes.es\/blog\/wp-content\/uploads\/2021\/12\/veredes-logo-centrado_140x54.png","contentUrl":"https:\/\/veredes.es\/blog\/wp-content\/uploads\/2021\/12\/veredes-logo-centrado_140x54.png","width":140,"height":54,"caption":"veredes, arquitectura y divulgaci\u00f3n"},"image":{"@id":"https:\/\/veredes.es\/blog\/#\/schema\/logo\/image\/"},"sameAs":["https:\/\/www.facebook.com\/veredesArquitecturayDivulgacion\/","https:\/\/x.com\/veredes","https:\/\/instagram.com\/veredes\/","https:\/\/www.linkedin.com\/company\/veredes-arquitectura-y-divulgacion\/","https:\/\/es.pinterest.com\/veredes\/","https:\/\/www.tumblr.com\/veredes"]},{"@type":"Person","@id":"https:\/\/veredes.es\/blog\/#\/schema\/person\/0bbb669073ef7faba5168a0844e93d2c","name":"veredes","image":{"@type":"ImageObject","inLanguage":"es","@id":"https:\/\/veredes.es\/blog\/wp-content\/uploads\/2018\/04\/face-96x96.jpg","url":"https:\/\/veredes.es\/blog\/wp-content\/uploads\/2018\/04\/face-96x96.jpg","contentUrl":"https:\/\/veredes.es\/blog\/wp-content\/uploads\/2018\/04\/face-96x96.jpg","caption":"veredes"},"description":"Surge enero de 2009 como b\u00fasqueda de satisfacer el conocimiento de la actividad arquitect\u00f3nica y tangentes que se generan. La idea es crear un espacio para divulgar los diversos proyectos en busca de nueva inspiraci\u00f3n y de intercambio.","sameAs":["https:\/\/veredes.es\/","https:\/\/www.facebook.com\/veredesArquitecturayDivulgacion\/","https:\/\/www.instagram.com\/veredes\/","https:\/\/www.linkedin.com\/company\/veredes-arquitectura-y-divulgacion\/","https:\/\/www.pinterest.es\/veredes\/","https:\/\/x.com\/https:\/\/twitter.com\/veredes","https:\/\/veredes.tumblr.com\/"],"url":"https:\/\/veredes.es\/blog\/author\/alberto\/"}]}},"_links":{"self":[{"href":"https:\/\/veredes.es\/blog\/wp-json\/wp\/v2\/posts\/22440","targetHints":{"allow":["GET"]}}],"collection":[{"href":"https:\/\/veredes.es\/blog\/wp-json\/wp\/v2\/posts"}],"about":[{"href":"https:\/\/veredes.es\/blog\/wp-json\/wp\/v2\/types\/post"}],"author":[{"embeddable":true,"href":"https:\/\/veredes.es\/blog\/wp-json\/wp\/v2\/users\/2"}],"replies":[{"embeddable":true,"href":"https:\/\/veredes.es\/blog\/wp-json\/wp\/v2\/comments?post=22440"}],"version-history":[{"count":0,"href":"https:\/\/veredes.es\/blog\/wp-json\/wp\/v2\/posts\/22440\/revisions"}],"wp:featuredmedia":[{"embeddable":true,"href":"https:\/\/veredes.es\/blog\/wp-json\/wp\/v2\/media\/22597"}],"wp:attachment":[{"href":"https:\/\/veredes.es\/blog\/wp-json\/wp\/v2\/media?parent=22440"}],"wp:term":[{"taxonomy":"category","embeddable":true,"href":"https:\/\/veredes.es\/blog\/wp-json\/wp\/v2\/categories?post=22440"},{"taxonomy":"post_tag","embeddable":true,"href":"https:\/\/veredes.es\/blog\/wp-json\/wp\/v2\/tags?post=22440"}],"curies":[{"name":"wp","href":"https:\/\/api.w.org\/{rel}","templated":true}]}}