{"id":22329,"date":"2012-05-29T06:19:30","date_gmt":"2012-05-29T06:19:30","guid":{"rendered":"http:\/\/veredes.es\/blog\/?p=22329"},"modified":"2015-02-11T19:05:46","modified_gmt":"2015-02-11T19:05:46","slug":"intemcion-acerca-da-integracion-das-artes-vi-regalo-a-luis-seoane","status":"publish","type":"post","link":"https:\/\/veredes.es\/blog\/intemcion-acerca-da-integracion-das-artes-vi-regalo-a-luis-seoane\/","title":{"rendered":"intemci\u00f3n. Acerca da integraci\u00f3n das artes [VI Regalo a Luis Seoane]"},"content":{"rendered":"<p><\/p>\n<p style=\"text-align: justify;\">Este <strong>viernes 1 de junio a las 20:00h<\/strong> y en el <strong>dia<\/strong> <strong>de nacimiento de Luis Seoane<\/strong>, el programa intemci\u00f3n de la Librer\u00eda Formatos, acoge la octava conferencia de la presente edici\u00f3n, en la cual se presentar\u00e1 el volumen <strong><em>\u2013Acerca da integraci\u00f3n das artes- <\/em><\/strong>como VI regalo a Luis Seoane.<\/p>\n<p style=\"text-align: justify;\">Esta presentaci\u00f3n contar\u00e1 con la presencia de Fernando Agrasar Quiroga, arquitecto y director de la Escuela T\u00e9cnica Superior de Arquitectura de A Coru\u00f1a; Fernando Arenaz B\u00faa, pintor y profesor de dibujo en el Instituto Ram\u00f3n Cabanillas de Cambados; Rosa Espi\u00f1eira Pan, muse\u00f3loga y editora del libro.<\/p>\n<p style=\"text-align: justify;\"><a href=\"http:\/\/veredes.es\/blog\/wp-content\/uploads\/2012\/05\/intemcion2012_8_LuisSeoaneop.jpg\"><img loading=\"lazy\" decoding=\"async\" class=\"alignnone  wp-image-22330\" title=\"intemcion2012_8_LuisSeoaneop\" src=\"http:\/\/veredes.es\/blog\/wp-content\/uploads\/2012\/05\/intemcion2012_8_LuisSeoaneop.jpg\" alt=\"\" width=\"620\" height=\"878\" srcset=\"https:\/\/veredes.es\/blog\/wp-content\/uploads\/2012\/05\/intemcion2012_8_LuisSeoaneop.jpg 353w, https:\/\/veredes.es\/blog\/wp-content\/uploads\/2012\/05\/intemcion2012_8_LuisSeoaneop-211x300.jpg 211w\" sizes=\"auto, (max-width: 620px) 100vw, 620px\" \/><\/a><\/p>\n<p style=\"text-align: justify;\"><a href=\"http:\/\/www.intemcion.blogspot.com.es\/\" target=\"_blank\"><span style=\"color: #888888;\">+ intemcion.blogspot.com.es<\/span><\/a><\/p>\n<p><\/p>","protected":false},"excerpt":{"rendered":"<p>Este viernes 1 de junio a las 20:00h y en el dia de nacimiento de Luis Seoane, el programa intemci\u00f3n de la Librer\u00eda Formatos, acoge la octava conferencia de la presente edici\u00f3n, en la cual se presentar\u00e1 el volumen \u2013Acerca da integraci\u00f3n das artes- como VI regalo a Luis Seoane. Esta presentaci\u00f3n contar\u00e1 con la [&hellip;]<\/p>\n","protected":false},"author":2,"featured_media":22330,"comment_status":"open","ping_status":"closed","sticky":false,"template":"","format":"standard","meta":{"footnotes":""},"categories":[1385,16],"tags":[357,521,3643,4865,4866,619,3642,3682,724,4864],"class_list":{"0":"post-22329","1":"post","2":"type-post","3":"status-publish","4":"format-standard","5":"has-post-thumbnail","7":"category-conferencias","8":"category-eventos","10":"tag-espana","11":"tag-felipe-trillo","12":"tag-fernando-agrasar-quiroga","13":"tag-fernando-arenaz-bua","14":"tag-galicia","15":"tag-libreria-formatos","16":"tag-luis-seoane-lopez","17":"tag-proyecto-cultural-intemcion","18":"tag-rosa-espineira-pan"},"yoast_head":"<!-- This site is optimized with the Yoast SEO plugin v27.5 - https:\/\/yoast.com\/product\/yoast-seo-wordpress\/ -->\n<title>intemci\u00f3n. Acerca da integraci\u00f3n das artes [VI Regalo a Luis Seoane]intemci\u00f3n. Acerca da integraci\u00f3n das artes [VI Agasallo a Luis Seoane]Intemci\u00f3n. Acerca da integraci\u00f3n das artes [VI Present to Luis Seoane] - veredes<\/title>\n<meta name=\"description\" content=\"Toda la informaci\u00f3n sobre: intemci\u00f3n. Acerca da integraci\u00f3n das artes [VI Regalo a Luis Seoane]intemci\u00f3n. Acerca da integraci\u00f3n das artes [VI Agasallo a Luis Seoane]Intemci\u00f3n. Acerca da integraci\u00f3n das artes [VI Present to Luis Seoane]\" \/>\n<meta name=\"robots\" content=\"index, follow, max-snippet:-1, max-image-preview:large, max-video-preview:-1\" \/>\n<link rel=\"canonical\" href=\"https:\/\/veredes.es\/blog\/intemcion-acerca-da-integracion-das-artes-vi-regalo-a-luis-seoane\/\" \/>\n<meta property=\"og:locale\" content=\"es_ES\" \/>\n<meta property=\"og:type\" content=\"article\" \/>\n<meta property=\"og:title\" content=\"intemci\u00f3n. Acerca da integraci\u00f3n das artes [VI Regalo a Luis Seoane]intemci\u00f3n. Acerca da integraci\u00f3n das artes [VI Agasallo a Luis Seoane]Intemci\u00f3n. Acerca da integraci\u00f3n das artes [VI Present to Luis Seoane] - veredes\" \/>\n<meta property=\"og:description\" content=\"Toda la informaci\u00f3n sobre: intemci\u00f3n. Acerca da integraci\u00f3n das artes [VI Regalo a Luis Seoane]intemci\u00f3n. Acerca da integraci\u00f3n das artes [VI Agasallo a Luis Seoane]Intemci\u00f3n. Acerca da integraci\u00f3n das artes [VI Present to Luis Seoane]\" \/>\n<meta property=\"og:url\" content=\"https:\/\/veredes.es\/blog\/intemcion-acerca-da-integracion-das-artes-vi-regalo-a-luis-seoane\/\" \/>\n<meta property=\"og:site_name\" content=\"veredes, arquitectura y divulgaci\u00f3n\" \/>\n<meta property=\"article:publisher\" content=\"https:\/\/www.facebook.com\/veredesArquitecturayDivulgacion\/\" \/>\n<meta property=\"article:author\" content=\"https:\/\/www.facebook.com\/veredesArquitecturayDivulgacion\/\" \/>\n<meta property=\"article:published_time\" content=\"2012-05-29T06:19:30+00:00\" \/>\n<meta property=\"article:modified_time\" content=\"2015-02-11T19:05:46+00:00\" \/>\n<meta property=\"og:image\" content=\"https:\/\/veredes.es\/blog\/wp-content\/uploads\/2012\/05\/intemcion2012_8_LuisSeoaneop.jpg\" \/>\n\t<meta property=\"og:image:width\" content=\"353\" \/>\n\t<meta property=\"og:image:height\" content=\"500\" \/>\n\t<meta property=\"og:image:type\" content=\"image\/jpeg\" \/>\n<meta name=\"author\" content=\"veredes\" \/>\n<meta name=\"twitter:card\" content=\"summary_large_image\" \/>\n<meta name=\"twitter:creator\" content=\"@https:\/\/twitter.com\/veredes\" \/>\n<meta name=\"twitter:site\" content=\"@veredes\" \/>\n<meta name=\"twitter:label1\" content=\"Escrito por\" \/>\n\t<meta name=\"twitter:data1\" content=\"veredes\" \/>\n\t<meta name=\"twitter:label2\" content=\"Tiempo de lectura\" \/>\n\t<meta name=\"twitter:data2\" content=\"2 minutos\" \/>\n<script type=\"application\/ld+json\" class=\"yoast-schema-graph\">{\"@context\":\"https:\\\/\\\/schema.org\",\"@graph\":[{\"@type\":\"Article\",\"@id\":\"https:\\\/\\\/veredes.es\\\/blog\\\/intemcion-acerca-da-integracion-das-artes-vi-regalo-a-luis-seoane\\\/#article\",\"isPartOf\":{\"@id\":\"https:\\\/\\\/veredes.es\\\/blog\\\/intemcion-acerca-da-integracion-das-artes-vi-regalo-a-luis-seoane\\\/\"},\"author\":{\"name\":\"veredes\",\"@id\":\"https:\\\/\\\/veredes.es\\\/blog\\\/#\\\/schema\\\/person\\\/0bbb669073ef7faba5168a0844e93d2c\"},\"headline\":\"intemci\u00f3n. Acerca da integraci\u00f3n das artes [VI Regalo a Luis Seoane]\",\"datePublished\":\"2012-05-29T06:19:30+00:00\",\"dateModified\":\"2015-02-11T19:05:46+00:00\",\"mainEntityOfPage\":{\"@id\":\"https:\\\/\\\/veredes.es\\\/blog\\\/intemcion-acerca-da-integracion-das-artes-vi-regalo-a-luis-seoane\\\/\"},\"wordCount\":371,\"commentCount\":3,\"publisher\":{\"@id\":\"https:\\\/\\\/veredes.es\\\/blog\\\/#organization\"},\"image\":{\"@id\":\"https:\\\/\\\/veredes.es\\\/blog\\\/intemcion-acerca-da-integracion-das-artes-vi-regalo-a-luis-seoane\\\/#primaryimage\"},\"thumbnailUrl\":\"https:\\\/\\\/veredes.es\\\/blog\\\/wp-content\\\/uploads\\\/2012\\\/05\\\/intemcion2012_8_LuisSeoaneop.jpg\",\"keywords\":[\"conferencia\",\"Espa\u00f1a\",\"felipe trillo\",\"Fernando Agrasar Quiroga\",\"fernando arenaz b\u00faa\",\"Galicia\",\"librer\u00eda formatos\",\"Luis Seoane L\u00f3pez\",\"proyecto cultural intemci\u00f3n\",\"Rosa Espi\u00f1eira Pan\"],\"articleSection\":[\"conferencias\",\"eventos\"],\"inLanguage\":\"es\",\"potentialAction\":[{\"@type\":\"CommentAction\",\"name\":\"Comment\",\"target\":[\"https:\\\/\\\/veredes.es\\\/blog\\\/intemcion-acerca-da-integracion-das-artes-vi-regalo-a-luis-seoane\\\/#respond\"]}]},{\"@type\":\"WebPage\",\"@id\":\"https:\\\/\\\/veredes.es\\\/blog\\\/intemcion-acerca-da-integracion-das-artes-vi-regalo-a-luis-seoane\\\/\",\"url\":\"https:\\\/\\\/veredes.es\\\/blog\\\/intemcion-acerca-da-integracion-das-artes-vi-regalo-a-luis-seoane\\\/\",\"name\":\"intemci\u00f3n. Acerca da integraci\u00f3n das artes [VI Regalo a Luis Seoane]intemci\u00f3n. Acerca da integraci\u00f3n das artes [VI Agasallo a Luis Seoane]Intemci\u00f3n. Acerca da integraci\u00f3n das artes [VI Present to Luis Seoane] - veredes\",\"isPartOf\":{\"@id\":\"https:\\\/\\\/veredes.es\\\/blog\\\/#website\"},\"primaryImageOfPage\":{\"@id\":\"https:\\\/\\\/veredes.es\\\/blog\\\/intemcion-acerca-da-integracion-das-artes-vi-regalo-a-luis-seoane\\\/#primaryimage\"},\"image\":{\"@id\":\"https:\\\/\\\/veredes.es\\\/blog\\\/intemcion-acerca-da-integracion-das-artes-vi-regalo-a-luis-seoane\\\/#primaryimage\"},\"thumbnailUrl\":\"https:\\\/\\\/veredes.es\\\/blog\\\/wp-content\\\/uploads\\\/2012\\\/05\\\/intemcion2012_8_LuisSeoaneop.jpg\",\"datePublished\":\"2012-05-29T06:19:30+00:00\",\"dateModified\":\"2015-02-11T19:05:46+00:00\",\"description\":\"Toda la informaci\u00f3n sobre: intemci\u00f3n. Acerca da integraci\u00f3n das artes [VI Regalo a Luis Seoane]intemci\u00f3n. Acerca da integraci\u00f3n das artes [VI Agasallo a Luis Seoane]Intemci\u00f3n. Acerca da integraci\u00f3n das artes [VI Present to Luis Seoane]\",\"breadcrumb\":{\"@id\":\"https:\\\/\\\/veredes.es\\\/blog\\\/intemcion-acerca-da-integracion-das-artes-vi-regalo-a-luis-seoane\\\/#breadcrumb\"},\"inLanguage\":\"es\",\"potentialAction\":[{\"@type\":\"ReadAction\",\"target\":[\"https:\\\/\\\/veredes.es\\\/blog\\\/intemcion-acerca-da-integracion-das-artes-vi-regalo-a-luis-seoane\\\/\"]}]},{\"@type\":\"ImageObject\",\"inLanguage\":\"es\",\"@id\":\"https:\\\/\\\/veredes.es\\\/blog\\\/intemcion-acerca-da-integracion-das-artes-vi-regalo-a-luis-seoane\\\/#primaryimage\",\"url\":\"https:\\\/\\\/veredes.es\\\/blog\\\/wp-content\\\/uploads\\\/2012\\\/05\\\/intemcion2012_8_LuisSeoaneop.jpg\",\"contentUrl\":\"https:\\\/\\\/veredes.es\\\/blog\\\/wp-content\\\/uploads\\\/2012\\\/05\\\/intemcion2012_8_LuisSeoaneop.jpg\",\"width\":\"353\",\"height\":\"500\"},{\"@type\":\"BreadcrumbList\",\"@id\":\"https:\\\/\\\/veredes.es\\\/blog\\\/intemcion-acerca-da-integracion-das-artes-vi-regalo-a-luis-seoane\\\/#breadcrumb\",\"itemListElement\":[{\"@type\":\"ListItem\",\"position\":1,\"name\":\"Portada\",\"item\":\"https:\\\/\\\/veredes.es\\\/blog\\\/\"},{\"@type\":\"ListItem\",\"position\":2,\"name\":\"intemci\u00f3n. Acerca da integraci\u00f3n das artes [VI Regalo a Luis Seoane]\"}]},{\"@type\":\"WebSite\",\"@id\":\"https:\\\/\\\/veredes.es\\\/blog\\\/#website\",\"url\":\"https:\\\/\\\/veredes.es\\\/blog\\\/\",\"name\":\"veredes, arquitectura y divulgaci\u00f3n\",\"description\":\"veredes\",\"publisher\":{\"@id\":\"https:\\\/\\\/veredes.es\\\/blog\\\/#organization\"},\"alternateName\":\"veredes\",\"potentialAction\":[{\"@type\":\"SearchAction\",\"target\":{\"@type\":\"EntryPoint\",\"urlTemplate\":\"https:\\\/\\\/veredes.es\\\/blog\\\/?s={search_term_string}\"},\"query-input\":{\"@type\":\"PropertyValueSpecification\",\"valueRequired\":true,\"valueName\":\"search_term_string\"}}],\"inLanguage\":\"es\"},{\"@type\":\"Organization\",\"@id\":\"https:\\\/\\\/veredes.es\\\/blog\\\/#organization\",\"name\":\"veredes, arquitectura y divulgaci\u00f3n\",\"alternateName\":\"veredes\",\"url\":\"https:\\\/\\\/veredes.es\\\/blog\\\/\",\"logo\":{\"@type\":\"ImageObject\",\"inLanguage\":\"es\",\"@id\":\"https:\\\/\\\/veredes.es\\\/blog\\\/#\\\/schema\\\/logo\\\/image\\\/\",\"url\":\"https:\\\/\\\/veredes.es\\\/blog\\\/wp-content\\\/uploads\\\/2021\\\/12\\\/veredes-logo-centrado_140x54.png\",\"contentUrl\":\"https:\\\/\\\/veredes.es\\\/blog\\\/wp-content\\\/uploads\\\/2021\\\/12\\\/veredes-logo-centrado_140x54.png\",\"width\":140,\"height\":54,\"caption\":\"veredes, arquitectura y divulgaci\u00f3n\"},\"image\":{\"@id\":\"https:\\\/\\\/veredes.es\\\/blog\\\/#\\\/schema\\\/logo\\\/image\\\/\"},\"sameAs\":[\"https:\\\/\\\/www.facebook.com\\\/veredesArquitecturayDivulgacion\\\/\",\"https:\\\/\\\/x.com\\\/veredes\",\"https:\\\/\\\/instagram.com\\\/veredes\\\/\",\"https:\\\/\\\/www.linkedin.com\\\/company\\\/veredes-arquitectura-y-divulgacion\\\/\",\"https:\\\/\\\/es.pinterest.com\\\/veredes\\\/\",\"https:\\\/\\\/www.tumblr.com\\\/veredes\"]},{\"@type\":\"Person\",\"@id\":\"https:\\\/\\\/veredes.es\\\/blog\\\/#\\\/schema\\\/person\\\/0bbb669073ef7faba5168a0844e93d2c\",\"name\":\"veredes\",\"image\":{\"@type\":\"ImageObject\",\"inLanguage\":\"es\",\"@id\":\"https:\\\/\\\/veredes.es\\\/blog\\\/wp-content\\\/uploads\\\/2018\\\/04\\\/face-96x96.jpg\",\"url\":\"https:\\\/\\\/veredes.es\\\/blog\\\/wp-content\\\/uploads\\\/2018\\\/04\\\/face-96x96.jpg\",\"contentUrl\":\"https:\\\/\\\/veredes.es\\\/blog\\\/wp-content\\\/uploads\\\/2018\\\/04\\\/face-96x96.jpg\",\"caption\":\"veredes\"},\"description\":\"Surge enero de 2009 como b\u00fasqueda de satisfacer el conocimiento de la actividad arquitect\u00f3nica y tangentes que se generan. La idea es crear un espacio para divulgar los diversos proyectos en busca de nueva inspiraci\u00f3n y de intercambio.\",\"sameAs\":[\"https:\\\/\\\/veredes.es\\\/\",\"https:\\\/\\\/www.facebook.com\\\/veredesArquitecturayDivulgacion\\\/\",\"https:\\\/\\\/www.instagram.com\\\/veredes\\\/\",\"https:\\\/\\\/www.linkedin.com\\\/company\\\/veredes-arquitectura-y-divulgacion\\\/\",\"https:\\\/\\\/www.pinterest.es\\\/veredes\\\/\",\"https:\\\/\\\/x.com\\\/https:\\\/\\\/twitter.com\\\/veredes\",\"https:\\\/\\\/veredes.tumblr.com\\\/\"],\"url\":\"https:\\\/\\\/veredes.es\\\/blog\\\/author\\\/alberto\\\/\"}]}<\/script>\n<!-- \/ Yoast SEO plugin. -->","yoast_head_json":{"title":"intemci\u00f3n. Acerca da integraci\u00f3n das artes [VI Regalo a Luis Seoane]intemci\u00f3n. Acerca da integraci\u00f3n das artes [VI Agasallo a Luis Seoane]Intemci\u00f3n. Acerca da integraci\u00f3n das artes [VI Present to Luis Seoane] - veredes","description":"Toda la informaci\u00f3n sobre: intemci\u00f3n. Acerca da integraci\u00f3n das artes [VI Regalo a Luis Seoane]intemci\u00f3n. Acerca da integraci\u00f3n das artes [VI Agasallo a Luis Seoane]Intemci\u00f3n. Acerca da integraci\u00f3n das artes [VI Present to Luis Seoane]","robots":{"index":"index","follow":"follow","max-snippet":"max-snippet:-1","max-image-preview":"max-image-preview:large","max-video-preview":"max-video-preview:-1"},"canonical":"https:\/\/veredes.es\/blog\/intemcion-acerca-da-integracion-das-artes-vi-regalo-a-luis-seoane\/","og_locale":"es_ES","og_type":"article","og_title":"intemci\u00f3n. Acerca da integraci\u00f3n das artes [VI Regalo a Luis Seoane]intemci\u00f3n. Acerca da integraci\u00f3n das artes [VI Agasallo a Luis Seoane]Intemci\u00f3n. Acerca da integraci\u00f3n das artes [VI Present to Luis Seoane] - veredes","og_description":"Toda la informaci\u00f3n sobre: intemci\u00f3n. Acerca da integraci\u00f3n das artes [VI Regalo a Luis Seoane]intemci\u00f3n. Acerca da integraci\u00f3n das artes [VI Agasallo a Luis Seoane]Intemci\u00f3n. Acerca da integraci\u00f3n das artes [VI Present to Luis Seoane]","og_url":"https:\/\/veredes.es\/blog\/intemcion-acerca-da-integracion-das-artes-vi-regalo-a-luis-seoane\/","og_site_name":"veredes, arquitectura y divulgaci\u00f3n","article_publisher":"https:\/\/www.facebook.com\/veredesArquitecturayDivulgacion\/","article_author":"https:\/\/www.facebook.com\/veredesArquitecturayDivulgacion\/","article_published_time":"2012-05-29T06:19:30+00:00","article_modified_time":"2015-02-11T19:05:46+00:00","og_image":[{"width":353,"height":500,"url":"https:\/\/veredes.es\/blog\/wp-content\/uploads\/2012\/05\/intemcion2012_8_LuisSeoaneop.jpg","type":"image\/jpeg"}],"author":"veredes","twitter_card":"summary_large_image","twitter_creator":"@https:\/\/twitter.com\/veredes","twitter_site":"@veredes","twitter_misc":{"Escrito por":"veredes","Tiempo de lectura":"2 minutos"},"schema":{"@context":"https:\/\/schema.org","@graph":[{"@type":"Article","@id":"https:\/\/veredes.es\/blog\/intemcion-acerca-da-integracion-das-artes-vi-regalo-a-luis-seoane\/#article","isPartOf":{"@id":"https:\/\/veredes.es\/blog\/intemcion-acerca-da-integracion-das-artes-vi-regalo-a-luis-seoane\/"},"author":{"name":"veredes","@id":"https:\/\/veredes.es\/blog\/#\/schema\/person\/0bbb669073ef7faba5168a0844e93d2c"},"headline":"intemci\u00f3n. Acerca da integraci\u00f3n das artes [VI Regalo a Luis Seoane]","datePublished":"2012-05-29T06:19:30+00:00","dateModified":"2015-02-11T19:05:46+00:00","mainEntityOfPage":{"@id":"https:\/\/veredes.es\/blog\/intemcion-acerca-da-integracion-das-artes-vi-regalo-a-luis-seoane\/"},"wordCount":371,"commentCount":3,"publisher":{"@id":"https:\/\/veredes.es\/blog\/#organization"},"image":{"@id":"https:\/\/veredes.es\/blog\/intemcion-acerca-da-integracion-das-artes-vi-regalo-a-luis-seoane\/#primaryimage"},"thumbnailUrl":"https:\/\/veredes.es\/blog\/wp-content\/uploads\/2012\/05\/intemcion2012_8_LuisSeoaneop.jpg","keywords":["conferencia","Espa\u00f1a","felipe trillo","Fernando Agrasar Quiroga","fernando arenaz b\u00faa","Galicia","librer\u00eda formatos","Luis Seoane L\u00f3pez","proyecto cultural intemci\u00f3n","Rosa Espi\u00f1eira Pan"],"articleSection":["conferencias","eventos"],"inLanguage":"es","potentialAction":[{"@type":"CommentAction","name":"Comment","target":["https:\/\/veredes.es\/blog\/intemcion-acerca-da-integracion-das-artes-vi-regalo-a-luis-seoane\/#respond"]}]},{"@type":"WebPage","@id":"https:\/\/veredes.es\/blog\/intemcion-acerca-da-integracion-das-artes-vi-regalo-a-luis-seoane\/","url":"https:\/\/veredes.es\/blog\/intemcion-acerca-da-integracion-das-artes-vi-regalo-a-luis-seoane\/","name":"intemci\u00f3n. Acerca da integraci\u00f3n das artes [VI Regalo a Luis Seoane]intemci\u00f3n. Acerca da integraci\u00f3n das artes [VI Agasallo a Luis Seoane]Intemci\u00f3n. Acerca da integraci\u00f3n das artes [VI Present to Luis Seoane] - veredes","isPartOf":{"@id":"https:\/\/veredes.es\/blog\/#website"},"primaryImageOfPage":{"@id":"https:\/\/veredes.es\/blog\/intemcion-acerca-da-integracion-das-artes-vi-regalo-a-luis-seoane\/#primaryimage"},"image":{"@id":"https:\/\/veredes.es\/blog\/intemcion-acerca-da-integracion-das-artes-vi-regalo-a-luis-seoane\/#primaryimage"},"thumbnailUrl":"https:\/\/veredes.es\/blog\/wp-content\/uploads\/2012\/05\/intemcion2012_8_LuisSeoaneop.jpg","datePublished":"2012-05-29T06:19:30+00:00","dateModified":"2015-02-11T19:05:46+00:00","description":"Toda la informaci\u00f3n sobre: intemci\u00f3n. Acerca da integraci\u00f3n das artes [VI Regalo a Luis Seoane]intemci\u00f3n. Acerca da integraci\u00f3n das artes [VI Agasallo a Luis Seoane]Intemci\u00f3n. Acerca da integraci\u00f3n das artes [VI Present to Luis Seoane]","breadcrumb":{"@id":"https:\/\/veredes.es\/blog\/intemcion-acerca-da-integracion-das-artes-vi-regalo-a-luis-seoane\/#breadcrumb"},"inLanguage":"es","potentialAction":[{"@type":"ReadAction","target":["https:\/\/veredes.es\/blog\/intemcion-acerca-da-integracion-das-artes-vi-regalo-a-luis-seoane\/"]}]},{"@type":"ImageObject","inLanguage":"es","@id":"https:\/\/veredes.es\/blog\/intemcion-acerca-da-integracion-das-artes-vi-regalo-a-luis-seoane\/#primaryimage","url":"https:\/\/veredes.es\/blog\/wp-content\/uploads\/2012\/05\/intemcion2012_8_LuisSeoaneop.jpg","contentUrl":"https:\/\/veredes.es\/blog\/wp-content\/uploads\/2012\/05\/intemcion2012_8_LuisSeoaneop.jpg","width":"353","height":"500"},{"@type":"BreadcrumbList","@id":"https:\/\/veredes.es\/blog\/intemcion-acerca-da-integracion-das-artes-vi-regalo-a-luis-seoane\/#breadcrumb","itemListElement":[{"@type":"ListItem","position":1,"name":"Portada","item":"https:\/\/veredes.es\/blog\/"},{"@type":"ListItem","position":2,"name":"intemci\u00f3n. Acerca da integraci\u00f3n das artes [VI Regalo a Luis Seoane]"}]},{"@type":"WebSite","@id":"https:\/\/veredes.es\/blog\/#website","url":"https:\/\/veredes.es\/blog\/","name":"veredes, arquitectura y divulgaci\u00f3n","description":"veredes","publisher":{"@id":"https:\/\/veredes.es\/blog\/#organization"},"alternateName":"veredes","potentialAction":[{"@type":"SearchAction","target":{"@type":"EntryPoint","urlTemplate":"https:\/\/veredes.es\/blog\/?s={search_term_string}"},"query-input":{"@type":"PropertyValueSpecification","valueRequired":true,"valueName":"search_term_string"}}],"inLanguage":"es"},{"@type":"Organization","@id":"https:\/\/veredes.es\/blog\/#organization","name":"veredes, arquitectura y divulgaci\u00f3n","alternateName":"veredes","url":"https:\/\/veredes.es\/blog\/","logo":{"@type":"ImageObject","inLanguage":"es","@id":"https:\/\/veredes.es\/blog\/#\/schema\/logo\/image\/","url":"https:\/\/veredes.es\/blog\/wp-content\/uploads\/2021\/12\/veredes-logo-centrado_140x54.png","contentUrl":"https:\/\/veredes.es\/blog\/wp-content\/uploads\/2021\/12\/veredes-logo-centrado_140x54.png","width":140,"height":54,"caption":"veredes, arquitectura y divulgaci\u00f3n"},"image":{"@id":"https:\/\/veredes.es\/blog\/#\/schema\/logo\/image\/"},"sameAs":["https:\/\/www.facebook.com\/veredesArquitecturayDivulgacion\/","https:\/\/x.com\/veredes","https:\/\/instagram.com\/veredes\/","https:\/\/www.linkedin.com\/company\/veredes-arquitectura-y-divulgacion\/","https:\/\/es.pinterest.com\/veredes\/","https:\/\/www.tumblr.com\/veredes"]},{"@type":"Person","@id":"https:\/\/veredes.es\/blog\/#\/schema\/person\/0bbb669073ef7faba5168a0844e93d2c","name":"veredes","image":{"@type":"ImageObject","inLanguage":"es","@id":"https:\/\/veredes.es\/blog\/wp-content\/uploads\/2018\/04\/face-96x96.jpg","url":"https:\/\/veredes.es\/blog\/wp-content\/uploads\/2018\/04\/face-96x96.jpg","contentUrl":"https:\/\/veredes.es\/blog\/wp-content\/uploads\/2018\/04\/face-96x96.jpg","caption":"veredes"},"description":"Surge enero de 2009 como b\u00fasqueda de satisfacer el conocimiento de la actividad arquitect\u00f3nica y tangentes que se generan. La idea es crear un espacio para divulgar los diversos proyectos en busca de nueva inspiraci\u00f3n y de intercambio.","sameAs":["https:\/\/veredes.es\/","https:\/\/www.facebook.com\/veredesArquitecturayDivulgacion\/","https:\/\/www.instagram.com\/veredes\/","https:\/\/www.linkedin.com\/company\/veredes-arquitectura-y-divulgacion\/","https:\/\/www.pinterest.es\/veredes\/","https:\/\/x.com\/https:\/\/twitter.com\/veredes","https:\/\/veredes.tumblr.com\/"],"url":"https:\/\/veredes.es\/blog\/author\/alberto\/"}]}},"_links":{"self":[{"href":"https:\/\/veredes.es\/blog\/wp-json\/wp\/v2\/posts\/22329","targetHints":{"allow":["GET"]}}],"collection":[{"href":"https:\/\/veredes.es\/blog\/wp-json\/wp\/v2\/posts"}],"about":[{"href":"https:\/\/veredes.es\/blog\/wp-json\/wp\/v2\/types\/post"}],"author":[{"embeddable":true,"href":"https:\/\/veredes.es\/blog\/wp-json\/wp\/v2\/users\/2"}],"replies":[{"embeddable":true,"href":"https:\/\/veredes.es\/blog\/wp-json\/wp\/v2\/comments?post=22329"}],"version-history":[{"count":0,"href":"https:\/\/veredes.es\/blog\/wp-json\/wp\/v2\/posts\/22329\/revisions"}],"wp:featuredmedia":[{"embeddable":true,"href":"https:\/\/veredes.es\/blog\/wp-json\/wp\/v2\/media\/22330"}],"wp:attachment":[{"href":"https:\/\/veredes.es\/blog\/wp-json\/wp\/v2\/media?parent=22329"}],"wp:term":[{"taxonomy":"category","embeddable":true,"href":"https:\/\/veredes.es\/blog\/wp-json\/wp\/v2\/categories?post=22329"},{"taxonomy":"post_tag","embeddable":true,"href":"https:\/\/veredes.es\/blog\/wp-json\/wp\/v2\/tags?post=22329"}],"curies":[{"name":"wp","href":"https:\/\/api.w.org\/{rel}","templated":true}]}}