{"id":22111,"date":"2012-05-15T05:09:33","date_gmt":"2012-05-15T05:09:33","guid":{"rendered":"http:\/\/veredes.es\/blog\/?p=22111"},"modified":"2022-03-22T09:17:12","modified_gmt":"2022-03-22T08:17:12","slug":"foros-esarq-2012-modos-de-ver-ultimas-localidades","status":"publish","type":"post","link":"https:\/\/veredes.es\/blog\/foros-esarq-2012-modos-de-ver-ultimas-localidades\/","title":{"rendered":"Foros Esarq 2012: Modos de ver. Ultimas localidades"},"content":{"rendered":"<p><\/p>\n<p style=\"text-align: justify;\">El pr\u00f3ximo martes 15 de mayo, dentro de la programaci\u00f3n del ciclo de conferencias <strong>\u201cForos Esarq 2012: Modos de ver\u201d <\/strong>que organiza La Escuela T\u00e9cnica Superior de Arquitectura de la Universitat Internacional de Catalunya, <strong>ESARQ-UIC<\/strong>, los despachos de arquitectura catalana Aixopluc (David Tapias), Arquitecturia (Olga Felip y Josep Camps) y HArquitectes (David Lorente, Josep Ricart, Xavier Ros y Roger), formados por arquitectos j\u00f3venes, impartir\u00e1n una conferencia bajo el t\u00edtulo \u201c<strong><em>\u00daltimas localidades.\u201d<\/em><\/strong><\/p>\n<p style=\"text-align: justify;\"><a href=\"http:\/\/veredes.es\/blog\/wp-content\/uploads\/2012\/05\/foros2012-ultimaslocalidades-esp72.jpg\"><img loading=\"lazy\" decoding=\"async\" class=\"alignnone  wp-image-22112\" title=\"foros2012-ultimaslocalidades-esp72\" src=\"http:\/\/veredes.es\/blog\/wp-content\/uploads\/2012\/05\/foros2012-ultimaslocalidades-esp72.jpg\" alt=\"\" width=\"620\" height=\"878\" srcset=\"https:\/\/veredes.es\/blog\/wp-content\/uploads\/2012\/05\/foros2012-ultimaslocalidades-esp72.jpg 353w, https:\/\/veredes.es\/blog\/wp-content\/uploads\/2012\/05\/foros2012-ultimaslocalidades-esp72-211x300.jpg 211w\" sizes=\"auto, (max-width: 620px) 100vw, 620px\" \/><\/a><\/p>\n<p style=\"text-align: justify;\">El acto, que ser\u00e1 abierto al p\u00fablico, tendr\u00e1 lugar a las 16:00 horas en el Aula Magna del Campus Barcelona de la UIC y servir\u00e1 para reflexionar sobre la arquitectura de nuestros tiempos, a partir de la visi\u00f3n de despachos de arquitectura locales y j\u00f3venes con obra construida en Catalunya y reconocidos con diversos premios, que nos explicar\u00e1n de primera mano su posicionamiento frente a los temas que plantea la arquitectura actualmente.<\/p>\n<p style=\"text-align: justify;\">&#8211; Aixopluc (David Tapias, ETSAB 1999)<br \/>\n<a href=\"https:\/\/aixopluc.net\/\" target=\"_blank\" rel=\"noopener\"><span style=\"color: #888888;\">+ aixopluc.net<\/span><\/a><br \/>\n&#8211; Arquitecturia (se inicia en el 2006 con Josep Camps y Olga Felip )<br \/>\n<a href=\"https:\/\/www.arquitecturia.net\/\" target=\"_blank\" rel=\"noopener\"><span style=\"color: #888888;\">+ arquitecturia.net<\/span><\/a><br \/>\n&#8211; HArquitectes (David Lorente (Granollers, 1972), Josep Ricart (Cerdanyola del Vall\u00e8s, 1973), Xavier Ros (Sabadell, 1972) y Roger Tud\u00f3 (Terrassa, 1973). ETSA Vall\u00e8s 1998-2000)<br \/>\n<a href=\"http:\/\/www.harquitectes.com\/\" target=\"_blank\" rel=\"noopener\"><span style=\"color: #888888;\">+ harquitectes.com<\/span><\/a><\/p>\n<p><\/p>","protected":false},"excerpt":{"rendered":"<p>El pr\u00f3ximo martes 15 de mayo, dentro de la programaci\u00f3n del ciclo de conferencias \u201cForos Esarq 2012: Modos de ver\u201d que organiza La Escuela T\u00e9cnica Superior de Arquitectura de la Universitat Internacional de Catalunya, ESARQ-UIC, los despachos de arquitectura catalana Aixopluc (David Tapias), Arquitecturia (Olga Felip y Josep Camps) y HArquitectes (David Lorente, Josep Ricart, [&hellip;]<\/p>\n","protected":false},"author":2,"featured_media":22112,"comment_status":"open","ping_status":"closed","sticky":false,"template":"","format":"standard","meta":{"footnotes":""},"categories":[1385,16],"tags":[4752,191,312,357,4756,4753,3725,521,1787,588,4754,4757,4755,4759,4758],"class_list":{"0":"post-22111","1":"post","2":"type-post","3":"status-publish","4":"format-standard","5":"has-post-thumbnail","7":"category-conferencias","8":"category-eventos","9":"tag-arquitecturia","10":"tag-barcelona","11":"tag-ciclo","12":"tag-conferencia","13":"tag-david-lorente","14":"tag-david-tapias","16":"tag-espana","17":"tag-europa","18":"tag-foro","19":"tag-josep-camps","20":"tag-josep-ricart","21":"tag-olga-felip","22":"tag-roger-tudo","23":"tag-xavier-ros"},"yoast_head":"<!-- This site is optimized with the Yoast SEO plugin v27.4 - https:\/\/yoast.com\/product\/yoast-seo-wordpress\/ -->\n<title>Foros Esarq 2012: Modos de ver. Ultimas localidadesForos Esarq 2012: Modos de ver. Ultimas localidadesForos Esarq 2012: Modos de ver. Ultimas localidades - veredes<\/title>\n<meta name=\"description\" content=\"Toda la informaci\u00f3n sobre: Foros Esarq 2012: Modos de ver. Ultimas localidadesForos Esarq 2012: Modos de ver. Ultimas localidadesForos Esarq 2012: Modos de ver. Ultimas localidades\" \/>\n<meta name=\"robots\" content=\"index, follow, max-snippet:-1, max-image-preview:large, max-video-preview:-1\" \/>\n<link rel=\"canonical\" href=\"https:\/\/veredes.es\/blog\/foros-esarq-2012-modos-de-ver-ultimas-localidades\/\" \/>\n<meta property=\"og:locale\" content=\"es_ES\" \/>\n<meta property=\"og:type\" content=\"article\" \/>\n<meta property=\"og:title\" content=\"Foros Esarq 2012: Modos de ver. Ultimas localidadesForos Esarq 2012: Modos de ver. Ultimas localidadesForos Esarq 2012: Modos de ver. Ultimas localidades - veredes\" \/>\n<meta property=\"og:description\" content=\"Toda la informaci\u00f3n sobre: Foros Esarq 2012: Modos de ver. Ultimas localidadesForos Esarq 2012: Modos de ver. Ultimas localidadesForos Esarq 2012: Modos de ver. Ultimas localidades\" \/>\n<meta property=\"og:url\" content=\"https:\/\/veredes.es\/blog\/foros-esarq-2012-modos-de-ver-ultimas-localidades\/\" \/>\n<meta property=\"og:site_name\" content=\"veredes, arquitectura y divulgaci\u00f3n\" \/>\n<meta property=\"article:publisher\" content=\"https:\/\/www.facebook.com\/veredesArquitecturayDivulgacion\/\" \/>\n<meta property=\"article:author\" content=\"https:\/\/www.facebook.com\/veredesArquitecturayDivulgacion\/\" \/>\n<meta property=\"article:published_time\" content=\"2012-05-15T05:09:33+00:00\" \/>\n<meta property=\"article:modified_time\" content=\"2022-03-22T08:17:12+00:00\" \/>\n<meta property=\"og:image\" content=\"https:\/\/veredes.es\/blog\/wp-content\/uploads\/2012\/05\/foros2012-ultimaslocalidades-esp72.jpg\" \/>\n\t<meta property=\"og:image:width\" content=\"353\" \/>\n\t<meta property=\"og:image:height\" content=\"500\" \/>\n\t<meta property=\"og:image:type\" content=\"image\/jpeg\" \/>\n<meta name=\"author\" content=\"veredes\" \/>\n<meta name=\"twitter:card\" content=\"summary_large_image\" \/>\n<meta name=\"twitter:creator\" content=\"@https:\/\/twitter.com\/veredes\" \/>\n<meta name=\"twitter:site\" content=\"@veredes\" \/>\n<meta name=\"twitter:label1\" content=\"Escrito por\" \/>\n\t<meta name=\"twitter:data1\" content=\"veredes\" \/>\n\t<meta name=\"twitter:label2\" content=\"Tiempo de lectura\" \/>\n\t<meta name=\"twitter:data2\" content=\"3 minutos\" \/>\n<script type=\"application\/ld+json\" class=\"yoast-schema-graph\">{\"@context\":\"https:\\\/\\\/schema.org\",\"@graph\":[{\"@type\":\"Article\",\"@id\":\"https:\\\/\\\/veredes.es\\\/blog\\\/foros-esarq-2012-modos-de-ver-ultimas-localidades\\\/#article\",\"isPartOf\":{\"@id\":\"https:\\\/\\\/veredes.es\\\/blog\\\/foros-esarq-2012-modos-de-ver-ultimas-localidades\\\/\"},\"author\":{\"name\":\"veredes\",\"@id\":\"https:\\\/\\\/veredes.es\\\/blog\\\/#\\\/schema\\\/person\\\/0bbb669073ef7faba5168a0844e93d2c\"},\"headline\":\"Foros Esarq 2012: Modos de ver. Ultimas localidades\",\"datePublished\":\"2012-05-15T05:09:33+00:00\",\"dateModified\":\"2022-03-22T08:17:12+00:00\",\"mainEntityOfPage\":{\"@id\":\"https:\\\/\\\/veredes.es\\\/blog\\\/foros-esarq-2012-modos-de-ver-ultimas-localidades\\\/\"},\"wordCount\":590,\"commentCount\":3,\"publisher\":{\"@id\":\"https:\\\/\\\/veredes.es\\\/blog\\\/#organization\"},\"image\":{\"@id\":\"https:\\\/\\\/veredes.es\\\/blog\\\/foros-esarq-2012-modos-de-ver-ultimas-localidades\\\/#primaryimage\"},\"thumbnailUrl\":\"https:\\\/\\\/veredes.es\\\/blog\\\/wp-content\\\/uploads\\\/2012\\\/05\\\/foros2012-ultimaslocalidades-esp72.jpg\",\"keywords\":[\"arquitecturia\",\"Barcelona\",\"ciclo\",\"conferencia\",\"David Lorente\",\"david tapias\",\"esarq-uic\",\"Espa\u00f1a\",\"Europa\",\"foro\",\"josep camps\",\"Josep Ricart\",\"olga felip\",\"Roger Tud\u00f3\",\"Xavier Ros\"],\"articleSection\":[\"conferencias\",\"eventos\"],\"inLanguage\":\"es\",\"potentialAction\":[{\"@type\":\"CommentAction\",\"name\":\"Comment\",\"target\":[\"https:\\\/\\\/veredes.es\\\/blog\\\/foros-esarq-2012-modos-de-ver-ultimas-localidades\\\/#respond\"]}]},{\"@type\":\"WebPage\",\"@id\":\"https:\\\/\\\/veredes.es\\\/blog\\\/foros-esarq-2012-modos-de-ver-ultimas-localidades\\\/\",\"url\":\"https:\\\/\\\/veredes.es\\\/blog\\\/foros-esarq-2012-modos-de-ver-ultimas-localidades\\\/\",\"name\":\"Foros Esarq 2012: Modos de ver. Ultimas localidadesForos Esarq 2012: Modos de ver. Ultimas localidadesForos Esarq 2012: Modos de ver. Ultimas localidades - veredes\",\"isPartOf\":{\"@id\":\"https:\\\/\\\/veredes.es\\\/blog\\\/#website\"},\"primaryImageOfPage\":{\"@id\":\"https:\\\/\\\/veredes.es\\\/blog\\\/foros-esarq-2012-modos-de-ver-ultimas-localidades\\\/#primaryimage\"},\"image\":{\"@id\":\"https:\\\/\\\/veredes.es\\\/blog\\\/foros-esarq-2012-modos-de-ver-ultimas-localidades\\\/#primaryimage\"},\"thumbnailUrl\":\"https:\\\/\\\/veredes.es\\\/blog\\\/wp-content\\\/uploads\\\/2012\\\/05\\\/foros2012-ultimaslocalidades-esp72.jpg\",\"datePublished\":\"2012-05-15T05:09:33+00:00\",\"dateModified\":\"2022-03-22T08:17:12+00:00\",\"description\":\"Toda la informaci\u00f3n sobre: Foros Esarq 2012: Modos de ver. Ultimas localidadesForos Esarq 2012: Modos de ver. Ultimas localidadesForos Esarq 2012: Modos de ver. Ultimas localidades\",\"breadcrumb\":{\"@id\":\"https:\\\/\\\/veredes.es\\\/blog\\\/foros-esarq-2012-modos-de-ver-ultimas-localidades\\\/#breadcrumb\"},\"inLanguage\":\"es\",\"potentialAction\":[{\"@type\":\"ReadAction\",\"target\":[\"https:\\\/\\\/veredes.es\\\/blog\\\/foros-esarq-2012-modos-de-ver-ultimas-localidades\\\/\"]}]},{\"@type\":\"ImageObject\",\"inLanguage\":\"es\",\"@id\":\"https:\\\/\\\/veredes.es\\\/blog\\\/foros-esarq-2012-modos-de-ver-ultimas-localidades\\\/#primaryimage\",\"url\":\"https:\\\/\\\/veredes.es\\\/blog\\\/wp-content\\\/uploads\\\/2012\\\/05\\\/foros2012-ultimaslocalidades-esp72.jpg\",\"contentUrl\":\"https:\\\/\\\/veredes.es\\\/blog\\\/wp-content\\\/uploads\\\/2012\\\/05\\\/foros2012-ultimaslocalidades-esp72.jpg\",\"width\":\"353\",\"height\":\"500\"},{\"@type\":\"BreadcrumbList\",\"@id\":\"https:\\\/\\\/veredes.es\\\/blog\\\/foros-esarq-2012-modos-de-ver-ultimas-localidades\\\/#breadcrumb\",\"itemListElement\":[{\"@type\":\"ListItem\",\"position\":1,\"name\":\"Portada\",\"item\":\"https:\\\/\\\/veredes.es\\\/blog\\\/\"},{\"@type\":\"ListItem\",\"position\":2,\"name\":\"Foros Esarq 2012: Modos de ver. Ultimas localidadesForos Esarq 2012: Modos de ver. Ultimas localidadesForos Esarq 2012: Modos de ver. Ultimas localidades\"}]},{\"@type\":\"WebSite\",\"@id\":\"https:\\\/\\\/veredes.es\\\/blog\\\/#website\",\"url\":\"https:\\\/\\\/veredes.es\\\/blog\\\/\",\"name\":\"veredes, arquitectura y divulgaci\u00f3n\",\"description\":\"veredes\",\"publisher\":{\"@id\":\"https:\\\/\\\/veredes.es\\\/blog\\\/#organization\"},\"alternateName\":\"veredes\",\"potentialAction\":[{\"@type\":\"SearchAction\",\"target\":{\"@type\":\"EntryPoint\",\"urlTemplate\":\"https:\\\/\\\/veredes.es\\\/blog\\\/?s={search_term_string}\"},\"query-input\":{\"@type\":\"PropertyValueSpecification\",\"valueRequired\":true,\"valueName\":\"search_term_string\"}}],\"inLanguage\":\"es\"},{\"@type\":\"Organization\",\"@id\":\"https:\\\/\\\/veredes.es\\\/blog\\\/#organization\",\"name\":\"veredes, arquitectura y divulgaci\u00f3n\",\"alternateName\":\"veredes\",\"url\":\"https:\\\/\\\/veredes.es\\\/blog\\\/\",\"logo\":{\"@type\":\"ImageObject\",\"inLanguage\":\"es\",\"@id\":\"https:\\\/\\\/veredes.es\\\/blog\\\/#\\\/schema\\\/logo\\\/image\\\/\",\"url\":\"https:\\\/\\\/veredes.es\\\/blog\\\/wp-content\\\/uploads\\\/2021\\\/12\\\/veredes-logo-centrado_140x54.png\",\"contentUrl\":\"https:\\\/\\\/veredes.es\\\/blog\\\/wp-content\\\/uploads\\\/2021\\\/12\\\/veredes-logo-centrado_140x54.png\",\"width\":140,\"height\":54,\"caption\":\"veredes, arquitectura y divulgaci\u00f3n\"},\"image\":{\"@id\":\"https:\\\/\\\/veredes.es\\\/blog\\\/#\\\/schema\\\/logo\\\/image\\\/\"},\"sameAs\":[\"https:\\\/\\\/www.facebook.com\\\/veredesArquitecturayDivulgacion\\\/\",\"https:\\\/\\\/x.com\\\/veredes\",\"https:\\\/\\\/instagram.com\\\/veredes\\\/\",\"https:\\\/\\\/www.linkedin.com\\\/company\\\/veredes-arquitectura-y-divulgacion\\\/\",\"https:\\\/\\\/es.pinterest.com\\\/veredes\\\/\",\"https:\\\/\\\/www.tumblr.com\\\/veredes\"]},{\"@type\":\"Person\",\"@id\":\"https:\\\/\\\/veredes.es\\\/blog\\\/#\\\/schema\\\/person\\\/0bbb669073ef7faba5168a0844e93d2c\",\"name\":\"veredes\",\"image\":{\"@type\":\"ImageObject\",\"inLanguage\":\"es\",\"@id\":\"https:\\\/\\\/veredes.es\\\/blog\\\/wp-content\\\/uploads\\\/2018\\\/04\\\/face-96x96.jpg\",\"url\":\"https:\\\/\\\/veredes.es\\\/blog\\\/wp-content\\\/uploads\\\/2018\\\/04\\\/face-96x96.jpg\",\"contentUrl\":\"https:\\\/\\\/veredes.es\\\/blog\\\/wp-content\\\/uploads\\\/2018\\\/04\\\/face-96x96.jpg\",\"caption\":\"veredes\"},\"description\":\"Surge enero de 2009 como b\u00fasqueda de satisfacer el conocimiento de la actividad arquitect\u00f3nica y tangentes que se generan. La idea es crear un espacio para divulgar los diversos proyectos en busca de nueva inspiraci\u00f3n y de intercambio.\",\"sameAs\":[\"https:\\\/\\\/veredes.es\\\/\",\"https:\\\/\\\/www.facebook.com\\\/veredesArquitecturayDivulgacion\\\/\",\"https:\\\/\\\/www.instagram.com\\\/veredes\\\/\",\"https:\\\/\\\/www.linkedin.com\\\/company\\\/veredes-arquitectura-y-divulgacion\\\/\",\"https:\\\/\\\/www.pinterest.es\\\/veredes\\\/\",\"https:\\\/\\\/x.com\\\/https:\\\/\\\/twitter.com\\\/veredes\",\"https:\\\/\\\/veredes.tumblr.com\\\/\"],\"url\":\"https:\\\/\\\/veredes.es\\\/blog\\\/author\\\/alberto\\\/\"}]}<\/script>\n<!-- \/ Yoast SEO plugin. -->","yoast_head_json":{"title":"Foros Esarq 2012: Modos de ver. Ultimas localidadesForos Esarq 2012: Modos de ver. Ultimas localidadesForos Esarq 2012: Modos de ver. Ultimas localidades - veredes","description":"Toda la informaci\u00f3n sobre: Foros Esarq 2012: Modos de ver. Ultimas localidadesForos Esarq 2012: Modos de ver. Ultimas localidadesForos Esarq 2012: Modos de ver. Ultimas localidades","robots":{"index":"index","follow":"follow","max-snippet":"max-snippet:-1","max-image-preview":"max-image-preview:large","max-video-preview":"max-video-preview:-1"},"canonical":"https:\/\/veredes.es\/blog\/foros-esarq-2012-modos-de-ver-ultimas-localidades\/","og_locale":"es_ES","og_type":"article","og_title":"Foros Esarq 2012: Modos de ver. Ultimas localidadesForos Esarq 2012: Modos de ver. Ultimas localidadesForos Esarq 2012: Modos de ver. Ultimas localidades - veredes","og_description":"Toda la informaci\u00f3n sobre: Foros Esarq 2012: Modos de ver. Ultimas localidadesForos Esarq 2012: Modos de ver. Ultimas localidadesForos Esarq 2012: Modos de ver. Ultimas localidades","og_url":"https:\/\/veredes.es\/blog\/foros-esarq-2012-modos-de-ver-ultimas-localidades\/","og_site_name":"veredes, arquitectura y divulgaci\u00f3n","article_publisher":"https:\/\/www.facebook.com\/veredesArquitecturayDivulgacion\/","article_author":"https:\/\/www.facebook.com\/veredesArquitecturayDivulgacion\/","article_published_time":"2012-05-15T05:09:33+00:00","article_modified_time":"2022-03-22T08:17:12+00:00","og_image":[{"width":353,"height":500,"url":"https:\/\/veredes.es\/blog\/wp-content\/uploads\/2012\/05\/foros2012-ultimaslocalidades-esp72.jpg","type":"image\/jpeg"}],"author":"veredes","twitter_card":"summary_large_image","twitter_creator":"@https:\/\/twitter.com\/veredes","twitter_site":"@veredes","twitter_misc":{"Escrito por":"veredes","Tiempo de lectura":"3 minutos"},"schema":{"@context":"https:\/\/schema.org","@graph":[{"@type":"Article","@id":"https:\/\/veredes.es\/blog\/foros-esarq-2012-modos-de-ver-ultimas-localidades\/#article","isPartOf":{"@id":"https:\/\/veredes.es\/blog\/foros-esarq-2012-modos-de-ver-ultimas-localidades\/"},"author":{"name":"veredes","@id":"https:\/\/veredes.es\/blog\/#\/schema\/person\/0bbb669073ef7faba5168a0844e93d2c"},"headline":"Foros Esarq 2012: Modos de ver. Ultimas localidades","datePublished":"2012-05-15T05:09:33+00:00","dateModified":"2022-03-22T08:17:12+00:00","mainEntityOfPage":{"@id":"https:\/\/veredes.es\/blog\/foros-esarq-2012-modos-de-ver-ultimas-localidades\/"},"wordCount":590,"commentCount":3,"publisher":{"@id":"https:\/\/veredes.es\/blog\/#organization"},"image":{"@id":"https:\/\/veredes.es\/blog\/foros-esarq-2012-modos-de-ver-ultimas-localidades\/#primaryimage"},"thumbnailUrl":"https:\/\/veredes.es\/blog\/wp-content\/uploads\/2012\/05\/foros2012-ultimaslocalidades-esp72.jpg","keywords":["arquitecturia","Barcelona","ciclo","conferencia","David Lorente","david tapias","esarq-uic","Espa\u00f1a","Europa","foro","josep camps","Josep Ricart","olga felip","Roger Tud\u00f3","Xavier Ros"],"articleSection":["conferencias","eventos"],"inLanguage":"es","potentialAction":[{"@type":"CommentAction","name":"Comment","target":["https:\/\/veredes.es\/blog\/foros-esarq-2012-modos-de-ver-ultimas-localidades\/#respond"]}]},{"@type":"WebPage","@id":"https:\/\/veredes.es\/blog\/foros-esarq-2012-modos-de-ver-ultimas-localidades\/","url":"https:\/\/veredes.es\/blog\/foros-esarq-2012-modos-de-ver-ultimas-localidades\/","name":"Foros Esarq 2012: Modos de ver. Ultimas localidadesForos Esarq 2012: Modos de ver. Ultimas localidadesForos Esarq 2012: Modos de ver. Ultimas localidades - veredes","isPartOf":{"@id":"https:\/\/veredes.es\/blog\/#website"},"primaryImageOfPage":{"@id":"https:\/\/veredes.es\/blog\/foros-esarq-2012-modos-de-ver-ultimas-localidades\/#primaryimage"},"image":{"@id":"https:\/\/veredes.es\/blog\/foros-esarq-2012-modos-de-ver-ultimas-localidades\/#primaryimage"},"thumbnailUrl":"https:\/\/veredes.es\/blog\/wp-content\/uploads\/2012\/05\/foros2012-ultimaslocalidades-esp72.jpg","datePublished":"2012-05-15T05:09:33+00:00","dateModified":"2022-03-22T08:17:12+00:00","description":"Toda la informaci\u00f3n sobre: Foros Esarq 2012: Modos de ver. Ultimas localidadesForos Esarq 2012: Modos de ver. Ultimas localidadesForos Esarq 2012: Modos de ver. Ultimas localidades","breadcrumb":{"@id":"https:\/\/veredes.es\/blog\/foros-esarq-2012-modos-de-ver-ultimas-localidades\/#breadcrumb"},"inLanguage":"es","potentialAction":[{"@type":"ReadAction","target":["https:\/\/veredes.es\/blog\/foros-esarq-2012-modos-de-ver-ultimas-localidades\/"]}]},{"@type":"ImageObject","inLanguage":"es","@id":"https:\/\/veredes.es\/blog\/foros-esarq-2012-modos-de-ver-ultimas-localidades\/#primaryimage","url":"https:\/\/veredes.es\/blog\/wp-content\/uploads\/2012\/05\/foros2012-ultimaslocalidades-esp72.jpg","contentUrl":"https:\/\/veredes.es\/blog\/wp-content\/uploads\/2012\/05\/foros2012-ultimaslocalidades-esp72.jpg","width":"353","height":"500"},{"@type":"BreadcrumbList","@id":"https:\/\/veredes.es\/blog\/foros-esarq-2012-modos-de-ver-ultimas-localidades\/#breadcrumb","itemListElement":[{"@type":"ListItem","position":1,"name":"Portada","item":"https:\/\/veredes.es\/blog\/"},{"@type":"ListItem","position":2,"name":"Foros Esarq 2012: Modos de ver. Ultimas localidadesForos Esarq 2012: Modos de ver. Ultimas localidadesForos Esarq 2012: Modos de ver. Ultimas localidades"}]},{"@type":"WebSite","@id":"https:\/\/veredes.es\/blog\/#website","url":"https:\/\/veredes.es\/blog\/","name":"veredes, arquitectura y divulgaci\u00f3n","description":"veredes","publisher":{"@id":"https:\/\/veredes.es\/blog\/#organization"},"alternateName":"veredes","potentialAction":[{"@type":"SearchAction","target":{"@type":"EntryPoint","urlTemplate":"https:\/\/veredes.es\/blog\/?s={search_term_string}"},"query-input":{"@type":"PropertyValueSpecification","valueRequired":true,"valueName":"search_term_string"}}],"inLanguage":"es"},{"@type":"Organization","@id":"https:\/\/veredes.es\/blog\/#organization","name":"veredes, arquitectura y divulgaci\u00f3n","alternateName":"veredes","url":"https:\/\/veredes.es\/blog\/","logo":{"@type":"ImageObject","inLanguage":"es","@id":"https:\/\/veredes.es\/blog\/#\/schema\/logo\/image\/","url":"https:\/\/veredes.es\/blog\/wp-content\/uploads\/2021\/12\/veredes-logo-centrado_140x54.png","contentUrl":"https:\/\/veredes.es\/blog\/wp-content\/uploads\/2021\/12\/veredes-logo-centrado_140x54.png","width":140,"height":54,"caption":"veredes, arquitectura y divulgaci\u00f3n"},"image":{"@id":"https:\/\/veredes.es\/blog\/#\/schema\/logo\/image\/"},"sameAs":["https:\/\/www.facebook.com\/veredesArquitecturayDivulgacion\/","https:\/\/x.com\/veredes","https:\/\/instagram.com\/veredes\/","https:\/\/www.linkedin.com\/company\/veredes-arquitectura-y-divulgacion\/","https:\/\/es.pinterest.com\/veredes\/","https:\/\/www.tumblr.com\/veredes"]},{"@type":"Person","@id":"https:\/\/veredes.es\/blog\/#\/schema\/person\/0bbb669073ef7faba5168a0844e93d2c","name":"veredes","image":{"@type":"ImageObject","inLanguage":"es","@id":"https:\/\/veredes.es\/blog\/wp-content\/uploads\/2018\/04\/face-96x96.jpg","url":"https:\/\/veredes.es\/blog\/wp-content\/uploads\/2018\/04\/face-96x96.jpg","contentUrl":"https:\/\/veredes.es\/blog\/wp-content\/uploads\/2018\/04\/face-96x96.jpg","caption":"veredes"},"description":"Surge enero de 2009 como b\u00fasqueda de satisfacer el conocimiento de la actividad arquitect\u00f3nica y tangentes que se generan. La idea es crear un espacio para divulgar los diversos proyectos en busca de nueva inspiraci\u00f3n y de intercambio.","sameAs":["https:\/\/veredes.es\/","https:\/\/www.facebook.com\/veredesArquitecturayDivulgacion\/","https:\/\/www.instagram.com\/veredes\/","https:\/\/www.linkedin.com\/company\/veredes-arquitectura-y-divulgacion\/","https:\/\/www.pinterest.es\/veredes\/","https:\/\/x.com\/https:\/\/twitter.com\/veredes","https:\/\/veredes.tumblr.com\/"],"url":"https:\/\/veredes.es\/blog\/author\/alberto\/"}]}},"_links":{"self":[{"href":"https:\/\/veredes.es\/blog\/wp-json\/wp\/v2\/posts\/22111","targetHints":{"allow":["GET"]}}],"collection":[{"href":"https:\/\/veredes.es\/blog\/wp-json\/wp\/v2\/posts"}],"about":[{"href":"https:\/\/veredes.es\/blog\/wp-json\/wp\/v2\/types\/post"}],"author":[{"embeddable":true,"href":"https:\/\/veredes.es\/blog\/wp-json\/wp\/v2\/users\/2"}],"replies":[{"embeddable":true,"href":"https:\/\/veredes.es\/blog\/wp-json\/wp\/v2\/comments?post=22111"}],"version-history":[{"count":0,"href":"https:\/\/veredes.es\/blog\/wp-json\/wp\/v2\/posts\/22111\/revisions"}],"wp:featuredmedia":[{"embeddable":true,"href":"https:\/\/veredes.es\/blog\/wp-json\/wp\/v2\/media\/22112"}],"wp:attachment":[{"href":"https:\/\/veredes.es\/blog\/wp-json\/wp\/v2\/media?parent=22111"}],"wp:term":[{"taxonomy":"category","embeddable":true,"href":"https:\/\/veredes.es\/blog\/wp-json\/wp\/v2\/categories?post=22111"},{"taxonomy":"post_tag","embeddable":true,"href":"https:\/\/veredes.es\/blog\/wp-json\/wp\/v2\/tags?post=22111"}],"curies":[{"name":"wp","href":"https:\/\/api.w.org\/{rel}","templated":true}]}}