{"id":21681,"date":"2012-05-02T05:49:41","date_gmt":"2012-05-02T05:49:41","guid":{"rendered":"http:\/\/veredes.es\/blog\/?p=21681"},"modified":"2020-02-10T19:22:52","modified_gmt":"2020-02-10T18:22:52","slug":"paisaje-vittoria-calzolari-paesistica","status":"publish","type":"post","link":"https:\/\/veredes.es\/blog\/paisaje-vittoria-calzolari-paesistica\/","title":{"rendered":"Paisaje. Vittoria Calzolari paesistica"},"content":{"rendered":"<p><\/p>\n<p style=\"text-align: justify;\">Lo que aqu\u00ed presentamos no es su obra completa, cosa, como se puede imaginar, imposible de realizar, -tampoco era esa nuestra intenci\u00f3n-, sino una selecci\u00f3n destacada de la misma, para lo cual hemos contado con su colaboraci\u00f3n, bien entendido que la humildad y discreci\u00f3n que la caracterizan han impedido que fuera suya la idea de esta publicaci\u00f3n. Hemos sido nosotros, el Instituto Universitario de Urban\u00edstica, quienes propusimos a la Profesora Calzolari una empresa semejante. S\u00f3lo le pedimos que nos ayudase a proceder a la selecci\u00f3n aqu\u00ed presentada. En su af\u00e1n por proporcionarle coherencia a la publicaci\u00f3n, tambi\u00e9n cierta idea de continuidad a la obra realizada, nos sugiri\u00f3 un orden a seguir agrupando los art\u00edculos seleccionados por categor\u00edas conceptuales que se han ido elaborando en tiempos concretos. De esta forma, el libro aparece estructurado en cuatro grandes cap\u00edtulos, cada uno de los cuales aglutina unos art\u00edculos concretos, con una intenci\u00f3n casi cronol\u00f3gico-conceptual, lo que no quiere decir que hayamos seguido, estrictamente, el orden temporal que hace referencia a la publicaci\u00f3n de cada uno de ellos.<\/p>\n<p style=\"text-align: justify;\"><a href=\"https:\/\/veredes.es\/blog\/wp-content\/uploads\/2012\/04\/PL_Vittoria.jpg\"><img loading=\"lazy\" decoding=\"async\" class=\"alignnone  wp-image-21682\" title=\"PL_Vittoria\" src=\"https:\/\/veredes.es\/blog\/wp-content\/uploads\/2012\/04\/PL_Vittoria.jpg\" alt=\"\" width=\"620\" height=\"876\" \/><\/a><\/p>\n<p style=\"text-align: justify;\">[&#8230;]<\/p>\n<p style=\"text-align: justify;\">Edici\u00f3n al cuidado de Alfonso \u00c1lvarez Mora<br \/>\nPortada Carton<br \/>\n344 p\u00e1ginas, 17 x 24 cm.<br \/>\nCastellano e Italiano<br \/>\nISBN: 978-84-8448-654-1<\/p>\n<p style=\"text-align: justify;\"><span style=\"color: #888888;\">+ art\u00edculo publicado en uva<\/span><\/p>\n<p><iframe loading=\"lazy\" style=\"width: 120px; height: 240px;\" src=\"http:\/\/rcm-eu.amazon-adsystem.com\/e\/cm?t=veredes-21&amp;o=30&amp;p=8&amp;l=as1&amp;asins=8484486540&amp;ref=tf_til&amp;fc1=000000&amp;IS2=1&amp;lt1=_blank&amp;m=amazon&amp;lc1=ED9913&amp;bc1=000000&amp;bg1=FFFFFF&amp;f=ifr\" frameborder=\"0\" marginwidth=\"0\" marginheight=\"0\" scrolling=\"no\" width=\"320\" height=\"240\"><\/iframe> <iframe loading=\"lazy\" style=\"width: 120px; height: 240px;\" src=\"http:\/\/rcm-eu.amazon-adsystem.com\/e\/cm?t=wwwveredeses-21&amp;o=30&amp;p=8&amp;l=as1&amp;asins=8496431606&amp;ref=tf_til&amp;fc1=E9940D&amp;IS2=1&lt;1=_blank&amp;m=amazon&amp;lc1=575760&amp;bc1=FFFFFF&amp;bg1=FFFFFF&amp;f=ifr\" frameborder=\"0\" marginwidth=\"0\" marginheight=\"0\" scrolling=\"no\" width=\"320\" height=\"240\"><\/iframe> <iframe loading=\"lazy\" style=\"width: 120px; height: 240px;\" src=\"http:\/\/rcm-eu.amazon-adsystem.com\/e\/cm?t=wwwveredeses-21&amp;o=30&amp;p=8&amp;l=as1&amp;asins=8425218373&amp;ref=tf_til&amp;fc1=E9940D&amp;IS2=1&lt;1=_blank&amp;m=amazon&amp;lc1=575760&amp;bc1=FFFFFF&amp;bg1=FFFFFF&amp;f=ifr\" frameborder=\"0\" marginwidth=\"0\" marginheight=\"0\" scrolling=\"no\" width=\"320\" height=\"240\"><\/iframe> <iframe loading=\"lazy\" style=\"width: 120px; height: 240px;\" src=\"http:\/\/rcm-eu.amazon-adsystem.com\/e\/cm?t=wwwveredeses-21&amp;o=30&amp;p=8&amp;l=as1&amp;asins=8498017297&amp;ref=tf_til&amp;fc1=E9940D&amp;IS2=1&lt;1=_blank&amp;m=amazon&amp;lc1=575760&amp;bc1=FFFFFF&amp;bg1=FFFFFF&amp;f=ifr\" frameborder=\"0\" marginwidth=\"0\" marginheight=\"0\" scrolling=\"no\" width=\"320\" height=\"240\"><\/iframe> <iframe loading=\"lazy\" style=\"width: 120px; height: 240px;\" src=\"http:\/\/rcm-eu.amazon-adsystem.com\/e\/cm?t=wwwveredeses-21&amp;o=30&amp;p=8&amp;l=as1&amp;asins=8434306786&amp;ref=tf_til&amp;fc1=E9940D&amp;IS2=1&lt;1=_blank&amp;m=amazon&amp;lc1=575760&amp;bc1=FFFFFF&amp;bg1=FFFFFF&amp;f=ifr\" frameborder=\"0\" marginwidth=\"0\" marginheight=\"0\" scrolling=\"no\" width=\"320\" height=\"240\"><\/iframe><\/p>","protected":false},"excerpt":{"rendered":"<p>Lo que aqu\u00ed presentamos no es su obra completa, cosa, como se puede imaginar, imposible de realizar, -tampoco era esa nuestra intenci\u00f3n-, sino una selecci\u00f3n destacada de la misma, para lo cual hemos contado con su colaboraci\u00f3n, bien entendido que la humildad y discreci\u00f3n que la caracterizan han impedido que fuera suya la idea de [&hellip;]<\/p>\n","protected":false},"author":2,"featured_media":21682,"comment_status":"open","ping_status":"closed","sticky":false,"template":"","format":"standard","meta":{"footnotes":""},"categories":[794,26],"tags":[4561,2539,12467,4562,977,1286,1287,12468,4563],"class_list":{"0":"post-21681","1":"post","2":"type-post","3":"status-publish","4":"format-standard","5":"has-post-thumbnail","7":"category-libros","8":"category-publicaciones","9":"tag-alfonso-alvarez-mora","10":"tag-arquitectura-del-paisaje","11":"tag-ensayo","12":"tag-instituto-universitario-de-urbanistica","13":"tag-paisaje","14":"tag-territorio","15":"tag-tesis","16":"tag-urbanismo","17":"tag-vittoria-calzolari"},"yoast_head":"<!-- This site is optimized with the Yoast SEO plugin v27.4 - https:\/\/yoast.com\/product\/yoast-seo-wordpress\/ -->\n<title>Paisaje. Vittoria Calzolari paesisticaPaisaje. Vittoria Calzolari paesisticaPaisaje. Vittoria Calzolari paesistica - veredes<\/title>\n<meta name=\"description\" content=\"Toda la informaci\u00f3n sobre: Paisaje. Vittoria Calzolari paesisticaPaisaje. Vittoria Calzolari paesisticaPaisaje. Vittoria Calzolari paesistica\" \/>\n<meta name=\"robots\" content=\"index, follow, max-snippet:-1, max-image-preview:large, max-video-preview:-1\" \/>\n<link rel=\"canonical\" href=\"https:\/\/veredes.es\/blog\/paisaje-vittoria-calzolari-paesistica\/\" \/>\n<meta property=\"og:locale\" content=\"es_ES\" \/>\n<meta property=\"og:type\" content=\"article\" \/>\n<meta property=\"og:title\" content=\"Paisaje. Vittoria Calzolari paesisticaPaisaje. Vittoria Calzolari paesisticaPaisaje. Vittoria Calzolari paesistica - veredes\" \/>\n<meta property=\"og:description\" content=\"Toda la informaci\u00f3n sobre: Paisaje. Vittoria Calzolari paesisticaPaisaje. Vittoria Calzolari paesisticaPaisaje. Vittoria Calzolari paesistica\" \/>\n<meta property=\"og:url\" content=\"https:\/\/veredes.es\/blog\/paisaje-vittoria-calzolari-paesistica\/\" \/>\n<meta property=\"og:site_name\" content=\"veredes, arquitectura y divulgaci\u00f3n\" \/>\n<meta property=\"article:publisher\" content=\"https:\/\/www.facebook.com\/veredesArquitecturayDivulgacion\/\" \/>\n<meta property=\"article:author\" content=\"https:\/\/www.facebook.com\/veredesArquitecturayDivulgacion\/\" \/>\n<meta property=\"article:published_time\" content=\"2012-05-02T05:49:41+00:00\" \/>\n<meta property=\"article:modified_time\" content=\"2020-02-10T18:22:52+00:00\" \/>\n<meta property=\"og:image\" content=\"https:\/\/veredes.es\/blog\/wp-content\/uploads\/2012\/04\/PL_Vittoria.jpg\" \/>\n\t<meta property=\"og:image:width\" content=\"282\" \/>\n\t<meta property=\"og:image:height\" content=\"400\" \/>\n\t<meta property=\"og:image:type\" content=\"image\/jpeg\" \/>\n<meta name=\"author\" content=\"veredes\" \/>\n<meta name=\"twitter:card\" content=\"summary_large_image\" \/>\n<meta name=\"twitter:creator\" content=\"@https:\/\/twitter.com\/veredes\" \/>\n<meta name=\"twitter:site\" content=\"@veredes\" \/>\n<meta name=\"twitter:label1\" content=\"Escrito por\" \/>\n\t<meta name=\"twitter:data1\" content=\"veredes\" \/>\n\t<meta name=\"twitter:label2\" content=\"Tiempo de lectura\" \/>\n\t<meta name=\"twitter:data2\" content=\"3 minutos\" \/>\n<script type=\"application\/ld+json\" class=\"yoast-schema-graph\">{\"@context\":\"https:\\\/\\\/schema.org\",\"@graph\":[{\"@type\":\"Article\",\"@id\":\"https:\\\/\\\/veredes.es\\\/blog\\\/paisaje-vittoria-calzolari-paesistica\\\/#article\",\"isPartOf\":{\"@id\":\"https:\\\/\\\/veredes.es\\\/blog\\\/paisaje-vittoria-calzolari-paesistica\\\/\"},\"author\":{\"name\":\"veredes\",\"@id\":\"https:\\\/\\\/veredes.es\\\/blog\\\/#\\\/schema\\\/person\\\/0bbb669073ef7faba5168a0844e93d2c\"},\"headline\":\"Paisaje. Vittoria Calzolari paesistica\",\"datePublished\":\"2012-05-02T05:49:41+00:00\",\"dateModified\":\"2020-02-10T18:22:52+00:00\",\"mainEntityOfPage\":{\"@id\":\"https:\\\/\\\/veredes.es\\\/blog\\\/paisaje-vittoria-calzolari-paesistica\\\/\"},\"wordCount\":653,\"commentCount\":1,\"publisher\":{\"@id\":\"https:\\\/\\\/veredes.es\\\/blog\\\/#organization\"},\"image\":{\"@id\":\"https:\\\/\\\/veredes.es\\\/blog\\\/paisaje-vittoria-calzolari-paesistica\\\/#primaryimage\"},\"thumbnailUrl\":\"https:\\\/\\\/veredes.es\\\/blog\\\/wp-content\\\/uploads\\\/2012\\\/04\\\/PL_Vittoria.jpg\",\"keywords\":[\"Alfonso \u00c1lvarez Mora\",\"arquitectura del paisaje\",\"ensayo\",\"instituto universitario de urban\u00edstica\",\"paisaje\",\"territorio\",\"tesis\",\"urbanismo\",\"vittoria calzolari\"],\"articleSection\":[\"libros\",\"publicaciones\"],\"inLanguage\":\"es\",\"potentialAction\":[{\"@type\":\"CommentAction\",\"name\":\"Comment\",\"target\":[\"https:\\\/\\\/veredes.es\\\/blog\\\/paisaje-vittoria-calzolari-paesistica\\\/#respond\"]}]},{\"@type\":\"WebPage\",\"@id\":\"https:\\\/\\\/veredes.es\\\/blog\\\/paisaje-vittoria-calzolari-paesistica\\\/\",\"url\":\"https:\\\/\\\/veredes.es\\\/blog\\\/paisaje-vittoria-calzolari-paesistica\\\/\",\"name\":\"Paisaje. Vittoria Calzolari paesisticaPaisaje. Vittoria Calzolari paesisticaPaisaje. Vittoria Calzolari paesistica - veredes\",\"isPartOf\":{\"@id\":\"https:\\\/\\\/veredes.es\\\/blog\\\/#website\"},\"primaryImageOfPage\":{\"@id\":\"https:\\\/\\\/veredes.es\\\/blog\\\/paisaje-vittoria-calzolari-paesistica\\\/#primaryimage\"},\"image\":{\"@id\":\"https:\\\/\\\/veredes.es\\\/blog\\\/paisaje-vittoria-calzolari-paesistica\\\/#primaryimage\"},\"thumbnailUrl\":\"https:\\\/\\\/veredes.es\\\/blog\\\/wp-content\\\/uploads\\\/2012\\\/04\\\/PL_Vittoria.jpg\",\"datePublished\":\"2012-05-02T05:49:41+00:00\",\"dateModified\":\"2020-02-10T18:22:52+00:00\",\"description\":\"Toda la informaci\u00f3n sobre: Paisaje. Vittoria Calzolari paesisticaPaisaje. Vittoria Calzolari paesisticaPaisaje. Vittoria Calzolari paesistica\",\"breadcrumb\":{\"@id\":\"https:\\\/\\\/veredes.es\\\/blog\\\/paisaje-vittoria-calzolari-paesistica\\\/#breadcrumb\"},\"inLanguage\":\"es\",\"potentialAction\":[{\"@type\":\"ReadAction\",\"target\":[\"https:\\\/\\\/veredes.es\\\/blog\\\/paisaje-vittoria-calzolari-paesistica\\\/\"]}]},{\"@type\":\"ImageObject\",\"inLanguage\":\"es\",\"@id\":\"https:\\\/\\\/veredes.es\\\/blog\\\/paisaje-vittoria-calzolari-paesistica\\\/#primaryimage\",\"url\":\"https:\\\/\\\/veredes.es\\\/blog\\\/wp-content\\\/uploads\\\/2012\\\/04\\\/PL_Vittoria.jpg\",\"contentUrl\":\"https:\\\/\\\/veredes.es\\\/blog\\\/wp-content\\\/uploads\\\/2012\\\/04\\\/PL_Vittoria.jpg\",\"width\":\"282\",\"height\":\"400\"},{\"@type\":\"BreadcrumbList\",\"@id\":\"https:\\\/\\\/veredes.es\\\/blog\\\/paisaje-vittoria-calzolari-paesistica\\\/#breadcrumb\",\"itemListElement\":[{\"@type\":\"ListItem\",\"position\":1,\"name\":\"Portada\",\"item\":\"https:\\\/\\\/veredes.es\\\/blog\\\/\"},{\"@type\":\"ListItem\",\"position\":2,\"name\":\"Paisaje. Vittoria Calzolari paesistica\"}]},{\"@type\":\"WebSite\",\"@id\":\"https:\\\/\\\/veredes.es\\\/blog\\\/#website\",\"url\":\"https:\\\/\\\/veredes.es\\\/blog\\\/\",\"name\":\"veredes, arquitectura y divulgaci\u00f3n\",\"description\":\"veredes\",\"publisher\":{\"@id\":\"https:\\\/\\\/veredes.es\\\/blog\\\/#organization\"},\"alternateName\":\"veredes\",\"potentialAction\":[{\"@type\":\"SearchAction\",\"target\":{\"@type\":\"EntryPoint\",\"urlTemplate\":\"https:\\\/\\\/veredes.es\\\/blog\\\/?s={search_term_string}\"},\"query-input\":{\"@type\":\"PropertyValueSpecification\",\"valueRequired\":true,\"valueName\":\"search_term_string\"}}],\"inLanguage\":\"es\"},{\"@type\":\"Organization\",\"@id\":\"https:\\\/\\\/veredes.es\\\/blog\\\/#organization\",\"name\":\"veredes, arquitectura y divulgaci\u00f3n\",\"alternateName\":\"veredes\",\"url\":\"https:\\\/\\\/veredes.es\\\/blog\\\/\",\"logo\":{\"@type\":\"ImageObject\",\"inLanguage\":\"es\",\"@id\":\"https:\\\/\\\/veredes.es\\\/blog\\\/#\\\/schema\\\/logo\\\/image\\\/\",\"url\":\"https:\\\/\\\/veredes.es\\\/blog\\\/wp-content\\\/uploads\\\/2021\\\/12\\\/veredes-logo-centrado_140x54.png\",\"contentUrl\":\"https:\\\/\\\/veredes.es\\\/blog\\\/wp-content\\\/uploads\\\/2021\\\/12\\\/veredes-logo-centrado_140x54.png\",\"width\":140,\"height\":54,\"caption\":\"veredes, arquitectura y divulgaci\u00f3n\"},\"image\":{\"@id\":\"https:\\\/\\\/veredes.es\\\/blog\\\/#\\\/schema\\\/logo\\\/image\\\/\"},\"sameAs\":[\"https:\\\/\\\/www.facebook.com\\\/veredesArquitecturayDivulgacion\\\/\",\"https:\\\/\\\/x.com\\\/veredes\",\"https:\\\/\\\/instagram.com\\\/veredes\\\/\",\"https:\\\/\\\/www.linkedin.com\\\/company\\\/veredes-arquitectura-y-divulgacion\\\/\",\"https:\\\/\\\/es.pinterest.com\\\/veredes\\\/\",\"https:\\\/\\\/www.tumblr.com\\\/veredes\"]},{\"@type\":\"Person\",\"@id\":\"https:\\\/\\\/veredes.es\\\/blog\\\/#\\\/schema\\\/person\\\/0bbb669073ef7faba5168a0844e93d2c\",\"name\":\"veredes\",\"image\":{\"@type\":\"ImageObject\",\"inLanguage\":\"es\",\"@id\":\"https:\\\/\\\/veredes.es\\\/blog\\\/wp-content\\\/uploads\\\/2018\\\/04\\\/face-96x96.jpg\",\"url\":\"https:\\\/\\\/veredes.es\\\/blog\\\/wp-content\\\/uploads\\\/2018\\\/04\\\/face-96x96.jpg\",\"contentUrl\":\"https:\\\/\\\/veredes.es\\\/blog\\\/wp-content\\\/uploads\\\/2018\\\/04\\\/face-96x96.jpg\",\"caption\":\"veredes\"},\"description\":\"Surge enero de 2009 como b\u00fasqueda de satisfacer el conocimiento de la actividad arquitect\u00f3nica y tangentes que se generan. La idea es crear un espacio para divulgar los diversos proyectos en busca de nueva inspiraci\u00f3n y de intercambio.\",\"sameAs\":[\"https:\\\/\\\/veredes.es\\\/\",\"https:\\\/\\\/www.facebook.com\\\/veredesArquitecturayDivulgacion\\\/\",\"https:\\\/\\\/www.instagram.com\\\/veredes\\\/\",\"https:\\\/\\\/www.linkedin.com\\\/company\\\/veredes-arquitectura-y-divulgacion\\\/\",\"https:\\\/\\\/www.pinterest.es\\\/veredes\\\/\",\"https:\\\/\\\/x.com\\\/https:\\\/\\\/twitter.com\\\/veredes\",\"https:\\\/\\\/veredes.tumblr.com\\\/\"],\"url\":\"https:\\\/\\\/veredes.es\\\/blog\\\/author\\\/alberto\\\/\"}]}<\/script>\n<!-- \/ Yoast SEO plugin. -->","yoast_head_json":{"title":"Paisaje. Vittoria Calzolari paesisticaPaisaje. Vittoria Calzolari paesisticaPaisaje. Vittoria Calzolari paesistica - veredes","description":"Toda la informaci\u00f3n sobre: Paisaje. Vittoria Calzolari paesisticaPaisaje. Vittoria Calzolari paesisticaPaisaje. Vittoria Calzolari paesistica","robots":{"index":"index","follow":"follow","max-snippet":"max-snippet:-1","max-image-preview":"max-image-preview:large","max-video-preview":"max-video-preview:-1"},"canonical":"https:\/\/veredes.es\/blog\/paisaje-vittoria-calzolari-paesistica\/","og_locale":"es_ES","og_type":"article","og_title":"Paisaje. Vittoria Calzolari paesisticaPaisaje. Vittoria Calzolari paesisticaPaisaje. Vittoria Calzolari paesistica - veredes","og_description":"Toda la informaci\u00f3n sobre: Paisaje. Vittoria Calzolari paesisticaPaisaje. Vittoria Calzolari paesisticaPaisaje. Vittoria Calzolari paesistica","og_url":"https:\/\/veredes.es\/blog\/paisaje-vittoria-calzolari-paesistica\/","og_site_name":"veredes, arquitectura y divulgaci\u00f3n","article_publisher":"https:\/\/www.facebook.com\/veredesArquitecturayDivulgacion\/","article_author":"https:\/\/www.facebook.com\/veredesArquitecturayDivulgacion\/","article_published_time":"2012-05-02T05:49:41+00:00","article_modified_time":"2020-02-10T18:22:52+00:00","og_image":[{"width":282,"height":400,"url":"https:\/\/veredes.es\/blog\/wp-content\/uploads\/2012\/04\/PL_Vittoria.jpg","type":"image\/jpeg"}],"author":"veredes","twitter_card":"summary_large_image","twitter_creator":"@https:\/\/twitter.com\/veredes","twitter_site":"@veredes","twitter_misc":{"Escrito por":"veredes","Tiempo de lectura":"3 minutos"},"schema":{"@context":"https:\/\/schema.org","@graph":[{"@type":"Article","@id":"https:\/\/veredes.es\/blog\/paisaje-vittoria-calzolari-paesistica\/#article","isPartOf":{"@id":"https:\/\/veredes.es\/blog\/paisaje-vittoria-calzolari-paesistica\/"},"author":{"name":"veredes","@id":"https:\/\/veredes.es\/blog\/#\/schema\/person\/0bbb669073ef7faba5168a0844e93d2c"},"headline":"Paisaje. Vittoria Calzolari paesistica","datePublished":"2012-05-02T05:49:41+00:00","dateModified":"2020-02-10T18:22:52+00:00","mainEntityOfPage":{"@id":"https:\/\/veredes.es\/blog\/paisaje-vittoria-calzolari-paesistica\/"},"wordCount":653,"commentCount":1,"publisher":{"@id":"https:\/\/veredes.es\/blog\/#organization"},"image":{"@id":"https:\/\/veredes.es\/blog\/paisaje-vittoria-calzolari-paesistica\/#primaryimage"},"thumbnailUrl":"https:\/\/veredes.es\/blog\/wp-content\/uploads\/2012\/04\/PL_Vittoria.jpg","keywords":["Alfonso \u00c1lvarez Mora","arquitectura del paisaje","ensayo","instituto universitario de urban\u00edstica","paisaje","territorio","tesis","urbanismo","vittoria calzolari"],"articleSection":["libros","publicaciones"],"inLanguage":"es","potentialAction":[{"@type":"CommentAction","name":"Comment","target":["https:\/\/veredes.es\/blog\/paisaje-vittoria-calzolari-paesistica\/#respond"]}]},{"@type":"WebPage","@id":"https:\/\/veredes.es\/blog\/paisaje-vittoria-calzolari-paesistica\/","url":"https:\/\/veredes.es\/blog\/paisaje-vittoria-calzolari-paesistica\/","name":"Paisaje. Vittoria Calzolari paesisticaPaisaje. Vittoria Calzolari paesisticaPaisaje. Vittoria Calzolari paesistica - veredes","isPartOf":{"@id":"https:\/\/veredes.es\/blog\/#website"},"primaryImageOfPage":{"@id":"https:\/\/veredes.es\/blog\/paisaje-vittoria-calzolari-paesistica\/#primaryimage"},"image":{"@id":"https:\/\/veredes.es\/blog\/paisaje-vittoria-calzolari-paesistica\/#primaryimage"},"thumbnailUrl":"https:\/\/veredes.es\/blog\/wp-content\/uploads\/2012\/04\/PL_Vittoria.jpg","datePublished":"2012-05-02T05:49:41+00:00","dateModified":"2020-02-10T18:22:52+00:00","description":"Toda la informaci\u00f3n sobre: Paisaje. Vittoria Calzolari paesisticaPaisaje. Vittoria Calzolari paesisticaPaisaje. Vittoria Calzolari paesistica","breadcrumb":{"@id":"https:\/\/veredes.es\/blog\/paisaje-vittoria-calzolari-paesistica\/#breadcrumb"},"inLanguage":"es","potentialAction":[{"@type":"ReadAction","target":["https:\/\/veredes.es\/blog\/paisaje-vittoria-calzolari-paesistica\/"]}]},{"@type":"ImageObject","inLanguage":"es","@id":"https:\/\/veredes.es\/blog\/paisaje-vittoria-calzolari-paesistica\/#primaryimage","url":"https:\/\/veredes.es\/blog\/wp-content\/uploads\/2012\/04\/PL_Vittoria.jpg","contentUrl":"https:\/\/veredes.es\/blog\/wp-content\/uploads\/2012\/04\/PL_Vittoria.jpg","width":"282","height":"400"},{"@type":"BreadcrumbList","@id":"https:\/\/veredes.es\/blog\/paisaje-vittoria-calzolari-paesistica\/#breadcrumb","itemListElement":[{"@type":"ListItem","position":1,"name":"Portada","item":"https:\/\/veredes.es\/blog\/"},{"@type":"ListItem","position":2,"name":"Paisaje. Vittoria Calzolari paesistica"}]},{"@type":"WebSite","@id":"https:\/\/veredes.es\/blog\/#website","url":"https:\/\/veredes.es\/blog\/","name":"veredes, arquitectura y divulgaci\u00f3n","description":"veredes","publisher":{"@id":"https:\/\/veredes.es\/blog\/#organization"},"alternateName":"veredes","potentialAction":[{"@type":"SearchAction","target":{"@type":"EntryPoint","urlTemplate":"https:\/\/veredes.es\/blog\/?s={search_term_string}"},"query-input":{"@type":"PropertyValueSpecification","valueRequired":true,"valueName":"search_term_string"}}],"inLanguage":"es"},{"@type":"Organization","@id":"https:\/\/veredes.es\/blog\/#organization","name":"veredes, arquitectura y divulgaci\u00f3n","alternateName":"veredes","url":"https:\/\/veredes.es\/blog\/","logo":{"@type":"ImageObject","inLanguage":"es","@id":"https:\/\/veredes.es\/blog\/#\/schema\/logo\/image\/","url":"https:\/\/veredes.es\/blog\/wp-content\/uploads\/2021\/12\/veredes-logo-centrado_140x54.png","contentUrl":"https:\/\/veredes.es\/blog\/wp-content\/uploads\/2021\/12\/veredes-logo-centrado_140x54.png","width":140,"height":54,"caption":"veredes, arquitectura y divulgaci\u00f3n"},"image":{"@id":"https:\/\/veredes.es\/blog\/#\/schema\/logo\/image\/"},"sameAs":["https:\/\/www.facebook.com\/veredesArquitecturayDivulgacion\/","https:\/\/x.com\/veredes","https:\/\/instagram.com\/veredes\/","https:\/\/www.linkedin.com\/company\/veredes-arquitectura-y-divulgacion\/","https:\/\/es.pinterest.com\/veredes\/","https:\/\/www.tumblr.com\/veredes"]},{"@type":"Person","@id":"https:\/\/veredes.es\/blog\/#\/schema\/person\/0bbb669073ef7faba5168a0844e93d2c","name":"veredes","image":{"@type":"ImageObject","inLanguage":"es","@id":"https:\/\/veredes.es\/blog\/wp-content\/uploads\/2018\/04\/face-96x96.jpg","url":"https:\/\/veredes.es\/blog\/wp-content\/uploads\/2018\/04\/face-96x96.jpg","contentUrl":"https:\/\/veredes.es\/blog\/wp-content\/uploads\/2018\/04\/face-96x96.jpg","caption":"veredes"},"description":"Surge enero de 2009 como b\u00fasqueda de satisfacer el conocimiento de la actividad arquitect\u00f3nica y tangentes que se generan. La idea es crear un espacio para divulgar los diversos proyectos en busca de nueva inspiraci\u00f3n y de intercambio.","sameAs":["https:\/\/veredes.es\/","https:\/\/www.facebook.com\/veredesArquitecturayDivulgacion\/","https:\/\/www.instagram.com\/veredes\/","https:\/\/www.linkedin.com\/company\/veredes-arquitectura-y-divulgacion\/","https:\/\/www.pinterest.es\/veredes\/","https:\/\/x.com\/https:\/\/twitter.com\/veredes","https:\/\/veredes.tumblr.com\/"],"url":"https:\/\/veredes.es\/blog\/author\/alberto\/"}]}},"_links":{"self":[{"href":"https:\/\/veredes.es\/blog\/wp-json\/wp\/v2\/posts\/21681","targetHints":{"allow":["GET"]}}],"collection":[{"href":"https:\/\/veredes.es\/blog\/wp-json\/wp\/v2\/posts"}],"about":[{"href":"https:\/\/veredes.es\/blog\/wp-json\/wp\/v2\/types\/post"}],"author":[{"embeddable":true,"href":"https:\/\/veredes.es\/blog\/wp-json\/wp\/v2\/users\/2"}],"replies":[{"embeddable":true,"href":"https:\/\/veredes.es\/blog\/wp-json\/wp\/v2\/comments?post=21681"}],"version-history":[{"count":0,"href":"https:\/\/veredes.es\/blog\/wp-json\/wp\/v2\/posts\/21681\/revisions"}],"wp:featuredmedia":[{"embeddable":true,"href":"https:\/\/veredes.es\/blog\/wp-json\/wp\/v2\/media\/21682"}],"wp:attachment":[{"href":"https:\/\/veredes.es\/blog\/wp-json\/wp\/v2\/media?parent=21681"}],"wp:term":[{"taxonomy":"category","embeddable":true,"href":"https:\/\/veredes.es\/blog\/wp-json\/wp\/v2\/categories?post=21681"},{"taxonomy":"post_tag","embeddable":true,"href":"https:\/\/veredes.es\/blog\/wp-json\/wp\/v2\/tags?post=21681"}],"curies":[{"name":"wp","href":"https:\/\/api.w.org\/{rel}","templated":true}]}}