{"id":21528,"date":"2020-06-05T00:01:14","date_gmt":"2020-06-04T22:01:14","guid":{"rendered":"http:\/\/veredes.es\/blog\/?p=21528"},"modified":"2020-06-10T09:53:42","modified_gmt":"2020-06-10T07:53:42","slug":"que-culpa-tiene-el-guindo-jose-ramon-hernandez-correa","status":"publish","type":"post","link":"https:\/\/veredes.es\/blog\/que-culpa-tiene-el-guindo-jose-ramon-hernandez-correa\/","title":{"rendered":"\u00bfQu\u00e9 culpa tiene el guindo? | Jos\u00e9 Ram\u00f3n Hern\u00e1ndez Correa"},"content":{"rendered":"<p><\/p>\n<p style=\"text-align: justify;\">Nos hemos ca\u00eddo del guindo de la arquitectura espect\u00e1culo, de la arquitectura de carnaval, de opereta y de cachondeo, y de golpe todo el mundo est\u00e1 rasg\u00e1ndose las vestiduras, entonando el <em>mea culpa<\/em> y arranc\u00e1ndose EL CROQUIS (que es casi como decir arranc\u00e1ndose los ojos). Ahora todo el mundo despotrica del carnaval y abraza con fervor la cuaresma. Pues hombre, tampoco era eso. Llevo a\u00f1os criticando a los \u00abarquitectos estrella\u00bb, a su desfachatez arquitect\u00f3nica, a su despilfarro, y a la desverg\u00fcenza de los pol\u00edticos que les encargaban obras salt\u00e1ndose los procedimientos y la legalidad, y conchab\u00e1ndose en turbias operaciones.<\/p>\n<p style=\"text-align: justify;\">Pero, sobre todo, llevo a\u00f1os criticando la p\u00e9sima arquitectura que sal\u00eda de todo eso. Y era p\u00e9sima porque solo ten\u00eda forma. Pero ahora, con el acostumbrado movimiento pendular, se nos intenta convencer de que la forma es mala. O, mejor dicho, de que <a href=\"https:\/\/veredes.es\/blog\/algo-que-yo-no-quiero-ser-jose-ramon-hernandez-correa\/\" target=\"_blank\" rel=\"noopener noreferrer\"><em>lo malo era la forma<\/em><\/a>, e incluso hay quien dice que la arquitectura deber\u00eda perder la forma y ser solo funci\u00f3n, programa, econom\u00eda, construcci\u00f3n.<\/p>\n<p style=\"text-align: justify;\">Aqu\u00ed pasamos siempre del blanco al negro sin fases intermedias. La forma no es mala. Es malo que la arquitectura solo tenga en cuenta una forma espectacular, pero tambi\u00e9n es malo que la arquitectura reniegue de la forma, \u00bfno?<\/p>\n<p style=\"text-align: justify;\">En fin,<\/p>\n<blockquote>\n<p style=\"text-align: justify;\"><strong>\u00bfpara qu\u00e9 seguir insistiendo? <\/strong><\/p>\n<\/blockquote>\n<p style=\"text-align: justify;\">Nos hemos ca\u00eddo del guindo,<\/p>\n<blockquote>\n<p style=\"text-align: justify;\"><strong>\u00bfpero qu\u00e9 culpa ten\u00eda el guindo?<\/strong><\/p>\n<\/blockquote>\n<figure id=\"attachment_78436\" aria-describedby=\"caption-attachment-78436\" style=\"width: 640px\" class=\"wp-caption alignnone\"><img loading=\"lazy\" decoding=\"async\" class=\"size-large wp-image-78436\" src=\"https:\/\/veredes.es\/blog\/wp-content\/uploads\/2012\/04\/\u00bfQu\u00e9-culpa-tiene-el-guindo-Jos\u00e9-Ram\u00f3n-Hern\u00e1ndez-Correa-1024x697.jpg\" alt=\"\" width=\"640\" height=\"436\" srcset=\"https:\/\/veredes.es\/blog\/wp-content\/uploads\/2012\/04\/\u00bfQu\u00e9-culpa-tiene-el-guindo-Jos\u00e9-Ram\u00f3n-Hern\u00e1ndez-Correa-1024x697.jpg 1024w, https:\/\/veredes.es\/blog\/wp-content\/uploads\/2012\/04\/\u00bfQu\u00e9-culpa-tiene-el-guindo-Jos\u00e9-Ram\u00f3n-Hern\u00e1ndez-Correa-300x204.jpg 300w, https:\/\/veredes.es\/blog\/wp-content\/uploads\/2012\/04\/\u00bfQu\u00e9-culpa-tiene-el-guindo-Jos\u00e9-Ram\u00f3n-Hern\u00e1ndez-Correa.jpg 1200w\" sizes=\"auto, (max-width: 640px) 100vw, 640px\" \/><figcaption id=\"caption-attachment-78436\" class=\"wp-caption-text\"><span style=\"color: #999999;\">Alejandro Aravena\/ELEMENTAL, Quinta Monroy, Iquique (Chile) 2000-2008<\/span><\/figcaption><\/figure>\n<p style=\"text-align: justify;\">En\u00a0<a href=\"https:\/\/elpais.com\/cultura\/2012\/04\/13\/actualidad\/1334318904_655771.html\" target=\"_blank\" rel=\"noopener noreferrer\"><b>EL PA\u00cdS SEMANAL<\/b><\/a> del 2012, sal\u00eda un reportaje sobre el arquitecto chileno <b>Alejandro Aravena.<\/b> Reconozco humildemente que no lo conoc\u00eda (tengo una vast\u00edsima incultura), y lo primero que me llama la atenci\u00f3n, antes de leerlo completo, son las frases destacadas del reportaje, las de tipo gordo para resaltar. Todas van en la misma (desoladora) direcci\u00f3n:<br \/>\n(Las numerar\u00e9 para despu\u00e9s referirme a ellas).<\/p>\n<p style=\"padding-left: 40px;\">1.- \u00ab<em>Si tienes talento, no lo uses para llegar mas lejos, \u00fasalo para llegar m\u00e1s acompa\u00f1ado<\/em>\u00ab.<\/p>\n<p style=\"padding-left: 40px;\">2.- \u00ab<em>El arquitecto chileno defiende el trabajo desde la escasez. Frente a los proyectos de relumbr\u00f3n, su prioridad es identificar los problemas de la gente y ayudar al bienestar de los barrios<\/em>\u00ab.<\/p>\n<p style=\"padding-left: 40px;\">3.- \u00ab<em>No se necesita mucho para vivir, solo estar satisfecho de lo que haces<\/em>\u00ab.<\/p>\n<p style=\"padding-left: 40px;\">4.- \u00ab<em>Mi infancia de escasez me marc\u00f3. Me da placer viajar con muy poco<\/em>\u00ab.<\/p>\n<p style=\"text-align: justify;\">Con estas cuatro frases destacadas me dan muy pocas ganas de leer la entrevista entera. Me gustan las novelas de <strong>Charles Dickens<\/strong>, el genial escritor que siempre andaba por el filo cursi y sensiblero de la navaja, pero que sab\u00eda como agarrarte del gaznate y de las g\u00f3nadas. Sin embargo, sus imitadores tienen un papel\u00f3n, porque es muy dif\u00edcil salir airoso de entre tanta salsa agridulce. La primera frase es de ese aire neo-zen y chill-out que ahora est\u00e1 tan de moda y que no significa absolutamente nada. (Pero Aravena es muy guapo). \u00abS\u00e9 t\u00fa mismo\u00bb. \u00abBe water\u00bb. Vamos, que ya somos mayorcitos para que nos vengan con monsergas de ese calibre.<\/p>\n<p style=\"text-align: justify;\">La segunda frase refleja una postura \u00e9tica. Pero un arquitecto no es un santo, ni un h\u00e9roe, ni un salvador social. Deber\u00eda hablar en t\u00e9rminos de arquitectura. Si no, no nos entendemos.<\/p>\n<blockquote>\n<p style=\"text-align: justify;\"><strong>\u00bfCu\u00e1l es el papel del arquitecto? \u00bfEn qu\u00e9 consiste su profesi\u00f3n?<\/strong><\/p>\n<\/blockquote>\n<p style=\"text-align: justify;\">La tercera es una solemne idiotez. El Pocero est\u00e1 muy satisfecho con lo que hace. Y Francisco Camps, y Cristiano Ronaldo. Refleja una forma de ser, de estar uno encantado de haberse conocido, pero no indica nada. Ah, s\u00ed: que nunca se prostituir\u00e1, ni har\u00e1 arquitectura especuladora ni abusona, ni se hinchar\u00e1 a ganar pasta&#8230; a no ser que haciendo eso est\u00e9 satisfecho. En ese caso s\u00ed. La cuarta es la m\u00e1s charlesdickens de todas. Ahora da conferencias en Harward, pero, eso s\u00ed, viaja a Boston en burra, y se aloja en un motel de pel\u00edcula de terror, con bichos mutantes y todo. Me parece muy bien, si est\u00e1 satisfecho con lo que hace.<\/p>\n<p style=\"text-align: justify;\">En ning\u00fan sitio se da una referencia arquitect\u00f3nica, una intenci\u00f3n arquitect\u00f3nica pura. El respeto por el ambiente, por la sociedad, por la econom\u00eda, por la energ\u00eda&#8230; S\u00ed, claro, por supuesto,<\/p>\n<blockquote>\n<p style=\"text-align: justify;\"><strong>\u00bfpero hay arquitecto?<\/strong><\/p>\n<\/blockquote>\n<p style=\"text-align: justify;\">Como no me quedo satisfecho con esa entrevista busco informaci\u00f3n en internet, y veo que s\u00ed, que hay arquitecto, y aprecio muchas cosas interesantes en su obra. Pero le da verg\u00fcenza decirlas en la entrevista. (O no conviene se\u00f1alarlas en esta parte de EL PA\u00cdS SEMANAL). Se pone los harapos, se marca la frente con ceniza y se dispone a atravesar esta inacabable cuaresma flagel\u00e1ndose, y anim\u00e1ndonos a todos a que nos flagelemos. (Pero los dem\u00e1s no somos tan guapos ni de lejos).<\/p>\n<p style=\"text-align: justify;\">Centremos el tema. La arquitectura es econom\u00eda, funci\u00f3n, sensatez, l\u00f3gica, t\u00e9cnica, respeto&#8230; lo que quer\u00e1is. Pero es todo eso plasmado en forma. Tan deplorable es construir formas caprichosas porque s\u00ed, que no contienen nada, como hacer \u00e1ridos diagramas informes, matrices num\u00e9ricas sin intenci\u00f3n formal ni espacial. Nos hemos ca\u00eddo del guindo. Nuestra obligaci\u00f3n y nuestra necesidad es buscar en seguida otro guindo, un guindo mejor que el que ten\u00edamos, para subirnos a \u00e9l. Un guindo con todo eso (honradez, econom\u00eda, sensatez, racionalidad, intenci\u00f3n, programa, respeto, etc), por supuesto que s\u00ed, estar\u00eda bueno, pero con vocaci\u00f3n formal y espacial.<\/p>\n<p style=\"text-align: justify;\">Es decir: <strong>el guindo de la arquitectura.<\/strong><\/p>\n<p>Jos\u00e9 Ram\u00f3n Hern\u00e1ndez Correa \u00b7 Doctor Arquitecto<br \/>\nToledo \u00b7 Abril 2012<br \/>\n<em><span style=\"color: #999999;\">Autor del blog arquitectamoslocos?<\/span><\/em><\/p>\n<p style=\"text-align: justify;\">PD.- El cuaresmal suplemento semanal sigue, por otra parte, erre que erre con su tradicional vocaci\u00f3n confundidora. \u00bfCarnaval o cuaresma? \u00bfEn qu\u00e9 quedamos? Tras la dickensiana entrevista a Aravena hay un reportaje sobre Rihanna de cuya glosa me siento incapaz, y luego una magn\u00edfica cr\u00f3nica gr\u00e1fica de la crisis, por Paco Roca. Va dando una de cal y una de arena. Una para ciudadanos concienciados y otra para hedonistas. Y termina (como siempre) con su consabido despliegue de tontadas: industria del lujo en Brasil, renovaci\u00f3n capilar, cirug\u00eda escult\u00f3rica, decoraci\u00f3n guay, y un especial de chuminadas de corcho: l\u00e1mparas de corcho, sacacorchos de corcho, hielera de corcho, mesita-papelera de corcho y tapones de corcho de corcho. \u00a1Corcho!<br \/>\nEstamos en el mismo guindo de antes. Yo ya no s\u00e9 ni qu\u00e9 pensar.<\/p>\n<p style=\"text-align: justify;\">\n<p><\/p>","protected":false},"excerpt":{"rendered":"<p>Nos hemos ca\u00eddo del guindo de la arquitectura espect\u00e1culo, de la arquitectura de carnaval, de opereta y de cachondeo, y de golpe todo el mundo est\u00e1 rasg\u00e1ndose las vestiduras, entonando el mea culpa y arranc\u00e1ndose EL CROQUIS (que es casi como decir arranc\u00e1ndose los ojos). Ahora todo el mundo despotrica del carnaval y abraza con [&hellip;]<\/p>\n","protected":false},"author":33,"featured_media":78436,"comment_status":"open","ping_status":"closed","sticky":false,"template":"","format":"standard","meta":{"footnotes":""},"categories":[568,5951],"tags":[2480,6682,495,4442,3653,1103,1106,1253,1363],"class_list":{"0":"post-21528","1":"post","2":"type-post","3":"status-publish","4":"format-standard","5":"has-post-thumbnail","7":"category-faro","8":"category-slider-principal","9":"tag-alejandro-aravena","10":"tag-arquitectura-chilena","11":"tag-equipo-elemental","12":"tag-estado","13":"tag-jose-ramon-hernandez-correa","14":"tag-profesion","15":"tag-programa","16":"tag-star-system","17":"tag-vivienda-social"},"yoast_head":"<!-- This site is optimized with the Yoast SEO plugin v27.4 - https:\/\/yoast.com\/product\/yoast-seo-wordpress\/ -->\n<title>\u00bfQu\u00e9 culpa tiene el guindo? | Jos\u00e9 Ram\u00f3n Hern\u00e1ndez Correa - veredes<\/title>\n<meta name=\"description\" content=\"Toda la informaci\u00f3n sobre: [:es]\u00bfQu\u00e9 culpa tiene el guindo? | Jos\u00e9 Ram\u00f3n Hern\u00e1ndez Correa[:gl]Que culpa ten o guindo? | arquitectamoslocos?[:en]What fault has the cherry tree? | arquitectamoslocos?[:]\" \/>\n<meta name=\"robots\" content=\"index, follow, max-snippet:-1, max-image-preview:large, max-video-preview:-1\" \/>\n<link rel=\"canonical\" href=\"https:\/\/veredes.es\/blog\/que-culpa-tiene-el-guindo-jose-ramon-hernandez-correa\/\" \/>\n<meta property=\"og:locale\" content=\"es_ES\" \/>\n<meta property=\"og:type\" content=\"article\" \/>\n<meta property=\"og:title\" content=\"[:es]\u00bfQu\u00e9 culpa tiene el guindo? | Jos\u00e9 Ram\u00f3n Hern\u00e1ndez Correa[:gl]Que culpa ten o guindo? | arquitectamoslocos?[:en]What fault has the cherry tree? | arquitectamoslocos?[:] - veredes\" \/>\n<meta property=\"og:description\" content=\"Toda la informaci\u00f3n sobre: [:es]\u00bfQu\u00e9 culpa tiene el guindo? | Jos\u00e9 Ram\u00f3n Hern\u00e1ndez Correa[:gl]Que culpa ten o guindo? | arquitectamoslocos?[:en]What fault has the cherry tree? | arquitectamoslocos?[:]\" \/>\n<meta property=\"og:url\" content=\"https:\/\/veredes.es\/blog\/que-culpa-tiene-el-guindo-jose-ramon-hernandez-correa\/\" \/>\n<meta property=\"og:site_name\" content=\"veredes, arquitectura y divulgaci\u00f3n\" \/>\n<meta property=\"article:publisher\" content=\"https:\/\/www.facebook.com\/veredesArquitecturayDivulgacion\/\" \/>\n<meta property=\"article:author\" content=\"https:\/\/www.facebook.com\/joseramon.hernandezcorrea\" \/>\n<meta property=\"article:published_time\" content=\"2020-06-04T22:01:14+00:00\" \/>\n<meta property=\"article:modified_time\" content=\"2020-06-10T07:53:42+00:00\" \/>\n<meta property=\"og:image\" content=\"https:\/\/veredes.es\/blog\/wp-content\/uploads\/2012\/04\/\u00bfQu\u00e9-culpa-tiene-el-guindo-Jos\u00e9-Ram\u00f3n-Hern\u00e1ndez-Correa.jpg\" \/>\n\t<meta property=\"og:image:width\" content=\"1200\" \/>\n\t<meta property=\"og:image:height\" content=\"817\" \/>\n\t<meta property=\"og:image:type\" content=\"image\/jpeg\" \/>\n<meta name=\"author\" content=\"Jos\u00e9 Ram\u00f3n Hern\u00e1ndez Correa\" \/>\n<meta name=\"twitter:card\" content=\"summary_large_image\" \/>\n<meta name=\"twitter:creator\" content=\"@https:\/\/twitter.com\/arquitectamos\" \/>\n<meta name=\"twitter:site\" content=\"@veredes\" \/>\n<meta name=\"twitter:label1\" content=\"Escrito por\" \/>\n\t<meta name=\"twitter:data1\" content=\"Jos\u00e9 Ram\u00f3n Hern\u00e1ndez Correa\" \/>\n\t<meta name=\"twitter:label2\" content=\"Tiempo de lectura\" \/>\n\t<meta name=\"twitter:data2\" content=\"16 minutos\" \/>\n<script type=\"application\/ld+json\" class=\"yoast-schema-graph\">{\"@context\":\"https:\\\/\\\/schema.org\",\"@graph\":[{\"@type\":\"Article\",\"@id\":\"https:\\\/\\\/veredes.es\\\/blog\\\/que-culpa-tiene-el-guindo-jose-ramon-hernandez-correa\\\/#article\",\"isPartOf\":{\"@id\":\"https:\\\/\\\/veredes.es\\\/blog\\\/que-culpa-tiene-el-guindo-jose-ramon-hernandez-correa\\\/\"},\"author\":{\"name\":\"Jos\u00e9 Ram\u00f3n Hern\u00e1ndez Correa\",\"@id\":\"https:\\\/\\\/veredes.es\\\/blog\\\/#\\\/schema\\\/person\\\/eefca3204fa5a4349162c2869bee6c49\"},\"headline\":\"\u00bfQu\u00e9 culpa tiene el guindo? | Jos\u00e9 Ram\u00f3n Hern\u00e1ndez Correa\",\"datePublished\":\"2020-06-04T22:01:14+00:00\",\"dateModified\":\"2020-06-10T07:53:42+00:00\",\"mainEntityOfPage\":{\"@id\":\"https:\\\/\\\/veredes.es\\\/blog\\\/que-culpa-tiene-el-guindo-jose-ramon-hernandez-correa\\\/\"},\"wordCount\":3300,\"commentCount\":233,\"publisher\":{\"@id\":\"https:\\\/\\\/veredes.es\\\/blog\\\/#organization\"},\"image\":{\"@id\":\"https:\\\/\\\/veredes.es\\\/blog\\\/que-culpa-tiene-el-guindo-jose-ramon-hernandez-correa\\\/#primaryimage\"},\"thumbnailUrl\":\"https:\\\/\\\/veredes.es\\\/blog\\\/wp-content\\\/uploads\\\/2012\\\/04\\\/\u00bfQu\u00e9-culpa-tiene-el-guindo-Jos\u00e9-Ram\u00f3n-Hern\u00e1ndez-Correa.jpg\",\"keywords\":[\"Alejandro Aravena\",\"arquitectura chilena\",\"equipo elemental\",\"estado\",\"Jos\u00e9 Ram\u00f3n Hern\u00e1ndez Correa\",\"profesi\u00f3n\",\"programa\",\"star system\",\"vivienda social\"],\"articleSection\":[\"faro\",\"slider principal\"],\"inLanguage\":\"es\",\"potentialAction\":[{\"@type\":\"CommentAction\",\"name\":\"Comment\",\"target\":[\"https:\\\/\\\/veredes.es\\\/blog\\\/que-culpa-tiene-el-guindo-jose-ramon-hernandez-correa\\\/#respond\"]}]},{\"@type\":\"WebPage\",\"@id\":\"https:\\\/\\\/veredes.es\\\/blog\\\/que-culpa-tiene-el-guindo-jose-ramon-hernandez-correa\\\/\",\"url\":\"https:\\\/\\\/veredes.es\\\/blog\\\/que-culpa-tiene-el-guindo-jose-ramon-hernandez-correa\\\/\",\"name\":\"[:es]\u00bfQu\u00e9 culpa tiene el guindo? | Jos\u00e9 Ram\u00f3n Hern\u00e1ndez Correa[:gl]Que culpa ten o guindo? | arquitectamoslocos?[:en]What fault has the cherry tree? | arquitectamoslocos?[:] - veredes\",\"isPartOf\":{\"@id\":\"https:\\\/\\\/veredes.es\\\/blog\\\/#website\"},\"primaryImageOfPage\":{\"@id\":\"https:\\\/\\\/veredes.es\\\/blog\\\/que-culpa-tiene-el-guindo-jose-ramon-hernandez-correa\\\/#primaryimage\"},\"image\":{\"@id\":\"https:\\\/\\\/veredes.es\\\/blog\\\/que-culpa-tiene-el-guindo-jose-ramon-hernandez-correa\\\/#primaryimage\"},\"thumbnailUrl\":\"https:\\\/\\\/veredes.es\\\/blog\\\/wp-content\\\/uploads\\\/2012\\\/04\\\/\u00bfQu\u00e9-culpa-tiene-el-guindo-Jos\u00e9-Ram\u00f3n-Hern\u00e1ndez-Correa.jpg\",\"datePublished\":\"2020-06-04T22:01:14+00:00\",\"dateModified\":\"2020-06-10T07:53:42+00:00\",\"description\":\"Toda la informaci\u00f3n sobre: [:es]\u00bfQu\u00e9 culpa tiene el guindo? | Jos\u00e9 Ram\u00f3n Hern\u00e1ndez Correa[:gl]Que culpa ten o guindo? | arquitectamoslocos?[:en]What fault has the cherry tree? | arquitectamoslocos?[:]\",\"breadcrumb\":{\"@id\":\"https:\\\/\\\/veredes.es\\\/blog\\\/que-culpa-tiene-el-guindo-jose-ramon-hernandez-correa\\\/#breadcrumb\"},\"inLanguage\":\"es\",\"potentialAction\":[{\"@type\":\"ReadAction\",\"target\":[\"https:\\\/\\\/veredes.es\\\/blog\\\/que-culpa-tiene-el-guindo-jose-ramon-hernandez-correa\\\/\"]}]},{\"@type\":\"ImageObject\",\"inLanguage\":\"es\",\"@id\":\"https:\\\/\\\/veredes.es\\\/blog\\\/que-culpa-tiene-el-guindo-jose-ramon-hernandez-correa\\\/#primaryimage\",\"url\":\"https:\\\/\\\/veredes.es\\\/blog\\\/wp-content\\\/uploads\\\/2012\\\/04\\\/\u00bfQu\u00e9-culpa-tiene-el-guindo-Jos\u00e9-Ram\u00f3n-Hern\u00e1ndez-Correa.jpg\",\"contentUrl\":\"https:\\\/\\\/veredes.es\\\/blog\\\/wp-content\\\/uploads\\\/2012\\\/04\\\/\u00bfQu\u00e9-culpa-tiene-el-guindo-Jos\u00e9-Ram\u00f3n-Hern\u00e1ndez-Correa.jpg\",\"width\":1200,\"height\":817,\"caption\":\"Alejandro Aravena\\\/ELEMENTAL, Quinta Monroy, Iquique (Chile) 2000-2008\"},{\"@type\":\"BreadcrumbList\",\"@id\":\"https:\\\/\\\/veredes.es\\\/blog\\\/que-culpa-tiene-el-guindo-jose-ramon-hernandez-correa\\\/#breadcrumb\",\"itemListElement\":[{\"@type\":\"ListItem\",\"position\":1,\"name\":\"Portada\",\"item\":\"https:\\\/\\\/veredes.es\\\/blog\\\/\"},{\"@type\":\"ListItem\",\"position\":2,\"name\":\"\u00bfQu\u00e9 culpa tiene el guindo? | Jos\u00e9 Ram\u00f3n Hern\u00e1ndez Correa\"}]},{\"@type\":\"WebSite\",\"@id\":\"https:\\\/\\\/veredes.es\\\/blog\\\/#website\",\"url\":\"https:\\\/\\\/veredes.es\\\/blog\\\/\",\"name\":\"veredes, arquitectura y divulgaci\u00f3n\",\"description\":\"veredes\",\"publisher\":{\"@id\":\"https:\\\/\\\/veredes.es\\\/blog\\\/#organization\"},\"alternateName\":\"veredes\",\"potentialAction\":[{\"@type\":\"SearchAction\",\"target\":{\"@type\":\"EntryPoint\",\"urlTemplate\":\"https:\\\/\\\/veredes.es\\\/blog\\\/?s={search_term_string}\"},\"query-input\":{\"@type\":\"PropertyValueSpecification\",\"valueRequired\":true,\"valueName\":\"search_term_string\"}}],\"inLanguage\":\"es\"},{\"@type\":\"Organization\",\"@id\":\"https:\\\/\\\/veredes.es\\\/blog\\\/#organization\",\"name\":\"veredes, arquitectura y divulgaci\u00f3n\",\"alternateName\":\"veredes\",\"url\":\"https:\\\/\\\/veredes.es\\\/blog\\\/\",\"logo\":{\"@type\":\"ImageObject\",\"inLanguage\":\"es\",\"@id\":\"https:\\\/\\\/veredes.es\\\/blog\\\/#\\\/schema\\\/logo\\\/image\\\/\",\"url\":\"https:\\\/\\\/veredes.es\\\/blog\\\/wp-content\\\/uploads\\\/2021\\\/12\\\/veredes-logo-centrado_140x54.png\",\"contentUrl\":\"https:\\\/\\\/veredes.es\\\/blog\\\/wp-content\\\/uploads\\\/2021\\\/12\\\/veredes-logo-centrado_140x54.png\",\"width\":140,\"height\":54,\"caption\":\"veredes, arquitectura y divulgaci\u00f3n\"},\"image\":{\"@id\":\"https:\\\/\\\/veredes.es\\\/blog\\\/#\\\/schema\\\/logo\\\/image\\\/\"},\"sameAs\":[\"https:\\\/\\\/www.facebook.com\\\/veredesArquitecturayDivulgacion\\\/\",\"https:\\\/\\\/x.com\\\/veredes\",\"https:\\\/\\\/instagram.com\\\/veredes\\\/\",\"https:\\\/\\\/www.linkedin.com\\\/company\\\/veredes-arquitectura-y-divulgacion\\\/\",\"https:\\\/\\\/es.pinterest.com\\\/veredes\\\/\",\"https:\\\/\\\/www.tumblr.com\\\/veredes\"]},{\"@type\":\"Person\",\"@id\":\"https:\\\/\\\/veredes.es\\\/blog\\\/#\\\/schema\\\/person\\\/eefca3204fa5a4349162c2869bee6c49\",\"name\":\"Jos\u00e9 Ram\u00f3n Hern\u00e1ndez Correa\",\"image\":{\"@type\":\"ImageObject\",\"inLanguage\":\"es\",\"@id\":\"https:\\\/\\\/veredes.es\\\/blog\\\/wp-content\\\/uploads\\\/2018\\\/04\\\/Jos\u00e9-Ram\u00f3n-Hern\u00e1ndez-Correa-96x96.jpg\",\"url\":\"https:\\\/\\\/veredes.es\\\/blog\\\/wp-content\\\/uploads\\\/2018\\\/04\\\/Jos\u00e9-Ram\u00f3n-Hern\u00e1ndez-Correa-96x96.jpg\",\"contentUrl\":\"https:\\\/\\\/veredes.es\\\/blog\\\/wp-content\\\/uploads\\\/2018\\\/04\\\/Jos\u00e9-Ram\u00f3n-Hern\u00e1ndez-Correa-96x96.jpg\",\"caption\":\"Jos\u00e9 Ram\u00f3n Hern\u00e1ndez Correa\"},\"description\":\"Nac\u00ed en 1960. Arquitecto por la ETSAM, 1985. Doctor Arquitecto por la Universidad Polit\u00e9cnica de Madrid, 1992. Soy, en el buen sentido de la palabra, bueno. Ahora estoy algo cansado, pero sigo atento y curioso. Arquitecto, bloguero, saxofonero, escritor... pero todo mal.\",\"sameAs\":[\"http:\\\/\\\/arquitectamoslocos.blogspot.com.es\\\/\",\"https:\\\/\\\/www.facebook.com\\\/joseramon.hernandezcorrea\",\"https:\\\/\\\/www.instagram.com\\\/arquitectamoslocos\\\/\",\"https:\\\/\\\/www.linkedin.com\\\/in\\\/jos-ramn-hernndez-correa-b6378b2a\\\/\",\"https:\\\/\\\/x.com\\\/https:\\\/\\\/twitter.com\\\/arquitectamos\"],\"url\":\"https:\\\/\\\/veredes.es\\\/blog\\\/author\\\/arquitectamos\\\/\"}]}<\/script>\n<!-- \/ Yoast SEO plugin. -->","yoast_head_json":{"title":"[:es]\u00bfQu\u00e9 culpa tiene el guindo? | Jos\u00e9 Ram\u00f3n Hern\u00e1ndez Correa[:gl]Que culpa ten o guindo? | arquitectamoslocos?[:en]What fault has the cherry tree? | arquitectamoslocos?[:] - veredes","description":"Toda la informaci\u00f3n sobre: [:es]\u00bfQu\u00e9 culpa tiene el guindo? | Jos\u00e9 Ram\u00f3n Hern\u00e1ndez Correa[:gl]Que culpa ten o guindo? | arquitectamoslocos?[:en]What fault has the cherry tree? | arquitectamoslocos?[:]","robots":{"index":"index","follow":"follow","max-snippet":"max-snippet:-1","max-image-preview":"max-image-preview:large","max-video-preview":"max-video-preview:-1"},"canonical":"https:\/\/veredes.es\/blog\/que-culpa-tiene-el-guindo-jose-ramon-hernandez-correa\/","og_locale":"es_ES","og_type":"article","og_title":"[:es]\u00bfQu\u00e9 culpa tiene el guindo? | Jos\u00e9 Ram\u00f3n Hern\u00e1ndez Correa[:gl]Que culpa ten o guindo? | arquitectamoslocos?[:en]What fault has the cherry tree? | arquitectamoslocos?[:] - veredes","og_description":"Toda la informaci\u00f3n sobre: [:es]\u00bfQu\u00e9 culpa tiene el guindo? | Jos\u00e9 Ram\u00f3n Hern\u00e1ndez Correa[:gl]Que culpa ten o guindo? | arquitectamoslocos?[:en]What fault has the cherry tree? | arquitectamoslocos?[:]","og_url":"https:\/\/veredes.es\/blog\/que-culpa-tiene-el-guindo-jose-ramon-hernandez-correa\/","og_site_name":"veredes, arquitectura y divulgaci\u00f3n","article_publisher":"https:\/\/www.facebook.com\/veredesArquitecturayDivulgacion\/","article_author":"https:\/\/www.facebook.com\/joseramon.hernandezcorrea","article_published_time":"2020-06-04T22:01:14+00:00","article_modified_time":"2020-06-10T07:53:42+00:00","og_image":[{"width":1200,"height":817,"url":"https:\/\/veredes.es\/blog\/wp-content\/uploads\/2012\/04\/\u00bfQu\u00e9-culpa-tiene-el-guindo-Jos\u00e9-Ram\u00f3n-Hern\u00e1ndez-Correa.jpg","type":"image\/jpeg"}],"author":"Jos\u00e9 Ram\u00f3n Hern\u00e1ndez Correa","twitter_card":"summary_large_image","twitter_creator":"@https:\/\/twitter.com\/arquitectamos","twitter_site":"@veredes","twitter_misc":{"Escrito por":"Jos\u00e9 Ram\u00f3n Hern\u00e1ndez Correa","Tiempo de lectura":"16 minutos"},"schema":{"@context":"https:\/\/schema.org","@graph":[{"@type":"Article","@id":"https:\/\/veredes.es\/blog\/que-culpa-tiene-el-guindo-jose-ramon-hernandez-correa\/#article","isPartOf":{"@id":"https:\/\/veredes.es\/blog\/que-culpa-tiene-el-guindo-jose-ramon-hernandez-correa\/"},"author":{"name":"Jos\u00e9 Ram\u00f3n Hern\u00e1ndez Correa","@id":"https:\/\/veredes.es\/blog\/#\/schema\/person\/eefca3204fa5a4349162c2869bee6c49"},"headline":"\u00bfQu\u00e9 culpa tiene el guindo? | Jos\u00e9 Ram\u00f3n Hern\u00e1ndez Correa","datePublished":"2020-06-04T22:01:14+00:00","dateModified":"2020-06-10T07:53:42+00:00","mainEntityOfPage":{"@id":"https:\/\/veredes.es\/blog\/que-culpa-tiene-el-guindo-jose-ramon-hernandez-correa\/"},"wordCount":3300,"commentCount":233,"publisher":{"@id":"https:\/\/veredes.es\/blog\/#organization"},"image":{"@id":"https:\/\/veredes.es\/blog\/que-culpa-tiene-el-guindo-jose-ramon-hernandez-correa\/#primaryimage"},"thumbnailUrl":"https:\/\/veredes.es\/blog\/wp-content\/uploads\/2012\/04\/\u00bfQu\u00e9-culpa-tiene-el-guindo-Jos\u00e9-Ram\u00f3n-Hern\u00e1ndez-Correa.jpg","keywords":["Alejandro Aravena","arquitectura chilena","equipo elemental","estado","Jos\u00e9 Ram\u00f3n Hern\u00e1ndez Correa","profesi\u00f3n","programa","star system","vivienda social"],"articleSection":["faro","slider principal"],"inLanguage":"es","potentialAction":[{"@type":"CommentAction","name":"Comment","target":["https:\/\/veredes.es\/blog\/que-culpa-tiene-el-guindo-jose-ramon-hernandez-correa\/#respond"]}]},{"@type":"WebPage","@id":"https:\/\/veredes.es\/blog\/que-culpa-tiene-el-guindo-jose-ramon-hernandez-correa\/","url":"https:\/\/veredes.es\/blog\/que-culpa-tiene-el-guindo-jose-ramon-hernandez-correa\/","name":"[:es]\u00bfQu\u00e9 culpa tiene el guindo? | Jos\u00e9 Ram\u00f3n Hern\u00e1ndez Correa[:gl]Que culpa ten o guindo? | arquitectamoslocos?[:en]What fault has the cherry tree? | arquitectamoslocos?[:] - veredes","isPartOf":{"@id":"https:\/\/veredes.es\/blog\/#website"},"primaryImageOfPage":{"@id":"https:\/\/veredes.es\/blog\/que-culpa-tiene-el-guindo-jose-ramon-hernandez-correa\/#primaryimage"},"image":{"@id":"https:\/\/veredes.es\/blog\/que-culpa-tiene-el-guindo-jose-ramon-hernandez-correa\/#primaryimage"},"thumbnailUrl":"https:\/\/veredes.es\/blog\/wp-content\/uploads\/2012\/04\/\u00bfQu\u00e9-culpa-tiene-el-guindo-Jos\u00e9-Ram\u00f3n-Hern\u00e1ndez-Correa.jpg","datePublished":"2020-06-04T22:01:14+00:00","dateModified":"2020-06-10T07:53:42+00:00","description":"Toda la informaci\u00f3n sobre: [:es]\u00bfQu\u00e9 culpa tiene el guindo? | Jos\u00e9 Ram\u00f3n Hern\u00e1ndez Correa[:gl]Que culpa ten o guindo? | arquitectamoslocos?[:en]What fault has the cherry tree? | arquitectamoslocos?[:]","breadcrumb":{"@id":"https:\/\/veredes.es\/blog\/que-culpa-tiene-el-guindo-jose-ramon-hernandez-correa\/#breadcrumb"},"inLanguage":"es","potentialAction":[{"@type":"ReadAction","target":["https:\/\/veredes.es\/blog\/que-culpa-tiene-el-guindo-jose-ramon-hernandez-correa\/"]}]},{"@type":"ImageObject","inLanguage":"es","@id":"https:\/\/veredes.es\/blog\/que-culpa-tiene-el-guindo-jose-ramon-hernandez-correa\/#primaryimage","url":"https:\/\/veredes.es\/blog\/wp-content\/uploads\/2012\/04\/\u00bfQu\u00e9-culpa-tiene-el-guindo-Jos\u00e9-Ram\u00f3n-Hern\u00e1ndez-Correa.jpg","contentUrl":"https:\/\/veredes.es\/blog\/wp-content\/uploads\/2012\/04\/\u00bfQu\u00e9-culpa-tiene-el-guindo-Jos\u00e9-Ram\u00f3n-Hern\u00e1ndez-Correa.jpg","width":1200,"height":817,"caption":"Alejandro Aravena\/ELEMENTAL, Quinta Monroy, Iquique (Chile) 2000-2008"},{"@type":"BreadcrumbList","@id":"https:\/\/veredes.es\/blog\/que-culpa-tiene-el-guindo-jose-ramon-hernandez-correa\/#breadcrumb","itemListElement":[{"@type":"ListItem","position":1,"name":"Portada","item":"https:\/\/veredes.es\/blog\/"},{"@type":"ListItem","position":2,"name":"\u00bfQu\u00e9 culpa tiene el guindo? | Jos\u00e9 Ram\u00f3n Hern\u00e1ndez Correa"}]},{"@type":"WebSite","@id":"https:\/\/veredes.es\/blog\/#website","url":"https:\/\/veredes.es\/blog\/","name":"veredes, arquitectura y divulgaci\u00f3n","description":"veredes","publisher":{"@id":"https:\/\/veredes.es\/blog\/#organization"},"alternateName":"veredes","potentialAction":[{"@type":"SearchAction","target":{"@type":"EntryPoint","urlTemplate":"https:\/\/veredes.es\/blog\/?s={search_term_string}"},"query-input":{"@type":"PropertyValueSpecification","valueRequired":true,"valueName":"search_term_string"}}],"inLanguage":"es"},{"@type":"Organization","@id":"https:\/\/veredes.es\/blog\/#organization","name":"veredes, arquitectura y divulgaci\u00f3n","alternateName":"veredes","url":"https:\/\/veredes.es\/blog\/","logo":{"@type":"ImageObject","inLanguage":"es","@id":"https:\/\/veredes.es\/blog\/#\/schema\/logo\/image\/","url":"https:\/\/veredes.es\/blog\/wp-content\/uploads\/2021\/12\/veredes-logo-centrado_140x54.png","contentUrl":"https:\/\/veredes.es\/blog\/wp-content\/uploads\/2021\/12\/veredes-logo-centrado_140x54.png","width":140,"height":54,"caption":"veredes, arquitectura y divulgaci\u00f3n"},"image":{"@id":"https:\/\/veredes.es\/blog\/#\/schema\/logo\/image\/"},"sameAs":["https:\/\/www.facebook.com\/veredesArquitecturayDivulgacion\/","https:\/\/x.com\/veredes","https:\/\/instagram.com\/veredes\/","https:\/\/www.linkedin.com\/company\/veredes-arquitectura-y-divulgacion\/","https:\/\/es.pinterest.com\/veredes\/","https:\/\/www.tumblr.com\/veredes"]},{"@type":"Person","@id":"https:\/\/veredes.es\/blog\/#\/schema\/person\/eefca3204fa5a4349162c2869bee6c49","name":"Jos\u00e9 Ram\u00f3n Hern\u00e1ndez Correa","image":{"@type":"ImageObject","inLanguage":"es","@id":"https:\/\/veredes.es\/blog\/wp-content\/uploads\/2018\/04\/Jos\u00e9-Ram\u00f3n-Hern\u00e1ndez-Correa-96x96.jpg","url":"https:\/\/veredes.es\/blog\/wp-content\/uploads\/2018\/04\/Jos\u00e9-Ram\u00f3n-Hern\u00e1ndez-Correa-96x96.jpg","contentUrl":"https:\/\/veredes.es\/blog\/wp-content\/uploads\/2018\/04\/Jos\u00e9-Ram\u00f3n-Hern\u00e1ndez-Correa-96x96.jpg","caption":"Jos\u00e9 Ram\u00f3n Hern\u00e1ndez Correa"},"description":"Nac\u00ed en 1960. Arquitecto por la ETSAM, 1985. Doctor Arquitecto por la Universidad Polit\u00e9cnica de Madrid, 1992. Soy, en el buen sentido de la palabra, bueno. Ahora estoy algo cansado, pero sigo atento y curioso. Arquitecto, bloguero, saxofonero, escritor... pero todo mal.","sameAs":["http:\/\/arquitectamoslocos.blogspot.com.es\/","https:\/\/www.facebook.com\/joseramon.hernandezcorrea","https:\/\/www.instagram.com\/arquitectamoslocos\/","https:\/\/www.linkedin.com\/in\/jos-ramn-hernndez-correa-b6378b2a\/","https:\/\/x.com\/https:\/\/twitter.com\/arquitectamos"],"url":"https:\/\/veredes.es\/blog\/author\/arquitectamos\/"}]}},"_links":{"self":[{"href":"https:\/\/veredes.es\/blog\/wp-json\/wp\/v2\/posts\/21528","targetHints":{"allow":["GET"]}}],"collection":[{"href":"https:\/\/veredes.es\/blog\/wp-json\/wp\/v2\/posts"}],"about":[{"href":"https:\/\/veredes.es\/blog\/wp-json\/wp\/v2\/types\/post"}],"author":[{"embeddable":true,"href":"https:\/\/veredes.es\/blog\/wp-json\/wp\/v2\/users\/33"}],"replies":[{"embeddable":true,"href":"https:\/\/veredes.es\/blog\/wp-json\/wp\/v2\/comments?post=21528"}],"version-history":[{"count":0,"href":"https:\/\/veredes.es\/blog\/wp-json\/wp\/v2\/posts\/21528\/revisions"}],"wp:featuredmedia":[{"embeddable":true,"href":"https:\/\/veredes.es\/blog\/wp-json\/wp\/v2\/media\/78436"}],"wp:attachment":[{"href":"https:\/\/veredes.es\/blog\/wp-json\/wp\/v2\/media?parent=21528"}],"wp:term":[{"taxonomy":"category","embeddable":true,"href":"https:\/\/veredes.es\/blog\/wp-json\/wp\/v2\/categories?post=21528"},{"taxonomy":"post_tag","embeddable":true,"href":"https:\/\/veredes.es\/blog\/wp-json\/wp\/v2\/tags?post=21528"}],"curies":[{"name":"wp","href":"https:\/\/api.w.org\/{rel}","templated":true}]}}