{"id":2101,"date":"2010-02-01T10:29:52","date_gmt":"2010-02-01T10:29:52","guid":{"rendered":"http:\/\/veredes.es\/wordpress\/?p=2101"},"modified":"2020-01-31T15:05:16","modified_gmt":"2020-01-31T14:05:16","slug":"lunares-del-arquitecto-santiago-catalan","status":"publish","type":"post","link":"https:\/\/veredes.es\/blog\/lunares-del-arquitecto-santiago-catalan\/","title":{"rendered":"Lunares del arquitecto &#124; Santiago Catal\u00e1n"},"content":{"rendered":"<p><\/p>\n<p style=\"text-align: justify;\">Santiago Catal\u00e1n, que desde peque\u00f1o anduvo al lomo del mundo y de sus gentes, decidi\u00f3 un buen d\u00eda venir dar en Chairego -y no solamente por razones de consorcio conyugal- con la naturalidad de quien sabe que vuelve pisar, ahora con los pies del cuerpo, las losas de tantos caminos antes solamente imaginados. Y as\u00ed, con la confianza de los que ya son de la casa, viene hoy ofrec\u00e9rsenos aqu\u00ed, en el n\u00facleo de la Tierra Cha, dejando que surjan desde el interior de ese profund\u00edsimo espejo que es la pintura un sinf\u00edn de \u00edntimas promesas que reflejan un mundo de ideas por encima de las im\u00e1genes, de sentimientos antes que figuras, de deseos por delante de la l\u00ednea y del color. Catal\u00e1n es un pintor ciertamente agradecido para aquellos que carecemos de autentifico criterio para opinar de pintura y que nos sabemos incapacitados para entrar en el laberinto de su cr\u00edtica. Y es as\u00ed porque su trabajo estimula a ese Freud peque\u00f1o que todos llevamos dentro e invitaci\u00f3n al escritor a moverse por espacios que le son m\u00e1s propios y en los que disminuye considerablemente el miedo a resbalar y, sobre todo, la da\u00f1arse en la ca\u00edda.<\/p>\n<p style=\"text-align: justify;\"><a href=\"https:\/\/veredes.es\/blog\/wp-content\/uploads\/2010\/02\/lunares.jpg\"><img loading=\"lazy\" decoding=\"async\" class=\"alignnone size-full wp-image-2102\" title=\"lunares\" src=\"https:\/\/veredes.es\/blog\/wp-content\/uploads\/2010\/02\/lunares.jpg\" alt=\"\" width=\"220\" height=\"150\" \/><\/a><\/p>\n<p style=\"text-align: justify;\">\u00abPinto mujeres porque eso es lo que me sale..\u201d, avisa el artista y as\u00ed lo comprobamos los dem\u00e1s, quien sabe si disponi\u00e9ndonos a caer en el pedante ejercicio de le procurar motivaciones de car\u00e1cter m\u00e1s o menos enrevesado a un comportamiento que, despu\u00e9s de la explicaci\u00f3n por \u00e9l confiesa, resulta obvio y no precisa de mayores aclaraciones. Quiz\u00e1 podr\u00edamos singularizar el sustantivo: Santiago Catal\u00e1n pinta \u2013o siente que debe pintar- la mujer. Y no solamente el hueco del g\u00e9nero humano sino el hueco de todas las especies, la que posee la capacidad genial de sugerir en los dem\u00e1s cada gota de vida nueva antes de concederla por entero.[&#8230;]<\/p>\n<p>Paco Mart\u00edn<\/p>\n<p style=\"text-align: justify;\"><span style=\"color: #888888;\"><span style=\"color: #888888;\">+ www.coaglugo.es<\/span><\/span><\/p>\n<p><\/p>","protected":false},"excerpt":{"rendered":"<p>Santiago Catal\u00e1n, que desde peque\u00f1o anduvo al lomo del mundo y de sus gentes, decidi\u00f3 un buen d\u00eda venir dar en Chairego -y no solamente por razones de consorcio conyugal- con la naturalidad de quien sabe que vuelve pisar, ahora con los pies del cuerpo, las losas de tantos caminos antes solamente imaginados. Y as\u00ed, [&hellip;]<\/p>\n","protected":false},"author":2,"featured_media":2102,"comment_status":"open","ping_status":"closed","sticky":false,"template":"","format":"standard","meta":{"footnotes":""},"categories":[16],"tags":[2994,12466,6543],"class_list":{"0":"post-2101","1":"post","2":"type-post","3":"status-publish","4":"format-standard","5":"has-post-thumbnail","7":"category-eventos","8":"tag-mujer","9":"tag-pintura","10":"tag-santiago-catalan"},"yoast_head":"<!-- This site is optimized with the Yoast SEO plugin v27.5 - https:\/\/yoast.com\/product\/yoast-seo-wordpress\/ -->\n<title>Lunares del arquitecto &#124; Santiago Catal\u00e1n - veredes<\/title>\n<meta name=\"description\" content=\"Toda la informaci\u00f3n sobre: Lunares del arquitecto &#124; Santiago Catal\u00e1n\" \/>\n<meta name=\"robots\" content=\"index, follow, max-snippet:-1, max-image-preview:large, max-video-preview:-1\" \/>\n<link rel=\"canonical\" href=\"https:\/\/veredes.es\/blog\/lunares-del-arquitecto-santiago-catalan\/\" \/>\n<meta property=\"og:locale\" content=\"es_ES\" \/>\n<meta property=\"og:type\" content=\"article\" \/>\n<meta property=\"og:title\" content=\"Lunares del arquitecto &#124; Santiago Catal\u00e1n - veredes\" \/>\n<meta property=\"og:description\" content=\"Toda la informaci\u00f3n sobre: Lunares del arquitecto &#124; Santiago Catal\u00e1n\" \/>\n<meta property=\"og:url\" content=\"https:\/\/veredes.es\/blog\/lunares-del-arquitecto-santiago-catalan\/\" \/>\n<meta property=\"og:site_name\" content=\"veredes, arquitectura y divulgaci\u00f3n\" \/>\n<meta property=\"article:publisher\" content=\"https:\/\/www.facebook.com\/veredesArquitecturayDivulgacion\/\" \/>\n<meta property=\"article:author\" content=\"https:\/\/www.facebook.com\/veredesArquitecturayDivulgacion\/\" \/>\n<meta property=\"article:published_time\" content=\"2010-02-01T10:29:52+00:00\" \/>\n<meta property=\"article:modified_time\" content=\"2020-01-31T14:05:16+00:00\" \/>\n<meta property=\"og:image\" content=\"https:\/\/veredes.es\/blog\/wp-content\/uploads\/2010\/02\/lunares1.jpg\" \/>\n\t<meta property=\"og:image:width\" content=\"220\" \/>\n\t<meta property=\"og:image:height\" content=\"150\" \/>\n\t<meta property=\"og:image:type\" content=\"image\/jpeg\" \/>\n<meta name=\"author\" content=\"veredes\" \/>\n<meta name=\"twitter:card\" content=\"summary_large_image\" \/>\n<meta name=\"twitter:creator\" content=\"@https:\/\/twitter.com\/veredes\" \/>\n<meta name=\"twitter:site\" content=\"@veredes\" \/>\n<meta name=\"twitter:label1\" content=\"Escrito por\" \/>\n\t<meta name=\"twitter:data1\" content=\"veredes\" \/>\n\t<meta name=\"twitter:label2\" content=\"Tiempo de lectura\" \/>\n\t<meta name=\"twitter:data2\" content=\"5 minutos\" \/>\n<script type=\"application\/ld+json\" class=\"yoast-schema-graph\">{\"@context\":\"https:\\\/\\\/schema.org\",\"@graph\":[{\"@type\":\"Article\",\"@id\":\"https:\\\/\\\/veredes.es\\\/blog\\\/lunares-del-arquitecto-santiago-catalan\\\/#article\",\"isPartOf\":{\"@id\":\"https:\\\/\\\/veredes.es\\\/blog\\\/lunares-del-arquitecto-santiago-catalan\\\/\"},\"author\":{\"name\":\"veredes\",\"@id\":\"https:\\\/\\\/veredes.es\\\/blog\\\/#\\\/schema\\\/person\\\/0bbb669073ef7faba5168a0844e93d2c\"},\"headline\":\"Lunares del arquitecto &#124; Santiago Catal\u00e1n\",\"datePublished\":\"2010-02-01T10:29:52+00:00\",\"dateModified\":\"2020-01-31T14:05:16+00:00\",\"mainEntityOfPage\":{\"@id\":\"https:\\\/\\\/veredes.es\\\/blog\\\/lunares-del-arquitecto-santiago-catalan\\\/\"},\"wordCount\":1001,\"commentCount\":77,\"publisher\":{\"@id\":\"https:\\\/\\\/veredes.es\\\/blog\\\/#organization\"},\"image\":{\"@id\":\"https:\\\/\\\/veredes.es\\\/blog\\\/lunares-del-arquitecto-santiago-catalan\\\/#primaryimage\"},\"thumbnailUrl\":\"https:\\\/\\\/veredes.es\\\/blog\\\/wp-content\\\/uploads\\\/2010\\\/02\\\/lunares1.jpg\",\"keywords\":[\"mujer\",\"pintura\",\"Santiago Catal\u00e1n\"],\"articleSection\":[\"eventos\"],\"inLanguage\":\"es\",\"potentialAction\":[{\"@type\":\"CommentAction\",\"name\":\"Comment\",\"target\":[\"https:\\\/\\\/veredes.es\\\/blog\\\/lunares-del-arquitecto-santiago-catalan\\\/#respond\"]}]},{\"@type\":\"WebPage\",\"@id\":\"https:\\\/\\\/veredes.es\\\/blog\\\/lunares-del-arquitecto-santiago-catalan\\\/\",\"url\":\"https:\\\/\\\/veredes.es\\\/blog\\\/lunares-del-arquitecto-santiago-catalan\\\/\",\"name\":\"Lunares del arquitecto &#124; Santiago Catal\u00e1n - veredes\",\"isPartOf\":{\"@id\":\"https:\\\/\\\/veredes.es\\\/blog\\\/#website\"},\"primaryImageOfPage\":{\"@id\":\"https:\\\/\\\/veredes.es\\\/blog\\\/lunares-del-arquitecto-santiago-catalan\\\/#primaryimage\"},\"image\":{\"@id\":\"https:\\\/\\\/veredes.es\\\/blog\\\/lunares-del-arquitecto-santiago-catalan\\\/#primaryimage\"},\"thumbnailUrl\":\"https:\\\/\\\/veredes.es\\\/blog\\\/wp-content\\\/uploads\\\/2010\\\/02\\\/lunares1.jpg\",\"datePublished\":\"2010-02-01T10:29:52+00:00\",\"dateModified\":\"2020-01-31T14:05:16+00:00\",\"description\":\"Toda la informaci\u00f3n sobre: Lunares del arquitecto &#124; Santiago Catal\u00e1n\",\"breadcrumb\":{\"@id\":\"https:\\\/\\\/veredes.es\\\/blog\\\/lunares-del-arquitecto-santiago-catalan\\\/#breadcrumb\"},\"inLanguage\":\"es\",\"potentialAction\":[{\"@type\":\"ReadAction\",\"target\":[\"https:\\\/\\\/veredes.es\\\/blog\\\/lunares-del-arquitecto-santiago-catalan\\\/\"]}]},{\"@type\":\"ImageObject\",\"inLanguage\":\"es\",\"@id\":\"https:\\\/\\\/veredes.es\\\/blog\\\/lunares-del-arquitecto-santiago-catalan\\\/#primaryimage\",\"url\":\"https:\\\/\\\/veredes.es\\\/blog\\\/wp-content\\\/uploads\\\/2010\\\/02\\\/lunares1.jpg\",\"contentUrl\":\"https:\\\/\\\/veredes.es\\\/blog\\\/wp-content\\\/uploads\\\/2010\\\/02\\\/lunares1.jpg\",\"width\":\"220\",\"height\":\"150\"},{\"@type\":\"BreadcrumbList\",\"@id\":\"https:\\\/\\\/veredes.es\\\/blog\\\/lunares-del-arquitecto-santiago-catalan\\\/#breadcrumb\",\"itemListElement\":[{\"@type\":\"ListItem\",\"position\":1,\"name\":\"Portada\",\"item\":\"https:\\\/\\\/veredes.es\\\/blog\\\/\"},{\"@type\":\"ListItem\",\"position\":2,\"name\":\"Lunares del arquitecto &#124; Santiago Catal\u00e1n\"}]},{\"@type\":\"WebSite\",\"@id\":\"https:\\\/\\\/veredes.es\\\/blog\\\/#website\",\"url\":\"https:\\\/\\\/veredes.es\\\/blog\\\/\",\"name\":\"veredes, arquitectura y divulgaci\u00f3n\",\"description\":\"veredes\",\"publisher\":{\"@id\":\"https:\\\/\\\/veredes.es\\\/blog\\\/#organization\"},\"alternateName\":\"veredes\",\"potentialAction\":[{\"@type\":\"SearchAction\",\"target\":{\"@type\":\"EntryPoint\",\"urlTemplate\":\"https:\\\/\\\/veredes.es\\\/blog\\\/?s={search_term_string}\"},\"query-input\":{\"@type\":\"PropertyValueSpecification\",\"valueRequired\":true,\"valueName\":\"search_term_string\"}}],\"inLanguage\":\"es\"},{\"@type\":\"Organization\",\"@id\":\"https:\\\/\\\/veredes.es\\\/blog\\\/#organization\",\"name\":\"veredes, arquitectura y divulgaci\u00f3n\",\"alternateName\":\"veredes\",\"url\":\"https:\\\/\\\/veredes.es\\\/blog\\\/\",\"logo\":{\"@type\":\"ImageObject\",\"inLanguage\":\"es\",\"@id\":\"https:\\\/\\\/veredes.es\\\/blog\\\/#\\\/schema\\\/logo\\\/image\\\/\",\"url\":\"https:\\\/\\\/veredes.es\\\/blog\\\/wp-content\\\/uploads\\\/2021\\\/12\\\/veredes-logo-centrado_140x54.png\",\"contentUrl\":\"https:\\\/\\\/veredes.es\\\/blog\\\/wp-content\\\/uploads\\\/2021\\\/12\\\/veredes-logo-centrado_140x54.png\",\"width\":140,\"height\":54,\"caption\":\"veredes, arquitectura y divulgaci\u00f3n\"},\"image\":{\"@id\":\"https:\\\/\\\/veredes.es\\\/blog\\\/#\\\/schema\\\/logo\\\/image\\\/\"},\"sameAs\":[\"https:\\\/\\\/www.facebook.com\\\/veredesArquitecturayDivulgacion\\\/\",\"https:\\\/\\\/x.com\\\/veredes\",\"https:\\\/\\\/instagram.com\\\/veredes\\\/\",\"https:\\\/\\\/www.linkedin.com\\\/company\\\/veredes-arquitectura-y-divulgacion\\\/\",\"https:\\\/\\\/es.pinterest.com\\\/veredes\\\/\",\"https:\\\/\\\/www.tumblr.com\\\/veredes\"]},{\"@type\":\"Person\",\"@id\":\"https:\\\/\\\/veredes.es\\\/blog\\\/#\\\/schema\\\/person\\\/0bbb669073ef7faba5168a0844e93d2c\",\"name\":\"veredes\",\"image\":{\"@type\":\"ImageObject\",\"inLanguage\":\"es\",\"@id\":\"https:\\\/\\\/veredes.es\\\/blog\\\/wp-content\\\/uploads\\\/2018\\\/04\\\/face-96x96.jpg\",\"url\":\"https:\\\/\\\/veredes.es\\\/blog\\\/wp-content\\\/uploads\\\/2018\\\/04\\\/face-96x96.jpg\",\"contentUrl\":\"https:\\\/\\\/veredes.es\\\/blog\\\/wp-content\\\/uploads\\\/2018\\\/04\\\/face-96x96.jpg\",\"caption\":\"veredes\"},\"description\":\"Surge enero de 2009 como b\u00fasqueda de satisfacer el conocimiento de la actividad arquitect\u00f3nica y tangentes que se generan. La idea es crear un espacio para divulgar los diversos proyectos en busca de nueva inspiraci\u00f3n y de intercambio.\",\"sameAs\":[\"https:\\\/\\\/veredes.es\\\/\",\"https:\\\/\\\/www.facebook.com\\\/veredesArquitecturayDivulgacion\\\/\",\"https:\\\/\\\/www.instagram.com\\\/veredes\\\/\",\"https:\\\/\\\/www.linkedin.com\\\/company\\\/veredes-arquitectura-y-divulgacion\\\/\",\"https:\\\/\\\/www.pinterest.es\\\/veredes\\\/\",\"https:\\\/\\\/x.com\\\/https:\\\/\\\/twitter.com\\\/veredes\",\"https:\\\/\\\/veredes.tumblr.com\\\/\"],\"url\":\"https:\\\/\\\/veredes.es\\\/blog\\\/author\\\/alberto\\\/\"}]}<\/script>\n<!-- \/ Yoast SEO plugin. -->","yoast_head_json":{"title":"Lunares del arquitecto &#124; Santiago Catal\u00e1n - veredes","description":"Toda la informaci\u00f3n sobre: Lunares del arquitecto &#124; Santiago Catal\u00e1n","robots":{"index":"index","follow":"follow","max-snippet":"max-snippet:-1","max-image-preview":"max-image-preview:large","max-video-preview":"max-video-preview:-1"},"canonical":"https:\/\/veredes.es\/blog\/lunares-del-arquitecto-santiago-catalan\/","og_locale":"es_ES","og_type":"article","og_title":"Lunares del arquitecto &#124; Santiago Catal\u00e1n - veredes","og_description":"Toda la informaci\u00f3n sobre: Lunares del arquitecto &#124; Santiago Catal\u00e1n","og_url":"https:\/\/veredes.es\/blog\/lunares-del-arquitecto-santiago-catalan\/","og_site_name":"veredes, arquitectura y divulgaci\u00f3n","article_publisher":"https:\/\/www.facebook.com\/veredesArquitecturayDivulgacion\/","article_author":"https:\/\/www.facebook.com\/veredesArquitecturayDivulgacion\/","article_published_time":"2010-02-01T10:29:52+00:00","article_modified_time":"2020-01-31T14:05:16+00:00","og_image":[{"width":220,"height":150,"url":"https:\/\/veredes.es\/blog\/wp-content\/uploads\/2010\/02\/lunares1.jpg","type":"image\/jpeg"}],"author":"veredes","twitter_card":"summary_large_image","twitter_creator":"@https:\/\/twitter.com\/veredes","twitter_site":"@veredes","twitter_misc":{"Escrito por":"veredes","Tiempo de lectura":"5 minutos"},"schema":{"@context":"https:\/\/schema.org","@graph":[{"@type":"Article","@id":"https:\/\/veredes.es\/blog\/lunares-del-arquitecto-santiago-catalan\/#article","isPartOf":{"@id":"https:\/\/veredes.es\/blog\/lunares-del-arquitecto-santiago-catalan\/"},"author":{"name":"veredes","@id":"https:\/\/veredes.es\/blog\/#\/schema\/person\/0bbb669073ef7faba5168a0844e93d2c"},"headline":"Lunares del arquitecto &#124; Santiago Catal\u00e1n","datePublished":"2010-02-01T10:29:52+00:00","dateModified":"2020-01-31T14:05:16+00:00","mainEntityOfPage":{"@id":"https:\/\/veredes.es\/blog\/lunares-del-arquitecto-santiago-catalan\/"},"wordCount":1001,"commentCount":77,"publisher":{"@id":"https:\/\/veredes.es\/blog\/#organization"},"image":{"@id":"https:\/\/veredes.es\/blog\/lunares-del-arquitecto-santiago-catalan\/#primaryimage"},"thumbnailUrl":"https:\/\/veredes.es\/blog\/wp-content\/uploads\/2010\/02\/lunares1.jpg","keywords":["mujer","pintura","Santiago Catal\u00e1n"],"articleSection":["eventos"],"inLanguage":"es","potentialAction":[{"@type":"CommentAction","name":"Comment","target":["https:\/\/veredes.es\/blog\/lunares-del-arquitecto-santiago-catalan\/#respond"]}]},{"@type":"WebPage","@id":"https:\/\/veredes.es\/blog\/lunares-del-arquitecto-santiago-catalan\/","url":"https:\/\/veredes.es\/blog\/lunares-del-arquitecto-santiago-catalan\/","name":"Lunares del arquitecto &#124; Santiago Catal\u00e1n - veredes","isPartOf":{"@id":"https:\/\/veredes.es\/blog\/#website"},"primaryImageOfPage":{"@id":"https:\/\/veredes.es\/blog\/lunares-del-arquitecto-santiago-catalan\/#primaryimage"},"image":{"@id":"https:\/\/veredes.es\/blog\/lunares-del-arquitecto-santiago-catalan\/#primaryimage"},"thumbnailUrl":"https:\/\/veredes.es\/blog\/wp-content\/uploads\/2010\/02\/lunares1.jpg","datePublished":"2010-02-01T10:29:52+00:00","dateModified":"2020-01-31T14:05:16+00:00","description":"Toda la informaci\u00f3n sobre: Lunares del arquitecto &#124; Santiago Catal\u00e1n","breadcrumb":{"@id":"https:\/\/veredes.es\/blog\/lunares-del-arquitecto-santiago-catalan\/#breadcrumb"},"inLanguage":"es","potentialAction":[{"@type":"ReadAction","target":["https:\/\/veredes.es\/blog\/lunares-del-arquitecto-santiago-catalan\/"]}]},{"@type":"ImageObject","inLanguage":"es","@id":"https:\/\/veredes.es\/blog\/lunares-del-arquitecto-santiago-catalan\/#primaryimage","url":"https:\/\/veredes.es\/blog\/wp-content\/uploads\/2010\/02\/lunares1.jpg","contentUrl":"https:\/\/veredes.es\/blog\/wp-content\/uploads\/2010\/02\/lunares1.jpg","width":"220","height":"150"},{"@type":"BreadcrumbList","@id":"https:\/\/veredes.es\/blog\/lunares-del-arquitecto-santiago-catalan\/#breadcrumb","itemListElement":[{"@type":"ListItem","position":1,"name":"Portada","item":"https:\/\/veredes.es\/blog\/"},{"@type":"ListItem","position":2,"name":"Lunares del arquitecto &#124; Santiago Catal\u00e1n"}]},{"@type":"WebSite","@id":"https:\/\/veredes.es\/blog\/#website","url":"https:\/\/veredes.es\/blog\/","name":"veredes, arquitectura y divulgaci\u00f3n","description":"veredes","publisher":{"@id":"https:\/\/veredes.es\/blog\/#organization"},"alternateName":"veredes","potentialAction":[{"@type":"SearchAction","target":{"@type":"EntryPoint","urlTemplate":"https:\/\/veredes.es\/blog\/?s={search_term_string}"},"query-input":{"@type":"PropertyValueSpecification","valueRequired":true,"valueName":"search_term_string"}}],"inLanguage":"es"},{"@type":"Organization","@id":"https:\/\/veredes.es\/blog\/#organization","name":"veredes, arquitectura y divulgaci\u00f3n","alternateName":"veredes","url":"https:\/\/veredes.es\/blog\/","logo":{"@type":"ImageObject","inLanguage":"es","@id":"https:\/\/veredes.es\/blog\/#\/schema\/logo\/image\/","url":"https:\/\/veredes.es\/blog\/wp-content\/uploads\/2021\/12\/veredes-logo-centrado_140x54.png","contentUrl":"https:\/\/veredes.es\/blog\/wp-content\/uploads\/2021\/12\/veredes-logo-centrado_140x54.png","width":140,"height":54,"caption":"veredes, arquitectura y divulgaci\u00f3n"},"image":{"@id":"https:\/\/veredes.es\/blog\/#\/schema\/logo\/image\/"},"sameAs":["https:\/\/www.facebook.com\/veredesArquitecturayDivulgacion\/","https:\/\/x.com\/veredes","https:\/\/instagram.com\/veredes\/","https:\/\/www.linkedin.com\/company\/veredes-arquitectura-y-divulgacion\/","https:\/\/es.pinterest.com\/veredes\/","https:\/\/www.tumblr.com\/veredes"]},{"@type":"Person","@id":"https:\/\/veredes.es\/blog\/#\/schema\/person\/0bbb669073ef7faba5168a0844e93d2c","name":"veredes","image":{"@type":"ImageObject","inLanguage":"es","@id":"https:\/\/veredes.es\/blog\/wp-content\/uploads\/2018\/04\/face-96x96.jpg","url":"https:\/\/veredes.es\/blog\/wp-content\/uploads\/2018\/04\/face-96x96.jpg","contentUrl":"https:\/\/veredes.es\/blog\/wp-content\/uploads\/2018\/04\/face-96x96.jpg","caption":"veredes"},"description":"Surge enero de 2009 como b\u00fasqueda de satisfacer el conocimiento de la actividad arquitect\u00f3nica y tangentes que se generan. La idea es crear un espacio para divulgar los diversos proyectos en busca de nueva inspiraci\u00f3n y de intercambio.","sameAs":["https:\/\/veredes.es\/","https:\/\/www.facebook.com\/veredesArquitecturayDivulgacion\/","https:\/\/www.instagram.com\/veredes\/","https:\/\/www.linkedin.com\/company\/veredes-arquitectura-y-divulgacion\/","https:\/\/www.pinterest.es\/veredes\/","https:\/\/x.com\/https:\/\/twitter.com\/veredes","https:\/\/veredes.tumblr.com\/"],"url":"https:\/\/veredes.es\/blog\/author\/alberto\/"}]}},"_links":{"self":[{"href":"https:\/\/veredes.es\/blog\/wp-json\/wp\/v2\/posts\/2101","targetHints":{"allow":["GET"]}}],"collection":[{"href":"https:\/\/veredes.es\/blog\/wp-json\/wp\/v2\/posts"}],"about":[{"href":"https:\/\/veredes.es\/blog\/wp-json\/wp\/v2\/types\/post"}],"author":[{"embeddable":true,"href":"https:\/\/veredes.es\/blog\/wp-json\/wp\/v2\/users\/2"}],"replies":[{"embeddable":true,"href":"https:\/\/veredes.es\/blog\/wp-json\/wp\/v2\/comments?post=2101"}],"version-history":[{"count":0,"href":"https:\/\/veredes.es\/blog\/wp-json\/wp\/v2\/posts\/2101\/revisions"}],"wp:featuredmedia":[{"embeddable":true,"href":"https:\/\/veredes.es\/blog\/wp-json\/wp\/v2\/media\/2102"}],"wp:attachment":[{"href":"https:\/\/veredes.es\/blog\/wp-json\/wp\/v2\/media?parent=2101"}],"wp:term":[{"taxonomy":"category","embeddable":true,"href":"https:\/\/veredes.es\/blog\/wp-json\/wp\/v2\/categories?post=2101"},{"taxonomy":"post_tag","embeddable":true,"href":"https:\/\/veredes.es\/blog\/wp-json\/wp\/v2\/tags?post=2101"}],"curies":[{"name":"wp","href":"https:\/\/api.w.org\/{rel}","templated":true}]}}