{"id":20903,"date":"2012-03-29T11:16:42","date_gmt":"2012-03-29T11:16:42","guid":{"rendered":"http:\/\/veredes.es\/blog\/?p=20903"},"modified":"2024-03-11T15:04:05","modified_gmt":"2024-03-11T14:04:05","slug":"de-la-insoportable-variabilidad-del-hecho-contemporaneo-a-los-tiempos-de-la-arquitectura-jorge-meijide","status":"publish","type":"post","link":"https:\/\/veredes.es\/blog\/de-la-insoportable-variabilidad-del-hecho-contemporaneo-a-los-tiempos-de-la-arquitectura-jorge-meijide\/","title":{"rendered":"De la (insoportable) variabilidad del hecho contempor\u00e1neo a los tiempos de la arquitectura | Jorge Meijide"},"content":{"rendered":"<p><figure id=\"attachment_20904\" aria-describedby=\"caption-attachment-20904\" style=\"width: 750px\" class=\"wp-caption alignnone\"><a href=\"http:\/\/veredes.es\/blog\/wp-content\/uploads\/2012\/03\/Man-Ray-Marquesa-Casati-1922-cuadrada.jpg\"><img loading=\"lazy\" decoding=\"async\" class=\"wp-image-20904\" title=\"De la (insoportable) variabilidad del hecho contempor\u00e1neo a los tiempos de la arquitectura | Jorge Meijide\" src=\"http:\/\/veredes.es\/blog\/wp-content\/uploads\/2012\/03\/Man-Ray-Marquesa-Casati-1922-cuadrada.jpg\" alt=\"De la (insoportable) variabilidad del hecho contempor\u00e1neo a los tiempos de la arquitectura | Jorge Meijide\" width=\"750\" height=\"750\" srcset=\"https:\/\/veredes.es\/blog\/wp-content\/uploads\/2012\/03\/Man-Ray-Marquesa-Casati-1922-cuadrada.jpg 413w, https:\/\/veredes.es\/blog\/wp-content\/uploads\/2012\/03\/Man-Ray-Marquesa-Casati-1922-cuadrada-150x150.jpg 150w, https:\/\/veredes.es\/blog\/wp-content\/uploads\/2012\/03\/Man-Ray-Marquesa-Casati-1922-cuadrada-300x300.jpg 300w, https:\/\/veredes.es\/blog\/wp-content\/uploads\/2012\/03\/Man-Ray-Marquesa-Casati-1922-cuadrada-120x120.jpg 120w\" sizes=\"auto, (max-width: 750px) 100vw, 750px\" \/><\/a><figcaption id=\"caption-attachment-20904\" class=\"wp-caption-text\"><span style=\"color: #999999;\">\u201cMarquesa Casati\u201d, Man Ray, 1922\u00a0<sup><sup>1<\/sup><\/sup><\/span><\/figcaption><\/figure><\/p>\n<p style=\"text-align: justify;\"><strong>De la (insoportable) variabilidad del hecho contempor\u00e1neo a los tiempos de la arquitectura<\/strong><\/p>\n<p style=\"text-align: justify;\">Vivimos un tiempo en el que pr\u00e1cticamente todo se considera v\u00e1lido y en el que todo es revisable. Un tiempo en el que la necesidad de ofrecer algo nuevo y distinto de todo lo hecho, y que por supuesto se reconozca como tal, prevalece frente a cualquier otra necesidad o valor.<\/p>\n<p style=\"text-align: justify;\">Hoy en d\u00eda, y hace ya tiempo, a la arquitectura no se le deja disfrutar de su tiempo, de ese tiempo necesario para su procesado y ejecuci\u00f3n; el necesario para su compleja elaboraci\u00f3n. Su cronolog\u00eda ya no esta dictada por su propio devenir, por su propia evoluci\u00f3n y necesidad. No, hoy en d\u00eda sus tiempos vienen marcados por aquello que es ajeno a su naturaleza. Est\u00e1 marcada por los tiempos pol\u00edticos, por los tiempos del mercado o los espurios tiempos personales; tiempos todos ellos de conveniencia, \u00bfpero conveniencia de qui\u00e9n? El mercado de consumo ha entrado con fuerza en la arquitectura y \u00e9sta ha abrazado sin pudor sus valores, y nosotros con ella.<\/p>\n<p style=\"text-align: justify;\">La arquitectura se ha ido poco a poco convirtiendo en un instrumento ajeno a si misma. La hemos dejado, hemos sido condescendientes y complacientes con aquello que en un momento nos parec\u00eda un empuje y que con el tiempo se ha mostrado como un lastre, y con esa carga indeseablemente a\u00f1adida la hemos lastrado y la hemos banalizado, la hemos hecho perder complejidad y profundidad, se ha convertido en superficial y banal y las honrosas excepciones \u201cque haberlas, haylas\u201d sobresaliendo de la media, confirman la regla.<\/p>\n<p style=\"text-align: justify;\">Tampoco se trata de colocar a la arquitectura en el alto pedestal de las bellas artes intocables y contemplativas, al contrario, ha de ser tangible y participativa, pero por si misma, no por los agentes externos que la emplean como propaganda o espect\u00e1culo pasajero, hay que devolverle la dignidad de su trabajo y si cabe, algo de antigua honestidad. Poner excesivo \u00e9nfasis en lo emblem\u00e1tico de su resultado final reduce su capacidad de transmitir y la empobrece y embrutece. Nos hemos acostumbrado a no saber ver y a no saber leer la arquitectura, nos limitamos a mirarla y a decidir, r\u00e1pida y fugazmente, entre los simples polos de una reduccionista y maniquea clasificaci\u00f3n est\u00e9tica. Lo dicho, la reducimos, la simplificamos y la banalizamos, mejor dicho nos la reducen, nos la simplifican y nos la banalizan.<\/p>\n<blockquote>\n<p style=\"text-align: justify;\"><em>\u201cNinguno de nosotros es tan buen arquitecto que pueda trabajar por debajo de su capacidad; y sin embargo, no conozco ni un s\u00f3lo edificio reciente donde no se evidencie hasta la saciedad que ni el arquitecto ni el constructor se esforzaron. Ese es el car\u00e1cter distintivo del trabajo moderno. Pero el trabajo antiguo fue, en su mayor parte, entregado. Nuestro trabajo, en cambio, da siempre la sensaci\u00f3n de valer dinero, de que recortamos nuestro esfuerzo donde y cuando podemos, de una indolente complacencia en la baja calidad, en vez de un leal empe\u00f1o en nuestras fuerzas. Terminemos de una vez con ese tipo de trabajo: alejemos toda tentaci\u00f3n; no nos dejemos envilecer para luego protestar y lamentar nuestras diferencias; confesemos nuestra parquedad o nuestra escasez de ideas, pero no nos enga\u00f1emos. No es, ni siquiera, una cuesti\u00f3n de cu\u00e1nto debamos hacer, sino de como deba hacerse; no es una cuesti\u00f3n de hacer m\u00e1s, sino de hacerse mejor\u201d<\/em>.<\/p>\n<\/blockquote>\n<p style=\"text-align: justify;\">Las palabras de John Ruskin, recordadas por Josep Quetglas en un art\u00edculo sobre Paco Alonso, ya nos dec\u00edan esto a mediados del siglo XlX.<sup><sup>2<\/sup><\/sup><\/p>\n<p style=\"text-align: justify;\">La cultura del proyecto exige esfuerzo, autocr\u00edtica y algo de limitaci\u00f3n de la complacencia de la que hacemos gala demasiado a menudo. Conviene adem\u00e1s recordar que un proyecto es, como nos dice Juan Tall\u00f3n, <em>\u201cun ejercicio propositivo que tiene muchas posibilidades de quedar en nada\u201d<\/em>, as\u00ed que no estar\u00eda de m\u00e1s aprovechar estos tiempos que la presente coyuntura nos brinda (a la fuerza), para cierta pausa y reflexionar m\u00e1s sobre el qu\u00e9 hacer que sobre el c\u00f3mo hacerlo.<\/p>\n<p style=\"text-align: justify;\">Acabo con unas frases de Roberto Bola\u00f1o citadas por Juan Tall\u00f3n<sup><sup>3<\/sup><\/sup> sobre la literatura que, por aquello del paralelismo, a lo mejor podemos aprovechar. Nos dice el escritor chileno:<\/p>\n<blockquote>\n<p style=\"text-align: justify;\"><em>\u201cUna calidad de escritura no significa escribir bien, porque eso lo puede hacer cualquiera, sino escribir maravillosamente bien, y ni siquiera eso, pues escribir maravillosamente bien tambi\u00e9n lo puede hacer cualquiera. \u00bfEntonces qu\u00e9 es una escritura de calidad? Pues lo que siempre ha sido: saber meter la cabeza en lo oscuro, saber saltar al vac\u00edo\u201d.<\/em><\/p>\n<\/blockquote>\n<p>A saltar pues, pero con los ojos bien abiertos&#8230;<\/p>\n<p>jorge meijide . arquitecto<br \/>\na coru\u00f1a. marzo de 2012<\/p>\n<p style=\"text-align: justify;\"><span style=\"color: #888888;\">notas:<br \/>\n<sup><sup>1<\/sup><\/sup> \u201cMarquesa Casati\u201d, Man Ray, 1922.<br \/>\n<sup><sup>2<\/sup><\/sup> \u201cLas siete l\u00e1mparas de la arquitectura\u201d, John Ruskin, 1849. Citado a su vez por Josep Quetglas a prop\u00f3sito de Paco Alonso en el n\u00famero 137 de la revista Arquitectos, del Consejo Superior de Arquitectos de Espa\u00f1a, 1995.<br \/>\n<sup><sup>3<\/sup><\/sup> \u201cA pregunta perfecta\u201d, Juan Tall\u00f3n, Sotelo Blanco Edici\u00f3ns, 2010.<\/span><\/p>\n<p style=\"text-align: justify;\">\n<p><\/p>","protected":false},"excerpt":{"rendered":"<p>De la (insoportable) variabilidad del hecho contempor\u00e1neo a los tiempos de la arquitectura Vivimos un tiempo en el que pr\u00e1cticamente todo se considera v\u00e1lido y en el que todo es revisable. Un tiempo en el que la necesidad de ofrecer algo nuevo y distinto de todo lo hecho, y que por supuesto se reconozca como [&hellip;]<\/p>\n","protected":false},"author":47,"featured_media":20904,"comment_status":"open","ping_status":"closed","sticky":false,"template":"","format":"standard","meta":{"footnotes":""},"categories":[568,5951],"tags":[8351,4228,3462,3952,4226,4227,4229],"class_list":{"0":"post-20903","1":"post","2":"type-post","3":"status-publish","4":"format-standard","5":"has-post-thumbnail","7":"category-faro","8":"category-slider-principal","9":"tag-francisco-alonso-de-santos","10":"tag-john-ruskin","11":"tag-jorge-meijide","12":"tag-josep-quetglas","13":"tag-juan-tallon","14":"tag-man-ray","15":"tag-roberto-bolano"},"yoast_head":"<!-- This site is optimized with the Yoast SEO plugin v27.5 - https:\/\/yoast.com\/product\/yoast-seo-wordpress\/ -->\n<title>De la (insoportable) variabilidad del hecho contempor\u00e1neo a los tiempos de la arquitectura | Jorge Meijide<\/title>\n<meta name=\"description\" content=\"De la (insoportable) variabilidad del hecho contempor\u00e1neo a los tiempos de la arquitectura\" \/>\n<meta name=\"robots\" content=\"index, follow, max-snippet:-1, max-image-preview:large, max-video-preview:-1\" \/>\n<link rel=\"canonical\" href=\"https:\/\/veredes.es\/blog\/de-la-insoportable-variabilidad-del-hecho-contemporaneo-a-los-tiempos-de-la-arquitectura-jorge-meijide\/\" \/>\n<meta property=\"og:locale\" content=\"es_ES\" \/>\n<meta property=\"og:type\" content=\"article\" \/>\n<meta property=\"og:title\" content=\"De la (insoportable) variabilidad del hecho contempor\u00e1neo a los tiempos de la arquitectura | Jorge Meijide\" \/>\n<meta property=\"og:description\" content=\"De la (insoportable) variabilidad del hecho contempor\u00e1neo a los tiempos de la arquitectura\" \/>\n<meta property=\"og:url\" content=\"https:\/\/veredes.es\/blog\/de-la-insoportable-variabilidad-del-hecho-contemporaneo-a-los-tiempos-de-la-arquitectura-jorge-meijide\/\" \/>\n<meta property=\"og:site_name\" content=\"veredes, arquitectura y divulgaci\u00f3n\" \/>\n<meta property=\"article:publisher\" content=\"https:\/\/www.facebook.com\/veredesArquitecturayDivulgacion\/\" \/>\n<meta property=\"article:author\" content=\"https:\/\/www.facebook.com\/jmeijide\" \/>\n<meta property=\"article:published_time\" content=\"2012-03-29T11:16:42+00:00\" \/>\n<meta property=\"article:modified_time\" content=\"2024-03-11T14:04:05+00:00\" \/>\n<meta property=\"og:image\" content=\"https:\/\/veredes.es\/blog\/wp-content\/uploads\/2012\/03\/Man-Ray-Marquesa-Casati-1922-cuadrada.jpg\" \/>\n\t<meta property=\"og:image:width\" content=\"413\" \/>\n\t<meta property=\"og:image:height\" content=\"413\" \/>\n\t<meta property=\"og:image:type\" content=\"image\/jpeg\" \/>\n<meta name=\"author\" content=\"Jorge Meijide Tom\u00e1s\" \/>\n<meta name=\"twitter:card\" content=\"summary_large_image\" \/>\n<meta name=\"twitter:creator\" content=\"@https:\/\/twitter.com\/jmeijide\" \/>\n<meta name=\"twitter:site\" content=\"@veredes\" \/>\n<meta name=\"twitter:label1\" content=\"Escrito por\" \/>\n\t<meta name=\"twitter:data1\" content=\"Jorge Meijide Tom\u00e1s\" \/>\n\t<meta name=\"twitter:label2\" content=\"Tiempo de lectura\" \/>\n\t<meta name=\"twitter:data2\" content=\"4 minutos\" \/>\n<script type=\"application\/ld+json\" class=\"yoast-schema-graph\">{\"@context\":\"https:\\\/\\\/schema.org\",\"@graph\":[{\"@type\":\"Article\",\"@id\":\"https:\\\/\\\/veredes.es\\\/blog\\\/de-la-insoportable-variabilidad-del-hecho-contemporaneo-a-los-tiempos-de-la-arquitectura-jorge-meijide\\\/#article\",\"isPartOf\":{\"@id\":\"https:\\\/\\\/veredes.es\\\/blog\\\/de-la-insoportable-variabilidad-del-hecho-contemporaneo-a-los-tiempos-de-la-arquitectura-jorge-meijide\\\/\"},\"author\":{\"name\":\"Jorge Meijide Tom\u00e1s\",\"@id\":\"https:\\\/\\\/veredes.es\\\/blog\\\/#\\\/schema\\\/person\\\/f114c5ff977108aaf60488426430427d\"},\"headline\":\"De la (insoportable) variabilidad del hecho contempor\u00e1neo a los tiempos de la arquitectura | Jorge Meijide\",\"datePublished\":\"2012-03-29T11:16:42+00:00\",\"dateModified\":\"2024-03-11T14:04:05+00:00\",\"mainEntityOfPage\":{\"@id\":\"https:\\\/\\\/veredes.es\\\/blog\\\/de-la-insoportable-variabilidad-del-hecho-contemporaneo-a-los-tiempos-de-la-arquitectura-jorge-meijide\\\/\"},\"wordCount\":2648,\"commentCount\":15,\"publisher\":{\"@id\":\"https:\\\/\\\/veredes.es\\\/blog\\\/#organization\"},\"image\":{\"@id\":\"https:\\\/\\\/veredes.es\\\/blog\\\/de-la-insoportable-variabilidad-del-hecho-contemporaneo-a-los-tiempos-de-la-arquitectura-jorge-meijide\\\/#primaryimage\"},\"thumbnailUrl\":\"https:\\\/\\\/veredes.es\\\/blog\\\/wp-content\\\/uploads\\\/2012\\\/03\\\/Man-Ray-Marquesa-Casati-1922-cuadrada.jpg\",\"keywords\":[\"Francisco Alonso de Santos\",\"John Ruskin\",\"Jorge Meijide\",\"Josep Quetglas\",\"Juan Tall\u00f3n\",\"Man Ray\",\"roberto bola\u00f1o\"],\"articleSection\":[\"faro\",\"slider principal\"],\"inLanguage\":\"es\",\"potentialAction\":[{\"@type\":\"CommentAction\",\"name\":\"Comment\",\"target\":[\"https:\\\/\\\/veredes.es\\\/blog\\\/de-la-insoportable-variabilidad-del-hecho-contemporaneo-a-los-tiempos-de-la-arquitectura-jorge-meijide\\\/#respond\"]}]},{\"@type\":\"WebPage\",\"@id\":\"https:\\\/\\\/veredes.es\\\/blog\\\/de-la-insoportable-variabilidad-del-hecho-contemporaneo-a-los-tiempos-de-la-arquitectura-jorge-meijide\\\/\",\"url\":\"https:\\\/\\\/veredes.es\\\/blog\\\/de-la-insoportable-variabilidad-del-hecho-contemporaneo-a-los-tiempos-de-la-arquitectura-jorge-meijide\\\/\",\"name\":\"De la (insoportable) variabilidad del hecho contempor\u00e1neo a los tiempos de la arquitectura | Jorge Meijide\",\"isPartOf\":{\"@id\":\"https:\\\/\\\/veredes.es\\\/blog\\\/#website\"},\"primaryImageOfPage\":{\"@id\":\"https:\\\/\\\/veredes.es\\\/blog\\\/de-la-insoportable-variabilidad-del-hecho-contemporaneo-a-los-tiempos-de-la-arquitectura-jorge-meijide\\\/#primaryimage\"},\"image\":{\"@id\":\"https:\\\/\\\/veredes.es\\\/blog\\\/de-la-insoportable-variabilidad-del-hecho-contemporaneo-a-los-tiempos-de-la-arquitectura-jorge-meijide\\\/#primaryimage\"},\"thumbnailUrl\":\"https:\\\/\\\/veredes.es\\\/blog\\\/wp-content\\\/uploads\\\/2012\\\/03\\\/Man-Ray-Marquesa-Casati-1922-cuadrada.jpg\",\"datePublished\":\"2012-03-29T11:16:42+00:00\",\"dateModified\":\"2024-03-11T14:04:05+00:00\",\"description\":\"De la (insoportable) variabilidad del hecho contempor\u00e1neo a los tiempos de la arquitectura\",\"breadcrumb\":{\"@id\":\"https:\\\/\\\/veredes.es\\\/blog\\\/de-la-insoportable-variabilidad-del-hecho-contemporaneo-a-los-tiempos-de-la-arquitectura-jorge-meijide\\\/#breadcrumb\"},\"inLanguage\":\"es\",\"potentialAction\":[{\"@type\":\"ReadAction\",\"target\":[\"https:\\\/\\\/veredes.es\\\/blog\\\/de-la-insoportable-variabilidad-del-hecho-contemporaneo-a-los-tiempos-de-la-arquitectura-jorge-meijide\\\/\"]}]},{\"@type\":\"ImageObject\",\"inLanguage\":\"es\",\"@id\":\"https:\\\/\\\/veredes.es\\\/blog\\\/de-la-insoportable-variabilidad-del-hecho-contemporaneo-a-los-tiempos-de-la-arquitectura-jorge-meijide\\\/#primaryimage\",\"url\":\"https:\\\/\\\/veredes.es\\\/blog\\\/wp-content\\\/uploads\\\/2012\\\/03\\\/Man-Ray-Marquesa-Casati-1922-cuadrada.jpg\",\"contentUrl\":\"https:\\\/\\\/veredes.es\\\/blog\\\/wp-content\\\/uploads\\\/2012\\\/03\\\/Man-Ray-Marquesa-Casati-1922-cuadrada.jpg\",\"width\":\"413\",\"height\":\"413\"},{\"@type\":\"BreadcrumbList\",\"@id\":\"https:\\\/\\\/veredes.es\\\/blog\\\/de-la-insoportable-variabilidad-del-hecho-contemporaneo-a-los-tiempos-de-la-arquitectura-jorge-meijide\\\/#breadcrumb\",\"itemListElement\":[{\"@type\":\"ListItem\",\"position\":1,\"name\":\"Portada\",\"item\":\"https:\\\/\\\/veredes.es\\\/blog\\\/\"},{\"@type\":\"ListItem\",\"position\":2,\"name\":\"De la (insoportable) variabilidad del hecho contempor\u00e1neo a los tiempos de la arquitectura | Jorge Meijide\"}]},{\"@type\":\"WebSite\",\"@id\":\"https:\\\/\\\/veredes.es\\\/blog\\\/#website\",\"url\":\"https:\\\/\\\/veredes.es\\\/blog\\\/\",\"name\":\"veredes, arquitectura y divulgaci\u00f3n\",\"description\":\"veredes\",\"publisher\":{\"@id\":\"https:\\\/\\\/veredes.es\\\/blog\\\/#organization\"},\"alternateName\":\"veredes\",\"potentialAction\":[{\"@type\":\"SearchAction\",\"target\":{\"@type\":\"EntryPoint\",\"urlTemplate\":\"https:\\\/\\\/veredes.es\\\/blog\\\/?s={search_term_string}\"},\"query-input\":{\"@type\":\"PropertyValueSpecification\",\"valueRequired\":true,\"valueName\":\"search_term_string\"}}],\"inLanguage\":\"es\"},{\"@type\":\"Organization\",\"@id\":\"https:\\\/\\\/veredes.es\\\/blog\\\/#organization\",\"name\":\"veredes, arquitectura y divulgaci\u00f3n\",\"alternateName\":\"veredes\",\"url\":\"https:\\\/\\\/veredes.es\\\/blog\\\/\",\"logo\":{\"@type\":\"ImageObject\",\"inLanguage\":\"es\",\"@id\":\"https:\\\/\\\/veredes.es\\\/blog\\\/#\\\/schema\\\/logo\\\/image\\\/\",\"url\":\"https:\\\/\\\/veredes.es\\\/blog\\\/wp-content\\\/uploads\\\/2021\\\/12\\\/veredes-logo-centrado_140x54.png\",\"contentUrl\":\"https:\\\/\\\/veredes.es\\\/blog\\\/wp-content\\\/uploads\\\/2021\\\/12\\\/veredes-logo-centrado_140x54.png\",\"width\":140,\"height\":54,\"caption\":\"veredes, arquitectura y divulgaci\u00f3n\"},\"image\":{\"@id\":\"https:\\\/\\\/veredes.es\\\/blog\\\/#\\\/schema\\\/logo\\\/image\\\/\"},\"sameAs\":[\"https:\\\/\\\/www.facebook.com\\\/veredesArquitecturayDivulgacion\\\/\",\"https:\\\/\\\/x.com\\\/veredes\",\"https:\\\/\\\/instagram.com\\\/veredes\\\/\",\"https:\\\/\\\/www.linkedin.com\\\/company\\\/veredes-arquitectura-y-divulgacion\\\/\",\"https:\\\/\\\/es.pinterest.com\\\/veredes\\\/\",\"https:\\\/\\\/www.tumblr.com\\\/veredes\"]},{\"@type\":\"Person\",\"@id\":\"https:\\\/\\\/veredes.es\\\/blog\\\/#\\\/schema\\\/person\\\/f114c5ff977108aaf60488426430427d\",\"name\":\"Jorge Meijide Tom\u00e1s\",\"image\":{\"@type\":\"ImageObject\",\"inLanguage\":\"es\",\"@id\":\"https:\\\/\\\/secure.gravatar.com\\\/avatar\\\/a8e6d631cd70d608ba8f329ff0d06134d8e7a1038277aa8a192fda118cabd34a?s=96&r=g\",\"url\":\"https:\\\/\\\/secure.gravatar.com\\\/avatar\\\/a8e6d631cd70d608ba8f329ff0d06134d8e7a1038277aa8a192fda118cabd34a?s=96&r=g\",\"contentUrl\":\"https:\\\/\\\/secure.gravatar.com\\\/avatar\\\/a8e6d631cd70d608ba8f329ff0d06134d8e7a1038277aa8a192fda118cabd34a?s=96&r=g\",\"caption\":\"Jorge Meijide Tom\u00e1s\"},\"description\":\"Arquitecto por la ETSA de A Coru\u00f1a desde 1991. Colabora en el estudio de Juan Navarro Baldeweg entre 1991 y 1992. M\u00e1ster de proyectos integrados por la fundaci\u00f3n camu\u00f1as, madrid 1992. A la vuelta A Coru\u00f1a se incorpora al estudio de su padre, Carlos E. Meijide Calvo con el que trabaja hasta 2001. Desde 2004 hasta 2009 colabora con los arquitectos Patricia de Marichalar y Fernando Mart\u00ednez. En el a\u00f1o 2009 forma, junto con Patricia de Marichalar meijidedemarichalar arquitectos. Desde 2014 trabaja en solitario colaborando con estudios y arquitectos amigos. Es profesor de proyectos arquitect\u00f3nicos en la Escuela T\u00e9cnica superior de Arquitectura de A Coru\u00f1a desde 1997; es tutor de proyecto fin de carrera y ha sido presidente del tribunal de PFC. Colabora con blogs y publicaciones de arquitectura.\",\"sameAs\":[\"http:\\\/\\\/jorgemeijide.blogspot.com.es\\\/\",\"https:\\\/\\\/www.facebook.com\\\/jmeijide\",\"https:\\\/\\\/www.instagram.com\\\/jmeijide\\\/\",\"https:\\\/\\\/www.linkedin.com\\\/in\\\/jorge-meijide-toms-ab9b9a21\\\/\",\"https:\\\/\\\/x.com\\\/https:\\\/\\\/twitter.com\\\/jmeijide\"],\"url\":\"https:\\\/\\\/veredes.es\\\/blog\\\/author\\\/jorge-meijide-tomas\\\/\"}]}<\/script>\n<!-- \/ Yoast SEO plugin. -->","yoast_head_json":{"title":"De la (insoportable) variabilidad del hecho contempor\u00e1neo a los tiempos de la arquitectura | Jorge Meijide","description":"De la (insoportable) variabilidad del hecho contempor\u00e1neo a los tiempos de la arquitectura","robots":{"index":"index","follow":"follow","max-snippet":"max-snippet:-1","max-image-preview":"max-image-preview:large","max-video-preview":"max-video-preview:-1"},"canonical":"https:\/\/veredes.es\/blog\/de-la-insoportable-variabilidad-del-hecho-contemporaneo-a-los-tiempos-de-la-arquitectura-jorge-meijide\/","og_locale":"es_ES","og_type":"article","og_title":"De la (insoportable) variabilidad del hecho contempor\u00e1neo a los tiempos de la arquitectura | Jorge Meijide","og_description":"De la (insoportable) variabilidad del hecho contempor\u00e1neo a los tiempos de la arquitectura","og_url":"https:\/\/veredes.es\/blog\/de-la-insoportable-variabilidad-del-hecho-contemporaneo-a-los-tiempos-de-la-arquitectura-jorge-meijide\/","og_site_name":"veredes, arquitectura y divulgaci\u00f3n","article_publisher":"https:\/\/www.facebook.com\/veredesArquitecturayDivulgacion\/","article_author":"https:\/\/www.facebook.com\/jmeijide","article_published_time":"2012-03-29T11:16:42+00:00","article_modified_time":"2024-03-11T14:04:05+00:00","og_image":[{"width":413,"height":413,"url":"https:\/\/veredes.es\/blog\/wp-content\/uploads\/2012\/03\/Man-Ray-Marquesa-Casati-1922-cuadrada.jpg","type":"image\/jpeg"}],"author":"Jorge Meijide Tom\u00e1s","twitter_card":"summary_large_image","twitter_creator":"@https:\/\/twitter.com\/jmeijide","twitter_site":"@veredes","twitter_misc":{"Escrito por":"Jorge Meijide Tom\u00e1s","Tiempo de lectura":"4 minutos"},"schema":{"@context":"https:\/\/schema.org","@graph":[{"@type":"Article","@id":"https:\/\/veredes.es\/blog\/de-la-insoportable-variabilidad-del-hecho-contemporaneo-a-los-tiempos-de-la-arquitectura-jorge-meijide\/#article","isPartOf":{"@id":"https:\/\/veredes.es\/blog\/de-la-insoportable-variabilidad-del-hecho-contemporaneo-a-los-tiempos-de-la-arquitectura-jorge-meijide\/"},"author":{"name":"Jorge Meijide Tom\u00e1s","@id":"https:\/\/veredes.es\/blog\/#\/schema\/person\/f114c5ff977108aaf60488426430427d"},"headline":"De la (insoportable) variabilidad del hecho contempor\u00e1neo a los tiempos de la arquitectura | Jorge Meijide","datePublished":"2012-03-29T11:16:42+00:00","dateModified":"2024-03-11T14:04:05+00:00","mainEntityOfPage":{"@id":"https:\/\/veredes.es\/blog\/de-la-insoportable-variabilidad-del-hecho-contemporaneo-a-los-tiempos-de-la-arquitectura-jorge-meijide\/"},"wordCount":2648,"commentCount":15,"publisher":{"@id":"https:\/\/veredes.es\/blog\/#organization"},"image":{"@id":"https:\/\/veredes.es\/blog\/de-la-insoportable-variabilidad-del-hecho-contemporaneo-a-los-tiempos-de-la-arquitectura-jorge-meijide\/#primaryimage"},"thumbnailUrl":"https:\/\/veredes.es\/blog\/wp-content\/uploads\/2012\/03\/Man-Ray-Marquesa-Casati-1922-cuadrada.jpg","keywords":["Francisco Alonso de Santos","John Ruskin","Jorge Meijide","Josep Quetglas","Juan Tall\u00f3n","Man Ray","roberto bola\u00f1o"],"articleSection":["faro","slider principal"],"inLanguage":"es","potentialAction":[{"@type":"CommentAction","name":"Comment","target":["https:\/\/veredes.es\/blog\/de-la-insoportable-variabilidad-del-hecho-contemporaneo-a-los-tiempos-de-la-arquitectura-jorge-meijide\/#respond"]}]},{"@type":"WebPage","@id":"https:\/\/veredes.es\/blog\/de-la-insoportable-variabilidad-del-hecho-contemporaneo-a-los-tiempos-de-la-arquitectura-jorge-meijide\/","url":"https:\/\/veredes.es\/blog\/de-la-insoportable-variabilidad-del-hecho-contemporaneo-a-los-tiempos-de-la-arquitectura-jorge-meijide\/","name":"De la (insoportable) variabilidad del hecho contempor\u00e1neo a los tiempos de la arquitectura | Jorge Meijide","isPartOf":{"@id":"https:\/\/veredes.es\/blog\/#website"},"primaryImageOfPage":{"@id":"https:\/\/veredes.es\/blog\/de-la-insoportable-variabilidad-del-hecho-contemporaneo-a-los-tiempos-de-la-arquitectura-jorge-meijide\/#primaryimage"},"image":{"@id":"https:\/\/veredes.es\/blog\/de-la-insoportable-variabilidad-del-hecho-contemporaneo-a-los-tiempos-de-la-arquitectura-jorge-meijide\/#primaryimage"},"thumbnailUrl":"https:\/\/veredes.es\/blog\/wp-content\/uploads\/2012\/03\/Man-Ray-Marquesa-Casati-1922-cuadrada.jpg","datePublished":"2012-03-29T11:16:42+00:00","dateModified":"2024-03-11T14:04:05+00:00","description":"De la (insoportable) variabilidad del hecho contempor\u00e1neo a los tiempos de la arquitectura","breadcrumb":{"@id":"https:\/\/veredes.es\/blog\/de-la-insoportable-variabilidad-del-hecho-contemporaneo-a-los-tiempos-de-la-arquitectura-jorge-meijide\/#breadcrumb"},"inLanguage":"es","potentialAction":[{"@type":"ReadAction","target":["https:\/\/veredes.es\/blog\/de-la-insoportable-variabilidad-del-hecho-contemporaneo-a-los-tiempos-de-la-arquitectura-jorge-meijide\/"]}]},{"@type":"ImageObject","inLanguage":"es","@id":"https:\/\/veredes.es\/blog\/de-la-insoportable-variabilidad-del-hecho-contemporaneo-a-los-tiempos-de-la-arquitectura-jorge-meijide\/#primaryimage","url":"https:\/\/veredes.es\/blog\/wp-content\/uploads\/2012\/03\/Man-Ray-Marquesa-Casati-1922-cuadrada.jpg","contentUrl":"https:\/\/veredes.es\/blog\/wp-content\/uploads\/2012\/03\/Man-Ray-Marquesa-Casati-1922-cuadrada.jpg","width":"413","height":"413"},{"@type":"BreadcrumbList","@id":"https:\/\/veredes.es\/blog\/de-la-insoportable-variabilidad-del-hecho-contemporaneo-a-los-tiempos-de-la-arquitectura-jorge-meijide\/#breadcrumb","itemListElement":[{"@type":"ListItem","position":1,"name":"Portada","item":"https:\/\/veredes.es\/blog\/"},{"@type":"ListItem","position":2,"name":"De la (insoportable) variabilidad del hecho contempor\u00e1neo a los tiempos de la arquitectura | Jorge Meijide"}]},{"@type":"WebSite","@id":"https:\/\/veredes.es\/blog\/#website","url":"https:\/\/veredes.es\/blog\/","name":"veredes, arquitectura y divulgaci\u00f3n","description":"veredes","publisher":{"@id":"https:\/\/veredes.es\/blog\/#organization"},"alternateName":"veredes","potentialAction":[{"@type":"SearchAction","target":{"@type":"EntryPoint","urlTemplate":"https:\/\/veredes.es\/blog\/?s={search_term_string}"},"query-input":{"@type":"PropertyValueSpecification","valueRequired":true,"valueName":"search_term_string"}}],"inLanguage":"es"},{"@type":"Organization","@id":"https:\/\/veredes.es\/blog\/#organization","name":"veredes, arquitectura y divulgaci\u00f3n","alternateName":"veredes","url":"https:\/\/veredes.es\/blog\/","logo":{"@type":"ImageObject","inLanguage":"es","@id":"https:\/\/veredes.es\/blog\/#\/schema\/logo\/image\/","url":"https:\/\/veredes.es\/blog\/wp-content\/uploads\/2021\/12\/veredes-logo-centrado_140x54.png","contentUrl":"https:\/\/veredes.es\/blog\/wp-content\/uploads\/2021\/12\/veredes-logo-centrado_140x54.png","width":140,"height":54,"caption":"veredes, arquitectura y divulgaci\u00f3n"},"image":{"@id":"https:\/\/veredes.es\/blog\/#\/schema\/logo\/image\/"},"sameAs":["https:\/\/www.facebook.com\/veredesArquitecturayDivulgacion\/","https:\/\/x.com\/veredes","https:\/\/instagram.com\/veredes\/","https:\/\/www.linkedin.com\/company\/veredes-arquitectura-y-divulgacion\/","https:\/\/es.pinterest.com\/veredes\/","https:\/\/www.tumblr.com\/veredes"]},{"@type":"Person","@id":"https:\/\/veredes.es\/blog\/#\/schema\/person\/f114c5ff977108aaf60488426430427d","name":"Jorge Meijide Tom\u00e1s","image":{"@type":"ImageObject","inLanguage":"es","@id":"https:\/\/secure.gravatar.com\/avatar\/a8e6d631cd70d608ba8f329ff0d06134d8e7a1038277aa8a192fda118cabd34a?s=96&r=g","url":"https:\/\/secure.gravatar.com\/avatar\/a8e6d631cd70d608ba8f329ff0d06134d8e7a1038277aa8a192fda118cabd34a?s=96&r=g","contentUrl":"https:\/\/secure.gravatar.com\/avatar\/a8e6d631cd70d608ba8f329ff0d06134d8e7a1038277aa8a192fda118cabd34a?s=96&r=g","caption":"Jorge Meijide Tom\u00e1s"},"description":"Arquitecto por la ETSA de A Coru\u00f1a desde 1991. Colabora en el estudio de Juan Navarro Baldeweg entre 1991 y 1992. M\u00e1ster de proyectos integrados por la fundaci\u00f3n camu\u00f1as, madrid 1992. A la vuelta A Coru\u00f1a se incorpora al estudio de su padre, Carlos E. Meijide Calvo con el que trabaja hasta 2001. Desde 2004 hasta 2009 colabora con los arquitectos Patricia de Marichalar y Fernando Mart\u00ednez. En el a\u00f1o 2009 forma, junto con Patricia de Marichalar meijidedemarichalar arquitectos. Desde 2014 trabaja en solitario colaborando con estudios y arquitectos amigos. Es profesor de proyectos arquitect\u00f3nicos en la Escuela T\u00e9cnica superior de Arquitectura de A Coru\u00f1a desde 1997; es tutor de proyecto fin de carrera y ha sido presidente del tribunal de PFC. Colabora con blogs y publicaciones de arquitectura.","sameAs":["http:\/\/jorgemeijide.blogspot.com.es\/","https:\/\/www.facebook.com\/jmeijide","https:\/\/www.instagram.com\/jmeijide\/","https:\/\/www.linkedin.com\/in\/jorge-meijide-toms-ab9b9a21\/","https:\/\/x.com\/https:\/\/twitter.com\/jmeijide"],"url":"https:\/\/veredes.es\/blog\/author\/jorge-meijide-tomas\/"}]}},"_links":{"self":[{"href":"https:\/\/veredes.es\/blog\/wp-json\/wp\/v2\/posts\/20903","targetHints":{"allow":["GET"]}}],"collection":[{"href":"https:\/\/veredes.es\/blog\/wp-json\/wp\/v2\/posts"}],"about":[{"href":"https:\/\/veredes.es\/blog\/wp-json\/wp\/v2\/types\/post"}],"author":[{"embeddable":true,"href":"https:\/\/veredes.es\/blog\/wp-json\/wp\/v2\/users\/47"}],"replies":[{"embeddable":true,"href":"https:\/\/veredes.es\/blog\/wp-json\/wp\/v2\/comments?post=20903"}],"version-history":[{"count":0,"href":"https:\/\/veredes.es\/blog\/wp-json\/wp\/v2\/posts\/20903\/revisions"}],"wp:featuredmedia":[{"embeddable":true,"href":"https:\/\/veredes.es\/blog\/wp-json\/wp\/v2\/media\/20904"}],"wp:attachment":[{"href":"https:\/\/veredes.es\/blog\/wp-json\/wp\/v2\/media?parent=20903"}],"wp:term":[{"taxonomy":"category","embeddable":true,"href":"https:\/\/veredes.es\/blog\/wp-json\/wp\/v2\/categories?post=20903"},{"taxonomy":"post_tag","embeddable":true,"href":"https:\/\/veredes.es\/blog\/wp-json\/wp\/v2\/tags?post=20903"}],"curies":[{"name":"wp","href":"https:\/\/api.w.org\/{rel}","templated":true}]}}