{"id":2087,"date":"2010-02-02T09:54:58","date_gmt":"2010-02-02T09:54:58","guid":{"rendered":"http:\/\/veredes.es\/wordpress\/?p=2087"},"modified":"2019-11-05T18:18:35","modified_gmt":"2019-11-05T17:18:35","slug":"seminario-internacional-sobre-la-luz-como-cuarta-dimension-de-la-arquitectura","status":"publish","type":"post","link":"https:\/\/veredes.es\/blog\/seminario-internacional-sobre-la-luz-como-cuarta-dimension-de-la-arquitectura\/","title":{"rendered":"Seminario internacional sobre \u201cLa luz como cuarta dimensi\u00f3n de la arquitectura\u201d"},"content":{"rendered":"<p><\/p>\n<p style=\"text-align: justify;\">Los estudiantes de las especialidades de Arquitectura, Arquitectura de interiores, Arquitectura paisaj\u00edstica y Luminotecnia recibir\u00e1n impulsos decisivos para su formaci\u00f3n directamente en una empresa l\u00edder del sector de las luminarias alem\u00e1n. La firma Erco GmbH de L\u00fcdenscheid invita a estudiantes de todo el mundo al seminario internacional \u201cLa luz como cuarta dimensi\u00f3n de la arquitectura\u201d. En el seminario de cuatro d\u00edas dedicado a la luz, arquitectos y proyectistas luminot\u00e9cnicos experimentados impartir\u00e1n a los participantes conocimientos fundamentados sobre luminotecnia y percepci\u00f3n de la luz, sobre l\u00e1mparas y sobre la iluminaci\u00f3n arquitect\u00f3nica, de acento y general.<\/p>\n<p style=\"text-align: justify;\"><a href=\"https:\/\/veredes.es\/blog\/wp-content\/uploads\/2010\/02\/erco.jpg\"><img loading=\"lazy\" decoding=\"async\" class=\"alignnone size-full wp-image-2088\" title=\"erco\" src=\"https:\/\/veredes.es\/blog\/wp-content\/uploads\/2010\/02\/erco.jpg\" alt=\"\" width=\"91\" height=\"32\" \/><\/a><\/p>\n<p style=\"text-align: justify;\">A fin de estudiar en la pr\u00e1ctica los m\u00faltiples efectos luminosos, en la f\u00e1brica de luz Erco est\u00e1n disponibles numerosas herramientas de demostraci\u00f3n, as\u00ed como espacios especiales y superficies exteriores. Entre los objetivos del seminario se cuentan, adem\u00e1s de impartir fundamentos de luminotecnia y percepci\u00f3n, la cualificaci\u00f3n para proyectos de iluminaci\u00f3n, a fin de poder desarrollar y precisar, durante los estudios, proyectos conforme a criterios de luminotecnia. El seminario, que se impartir\u00e1 del 17 al 21 de agosto, contiene pr\u00e1cticas de luminotecnia y una excursi\u00f3n a objetos ejemplares de la iluminaci\u00f3n de museos y locales comerciales. De este modo, los conocimientos t\u00e9cnicos de luminotecnia adquieren una referencia pr\u00e1ctica directa. Los estudiantes interesados pueden inscribirse individualmente en el seminario internacional de verano sobre la luz, que se impartir\u00e1 en ingl\u00e9s. El precio del curso es de 50 euros, con llegada por medios propios. Opcionalmente, Erco puede ayudar a reservar alojamiento.<\/p>\n<p><span style=\"color: #888888;\"><span style=\"color: #888888;\">+ www.erco.com<\/span><\/span><\/p>","protected":false},"excerpt":{"rendered":"<p>Los estudiantes de las especialidades de Arquitectura, Arquitectura de interiores, Arquitectura paisaj\u00edstica y Luminotecnia recibir\u00e1n impulsos decisivos para su formaci\u00f3n directamente en una empresa l\u00edder del sector de las luminarias alem\u00e1n. La firma Erco GmbH de L\u00fcdenscheid invita a estudiantes de todo el mundo al seminario internacional \u201cLa luz como cuarta dimensi\u00f3n de la arquitectura\u201d. [&hellip;]<\/p>\n","protected":false},"author":2,"featured_media":2088,"comment_status":"open","ping_status":"closed","sticky":false,"template":"","format":"standard","meta":{"footnotes":""},"categories":[43,16],"tags":[401,1264],"class_list":{"0":"post-2087","1":"post","2":"type-post","3":"status-publish","4":"format-standard","5":"has-post-thumbnail","7":"category-cursos-talleres","8":"category-eventos","9":"tag-curso","10":"tag-taller"},"yoast_head":"<!-- This site is optimized with the Yoast SEO plugin v27.5 - https:\/\/yoast.com\/product\/yoast-seo-wordpress\/ -->\n<title>Seminario internacional sobre \u201cLa luz como cuarta dimensi\u00f3n de la arquitectura\u201d - veredes<\/title>\n<meta name=\"description\" content=\"Toda la informaci\u00f3n sobre: Seminario internacional sobre \u201cLa luz como cuarta dimensi\u00f3n de la arquitectura\u201d\" \/>\n<meta name=\"robots\" content=\"index, follow, max-snippet:-1, max-image-preview:large, max-video-preview:-1\" \/>\n<link rel=\"canonical\" href=\"https:\/\/veredes.es\/blog\/seminario-internacional-sobre-la-luz-como-cuarta-dimension-de-la-arquitectura\/\" \/>\n<meta property=\"og:locale\" content=\"es_ES\" \/>\n<meta property=\"og:type\" content=\"article\" \/>\n<meta property=\"og:title\" content=\"Seminario internacional sobre \u201cLa luz como cuarta dimensi\u00f3n de la arquitectura\u201d - veredes\" \/>\n<meta property=\"og:description\" content=\"Toda la informaci\u00f3n sobre: Seminario internacional sobre \u201cLa luz como cuarta dimensi\u00f3n de la arquitectura\u201d\" \/>\n<meta property=\"og:url\" content=\"https:\/\/veredes.es\/blog\/seminario-internacional-sobre-la-luz-como-cuarta-dimension-de-la-arquitectura\/\" \/>\n<meta property=\"og:site_name\" content=\"veredes, arquitectura y divulgaci\u00f3n\" \/>\n<meta property=\"article:publisher\" content=\"https:\/\/www.facebook.com\/veredesArquitecturayDivulgacion\/\" \/>\n<meta property=\"article:author\" content=\"https:\/\/www.facebook.com\/veredesArquitecturayDivulgacion\/\" \/>\n<meta property=\"article:published_time\" content=\"2010-02-02T09:54:58+00:00\" \/>\n<meta property=\"article:modified_time\" content=\"2019-11-05T17:18:35+00:00\" \/>\n<meta property=\"og:image\" content=\"https:\/\/veredes.es\/blog\/wp-content\/uploads\/2010\/02\/erco1.jpg\" \/>\n\t<meta property=\"og:image:width\" content=\"91\" \/>\n\t<meta property=\"og:image:height\" content=\"32\" \/>\n\t<meta property=\"og:image:type\" content=\"image\/jpeg\" \/>\n<meta name=\"author\" content=\"veredes\" \/>\n<meta name=\"twitter:card\" content=\"summary_large_image\" \/>\n<meta name=\"twitter:creator\" content=\"@https:\/\/twitter.com\/veredes\" \/>\n<meta name=\"twitter:site\" content=\"@veredes\" \/>\n<meta name=\"twitter:label1\" content=\"Escrito por\" \/>\n\t<meta name=\"twitter:data1\" content=\"veredes\" \/>\n\t<meta name=\"twitter:label2\" content=\"Tiempo de lectura\" \/>\n\t<meta name=\"twitter:data2\" content=\"4 minutos\" \/>\n<script type=\"application\/ld+json\" class=\"yoast-schema-graph\">{\"@context\":\"https:\\\/\\\/schema.org\",\"@graph\":[{\"@type\":\"Article\",\"@id\":\"https:\\\/\\\/veredes.es\\\/blog\\\/seminario-internacional-sobre-la-luz-como-cuarta-dimension-de-la-arquitectura\\\/#article\",\"isPartOf\":{\"@id\":\"https:\\\/\\\/veredes.es\\\/blog\\\/seminario-internacional-sobre-la-luz-como-cuarta-dimension-de-la-arquitectura\\\/\"},\"author\":{\"name\":\"veredes\",\"@id\":\"https:\\\/\\\/veredes.es\\\/blog\\\/#\\\/schema\\\/person\\\/0bbb669073ef7faba5168a0844e93d2c\"},\"headline\":\"Seminario internacional sobre \u201cLa luz como cuarta dimensi\u00f3n de la arquitectura\u201d\",\"datePublished\":\"2010-02-02T09:54:58+00:00\",\"dateModified\":\"2019-11-05T17:18:35+00:00\",\"mainEntityOfPage\":{\"@id\":\"https:\\\/\\\/veredes.es\\\/blog\\\/seminario-internacional-sobre-la-luz-como-cuarta-dimension-de-la-arquitectura\\\/\"},\"wordCount\":789,\"commentCount\":35,\"publisher\":{\"@id\":\"https:\\\/\\\/veredes.es\\\/blog\\\/#organization\"},\"image\":{\"@id\":\"https:\\\/\\\/veredes.es\\\/blog\\\/seminario-internacional-sobre-la-luz-como-cuarta-dimension-de-la-arquitectura\\\/#primaryimage\"},\"thumbnailUrl\":\"https:\\\/\\\/veredes.es\\\/blog\\\/wp-content\\\/uploads\\\/2010\\\/02\\\/erco1.jpg\",\"keywords\":[\"curso\",\"taller\"],\"articleSection\":[\"cursos-talleres\",\"eventos\"],\"inLanguage\":\"es\",\"potentialAction\":[{\"@type\":\"CommentAction\",\"name\":\"Comment\",\"target\":[\"https:\\\/\\\/veredes.es\\\/blog\\\/seminario-internacional-sobre-la-luz-como-cuarta-dimension-de-la-arquitectura\\\/#respond\"]}]},{\"@type\":\"WebPage\",\"@id\":\"https:\\\/\\\/veredes.es\\\/blog\\\/seminario-internacional-sobre-la-luz-como-cuarta-dimension-de-la-arquitectura\\\/\",\"url\":\"https:\\\/\\\/veredes.es\\\/blog\\\/seminario-internacional-sobre-la-luz-como-cuarta-dimension-de-la-arquitectura\\\/\",\"name\":\"Seminario internacional sobre \u201cLa luz como cuarta dimensi\u00f3n de la arquitectura\u201d - veredes\",\"isPartOf\":{\"@id\":\"https:\\\/\\\/veredes.es\\\/blog\\\/#website\"},\"primaryImageOfPage\":{\"@id\":\"https:\\\/\\\/veredes.es\\\/blog\\\/seminario-internacional-sobre-la-luz-como-cuarta-dimension-de-la-arquitectura\\\/#primaryimage\"},\"image\":{\"@id\":\"https:\\\/\\\/veredes.es\\\/blog\\\/seminario-internacional-sobre-la-luz-como-cuarta-dimension-de-la-arquitectura\\\/#primaryimage\"},\"thumbnailUrl\":\"https:\\\/\\\/veredes.es\\\/blog\\\/wp-content\\\/uploads\\\/2010\\\/02\\\/erco1.jpg\",\"datePublished\":\"2010-02-02T09:54:58+00:00\",\"dateModified\":\"2019-11-05T17:18:35+00:00\",\"description\":\"Toda la informaci\u00f3n sobre: Seminario internacional sobre \u201cLa luz como cuarta dimensi\u00f3n de la arquitectura\u201d\",\"breadcrumb\":{\"@id\":\"https:\\\/\\\/veredes.es\\\/blog\\\/seminario-internacional-sobre-la-luz-como-cuarta-dimension-de-la-arquitectura\\\/#breadcrumb\"},\"inLanguage\":\"es\",\"potentialAction\":[{\"@type\":\"ReadAction\",\"target\":[\"https:\\\/\\\/veredes.es\\\/blog\\\/seminario-internacional-sobre-la-luz-como-cuarta-dimension-de-la-arquitectura\\\/\"]}]},{\"@type\":\"ImageObject\",\"inLanguage\":\"es\",\"@id\":\"https:\\\/\\\/veredes.es\\\/blog\\\/seminario-internacional-sobre-la-luz-como-cuarta-dimension-de-la-arquitectura\\\/#primaryimage\",\"url\":\"https:\\\/\\\/veredes.es\\\/blog\\\/wp-content\\\/uploads\\\/2010\\\/02\\\/erco1.jpg\",\"contentUrl\":\"https:\\\/\\\/veredes.es\\\/blog\\\/wp-content\\\/uploads\\\/2010\\\/02\\\/erco1.jpg\",\"width\":\"91\",\"height\":\"32\"},{\"@type\":\"BreadcrumbList\",\"@id\":\"https:\\\/\\\/veredes.es\\\/blog\\\/seminario-internacional-sobre-la-luz-como-cuarta-dimension-de-la-arquitectura\\\/#breadcrumb\",\"itemListElement\":[{\"@type\":\"ListItem\",\"position\":1,\"name\":\"Portada\",\"item\":\"https:\\\/\\\/veredes.es\\\/blog\\\/\"},{\"@type\":\"ListItem\",\"position\":2,\"name\":\"Seminario internacional sobre \u201cLa luz como cuarta dimensi\u00f3n de la arquitectura\u201d\"}]},{\"@type\":\"WebSite\",\"@id\":\"https:\\\/\\\/veredes.es\\\/blog\\\/#website\",\"url\":\"https:\\\/\\\/veredes.es\\\/blog\\\/\",\"name\":\"veredes, arquitectura y divulgaci\u00f3n\",\"description\":\"veredes\",\"publisher\":{\"@id\":\"https:\\\/\\\/veredes.es\\\/blog\\\/#organization\"},\"alternateName\":\"veredes\",\"potentialAction\":[{\"@type\":\"SearchAction\",\"target\":{\"@type\":\"EntryPoint\",\"urlTemplate\":\"https:\\\/\\\/veredes.es\\\/blog\\\/?s={search_term_string}\"},\"query-input\":{\"@type\":\"PropertyValueSpecification\",\"valueRequired\":true,\"valueName\":\"search_term_string\"}}],\"inLanguage\":\"es\"},{\"@type\":\"Organization\",\"@id\":\"https:\\\/\\\/veredes.es\\\/blog\\\/#organization\",\"name\":\"veredes, arquitectura y divulgaci\u00f3n\",\"alternateName\":\"veredes\",\"url\":\"https:\\\/\\\/veredes.es\\\/blog\\\/\",\"logo\":{\"@type\":\"ImageObject\",\"inLanguage\":\"es\",\"@id\":\"https:\\\/\\\/veredes.es\\\/blog\\\/#\\\/schema\\\/logo\\\/image\\\/\",\"url\":\"https:\\\/\\\/veredes.es\\\/blog\\\/wp-content\\\/uploads\\\/2021\\\/12\\\/veredes-logo-centrado_140x54.png\",\"contentUrl\":\"https:\\\/\\\/veredes.es\\\/blog\\\/wp-content\\\/uploads\\\/2021\\\/12\\\/veredes-logo-centrado_140x54.png\",\"width\":140,\"height\":54,\"caption\":\"veredes, arquitectura y divulgaci\u00f3n\"},\"image\":{\"@id\":\"https:\\\/\\\/veredes.es\\\/blog\\\/#\\\/schema\\\/logo\\\/image\\\/\"},\"sameAs\":[\"https:\\\/\\\/www.facebook.com\\\/veredesArquitecturayDivulgacion\\\/\",\"https:\\\/\\\/x.com\\\/veredes\",\"https:\\\/\\\/instagram.com\\\/veredes\\\/\",\"https:\\\/\\\/www.linkedin.com\\\/company\\\/veredes-arquitectura-y-divulgacion\\\/\",\"https:\\\/\\\/es.pinterest.com\\\/veredes\\\/\",\"https:\\\/\\\/www.tumblr.com\\\/veredes\"]},{\"@type\":\"Person\",\"@id\":\"https:\\\/\\\/veredes.es\\\/blog\\\/#\\\/schema\\\/person\\\/0bbb669073ef7faba5168a0844e93d2c\",\"name\":\"veredes\",\"image\":{\"@type\":\"ImageObject\",\"inLanguage\":\"es\",\"@id\":\"https:\\\/\\\/veredes.es\\\/blog\\\/wp-content\\\/uploads\\\/2018\\\/04\\\/face-96x96.jpg\",\"url\":\"https:\\\/\\\/veredes.es\\\/blog\\\/wp-content\\\/uploads\\\/2018\\\/04\\\/face-96x96.jpg\",\"contentUrl\":\"https:\\\/\\\/veredes.es\\\/blog\\\/wp-content\\\/uploads\\\/2018\\\/04\\\/face-96x96.jpg\",\"caption\":\"veredes\"},\"description\":\"Surge enero de 2009 como b\u00fasqueda de satisfacer el conocimiento de la actividad arquitect\u00f3nica y tangentes que se generan. La idea es crear un espacio para divulgar los diversos proyectos en busca de nueva inspiraci\u00f3n y de intercambio.\",\"sameAs\":[\"https:\\\/\\\/veredes.es\\\/\",\"https:\\\/\\\/www.facebook.com\\\/veredesArquitecturayDivulgacion\\\/\",\"https:\\\/\\\/www.instagram.com\\\/veredes\\\/\",\"https:\\\/\\\/www.linkedin.com\\\/company\\\/veredes-arquitectura-y-divulgacion\\\/\",\"https:\\\/\\\/www.pinterest.es\\\/veredes\\\/\",\"https:\\\/\\\/x.com\\\/https:\\\/\\\/twitter.com\\\/veredes\",\"https:\\\/\\\/veredes.tumblr.com\\\/\"],\"url\":\"https:\\\/\\\/veredes.es\\\/blog\\\/author\\\/alberto\\\/\"}]}<\/script>\n<!-- \/ Yoast SEO plugin. -->","yoast_head_json":{"title":"Seminario internacional sobre \u201cLa luz como cuarta dimensi\u00f3n de la arquitectura\u201d - veredes","description":"Toda la informaci\u00f3n sobre: Seminario internacional sobre \u201cLa luz como cuarta dimensi\u00f3n de la arquitectura\u201d","robots":{"index":"index","follow":"follow","max-snippet":"max-snippet:-1","max-image-preview":"max-image-preview:large","max-video-preview":"max-video-preview:-1"},"canonical":"https:\/\/veredes.es\/blog\/seminario-internacional-sobre-la-luz-como-cuarta-dimension-de-la-arquitectura\/","og_locale":"es_ES","og_type":"article","og_title":"Seminario internacional sobre \u201cLa luz como cuarta dimensi\u00f3n de la arquitectura\u201d - veredes","og_description":"Toda la informaci\u00f3n sobre: Seminario internacional sobre \u201cLa luz como cuarta dimensi\u00f3n de la arquitectura\u201d","og_url":"https:\/\/veredes.es\/blog\/seminario-internacional-sobre-la-luz-como-cuarta-dimension-de-la-arquitectura\/","og_site_name":"veredes, arquitectura y divulgaci\u00f3n","article_publisher":"https:\/\/www.facebook.com\/veredesArquitecturayDivulgacion\/","article_author":"https:\/\/www.facebook.com\/veredesArquitecturayDivulgacion\/","article_published_time":"2010-02-02T09:54:58+00:00","article_modified_time":"2019-11-05T17:18:35+00:00","og_image":[{"width":91,"height":32,"url":"https:\/\/veredes.es\/blog\/wp-content\/uploads\/2010\/02\/erco1.jpg","type":"image\/jpeg"}],"author":"veredes","twitter_card":"summary_large_image","twitter_creator":"@https:\/\/twitter.com\/veredes","twitter_site":"@veredes","twitter_misc":{"Escrito por":"veredes","Tiempo de lectura":"4 minutos"},"schema":{"@context":"https:\/\/schema.org","@graph":[{"@type":"Article","@id":"https:\/\/veredes.es\/blog\/seminario-internacional-sobre-la-luz-como-cuarta-dimension-de-la-arquitectura\/#article","isPartOf":{"@id":"https:\/\/veredes.es\/blog\/seminario-internacional-sobre-la-luz-como-cuarta-dimension-de-la-arquitectura\/"},"author":{"name":"veredes","@id":"https:\/\/veredes.es\/blog\/#\/schema\/person\/0bbb669073ef7faba5168a0844e93d2c"},"headline":"Seminario internacional sobre \u201cLa luz como cuarta dimensi\u00f3n de la arquitectura\u201d","datePublished":"2010-02-02T09:54:58+00:00","dateModified":"2019-11-05T17:18:35+00:00","mainEntityOfPage":{"@id":"https:\/\/veredes.es\/blog\/seminario-internacional-sobre-la-luz-como-cuarta-dimension-de-la-arquitectura\/"},"wordCount":789,"commentCount":35,"publisher":{"@id":"https:\/\/veredes.es\/blog\/#organization"},"image":{"@id":"https:\/\/veredes.es\/blog\/seminario-internacional-sobre-la-luz-como-cuarta-dimension-de-la-arquitectura\/#primaryimage"},"thumbnailUrl":"https:\/\/veredes.es\/blog\/wp-content\/uploads\/2010\/02\/erco1.jpg","keywords":["curso","taller"],"articleSection":["cursos-talleres","eventos"],"inLanguage":"es","potentialAction":[{"@type":"CommentAction","name":"Comment","target":["https:\/\/veredes.es\/blog\/seminario-internacional-sobre-la-luz-como-cuarta-dimension-de-la-arquitectura\/#respond"]}]},{"@type":"WebPage","@id":"https:\/\/veredes.es\/blog\/seminario-internacional-sobre-la-luz-como-cuarta-dimension-de-la-arquitectura\/","url":"https:\/\/veredes.es\/blog\/seminario-internacional-sobre-la-luz-como-cuarta-dimension-de-la-arquitectura\/","name":"Seminario internacional sobre \u201cLa luz como cuarta dimensi\u00f3n de la arquitectura\u201d - veredes","isPartOf":{"@id":"https:\/\/veredes.es\/blog\/#website"},"primaryImageOfPage":{"@id":"https:\/\/veredes.es\/blog\/seminario-internacional-sobre-la-luz-como-cuarta-dimension-de-la-arquitectura\/#primaryimage"},"image":{"@id":"https:\/\/veredes.es\/blog\/seminario-internacional-sobre-la-luz-como-cuarta-dimension-de-la-arquitectura\/#primaryimage"},"thumbnailUrl":"https:\/\/veredes.es\/blog\/wp-content\/uploads\/2010\/02\/erco1.jpg","datePublished":"2010-02-02T09:54:58+00:00","dateModified":"2019-11-05T17:18:35+00:00","description":"Toda la informaci\u00f3n sobre: Seminario internacional sobre \u201cLa luz como cuarta dimensi\u00f3n de la arquitectura\u201d","breadcrumb":{"@id":"https:\/\/veredes.es\/blog\/seminario-internacional-sobre-la-luz-como-cuarta-dimension-de-la-arquitectura\/#breadcrumb"},"inLanguage":"es","potentialAction":[{"@type":"ReadAction","target":["https:\/\/veredes.es\/blog\/seminario-internacional-sobre-la-luz-como-cuarta-dimension-de-la-arquitectura\/"]}]},{"@type":"ImageObject","inLanguage":"es","@id":"https:\/\/veredes.es\/blog\/seminario-internacional-sobre-la-luz-como-cuarta-dimension-de-la-arquitectura\/#primaryimage","url":"https:\/\/veredes.es\/blog\/wp-content\/uploads\/2010\/02\/erco1.jpg","contentUrl":"https:\/\/veredes.es\/blog\/wp-content\/uploads\/2010\/02\/erco1.jpg","width":"91","height":"32"},{"@type":"BreadcrumbList","@id":"https:\/\/veredes.es\/blog\/seminario-internacional-sobre-la-luz-como-cuarta-dimension-de-la-arquitectura\/#breadcrumb","itemListElement":[{"@type":"ListItem","position":1,"name":"Portada","item":"https:\/\/veredes.es\/blog\/"},{"@type":"ListItem","position":2,"name":"Seminario internacional sobre \u201cLa luz como cuarta dimensi\u00f3n de la arquitectura\u201d"}]},{"@type":"WebSite","@id":"https:\/\/veredes.es\/blog\/#website","url":"https:\/\/veredes.es\/blog\/","name":"veredes, arquitectura y divulgaci\u00f3n","description":"veredes","publisher":{"@id":"https:\/\/veredes.es\/blog\/#organization"},"alternateName":"veredes","potentialAction":[{"@type":"SearchAction","target":{"@type":"EntryPoint","urlTemplate":"https:\/\/veredes.es\/blog\/?s={search_term_string}"},"query-input":{"@type":"PropertyValueSpecification","valueRequired":true,"valueName":"search_term_string"}}],"inLanguage":"es"},{"@type":"Organization","@id":"https:\/\/veredes.es\/blog\/#organization","name":"veredes, arquitectura y divulgaci\u00f3n","alternateName":"veredes","url":"https:\/\/veredes.es\/blog\/","logo":{"@type":"ImageObject","inLanguage":"es","@id":"https:\/\/veredes.es\/blog\/#\/schema\/logo\/image\/","url":"https:\/\/veredes.es\/blog\/wp-content\/uploads\/2021\/12\/veredes-logo-centrado_140x54.png","contentUrl":"https:\/\/veredes.es\/blog\/wp-content\/uploads\/2021\/12\/veredes-logo-centrado_140x54.png","width":140,"height":54,"caption":"veredes, arquitectura y divulgaci\u00f3n"},"image":{"@id":"https:\/\/veredes.es\/blog\/#\/schema\/logo\/image\/"},"sameAs":["https:\/\/www.facebook.com\/veredesArquitecturayDivulgacion\/","https:\/\/x.com\/veredes","https:\/\/instagram.com\/veredes\/","https:\/\/www.linkedin.com\/company\/veredes-arquitectura-y-divulgacion\/","https:\/\/es.pinterest.com\/veredes\/","https:\/\/www.tumblr.com\/veredes"]},{"@type":"Person","@id":"https:\/\/veredes.es\/blog\/#\/schema\/person\/0bbb669073ef7faba5168a0844e93d2c","name":"veredes","image":{"@type":"ImageObject","inLanguage":"es","@id":"https:\/\/veredes.es\/blog\/wp-content\/uploads\/2018\/04\/face-96x96.jpg","url":"https:\/\/veredes.es\/blog\/wp-content\/uploads\/2018\/04\/face-96x96.jpg","contentUrl":"https:\/\/veredes.es\/blog\/wp-content\/uploads\/2018\/04\/face-96x96.jpg","caption":"veredes"},"description":"Surge enero de 2009 como b\u00fasqueda de satisfacer el conocimiento de la actividad arquitect\u00f3nica y tangentes que se generan. La idea es crear un espacio para divulgar los diversos proyectos en busca de nueva inspiraci\u00f3n y de intercambio.","sameAs":["https:\/\/veredes.es\/","https:\/\/www.facebook.com\/veredesArquitecturayDivulgacion\/","https:\/\/www.instagram.com\/veredes\/","https:\/\/www.linkedin.com\/company\/veredes-arquitectura-y-divulgacion\/","https:\/\/www.pinterest.es\/veredes\/","https:\/\/x.com\/https:\/\/twitter.com\/veredes","https:\/\/veredes.tumblr.com\/"],"url":"https:\/\/veredes.es\/blog\/author\/alberto\/"}]}},"_links":{"self":[{"href":"https:\/\/veredes.es\/blog\/wp-json\/wp\/v2\/posts\/2087","targetHints":{"allow":["GET"]}}],"collection":[{"href":"https:\/\/veredes.es\/blog\/wp-json\/wp\/v2\/posts"}],"about":[{"href":"https:\/\/veredes.es\/blog\/wp-json\/wp\/v2\/types\/post"}],"author":[{"embeddable":true,"href":"https:\/\/veredes.es\/blog\/wp-json\/wp\/v2\/users\/2"}],"replies":[{"embeddable":true,"href":"https:\/\/veredes.es\/blog\/wp-json\/wp\/v2\/comments?post=2087"}],"version-history":[{"count":0,"href":"https:\/\/veredes.es\/blog\/wp-json\/wp\/v2\/posts\/2087\/revisions"}],"wp:featuredmedia":[{"embeddable":true,"href":"https:\/\/veredes.es\/blog\/wp-json\/wp\/v2\/media\/2088"}],"wp:attachment":[{"href":"https:\/\/veredes.es\/blog\/wp-json\/wp\/v2\/media?parent=2087"}],"wp:term":[{"taxonomy":"category","embeddable":true,"href":"https:\/\/veredes.es\/blog\/wp-json\/wp\/v2\/categories?post=2087"},{"taxonomy":"post_tag","embeddable":true,"href":"https:\/\/veredes.es\/blog\/wp-json\/wp\/v2\/tags?post=2087"}],"curies":[{"name":"wp","href":"https:\/\/api.w.org\/{rel}","templated":true}]}}