{"id":20577,"date":"2012-03-13T07:48:57","date_gmt":"2012-03-13T07:48:57","guid":{"rendered":"http:\/\/veredes.es\/blog\/?p=20577"},"modified":"2022-01-27T13:03:50","modified_gmt":"2022-01-27T12:03:50","slug":"lo-que-aprendi-del-profesor-luis-moreno-mansilla","status":"publish","type":"post","link":"https:\/\/veredes.es\/blog\/lo-que-aprendi-del-profesor-luis-moreno-mansilla\/","title":{"rendered":"Lo que aprend\u00ed del profesor Luis Moreno Mansilla"},"content":{"rendered":"<p><\/p>\n<p style=\"text-align: justify;\">Publicamos la siguiente iniciativa, convocada por alumnos del profesor Luis M. Mansilla. La participaci\u00f3n es estrictamente an\u00f3nima, y su publicaci\u00f3n sin fines de lucro, canalizada desde el Departamento de Proyectos de la ETSAM.<\/p>\n<p style=\"text-align: justify;\"><a href=\"http:\/\/veredes.es\/blog\/wp-content\/uploads\/2012\/03\/120326_loqueaprendidemansilla.jpg\"><img loading=\"lazy\" decoding=\"async\" class=\"alignnone  wp-image-20578\" title=\"120326_loqueaprendidemansilla\" src=\"http:\/\/veredes.es\/blog\/wp-content\/uploads\/2012\/03\/120326_loqueaprendidemansilla.jpg\" alt=\"\" width=\"620\" height=\"877\" \/><\/a><\/p>\n<p style=\"text-align: justify;\">\u00abSe trata de convocar a todos los que hemos sido alumnos del Profesor Mansilla, invitando a participar con un breve texto que relate esa ense\u00f1anza personal que todos atesoramos y que \u00e9l hizo surgir de la &#8216;conversaci\u00f3n&#8217;, como le gustaba llamar a la funci\u00f3n docente. La recolipaci\u00f3n -esperemos amplia- ser\u00e1 rigurosamente an\u00f3nima, sin \u00e1nimo de lucro, de alumnos para alumnos, entendiendo que el objetivo \u00faltimo es transmitir el valioso legado que se nos ha dado, y procurando que llegue lo m\u00e1s lejos posible.\u00bb<\/p>\n<p style=\"text-align: justify;\"><a href=\"https:\/\/www.dpaetsam.com\/?q=node\/1219\" target=\"_blank\" rel=\"noopener\"><span style=\"color: #888888;\">+ info<\/span><\/a><\/p>\n<p><\/p>","protected":false},"excerpt":{"rendered":"<p>Publicamos la siguiente iniciativa, convocada por alumnos del profesor Luis M. Mansilla. La participaci\u00f3n es estrictamente an\u00f3nima, y su publicaci\u00f3n sin fines de lucro, canalizada desde el Departamento de Proyectos de la ETSAM. \u00abSe trata de convocar a todos los que hemos sido alumnos del Profesor Mansilla, invitando a participar con un breve texto que [&hellip;]<\/p>\n","protected":false},"author":2,"featured_media":20578,"comment_status":"open","ping_status":"closed","sticky":false,"template":"","format":"standard","meta":{"footnotes":""},"categories":[43,16],"tags":[377,521,535,542,3789,814],"class_list":{"0":"post-20577","1":"post","2":"type-post","3":"status-publish","4":"format-standard","5":"has-post-thumbnail","7":"category-cursos-talleres","8":"category-eventos","10":"tag-espana","11":"tag-estudiante","12":"tag-etsam","13":"tag-luis-moreno-mansilla","14":"tag-madrid"},"yoast_head":"<!-- This site is optimized with the Yoast SEO plugin v27.5 - https:\/\/yoast.com\/product\/yoast-seo-wordpress\/ -->\n<title>Lo que aprend\u00ed del profesor Luis Moreno MansillaLo que aprend\u00ed del profesor Luis Moreno MansillaLo que aprend\u00ed del profesor Luis Moreno Mansilla - veredes<\/title>\n<meta name=\"description\" content=\"Toda la informaci\u00f3n sobre: Lo que aprend\u00ed del profesor Luis Moreno MansillaLo que aprend\u00ed del profesor Luis Moreno MansillaLo que aprend\u00ed del profesor Luis Moreno Mansilla\" \/>\n<meta name=\"robots\" content=\"index, follow, max-snippet:-1, max-image-preview:large, max-video-preview:-1\" \/>\n<link rel=\"canonical\" href=\"https:\/\/veredes.es\/blog\/lo-que-aprendi-del-profesor-luis-moreno-mansilla\/\" \/>\n<meta property=\"og:locale\" content=\"es_ES\" \/>\n<meta property=\"og:type\" content=\"article\" \/>\n<meta property=\"og:title\" content=\"Lo que aprend\u00ed del profesor Luis Moreno MansillaLo que aprend\u00ed del profesor Luis Moreno MansillaLo que aprend\u00ed del profesor Luis Moreno Mansilla - veredes\" \/>\n<meta property=\"og:description\" content=\"Toda la informaci\u00f3n sobre: Lo que aprend\u00ed del profesor Luis Moreno MansillaLo que aprend\u00ed del profesor Luis Moreno MansillaLo que aprend\u00ed del profesor Luis Moreno Mansilla\" \/>\n<meta property=\"og:url\" content=\"https:\/\/veredes.es\/blog\/lo-que-aprendi-del-profesor-luis-moreno-mansilla\/\" \/>\n<meta property=\"og:site_name\" content=\"veredes, arquitectura y divulgaci\u00f3n\" \/>\n<meta property=\"article:publisher\" content=\"https:\/\/www.facebook.com\/veredesArquitecturayDivulgacion\/\" \/>\n<meta property=\"article:author\" content=\"https:\/\/www.facebook.com\/veredesArquitecturayDivulgacion\/\" \/>\n<meta property=\"article:published_time\" content=\"2012-03-13T07:48:57+00:00\" \/>\n<meta property=\"article:modified_time\" content=\"2022-01-27T12:03:50+00:00\" \/>\n<meta property=\"og:image\" content=\"https:\/\/veredes.es\/blog\/wp-content\/uploads\/2012\/03\/120326_loqueaprendidemansilla.jpg\" \/>\n\t<meta property=\"og:image:width\" content=\"353\" \/>\n\t<meta property=\"og:image:height\" content=\"500\" \/>\n\t<meta property=\"og:image:type\" content=\"image\/jpeg\" \/>\n<meta name=\"author\" content=\"veredes\" \/>\n<meta name=\"twitter:card\" content=\"summary_large_image\" \/>\n<meta name=\"twitter:creator\" content=\"@https:\/\/twitter.com\/veredes\" \/>\n<meta name=\"twitter:site\" content=\"@veredes\" \/>\n<meta name=\"twitter:label1\" content=\"Escrito por\" \/>\n\t<meta name=\"twitter:data1\" content=\"veredes\" \/>\n\t<meta name=\"twitter:label2\" content=\"Tiempo de lectura\" \/>\n\t<meta name=\"twitter:data2\" content=\"2 minutos\" \/>\n<script type=\"application\/ld+json\" class=\"yoast-schema-graph\">{\"@context\":\"https:\\\/\\\/schema.org\",\"@graph\":[{\"@type\":\"Article\",\"@id\":\"https:\\\/\\\/veredes.es\\\/blog\\\/lo-que-aprendi-del-profesor-luis-moreno-mansilla\\\/#article\",\"isPartOf\":{\"@id\":\"https:\\\/\\\/veredes.es\\\/blog\\\/lo-que-aprendi-del-profesor-luis-moreno-mansilla\\\/\"},\"author\":{\"name\":\"veredes\",\"@id\":\"https:\\\/\\\/veredes.es\\\/blog\\\/#\\\/schema\\\/person\\\/0bbb669073ef7faba5168a0844e93d2c\"},\"headline\":\"Lo que aprend\u00ed del profesor Luis Moreno Mansilla\",\"datePublished\":\"2012-03-13T07:48:57+00:00\",\"dateModified\":\"2022-01-27T12:03:50+00:00\",\"mainEntityOfPage\":{\"@id\":\"https:\\\/\\\/veredes.es\\\/blog\\\/lo-que-aprendi-del-profesor-luis-moreno-mansilla\\\/\"},\"wordCount\":396,\"commentCount\":1,\"publisher\":{\"@id\":\"https:\\\/\\\/veredes.es\\\/blog\\\/#organization\"},\"image\":{\"@id\":\"https:\\\/\\\/veredes.es\\\/blog\\\/lo-que-aprendi-del-profesor-luis-moreno-mansilla\\\/#primaryimage\"},\"thumbnailUrl\":\"https:\\\/\\\/veredes.es\\\/blog\\\/wp-content\\\/uploads\\\/2012\\\/03\\\/120326_loqueaprendidemansilla.jpg\",\"keywords\":[\"convocatoria\",\"Espa\u00f1a\",\"estudiante\",\"ETSAM\",\"Luis Moreno Mansilla\",\"Madrid\"],\"articleSection\":[\"cursos-talleres\",\"eventos\"],\"inLanguage\":\"es\",\"potentialAction\":[{\"@type\":\"CommentAction\",\"name\":\"Comment\",\"target\":[\"https:\\\/\\\/veredes.es\\\/blog\\\/lo-que-aprendi-del-profesor-luis-moreno-mansilla\\\/#respond\"]}]},{\"@type\":\"WebPage\",\"@id\":\"https:\\\/\\\/veredes.es\\\/blog\\\/lo-que-aprendi-del-profesor-luis-moreno-mansilla\\\/\",\"url\":\"https:\\\/\\\/veredes.es\\\/blog\\\/lo-que-aprendi-del-profesor-luis-moreno-mansilla\\\/\",\"name\":\"Lo que aprend\u00ed del profesor Luis Moreno MansillaLo que aprend\u00ed del profesor Luis Moreno MansillaLo que aprend\u00ed del profesor Luis Moreno Mansilla - veredes\",\"isPartOf\":{\"@id\":\"https:\\\/\\\/veredes.es\\\/blog\\\/#website\"},\"primaryImageOfPage\":{\"@id\":\"https:\\\/\\\/veredes.es\\\/blog\\\/lo-que-aprendi-del-profesor-luis-moreno-mansilla\\\/#primaryimage\"},\"image\":{\"@id\":\"https:\\\/\\\/veredes.es\\\/blog\\\/lo-que-aprendi-del-profesor-luis-moreno-mansilla\\\/#primaryimage\"},\"thumbnailUrl\":\"https:\\\/\\\/veredes.es\\\/blog\\\/wp-content\\\/uploads\\\/2012\\\/03\\\/120326_loqueaprendidemansilla.jpg\",\"datePublished\":\"2012-03-13T07:48:57+00:00\",\"dateModified\":\"2022-01-27T12:03:50+00:00\",\"description\":\"Toda la informaci\u00f3n sobre: Lo que aprend\u00ed del profesor Luis Moreno MansillaLo que aprend\u00ed del profesor Luis Moreno MansillaLo que aprend\u00ed del profesor Luis Moreno Mansilla\",\"breadcrumb\":{\"@id\":\"https:\\\/\\\/veredes.es\\\/blog\\\/lo-que-aprendi-del-profesor-luis-moreno-mansilla\\\/#breadcrumb\"},\"inLanguage\":\"es\",\"potentialAction\":[{\"@type\":\"ReadAction\",\"target\":[\"https:\\\/\\\/veredes.es\\\/blog\\\/lo-que-aprendi-del-profesor-luis-moreno-mansilla\\\/\"]}]},{\"@type\":\"ImageObject\",\"inLanguage\":\"es\",\"@id\":\"https:\\\/\\\/veredes.es\\\/blog\\\/lo-que-aprendi-del-profesor-luis-moreno-mansilla\\\/#primaryimage\",\"url\":\"https:\\\/\\\/veredes.es\\\/blog\\\/wp-content\\\/uploads\\\/2012\\\/03\\\/120326_loqueaprendidemansilla.jpg\",\"contentUrl\":\"https:\\\/\\\/veredes.es\\\/blog\\\/wp-content\\\/uploads\\\/2012\\\/03\\\/120326_loqueaprendidemansilla.jpg\",\"width\":\"353\",\"height\":\"500\"},{\"@type\":\"BreadcrumbList\",\"@id\":\"https:\\\/\\\/veredes.es\\\/blog\\\/lo-que-aprendi-del-profesor-luis-moreno-mansilla\\\/#breadcrumb\",\"itemListElement\":[{\"@type\":\"ListItem\",\"position\":1,\"name\":\"Portada\",\"item\":\"https:\\\/\\\/veredes.es\\\/blog\\\/\"},{\"@type\":\"ListItem\",\"position\":2,\"name\":\"Lo que aprend\u00ed del profesor Luis Moreno MansillaLo que aprend\u00ed del profesor Luis Moreno MansillaLo que aprend\u00ed del profesor Luis Moreno Mansilla\"}]},{\"@type\":\"WebSite\",\"@id\":\"https:\\\/\\\/veredes.es\\\/blog\\\/#website\",\"url\":\"https:\\\/\\\/veredes.es\\\/blog\\\/\",\"name\":\"veredes, arquitectura y divulgaci\u00f3n\",\"description\":\"veredes\",\"publisher\":{\"@id\":\"https:\\\/\\\/veredes.es\\\/blog\\\/#organization\"},\"alternateName\":\"veredes\",\"potentialAction\":[{\"@type\":\"SearchAction\",\"target\":{\"@type\":\"EntryPoint\",\"urlTemplate\":\"https:\\\/\\\/veredes.es\\\/blog\\\/?s={search_term_string}\"},\"query-input\":{\"@type\":\"PropertyValueSpecification\",\"valueRequired\":true,\"valueName\":\"search_term_string\"}}],\"inLanguage\":\"es\"},{\"@type\":\"Organization\",\"@id\":\"https:\\\/\\\/veredes.es\\\/blog\\\/#organization\",\"name\":\"veredes, arquitectura y divulgaci\u00f3n\",\"alternateName\":\"veredes\",\"url\":\"https:\\\/\\\/veredes.es\\\/blog\\\/\",\"logo\":{\"@type\":\"ImageObject\",\"inLanguage\":\"es\",\"@id\":\"https:\\\/\\\/veredes.es\\\/blog\\\/#\\\/schema\\\/logo\\\/image\\\/\",\"url\":\"https:\\\/\\\/veredes.es\\\/blog\\\/wp-content\\\/uploads\\\/2021\\\/12\\\/veredes-logo-centrado_140x54.png\",\"contentUrl\":\"https:\\\/\\\/veredes.es\\\/blog\\\/wp-content\\\/uploads\\\/2021\\\/12\\\/veredes-logo-centrado_140x54.png\",\"width\":140,\"height\":54,\"caption\":\"veredes, arquitectura y divulgaci\u00f3n\"},\"image\":{\"@id\":\"https:\\\/\\\/veredes.es\\\/blog\\\/#\\\/schema\\\/logo\\\/image\\\/\"},\"sameAs\":[\"https:\\\/\\\/www.facebook.com\\\/veredesArquitecturayDivulgacion\\\/\",\"https:\\\/\\\/x.com\\\/veredes\",\"https:\\\/\\\/instagram.com\\\/veredes\\\/\",\"https:\\\/\\\/www.linkedin.com\\\/company\\\/veredes-arquitectura-y-divulgacion\\\/\",\"https:\\\/\\\/es.pinterest.com\\\/veredes\\\/\",\"https:\\\/\\\/www.tumblr.com\\\/veredes\"]},{\"@type\":\"Person\",\"@id\":\"https:\\\/\\\/veredes.es\\\/blog\\\/#\\\/schema\\\/person\\\/0bbb669073ef7faba5168a0844e93d2c\",\"name\":\"veredes\",\"image\":{\"@type\":\"ImageObject\",\"inLanguage\":\"es\",\"@id\":\"https:\\\/\\\/veredes.es\\\/blog\\\/wp-content\\\/uploads\\\/2018\\\/04\\\/face-96x96.jpg\",\"url\":\"https:\\\/\\\/veredes.es\\\/blog\\\/wp-content\\\/uploads\\\/2018\\\/04\\\/face-96x96.jpg\",\"contentUrl\":\"https:\\\/\\\/veredes.es\\\/blog\\\/wp-content\\\/uploads\\\/2018\\\/04\\\/face-96x96.jpg\",\"caption\":\"veredes\"},\"description\":\"Surge enero de 2009 como b\u00fasqueda de satisfacer el conocimiento de la actividad arquitect\u00f3nica y tangentes que se generan. La idea es crear un espacio para divulgar los diversos proyectos en busca de nueva inspiraci\u00f3n y de intercambio.\",\"sameAs\":[\"https:\\\/\\\/veredes.es\\\/\",\"https:\\\/\\\/www.facebook.com\\\/veredesArquitecturayDivulgacion\\\/\",\"https:\\\/\\\/www.instagram.com\\\/veredes\\\/\",\"https:\\\/\\\/www.linkedin.com\\\/company\\\/veredes-arquitectura-y-divulgacion\\\/\",\"https:\\\/\\\/www.pinterest.es\\\/veredes\\\/\",\"https:\\\/\\\/x.com\\\/https:\\\/\\\/twitter.com\\\/veredes\",\"https:\\\/\\\/veredes.tumblr.com\\\/\"],\"url\":\"https:\\\/\\\/veredes.es\\\/blog\\\/author\\\/alberto\\\/\"}]}<\/script>\n<!-- \/ Yoast SEO plugin. -->","yoast_head_json":{"title":"Lo que aprend\u00ed del profesor Luis Moreno MansillaLo que aprend\u00ed del profesor Luis Moreno MansillaLo que aprend\u00ed del profesor Luis Moreno Mansilla - veredes","description":"Toda la informaci\u00f3n sobre: Lo que aprend\u00ed del profesor Luis Moreno MansillaLo que aprend\u00ed del profesor Luis Moreno MansillaLo que aprend\u00ed del profesor Luis Moreno Mansilla","robots":{"index":"index","follow":"follow","max-snippet":"max-snippet:-1","max-image-preview":"max-image-preview:large","max-video-preview":"max-video-preview:-1"},"canonical":"https:\/\/veredes.es\/blog\/lo-que-aprendi-del-profesor-luis-moreno-mansilla\/","og_locale":"es_ES","og_type":"article","og_title":"Lo que aprend\u00ed del profesor Luis Moreno MansillaLo que aprend\u00ed del profesor Luis Moreno MansillaLo que aprend\u00ed del profesor Luis Moreno Mansilla - veredes","og_description":"Toda la informaci\u00f3n sobre: Lo que aprend\u00ed del profesor Luis Moreno MansillaLo que aprend\u00ed del profesor Luis Moreno MansillaLo que aprend\u00ed del profesor Luis Moreno Mansilla","og_url":"https:\/\/veredes.es\/blog\/lo-que-aprendi-del-profesor-luis-moreno-mansilla\/","og_site_name":"veredes, arquitectura y divulgaci\u00f3n","article_publisher":"https:\/\/www.facebook.com\/veredesArquitecturayDivulgacion\/","article_author":"https:\/\/www.facebook.com\/veredesArquitecturayDivulgacion\/","article_published_time":"2012-03-13T07:48:57+00:00","article_modified_time":"2022-01-27T12:03:50+00:00","og_image":[{"width":353,"height":500,"url":"https:\/\/veredes.es\/blog\/wp-content\/uploads\/2012\/03\/120326_loqueaprendidemansilla.jpg","type":"image\/jpeg"}],"author":"veredes","twitter_card":"summary_large_image","twitter_creator":"@https:\/\/twitter.com\/veredes","twitter_site":"@veredes","twitter_misc":{"Escrito por":"veredes","Tiempo de lectura":"2 minutos"},"schema":{"@context":"https:\/\/schema.org","@graph":[{"@type":"Article","@id":"https:\/\/veredes.es\/blog\/lo-que-aprendi-del-profesor-luis-moreno-mansilla\/#article","isPartOf":{"@id":"https:\/\/veredes.es\/blog\/lo-que-aprendi-del-profesor-luis-moreno-mansilla\/"},"author":{"name":"veredes","@id":"https:\/\/veredes.es\/blog\/#\/schema\/person\/0bbb669073ef7faba5168a0844e93d2c"},"headline":"Lo que aprend\u00ed del profesor Luis Moreno Mansilla","datePublished":"2012-03-13T07:48:57+00:00","dateModified":"2022-01-27T12:03:50+00:00","mainEntityOfPage":{"@id":"https:\/\/veredes.es\/blog\/lo-que-aprendi-del-profesor-luis-moreno-mansilla\/"},"wordCount":396,"commentCount":1,"publisher":{"@id":"https:\/\/veredes.es\/blog\/#organization"},"image":{"@id":"https:\/\/veredes.es\/blog\/lo-que-aprendi-del-profesor-luis-moreno-mansilla\/#primaryimage"},"thumbnailUrl":"https:\/\/veredes.es\/blog\/wp-content\/uploads\/2012\/03\/120326_loqueaprendidemansilla.jpg","keywords":["convocatoria","Espa\u00f1a","estudiante","ETSAM","Luis Moreno Mansilla","Madrid"],"articleSection":["cursos-talleres","eventos"],"inLanguage":"es","potentialAction":[{"@type":"CommentAction","name":"Comment","target":["https:\/\/veredes.es\/blog\/lo-que-aprendi-del-profesor-luis-moreno-mansilla\/#respond"]}]},{"@type":"WebPage","@id":"https:\/\/veredes.es\/blog\/lo-que-aprendi-del-profesor-luis-moreno-mansilla\/","url":"https:\/\/veredes.es\/blog\/lo-que-aprendi-del-profesor-luis-moreno-mansilla\/","name":"Lo que aprend\u00ed del profesor Luis Moreno MansillaLo que aprend\u00ed del profesor Luis Moreno MansillaLo que aprend\u00ed del profesor Luis Moreno Mansilla - veredes","isPartOf":{"@id":"https:\/\/veredes.es\/blog\/#website"},"primaryImageOfPage":{"@id":"https:\/\/veredes.es\/blog\/lo-que-aprendi-del-profesor-luis-moreno-mansilla\/#primaryimage"},"image":{"@id":"https:\/\/veredes.es\/blog\/lo-que-aprendi-del-profesor-luis-moreno-mansilla\/#primaryimage"},"thumbnailUrl":"https:\/\/veredes.es\/blog\/wp-content\/uploads\/2012\/03\/120326_loqueaprendidemansilla.jpg","datePublished":"2012-03-13T07:48:57+00:00","dateModified":"2022-01-27T12:03:50+00:00","description":"Toda la informaci\u00f3n sobre: Lo que aprend\u00ed del profesor Luis Moreno MansillaLo que aprend\u00ed del profesor Luis Moreno MansillaLo que aprend\u00ed del profesor Luis Moreno Mansilla","breadcrumb":{"@id":"https:\/\/veredes.es\/blog\/lo-que-aprendi-del-profesor-luis-moreno-mansilla\/#breadcrumb"},"inLanguage":"es","potentialAction":[{"@type":"ReadAction","target":["https:\/\/veredes.es\/blog\/lo-que-aprendi-del-profesor-luis-moreno-mansilla\/"]}]},{"@type":"ImageObject","inLanguage":"es","@id":"https:\/\/veredes.es\/blog\/lo-que-aprendi-del-profesor-luis-moreno-mansilla\/#primaryimage","url":"https:\/\/veredes.es\/blog\/wp-content\/uploads\/2012\/03\/120326_loqueaprendidemansilla.jpg","contentUrl":"https:\/\/veredes.es\/blog\/wp-content\/uploads\/2012\/03\/120326_loqueaprendidemansilla.jpg","width":"353","height":"500"},{"@type":"BreadcrumbList","@id":"https:\/\/veredes.es\/blog\/lo-que-aprendi-del-profesor-luis-moreno-mansilla\/#breadcrumb","itemListElement":[{"@type":"ListItem","position":1,"name":"Portada","item":"https:\/\/veredes.es\/blog\/"},{"@type":"ListItem","position":2,"name":"Lo que aprend\u00ed del profesor Luis Moreno MansillaLo que aprend\u00ed del profesor Luis Moreno MansillaLo que aprend\u00ed del profesor Luis Moreno Mansilla"}]},{"@type":"WebSite","@id":"https:\/\/veredes.es\/blog\/#website","url":"https:\/\/veredes.es\/blog\/","name":"veredes, arquitectura y divulgaci\u00f3n","description":"veredes","publisher":{"@id":"https:\/\/veredes.es\/blog\/#organization"},"alternateName":"veredes","potentialAction":[{"@type":"SearchAction","target":{"@type":"EntryPoint","urlTemplate":"https:\/\/veredes.es\/blog\/?s={search_term_string}"},"query-input":{"@type":"PropertyValueSpecification","valueRequired":true,"valueName":"search_term_string"}}],"inLanguage":"es"},{"@type":"Organization","@id":"https:\/\/veredes.es\/blog\/#organization","name":"veredes, arquitectura y divulgaci\u00f3n","alternateName":"veredes","url":"https:\/\/veredes.es\/blog\/","logo":{"@type":"ImageObject","inLanguage":"es","@id":"https:\/\/veredes.es\/blog\/#\/schema\/logo\/image\/","url":"https:\/\/veredes.es\/blog\/wp-content\/uploads\/2021\/12\/veredes-logo-centrado_140x54.png","contentUrl":"https:\/\/veredes.es\/blog\/wp-content\/uploads\/2021\/12\/veredes-logo-centrado_140x54.png","width":140,"height":54,"caption":"veredes, arquitectura y divulgaci\u00f3n"},"image":{"@id":"https:\/\/veredes.es\/blog\/#\/schema\/logo\/image\/"},"sameAs":["https:\/\/www.facebook.com\/veredesArquitecturayDivulgacion\/","https:\/\/x.com\/veredes","https:\/\/instagram.com\/veredes\/","https:\/\/www.linkedin.com\/company\/veredes-arquitectura-y-divulgacion\/","https:\/\/es.pinterest.com\/veredes\/","https:\/\/www.tumblr.com\/veredes"]},{"@type":"Person","@id":"https:\/\/veredes.es\/blog\/#\/schema\/person\/0bbb669073ef7faba5168a0844e93d2c","name":"veredes","image":{"@type":"ImageObject","inLanguage":"es","@id":"https:\/\/veredes.es\/blog\/wp-content\/uploads\/2018\/04\/face-96x96.jpg","url":"https:\/\/veredes.es\/blog\/wp-content\/uploads\/2018\/04\/face-96x96.jpg","contentUrl":"https:\/\/veredes.es\/blog\/wp-content\/uploads\/2018\/04\/face-96x96.jpg","caption":"veredes"},"description":"Surge enero de 2009 como b\u00fasqueda de satisfacer el conocimiento de la actividad arquitect\u00f3nica y tangentes que se generan. La idea es crear un espacio para divulgar los diversos proyectos en busca de nueva inspiraci\u00f3n y de intercambio.","sameAs":["https:\/\/veredes.es\/","https:\/\/www.facebook.com\/veredesArquitecturayDivulgacion\/","https:\/\/www.instagram.com\/veredes\/","https:\/\/www.linkedin.com\/company\/veredes-arquitectura-y-divulgacion\/","https:\/\/www.pinterest.es\/veredes\/","https:\/\/x.com\/https:\/\/twitter.com\/veredes","https:\/\/veredes.tumblr.com\/"],"url":"https:\/\/veredes.es\/blog\/author\/alberto\/"}]}},"_links":{"self":[{"href":"https:\/\/veredes.es\/blog\/wp-json\/wp\/v2\/posts\/20577","targetHints":{"allow":["GET"]}}],"collection":[{"href":"https:\/\/veredes.es\/blog\/wp-json\/wp\/v2\/posts"}],"about":[{"href":"https:\/\/veredes.es\/blog\/wp-json\/wp\/v2\/types\/post"}],"author":[{"embeddable":true,"href":"https:\/\/veredes.es\/blog\/wp-json\/wp\/v2\/users\/2"}],"replies":[{"embeddable":true,"href":"https:\/\/veredes.es\/blog\/wp-json\/wp\/v2\/comments?post=20577"}],"version-history":[{"count":0,"href":"https:\/\/veredes.es\/blog\/wp-json\/wp\/v2\/posts\/20577\/revisions"}],"wp:featuredmedia":[{"embeddable":true,"href":"https:\/\/veredes.es\/blog\/wp-json\/wp\/v2\/media\/20578"}],"wp:attachment":[{"href":"https:\/\/veredes.es\/blog\/wp-json\/wp\/v2\/media?parent=20577"}],"wp:term":[{"taxonomy":"category","embeddable":true,"href":"https:\/\/veredes.es\/blog\/wp-json\/wp\/v2\/categories?post=20577"},{"taxonomy":"post_tag","embeddable":true,"href":"https:\/\/veredes.es\/blog\/wp-json\/wp\/v2\/tags?post=20577"}],"curies":[{"name":"wp","href":"https:\/\/api.w.org\/{rel}","templated":true}]}}