{"id":19791,"date":"2009-09-07T10:48:36","date_gmt":"2009-09-07T10:48:36","guid":{"rendered":"http:\/\/veredes.es\/blog\/?p=19791"},"modified":"2016-11-14T08:57:14","modified_gmt":"2016-11-14T07:57:14","slug":"la-crisis-del-modulor-desde-el-modulor-rafael-de-caceres-annuairemassilia","status":"publish","type":"post","link":"https:\/\/veredes.es\/blog\/la-crisis-del-modulor-desde-el-modulor-rafael-de-caceres-annuairemassilia\/","title":{"rendered":"La crisis del Modulor, desde el Modulor | Rafael de C\u00e1ceres"},"content":{"rendered":"<p><\/p>\n<p style=\"text-align: justify;\">Este escrito trata de un pasaje concreto de la historia de la arquitectura: el de la crisis del Modulor a causa de su incapacidad para generalizar la medida de 226 cm (el hombre con el brazo levantado) como altura m\u00ednima de las viviendas, y de c\u00f3mo podr\u00eda haberse superado esta crisis si Le Corbusier hubiese a\u00f1adido la serie \u221a5 en la definici\u00f3n del mismo. El tratar este tema, despu\u00e9s de casi sesenta a\u00f1os, puede parecer anacr\u00f3nico. Pero si retrocedemos en el tiempo comprobaremos que el Movimiento Moderno ha sido el \u00faltimo sistema te\u00f3rico completo. Su contestaci\u00f3n se ha basado m\u00e1s en alternativas formales que en la sustituci\u00f3n de sus principios.<\/p>\n<p style=\"text-align: justify;\">Con la liberaci\u00f3n formal, que hoy ha convertido al mismo Movimiento Moderno en una opci\u00f3n estil\u00edstica m\u00e1s, se ha ganado en libertad creadora pero tambi\u00e9n en orfandad te\u00f3rica. Con frecuencia, cada nueva publicaci\u00f3n de las novedades arquitect\u00f3nicas es un nuevo velo que oscurece el patrimonio de quienes pensaron que la arquitectura no era un ejercicio de arbitrariedad. Con este escrito pretendemos prestar un poco de atenci\u00f3n al legado de los que ayer apostaron por una arquitectura comprometida con las personas y en consonancia con el orden que nos rodea, sea \u00e9ste el de la naturaleza, el de la racionalidad de la m\u00e1quina o el de las necesidades sociales. Baste con apuntarlo.<\/p>\n<figure id=\"attachment_19792\" aria-describedby=\"caption-attachment-19792\" style=\"width: 620px\" class=\"wp-caption alignnone\"><a href=\"http:\/\/veredes.es\/blog\/wp-content\/uploads\/2012\/02\/El-Modulor-annuarimassilia-C\u00c1CERES-CRISIS-DEL-MODULOR.jpg\"><img loading=\"lazy\" decoding=\"async\" class=\" wp-image-19792\" title=\"El Modulor-annuarimassilia-C\u00c1CERES, CRISIS DEL MODULOR\" src=\"http:\/\/veredes.es\/blog\/wp-content\/uploads\/2012\/02\/El-Modulor-annuarimassilia-C\u00c1CERES-CRISIS-DEL-MODULOR.jpg\" alt=\"\" width=\"620\" height=\"653\" srcset=\"https:\/\/veredes.es\/blog\/wp-content\/uploads\/2012\/02\/El-Modulor-annuarimassilia-C\u00c1CERES-CRISIS-DEL-MODULOR.jpg 379w, https:\/\/veredes.es\/blog\/wp-content\/uploads\/2012\/02\/El-Modulor-annuarimassilia-C\u00c1CERES-CRISIS-DEL-MODULOR-284x300.jpg 284w\" sizes=\"auto, (max-width: 620px) 100vw, 620px\" \/><\/a><figcaption id=\"caption-attachment-19792\" class=\"wp-caption-text\"><span style=\"color: #888888;\">El Modulor | annuairemassilia.wordpress.com<\/span><\/figcaption><\/figure>\n<p style=\"text-align: justify;\">La primera parte de estas reflexiones la dedicaremos al Modulor, tratando de explicar el sentido que la medida ten\u00eda en el pensamiento te\u00f3rico de Le Corbusier, presentando la crisis que se desencaden\u00f3 por la negativa de las autoridades responsables de la pol\u00edtica de vivienda en diferentes pa\u00edses, al rechazar \u00e9stas la altura m\u00ednima definida en el Modulor. En la segunda parte intentaremos dar salida a esta crisis, finalizando con algunas consideraciones generales. Este escrito se complementa con un anexo en el que se justifican matem\u00e1tica y gr\u00e1ficamente algunos de los razonamientos expuestos.<\/p>\n<p style=\"text-align: justify;\">[&#8230;]<\/p>\n<p style=\"text-align: justify;\">Rafael de C\u00e1ceres<\/p>\n<p style=\"text-align: justify;\"><span style=\"color: #888888;\">+ art\u00edculo publicado en Annuaire Massilia<\/span><\/p>\n<p><\/p>","protected":false},"excerpt":{"rendered":"<p>Este escrito trata de un pasaje concreto de la historia de la arquitectura: el de la crisis del Modulor a causa de su incapacidad para generalizar la medida de 226 cm (el hombre con el brazo levantado) como altura m\u00ednima de las viviendas, y de c\u00f3mo podr\u00eda haberse superado esta crisis si Le Corbusier hubiese [&hellip;]<\/p>\n","protected":false},"author":2,"featured_media":19792,"comment_status":"open","ping_status":"closed","sticky":false,"template":"","format":"standard","meta":{"footnotes":""},"categories":[33,3,1387],"tags":[7089,6949,391,785,884,898,3613,1278],"class_list":{"0":"post-19791","1":"post","2":"type-post","3":"status-publish","4":"format-standard","5":"has-post-thumbnail","7":"category-arquitectos","8":"category-capturas","9":"category-ensayo","10":"tag-arquitectura-francesa","11":"tag-arquitectura-suiza","12":"tag-crisis","13":"tag-le-corbusier","14":"tag-modulor","15":"tag-movimiento-moderno","16":"tag-rafael-de-caceres","17":"tag-teoria"},"yoast_head":"<!-- This site is optimized with the Yoast SEO plugin v27.5 - https:\/\/yoast.com\/product\/yoast-seo-wordpress\/ -->\n<title>La crisis del Modulor, desde el Modulor | Rafael de C\u00e1ceresA crise do Modulor, dende o Modulor | Rafael de C\u00e1ceresThe crisis of the Modulor, from the Modulor | Rafael de C\u00e1ceres - veredes<\/title>\n<meta name=\"description\" content=\"Toda la informaci\u00f3n sobre: La crisis del Modulor, desde el Modulor | Rafael de C\u00e1ceresA crise do Modulor, dende o Modulor | Rafael de C\u00e1ceresThe crisis of the Modulor, from the Modulor | Rafael de C\u00e1ceres\" \/>\n<meta name=\"robots\" content=\"index, follow, max-snippet:-1, max-image-preview:large, max-video-preview:-1\" \/>\n<link rel=\"canonical\" href=\"https:\/\/veredes.es\/blog\/la-crisis-del-modulor-desde-el-modulor-rafael-de-caceres-annuairemassilia\/\" \/>\n<meta property=\"og:locale\" content=\"es_ES\" \/>\n<meta property=\"og:type\" content=\"article\" \/>\n<meta property=\"og:title\" content=\"La crisis del Modulor, desde el Modulor | Rafael de C\u00e1ceresA crise do Modulor, dende o Modulor | Rafael de C\u00e1ceresThe crisis of the Modulor, from the Modulor | Rafael de C\u00e1ceres - veredes\" \/>\n<meta property=\"og:description\" content=\"Toda la informaci\u00f3n sobre: La crisis del Modulor, desde el Modulor | Rafael de C\u00e1ceresA crise do Modulor, dende o Modulor | Rafael de C\u00e1ceresThe crisis of the Modulor, from the Modulor | Rafael de C\u00e1ceres\" \/>\n<meta property=\"og:url\" content=\"https:\/\/veredes.es\/blog\/la-crisis-del-modulor-desde-el-modulor-rafael-de-caceres-annuairemassilia\/\" \/>\n<meta property=\"og:site_name\" content=\"veredes, arquitectura y divulgaci\u00f3n\" \/>\n<meta property=\"article:publisher\" content=\"https:\/\/www.facebook.com\/veredesArquitecturayDivulgacion\/\" \/>\n<meta property=\"article:author\" content=\"https:\/\/www.facebook.com\/veredesArquitecturayDivulgacion\/\" \/>\n<meta property=\"article:published_time\" content=\"2009-09-07T10:48:36+00:00\" \/>\n<meta property=\"article:modified_time\" content=\"2016-11-14T07:57:14+00:00\" \/>\n<meta property=\"og:image\" content=\"https:\/\/veredes.es\/blog\/wp-content\/uploads\/2012\/02\/El-Modulor-annuarimassilia-C\u00c1CERES-CRISIS-DEL-MODULOR.jpg\" \/>\n\t<meta property=\"og:image:width\" content=\"379\" \/>\n\t<meta property=\"og:image:height\" content=\"400\" \/>\n\t<meta property=\"og:image:type\" content=\"image\/jpeg\" \/>\n<meta name=\"author\" content=\"veredes\" \/>\n<meta name=\"twitter:card\" content=\"summary_large_image\" \/>\n<meta name=\"twitter:creator\" content=\"@https:\/\/twitter.com\/veredes\" \/>\n<meta name=\"twitter:site\" content=\"@veredes\" \/>\n<meta name=\"twitter:label1\" content=\"Escrito por\" \/>\n\t<meta name=\"twitter:data1\" content=\"veredes\" \/>\n\t<meta name=\"twitter:label2\" content=\"Tiempo de lectura\" \/>\n\t<meta name=\"twitter:data2\" content=\"5 minutos\" \/>\n<script type=\"application\/ld+json\" class=\"yoast-schema-graph\">{\"@context\":\"https:\\\/\\\/schema.org\",\"@graph\":[{\"@type\":\"Article\",\"@id\":\"https:\\\/\\\/veredes.es\\\/blog\\\/la-crisis-del-modulor-desde-el-modulor-rafael-de-caceres-annuairemassilia\\\/#article\",\"isPartOf\":{\"@id\":\"https:\\\/\\\/veredes.es\\\/blog\\\/la-crisis-del-modulor-desde-el-modulor-rafael-de-caceres-annuairemassilia\\\/\"},\"author\":{\"name\":\"veredes\",\"@id\":\"https:\\\/\\\/veredes.es\\\/blog\\\/#\\\/schema\\\/person\\\/0bbb669073ef7faba5168a0844e93d2c\"},\"headline\":\"La crisis del Modulor, desde el Modulor | Rafael de C\u00e1ceres\",\"datePublished\":\"2009-09-07T10:48:36+00:00\",\"dateModified\":\"2016-11-14T07:57:14+00:00\",\"mainEntityOfPage\":{\"@id\":\"https:\\\/\\\/veredes.es\\\/blog\\\/la-crisis-del-modulor-desde-el-modulor-rafael-de-caceres-annuairemassilia\\\/\"},\"wordCount\":1076,\"commentCount\":0,\"publisher\":{\"@id\":\"https:\\\/\\\/veredes.es\\\/blog\\\/#organization\"},\"image\":{\"@id\":\"https:\\\/\\\/veredes.es\\\/blog\\\/la-crisis-del-modulor-desde-el-modulor-rafael-de-caceres-annuairemassilia\\\/#primaryimage\"},\"thumbnailUrl\":\"https:\\\/\\\/veredes.es\\\/blog\\\/wp-content\\\/uploads\\\/2012\\\/02\\\/El-Modulor-annuarimassilia-C\u00c1CERES-CRISIS-DEL-MODULOR.jpg\",\"keywords\":[\"arquitectura francesa\",\"arquitectura suiza\",\"crisis\",\"Le Corbusier\",\"modulor\",\"movimiento moderno\",\"Rafael de C\u00e1ceres\",\"teor\u00eda\"],\"articleSection\":[\"arquitectos\",\"capturas\",\"ensayo\"],\"inLanguage\":\"es\",\"potentialAction\":[{\"@type\":\"CommentAction\",\"name\":\"Comment\",\"target\":[\"https:\\\/\\\/veredes.es\\\/blog\\\/la-crisis-del-modulor-desde-el-modulor-rafael-de-caceres-annuairemassilia\\\/#respond\"]}]},{\"@type\":\"WebPage\",\"@id\":\"https:\\\/\\\/veredes.es\\\/blog\\\/la-crisis-del-modulor-desde-el-modulor-rafael-de-caceres-annuairemassilia\\\/\",\"url\":\"https:\\\/\\\/veredes.es\\\/blog\\\/la-crisis-del-modulor-desde-el-modulor-rafael-de-caceres-annuairemassilia\\\/\",\"name\":\"La crisis del Modulor, desde el Modulor | Rafael de C\u00e1ceresA crise do Modulor, dende o Modulor | Rafael de C\u00e1ceresThe crisis of the Modulor, from the Modulor | Rafael de C\u00e1ceres - veredes\",\"isPartOf\":{\"@id\":\"https:\\\/\\\/veredes.es\\\/blog\\\/#website\"},\"primaryImageOfPage\":{\"@id\":\"https:\\\/\\\/veredes.es\\\/blog\\\/la-crisis-del-modulor-desde-el-modulor-rafael-de-caceres-annuairemassilia\\\/#primaryimage\"},\"image\":{\"@id\":\"https:\\\/\\\/veredes.es\\\/blog\\\/la-crisis-del-modulor-desde-el-modulor-rafael-de-caceres-annuairemassilia\\\/#primaryimage\"},\"thumbnailUrl\":\"https:\\\/\\\/veredes.es\\\/blog\\\/wp-content\\\/uploads\\\/2012\\\/02\\\/El-Modulor-annuarimassilia-C\u00c1CERES-CRISIS-DEL-MODULOR.jpg\",\"datePublished\":\"2009-09-07T10:48:36+00:00\",\"dateModified\":\"2016-11-14T07:57:14+00:00\",\"description\":\"Toda la informaci\u00f3n sobre: La crisis del Modulor, desde el Modulor | Rafael de C\u00e1ceresA crise do Modulor, dende o Modulor | Rafael de C\u00e1ceresThe crisis of the Modulor, from the Modulor | Rafael de C\u00e1ceres\",\"breadcrumb\":{\"@id\":\"https:\\\/\\\/veredes.es\\\/blog\\\/la-crisis-del-modulor-desde-el-modulor-rafael-de-caceres-annuairemassilia\\\/#breadcrumb\"},\"inLanguage\":\"es\",\"potentialAction\":[{\"@type\":\"ReadAction\",\"target\":[\"https:\\\/\\\/veredes.es\\\/blog\\\/la-crisis-del-modulor-desde-el-modulor-rafael-de-caceres-annuairemassilia\\\/\"]}]},{\"@type\":\"ImageObject\",\"inLanguage\":\"es\",\"@id\":\"https:\\\/\\\/veredes.es\\\/blog\\\/la-crisis-del-modulor-desde-el-modulor-rafael-de-caceres-annuairemassilia\\\/#primaryimage\",\"url\":\"https:\\\/\\\/veredes.es\\\/blog\\\/wp-content\\\/uploads\\\/2012\\\/02\\\/El-Modulor-annuarimassilia-C\u00c1CERES-CRISIS-DEL-MODULOR.jpg\",\"contentUrl\":\"https:\\\/\\\/veredes.es\\\/blog\\\/wp-content\\\/uploads\\\/2012\\\/02\\\/El-Modulor-annuarimassilia-C\u00c1CERES-CRISIS-DEL-MODULOR.jpg\",\"width\":\"379\",\"height\":\"400\"},{\"@type\":\"BreadcrumbList\",\"@id\":\"https:\\\/\\\/veredes.es\\\/blog\\\/la-crisis-del-modulor-desde-el-modulor-rafael-de-caceres-annuairemassilia\\\/#breadcrumb\",\"itemListElement\":[{\"@type\":\"ListItem\",\"position\":1,\"name\":\"Portada\",\"item\":\"https:\\\/\\\/veredes.es\\\/blog\\\/\"},{\"@type\":\"ListItem\",\"position\":2,\"name\":\"La crisis del Modulor, desde el Modulor | Rafael de C\u00e1ceres\"}]},{\"@type\":\"WebSite\",\"@id\":\"https:\\\/\\\/veredes.es\\\/blog\\\/#website\",\"url\":\"https:\\\/\\\/veredes.es\\\/blog\\\/\",\"name\":\"veredes, arquitectura y divulgaci\u00f3n\",\"description\":\"veredes\",\"publisher\":{\"@id\":\"https:\\\/\\\/veredes.es\\\/blog\\\/#organization\"},\"alternateName\":\"veredes\",\"potentialAction\":[{\"@type\":\"SearchAction\",\"target\":{\"@type\":\"EntryPoint\",\"urlTemplate\":\"https:\\\/\\\/veredes.es\\\/blog\\\/?s={search_term_string}\"},\"query-input\":{\"@type\":\"PropertyValueSpecification\",\"valueRequired\":true,\"valueName\":\"search_term_string\"}}],\"inLanguage\":\"es\"},{\"@type\":\"Organization\",\"@id\":\"https:\\\/\\\/veredes.es\\\/blog\\\/#organization\",\"name\":\"veredes, arquitectura y divulgaci\u00f3n\",\"alternateName\":\"veredes\",\"url\":\"https:\\\/\\\/veredes.es\\\/blog\\\/\",\"logo\":{\"@type\":\"ImageObject\",\"inLanguage\":\"es\",\"@id\":\"https:\\\/\\\/veredes.es\\\/blog\\\/#\\\/schema\\\/logo\\\/image\\\/\",\"url\":\"https:\\\/\\\/veredes.es\\\/blog\\\/wp-content\\\/uploads\\\/2021\\\/12\\\/veredes-logo-centrado_140x54.png\",\"contentUrl\":\"https:\\\/\\\/veredes.es\\\/blog\\\/wp-content\\\/uploads\\\/2021\\\/12\\\/veredes-logo-centrado_140x54.png\",\"width\":140,\"height\":54,\"caption\":\"veredes, arquitectura y divulgaci\u00f3n\"},\"image\":{\"@id\":\"https:\\\/\\\/veredes.es\\\/blog\\\/#\\\/schema\\\/logo\\\/image\\\/\"},\"sameAs\":[\"https:\\\/\\\/www.facebook.com\\\/veredesArquitecturayDivulgacion\\\/\",\"https:\\\/\\\/x.com\\\/veredes\",\"https:\\\/\\\/instagram.com\\\/veredes\\\/\",\"https:\\\/\\\/www.linkedin.com\\\/company\\\/veredes-arquitectura-y-divulgacion\\\/\",\"https:\\\/\\\/es.pinterest.com\\\/veredes\\\/\",\"https:\\\/\\\/www.tumblr.com\\\/veredes\"]},{\"@type\":\"Person\",\"@id\":\"https:\\\/\\\/veredes.es\\\/blog\\\/#\\\/schema\\\/person\\\/0bbb669073ef7faba5168a0844e93d2c\",\"name\":\"veredes\",\"image\":{\"@type\":\"ImageObject\",\"inLanguage\":\"es\",\"@id\":\"https:\\\/\\\/veredes.es\\\/blog\\\/wp-content\\\/uploads\\\/2018\\\/04\\\/face-96x96.jpg\",\"url\":\"https:\\\/\\\/veredes.es\\\/blog\\\/wp-content\\\/uploads\\\/2018\\\/04\\\/face-96x96.jpg\",\"contentUrl\":\"https:\\\/\\\/veredes.es\\\/blog\\\/wp-content\\\/uploads\\\/2018\\\/04\\\/face-96x96.jpg\",\"caption\":\"veredes\"},\"description\":\"Surge enero de 2009 como b\u00fasqueda de satisfacer el conocimiento de la actividad arquitect\u00f3nica y tangentes que se generan. La idea es crear un espacio para divulgar los diversos proyectos en busca de nueva inspiraci\u00f3n y de intercambio.\",\"sameAs\":[\"https:\\\/\\\/veredes.es\\\/\",\"https:\\\/\\\/www.facebook.com\\\/veredesArquitecturayDivulgacion\\\/\",\"https:\\\/\\\/www.instagram.com\\\/veredes\\\/\",\"https:\\\/\\\/www.linkedin.com\\\/company\\\/veredes-arquitectura-y-divulgacion\\\/\",\"https:\\\/\\\/www.pinterest.es\\\/veredes\\\/\",\"https:\\\/\\\/x.com\\\/https:\\\/\\\/twitter.com\\\/veredes\",\"https:\\\/\\\/veredes.tumblr.com\\\/\"],\"url\":\"https:\\\/\\\/veredes.es\\\/blog\\\/author\\\/alberto\\\/\"}]}<\/script>\n<!-- \/ Yoast SEO plugin. -->","yoast_head_json":{"title":"La crisis del Modulor, desde el Modulor | Rafael de C\u00e1ceresA crise do Modulor, dende o Modulor | Rafael de C\u00e1ceresThe crisis of the Modulor, from the Modulor | Rafael de C\u00e1ceres - veredes","description":"Toda la informaci\u00f3n sobre: La crisis del Modulor, desde el Modulor | Rafael de C\u00e1ceresA crise do Modulor, dende o Modulor | Rafael de C\u00e1ceresThe crisis of the Modulor, from the Modulor | Rafael de C\u00e1ceres","robots":{"index":"index","follow":"follow","max-snippet":"max-snippet:-1","max-image-preview":"max-image-preview:large","max-video-preview":"max-video-preview:-1"},"canonical":"https:\/\/veredes.es\/blog\/la-crisis-del-modulor-desde-el-modulor-rafael-de-caceres-annuairemassilia\/","og_locale":"es_ES","og_type":"article","og_title":"La crisis del Modulor, desde el Modulor | Rafael de C\u00e1ceresA crise do Modulor, dende o Modulor | Rafael de C\u00e1ceresThe crisis of the Modulor, from the Modulor | Rafael de C\u00e1ceres - veredes","og_description":"Toda la informaci\u00f3n sobre: La crisis del Modulor, desde el Modulor | Rafael de C\u00e1ceresA crise do Modulor, dende o Modulor | Rafael de C\u00e1ceresThe crisis of the Modulor, from the Modulor | Rafael de C\u00e1ceres","og_url":"https:\/\/veredes.es\/blog\/la-crisis-del-modulor-desde-el-modulor-rafael-de-caceres-annuairemassilia\/","og_site_name":"veredes, arquitectura y divulgaci\u00f3n","article_publisher":"https:\/\/www.facebook.com\/veredesArquitecturayDivulgacion\/","article_author":"https:\/\/www.facebook.com\/veredesArquitecturayDivulgacion\/","article_published_time":"2009-09-07T10:48:36+00:00","article_modified_time":"2016-11-14T07:57:14+00:00","og_image":[{"width":379,"height":400,"url":"https:\/\/veredes.es\/blog\/wp-content\/uploads\/2012\/02\/El-Modulor-annuarimassilia-C\u00c1CERES-CRISIS-DEL-MODULOR.jpg","type":"image\/jpeg"}],"author":"veredes","twitter_card":"summary_large_image","twitter_creator":"@https:\/\/twitter.com\/veredes","twitter_site":"@veredes","twitter_misc":{"Escrito por":"veredes","Tiempo de lectura":"5 minutos"},"schema":{"@context":"https:\/\/schema.org","@graph":[{"@type":"Article","@id":"https:\/\/veredes.es\/blog\/la-crisis-del-modulor-desde-el-modulor-rafael-de-caceres-annuairemassilia\/#article","isPartOf":{"@id":"https:\/\/veredes.es\/blog\/la-crisis-del-modulor-desde-el-modulor-rafael-de-caceres-annuairemassilia\/"},"author":{"name":"veredes","@id":"https:\/\/veredes.es\/blog\/#\/schema\/person\/0bbb669073ef7faba5168a0844e93d2c"},"headline":"La crisis del Modulor, desde el Modulor | Rafael de C\u00e1ceres","datePublished":"2009-09-07T10:48:36+00:00","dateModified":"2016-11-14T07:57:14+00:00","mainEntityOfPage":{"@id":"https:\/\/veredes.es\/blog\/la-crisis-del-modulor-desde-el-modulor-rafael-de-caceres-annuairemassilia\/"},"wordCount":1076,"commentCount":0,"publisher":{"@id":"https:\/\/veredes.es\/blog\/#organization"},"image":{"@id":"https:\/\/veredes.es\/blog\/la-crisis-del-modulor-desde-el-modulor-rafael-de-caceres-annuairemassilia\/#primaryimage"},"thumbnailUrl":"https:\/\/veredes.es\/blog\/wp-content\/uploads\/2012\/02\/El-Modulor-annuarimassilia-C\u00c1CERES-CRISIS-DEL-MODULOR.jpg","keywords":["arquitectura francesa","arquitectura suiza","crisis","Le Corbusier","modulor","movimiento moderno","Rafael de C\u00e1ceres","teor\u00eda"],"articleSection":["arquitectos","capturas","ensayo"],"inLanguage":"es","potentialAction":[{"@type":"CommentAction","name":"Comment","target":["https:\/\/veredes.es\/blog\/la-crisis-del-modulor-desde-el-modulor-rafael-de-caceres-annuairemassilia\/#respond"]}]},{"@type":"WebPage","@id":"https:\/\/veredes.es\/blog\/la-crisis-del-modulor-desde-el-modulor-rafael-de-caceres-annuairemassilia\/","url":"https:\/\/veredes.es\/blog\/la-crisis-del-modulor-desde-el-modulor-rafael-de-caceres-annuairemassilia\/","name":"La crisis del Modulor, desde el Modulor | Rafael de C\u00e1ceresA crise do Modulor, dende o Modulor | Rafael de C\u00e1ceresThe crisis of the Modulor, from the Modulor | Rafael de C\u00e1ceres - veredes","isPartOf":{"@id":"https:\/\/veredes.es\/blog\/#website"},"primaryImageOfPage":{"@id":"https:\/\/veredes.es\/blog\/la-crisis-del-modulor-desde-el-modulor-rafael-de-caceres-annuairemassilia\/#primaryimage"},"image":{"@id":"https:\/\/veredes.es\/blog\/la-crisis-del-modulor-desde-el-modulor-rafael-de-caceres-annuairemassilia\/#primaryimage"},"thumbnailUrl":"https:\/\/veredes.es\/blog\/wp-content\/uploads\/2012\/02\/El-Modulor-annuarimassilia-C\u00c1CERES-CRISIS-DEL-MODULOR.jpg","datePublished":"2009-09-07T10:48:36+00:00","dateModified":"2016-11-14T07:57:14+00:00","description":"Toda la informaci\u00f3n sobre: La crisis del Modulor, desde el Modulor | Rafael de C\u00e1ceresA crise do Modulor, dende o Modulor | Rafael de C\u00e1ceresThe crisis of the Modulor, from the Modulor | Rafael de C\u00e1ceres","breadcrumb":{"@id":"https:\/\/veredes.es\/blog\/la-crisis-del-modulor-desde-el-modulor-rafael-de-caceres-annuairemassilia\/#breadcrumb"},"inLanguage":"es","potentialAction":[{"@type":"ReadAction","target":["https:\/\/veredes.es\/blog\/la-crisis-del-modulor-desde-el-modulor-rafael-de-caceres-annuairemassilia\/"]}]},{"@type":"ImageObject","inLanguage":"es","@id":"https:\/\/veredes.es\/blog\/la-crisis-del-modulor-desde-el-modulor-rafael-de-caceres-annuairemassilia\/#primaryimage","url":"https:\/\/veredes.es\/blog\/wp-content\/uploads\/2012\/02\/El-Modulor-annuarimassilia-C\u00c1CERES-CRISIS-DEL-MODULOR.jpg","contentUrl":"https:\/\/veredes.es\/blog\/wp-content\/uploads\/2012\/02\/El-Modulor-annuarimassilia-C\u00c1CERES-CRISIS-DEL-MODULOR.jpg","width":"379","height":"400"},{"@type":"BreadcrumbList","@id":"https:\/\/veredes.es\/blog\/la-crisis-del-modulor-desde-el-modulor-rafael-de-caceres-annuairemassilia\/#breadcrumb","itemListElement":[{"@type":"ListItem","position":1,"name":"Portada","item":"https:\/\/veredes.es\/blog\/"},{"@type":"ListItem","position":2,"name":"La crisis del Modulor, desde el Modulor | Rafael de C\u00e1ceres"}]},{"@type":"WebSite","@id":"https:\/\/veredes.es\/blog\/#website","url":"https:\/\/veredes.es\/blog\/","name":"veredes, arquitectura y divulgaci\u00f3n","description":"veredes","publisher":{"@id":"https:\/\/veredes.es\/blog\/#organization"},"alternateName":"veredes","potentialAction":[{"@type":"SearchAction","target":{"@type":"EntryPoint","urlTemplate":"https:\/\/veredes.es\/blog\/?s={search_term_string}"},"query-input":{"@type":"PropertyValueSpecification","valueRequired":true,"valueName":"search_term_string"}}],"inLanguage":"es"},{"@type":"Organization","@id":"https:\/\/veredes.es\/blog\/#organization","name":"veredes, arquitectura y divulgaci\u00f3n","alternateName":"veredes","url":"https:\/\/veredes.es\/blog\/","logo":{"@type":"ImageObject","inLanguage":"es","@id":"https:\/\/veredes.es\/blog\/#\/schema\/logo\/image\/","url":"https:\/\/veredes.es\/blog\/wp-content\/uploads\/2021\/12\/veredes-logo-centrado_140x54.png","contentUrl":"https:\/\/veredes.es\/blog\/wp-content\/uploads\/2021\/12\/veredes-logo-centrado_140x54.png","width":140,"height":54,"caption":"veredes, arquitectura y divulgaci\u00f3n"},"image":{"@id":"https:\/\/veredes.es\/blog\/#\/schema\/logo\/image\/"},"sameAs":["https:\/\/www.facebook.com\/veredesArquitecturayDivulgacion\/","https:\/\/x.com\/veredes","https:\/\/instagram.com\/veredes\/","https:\/\/www.linkedin.com\/company\/veredes-arquitectura-y-divulgacion\/","https:\/\/es.pinterest.com\/veredes\/","https:\/\/www.tumblr.com\/veredes"]},{"@type":"Person","@id":"https:\/\/veredes.es\/blog\/#\/schema\/person\/0bbb669073ef7faba5168a0844e93d2c","name":"veredes","image":{"@type":"ImageObject","inLanguage":"es","@id":"https:\/\/veredes.es\/blog\/wp-content\/uploads\/2018\/04\/face-96x96.jpg","url":"https:\/\/veredes.es\/blog\/wp-content\/uploads\/2018\/04\/face-96x96.jpg","contentUrl":"https:\/\/veredes.es\/blog\/wp-content\/uploads\/2018\/04\/face-96x96.jpg","caption":"veredes"},"description":"Surge enero de 2009 como b\u00fasqueda de satisfacer el conocimiento de la actividad arquitect\u00f3nica y tangentes que se generan. La idea es crear un espacio para divulgar los diversos proyectos en busca de nueva inspiraci\u00f3n y de intercambio.","sameAs":["https:\/\/veredes.es\/","https:\/\/www.facebook.com\/veredesArquitecturayDivulgacion\/","https:\/\/www.instagram.com\/veredes\/","https:\/\/www.linkedin.com\/company\/veredes-arquitectura-y-divulgacion\/","https:\/\/www.pinterest.es\/veredes\/","https:\/\/x.com\/https:\/\/twitter.com\/veredes","https:\/\/veredes.tumblr.com\/"],"url":"https:\/\/veredes.es\/blog\/author\/alberto\/"}]}},"_links":{"self":[{"href":"https:\/\/veredes.es\/blog\/wp-json\/wp\/v2\/posts\/19791","targetHints":{"allow":["GET"]}}],"collection":[{"href":"https:\/\/veredes.es\/blog\/wp-json\/wp\/v2\/posts"}],"about":[{"href":"https:\/\/veredes.es\/blog\/wp-json\/wp\/v2\/types\/post"}],"author":[{"embeddable":true,"href":"https:\/\/veredes.es\/blog\/wp-json\/wp\/v2\/users\/2"}],"replies":[{"embeddable":true,"href":"https:\/\/veredes.es\/blog\/wp-json\/wp\/v2\/comments?post=19791"}],"version-history":[{"count":0,"href":"https:\/\/veredes.es\/blog\/wp-json\/wp\/v2\/posts\/19791\/revisions"}],"wp:featuredmedia":[{"embeddable":true,"href":"https:\/\/veredes.es\/blog\/wp-json\/wp\/v2\/media\/19792"}],"wp:attachment":[{"href":"https:\/\/veredes.es\/blog\/wp-json\/wp\/v2\/media?parent=19791"}],"wp:term":[{"taxonomy":"category","embeddable":true,"href":"https:\/\/veredes.es\/blog\/wp-json\/wp\/v2\/categories?post=19791"},{"taxonomy":"post_tag","embeddable":true,"href":"https:\/\/veredes.es\/blog\/wp-json\/wp\/v2\/tags?post=19791"}],"curies":[{"name":"wp","href":"https:\/\/api.w.org\/{rel}","templated":true}]}}