{"id":18680,"date":"2011-12-15T20:22:54","date_gmt":"2011-12-15T20:22:54","guid":{"rendered":"http:\/\/veredes.es\/blog\/?p=18680"},"modified":"2015-02-13T12:38:59","modified_gmt":"2015-02-13T12:38:59","slug":"el-mercadillo-solidario-de-carmen-lomana","status":"publish","type":"post","link":"https:\/\/veredes.es\/blog\/el-mercadillo-solidario-de-carmen-lomana\/","title":{"rendered":"El Mercadillo Solidario de Carmen Lomana"},"content":{"rendered":"<p><\/p>\n<p style=\"text-align: justify;\">Desde el equipo de arquitectura y dise\u00f1o Taller de Planchado se ha desarrollado el interiorismo y composici\u00f3n de \u201cEl Mercadillo de Carmen Lomana\u201d, evento que tendr\u00e1 lugar entre los d\u00edas 16 y 18 de diciembre en Centro Comercial Moda Shopping y que tiene como intenci\u00f3n vender parte del vestuario de Carmen Lomana para poder suministrar una Cena de Navidad copiosa a un comedor de beneficencia de Madrid.<\/p>\n<p style=\"text-align: justify;\"><a href=\"http:\/\/veredes.es\/blog\/wp-content\/uploads\/2011\/12\/interior-1.jpg\"><img loading=\"lazy\" decoding=\"async\" class=\"alignnone  wp-image-18681\" title=\"interior-1\" src=\"http:\/\/veredes.es\/blog\/wp-content\/uploads\/2011\/12\/interior-1.jpg\" alt=\"\" width=\"620\" height=\"935\" srcset=\"https:\/\/veredes.es\/blog\/wp-content\/uploads\/2011\/12\/interior-1.jpg 298w, https:\/\/veredes.es\/blog\/wp-content\/uploads\/2011\/12\/interior-1-198x300.jpg 198w\" sizes=\"auto, (max-width: 620px) 100vw, 620px\" \/><\/a><\/p>\n<p style=\"text-align: justify;\">La intenci\u00f3n del proyecto es crear un armario paralelo en la parte superior del local, jugando con perchas, invirtiendo las formas preconcebidas e ideando una forma de tamizar la luz fluorescente de las luminarias. Siendo conscientes de que el color lo proporcionar\u00eda la ropa del mercadillo, para el interiorismo se escogi\u00f3 un degradado de blanco-gris-negro en el que la pureza de las l\u00edneas es la protagonista del proyecto. Desde el exterior el espacio se concibe con las mismas l\u00edneas de grises que surgen como una prolongaci\u00f3n de lo que sucede en el interior del local, y a modo de escaparatismo se han utilizado elementos sencillos como cuberter\u00edas y platos de un solo uso, cajas de cart\u00f3n y elementos muy sencillos que estuviesen vinculados a la raz\u00f3n de ser del mercadillo.<\/p>\n<p><\/p>","protected":false},"excerpt":{"rendered":"<p>Desde el equipo de arquitectura y dise\u00f1o Taller de Planchado se ha desarrollado el interiorismo y composici\u00f3n de \u201cEl Mercadillo de Carmen Lomana\u201d, evento que tendr\u00e1 lugar entre los d\u00edas 16 y 18 de diciembre en Centro Comercial Moda Shopping y que tiene como intenci\u00f3n vender parte del vestuario de Carmen Lomana para poder suministrar [&hellip;]<\/p>\n","protected":false},"author":2,"featured_media":18681,"comment_status":"open","ping_status":"closed","sticky":false,"template":"","format":"standard","meta":{"footnotes":""},"categories":[16,1382],"tags":[521,556,814,3251,1780],"class_list":{"0":"post-18680","1":"post","2":"type-post","3":"status-publish","4":"format-standard","5":"has-post-thumbnail","7":"category-eventos","9":"tag-espana","10":"tag-exposicion","11":"tag-madrid","12":"tag-mercadillo","13":"tag-solidaridad"},"yoast_head":"<!-- This site is optimized with the Yoast SEO plugin v27.5 - https:\/\/yoast.com\/product\/yoast-seo-wordpress\/ -->\n<title>El Mercadillo Solidario de Carmen LomanaO Mercadillo Solidario de Carmen LomanaRummage Sale by Carmen Lomana - veredes<\/title>\n<meta name=\"description\" content=\"Toda la informaci\u00f3n sobre: El Mercadillo Solidario de Carmen LomanaO Mercadillo Solidario de Carmen LomanaRummage Sale by Carmen Lomana\" \/>\n<meta name=\"robots\" content=\"index, follow, max-snippet:-1, max-image-preview:large, max-video-preview:-1\" \/>\n<link rel=\"canonical\" href=\"https:\/\/veredes.es\/blog\/el-mercadillo-solidario-de-carmen-lomana\/\" \/>\n<meta property=\"og:locale\" content=\"es_ES\" \/>\n<meta property=\"og:type\" content=\"article\" \/>\n<meta property=\"og:title\" content=\"El Mercadillo Solidario de Carmen LomanaO Mercadillo Solidario de Carmen LomanaRummage Sale by Carmen Lomana - veredes\" \/>\n<meta property=\"og:description\" content=\"Toda la informaci\u00f3n sobre: El Mercadillo Solidario de Carmen LomanaO Mercadillo Solidario de Carmen LomanaRummage Sale by Carmen Lomana\" \/>\n<meta property=\"og:url\" content=\"https:\/\/veredes.es\/blog\/el-mercadillo-solidario-de-carmen-lomana\/\" \/>\n<meta property=\"og:site_name\" content=\"veredes, arquitectura y divulgaci\u00f3n\" \/>\n<meta property=\"article:publisher\" content=\"https:\/\/www.facebook.com\/veredesArquitecturayDivulgacion\/\" \/>\n<meta property=\"article:author\" content=\"https:\/\/www.facebook.com\/veredesArquitecturayDivulgacion\/\" \/>\n<meta property=\"article:published_time\" content=\"2011-12-15T20:22:54+00:00\" \/>\n<meta property=\"article:modified_time\" content=\"2015-02-13T12:38:59+00:00\" \/>\n<meta property=\"og:image\" content=\"https:\/\/veredes.es\/blog\/wp-content\/uploads\/2011\/12\/interior-1.jpg\" \/>\n\t<meta property=\"og:image:width\" content=\"298\" \/>\n\t<meta property=\"og:image:height\" content=\"450\" \/>\n\t<meta property=\"og:image:type\" content=\"image\/jpeg\" \/>\n<meta name=\"author\" content=\"veredes\" \/>\n<meta name=\"twitter:card\" content=\"summary_large_image\" \/>\n<meta name=\"twitter:creator\" content=\"@https:\/\/twitter.com\/veredes\" \/>\n<meta name=\"twitter:site\" content=\"@veredes\" \/>\n<meta name=\"twitter:label1\" content=\"Escrito por\" \/>\n\t<meta name=\"twitter:data1\" content=\"veredes\" \/>\n\t<meta name=\"twitter:label2\" content=\"Tiempo de lectura\" \/>\n\t<meta name=\"twitter:data2\" content=\"3 minutos\" \/>\n<script type=\"application\/ld+json\" class=\"yoast-schema-graph\">{\"@context\":\"https:\\\/\\\/schema.org\",\"@graph\":[{\"@type\":\"Article\",\"@id\":\"https:\\\/\\\/veredes.es\\\/blog\\\/el-mercadillo-solidario-de-carmen-lomana\\\/#article\",\"isPartOf\":{\"@id\":\"https:\\\/\\\/veredes.es\\\/blog\\\/el-mercadillo-solidario-de-carmen-lomana\\\/\"},\"author\":{\"name\":\"veredes\",\"@id\":\"https:\\\/\\\/veredes.es\\\/blog\\\/#\\\/schema\\\/person\\\/0bbb669073ef7faba5168a0844e93d2c\"},\"headline\":\"El Mercadillo Solidario de Carmen Lomana\",\"datePublished\":\"2011-12-15T20:22:54+00:00\",\"dateModified\":\"2015-02-13T12:38:59+00:00\",\"mainEntityOfPage\":{\"@id\":\"https:\\\/\\\/veredes.es\\\/blog\\\/el-mercadillo-solidario-de-carmen-lomana\\\/\"},\"wordCount\":614,\"commentCount\":6,\"publisher\":{\"@id\":\"https:\\\/\\\/veredes.es\\\/blog\\\/#organization\"},\"image\":{\"@id\":\"https:\\\/\\\/veredes.es\\\/blog\\\/el-mercadillo-solidario-de-carmen-lomana\\\/#primaryimage\"},\"thumbnailUrl\":\"https:\\\/\\\/veredes.es\\\/blog\\\/wp-content\\\/uploads\\\/2011\\\/12\\\/interior-1.jpg\",\"keywords\":[\"Espa\u00f1a\",\"exposici\u00f3n\",\"Madrid\",\"mercadillo\",\"solidaridad\"],\"articleSection\":[\"eventos\",\"exposiciones\"],\"inLanguage\":\"es\",\"potentialAction\":[{\"@type\":\"CommentAction\",\"name\":\"Comment\",\"target\":[\"https:\\\/\\\/veredes.es\\\/blog\\\/el-mercadillo-solidario-de-carmen-lomana\\\/#respond\"]}]},{\"@type\":\"WebPage\",\"@id\":\"https:\\\/\\\/veredes.es\\\/blog\\\/el-mercadillo-solidario-de-carmen-lomana\\\/\",\"url\":\"https:\\\/\\\/veredes.es\\\/blog\\\/el-mercadillo-solidario-de-carmen-lomana\\\/\",\"name\":\"El Mercadillo Solidario de Carmen LomanaO Mercadillo Solidario de Carmen LomanaRummage Sale by Carmen Lomana - veredes\",\"isPartOf\":{\"@id\":\"https:\\\/\\\/veredes.es\\\/blog\\\/#website\"},\"primaryImageOfPage\":{\"@id\":\"https:\\\/\\\/veredes.es\\\/blog\\\/el-mercadillo-solidario-de-carmen-lomana\\\/#primaryimage\"},\"image\":{\"@id\":\"https:\\\/\\\/veredes.es\\\/blog\\\/el-mercadillo-solidario-de-carmen-lomana\\\/#primaryimage\"},\"thumbnailUrl\":\"https:\\\/\\\/veredes.es\\\/blog\\\/wp-content\\\/uploads\\\/2011\\\/12\\\/interior-1.jpg\",\"datePublished\":\"2011-12-15T20:22:54+00:00\",\"dateModified\":\"2015-02-13T12:38:59+00:00\",\"description\":\"Toda la informaci\u00f3n sobre: El Mercadillo Solidario de Carmen LomanaO Mercadillo Solidario de Carmen LomanaRummage Sale by Carmen Lomana\",\"breadcrumb\":{\"@id\":\"https:\\\/\\\/veredes.es\\\/blog\\\/el-mercadillo-solidario-de-carmen-lomana\\\/#breadcrumb\"},\"inLanguage\":\"es\",\"potentialAction\":[{\"@type\":\"ReadAction\",\"target\":[\"https:\\\/\\\/veredes.es\\\/blog\\\/el-mercadillo-solidario-de-carmen-lomana\\\/\"]}]},{\"@type\":\"ImageObject\",\"inLanguage\":\"es\",\"@id\":\"https:\\\/\\\/veredes.es\\\/blog\\\/el-mercadillo-solidario-de-carmen-lomana\\\/#primaryimage\",\"url\":\"https:\\\/\\\/veredes.es\\\/blog\\\/wp-content\\\/uploads\\\/2011\\\/12\\\/interior-1.jpg\",\"contentUrl\":\"https:\\\/\\\/veredes.es\\\/blog\\\/wp-content\\\/uploads\\\/2011\\\/12\\\/interior-1.jpg\",\"width\":\"298\",\"height\":\"450\"},{\"@type\":\"BreadcrumbList\",\"@id\":\"https:\\\/\\\/veredes.es\\\/blog\\\/el-mercadillo-solidario-de-carmen-lomana\\\/#breadcrumb\",\"itemListElement\":[{\"@type\":\"ListItem\",\"position\":1,\"name\":\"Portada\",\"item\":\"https:\\\/\\\/veredes.es\\\/blog\\\/\"},{\"@type\":\"ListItem\",\"position\":2,\"name\":\"El Mercadillo Solidario de Carmen Lomana\"}]},{\"@type\":\"WebSite\",\"@id\":\"https:\\\/\\\/veredes.es\\\/blog\\\/#website\",\"url\":\"https:\\\/\\\/veredes.es\\\/blog\\\/\",\"name\":\"veredes, arquitectura y divulgaci\u00f3n\",\"description\":\"veredes\",\"publisher\":{\"@id\":\"https:\\\/\\\/veredes.es\\\/blog\\\/#organization\"},\"alternateName\":\"veredes\",\"potentialAction\":[{\"@type\":\"SearchAction\",\"target\":{\"@type\":\"EntryPoint\",\"urlTemplate\":\"https:\\\/\\\/veredes.es\\\/blog\\\/?s={search_term_string}\"},\"query-input\":{\"@type\":\"PropertyValueSpecification\",\"valueRequired\":true,\"valueName\":\"search_term_string\"}}],\"inLanguage\":\"es\"},{\"@type\":\"Organization\",\"@id\":\"https:\\\/\\\/veredes.es\\\/blog\\\/#organization\",\"name\":\"veredes, arquitectura y divulgaci\u00f3n\",\"alternateName\":\"veredes\",\"url\":\"https:\\\/\\\/veredes.es\\\/blog\\\/\",\"logo\":{\"@type\":\"ImageObject\",\"inLanguage\":\"es\",\"@id\":\"https:\\\/\\\/veredes.es\\\/blog\\\/#\\\/schema\\\/logo\\\/image\\\/\",\"url\":\"https:\\\/\\\/veredes.es\\\/blog\\\/wp-content\\\/uploads\\\/2021\\\/12\\\/veredes-logo-centrado_140x54.png\",\"contentUrl\":\"https:\\\/\\\/veredes.es\\\/blog\\\/wp-content\\\/uploads\\\/2021\\\/12\\\/veredes-logo-centrado_140x54.png\",\"width\":140,\"height\":54,\"caption\":\"veredes, arquitectura y divulgaci\u00f3n\"},\"image\":{\"@id\":\"https:\\\/\\\/veredes.es\\\/blog\\\/#\\\/schema\\\/logo\\\/image\\\/\"},\"sameAs\":[\"https:\\\/\\\/www.facebook.com\\\/veredesArquitecturayDivulgacion\\\/\",\"https:\\\/\\\/x.com\\\/veredes\",\"https:\\\/\\\/instagram.com\\\/veredes\\\/\",\"https:\\\/\\\/www.linkedin.com\\\/company\\\/veredes-arquitectura-y-divulgacion\\\/\",\"https:\\\/\\\/es.pinterest.com\\\/veredes\\\/\",\"https:\\\/\\\/www.tumblr.com\\\/veredes\"]},{\"@type\":\"Person\",\"@id\":\"https:\\\/\\\/veredes.es\\\/blog\\\/#\\\/schema\\\/person\\\/0bbb669073ef7faba5168a0844e93d2c\",\"name\":\"veredes\",\"image\":{\"@type\":\"ImageObject\",\"inLanguage\":\"es\",\"@id\":\"https:\\\/\\\/veredes.es\\\/blog\\\/wp-content\\\/uploads\\\/2018\\\/04\\\/face-96x96.jpg\",\"url\":\"https:\\\/\\\/veredes.es\\\/blog\\\/wp-content\\\/uploads\\\/2018\\\/04\\\/face-96x96.jpg\",\"contentUrl\":\"https:\\\/\\\/veredes.es\\\/blog\\\/wp-content\\\/uploads\\\/2018\\\/04\\\/face-96x96.jpg\",\"caption\":\"veredes\"},\"description\":\"Surge enero de 2009 como b\u00fasqueda de satisfacer el conocimiento de la actividad arquitect\u00f3nica y tangentes que se generan. La idea es crear un espacio para divulgar los diversos proyectos en busca de nueva inspiraci\u00f3n y de intercambio.\",\"sameAs\":[\"https:\\\/\\\/veredes.es\\\/\",\"https:\\\/\\\/www.facebook.com\\\/veredesArquitecturayDivulgacion\\\/\",\"https:\\\/\\\/www.instagram.com\\\/veredes\\\/\",\"https:\\\/\\\/www.linkedin.com\\\/company\\\/veredes-arquitectura-y-divulgacion\\\/\",\"https:\\\/\\\/www.pinterest.es\\\/veredes\\\/\",\"https:\\\/\\\/x.com\\\/https:\\\/\\\/twitter.com\\\/veredes\",\"https:\\\/\\\/veredes.tumblr.com\\\/\"],\"url\":\"https:\\\/\\\/veredes.es\\\/blog\\\/author\\\/alberto\\\/\"}]}<\/script>\n<!-- \/ Yoast SEO plugin. -->","yoast_head_json":{"title":"El Mercadillo Solidario de Carmen LomanaO Mercadillo Solidario de Carmen LomanaRummage Sale by Carmen Lomana - veredes","description":"Toda la informaci\u00f3n sobre: El Mercadillo Solidario de Carmen LomanaO Mercadillo Solidario de Carmen LomanaRummage Sale by Carmen Lomana","robots":{"index":"index","follow":"follow","max-snippet":"max-snippet:-1","max-image-preview":"max-image-preview:large","max-video-preview":"max-video-preview:-1"},"canonical":"https:\/\/veredes.es\/blog\/el-mercadillo-solidario-de-carmen-lomana\/","og_locale":"es_ES","og_type":"article","og_title":"El Mercadillo Solidario de Carmen LomanaO Mercadillo Solidario de Carmen LomanaRummage Sale by Carmen Lomana - veredes","og_description":"Toda la informaci\u00f3n sobre: El Mercadillo Solidario de Carmen LomanaO Mercadillo Solidario de Carmen LomanaRummage Sale by Carmen Lomana","og_url":"https:\/\/veredes.es\/blog\/el-mercadillo-solidario-de-carmen-lomana\/","og_site_name":"veredes, arquitectura y divulgaci\u00f3n","article_publisher":"https:\/\/www.facebook.com\/veredesArquitecturayDivulgacion\/","article_author":"https:\/\/www.facebook.com\/veredesArquitecturayDivulgacion\/","article_published_time":"2011-12-15T20:22:54+00:00","article_modified_time":"2015-02-13T12:38:59+00:00","og_image":[{"width":298,"height":450,"url":"https:\/\/veredes.es\/blog\/wp-content\/uploads\/2011\/12\/interior-1.jpg","type":"image\/jpeg"}],"author":"veredes","twitter_card":"summary_large_image","twitter_creator":"@https:\/\/twitter.com\/veredes","twitter_site":"@veredes","twitter_misc":{"Escrito por":"veredes","Tiempo de lectura":"3 minutos"},"schema":{"@context":"https:\/\/schema.org","@graph":[{"@type":"Article","@id":"https:\/\/veredes.es\/blog\/el-mercadillo-solidario-de-carmen-lomana\/#article","isPartOf":{"@id":"https:\/\/veredes.es\/blog\/el-mercadillo-solidario-de-carmen-lomana\/"},"author":{"name":"veredes","@id":"https:\/\/veredes.es\/blog\/#\/schema\/person\/0bbb669073ef7faba5168a0844e93d2c"},"headline":"El Mercadillo Solidario de Carmen Lomana","datePublished":"2011-12-15T20:22:54+00:00","dateModified":"2015-02-13T12:38:59+00:00","mainEntityOfPage":{"@id":"https:\/\/veredes.es\/blog\/el-mercadillo-solidario-de-carmen-lomana\/"},"wordCount":614,"commentCount":6,"publisher":{"@id":"https:\/\/veredes.es\/blog\/#organization"},"image":{"@id":"https:\/\/veredes.es\/blog\/el-mercadillo-solidario-de-carmen-lomana\/#primaryimage"},"thumbnailUrl":"https:\/\/veredes.es\/blog\/wp-content\/uploads\/2011\/12\/interior-1.jpg","keywords":["Espa\u00f1a","exposici\u00f3n","Madrid","mercadillo","solidaridad"],"articleSection":["eventos","exposiciones"],"inLanguage":"es","potentialAction":[{"@type":"CommentAction","name":"Comment","target":["https:\/\/veredes.es\/blog\/el-mercadillo-solidario-de-carmen-lomana\/#respond"]}]},{"@type":"WebPage","@id":"https:\/\/veredes.es\/blog\/el-mercadillo-solidario-de-carmen-lomana\/","url":"https:\/\/veredes.es\/blog\/el-mercadillo-solidario-de-carmen-lomana\/","name":"El Mercadillo Solidario de Carmen LomanaO Mercadillo Solidario de Carmen LomanaRummage Sale by Carmen Lomana - veredes","isPartOf":{"@id":"https:\/\/veredes.es\/blog\/#website"},"primaryImageOfPage":{"@id":"https:\/\/veredes.es\/blog\/el-mercadillo-solidario-de-carmen-lomana\/#primaryimage"},"image":{"@id":"https:\/\/veredes.es\/blog\/el-mercadillo-solidario-de-carmen-lomana\/#primaryimage"},"thumbnailUrl":"https:\/\/veredes.es\/blog\/wp-content\/uploads\/2011\/12\/interior-1.jpg","datePublished":"2011-12-15T20:22:54+00:00","dateModified":"2015-02-13T12:38:59+00:00","description":"Toda la informaci\u00f3n sobre: El Mercadillo Solidario de Carmen LomanaO Mercadillo Solidario de Carmen LomanaRummage Sale by Carmen Lomana","breadcrumb":{"@id":"https:\/\/veredes.es\/blog\/el-mercadillo-solidario-de-carmen-lomana\/#breadcrumb"},"inLanguage":"es","potentialAction":[{"@type":"ReadAction","target":["https:\/\/veredes.es\/blog\/el-mercadillo-solidario-de-carmen-lomana\/"]}]},{"@type":"ImageObject","inLanguage":"es","@id":"https:\/\/veredes.es\/blog\/el-mercadillo-solidario-de-carmen-lomana\/#primaryimage","url":"https:\/\/veredes.es\/blog\/wp-content\/uploads\/2011\/12\/interior-1.jpg","contentUrl":"https:\/\/veredes.es\/blog\/wp-content\/uploads\/2011\/12\/interior-1.jpg","width":"298","height":"450"},{"@type":"BreadcrumbList","@id":"https:\/\/veredes.es\/blog\/el-mercadillo-solidario-de-carmen-lomana\/#breadcrumb","itemListElement":[{"@type":"ListItem","position":1,"name":"Portada","item":"https:\/\/veredes.es\/blog\/"},{"@type":"ListItem","position":2,"name":"El Mercadillo Solidario de Carmen Lomana"}]},{"@type":"WebSite","@id":"https:\/\/veredes.es\/blog\/#website","url":"https:\/\/veredes.es\/blog\/","name":"veredes, arquitectura y divulgaci\u00f3n","description":"veredes","publisher":{"@id":"https:\/\/veredes.es\/blog\/#organization"},"alternateName":"veredes","potentialAction":[{"@type":"SearchAction","target":{"@type":"EntryPoint","urlTemplate":"https:\/\/veredes.es\/blog\/?s={search_term_string}"},"query-input":{"@type":"PropertyValueSpecification","valueRequired":true,"valueName":"search_term_string"}}],"inLanguage":"es"},{"@type":"Organization","@id":"https:\/\/veredes.es\/blog\/#organization","name":"veredes, arquitectura y divulgaci\u00f3n","alternateName":"veredes","url":"https:\/\/veredes.es\/blog\/","logo":{"@type":"ImageObject","inLanguage":"es","@id":"https:\/\/veredes.es\/blog\/#\/schema\/logo\/image\/","url":"https:\/\/veredes.es\/blog\/wp-content\/uploads\/2021\/12\/veredes-logo-centrado_140x54.png","contentUrl":"https:\/\/veredes.es\/blog\/wp-content\/uploads\/2021\/12\/veredes-logo-centrado_140x54.png","width":140,"height":54,"caption":"veredes, arquitectura y divulgaci\u00f3n"},"image":{"@id":"https:\/\/veredes.es\/blog\/#\/schema\/logo\/image\/"},"sameAs":["https:\/\/www.facebook.com\/veredesArquitecturayDivulgacion\/","https:\/\/x.com\/veredes","https:\/\/instagram.com\/veredes\/","https:\/\/www.linkedin.com\/company\/veredes-arquitectura-y-divulgacion\/","https:\/\/es.pinterest.com\/veredes\/","https:\/\/www.tumblr.com\/veredes"]},{"@type":"Person","@id":"https:\/\/veredes.es\/blog\/#\/schema\/person\/0bbb669073ef7faba5168a0844e93d2c","name":"veredes","image":{"@type":"ImageObject","inLanguage":"es","@id":"https:\/\/veredes.es\/blog\/wp-content\/uploads\/2018\/04\/face-96x96.jpg","url":"https:\/\/veredes.es\/blog\/wp-content\/uploads\/2018\/04\/face-96x96.jpg","contentUrl":"https:\/\/veredes.es\/blog\/wp-content\/uploads\/2018\/04\/face-96x96.jpg","caption":"veredes"},"description":"Surge enero de 2009 como b\u00fasqueda de satisfacer el conocimiento de la actividad arquitect\u00f3nica y tangentes que se generan. La idea es crear un espacio para divulgar los diversos proyectos en busca de nueva inspiraci\u00f3n y de intercambio.","sameAs":["https:\/\/veredes.es\/","https:\/\/www.facebook.com\/veredesArquitecturayDivulgacion\/","https:\/\/www.instagram.com\/veredes\/","https:\/\/www.linkedin.com\/company\/veredes-arquitectura-y-divulgacion\/","https:\/\/www.pinterest.es\/veredes\/","https:\/\/x.com\/https:\/\/twitter.com\/veredes","https:\/\/veredes.tumblr.com\/"],"url":"https:\/\/veredes.es\/blog\/author\/alberto\/"}]}},"_links":{"self":[{"href":"https:\/\/veredes.es\/blog\/wp-json\/wp\/v2\/posts\/18680","targetHints":{"allow":["GET"]}}],"collection":[{"href":"https:\/\/veredes.es\/blog\/wp-json\/wp\/v2\/posts"}],"about":[{"href":"https:\/\/veredes.es\/blog\/wp-json\/wp\/v2\/types\/post"}],"author":[{"embeddable":true,"href":"https:\/\/veredes.es\/blog\/wp-json\/wp\/v2\/users\/2"}],"replies":[{"embeddable":true,"href":"https:\/\/veredes.es\/blog\/wp-json\/wp\/v2\/comments?post=18680"}],"version-history":[{"count":0,"href":"https:\/\/veredes.es\/blog\/wp-json\/wp\/v2\/posts\/18680\/revisions"}],"wp:featuredmedia":[{"embeddable":true,"href":"https:\/\/veredes.es\/blog\/wp-json\/wp\/v2\/media\/18681"}],"wp:attachment":[{"href":"https:\/\/veredes.es\/blog\/wp-json\/wp\/v2\/media?parent=18680"}],"wp:term":[{"taxonomy":"category","embeddable":true,"href":"https:\/\/veredes.es\/blog\/wp-json\/wp\/v2\/categories?post=18680"},{"taxonomy":"post_tag","embeddable":true,"href":"https:\/\/veredes.es\/blog\/wp-json\/wp\/v2\/tags?post=18680"}],"curies":[{"name":"wp","href":"https:\/\/api.w.org\/{rel}","templated":true}]}}