{"id":17630,"date":"2011-11-14T07:00:19","date_gmt":"2011-11-14T07:00:19","guid":{"rendered":"http:\/\/veredes.es\/blog\/?p=17630"},"modified":"2015-02-13T13:40:35","modified_gmt":"2015-02-13T13:40:35","slug":"crecimiento","status":"publish","type":"post","link":"https:\/\/veredes.es\/blog\/crecimiento\/","title":{"rendered":"Crecimiento"},"content":{"rendered":"<p><\/p>\n<p style=\"text-align: justify;\">Hasta el 8 de enero de 2012, se muestra en el Real Jard\u00edn Bot\u00e1nico de Madrid una selecci\u00f3n de fotograf\u00edas de la tercera edici\u00f3n del premio Prix Pictet. Celebrado en 2010 bajo el tema \u2018Crecimiento\u2019, el certamen internacional sobre fotograf\u00eda y sostenibilidad organizado por el banco privado con sede en Ginebra que le da nombre, seleccion\u00f3 a doce finalistas: Christian Als, Edward Burtynsky, St\u00e9phane Couturier, Chris Jordan, Yeondoo Jung, Vera Lutter, Nyaba Leon Ouedraogo, Taryn Simon, Thomas Struth, Guy Tillim\u00f9 y el norteamericano Mitch Epstein, quien obtuvo finalmente el premio dotado con 100.000 francos suizos (cerca de 83.000 euros) por su serie de fotograf\u00edas American Power.<\/p>\n<figure id=\"attachment_17631\" aria-describedby=\"caption-attachment-17631\" style=\"width: 621px\" class=\"wp-caption alignnone\"><a href=\"http:\/\/veredes.es\/blog\/wp-content\/uploads\/2011\/11\/prix_pictet_2010_1.jpg\"><img loading=\"lazy\" decoding=\"async\" class=\" wp-image-17631\" title=\"prix_pictet_2010_1\" src=\"http:\/\/veredes.es\/blog\/wp-content\/uploads\/2011\/11\/prix_pictet_2010_1.jpg\" alt=\"\" width=\"621\" height=\"417\" srcset=\"https:\/\/veredes.es\/blog\/wp-content\/uploads\/2011\/11\/prix_pictet_2010_1.jpg 400w, https:\/\/veredes.es\/blog\/wp-content\/uploads\/2011\/11\/prix_pictet_2010_1-300x201.jpg 300w\" sizes=\"auto, (max-width: 621px) 100vw, 621px\" \/><\/a><figcaption id=\"caption-attachment-17631\" class=\"wp-caption-text\"><span style=\"color: #888888;\">Michael Wolf, \u2018Aod 34\u2019 | arquitecturaviva.com<\/span><\/figcaption><\/figure>\n<p style=\"text-align: justify;\">[&#8230;]<\/p>\n<p style=\"text-align: justify;\"><a href=\"http:\/\/www.arquitecturaviva.com\/Cms\/Items\/ItemDetail.aspx?ID=3008\" target=\"_blank\"><span style=\"color: #888888;\">+ art\u00edculo publicado en arquitectura viva<\/span><\/a><\/p>\n<p><\/p>","protected":false},"excerpt":{"rendered":"<p>Hasta el 8 de enero de 2012, se muestra en el Real Jard\u00edn Bot\u00e1nico de Madrid una selecci\u00f3n de fotograf\u00edas de la tercera edici\u00f3n del premio Prix Pictet. Celebrado en 2010 bajo el tema \u2018Crecimiento\u2019, el certamen internacional sobre fotograf\u00eda y sostenibilidad organizado por el banco privado con sede en Ginebra que le da nombre, [&hellip;]<\/p>\n","protected":false},"author":2,"featured_media":17631,"comment_status":"open","ping_status":"closed","sticky":false,"template":"","format":"standard","meta":{"footnotes":""},"categories":[16,1382],"tags":[2831,2828,2829,521,1787,556,12460,2837,2838,2834,1093,2827,12469,2830,2835,2836,2833,2832],"class_list":{"0":"post-17630","1":"post","2":"type-post","3":"status-publish","4":"format-standard","5":"has-post-thumbnail","7":"category-eventos","8":"category-exposiciones","9":"tag-chris-jordan","10":"tag-christian-als","12":"tag-espana","13":"tag-europa","14":"tag-exposicion","15":"tag-fotografia","16":"tag-guy-tillimu","17":"tag-mitch-epstein","18":"tag-nyaba-leon-ouedraogo","19":"tag-premio-eventos","20":"tag-prix-pictet","21":"tag-sostenibilidad","22":"tag-stephane-couturier","23":"tag-taryn-simon","24":"tag-thomas-struth","25":"tag-vera-lutter","26":"tag-yeondoo-jung"},"yoast_head":"<!-- This site is optimized with the Yoast SEO plugin v27.5 - https:\/\/yoast.com\/product\/yoast-seo-wordpress\/ -->\n<title>CrecimientoCrecementoGrowth  - veredes<\/title>\n<meta name=\"description\" content=\"Toda la informaci\u00f3n sobre: CrecimientoCrecementoGrowth\" \/>\n<meta name=\"robots\" content=\"index, follow, max-snippet:-1, max-image-preview:large, max-video-preview:-1\" \/>\n<link rel=\"canonical\" href=\"https:\/\/veredes.es\/blog\/crecimiento\/\" \/>\n<meta property=\"og:locale\" content=\"es_ES\" \/>\n<meta property=\"og:type\" content=\"article\" \/>\n<meta property=\"og:title\" content=\"CrecimientoCrecementoGrowth  - veredes\" \/>\n<meta property=\"og:description\" content=\"Toda la informaci\u00f3n sobre: CrecimientoCrecementoGrowth\" \/>\n<meta property=\"og:url\" content=\"https:\/\/veredes.es\/blog\/crecimiento\/\" \/>\n<meta property=\"og:site_name\" content=\"veredes, arquitectura y divulgaci\u00f3n\" \/>\n<meta property=\"article:publisher\" content=\"https:\/\/www.facebook.com\/veredesArquitecturayDivulgacion\/\" \/>\n<meta property=\"article:author\" content=\"https:\/\/www.facebook.com\/veredesArquitecturayDivulgacion\/\" \/>\n<meta property=\"article:published_time\" content=\"2011-11-14T07:00:19+00:00\" \/>\n<meta property=\"article:modified_time\" content=\"2015-02-13T13:40:35+00:00\" \/>\n<meta property=\"og:image\" content=\"https:\/\/veredes.es\/blog\/wp-content\/uploads\/2011\/11\/prix_pictet_2010_1.jpg\" \/>\n\t<meta property=\"og:image:width\" content=\"400\" \/>\n\t<meta property=\"og:image:height\" content=\"269\" \/>\n\t<meta property=\"og:image:type\" content=\"image\/jpeg\" \/>\n<meta name=\"author\" content=\"veredes\" \/>\n<meta name=\"twitter:card\" content=\"summary_large_image\" \/>\n<meta name=\"twitter:creator\" content=\"@https:\/\/twitter.com\/veredes\" \/>\n<meta name=\"twitter:site\" content=\"@veredes\" \/>\n<meta name=\"twitter:label1\" content=\"Escrito por\" \/>\n\t<meta name=\"twitter:data1\" content=\"veredes\" \/>\n\t<meta name=\"twitter:label2\" content=\"Tiempo de lectura\" \/>\n\t<meta name=\"twitter:data2\" content=\"2 minutos\" \/>\n<script type=\"application\/ld+json\" class=\"yoast-schema-graph\">{\"@context\":\"https:\\\/\\\/schema.org\",\"@graph\":[{\"@type\":\"Article\",\"@id\":\"https:\\\/\\\/veredes.es\\\/blog\\\/crecimiento\\\/#article\",\"isPartOf\":{\"@id\":\"https:\\\/\\\/veredes.es\\\/blog\\\/crecimiento\\\/\"},\"author\":{\"name\":\"veredes\",\"@id\":\"https:\\\/\\\/veredes.es\\\/blog\\\/#\\\/schema\\\/person\\\/0bbb669073ef7faba5168a0844e93d2c\"},\"headline\":\"Crecimiento\",\"datePublished\":\"2011-11-14T07:00:19+00:00\",\"dateModified\":\"2015-02-13T13:40:35+00:00\",\"mainEntityOfPage\":{\"@id\":\"https:\\\/\\\/veredes.es\\\/blog\\\/crecimiento\\\/\"},\"wordCount\":369,\"commentCount\":521,\"publisher\":{\"@id\":\"https:\\\/\\\/veredes.es\\\/blog\\\/#organization\"},\"image\":{\"@id\":\"https:\\\/\\\/veredes.es\\\/blog\\\/crecimiento\\\/#primaryimage\"},\"thumbnailUrl\":\"https:\\\/\\\/veredes.es\\\/blog\\\/wp-content\\\/uploads\\\/2011\\\/11\\\/prix_pictet_2010_1.jpg\",\"keywords\":[\"chris jordan\",\"christian als\",\"edward burtynsky\",\"Espa\u00f1a\",\"Europa\",\"exposici\u00f3n\",\"fotograf\u00eda\",\"guy tillim\u00f9\",\"mitch epstein\",\"nyaba leon ouedraogo\",\"premio\",\"prix pictet\",\"sostenibilidad\",\"st\u00e9phane couturier\",\"taryn simon\",\"thomas struth\",\"vera lutter\",\"Yeondoo Jung\"],\"articleSection\":[\"eventos\",\"exposiciones\"],\"inLanguage\":\"es\",\"potentialAction\":[{\"@type\":\"CommentAction\",\"name\":\"Comment\",\"target\":[\"https:\\\/\\\/veredes.es\\\/blog\\\/crecimiento\\\/#respond\"]}]},{\"@type\":\"WebPage\",\"@id\":\"https:\\\/\\\/veredes.es\\\/blog\\\/crecimiento\\\/\",\"url\":\"https:\\\/\\\/veredes.es\\\/blog\\\/crecimiento\\\/\",\"name\":\"CrecimientoCrecementoGrowth - veredes\",\"isPartOf\":{\"@id\":\"https:\\\/\\\/veredes.es\\\/blog\\\/#website\"},\"primaryImageOfPage\":{\"@id\":\"https:\\\/\\\/veredes.es\\\/blog\\\/crecimiento\\\/#primaryimage\"},\"image\":{\"@id\":\"https:\\\/\\\/veredes.es\\\/blog\\\/crecimiento\\\/#primaryimage\"},\"thumbnailUrl\":\"https:\\\/\\\/veredes.es\\\/blog\\\/wp-content\\\/uploads\\\/2011\\\/11\\\/prix_pictet_2010_1.jpg\",\"datePublished\":\"2011-11-14T07:00:19+00:00\",\"dateModified\":\"2015-02-13T13:40:35+00:00\",\"description\":\"Toda la informaci\u00f3n sobre: CrecimientoCrecementoGrowth\",\"breadcrumb\":{\"@id\":\"https:\\\/\\\/veredes.es\\\/blog\\\/crecimiento\\\/#breadcrumb\"},\"inLanguage\":\"es\",\"potentialAction\":[{\"@type\":\"ReadAction\",\"target\":[\"https:\\\/\\\/veredes.es\\\/blog\\\/crecimiento\\\/\"]}]},{\"@type\":\"ImageObject\",\"inLanguage\":\"es\",\"@id\":\"https:\\\/\\\/veredes.es\\\/blog\\\/crecimiento\\\/#primaryimage\",\"url\":\"https:\\\/\\\/veredes.es\\\/blog\\\/wp-content\\\/uploads\\\/2011\\\/11\\\/prix_pictet_2010_1.jpg\",\"contentUrl\":\"https:\\\/\\\/veredes.es\\\/blog\\\/wp-content\\\/uploads\\\/2011\\\/11\\\/prix_pictet_2010_1.jpg\",\"width\":\"400\",\"height\":\"269\"},{\"@type\":\"BreadcrumbList\",\"@id\":\"https:\\\/\\\/veredes.es\\\/blog\\\/crecimiento\\\/#breadcrumb\",\"itemListElement\":[{\"@type\":\"ListItem\",\"position\":1,\"name\":\"Portada\",\"item\":\"https:\\\/\\\/veredes.es\\\/blog\\\/\"},{\"@type\":\"ListItem\",\"position\":2,\"name\":\"Crecimiento\"}]},{\"@type\":\"WebSite\",\"@id\":\"https:\\\/\\\/veredes.es\\\/blog\\\/#website\",\"url\":\"https:\\\/\\\/veredes.es\\\/blog\\\/\",\"name\":\"veredes, arquitectura y divulgaci\u00f3n\",\"description\":\"veredes\",\"publisher\":{\"@id\":\"https:\\\/\\\/veredes.es\\\/blog\\\/#organization\"},\"alternateName\":\"veredes\",\"potentialAction\":[{\"@type\":\"SearchAction\",\"target\":{\"@type\":\"EntryPoint\",\"urlTemplate\":\"https:\\\/\\\/veredes.es\\\/blog\\\/?s={search_term_string}\"},\"query-input\":{\"@type\":\"PropertyValueSpecification\",\"valueRequired\":true,\"valueName\":\"search_term_string\"}}],\"inLanguage\":\"es\"},{\"@type\":\"Organization\",\"@id\":\"https:\\\/\\\/veredes.es\\\/blog\\\/#organization\",\"name\":\"veredes, arquitectura y divulgaci\u00f3n\",\"alternateName\":\"veredes\",\"url\":\"https:\\\/\\\/veredes.es\\\/blog\\\/\",\"logo\":{\"@type\":\"ImageObject\",\"inLanguage\":\"es\",\"@id\":\"https:\\\/\\\/veredes.es\\\/blog\\\/#\\\/schema\\\/logo\\\/image\\\/\",\"url\":\"https:\\\/\\\/veredes.es\\\/blog\\\/wp-content\\\/uploads\\\/2021\\\/12\\\/veredes-logo-centrado_140x54.png\",\"contentUrl\":\"https:\\\/\\\/veredes.es\\\/blog\\\/wp-content\\\/uploads\\\/2021\\\/12\\\/veredes-logo-centrado_140x54.png\",\"width\":140,\"height\":54,\"caption\":\"veredes, arquitectura y divulgaci\u00f3n\"},\"image\":{\"@id\":\"https:\\\/\\\/veredes.es\\\/blog\\\/#\\\/schema\\\/logo\\\/image\\\/\"},\"sameAs\":[\"https:\\\/\\\/www.facebook.com\\\/veredesArquitecturayDivulgacion\\\/\",\"https:\\\/\\\/x.com\\\/veredes\",\"https:\\\/\\\/instagram.com\\\/veredes\\\/\",\"https:\\\/\\\/www.linkedin.com\\\/company\\\/veredes-arquitectura-y-divulgacion\\\/\",\"https:\\\/\\\/es.pinterest.com\\\/veredes\\\/\",\"https:\\\/\\\/www.tumblr.com\\\/veredes\"]},{\"@type\":\"Person\",\"@id\":\"https:\\\/\\\/veredes.es\\\/blog\\\/#\\\/schema\\\/person\\\/0bbb669073ef7faba5168a0844e93d2c\",\"name\":\"veredes\",\"image\":{\"@type\":\"ImageObject\",\"inLanguage\":\"es\",\"@id\":\"https:\\\/\\\/veredes.es\\\/blog\\\/wp-content\\\/uploads\\\/2018\\\/04\\\/face-96x96.jpg\",\"url\":\"https:\\\/\\\/veredes.es\\\/blog\\\/wp-content\\\/uploads\\\/2018\\\/04\\\/face-96x96.jpg\",\"contentUrl\":\"https:\\\/\\\/veredes.es\\\/blog\\\/wp-content\\\/uploads\\\/2018\\\/04\\\/face-96x96.jpg\",\"caption\":\"veredes\"},\"description\":\"Surge enero de 2009 como b\u00fasqueda de satisfacer el conocimiento de la actividad arquitect\u00f3nica y tangentes que se generan. La idea es crear un espacio para divulgar los diversos proyectos en busca de nueva inspiraci\u00f3n y de intercambio.\",\"sameAs\":[\"https:\\\/\\\/veredes.es\\\/\",\"https:\\\/\\\/www.facebook.com\\\/veredesArquitecturayDivulgacion\\\/\",\"https:\\\/\\\/www.instagram.com\\\/veredes\\\/\",\"https:\\\/\\\/www.linkedin.com\\\/company\\\/veredes-arquitectura-y-divulgacion\\\/\",\"https:\\\/\\\/www.pinterest.es\\\/veredes\\\/\",\"https:\\\/\\\/x.com\\\/https:\\\/\\\/twitter.com\\\/veredes\",\"https:\\\/\\\/veredes.tumblr.com\\\/\"],\"url\":\"https:\\\/\\\/veredes.es\\\/blog\\\/author\\\/alberto\\\/\"}]}<\/script>\n<!-- \/ Yoast SEO plugin. -->","yoast_head_json":{"title":"CrecimientoCrecementoGrowth  - veredes","description":"Toda la informaci\u00f3n sobre: CrecimientoCrecementoGrowth","robots":{"index":"index","follow":"follow","max-snippet":"max-snippet:-1","max-image-preview":"max-image-preview:large","max-video-preview":"max-video-preview:-1"},"canonical":"https:\/\/veredes.es\/blog\/crecimiento\/","og_locale":"es_ES","og_type":"article","og_title":"CrecimientoCrecementoGrowth  - veredes","og_description":"Toda la informaci\u00f3n sobre: CrecimientoCrecementoGrowth","og_url":"https:\/\/veredes.es\/blog\/crecimiento\/","og_site_name":"veredes, arquitectura y divulgaci\u00f3n","article_publisher":"https:\/\/www.facebook.com\/veredesArquitecturayDivulgacion\/","article_author":"https:\/\/www.facebook.com\/veredesArquitecturayDivulgacion\/","article_published_time":"2011-11-14T07:00:19+00:00","article_modified_time":"2015-02-13T13:40:35+00:00","og_image":[{"width":400,"height":269,"url":"https:\/\/veredes.es\/blog\/wp-content\/uploads\/2011\/11\/prix_pictet_2010_1.jpg","type":"image\/jpeg"}],"author":"veredes","twitter_card":"summary_large_image","twitter_creator":"@https:\/\/twitter.com\/veredes","twitter_site":"@veredes","twitter_misc":{"Escrito por":"veredes","Tiempo de lectura":"2 minutos"},"schema":{"@context":"https:\/\/schema.org","@graph":[{"@type":"Article","@id":"https:\/\/veredes.es\/blog\/crecimiento\/#article","isPartOf":{"@id":"https:\/\/veredes.es\/blog\/crecimiento\/"},"author":{"name":"veredes","@id":"https:\/\/veredes.es\/blog\/#\/schema\/person\/0bbb669073ef7faba5168a0844e93d2c"},"headline":"Crecimiento","datePublished":"2011-11-14T07:00:19+00:00","dateModified":"2015-02-13T13:40:35+00:00","mainEntityOfPage":{"@id":"https:\/\/veredes.es\/blog\/crecimiento\/"},"wordCount":369,"commentCount":521,"publisher":{"@id":"https:\/\/veredes.es\/blog\/#organization"},"image":{"@id":"https:\/\/veredes.es\/blog\/crecimiento\/#primaryimage"},"thumbnailUrl":"https:\/\/veredes.es\/blog\/wp-content\/uploads\/2011\/11\/prix_pictet_2010_1.jpg","keywords":["chris jordan","christian als","edward burtynsky","Espa\u00f1a","Europa","exposici\u00f3n","fotograf\u00eda","guy tillim\u00f9","mitch epstein","nyaba leon ouedraogo","premio","prix pictet","sostenibilidad","st\u00e9phane couturier","taryn simon","thomas struth","vera lutter","Yeondoo Jung"],"articleSection":["eventos","exposiciones"],"inLanguage":"es","potentialAction":[{"@type":"CommentAction","name":"Comment","target":["https:\/\/veredes.es\/blog\/crecimiento\/#respond"]}]},{"@type":"WebPage","@id":"https:\/\/veredes.es\/blog\/crecimiento\/","url":"https:\/\/veredes.es\/blog\/crecimiento\/","name":"CrecimientoCrecementoGrowth - veredes","isPartOf":{"@id":"https:\/\/veredes.es\/blog\/#website"},"primaryImageOfPage":{"@id":"https:\/\/veredes.es\/blog\/crecimiento\/#primaryimage"},"image":{"@id":"https:\/\/veredes.es\/blog\/crecimiento\/#primaryimage"},"thumbnailUrl":"https:\/\/veredes.es\/blog\/wp-content\/uploads\/2011\/11\/prix_pictet_2010_1.jpg","datePublished":"2011-11-14T07:00:19+00:00","dateModified":"2015-02-13T13:40:35+00:00","description":"Toda la informaci\u00f3n sobre: CrecimientoCrecementoGrowth","breadcrumb":{"@id":"https:\/\/veredes.es\/blog\/crecimiento\/#breadcrumb"},"inLanguage":"es","potentialAction":[{"@type":"ReadAction","target":["https:\/\/veredes.es\/blog\/crecimiento\/"]}]},{"@type":"ImageObject","inLanguage":"es","@id":"https:\/\/veredes.es\/blog\/crecimiento\/#primaryimage","url":"https:\/\/veredes.es\/blog\/wp-content\/uploads\/2011\/11\/prix_pictet_2010_1.jpg","contentUrl":"https:\/\/veredes.es\/blog\/wp-content\/uploads\/2011\/11\/prix_pictet_2010_1.jpg","width":"400","height":"269"},{"@type":"BreadcrumbList","@id":"https:\/\/veredes.es\/blog\/crecimiento\/#breadcrumb","itemListElement":[{"@type":"ListItem","position":1,"name":"Portada","item":"https:\/\/veredes.es\/blog\/"},{"@type":"ListItem","position":2,"name":"Crecimiento"}]},{"@type":"WebSite","@id":"https:\/\/veredes.es\/blog\/#website","url":"https:\/\/veredes.es\/blog\/","name":"veredes, arquitectura y divulgaci\u00f3n","description":"veredes","publisher":{"@id":"https:\/\/veredes.es\/blog\/#organization"},"alternateName":"veredes","potentialAction":[{"@type":"SearchAction","target":{"@type":"EntryPoint","urlTemplate":"https:\/\/veredes.es\/blog\/?s={search_term_string}"},"query-input":{"@type":"PropertyValueSpecification","valueRequired":true,"valueName":"search_term_string"}}],"inLanguage":"es"},{"@type":"Organization","@id":"https:\/\/veredes.es\/blog\/#organization","name":"veredes, arquitectura y divulgaci\u00f3n","alternateName":"veredes","url":"https:\/\/veredes.es\/blog\/","logo":{"@type":"ImageObject","inLanguage":"es","@id":"https:\/\/veredes.es\/blog\/#\/schema\/logo\/image\/","url":"https:\/\/veredes.es\/blog\/wp-content\/uploads\/2021\/12\/veredes-logo-centrado_140x54.png","contentUrl":"https:\/\/veredes.es\/blog\/wp-content\/uploads\/2021\/12\/veredes-logo-centrado_140x54.png","width":140,"height":54,"caption":"veredes, arquitectura y divulgaci\u00f3n"},"image":{"@id":"https:\/\/veredes.es\/blog\/#\/schema\/logo\/image\/"},"sameAs":["https:\/\/www.facebook.com\/veredesArquitecturayDivulgacion\/","https:\/\/x.com\/veredes","https:\/\/instagram.com\/veredes\/","https:\/\/www.linkedin.com\/company\/veredes-arquitectura-y-divulgacion\/","https:\/\/es.pinterest.com\/veredes\/","https:\/\/www.tumblr.com\/veredes"]},{"@type":"Person","@id":"https:\/\/veredes.es\/blog\/#\/schema\/person\/0bbb669073ef7faba5168a0844e93d2c","name":"veredes","image":{"@type":"ImageObject","inLanguage":"es","@id":"https:\/\/veredes.es\/blog\/wp-content\/uploads\/2018\/04\/face-96x96.jpg","url":"https:\/\/veredes.es\/blog\/wp-content\/uploads\/2018\/04\/face-96x96.jpg","contentUrl":"https:\/\/veredes.es\/blog\/wp-content\/uploads\/2018\/04\/face-96x96.jpg","caption":"veredes"},"description":"Surge enero de 2009 como b\u00fasqueda de satisfacer el conocimiento de la actividad arquitect\u00f3nica y tangentes que se generan. La idea es crear un espacio para divulgar los diversos proyectos en busca de nueva inspiraci\u00f3n y de intercambio.","sameAs":["https:\/\/veredes.es\/","https:\/\/www.facebook.com\/veredesArquitecturayDivulgacion\/","https:\/\/www.instagram.com\/veredes\/","https:\/\/www.linkedin.com\/company\/veredes-arquitectura-y-divulgacion\/","https:\/\/www.pinterest.es\/veredes\/","https:\/\/x.com\/https:\/\/twitter.com\/veredes","https:\/\/veredes.tumblr.com\/"],"url":"https:\/\/veredes.es\/blog\/author\/alberto\/"}]}},"_links":{"self":[{"href":"https:\/\/veredes.es\/blog\/wp-json\/wp\/v2\/posts\/17630","targetHints":{"allow":["GET"]}}],"collection":[{"href":"https:\/\/veredes.es\/blog\/wp-json\/wp\/v2\/posts"}],"about":[{"href":"https:\/\/veredes.es\/blog\/wp-json\/wp\/v2\/types\/post"}],"author":[{"embeddable":true,"href":"https:\/\/veredes.es\/blog\/wp-json\/wp\/v2\/users\/2"}],"replies":[{"embeddable":true,"href":"https:\/\/veredes.es\/blog\/wp-json\/wp\/v2\/comments?post=17630"}],"version-history":[{"count":0,"href":"https:\/\/veredes.es\/blog\/wp-json\/wp\/v2\/posts\/17630\/revisions"}],"wp:featuredmedia":[{"embeddable":true,"href":"https:\/\/veredes.es\/blog\/wp-json\/wp\/v2\/media\/17631"}],"wp:attachment":[{"href":"https:\/\/veredes.es\/blog\/wp-json\/wp\/v2\/media?parent=17630"}],"wp:term":[{"taxonomy":"category","embeddable":true,"href":"https:\/\/veredes.es\/blog\/wp-json\/wp\/v2\/categories?post=17630"},{"taxonomy":"post_tag","embeddable":true,"href":"https:\/\/veredes.es\/blog\/wp-json\/wp\/v2\/tags?post=17630"}],"curies":[{"name":"wp","href":"https:\/\/api.w.org\/{rel}","templated":true}]}}