{"id":1731,"date":"2010-01-18T22:42:17","date_gmt":"2010-01-18T22:42:17","guid":{"rendered":"http:\/\/veredes.es\/wordpress\/?p=1731"},"modified":"2020-01-18T15:05:39","modified_gmt":"2020-01-18T14:05:39","slug":"vivencias-simultaneas-david-frutos","status":"publish","type":"post","link":"https:\/\/veredes.es\/blog\/vivencias-simultaneas-david-frutos\/","title":{"rendered":"Vivencias simult\u00e1neas &#124; David Frutos."},"content":{"rendered":"<p><\/p>\n<p style=\"text-align: justify;\">Colegio de arquitectos de Murcia. 19 a 27 de febrero de 2010.<br \/>\nLa Regi\u00f3n de Murcia est\u00e1 sufriendo acelerados procesos de transformaci\u00f3n en su territorio y en sus modos de vida. David Frutos tiene su base de operaciones en el mismo campo de batalla. Desde sus inmediaciones opera como &#8230;testigo fiel. Paisajes f\u00edsicos que tambi\u00e9n lo son emocionales. Transformaciones que inevitablemente tambi\u00e9n lo son de la cultura contempor\u00e1nea. M\u00e1s all\u00e1 de la conveniencia de posicionarse ante un fen\u00f3meno tan intenso como fr\u00e1gil, Frutos nos propone el humor como medio de aproximaci\u00f3n a un proceso que a todos nos interpela. El recurso al humor es quiz\u00e1s el m\u00e1s eficaz para afrontar en igualdad de condiciones estos abruptos cambios. A algunos espectadores les provocar\u00e1n emociones positivas, otros ser\u00e1n presa de una profunda tristeza.<\/p>\n<p style=\"text-align: justify;\"><a href=\"https:\/\/veredes.es\/blog\/wp-content\/uploads\/2010\/01\/viviencias-simultaneas.jpg\"><img loading=\"lazy\" decoding=\"async\" class=\"alignnone size-medium wp-image-1732\" title=\"viviencias simultaneas\" src=\"https:\/\/veredes.es\/blog\/wp-content\/uploads\/2010\/01\/viviencias-simultaneas-300x290.jpg\" alt=\"\" width=\"300\" height=\"290\" \/><\/a><\/p>\n<p style=\"text-align: justify;\">Lo importante es el di\u00e1logo al que nos vemos obligados al consumirlas. El humor nos hace fuertes, no nos permite pasar de largo. Junto al humor y de manera inseparable, la violencia. El sentimiento de p\u00e9rdida, la intensidad pl\u00e1stica de los paisajes productivos, la sostenibilidad como contexto, y el territorio como campo de batalla, aparecen aqu\u00ed en forma de controversias dial\u00e9cticas sin soluci\u00f3n. La primera de las series que aqu\u00ed se muestran reducen la realidad a su condici\u00f3n objetual. Ignoramos si se trata de una denuncia de la infantilizaci\u00f3n de la sociedad civil contenida en los nuevos modelos residenciales, o si por el contrario son un canto de alabanza a una arquitectura convertida en paisaje homog\u00e9neo y estable. La segunda de las series aborda la modificaci\u00f3n en los modos de habitar que estos modelos incorporan como parte de sus din\u00e1micas generales de producci\u00f3n, abarcando aspectos como la especial configuraci\u00f3n de los sistemas de poder, la aparici\u00f3n de ex\u00f3ticas relaciones interpersonales, la construcci\u00f3n de lo deseable, los modos de producci\u00f3n de subjetividad\u2026<\/p>\n<p style=\"text-align: justify;\"><span style=\"color: #888888;\">+ www.coamu.com<\/span><\/p>\n<p><\/p>","protected":false},"excerpt":{"rendered":"<p>Colegio de arquitectos de Murcia. 19 a 27 de febrero de 2010. La Regi\u00f3n de Murcia est\u00e1 sufriendo acelerados procesos de transformaci\u00f3n en su territorio y en sus modos de vida. David Frutos tiene su base de operaciones en el mismo campo de batalla. Desde sus inmediaciones opera como &#8230;testigo fiel. Paisajes f\u00edsicos que tambi\u00e9n [&hellip;]<\/p>\n","protected":false},"author":2,"featured_media":1732,"comment_status":"open","ping_status":"closed","sticky":false,"template":"","format":"standard","meta":{"footnotes":""},"categories":[16],"tags":[423,556,913,977],"class_list":{"0":"post-1731","1":"post","2":"type-post","3":"status-publish","4":"format-standard","5":"has-post-thumbnail","7":"category-eventos","8":"tag-dialogo","9":"tag-exposicion","10":"tag-murcia","11":"tag-paisaje"},"yoast_head":"<!-- This site is optimized with the Yoast SEO plugin v27.5 - https:\/\/yoast.com\/product\/yoast-seo-wordpress\/ -->\n<title>Vivencias simult\u00e1neas &#124; David Frutos. - veredes<\/title>\n<meta name=\"description\" content=\"Toda la informaci\u00f3n sobre: Vivencias simult\u00e1neas &#124; David Frutos.\" \/>\n<meta name=\"robots\" content=\"index, follow, max-snippet:-1, max-image-preview:large, max-video-preview:-1\" \/>\n<link rel=\"canonical\" href=\"https:\/\/veredes.es\/blog\/vivencias-simultaneas-david-frutos\/\" \/>\n<meta property=\"og:locale\" content=\"es_ES\" \/>\n<meta property=\"og:type\" content=\"article\" \/>\n<meta property=\"og:title\" content=\"Vivencias simult\u00e1neas &#124; David Frutos. - veredes\" \/>\n<meta property=\"og:description\" content=\"Toda la informaci\u00f3n sobre: Vivencias simult\u00e1neas &#124; David Frutos.\" \/>\n<meta property=\"og:url\" content=\"https:\/\/veredes.es\/blog\/vivencias-simultaneas-david-frutos\/\" \/>\n<meta property=\"og:site_name\" content=\"veredes, arquitectura y divulgaci\u00f3n\" \/>\n<meta property=\"article:publisher\" content=\"https:\/\/www.facebook.com\/veredesArquitecturayDivulgacion\/\" \/>\n<meta property=\"article:author\" content=\"https:\/\/www.facebook.com\/veredesArquitecturayDivulgacion\/\" \/>\n<meta property=\"article:published_time\" content=\"2010-01-18T22:42:17+00:00\" \/>\n<meta property=\"article:modified_time\" content=\"2020-01-18T14:05:39+00:00\" \/>\n<meta property=\"og:image\" content=\"https:\/\/veredes.es\/blog\/wp-content\/uploads\/2010\/01\/viviencias-simultaneas1.jpg\" \/>\n\t<meta property=\"og:image:width\" content=\"440\" \/>\n\t<meta property=\"og:image:height\" content=\"426\" \/>\n\t<meta property=\"og:image:type\" content=\"image\/jpeg\" \/>\n<meta name=\"author\" content=\"veredes\" \/>\n<meta name=\"twitter:card\" content=\"summary_large_image\" \/>\n<meta name=\"twitter:creator\" content=\"@https:\/\/twitter.com\/veredes\" \/>\n<meta name=\"twitter:site\" content=\"@veredes\" \/>\n<meta name=\"twitter:label1\" content=\"Escrito por\" \/>\n\t<meta name=\"twitter:data1\" content=\"veredes\" \/>\n\t<meta name=\"twitter:label2\" content=\"Tiempo de lectura\" \/>\n\t<meta name=\"twitter:data2\" content=\"5 minutos\" \/>\n<script type=\"application\/ld+json\" class=\"yoast-schema-graph\">{\"@context\":\"https:\\\/\\\/schema.org\",\"@graph\":[{\"@type\":\"Article\",\"@id\":\"https:\\\/\\\/veredes.es\\\/blog\\\/vivencias-simultaneas-david-frutos\\\/#article\",\"isPartOf\":{\"@id\":\"https:\\\/\\\/veredes.es\\\/blog\\\/vivencias-simultaneas-david-frutos\\\/\"},\"author\":{\"name\":\"veredes\",\"@id\":\"https:\\\/\\\/veredes.es\\\/blog\\\/#\\\/schema\\\/person\\\/0bbb669073ef7faba5168a0844e93d2c\"},\"headline\":\"Vivencias simult\u00e1neas &#124; David Frutos.\",\"datePublished\":\"2010-01-18T22:42:17+00:00\",\"dateModified\":\"2020-01-18T14:05:39+00:00\",\"mainEntityOfPage\":{\"@id\":\"https:\\\/\\\/veredes.es\\\/blog\\\/vivencias-simultaneas-david-frutos\\\/\"},\"wordCount\":967,\"commentCount\":45,\"publisher\":{\"@id\":\"https:\\\/\\\/veredes.es\\\/blog\\\/#organization\"},\"image\":{\"@id\":\"https:\\\/\\\/veredes.es\\\/blog\\\/vivencias-simultaneas-david-frutos\\\/#primaryimage\"},\"thumbnailUrl\":\"https:\\\/\\\/veredes.es\\\/blog\\\/wp-content\\\/uploads\\\/2010\\\/01\\\/viviencias-simultaneas1.jpg\",\"keywords\":[\"di\u00e1logo\",\"exposici\u00f3n\",\"Murcia\",\"paisaje\"],\"articleSection\":[\"eventos\"],\"inLanguage\":\"es\",\"potentialAction\":[{\"@type\":\"CommentAction\",\"name\":\"Comment\",\"target\":[\"https:\\\/\\\/veredes.es\\\/blog\\\/vivencias-simultaneas-david-frutos\\\/#respond\"]}]},{\"@type\":\"WebPage\",\"@id\":\"https:\\\/\\\/veredes.es\\\/blog\\\/vivencias-simultaneas-david-frutos\\\/\",\"url\":\"https:\\\/\\\/veredes.es\\\/blog\\\/vivencias-simultaneas-david-frutos\\\/\",\"name\":\"Vivencias simult\u00e1neas &#124; David Frutos. - veredes\",\"isPartOf\":{\"@id\":\"https:\\\/\\\/veredes.es\\\/blog\\\/#website\"},\"primaryImageOfPage\":{\"@id\":\"https:\\\/\\\/veredes.es\\\/blog\\\/vivencias-simultaneas-david-frutos\\\/#primaryimage\"},\"image\":{\"@id\":\"https:\\\/\\\/veredes.es\\\/blog\\\/vivencias-simultaneas-david-frutos\\\/#primaryimage\"},\"thumbnailUrl\":\"https:\\\/\\\/veredes.es\\\/blog\\\/wp-content\\\/uploads\\\/2010\\\/01\\\/viviencias-simultaneas1.jpg\",\"datePublished\":\"2010-01-18T22:42:17+00:00\",\"dateModified\":\"2020-01-18T14:05:39+00:00\",\"description\":\"Toda la informaci\u00f3n sobre: Vivencias simult\u00e1neas &#124; David Frutos.\",\"breadcrumb\":{\"@id\":\"https:\\\/\\\/veredes.es\\\/blog\\\/vivencias-simultaneas-david-frutos\\\/#breadcrumb\"},\"inLanguage\":\"es\",\"potentialAction\":[{\"@type\":\"ReadAction\",\"target\":[\"https:\\\/\\\/veredes.es\\\/blog\\\/vivencias-simultaneas-david-frutos\\\/\"]}]},{\"@type\":\"ImageObject\",\"inLanguage\":\"es\",\"@id\":\"https:\\\/\\\/veredes.es\\\/blog\\\/vivencias-simultaneas-david-frutos\\\/#primaryimage\",\"url\":\"https:\\\/\\\/veredes.es\\\/blog\\\/wp-content\\\/uploads\\\/2010\\\/01\\\/viviencias-simultaneas1.jpg\",\"contentUrl\":\"https:\\\/\\\/veredes.es\\\/blog\\\/wp-content\\\/uploads\\\/2010\\\/01\\\/viviencias-simultaneas1.jpg\",\"width\":\"440\",\"height\":\"426\"},{\"@type\":\"BreadcrumbList\",\"@id\":\"https:\\\/\\\/veredes.es\\\/blog\\\/vivencias-simultaneas-david-frutos\\\/#breadcrumb\",\"itemListElement\":[{\"@type\":\"ListItem\",\"position\":1,\"name\":\"Portada\",\"item\":\"https:\\\/\\\/veredes.es\\\/blog\\\/\"},{\"@type\":\"ListItem\",\"position\":2,\"name\":\"Vivencias simult\u00e1neas &#124; David Frutos.\"}]},{\"@type\":\"WebSite\",\"@id\":\"https:\\\/\\\/veredes.es\\\/blog\\\/#website\",\"url\":\"https:\\\/\\\/veredes.es\\\/blog\\\/\",\"name\":\"veredes, arquitectura y divulgaci\u00f3n\",\"description\":\"veredes\",\"publisher\":{\"@id\":\"https:\\\/\\\/veredes.es\\\/blog\\\/#organization\"},\"alternateName\":\"veredes\",\"potentialAction\":[{\"@type\":\"SearchAction\",\"target\":{\"@type\":\"EntryPoint\",\"urlTemplate\":\"https:\\\/\\\/veredes.es\\\/blog\\\/?s={search_term_string}\"},\"query-input\":{\"@type\":\"PropertyValueSpecification\",\"valueRequired\":true,\"valueName\":\"search_term_string\"}}],\"inLanguage\":\"es\"},{\"@type\":\"Organization\",\"@id\":\"https:\\\/\\\/veredes.es\\\/blog\\\/#organization\",\"name\":\"veredes, arquitectura y divulgaci\u00f3n\",\"alternateName\":\"veredes\",\"url\":\"https:\\\/\\\/veredes.es\\\/blog\\\/\",\"logo\":{\"@type\":\"ImageObject\",\"inLanguage\":\"es\",\"@id\":\"https:\\\/\\\/veredes.es\\\/blog\\\/#\\\/schema\\\/logo\\\/image\\\/\",\"url\":\"https:\\\/\\\/veredes.es\\\/blog\\\/wp-content\\\/uploads\\\/2021\\\/12\\\/veredes-logo-centrado_140x54.png\",\"contentUrl\":\"https:\\\/\\\/veredes.es\\\/blog\\\/wp-content\\\/uploads\\\/2021\\\/12\\\/veredes-logo-centrado_140x54.png\",\"width\":140,\"height\":54,\"caption\":\"veredes, arquitectura y divulgaci\u00f3n\"},\"image\":{\"@id\":\"https:\\\/\\\/veredes.es\\\/blog\\\/#\\\/schema\\\/logo\\\/image\\\/\"},\"sameAs\":[\"https:\\\/\\\/www.facebook.com\\\/veredesArquitecturayDivulgacion\\\/\",\"https:\\\/\\\/x.com\\\/veredes\",\"https:\\\/\\\/instagram.com\\\/veredes\\\/\",\"https:\\\/\\\/www.linkedin.com\\\/company\\\/veredes-arquitectura-y-divulgacion\\\/\",\"https:\\\/\\\/es.pinterest.com\\\/veredes\\\/\",\"https:\\\/\\\/www.tumblr.com\\\/veredes\"]},{\"@type\":\"Person\",\"@id\":\"https:\\\/\\\/veredes.es\\\/blog\\\/#\\\/schema\\\/person\\\/0bbb669073ef7faba5168a0844e93d2c\",\"name\":\"veredes\",\"image\":{\"@type\":\"ImageObject\",\"inLanguage\":\"es\",\"@id\":\"https:\\\/\\\/veredes.es\\\/blog\\\/wp-content\\\/uploads\\\/2018\\\/04\\\/face-96x96.jpg\",\"url\":\"https:\\\/\\\/veredes.es\\\/blog\\\/wp-content\\\/uploads\\\/2018\\\/04\\\/face-96x96.jpg\",\"contentUrl\":\"https:\\\/\\\/veredes.es\\\/blog\\\/wp-content\\\/uploads\\\/2018\\\/04\\\/face-96x96.jpg\",\"caption\":\"veredes\"},\"description\":\"Surge enero de 2009 como b\u00fasqueda de satisfacer el conocimiento de la actividad arquitect\u00f3nica y tangentes que se generan. La idea es crear un espacio para divulgar los diversos proyectos en busca de nueva inspiraci\u00f3n y de intercambio.\",\"sameAs\":[\"https:\\\/\\\/veredes.es\\\/\",\"https:\\\/\\\/www.facebook.com\\\/veredesArquitecturayDivulgacion\\\/\",\"https:\\\/\\\/www.instagram.com\\\/veredes\\\/\",\"https:\\\/\\\/www.linkedin.com\\\/company\\\/veredes-arquitectura-y-divulgacion\\\/\",\"https:\\\/\\\/www.pinterest.es\\\/veredes\\\/\",\"https:\\\/\\\/x.com\\\/https:\\\/\\\/twitter.com\\\/veredes\",\"https:\\\/\\\/veredes.tumblr.com\\\/\"],\"url\":\"https:\\\/\\\/veredes.es\\\/blog\\\/author\\\/alberto\\\/\"}]}<\/script>\n<!-- \/ Yoast SEO plugin. -->","yoast_head_json":{"title":"Vivencias simult\u00e1neas &#124; David Frutos. - veredes","description":"Toda la informaci\u00f3n sobre: Vivencias simult\u00e1neas &#124; David Frutos.","robots":{"index":"index","follow":"follow","max-snippet":"max-snippet:-1","max-image-preview":"max-image-preview:large","max-video-preview":"max-video-preview:-1"},"canonical":"https:\/\/veredes.es\/blog\/vivencias-simultaneas-david-frutos\/","og_locale":"es_ES","og_type":"article","og_title":"Vivencias simult\u00e1neas &#124; David Frutos. - veredes","og_description":"Toda la informaci\u00f3n sobre: Vivencias simult\u00e1neas &#124; David Frutos.","og_url":"https:\/\/veredes.es\/blog\/vivencias-simultaneas-david-frutos\/","og_site_name":"veredes, arquitectura y divulgaci\u00f3n","article_publisher":"https:\/\/www.facebook.com\/veredesArquitecturayDivulgacion\/","article_author":"https:\/\/www.facebook.com\/veredesArquitecturayDivulgacion\/","article_published_time":"2010-01-18T22:42:17+00:00","article_modified_time":"2020-01-18T14:05:39+00:00","og_image":[{"width":440,"height":426,"url":"https:\/\/veredes.es\/blog\/wp-content\/uploads\/2010\/01\/viviencias-simultaneas1.jpg","type":"image\/jpeg"}],"author":"veredes","twitter_card":"summary_large_image","twitter_creator":"@https:\/\/twitter.com\/veredes","twitter_site":"@veredes","twitter_misc":{"Escrito por":"veredes","Tiempo de lectura":"5 minutos"},"schema":{"@context":"https:\/\/schema.org","@graph":[{"@type":"Article","@id":"https:\/\/veredes.es\/blog\/vivencias-simultaneas-david-frutos\/#article","isPartOf":{"@id":"https:\/\/veredes.es\/blog\/vivencias-simultaneas-david-frutos\/"},"author":{"name":"veredes","@id":"https:\/\/veredes.es\/blog\/#\/schema\/person\/0bbb669073ef7faba5168a0844e93d2c"},"headline":"Vivencias simult\u00e1neas &#124; David Frutos.","datePublished":"2010-01-18T22:42:17+00:00","dateModified":"2020-01-18T14:05:39+00:00","mainEntityOfPage":{"@id":"https:\/\/veredes.es\/blog\/vivencias-simultaneas-david-frutos\/"},"wordCount":967,"commentCount":45,"publisher":{"@id":"https:\/\/veredes.es\/blog\/#organization"},"image":{"@id":"https:\/\/veredes.es\/blog\/vivencias-simultaneas-david-frutos\/#primaryimage"},"thumbnailUrl":"https:\/\/veredes.es\/blog\/wp-content\/uploads\/2010\/01\/viviencias-simultaneas1.jpg","keywords":["di\u00e1logo","exposici\u00f3n","Murcia","paisaje"],"articleSection":["eventos"],"inLanguage":"es","potentialAction":[{"@type":"CommentAction","name":"Comment","target":["https:\/\/veredes.es\/blog\/vivencias-simultaneas-david-frutos\/#respond"]}]},{"@type":"WebPage","@id":"https:\/\/veredes.es\/blog\/vivencias-simultaneas-david-frutos\/","url":"https:\/\/veredes.es\/blog\/vivencias-simultaneas-david-frutos\/","name":"Vivencias simult\u00e1neas &#124; David Frutos. - veredes","isPartOf":{"@id":"https:\/\/veredes.es\/blog\/#website"},"primaryImageOfPage":{"@id":"https:\/\/veredes.es\/blog\/vivencias-simultaneas-david-frutos\/#primaryimage"},"image":{"@id":"https:\/\/veredes.es\/blog\/vivencias-simultaneas-david-frutos\/#primaryimage"},"thumbnailUrl":"https:\/\/veredes.es\/blog\/wp-content\/uploads\/2010\/01\/viviencias-simultaneas1.jpg","datePublished":"2010-01-18T22:42:17+00:00","dateModified":"2020-01-18T14:05:39+00:00","description":"Toda la informaci\u00f3n sobre: Vivencias simult\u00e1neas &#124; David Frutos.","breadcrumb":{"@id":"https:\/\/veredes.es\/blog\/vivencias-simultaneas-david-frutos\/#breadcrumb"},"inLanguage":"es","potentialAction":[{"@type":"ReadAction","target":["https:\/\/veredes.es\/blog\/vivencias-simultaneas-david-frutos\/"]}]},{"@type":"ImageObject","inLanguage":"es","@id":"https:\/\/veredes.es\/blog\/vivencias-simultaneas-david-frutos\/#primaryimage","url":"https:\/\/veredes.es\/blog\/wp-content\/uploads\/2010\/01\/viviencias-simultaneas1.jpg","contentUrl":"https:\/\/veredes.es\/blog\/wp-content\/uploads\/2010\/01\/viviencias-simultaneas1.jpg","width":"440","height":"426"},{"@type":"BreadcrumbList","@id":"https:\/\/veredes.es\/blog\/vivencias-simultaneas-david-frutos\/#breadcrumb","itemListElement":[{"@type":"ListItem","position":1,"name":"Portada","item":"https:\/\/veredes.es\/blog\/"},{"@type":"ListItem","position":2,"name":"Vivencias simult\u00e1neas &#124; David Frutos."}]},{"@type":"WebSite","@id":"https:\/\/veredes.es\/blog\/#website","url":"https:\/\/veredes.es\/blog\/","name":"veredes, arquitectura y divulgaci\u00f3n","description":"veredes","publisher":{"@id":"https:\/\/veredes.es\/blog\/#organization"},"alternateName":"veredes","potentialAction":[{"@type":"SearchAction","target":{"@type":"EntryPoint","urlTemplate":"https:\/\/veredes.es\/blog\/?s={search_term_string}"},"query-input":{"@type":"PropertyValueSpecification","valueRequired":true,"valueName":"search_term_string"}}],"inLanguage":"es"},{"@type":"Organization","@id":"https:\/\/veredes.es\/blog\/#organization","name":"veredes, arquitectura y divulgaci\u00f3n","alternateName":"veredes","url":"https:\/\/veredes.es\/blog\/","logo":{"@type":"ImageObject","inLanguage":"es","@id":"https:\/\/veredes.es\/blog\/#\/schema\/logo\/image\/","url":"https:\/\/veredes.es\/blog\/wp-content\/uploads\/2021\/12\/veredes-logo-centrado_140x54.png","contentUrl":"https:\/\/veredes.es\/blog\/wp-content\/uploads\/2021\/12\/veredes-logo-centrado_140x54.png","width":140,"height":54,"caption":"veredes, arquitectura y divulgaci\u00f3n"},"image":{"@id":"https:\/\/veredes.es\/blog\/#\/schema\/logo\/image\/"},"sameAs":["https:\/\/www.facebook.com\/veredesArquitecturayDivulgacion\/","https:\/\/x.com\/veredes","https:\/\/instagram.com\/veredes\/","https:\/\/www.linkedin.com\/company\/veredes-arquitectura-y-divulgacion\/","https:\/\/es.pinterest.com\/veredes\/","https:\/\/www.tumblr.com\/veredes"]},{"@type":"Person","@id":"https:\/\/veredes.es\/blog\/#\/schema\/person\/0bbb669073ef7faba5168a0844e93d2c","name":"veredes","image":{"@type":"ImageObject","inLanguage":"es","@id":"https:\/\/veredes.es\/blog\/wp-content\/uploads\/2018\/04\/face-96x96.jpg","url":"https:\/\/veredes.es\/blog\/wp-content\/uploads\/2018\/04\/face-96x96.jpg","contentUrl":"https:\/\/veredes.es\/blog\/wp-content\/uploads\/2018\/04\/face-96x96.jpg","caption":"veredes"},"description":"Surge enero de 2009 como b\u00fasqueda de satisfacer el conocimiento de la actividad arquitect\u00f3nica y tangentes que se generan. La idea es crear un espacio para divulgar los diversos proyectos en busca de nueva inspiraci\u00f3n y de intercambio.","sameAs":["https:\/\/veredes.es\/","https:\/\/www.facebook.com\/veredesArquitecturayDivulgacion\/","https:\/\/www.instagram.com\/veredes\/","https:\/\/www.linkedin.com\/company\/veredes-arquitectura-y-divulgacion\/","https:\/\/www.pinterest.es\/veredes\/","https:\/\/x.com\/https:\/\/twitter.com\/veredes","https:\/\/veredes.tumblr.com\/"],"url":"https:\/\/veredes.es\/blog\/author\/alberto\/"}]}},"_links":{"self":[{"href":"https:\/\/veredes.es\/blog\/wp-json\/wp\/v2\/posts\/1731","targetHints":{"allow":["GET"]}}],"collection":[{"href":"https:\/\/veredes.es\/blog\/wp-json\/wp\/v2\/posts"}],"about":[{"href":"https:\/\/veredes.es\/blog\/wp-json\/wp\/v2\/types\/post"}],"author":[{"embeddable":true,"href":"https:\/\/veredes.es\/blog\/wp-json\/wp\/v2\/users\/2"}],"replies":[{"embeddable":true,"href":"https:\/\/veredes.es\/blog\/wp-json\/wp\/v2\/comments?post=1731"}],"version-history":[{"count":0,"href":"https:\/\/veredes.es\/blog\/wp-json\/wp\/v2\/posts\/1731\/revisions"}],"wp:featuredmedia":[{"embeddable":true,"href":"https:\/\/veredes.es\/blog\/wp-json\/wp\/v2\/media\/1732"}],"wp:attachment":[{"href":"https:\/\/veredes.es\/blog\/wp-json\/wp\/v2\/media?parent=1731"}],"wp:term":[{"taxonomy":"category","embeddable":true,"href":"https:\/\/veredes.es\/blog\/wp-json\/wp\/v2\/categories?post=1731"},{"taxonomy":"post_tag","embeddable":true,"href":"https:\/\/veredes.es\/blog\/wp-json\/wp\/v2\/tags?post=1731"}],"curies":[{"name":"wp","href":"https:\/\/api.w.org\/{rel}","templated":true}]}}