{"id":17125,"date":"2011-10-19T07:37:49","date_gmt":"2011-10-19T07:37:49","guid":{"rendered":"http:\/\/veredes.es\/blog\/?p=17125"},"modified":"2015-02-13T17:06:33","modified_gmt":"2015-02-13T17:06:33","slug":"premio-juana-de-vega-de-arquitectura-2011-antonio-pernas","status":"publish","type":"post","link":"https:\/\/veredes.es\/blog\/premio-juana-de-vega-de-arquitectura-2011-antonio-pernas\/","title":{"rendered":"Premio Juana de Vega de Arquitectura 2011. Antonio Pernas"},"content":{"rendered":"<p><\/p>\n<div id=\"cambioTamano\">\n<p style=\"text-align: justify;\"><strong>Antonio Pernas<\/strong> ha sido galardonado hoy con el <strong>Premio \u00abJuana de Vega\u00bb de Arquitectura<\/strong> por una vivienda dise\u00f1ada en <strong>Aldea de Arriba<\/strong> (Bergondo), en A Coru\u00f1a, de la que el jurado ha valorado su compacto dise\u00f1o y alta eficiencia energ\u00e9tica.<\/p>\n<figure id=\"attachment_17134\" aria-describedby=\"caption-attachment-17134\" style=\"width: 620px\" class=\"wp-caption alignnone\"><a href=\"http:\/\/veredes.es\/blog\/wp-content\/uploads\/2011\/10\/casaaldeadearriba2011.jpg\"><img loading=\"lazy\" decoding=\"async\" class=\" wp-image-17134\" title=\"casaaldeadearriba2011\" src=\"http:\/\/veredes.es\/blog\/wp-content\/uploads\/2011\/10\/casaaldeadearriba2011.jpg\" alt=\"\" width=\"620\" height=\"410\" srcset=\"https:\/\/veredes.es\/blog\/wp-content\/uploads\/2011\/10\/casaaldeadearriba2011.jpg 400w, https:\/\/veredes.es\/blog\/wp-content\/uploads\/2011\/10\/casaaldeadearriba2011-300x198.jpg 300w, https:\/\/veredes.es\/blog\/wp-content\/uploads\/2011\/10\/casaaldeadearriba2011-145x95.jpg 145w\" sizes=\"auto, (max-width: 620px) 100vw, 620px\" \/><\/a><figcaption id=\"caption-attachment-17134\" class=\"wp-caption-text\"><span style=\"color: #888888;\">Casa en Aldea de Arriba[pernasvarela arquitectos]<\/span><\/figcaption><\/figure>\n<p style=\"text-align: justify;\">Los acc\u00e9sit fueron para \u00d3scar e Iv\u00e1n Andr\u00e9s Quintela (Arrokabe Arquitectos) por una obra en las proximidades de Lavacolla (Sabugueira do Carballal), y Pablo Men\u00e9ndez por una construcci\u00f3n en Caeira (Pontevedra). Tambi\u00e9n se concedi\u00f3 una menci\u00f3n especial como finalista destacada a la obra de rehabilitaci\u00f3n de Estefan\u00eda V\u00e1zquez M\u00fcller y Roi Feijoo Rei en el casco hist\u00f3rico de Ourense.<\/p>\n<p style=\"text-align: justify;\">La sede de la Fundaci\u00f3n \u00abJuana de Vega\u00bb ha acogido hoy el acto de lectura del fallo y entrega de los premios, con los que se reconoce la labor de los profesionales que, con sus proyectos, contribuyen a la mejora de la calidad de vida en el medio rural gallego con propuestas contempor\u00e1neas que se integran en el contorno natural adapt\u00e1ndose a la calidad paisaj\u00edstica de cada zona.<\/p>\n<p style=\"text-align: justify;\">Del proyecto ganador el jurado ha destacado la distribuci\u00f3n bien organizada con alternativas de movilidad exterior e interior y el buen criterio en el empleo de los materiales (madera, losas de hormig\u00f3n prefabricadas y acero galvanizado), y valora que contribuyen a una \u00abarmoniosa relaci\u00f3n entre la casa y el jard\u00edn\u00bb.<\/p>\n<p style=\"text-align: justify;\"><a href=\"http:\/\/www.lavozdegalicia.es\/ocioycultura\/2011\/10\/18\/00031318955693278508411.htm\" target=\"_blank\"><span style=\"color: #888888;\">+ art\u00edculo publicado en la voz de galicia<\/span><\/a><\/p>\n<\/div>\n<p><\/p>","protected":false},"excerpt":{"rendered":"<p>Antonio Pernas ha sido galardonado hoy con el Premio \u00abJuana de Vega\u00bb de Arquitectura por una vivienda dise\u00f1ada en Aldea de Arriba (Bergondo), en A Coru\u00f1a, de la que el jurado ha valorado su compacto dise\u00f1o y alta eficiencia energ\u00e9tica. Los acc\u00e9sit fueron para \u00d3scar e Iv\u00e1n Andr\u00e9s Quintela (Arrokabe Arquitectos) por una obra en [&hellip;]<\/p>\n","protected":false},"author":2,"featured_media":17134,"comment_status":"open","ping_status":"closed","sticky":false,"template":"","format":"standard","meta":{"footnotes":""},"categories":[16,1383],"tags":[2696,5865,521,7584,619,8747,1093,2695,12465,12455],"class_list":{"0":"post-17125","1":"post","2":"type-post","3":"status-publish","4":"format-standard","5":"has-post-thumbnail","7":"category-eventos","8":"category-premios","9":"tag-antonio-pernas-varela","11":"tag-espana","12":"tag-fundacion-juana-de-vega","13":"tag-galicia","14":"tag-pernas-varela-arquitectos","15":"tag-premio-eventos","16":"tag-premio-juana-de-vega","17":"tag-vivienda","18":"tag-vivienda-unifamiliar"},"yoast_head":"<!-- This site is optimized with the Yoast SEO plugin v27.5 - https:\/\/yoast.com\/product\/yoast-seo-wordpress\/ -->\n<title>Premio Juana de Vega de Arquitectura 2011. Antonio PernasPremio Juana de Vega de Arquitectura 2011. Antonio PernasJuana de Vega de Arquitectura Prize 2011. Antonio Pernas - veredes<\/title>\n<meta name=\"description\" content=\"Toda la informaci\u00f3n sobre: Premio Juana de Vega de Arquitectura 2011. Antonio PernasPremio Juana de Vega de Arquitectura 2011. Antonio PernasJuana de Vega de Arquitectura Prize 2011. Antonio Pernas\" \/>\n<meta name=\"robots\" content=\"index, follow, max-snippet:-1, max-image-preview:large, max-video-preview:-1\" \/>\n<link rel=\"canonical\" href=\"https:\/\/veredes.es\/blog\/premio-juana-de-vega-de-arquitectura-2011-antonio-pernas\/\" \/>\n<meta property=\"og:locale\" content=\"es_ES\" \/>\n<meta property=\"og:type\" content=\"article\" \/>\n<meta property=\"og:title\" content=\"Premio Juana de Vega de Arquitectura 2011. Antonio PernasPremio Juana de Vega de Arquitectura 2011. Antonio PernasJuana de Vega de Arquitectura Prize 2011. Antonio Pernas - veredes\" \/>\n<meta property=\"og:description\" content=\"Toda la informaci\u00f3n sobre: Premio Juana de Vega de Arquitectura 2011. Antonio PernasPremio Juana de Vega de Arquitectura 2011. Antonio PernasJuana de Vega de Arquitectura Prize 2011. Antonio Pernas\" \/>\n<meta property=\"og:url\" content=\"https:\/\/veredes.es\/blog\/premio-juana-de-vega-de-arquitectura-2011-antonio-pernas\/\" \/>\n<meta property=\"og:site_name\" content=\"veredes, arquitectura y divulgaci\u00f3n\" \/>\n<meta property=\"article:publisher\" content=\"https:\/\/www.facebook.com\/veredesArquitecturayDivulgacion\/\" \/>\n<meta property=\"article:author\" content=\"https:\/\/www.facebook.com\/veredesArquitecturayDivulgacion\/\" \/>\n<meta property=\"article:published_time\" content=\"2011-10-19T07:37:49+00:00\" \/>\n<meta property=\"article:modified_time\" content=\"2015-02-13T17:06:33+00:00\" \/>\n<meta property=\"og:image\" content=\"https:\/\/veredes.es\/blog\/wp-content\/uploads\/2011\/10\/casaaldeadearriba2011.jpg\" \/>\n\t<meta property=\"og:image:width\" content=\"400\" \/>\n\t<meta property=\"og:image:height\" content=\"265\" \/>\n\t<meta property=\"og:image:type\" content=\"image\/jpeg\" \/>\n<meta name=\"author\" content=\"veredes\" \/>\n<meta name=\"twitter:card\" content=\"summary_large_image\" \/>\n<meta name=\"twitter:creator\" content=\"@https:\/\/twitter.com\/veredes\" \/>\n<meta name=\"twitter:site\" content=\"@veredes\" \/>\n<meta name=\"twitter:label1\" content=\"Escrito por\" \/>\n\t<meta name=\"twitter:data1\" content=\"veredes\" \/>\n\t<meta name=\"twitter:label2\" content=\"Tiempo de lectura\" \/>\n\t<meta name=\"twitter:data2\" content=\"4 minutos\" \/>\n<script type=\"application\/ld+json\" class=\"yoast-schema-graph\">{\"@context\":\"https:\\\/\\\/schema.org\",\"@graph\":[{\"@type\":\"Article\",\"@id\":\"https:\\\/\\\/veredes.es\\\/blog\\\/premio-juana-de-vega-de-arquitectura-2011-antonio-pernas\\\/#article\",\"isPartOf\":{\"@id\":\"https:\\\/\\\/veredes.es\\\/blog\\\/premio-juana-de-vega-de-arquitectura-2011-antonio-pernas\\\/\"},\"author\":{\"name\":\"veredes\",\"@id\":\"https:\\\/\\\/veredes.es\\\/blog\\\/#\\\/schema\\\/person\\\/0bbb669073ef7faba5168a0844e93d2c\"},\"headline\":\"Premio Juana de Vega de Arquitectura 2011. Antonio Pernas\",\"datePublished\":\"2011-10-19T07:37:49+00:00\",\"dateModified\":\"2015-02-13T17:06:33+00:00\",\"mainEntityOfPage\":{\"@id\":\"https:\\\/\\\/veredes.es\\\/blog\\\/premio-juana-de-vega-de-arquitectura-2011-antonio-pernas\\\/\"},\"wordCount\":774,\"commentCount\":96,\"publisher\":{\"@id\":\"https:\\\/\\\/veredes.es\\\/blog\\\/#organization\"},\"image\":{\"@id\":\"https:\\\/\\\/veredes.es\\\/blog\\\/premio-juana-de-vega-de-arquitectura-2011-antonio-pernas\\\/#primaryimage\"},\"thumbnailUrl\":\"https:\\\/\\\/veredes.es\\\/blog\\\/wp-content\\\/uploads\\\/2011\\\/10\\\/casaaldeadearriba2011.jpg\",\"keywords\":[\"Antonio Pernas Varela\",\"arquitectura gallega\",\"Espa\u00f1a\",\"fundaci\u00f3n Juana de Vega\",\"Galicia\",\"pernas varela arquitectos\",\"premio\",\"premio Juana de Vega\",\"vivienda\",\"vivienda unifamiliar\"],\"articleSection\":[\"eventos\",\"premios\"],\"inLanguage\":\"es\",\"potentialAction\":[{\"@type\":\"CommentAction\",\"name\":\"Comment\",\"target\":[\"https:\\\/\\\/veredes.es\\\/blog\\\/premio-juana-de-vega-de-arquitectura-2011-antonio-pernas\\\/#respond\"]}]},{\"@type\":\"WebPage\",\"@id\":\"https:\\\/\\\/veredes.es\\\/blog\\\/premio-juana-de-vega-de-arquitectura-2011-antonio-pernas\\\/\",\"url\":\"https:\\\/\\\/veredes.es\\\/blog\\\/premio-juana-de-vega-de-arquitectura-2011-antonio-pernas\\\/\",\"name\":\"Premio Juana de Vega de Arquitectura 2011. Antonio PernasPremio Juana de Vega de Arquitectura 2011. Antonio PernasJuana de Vega de Arquitectura Prize 2011. Antonio Pernas - veredes\",\"isPartOf\":{\"@id\":\"https:\\\/\\\/veredes.es\\\/blog\\\/#website\"},\"primaryImageOfPage\":{\"@id\":\"https:\\\/\\\/veredes.es\\\/blog\\\/premio-juana-de-vega-de-arquitectura-2011-antonio-pernas\\\/#primaryimage\"},\"image\":{\"@id\":\"https:\\\/\\\/veredes.es\\\/blog\\\/premio-juana-de-vega-de-arquitectura-2011-antonio-pernas\\\/#primaryimage\"},\"thumbnailUrl\":\"https:\\\/\\\/veredes.es\\\/blog\\\/wp-content\\\/uploads\\\/2011\\\/10\\\/casaaldeadearriba2011.jpg\",\"datePublished\":\"2011-10-19T07:37:49+00:00\",\"dateModified\":\"2015-02-13T17:06:33+00:00\",\"description\":\"Toda la informaci\u00f3n sobre: Premio Juana de Vega de Arquitectura 2011. Antonio PernasPremio Juana de Vega de Arquitectura 2011. Antonio PernasJuana de Vega de Arquitectura Prize 2011. Antonio Pernas\",\"breadcrumb\":{\"@id\":\"https:\\\/\\\/veredes.es\\\/blog\\\/premio-juana-de-vega-de-arquitectura-2011-antonio-pernas\\\/#breadcrumb\"},\"inLanguage\":\"es\",\"potentialAction\":[{\"@type\":\"ReadAction\",\"target\":[\"https:\\\/\\\/veredes.es\\\/blog\\\/premio-juana-de-vega-de-arquitectura-2011-antonio-pernas\\\/\"]}]},{\"@type\":\"ImageObject\",\"inLanguage\":\"es\",\"@id\":\"https:\\\/\\\/veredes.es\\\/blog\\\/premio-juana-de-vega-de-arquitectura-2011-antonio-pernas\\\/#primaryimage\",\"url\":\"https:\\\/\\\/veredes.es\\\/blog\\\/wp-content\\\/uploads\\\/2011\\\/10\\\/casaaldeadearriba2011.jpg\",\"contentUrl\":\"https:\\\/\\\/veredes.es\\\/blog\\\/wp-content\\\/uploads\\\/2011\\\/10\\\/casaaldeadearriba2011.jpg\",\"width\":\"400\",\"height\":\"265\"},{\"@type\":\"BreadcrumbList\",\"@id\":\"https:\\\/\\\/veredes.es\\\/blog\\\/premio-juana-de-vega-de-arquitectura-2011-antonio-pernas\\\/#breadcrumb\",\"itemListElement\":[{\"@type\":\"ListItem\",\"position\":1,\"name\":\"Portada\",\"item\":\"https:\\\/\\\/veredes.es\\\/blog\\\/\"},{\"@type\":\"ListItem\",\"position\":2,\"name\":\"Premio Juana de Vega de Arquitectura 2011. Antonio Pernas\"}]},{\"@type\":\"WebSite\",\"@id\":\"https:\\\/\\\/veredes.es\\\/blog\\\/#website\",\"url\":\"https:\\\/\\\/veredes.es\\\/blog\\\/\",\"name\":\"veredes, arquitectura y divulgaci\u00f3n\",\"description\":\"veredes\",\"publisher\":{\"@id\":\"https:\\\/\\\/veredes.es\\\/blog\\\/#organization\"},\"alternateName\":\"veredes\",\"potentialAction\":[{\"@type\":\"SearchAction\",\"target\":{\"@type\":\"EntryPoint\",\"urlTemplate\":\"https:\\\/\\\/veredes.es\\\/blog\\\/?s={search_term_string}\"},\"query-input\":{\"@type\":\"PropertyValueSpecification\",\"valueRequired\":true,\"valueName\":\"search_term_string\"}}],\"inLanguage\":\"es\"},{\"@type\":\"Organization\",\"@id\":\"https:\\\/\\\/veredes.es\\\/blog\\\/#organization\",\"name\":\"veredes, arquitectura y divulgaci\u00f3n\",\"alternateName\":\"veredes\",\"url\":\"https:\\\/\\\/veredes.es\\\/blog\\\/\",\"logo\":{\"@type\":\"ImageObject\",\"inLanguage\":\"es\",\"@id\":\"https:\\\/\\\/veredes.es\\\/blog\\\/#\\\/schema\\\/logo\\\/image\\\/\",\"url\":\"https:\\\/\\\/veredes.es\\\/blog\\\/wp-content\\\/uploads\\\/2021\\\/12\\\/veredes-logo-centrado_140x54.png\",\"contentUrl\":\"https:\\\/\\\/veredes.es\\\/blog\\\/wp-content\\\/uploads\\\/2021\\\/12\\\/veredes-logo-centrado_140x54.png\",\"width\":140,\"height\":54,\"caption\":\"veredes, arquitectura y divulgaci\u00f3n\"},\"image\":{\"@id\":\"https:\\\/\\\/veredes.es\\\/blog\\\/#\\\/schema\\\/logo\\\/image\\\/\"},\"sameAs\":[\"https:\\\/\\\/www.facebook.com\\\/veredesArquitecturayDivulgacion\\\/\",\"https:\\\/\\\/x.com\\\/veredes\",\"https:\\\/\\\/instagram.com\\\/veredes\\\/\",\"https:\\\/\\\/www.linkedin.com\\\/company\\\/veredes-arquitectura-y-divulgacion\\\/\",\"https:\\\/\\\/es.pinterest.com\\\/veredes\\\/\",\"https:\\\/\\\/www.tumblr.com\\\/veredes\"]},{\"@type\":\"Person\",\"@id\":\"https:\\\/\\\/veredes.es\\\/blog\\\/#\\\/schema\\\/person\\\/0bbb669073ef7faba5168a0844e93d2c\",\"name\":\"veredes\",\"image\":{\"@type\":\"ImageObject\",\"inLanguage\":\"es\",\"@id\":\"https:\\\/\\\/veredes.es\\\/blog\\\/wp-content\\\/uploads\\\/2018\\\/04\\\/face-96x96.jpg\",\"url\":\"https:\\\/\\\/veredes.es\\\/blog\\\/wp-content\\\/uploads\\\/2018\\\/04\\\/face-96x96.jpg\",\"contentUrl\":\"https:\\\/\\\/veredes.es\\\/blog\\\/wp-content\\\/uploads\\\/2018\\\/04\\\/face-96x96.jpg\",\"caption\":\"veredes\"},\"description\":\"Surge enero de 2009 como b\u00fasqueda de satisfacer el conocimiento de la actividad arquitect\u00f3nica y tangentes que se generan. La idea es crear un espacio para divulgar los diversos proyectos en busca de nueva inspiraci\u00f3n y de intercambio.\",\"sameAs\":[\"https:\\\/\\\/veredes.es\\\/\",\"https:\\\/\\\/www.facebook.com\\\/veredesArquitecturayDivulgacion\\\/\",\"https:\\\/\\\/www.instagram.com\\\/veredes\\\/\",\"https:\\\/\\\/www.linkedin.com\\\/company\\\/veredes-arquitectura-y-divulgacion\\\/\",\"https:\\\/\\\/www.pinterest.es\\\/veredes\\\/\",\"https:\\\/\\\/x.com\\\/https:\\\/\\\/twitter.com\\\/veredes\",\"https:\\\/\\\/veredes.tumblr.com\\\/\"],\"url\":\"https:\\\/\\\/veredes.es\\\/blog\\\/author\\\/alberto\\\/\"}]}<\/script>\n<!-- \/ Yoast SEO plugin. -->","yoast_head_json":{"title":"Premio Juana de Vega de Arquitectura 2011. Antonio PernasPremio Juana de Vega de Arquitectura 2011. Antonio PernasJuana de Vega de Arquitectura Prize 2011. Antonio Pernas - veredes","description":"Toda la informaci\u00f3n sobre: Premio Juana de Vega de Arquitectura 2011. Antonio PernasPremio Juana de Vega de Arquitectura 2011. Antonio PernasJuana de Vega de Arquitectura Prize 2011. Antonio Pernas","robots":{"index":"index","follow":"follow","max-snippet":"max-snippet:-1","max-image-preview":"max-image-preview:large","max-video-preview":"max-video-preview:-1"},"canonical":"https:\/\/veredes.es\/blog\/premio-juana-de-vega-de-arquitectura-2011-antonio-pernas\/","og_locale":"es_ES","og_type":"article","og_title":"Premio Juana de Vega de Arquitectura 2011. Antonio PernasPremio Juana de Vega de Arquitectura 2011. Antonio PernasJuana de Vega de Arquitectura Prize 2011. Antonio Pernas - veredes","og_description":"Toda la informaci\u00f3n sobre: Premio Juana de Vega de Arquitectura 2011. Antonio PernasPremio Juana de Vega de Arquitectura 2011. Antonio PernasJuana de Vega de Arquitectura Prize 2011. Antonio Pernas","og_url":"https:\/\/veredes.es\/blog\/premio-juana-de-vega-de-arquitectura-2011-antonio-pernas\/","og_site_name":"veredes, arquitectura y divulgaci\u00f3n","article_publisher":"https:\/\/www.facebook.com\/veredesArquitecturayDivulgacion\/","article_author":"https:\/\/www.facebook.com\/veredesArquitecturayDivulgacion\/","article_published_time":"2011-10-19T07:37:49+00:00","article_modified_time":"2015-02-13T17:06:33+00:00","og_image":[{"width":400,"height":265,"url":"https:\/\/veredes.es\/blog\/wp-content\/uploads\/2011\/10\/casaaldeadearriba2011.jpg","type":"image\/jpeg"}],"author":"veredes","twitter_card":"summary_large_image","twitter_creator":"@https:\/\/twitter.com\/veredes","twitter_site":"@veredes","twitter_misc":{"Escrito por":"veredes","Tiempo de lectura":"4 minutos"},"schema":{"@context":"https:\/\/schema.org","@graph":[{"@type":"Article","@id":"https:\/\/veredes.es\/blog\/premio-juana-de-vega-de-arquitectura-2011-antonio-pernas\/#article","isPartOf":{"@id":"https:\/\/veredes.es\/blog\/premio-juana-de-vega-de-arquitectura-2011-antonio-pernas\/"},"author":{"name":"veredes","@id":"https:\/\/veredes.es\/blog\/#\/schema\/person\/0bbb669073ef7faba5168a0844e93d2c"},"headline":"Premio Juana de Vega de Arquitectura 2011. Antonio Pernas","datePublished":"2011-10-19T07:37:49+00:00","dateModified":"2015-02-13T17:06:33+00:00","mainEntityOfPage":{"@id":"https:\/\/veredes.es\/blog\/premio-juana-de-vega-de-arquitectura-2011-antonio-pernas\/"},"wordCount":774,"commentCount":96,"publisher":{"@id":"https:\/\/veredes.es\/blog\/#organization"},"image":{"@id":"https:\/\/veredes.es\/blog\/premio-juana-de-vega-de-arquitectura-2011-antonio-pernas\/#primaryimage"},"thumbnailUrl":"https:\/\/veredes.es\/blog\/wp-content\/uploads\/2011\/10\/casaaldeadearriba2011.jpg","keywords":["Antonio Pernas Varela","arquitectura gallega","Espa\u00f1a","fundaci\u00f3n Juana de Vega","Galicia","pernas varela arquitectos","premio","premio Juana de Vega","vivienda","vivienda unifamiliar"],"articleSection":["eventos","premios"],"inLanguage":"es","potentialAction":[{"@type":"CommentAction","name":"Comment","target":["https:\/\/veredes.es\/blog\/premio-juana-de-vega-de-arquitectura-2011-antonio-pernas\/#respond"]}]},{"@type":"WebPage","@id":"https:\/\/veredes.es\/blog\/premio-juana-de-vega-de-arquitectura-2011-antonio-pernas\/","url":"https:\/\/veredes.es\/blog\/premio-juana-de-vega-de-arquitectura-2011-antonio-pernas\/","name":"Premio Juana de Vega de Arquitectura 2011. Antonio PernasPremio Juana de Vega de Arquitectura 2011. Antonio PernasJuana de Vega de Arquitectura Prize 2011. Antonio Pernas - veredes","isPartOf":{"@id":"https:\/\/veredes.es\/blog\/#website"},"primaryImageOfPage":{"@id":"https:\/\/veredes.es\/blog\/premio-juana-de-vega-de-arquitectura-2011-antonio-pernas\/#primaryimage"},"image":{"@id":"https:\/\/veredes.es\/blog\/premio-juana-de-vega-de-arquitectura-2011-antonio-pernas\/#primaryimage"},"thumbnailUrl":"https:\/\/veredes.es\/blog\/wp-content\/uploads\/2011\/10\/casaaldeadearriba2011.jpg","datePublished":"2011-10-19T07:37:49+00:00","dateModified":"2015-02-13T17:06:33+00:00","description":"Toda la informaci\u00f3n sobre: Premio Juana de Vega de Arquitectura 2011. Antonio PernasPremio Juana de Vega de Arquitectura 2011. Antonio PernasJuana de Vega de Arquitectura Prize 2011. Antonio Pernas","breadcrumb":{"@id":"https:\/\/veredes.es\/blog\/premio-juana-de-vega-de-arquitectura-2011-antonio-pernas\/#breadcrumb"},"inLanguage":"es","potentialAction":[{"@type":"ReadAction","target":["https:\/\/veredes.es\/blog\/premio-juana-de-vega-de-arquitectura-2011-antonio-pernas\/"]}]},{"@type":"ImageObject","inLanguage":"es","@id":"https:\/\/veredes.es\/blog\/premio-juana-de-vega-de-arquitectura-2011-antonio-pernas\/#primaryimage","url":"https:\/\/veredes.es\/blog\/wp-content\/uploads\/2011\/10\/casaaldeadearriba2011.jpg","contentUrl":"https:\/\/veredes.es\/blog\/wp-content\/uploads\/2011\/10\/casaaldeadearriba2011.jpg","width":"400","height":"265"},{"@type":"BreadcrumbList","@id":"https:\/\/veredes.es\/blog\/premio-juana-de-vega-de-arquitectura-2011-antonio-pernas\/#breadcrumb","itemListElement":[{"@type":"ListItem","position":1,"name":"Portada","item":"https:\/\/veredes.es\/blog\/"},{"@type":"ListItem","position":2,"name":"Premio Juana de Vega de Arquitectura 2011. Antonio Pernas"}]},{"@type":"WebSite","@id":"https:\/\/veredes.es\/blog\/#website","url":"https:\/\/veredes.es\/blog\/","name":"veredes, arquitectura y divulgaci\u00f3n","description":"veredes","publisher":{"@id":"https:\/\/veredes.es\/blog\/#organization"},"alternateName":"veredes","potentialAction":[{"@type":"SearchAction","target":{"@type":"EntryPoint","urlTemplate":"https:\/\/veredes.es\/blog\/?s={search_term_string}"},"query-input":{"@type":"PropertyValueSpecification","valueRequired":true,"valueName":"search_term_string"}}],"inLanguage":"es"},{"@type":"Organization","@id":"https:\/\/veredes.es\/blog\/#organization","name":"veredes, arquitectura y divulgaci\u00f3n","alternateName":"veredes","url":"https:\/\/veredes.es\/blog\/","logo":{"@type":"ImageObject","inLanguage":"es","@id":"https:\/\/veredes.es\/blog\/#\/schema\/logo\/image\/","url":"https:\/\/veredes.es\/blog\/wp-content\/uploads\/2021\/12\/veredes-logo-centrado_140x54.png","contentUrl":"https:\/\/veredes.es\/blog\/wp-content\/uploads\/2021\/12\/veredes-logo-centrado_140x54.png","width":140,"height":54,"caption":"veredes, arquitectura y divulgaci\u00f3n"},"image":{"@id":"https:\/\/veredes.es\/blog\/#\/schema\/logo\/image\/"},"sameAs":["https:\/\/www.facebook.com\/veredesArquitecturayDivulgacion\/","https:\/\/x.com\/veredes","https:\/\/instagram.com\/veredes\/","https:\/\/www.linkedin.com\/company\/veredes-arquitectura-y-divulgacion\/","https:\/\/es.pinterest.com\/veredes\/","https:\/\/www.tumblr.com\/veredes"]},{"@type":"Person","@id":"https:\/\/veredes.es\/blog\/#\/schema\/person\/0bbb669073ef7faba5168a0844e93d2c","name":"veredes","image":{"@type":"ImageObject","inLanguage":"es","@id":"https:\/\/veredes.es\/blog\/wp-content\/uploads\/2018\/04\/face-96x96.jpg","url":"https:\/\/veredes.es\/blog\/wp-content\/uploads\/2018\/04\/face-96x96.jpg","contentUrl":"https:\/\/veredes.es\/blog\/wp-content\/uploads\/2018\/04\/face-96x96.jpg","caption":"veredes"},"description":"Surge enero de 2009 como b\u00fasqueda de satisfacer el conocimiento de la actividad arquitect\u00f3nica y tangentes que se generan. La idea es crear un espacio para divulgar los diversos proyectos en busca de nueva inspiraci\u00f3n y de intercambio.","sameAs":["https:\/\/veredes.es\/","https:\/\/www.facebook.com\/veredesArquitecturayDivulgacion\/","https:\/\/www.instagram.com\/veredes\/","https:\/\/www.linkedin.com\/company\/veredes-arquitectura-y-divulgacion\/","https:\/\/www.pinterest.es\/veredes\/","https:\/\/x.com\/https:\/\/twitter.com\/veredes","https:\/\/veredes.tumblr.com\/"],"url":"https:\/\/veredes.es\/blog\/author\/alberto\/"}]}},"_links":{"self":[{"href":"https:\/\/veredes.es\/blog\/wp-json\/wp\/v2\/posts\/17125","targetHints":{"allow":["GET"]}}],"collection":[{"href":"https:\/\/veredes.es\/blog\/wp-json\/wp\/v2\/posts"}],"about":[{"href":"https:\/\/veredes.es\/blog\/wp-json\/wp\/v2\/types\/post"}],"author":[{"embeddable":true,"href":"https:\/\/veredes.es\/blog\/wp-json\/wp\/v2\/users\/2"}],"replies":[{"embeddable":true,"href":"https:\/\/veredes.es\/blog\/wp-json\/wp\/v2\/comments?post=17125"}],"version-history":[{"count":0,"href":"https:\/\/veredes.es\/blog\/wp-json\/wp\/v2\/posts\/17125\/revisions"}],"wp:featuredmedia":[{"embeddable":true,"href":"https:\/\/veredes.es\/blog\/wp-json\/wp\/v2\/media\/17134"}],"wp:attachment":[{"href":"https:\/\/veredes.es\/blog\/wp-json\/wp\/v2\/media?parent=17125"}],"wp:term":[{"taxonomy":"category","embeddable":true,"href":"https:\/\/veredes.es\/blog\/wp-json\/wp\/v2\/categories?post=17125"},{"taxonomy":"post_tag","embeddable":true,"href":"https:\/\/veredes.es\/blog\/wp-json\/wp\/v2\/tags?post=17125"}],"curies":[{"name":"wp","href":"https:\/\/api.w.org\/{rel}","templated":true}]}}