{"id":17052,"date":"2011-10-21T06:15:01","date_gmt":"2011-10-21T06:15:01","guid":{"rendered":"http:\/\/veredes.es\/blog\/?p=17052"},"modified":"2022-06-27T08:40:31","modified_gmt":"2022-06-27T06:40:31","slug":"a-dios-o-al-diablo-sobre-los-concursos-de-arquitectura-de-proyecto-y-obra-lourdes-bueno-miguel-villegas","status":"publish","type":"post","link":"https:\/\/veredes.es\/blog\/a-dios-o-al-diablo-sobre-los-concursos-de-arquitectura-de-proyecto-y-obra-lourdes-bueno-miguel-villegas\/","title":{"rendered":"\u00bfA dios o al diablo? Sobre los concursos de arquitectura de proyecto y obra | Miguel Villegas"},"content":{"rendered":"<p><figure id=\"attachment_41559\" aria-describedby=\"caption-attachment-41559\" style=\"width: 620px\" class=\"wp-caption alignnone\"><a href=\"http:\/\/veredes.es\/blog\/wp-content\/uploads\/2011\/10\/Liberdade_Fotograf\u00eda-CC-by-nc-sa-MarenYumi.jpg\"><img loading=\"lazy\" decoding=\"async\" class=\" wp-image-41559\" title=\"Liberdade_Fotograf\u00eda CC by-nc-sa MarenYumi\" src=\"http:\/\/veredes.es\/blog\/wp-content\/uploads\/2011\/10\/Liberdade_Fotograf\u00eda-CC-by-nc-sa-MarenYumi.jpg\" alt=\"\" width=\"620\" height=\"499\" srcset=\"https:\/\/veredes.es\/blog\/wp-content\/uploads\/2011\/10\/Liberdade_Fotograf\u00eda-CC-by-nc-sa-MarenYumi.jpg 530w, https:\/\/veredes.es\/blog\/wp-content\/uploads\/2011\/10\/Liberdade_Fotograf\u00eda-CC-by-nc-sa-MarenYumi-300x241.jpg 300w\" sizes=\"auto, (max-width: 620px) 100vw, 620px\" \/><\/a><figcaption id=\"caption-attachment-41559\" class=\"wp-caption-text\"><span style=\"color: #888888;\">Liberdade\u00a0| Fotograf\u00eda MarenYumi<\/span><\/figcaption><\/figure><\/p>\n<p style=\"text-align: justify;\">\u00bfA dios o al diablo? Ese es el dilema que se nos antoja que deben sufrir los compa\u00f1eros que trabajan bajo el m\u00e9todo de proyecto y obra.<\/p>\n<p style=\"text-align: justify;\">No deber\u00eda ser objeto de dilema. Los arquitectos somos profesionales y debemos tener la suficiente \u00e9tica laboral para saber discernir el bien y el mal, pero \u00bfes tan clara la l\u00ednea que los separa?<\/p>\n<p style=\"text-align: justify;\">Por suerte (o por desgracia) todav\u00eda no nos hemos visto en esa tesitura, pero se nos antoja dif\u00edcil, y m\u00e1s en una situaci\u00f3n como la actual en la que el pan de cada uno pende de un hilo y en la que el encargo por proyecto y obra se nos antoja m\u00e1s perverso que nunca.<\/p>\n<p style=\"text-align: justify;\">\u00bfQu\u00e9 hacer cuando la constructora te pide una rebaja de calidades para entrar en precio pese a que sabes que el proyecto no puede soportarla?<\/p>\n<p style=\"text-align: justify;\">\u00bfQu\u00e9 hacer cuando la propiedad te pide que aumentes las exigencias a la constructora pero son ellos los que pagan tu trabajo y no la propiedad?<\/p>\n<p style=\"text-align: justify;\">En obra tenemos la misi\u00f3n de dirigir y controlar la ejecuci\u00f3n de la obra, pero en este modelo perverso, o pervertible, son los m\u00fasicos los que pagan el salario del director de orquesta\u2026<\/p>\n<p style=\"text-align: justify;\">Todo esto viene a cuento del reciente fallo judicial, que a\u00fan no es sentencia firme, que el <a title=\"Colegio Oficial de Arquitectos de Sevilla\" href=\"http:\/\/coasevilla.org\" target=\"_blank\" rel=\"noopener\">COAS<\/a> nos ha comunicado, por el que el Juzgado de lo Contencioso-Administrativo de Sevilla n\u00ba2 ha estimado el recurso del <a title=\"Colegio Oficial de Arquitectos de Sevilla\" href=\"http:\/\/coasevilla.org\" target=\"_blank\" rel=\"noopener\">COAS<\/a> anulando el Pliego de Condiciones Base del Concurso, la adjudicaci\u00f3n del contrato de proyecto y obra y todos los actos posteriores a dicha contrataci\u00f3n, obligando a EPSA a retrotraerse al momento de la redacci\u00f3n de las bases.<\/p>\n<p style=\"text-align: justify;\">En la sentencia podemos leer, en una referencia a una sentencia anterior del <a title=\"Tribunal Superior de Justicia de Andaluc\u00eda\" href=\"http:\/\/www.juntadeandalucia.es\/justicia\/adriano\/cda\/views\/channel\/adri_listar_canal_contenidos\/0,20957,12351694_12352467,00.html\" target=\"_blank\" rel=\"noopener\">TSJA<\/a>, en lenguaje jur\u00eddico que queda m\u00e1s contundente, el problema de estos contratos:<\/p>\n<blockquote>\n<p style=\"text-align: justify;\"><em>\u201c\u2026la del potencial riesgo de menoscabo del rigor y de la eficacia de las funciones de direcci\u00f3n cuando \u00e9sta se adjudica al mismo empresario que ha de ser dirigido, supervisado, controlado o vigilado; riesgo que subsiste, agravado incluso, cuando ese empresario, adem\u00e1s de ejecutar las obras, elabor\u00f3 el proyecto.\u201d<\/em><\/p>\n<\/blockquote>\n<p style=\"text-align: justify;\">Creo que lo hemos dejado lo suficientemente claro, y no podemos dejar de alabar la dura batalla que el <a title=\"Colegio Oficial de Arquitectos de Sevilla\" href=\"http:\/\/coasevilla.org\" target=\"_blank\" rel=\"noopener\">COAS<\/a> est\u00e1 librando con las administraciones p\u00fablicas, en especial con la Junta de Andaluc\u00eda para que los concursos nos den garant\u00edas suficientes.<\/p>\n<p style=\"text-align: justify;\">Otro tema es el da\u00f1o colateral, que no tenemos claro en este caso pero que sin duda puede producirse, al obligar la sentencia a retrotraer el proceso al estado inicial del mismo.<\/p>\n<p style=\"text-align: justify;\">Estamos hablando de un concurso de 2006\u2026 Si ese proyecto ha seguido sus cauces l\u00f3gicos, deber\u00eda estar ya proyectado, construido, dirigido y abonado en justicia a los compa\u00f1eros que han realizado los trabajos y que se ajustaron a unas reglas de juego, que aunque ilegales seg\u00fan la sentencia, estaban ah\u00ed. \u00bfQu\u00e9 pasa con ellos?<\/p>\n<p style=\"text-align: justify;\">Vuelvo a decir: la pol\u00edtica del <a title=\"Colegio Oficial de Arquitectos de Sevilla\" href=\"http:\/\/coasevilla.org\" target=\"_blank\" rel=\"noopener\">COAS<\/a> es loable. Se est\u00e1n batiendo el cobre con una entidad muy grande y poderosa. Pero, y aqu\u00ed tengo que mirar a las dos esquinas del ring, \u00bfno ser\u00eda mejor para todos un acuerdo?\u00bfsentar las bases de una vez por todas?<\/p>\n<p style=\"text-align: justify;\">Creo que evitar\u00eda todos estos procesos, costosos y largos, y todos los da\u00f1os colaterales que producen.<\/p>\n<p style=\"text-align: justify;\"><strong>Y, sobre todo, nos ayudar\u00eda a trabajar mejor.<\/strong><\/p>\n<p style=\"text-align: justify;\">Miguel Villegas, arquitecto<br \/>\nEditor en arquitext\u00f3nica<br \/>\nSevilla, octubre 2011<\/p>\n<p><\/p>","protected":false},"excerpt":{"rendered":"<p>\u00bfA dios o al diablo? Ese es el dilema que se nos antoja que deben sufrir los compa\u00f1eros que trabajan bajo el m\u00e9todo de proyecto y obra. No deber\u00eda ser objeto de dilema. Los arquitectos somos profesionales y debemos tener la suficiente \u00e9tica laboral para saber discernir el bien y el mal, pero \u00bfes tan [&hellip;]<\/p>\n","protected":false},"author":40,"featured_media":41559,"comment_status":"open","ping_status":"closed","sticky":false,"template":"","format":"standard","meta":{"footnotes":""},"categories":[568,5951],"tags":[7401,2937,355,5130,4798,1820,1103],"class_list":{"0":"post-17052","1":"post","2":"type-post","3":"status-publish","4":"format-standard","5":"has-post-thumbnail","7":"category-faro","8":"category-slider-principal","9":"tag-arquitectura-andaluza","10":"tag-colegio-de-arquitectos","11":"tag-concurso","12":"tag-miguel-villegas-ballesta","13":"tag-modelo-profesional","14":"tag-politica","15":"tag-profesion"},"yoast_head":"<!-- This site is optimized with the Yoast SEO plugin v27.4 - https:\/\/yoast.com\/product\/yoast-seo-wordpress\/ -->\n<title>\u00bfA dios o al diablo? Sobre los concursos de arquitectura de proyecto y obra | Miguel Villegas<\/title>\n<meta name=\"description\" content=\"\u00bfA dios o al diablo? Sobre los concursos de arquitectura de proyecto y obra\" \/>\n<meta name=\"robots\" content=\"index, follow, max-snippet:-1, max-image-preview:large, max-video-preview:-1\" \/>\n<link rel=\"canonical\" href=\"https:\/\/veredes.es\/blog\/a-dios-o-al-diablo-sobre-los-concursos-de-arquitectura-de-proyecto-y-obra-lourdes-bueno-miguel-villegas\/\" \/>\n<meta property=\"og:locale\" content=\"es_ES\" \/>\n<meta property=\"og:type\" content=\"article\" \/>\n<meta property=\"og:title\" content=\"\u00bfA dios o al diablo? Sobre los concursos de arquitectura de proyecto y obra | Miguel Villegas\" \/>\n<meta property=\"og:description\" content=\"\u00bfA dios o al diablo? Sobre los concursos de arquitectura de proyecto y obra\" \/>\n<meta property=\"og:url\" content=\"https:\/\/veredes.es\/blog\/a-dios-o-al-diablo-sobre-los-concursos-de-arquitectura-de-proyecto-y-obra-lourdes-bueno-miguel-villegas\/\" \/>\n<meta property=\"og:site_name\" content=\"veredes, arquitectura y divulgaci\u00f3n\" \/>\n<meta property=\"article:publisher\" content=\"https:\/\/www.facebook.com\/veredesArquitecturayDivulgacion\/\" \/>\n<meta property=\"article:author\" content=\"https:\/\/www.facebook.com\/arquitextonica\" \/>\n<meta property=\"article:published_time\" content=\"2011-10-21T06:15:01+00:00\" \/>\n<meta property=\"article:modified_time\" content=\"2022-06-27T06:40:31+00:00\" \/>\n<meta property=\"og:image\" content=\"https:\/\/veredes.es\/blog\/wp-content\/uploads\/2011\/10\/Liberdade_Fotograf\u00eda-CC-by-nc-sa-MarenYumi.jpg\" \/>\n\t<meta property=\"og:image:width\" content=\"530\" \/>\n\t<meta property=\"og:image:height\" content=\"427\" \/>\n\t<meta property=\"og:image:type\" content=\"image\/jpeg\" \/>\n<meta name=\"author\" content=\"Lourdes Bueno \u2013 Miguel Villegas\" \/>\n<meta name=\"twitter:card\" content=\"summary_large_image\" \/>\n<meta name=\"twitter:creator\" content=\"@https:\/\/twitter.com\/arquitextonica\" \/>\n<meta name=\"twitter:site\" content=\"@veredes\" \/>\n<meta name=\"twitter:label1\" content=\"Escrito por\" \/>\n\t<meta name=\"twitter:data1\" content=\"Lourdes Bueno \u2013 Miguel Villegas\" \/>\n\t<meta name=\"twitter:label2\" content=\"Tiempo de lectura\" \/>\n\t<meta name=\"twitter:data2\" content=\"9 minutos\" \/>\n<script type=\"application\/ld+json\" class=\"yoast-schema-graph\">{\"@context\":\"https:\\\/\\\/schema.org\",\"@graph\":[{\"@type\":\"Article\",\"@id\":\"https:\\\/\\\/veredes.es\\\/blog\\\/a-dios-o-al-diablo-sobre-los-concursos-de-arquitectura-de-proyecto-y-obra-lourdes-bueno-miguel-villegas\\\/#article\",\"isPartOf\":{\"@id\":\"https:\\\/\\\/veredes.es\\\/blog\\\/a-dios-o-al-diablo-sobre-los-concursos-de-arquitectura-de-proyecto-y-obra-lourdes-bueno-miguel-villegas\\\/\"},\"author\":{\"name\":\"Lourdes Bueno \u2013 Miguel Villegas\",\"@id\":\"https:\\\/\\\/veredes.es\\\/blog\\\/#\\\/schema\\\/person\\\/1d1d0478215da09188abac3eaa22bae2\"},\"headline\":\"\u00bfA dios o al diablo? Sobre los concursos de arquitectura de proyecto y obra | Miguel Villegas\",\"datePublished\":\"2011-10-21T06:15:01+00:00\",\"dateModified\":\"2022-06-27T06:40:31+00:00\",\"mainEntityOfPage\":{\"@id\":\"https:\\\/\\\/veredes.es\\\/blog\\\/a-dios-o-al-diablo-sobre-los-concursos-de-arquitectura-de-proyecto-y-obra-lourdes-bueno-miguel-villegas\\\/\"},\"wordCount\":1835,\"commentCount\":17,\"publisher\":{\"@id\":\"https:\\\/\\\/veredes.es\\\/blog\\\/#organization\"},\"image\":{\"@id\":\"https:\\\/\\\/veredes.es\\\/blog\\\/a-dios-o-al-diablo-sobre-los-concursos-de-arquitectura-de-proyecto-y-obra-lourdes-bueno-miguel-villegas\\\/#primaryimage\"},\"thumbnailUrl\":\"https:\\\/\\\/veredes.es\\\/blog\\\/wp-content\\\/uploads\\\/2011\\\/10\\\/Liberdade_Fotograf\u00eda-CC-by-nc-sa-MarenYumi.jpg\",\"keywords\":[\"arquitectura andaluza\",\"colegio de arquitectos\",\"concurso\",\"Miguel Villegas Ballesta\",\"modelo profesional\",\"pol\u00edtica\",\"profesi\u00f3n\"],\"articleSection\":[\"faro\",\"slider principal\"],\"inLanguage\":\"es\",\"potentialAction\":[{\"@type\":\"CommentAction\",\"name\":\"Comment\",\"target\":[\"https:\\\/\\\/veredes.es\\\/blog\\\/a-dios-o-al-diablo-sobre-los-concursos-de-arquitectura-de-proyecto-y-obra-lourdes-bueno-miguel-villegas\\\/#respond\"]}]},{\"@type\":\"WebPage\",\"@id\":\"https:\\\/\\\/veredes.es\\\/blog\\\/a-dios-o-al-diablo-sobre-los-concursos-de-arquitectura-de-proyecto-y-obra-lourdes-bueno-miguel-villegas\\\/\",\"url\":\"https:\\\/\\\/veredes.es\\\/blog\\\/a-dios-o-al-diablo-sobre-los-concursos-de-arquitectura-de-proyecto-y-obra-lourdes-bueno-miguel-villegas\\\/\",\"name\":\"\u00bfA dios o al diablo? Sobre los concursos de arquitectura de proyecto y obra | Miguel Villegas\",\"isPartOf\":{\"@id\":\"https:\\\/\\\/veredes.es\\\/blog\\\/#website\"},\"primaryImageOfPage\":{\"@id\":\"https:\\\/\\\/veredes.es\\\/blog\\\/a-dios-o-al-diablo-sobre-los-concursos-de-arquitectura-de-proyecto-y-obra-lourdes-bueno-miguel-villegas\\\/#primaryimage\"},\"image\":{\"@id\":\"https:\\\/\\\/veredes.es\\\/blog\\\/a-dios-o-al-diablo-sobre-los-concursos-de-arquitectura-de-proyecto-y-obra-lourdes-bueno-miguel-villegas\\\/#primaryimage\"},\"thumbnailUrl\":\"https:\\\/\\\/veredes.es\\\/blog\\\/wp-content\\\/uploads\\\/2011\\\/10\\\/Liberdade_Fotograf\u00eda-CC-by-nc-sa-MarenYumi.jpg\",\"datePublished\":\"2011-10-21T06:15:01+00:00\",\"dateModified\":\"2022-06-27T06:40:31+00:00\",\"description\":\"\u00bfA dios o al diablo? Sobre los concursos de arquitectura de proyecto y obra\",\"breadcrumb\":{\"@id\":\"https:\\\/\\\/veredes.es\\\/blog\\\/a-dios-o-al-diablo-sobre-los-concursos-de-arquitectura-de-proyecto-y-obra-lourdes-bueno-miguel-villegas\\\/#breadcrumb\"},\"inLanguage\":\"es\",\"potentialAction\":[{\"@type\":\"ReadAction\",\"target\":[\"https:\\\/\\\/veredes.es\\\/blog\\\/a-dios-o-al-diablo-sobre-los-concursos-de-arquitectura-de-proyecto-y-obra-lourdes-bueno-miguel-villegas\\\/\"]}]},{\"@type\":\"ImageObject\",\"inLanguage\":\"es\",\"@id\":\"https:\\\/\\\/veredes.es\\\/blog\\\/a-dios-o-al-diablo-sobre-los-concursos-de-arquitectura-de-proyecto-y-obra-lourdes-bueno-miguel-villegas\\\/#primaryimage\",\"url\":\"https:\\\/\\\/veredes.es\\\/blog\\\/wp-content\\\/uploads\\\/2011\\\/10\\\/Liberdade_Fotograf\u00eda-CC-by-nc-sa-MarenYumi.jpg\",\"contentUrl\":\"https:\\\/\\\/veredes.es\\\/blog\\\/wp-content\\\/uploads\\\/2011\\\/10\\\/Liberdade_Fotograf\u00eda-CC-by-nc-sa-MarenYumi.jpg\",\"width\":\"530\",\"height\":\"427\",\"caption\":\"Liberdade_Fotograf\u00eda CC by-nc-sa MarenYumi\"},{\"@type\":\"BreadcrumbList\",\"@id\":\"https:\\\/\\\/veredes.es\\\/blog\\\/a-dios-o-al-diablo-sobre-los-concursos-de-arquitectura-de-proyecto-y-obra-lourdes-bueno-miguel-villegas\\\/#breadcrumb\",\"itemListElement\":[{\"@type\":\"ListItem\",\"position\":1,\"name\":\"Portada\",\"item\":\"https:\\\/\\\/veredes.es\\\/blog\\\/\"},{\"@type\":\"ListItem\",\"position\":2,\"name\":\"\u00bfA dios o al diablo? Sobre los concursos de arquitectura de proyecto y obra | Miguel VillegasA deus ou ao dia\u00f1o? Sobre os concursos de arquitectura de proxecto e obra | Miguel VillegasTo god or to the devil? On the contests of project architecture and work | Miguel Villegas\"}]},{\"@type\":\"WebSite\",\"@id\":\"https:\\\/\\\/veredes.es\\\/blog\\\/#website\",\"url\":\"https:\\\/\\\/veredes.es\\\/blog\\\/\",\"name\":\"veredes, arquitectura y divulgaci\u00f3n\",\"description\":\"veredes\",\"publisher\":{\"@id\":\"https:\\\/\\\/veredes.es\\\/blog\\\/#organization\"},\"alternateName\":\"veredes\",\"potentialAction\":[{\"@type\":\"SearchAction\",\"target\":{\"@type\":\"EntryPoint\",\"urlTemplate\":\"https:\\\/\\\/veredes.es\\\/blog\\\/?s={search_term_string}\"},\"query-input\":{\"@type\":\"PropertyValueSpecification\",\"valueRequired\":true,\"valueName\":\"search_term_string\"}}],\"inLanguage\":\"es\"},{\"@type\":\"Organization\",\"@id\":\"https:\\\/\\\/veredes.es\\\/blog\\\/#organization\",\"name\":\"veredes, arquitectura y divulgaci\u00f3n\",\"alternateName\":\"veredes\",\"url\":\"https:\\\/\\\/veredes.es\\\/blog\\\/\",\"logo\":{\"@type\":\"ImageObject\",\"inLanguage\":\"es\",\"@id\":\"https:\\\/\\\/veredes.es\\\/blog\\\/#\\\/schema\\\/logo\\\/image\\\/\",\"url\":\"https:\\\/\\\/veredes.es\\\/blog\\\/wp-content\\\/uploads\\\/2021\\\/12\\\/veredes-logo-centrado_140x54.png\",\"contentUrl\":\"https:\\\/\\\/veredes.es\\\/blog\\\/wp-content\\\/uploads\\\/2021\\\/12\\\/veredes-logo-centrado_140x54.png\",\"width\":140,\"height\":54,\"caption\":\"veredes, arquitectura y divulgaci\u00f3n\"},\"image\":{\"@id\":\"https:\\\/\\\/veredes.es\\\/blog\\\/#\\\/schema\\\/logo\\\/image\\\/\"},\"sameAs\":[\"https:\\\/\\\/www.facebook.com\\\/veredesArquitecturayDivulgacion\\\/\",\"https:\\\/\\\/x.com\\\/veredes\",\"https:\\\/\\\/instagram.com\\\/veredes\\\/\",\"https:\\\/\\\/www.linkedin.com\\\/company\\\/veredes-arquitectura-y-divulgacion\\\/\",\"https:\\\/\\\/es.pinterest.com\\\/veredes\\\/\",\"https:\\\/\\\/www.tumblr.com\\\/veredes\"]},{\"@type\":\"Person\",\"@id\":\"https:\\\/\\\/veredes.es\\\/blog\\\/#\\\/schema\\\/person\\\/1d1d0478215da09188abac3eaa22bae2\",\"name\":\"Lourdes Bueno \u2013 Miguel Villegas\",\"image\":{\"@type\":\"ImageObject\",\"inLanguage\":\"es\",\"@id\":\"https:\\\/\\\/secure.gravatar.com\\\/avatar\\\/d6b53075654f09b9d67c54c4b4342beeb75c7534b60ab97b86fce3a5e04027ca?s=96&r=g\",\"url\":\"https:\\\/\\\/secure.gravatar.com\\\/avatar\\\/d6b53075654f09b9d67c54c4b4342beeb75c7534b60ab97b86fce3a5e04027ca?s=96&r=g\",\"contentUrl\":\"https:\\\/\\\/secure.gravatar.com\\\/avatar\\\/d6b53075654f09b9d67c54c4b4342beeb75c7534b60ab97b86fce3a5e04027ca?s=96&r=g\",\"caption\":\"Lourdes Bueno \u2013 Miguel Villegas\"},\"description\":\"Arquitextonica.net es editada desde 2003 desde Sevilla por Lourdes Bueno Garnica y Miguel Villegas Ballesta. Desde hace un tiempo, decidimos sacar nuestra actividad profesional de aqu\u00ed y trasladarla a villegasbueno arquitectura, as\u00ed arquitextonica se qued\u00f3 como nuestro espacio para la investigaci\u00f3n, difusi\u00f3n y comunicaci\u00f3n. Nos interesa dedicarnos a desarrollar e investigar en proyectos de arquitectura, con dos l\u00edneas fundamentales de trabajo. La de vivienda social, alojamientos residenciales y arquitectura docente, que dirige Lourdes, y la dise\u00f1o computacional y arquitectura para la sociedad de la informaci\u00f3n, que dirige Miguel. El trabajo que hemos venido desarrollando en arquitextonica.net desde el 2003 nos ha llevado tambi\u00e9n a trabajar por y para la difusi\u00f3n de la arquitectura y el dise\u00f1o en internet, haciendo un \u00e9nfasis especial en promocionar el talento de nuestro entorno. Lo llamamos #Ser_Red. En la lista de etiquetas de la columna de la derecha puedes ver un registro m\u00e1s expl\u00edcito de nuestros intereses.. Si te interesa nuestro trabajo, no dudes en ponerte en contacto con nosotros.\",\"sameAs\":[\"http:\\\/\\\/arquitextonica.net\\\/\",\"https:\\\/\\\/www.facebook.com\\\/arquitextonica\",\"https:\\\/\\\/www.instagram.com\\\/arquitextonica\\\/\",\"https:\\\/\\\/www.linkedin.com\\\/company\\\/arquitextonica\\\/about\\\/\",\"https:\\\/\\\/x.com\\\/https:\\\/\\\/twitter.com\\\/arquitextonica\"],\"url\":\"https:\\\/\\\/veredes.es\\\/blog\\\/author\\\/lourdes-bueno-miguel-villegas\\\/\"}]}<\/script>\n<!-- \/ Yoast SEO plugin. -->","yoast_head_json":{"title":"\u00bfA dios o al diablo? Sobre los concursos de arquitectura de proyecto y obra | Miguel Villegas","description":"\u00bfA dios o al diablo? Sobre los concursos de arquitectura de proyecto y obra","robots":{"index":"index","follow":"follow","max-snippet":"max-snippet:-1","max-image-preview":"max-image-preview:large","max-video-preview":"max-video-preview:-1"},"canonical":"https:\/\/veredes.es\/blog\/a-dios-o-al-diablo-sobre-los-concursos-de-arquitectura-de-proyecto-y-obra-lourdes-bueno-miguel-villegas\/","og_locale":"es_ES","og_type":"article","og_title":"\u00bfA dios o al diablo? Sobre los concursos de arquitectura de proyecto y obra | Miguel Villegas","og_description":"\u00bfA dios o al diablo? Sobre los concursos de arquitectura de proyecto y obra","og_url":"https:\/\/veredes.es\/blog\/a-dios-o-al-diablo-sobre-los-concursos-de-arquitectura-de-proyecto-y-obra-lourdes-bueno-miguel-villegas\/","og_site_name":"veredes, arquitectura y divulgaci\u00f3n","article_publisher":"https:\/\/www.facebook.com\/veredesArquitecturayDivulgacion\/","article_author":"https:\/\/www.facebook.com\/arquitextonica","article_published_time":"2011-10-21T06:15:01+00:00","article_modified_time":"2022-06-27T06:40:31+00:00","og_image":[{"width":530,"height":427,"url":"https:\/\/veredes.es\/blog\/wp-content\/uploads\/2011\/10\/Liberdade_Fotograf\u00eda-CC-by-nc-sa-MarenYumi.jpg","type":"image\/jpeg"}],"author":"Lourdes Bueno \u2013 Miguel Villegas","twitter_card":"summary_large_image","twitter_creator":"@https:\/\/twitter.com\/arquitextonica","twitter_site":"@veredes","twitter_misc":{"Escrito por":"Lourdes Bueno \u2013 Miguel Villegas","Tiempo de lectura":"9 minutos"},"schema":{"@context":"https:\/\/schema.org","@graph":[{"@type":"Article","@id":"https:\/\/veredes.es\/blog\/a-dios-o-al-diablo-sobre-los-concursos-de-arquitectura-de-proyecto-y-obra-lourdes-bueno-miguel-villegas\/#article","isPartOf":{"@id":"https:\/\/veredes.es\/blog\/a-dios-o-al-diablo-sobre-los-concursos-de-arquitectura-de-proyecto-y-obra-lourdes-bueno-miguel-villegas\/"},"author":{"name":"Lourdes Bueno \u2013 Miguel Villegas","@id":"https:\/\/veredes.es\/blog\/#\/schema\/person\/1d1d0478215da09188abac3eaa22bae2"},"headline":"\u00bfA dios o al diablo? Sobre los concursos de arquitectura de proyecto y obra | Miguel Villegas","datePublished":"2011-10-21T06:15:01+00:00","dateModified":"2022-06-27T06:40:31+00:00","mainEntityOfPage":{"@id":"https:\/\/veredes.es\/blog\/a-dios-o-al-diablo-sobre-los-concursos-de-arquitectura-de-proyecto-y-obra-lourdes-bueno-miguel-villegas\/"},"wordCount":1835,"commentCount":17,"publisher":{"@id":"https:\/\/veredes.es\/blog\/#organization"},"image":{"@id":"https:\/\/veredes.es\/blog\/a-dios-o-al-diablo-sobre-los-concursos-de-arquitectura-de-proyecto-y-obra-lourdes-bueno-miguel-villegas\/#primaryimage"},"thumbnailUrl":"https:\/\/veredes.es\/blog\/wp-content\/uploads\/2011\/10\/Liberdade_Fotograf\u00eda-CC-by-nc-sa-MarenYumi.jpg","keywords":["arquitectura andaluza","colegio de arquitectos","concurso","Miguel Villegas Ballesta","modelo profesional","pol\u00edtica","profesi\u00f3n"],"articleSection":["faro","slider principal"],"inLanguage":"es","potentialAction":[{"@type":"CommentAction","name":"Comment","target":["https:\/\/veredes.es\/blog\/a-dios-o-al-diablo-sobre-los-concursos-de-arquitectura-de-proyecto-y-obra-lourdes-bueno-miguel-villegas\/#respond"]}]},{"@type":"WebPage","@id":"https:\/\/veredes.es\/blog\/a-dios-o-al-diablo-sobre-los-concursos-de-arquitectura-de-proyecto-y-obra-lourdes-bueno-miguel-villegas\/","url":"https:\/\/veredes.es\/blog\/a-dios-o-al-diablo-sobre-los-concursos-de-arquitectura-de-proyecto-y-obra-lourdes-bueno-miguel-villegas\/","name":"\u00bfA dios o al diablo? Sobre los concursos de arquitectura de proyecto y obra | Miguel Villegas","isPartOf":{"@id":"https:\/\/veredes.es\/blog\/#website"},"primaryImageOfPage":{"@id":"https:\/\/veredes.es\/blog\/a-dios-o-al-diablo-sobre-los-concursos-de-arquitectura-de-proyecto-y-obra-lourdes-bueno-miguel-villegas\/#primaryimage"},"image":{"@id":"https:\/\/veredes.es\/blog\/a-dios-o-al-diablo-sobre-los-concursos-de-arquitectura-de-proyecto-y-obra-lourdes-bueno-miguel-villegas\/#primaryimage"},"thumbnailUrl":"https:\/\/veredes.es\/blog\/wp-content\/uploads\/2011\/10\/Liberdade_Fotograf\u00eda-CC-by-nc-sa-MarenYumi.jpg","datePublished":"2011-10-21T06:15:01+00:00","dateModified":"2022-06-27T06:40:31+00:00","description":"\u00bfA dios o al diablo? Sobre los concursos de arquitectura de proyecto y obra","breadcrumb":{"@id":"https:\/\/veredes.es\/blog\/a-dios-o-al-diablo-sobre-los-concursos-de-arquitectura-de-proyecto-y-obra-lourdes-bueno-miguel-villegas\/#breadcrumb"},"inLanguage":"es","potentialAction":[{"@type":"ReadAction","target":["https:\/\/veredes.es\/blog\/a-dios-o-al-diablo-sobre-los-concursos-de-arquitectura-de-proyecto-y-obra-lourdes-bueno-miguel-villegas\/"]}]},{"@type":"ImageObject","inLanguage":"es","@id":"https:\/\/veredes.es\/blog\/a-dios-o-al-diablo-sobre-los-concursos-de-arquitectura-de-proyecto-y-obra-lourdes-bueno-miguel-villegas\/#primaryimage","url":"https:\/\/veredes.es\/blog\/wp-content\/uploads\/2011\/10\/Liberdade_Fotograf\u00eda-CC-by-nc-sa-MarenYumi.jpg","contentUrl":"https:\/\/veredes.es\/blog\/wp-content\/uploads\/2011\/10\/Liberdade_Fotograf\u00eda-CC-by-nc-sa-MarenYumi.jpg","width":"530","height":"427","caption":"Liberdade_Fotograf\u00eda CC by-nc-sa MarenYumi"},{"@type":"BreadcrumbList","@id":"https:\/\/veredes.es\/blog\/a-dios-o-al-diablo-sobre-los-concursos-de-arquitectura-de-proyecto-y-obra-lourdes-bueno-miguel-villegas\/#breadcrumb","itemListElement":[{"@type":"ListItem","position":1,"name":"Portada","item":"https:\/\/veredes.es\/blog\/"},{"@type":"ListItem","position":2,"name":"\u00bfA dios o al diablo? Sobre los concursos de arquitectura de proyecto y obra | Miguel VillegasA deus ou ao dia\u00f1o? Sobre os concursos de arquitectura de proxecto e obra | Miguel VillegasTo god or to the devil? On the contests of project architecture and work | Miguel Villegas"}]},{"@type":"WebSite","@id":"https:\/\/veredes.es\/blog\/#website","url":"https:\/\/veredes.es\/blog\/","name":"veredes, arquitectura y divulgaci\u00f3n","description":"veredes","publisher":{"@id":"https:\/\/veredes.es\/blog\/#organization"},"alternateName":"veredes","potentialAction":[{"@type":"SearchAction","target":{"@type":"EntryPoint","urlTemplate":"https:\/\/veredes.es\/blog\/?s={search_term_string}"},"query-input":{"@type":"PropertyValueSpecification","valueRequired":true,"valueName":"search_term_string"}}],"inLanguage":"es"},{"@type":"Organization","@id":"https:\/\/veredes.es\/blog\/#organization","name":"veredes, arquitectura y divulgaci\u00f3n","alternateName":"veredes","url":"https:\/\/veredes.es\/blog\/","logo":{"@type":"ImageObject","inLanguage":"es","@id":"https:\/\/veredes.es\/blog\/#\/schema\/logo\/image\/","url":"https:\/\/veredes.es\/blog\/wp-content\/uploads\/2021\/12\/veredes-logo-centrado_140x54.png","contentUrl":"https:\/\/veredes.es\/blog\/wp-content\/uploads\/2021\/12\/veredes-logo-centrado_140x54.png","width":140,"height":54,"caption":"veredes, arquitectura y divulgaci\u00f3n"},"image":{"@id":"https:\/\/veredes.es\/blog\/#\/schema\/logo\/image\/"},"sameAs":["https:\/\/www.facebook.com\/veredesArquitecturayDivulgacion\/","https:\/\/x.com\/veredes","https:\/\/instagram.com\/veredes\/","https:\/\/www.linkedin.com\/company\/veredes-arquitectura-y-divulgacion\/","https:\/\/es.pinterest.com\/veredes\/","https:\/\/www.tumblr.com\/veredes"]},{"@type":"Person","@id":"https:\/\/veredes.es\/blog\/#\/schema\/person\/1d1d0478215da09188abac3eaa22bae2","name":"Lourdes Bueno \u2013 Miguel Villegas","image":{"@type":"ImageObject","inLanguage":"es","@id":"https:\/\/secure.gravatar.com\/avatar\/d6b53075654f09b9d67c54c4b4342beeb75c7534b60ab97b86fce3a5e04027ca?s=96&r=g","url":"https:\/\/secure.gravatar.com\/avatar\/d6b53075654f09b9d67c54c4b4342beeb75c7534b60ab97b86fce3a5e04027ca?s=96&r=g","contentUrl":"https:\/\/secure.gravatar.com\/avatar\/d6b53075654f09b9d67c54c4b4342beeb75c7534b60ab97b86fce3a5e04027ca?s=96&r=g","caption":"Lourdes Bueno \u2013 Miguel Villegas"},"description":"Arquitextonica.net es editada desde 2003 desde Sevilla por Lourdes Bueno Garnica y Miguel Villegas Ballesta. Desde hace un tiempo, decidimos sacar nuestra actividad profesional de aqu\u00ed y trasladarla a villegasbueno arquitectura, as\u00ed arquitextonica se qued\u00f3 como nuestro espacio para la investigaci\u00f3n, difusi\u00f3n y comunicaci\u00f3n. Nos interesa dedicarnos a desarrollar e investigar en proyectos de arquitectura, con dos l\u00edneas fundamentales de trabajo. La de vivienda social, alojamientos residenciales y arquitectura docente, que dirige Lourdes, y la dise\u00f1o computacional y arquitectura para la sociedad de la informaci\u00f3n, que dirige Miguel. El trabajo que hemos venido desarrollando en arquitextonica.net desde el 2003 nos ha llevado tambi\u00e9n a trabajar por y para la difusi\u00f3n de la arquitectura y el dise\u00f1o en internet, haciendo un \u00e9nfasis especial en promocionar el talento de nuestro entorno. Lo llamamos #Ser_Red. En la lista de etiquetas de la columna de la derecha puedes ver un registro m\u00e1s expl\u00edcito de nuestros intereses.. Si te interesa nuestro trabajo, no dudes en ponerte en contacto con nosotros.","sameAs":["http:\/\/arquitextonica.net\/","https:\/\/www.facebook.com\/arquitextonica","https:\/\/www.instagram.com\/arquitextonica\/","https:\/\/www.linkedin.com\/company\/arquitextonica\/about\/","https:\/\/x.com\/https:\/\/twitter.com\/arquitextonica"],"url":"https:\/\/veredes.es\/blog\/author\/lourdes-bueno-miguel-villegas\/"}]}},"_links":{"self":[{"href":"https:\/\/veredes.es\/blog\/wp-json\/wp\/v2\/posts\/17052","targetHints":{"allow":["GET"]}}],"collection":[{"href":"https:\/\/veredes.es\/blog\/wp-json\/wp\/v2\/posts"}],"about":[{"href":"https:\/\/veredes.es\/blog\/wp-json\/wp\/v2\/types\/post"}],"author":[{"embeddable":true,"href":"https:\/\/veredes.es\/blog\/wp-json\/wp\/v2\/users\/40"}],"replies":[{"embeddable":true,"href":"https:\/\/veredes.es\/blog\/wp-json\/wp\/v2\/comments?post=17052"}],"version-history":[{"count":0,"href":"https:\/\/veredes.es\/blog\/wp-json\/wp\/v2\/posts\/17052\/revisions"}],"wp:featuredmedia":[{"embeddable":true,"href":"https:\/\/veredes.es\/blog\/wp-json\/wp\/v2\/media\/41559"}],"wp:attachment":[{"href":"https:\/\/veredes.es\/blog\/wp-json\/wp\/v2\/media?parent=17052"}],"wp:term":[{"taxonomy":"category","embeddable":true,"href":"https:\/\/veredes.es\/blog\/wp-json\/wp\/v2\/categories?post=17052"},{"taxonomy":"post_tag","embeddable":true,"href":"https:\/\/veredes.es\/blog\/wp-json\/wp\/v2\/tags?post=17052"}],"curies":[{"name":"wp","href":"https:\/\/api.w.org\/{rel}","templated":true}]}}