{"id":16768,"date":"2011-10-20T08:30:13","date_gmt":"2011-10-20T08:30:13","guid":{"rendered":"http:\/\/veredes.es\/blog\/?p=16768"},"modified":"2016-08-23T11:17:20","modified_gmt":"2016-08-23T09:17:20","slug":"vivienda-unifamiliar-vb-en-bergondo-freirevicent","status":"publish","type":"post","link":"https:\/\/veredes.es\/blog\/vivienda-unifamiliar-vb-en-bergondo-freirevicent\/","title":{"rendered":"Vivienda unifamiliar VB en Bergondo | Boedo+Vincent"},"content":{"rendered":"<p><\/p>\n<p style=\"text-align: justify;\">Implantada en una parcela longitudinal y estrecha que tanto caracteriza la huella catastral gallega, esta vivienda unifamiliar aprovecha un desnivel importante con respecto a la calle a la que da frente para crear nuevos espacios en busca de luz y racionalidad.\u00a0 Una de las principales preocupaciones fue mejorar el aprovechamiento de los recursos naturales para optimizar el sistema de calefacci\u00f3n y ACS geot\u00e9rmico, utilizando, en la medida de lo posible, materiales naturales.<\/p>\n<p style=\"text-align: justify;\"><a href=\"http:\/\/veredes.es\/blog\/wp-content\/uploads\/2011\/10\/freirevicent_CasaVB_exterior_01.jpg\"><img loading=\"lazy\" decoding=\"async\" class=\"alignnone  wp-image-16769\" title=\"freirevicent_CasaVB_exterior_01\" src=\"http:\/\/veredes.es\/blog\/wp-content\/uploads\/2011\/10\/freirevicent_CasaVB_exterior_01-300x200.jpg\" alt=\"\" width=\"620\" height=\"412\" srcset=\"https:\/\/veredes.es\/blog\/wp-content\/uploads\/2011\/10\/freirevicent_CasaVB_exterior_01-300x200.jpg 300w, https:\/\/veredes.es\/blog\/wp-content\/uploads\/2011\/10\/freirevicent_CasaVB_exterior_01-145x95.jpg 145w\" sizes=\"auto, (max-width: 620px) 100vw, 620px\" \/><\/a><\/p>\n<p style=\"text-align: justify;\">Los condicionantes del lugar pueden ser tanto ayudas como retos en el momento de proyectar la arquitectura y de lanzar los primeros trazos de l\u00e1piz.\u00a0 Y en el proyecto que presentamos aqu\u00ed, no se puede negar.\u00a0 Primero, la configuraci\u00f3n parcelaria longitudinal y estrecha que tanto caracteriza la huella catastral de Galicia. Fruto de la agrupaci\u00f3n de tres unidades independientes, la parcela presenta una fachada a calle estrecha y un fondo largo. Segundo, la topograf\u00eda que se ve modificada y moldeada por la mano del hombre y sus necesidades de infraestructuras. La carretera que sirve a la finca gener\u00f3 un talud de m\u00e1s de dos metros en el frente de la parcela, dej\u00e1ndola sin acceso, tanto rodado como peatonal.<\/p>\n<p style=\"text-align: justify;\">Tercero, la climatolog\u00eda caracter\u00edstica de Galicia donde uno busca la protecci\u00f3n de la lluvia a la vez que busca aprovechar todos y cada uno de los rayos del sol. La parcela presenta una orientaci\u00f3n este en su frente a calle, extendi\u00e9ndose en sentido longitudinal hac\u00eda el oeste. Se ha buscado aprovechar cada uno de estos condicionantes para la formalizaci\u00f3n de la vivienda.<\/p>\n<p style=\"text-align: justify;\"><strong>Implantaci\u00f3n<\/strong><br \/>\nLa estrechez de la parcela combinada con las premisas de las ordenanzas municipales imponen un desarrollo longitudinal de la casa. En ese punto, la b\u00fasqueda del soleamiento nos lleva a acentuar el car\u00e1cter longitudinal para liberar espacio en fachada sur, garantizando el soleamiento al margen de posibles edificaciones colindantes. Nace un volumen blanco apoyado sobre el terreno, abierto al sur y cerrado al norte. El acceso a la vivienda se quiso amplio y c\u00f3modo, aprovechando al mismo tiempo el desnivel original de la parcela con respecto a la calle. La excavaci\u00f3n de una explanada permite la ejecuci\u00f3n de un semi s\u00f3tano que se inserta en la parte inferior del volumen principal y lo completa con la creaci\u00f3n de un amplio porche de entrada y un patio que permite un mejor aprovechamiento solar. En contrapunto, se superpone un volumen de pizarra al volumen principal a modo de terminaci\u00f3n, el cual alberga una suite y da acceso a las cubiertas ajardinadas con terraza.<br \/>\n<strong><br \/>\nAmbiente y medio ambiente<\/strong><br \/>\nDesde el inicio del proyecto, se mantuvo siempre activa cierta preocupaci\u00f3n ecol\u00f3gica en el dise\u00f1o de este proyecto. La confluencia de arquitecto y promotor en una misma figura hizo m\u00e1s f\u00e1cil su integraci\u00f3n y materializaci\u00f3n.\u00a0 Para ello, se ha buscado en primer lugar un dise\u00f1o que permitiera mayor aprovechamiento solar, abriendo grandes pa\u00f1os de vidrio que aportan a la vez luz natural y calor, y una protecci\u00f3n de los vientos fr\u00edos.<\/p>\n<p style=\"text-align: justify;\">En complemento de ello, se seleccionaron materiales naturales tanto para los cerramientos exteriores como para los acabados como las f\u00e1bricas de ladrillo con mortero de cal, y posterior acabado de mortero de cal fina que permiten la respiraci\u00f3n del elemento.<\/p>\n<p style=\"text-align: justify;\">En distribuciones y revestimiento interiores, se opto por un sistema constructivo a base de yeso laminado con aislamiento. Si bien no se consigue mejorar la inercia t\u00e9rmica del edificio, se evitan importantes desechos originados por rozas, y se consigue un importante aislamiento ac\u00fastico que permite dar intimidad a cada una de las estancias.<\/p>\n<p style=\"text-align: justify;\">El otro material de acabado referente en la casa es la pizarra, que se ha empleado tanto como acabado de suelo, de pared interior y exterior, as\u00ed como elementos de composici\u00f3n de jardines y de la explanada de entrada, la cual se conforma de pizarra machacada, aprovechando los desperfectos y residuos de una cantera. Este material, p\u00e9treo y oscuro favorece el aprovechamiento pasivo de la energ\u00eda y mejora la inercia t\u00e9rmica de la vivienda.<\/p>\n<p style=\"text-align: justify;\">El mismo material sirve para la creaci\u00f3n de un tendedero en prolongaci\u00f3n de la lavander\u00eda, donde, a modo de h\u00f3rreo, se separan las piezas de pizarra para permitir la ventilaci\u00f3n continua del espacio que cubren unos cristales trasl\u00facidos, permitiendo el secado de la ropa sin que sufra las inclemencias del tiempo.<\/p>\n<p style=\"text-align: justify;\">Para las cubiertas planas, se selecciono un sistema invertido ajardinado con aislamiento de corcho que, con poco espesor, mejora el comportamiento higrot\u00e9rmico del edificio y presenta una superficie de acabado natural a base de s\u00e9dum, el cual no necesita mantenimiento ni riego.<\/p>\n<p style=\"text-align: justify;\">Las terrazas que completan la cubierta, las escaleras y los suelos de los dormitorios se han realizado de madera (de sucupira por su dureza y color), aportando calidez a estas estancias. En cuanto a las instalaciones, se opt\u00f3 por un sistema de calefacci\u00f3n a base de suelo radiante en todas las estancias de la vivienda, con producci\u00f3n de calor y del ACS a base de una bomba de calor geot\u00e9rmica.<\/p>\n<div id='gallery-1' class='gallery galleryid-16768 gallery-columns-4 gallery-size-thumbnail'><figure class='gallery-item'>\n\t\t\t<div class='gallery-icon landscape'>\n\t\t\t\t<a href='https:\/\/veredes.es\/blog\/wp-content\/uploads\/2011\/10\/freirevicent_CasaVB_exterior_01.jpg'><img loading=\"lazy\" decoding=\"async\" width=\"120\" height=\"120\" src=\"https:\/\/veredes.es\/blog\/wp-content\/uploads\/2011\/10\/freirevicent_CasaVB_exterior_01-150x150.jpg\" class=\"attachment-thumbnail size-thumbnail\" alt=\"\" srcset=\"https:\/\/veredes.es\/blog\/wp-content\/uploads\/2011\/10\/freirevicent_CasaVB_exterior_01-150x150.jpg 150w, https:\/\/veredes.es\/blog\/wp-content\/uploads\/2011\/10\/freirevicent_CasaVB_exterior_01-120x120.jpg 120w\" sizes=\"auto, (max-width: 120px) 100vw, 120px\" \/><\/a>\n\t\t\t<\/div><\/figure><figure class='gallery-item'>\n\t\t\t<div class='gallery-icon landscape'>\n\t\t\t\t<a href='https:\/\/veredes.es\/blog\/wp-content\/uploads\/2011\/10\/freirevicent_CasaVB_exterior_02.jpg'><img loading=\"lazy\" decoding=\"async\" width=\"120\" height=\"120\" src=\"https:\/\/veredes.es\/blog\/wp-content\/uploads\/2011\/10\/freirevicent_CasaVB_exterior_02-150x150.jpg\" class=\"attachment-thumbnail size-thumbnail\" alt=\"\" srcset=\"https:\/\/veredes.es\/blog\/wp-content\/uploads\/2011\/10\/freirevicent_CasaVB_exterior_02-150x150.jpg 150w, https:\/\/veredes.es\/blog\/wp-content\/uploads\/2011\/10\/freirevicent_CasaVB_exterior_02-120x120.jpg 120w\" sizes=\"auto, (max-width: 120px) 100vw, 120px\" \/><\/a>\n\t\t\t<\/div><\/figure><figure class='gallery-item'>\n\t\t\t<div class='gallery-icon portrait'>\n\t\t\t\t<a href='https:\/\/veredes.es\/blog\/wp-content\/uploads\/2011\/10\/freirevicent_CasaVB_exterior_03.jpg'><img loading=\"lazy\" decoding=\"async\" width=\"120\" height=\"120\" src=\"https:\/\/veredes.es\/blog\/wp-content\/uploads\/2011\/10\/freirevicent_CasaVB_exterior_03-150x150.jpg\" class=\"attachment-thumbnail size-thumbnail\" alt=\"\" srcset=\"https:\/\/veredes.es\/blog\/wp-content\/uploads\/2011\/10\/freirevicent_CasaVB_exterior_03-150x150.jpg 150w, https:\/\/veredes.es\/blog\/wp-content\/uploads\/2011\/10\/freirevicent_CasaVB_exterior_03-120x120.jpg 120w, https:\/\/veredes.es\/blog\/wp-content\/uploads\/2011\/10\/freirevicent_CasaVB_exterior_03-350x350.jpg 350w\" sizes=\"auto, (max-width: 120px) 100vw, 120px\" \/><\/a>\n\t\t\t<\/div><\/figure><figure class='gallery-item'>\n\t\t\t<div class='gallery-icon landscape'>\n\t\t\t\t<a href='https:\/\/veredes.es\/blog\/wp-content\/uploads\/2011\/10\/freirevicent_CasaVB_interior_04.jpg'><img loading=\"lazy\" decoding=\"async\" width=\"120\" height=\"120\" src=\"https:\/\/veredes.es\/blog\/wp-content\/uploads\/2011\/10\/freirevicent_CasaVB_interior_04-150x150.jpg\" class=\"attachment-thumbnail size-thumbnail\" alt=\"\" srcset=\"https:\/\/veredes.es\/blog\/wp-content\/uploads\/2011\/10\/freirevicent_CasaVB_interior_04-150x150.jpg 150w, https:\/\/veredes.es\/blog\/wp-content\/uploads\/2011\/10\/freirevicent_CasaVB_interior_04-120x120.jpg 120w\" sizes=\"auto, (max-width: 120px) 100vw, 120px\" \/><\/a>\n\t\t\t<\/div><\/figure><figure class='gallery-item'>\n\t\t\t<div class='gallery-icon landscape'>\n\t\t\t\t<a href='https:\/\/veredes.es\/blog\/wp-content\/uploads\/2011\/10\/freirevicent_CasaVB_interior_05.jpg'><img loading=\"lazy\" decoding=\"async\" width=\"120\" height=\"120\" src=\"https:\/\/veredes.es\/blog\/wp-content\/uploads\/2011\/10\/freirevicent_CasaVB_interior_05-150x150.jpg\" class=\"attachment-thumbnail size-thumbnail\" alt=\"\" srcset=\"https:\/\/veredes.es\/blog\/wp-content\/uploads\/2011\/10\/freirevicent_CasaVB_interior_05-150x150.jpg 150w, https:\/\/veredes.es\/blog\/wp-content\/uploads\/2011\/10\/freirevicent_CasaVB_interior_05-120x120.jpg 120w\" sizes=\"auto, (max-width: 120px) 100vw, 120px\" \/><\/a>\n\t\t\t<\/div><\/figure><figure class='gallery-item'>\n\t\t\t<div class='gallery-icon portrait'>\n\t\t\t\t<a href='https:\/\/veredes.es\/blog\/wp-content\/uploads\/2011\/10\/freirevicent_CasaVB_interior_06.jpg'><img loading=\"lazy\" decoding=\"async\" width=\"120\" height=\"120\" src=\"https:\/\/veredes.es\/blog\/wp-content\/uploads\/2011\/10\/freirevicent_CasaVB_interior_06-150x150.jpg\" class=\"attachment-thumbnail size-thumbnail\" alt=\"\" srcset=\"https:\/\/veredes.es\/blog\/wp-content\/uploads\/2011\/10\/freirevicent_CasaVB_interior_06-150x150.jpg 150w, https:\/\/veredes.es\/blog\/wp-content\/uploads\/2011\/10\/freirevicent_CasaVB_interior_06-120x120.jpg 120w, https:\/\/veredes.es\/blog\/wp-content\/uploads\/2011\/10\/freirevicent_CasaVB_interior_06-350x350.jpg 350w\" sizes=\"auto, (max-width: 120px) 100vw, 120px\" \/><\/a>\n\t\t\t<\/div><\/figure><figure class='gallery-item'>\n\t\t\t<div class='gallery-icon landscape'>\n\t\t\t\t<a href='https:\/\/veredes.es\/blog\/wp-content\/uploads\/2011\/10\/freirevicent_CasaVB_interior_07.jpg'><img loading=\"lazy\" decoding=\"async\" width=\"120\" height=\"120\" src=\"https:\/\/veredes.es\/blog\/wp-content\/uploads\/2011\/10\/freirevicent_CasaVB_interior_07-150x150.jpg\" class=\"attachment-thumbnail size-thumbnail\" alt=\"\" srcset=\"https:\/\/veredes.es\/blog\/wp-content\/uploads\/2011\/10\/freirevicent_CasaVB_interior_07-150x150.jpg 150w, https:\/\/veredes.es\/blog\/wp-content\/uploads\/2011\/10\/freirevicent_CasaVB_interior_07-120x120.jpg 120w\" sizes=\"auto, (max-width: 120px) 100vw, 120px\" \/><\/a>\n\t\t\t<\/div><\/figure><figure class='gallery-item'>\n\t\t\t<div class='gallery-icon landscape'>\n\t\t\t\t<a href='https:\/\/veredes.es\/blog\/wp-content\/uploads\/2011\/10\/freirevicent_CasaVB_plantasotano_08.jpg'><img loading=\"lazy\" decoding=\"async\" width=\"120\" height=\"120\" src=\"https:\/\/veredes.es\/blog\/wp-content\/uploads\/2011\/10\/freirevicent_CasaVB_plantasotano_08-150x150.jpg\" class=\"attachment-thumbnail size-thumbnail\" alt=\"\" srcset=\"https:\/\/veredes.es\/blog\/wp-content\/uploads\/2011\/10\/freirevicent_CasaVB_plantasotano_08-150x150.jpg 150w, https:\/\/veredes.es\/blog\/wp-content\/uploads\/2011\/10\/freirevicent_CasaVB_plantasotano_08-120x120.jpg 120w\" sizes=\"auto, (max-width: 120px) 100vw, 120px\" \/><\/a>\n\t\t\t<\/div><\/figure><figure class='gallery-item'>\n\t\t\t<div class='gallery-icon landscape'>\n\t\t\t\t<a href='https:\/\/veredes.es\/blog\/wp-content\/uploads\/2011\/10\/freirevicent_CasaVB_plantabaja_09.jpg'><img loading=\"lazy\" decoding=\"async\" width=\"120\" height=\"120\" src=\"https:\/\/veredes.es\/blog\/wp-content\/uploads\/2011\/10\/freirevicent_CasaVB_plantabaja_09-150x150.jpg\" class=\"attachment-thumbnail size-thumbnail\" alt=\"\" srcset=\"https:\/\/veredes.es\/blog\/wp-content\/uploads\/2011\/10\/freirevicent_CasaVB_plantabaja_09-150x150.jpg 150w, https:\/\/veredes.es\/blog\/wp-content\/uploads\/2011\/10\/freirevicent_CasaVB_plantabaja_09-120x120.jpg 120w\" sizes=\"auto, (max-width: 120px) 100vw, 120px\" \/><\/a>\n\t\t\t<\/div><\/figure><figure class='gallery-item'>\n\t\t\t<div class='gallery-icon landscape'>\n\t\t\t\t<a href='https:\/\/veredes.es\/blog\/wp-content\/uploads\/2011\/10\/freirevicent_CasaVB_plantaalta_10.jpg'><img loading=\"lazy\" decoding=\"async\" width=\"120\" height=\"120\" src=\"https:\/\/veredes.es\/blog\/wp-content\/uploads\/2011\/10\/freirevicent_CasaVB_plantaalta_10-150x150.jpg\" class=\"attachment-thumbnail size-thumbnail\" alt=\"\" srcset=\"https:\/\/veredes.es\/blog\/wp-content\/uploads\/2011\/10\/freirevicent_CasaVB_plantaalta_10-150x150.jpg 150w, https:\/\/veredes.es\/blog\/wp-content\/uploads\/2011\/10\/freirevicent_CasaVB_plantaalta_10-120x120.jpg 120w\" sizes=\"auto, (max-width: 120px) 100vw, 120px\" \/><\/a>\n\t\t\t<\/div><\/figure><figure class='gallery-item'>\n\t\t\t<div class='gallery-icon landscape'>\n\t\t\t\t<a href='https:\/\/veredes.es\/blog\/wp-content\/uploads\/2011\/10\/freirevicent_CasaVB_alzlateral_11.jpg'><img loading=\"lazy\" decoding=\"async\" width=\"120\" height=\"120\" src=\"https:\/\/veredes.es\/blog\/wp-content\/uploads\/2011\/10\/freirevicent_CasaVB_alzlateral_11-150x150.jpg\" class=\"attachment-thumbnail size-thumbnail\" alt=\"\" srcset=\"https:\/\/veredes.es\/blog\/wp-content\/uploads\/2011\/10\/freirevicent_CasaVB_alzlateral_11-150x150.jpg 150w, https:\/\/veredes.es\/blog\/wp-content\/uploads\/2011\/10\/freirevicent_CasaVB_alzlateral_11-120x120.jpg 120w\" sizes=\"auto, (max-width: 120px) 100vw, 120px\" \/><\/a>\n\t\t\t<\/div><\/figure><figure class='gallery-item'>\n\t\t\t<div class='gallery-icon landscape'>\n\t\t\t\t<a href='https:\/\/veredes.es\/blog\/wp-content\/uploads\/2011\/10\/freirevicent_CasaVB_secc_12.jpg'><img loading=\"lazy\" decoding=\"async\" width=\"120\" height=\"120\" src=\"https:\/\/veredes.es\/blog\/wp-content\/uploads\/2011\/10\/freirevicent_CasaVB_secc_12-150x150.jpg\" class=\"attachment-thumbnail size-thumbnail\" alt=\"\" srcset=\"https:\/\/veredes.es\/blog\/wp-content\/uploads\/2011\/10\/freirevicent_CasaVB_secc_12-150x150.jpg 150w, https:\/\/veredes.es\/blog\/wp-content\/uploads\/2011\/10\/freirevicent_CasaVB_secc_12-120x120.jpg 120w\" sizes=\"auto, (max-width: 120px) 100vw, 120px\" \/><\/a>\n\t\t\t<\/div><\/figure>\n\t\t<\/div>\n\n<p>Obra: Vivienda unifamiliar VB en Bergondo<br \/>\nAutor: Emmanuel Vincent + Carmen Boedo Blanco<br \/>\nColaboradores: Freire +Vincent Arquitectos S.L.P | Arat arquitectos<br \/>\nConstructor: Dragaf\u00f3n S.L.<br \/>\nA\u00f1o: 2005-2008<br \/>\nEmplazamiento: Bergondo, A Coru\u00f1a, Galicia, Espa\u00f1a.<br \/>\nFotograf\u00edas: Santiago Saiz Fouz<br \/>\n<span style=\"color: #888888;\">+ www.fiv-arquitectos.com<\/span><\/p>\n<p style=\"text-align: justify;\">\n<p><\/p>","protected":false},"excerpt":{"rendered":"<p>Implantada en una parcela longitudinal y estrecha que tanto caracteriza la huella catastral gallega, esta vivienda unifamiliar aprovecha un desnivel importante con respecto a la calle a la que da frente para crear nuevos espacios en busca de luz y racionalidad.\u00a0 Una de las principales preocupaciones fue mejorar el aprovechamiento de los recursos naturales para [&hellip;]<\/p>\n","protected":false},"author":2,"featured_media":16769,"comment_status":"open","ping_status":"closed","sticky":false,"template":"","format":"standard","meta":{"footnotes":""},"categories":[34,23,59],"tags":[6429,5865,4070,4069,521,3314,619,12455],"class_list":{"0":"post-16768","1":"post","2":"type-post","3":"status-publish","4":"format-standard","5":"has-post-thumbnail","7":"category-arquitectura","8":"category-obras","9":"category-vivienda-unifamiliar","10":"tag-antonio-freire","11":"tag-arquitectura-gallega","12":"tag-carmen-boedo-blanco","14":"tag-espana","15":"tag-freirevincent","16":"tag-galicia","17":"tag-vivienda-unifamiliar"},"yoast_head":"<!-- This site is optimized with the Yoast SEO plugin v27.4 - https:\/\/yoast.com\/product\/yoast-seo-wordpress\/ -->\n<title>Vivienda unifamiliar VB en Bergondo | Boedo+Vincent<\/title>\n<meta name=\"description\" content=\"Vivienda unifamiliar VB en Bergondo\" \/>\n<meta name=\"robots\" content=\"index, follow, max-snippet:-1, max-image-preview:large, max-video-preview:-1\" \/>\n<link rel=\"canonical\" href=\"https:\/\/veredes.es\/blog\/vivienda-unifamiliar-vb-en-bergondo-freirevicent\/\" \/>\n<meta property=\"og:locale\" content=\"es_ES\" \/>\n<meta property=\"og:type\" content=\"article\" \/>\n<meta property=\"og:title\" content=\"Vivienda unifamiliar VB en Bergondo | Boedo+Vincent\" \/>\n<meta property=\"og:description\" content=\"Vivienda unifamiliar VB en Bergondo\" \/>\n<meta property=\"og:url\" content=\"https:\/\/veredes.es\/blog\/vivienda-unifamiliar-vb-en-bergondo-freirevicent\/\" \/>\n<meta property=\"og:site_name\" content=\"veredes, arquitectura y divulgaci\u00f3n\" \/>\n<meta property=\"article:publisher\" content=\"https:\/\/www.facebook.com\/veredesArquitecturayDivulgacion\/\" \/>\n<meta property=\"article:author\" content=\"https:\/\/www.facebook.com\/veredesArquitecturayDivulgacion\/\" \/>\n<meta property=\"article:published_time\" content=\"2011-10-20T08:30:13+00:00\" \/>\n<meta property=\"article:modified_time\" content=\"2016-08-23T09:17:20+00:00\" \/>\n<meta property=\"og:image\" content=\"https:\/\/veredes.es\/blog\/wp-content\/uploads\/2011\/10\/freirevicent_CasaVB_exterior_01.jpg\" \/>\n\t<meta property=\"og:image:width\" content=\"523\" \/>\n\t<meta property=\"og:image:height\" content=\"350\" \/>\n\t<meta property=\"og:image:type\" content=\"image\/jpeg\" \/>\n<meta name=\"author\" content=\"veredes\" \/>\n<meta name=\"twitter:card\" content=\"summary_large_image\" \/>\n<meta name=\"twitter:creator\" content=\"@https:\/\/twitter.com\/veredes\" \/>\n<meta name=\"twitter:site\" content=\"@veredes\" \/>\n<meta name=\"twitter:label1\" content=\"Escrito por\" \/>\n\t<meta name=\"twitter:data1\" content=\"veredes\" \/>\n\t<meta name=\"twitter:label2\" content=\"Tiempo de lectura\" \/>\n\t<meta name=\"twitter:data2\" content=\"13 minutos\" \/>\n<script type=\"application\/ld+json\" class=\"yoast-schema-graph\">{\"@context\":\"https:\\\/\\\/schema.org\",\"@graph\":[{\"@type\":\"Article\",\"@id\":\"https:\\\/\\\/veredes.es\\\/blog\\\/vivienda-unifamiliar-vb-en-bergondo-freirevicent\\\/#article\",\"isPartOf\":{\"@id\":\"https:\\\/\\\/veredes.es\\\/blog\\\/vivienda-unifamiliar-vb-en-bergondo-freirevicent\\\/\"},\"author\":{\"name\":\"veredes\",\"@id\":\"https:\\\/\\\/veredes.es\\\/blog\\\/#\\\/schema\\\/person\\\/0bbb669073ef7faba5168a0844e93d2c\"},\"headline\":\"Vivienda unifamiliar VB en Bergondo | Boedo+Vincent\",\"datePublished\":\"2011-10-20T08:30:13+00:00\",\"dateModified\":\"2016-08-23T09:17:20+00:00\",\"mainEntityOfPage\":{\"@id\":\"https:\\\/\\\/veredes.es\\\/blog\\\/vivienda-unifamiliar-vb-en-bergondo-freirevicent\\\/\"},\"wordCount\":2617,\"commentCount\":59,\"publisher\":{\"@id\":\"https:\\\/\\\/veredes.es\\\/blog\\\/#organization\"},\"image\":{\"@id\":\"https:\\\/\\\/veredes.es\\\/blog\\\/vivienda-unifamiliar-vb-en-bergondo-freirevicent\\\/#primaryimage\"},\"thumbnailUrl\":\"https:\\\/\\\/veredes.es\\\/blog\\\/wp-content\\\/uploads\\\/2011\\\/10\\\/freirevicent_CasaVB_exterior_01.jpg\",\"keywords\":[\"Antonio Freire\",\"arquitectura gallega\",\"carmen boedo blanco\",\"emmanuel vincent\",\"Espa\u00f1a\",\"freire+vincent\",\"Galicia\",\"vivienda unifamiliar\"],\"articleSection\":[\"arquitectura\",\"obras\",\"vivienda unifamiliar\"],\"inLanguage\":\"es\",\"potentialAction\":[{\"@type\":\"CommentAction\",\"name\":\"Comment\",\"target\":[\"https:\\\/\\\/veredes.es\\\/blog\\\/vivienda-unifamiliar-vb-en-bergondo-freirevicent\\\/#respond\"]}]},{\"@type\":\"WebPage\",\"@id\":\"https:\\\/\\\/veredes.es\\\/blog\\\/vivienda-unifamiliar-vb-en-bergondo-freirevicent\\\/\",\"url\":\"https:\\\/\\\/veredes.es\\\/blog\\\/vivienda-unifamiliar-vb-en-bergondo-freirevicent\\\/\",\"name\":\"Vivienda unifamiliar VB en Bergondo | Boedo+Vincent\",\"isPartOf\":{\"@id\":\"https:\\\/\\\/veredes.es\\\/blog\\\/#website\"},\"primaryImageOfPage\":{\"@id\":\"https:\\\/\\\/veredes.es\\\/blog\\\/vivienda-unifamiliar-vb-en-bergondo-freirevicent\\\/#primaryimage\"},\"image\":{\"@id\":\"https:\\\/\\\/veredes.es\\\/blog\\\/vivienda-unifamiliar-vb-en-bergondo-freirevicent\\\/#primaryimage\"},\"thumbnailUrl\":\"https:\\\/\\\/veredes.es\\\/blog\\\/wp-content\\\/uploads\\\/2011\\\/10\\\/freirevicent_CasaVB_exterior_01.jpg\",\"datePublished\":\"2011-10-20T08:30:13+00:00\",\"dateModified\":\"2016-08-23T09:17:20+00:00\",\"description\":\"Vivienda unifamiliar VB en Bergondo\",\"breadcrumb\":{\"@id\":\"https:\\\/\\\/veredes.es\\\/blog\\\/vivienda-unifamiliar-vb-en-bergondo-freirevicent\\\/#breadcrumb\"},\"inLanguage\":\"es\",\"potentialAction\":[{\"@type\":\"ReadAction\",\"target\":[\"https:\\\/\\\/veredes.es\\\/blog\\\/vivienda-unifamiliar-vb-en-bergondo-freirevicent\\\/\"]}]},{\"@type\":\"ImageObject\",\"inLanguage\":\"es\",\"@id\":\"https:\\\/\\\/veredes.es\\\/blog\\\/vivienda-unifamiliar-vb-en-bergondo-freirevicent\\\/#primaryimage\",\"url\":\"https:\\\/\\\/veredes.es\\\/blog\\\/wp-content\\\/uploads\\\/2011\\\/10\\\/freirevicent_CasaVB_exterior_01.jpg\",\"contentUrl\":\"https:\\\/\\\/veredes.es\\\/blog\\\/wp-content\\\/uploads\\\/2011\\\/10\\\/freirevicent_CasaVB_exterior_01.jpg\",\"width\":\"523\",\"height\":\"350\"},{\"@type\":\"BreadcrumbList\",\"@id\":\"https:\\\/\\\/veredes.es\\\/blog\\\/vivienda-unifamiliar-vb-en-bergondo-freirevicent\\\/#breadcrumb\",\"itemListElement\":[{\"@type\":\"ListItem\",\"position\":1,\"name\":\"Portada\",\"item\":\"https:\\\/\\\/veredes.es\\\/blog\\\/\"},{\"@type\":\"ListItem\",\"position\":2,\"name\":\"Vivienda unifamiliar VB en Bergondo | Boedo+Vincent\"}]},{\"@type\":\"WebSite\",\"@id\":\"https:\\\/\\\/veredes.es\\\/blog\\\/#website\",\"url\":\"https:\\\/\\\/veredes.es\\\/blog\\\/\",\"name\":\"veredes, arquitectura y divulgaci\u00f3n\",\"description\":\"veredes\",\"publisher\":{\"@id\":\"https:\\\/\\\/veredes.es\\\/blog\\\/#organization\"},\"alternateName\":\"veredes\",\"potentialAction\":[{\"@type\":\"SearchAction\",\"target\":{\"@type\":\"EntryPoint\",\"urlTemplate\":\"https:\\\/\\\/veredes.es\\\/blog\\\/?s={search_term_string}\"},\"query-input\":{\"@type\":\"PropertyValueSpecification\",\"valueRequired\":true,\"valueName\":\"search_term_string\"}}],\"inLanguage\":\"es\"},{\"@type\":\"Organization\",\"@id\":\"https:\\\/\\\/veredes.es\\\/blog\\\/#organization\",\"name\":\"veredes, arquitectura y divulgaci\u00f3n\",\"alternateName\":\"veredes\",\"url\":\"https:\\\/\\\/veredes.es\\\/blog\\\/\",\"logo\":{\"@type\":\"ImageObject\",\"inLanguage\":\"es\",\"@id\":\"https:\\\/\\\/veredes.es\\\/blog\\\/#\\\/schema\\\/logo\\\/image\\\/\",\"url\":\"https:\\\/\\\/veredes.es\\\/blog\\\/wp-content\\\/uploads\\\/2021\\\/12\\\/veredes-logo-centrado_140x54.png\",\"contentUrl\":\"https:\\\/\\\/veredes.es\\\/blog\\\/wp-content\\\/uploads\\\/2021\\\/12\\\/veredes-logo-centrado_140x54.png\",\"width\":140,\"height\":54,\"caption\":\"veredes, arquitectura y divulgaci\u00f3n\"},\"image\":{\"@id\":\"https:\\\/\\\/veredes.es\\\/blog\\\/#\\\/schema\\\/logo\\\/image\\\/\"},\"sameAs\":[\"https:\\\/\\\/www.facebook.com\\\/veredesArquitecturayDivulgacion\\\/\",\"https:\\\/\\\/x.com\\\/veredes\",\"https:\\\/\\\/instagram.com\\\/veredes\\\/\",\"https:\\\/\\\/www.linkedin.com\\\/company\\\/veredes-arquitectura-y-divulgacion\\\/\",\"https:\\\/\\\/es.pinterest.com\\\/veredes\\\/\",\"https:\\\/\\\/www.tumblr.com\\\/veredes\"]},{\"@type\":\"Person\",\"@id\":\"https:\\\/\\\/veredes.es\\\/blog\\\/#\\\/schema\\\/person\\\/0bbb669073ef7faba5168a0844e93d2c\",\"name\":\"veredes\",\"image\":{\"@type\":\"ImageObject\",\"inLanguage\":\"es\",\"@id\":\"https:\\\/\\\/veredes.es\\\/blog\\\/wp-content\\\/uploads\\\/2018\\\/04\\\/face-96x96.jpg\",\"url\":\"https:\\\/\\\/veredes.es\\\/blog\\\/wp-content\\\/uploads\\\/2018\\\/04\\\/face-96x96.jpg\",\"contentUrl\":\"https:\\\/\\\/veredes.es\\\/blog\\\/wp-content\\\/uploads\\\/2018\\\/04\\\/face-96x96.jpg\",\"caption\":\"veredes\"},\"description\":\"Surge enero de 2009 como b\u00fasqueda de satisfacer el conocimiento de la actividad arquitect\u00f3nica y tangentes que se generan. La idea es crear un espacio para divulgar los diversos proyectos en busca de nueva inspiraci\u00f3n y de intercambio.\",\"sameAs\":[\"https:\\\/\\\/veredes.es\\\/\",\"https:\\\/\\\/www.facebook.com\\\/veredesArquitecturayDivulgacion\\\/\",\"https:\\\/\\\/www.instagram.com\\\/veredes\\\/\",\"https:\\\/\\\/www.linkedin.com\\\/company\\\/veredes-arquitectura-y-divulgacion\\\/\",\"https:\\\/\\\/www.pinterest.es\\\/veredes\\\/\",\"https:\\\/\\\/x.com\\\/https:\\\/\\\/twitter.com\\\/veredes\",\"https:\\\/\\\/veredes.tumblr.com\\\/\"],\"url\":\"https:\\\/\\\/veredes.es\\\/blog\\\/author\\\/alberto\\\/\"}]}<\/script>\n<!-- \/ Yoast SEO plugin. -->","yoast_head_json":{"title":"Vivienda unifamiliar VB en Bergondo | Boedo+Vincent","description":"Vivienda unifamiliar VB en Bergondo","robots":{"index":"index","follow":"follow","max-snippet":"max-snippet:-1","max-image-preview":"max-image-preview:large","max-video-preview":"max-video-preview:-1"},"canonical":"https:\/\/veredes.es\/blog\/vivienda-unifamiliar-vb-en-bergondo-freirevicent\/","og_locale":"es_ES","og_type":"article","og_title":"Vivienda unifamiliar VB en Bergondo | Boedo+Vincent","og_description":"Vivienda unifamiliar VB en Bergondo","og_url":"https:\/\/veredes.es\/blog\/vivienda-unifamiliar-vb-en-bergondo-freirevicent\/","og_site_name":"veredes, arquitectura y divulgaci\u00f3n","article_publisher":"https:\/\/www.facebook.com\/veredesArquitecturayDivulgacion\/","article_author":"https:\/\/www.facebook.com\/veredesArquitecturayDivulgacion\/","article_published_time":"2011-10-20T08:30:13+00:00","article_modified_time":"2016-08-23T09:17:20+00:00","og_image":[{"width":523,"height":350,"url":"https:\/\/veredes.es\/blog\/wp-content\/uploads\/2011\/10\/freirevicent_CasaVB_exterior_01.jpg","type":"image\/jpeg"}],"author":"veredes","twitter_card":"summary_large_image","twitter_creator":"@https:\/\/twitter.com\/veredes","twitter_site":"@veredes","twitter_misc":{"Escrito por":"veredes","Tiempo de lectura":"13 minutos"},"schema":{"@context":"https:\/\/schema.org","@graph":[{"@type":"Article","@id":"https:\/\/veredes.es\/blog\/vivienda-unifamiliar-vb-en-bergondo-freirevicent\/#article","isPartOf":{"@id":"https:\/\/veredes.es\/blog\/vivienda-unifamiliar-vb-en-bergondo-freirevicent\/"},"author":{"name":"veredes","@id":"https:\/\/veredes.es\/blog\/#\/schema\/person\/0bbb669073ef7faba5168a0844e93d2c"},"headline":"Vivienda unifamiliar VB en Bergondo | Boedo+Vincent","datePublished":"2011-10-20T08:30:13+00:00","dateModified":"2016-08-23T09:17:20+00:00","mainEntityOfPage":{"@id":"https:\/\/veredes.es\/blog\/vivienda-unifamiliar-vb-en-bergondo-freirevicent\/"},"wordCount":2617,"commentCount":59,"publisher":{"@id":"https:\/\/veredes.es\/blog\/#organization"},"image":{"@id":"https:\/\/veredes.es\/blog\/vivienda-unifamiliar-vb-en-bergondo-freirevicent\/#primaryimage"},"thumbnailUrl":"https:\/\/veredes.es\/blog\/wp-content\/uploads\/2011\/10\/freirevicent_CasaVB_exterior_01.jpg","keywords":["Antonio Freire","arquitectura gallega","carmen boedo blanco","emmanuel vincent","Espa\u00f1a","freire+vincent","Galicia","vivienda unifamiliar"],"articleSection":["arquitectura","obras","vivienda unifamiliar"],"inLanguage":"es","potentialAction":[{"@type":"CommentAction","name":"Comment","target":["https:\/\/veredes.es\/blog\/vivienda-unifamiliar-vb-en-bergondo-freirevicent\/#respond"]}]},{"@type":"WebPage","@id":"https:\/\/veredes.es\/blog\/vivienda-unifamiliar-vb-en-bergondo-freirevicent\/","url":"https:\/\/veredes.es\/blog\/vivienda-unifamiliar-vb-en-bergondo-freirevicent\/","name":"Vivienda unifamiliar VB en Bergondo | Boedo+Vincent","isPartOf":{"@id":"https:\/\/veredes.es\/blog\/#website"},"primaryImageOfPage":{"@id":"https:\/\/veredes.es\/blog\/vivienda-unifamiliar-vb-en-bergondo-freirevicent\/#primaryimage"},"image":{"@id":"https:\/\/veredes.es\/blog\/vivienda-unifamiliar-vb-en-bergondo-freirevicent\/#primaryimage"},"thumbnailUrl":"https:\/\/veredes.es\/blog\/wp-content\/uploads\/2011\/10\/freirevicent_CasaVB_exterior_01.jpg","datePublished":"2011-10-20T08:30:13+00:00","dateModified":"2016-08-23T09:17:20+00:00","description":"Vivienda unifamiliar VB en Bergondo","breadcrumb":{"@id":"https:\/\/veredes.es\/blog\/vivienda-unifamiliar-vb-en-bergondo-freirevicent\/#breadcrumb"},"inLanguage":"es","potentialAction":[{"@type":"ReadAction","target":["https:\/\/veredes.es\/blog\/vivienda-unifamiliar-vb-en-bergondo-freirevicent\/"]}]},{"@type":"ImageObject","inLanguage":"es","@id":"https:\/\/veredes.es\/blog\/vivienda-unifamiliar-vb-en-bergondo-freirevicent\/#primaryimage","url":"https:\/\/veredes.es\/blog\/wp-content\/uploads\/2011\/10\/freirevicent_CasaVB_exterior_01.jpg","contentUrl":"https:\/\/veredes.es\/blog\/wp-content\/uploads\/2011\/10\/freirevicent_CasaVB_exterior_01.jpg","width":"523","height":"350"},{"@type":"BreadcrumbList","@id":"https:\/\/veredes.es\/blog\/vivienda-unifamiliar-vb-en-bergondo-freirevicent\/#breadcrumb","itemListElement":[{"@type":"ListItem","position":1,"name":"Portada","item":"https:\/\/veredes.es\/blog\/"},{"@type":"ListItem","position":2,"name":"Vivienda unifamiliar VB en Bergondo | Boedo+Vincent"}]},{"@type":"WebSite","@id":"https:\/\/veredes.es\/blog\/#website","url":"https:\/\/veredes.es\/blog\/","name":"veredes, arquitectura y divulgaci\u00f3n","description":"veredes","publisher":{"@id":"https:\/\/veredes.es\/blog\/#organization"},"alternateName":"veredes","potentialAction":[{"@type":"SearchAction","target":{"@type":"EntryPoint","urlTemplate":"https:\/\/veredes.es\/blog\/?s={search_term_string}"},"query-input":{"@type":"PropertyValueSpecification","valueRequired":true,"valueName":"search_term_string"}}],"inLanguage":"es"},{"@type":"Organization","@id":"https:\/\/veredes.es\/blog\/#organization","name":"veredes, arquitectura y divulgaci\u00f3n","alternateName":"veredes","url":"https:\/\/veredes.es\/blog\/","logo":{"@type":"ImageObject","inLanguage":"es","@id":"https:\/\/veredes.es\/blog\/#\/schema\/logo\/image\/","url":"https:\/\/veredes.es\/blog\/wp-content\/uploads\/2021\/12\/veredes-logo-centrado_140x54.png","contentUrl":"https:\/\/veredes.es\/blog\/wp-content\/uploads\/2021\/12\/veredes-logo-centrado_140x54.png","width":140,"height":54,"caption":"veredes, arquitectura y divulgaci\u00f3n"},"image":{"@id":"https:\/\/veredes.es\/blog\/#\/schema\/logo\/image\/"},"sameAs":["https:\/\/www.facebook.com\/veredesArquitecturayDivulgacion\/","https:\/\/x.com\/veredes","https:\/\/instagram.com\/veredes\/","https:\/\/www.linkedin.com\/company\/veredes-arquitectura-y-divulgacion\/","https:\/\/es.pinterest.com\/veredes\/","https:\/\/www.tumblr.com\/veredes"]},{"@type":"Person","@id":"https:\/\/veredes.es\/blog\/#\/schema\/person\/0bbb669073ef7faba5168a0844e93d2c","name":"veredes","image":{"@type":"ImageObject","inLanguage":"es","@id":"https:\/\/veredes.es\/blog\/wp-content\/uploads\/2018\/04\/face-96x96.jpg","url":"https:\/\/veredes.es\/blog\/wp-content\/uploads\/2018\/04\/face-96x96.jpg","contentUrl":"https:\/\/veredes.es\/blog\/wp-content\/uploads\/2018\/04\/face-96x96.jpg","caption":"veredes"},"description":"Surge enero de 2009 como b\u00fasqueda de satisfacer el conocimiento de la actividad arquitect\u00f3nica y tangentes que se generan. La idea es crear un espacio para divulgar los diversos proyectos en busca de nueva inspiraci\u00f3n y de intercambio.","sameAs":["https:\/\/veredes.es\/","https:\/\/www.facebook.com\/veredesArquitecturayDivulgacion\/","https:\/\/www.instagram.com\/veredes\/","https:\/\/www.linkedin.com\/company\/veredes-arquitectura-y-divulgacion\/","https:\/\/www.pinterest.es\/veredes\/","https:\/\/x.com\/https:\/\/twitter.com\/veredes","https:\/\/veredes.tumblr.com\/"],"url":"https:\/\/veredes.es\/blog\/author\/alberto\/"}]}},"_links":{"self":[{"href":"https:\/\/veredes.es\/blog\/wp-json\/wp\/v2\/posts\/16768","targetHints":{"allow":["GET"]}}],"collection":[{"href":"https:\/\/veredes.es\/blog\/wp-json\/wp\/v2\/posts"}],"about":[{"href":"https:\/\/veredes.es\/blog\/wp-json\/wp\/v2\/types\/post"}],"author":[{"embeddable":true,"href":"https:\/\/veredes.es\/blog\/wp-json\/wp\/v2\/users\/2"}],"replies":[{"embeddable":true,"href":"https:\/\/veredes.es\/blog\/wp-json\/wp\/v2\/comments?post=16768"}],"version-history":[{"count":0,"href":"https:\/\/veredes.es\/blog\/wp-json\/wp\/v2\/posts\/16768\/revisions"}],"wp:featuredmedia":[{"embeddable":true,"href":"https:\/\/veredes.es\/blog\/wp-json\/wp\/v2\/media\/16769"}],"wp:attachment":[{"href":"https:\/\/veredes.es\/blog\/wp-json\/wp\/v2\/media?parent=16768"}],"wp:term":[{"taxonomy":"category","embeddable":true,"href":"https:\/\/veredes.es\/blog\/wp-json\/wp\/v2\/categories?post=16768"},{"taxonomy":"post_tag","embeddable":true,"href":"https:\/\/veredes.es\/blog\/wp-json\/wp\/v2\/tags?post=16768"}],"curies":[{"name":"wp","href":"https:\/\/api.w.org\/{rel}","templated":true}]}}