{"id":16360,"date":"2011-09-16T07:00:15","date_gmt":"2011-09-16T05:00:15","guid":{"rendered":"http:\/\/veredes.es\/blog\/?p=16360"},"modified":"2019-06-04T11:03:22","modified_gmt":"2019-06-04T09:03:22","slug":"el-cine-en-2024-segun-griffith-jorge-gorostiza","status":"publish","type":"post","link":"https:\/\/veredes.es\/blog\/el-cine-en-2024-segun-griffith-jorge-gorostiza\/","title":{"rendered":"El cine en 2024, seg\u00fan Griffith | Jorge Gorostiza"},"content":{"rendered":"<p><figure id=\"attachment_16361\" aria-describedby=\"caption-attachment-16361\" style=\"width: 620px\" class=\"wp-caption alignnone\"><a href=\"http:\/\/veredes.es\/blog\/wp-content\/uploads\/2011\/09\/D_W_Griffith.jpg\"><img loading=\"lazy\" decoding=\"async\" class=\" wp-image-16361\" title=\"D_W_Griffith\" src=\"http:\/\/veredes.es\/blog\/wp-content\/uploads\/2011\/09\/D_W_Griffith.jpg\" alt=\"\" width=\"620\" height=\"1038\" srcset=\"https:\/\/veredes.es\/blog\/wp-content\/uploads\/2011\/09\/D_W_Griffith.jpg 191w, https:\/\/veredes.es\/blog\/wp-content\/uploads\/2011\/09\/D_W_Griffith-179x300.jpg 179w\" sizes=\"auto, (max-width: 620px) 100vw, 620px\" \/><\/a><figcaption id=\"caption-attachment-16361\" class=\"wp-caption-text\"><span style=\"color: #888888;\">David W. Griffith<\/span><\/figcaption><\/figure><\/p>\n<p style=\"text-align: justify;\">He encontrado un art\u00edculo escrito por <a href=\"http:\/\/en.wikipedia.org\/wiki\/David_W._Griffith\" target=\"_blank\">David W. Griffith<\/a> publicado en\u00a0<em><a href=\"http:\/\/en.wikipedia.org\/wiki\/Film_Daily\">The Film Daily<\/a><\/em> el 22 de junio de 1924, con permiso de <em><a href=\"http:\/\/en.wikipedia.org\/wiki\/Collier%27s_Weekly\">Collier&#8217;s\u00a0Weekly<\/a><\/em>, titulado \u00abThe Movies 100 Years From Now\u00bb.<\/p>\n<p style=\"text-align: justify;\">Siempre es arriesgado predecir lo que ocurrir\u00e1 en el futuro y pocas veces, a pesar de lo que digan algunos videntes, se acierta. En este caso es curioso que el cineasta dude que en 2024\u00a0haya cine sonoro, pero sin embargo, seg\u00fan \u00e9l, habr\u00e1 orquestas en todos los cines y las pel\u00edculas\u00a0ser\u00e1n en color.<\/p>\n<p style=\"text-align: justify;\">En cuanto a la proyecci\u00f3n escribe que \u00ablas l\u00edneas a\u00e9reas de pasajeros tendr\u00e1n espect\u00e1culos con pel\u00edculas en sus\u00a0horarios regulares entre Nueva York y Chicago y entre Nueva York y Londres. Los trenes, que viajar\u00e1n a una velocidad dos o tres veces superior a la actual, tendr\u00e1n cines a bordo. Casi cada casa de buen gusto tendr\u00e1 su habitaci\u00f3n de proyecci\u00f3n privada donde fragmentos, quiz\u00e1s, de grandes pel\u00edculas ser\u00e1n mostradas a la familia y, desde luego, las familias har\u00e1n sus \u00e1lbumes con im\u00e1genes en movimiento en lugar de con ferrotipos y fotograf\u00edas. En los vapores habr\u00e1\u00a0estrenos de pel\u00edculas que les llevar\u00e1n\u00a0aeroplanos en mitad del oc\u00e9ano, y puedo a\u00f1adir que casi todas las materias de nuestros colegios se ense\u00f1ar\u00e1n en gran parte\u00a0con la reproducci\u00f3n de im\u00e1genes y pel\u00edculas educativas\u00bb.<\/p>\n<p style=\"text-align: justify;\">Es evidente que en 1924 era dif\u00edcil prever la multitud de pantallas que nos rodean en 2011, ni la cantidad de espacios arquitect\u00f3nicos diversos donde est\u00e1n situadas.<\/p>\n<p style=\"text-align: justify;\">Griffith tambi\u00e9n escribe que en 2024 las pel\u00edculas ser\u00e1n \u00abcasi como las personas vivas o los objetos existentes\u00bb por lo que \u00abser\u00e1s incapaz, sentado en el asiento de la platea, de determinar si son im\u00e1genes o la realidad\u00bb. Eliminar la tenue l\u00ednea que separa a la realidad de la ficci\u00f3n ha sido siempre uno de los objetivos de quienes crean esas ficciones y se ha intentado con pantallas panor\u00e1micas, pel\u00edculas con olor, relieve, etc.<\/p>\n<p style=\"text-align: justify;\">Como an\u00e9cdota y para finalizar, se puede a\u00f1adir que Griffith prev\u00e9 que las localidades en 2024 costar\u00e1n \u00abno menos de 5$\u00bb, evidentemente el director se queda corto en su apreciaci\u00f3n y se quedar\u00eda asombrado de cu\u00e1nto cuesta ya en 2011 una entrada, as\u00ed como del volumen de negocio que se mueve alrededor de un medio que \u00e9l revolucion\u00f3.<\/p>\n<p style=\"text-align: justify;\">Jorge Gorostiza, arquitecto. Autor del blog <em>Arquitectura+Cine+Ciudad<br \/>\n<\/em>Santa Cruz de Tenerife, julio 2011<\/p>\n<p><\/p>","protected":false},"excerpt":{"rendered":"<p>He encontrado un art\u00edculo escrito por David W. Griffith publicado en\u00a0The Film Daily el 22 de junio de 1924, con permiso de Collier&#8217;s\u00a0Weekly, titulado \u00abThe Movies 100 Years From Now\u00bb. Siempre es arriesgado predecir lo que ocurrir\u00e1 en el futuro y pocas veces, a pesar de lo que digan algunos videntes, se acierta. En este [&hellip;]<\/p>\n","protected":false},"author":34,"featured_media":16361,"comment_status":"open","ping_status":"closed","sticky":false,"template":"","format":"standard","meta":{"footnotes":""},"categories":[3,1460,5951],"tags":[12449,155,158,12471,4396,318,10505,1593,1241],"class_list":{"0":"post-16360","1":"post","2":"type-post","3":"status-publish","4":"format-standard","5":"has-post-thumbnail","7":"category-capturas","8":"category-cine","9":"category-slider-principal","10":"tag-arte","11":"tag-arte-contemporaneo","12":"tag-artes-plasticas","13":"tag-cine","14":"tag-cineastas","15":"tag-ciudad","16":"tag-david-wark-griffith","17":"tag-jorge-gorostiza","18":"tag-sociedad"},"yoast_head":"<!-- This site is optimized with the Yoast SEO plugin v27.4 - https:\/\/yoast.com\/product\/yoast-seo-wordpress\/ -->\n<title>El cine en 2024, seg\u00fan Griffith | Jorge Gorostiza<\/title>\n<meta name=\"description\" content=\"El cine en 2024 seg\u00fan Griffith\" \/>\n<meta name=\"robots\" content=\"index, follow, max-snippet:-1, max-image-preview:large, max-video-preview:-1\" \/>\n<link rel=\"canonical\" href=\"https:\/\/veredes.es\/blog\/el-cine-en-2024-segun-griffith-jorge-gorostiza\/\" \/>\n<meta property=\"og:locale\" content=\"es_ES\" \/>\n<meta property=\"og:type\" content=\"article\" \/>\n<meta property=\"og:title\" content=\"El cine en 2024, seg\u00fan Griffith | Jorge Gorostiza\" \/>\n<meta property=\"og:description\" content=\"El cine en 2024 seg\u00fan Griffith\" \/>\n<meta property=\"og:url\" content=\"https:\/\/veredes.es\/blog\/el-cine-en-2024-segun-griffith-jorge-gorostiza\/\" \/>\n<meta property=\"og:site_name\" content=\"veredes, arquitectura y divulgaci\u00f3n\" \/>\n<meta property=\"article:publisher\" content=\"https:\/\/www.facebook.com\/veredesArquitecturayDivulgacion\/\" \/>\n<meta property=\"article:author\" content=\"https:\/\/www.facebook.com\/gorostiza\" \/>\n<meta property=\"article:published_time\" content=\"2011-09-16T05:00:15+00:00\" \/>\n<meta property=\"article:modified_time\" content=\"2019-06-04T09:03:22+00:00\" \/>\n<meta property=\"og:image\" content=\"https:\/\/veredes.es\/blog\/wp-content\/uploads\/2011\/09\/D_W_Griffith.jpg\" \/>\n\t<meta property=\"og:image:width\" content=\"191\" \/>\n\t<meta property=\"og:image:height\" content=\"320\" \/>\n\t<meta property=\"og:image:type\" content=\"image\/jpeg\" \/>\n<meta name=\"author\" content=\"Jorge Gorostiza\" \/>\n<meta name=\"twitter:card\" content=\"summary_large_image\" \/>\n<meta name=\"twitter:creator\" content=\"@https:\/\/twitter.com\/jorgegorostiza\" \/>\n<meta name=\"twitter:site\" content=\"@veredes\" \/>\n<meta name=\"twitter:label1\" content=\"Escrito por\" \/>\n\t<meta name=\"twitter:data1\" content=\"Jorge Gorostiza\" \/>\n\t<meta name=\"twitter:label2\" content=\"Tiempo de lectura\" \/>\n\t<meta name=\"twitter:data2\" content=\"6 minutos\" \/>\n<script type=\"application\/ld+json\" class=\"yoast-schema-graph\">{\"@context\":\"https:\\\/\\\/schema.org\",\"@graph\":[{\"@type\":\"Article\",\"@id\":\"https:\\\/\\\/veredes.es\\\/blog\\\/el-cine-en-2024-segun-griffith-jorge-gorostiza\\\/#article\",\"isPartOf\":{\"@id\":\"https:\\\/\\\/veredes.es\\\/blog\\\/el-cine-en-2024-segun-griffith-jorge-gorostiza\\\/\"},\"author\":{\"name\":\"Jorge Gorostiza\",\"@id\":\"https:\\\/\\\/veredes.es\\\/blog\\\/#\\\/schema\\\/person\\\/3f2d8efdf175df3cfcfa51a2b06cc527\"},\"headline\":\"El cine en 2024, seg\u00fan Griffith | Jorge Gorostiza\",\"datePublished\":\"2011-09-16T05:00:15+00:00\",\"dateModified\":\"2019-06-04T09:03:22+00:00\",\"mainEntityOfPage\":{\"@id\":\"https:\\\/\\\/veredes.es\\\/blog\\\/el-cine-en-2024-segun-griffith-jorge-gorostiza\\\/\"},\"wordCount\":1304,\"commentCount\":26,\"publisher\":{\"@id\":\"https:\\\/\\\/veredes.es\\\/blog\\\/#organization\"},\"image\":{\"@id\":\"https:\\\/\\\/veredes.es\\\/blog\\\/el-cine-en-2024-segun-griffith-jorge-gorostiza\\\/#primaryimage\"},\"thumbnailUrl\":\"https:\\\/\\\/veredes.es\\\/blog\\\/wp-content\\\/uploads\\\/2011\\\/09\\\/D_W_Griffith.jpg\",\"keywords\":[\"arte\",\"arte contemporaneo\",\"artes pl\u00e1sticas\",\"cine\",\"cineastas\",\"ciudad\",\"David Wark Griffith\",\"Jorge Gorostiza\",\"sociedad\"],\"articleSection\":[\"capturas\",\"cine\",\"slider principal\"],\"inLanguage\":\"es\",\"potentialAction\":[{\"@type\":\"CommentAction\",\"name\":\"Comment\",\"target\":[\"https:\\\/\\\/veredes.es\\\/blog\\\/el-cine-en-2024-segun-griffith-jorge-gorostiza\\\/#respond\"]}]},{\"@type\":\"WebPage\",\"@id\":\"https:\\\/\\\/veredes.es\\\/blog\\\/el-cine-en-2024-segun-griffith-jorge-gorostiza\\\/\",\"url\":\"https:\\\/\\\/veredes.es\\\/blog\\\/el-cine-en-2024-segun-griffith-jorge-gorostiza\\\/\",\"name\":\"El cine en 2024, seg\u00fan Griffith | Jorge Gorostiza\",\"isPartOf\":{\"@id\":\"https:\\\/\\\/veredes.es\\\/blog\\\/#website\"},\"primaryImageOfPage\":{\"@id\":\"https:\\\/\\\/veredes.es\\\/blog\\\/el-cine-en-2024-segun-griffith-jorge-gorostiza\\\/#primaryimage\"},\"image\":{\"@id\":\"https:\\\/\\\/veredes.es\\\/blog\\\/el-cine-en-2024-segun-griffith-jorge-gorostiza\\\/#primaryimage\"},\"thumbnailUrl\":\"https:\\\/\\\/veredes.es\\\/blog\\\/wp-content\\\/uploads\\\/2011\\\/09\\\/D_W_Griffith.jpg\",\"datePublished\":\"2011-09-16T05:00:15+00:00\",\"dateModified\":\"2019-06-04T09:03:22+00:00\",\"description\":\"El cine en 2024 seg\u00fan Griffith\",\"breadcrumb\":{\"@id\":\"https:\\\/\\\/veredes.es\\\/blog\\\/el-cine-en-2024-segun-griffith-jorge-gorostiza\\\/#breadcrumb\"},\"inLanguage\":\"es\",\"potentialAction\":[{\"@type\":\"ReadAction\",\"target\":[\"https:\\\/\\\/veredes.es\\\/blog\\\/el-cine-en-2024-segun-griffith-jorge-gorostiza\\\/\"]}]},{\"@type\":\"ImageObject\",\"inLanguage\":\"es\",\"@id\":\"https:\\\/\\\/veredes.es\\\/blog\\\/el-cine-en-2024-segun-griffith-jorge-gorostiza\\\/#primaryimage\",\"url\":\"https:\\\/\\\/veredes.es\\\/blog\\\/wp-content\\\/uploads\\\/2011\\\/09\\\/D_W_Griffith.jpg\",\"contentUrl\":\"https:\\\/\\\/veredes.es\\\/blog\\\/wp-content\\\/uploads\\\/2011\\\/09\\\/D_W_Griffith.jpg\",\"width\":\"191\",\"height\":\"320\"},{\"@type\":\"BreadcrumbList\",\"@id\":\"https:\\\/\\\/veredes.es\\\/blog\\\/el-cine-en-2024-segun-griffith-jorge-gorostiza\\\/#breadcrumb\",\"itemListElement\":[{\"@type\":\"ListItem\",\"position\":1,\"name\":\"Portada\",\"item\":\"https:\\\/\\\/veredes.es\\\/blog\\\/\"},{\"@type\":\"ListItem\",\"position\":2,\"name\":\"El cine en 2024, seg\u00fan Griffith | Jorge Gorostiza\"}]},{\"@type\":\"WebSite\",\"@id\":\"https:\\\/\\\/veredes.es\\\/blog\\\/#website\",\"url\":\"https:\\\/\\\/veredes.es\\\/blog\\\/\",\"name\":\"veredes, arquitectura y divulgaci\u00f3n\",\"description\":\"veredes\",\"publisher\":{\"@id\":\"https:\\\/\\\/veredes.es\\\/blog\\\/#organization\"},\"alternateName\":\"veredes\",\"potentialAction\":[{\"@type\":\"SearchAction\",\"target\":{\"@type\":\"EntryPoint\",\"urlTemplate\":\"https:\\\/\\\/veredes.es\\\/blog\\\/?s={search_term_string}\"},\"query-input\":{\"@type\":\"PropertyValueSpecification\",\"valueRequired\":true,\"valueName\":\"search_term_string\"}}],\"inLanguage\":\"es\"},{\"@type\":\"Organization\",\"@id\":\"https:\\\/\\\/veredes.es\\\/blog\\\/#organization\",\"name\":\"veredes, arquitectura y divulgaci\u00f3n\",\"alternateName\":\"veredes\",\"url\":\"https:\\\/\\\/veredes.es\\\/blog\\\/\",\"logo\":{\"@type\":\"ImageObject\",\"inLanguage\":\"es\",\"@id\":\"https:\\\/\\\/veredes.es\\\/blog\\\/#\\\/schema\\\/logo\\\/image\\\/\",\"url\":\"https:\\\/\\\/veredes.es\\\/blog\\\/wp-content\\\/uploads\\\/2021\\\/12\\\/veredes-logo-centrado_140x54.png\",\"contentUrl\":\"https:\\\/\\\/veredes.es\\\/blog\\\/wp-content\\\/uploads\\\/2021\\\/12\\\/veredes-logo-centrado_140x54.png\",\"width\":140,\"height\":54,\"caption\":\"veredes, arquitectura y divulgaci\u00f3n\"},\"image\":{\"@id\":\"https:\\\/\\\/veredes.es\\\/blog\\\/#\\\/schema\\\/logo\\\/image\\\/\"},\"sameAs\":[\"https:\\\/\\\/www.facebook.com\\\/veredesArquitecturayDivulgacion\\\/\",\"https:\\\/\\\/x.com\\\/veredes\",\"https:\\\/\\\/instagram.com\\\/veredes\\\/\",\"https:\\\/\\\/www.linkedin.com\\\/company\\\/veredes-arquitectura-y-divulgacion\\\/\",\"https:\\\/\\\/es.pinterest.com\\\/veredes\\\/\",\"https:\\\/\\\/www.tumblr.com\\\/veredes\"]},{\"@type\":\"Person\",\"@id\":\"https:\\\/\\\/veredes.es\\\/blog\\\/#\\\/schema\\\/person\\\/3f2d8efdf175df3cfcfa51a2b06cc527\",\"name\":\"Jorge Gorostiza\",\"image\":{\"@type\":\"ImageObject\",\"inLanguage\":\"es\",\"@id\":\"https:\\\/\\\/veredes.es\\\/blog\\\/wp-content\\\/uploads\\\/2018\\\/04\\\/jorge-gorostiza-96x96.jpg\",\"url\":\"https:\\\/\\\/veredes.es\\\/blog\\\/wp-content\\\/uploads\\\/2018\\\/04\\\/jorge-gorostiza-96x96.jpg\",\"contentUrl\":\"https:\\\/\\\/veredes.es\\\/blog\\\/wp-content\\\/uploads\\\/2018\\\/04\\\/jorge-gorostiza-96x96.jpg\",\"caption\":\"Jorge Gorostiza\"},\"description\":\"Doctor arquitecto por la UPM, 2015. He publicado bastantes libros y muchos art\u00edculos, he impartido conferencias, he sido comisario de exposiciones y jurado en much\u00edsmos festivales. Si quieren saber m\u00e1s no duden en consultar mi blog ARQUITECTURA + CINE + CIUDAD. En este blog se ir\u00e1n recogiendo art\u00edculos y textos dispersos por la Web, as\u00ed como otros publicados y libres de derechos, que traten sobre Cine, Arquitectura y Ciudad. As\u00ed quienes est\u00e9n interesados por las relaciones entre la ficci\u00f3n y la realidad, podr\u00e1n tener m\u00e1s argumentos para profundizar en esas relaciones. No es un blog en el que se vayan a hacer comentarios sobre las vivencias personales de su responsable, que adem\u00e1s a nadie interesan. Por supuesto que est\u00e1 abierto a cualquiera que le gusten estos temas, sirviendo como foro de debate y como lugar donde todos podamos aprender con las ideas de los dem\u00e1s.\",\"sameAs\":[\"http:\\\/\\\/cinearquitecturaciudad.blogspot.com.es\\\/\",\"https:\\\/\\\/www.facebook.com\\\/gorostiza\",\"https:\\\/\\\/www.instagram.com\\\/jorge.gorostiza\\\/\",\"https:\\\/\\\/www.linkedin.com\\\/in\\\/jorge-gorostiza-022a6a13\\\/\",\"https:\\\/\\\/x.com\\\/https:\\\/\\\/twitter.com\\\/jorgegorostiza\"],\"url\":\"https:\\\/\\\/veredes.es\\\/blog\\\/author\\\/jorge-gorostiza\\\/\"}]}<\/script>\n<!-- \/ Yoast SEO plugin. -->","yoast_head_json":{"title":"El cine en 2024, seg\u00fan Griffith | Jorge Gorostiza","description":"El cine en 2024 seg\u00fan Griffith","robots":{"index":"index","follow":"follow","max-snippet":"max-snippet:-1","max-image-preview":"max-image-preview:large","max-video-preview":"max-video-preview:-1"},"canonical":"https:\/\/veredes.es\/blog\/el-cine-en-2024-segun-griffith-jorge-gorostiza\/","og_locale":"es_ES","og_type":"article","og_title":"El cine en 2024, seg\u00fan Griffith | Jorge Gorostiza","og_description":"El cine en 2024 seg\u00fan Griffith","og_url":"https:\/\/veredes.es\/blog\/el-cine-en-2024-segun-griffith-jorge-gorostiza\/","og_site_name":"veredes, arquitectura y divulgaci\u00f3n","article_publisher":"https:\/\/www.facebook.com\/veredesArquitecturayDivulgacion\/","article_author":"https:\/\/www.facebook.com\/gorostiza","article_published_time":"2011-09-16T05:00:15+00:00","article_modified_time":"2019-06-04T09:03:22+00:00","og_image":[{"width":191,"height":320,"url":"https:\/\/veredes.es\/blog\/wp-content\/uploads\/2011\/09\/D_W_Griffith.jpg","type":"image\/jpeg"}],"author":"Jorge Gorostiza","twitter_card":"summary_large_image","twitter_creator":"@https:\/\/twitter.com\/jorgegorostiza","twitter_site":"@veredes","twitter_misc":{"Escrito por":"Jorge Gorostiza","Tiempo de lectura":"6 minutos"},"schema":{"@context":"https:\/\/schema.org","@graph":[{"@type":"Article","@id":"https:\/\/veredes.es\/blog\/el-cine-en-2024-segun-griffith-jorge-gorostiza\/#article","isPartOf":{"@id":"https:\/\/veredes.es\/blog\/el-cine-en-2024-segun-griffith-jorge-gorostiza\/"},"author":{"name":"Jorge Gorostiza","@id":"https:\/\/veredes.es\/blog\/#\/schema\/person\/3f2d8efdf175df3cfcfa51a2b06cc527"},"headline":"El cine en 2024, seg\u00fan Griffith | Jorge Gorostiza","datePublished":"2011-09-16T05:00:15+00:00","dateModified":"2019-06-04T09:03:22+00:00","mainEntityOfPage":{"@id":"https:\/\/veredes.es\/blog\/el-cine-en-2024-segun-griffith-jorge-gorostiza\/"},"wordCount":1304,"commentCount":26,"publisher":{"@id":"https:\/\/veredes.es\/blog\/#organization"},"image":{"@id":"https:\/\/veredes.es\/blog\/el-cine-en-2024-segun-griffith-jorge-gorostiza\/#primaryimage"},"thumbnailUrl":"https:\/\/veredes.es\/blog\/wp-content\/uploads\/2011\/09\/D_W_Griffith.jpg","keywords":["arte","arte contemporaneo","artes pl\u00e1sticas","cine","cineastas","ciudad","David Wark Griffith","Jorge Gorostiza","sociedad"],"articleSection":["capturas","cine","slider principal"],"inLanguage":"es","potentialAction":[{"@type":"CommentAction","name":"Comment","target":["https:\/\/veredes.es\/blog\/el-cine-en-2024-segun-griffith-jorge-gorostiza\/#respond"]}]},{"@type":"WebPage","@id":"https:\/\/veredes.es\/blog\/el-cine-en-2024-segun-griffith-jorge-gorostiza\/","url":"https:\/\/veredes.es\/blog\/el-cine-en-2024-segun-griffith-jorge-gorostiza\/","name":"El cine en 2024, seg\u00fan Griffith | Jorge Gorostiza","isPartOf":{"@id":"https:\/\/veredes.es\/blog\/#website"},"primaryImageOfPage":{"@id":"https:\/\/veredes.es\/blog\/el-cine-en-2024-segun-griffith-jorge-gorostiza\/#primaryimage"},"image":{"@id":"https:\/\/veredes.es\/blog\/el-cine-en-2024-segun-griffith-jorge-gorostiza\/#primaryimage"},"thumbnailUrl":"https:\/\/veredes.es\/blog\/wp-content\/uploads\/2011\/09\/D_W_Griffith.jpg","datePublished":"2011-09-16T05:00:15+00:00","dateModified":"2019-06-04T09:03:22+00:00","description":"El cine en 2024 seg\u00fan Griffith","breadcrumb":{"@id":"https:\/\/veredes.es\/blog\/el-cine-en-2024-segun-griffith-jorge-gorostiza\/#breadcrumb"},"inLanguage":"es","potentialAction":[{"@type":"ReadAction","target":["https:\/\/veredes.es\/blog\/el-cine-en-2024-segun-griffith-jorge-gorostiza\/"]}]},{"@type":"ImageObject","inLanguage":"es","@id":"https:\/\/veredes.es\/blog\/el-cine-en-2024-segun-griffith-jorge-gorostiza\/#primaryimage","url":"https:\/\/veredes.es\/blog\/wp-content\/uploads\/2011\/09\/D_W_Griffith.jpg","contentUrl":"https:\/\/veredes.es\/blog\/wp-content\/uploads\/2011\/09\/D_W_Griffith.jpg","width":"191","height":"320"},{"@type":"BreadcrumbList","@id":"https:\/\/veredes.es\/blog\/el-cine-en-2024-segun-griffith-jorge-gorostiza\/#breadcrumb","itemListElement":[{"@type":"ListItem","position":1,"name":"Portada","item":"https:\/\/veredes.es\/blog\/"},{"@type":"ListItem","position":2,"name":"El cine en 2024, seg\u00fan Griffith | Jorge Gorostiza"}]},{"@type":"WebSite","@id":"https:\/\/veredes.es\/blog\/#website","url":"https:\/\/veredes.es\/blog\/","name":"veredes, arquitectura y divulgaci\u00f3n","description":"veredes","publisher":{"@id":"https:\/\/veredes.es\/blog\/#organization"},"alternateName":"veredes","potentialAction":[{"@type":"SearchAction","target":{"@type":"EntryPoint","urlTemplate":"https:\/\/veredes.es\/blog\/?s={search_term_string}"},"query-input":{"@type":"PropertyValueSpecification","valueRequired":true,"valueName":"search_term_string"}}],"inLanguage":"es"},{"@type":"Organization","@id":"https:\/\/veredes.es\/blog\/#organization","name":"veredes, arquitectura y divulgaci\u00f3n","alternateName":"veredes","url":"https:\/\/veredes.es\/blog\/","logo":{"@type":"ImageObject","inLanguage":"es","@id":"https:\/\/veredes.es\/blog\/#\/schema\/logo\/image\/","url":"https:\/\/veredes.es\/blog\/wp-content\/uploads\/2021\/12\/veredes-logo-centrado_140x54.png","contentUrl":"https:\/\/veredes.es\/blog\/wp-content\/uploads\/2021\/12\/veredes-logo-centrado_140x54.png","width":140,"height":54,"caption":"veredes, arquitectura y divulgaci\u00f3n"},"image":{"@id":"https:\/\/veredes.es\/blog\/#\/schema\/logo\/image\/"},"sameAs":["https:\/\/www.facebook.com\/veredesArquitecturayDivulgacion\/","https:\/\/x.com\/veredes","https:\/\/instagram.com\/veredes\/","https:\/\/www.linkedin.com\/company\/veredes-arquitectura-y-divulgacion\/","https:\/\/es.pinterest.com\/veredes\/","https:\/\/www.tumblr.com\/veredes"]},{"@type":"Person","@id":"https:\/\/veredes.es\/blog\/#\/schema\/person\/3f2d8efdf175df3cfcfa51a2b06cc527","name":"Jorge Gorostiza","image":{"@type":"ImageObject","inLanguage":"es","@id":"https:\/\/veredes.es\/blog\/wp-content\/uploads\/2018\/04\/jorge-gorostiza-96x96.jpg","url":"https:\/\/veredes.es\/blog\/wp-content\/uploads\/2018\/04\/jorge-gorostiza-96x96.jpg","contentUrl":"https:\/\/veredes.es\/blog\/wp-content\/uploads\/2018\/04\/jorge-gorostiza-96x96.jpg","caption":"Jorge Gorostiza"},"description":"Doctor arquitecto por la UPM, 2015. He publicado bastantes libros y muchos art\u00edculos, he impartido conferencias, he sido comisario de exposiciones y jurado en much\u00edsmos festivales. Si quieren saber m\u00e1s no duden en consultar mi blog ARQUITECTURA + CINE + CIUDAD. En este blog se ir\u00e1n recogiendo art\u00edculos y textos dispersos por la Web, as\u00ed como otros publicados y libres de derechos, que traten sobre Cine, Arquitectura y Ciudad. As\u00ed quienes est\u00e9n interesados por las relaciones entre la ficci\u00f3n y la realidad, podr\u00e1n tener m\u00e1s argumentos para profundizar en esas relaciones. No es un blog en el que se vayan a hacer comentarios sobre las vivencias personales de su responsable, que adem\u00e1s a nadie interesan. Por supuesto que est\u00e1 abierto a cualquiera que le gusten estos temas, sirviendo como foro de debate y como lugar donde todos podamos aprender con las ideas de los dem\u00e1s.","sameAs":["http:\/\/cinearquitecturaciudad.blogspot.com.es\/","https:\/\/www.facebook.com\/gorostiza","https:\/\/www.instagram.com\/jorge.gorostiza\/","https:\/\/www.linkedin.com\/in\/jorge-gorostiza-022a6a13\/","https:\/\/x.com\/https:\/\/twitter.com\/jorgegorostiza"],"url":"https:\/\/veredes.es\/blog\/author\/jorge-gorostiza\/"}]}},"_links":{"self":[{"href":"https:\/\/veredes.es\/blog\/wp-json\/wp\/v2\/posts\/16360","targetHints":{"allow":["GET"]}}],"collection":[{"href":"https:\/\/veredes.es\/blog\/wp-json\/wp\/v2\/posts"}],"about":[{"href":"https:\/\/veredes.es\/blog\/wp-json\/wp\/v2\/types\/post"}],"author":[{"embeddable":true,"href":"https:\/\/veredes.es\/blog\/wp-json\/wp\/v2\/users\/34"}],"replies":[{"embeddable":true,"href":"https:\/\/veredes.es\/blog\/wp-json\/wp\/v2\/comments?post=16360"}],"version-history":[{"count":0,"href":"https:\/\/veredes.es\/blog\/wp-json\/wp\/v2\/posts\/16360\/revisions"}],"wp:featuredmedia":[{"embeddable":true,"href":"https:\/\/veredes.es\/blog\/wp-json\/wp\/v2\/media\/16361"}],"wp:attachment":[{"href":"https:\/\/veredes.es\/blog\/wp-json\/wp\/v2\/media?parent=16360"}],"wp:term":[{"taxonomy":"category","embeddable":true,"href":"https:\/\/veredes.es\/blog\/wp-json\/wp\/v2\/categories?post=16360"},{"taxonomy":"post_tag","embeddable":true,"href":"https:\/\/veredes.es\/blog\/wp-json\/wp\/v2\/tags?post=16360"}],"curies":[{"name":"wp","href":"https:\/\/api.w.org\/{rel}","templated":true}]}}