{"id":14942,"date":"2009-07-07T06:03:32","date_gmt":"2009-07-07T06:03:32","guid":{"rendered":"http:\/\/veredes.es\/blog\/?p=14942"},"modified":"2020-01-07T09:45:42","modified_gmt":"2020-01-07T08:45:42","slug":"residencia-saavedra-lucio-costa-luciocosta","status":"publish","type":"post","link":"https:\/\/veredes.es\/blog\/residencia-saavedra-lucio-costa-luciocosta\/","title":{"rendered":"Residencia Saavedra. Lucio Costa"},"content":{"rendered":"<p><\/p>\n<blockquote>\n<p style=\"text-align: justify;\"><em>\u00abNuestra casa se presenta, as\u00ed, casi siempre poco ataviada y pobre, comparada con la opulencia de los palacios y villas italianos&#8230; Sin embargo, afirmar que ella no tiene ning\u00fan valor como obra de arquitectura es algo que no corresponde a la realidad.\u00bb<\/em><\/p>\n<p style=\"text-align: right;\">Lucio Costa.<\/p>\n<\/blockquote>\n<p style=\"text-align: justify;\">La Residencia Saavedra se localiza en Correias, en Petr\u00f3polis, RJ. Casa de veraneo construida para el Bar\u00f3n de Saavedra y su esposa, Carmem Proen\u00e7a. La obra se enmarca dentro una vertiente espec\u00edfica de la arquitectura moderna brasile\u00f1a que comez\u00f3 a delinearse al inicio de los a\u00f1os 1930 se produce y cuya maturalidad se encontraba comprendida entre los primeros a\u00f1os de la d\u00e9cada de 1940 y mediados de la d\u00e9cada de 1950.<\/p>\n<p style=\"text-align: justify;\">A veces denominada \u201cnativista\u201d o \u201carquitetura nueva da tradici\u00f3n local\u201d, esa parcela de la produci\u00f3n nacional tiene como valedoro conceptual principal las ideas del arquiteto Lucio Costa. Su caracter\u00edstica formal m\u00e1s importante es el uso, dentro del recetario moderno, de elementos arquitect\u00f3nicos referenciados en la tradici\u00f3n colonial brasile\u00f1a.<\/p>\n<figure id=\"attachment_14946\" aria-describedby=\"caption-attachment-14946\" style=\"width: 620px\" class=\"wp-caption alignnone\"><a href=\"https:\/\/veredes.es\/blog\/wp-content\/uploads\/2011\/06\/000.jpg\"><img loading=\"lazy\" decoding=\"async\" class=\" wp-image-14946\" title=\"000\" src=\"https:\/\/veredes.es\/blog\/wp-content\/uploads\/2011\/06\/000.jpg\" alt=\"\" width=\"620\" height=\"449\" srcset=\"https:\/\/veredes.es\/blog\/wp-content\/uploads\/2011\/06\/000.jpg 500w, https:\/\/veredes.es\/blog\/wp-content\/uploads\/2011\/06\/000-300x217.jpg 300w\" sizes=\"auto, (max-width: 620px) 100vw, 620px\" \/><\/a><figcaption id=\"caption-attachment-14946\" class=\"wp-caption-text\"><span style=\"color: #888888;\">Residence Saavedra. Lucio Costa<\/span><\/figcaption><\/figure>\n<p>[&#8230;]<\/p>\n<p><a href=\"http:\/\/luciocosta.wordpress.com\/obras-parte-1\/\" target=\"_blank\"><span style=\"color: #888888;\">+ art\u00edculo publicado en luciocosta.wordpress.com<\/span><\/a><\/p>","protected":false},"excerpt":{"rendered":"<p>\u00abNuestra casa se presenta, as\u00ed, casi siempre poco ataviada y pobre, comparada con la opulencia de los palacios y villas italianos&#8230; Sin embargo, afirmar que ella no tiene ning\u00fan valor como obra de arquitectura es algo que no corresponde a la realidad.\u00bb Lucio Costa. La Residencia Saavedra se localiza en Correias, en Petr\u00f3polis, RJ. Casa [&hellip;]<\/p>\n","protected":false},"author":2,"featured_media":14946,"comment_status":"open","ping_status":"closed","sticky":false,"template":"","format":"standard","meta":{"footnotes":""},"categories":[33,3,1379],"tags":[11754,5864,143,147,220,11752,11755,11753,785,803,3243,2780,2001],"class_list":{"0":"post-14942","1":"post","2":"type-post","3":"status-publish","4":"format-standard","5":"has-post-thumbnail","7":"category-arquitectos","8":"category-capturas","9":"category-vivienda","10":"tag-alfred-agache","11":"tag-arquitectura-brasilena","12":"tag-arquitectura-contemporanea","13":"tag-arquitectura-moderna","14":"tag-brasil","15":"tag-carlos-leao","16":"tag-ernani-vasconcellos","17":"tag-jorge-moreira","18":"tag-le-corbusier","19":"tag-lucio-costa","20":"tag-oscar-niemeyer","21":"tag-roberto-burle-marx","22":"tag-sudamerica"},"yoast_head":"<!-- This site is optimized with the Yoast SEO plugin v27.5 - https:\/\/yoast.com\/product\/yoast-seo-wordpress\/ -->\n<title>Residencia Saavedra. Lucio CostaResidencia Saavedra. Lucio CostaResidence Saavedra. Lucio Costa - veredes<\/title>\n<meta name=\"description\" content=\"Toda la informaci\u00f3n sobre: Residencia Saavedra. Lucio CostaResidencia Saavedra. Lucio CostaResidence Saavedra. Lucio Costa\" \/>\n<meta name=\"robots\" content=\"index, follow, max-snippet:-1, max-image-preview:large, max-video-preview:-1\" \/>\n<link rel=\"canonical\" href=\"https:\/\/veredes.es\/blog\/residencia-saavedra-lucio-costa-luciocosta\/\" \/>\n<meta property=\"og:locale\" content=\"es_ES\" \/>\n<meta property=\"og:type\" content=\"article\" \/>\n<meta property=\"og:title\" content=\"Residencia Saavedra. Lucio CostaResidencia Saavedra. Lucio CostaResidence Saavedra. Lucio Costa - veredes\" \/>\n<meta property=\"og:description\" content=\"Toda la informaci\u00f3n sobre: Residencia Saavedra. Lucio CostaResidencia Saavedra. Lucio CostaResidence Saavedra. Lucio Costa\" \/>\n<meta property=\"og:url\" content=\"https:\/\/veredes.es\/blog\/residencia-saavedra-lucio-costa-luciocosta\/\" \/>\n<meta property=\"og:site_name\" content=\"veredes, arquitectura y divulgaci\u00f3n\" \/>\n<meta property=\"article:publisher\" content=\"https:\/\/www.facebook.com\/veredesArquitecturayDivulgacion\/\" \/>\n<meta property=\"article:author\" content=\"https:\/\/www.facebook.com\/veredesArquitecturayDivulgacion\/\" \/>\n<meta property=\"article:published_time\" content=\"2009-07-07T06:03:32+00:00\" \/>\n<meta property=\"article:modified_time\" content=\"2020-01-07T08:45:42+00:00\" \/>\n<meta property=\"og:image\" content=\"https:\/\/veredes.es\/blog\/wp-content\/uploads\/2011\/06\/000.jpg\" \/>\n\t<meta property=\"og:image:width\" content=\"500\" \/>\n\t<meta property=\"og:image:height\" content=\"363\" \/>\n\t<meta property=\"og:image:type\" content=\"image\/jpeg\" \/>\n<meta name=\"author\" content=\"veredes\" \/>\n<meta name=\"twitter:card\" content=\"summary_large_image\" \/>\n<meta name=\"twitter:creator\" content=\"@https:\/\/twitter.com\/veredes\" \/>\n<meta name=\"twitter:site\" content=\"@veredes\" \/>\n<meta name=\"twitter:label1\" content=\"Escrito por\" \/>\n\t<meta name=\"twitter:data1\" content=\"veredes\" \/>\n\t<meta name=\"twitter:label2\" content=\"Tiempo de lectura\" \/>\n\t<meta name=\"twitter:data2\" content=\"3 minutos\" \/>\n<script type=\"application\/ld+json\" class=\"yoast-schema-graph\">{\"@context\":\"https:\\\/\\\/schema.org\",\"@graph\":[{\"@type\":\"Article\",\"@id\":\"https:\\\/\\\/veredes.es\\\/blog\\\/residencia-saavedra-lucio-costa-luciocosta\\\/#article\",\"isPartOf\":{\"@id\":\"https:\\\/\\\/veredes.es\\\/blog\\\/residencia-saavedra-lucio-costa-luciocosta\\\/\"},\"author\":{\"name\":\"veredes\",\"@id\":\"https:\\\/\\\/veredes.es\\\/blog\\\/#\\\/schema\\\/person\\\/0bbb669073ef7faba5168a0844e93d2c\"},\"headline\":\"Residencia Saavedra. Lucio Costa\",\"datePublished\":\"2009-07-07T06:03:32+00:00\",\"dateModified\":\"2020-01-07T08:45:42+00:00\",\"mainEntityOfPage\":{\"@id\":\"https:\\\/\\\/veredes.es\\\/blog\\\/residencia-saavedra-lucio-costa-luciocosta\\\/\"},\"wordCount\":575,\"commentCount\":44,\"publisher\":{\"@id\":\"https:\\\/\\\/veredes.es\\\/blog\\\/#organization\"},\"image\":{\"@id\":\"https:\\\/\\\/veredes.es\\\/blog\\\/residencia-saavedra-lucio-costa-luciocosta\\\/#primaryimage\"},\"thumbnailUrl\":\"https:\\\/\\\/veredes.es\\\/blog\\\/wp-content\\\/uploads\\\/2011\\\/06\\\/000.jpg\",\"keywords\":[\"Alfred Agache\",\"arquitectura brasile\u00f1a\",\"arquitectura contempor\u00e1nea\",\"arquitectura moderna\",\"Brasil\",\"Carlos Le\u00e3o\",\"Ernani Vasconcellos\",\"Jorge Moreira\",\"Le Corbusier\",\"Lucio Costa\",\"Oscar Niemeyer\",\"Roberto Burle Marx\",\"sudam\u00e9rica\"],\"articleSection\":[\"arquitectos\",\"capturas\",\"vivienda\"],\"inLanguage\":\"es\",\"potentialAction\":[{\"@type\":\"CommentAction\",\"name\":\"Comment\",\"target\":[\"https:\\\/\\\/veredes.es\\\/blog\\\/residencia-saavedra-lucio-costa-luciocosta\\\/#respond\"]}]},{\"@type\":\"WebPage\",\"@id\":\"https:\\\/\\\/veredes.es\\\/blog\\\/residencia-saavedra-lucio-costa-luciocosta\\\/\",\"url\":\"https:\\\/\\\/veredes.es\\\/blog\\\/residencia-saavedra-lucio-costa-luciocosta\\\/\",\"name\":\"Residencia Saavedra. Lucio CostaResidencia Saavedra. Lucio CostaResidence Saavedra. Lucio Costa - veredes\",\"isPartOf\":{\"@id\":\"https:\\\/\\\/veredes.es\\\/blog\\\/#website\"},\"primaryImageOfPage\":{\"@id\":\"https:\\\/\\\/veredes.es\\\/blog\\\/residencia-saavedra-lucio-costa-luciocosta\\\/#primaryimage\"},\"image\":{\"@id\":\"https:\\\/\\\/veredes.es\\\/blog\\\/residencia-saavedra-lucio-costa-luciocosta\\\/#primaryimage\"},\"thumbnailUrl\":\"https:\\\/\\\/veredes.es\\\/blog\\\/wp-content\\\/uploads\\\/2011\\\/06\\\/000.jpg\",\"datePublished\":\"2009-07-07T06:03:32+00:00\",\"dateModified\":\"2020-01-07T08:45:42+00:00\",\"description\":\"Toda la informaci\u00f3n sobre: Residencia Saavedra. Lucio CostaResidencia Saavedra. Lucio CostaResidence Saavedra. Lucio Costa\",\"breadcrumb\":{\"@id\":\"https:\\\/\\\/veredes.es\\\/blog\\\/residencia-saavedra-lucio-costa-luciocosta\\\/#breadcrumb\"},\"inLanguage\":\"es\",\"potentialAction\":[{\"@type\":\"ReadAction\",\"target\":[\"https:\\\/\\\/veredes.es\\\/blog\\\/residencia-saavedra-lucio-costa-luciocosta\\\/\"]}]},{\"@type\":\"ImageObject\",\"inLanguage\":\"es\",\"@id\":\"https:\\\/\\\/veredes.es\\\/blog\\\/residencia-saavedra-lucio-costa-luciocosta\\\/#primaryimage\",\"url\":\"https:\\\/\\\/veredes.es\\\/blog\\\/wp-content\\\/uploads\\\/2011\\\/06\\\/000.jpg\",\"contentUrl\":\"https:\\\/\\\/veredes.es\\\/blog\\\/wp-content\\\/uploads\\\/2011\\\/06\\\/000.jpg\",\"width\":\"500\",\"height\":\"363\"},{\"@type\":\"BreadcrumbList\",\"@id\":\"https:\\\/\\\/veredes.es\\\/blog\\\/residencia-saavedra-lucio-costa-luciocosta\\\/#breadcrumb\",\"itemListElement\":[{\"@type\":\"ListItem\",\"position\":1,\"name\":\"Portada\",\"item\":\"https:\\\/\\\/veredes.es\\\/blog\\\/\"},{\"@type\":\"ListItem\",\"position\":2,\"name\":\"Residencia Saavedra. Lucio Costa\"}]},{\"@type\":\"WebSite\",\"@id\":\"https:\\\/\\\/veredes.es\\\/blog\\\/#website\",\"url\":\"https:\\\/\\\/veredes.es\\\/blog\\\/\",\"name\":\"veredes, arquitectura y divulgaci\u00f3n\",\"description\":\"veredes\",\"publisher\":{\"@id\":\"https:\\\/\\\/veredes.es\\\/blog\\\/#organization\"},\"alternateName\":\"veredes\",\"potentialAction\":[{\"@type\":\"SearchAction\",\"target\":{\"@type\":\"EntryPoint\",\"urlTemplate\":\"https:\\\/\\\/veredes.es\\\/blog\\\/?s={search_term_string}\"},\"query-input\":{\"@type\":\"PropertyValueSpecification\",\"valueRequired\":true,\"valueName\":\"search_term_string\"}}],\"inLanguage\":\"es\"},{\"@type\":\"Organization\",\"@id\":\"https:\\\/\\\/veredes.es\\\/blog\\\/#organization\",\"name\":\"veredes, arquitectura y divulgaci\u00f3n\",\"alternateName\":\"veredes\",\"url\":\"https:\\\/\\\/veredes.es\\\/blog\\\/\",\"logo\":{\"@type\":\"ImageObject\",\"inLanguage\":\"es\",\"@id\":\"https:\\\/\\\/veredes.es\\\/blog\\\/#\\\/schema\\\/logo\\\/image\\\/\",\"url\":\"https:\\\/\\\/veredes.es\\\/blog\\\/wp-content\\\/uploads\\\/2021\\\/12\\\/veredes-logo-centrado_140x54.png\",\"contentUrl\":\"https:\\\/\\\/veredes.es\\\/blog\\\/wp-content\\\/uploads\\\/2021\\\/12\\\/veredes-logo-centrado_140x54.png\",\"width\":140,\"height\":54,\"caption\":\"veredes, arquitectura y divulgaci\u00f3n\"},\"image\":{\"@id\":\"https:\\\/\\\/veredes.es\\\/blog\\\/#\\\/schema\\\/logo\\\/image\\\/\"},\"sameAs\":[\"https:\\\/\\\/www.facebook.com\\\/veredesArquitecturayDivulgacion\\\/\",\"https:\\\/\\\/x.com\\\/veredes\",\"https:\\\/\\\/instagram.com\\\/veredes\\\/\",\"https:\\\/\\\/www.linkedin.com\\\/company\\\/veredes-arquitectura-y-divulgacion\\\/\",\"https:\\\/\\\/es.pinterest.com\\\/veredes\\\/\",\"https:\\\/\\\/www.tumblr.com\\\/veredes\"]},{\"@type\":\"Person\",\"@id\":\"https:\\\/\\\/veredes.es\\\/blog\\\/#\\\/schema\\\/person\\\/0bbb669073ef7faba5168a0844e93d2c\",\"name\":\"veredes\",\"image\":{\"@type\":\"ImageObject\",\"inLanguage\":\"es\",\"@id\":\"https:\\\/\\\/veredes.es\\\/blog\\\/wp-content\\\/uploads\\\/2018\\\/04\\\/face-96x96.jpg\",\"url\":\"https:\\\/\\\/veredes.es\\\/blog\\\/wp-content\\\/uploads\\\/2018\\\/04\\\/face-96x96.jpg\",\"contentUrl\":\"https:\\\/\\\/veredes.es\\\/blog\\\/wp-content\\\/uploads\\\/2018\\\/04\\\/face-96x96.jpg\",\"caption\":\"veredes\"},\"description\":\"Surge enero de 2009 como b\u00fasqueda de satisfacer el conocimiento de la actividad arquitect\u00f3nica y tangentes que se generan. La idea es crear un espacio para divulgar los diversos proyectos en busca de nueva inspiraci\u00f3n y de intercambio.\",\"sameAs\":[\"https:\\\/\\\/veredes.es\\\/\",\"https:\\\/\\\/www.facebook.com\\\/veredesArquitecturayDivulgacion\\\/\",\"https:\\\/\\\/www.instagram.com\\\/veredes\\\/\",\"https:\\\/\\\/www.linkedin.com\\\/company\\\/veredes-arquitectura-y-divulgacion\\\/\",\"https:\\\/\\\/www.pinterest.es\\\/veredes\\\/\",\"https:\\\/\\\/x.com\\\/https:\\\/\\\/twitter.com\\\/veredes\",\"https:\\\/\\\/veredes.tumblr.com\\\/\"],\"url\":\"https:\\\/\\\/veredes.es\\\/blog\\\/author\\\/alberto\\\/\"}]}<\/script>\n<!-- \/ Yoast SEO plugin. -->","yoast_head_json":{"title":"Residencia Saavedra. Lucio CostaResidencia Saavedra. Lucio CostaResidence Saavedra. Lucio Costa - veredes","description":"Toda la informaci\u00f3n sobre: Residencia Saavedra. Lucio CostaResidencia Saavedra. Lucio CostaResidence Saavedra. Lucio Costa","robots":{"index":"index","follow":"follow","max-snippet":"max-snippet:-1","max-image-preview":"max-image-preview:large","max-video-preview":"max-video-preview:-1"},"canonical":"https:\/\/veredes.es\/blog\/residencia-saavedra-lucio-costa-luciocosta\/","og_locale":"es_ES","og_type":"article","og_title":"Residencia Saavedra. Lucio CostaResidencia Saavedra. Lucio CostaResidence Saavedra. Lucio Costa - veredes","og_description":"Toda la informaci\u00f3n sobre: Residencia Saavedra. Lucio CostaResidencia Saavedra. Lucio CostaResidence Saavedra. Lucio Costa","og_url":"https:\/\/veredes.es\/blog\/residencia-saavedra-lucio-costa-luciocosta\/","og_site_name":"veredes, arquitectura y divulgaci\u00f3n","article_publisher":"https:\/\/www.facebook.com\/veredesArquitecturayDivulgacion\/","article_author":"https:\/\/www.facebook.com\/veredesArquitecturayDivulgacion\/","article_published_time":"2009-07-07T06:03:32+00:00","article_modified_time":"2020-01-07T08:45:42+00:00","og_image":[{"width":500,"height":363,"url":"https:\/\/veredes.es\/blog\/wp-content\/uploads\/2011\/06\/000.jpg","type":"image\/jpeg"}],"author":"veredes","twitter_card":"summary_large_image","twitter_creator":"@https:\/\/twitter.com\/veredes","twitter_site":"@veredes","twitter_misc":{"Escrito por":"veredes","Tiempo de lectura":"3 minutos"},"schema":{"@context":"https:\/\/schema.org","@graph":[{"@type":"Article","@id":"https:\/\/veredes.es\/blog\/residencia-saavedra-lucio-costa-luciocosta\/#article","isPartOf":{"@id":"https:\/\/veredes.es\/blog\/residencia-saavedra-lucio-costa-luciocosta\/"},"author":{"name":"veredes","@id":"https:\/\/veredes.es\/blog\/#\/schema\/person\/0bbb669073ef7faba5168a0844e93d2c"},"headline":"Residencia Saavedra. Lucio Costa","datePublished":"2009-07-07T06:03:32+00:00","dateModified":"2020-01-07T08:45:42+00:00","mainEntityOfPage":{"@id":"https:\/\/veredes.es\/blog\/residencia-saavedra-lucio-costa-luciocosta\/"},"wordCount":575,"commentCount":44,"publisher":{"@id":"https:\/\/veredes.es\/blog\/#organization"},"image":{"@id":"https:\/\/veredes.es\/blog\/residencia-saavedra-lucio-costa-luciocosta\/#primaryimage"},"thumbnailUrl":"https:\/\/veredes.es\/blog\/wp-content\/uploads\/2011\/06\/000.jpg","keywords":["Alfred Agache","arquitectura brasile\u00f1a","arquitectura contempor\u00e1nea","arquitectura moderna","Brasil","Carlos Le\u00e3o","Ernani Vasconcellos","Jorge Moreira","Le Corbusier","Lucio Costa","Oscar Niemeyer","Roberto Burle Marx","sudam\u00e9rica"],"articleSection":["arquitectos","capturas","vivienda"],"inLanguage":"es","potentialAction":[{"@type":"CommentAction","name":"Comment","target":["https:\/\/veredes.es\/blog\/residencia-saavedra-lucio-costa-luciocosta\/#respond"]}]},{"@type":"WebPage","@id":"https:\/\/veredes.es\/blog\/residencia-saavedra-lucio-costa-luciocosta\/","url":"https:\/\/veredes.es\/blog\/residencia-saavedra-lucio-costa-luciocosta\/","name":"Residencia Saavedra. Lucio CostaResidencia Saavedra. Lucio CostaResidence Saavedra. Lucio Costa - veredes","isPartOf":{"@id":"https:\/\/veredes.es\/blog\/#website"},"primaryImageOfPage":{"@id":"https:\/\/veredes.es\/blog\/residencia-saavedra-lucio-costa-luciocosta\/#primaryimage"},"image":{"@id":"https:\/\/veredes.es\/blog\/residencia-saavedra-lucio-costa-luciocosta\/#primaryimage"},"thumbnailUrl":"https:\/\/veredes.es\/blog\/wp-content\/uploads\/2011\/06\/000.jpg","datePublished":"2009-07-07T06:03:32+00:00","dateModified":"2020-01-07T08:45:42+00:00","description":"Toda la informaci\u00f3n sobre: Residencia Saavedra. Lucio CostaResidencia Saavedra. Lucio CostaResidence Saavedra. Lucio Costa","breadcrumb":{"@id":"https:\/\/veredes.es\/blog\/residencia-saavedra-lucio-costa-luciocosta\/#breadcrumb"},"inLanguage":"es","potentialAction":[{"@type":"ReadAction","target":["https:\/\/veredes.es\/blog\/residencia-saavedra-lucio-costa-luciocosta\/"]}]},{"@type":"ImageObject","inLanguage":"es","@id":"https:\/\/veredes.es\/blog\/residencia-saavedra-lucio-costa-luciocosta\/#primaryimage","url":"https:\/\/veredes.es\/blog\/wp-content\/uploads\/2011\/06\/000.jpg","contentUrl":"https:\/\/veredes.es\/blog\/wp-content\/uploads\/2011\/06\/000.jpg","width":"500","height":"363"},{"@type":"BreadcrumbList","@id":"https:\/\/veredes.es\/blog\/residencia-saavedra-lucio-costa-luciocosta\/#breadcrumb","itemListElement":[{"@type":"ListItem","position":1,"name":"Portada","item":"https:\/\/veredes.es\/blog\/"},{"@type":"ListItem","position":2,"name":"Residencia Saavedra. Lucio Costa"}]},{"@type":"WebSite","@id":"https:\/\/veredes.es\/blog\/#website","url":"https:\/\/veredes.es\/blog\/","name":"veredes, arquitectura y divulgaci\u00f3n","description":"veredes","publisher":{"@id":"https:\/\/veredes.es\/blog\/#organization"},"alternateName":"veredes","potentialAction":[{"@type":"SearchAction","target":{"@type":"EntryPoint","urlTemplate":"https:\/\/veredes.es\/blog\/?s={search_term_string}"},"query-input":{"@type":"PropertyValueSpecification","valueRequired":true,"valueName":"search_term_string"}}],"inLanguage":"es"},{"@type":"Organization","@id":"https:\/\/veredes.es\/blog\/#organization","name":"veredes, arquitectura y divulgaci\u00f3n","alternateName":"veredes","url":"https:\/\/veredes.es\/blog\/","logo":{"@type":"ImageObject","inLanguage":"es","@id":"https:\/\/veredes.es\/blog\/#\/schema\/logo\/image\/","url":"https:\/\/veredes.es\/blog\/wp-content\/uploads\/2021\/12\/veredes-logo-centrado_140x54.png","contentUrl":"https:\/\/veredes.es\/blog\/wp-content\/uploads\/2021\/12\/veredes-logo-centrado_140x54.png","width":140,"height":54,"caption":"veredes, arquitectura y divulgaci\u00f3n"},"image":{"@id":"https:\/\/veredes.es\/blog\/#\/schema\/logo\/image\/"},"sameAs":["https:\/\/www.facebook.com\/veredesArquitecturayDivulgacion\/","https:\/\/x.com\/veredes","https:\/\/instagram.com\/veredes\/","https:\/\/www.linkedin.com\/company\/veredes-arquitectura-y-divulgacion\/","https:\/\/es.pinterest.com\/veredes\/","https:\/\/www.tumblr.com\/veredes"]},{"@type":"Person","@id":"https:\/\/veredes.es\/blog\/#\/schema\/person\/0bbb669073ef7faba5168a0844e93d2c","name":"veredes","image":{"@type":"ImageObject","inLanguage":"es","@id":"https:\/\/veredes.es\/blog\/wp-content\/uploads\/2018\/04\/face-96x96.jpg","url":"https:\/\/veredes.es\/blog\/wp-content\/uploads\/2018\/04\/face-96x96.jpg","contentUrl":"https:\/\/veredes.es\/blog\/wp-content\/uploads\/2018\/04\/face-96x96.jpg","caption":"veredes"},"description":"Surge enero de 2009 como b\u00fasqueda de satisfacer el conocimiento de la actividad arquitect\u00f3nica y tangentes que se generan. La idea es crear un espacio para divulgar los diversos proyectos en busca de nueva inspiraci\u00f3n y de intercambio.","sameAs":["https:\/\/veredes.es\/","https:\/\/www.facebook.com\/veredesArquitecturayDivulgacion\/","https:\/\/www.instagram.com\/veredes\/","https:\/\/www.linkedin.com\/company\/veredes-arquitectura-y-divulgacion\/","https:\/\/www.pinterest.es\/veredes\/","https:\/\/x.com\/https:\/\/twitter.com\/veredes","https:\/\/veredes.tumblr.com\/"],"url":"https:\/\/veredes.es\/blog\/author\/alberto\/"}]}},"_links":{"self":[{"href":"https:\/\/veredes.es\/blog\/wp-json\/wp\/v2\/posts\/14942","targetHints":{"allow":["GET"]}}],"collection":[{"href":"https:\/\/veredes.es\/blog\/wp-json\/wp\/v2\/posts"}],"about":[{"href":"https:\/\/veredes.es\/blog\/wp-json\/wp\/v2\/types\/post"}],"author":[{"embeddable":true,"href":"https:\/\/veredes.es\/blog\/wp-json\/wp\/v2\/users\/2"}],"replies":[{"embeddable":true,"href":"https:\/\/veredes.es\/blog\/wp-json\/wp\/v2\/comments?post=14942"}],"version-history":[{"count":0,"href":"https:\/\/veredes.es\/blog\/wp-json\/wp\/v2\/posts\/14942\/revisions"}],"wp:featuredmedia":[{"embeddable":true,"href":"https:\/\/veredes.es\/blog\/wp-json\/wp\/v2\/media\/14946"}],"wp:attachment":[{"href":"https:\/\/veredes.es\/blog\/wp-json\/wp\/v2\/media?parent=14942"}],"wp:term":[{"taxonomy":"category","embeddable":true,"href":"https:\/\/veredes.es\/blog\/wp-json\/wp\/v2\/categories?post=14942"},{"taxonomy":"post_tag","embeddable":true,"href":"https:\/\/veredes.es\/blog\/wp-json\/wp\/v2\/tags?post=14942"}],"curies":[{"name":"wp","href":"https:\/\/api.w.org\/{rel}","templated":true}]}}