{"id":14088,"date":"2011-05-30T08:45:10","date_gmt":"2011-05-30T08:45:10","guid":{"rendered":"http:\/\/veredes.es\/blog\/?p=14088"},"modified":"2016-08-23T11:03:53","modified_gmt":"2016-08-23T09:03:53","slug":"la-letra-dibujada-en-prosa-de-enric-miralles-rut-vidal-hic","status":"publish","type":"post","link":"https:\/\/veredes.es\/blog\/la-letra-dibujada-en-prosa-de-enric-miralles-rut-vidal-hic\/","title":{"rendered":"La letra dibujada en prosa de Enric Miralles"},"content":{"rendered":"<p><\/p>\n<p style=\"text-align: justify;\">Hace ya algunos meses recib\u00ed un correo electr\u00f3nico con una encuesta dirigida a 1700 arquitectos con una serie de preguntas alrededor de la tipograf\u00eda y su valor como herramienta de expresi\u00f3n en los planos de arquitectura. El motivo era la redacci\u00f3n de una tesina para un M\u00e0ster en Tipograf\u00eda de la escuela EINA basada en la peculiar manera de rotular los planos del estudio de Enric Miralles y en particular sobre la tipograf\u00eda que usaba. Los que me conozcan, y especialmente mis alumnos y ex-alumnos, sabr\u00e1n que \u00e9ste es un tema (la tipograf\u00eda) que siempre me ha interesado y que ha originado algunas discusiones interesantes tanto en clase como en mi estudio.<\/p>\n<p style=\"text-align: justify;\"><a href=\"http:\/\/veredes.es\/blog\/wp-content\/uploads\/2011\/05\/rutvidal.jpg\"><img loading=\"lazy\" decoding=\"async\" class=\"alignnone  wp-image-14089\" title=\"rutvidal\" src=\"http:\/\/veredes.es\/blog\/wp-content\/uploads\/2011\/05\/rutvidal.jpg\" alt=\"\" width=\"620\" height=\"534\" srcset=\"https:\/\/veredes.es\/blog\/wp-content\/uploads\/2011\/05\/rutvidal.jpg 549w, https:\/\/veredes.es\/blog\/wp-content\/uploads\/2011\/05\/rutvidal-300x258.jpg 300w\" sizes=\"auto, (max-width: 620px) 100vw, 620px\" \/><\/a><\/p>\n<p style=\"text-align: justify;\">[&#8230;]<\/p>\n<p style=\"text-align: justify;\">Jordi Badia<\/p>\n<p style=\"text-align: justify;\"><span style=\"color: #888888;\">+ art\u00edculo publicado en hicarquitectura.com<\/span><\/p>\n<p><\/p>","protected":false},"excerpt":{"rendered":"<p>Hace ya algunos meses recib\u00ed un correo electr\u00f3nico con una encuesta dirigida a 1700 arquitectos con una serie de preguntas alrededor de la tipograf\u00eda y su valor como herramienta de expresi\u00f3n en los planos de arquitectura. El motivo era la redacci\u00f3n de una tesina para un M\u00e0ster en Tipograf\u00eda de la escuela EINA basada en [&hellip;]<\/p>\n","protected":false},"author":2,"featured_media":14089,"comment_status":"open","ping_status":"closed","sticky":false,"template":"","format":"standard","meta":{"footnotes":""},"categories":[794,26],"tags":[12470,3333,11597,815,9819,1287,1290],"class_list":{"0":"post-14088","1":"post","2":"type-post","3":"status-publish","4":"format-standard","5":"has-post-thumbnail","7":"category-libros","8":"category-publicaciones","9":"tag-diseno","10":"tag-enric-miralles","11":"tag-jose-manuel-uras","12":"tag-maestro","13":"tag-rut-vidal","14":"tag-tesis","15":"tag-tipografia"},"yoast_head":"<!-- This site is optimized with the Yoast SEO plugin v27.5 - https:\/\/yoast.com\/product\/yoast-seo-wordpress\/ -->\n<title>La letra dibujada en prosa de Enric MirallesA letra debuxada en prosa de Enric MirallesThe letter drawn in Enric Miralles&#039;s prose - veredes<\/title>\n<meta name=\"description\" content=\"Toda la informaci\u00f3n sobre: La letra dibujada en prosa de Enric MirallesA letra debuxada en prosa de Enric MirallesThe letter drawn in Enric Miralles&#039;s prose\" \/>\n<meta name=\"robots\" content=\"index, follow, max-snippet:-1, max-image-preview:large, max-video-preview:-1\" \/>\n<link rel=\"canonical\" href=\"https:\/\/veredes.es\/blog\/la-letra-dibujada-en-prosa-de-enric-miralles-rut-vidal-hic\/\" \/>\n<meta property=\"og:locale\" content=\"es_ES\" \/>\n<meta property=\"og:type\" content=\"article\" \/>\n<meta property=\"og:title\" content=\"La letra dibujada en prosa de Enric MirallesA letra debuxada en prosa de Enric MirallesThe letter drawn in Enric Miralles&#039;s prose - veredes\" \/>\n<meta property=\"og:description\" content=\"Toda la informaci\u00f3n sobre: La letra dibujada en prosa de Enric MirallesA letra debuxada en prosa de Enric MirallesThe letter drawn in Enric Miralles&#039;s prose\" \/>\n<meta property=\"og:url\" content=\"https:\/\/veredes.es\/blog\/la-letra-dibujada-en-prosa-de-enric-miralles-rut-vidal-hic\/\" \/>\n<meta property=\"og:site_name\" content=\"veredes, arquitectura y divulgaci\u00f3n\" \/>\n<meta property=\"article:publisher\" content=\"https:\/\/www.facebook.com\/veredesArquitecturayDivulgacion\/\" \/>\n<meta property=\"article:author\" content=\"https:\/\/www.facebook.com\/veredesArquitecturayDivulgacion\/\" \/>\n<meta property=\"article:published_time\" content=\"2011-05-30T08:45:10+00:00\" \/>\n<meta property=\"article:modified_time\" content=\"2016-08-23T09:03:53+00:00\" \/>\n<meta property=\"og:image\" content=\"https:\/\/veredes.es\/blog\/wp-content\/uploads\/2011\/05\/rutvidal.jpg\" \/>\n\t<meta property=\"og:image:width\" content=\"549\" \/>\n\t<meta property=\"og:image:height\" content=\"473\" \/>\n\t<meta property=\"og:image:type\" content=\"image\/jpeg\" \/>\n<meta name=\"author\" content=\"veredes\" \/>\n<meta name=\"twitter:card\" content=\"summary_large_image\" \/>\n<meta name=\"twitter:creator\" content=\"@https:\/\/twitter.com\/veredes\" \/>\n<meta name=\"twitter:site\" content=\"@veredes\" \/>\n<meta name=\"twitter:label1\" content=\"Escrito por\" \/>\n\t<meta name=\"twitter:data1\" content=\"veredes\" \/>\n\t<meta name=\"twitter:label2\" content=\"Tiempo de lectura\" \/>\n\t<meta name=\"twitter:data2\" content=\"2 minutos\" \/>\n<script type=\"application\/ld+json\" class=\"yoast-schema-graph\">{\"@context\":\"https:\\\/\\\/schema.org\",\"@graph\":[{\"@type\":\"Article\",\"@id\":\"https:\\\/\\\/veredes.es\\\/blog\\\/la-letra-dibujada-en-prosa-de-enric-miralles-rut-vidal-hic\\\/#article\",\"isPartOf\":{\"@id\":\"https:\\\/\\\/veredes.es\\\/blog\\\/la-letra-dibujada-en-prosa-de-enric-miralles-rut-vidal-hic\\\/\"},\"author\":{\"name\":\"veredes\",\"@id\":\"https:\\\/\\\/veredes.es\\\/blog\\\/#\\\/schema\\\/person\\\/0bbb669073ef7faba5168a0844e93d2c\"},\"headline\":\"La letra dibujada en prosa de Enric Miralles\",\"datePublished\":\"2011-05-30T08:45:10+00:00\",\"dateModified\":\"2016-08-23T09:03:53+00:00\",\"mainEntityOfPage\":{\"@id\":\"https:\\\/\\\/veredes.es\\\/blog\\\/la-letra-dibujada-en-prosa-de-enric-miralles-rut-vidal-hic\\\/\"},\"wordCount\":399,\"commentCount\":148,\"publisher\":{\"@id\":\"https:\\\/\\\/veredes.es\\\/blog\\\/#organization\"},\"image\":{\"@id\":\"https:\\\/\\\/veredes.es\\\/blog\\\/la-letra-dibujada-en-prosa-de-enric-miralles-rut-vidal-hic\\\/#primaryimage\"},\"thumbnailUrl\":\"https:\\\/\\\/veredes.es\\\/blog\\\/wp-content\\\/uploads\\\/2011\\\/05\\\/rutvidal.jpg\",\"keywords\":[\"dise\u00f1o\",\"Enric Miralles\",\"jos\u00e9 manuel ur\u00e1s\",\"maestro\",\"rut vidal\",\"tesis\",\"tipograf\u00eda\"],\"articleSection\":[\"libros\",\"publicaciones\"],\"inLanguage\":\"es\",\"potentialAction\":[{\"@type\":\"CommentAction\",\"name\":\"Comment\",\"target\":[\"https:\\\/\\\/veredes.es\\\/blog\\\/la-letra-dibujada-en-prosa-de-enric-miralles-rut-vidal-hic\\\/#respond\"]}]},{\"@type\":\"WebPage\",\"@id\":\"https:\\\/\\\/veredes.es\\\/blog\\\/la-letra-dibujada-en-prosa-de-enric-miralles-rut-vidal-hic\\\/\",\"url\":\"https:\\\/\\\/veredes.es\\\/blog\\\/la-letra-dibujada-en-prosa-de-enric-miralles-rut-vidal-hic\\\/\",\"name\":\"La letra dibujada en prosa de Enric MirallesA letra debuxada en prosa de Enric MirallesThe letter drawn in Enric Miralles's prose - veredes\",\"isPartOf\":{\"@id\":\"https:\\\/\\\/veredes.es\\\/blog\\\/#website\"},\"primaryImageOfPage\":{\"@id\":\"https:\\\/\\\/veredes.es\\\/blog\\\/la-letra-dibujada-en-prosa-de-enric-miralles-rut-vidal-hic\\\/#primaryimage\"},\"image\":{\"@id\":\"https:\\\/\\\/veredes.es\\\/blog\\\/la-letra-dibujada-en-prosa-de-enric-miralles-rut-vidal-hic\\\/#primaryimage\"},\"thumbnailUrl\":\"https:\\\/\\\/veredes.es\\\/blog\\\/wp-content\\\/uploads\\\/2011\\\/05\\\/rutvidal.jpg\",\"datePublished\":\"2011-05-30T08:45:10+00:00\",\"dateModified\":\"2016-08-23T09:03:53+00:00\",\"description\":\"Toda la informaci\u00f3n sobre: La letra dibujada en prosa de Enric MirallesA letra debuxada en prosa de Enric MirallesThe letter drawn in Enric Miralles's prose\",\"breadcrumb\":{\"@id\":\"https:\\\/\\\/veredes.es\\\/blog\\\/la-letra-dibujada-en-prosa-de-enric-miralles-rut-vidal-hic\\\/#breadcrumb\"},\"inLanguage\":\"es\",\"potentialAction\":[{\"@type\":\"ReadAction\",\"target\":[\"https:\\\/\\\/veredes.es\\\/blog\\\/la-letra-dibujada-en-prosa-de-enric-miralles-rut-vidal-hic\\\/\"]}]},{\"@type\":\"ImageObject\",\"inLanguage\":\"es\",\"@id\":\"https:\\\/\\\/veredes.es\\\/blog\\\/la-letra-dibujada-en-prosa-de-enric-miralles-rut-vidal-hic\\\/#primaryimage\",\"url\":\"https:\\\/\\\/veredes.es\\\/blog\\\/wp-content\\\/uploads\\\/2011\\\/05\\\/rutvidal.jpg\",\"contentUrl\":\"https:\\\/\\\/veredes.es\\\/blog\\\/wp-content\\\/uploads\\\/2011\\\/05\\\/rutvidal.jpg\",\"width\":\"549\",\"height\":\"473\"},{\"@type\":\"BreadcrumbList\",\"@id\":\"https:\\\/\\\/veredes.es\\\/blog\\\/la-letra-dibujada-en-prosa-de-enric-miralles-rut-vidal-hic\\\/#breadcrumb\",\"itemListElement\":[{\"@type\":\"ListItem\",\"position\":1,\"name\":\"Portada\",\"item\":\"https:\\\/\\\/veredes.es\\\/blog\\\/\"},{\"@type\":\"ListItem\",\"position\":2,\"name\":\"La letra dibujada en prosa de Enric Miralles\"}]},{\"@type\":\"WebSite\",\"@id\":\"https:\\\/\\\/veredes.es\\\/blog\\\/#website\",\"url\":\"https:\\\/\\\/veredes.es\\\/blog\\\/\",\"name\":\"veredes, arquitectura y divulgaci\u00f3n\",\"description\":\"veredes\",\"publisher\":{\"@id\":\"https:\\\/\\\/veredes.es\\\/blog\\\/#organization\"},\"alternateName\":\"veredes\",\"potentialAction\":[{\"@type\":\"SearchAction\",\"target\":{\"@type\":\"EntryPoint\",\"urlTemplate\":\"https:\\\/\\\/veredes.es\\\/blog\\\/?s={search_term_string}\"},\"query-input\":{\"@type\":\"PropertyValueSpecification\",\"valueRequired\":true,\"valueName\":\"search_term_string\"}}],\"inLanguage\":\"es\"},{\"@type\":\"Organization\",\"@id\":\"https:\\\/\\\/veredes.es\\\/blog\\\/#organization\",\"name\":\"veredes, arquitectura y divulgaci\u00f3n\",\"alternateName\":\"veredes\",\"url\":\"https:\\\/\\\/veredes.es\\\/blog\\\/\",\"logo\":{\"@type\":\"ImageObject\",\"inLanguage\":\"es\",\"@id\":\"https:\\\/\\\/veredes.es\\\/blog\\\/#\\\/schema\\\/logo\\\/image\\\/\",\"url\":\"https:\\\/\\\/veredes.es\\\/blog\\\/wp-content\\\/uploads\\\/2021\\\/12\\\/veredes-logo-centrado_140x54.png\",\"contentUrl\":\"https:\\\/\\\/veredes.es\\\/blog\\\/wp-content\\\/uploads\\\/2021\\\/12\\\/veredes-logo-centrado_140x54.png\",\"width\":140,\"height\":54,\"caption\":\"veredes, arquitectura y divulgaci\u00f3n\"},\"image\":{\"@id\":\"https:\\\/\\\/veredes.es\\\/blog\\\/#\\\/schema\\\/logo\\\/image\\\/\"},\"sameAs\":[\"https:\\\/\\\/www.facebook.com\\\/veredesArquitecturayDivulgacion\\\/\",\"https:\\\/\\\/x.com\\\/veredes\",\"https:\\\/\\\/instagram.com\\\/veredes\\\/\",\"https:\\\/\\\/www.linkedin.com\\\/company\\\/veredes-arquitectura-y-divulgacion\\\/\",\"https:\\\/\\\/es.pinterest.com\\\/veredes\\\/\",\"https:\\\/\\\/www.tumblr.com\\\/veredes\"]},{\"@type\":\"Person\",\"@id\":\"https:\\\/\\\/veredes.es\\\/blog\\\/#\\\/schema\\\/person\\\/0bbb669073ef7faba5168a0844e93d2c\",\"name\":\"veredes\",\"image\":{\"@type\":\"ImageObject\",\"inLanguage\":\"es\",\"@id\":\"https:\\\/\\\/veredes.es\\\/blog\\\/wp-content\\\/uploads\\\/2018\\\/04\\\/face-96x96.jpg\",\"url\":\"https:\\\/\\\/veredes.es\\\/blog\\\/wp-content\\\/uploads\\\/2018\\\/04\\\/face-96x96.jpg\",\"contentUrl\":\"https:\\\/\\\/veredes.es\\\/blog\\\/wp-content\\\/uploads\\\/2018\\\/04\\\/face-96x96.jpg\",\"caption\":\"veredes\"},\"description\":\"Surge enero de 2009 como b\u00fasqueda de satisfacer el conocimiento de la actividad arquitect\u00f3nica y tangentes que se generan. La idea es crear un espacio para divulgar los diversos proyectos en busca de nueva inspiraci\u00f3n y de intercambio.\",\"sameAs\":[\"https:\\\/\\\/veredes.es\\\/\",\"https:\\\/\\\/www.facebook.com\\\/veredesArquitecturayDivulgacion\\\/\",\"https:\\\/\\\/www.instagram.com\\\/veredes\\\/\",\"https:\\\/\\\/www.linkedin.com\\\/company\\\/veredes-arquitectura-y-divulgacion\\\/\",\"https:\\\/\\\/www.pinterest.es\\\/veredes\\\/\",\"https:\\\/\\\/x.com\\\/https:\\\/\\\/twitter.com\\\/veredes\",\"https:\\\/\\\/veredes.tumblr.com\\\/\"],\"url\":\"https:\\\/\\\/veredes.es\\\/blog\\\/author\\\/alberto\\\/\"}]}<\/script>\n<!-- \/ Yoast SEO plugin. -->","yoast_head_json":{"title":"La letra dibujada en prosa de Enric MirallesA letra debuxada en prosa de Enric MirallesThe letter drawn in Enric Miralles's prose - veredes","description":"Toda la informaci\u00f3n sobre: La letra dibujada en prosa de Enric MirallesA letra debuxada en prosa de Enric MirallesThe letter drawn in Enric Miralles's prose","robots":{"index":"index","follow":"follow","max-snippet":"max-snippet:-1","max-image-preview":"max-image-preview:large","max-video-preview":"max-video-preview:-1"},"canonical":"https:\/\/veredes.es\/blog\/la-letra-dibujada-en-prosa-de-enric-miralles-rut-vidal-hic\/","og_locale":"es_ES","og_type":"article","og_title":"La letra dibujada en prosa de Enric MirallesA letra debuxada en prosa de Enric MirallesThe letter drawn in Enric Miralles's prose - veredes","og_description":"Toda la informaci\u00f3n sobre: La letra dibujada en prosa de Enric MirallesA letra debuxada en prosa de Enric MirallesThe letter drawn in Enric Miralles's prose","og_url":"https:\/\/veredes.es\/blog\/la-letra-dibujada-en-prosa-de-enric-miralles-rut-vidal-hic\/","og_site_name":"veredes, arquitectura y divulgaci\u00f3n","article_publisher":"https:\/\/www.facebook.com\/veredesArquitecturayDivulgacion\/","article_author":"https:\/\/www.facebook.com\/veredesArquitecturayDivulgacion\/","article_published_time":"2011-05-30T08:45:10+00:00","article_modified_time":"2016-08-23T09:03:53+00:00","og_image":[{"width":549,"height":473,"url":"https:\/\/veredes.es\/blog\/wp-content\/uploads\/2011\/05\/rutvidal.jpg","type":"image\/jpeg"}],"author":"veredes","twitter_card":"summary_large_image","twitter_creator":"@https:\/\/twitter.com\/veredes","twitter_site":"@veredes","twitter_misc":{"Escrito por":"veredes","Tiempo de lectura":"2 minutos"},"schema":{"@context":"https:\/\/schema.org","@graph":[{"@type":"Article","@id":"https:\/\/veredes.es\/blog\/la-letra-dibujada-en-prosa-de-enric-miralles-rut-vidal-hic\/#article","isPartOf":{"@id":"https:\/\/veredes.es\/blog\/la-letra-dibujada-en-prosa-de-enric-miralles-rut-vidal-hic\/"},"author":{"name":"veredes","@id":"https:\/\/veredes.es\/blog\/#\/schema\/person\/0bbb669073ef7faba5168a0844e93d2c"},"headline":"La letra dibujada en prosa de Enric Miralles","datePublished":"2011-05-30T08:45:10+00:00","dateModified":"2016-08-23T09:03:53+00:00","mainEntityOfPage":{"@id":"https:\/\/veredes.es\/blog\/la-letra-dibujada-en-prosa-de-enric-miralles-rut-vidal-hic\/"},"wordCount":399,"commentCount":148,"publisher":{"@id":"https:\/\/veredes.es\/blog\/#organization"},"image":{"@id":"https:\/\/veredes.es\/blog\/la-letra-dibujada-en-prosa-de-enric-miralles-rut-vidal-hic\/#primaryimage"},"thumbnailUrl":"https:\/\/veredes.es\/blog\/wp-content\/uploads\/2011\/05\/rutvidal.jpg","keywords":["dise\u00f1o","Enric Miralles","jos\u00e9 manuel ur\u00e1s","maestro","rut vidal","tesis","tipograf\u00eda"],"articleSection":["libros","publicaciones"],"inLanguage":"es","potentialAction":[{"@type":"CommentAction","name":"Comment","target":["https:\/\/veredes.es\/blog\/la-letra-dibujada-en-prosa-de-enric-miralles-rut-vidal-hic\/#respond"]}]},{"@type":"WebPage","@id":"https:\/\/veredes.es\/blog\/la-letra-dibujada-en-prosa-de-enric-miralles-rut-vidal-hic\/","url":"https:\/\/veredes.es\/blog\/la-letra-dibujada-en-prosa-de-enric-miralles-rut-vidal-hic\/","name":"La letra dibujada en prosa de Enric MirallesA letra debuxada en prosa de Enric MirallesThe letter drawn in Enric Miralles's prose - veredes","isPartOf":{"@id":"https:\/\/veredes.es\/blog\/#website"},"primaryImageOfPage":{"@id":"https:\/\/veredes.es\/blog\/la-letra-dibujada-en-prosa-de-enric-miralles-rut-vidal-hic\/#primaryimage"},"image":{"@id":"https:\/\/veredes.es\/blog\/la-letra-dibujada-en-prosa-de-enric-miralles-rut-vidal-hic\/#primaryimage"},"thumbnailUrl":"https:\/\/veredes.es\/blog\/wp-content\/uploads\/2011\/05\/rutvidal.jpg","datePublished":"2011-05-30T08:45:10+00:00","dateModified":"2016-08-23T09:03:53+00:00","description":"Toda la informaci\u00f3n sobre: La letra dibujada en prosa de Enric MirallesA letra debuxada en prosa de Enric MirallesThe letter drawn in Enric Miralles's prose","breadcrumb":{"@id":"https:\/\/veredes.es\/blog\/la-letra-dibujada-en-prosa-de-enric-miralles-rut-vidal-hic\/#breadcrumb"},"inLanguage":"es","potentialAction":[{"@type":"ReadAction","target":["https:\/\/veredes.es\/blog\/la-letra-dibujada-en-prosa-de-enric-miralles-rut-vidal-hic\/"]}]},{"@type":"ImageObject","inLanguage":"es","@id":"https:\/\/veredes.es\/blog\/la-letra-dibujada-en-prosa-de-enric-miralles-rut-vidal-hic\/#primaryimage","url":"https:\/\/veredes.es\/blog\/wp-content\/uploads\/2011\/05\/rutvidal.jpg","contentUrl":"https:\/\/veredes.es\/blog\/wp-content\/uploads\/2011\/05\/rutvidal.jpg","width":"549","height":"473"},{"@type":"BreadcrumbList","@id":"https:\/\/veredes.es\/blog\/la-letra-dibujada-en-prosa-de-enric-miralles-rut-vidal-hic\/#breadcrumb","itemListElement":[{"@type":"ListItem","position":1,"name":"Portada","item":"https:\/\/veredes.es\/blog\/"},{"@type":"ListItem","position":2,"name":"La letra dibujada en prosa de Enric Miralles"}]},{"@type":"WebSite","@id":"https:\/\/veredes.es\/blog\/#website","url":"https:\/\/veredes.es\/blog\/","name":"veredes, arquitectura y divulgaci\u00f3n","description":"veredes","publisher":{"@id":"https:\/\/veredes.es\/blog\/#organization"},"alternateName":"veredes","potentialAction":[{"@type":"SearchAction","target":{"@type":"EntryPoint","urlTemplate":"https:\/\/veredes.es\/blog\/?s={search_term_string}"},"query-input":{"@type":"PropertyValueSpecification","valueRequired":true,"valueName":"search_term_string"}}],"inLanguage":"es"},{"@type":"Organization","@id":"https:\/\/veredes.es\/blog\/#organization","name":"veredes, arquitectura y divulgaci\u00f3n","alternateName":"veredes","url":"https:\/\/veredes.es\/blog\/","logo":{"@type":"ImageObject","inLanguage":"es","@id":"https:\/\/veredes.es\/blog\/#\/schema\/logo\/image\/","url":"https:\/\/veredes.es\/blog\/wp-content\/uploads\/2021\/12\/veredes-logo-centrado_140x54.png","contentUrl":"https:\/\/veredes.es\/blog\/wp-content\/uploads\/2021\/12\/veredes-logo-centrado_140x54.png","width":140,"height":54,"caption":"veredes, arquitectura y divulgaci\u00f3n"},"image":{"@id":"https:\/\/veredes.es\/blog\/#\/schema\/logo\/image\/"},"sameAs":["https:\/\/www.facebook.com\/veredesArquitecturayDivulgacion\/","https:\/\/x.com\/veredes","https:\/\/instagram.com\/veredes\/","https:\/\/www.linkedin.com\/company\/veredes-arquitectura-y-divulgacion\/","https:\/\/es.pinterest.com\/veredes\/","https:\/\/www.tumblr.com\/veredes"]},{"@type":"Person","@id":"https:\/\/veredes.es\/blog\/#\/schema\/person\/0bbb669073ef7faba5168a0844e93d2c","name":"veredes","image":{"@type":"ImageObject","inLanguage":"es","@id":"https:\/\/veredes.es\/blog\/wp-content\/uploads\/2018\/04\/face-96x96.jpg","url":"https:\/\/veredes.es\/blog\/wp-content\/uploads\/2018\/04\/face-96x96.jpg","contentUrl":"https:\/\/veredes.es\/blog\/wp-content\/uploads\/2018\/04\/face-96x96.jpg","caption":"veredes"},"description":"Surge enero de 2009 como b\u00fasqueda de satisfacer el conocimiento de la actividad arquitect\u00f3nica y tangentes que se generan. La idea es crear un espacio para divulgar los diversos proyectos en busca de nueva inspiraci\u00f3n y de intercambio.","sameAs":["https:\/\/veredes.es\/","https:\/\/www.facebook.com\/veredesArquitecturayDivulgacion\/","https:\/\/www.instagram.com\/veredes\/","https:\/\/www.linkedin.com\/company\/veredes-arquitectura-y-divulgacion\/","https:\/\/www.pinterest.es\/veredes\/","https:\/\/x.com\/https:\/\/twitter.com\/veredes","https:\/\/veredes.tumblr.com\/"],"url":"https:\/\/veredes.es\/blog\/author\/alberto\/"}]}},"_links":{"self":[{"href":"https:\/\/veredes.es\/blog\/wp-json\/wp\/v2\/posts\/14088","targetHints":{"allow":["GET"]}}],"collection":[{"href":"https:\/\/veredes.es\/blog\/wp-json\/wp\/v2\/posts"}],"about":[{"href":"https:\/\/veredes.es\/blog\/wp-json\/wp\/v2\/types\/post"}],"author":[{"embeddable":true,"href":"https:\/\/veredes.es\/blog\/wp-json\/wp\/v2\/users\/2"}],"replies":[{"embeddable":true,"href":"https:\/\/veredes.es\/blog\/wp-json\/wp\/v2\/comments?post=14088"}],"version-history":[{"count":0,"href":"https:\/\/veredes.es\/blog\/wp-json\/wp\/v2\/posts\/14088\/revisions"}],"wp:featuredmedia":[{"embeddable":true,"href":"https:\/\/veredes.es\/blog\/wp-json\/wp\/v2\/media\/14089"}],"wp:attachment":[{"href":"https:\/\/veredes.es\/blog\/wp-json\/wp\/v2\/media?parent=14088"}],"wp:term":[{"taxonomy":"category","embeddable":true,"href":"https:\/\/veredes.es\/blog\/wp-json\/wp\/v2\/categories?post=14088"},{"taxonomy":"post_tag","embeddable":true,"href":"https:\/\/veredes.es\/blog\/wp-json\/wp\/v2\/tags?post=14088"}],"curies":[{"name":"wp","href":"https:\/\/api.w.org\/{rel}","templated":true}]}}