{"id":13976,"date":"2011-05-25T07:00:44","date_gmt":"2011-05-25T05:00:44","guid":{"rendered":"http:\/\/veredes.es\/blog\/?p=13976"},"modified":"2016-08-23T11:52:36","modified_gmt":"2016-08-23T09:52:36","slug":"accesit-003","status":"publish","type":"post","link":"https:\/\/veredes.es\/blog\/accesit-003\/","title":{"rendered":"acc\u00e9sit 003"},"content":{"rendered":"<p><\/p>\n<p style=\"text-align: justify;\">\u2018Desde el presente n\u00famero acc\u00e9sit se publica de manera regular y progresiva en el tiempo, adapt\u00e1ndose as\u00ed a la forma de visualizaci\u00f3n de sus lectores. Una vez m\u00e1s\u00a0<strong>acc\u00e9sit<\/strong> trata de poner de manifiesto la tremenda injusticia a la que numerosos profesionales se ven sometidos por parte del sistema. En esta ocasi\u00f3n contamos con\u00a0<strong>Francisco Mangado<\/strong> quien aporta su visi\u00f3n cr\u00edtica sobre dicha situaci\u00f3n.\u00a0<strong>Juan Socas<\/strong> comparte con nosotros sus inicios como joven arquitecto dedicado a la participaci\u00f3n en concursos, lleno de ilusi\u00f3n y energ\u00eda afrontando nuevos proyectos e iniciativas como su primer disco en solitario<strong> <\/strong><strong>\u2018D\u00e9j\u00e0 vu\u2019<\/strong>.<\/p>\n<p style=\"text-align: justify;\"><a href=\"http:\/\/veredes.es\/blog\/wp-content\/uploads\/2011\/05\/acc\u00e9sit003h.jpg\"><img loading=\"lazy\" decoding=\"async\" class=\"alignnone  wp-image-13977\" title=\"acc\u00e9sit003h\" src=\"http:\/\/veredes.es\/blog\/wp-content\/uploads\/2011\/05\/acc\u00e9sit003h.jpg\" alt=\"\" width=\"620\" height=\"189\" srcset=\"https:\/\/veredes.es\/blog\/wp-content\/uploads\/2011\/05\/acc\u00e9sit003h.jpg 470w, https:\/\/veredes.es\/blog\/wp-content\/uploads\/2011\/05\/acc\u00e9sit003h-300x91.jpg 300w\" sizes=\"auto, (max-width: 620px) 100vw, 620px\" \/><\/a><\/p>\n<p style=\"text-align: justify;\">En el apartado de Obra construida, os mostramos el \u2018colegio verde\u2019 que\u00a0<strong>Huma arquitectura<\/strong> acaba de finalizar en Torre-Pacheco, Murcia. En Lost recorremos la corta pero intensa trayectoria profesional del estudio\u00a0<strong>Vivas Arquitectos<\/strong>, quienes recientemente se encuentran desarrollando diversos proyectos cuyo encargo obtuvieron a partir de primeros premios en concursos.\u00a0Y por \u00faltimo no dejar de destacar el apartado Fallo del jurado donde contamos con los \u00faltimos premios y concursos que han tenido lugar a nivel nacional. Animaros de nuevo a participar, a compartir, a ser\u00a0inconformistas, pero sobre todo a ser optimistas.<\/p>\n<p><object width=\"620\" height=\"439\" classid=\"clsid:d27cdb6e-ae6d-11cf-96b8-444553540000\" codebase=\"http:\/\/download.macromedia.com\/pub\/shockwave\/cabs\/flash\/swflash.cab#version=6,0,40,0\"><param name=\"allowfullscreen\" value=\"true\" \/><param name=\"menu\" value=\"false\" \/><param name=\"src\" value=\"http:\/\/static.issuu.com\/webembed\/viewers\/style1\/v1\/IssuuViewer.swf?mode=embed&amp;layout=http%3A%2F%2Fskin.issuu.com%2Fv%2Fdark%2Flayout.xml&amp;showFlipBtn=true&amp;documentId=110520072845-ec75ff3a7a124bf4a26bc37e21a7b86e&amp;docName=accesit003&amp;username=accesit&amp;loadingInfoText=Acc%C3%A9sit003&amp;et=1306234723774&amp;er=91\" \/><param name=\"flashvars\" value=\"mode=embed&amp;layout=http%3A%2F%2Fskin.issuu.com%2Fv%2Fdark%2Flayout.xml&amp;showFlipBtn=true&amp;documentId=110520072845-ec75ff3a7a124bf4a26bc37e21a7b86e&amp;docName=accesit003&amp;username=accesit&amp;loadingInfoText=Acc%C3%A9sit003&amp;et=1306234723774&amp;er=91\" \/><embed width=\"620\" height=\"439\" type=\"application\/x-shockwave-flash\" src=\"http:\/\/static.issuu.com\/webembed\/viewers\/style1\/v1\/IssuuViewer.swf?mode=embed&amp;layout=http%3A%2F%2Fskin.issuu.com%2Fv%2Fdark%2Flayout.xml&amp;showFlipBtn=true&amp;documentId=110520072845-ec75ff3a7a124bf4a26bc37e21a7b86e&amp;docName=accesit003&amp;username=accesit&amp;loadingInfoText=Acc%C3%A9sit003&amp;et=1306234723774&amp;er=91\" allowfullscreen=\"true\" menu=\"false\" flashvars=\"mode=embed&amp;layout=http%3A%2F%2Fskin.issuu.com%2Fv%2Fdark%2Flayout.xml&amp;showFlipBtn=true&amp;documentId=110520072845-ec75ff3a7a124bf4a26bc37e21a7b86e&amp;docName=accesit003&amp;username=accesit&amp;loadingInfoText=Acc%C3%A9sit003&amp;et=1306234723774&amp;er=91\" \/><\/object><\/p>\n<p style=\"text-align: justify;\">Esperamos que os guste.&#8217;<\/p>\n<p style=\"text-align: justify;\">Ignacio Villegas P\u00e9rez+Inmaculada P\u00e9rez S\u00e1nchez<\/p>\n<p style=\"text-align: justify;\"><span style=\"color: #888888;\">+ accesit.org<\/span><\/p>\n<p><\/p>","protected":false},"excerpt":{"rendered":"<p>\u2018Desde el presente n\u00famero acc\u00e9sit se publica de manera regular y progresiva en el tiempo, adapt\u00e1ndose as\u00ed a la forma de visualizaci\u00f3n de sus lectores. Una vez m\u00e1s\u00a0acc\u00e9sit trata de poner de manifiesto la tremenda injusticia a la que numerosos profesionales se ven sometidos por parte del sistema. En esta ocasi\u00f3n contamos con\u00a0Francisco Mangado quien [&hellip;]<\/p>\n","protected":false},"author":2,"featured_media":13977,"comment_status":"open","ping_status":"closed","sticky":false,"template":"","format":"standard","meta":{"footnotes":""},"categories":[26,28],"tags":[1897,355,521,2387,11598,11599,11604,2698],"class_list":{"0":"post-13976","1":"post","2":"type-post","3":"status-publish","4":"format-standard","5":"has-post-thumbnail","7":"category-publicaciones","8":"category-revistas","9":"tag-andalucia","11":"tag-espana","12":"tag-francisco-mangado","13":"tag-ignacio-villegas-perez","14":"tag-inmaculada-perez-sanchez","15":"tag-juan-socas","16":"tag-revista-accesit"},"yoast_head":"<!-- This site is optimized with the Yoast SEO plugin v27.4 - https:\/\/yoast.com\/product\/yoast-seo-wordpress\/ -->\n<title>acc\u00e9sit 003 acc\u00e9sit 003 acc\u00e9sit 003  - veredes<\/title>\n<meta name=\"description\" content=\"Toda la informaci\u00f3n sobre: acc\u00e9sit 003 acc\u00e9sit 003 acc\u00e9sit 003\" \/>\n<meta name=\"robots\" content=\"index, follow, max-snippet:-1, max-image-preview:large, max-video-preview:-1\" \/>\n<link rel=\"canonical\" href=\"https:\/\/veredes.es\/blog\/accesit-003\/\" \/>\n<meta property=\"og:locale\" content=\"es_ES\" \/>\n<meta property=\"og:type\" content=\"article\" \/>\n<meta property=\"og:title\" content=\"acc\u00e9sit 003 acc\u00e9sit 003 acc\u00e9sit 003  - veredes\" \/>\n<meta property=\"og:description\" content=\"Toda la informaci\u00f3n sobre: acc\u00e9sit 003 acc\u00e9sit 003 acc\u00e9sit 003\" \/>\n<meta property=\"og:url\" content=\"https:\/\/veredes.es\/blog\/accesit-003\/\" \/>\n<meta property=\"og:site_name\" content=\"veredes, arquitectura y divulgaci\u00f3n\" \/>\n<meta property=\"article:publisher\" content=\"https:\/\/www.facebook.com\/veredesArquitecturayDivulgacion\/\" \/>\n<meta property=\"article:author\" content=\"https:\/\/www.facebook.com\/veredesArquitecturayDivulgacion\/\" \/>\n<meta property=\"article:published_time\" content=\"2011-05-25T05:00:44+00:00\" \/>\n<meta property=\"article:modified_time\" content=\"2016-08-23T09:52:36+00:00\" \/>\n<meta property=\"og:image\" content=\"https:\/\/veredes.es\/blog\/wp-content\/uploads\/2011\/05\/acc\u00e9sit003h.jpg\" \/>\n\t<meta property=\"og:image:width\" content=\"470\" \/>\n\t<meta property=\"og:image:height\" content=\"144\" \/>\n\t<meta property=\"og:image:type\" content=\"image\/jpeg\" \/>\n<meta name=\"author\" content=\"veredes\" \/>\n<meta name=\"twitter:card\" content=\"summary_large_image\" \/>\n<meta name=\"twitter:creator\" content=\"@https:\/\/twitter.com\/veredes\" \/>\n<meta name=\"twitter:site\" content=\"@veredes\" \/>\n<meta name=\"twitter:label1\" content=\"Escrito por\" \/>\n\t<meta name=\"twitter:data1\" content=\"veredes\" \/>\n\t<meta name=\"twitter:label2\" content=\"Tiempo de lectura\" \/>\n\t<meta name=\"twitter:data2\" content=\"3 minutos\" \/>\n<script type=\"application\/ld+json\" class=\"yoast-schema-graph\">{\"@context\":\"https:\\\/\\\/schema.org\",\"@graph\":[{\"@type\":\"Article\",\"@id\":\"https:\\\/\\\/veredes.es\\\/blog\\\/accesit-003\\\/#article\",\"isPartOf\":{\"@id\":\"https:\\\/\\\/veredes.es\\\/blog\\\/accesit-003\\\/\"},\"author\":{\"name\":\"veredes\",\"@id\":\"https:\\\/\\\/veredes.es\\\/blog\\\/#\\\/schema\\\/person\\\/0bbb669073ef7faba5168a0844e93d2c\"},\"headline\":\"acc\u00e9sit 003\",\"datePublished\":\"2011-05-25T05:00:44+00:00\",\"dateModified\":\"2016-08-23T09:52:36+00:00\",\"mainEntityOfPage\":{\"@id\":\"https:\\\/\\\/veredes.es\\\/blog\\\/accesit-003\\\/\"},\"wordCount\":653,\"commentCount\":37,\"publisher\":{\"@id\":\"https:\\\/\\\/veredes.es\\\/blog\\\/#organization\"},\"image\":{\"@id\":\"https:\\\/\\\/veredes.es\\\/blog\\\/accesit-003\\\/#primaryimage\"},\"thumbnailUrl\":\"https:\\\/\\\/veredes.es\\\/blog\\\/wp-content\\\/uploads\\\/2011\\\/05\\\/acc\u00e9sit003h.jpg\",\"keywords\":[\"Andaluc\u00eda\",\"concurso\",\"Espa\u00f1a\",\"Francisco Mangado\",\"Ignacio Villegas P\u00e9rez\",\"Inmaculada P\u00e9rez S\u00e1nchez\",\"juan socas\",\"revista accesit\"],\"articleSection\":[\"publicaciones\",\"revistas\"],\"inLanguage\":\"es\",\"potentialAction\":[{\"@type\":\"CommentAction\",\"name\":\"Comment\",\"target\":[\"https:\\\/\\\/veredes.es\\\/blog\\\/accesit-003\\\/#respond\"]}]},{\"@type\":\"WebPage\",\"@id\":\"https:\\\/\\\/veredes.es\\\/blog\\\/accesit-003\\\/\",\"url\":\"https:\\\/\\\/veredes.es\\\/blog\\\/accesit-003\\\/\",\"name\":\"acc\u00e9sit 003 acc\u00e9sit 003 acc\u00e9sit 003 - veredes\",\"isPartOf\":{\"@id\":\"https:\\\/\\\/veredes.es\\\/blog\\\/#website\"},\"primaryImageOfPage\":{\"@id\":\"https:\\\/\\\/veredes.es\\\/blog\\\/accesit-003\\\/#primaryimage\"},\"image\":{\"@id\":\"https:\\\/\\\/veredes.es\\\/blog\\\/accesit-003\\\/#primaryimage\"},\"thumbnailUrl\":\"https:\\\/\\\/veredes.es\\\/blog\\\/wp-content\\\/uploads\\\/2011\\\/05\\\/acc\u00e9sit003h.jpg\",\"datePublished\":\"2011-05-25T05:00:44+00:00\",\"dateModified\":\"2016-08-23T09:52:36+00:00\",\"description\":\"Toda la informaci\u00f3n sobre: acc\u00e9sit 003 acc\u00e9sit 003 acc\u00e9sit 003\",\"breadcrumb\":{\"@id\":\"https:\\\/\\\/veredes.es\\\/blog\\\/accesit-003\\\/#breadcrumb\"},\"inLanguage\":\"es\",\"potentialAction\":[{\"@type\":\"ReadAction\",\"target\":[\"https:\\\/\\\/veredes.es\\\/blog\\\/accesit-003\\\/\"]}]},{\"@type\":\"ImageObject\",\"inLanguage\":\"es\",\"@id\":\"https:\\\/\\\/veredes.es\\\/blog\\\/accesit-003\\\/#primaryimage\",\"url\":\"https:\\\/\\\/veredes.es\\\/blog\\\/wp-content\\\/uploads\\\/2011\\\/05\\\/acc\u00e9sit003h.jpg\",\"contentUrl\":\"https:\\\/\\\/veredes.es\\\/blog\\\/wp-content\\\/uploads\\\/2011\\\/05\\\/acc\u00e9sit003h.jpg\",\"width\":\"470\",\"height\":\"144\"},{\"@type\":\"BreadcrumbList\",\"@id\":\"https:\\\/\\\/veredes.es\\\/blog\\\/accesit-003\\\/#breadcrumb\",\"itemListElement\":[{\"@type\":\"ListItem\",\"position\":1,\"name\":\"Portada\",\"item\":\"https:\\\/\\\/veredes.es\\\/blog\\\/\"},{\"@type\":\"ListItem\",\"position\":2,\"name\":\"acc\u00e9sit 003\"}]},{\"@type\":\"WebSite\",\"@id\":\"https:\\\/\\\/veredes.es\\\/blog\\\/#website\",\"url\":\"https:\\\/\\\/veredes.es\\\/blog\\\/\",\"name\":\"veredes, arquitectura y divulgaci\u00f3n\",\"description\":\"veredes\",\"publisher\":{\"@id\":\"https:\\\/\\\/veredes.es\\\/blog\\\/#organization\"},\"alternateName\":\"veredes\",\"potentialAction\":[{\"@type\":\"SearchAction\",\"target\":{\"@type\":\"EntryPoint\",\"urlTemplate\":\"https:\\\/\\\/veredes.es\\\/blog\\\/?s={search_term_string}\"},\"query-input\":{\"@type\":\"PropertyValueSpecification\",\"valueRequired\":true,\"valueName\":\"search_term_string\"}}],\"inLanguage\":\"es\"},{\"@type\":\"Organization\",\"@id\":\"https:\\\/\\\/veredes.es\\\/blog\\\/#organization\",\"name\":\"veredes, arquitectura y divulgaci\u00f3n\",\"alternateName\":\"veredes\",\"url\":\"https:\\\/\\\/veredes.es\\\/blog\\\/\",\"logo\":{\"@type\":\"ImageObject\",\"inLanguage\":\"es\",\"@id\":\"https:\\\/\\\/veredes.es\\\/blog\\\/#\\\/schema\\\/logo\\\/image\\\/\",\"url\":\"https:\\\/\\\/veredes.es\\\/blog\\\/wp-content\\\/uploads\\\/2021\\\/12\\\/veredes-logo-centrado_140x54.png\",\"contentUrl\":\"https:\\\/\\\/veredes.es\\\/blog\\\/wp-content\\\/uploads\\\/2021\\\/12\\\/veredes-logo-centrado_140x54.png\",\"width\":140,\"height\":54,\"caption\":\"veredes, arquitectura y divulgaci\u00f3n\"},\"image\":{\"@id\":\"https:\\\/\\\/veredes.es\\\/blog\\\/#\\\/schema\\\/logo\\\/image\\\/\"},\"sameAs\":[\"https:\\\/\\\/www.facebook.com\\\/veredesArquitecturayDivulgacion\\\/\",\"https:\\\/\\\/x.com\\\/veredes\",\"https:\\\/\\\/instagram.com\\\/veredes\\\/\",\"https:\\\/\\\/www.linkedin.com\\\/company\\\/veredes-arquitectura-y-divulgacion\\\/\",\"https:\\\/\\\/es.pinterest.com\\\/veredes\\\/\",\"https:\\\/\\\/www.tumblr.com\\\/veredes\"]},{\"@type\":\"Person\",\"@id\":\"https:\\\/\\\/veredes.es\\\/blog\\\/#\\\/schema\\\/person\\\/0bbb669073ef7faba5168a0844e93d2c\",\"name\":\"veredes\",\"image\":{\"@type\":\"ImageObject\",\"inLanguage\":\"es\",\"@id\":\"https:\\\/\\\/veredes.es\\\/blog\\\/wp-content\\\/uploads\\\/2018\\\/04\\\/face-96x96.jpg\",\"url\":\"https:\\\/\\\/veredes.es\\\/blog\\\/wp-content\\\/uploads\\\/2018\\\/04\\\/face-96x96.jpg\",\"contentUrl\":\"https:\\\/\\\/veredes.es\\\/blog\\\/wp-content\\\/uploads\\\/2018\\\/04\\\/face-96x96.jpg\",\"caption\":\"veredes\"},\"description\":\"Surge enero de 2009 como b\u00fasqueda de satisfacer el conocimiento de la actividad arquitect\u00f3nica y tangentes que se generan. La idea es crear un espacio para divulgar los diversos proyectos en busca de nueva inspiraci\u00f3n y de intercambio.\",\"sameAs\":[\"https:\\\/\\\/veredes.es\\\/\",\"https:\\\/\\\/www.facebook.com\\\/veredesArquitecturayDivulgacion\\\/\",\"https:\\\/\\\/www.instagram.com\\\/veredes\\\/\",\"https:\\\/\\\/www.linkedin.com\\\/company\\\/veredes-arquitectura-y-divulgacion\\\/\",\"https:\\\/\\\/www.pinterest.es\\\/veredes\\\/\",\"https:\\\/\\\/x.com\\\/https:\\\/\\\/twitter.com\\\/veredes\",\"https:\\\/\\\/veredes.tumblr.com\\\/\"],\"url\":\"https:\\\/\\\/veredes.es\\\/blog\\\/author\\\/alberto\\\/\"}]}<\/script>\n<!-- \/ Yoast SEO plugin. -->","yoast_head_json":{"title":"acc\u00e9sit 003 acc\u00e9sit 003 acc\u00e9sit 003  - veredes","description":"Toda la informaci\u00f3n sobre: acc\u00e9sit 003 acc\u00e9sit 003 acc\u00e9sit 003","robots":{"index":"index","follow":"follow","max-snippet":"max-snippet:-1","max-image-preview":"max-image-preview:large","max-video-preview":"max-video-preview:-1"},"canonical":"https:\/\/veredes.es\/blog\/accesit-003\/","og_locale":"es_ES","og_type":"article","og_title":"acc\u00e9sit 003 acc\u00e9sit 003 acc\u00e9sit 003  - veredes","og_description":"Toda la informaci\u00f3n sobre: acc\u00e9sit 003 acc\u00e9sit 003 acc\u00e9sit 003","og_url":"https:\/\/veredes.es\/blog\/accesit-003\/","og_site_name":"veredes, arquitectura y divulgaci\u00f3n","article_publisher":"https:\/\/www.facebook.com\/veredesArquitecturayDivulgacion\/","article_author":"https:\/\/www.facebook.com\/veredesArquitecturayDivulgacion\/","article_published_time":"2011-05-25T05:00:44+00:00","article_modified_time":"2016-08-23T09:52:36+00:00","og_image":[{"width":470,"height":144,"url":"https:\/\/veredes.es\/blog\/wp-content\/uploads\/2011\/05\/acc\u00e9sit003h.jpg","type":"image\/jpeg"}],"author":"veredes","twitter_card":"summary_large_image","twitter_creator":"@https:\/\/twitter.com\/veredes","twitter_site":"@veredes","twitter_misc":{"Escrito por":"veredes","Tiempo de lectura":"3 minutos"},"schema":{"@context":"https:\/\/schema.org","@graph":[{"@type":"Article","@id":"https:\/\/veredes.es\/blog\/accesit-003\/#article","isPartOf":{"@id":"https:\/\/veredes.es\/blog\/accesit-003\/"},"author":{"name":"veredes","@id":"https:\/\/veredes.es\/blog\/#\/schema\/person\/0bbb669073ef7faba5168a0844e93d2c"},"headline":"acc\u00e9sit 003","datePublished":"2011-05-25T05:00:44+00:00","dateModified":"2016-08-23T09:52:36+00:00","mainEntityOfPage":{"@id":"https:\/\/veredes.es\/blog\/accesit-003\/"},"wordCount":653,"commentCount":37,"publisher":{"@id":"https:\/\/veredes.es\/blog\/#organization"},"image":{"@id":"https:\/\/veredes.es\/blog\/accesit-003\/#primaryimage"},"thumbnailUrl":"https:\/\/veredes.es\/blog\/wp-content\/uploads\/2011\/05\/acc\u00e9sit003h.jpg","keywords":["Andaluc\u00eda","concurso","Espa\u00f1a","Francisco Mangado","Ignacio Villegas P\u00e9rez","Inmaculada P\u00e9rez S\u00e1nchez","juan socas","revista accesit"],"articleSection":["publicaciones","revistas"],"inLanguage":"es","potentialAction":[{"@type":"CommentAction","name":"Comment","target":["https:\/\/veredes.es\/blog\/accesit-003\/#respond"]}]},{"@type":"WebPage","@id":"https:\/\/veredes.es\/blog\/accesit-003\/","url":"https:\/\/veredes.es\/blog\/accesit-003\/","name":"acc\u00e9sit 003 acc\u00e9sit 003 acc\u00e9sit 003 - veredes","isPartOf":{"@id":"https:\/\/veredes.es\/blog\/#website"},"primaryImageOfPage":{"@id":"https:\/\/veredes.es\/blog\/accesit-003\/#primaryimage"},"image":{"@id":"https:\/\/veredes.es\/blog\/accesit-003\/#primaryimage"},"thumbnailUrl":"https:\/\/veredes.es\/blog\/wp-content\/uploads\/2011\/05\/acc\u00e9sit003h.jpg","datePublished":"2011-05-25T05:00:44+00:00","dateModified":"2016-08-23T09:52:36+00:00","description":"Toda la informaci\u00f3n sobre: acc\u00e9sit 003 acc\u00e9sit 003 acc\u00e9sit 003","breadcrumb":{"@id":"https:\/\/veredes.es\/blog\/accesit-003\/#breadcrumb"},"inLanguage":"es","potentialAction":[{"@type":"ReadAction","target":["https:\/\/veredes.es\/blog\/accesit-003\/"]}]},{"@type":"ImageObject","inLanguage":"es","@id":"https:\/\/veredes.es\/blog\/accesit-003\/#primaryimage","url":"https:\/\/veredes.es\/blog\/wp-content\/uploads\/2011\/05\/acc\u00e9sit003h.jpg","contentUrl":"https:\/\/veredes.es\/blog\/wp-content\/uploads\/2011\/05\/acc\u00e9sit003h.jpg","width":"470","height":"144"},{"@type":"BreadcrumbList","@id":"https:\/\/veredes.es\/blog\/accesit-003\/#breadcrumb","itemListElement":[{"@type":"ListItem","position":1,"name":"Portada","item":"https:\/\/veredes.es\/blog\/"},{"@type":"ListItem","position":2,"name":"acc\u00e9sit 003"}]},{"@type":"WebSite","@id":"https:\/\/veredes.es\/blog\/#website","url":"https:\/\/veredes.es\/blog\/","name":"veredes, arquitectura y divulgaci\u00f3n","description":"veredes","publisher":{"@id":"https:\/\/veredes.es\/blog\/#organization"},"alternateName":"veredes","potentialAction":[{"@type":"SearchAction","target":{"@type":"EntryPoint","urlTemplate":"https:\/\/veredes.es\/blog\/?s={search_term_string}"},"query-input":{"@type":"PropertyValueSpecification","valueRequired":true,"valueName":"search_term_string"}}],"inLanguage":"es"},{"@type":"Organization","@id":"https:\/\/veredes.es\/blog\/#organization","name":"veredes, arquitectura y divulgaci\u00f3n","alternateName":"veredes","url":"https:\/\/veredes.es\/blog\/","logo":{"@type":"ImageObject","inLanguage":"es","@id":"https:\/\/veredes.es\/blog\/#\/schema\/logo\/image\/","url":"https:\/\/veredes.es\/blog\/wp-content\/uploads\/2021\/12\/veredes-logo-centrado_140x54.png","contentUrl":"https:\/\/veredes.es\/blog\/wp-content\/uploads\/2021\/12\/veredes-logo-centrado_140x54.png","width":140,"height":54,"caption":"veredes, arquitectura y divulgaci\u00f3n"},"image":{"@id":"https:\/\/veredes.es\/blog\/#\/schema\/logo\/image\/"},"sameAs":["https:\/\/www.facebook.com\/veredesArquitecturayDivulgacion\/","https:\/\/x.com\/veredes","https:\/\/instagram.com\/veredes\/","https:\/\/www.linkedin.com\/company\/veredes-arquitectura-y-divulgacion\/","https:\/\/es.pinterest.com\/veredes\/","https:\/\/www.tumblr.com\/veredes"]},{"@type":"Person","@id":"https:\/\/veredes.es\/blog\/#\/schema\/person\/0bbb669073ef7faba5168a0844e93d2c","name":"veredes","image":{"@type":"ImageObject","inLanguage":"es","@id":"https:\/\/veredes.es\/blog\/wp-content\/uploads\/2018\/04\/face-96x96.jpg","url":"https:\/\/veredes.es\/blog\/wp-content\/uploads\/2018\/04\/face-96x96.jpg","contentUrl":"https:\/\/veredes.es\/blog\/wp-content\/uploads\/2018\/04\/face-96x96.jpg","caption":"veredes"},"description":"Surge enero de 2009 como b\u00fasqueda de satisfacer el conocimiento de la actividad arquitect\u00f3nica y tangentes que se generan. La idea es crear un espacio para divulgar los diversos proyectos en busca de nueva inspiraci\u00f3n y de intercambio.","sameAs":["https:\/\/veredes.es\/","https:\/\/www.facebook.com\/veredesArquitecturayDivulgacion\/","https:\/\/www.instagram.com\/veredes\/","https:\/\/www.linkedin.com\/company\/veredes-arquitectura-y-divulgacion\/","https:\/\/www.pinterest.es\/veredes\/","https:\/\/x.com\/https:\/\/twitter.com\/veredes","https:\/\/veredes.tumblr.com\/"],"url":"https:\/\/veredes.es\/blog\/author\/alberto\/"}]}},"_links":{"self":[{"href":"https:\/\/veredes.es\/blog\/wp-json\/wp\/v2\/posts\/13976","targetHints":{"allow":["GET"]}}],"collection":[{"href":"https:\/\/veredes.es\/blog\/wp-json\/wp\/v2\/posts"}],"about":[{"href":"https:\/\/veredes.es\/blog\/wp-json\/wp\/v2\/types\/post"}],"author":[{"embeddable":true,"href":"https:\/\/veredes.es\/blog\/wp-json\/wp\/v2\/users\/2"}],"replies":[{"embeddable":true,"href":"https:\/\/veredes.es\/blog\/wp-json\/wp\/v2\/comments?post=13976"}],"version-history":[{"count":0,"href":"https:\/\/veredes.es\/blog\/wp-json\/wp\/v2\/posts\/13976\/revisions"}],"wp:featuredmedia":[{"embeddable":true,"href":"https:\/\/veredes.es\/blog\/wp-json\/wp\/v2\/media\/13977"}],"wp:attachment":[{"href":"https:\/\/veredes.es\/blog\/wp-json\/wp\/v2\/media?parent=13976"}],"wp:term":[{"taxonomy":"category","embeddable":true,"href":"https:\/\/veredes.es\/blog\/wp-json\/wp\/v2\/categories?post=13976"},{"taxonomy":"post_tag","embeddable":true,"href":"https:\/\/veredes.es\/blog\/wp-json\/wp\/v2\/tags?post=13976"}],"curies":[{"name":"wp","href":"https:\/\/api.w.org\/{rel}","templated":true}]}}