{"id":13660,"date":"2011-05-18T07:00:52","date_gmt":"2011-05-18T07:00:52","guid":{"rendered":"http:\/\/veredes.es\/blog\/?p=13660"},"modified":"2017-03-03T10:57:52","modified_gmt":"2017-03-03T09:57:52","slug":"la-ciudad-jubilada","status":"publish","type":"post","link":"https:\/\/veredes.es\/blog\/la-ciudad-jubilada\/","title":{"rendered":"La Ciudad Jubilada"},"content":{"rendered":"<p><\/p>\n<p style=\"text-align: justify;\">Formalizado en un libro &#8216;La Ciudad Jubilada. Breve Diccionario sobre los Huertos informales en los r\u00edos de Barcelona&#8217; este trabajo fotogr\u00e1fico y de ensayo narra el fen\u00f3meno de los huertos autoconstruidos que podemos encontrar entre las autopistas, los r\u00edos y las v\u00edas de tren que entran y salen de Barcelona. El proyecto plantea una reflexi\u00f3n y una comparativa entre la ciudad consolidada y aquella informal, las dos entendidas aqu\u00ed como partes inseparables del conglomerado que es toda realidad urbana. En este contexto, los ciudadanos jubilados que dan forma al paisaje de los huertos son los principales protagonistas del trabajo, ya sea a trav\u00e9s de sus opiniones como de sus construcciones. El proyecto es el fruto de un trabajo de investigaci\u00f3n para la exposici\u00f3n &#8216;Post-it City. Ciudades Ocasionales&#8217; en el CCCB de Barcelona. M\u00e1s adelante form\u00f3 parte de la exposici\u00f3n &#8216;El don de la vida. Sobre el envejecimiento y su representaci\u00f3n art\u00edstica&#8217; en La Panera de Lleida.<\/p>\n<p><a href=\"http:\/\/veredes.es\/blog\/wp-content\/uploads\/2011\/05\/1.jpg\"><img loading=\"lazy\" decoding=\"async\" class=\"wp-image-13661 aligncenter\" title=\"1\" src=\"http:\/\/veredes.es\/blog\/wp-content\/uploads\/2011\/05\/1.jpg\" alt=\"\" width=\"497\" height=\"710\" srcset=\"https:\/\/veredes.es\/blog\/wp-content\/uploads\/2011\/05\/1.jpg 280w, https:\/\/veredes.es\/blog\/wp-content\/uploads\/2011\/05\/1-210x300.jpg 210w\" sizes=\"auto, (max-width: 497px) 100vw, 497px\" \/><\/a><\/p>\n<p>Comisario: Mart\u00ed Peran<br \/>\nColaboradoras: Eleonora Blanco y Julie Poitras Santos<br \/>\nBarcelona, 2008<br \/>\n<a href=\"http:\/\/laciudadjubilada.blogspot.com.es\/\" target=\"_blank\"><span style=\"color: #888888;\">+ laciudadjubilada.net<\/span><\/a><br \/>\n<span style=\"color: #888888;\">+ art\u00edculo publicado en paufaus.net<\/span><\/p>","protected":false},"excerpt":{"rendered":"<p>Formalizado en un libro &#8216;La Ciudad Jubilada. Breve Diccionario sobre los Huertos informales en los r\u00edos de Barcelona&#8217; este trabajo fotogr\u00e1fico y de ensayo narra el fen\u00f3meno de los huertos autoconstruidos que podemos encontrar entre las autopistas, los r\u00edos y las v\u00edas de tren que entran y salen de Barcelona. El proyecto plantea una reflexi\u00f3n [&hellip;]<\/p>\n","protected":false},"author":2,"featured_media":13661,"comment_status":"open","ping_status":"closed","sticky":false,"template":"","format":"standard","meta":{"footnotes":""},"categories":[794,26],"tags":[11601,521,11602,11086,6879,11600,1286],"class_list":{"0":"post-13660","1":"post","2":"type-post","3":"status-publish","4":"format-standard","5":"has-post-thumbnail","7":"category-libros","8":"category-publicaciones","10":"tag-espana","11":"tag-julie-poitras-santos","12":"tag-marti-peran","13":"tag-pau-faus","14":"tag-post-it-city","15":"tag-territorio"},"yoast_head":"<!-- This site is optimized with the Yoast SEO plugin v27.5 - https:\/\/yoast.com\/product\/yoast-seo-wordpress\/ -->\n<title>La Ciudad JubiladaLa Ciudad JubiladaLa Ciudad Jubilada - veredes<\/title>\n<meta name=\"description\" content=\"Toda la informaci\u00f3n sobre: La Ciudad JubiladaLa Ciudad JubiladaLa Ciudad Jubilada\" \/>\n<meta name=\"robots\" content=\"index, follow, max-snippet:-1, max-image-preview:large, max-video-preview:-1\" \/>\n<link rel=\"canonical\" href=\"https:\/\/veredes.es\/blog\/la-ciudad-jubilada\/\" \/>\n<meta property=\"og:locale\" content=\"es_ES\" \/>\n<meta property=\"og:type\" content=\"article\" \/>\n<meta property=\"og:title\" content=\"La Ciudad JubiladaLa Ciudad JubiladaLa Ciudad Jubilada - veredes\" \/>\n<meta property=\"og:description\" content=\"Toda la informaci\u00f3n sobre: La Ciudad JubiladaLa Ciudad JubiladaLa Ciudad Jubilada\" \/>\n<meta property=\"og:url\" content=\"https:\/\/veredes.es\/blog\/la-ciudad-jubilada\/\" \/>\n<meta property=\"og:site_name\" content=\"veredes, arquitectura y divulgaci\u00f3n\" \/>\n<meta property=\"article:publisher\" content=\"https:\/\/www.facebook.com\/veredesArquitecturayDivulgacion\/\" \/>\n<meta property=\"article:author\" content=\"https:\/\/www.facebook.com\/veredesArquitecturayDivulgacion\/\" \/>\n<meta property=\"article:published_time\" content=\"2011-05-18T07:00:52+00:00\" \/>\n<meta property=\"article:modified_time\" content=\"2017-03-03T09:57:52+00:00\" \/>\n<meta property=\"og:image\" content=\"https:\/\/veredes.es\/blog\/wp-content\/uploads\/2011\/05\/1.jpg\" \/>\n\t<meta property=\"og:image:width\" content=\"280\" \/>\n\t<meta property=\"og:image:height\" content=\"400\" \/>\n\t<meta property=\"og:image:type\" content=\"image\/jpeg\" \/>\n<meta name=\"author\" content=\"veredes\" \/>\n<meta name=\"twitter:card\" content=\"summary_large_image\" \/>\n<meta name=\"twitter:creator\" content=\"@https:\/\/twitter.com\/veredes\" \/>\n<meta name=\"twitter:site\" content=\"@veredes\" \/>\n<meta name=\"twitter:label1\" content=\"Escrito por\" \/>\n\t<meta name=\"twitter:data1\" content=\"veredes\" \/>\n\t<meta name=\"twitter:label2\" content=\"Tiempo de lectura\" \/>\n\t<meta name=\"twitter:data2\" content=\"3 minutos\" \/>\n<script type=\"application\/ld+json\" class=\"yoast-schema-graph\">{\"@context\":\"https:\\\/\\\/schema.org\",\"@graph\":[{\"@type\":\"Article\",\"@id\":\"https:\\\/\\\/veredes.es\\\/blog\\\/la-ciudad-jubilada\\\/#article\",\"isPartOf\":{\"@id\":\"https:\\\/\\\/veredes.es\\\/blog\\\/la-ciudad-jubilada\\\/\"},\"author\":{\"name\":\"veredes\",\"@id\":\"https:\\\/\\\/veredes.es\\\/blog\\\/#\\\/schema\\\/person\\\/0bbb669073ef7faba5168a0844e93d2c\"},\"headline\":\"La Ciudad Jubilada\",\"datePublished\":\"2011-05-18T07:00:52+00:00\",\"dateModified\":\"2017-03-03T09:57:52+00:00\",\"mainEntityOfPage\":{\"@id\":\"https:\\\/\\\/veredes.es\\\/blog\\\/la-ciudad-jubilada\\\/\"},\"wordCount\":561,\"commentCount\":1,\"publisher\":{\"@id\":\"https:\\\/\\\/veredes.es\\\/blog\\\/#organization\"},\"image\":{\"@id\":\"https:\\\/\\\/veredes.es\\\/blog\\\/la-ciudad-jubilada\\\/#primaryimage\"},\"thumbnailUrl\":\"https:\\\/\\\/veredes.es\\\/blog\\\/wp-content\\\/uploads\\\/2011\\\/05\\\/1.jpg\",\"keywords\":[\"eleonora blanco\",\"Espa\u00f1a\",\"julie poitras santos\",\"mart\u00ed per\u00e1n\",\"Pau Faus\",\"post-it city\",\"territorio\"],\"articleSection\":[\"libros\",\"publicaciones\"],\"inLanguage\":\"es\",\"potentialAction\":[{\"@type\":\"CommentAction\",\"name\":\"Comment\",\"target\":[\"https:\\\/\\\/veredes.es\\\/blog\\\/la-ciudad-jubilada\\\/#respond\"]}]},{\"@type\":\"WebPage\",\"@id\":\"https:\\\/\\\/veredes.es\\\/blog\\\/la-ciudad-jubilada\\\/\",\"url\":\"https:\\\/\\\/veredes.es\\\/blog\\\/la-ciudad-jubilada\\\/\",\"name\":\"La Ciudad JubiladaLa Ciudad JubiladaLa Ciudad Jubilada - veredes\",\"isPartOf\":{\"@id\":\"https:\\\/\\\/veredes.es\\\/blog\\\/#website\"},\"primaryImageOfPage\":{\"@id\":\"https:\\\/\\\/veredes.es\\\/blog\\\/la-ciudad-jubilada\\\/#primaryimage\"},\"image\":{\"@id\":\"https:\\\/\\\/veredes.es\\\/blog\\\/la-ciudad-jubilada\\\/#primaryimage\"},\"thumbnailUrl\":\"https:\\\/\\\/veredes.es\\\/blog\\\/wp-content\\\/uploads\\\/2011\\\/05\\\/1.jpg\",\"datePublished\":\"2011-05-18T07:00:52+00:00\",\"dateModified\":\"2017-03-03T09:57:52+00:00\",\"description\":\"Toda la informaci\u00f3n sobre: La Ciudad JubiladaLa Ciudad JubiladaLa Ciudad Jubilada\",\"breadcrumb\":{\"@id\":\"https:\\\/\\\/veredes.es\\\/blog\\\/la-ciudad-jubilada\\\/#breadcrumb\"},\"inLanguage\":\"es\",\"potentialAction\":[{\"@type\":\"ReadAction\",\"target\":[\"https:\\\/\\\/veredes.es\\\/blog\\\/la-ciudad-jubilada\\\/\"]}]},{\"@type\":\"ImageObject\",\"inLanguage\":\"es\",\"@id\":\"https:\\\/\\\/veredes.es\\\/blog\\\/la-ciudad-jubilada\\\/#primaryimage\",\"url\":\"https:\\\/\\\/veredes.es\\\/blog\\\/wp-content\\\/uploads\\\/2011\\\/05\\\/1.jpg\",\"contentUrl\":\"https:\\\/\\\/veredes.es\\\/blog\\\/wp-content\\\/uploads\\\/2011\\\/05\\\/1.jpg\",\"width\":\"280\",\"height\":\"400\"},{\"@type\":\"BreadcrumbList\",\"@id\":\"https:\\\/\\\/veredes.es\\\/blog\\\/la-ciudad-jubilada\\\/#breadcrumb\",\"itemListElement\":[{\"@type\":\"ListItem\",\"position\":1,\"name\":\"Portada\",\"item\":\"https:\\\/\\\/veredes.es\\\/blog\\\/\"},{\"@type\":\"ListItem\",\"position\":2,\"name\":\"La Ciudad Jubilada\"}]},{\"@type\":\"WebSite\",\"@id\":\"https:\\\/\\\/veredes.es\\\/blog\\\/#website\",\"url\":\"https:\\\/\\\/veredes.es\\\/blog\\\/\",\"name\":\"veredes, arquitectura y divulgaci\u00f3n\",\"description\":\"veredes\",\"publisher\":{\"@id\":\"https:\\\/\\\/veredes.es\\\/blog\\\/#organization\"},\"alternateName\":\"veredes\",\"potentialAction\":[{\"@type\":\"SearchAction\",\"target\":{\"@type\":\"EntryPoint\",\"urlTemplate\":\"https:\\\/\\\/veredes.es\\\/blog\\\/?s={search_term_string}\"},\"query-input\":{\"@type\":\"PropertyValueSpecification\",\"valueRequired\":true,\"valueName\":\"search_term_string\"}}],\"inLanguage\":\"es\"},{\"@type\":\"Organization\",\"@id\":\"https:\\\/\\\/veredes.es\\\/blog\\\/#organization\",\"name\":\"veredes, arquitectura y divulgaci\u00f3n\",\"alternateName\":\"veredes\",\"url\":\"https:\\\/\\\/veredes.es\\\/blog\\\/\",\"logo\":{\"@type\":\"ImageObject\",\"inLanguage\":\"es\",\"@id\":\"https:\\\/\\\/veredes.es\\\/blog\\\/#\\\/schema\\\/logo\\\/image\\\/\",\"url\":\"https:\\\/\\\/veredes.es\\\/blog\\\/wp-content\\\/uploads\\\/2021\\\/12\\\/veredes-logo-centrado_140x54.png\",\"contentUrl\":\"https:\\\/\\\/veredes.es\\\/blog\\\/wp-content\\\/uploads\\\/2021\\\/12\\\/veredes-logo-centrado_140x54.png\",\"width\":140,\"height\":54,\"caption\":\"veredes, arquitectura y divulgaci\u00f3n\"},\"image\":{\"@id\":\"https:\\\/\\\/veredes.es\\\/blog\\\/#\\\/schema\\\/logo\\\/image\\\/\"},\"sameAs\":[\"https:\\\/\\\/www.facebook.com\\\/veredesArquitecturayDivulgacion\\\/\",\"https:\\\/\\\/x.com\\\/veredes\",\"https:\\\/\\\/instagram.com\\\/veredes\\\/\",\"https:\\\/\\\/www.linkedin.com\\\/company\\\/veredes-arquitectura-y-divulgacion\\\/\",\"https:\\\/\\\/es.pinterest.com\\\/veredes\\\/\",\"https:\\\/\\\/www.tumblr.com\\\/veredes\"]},{\"@type\":\"Person\",\"@id\":\"https:\\\/\\\/veredes.es\\\/blog\\\/#\\\/schema\\\/person\\\/0bbb669073ef7faba5168a0844e93d2c\",\"name\":\"veredes\",\"image\":{\"@type\":\"ImageObject\",\"inLanguage\":\"es\",\"@id\":\"https:\\\/\\\/veredes.es\\\/blog\\\/wp-content\\\/uploads\\\/2018\\\/04\\\/face-96x96.jpg\",\"url\":\"https:\\\/\\\/veredes.es\\\/blog\\\/wp-content\\\/uploads\\\/2018\\\/04\\\/face-96x96.jpg\",\"contentUrl\":\"https:\\\/\\\/veredes.es\\\/blog\\\/wp-content\\\/uploads\\\/2018\\\/04\\\/face-96x96.jpg\",\"caption\":\"veredes\"},\"description\":\"Surge enero de 2009 como b\u00fasqueda de satisfacer el conocimiento de la actividad arquitect\u00f3nica y tangentes que se generan. La idea es crear un espacio para divulgar los diversos proyectos en busca de nueva inspiraci\u00f3n y de intercambio.\",\"sameAs\":[\"https:\\\/\\\/veredes.es\\\/\",\"https:\\\/\\\/www.facebook.com\\\/veredesArquitecturayDivulgacion\\\/\",\"https:\\\/\\\/www.instagram.com\\\/veredes\\\/\",\"https:\\\/\\\/www.linkedin.com\\\/company\\\/veredes-arquitectura-y-divulgacion\\\/\",\"https:\\\/\\\/www.pinterest.es\\\/veredes\\\/\",\"https:\\\/\\\/x.com\\\/https:\\\/\\\/twitter.com\\\/veredes\",\"https:\\\/\\\/veredes.tumblr.com\\\/\"],\"url\":\"https:\\\/\\\/veredes.es\\\/blog\\\/author\\\/alberto\\\/\"}]}<\/script>\n<!-- \/ Yoast SEO plugin. -->","yoast_head_json":{"title":"La Ciudad JubiladaLa Ciudad JubiladaLa Ciudad Jubilada - veredes","description":"Toda la informaci\u00f3n sobre: La Ciudad JubiladaLa Ciudad JubiladaLa Ciudad Jubilada","robots":{"index":"index","follow":"follow","max-snippet":"max-snippet:-1","max-image-preview":"max-image-preview:large","max-video-preview":"max-video-preview:-1"},"canonical":"https:\/\/veredes.es\/blog\/la-ciudad-jubilada\/","og_locale":"es_ES","og_type":"article","og_title":"La Ciudad JubiladaLa Ciudad JubiladaLa Ciudad Jubilada - veredes","og_description":"Toda la informaci\u00f3n sobre: La Ciudad JubiladaLa Ciudad JubiladaLa Ciudad Jubilada","og_url":"https:\/\/veredes.es\/blog\/la-ciudad-jubilada\/","og_site_name":"veredes, arquitectura y divulgaci\u00f3n","article_publisher":"https:\/\/www.facebook.com\/veredesArquitecturayDivulgacion\/","article_author":"https:\/\/www.facebook.com\/veredesArquitecturayDivulgacion\/","article_published_time":"2011-05-18T07:00:52+00:00","article_modified_time":"2017-03-03T09:57:52+00:00","og_image":[{"width":280,"height":400,"url":"https:\/\/veredes.es\/blog\/wp-content\/uploads\/2011\/05\/1.jpg","type":"image\/jpeg"}],"author":"veredes","twitter_card":"summary_large_image","twitter_creator":"@https:\/\/twitter.com\/veredes","twitter_site":"@veredes","twitter_misc":{"Escrito por":"veredes","Tiempo de lectura":"3 minutos"},"schema":{"@context":"https:\/\/schema.org","@graph":[{"@type":"Article","@id":"https:\/\/veredes.es\/blog\/la-ciudad-jubilada\/#article","isPartOf":{"@id":"https:\/\/veredes.es\/blog\/la-ciudad-jubilada\/"},"author":{"name":"veredes","@id":"https:\/\/veredes.es\/blog\/#\/schema\/person\/0bbb669073ef7faba5168a0844e93d2c"},"headline":"La Ciudad Jubilada","datePublished":"2011-05-18T07:00:52+00:00","dateModified":"2017-03-03T09:57:52+00:00","mainEntityOfPage":{"@id":"https:\/\/veredes.es\/blog\/la-ciudad-jubilada\/"},"wordCount":561,"commentCount":1,"publisher":{"@id":"https:\/\/veredes.es\/blog\/#organization"},"image":{"@id":"https:\/\/veredes.es\/blog\/la-ciudad-jubilada\/#primaryimage"},"thumbnailUrl":"https:\/\/veredes.es\/blog\/wp-content\/uploads\/2011\/05\/1.jpg","keywords":["eleonora blanco","Espa\u00f1a","julie poitras santos","mart\u00ed per\u00e1n","Pau Faus","post-it city","territorio"],"articleSection":["libros","publicaciones"],"inLanguage":"es","potentialAction":[{"@type":"CommentAction","name":"Comment","target":["https:\/\/veredes.es\/blog\/la-ciudad-jubilada\/#respond"]}]},{"@type":"WebPage","@id":"https:\/\/veredes.es\/blog\/la-ciudad-jubilada\/","url":"https:\/\/veredes.es\/blog\/la-ciudad-jubilada\/","name":"La Ciudad JubiladaLa Ciudad JubiladaLa Ciudad Jubilada - veredes","isPartOf":{"@id":"https:\/\/veredes.es\/blog\/#website"},"primaryImageOfPage":{"@id":"https:\/\/veredes.es\/blog\/la-ciudad-jubilada\/#primaryimage"},"image":{"@id":"https:\/\/veredes.es\/blog\/la-ciudad-jubilada\/#primaryimage"},"thumbnailUrl":"https:\/\/veredes.es\/blog\/wp-content\/uploads\/2011\/05\/1.jpg","datePublished":"2011-05-18T07:00:52+00:00","dateModified":"2017-03-03T09:57:52+00:00","description":"Toda la informaci\u00f3n sobre: La Ciudad JubiladaLa Ciudad JubiladaLa Ciudad Jubilada","breadcrumb":{"@id":"https:\/\/veredes.es\/blog\/la-ciudad-jubilada\/#breadcrumb"},"inLanguage":"es","potentialAction":[{"@type":"ReadAction","target":["https:\/\/veredes.es\/blog\/la-ciudad-jubilada\/"]}]},{"@type":"ImageObject","inLanguage":"es","@id":"https:\/\/veredes.es\/blog\/la-ciudad-jubilada\/#primaryimage","url":"https:\/\/veredes.es\/blog\/wp-content\/uploads\/2011\/05\/1.jpg","contentUrl":"https:\/\/veredes.es\/blog\/wp-content\/uploads\/2011\/05\/1.jpg","width":"280","height":"400"},{"@type":"BreadcrumbList","@id":"https:\/\/veredes.es\/blog\/la-ciudad-jubilada\/#breadcrumb","itemListElement":[{"@type":"ListItem","position":1,"name":"Portada","item":"https:\/\/veredes.es\/blog\/"},{"@type":"ListItem","position":2,"name":"La Ciudad Jubilada"}]},{"@type":"WebSite","@id":"https:\/\/veredes.es\/blog\/#website","url":"https:\/\/veredes.es\/blog\/","name":"veredes, arquitectura y divulgaci\u00f3n","description":"veredes","publisher":{"@id":"https:\/\/veredes.es\/blog\/#organization"},"alternateName":"veredes","potentialAction":[{"@type":"SearchAction","target":{"@type":"EntryPoint","urlTemplate":"https:\/\/veredes.es\/blog\/?s={search_term_string}"},"query-input":{"@type":"PropertyValueSpecification","valueRequired":true,"valueName":"search_term_string"}}],"inLanguage":"es"},{"@type":"Organization","@id":"https:\/\/veredes.es\/blog\/#organization","name":"veredes, arquitectura y divulgaci\u00f3n","alternateName":"veredes","url":"https:\/\/veredes.es\/blog\/","logo":{"@type":"ImageObject","inLanguage":"es","@id":"https:\/\/veredes.es\/blog\/#\/schema\/logo\/image\/","url":"https:\/\/veredes.es\/blog\/wp-content\/uploads\/2021\/12\/veredes-logo-centrado_140x54.png","contentUrl":"https:\/\/veredes.es\/blog\/wp-content\/uploads\/2021\/12\/veredes-logo-centrado_140x54.png","width":140,"height":54,"caption":"veredes, arquitectura y divulgaci\u00f3n"},"image":{"@id":"https:\/\/veredes.es\/blog\/#\/schema\/logo\/image\/"},"sameAs":["https:\/\/www.facebook.com\/veredesArquitecturayDivulgacion\/","https:\/\/x.com\/veredes","https:\/\/instagram.com\/veredes\/","https:\/\/www.linkedin.com\/company\/veredes-arquitectura-y-divulgacion\/","https:\/\/es.pinterest.com\/veredes\/","https:\/\/www.tumblr.com\/veredes"]},{"@type":"Person","@id":"https:\/\/veredes.es\/blog\/#\/schema\/person\/0bbb669073ef7faba5168a0844e93d2c","name":"veredes","image":{"@type":"ImageObject","inLanguage":"es","@id":"https:\/\/veredes.es\/blog\/wp-content\/uploads\/2018\/04\/face-96x96.jpg","url":"https:\/\/veredes.es\/blog\/wp-content\/uploads\/2018\/04\/face-96x96.jpg","contentUrl":"https:\/\/veredes.es\/blog\/wp-content\/uploads\/2018\/04\/face-96x96.jpg","caption":"veredes"},"description":"Surge enero de 2009 como b\u00fasqueda de satisfacer el conocimiento de la actividad arquitect\u00f3nica y tangentes que se generan. La idea es crear un espacio para divulgar los diversos proyectos en busca de nueva inspiraci\u00f3n y de intercambio.","sameAs":["https:\/\/veredes.es\/","https:\/\/www.facebook.com\/veredesArquitecturayDivulgacion\/","https:\/\/www.instagram.com\/veredes\/","https:\/\/www.linkedin.com\/company\/veredes-arquitectura-y-divulgacion\/","https:\/\/www.pinterest.es\/veredes\/","https:\/\/x.com\/https:\/\/twitter.com\/veredes","https:\/\/veredes.tumblr.com\/"],"url":"https:\/\/veredes.es\/blog\/author\/alberto\/"}]}},"_links":{"self":[{"href":"https:\/\/veredes.es\/blog\/wp-json\/wp\/v2\/posts\/13660","targetHints":{"allow":["GET"]}}],"collection":[{"href":"https:\/\/veredes.es\/blog\/wp-json\/wp\/v2\/posts"}],"about":[{"href":"https:\/\/veredes.es\/blog\/wp-json\/wp\/v2\/types\/post"}],"author":[{"embeddable":true,"href":"https:\/\/veredes.es\/blog\/wp-json\/wp\/v2\/users\/2"}],"replies":[{"embeddable":true,"href":"https:\/\/veredes.es\/blog\/wp-json\/wp\/v2\/comments?post=13660"}],"version-history":[{"count":0,"href":"https:\/\/veredes.es\/blog\/wp-json\/wp\/v2\/posts\/13660\/revisions"}],"wp:featuredmedia":[{"embeddable":true,"href":"https:\/\/veredes.es\/blog\/wp-json\/wp\/v2\/media\/13661"}],"wp:attachment":[{"href":"https:\/\/veredes.es\/blog\/wp-json\/wp\/v2\/media?parent=13660"}],"wp:term":[{"taxonomy":"category","embeddable":true,"href":"https:\/\/veredes.es\/blog\/wp-json\/wp\/v2\/categories?post=13660"},{"taxonomy":"post_tag","embeddable":true,"href":"https:\/\/veredes.es\/blog\/wp-json\/wp\/v2\/tags?post=13660"}],"curies":[{"name":"wp","href":"https:\/\/api.w.org\/{rel}","templated":true}]}}