{"id":13394,"date":"2011-06-02T08:00:57","date_gmt":"2011-06-02T08:00:57","guid":{"rendered":"http:\/\/veredes.es\/blog\/?p=13394"},"modified":"2019-12-27T14:38:40","modified_gmt":"2019-12-27T13:38:40","slug":"jardines-efimeros-2011-mauro-lombamaria-pierres","status":"publish","type":"post","link":"https:\/\/veredes.es\/blog\/jardines-efimeros-2011-mauro-lombamaria-pierres\/","title":{"rendered":"Jardines Efimeros 2011 | Mauro Lomba+Mar\u00eda Pierres"},"content":{"rendered":"<p><\/p>\n<p style=\"text-align: justify;\">Cuando uno vive como arquitecto, lo hace con una continua preocupaci\u00f3n por lo que le rodea, reinterpret\u00e1ndolo en su cabeza y generando nuevas visiones de los espacios que visita, dej\u00e1ndose sorprender por aquellos que lo merecen y tratando de mejorar aquellos que lo inquietan. M\u00e1s a\u00fan cuando en vez de dos son cuatro los ojos que miran.<\/p>\n<p style=\"text-align: justify;\">De esta curiosidad y necesidad de actuar surge la colaboraci\u00f3n en la creaci\u00f3n de un jard\u00edn ef\u00edmero, oportunidad \u00fanica de alterar el espacio conocido y familiar a todos los pontevedreses sorprendiendo no s\u00f3lo a los ojos, sino a todos los sentidos. La empresa Elsamex puso a nuestra disposici\u00f3n todas sus energ\u00edas y capacidad para llevar a cabo una tarea que por momentos pareci\u00f3 tit\u00e1nica.<\/p>\n<p style=\"text-align: justify;\">La intenci\u00f3n primera super\u00f3 con creces las expectativas, generando la inquietud de hacer de esta iniciativa un evento que premie la creatividad no s\u00f3lo de las empresas sino de aquellos profesionales arquitectos, dise\u00f1adores \u00f3 paisajistas que con su colaboraci\u00f3n ayuden a dotar\u00a0 al jard\u00edn de una visi\u00f3n m\u00e1s contempor\u00e1nea, sin olvidar la base de la convocatoria, que es acercar la jardiner\u00eda y naturaleza al ciudadano.<\/p>\n<p style=\"text-align: justify;\"><a href=\"https:\/\/veredes.es\/blog\/wp-content\/uploads\/2011\/05\/jardinefimero2011_05.jpg\"><img loading=\"lazy\" decoding=\"async\" class=\"alignnone  wp-image-13713\" title=\"jardinefimero2011_05\" src=\"https:\/\/veredes.es\/blog\/wp-content\/uploads\/2011\/05\/jardinefimero2011_05-300x178.jpg\" alt=\"\" width=\"620\" height=\"367\" srcset=\"https:\/\/veredes.es\/blog\/wp-content\/uploads\/2011\/05\/jardinefimero2011_05-300x178.jpg 300w, https:\/\/veredes.es\/blog\/wp-content\/uploads\/2011\/05\/jardinefimero2011_05.jpg 700w\" sizes=\"auto, (max-width: 620px) 100vw, 620px\" \/><\/a><\/p>\n<p style=\"text-align: justify;\">Nuestra instalaci\u00f3n parte de una geometr\u00eda sobria, formada por dos muros conc\u00e9ntricos que acotan y delimitan el espacio. Un anillo exterior, duro y racional, con matices de invitaci\u00f3n a entrar, te atrapa y te aisla del resto del entorno, permiti\u00e9ndote descubrir un segundo anillo, \u00e9ste vegetal y animal, en relaci\u00f3n arm\u00f3nica con el mundo org\u00e1nico, que estimula los sentidos hasta envolverte en su jard\u00edn interior.<\/p>\n<p style=\"text-align: justify;\">Una s\u00edntesis del binomio Rechazo-Aceptaci\u00f3n, de lo detestable contra lo apetecible, haciendo del habitar, en este caso del jard\u00edn, como ese lugar donde el refugio es posible. Una instalaci\u00f3n que trata de aunar, con su morfolog\u00eda, el concepto de jard\u00edn renacentista y medieval, con su configuraci\u00f3n m\u00e1s cerrada y laber\u00edntica, junto con el contempor\u00e1neo, donde se introduce la chapa met\u00e1lica como duro contraste con la vegetaci\u00f3n, y donde lo racional se refleja en el plano vertical de las chapas, permitiendo la invasi\u00f3n de la naturaleza y adivinando su car\u00e1cter interior.<\/p>\n<div id='gallery-1' class='gallery galleryid-13394 gallery-columns-4 gallery-size-thumbnail'><figure class='gallery-item'>\n\t\t\t<div class='gallery-icon portrait'>\n\t\t\t\t<a href='https:\/\/veredes.es\/blog\/wp-content\/uploads\/2011\/05\/jardinefimero2011_01.jpg'><img loading=\"lazy\" decoding=\"async\" width=\"120\" height=\"120\" src=\"https:\/\/veredes.es\/blog\/wp-content\/uploads\/2011\/05\/jardinefimero2011_01-150x150.jpg\" class=\"attachment-thumbnail size-thumbnail\" alt=\"\" srcset=\"https:\/\/veredes.es\/blog\/wp-content\/uploads\/2011\/05\/jardinefimero2011_01-150x150.jpg 150w, https:\/\/veredes.es\/blog\/wp-content\/uploads\/2011\/05\/jardinefimero2011_01-120x120.jpg 120w\" sizes=\"auto, (max-width: 120px) 100vw, 120px\" \/><\/a>\n\t\t\t<\/div><\/figure><figure class='gallery-item'>\n\t\t\t<div class='gallery-icon landscape'>\n\t\t\t\t<a href='https:\/\/veredes.es\/blog\/wp-content\/uploads\/2011\/05\/jardinefimero2011_02.jpg'><img loading=\"lazy\" decoding=\"async\" width=\"120\" height=\"120\" src=\"https:\/\/veredes.es\/blog\/wp-content\/uploads\/2011\/05\/jardinefimero2011_02-150x150.jpg\" class=\"attachment-thumbnail size-thumbnail\" alt=\"\" srcset=\"https:\/\/veredes.es\/blog\/wp-content\/uploads\/2011\/05\/jardinefimero2011_02-150x150.jpg 150w, https:\/\/veredes.es\/blog\/wp-content\/uploads\/2011\/05\/jardinefimero2011_02-120x120.jpg 120w\" sizes=\"auto, (max-width: 120px) 100vw, 120px\" \/><\/a>\n\t\t\t<\/div><\/figure><figure class='gallery-item'>\n\t\t\t<div class='gallery-icon portrait'>\n\t\t\t\t<a href='https:\/\/veredes.es\/blog\/wp-content\/uploads\/2011\/05\/jardinefimero2011_03.jpg'><img loading=\"lazy\" decoding=\"async\" width=\"120\" height=\"120\" src=\"https:\/\/veredes.es\/blog\/wp-content\/uploads\/2011\/05\/jardinefimero2011_03-150x150.jpg\" class=\"attachment-thumbnail size-thumbnail\" alt=\"\" srcset=\"https:\/\/veredes.es\/blog\/wp-content\/uploads\/2011\/05\/jardinefimero2011_03-150x150.jpg 150w, https:\/\/veredes.es\/blog\/wp-content\/uploads\/2011\/05\/jardinefimero2011_03-120x120.jpg 120w\" sizes=\"auto, (max-width: 120px) 100vw, 120px\" \/><\/a>\n\t\t\t<\/div><\/figure><figure class='gallery-item'>\n\t\t\t<div class='gallery-icon portrait'>\n\t\t\t\t<a href='https:\/\/veredes.es\/blog\/wp-content\/uploads\/2011\/05\/jardinefimero2011_04.jpg'><img loading=\"lazy\" decoding=\"async\" width=\"120\" height=\"120\" src=\"https:\/\/veredes.es\/blog\/wp-content\/uploads\/2011\/05\/jardinefimero2011_04-150x150.jpg\" class=\"attachment-thumbnail size-thumbnail\" alt=\"\" srcset=\"https:\/\/veredes.es\/blog\/wp-content\/uploads\/2011\/05\/jardinefimero2011_04-150x150.jpg 150w, https:\/\/veredes.es\/blog\/wp-content\/uploads\/2011\/05\/jardinefimero2011_04-120x120.jpg 120w\" sizes=\"auto, (max-width: 120px) 100vw, 120px\" \/><\/a>\n\t\t\t<\/div><\/figure><figure class='gallery-item'>\n\t\t\t<div class='gallery-icon landscape'>\n\t\t\t\t<a href='https:\/\/veredes.es\/blog\/wp-content\/uploads\/2011\/05\/jardinefimero2011_05.jpg'><img loading=\"lazy\" decoding=\"async\" width=\"120\" height=\"120\" src=\"https:\/\/veredes.es\/blog\/wp-content\/uploads\/2011\/05\/jardinefimero2011_05-150x150.jpg\" class=\"attachment-thumbnail size-thumbnail\" alt=\"\" srcset=\"https:\/\/veredes.es\/blog\/wp-content\/uploads\/2011\/05\/jardinefimero2011_05-150x150.jpg 150w, https:\/\/veredes.es\/blog\/wp-content\/uploads\/2011\/05\/jardinefimero2011_05-120x120.jpg 120w\" sizes=\"auto, (max-width: 120px) 100vw, 120px\" \/><\/a>\n\t\t\t<\/div><\/figure><figure class='gallery-item'>\n\t\t\t<div class='gallery-icon landscape'>\n\t\t\t\t<a href='https:\/\/veredes.es\/blog\/wp-content\/uploads\/2011\/05\/jardinefimero2011_06.jpg'><img loading=\"lazy\" decoding=\"async\" width=\"120\" height=\"120\" src=\"https:\/\/veredes.es\/blog\/wp-content\/uploads\/2011\/05\/jardinefimero2011_06-150x150.jpg\" class=\"attachment-thumbnail size-thumbnail\" alt=\"\" srcset=\"https:\/\/veredes.es\/blog\/wp-content\/uploads\/2011\/05\/jardinefimero2011_06-150x150.jpg 150w, https:\/\/veredes.es\/blog\/wp-content\/uploads\/2011\/05\/jardinefimero2011_06-120x120.jpg 120w\" sizes=\"auto, (max-width: 120px) 100vw, 120px\" \/><\/a>\n\t\t\t<\/div><\/figure><figure class='gallery-item'>\n\t\t\t<div class='gallery-icon landscape'>\n\t\t\t\t<a href='https:\/\/veredes.es\/blog\/wp-content\/uploads\/2011\/05\/jardinefimero2011_07.jpg'><img loading=\"lazy\" decoding=\"async\" width=\"120\" height=\"120\" src=\"https:\/\/veredes.es\/blog\/wp-content\/uploads\/2011\/05\/jardinefimero2011_07-150x150.jpg\" class=\"attachment-thumbnail size-thumbnail\" alt=\"\" srcset=\"https:\/\/veredes.es\/blog\/wp-content\/uploads\/2011\/05\/jardinefimero2011_07-150x150.jpg 150w, https:\/\/veredes.es\/blog\/wp-content\/uploads\/2011\/05\/jardinefimero2011_07-120x120.jpg 120w\" sizes=\"auto, (max-width: 120px) 100vw, 120px\" \/><\/a>\n\t\t\t<\/div><\/figure><figure class='gallery-item'>\n\t\t\t<div class='gallery-icon landscape'>\n\t\t\t\t<a href='https:\/\/veredes.es\/blog\/wp-content\/uploads\/2011\/05\/jardinefimero2011_08.jpg'><img loading=\"lazy\" decoding=\"async\" width=\"120\" height=\"120\" src=\"https:\/\/veredes.es\/blog\/wp-content\/uploads\/2011\/05\/jardinefimero2011_08-150x150.jpg\" class=\"attachment-thumbnail size-thumbnail\" alt=\"\" srcset=\"https:\/\/veredes.es\/blog\/wp-content\/uploads\/2011\/05\/jardinefimero2011_08-150x150.jpg 150w, https:\/\/veredes.es\/blog\/wp-content\/uploads\/2011\/05\/jardinefimero2011_08-120x120.jpg 120w\" sizes=\"auto, (max-width: 120px) 100vw, 120px\" \/><\/a>\n\t\t\t<\/div><\/figure><figure class='gallery-item'>\n\t\t\t<div class='gallery-icon landscape'>\n\t\t\t\t<a href='https:\/\/veredes.es\/blog\/wp-content\/uploads\/2011\/05\/jardinefimero2011_09.jpg'><img loading=\"lazy\" decoding=\"async\" width=\"120\" height=\"120\" src=\"https:\/\/veredes.es\/blog\/wp-content\/uploads\/2011\/05\/jardinefimero2011_09-150x150.jpg\" class=\"attachment-thumbnail size-thumbnail\" alt=\"\" srcset=\"https:\/\/veredes.es\/blog\/wp-content\/uploads\/2011\/05\/jardinefimero2011_09-150x150.jpg 150w, https:\/\/veredes.es\/blog\/wp-content\/uploads\/2011\/05\/jardinefimero2011_09-120x120.jpg 120w\" sizes=\"auto, (max-width: 120px) 100vw, 120px\" \/><\/a>\n\t\t\t<\/div><\/figure><figure class='gallery-item'>\n\t\t\t<div class='gallery-icon landscape'>\n\t\t\t\t<a href='https:\/\/veredes.es\/blog\/wp-content\/uploads\/2011\/05\/jardinefimero2011_10.jpg'><img loading=\"lazy\" decoding=\"async\" width=\"120\" height=\"120\" src=\"https:\/\/veredes.es\/blog\/wp-content\/uploads\/2011\/05\/jardinefimero2011_10-150x150.jpg\" class=\"attachment-thumbnail size-thumbnail\" alt=\"\" srcset=\"https:\/\/veredes.es\/blog\/wp-content\/uploads\/2011\/05\/jardinefimero2011_10-150x150.jpg 150w, https:\/\/veredes.es\/blog\/wp-content\/uploads\/2011\/05\/jardinefimero2011_10-120x120.jpg 120w\" sizes=\"auto, (max-width: 120px) 100vw, 120px\" \/><\/a>\n\t\t\t<\/div><\/figure><figure class='gallery-item'>\n\t\t\t<div class='gallery-icon landscape'>\n\t\t\t\t<a href='https:\/\/veredes.es\/blog\/wp-content\/uploads\/2011\/05\/jardinefimero2011_11.jpg'><img loading=\"lazy\" decoding=\"async\" width=\"120\" height=\"120\" src=\"https:\/\/veredes.es\/blog\/wp-content\/uploads\/2011\/05\/jardinefimero2011_11-150x150.jpg\" class=\"attachment-thumbnail size-thumbnail\" alt=\"\" srcset=\"https:\/\/veredes.es\/blog\/wp-content\/uploads\/2011\/05\/jardinefimero2011_11-150x150.jpg 150w, https:\/\/veredes.es\/blog\/wp-content\/uploads\/2011\/05\/jardinefimero2011_11-120x120.jpg 120w\" sizes=\"auto, (max-width: 120px) 100vw, 120px\" \/><\/a>\n\t\t\t<\/div><\/figure><figure class='gallery-item'>\n\t\t\t<div class='gallery-icon landscape'>\n\t\t\t\t<a href='https:\/\/veredes.es\/blog\/wp-content\/uploads\/2011\/05\/jardinefimero2011_12.jpg'><img loading=\"lazy\" decoding=\"async\" width=\"120\" height=\"120\" src=\"https:\/\/veredes.es\/blog\/wp-content\/uploads\/2011\/05\/jardinefimero2011_12-150x150.jpg\" class=\"attachment-thumbnail size-thumbnail\" alt=\"\" srcset=\"https:\/\/veredes.es\/blog\/wp-content\/uploads\/2011\/05\/jardinefimero2011_12-150x150.jpg 150w, https:\/\/veredes.es\/blog\/wp-content\/uploads\/2011\/05\/jardinefimero2011_12-120x120.jpg 120w\" sizes=\"auto, (max-width: 120px) 100vw, 120px\" \/><\/a>\n\t\t\t<\/div><\/figure><figure class='gallery-item'>\n\t\t\t<div class='gallery-icon landscape'>\n\t\t\t\t<a href='https:\/\/veredes.es\/blog\/wp-content\/uploads\/2011\/05\/jardinefimero2011_13.jpg'><img loading=\"lazy\" decoding=\"async\" width=\"120\" height=\"120\" src=\"https:\/\/veredes.es\/blog\/wp-content\/uploads\/2011\/05\/jardinefimero2011_13-150x150.jpg\" class=\"attachment-thumbnail size-thumbnail\" alt=\"\" srcset=\"https:\/\/veredes.es\/blog\/wp-content\/uploads\/2011\/05\/jardinefimero2011_13-150x150.jpg 150w, https:\/\/veredes.es\/blog\/wp-content\/uploads\/2011\/05\/jardinefimero2011_13-120x120.jpg 120w\" sizes=\"auto, (max-width: 120px) 100vw, 120px\" \/><\/a>\n\t\t\t<\/div><\/figure><figure class='gallery-item'>\n\t\t\t<div class='gallery-icon landscape'>\n\t\t\t\t<a href='https:\/\/veredes.es\/blog\/wp-content\/uploads\/2011\/05\/jardinefimero2011_14.jpg'><img loading=\"lazy\" decoding=\"async\" width=\"120\" height=\"120\" src=\"https:\/\/veredes.es\/blog\/wp-content\/uploads\/2011\/05\/jardinefimero2011_14-150x150.jpg\" class=\"attachment-thumbnail size-thumbnail\" alt=\"\" srcset=\"https:\/\/veredes.es\/blog\/wp-content\/uploads\/2011\/05\/jardinefimero2011_14-150x150.jpg 150w, https:\/\/veredes.es\/blog\/wp-content\/uploads\/2011\/05\/jardinefimero2011_14-120x120.jpg 120w\" sizes=\"auto, (max-width: 120px) 100vw, 120px\" \/><\/a>\n\t\t\t<\/div><\/figure><figure class='gallery-item'>\n\t\t\t<div class='gallery-icon landscape'>\n\t\t\t\t<a href='https:\/\/veredes.es\/blog\/wp-content\/uploads\/2011\/05\/jardinefimero2011_15.jpg'><img loading=\"lazy\" decoding=\"async\" width=\"120\" height=\"120\" src=\"https:\/\/veredes.es\/blog\/wp-content\/uploads\/2011\/05\/jardinefimero2011_15-150x150.jpg\" class=\"attachment-thumbnail size-thumbnail\" alt=\"\" srcset=\"https:\/\/veredes.es\/blog\/wp-content\/uploads\/2011\/05\/jardinefimero2011_15-150x150.jpg 150w, https:\/\/veredes.es\/blog\/wp-content\/uploads\/2011\/05\/jardinefimero2011_15-120x120.jpg 120w\" sizes=\"auto, (max-width: 120px) 100vw, 120px\" \/><\/a>\n\t\t\t<\/div><\/figure><figure class='gallery-item'>\n\t\t\t<div class='gallery-icon landscape'>\n\t\t\t\t<a href='https:\/\/veredes.es\/blog\/wp-content\/uploads\/2011\/05\/jardinefimero2011_16.jpg'><img loading=\"lazy\" decoding=\"async\" width=\"120\" height=\"120\" src=\"https:\/\/veredes.es\/blog\/wp-content\/uploads\/2011\/05\/jardinefimero2011_16-150x150.jpg\" class=\"attachment-thumbnail size-thumbnail\" alt=\"\" srcset=\"https:\/\/veredes.es\/blog\/wp-content\/uploads\/2011\/05\/jardinefimero2011_16-150x150.jpg 150w, https:\/\/veredes.es\/blog\/wp-content\/uploads\/2011\/05\/jardinefimero2011_16-120x120.jpg 120w\" sizes=\"auto, (max-width: 120px) 100vw, 120px\" \/><\/a>\n\t\t\t<\/div><\/figure>\n\t\t<\/div>\n\n<p>Autores: Mauro Lomba y Mar\u00eda Pierres<br \/>\nColaboradores: Carmen Moldes<br \/>\nIngeniero T\u00e9cnico Agr\u00edcola: Agust\u00edn Gonz\u00e1lez<br \/>\nEmpresa jardiner\u00eda: Elsamex<br \/>\nEmplazamiento: Pontevedra_Galicia_Espa\u00f1a<br \/>\nFotograf\u00edas: Julia Antonio<\/p>","protected":false},"excerpt":{"rendered":"<p>Cuando uno vive como arquitecto, lo hace con una continua preocupaci\u00f3n por lo que le rodea, reinterpret\u00e1ndolo en su cabeza y generando nuevas visiones de los espacios que visita, dej\u00e1ndose sorprender por aquellos que lo merecen y tratando de mejorar aquellos que lo inquietan. M\u00e1s a\u00fan cuando en vez de dos son cuatro los ojos [&hellip;]<\/p>\n","protected":false},"author":2,"featured_media":13713,"comment_status":"open","ping_status":"closed","sticky":false,"template":"","format":"standard","meta":{"footnotes":""},"categories":[34,1416,1465,735,23],"tags":[45,5865,2210,516,521,1787,619,12461,4100,4099],"class_list":{"0":"post-13394","1":"post","2":"type-post","3":"status-publish","4":"format-standard","5":"has-post-thumbnail","7":"category-arquitectura","8":"category-efimera","9":"category-espacio-publico-arquitectura","10":"category-intervencion-urbana","11":"category-obras","12":"tag-arquitectura-efimera","13":"tag-arquitectura-gallega","14":"tag-arquitectura-temporal","16":"tag-espana","17":"tag-europa","18":"tag-galicia","19":"tag-intervencion-urbana","20":"tag-maria-pierres-lopez","21":"tag-mauro-lomba-martinez"},"yoast_head":"<!-- This site is optimized with the Yoast SEO plugin v27.5 - https:\/\/yoast.com\/product\/yoast-seo-wordpress\/ -->\n<title>Jardines Efimeros 2011 | Mauro Lomba+Mar\u00eda Pierres<\/title>\n<meta name=\"description\" content=\"Jardines Efimeros\" \/>\n<meta name=\"robots\" content=\"index, follow, max-snippet:-1, max-image-preview:large, max-video-preview:-1\" \/>\n<link rel=\"canonical\" href=\"https:\/\/veredes.es\/blog\/jardines-efimeros-2011-mauro-lombamaria-pierres\/\" \/>\n<meta property=\"og:locale\" content=\"es_ES\" \/>\n<meta property=\"og:type\" content=\"article\" \/>\n<meta property=\"og:title\" content=\"Jardines Efimeros 2011 | Mauro Lomba+Mar\u00eda Pierres\" \/>\n<meta property=\"og:description\" content=\"Jardines Efimeros\" \/>\n<meta property=\"og:url\" content=\"https:\/\/veredes.es\/blog\/jardines-efimeros-2011-mauro-lombamaria-pierres\/\" \/>\n<meta property=\"og:site_name\" content=\"veredes, arquitectura y divulgaci\u00f3n\" \/>\n<meta property=\"article:publisher\" content=\"https:\/\/www.facebook.com\/veredesArquitecturayDivulgacion\/\" \/>\n<meta property=\"article:author\" content=\"https:\/\/www.facebook.com\/veredesArquitecturayDivulgacion\/\" \/>\n<meta property=\"article:published_time\" content=\"2011-06-02T08:00:57+00:00\" \/>\n<meta property=\"article:modified_time\" content=\"2019-12-27T13:38:40+00:00\" \/>\n<meta property=\"og:image\" content=\"https:\/\/veredes.es\/blog\/wp-content\/uploads\/2011\/05\/jardinefimero2011_05.jpg\" \/>\n\t<meta property=\"og:image:width\" content=\"700\" \/>\n\t<meta property=\"og:image:height\" content=\"416\" \/>\n\t<meta property=\"og:image:type\" content=\"image\/jpeg\" \/>\n<meta name=\"author\" content=\"veredes\" \/>\n<meta name=\"twitter:card\" content=\"summary_large_image\" \/>\n<meta name=\"twitter:creator\" content=\"@https:\/\/twitter.com\/veredes\" \/>\n<meta name=\"twitter:site\" content=\"@veredes\" \/>\n<meta name=\"twitter:label1\" content=\"Escrito por\" \/>\n\t<meta name=\"twitter:data1\" content=\"veredes\" \/>\n\t<meta name=\"twitter:label2\" content=\"Tiempo de lectura\" \/>\n\t<meta name=\"twitter:data2\" content=\"6 minutos\" \/>\n<script type=\"application\/ld+json\" class=\"yoast-schema-graph\">{\"@context\":\"https:\\\/\\\/schema.org\",\"@graph\":[{\"@type\":\"Article\",\"@id\":\"https:\\\/\\\/veredes.es\\\/blog\\\/jardines-efimeros-2011-mauro-lombamaria-pierres\\\/#article\",\"isPartOf\":{\"@id\":\"https:\\\/\\\/veredes.es\\\/blog\\\/jardines-efimeros-2011-mauro-lombamaria-pierres\\\/\"},\"author\":{\"name\":\"veredes\",\"@id\":\"https:\\\/\\\/veredes.es\\\/blog\\\/#\\\/schema\\\/person\\\/0bbb669073ef7faba5168a0844e93d2c\"},\"headline\":\"Jardines Efimeros 2011 | Mauro Lomba+Mar\u00eda Pierres\",\"datePublished\":\"2011-06-02T08:00:57+00:00\",\"dateModified\":\"2019-12-27T13:38:40+00:00\",\"mainEntityOfPage\":{\"@id\":\"https:\\\/\\\/veredes.es\\\/blog\\\/jardines-efimeros-2011-mauro-lombamaria-pierres\\\/\"},\"wordCount\":1235,\"commentCount\":1,\"publisher\":{\"@id\":\"https:\\\/\\\/veredes.es\\\/blog\\\/#organization\"},\"image\":{\"@id\":\"https:\\\/\\\/veredes.es\\\/blog\\\/jardines-efimeros-2011-mauro-lombamaria-pierres\\\/#primaryimage\"},\"thumbnailUrl\":\"https:\\\/\\\/veredes.es\\\/blog\\\/wp-content\\\/uploads\\\/2011\\\/05\\\/jardinefimero2011_05.jpg\",\"keywords\":[\"arquitectura ef\u00edmera\",\"arquitectura gallega\",\"arquitectura temporal\",\"espacio p\u00fablico\",\"Espa\u00f1a\",\"Europa\",\"Galicia\",\"intervenci\u00f3n urbana\",\"mar\u00eda pierres l\u00f3pez\",\"mauro lomba mart\u00ednez\"],\"articleSection\":[\"arquitectura\",\"efimera\",\"espacio publico\",\"intervenci\u00f3n urbana\",\"obras\"],\"inLanguage\":\"es\",\"potentialAction\":[{\"@type\":\"CommentAction\",\"name\":\"Comment\",\"target\":[\"https:\\\/\\\/veredes.es\\\/blog\\\/jardines-efimeros-2011-mauro-lombamaria-pierres\\\/#respond\"]}]},{\"@type\":\"WebPage\",\"@id\":\"https:\\\/\\\/veredes.es\\\/blog\\\/jardines-efimeros-2011-mauro-lombamaria-pierres\\\/\",\"url\":\"https:\\\/\\\/veredes.es\\\/blog\\\/jardines-efimeros-2011-mauro-lombamaria-pierres\\\/\",\"name\":\"Jardines Efimeros 2011 | Mauro Lomba+Mar\u00eda Pierres\",\"isPartOf\":{\"@id\":\"https:\\\/\\\/veredes.es\\\/blog\\\/#website\"},\"primaryImageOfPage\":{\"@id\":\"https:\\\/\\\/veredes.es\\\/blog\\\/jardines-efimeros-2011-mauro-lombamaria-pierres\\\/#primaryimage\"},\"image\":{\"@id\":\"https:\\\/\\\/veredes.es\\\/blog\\\/jardines-efimeros-2011-mauro-lombamaria-pierres\\\/#primaryimage\"},\"thumbnailUrl\":\"https:\\\/\\\/veredes.es\\\/blog\\\/wp-content\\\/uploads\\\/2011\\\/05\\\/jardinefimero2011_05.jpg\",\"datePublished\":\"2011-06-02T08:00:57+00:00\",\"dateModified\":\"2019-12-27T13:38:40+00:00\",\"description\":\"Jardines Efimeros\",\"breadcrumb\":{\"@id\":\"https:\\\/\\\/veredes.es\\\/blog\\\/jardines-efimeros-2011-mauro-lombamaria-pierres\\\/#breadcrumb\"},\"inLanguage\":\"es\",\"potentialAction\":[{\"@type\":\"ReadAction\",\"target\":[\"https:\\\/\\\/veredes.es\\\/blog\\\/jardines-efimeros-2011-mauro-lombamaria-pierres\\\/\"]}]},{\"@type\":\"ImageObject\",\"inLanguage\":\"es\",\"@id\":\"https:\\\/\\\/veredes.es\\\/blog\\\/jardines-efimeros-2011-mauro-lombamaria-pierres\\\/#primaryimage\",\"url\":\"https:\\\/\\\/veredes.es\\\/blog\\\/wp-content\\\/uploads\\\/2011\\\/05\\\/jardinefimero2011_05.jpg\",\"contentUrl\":\"https:\\\/\\\/veredes.es\\\/blog\\\/wp-content\\\/uploads\\\/2011\\\/05\\\/jardinefimero2011_05.jpg\",\"width\":\"700\",\"height\":\"416\"},{\"@type\":\"BreadcrumbList\",\"@id\":\"https:\\\/\\\/veredes.es\\\/blog\\\/jardines-efimeros-2011-mauro-lombamaria-pierres\\\/#breadcrumb\",\"itemListElement\":[{\"@type\":\"ListItem\",\"position\":1,\"name\":\"Portada\",\"item\":\"https:\\\/\\\/veredes.es\\\/blog\\\/\"},{\"@type\":\"ListItem\",\"position\":2,\"name\":\"Jardines Efimeros 2011 | Mauro Lomba+Mar\u00eda Pierres\"}]},{\"@type\":\"WebSite\",\"@id\":\"https:\\\/\\\/veredes.es\\\/blog\\\/#website\",\"url\":\"https:\\\/\\\/veredes.es\\\/blog\\\/\",\"name\":\"veredes, arquitectura y divulgaci\u00f3n\",\"description\":\"veredes\",\"publisher\":{\"@id\":\"https:\\\/\\\/veredes.es\\\/blog\\\/#organization\"},\"alternateName\":\"veredes\",\"potentialAction\":[{\"@type\":\"SearchAction\",\"target\":{\"@type\":\"EntryPoint\",\"urlTemplate\":\"https:\\\/\\\/veredes.es\\\/blog\\\/?s={search_term_string}\"},\"query-input\":{\"@type\":\"PropertyValueSpecification\",\"valueRequired\":true,\"valueName\":\"search_term_string\"}}],\"inLanguage\":\"es\"},{\"@type\":\"Organization\",\"@id\":\"https:\\\/\\\/veredes.es\\\/blog\\\/#organization\",\"name\":\"veredes, arquitectura y divulgaci\u00f3n\",\"alternateName\":\"veredes\",\"url\":\"https:\\\/\\\/veredes.es\\\/blog\\\/\",\"logo\":{\"@type\":\"ImageObject\",\"inLanguage\":\"es\",\"@id\":\"https:\\\/\\\/veredes.es\\\/blog\\\/#\\\/schema\\\/logo\\\/image\\\/\",\"url\":\"https:\\\/\\\/veredes.es\\\/blog\\\/wp-content\\\/uploads\\\/2021\\\/12\\\/veredes-logo-centrado_140x54.png\",\"contentUrl\":\"https:\\\/\\\/veredes.es\\\/blog\\\/wp-content\\\/uploads\\\/2021\\\/12\\\/veredes-logo-centrado_140x54.png\",\"width\":140,\"height\":54,\"caption\":\"veredes, arquitectura y divulgaci\u00f3n\"},\"image\":{\"@id\":\"https:\\\/\\\/veredes.es\\\/blog\\\/#\\\/schema\\\/logo\\\/image\\\/\"},\"sameAs\":[\"https:\\\/\\\/www.facebook.com\\\/veredesArquitecturayDivulgacion\\\/\",\"https:\\\/\\\/x.com\\\/veredes\",\"https:\\\/\\\/instagram.com\\\/veredes\\\/\",\"https:\\\/\\\/www.linkedin.com\\\/company\\\/veredes-arquitectura-y-divulgacion\\\/\",\"https:\\\/\\\/es.pinterest.com\\\/veredes\\\/\",\"https:\\\/\\\/www.tumblr.com\\\/veredes\"]},{\"@type\":\"Person\",\"@id\":\"https:\\\/\\\/veredes.es\\\/blog\\\/#\\\/schema\\\/person\\\/0bbb669073ef7faba5168a0844e93d2c\",\"name\":\"veredes\",\"image\":{\"@type\":\"ImageObject\",\"inLanguage\":\"es\",\"@id\":\"https:\\\/\\\/veredes.es\\\/blog\\\/wp-content\\\/uploads\\\/2018\\\/04\\\/face-96x96.jpg\",\"url\":\"https:\\\/\\\/veredes.es\\\/blog\\\/wp-content\\\/uploads\\\/2018\\\/04\\\/face-96x96.jpg\",\"contentUrl\":\"https:\\\/\\\/veredes.es\\\/blog\\\/wp-content\\\/uploads\\\/2018\\\/04\\\/face-96x96.jpg\",\"caption\":\"veredes\"},\"description\":\"Surge enero de 2009 como b\u00fasqueda de satisfacer el conocimiento de la actividad arquitect\u00f3nica y tangentes que se generan. La idea es crear un espacio para divulgar los diversos proyectos en busca de nueva inspiraci\u00f3n y de intercambio.\",\"sameAs\":[\"https:\\\/\\\/veredes.es\\\/\",\"https:\\\/\\\/www.facebook.com\\\/veredesArquitecturayDivulgacion\\\/\",\"https:\\\/\\\/www.instagram.com\\\/veredes\\\/\",\"https:\\\/\\\/www.linkedin.com\\\/company\\\/veredes-arquitectura-y-divulgacion\\\/\",\"https:\\\/\\\/www.pinterest.es\\\/veredes\\\/\",\"https:\\\/\\\/x.com\\\/https:\\\/\\\/twitter.com\\\/veredes\",\"https:\\\/\\\/veredes.tumblr.com\\\/\"],\"url\":\"https:\\\/\\\/veredes.es\\\/blog\\\/author\\\/alberto\\\/\"}]}<\/script>\n<!-- \/ Yoast SEO plugin. -->","yoast_head_json":{"title":"Jardines Efimeros 2011 | Mauro Lomba+Mar\u00eda Pierres","description":"Jardines Efimeros","robots":{"index":"index","follow":"follow","max-snippet":"max-snippet:-1","max-image-preview":"max-image-preview:large","max-video-preview":"max-video-preview:-1"},"canonical":"https:\/\/veredes.es\/blog\/jardines-efimeros-2011-mauro-lombamaria-pierres\/","og_locale":"es_ES","og_type":"article","og_title":"Jardines Efimeros 2011 | Mauro Lomba+Mar\u00eda Pierres","og_description":"Jardines Efimeros","og_url":"https:\/\/veredes.es\/blog\/jardines-efimeros-2011-mauro-lombamaria-pierres\/","og_site_name":"veredes, arquitectura y divulgaci\u00f3n","article_publisher":"https:\/\/www.facebook.com\/veredesArquitecturayDivulgacion\/","article_author":"https:\/\/www.facebook.com\/veredesArquitecturayDivulgacion\/","article_published_time":"2011-06-02T08:00:57+00:00","article_modified_time":"2019-12-27T13:38:40+00:00","og_image":[{"width":700,"height":416,"url":"https:\/\/veredes.es\/blog\/wp-content\/uploads\/2011\/05\/jardinefimero2011_05.jpg","type":"image\/jpeg"}],"author":"veredes","twitter_card":"summary_large_image","twitter_creator":"@https:\/\/twitter.com\/veredes","twitter_site":"@veredes","twitter_misc":{"Escrito por":"veredes","Tiempo de lectura":"6 minutos"},"schema":{"@context":"https:\/\/schema.org","@graph":[{"@type":"Article","@id":"https:\/\/veredes.es\/blog\/jardines-efimeros-2011-mauro-lombamaria-pierres\/#article","isPartOf":{"@id":"https:\/\/veredes.es\/blog\/jardines-efimeros-2011-mauro-lombamaria-pierres\/"},"author":{"name":"veredes","@id":"https:\/\/veredes.es\/blog\/#\/schema\/person\/0bbb669073ef7faba5168a0844e93d2c"},"headline":"Jardines Efimeros 2011 | Mauro Lomba+Mar\u00eda Pierres","datePublished":"2011-06-02T08:00:57+00:00","dateModified":"2019-12-27T13:38:40+00:00","mainEntityOfPage":{"@id":"https:\/\/veredes.es\/blog\/jardines-efimeros-2011-mauro-lombamaria-pierres\/"},"wordCount":1235,"commentCount":1,"publisher":{"@id":"https:\/\/veredes.es\/blog\/#organization"},"image":{"@id":"https:\/\/veredes.es\/blog\/jardines-efimeros-2011-mauro-lombamaria-pierres\/#primaryimage"},"thumbnailUrl":"https:\/\/veredes.es\/blog\/wp-content\/uploads\/2011\/05\/jardinefimero2011_05.jpg","keywords":["arquitectura ef\u00edmera","arquitectura gallega","arquitectura temporal","espacio p\u00fablico","Espa\u00f1a","Europa","Galicia","intervenci\u00f3n urbana","mar\u00eda pierres l\u00f3pez","mauro lomba mart\u00ednez"],"articleSection":["arquitectura","efimera","espacio publico","intervenci\u00f3n urbana","obras"],"inLanguage":"es","potentialAction":[{"@type":"CommentAction","name":"Comment","target":["https:\/\/veredes.es\/blog\/jardines-efimeros-2011-mauro-lombamaria-pierres\/#respond"]}]},{"@type":"WebPage","@id":"https:\/\/veredes.es\/blog\/jardines-efimeros-2011-mauro-lombamaria-pierres\/","url":"https:\/\/veredes.es\/blog\/jardines-efimeros-2011-mauro-lombamaria-pierres\/","name":"Jardines Efimeros 2011 | Mauro Lomba+Mar\u00eda Pierres","isPartOf":{"@id":"https:\/\/veredes.es\/blog\/#website"},"primaryImageOfPage":{"@id":"https:\/\/veredes.es\/blog\/jardines-efimeros-2011-mauro-lombamaria-pierres\/#primaryimage"},"image":{"@id":"https:\/\/veredes.es\/blog\/jardines-efimeros-2011-mauro-lombamaria-pierres\/#primaryimage"},"thumbnailUrl":"https:\/\/veredes.es\/blog\/wp-content\/uploads\/2011\/05\/jardinefimero2011_05.jpg","datePublished":"2011-06-02T08:00:57+00:00","dateModified":"2019-12-27T13:38:40+00:00","description":"Jardines Efimeros","breadcrumb":{"@id":"https:\/\/veredes.es\/blog\/jardines-efimeros-2011-mauro-lombamaria-pierres\/#breadcrumb"},"inLanguage":"es","potentialAction":[{"@type":"ReadAction","target":["https:\/\/veredes.es\/blog\/jardines-efimeros-2011-mauro-lombamaria-pierres\/"]}]},{"@type":"ImageObject","inLanguage":"es","@id":"https:\/\/veredes.es\/blog\/jardines-efimeros-2011-mauro-lombamaria-pierres\/#primaryimage","url":"https:\/\/veredes.es\/blog\/wp-content\/uploads\/2011\/05\/jardinefimero2011_05.jpg","contentUrl":"https:\/\/veredes.es\/blog\/wp-content\/uploads\/2011\/05\/jardinefimero2011_05.jpg","width":"700","height":"416"},{"@type":"BreadcrumbList","@id":"https:\/\/veredes.es\/blog\/jardines-efimeros-2011-mauro-lombamaria-pierres\/#breadcrumb","itemListElement":[{"@type":"ListItem","position":1,"name":"Portada","item":"https:\/\/veredes.es\/blog\/"},{"@type":"ListItem","position":2,"name":"Jardines Efimeros 2011 | Mauro Lomba+Mar\u00eda Pierres"}]},{"@type":"WebSite","@id":"https:\/\/veredes.es\/blog\/#website","url":"https:\/\/veredes.es\/blog\/","name":"veredes, arquitectura y divulgaci\u00f3n","description":"veredes","publisher":{"@id":"https:\/\/veredes.es\/blog\/#organization"},"alternateName":"veredes","potentialAction":[{"@type":"SearchAction","target":{"@type":"EntryPoint","urlTemplate":"https:\/\/veredes.es\/blog\/?s={search_term_string}"},"query-input":{"@type":"PropertyValueSpecification","valueRequired":true,"valueName":"search_term_string"}}],"inLanguage":"es"},{"@type":"Organization","@id":"https:\/\/veredes.es\/blog\/#organization","name":"veredes, arquitectura y divulgaci\u00f3n","alternateName":"veredes","url":"https:\/\/veredes.es\/blog\/","logo":{"@type":"ImageObject","inLanguage":"es","@id":"https:\/\/veredes.es\/blog\/#\/schema\/logo\/image\/","url":"https:\/\/veredes.es\/blog\/wp-content\/uploads\/2021\/12\/veredes-logo-centrado_140x54.png","contentUrl":"https:\/\/veredes.es\/blog\/wp-content\/uploads\/2021\/12\/veredes-logo-centrado_140x54.png","width":140,"height":54,"caption":"veredes, arquitectura y divulgaci\u00f3n"},"image":{"@id":"https:\/\/veredes.es\/blog\/#\/schema\/logo\/image\/"},"sameAs":["https:\/\/www.facebook.com\/veredesArquitecturayDivulgacion\/","https:\/\/x.com\/veredes","https:\/\/instagram.com\/veredes\/","https:\/\/www.linkedin.com\/company\/veredes-arquitectura-y-divulgacion\/","https:\/\/es.pinterest.com\/veredes\/","https:\/\/www.tumblr.com\/veredes"]},{"@type":"Person","@id":"https:\/\/veredes.es\/blog\/#\/schema\/person\/0bbb669073ef7faba5168a0844e93d2c","name":"veredes","image":{"@type":"ImageObject","inLanguage":"es","@id":"https:\/\/veredes.es\/blog\/wp-content\/uploads\/2018\/04\/face-96x96.jpg","url":"https:\/\/veredes.es\/blog\/wp-content\/uploads\/2018\/04\/face-96x96.jpg","contentUrl":"https:\/\/veredes.es\/blog\/wp-content\/uploads\/2018\/04\/face-96x96.jpg","caption":"veredes"},"description":"Surge enero de 2009 como b\u00fasqueda de satisfacer el conocimiento de la actividad arquitect\u00f3nica y tangentes que se generan. La idea es crear un espacio para divulgar los diversos proyectos en busca de nueva inspiraci\u00f3n y de intercambio.","sameAs":["https:\/\/veredes.es\/","https:\/\/www.facebook.com\/veredesArquitecturayDivulgacion\/","https:\/\/www.instagram.com\/veredes\/","https:\/\/www.linkedin.com\/company\/veredes-arquitectura-y-divulgacion\/","https:\/\/www.pinterest.es\/veredes\/","https:\/\/x.com\/https:\/\/twitter.com\/veredes","https:\/\/veredes.tumblr.com\/"],"url":"https:\/\/veredes.es\/blog\/author\/alberto\/"}]}},"_links":{"self":[{"href":"https:\/\/veredes.es\/blog\/wp-json\/wp\/v2\/posts\/13394","targetHints":{"allow":["GET"]}}],"collection":[{"href":"https:\/\/veredes.es\/blog\/wp-json\/wp\/v2\/posts"}],"about":[{"href":"https:\/\/veredes.es\/blog\/wp-json\/wp\/v2\/types\/post"}],"author":[{"embeddable":true,"href":"https:\/\/veredes.es\/blog\/wp-json\/wp\/v2\/users\/2"}],"replies":[{"embeddable":true,"href":"https:\/\/veredes.es\/blog\/wp-json\/wp\/v2\/comments?post=13394"}],"version-history":[{"count":0,"href":"https:\/\/veredes.es\/blog\/wp-json\/wp\/v2\/posts\/13394\/revisions"}],"wp:featuredmedia":[{"embeddable":true,"href":"https:\/\/veredes.es\/blog\/wp-json\/wp\/v2\/media\/13713"}],"wp:attachment":[{"href":"https:\/\/veredes.es\/blog\/wp-json\/wp\/v2\/media?parent=13394"}],"wp:term":[{"taxonomy":"category","embeddable":true,"href":"https:\/\/veredes.es\/blog\/wp-json\/wp\/v2\/categories?post=13394"},{"taxonomy":"post_tag","embeddable":true,"href":"https:\/\/veredes.es\/blog\/wp-json\/wp\/v2\/tags?post=13394"}],"curies":[{"name":"wp","href":"https:\/\/api.w.org\/{rel}","templated":true}]}}