{"id":13004,"date":"2011-04-25T07:08:29","date_gmt":"2011-04-25T07:08:29","guid":{"rendered":"http:\/\/veredes.es\/blog\/?p=13004"},"modified":"2020-11-25T09:48:26","modified_gmt":"2020-11-25T08:48:26","slug":"35-ideas-para-conservar-la-biodiversidad-de-su-municipio","status":"publish","type":"post","link":"https:\/\/veredes.es\/blog\/35-ideas-para-conservar-la-biodiversidad-de-su-municipio\/","title":{"rendered":"35 Ideas para conservar la biodiversidad de su municipio"},"content":{"rendered":"<p><\/p>\n<p style=\"text-align: justify;\">Aprovechar los recursos medioambientales que se tienen al lado de casa y potenciar su conservaci\u00f3n \u00abpueden convertirse en un <strong>recurso econ\u00f3mico<\/strong>\u00ab, pueden ser \u00abuna pol\u00edtica transversal en la <strong>forma de gobierno<\/strong>\u00bb de un ayuntamiento y pueden convertirse \u00aben un <strong>modo de vida<\/strong> por el que apuestan la mayor parte de los vecinos\u00bb. Con estas tres pinceladas, el concejal de Cultura, Participaci\u00f3n  Vecinal y Turismo del Ayuntamiento de San Sadurni\u00f1o (A Coru\u00f1a), Manuel  Varela Mec\u00edas, resume la filosof\u00eda de vida que se ha asentado en el  municipio desde hace cuatro a\u00f1os y que recientemente les ha servido para  que la Fundaci\u00f3n Biodiversidad le incluya en la gu\u00eda &#8217;35 Ideas para  conservar la biodiversidad de su municipio&#8217;, como <strong>\u00abun ejemplo de red para apoyar la producci\u00f3n ecol\u00f3gica\u00bb<\/strong>. Al alcalde, Secundino Garc\u00eda Casal, y a su grupo de gobierno, del  Bloque Nacionalista Galego (BNG), no les gusta jactarse del nuevo  apelativo que ya se le ha puesto en la prensa y los ayuntamientos  vecinos, <strong>\u00abel pueblo m\u00e1s verde de Espa\u00f1a\u00bb<\/strong>, pero s\u00ed  aseguran que se sienten orgullosos de haber logrado que la conservaci\u00f3n  de la biodiversidad sea una filosof\u00eda de vida adoptada por la mayor\u00eda de  sus vecinos. Cualquiera de los 3.119 habitantes de San Sadurni\u00f1o tiene la oportunidad  de vivir de la ma\u00f1ana a la noche con la sostenibilidad por bandera.  Pueden levantarse y darse una ducha con <strong>agua que se ha calentado en paneles solares<\/strong>, puede recoger los restos del desayuno en contenedores de <strong>recogida selectiva<\/strong> de residuos, pueden echar los restos org\u00e1nicos en un compostero que le facilitar\u00e1 <strong>abono natural para cultivar su huerta<\/strong>.<\/p>\n<p style=\"text-align: justify;\"><a href=\"https:\/\/veredes.es\/blog\/wp-content\/uploads\/2011\/04\/1303214087_0.jpg\"><img loading=\"lazy\" decoding=\"async\" class=\"alignnone size-full wp-image-13005\" title=\"1303214087_0\" src=\"https:\/\/veredes.es\/blog\/wp-content\/uploads\/2011\/04\/1303214087_0.jpg\" alt=\"\" width=\"400\" height=\"266\" srcset=\"https:\/\/veredes.es\/blog\/wp-content\/uploads\/2011\/04\/1303214087_0.jpg 400w, https:\/\/veredes.es\/blog\/wp-content\/uploads\/2011\/04\/1303214087_0-300x199.jpg 300w, https:\/\/veredes.es\/blog\/wp-content\/uploads\/2011\/04\/1303214087_0-145x95.jpg 145w\" sizes=\"auto, (max-width: 400px) 100vw, 400px\" \/><\/a><span style=\"color: #888888;\">Declaran San Sadurni\u00f1o &#8216;ejemplo de red para apoyar la producci\u00f3n ecol\u00f3gica<span style=\"color: #888888;\">&#8216; <\/span><\/span><span style=\"color: #888888;\">| elmundo.es<\/span><\/p>\n<p>[&#8230;]<\/p>\n<p>NataliaPuga<\/p>\n<p><a href=\"http:\/\/www.elmundo.es\/elmundo\/2011\/04\/19\/galicia\/1303214087.html\" target=\"_blank\" rel=\"noopener noreferrer\"><span style=\"color: #888888;\">+ art\u00edculo publicado en elmundo.es<\/span><\/a><\/p>","protected":false},"excerpt":{"rendered":"<p>Aprovechar los recursos medioambientales que se tienen al lado de casa y potenciar su conservaci\u00f3n \u00abpueden convertirse en un recurso econ\u00f3mico\u00ab, pueden ser \u00abuna pol\u00edtica transversal en la forma de gobierno\u00bb de un ayuntamiento y pueden convertirse \u00aben un modo de vida por el que apuestan la mayor parte de los vecinos\u00bb. Con estas tres [&hellip;]<\/p>\n","protected":false},"author":2,"featured_media":13005,"comment_status":"open","ping_status":"closed","sticky":false,"template":"","format":"standard","meta":{"footnotes":""},"categories":[16,1383],"tags":[2075,521,619,1093,12469],"class_list":{"0":"post-13004","1":"post","2":"type-post","3":"status-publish","4":"format-standard","5":"has-post-thumbnail","7":"category-eventos","8":"category-premios","10":"tag-espana","11":"tag-galicia","12":"tag-premio-eventos","13":"tag-sostenibilidad"},"yoast_head":"<!-- This site is optimized with the Yoast SEO plugin v27.5 - https:\/\/yoast.com\/product\/yoast-seo-wordpress\/ -->\n<title>35 Ideas para conservar la biodiversidad de su municipio - veredes<\/title>\n<meta name=\"description\" content=\"Toda la informaci\u00f3n sobre: [:es]35 Ideas para conservar la biodiversidad de su municipio[:gl]35 Ideas para conservar a biodiversidade do seu municipio[:en]35 Ideas to conserve the biodiversidity of his municipality[:]\" \/>\n<meta name=\"robots\" content=\"index, follow, max-snippet:-1, max-image-preview:large, max-video-preview:-1\" \/>\n<link rel=\"canonical\" href=\"https:\/\/veredes.es\/blog\/35-ideas-para-conservar-la-biodiversidad-de-su-municipio\/\" \/>\n<meta property=\"og:locale\" content=\"es_ES\" \/>\n<meta property=\"og:type\" content=\"article\" \/>\n<meta property=\"og:title\" content=\"[:es]35 Ideas para conservar la biodiversidad de su municipio[:gl]35 Ideas para conservar a biodiversidade do seu municipio[:en]35 Ideas to conserve the biodiversidity of his municipality[:] - veredes\" \/>\n<meta property=\"og:description\" content=\"Toda la informaci\u00f3n sobre: [:es]35 Ideas para conservar la biodiversidad de su municipio[:gl]35 Ideas para conservar a biodiversidade do seu municipio[:en]35 Ideas to conserve the biodiversidity of his municipality[:]\" \/>\n<meta property=\"og:url\" content=\"https:\/\/veredes.es\/blog\/35-ideas-para-conservar-la-biodiversidad-de-su-municipio\/\" \/>\n<meta property=\"og:site_name\" content=\"veredes, arquitectura y divulgaci\u00f3n\" \/>\n<meta property=\"article:publisher\" content=\"https:\/\/www.facebook.com\/veredesArquitecturayDivulgacion\/\" \/>\n<meta property=\"article:author\" content=\"https:\/\/www.facebook.com\/veredesArquitecturayDivulgacion\/\" \/>\n<meta property=\"article:published_time\" content=\"2011-04-25T07:08:29+00:00\" \/>\n<meta property=\"article:modified_time\" content=\"2020-11-25T08:48:26+00:00\" \/>\n<meta property=\"og:image\" content=\"https:\/\/veredes.es\/blog\/wp-content\/uploads\/2011\/04\/1303214087_0.jpg\" \/>\n\t<meta property=\"og:image:width\" content=\"400\" \/>\n\t<meta property=\"og:image:height\" content=\"266\" \/>\n\t<meta property=\"og:image:type\" content=\"image\/jpeg\" \/>\n<meta name=\"author\" content=\"veredes\" \/>\n<meta name=\"twitter:card\" content=\"summary_large_image\" \/>\n<meta name=\"twitter:creator\" content=\"@https:\/\/twitter.com\/veredes\" \/>\n<meta name=\"twitter:site\" content=\"@veredes\" \/>\n<meta name=\"twitter:label1\" content=\"Escrito por\" \/>\n\t<meta name=\"twitter:data1\" content=\"veredes\" \/>\n\t<meta name=\"twitter:label2\" content=\"Tiempo de lectura\" \/>\n\t<meta name=\"twitter:data2\" content=\"5 minutos\" \/>\n<script type=\"application\/ld+json\" class=\"yoast-schema-graph\">{\"@context\":\"https:\\\/\\\/schema.org\",\"@graph\":[{\"@type\":\"Article\",\"@id\":\"https:\\\/\\\/veredes.es\\\/blog\\\/35-ideas-para-conservar-la-biodiversidad-de-su-municipio\\\/#article\",\"isPartOf\":{\"@id\":\"https:\\\/\\\/veredes.es\\\/blog\\\/35-ideas-para-conservar-la-biodiversidad-de-su-municipio\\\/\"},\"author\":{\"name\":\"veredes\",\"@id\":\"https:\\\/\\\/veredes.es\\\/blog\\\/#\\\/schema\\\/person\\\/0bbb669073ef7faba5168a0844e93d2c\"},\"headline\":\"35 Ideas para conservar la biodiversidad de su municipio\",\"datePublished\":\"2011-04-25T07:08:29+00:00\",\"dateModified\":\"2020-11-25T08:48:26+00:00\",\"mainEntityOfPage\":{\"@id\":\"https:\\\/\\\/veredes.es\\\/blog\\\/35-ideas-para-conservar-la-biodiversidad-de-su-municipio\\\/\"},\"wordCount\":925,\"commentCount\":40,\"publisher\":{\"@id\":\"https:\\\/\\\/veredes.es\\\/blog\\\/#organization\"},\"image\":{\"@id\":\"https:\\\/\\\/veredes.es\\\/blog\\\/35-ideas-para-conservar-la-biodiversidad-de-su-municipio\\\/#primaryimage\"},\"thumbnailUrl\":\"https:\\\/\\\/veredes.es\\\/blog\\\/wp-content\\\/uploads\\\/2011\\\/04\\\/1303214087_0.jpg\",\"keywords\":[\"biodiversidad\",\"Espa\u00f1a\",\"Galicia\",\"premio\",\"sostenibilidad\"],\"articleSection\":[\"eventos\",\"premios\"],\"inLanguage\":\"es\",\"potentialAction\":[{\"@type\":\"CommentAction\",\"name\":\"Comment\",\"target\":[\"https:\\\/\\\/veredes.es\\\/blog\\\/35-ideas-para-conservar-la-biodiversidad-de-su-municipio\\\/#respond\"]}]},{\"@type\":\"WebPage\",\"@id\":\"https:\\\/\\\/veredes.es\\\/blog\\\/35-ideas-para-conservar-la-biodiversidad-de-su-municipio\\\/\",\"url\":\"https:\\\/\\\/veredes.es\\\/blog\\\/35-ideas-para-conservar-la-biodiversidad-de-su-municipio\\\/\",\"name\":\"[:es]35 Ideas para conservar la biodiversidad de su municipio[:gl]35 Ideas para conservar a biodiversidade do seu municipio[:en]35 Ideas to conserve the biodiversidity of his municipality[:] - veredes\",\"isPartOf\":{\"@id\":\"https:\\\/\\\/veredes.es\\\/blog\\\/#website\"},\"primaryImageOfPage\":{\"@id\":\"https:\\\/\\\/veredes.es\\\/blog\\\/35-ideas-para-conservar-la-biodiversidad-de-su-municipio\\\/#primaryimage\"},\"image\":{\"@id\":\"https:\\\/\\\/veredes.es\\\/blog\\\/35-ideas-para-conservar-la-biodiversidad-de-su-municipio\\\/#primaryimage\"},\"thumbnailUrl\":\"https:\\\/\\\/veredes.es\\\/blog\\\/wp-content\\\/uploads\\\/2011\\\/04\\\/1303214087_0.jpg\",\"datePublished\":\"2011-04-25T07:08:29+00:00\",\"dateModified\":\"2020-11-25T08:48:26+00:00\",\"description\":\"Toda la informaci\u00f3n sobre: [:es]35 Ideas para conservar la biodiversidad de su municipio[:gl]35 Ideas para conservar a biodiversidade do seu municipio[:en]35 Ideas to conserve the biodiversidity of his municipality[:]\",\"breadcrumb\":{\"@id\":\"https:\\\/\\\/veredes.es\\\/blog\\\/35-ideas-para-conservar-la-biodiversidad-de-su-municipio\\\/#breadcrumb\"},\"inLanguage\":\"es\",\"potentialAction\":[{\"@type\":\"ReadAction\",\"target\":[\"https:\\\/\\\/veredes.es\\\/blog\\\/35-ideas-para-conservar-la-biodiversidad-de-su-municipio\\\/\"]}]},{\"@type\":\"ImageObject\",\"inLanguage\":\"es\",\"@id\":\"https:\\\/\\\/veredes.es\\\/blog\\\/35-ideas-para-conservar-la-biodiversidad-de-su-municipio\\\/#primaryimage\",\"url\":\"https:\\\/\\\/veredes.es\\\/blog\\\/wp-content\\\/uploads\\\/2011\\\/04\\\/1303214087_0.jpg\",\"contentUrl\":\"https:\\\/\\\/veredes.es\\\/blog\\\/wp-content\\\/uploads\\\/2011\\\/04\\\/1303214087_0.jpg\",\"width\":\"400\",\"height\":\"266\"},{\"@type\":\"BreadcrumbList\",\"@id\":\"https:\\\/\\\/veredes.es\\\/blog\\\/35-ideas-para-conservar-la-biodiversidad-de-su-municipio\\\/#breadcrumb\",\"itemListElement\":[{\"@type\":\"ListItem\",\"position\":1,\"name\":\"Portada\",\"item\":\"https:\\\/\\\/veredes.es\\\/blog\\\/\"},{\"@type\":\"ListItem\",\"position\":2,\"name\":\"35 Ideas para conservar la biodiversidad de su municipio\"}]},{\"@type\":\"WebSite\",\"@id\":\"https:\\\/\\\/veredes.es\\\/blog\\\/#website\",\"url\":\"https:\\\/\\\/veredes.es\\\/blog\\\/\",\"name\":\"veredes, arquitectura y divulgaci\u00f3n\",\"description\":\"veredes\",\"publisher\":{\"@id\":\"https:\\\/\\\/veredes.es\\\/blog\\\/#organization\"},\"alternateName\":\"veredes\",\"potentialAction\":[{\"@type\":\"SearchAction\",\"target\":{\"@type\":\"EntryPoint\",\"urlTemplate\":\"https:\\\/\\\/veredes.es\\\/blog\\\/?s={search_term_string}\"},\"query-input\":{\"@type\":\"PropertyValueSpecification\",\"valueRequired\":true,\"valueName\":\"search_term_string\"}}],\"inLanguage\":\"es\"},{\"@type\":\"Organization\",\"@id\":\"https:\\\/\\\/veredes.es\\\/blog\\\/#organization\",\"name\":\"veredes, arquitectura y divulgaci\u00f3n\",\"alternateName\":\"veredes\",\"url\":\"https:\\\/\\\/veredes.es\\\/blog\\\/\",\"logo\":{\"@type\":\"ImageObject\",\"inLanguage\":\"es\",\"@id\":\"https:\\\/\\\/veredes.es\\\/blog\\\/#\\\/schema\\\/logo\\\/image\\\/\",\"url\":\"https:\\\/\\\/veredes.es\\\/blog\\\/wp-content\\\/uploads\\\/2021\\\/12\\\/veredes-logo-centrado_140x54.png\",\"contentUrl\":\"https:\\\/\\\/veredes.es\\\/blog\\\/wp-content\\\/uploads\\\/2021\\\/12\\\/veredes-logo-centrado_140x54.png\",\"width\":140,\"height\":54,\"caption\":\"veredes, arquitectura y divulgaci\u00f3n\"},\"image\":{\"@id\":\"https:\\\/\\\/veredes.es\\\/blog\\\/#\\\/schema\\\/logo\\\/image\\\/\"},\"sameAs\":[\"https:\\\/\\\/www.facebook.com\\\/veredesArquitecturayDivulgacion\\\/\",\"https:\\\/\\\/x.com\\\/veredes\",\"https:\\\/\\\/instagram.com\\\/veredes\\\/\",\"https:\\\/\\\/www.linkedin.com\\\/company\\\/veredes-arquitectura-y-divulgacion\\\/\",\"https:\\\/\\\/es.pinterest.com\\\/veredes\\\/\",\"https:\\\/\\\/www.tumblr.com\\\/veredes\"]},{\"@type\":\"Person\",\"@id\":\"https:\\\/\\\/veredes.es\\\/blog\\\/#\\\/schema\\\/person\\\/0bbb669073ef7faba5168a0844e93d2c\",\"name\":\"veredes\",\"image\":{\"@type\":\"ImageObject\",\"inLanguage\":\"es\",\"@id\":\"https:\\\/\\\/veredes.es\\\/blog\\\/wp-content\\\/uploads\\\/2018\\\/04\\\/face-96x96.jpg\",\"url\":\"https:\\\/\\\/veredes.es\\\/blog\\\/wp-content\\\/uploads\\\/2018\\\/04\\\/face-96x96.jpg\",\"contentUrl\":\"https:\\\/\\\/veredes.es\\\/blog\\\/wp-content\\\/uploads\\\/2018\\\/04\\\/face-96x96.jpg\",\"caption\":\"veredes\"},\"description\":\"Surge enero de 2009 como b\u00fasqueda de satisfacer el conocimiento de la actividad arquitect\u00f3nica y tangentes que se generan. La idea es crear un espacio para divulgar los diversos proyectos en busca de nueva inspiraci\u00f3n y de intercambio.\",\"sameAs\":[\"https:\\\/\\\/veredes.es\\\/\",\"https:\\\/\\\/www.facebook.com\\\/veredesArquitecturayDivulgacion\\\/\",\"https:\\\/\\\/www.instagram.com\\\/veredes\\\/\",\"https:\\\/\\\/www.linkedin.com\\\/company\\\/veredes-arquitectura-y-divulgacion\\\/\",\"https:\\\/\\\/www.pinterest.es\\\/veredes\\\/\",\"https:\\\/\\\/x.com\\\/https:\\\/\\\/twitter.com\\\/veredes\",\"https:\\\/\\\/veredes.tumblr.com\\\/\"],\"url\":\"https:\\\/\\\/veredes.es\\\/blog\\\/author\\\/alberto\\\/\"}]}<\/script>\n<!-- \/ Yoast SEO plugin. -->","yoast_head_json":{"title":"[:es]35 Ideas para conservar la biodiversidad de su municipio[:gl]35 Ideas para conservar a biodiversidade do seu municipio[:en]35 Ideas to conserve the biodiversidity of his municipality[:] - veredes","description":"Toda la informaci\u00f3n sobre: [:es]35 Ideas para conservar la biodiversidad de su municipio[:gl]35 Ideas para conservar a biodiversidade do seu municipio[:en]35 Ideas to conserve the biodiversidity of his municipality[:]","robots":{"index":"index","follow":"follow","max-snippet":"max-snippet:-1","max-image-preview":"max-image-preview:large","max-video-preview":"max-video-preview:-1"},"canonical":"https:\/\/veredes.es\/blog\/35-ideas-para-conservar-la-biodiversidad-de-su-municipio\/","og_locale":"es_ES","og_type":"article","og_title":"[:es]35 Ideas para conservar la biodiversidad de su municipio[:gl]35 Ideas para conservar a biodiversidade do seu municipio[:en]35 Ideas to conserve the biodiversidity of his municipality[:] - veredes","og_description":"Toda la informaci\u00f3n sobre: [:es]35 Ideas para conservar la biodiversidad de su municipio[:gl]35 Ideas para conservar a biodiversidade do seu municipio[:en]35 Ideas to conserve the biodiversidity of his municipality[:]","og_url":"https:\/\/veredes.es\/blog\/35-ideas-para-conservar-la-biodiversidad-de-su-municipio\/","og_site_name":"veredes, arquitectura y divulgaci\u00f3n","article_publisher":"https:\/\/www.facebook.com\/veredesArquitecturayDivulgacion\/","article_author":"https:\/\/www.facebook.com\/veredesArquitecturayDivulgacion\/","article_published_time":"2011-04-25T07:08:29+00:00","article_modified_time":"2020-11-25T08:48:26+00:00","og_image":[{"width":400,"height":266,"url":"https:\/\/veredes.es\/blog\/wp-content\/uploads\/2011\/04\/1303214087_0.jpg","type":"image\/jpeg"}],"author":"veredes","twitter_card":"summary_large_image","twitter_creator":"@https:\/\/twitter.com\/veredes","twitter_site":"@veredes","twitter_misc":{"Escrito por":"veredes","Tiempo de lectura":"5 minutos"},"schema":{"@context":"https:\/\/schema.org","@graph":[{"@type":"Article","@id":"https:\/\/veredes.es\/blog\/35-ideas-para-conservar-la-biodiversidad-de-su-municipio\/#article","isPartOf":{"@id":"https:\/\/veredes.es\/blog\/35-ideas-para-conservar-la-biodiversidad-de-su-municipio\/"},"author":{"name":"veredes","@id":"https:\/\/veredes.es\/blog\/#\/schema\/person\/0bbb669073ef7faba5168a0844e93d2c"},"headline":"35 Ideas para conservar la biodiversidad de su municipio","datePublished":"2011-04-25T07:08:29+00:00","dateModified":"2020-11-25T08:48:26+00:00","mainEntityOfPage":{"@id":"https:\/\/veredes.es\/blog\/35-ideas-para-conservar-la-biodiversidad-de-su-municipio\/"},"wordCount":925,"commentCount":40,"publisher":{"@id":"https:\/\/veredes.es\/blog\/#organization"},"image":{"@id":"https:\/\/veredes.es\/blog\/35-ideas-para-conservar-la-biodiversidad-de-su-municipio\/#primaryimage"},"thumbnailUrl":"https:\/\/veredes.es\/blog\/wp-content\/uploads\/2011\/04\/1303214087_0.jpg","keywords":["biodiversidad","Espa\u00f1a","Galicia","premio","sostenibilidad"],"articleSection":["eventos","premios"],"inLanguage":"es","potentialAction":[{"@type":"CommentAction","name":"Comment","target":["https:\/\/veredes.es\/blog\/35-ideas-para-conservar-la-biodiversidad-de-su-municipio\/#respond"]}]},{"@type":"WebPage","@id":"https:\/\/veredes.es\/blog\/35-ideas-para-conservar-la-biodiversidad-de-su-municipio\/","url":"https:\/\/veredes.es\/blog\/35-ideas-para-conservar-la-biodiversidad-de-su-municipio\/","name":"[:es]35 Ideas para conservar la biodiversidad de su municipio[:gl]35 Ideas para conservar a biodiversidade do seu municipio[:en]35 Ideas to conserve the biodiversidity of his municipality[:] - veredes","isPartOf":{"@id":"https:\/\/veredes.es\/blog\/#website"},"primaryImageOfPage":{"@id":"https:\/\/veredes.es\/blog\/35-ideas-para-conservar-la-biodiversidad-de-su-municipio\/#primaryimage"},"image":{"@id":"https:\/\/veredes.es\/blog\/35-ideas-para-conservar-la-biodiversidad-de-su-municipio\/#primaryimage"},"thumbnailUrl":"https:\/\/veredes.es\/blog\/wp-content\/uploads\/2011\/04\/1303214087_0.jpg","datePublished":"2011-04-25T07:08:29+00:00","dateModified":"2020-11-25T08:48:26+00:00","description":"Toda la informaci\u00f3n sobre: [:es]35 Ideas para conservar la biodiversidad de su municipio[:gl]35 Ideas para conservar a biodiversidade do seu municipio[:en]35 Ideas to conserve the biodiversidity of his municipality[:]","breadcrumb":{"@id":"https:\/\/veredes.es\/blog\/35-ideas-para-conservar-la-biodiversidad-de-su-municipio\/#breadcrumb"},"inLanguage":"es","potentialAction":[{"@type":"ReadAction","target":["https:\/\/veredes.es\/blog\/35-ideas-para-conservar-la-biodiversidad-de-su-municipio\/"]}]},{"@type":"ImageObject","inLanguage":"es","@id":"https:\/\/veredes.es\/blog\/35-ideas-para-conservar-la-biodiversidad-de-su-municipio\/#primaryimage","url":"https:\/\/veredes.es\/blog\/wp-content\/uploads\/2011\/04\/1303214087_0.jpg","contentUrl":"https:\/\/veredes.es\/blog\/wp-content\/uploads\/2011\/04\/1303214087_0.jpg","width":"400","height":"266"},{"@type":"BreadcrumbList","@id":"https:\/\/veredes.es\/blog\/35-ideas-para-conservar-la-biodiversidad-de-su-municipio\/#breadcrumb","itemListElement":[{"@type":"ListItem","position":1,"name":"Portada","item":"https:\/\/veredes.es\/blog\/"},{"@type":"ListItem","position":2,"name":"35 Ideas para conservar la biodiversidad de su municipio"}]},{"@type":"WebSite","@id":"https:\/\/veredes.es\/blog\/#website","url":"https:\/\/veredes.es\/blog\/","name":"veredes, arquitectura y divulgaci\u00f3n","description":"veredes","publisher":{"@id":"https:\/\/veredes.es\/blog\/#organization"},"alternateName":"veredes","potentialAction":[{"@type":"SearchAction","target":{"@type":"EntryPoint","urlTemplate":"https:\/\/veredes.es\/blog\/?s={search_term_string}"},"query-input":{"@type":"PropertyValueSpecification","valueRequired":true,"valueName":"search_term_string"}}],"inLanguage":"es"},{"@type":"Organization","@id":"https:\/\/veredes.es\/blog\/#organization","name":"veredes, arquitectura y divulgaci\u00f3n","alternateName":"veredes","url":"https:\/\/veredes.es\/blog\/","logo":{"@type":"ImageObject","inLanguage":"es","@id":"https:\/\/veredes.es\/blog\/#\/schema\/logo\/image\/","url":"https:\/\/veredes.es\/blog\/wp-content\/uploads\/2021\/12\/veredes-logo-centrado_140x54.png","contentUrl":"https:\/\/veredes.es\/blog\/wp-content\/uploads\/2021\/12\/veredes-logo-centrado_140x54.png","width":140,"height":54,"caption":"veredes, arquitectura y divulgaci\u00f3n"},"image":{"@id":"https:\/\/veredes.es\/blog\/#\/schema\/logo\/image\/"},"sameAs":["https:\/\/www.facebook.com\/veredesArquitecturayDivulgacion\/","https:\/\/x.com\/veredes","https:\/\/instagram.com\/veredes\/","https:\/\/www.linkedin.com\/company\/veredes-arquitectura-y-divulgacion\/","https:\/\/es.pinterest.com\/veredes\/","https:\/\/www.tumblr.com\/veredes"]},{"@type":"Person","@id":"https:\/\/veredes.es\/blog\/#\/schema\/person\/0bbb669073ef7faba5168a0844e93d2c","name":"veredes","image":{"@type":"ImageObject","inLanguage":"es","@id":"https:\/\/veredes.es\/blog\/wp-content\/uploads\/2018\/04\/face-96x96.jpg","url":"https:\/\/veredes.es\/blog\/wp-content\/uploads\/2018\/04\/face-96x96.jpg","contentUrl":"https:\/\/veredes.es\/blog\/wp-content\/uploads\/2018\/04\/face-96x96.jpg","caption":"veredes"},"description":"Surge enero de 2009 como b\u00fasqueda de satisfacer el conocimiento de la actividad arquitect\u00f3nica y tangentes que se generan. La idea es crear un espacio para divulgar los diversos proyectos en busca de nueva inspiraci\u00f3n y de intercambio.","sameAs":["https:\/\/veredes.es\/","https:\/\/www.facebook.com\/veredesArquitecturayDivulgacion\/","https:\/\/www.instagram.com\/veredes\/","https:\/\/www.linkedin.com\/company\/veredes-arquitectura-y-divulgacion\/","https:\/\/www.pinterest.es\/veredes\/","https:\/\/x.com\/https:\/\/twitter.com\/veredes","https:\/\/veredes.tumblr.com\/"],"url":"https:\/\/veredes.es\/blog\/author\/alberto\/"}]}},"_links":{"self":[{"href":"https:\/\/veredes.es\/blog\/wp-json\/wp\/v2\/posts\/13004","targetHints":{"allow":["GET"]}}],"collection":[{"href":"https:\/\/veredes.es\/blog\/wp-json\/wp\/v2\/posts"}],"about":[{"href":"https:\/\/veredes.es\/blog\/wp-json\/wp\/v2\/types\/post"}],"author":[{"embeddable":true,"href":"https:\/\/veredes.es\/blog\/wp-json\/wp\/v2\/users\/2"}],"replies":[{"embeddable":true,"href":"https:\/\/veredes.es\/blog\/wp-json\/wp\/v2\/comments?post=13004"}],"version-history":[{"count":0,"href":"https:\/\/veredes.es\/blog\/wp-json\/wp\/v2\/posts\/13004\/revisions"}],"wp:featuredmedia":[{"embeddable":true,"href":"https:\/\/veredes.es\/blog\/wp-json\/wp\/v2\/media\/13005"}],"wp:attachment":[{"href":"https:\/\/veredes.es\/blog\/wp-json\/wp\/v2\/media?parent=13004"}],"wp:term":[{"taxonomy":"category","embeddable":true,"href":"https:\/\/veredes.es\/blog\/wp-json\/wp\/v2\/categories?post=13004"},{"taxonomy":"post_tag","embeddable":true,"href":"https:\/\/veredes.es\/blog\/wp-json\/wp\/v2\/tags?post=13004"}],"curies":[{"name":"wp","href":"https:\/\/api.w.org\/{rel}","templated":true}]}}