{"id":12361,"date":"2011-04-05T04:08:48","date_gmt":"2011-04-05T04:08:48","guid":{"rendered":"http:\/\/veredes.es\/blog\/?p=12361"},"modified":"2020-11-25T10:30:03","modified_gmt":"2020-11-25T09:30:03","slug":"variaciones-y-paisajes-encontrados-de-lo-analogico-a-lo-digital-david-heras-verde","status":"publish","type":"post","link":"https:\/\/veredes.es\/blog\/variaciones-y-paisajes-encontrados-de-lo-analogico-a-lo-digital-david-heras-verde\/","title":{"rendered":"Variaciones y paisajes encontrados: de lo anal\u00f3gico a lo digital [David Heras Verde]"},"content":{"rendered":"<p><\/p>\n<p style=\"text-align: justify;\">David Heras Verde presenta en la Escuela T\u00e9cnica Superior de Minas, desde el mi\u00e9rcoles 6 al 13 de abril en la calle R\u00edos Rosas 21 de Madrid, su exposici\u00f3n Variaciones y paisajes encontrados: de lo anal\u00f3gico a lo digital, en la que presenta una serie de acr\u00edlicos y piezas digitales .Hace un recorrido conceptual por las posibilidades pl\u00e1sticas y narrativas de lo anal\u00f3gico y lo digital, presentando de manera natural el paso de uno a otro y evidenciando m\u00e1s si cabe la innecesaria discusi\u00f3n de lo tecnol\u00f3gico.<\/p>\n<p style=\"text-align: justify;\"><a href=\"http:\/\/veredes.es\/blog\/wp-content\/uploads\/2011\/04\/invitacion.jpg\"><img loading=\"lazy\" decoding=\"async\" class=\"alignnone size-full wp-image-12362\" title=\"invitacion\" src=\"http:\/\/veredes.es\/blog\/wp-content\/uploads\/2011\/04\/invitacion.jpg\" alt=\"\" width=\"488\" height=\"600\" srcset=\"https:\/\/veredes.es\/blog\/wp-content\/uploads\/2011\/04\/invitacion.jpg 488w, https:\/\/veredes.es\/blog\/wp-content\/uploads\/2011\/04\/invitacion-244x300.jpg 244w\" sizes=\"auto, (max-width: 488px) 100vw, 488px\" \/><\/a><\/p>\n<p style=\"text-align: justify;\">La inauguraci\u00f3n de Variaciones y paisajes encontrados: de lo anal\u00f3gico a lo digital es el pr\u00f3ximo Jueves 7 de abril a las 19:00h. Variaciones y paisajes encontrados: de lo anal\u00f3gico a lo digital estar\u00e1 expuesto hasta el pr\u00f3ximo 13 de Abril. Entrada libre. Escuela T\u00e9cnica Superior de Ingenieros de Minas de Madrid<br \/>\nCalle de R\u00edos Rosas 21, 28003 Madrid,<br \/>\nHorario: Lunes a Viernes de 10 a 20 horas.<\/p>\n<p style=\"text-align: justify;\">David Heras<br \/>\n<span style=\"color: #888888;\"><a href=\"http:\/\/herasverde.blogspot.com\/\" target=\"_blank\" rel=\"noopener noreferrer\"><span style=\"color: #888888;\">+ <\/span><span style=\"color: #888888;\">herasverde.blogspot.com<\/span><\/a><br \/>\n<span style=\"color: #888888;\">+<\/span><span style=\"color: #888888;\"> davidheras.com<\/span><br \/>\n<a href=\"http:\/\/pintorverde.tumblr.com\/\" target=\"_blank\" rel=\"noopener noreferrer\"><span style=\"color: #888888;\">+<\/span> <span style=\"color: #888888;\">pintorverde.tumblr.com<\/span><\/a><br \/>\n<\/span><\/p>\n<p><\/p>","protected":false},"excerpt":{"rendered":"<p>David Heras Verde presenta en la Escuela T\u00e9cnica Superior de Minas, desde el mi\u00e9rcoles 6 al 13 de abril en la calle R\u00edos Rosas 21 de Madrid, su exposici\u00f3n Variaciones y paisajes encontrados: de lo anal\u00f3gico a lo digital, en la que presenta una serie de acr\u00edlicos y piezas digitales .Hace un recorrido conceptual por [&hellip;]<\/p>\n","protected":false},"author":2,"featured_media":12362,"comment_status":"open","ping_status":"closed","sticky":false,"template":"","format":"standard","meta":{"footnotes":""},"categories":[16,1382],"tags":[8610,1657,521,556,702,814,12466],"class_list":{"0":"post-12361","1":"post","2":"type-post","3":"status-publish","4":"format-standard","5":"has-post-thumbnail","7":"category-eventos","8":"category-exposiciones","9":"tag-david-heras-verde","11":"tag-espana","12":"tag-exposicion","13":"tag-inauguracion","14":"tag-madrid","15":"tag-pintura"},"yoast_head":"<!-- This site is optimized with the Yoast SEO plugin v27.4 - https:\/\/yoast.com\/product\/yoast-seo-wordpress\/ -->\n<title>Variaciones y paisajes encontrados: de lo anal\u00f3gico a lo digital [David Heras Verde] - veredes<\/title>\n<meta name=\"description\" content=\"Toda la informaci\u00f3n sobre: [:es]Variaciones y paisajes encontrados: de lo anal\u00f3gico a lo digital [David Heras Verde][:gl]Variaci\u00f3ns e paisaxes atopadas: do anal\u00f3xico ao dixital [David Heras Verde][:en]Variations and landscapes found: from the analog to the digital [David Heras Verde][:]\" \/>\n<meta name=\"robots\" content=\"index, follow, max-snippet:-1, max-image-preview:large, max-video-preview:-1\" \/>\n<link rel=\"canonical\" href=\"https:\/\/veredes.es\/blog\/variaciones-y-paisajes-encontrados-de-lo-analogico-a-lo-digital-david-heras-verde\/\" \/>\n<meta property=\"og:locale\" content=\"es_ES\" \/>\n<meta property=\"og:type\" content=\"article\" \/>\n<meta property=\"og:title\" content=\"[:es]Variaciones y paisajes encontrados: de lo anal\u00f3gico a lo digital [David Heras Verde][:gl]Variaci\u00f3ns e paisaxes atopadas: do anal\u00f3xico ao dixital [David Heras Verde][:en]Variations and landscapes found: from the analog to the digital [David Heras Verde][:] - veredes\" \/>\n<meta property=\"og:description\" content=\"Toda la informaci\u00f3n sobre: [:es]Variaciones y paisajes encontrados: de lo anal\u00f3gico a lo digital [David Heras Verde][:gl]Variaci\u00f3ns e paisaxes atopadas: do anal\u00f3xico ao dixital [David Heras Verde][:en]Variations and landscapes found: from the analog to the digital [David Heras Verde][:]\" \/>\n<meta property=\"og:url\" content=\"https:\/\/veredes.es\/blog\/variaciones-y-paisajes-encontrados-de-lo-analogico-a-lo-digital-david-heras-verde\/\" \/>\n<meta property=\"og:site_name\" content=\"veredes, arquitectura y divulgaci\u00f3n\" \/>\n<meta property=\"article:publisher\" content=\"https:\/\/www.facebook.com\/veredesArquitecturayDivulgacion\/\" \/>\n<meta property=\"article:author\" content=\"https:\/\/www.facebook.com\/veredesArquitecturayDivulgacion\/\" \/>\n<meta property=\"article:published_time\" content=\"2011-04-05T04:08:48+00:00\" \/>\n<meta property=\"article:modified_time\" content=\"2020-11-25T09:30:03+00:00\" \/>\n<meta property=\"og:image\" content=\"https:\/\/veredes.es\/blog\/wp-content\/uploads\/2011\/04\/invitacion.jpg\" \/>\n\t<meta property=\"og:image:width\" content=\"488\" \/>\n\t<meta property=\"og:image:height\" content=\"600\" \/>\n\t<meta property=\"og:image:type\" content=\"image\/jpeg\" \/>\n<meta name=\"author\" content=\"veredes\" \/>\n<meta name=\"twitter:card\" content=\"summary_large_image\" \/>\n<meta name=\"twitter:creator\" content=\"@https:\/\/twitter.com\/veredes\" \/>\n<meta name=\"twitter:site\" content=\"@veredes\" \/>\n<meta name=\"twitter:label1\" content=\"Escrito por\" \/>\n\t<meta name=\"twitter:data1\" content=\"veredes\" \/>\n\t<meta name=\"twitter:label2\" content=\"Tiempo de lectura\" \/>\n\t<meta name=\"twitter:data2\" content=\"2 minutos\" \/>\n<script type=\"application\/ld+json\" class=\"yoast-schema-graph\">{\"@context\":\"https:\\\/\\\/schema.org\",\"@graph\":[{\"@type\":\"Article\",\"@id\":\"https:\\\/\\\/veredes.es\\\/blog\\\/variaciones-y-paisajes-encontrados-de-lo-analogico-a-lo-digital-david-heras-verde\\\/#article\",\"isPartOf\":{\"@id\":\"https:\\\/\\\/veredes.es\\\/blog\\\/variaciones-y-paisajes-encontrados-de-lo-analogico-a-lo-digital-david-heras-verde\\\/\"},\"author\":{\"name\":\"veredes\",\"@id\":\"https:\\\/\\\/veredes.es\\\/blog\\\/#\\\/schema\\\/person\\\/0bbb669073ef7faba5168a0844e93d2c\"},\"headline\":\"Variaciones y paisajes encontrados: de lo anal\u00f3gico a lo digital [David Heras Verde]\",\"datePublished\":\"2011-04-05T04:08:48+00:00\",\"dateModified\":\"2020-11-25T09:30:03+00:00\",\"mainEntityOfPage\":{\"@id\":\"https:\\\/\\\/veredes.es\\\/blog\\\/variaciones-y-paisajes-encontrados-de-lo-analogico-a-lo-digital-david-heras-verde\\\/\"},\"wordCount\":541,\"commentCount\":978,\"publisher\":{\"@id\":\"https:\\\/\\\/veredes.es\\\/blog\\\/#organization\"},\"image\":{\"@id\":\"https:\\\/\\\/veredes.es\\\/blog\\\/variaciones-y-paisajes-encontrados-de-lo-analogico-a-lo-digital-david-heras-verde\\\/#primaryimage\"},\"thumbnailUrl\":\"https:\\\/\\\/veredes.es\\\/blog\\\/wp-content\\\/uploads\\\/2011\\\/04\\\/invitacion.jpg\",\"keywords\":[\"david heras verde\",\"digital\",\"Espa\u00f1a\",\"exposici\u00f3n\",\"inauguraci\u00f3n\",\"Madrid\",\"pintura\"],\"articleSection\":[\"eventos\",\"exposiciones\"],\"inLanguage\":\"es\",\"potentialAction\":[{\"@type\":\"CommentAction\",\"name\":\"Comment\",\"target\":[\"https:\\\/\\\/veredes.es\\\/blog\\\/variaciones-y-paisajes-encontrados-de-lo-analogico-a-lo-digital-david-heras-verde\\\/#respond\"]}]},{\"@type\":\"WebPage\",\"@id\":\"https:\\\/\\\/veredes.es\\\/blog\\\/variaciones-y-paisajes-encontrados-de-lo-analogico-a-lo-digital-david-heras-verde\\\/\",\"url\":\"https:\\\/\\\/veredes.es\\\/blog\\\/variaciones-y-paisajes-encontrados-de-lo-analogico-a-lo-digital-david-heras-verde\\\/\",\"name\":\"[:es]Variaciones y paisajes encontrados: de lo anal\u00f3gico a lo digital [David Heras Verde][:gl]Variaci\u00f3ns e paisaxes atopadas: do anal\u00f3xico ao dixital [David Heras Verde][:en]Variations and landscapes found: from the analog to the digital [David Heras Verde][:] - veredes\",\"isPartOf\":{\"@id\":\"https:\\\/\\\/veredes.es\\\/blog\\\/#website\"},\"primaryImageOfPage\":{\"@id\":\"https:\\\/\\\/veredes.es\\\/blog\\\/variaciones-y-paisajes-encontrados-de-lo-analogico-a-lo-digital-david-heras-verde\\\/#primaryimage\"},\"image\":{\"@id\":\"https:\\\/\\\/veredes.es\\\/blog\\\/variaciones-y-paisajes-encontrados-de-lo-analogico-a-lo-digital-david-heras-verde\\\/#primaryimage\"},\"thumbnailUrl\":\"https:\\\/\\\/veredes.es\\\/blog\\\/wp-content\\\/uploads\\\/2011\\\/04\\\/invitacion.jpg\",\"datePublished\":\"2011-04-05T04:08:48+00:00\",\"dateModified\":\"2020-11-25T09:30:03+00:00\",\"description\":\"Toda la informaci\u00f3n sobre: [:es]Variaciones y paisajes encontrados: de lo anal\u00f3gico a lo digital [David Heras Verde][:gl]Variaci\u00f3ns e paisaxes atopadas: do anal\u00f3xico ao dixital [David Heras Verde][:en]Variations and landscapes found: from the analog to the digital [David Heras Verde][:]\",\"breadcrumb\":{\"@id\":\"https:\\\/\\\/veredes.es\\\/blog\\\/variaciones-y-paisajes-encontrados-de-lo-analogico-a-lo-digital-david-heras-verde\\\/#breadcrumb\"},\"inLanguage\":\"es\",\"potentialAction\":[{\"@type\":\"ReadAction\",\"target\":[\"https:\\\/\\\/veredes.es\\\/blog\\\/variaciones-y-paisajes-encontrados-de-lo-analogico-a-lo-digital-david-heras-verde\\\/\"]}]},{\"@type\":\"ImageObject\",\"inLanguage\":\"es\",\"@id\":\"https:\\\/\\\/veredes.es\\\/blog\\\/variaciones-y-paisajes-encontrados-de-lo-analogico-a-lo-digital-david-heras-verde\\\/#primaryimage\",\"url\":\"https:\\\/\\\/veredes.es\\\/blog\\\/wp-content\\\/uploads\\\/2011\\\/04\\\/invitacion.jpg\",\"contentUrl\":\"https:\\\/\\\/veredes.es\\\/blog\\\/wp-content\\\/uploads\\\/2011\\\/04\\\/invitacion.jpg\",\"width\":\"488\",\"height\":\"600\"},{\"@type\":\"BreadcrumbList\",\"@id\":\"https:\\\/\\\/veredes.es\\\/blog\\\/variaciones-y-paisajes-encontrados-de-lo-analogico-a-lo-digital-david-heras-verde\\\/#breadcrumb\",\"itemListElement\":[{\"@type\":\"ListItem\",\"position\":1,\"name\":\"Portada\",\"item\":\"https:\\\/\\\/veredes.es\\\/blog\\\/\"},{\"@type\":\"ListItem\",\"position\":2,\"name\":\"Variaciones y paisajes encontrados: de lo anal\u00f3gico a lo digital [David Heras Verde]\"}]},{\"@type\":\"WebSite\",\"@id\":\"https:\\\/\\\/veredes.es\\\/blog\\\/#website\",\"url\":\"https:\\\/\\\/veredes.es\\\/blog\\\/\",\"name\":\"veredes, arquitectura y divulgaci\u00f3n\",\"description\":\"veredes\",\"publisher\":{\"@id\":\"https:\\\/\\\/veredes.es\\\/blog\\\/#organization\"},\"alternateName\":\"veredes\",\"potentialAction\":[{\"@type\":\"SearchAction\",\"target\":{\"@type\":\"EntryPoint\",\"urlTemplate\":\"https:\\\/\\\/veredes.es\\\/blog\\\/?s={search_term_string}\"},\"query-input\":{\"@type\":\"PropertyValueSpecification\",\"valueRequired\":true,\"valueName\":\"search_term_string\"}}],\"inLanguage\":\"es\"},{\"@type\":\"Organization\",\"@id\":\"https:\\\/\\\/veredes.es\\\/blog\\\/#organization\",\"name\":\"veredes, arquitectura y divulgaci\u00f3n\",\"alternateName\":\"veredes\",\"url\":\"https:\\\/\\\/veredes.es\\\/blog\\\/\",\"logo\":{\"@type\":\"ImageObject\",\"inLanguage\":\"es\",\"@id\":\"https:\\\/\\\/veredes.es\\\/blog\\\/#\\\/schema\\\/logo\\\/image\\\/\",\"url\":\"https:\\\/\\\/veredes.es\\\/blog\\\/wp-content\\\/uploads\\\/2021\\\/12\\\/veredes-logo-centrado_140x54.png\",\"contentUrl\":\"https:\\\/\\\/veredes.es\\\/blog\\\/wp-content\\\/uploads\\\/2021\\\/12\\\/veredes-logo-centrado_140x54.png\",\"width\":140,\"height\":54,\"caption\":\"veredes, arquitectura y divulgaci\u00f3n\"},\"image\":{\"@id\":\"https:\\\/\\\/veredes.es\\\/blog\\\/#\\\/schema\\\/logo\\\/image\\\/\"},\"sameAs\":[\"https:\\\/\\\/www.facebook.com\\\/veredesArquitecturayDivulgacion\\\/\",\"https:\\\/\\\/x.com\\\/veredes\",\"https:\\\/\\\/instagram.com\\\/veredes\\\/\",\"https:\\\/\\\/www.linkedin.com\\\/company\\\/veredes-arquitectura-y-divulgacion\\\/\",\"https:\\\/\\\/es.pinterest.com\\\/veredes\\\/\",\"https:\\\/\\\/www.tumblr.com\\\/veredes\"]},{\"@type\":\"Person\",\"@id\":\"https:\\\/\\\/veredes.es\\\/blog\\\/#\\\/schema\\\/person\\\/0bbb669073ef7faba5168a0844e93d2c\",\"name\":\"veredes\",\"image\":{\"@type\":\"ImageObject\",\"inLanguage\":\"es\",\"@id\":\"https:\\\/\\\/veredes.es\\\/blog\\\/wp-content\\\/uploads\\\/2018\\\/04\\\/face-96x96.jpg\",\"url\":\"https:\\\/\\\/veredes.es\\\/blog\\\/wp-content\\\/uploads\\\/2018\\\/04\\\/face-96x96.jpg\",\"contentUrl\":\"https:\\\/\\\/veredes.es\\\/blog\\\/wp-content\\\/uploads\\\/2018\\\/04\\\/face-96x96.jpg\",\"caption\":\"veredes\"},\"description\":\"Surge enero de 2009 como b\u00fasqueda de satisfacer el conocimiento de la actividad arquitect\u00f3nica y tangentes que se generan. La idea es crear un espacio para divulgar los diversos proyectos en busca de nueva inspiraci\u00f3n y de intercambio.\",\"sameAs\":[\"https:\\\/\\\/veredes.es\\\/\",\"https:\\\/\\\/www.facebook.com\\\/veredesArquitecturayDivulgacion\\\/\",\"https:\\\/\\\/www.instagram.com\\\/veredes\\\/\",\"https:\\\/\\\/www.linkedin.com\\\/company\\\/veredes-arquitectura-y-divulgacion\\\/\",\"https:\\\/\\\/www.pinterest.es\\\/veredes\\\/\",\"https:\\\/\\\/x.com\\\/https:\\\/\\\/twitter.com\\\/veredes\",\"https:\\\/\\\/veredes.tumblr.com\\\/\"],\"url\":\"https:\\\/\\\/veredes.es\\\/blog\\\/author\\\/alberto\\\/\"}]}<\/script>\n<!-- \/ Yoast SEO plugin. -->","yoast_head_json":{"title":"[:es]Variaciones y paisajes encontrados: de lo anal\u00f3gico a lo digital [David Heras Verde][:gl]Variaci\u00f3ns e paisaxes atopadas: do anal\u00f3xico ao dixital [David Heras Verde][:en]Variations and landscapes found: from the analog to the digital [David Heras Verde][:] - veredes","description":"Toda la informaci\u00f3n sobre: [:es]Variaciones y paisajes encontrados: de lo anal\u00f3gico a lo digital [David Heras Verde][:gl]Variaci\u00f3ns e paisaxes atopadas: do anal\u00f3xico ao dixital [David Heras Verde][:en]Variations and landscapes found: from the analog to the digital [David Heras Verde][:]","robots":{"index":"index","follow":"follow","max-snippet":"max-snippet:-1","max-image-preview":"max-image-preview:large","max-video-preview":"max-video-preview:-1"},"canonical":"https:\/\/veredes.es\/blog\/variaciones-y-paisajes-encontrados-de-lo-analogico-a-lo-digital-david-heras-verde\/","og_locale":"es_ES","og_type":"article","og_title":"[:es]Variaciones y paisajes encontrados: de lo anal\u00f3gico a lo digital [David Heras Verde][:gl]Variaci\u00f3ns e paisaxes atopadas: do anal\u00f3xico ao dixital [David Heras Verde][:en]Variations and landscapes found: from the analog to the digital [David Heras Verde][:] - veredes","og_description":"Toda la informaci\u00f3n sobre: [:es]Variaciones y paisajes encontrados: de lo anal\u00f3gico a lo digital [David Heras Verde][:gl]Variaci\u00f3ns e paisaxes atopadas: do anal\u00f3xico ao dixital [David Heras Verde][:en]Variations and landscapes found: from the analog to the digital [David Heras Verde][:]","og_url":"https:\/\/veredes.es\/blog\/variaciones-y-paisajes-encontrados-de-lo-analogico-a-lo-digital-david-heras-verde\/","og_site_name":"veredes, arquitectura y divulgaci\u00f3n","article_publisher":"https:\/\/www.facebook.com\/veredesArquitecturayDivulgacion\/","article_author":"https:\/\/www.facebook.com\/veredesArquitecturayDivulgacion\/","article_published_time":"2011-04-05T04:08:48+00:00","article_modified_time":"2020-11-25T09:30:03+00:00","og_image":[{"width":488,"height":600,"url":"https:\/\/veredes.es\/blog\/wp-content\/uploads\/2011\/04\/invitacion.jpg","type":"image\/jpeg"}],"author":"veredes","twitter_card":"summary_large_image","twitter_creator":"@https:\/\/twitter.com\/veredes","twitter_site":"@veredes","twitter_misc":{"Escrito por":"veredes","Tiempo de lectura":"2 minutos"},"schema":{"@context":"https:\/\/schema.org","@graph":[{"@type":"Article","@id":"https:\/\/veredes.es\/blog\/variaciones-y-paisajes-encontrados-de-lo-analogico-a-lo-digital-david-heras-verde\/#article","isPartOf":{"@id":"https:\/\/veredes.es\/blog\/variaciones-y-paisajes-encontrados-de-lo-analogico-a-lo-digital-david-heras-verde\/"},"author":{"name":"veredes","@id":"https:\/\/veredes.es\/blog\/#\/schema\/person\/0bbb669073ef7faba5168a0844e93d2c"},"headline":"Variaciones y paisajes encontrados: de lo anal\u00f3gico a lo digital [David Heras Verde]","datePublished":"2011-04-05T04:08:48+00:00","dateModified":"2020-11-25T09:30:03+00:00","mainEntityOfPage":{"@id":"https:\/\/veredes.es\/blog\/variaciones-y-paisajes-encontrados-de-lo-analogico-a-lo-digital-david-heras-verde\/"},"wordCount":541,"commentCount":978,"publisher":{"@id":"https:\/\/veredes.es\/blog\/#organization"},"image":{"@id":"https:\/\/veredes.es\/blog\/variaciones-y-paisajes-encontrados-de-lo-analogico-a-lo-digital-david-heras-verde\/#primaryimage"},"thumbnailUrl":"https:\/\/veredes.es\/blog\/wp-content\/uploads\/2011\/04\/invitacion.jpg","keywords":["david heras verde","digital","Espa\u00f1a","exposici\u00f3n","inauguraci\u00f3n","Madrid","pintura"],"articleSection":["eventos","exposiciones"],"inLanguage":"es","potentialAction":[{"@type":"CommentAction","name":"Comment","target":["https:\/\/veredes.es\/blog\/variaciones-y-paisajes-encontrados-de-lo-analogico-a-lo-digital-david-heras-verde\/#respond"]}]},{"@type":"WebPage","@id":"https:\/\/veredes.es\/blog\/variaciones-y-paisajes-encontrados-de-lo-analogico-a-lo-digital-david-heras-verde\/","url":"https:\/\/veredes.es\/blog\/variaciones-y-paisajes-encontrados-de-lo-analogico-a-lo-digital-david-heras-verde\/","name":"[:es]Variaciones y paisajes encontrados: de lo anal\u00f3gico a lo digital [David Heras Verde][:gl]Variaci\u00f3ns e paisaxes atopadas: do anal\u00f3xico ao dixital [David Heras Verde][:en]Variations and landscapes found: from the analog to the digital [David Heras Verde][:] - veredes","isPartOf":{"@id":"https:\/\/veredes.es\/blog\/#website"},"primaryImageOfPage":{"@id":"https:\/\/veredes.es\/blog\/variaciones-y-paisajes-encontrados-de-lo-analogico-a-lo-digital-david-heras-verde\/#primaryimage"},"image":{"@id":"https:\/\/veredes.es\/blog\/variaciones-y-paisajes-encontrados-de-lo-analogico-a-lo-digital-david-heras-verde\/#primaryimage"},"thumbnailUrl":"https:\/\/veredes.es\/blog\/wp-content\/uploads\/2011\/04\/invitacion.jpg","datePublished":"2011-04-05T04:08:48+00:00","dateModified":"2020-11-25T09:30:03+00:00","description":"Toda la informaci\u00f3n sobre: [:es]Variaciones y paisajes encontrados: de lo anal\u00f3gico a lo digital [David Heras Verde][:gl]Variaci\u00f3ns e paisaxes atopadas: do anal\u00f3xico ao dixital [David Heras Verde][:en]Variations and landscapes found: from the analog to the digital [David Heras Verde][:]","breadcrumb":{"@id":"https:\/\/veredes.es\/blog\/variaciones-y-paisajes-encontrados-de-lo-analogico-a-lo-digital-david-heras-verde\/#breadcrumb"},"inLanguage":"es","potentialAction":[{"@type":"ReadAction","target":["https:\/\/veredes.es\/blog\/variaciones-y-paisajes-encontrados-de-lo-analogico-a-lo-digital-david-heras-verde\/"]}]},{"@type":"ImageObject","inLanguage":"es","@id":"https:\/\/veredes.es\/blog\/variaciones-y-paisajes-encontrados-de-lo-analogico-a-lo-digital-david-heras-verde\/#primaryimage","url":"https:\/\/veredes.es\/blog\/wp-content\/uploads\/2011\/04\/invitacion.jpg","contentUrl":"https:\/\/veredes.es\/blog\/wp-content\/uploads\/2011\/04\/invitacion.jpg","width":"488","height":"600"},{"@type":"BreadcrumbList","@id":"https:\/\/veredes.es\/blog\/variaciones-y-paisajes-encontrados-de-lo-analogico-a-lo-digital-david-heras-verde\/#breadcrumb","itemListElement":[{"@type":"ListItem","position":1,"name":"Portada","item":"https:\/\/veredes.es\/blog\/"},{"@type":"ListItem","position":2,"name":"Variaciones y paisajes encontrados: de lo anal\u00f3gico a lo digital [David Heras Verde]"}]},{"@type":"WebSite","@id":"https:\/\/veredes.es\/blog\/#website","url":"https:\/\/veredes.es\/blog\/","name":"veredes, arquitectura y divulgaci\u00f3n","description":"veredes","publisher":{"@id":"https:\/\/veredes.es\/blog\/#organization"},"alternateName":"veredes","potentialAction":[{"@type":"SearchAction","target":{"@type":"EntryPoint","urlTemplate":"https:\/\/veredes.es\/blog\/?s={search_term_string}"},"query-input":{"@type":"PropertyValueSpecification","valueRequired":true,"valueName":"search_term_string"}}],"inLanguage":"es"},{"@type":"Organization","@id":"https:\/\/veredes.es\/blog\/#organization","name":"veredes, arquitectura y divulgaci\u00f3n","alternateName":"veredes","url":"https:\/\/veredes.es\/blog\/","logo":{"@type":"ImageObject","inLanguage":"es","@id":"https:\/\/veredes.es\/blog\/#\/schema\/logo\/image\/","url":"https:\/\/veredes.es\/blog\/wp-content\/uploads\/2021\/12\/veredes-logo-centrado_140x54.png","contentUrl":"https:\/\/veredes.es\/blog\/wp-content\/uploads\/2021\/12\/veredes-logo-centrado_140x54.png","width":140,"height":54,"caption":"veredes, arquitectura y divulgaci\u00f3n"},"image":{"@id":"https:\/\/veredes.es\/blog\/#\/schema\/logo\/image\/"},"sameAs":["https:\/\/www.facebook.com\/veredesArquitecturayDivulgacion\/","https:\/\/x.com\/veredes","https:\/\/instagram.com\/veredes\/","https:\/\/www.linkedin.com\/company\/veredes-arquitectura-y-divulgacion\/","https:\/\/es.pinterest.com\/veredes\/","https:\/\/www.tumblr.com\/veredes"]},{"@type":"Person","@id":"https:\/\/veredes.es\/blog\/#\/schema\/person\/0bbb669073ef7faba5168a0844e93d2c","name":"veredes","image":{"@type":"ImageObject","inLanguage":"es","@id":"https:\/\/veredes.es\/blog\/wp-content\/uploads\/2018\/04\/face-96x96.jpg","url":"https:\/\/veredes.es\/blog\/wp-content\/uploads\/2018\/04\/face-96x96.jpg","contentUrl":"https:\/\/veredes.es\/blog\/wp-content\/uploads\/2018\/04\/face-96x96.jpg","caption":"veredes"},"description":"Surge enero de 2009 como b\u00fasqueda de satisfacer el conocimiento de la actividad arquitect\u00f3nica y tangentes que se generan. La idea es crear un espacio para divulgar los diversos proyectos en busca de nueva inspiraci\u00f3n y de intercambio.","sameAs":["https:\/\/veredes.es\/","https:\/\/www.facebook.com\/veredesArquitecturayDivulgacion\/","https:\/\/www.instagram.com\/veredes\/","https:\/\/www.linkedin.com\/company\/veredes-arquitectura-y-divulgacion\/","https:\/\/www.pinterest.es\/veredes\/","https:\/\/x.com\/https:\/\/twitter.com\/veredes","https:\/\/veredes.tumblr.com\/"],"url":"https:\/\/veredes.es\/blog\/author\/alberto\/"}]}},"_links":{"self":[{"href":"https:\/\/veredes.es\/blog\/wp-json\/wp\/v2\/posts\/12361","targetHints":{"allow":["GET"]}}],"collection":[{"href":"https:\/\/veredes.es\/blog\/wp-json\/wp\/v2\/posts"}],"about":[{"href":"https:\/\/veredes.es\/blog\/wp-json\/wp\/v2\/types\/post"}],"author":[{"embeddable":true,"href":"https:\/\/veredes.es\/blog\/wp-json\/wp\/v2\/users\/2"}],"replies":[{"embeddable":true,"href":"https:\/\/veredes.es\/blog\/wp-json\/wp\/v2\/comments?post=12361"}],"version-history":[{"count":0,"href":"https:\/\/veredes.es\/blog\/wp-json\/wp\/v2\/posts\/12361\/revisions"}],"wp:featuredmedia":[{"embeddable":true,"href":"https:\/\/veredes.es\/blog\/wp-json\/wp\/v2\/media\/12362"}],"wp:attachment":[{"href":"https:\/\/veredes.es\/blog\/wp-json\/wp\/v2\/media?parent=12361"}],"wp:term":[{"taxonomy":"category","embeddable":true,"href":"https:\/\/veredes.es\/blog\/wp-json\/wp\/v2\/categories?post=12361"},{"taxonomy":"post_tag","embeddable":true,"href":"https:\/\/veredes.es\/blog\/wp-json\/wp\/v2\/tags?post=12361"}],"curies":[{"name":"wp","href":"https:\/\/api.w.org\/{rel}","templated":true}]}}