{"id":11704,"date":"2011-03-10T09:26:42","date_gmt":"2011-03-10T08:26:42","guid":{"rendered":"http:\/\/veredes.es\/blog\/?p=11704"},"modified":"2022-02-14T22:16:04","modified_gmt":"2022-02-14T21:16:04","slug":"arquitectas-que-no-me-ensenaron-en-la-escuela-jacoba-mulder-pedro-hernandez","status":"publish","type":"post","link":"https:\/\/veredes.es\/blog\/arquitectas-que-no-me-ensenaron-en-la-escuela-jacoba-mulder-pedro-hernandez\/","title":{"rendered":"Arquitectas que no me ense\u00f1aron en la escuela: Jacoba Mulder | Pedro Hern\u00e1ndez"},"content":{"rendered":"<p><figure id=\"attachment_11705\" aria-describedby=\"caption-attachment-11705\" style=\"width: 750px\" class=\"wp-caption alignnone\"><a href=\"https:\/\/veredes.es\/blog\/wp-content\/uploads\/2011\/03\/tumblr_lhtiq6Ymw51qzijoho1_500.jpg\"><img loading=\"lazy\" decoding=\"async\" class=\"wp-image-11705\" title=\"tumblr_lhtiq6Ymw51qzijoho1_500\" src=\"https:\/\/veredes.es\/blog\/wp-content\/uploads\/2011\/03\/tumblr_lhtiq6Ymw51qzijoho1_500.jpg\" alt=\"\" width=\"750\" height=\"662\" srcset=\"https:\/\/veredes.es\/blog\/wp-content\/uploads\/2011\/03\/tumblr_lhtiq6Ymw51qzijoho1_500.jpg 350w, https:\/\/veredes.es\/blog\/wp-content\/uploads\/2011\/03\/tumblr_lhtiq6Ymw51qzijoho1_500-300x264.jpg 300w\" sizes=\"auto, (max-width: 750px) 100vw, 750px\" \/><\/a><figcaption id=\"caption-attachment-11705\" class=\"wp-caption-text\"><span style=\"color: #888888;\">Aldo van Eyck&#8217;s playground in Amsterdam | lexmens.org<\/span><\/figcaption><\/figure><\/p>\n<p style=\"text-align: left;\">Arquitectas que no me ense\u00f1aron en la escuela: <strong>Jakoba Helena Mulder<\/strong><\/p>\n<blockquote>\n<p style=\"text-align: justify;\"><em>\u00abLa idea <\/em>[de los Playgrounds para Amsterdam] <em>fue de la arquitecta Jacoba Mulder, jefa del Departamento de Planificaci\u00f3n Urbana. Seg\u00fan cuenta Liane Lefaivre en el libro <strong>Ground-up city play as a design tool (2007)<\/strong>, al ver Jacoba Mulder desde su ventana a una ni\u00f1a jugando en un rinc\u00f3n de la calle sin m\u00e1s recursos que imaginaci\u00f3n, tierra y una lata, se le ocurri\u00f3 que era posible crear un espacio econ\u00f3mico y lleno de posibilidades, para cuyo dise\u00f1o se ofreci\u00f3 voluntario Aldo van Eyck.\u00bb<\/em><\/p>\n<\/blockquote>\n<p style=\"text-align: right;\"><em>Texto:\u00a0<a href=\"http:\/\/bit.ly\/eVPirC\" target=\"_blank\" rel=\"noopener\">A la altura de ni\u00f1os y ni\u00f1as<\/a> \u00a0(de Josep Maria Montaner y Zaida Mux\u00ed)<\/em><\/p>\n<p style=\"text-align: justify;\">Resulta incre\u00edble como se pierde la figura femenina de esta historia en las explicaciones y libros de arquitectura. Suya fue la idea de la re-utilizaci\u00f3n de los vac\u00edos urbanos. Aldo van Eyck se ocupo del dise\u00f1o de piezas donde jugar\u00edan los ni\u00f1os. El funcionamiento, al parecer era el siguiente: cuando un barrio ve\u00eda que un solar (con sus escombros) era susceptible de ser utilizado como \u00e1rea de juego, se lo comunicaba al ayuntamiento que determinaba si el solar era optimo o no. Despu\u00e9s, si era as\u00ed, este se encargaba de retirar los escombros y convertirlos en patios de juego.<\/p>\n<p>Pedro Hern\u00e1ndez \u00b7 arquitecto<br \/>\nciudad de m\u00e9xico. marzo 2011<\/p>","protected":false},"excerpt":{"rendered":"<p>Arquitectas que no me ense\u00f1aron en la escuela: Jakoba Helena Mulder \u00abLa idea [de los Playgrounds para Amsterdam] fue de la arquitecta Jacoba Mulder, jefa del Departamento de Planificaci\u00f3n Urbana. Seg\u00fan cuenta Liane Lefaivre en el libro Ground-up city play as a design tool (2007), al ver Jacoba Mulder desde su ventana a una ni\u00f1a [&hellip;]<\/p>\n","protected":false},"author":36,"featured_media":11705,"comment_status":"open","ping_status":"closed","sticky":false,"template":"","format":"standard","meta":{"footnotes":""},"categories":[5934],"tags":[92,9522,2913,1787,1812,8055,4559,4505,10386,4888,4560],"class_list":{"0":"post-11704","1":"post","2":"type-post","3":"status-publish","4":"format-standard","5":"has-post-thumbnail","7":"category-articulos","8":"tag-aldo-van-eyck","9":"tag-arquitecta-pionera","10":"tag-arquitectura-holandesa","11":"tag-europa","12":"tag-holanda","13":"tag-jakoba-helena-mulder","14":"tag-josep-maria-montaner","15":"tag-landa-hernandez","16":"tag-liane-lefaivre","17":"tag-mujeres-arquitectas","18":"tag-zaida-muxi"},"yoast_head":"<!-- This site is optimized with the Yoast SEO plugin v27.5 - https:\/\/yoast.com\/product\/yoast-seo-wordpress\/ -->\n<title>Arquitectas que no me ense\u00f1aron en la escuela: Jacoba Mulder | Pedro Hern\u00e1ndez<\/title>\n<meta name=\"description\" content=\"Toda la informaci\u00f3n sobre: [:es]Arquitectas que no me ense\u00f1aron en la escuela: Jacoba Mulder | Pedro Hern\u00e1ndez[:gl]Arquitectas que non me ensinaron na escola: Jacoba Mulder | Pedro Hern\u00e1ndez[:en]Architects that they didn\u00b4t teach me in the school: Jakoba Helena Mulder | Pedro Hern\u00e1ndez[:]\" \/>\n<meta name=\"robots\" content=\"index, follow, max-snippet:-1, max-image-preview:large, max-video-preview:-1\" \/>\n<link rel=\"canonical\" href=\"https:\/\/veredes.es\/blog\/arquitectas-que-no-me-ensenaron-en-la-escuela-jacoba-mulder-pedro-hernandez\/\" \/>\n<meta property=\"og:locale\" content=\"es_ES\" \/>\n<meta property=\"og:type\" content=\"article\" \/>\n<meta property=\"og:title\" content=\"Arquitectas que no me ense\u00f1aron en la escuela: Jacoba Mulder | Pedro Hern\u00e1ndez\" \/>\n<meta property=\"og:description\" content=\"Toda la informaci\u00f3n sobre: [:es]Arquitectas que no me ense\u00f1aron en la escuela: Jacoba Mulder | Pedro Hern\u00e1ndez[:gl]Arquitectas que non me ensinaron na escola: Jacoba Mulder | Pedro Hern\u00e1ndez[:en]Architects that they didn\u00b4t teach me in the school: Jakoba Helena Mulder | Pedro Hern\u00e1ndez[:]\" \/>\n<meta property=\"og:url\" content=\"https:\/\/veredes.es\/blog\/arquitectas-que-no-me-ensenaron-en-la-escuela-jacoba-mulder-pedro-hernandez\/\" \/>\n<meta property=\"og:site_name\" content=\"veredes, arquitectura y divulgaci\u00f3n\" \/>\n<meta property=\"article:publisher\" content=\"https:\/\/www.facebook.com\/veredesArquitecturayDivulgacion\/\" \/>\n<meta property=\"article:author\" content=\"https:\/\/www.facebook.com\/pehemar\" \/>\n<meta property=\"article:published_time\" content=\"2011-03-10T08:26:42+00:00\" \/>\n<meta property=\"article:modified_time\" content=\"2022-02-14T21:16:04+00:00\" \/>\n<meta property=\"og:image\" content=\"https:\/\/veredes.es\/blog\/wp-content\/uploads\/2011\/03\/tumblr_lhtiq6Ymw51qzijoho1_500.jpg\" \/>\n\t<meta property=\"og:image:width\" content=\"350\" \/>\n\t<meta property=\"og:image:height\" content=\"309\" \/>\n\t<meta property=\"og:image:type\" content=\"image\/jpeg\" \/>\n<meta name=\"author\" content=\"Landa Hern\u00e1ndez\" \/>\n<meta name=\"twitter:card\" content=\"summary_large_image\" \/>\n<meta name=\"twitter:creator\" content=\"@https:\/\/twitter.com\/laperiferia\" \/>\n<meta name=\"twitter:site\" content=\"@veredes\" \/>\n<meta name=\"twitter:label1\" content=\"Escrito por\" \/>\n\t<meta name=\"twitter:data1\" content=\"Landa Hern\u00e1ndez\" \/>\n\t<meta name=\"twitter:label2\" content=\"Tiempo de lectura\" \/>\n\t<meta name=\"twitter:data2\" content=\"4 minutos\" \/>\n<script type=\"application\/ld+json\" class=\"yoast-schema-graph\">{\"@context\":\"https:\\\/\\\/schema.org\",\"@graph\":[{\"@type\":\"Article\",\"@id\":\"https:\\\/\\\/veredes.es\\\/blog\\\/arquitectas-que-no-me-ensenaron-en-la-escuela-jacoba-mulder-pedro-hernandez\\\/#article\",\"isPartOf\":{\"@id\":\"https:\\\/\\\/veredes.es\\\/blog\\\/arquitectas-que-no-me-ensenaron-en-la-escuela-jacoba-mulder-pedro-hernandez\\\/\"},\"author\":{\"name\":\"Landa Hern\u00e1ndez\",\"@id\":\"https:\\\/\\\/veredes.es\\\/blog\\\/#\\\/schema\\\/person\\\/c2e70e079f5cb4810ff9e002286ae4d4\"},\"headline\":\"Arquitectas que no me ense\u00f1aron en la escuela: Jacoba Mulder | Pedro Hern\u00e1ndez\",\"datePublished\":\"2011-03-10T08:26:42+00:00\",\"dateModified\":\"2022-02-14T21:16:04+00:00\",\"mainEntityOfPage\":{\"@id\":\"https:\\\/\\\/veredes.es\\\/blog\\\/arquitectas-que-no-me-ensenaron-en-la-escuela-jacoba-mulder-pedro-hernandez\\\/\"},\"wordCount\":781,\"commentCount\":68,\"publisher\":{\"@id\":\"https:\\\/\\\/veredes.es\\\/blog\\\/#organization\"},\"image\":{\"@id\":\"https:\\\/\\\/veredes.es\\\/blog\\\/arquitectas-que-no-me-ensenaron-en-la-escuela-jacoba-mulder-pedro-hernandez\\\/#primaryimage\"},\"thumbnailUrl\":\"https:\\\/\\\/veredes.es\\\/blog\\\/wp-content\\\/uploads\\\/2011\\\/03\\\/tumblr_lhtiq6Ymw51qzijoho1_500.jpg\",\"keywords\":[\"Aldo van Eyck\",\"arquitecta pionera\",\"arquitectura holandesa\",\"Europa\",\"Holanda\",\"Jakoba Helena Mulder\",\"Josep Mar\u00eda Montaner\",\"Landa Hern\u00e1ndez\",\"liane lefaivre\",\"mujeres arquitectas\",\"Zaida Mux\u00ed\"],\"articleSection\":[\"art\u00edculos\"],\"inLanguage\":\"es\",\"potentialAction\":[{\"@type\":\"CommentAction\",\"name\":\"Comment\",\"target\":[\"https:\\\/\\\/veredes.es\\\/blog\\\/arquitectas-que-no-me-ensenaron-en-la-escuela-jacoba-mulder-pedro-hernandez\\\/#respond\"]}]},{\"@type\":\"WebPage\",\"@id\":\"https:\\\/\\\/veredes.es\\\/blog\\\/arquitectas-que-no-me-ensenaron-en-la-escuela-jacoba-mulder-pedro-hernandez\\\/\",\"url\":\"https:\\\/\\\/veredes.es\\\/blog\\\/arquitectas-que-no-me-ensenaron-en-la-escuela-jacoba-mulder-pedro-hernandez\\\/\",\"name\":\"Arquitectas que no me ense\u00f1aron en la escuela: Jacoba Mulder | Pedro Hern\u00e1ndez\",\"isPartOf\":{\"@id\":\"https:\\\/\\\/veredes.es\\\/blog\\\/#website\"},\"primaryImageOfPage\":{\"@id\":\"https:\\\/\\\/veredes.es\\\/blog\\\/arquitectas-que-no-me-ensenaron-en-la-escuela-jacoba-mulder-pedro-hernandez\\\/#primaryimage\"},\"image\":{\"@id\":\"https:\\\/\\\/veredes.es\\\/blog\\\/arquitectas-que-no-me-ensenaron-en-la-escuela-jacoba-mulder-pedro-hernandez\\\/#primaryimage\"},\"thumbnailUrl\":\"https:\\\/\\\/veredes.es\\\/blog\\\/wp-content\\\/uploads\\\/2011\\\/03\\\/tumblr_lhtiq6Ymw51qzijoho1_500.jpg\",\"datePublished\":\"2011-03-10T08:26:42+00:00\",\"dateModified\":\"2022-02-14T21:16:04+00:00\",\"description\":\"Toda la informaci\u00f3n sobre: [:es]Arquitectas que no me ense\u00f1aron en la escuela: Jacoba Mulder | Pedro Hern\u00e1ndez[:gl]Arquitectas que non me ensinaron na escola: Jacoba Mulder | Pedro Hern\u00e1ndez[:en]Architects that they didn\u00b4t teach me in the school: Jakoba Helena Mulder | Pedro Hern\u00e1ndez[:]\",\"breadcrumb\":{\"@id\":\"https:\\\/\\\/veredes.es\\\/blog\\\/arquitectas-que-no-me-ensenaron-en-la-escuela-jacoba-mulder-pedro-hernandez\\\/#breadcrumb\"},\"inLanguage\":\"es\",\"potentialAction\":[{\"@type\":\"ReadAction\",\"target\":[\"https:\\\/\\\/veredes.es\\\/blog\\\/arquitectas-que-no-me-ensenaron-en-la-escuela-jacoba-mulder-pedro-hernandez\\\/\"]}]},{\"@type\":\"ImageObject\",\"inLanguage\":\"es\",\"@id\":\"https:\\\/\\\/veredes.es\\\/blog\\\/arquitectas-que-no-me-ensenaron-en-la-escuela-jacoba-mulder-pedro-hernandez\\\/#primaryimage\",\"url\":\"https:\\\/\\\/veredes.es\\\/blog\\\/wp-content\\\/uploads\\\/2011\\\/03\\\/tumblr_lhtiq6Ymw51qzijoho1_500.jpg\",\"contentUrl\":\"https:\\\/\\\/veredes.es\\\/blog\\\/wp-content\\\/uploads\\\/2011\\\/03\\\/tumblr_lhtiq6Ymw51qzijoho1_500.jpg\",\"width\":\"350\",\"height\":\"309\"},{\"@type\":\"BreadcrumbList\",\"@id\":\"https:\\\/\\\/veredes.es\\\/blog\\\/arquitectas-que-no-me-ensenaron-en-la-escuela-jacoba-mulder-pedro-hernandez\\\/#breadcrumb\",\"itemListElement\":[{\"@type\":\"ListItem\",\"position\":1,\"name\":\"Portada\",\"item\":\"https:\\\/\\\/veredes.es\\\/blog\\\/\"},{\"@type\":\"ListItem\",\"position\":2,\"name\":\"Arquitectas que no me ense\u00f1aron en la escuela: Jacoba Mulder | Pedro Hern\u00e1ndez\"}]},{\"@type\":\"WebSite\",\"@id\":\"https:\\\/\\\/veredes.es\\\/blog\\\/#website\",\"url\":\"https:\\\/\\\/veredes.es\\\/blog\\\/\",\"name\":\"veredes, arquitectura y divulgaci\u00f3n\",\"description\":\"veredes\",\"publisher\":{\"@id\":\"https:\\\/\\\/veredes.es\\\/blog\\\/#organization\"},\"alternateName\":\"veredes\",\"potentialAction\":[{\"@type\":\"SearchAction\",\"target\":{\"@type\":\"EntryPoint\",\"urlTemplate\":\"https:\\\/\\\/veredes.es\\\/blog\\\/?s={search_term_string}\"},\"query-input\":{\"@type\":\"PropertyValueSpecification\",\"valueRequired\":true,\"valueName\":\"search_term_string\"}}],\"inLanguage\":\"es\"},{\"@type\":\"Organization\",\"@id\":\"https:\\\/\\\/veredes.es\\\/blog\\\/#organization\",\"name\":\"veredes, arquitectura y divulgaci\u00f3n\",\"alternateName\":\"veredes\",\"url\":\"https:\\\/\\\/veredes.es\\\/blog\\\/\",\"logo\":{\"@type\":\"ImageObject\",\"inLanguage\":\"es\",\"@id\":\"https:\\\/\\\/veredes.es\\\/blog\\\/#\\\/schema\\\/logo\\\/image\\\/\",\"url\":\"https:\\\/\\\/veredes.es\\\/blog\\\/wp-content\\\/uploads\\\/2021\\\/12\\\/veredes-logo-centrado_140x54.png\",\"contentUrl\":\"https:\\\/\\\/veredes.es\\\/blog\\\/wp-content\\\/uploads\\\/2021\\\/12\\\/veredes-logo-centrado_140x54.png\",\"width\":140,\"height\":54,\"caption\":\"veredes, arquitectura y divulgaci\u00f3n\"},\"image\":{\"@id\":\"https:\\\/\\\/veredes.es\\\/blog\\\/#\\\/schema\\\/logo\\\/image\\\/\"},\"sameAs\":[\"https:\\\/\\\/www.facebook.com\\\/veredesArquitecturayDivulgacion\\\/\",\"https:\\\/\\\/x.com\\\/veredes\",\"https:\\\/\\\/instagram.com\\\/veredes\\\/\",\"https:\\\/\\\/www.linkedin.com\\\/company\\\/veredes-arquitectura-y-divulgacion\\\/\",\"https:\\\/\\\/es.pinterest.com\\\/veredes\\\/\",\"https:\\\/\\\/www.tumblr.com\\\/veredes\"]},{\"@type\":\"Person\",\"@id\":\"https:\\\/\\\/veredes.es\\\/blog\\\/#\\\/schema\\\/person\\\/c2e70e079f5cb4810ff9e002286ae4d4\",\"name\":\"Landa Hern\u00e1ndez\",\"image\":{\"@type\":\"ImageObject\",\"inLanguage\":\"es\",\"@id\":\"https:\\\/\\\/secure.gravatar.com\\\/avatar\\\/557e510e5576322e0c38a78a1bfab7d33982187ff66668704d6978d3f690ceb1?s=96&r=g\",\"url\":\"https:\\\/\\\/secure.gravatar.com\\\/avatar\\\/557e510e5576322e0c38a78a1bfab7d33982187ff66668704d6978d3f690ceb1?s=96&r=g\",\"contentUrl\":\"https:\\\/\\\/secure.gravatar.com\\\/avatar\\\/557e510e5576322e0c38a78a1bfab7d33982187ff66668704d6978d3f690ceb1?s=96&r=g\",\"caption\":\"Landa Hern\u00e1ndez\"},\"description\":\"Soy arquitecto por la Universidad de Alicante, pero mi inter\u00e9s sobre esta disciplina se encuentra alejado de su papel tradicional de dise\u00f1o de espacios. M\u00e1s bien, me interesa entender c\u00f3mo las representaciones de la arquitectura, el paisaje, el dise\u00f1o o el territorio construyen y materializan determinados discursos ideol\u00f3gicos, imponiendo posturas, subjetividades y formas de acci\u00f3n sobre los cuerpos que la habitan. En mi trabajo edito estos discursos \u2013sus im\u00e1genes, sus historias o sus restos materiales\u2013 y reelaboro comentarios cr\u00edticos que ponen en evidencia sus controversias y contradicciones, formaliz\u00e1ndolos en diversos formatos como textos, fotograf\u00edas, v\u00eddeos, objetos o instalaciones, muchas veces entrecruzados entre s\u00ed. He publicado art\u00edculos y ensayos en diversos medios de Estados Unidos, Italia, Croacia, Espa\u00f1a, Chile y M\u00e9xico. Desde enero de 2013 resido en la Ciudad de M\u00e9xico donde trabajo como coordinador de contenidos en Arquine.\",\"sameAs\":[\"http:\\\/\\\/laperiferiadomestica.tumblr.com\\\/\",\"https:\\\/\\\/www.facebook.com\\\/pehemar\",\"https:\\\/\\\/www.instagram.com\\\/laperiferia\\\/\",\"https:\\\/\\\/www.linkedin.com\\\/in\\\/pedrohm\\\/\",\"https:\\\/\\\/x.com\\\/https:\\\/\\\/twitter.com\\\/laperiferia\"],\"url\":\"https:\\\/\\\/veredes.es\\\/blog\\\/author\\\/pedro-hernandez-martinez\\\/\"}]}<\/script>\n<!-- \/ Yoast SEO plugin. -->","yoast_head_json":{"title":"Arquitectas que no me ense\u00f1aron en la escuela: Jacoba Mulder | Pedro Hern\u00e1ndez","description":"Toda la informaci\u00f3n sobre: [:es]Arquitectas que no me ense\u00f1aron en la escuela: Jacoba Mulder | Pedro Hern\u00e1ndez[:gl]Arquitectas que non me ensinaron na escola: Jacoba Mulder | Pedro Hern\u00e1ndez[:en]Architects that they didn\u00b4t teach me in the school: Jakoba Helena Mulder | Pedro Hern\u00e1ndez[:]","robots":{"index":"index","follow":"follow","max-snippet":"max-snippet:-1","max-image-preview":"max-image-preview:large","max-video-preview":"max-video-preview:-1"},"canonical":"https:\/\/veredes.es\/blog\/arquitectas-que-no-me-ensenaron-en-la-escuela-jacoba-mulder-pedro-hernandez\/","og_locale":"es_ES","og_type":"article","og_title":"Arquitectas que no me ense\u00f1aron en la escuela: Jacoba Mulder | Pedro Hern\u00e1ndez","og_description":"Toda la informaci\u00f3n sobre: [:es]Arquitectas que no me ense\u00f1aron en la escuela: Jacoba Mulder | Pedro Hern\u00e1ndez[:gl]Arquitectas que non me ensinaron na escola: Jacoba Mulder | Pedro Hern\u00e1ndez[:en]Architects that they didn\u00b4t teach me in the school: Jakoba Helena Mulder | Pedro Hern\u00e1ndez[:]","og_url":"https:\/\/veredes.es\/blog\/arquitectas-que-no-me-ensenaron-en-la-escuela-jacoba-mulder-pedro-hernandez\/","og_site_name":"veredes, arquitectura y divulgaci\u00f3n","article_publisher":"https:\/\/www.facebook.com\/veredesArquitecturayDivulgacion\/","article_author":"https:\/\/www.facebook.com\/pehemar","article_published_time":"2011-03-10T08:26:42+00:00","article_modified_time":"2022-02-14T21:16:04+00:00","og_image":[{"width":350,"height":309,"url":"https:\/\/veredes.es\/blog\/wp-content\/uploads\/2011\/03\/tumblr_lhtiq6Ymw51qzijoho1_500.jpg","type":"image\/jpeg"}],"author":"Landa Hern\u00e1ndez","twitter_card":"summary_large_image","twitter_creator":"@https:\/\/twitter.com\/laperiferia","twitter_site":"@veredes","twitter_misc":{"Escrito por":"Landa Hern\u00e1ndez","Tiempo de lectura":"4 minutos"},"schema":{"@context":"https:\/\/schema.org","@graph":[{"@type":"Article","@id":"https:\/\/veredes.es\/blog\/arquitectas-que-no-me-ensenaron-en-la-escuela-jacoba-mulder-pedro-hernandez\/#article","isPartOf":{"@id":"https:\/\/veredes.es\/blog\/arquitectas-que-no-me-ensenaron-en-la-escuela-jacoba-mulder-pedro-hernandez\/"},"author":{"name":"Landa Hern\u00e1ndez","@id":"https:\/\/veredes.es\/blog\/#\/schema\/person\/c2e70e079f5cb4810ff9e002286ae4d4"},"headline":"Arquitectas que no me ense\u00f1aron en la escuela: Jacoba Mulder | Pedro Hern\u00e1ndez","datePublished":"2011-03-10T08:26:42+00:00","dateModified":"2022-02-14T21:16:04+00:00","mainEntityOfPage":{"@id":"https:\/\/veredes.es\/blog\/arquitectas-que-no-me-ensenaron-en-la-escuela-jacoba-mulder-pedro-hernandez\/"},"wordCount":781,"commentCount":68,"publisher":{"@id":"https:\/\/veredes.es\/blog\/#organization"},"image":{"@id":"https:\/\/veredes.es\/blog\/arquitectas-que-no-me-ensenaron-en-la-escuela-jacoba-mulder-pedro-hernandez\/#primaryimage"},"thumbnailUrl":"https:\/\/veredes.es\/blog\/wp-content\/uploads\/2011\/03\/tumblr_lhtiq6Ymw51qzijoho1_500.jpg","keywords":["Aldo van Eyck","arquitecta pionera","arquitectura holandesa","Europa","Holanda","Jakoba Helena Mulder","Josep Mar\u00eda Montaner","Landa Hern\u00e1ndez","liane lefaivre","mujeres arquitectas","Zaida Mux\u00ed"],"articleSection":["art\u00edculos"],"inLanguage":"es","potentialAction":[{"@type":"CommentAction","name":"Comment","target":["https:\/\/veredes.es\/blog\/arquitectas-que-no-me-ensenaron-en-la-escuela-jacoba-mulder-pedro-hernandez\/#respond"]}]},{"@type":"WebPage","@id":"https:\/\/veredes.es\/blog\/arquitectas-que-no-me-ensenaron-en-la-escuela-jacoba-mulder-pedro-hernandez\/","url":"https:\/\/veredes.es\/blog\/arquitectas-que-no-me-ensenaron-en-la-escuela-jacoba-mulder-pedro-hernandez\/","name":"Arquitectas que no me ense\u00f1aron en la escuela: Jacoba Mulder | Pedro Hern\u00e1ndez","isPartOf":{"@id":"https:\/\/veredes.es\/blog\/#website"},"primaryImageOfPage":{"@id":"https:\/\/veredes.es\/blog\/arquitectas-que-no-me-ensenaron-en-la-escuela-jacoba-mulder-pedro-hernandez\/#primaryimage"},"image":{"@id":"https:\/\/veredes.es\/blog\/arquitectas-que-no-me-ensenaron-en-la-escuela-jacoba-mulder-pedro-hernandez\/#primaryimage"},"thumbnailUrl":"https:\/\/veredes.es\/blog\/wp-content\/uploads\/2011\/03\/tumblr_lhtiq6Ymw51qzijoho1_500.jpg","datePublished":"2011-03-10T08:26:42+00:00","dateModified":"2022-02-14T21:16:04+00:00","description":"Toda la informaci\u00f3n sobre: [:es]Arquitectas que no me ense\u00f1aron en la escuela: Jacoba Mulder | Pedro Hern\u00e1ndez[:gl]Arquitectas que non me ensinaron na escola: Jacoba Mulder | Pedro Hern\u00e1ndez[:en]Architects that they didn\u00b4t teach me in the school: Jakoba Helena Mulder | Pedro Hern\u00e1ndez[:]","breadcrumb":{"@id":"https:\/\/veredes.es\/blog\/arquitectas-que-no-me-ensenaron-en-la-escuela-jacoba-mulder-pedro-hernandez\/#breadcrumb"},"inLanguage":"es","potentialAction":[{"@type":"ReadAction","target":["https:\/\/veredes.es\/blog\/arquitectas-que-no-me-ensenaron-en-la-escuela-jacoba-mulder-pedro-hernandez\/"]}]},{"@type":"ImageObject","inLanguage":"es","@id":"https:\/\/veredes.es\/blog\/arquitectas-que-no-me-ensenaron-en-la-escuela-jacoba-mulder-pedro-hernandez\/#primaryimage","url":"https:\/\/veredes.es\/blog\/wp-content\/uploads\/2011\/03\/tumblr_lhtiq6Ymw51qzijoho1_500.jpg","contentUrl":"https:\/\/veredes.es\/blog\/wp-content\/uploads\/2011\/03\/tumblr_lhtiq6Ymw51qzijoho1_500.jpg","width":"350","height":"309"},{"@type":"BreadcrumbList","@id":"https:\/\/veredes.es\/blog\/arquitectas-que-no-me-ensenaron-en-la-escuela-jacoba-mulder-pedro-hernandez\/#breadcrumb","itemListElement":[{"@type":"ListItem","position":1,"name":"Portada","item":"https:\/\/veredes.es\/blog\/"},{"@type":"ListItem","position":2,"name":"Arquitectas que no me ense\u00f1aron en la escuela: Jacoba Mulder | Pedro Hern\u00e1ndez"}]},{"@type":"WebSite","@id":"https:\/\/veredes.es\/blog\/#website","url":"https:\/\/veredes.es\/blog\/","name":"veredes, arquitectura y divulgaci\u00f3n","description":"veredes","publisher":{"@id":"https:\/\/veredes.es\/blog\/#organization"},"alternateName":"veredes","potentialAction":[{"@type":"SearchAction","target":{"@type":"EntryPoint","urlTemplate":"https:\/\/veredes.es\/blog\/?s={search_term_string}"},"query-input":{"@type":"PropertyValueSpecification","valueRequired":true,"valueName":"search_term_string"}}],"inLanguage":"es"},{"@type":"Organization","@id":"https:\/\/veredes.es\/blog\/#organization","name":"veredes, arquitectura y divulgaci\u00f3n","alternateName":"veredes","url":"https:\/\/veredes.es\/blog\/","logo":{"@type":"ImageObject","inLanguage":"es","@id":"https:\/\/veredes.es\/blog\/#\/schema\/logo\/image\/","url":"https:\/\/veredes.es\/blog\/wp-content\/uploads\/2021\/12\/veredes-logo-centrado_140x54.png","contentUrl":"https:\/\/veredes.es\/blog\/wp-content\/uploads\/2021\/12\/veredes-logo-centrado_140x54.png","width":140,"height":54,"caption":"veredes, arquitectura y divulgaci\u00f3n"},"image":{"@id":"https:\/\/veredes.es\/blog\/#\/schema\/logo\/image\/"},"sameAs":["https:\/\/www.facebook.com\/veredesArquitecturayDivulgacion\/","https:\/\/x.com\/veredes","https:\/\/instagram.com\/veredes\/","https:\/\/www.linkedin.com\/company\/veredes-arquitectura-y-divulgacion\/","https:\/\/es.pinterest.com\/veredes\/","https:\/\/www.tumblr.com\/veredes"]},{"@type":"Person","@id":"https:\/\/veredes.es\/blog\/#\/schema\/person\/c2e70e079f5cb4810ff9e002286ae4d4","name":"Landa Hern\u00e1ndez","image":{"@type":"ImageObject","inLanguage":"es","@id":"https:\/\/secure.gravatar.com\/avatar\/557e510e5576322e0c38a78a1bfab7d33982187ff66668704d6978d3f690ceb1?s=96&r=g","url":"https:\/\/secure.gravatar.com\/avatar\/557e510e5576322e0c38a78a1bfab7d33982187ff66668704d6978d3f690ceb1?s=96&r=g","contentUrl":"https:\/\/secure.gravatar.com\/avatar\/557e510e5576322e0c38a78a1bfab7d33982187ff66668704d6978d3f690ceb1?s=96&r=g","caption":"Landa Hern\u00e1ndez"},"description":"Soy arquitecto por la Universidad de Alicante, pero mi inter\u00e9s sobre esta disciplina se encuentra alejado de su papel tradicional de dise\u00f1o de espacios. M\u00e1s bien, me interesa entender c\u00f3mo las representaciones de la arquitectura, el paisaje, el dise\u00f1o o el territorio construyen y materializan determinados discursos ideol\u00f3gicos, imponiendo posturas, subjetividades y formas de acci\u00f3n sobre los cuerpos que la habitan. En mi trabajo edito estos discursos \u2013sus im\u00e1genes, sus historias o sus restos materiales\u2013 y reelaboro comentarios cr\u00edticos que ponen en evidencia sus controversias y contradicciones, formaliz\u00e1ndolos en diversos formatos como textos, fotograf\u00edas, v\u00eddeos, objetos o instalaciones, muchas veces entrecruzados entre s\u00ed. He publicado art\u00edculos y ensayos en diversos medios de Estados Unidos, Italia, Croacia, Espa\u00f1a, Chile y M\u00e9xico. Desde enero de 2013 resido en la Ciudad de M\u00e9xico donde trabajo como coordinador de contenidos en Arquine.","sameAs":["http:\/\/laperiferiadomestica.tumblr.com\/","https:\/\/www.facebook.com\/pehemar","https:\/\/www.instagram.com\/laperiferia\/","https:\/\/www.linkedin.com\/in\/pedrohm\/","https:\/\/x.com\/https:\/\/twitter.com\/laperiferia"],"url":"https:\/\/veredes.es\/blog\/author\/pedro-hernandez-martinez\/"}]}},"_links":{"self":[{"href":"https:\/\/veredes.es\/blog\/wp-json\/wp\/v2\/posts\/11704","targetHints":{"allow":["GET"]}}],"collection":[{"href":"https:\/\/veredes.es\/blog\/wp-json\/wp\/v2\/posts"}],"about":[{"href":"https:\/\/veredes.es\/blog\/wp-json\/wp\/v2\/types\/post"}],"author":[{"embeddable":true,"href":"https:\/\/veredes.es\/blog\/wp-json\/wp\/v2\/users\/36"}],"replies":[{"embeddable":true,"href":"https:\/\/veredes.es\/blog\/wp-json\/wp\/v2\/comments?post=11704"}],"version-history":[{"count":0,"href":"https:\/\/veredes.es\/blog\/wp-json\/wp\/v2\/posts\/11704\/revisions"}],"wp:featuredmedia":[{"embeddable":true,"href":"https:\/\/veredes.es\/blog\/wp-json\/wp\/v2\/media\/11705"}],"wp:attachment":[{"href":"https:\/\/veredes.es\/blog\/wp-json\/wp\/v2\/media?parent=11704"}],"wp:term":[{"taxonomy":"category","embeddable":true,"href":"https:\/\/veredes.es\/blog\/wp-json\/wp\/v2\/categories?post=11704"},{"taxonomy":"post_tag","embeddable":true,"href":"https:\/\/veredes.es\/blog\/wp-json\/wp\/v2\/tags?post=11704"}],"curies":[{"name":"wp","href":"https:\/\/api.w.org\/{rel}","templated":true}]}}