{"id":109014,"date":"2026-09-02T00:01:37","date_gmt":"2026-09-01T22:01:37","guid":{"rendered":"https:\/\/veredes.es\/blog\/?p=109014"},"modified":"2026-08-31T20:49:09","modified_gmt":"2026-08-31T18:49:09","slug":"nuevo-hospital-de-ontinyent-contell-martinez-arquitectos-manuel-vega-arquitectos","status":"publish","type":"post","link":"https:\/\/veredes.es\/blog\/nuevo-hospital-de-ontinyent-contell-martinez-arquitectos-manuel-vega-arquitectos\/","title":{"rendered":"Nuevo hospital de Ontinyent | Contell Mart\u00ednez Arquitectos &#8211; Manuel Vega Arquitectos"},"content":{"rendered":"<figure id=\"attachment_109017\" aria-describedby=\"caption-attachment-109017\" style=\"width: 1200px\" class=\"wp-caption alignnone\"><img loading=\"lazy\" decoding=\"async\" class=\"size-full wp-image-109017\" src=\"https:\/\/veredes.es\/blog\/wp-content\/uploads\/2026\/08\/Nuevo-hospital-de-Ontinyent-Contell-Martinez-Arquitectos-Manuel-Vega-Arquitectos-1-Alejandro-Gomez-Vives.jpg\" alt=\"Nuevo hospital de Ontinyent Contell Mart\u00ednez Arquitectos - Manuel Vega Arquitectos 20 Alejandro G\u00f3mez Vives\" width=\"1200\" height=\"1200\" srcset=\"https:\/\/veredes.es\/blog\/wp-content\/uploads\/2026\/08\/Nuevo-hospital-de-Ontinyent-Contell-Martinez-Arquitectos-Manuel-Vega-Arquitectos-1-Alejandro-Gomez-Vives.jpg 1200w, https:\/\/veredes.es\/blog\/wp-content\/uploads\/2026\/08\/Nuevo-hospital-de-Ontinyent-Contell-Martinez-Arquitectos-Manuel-Vega-Arquitectos-1-Alejandro-Gomez-Vives-300x300.jpg 300w, https:\/\/veredes.es\/blog\/wp-content\/uploads\/2026\/08\/Nuevo-hospital-de-Ontinyent-Contell-Martinez-Arquitectos-Manuel-Vega-Arquitectos-1-Alejandro-Gomez-Vives-1024x1024.jpg 1024w, https:\/\/veredes.es\/blog\/wp-content\/uploads\/2026\/08\/Nuevo-hospital-de-Ontinyent-Contell-Martinez-Arquitectos-Manuel-Vega-Arquitectos-1-Alejandro-Gomez-Vives-120x120.jpg 120w, https:\/\/veredes.es\/blog\/wp-content\/uploads\/2026\/08\/Nuevo-hospital-de-Ontinyent-Contell-Martinez-Arquitectos-Manuel-Vega-Arquitectos-1-Alejandro-Gomez-Vives-420x420.jpg 420w, https:\/\/veredes.es\/blog\/wp-content\/uploads\/2026\/08\/Nuevo-hospital-de-Ontinyent-Contell-Martinez-Arquitectos-Manuel-Vega-Arquitectos-1-Alejandro-Gomez-Vives-696x696.jpg 696w, https:\/\/veredes.es\/blog\/wp-content\/uploads\/2026\/08\/Nuevo-hospital-de-Ontinyent-Contell-Martinez-Arquitectos-Manuel-Vega-Arquitectos-1-Alejandro-Gomez-Vives-1068x1068.jpg 1068w\" sizes=\"auto, (max-width: 1200px) 100vw, 1200px\" \/><figcaption id=\"caption-attachment-109017\" class=\"wp-caption-text\"><span style=\"color: #999999;\">Nuevo hospital de Ontinyent | Contell Mart\u00ednez Arquitectos &#8211; Manuel Vega Arquitectos \u00a9 Alejandro G\u00f3mez Vives<\/span><\/figcaption><\/figure>\n<p style=\"text-align: justify;\">El nuevo Hospital de Ontinyent se ubica al sur del municipio, en el pol\u00edgono \u201cCasa Balones\u201d, en una zona heterog\u00e9nea de edificaciones, zonas de cultivo y alg\u00fan equipamiento.<\/p>\n<figure id=\"attachment_109015\" aria-describedby=\"caption-attachment-109015\" style=\"width: 1400px\" class=\"wp-caption alignnone\"><img loading=\"lazy\" decoding=\"async\" class=\"size-full wp-image-109015\" src=\"https:\/\/veredes.es\/blog\/wp-content\/uploads\/2026\/08\/Nuevo-hospital-de-Ontinyent-Contell-Martinez-Arquitectos-Manuel-Vega-Arquitectos-2-david-zarzoso.jpg\" alt=\"Nuevo hospital de Ontinyent Contell Mart\u00ednez Arquitectos - Manuel Vega Arquitectos\" width=\"1400\" height=\"827\" srcset=\"https:\/\/veredes.es\/blog\/wp-content\/uploads\/2026\/08\/Nuevo-hospital-de-Ontinyent-Contell-Martinez-Arquitectos-Manuel-Vega-Arquitectos-2-david-zarzoso.jpg 1400w, https:\/\/veredes.es\/blog\/wp-content\/uploads\/2026\/08\/Nuevo-hospital-de-Ontinyent-Contell-Martinez-Arquitectos-Manuel-Vega-Arquitectos-2-david-zarzoso-300x177.jpg 300w, https:\/\/veredes.es\/blog\/wp-content\/uploads\/2026\/08\/Nuevo-hospital-de-Ontinyent-Contell-Martinez-Arquitectos-Manuel-Vega-Arquitectos-2-david-zarzoso-1024x605.jpg 1024w, https:\/\/veredes.es\/blog\/wp-content\/uploads\/2026\/08\/Nuevo-hospital-de-Ontinyent-Contell-Martinez-Arquitectos-Manuel-Vega-Arquitectos-2-david-zarzoso-711x420.jpg 711w, https:\/\/veredes.es\/blog\/wp-content\/uploads\/2026\/08\/Nuevo-hospital-de-Ontinyent-Contell-Martinez-Arquitectos-Manuel-Vega-Arquitectos-2-david-zarzoso-696x411.jpg 696w, https:\/\/veredes.es\/blog\/wp-content\/uploads\/2026\/08\/Nuevo-hospital-de-Ontinyent-Contell-Martinez-Arquitectos-Manuel-Vega-Arquitectos-2-david-zarzoso-1068x631.jpg 1068w\" sizes=\"auto, (max-width: 1400px) 100vw, 1400px\" \/><figcaption id=\"caption-attachment-109015\" class=\"wp-caption-text\"><span style=\"color: #999999;\">Nuevo hospital de Ontinyent | Contell Mart\u00ednez Arquitectos &#8211; Manuel Vega Arquitectos \u00a9 David Zarzoso<\/span><\/figcaption><\/figure>\n<p style=\"text-align: justify;\">La parcela es sensiblemente rectangular, de aproximadamente doscientos setenta y cinco por ciento quince metros y con un desnivel equivalente a dos plantas en ambas direcciones. La estrategia de implantaci\u00f3n distribuye distintos vol\u00famenes en el centro de la parcela, sobre una plataforma horizontal que se entiende como una gran plaza p\u00fablica perforada por patios que dan luz a las plantas inferiores y que sirve de soporte a una profusa vegetaci\u00f3n.<\/p>\n<figure id=\"attachment_109018\" aria-describedby=\"caption-attachment-109018\" style=\"width: 1200px\" class=\"wp-caption alignnone\"><img loading=\"lazy\" decoding=\"async\" class=\"wp-image-109018 size-full\" title=\"Nuevo hospital de Ontinyent Contell Mart\u00ednez Arquitectos - Manuel Vega Arquitectos 10 Alejandro G\u00f3mez Vives\" src=\"https:\/\/veredes.es\/blog\/wp-content\/uploads\/2026\/08\/Nuevo-hospital-de-Ontinyent-Contell-Martinez-Arquitectos-Manuel-Vega-Arquitectos-10-Alejandro-Gomez-Vives.jpg\" alt=\"Nuevo hospital de Ontinyent Contell Mart\u00ednez Arquitectos - Manuel Vega Arquitectos 10 Alejandro G\u00f3mez Vives\" width=\"1200\" height=\"1200\" srcset=\"https:\/\/veredes.es\/blog\/wp-content\/uploads\/2026\/08\/Nuevo-hospital-de-Ontinyent-Contell-Martinez-Arquitectos-Manuel-Vega-Arquitectos-10-Alejandro-Gomez-Vives.jpg 1200w, https:\/\/veredes.es\/blog\/wp-content\/uploads\/2026\/08\/Nuevo-hospital-de-Ontinyent-Contell-Martinez-Arquitectos-Manuel-Vega-Arquitectos-10-Alejandro-Gomez-Vives-300x300.jpg 300w, https:\/\/veredes.es\/blog\/wp-content\/uploads\/2026\/08\/Nuevo-hospital-de-Ontinyent-Contell-Martinez-Arquitectos-Manuel-Vega-Arquitectos-10-Alejandro-Gomez-Vives-1024x1024.jpg 1024w, https:\/\/veredes.es\/blog\/wp-content\/uploads\/2026\/08\/Nuevo-hospital-de-Ontinyent-Contell-Martinez-Arquitectos-Manuel-Vega-Arquitectos-10-Alejandro-Gomez-Vives-120x120.jpg 120w, https:\/\/veredes.es\/blog\/wp-content\/uploads\/2026\/08\/Nuevo-hospital-de-Ontinyent-Contell-Martinez-Arquitectos-Manuel-Vega-Arquitectos-10-Alejandro-Gomez-Vives-420x420.jpg 420w, https:\/\/veredes.es\/blog\/wp-content\/uploads\/2026\/08\/Nuevo-hospital-de-Ontinyent-Contell-Martinez-Arquitectos-Manuel-Vega-Arquitectos-10-Alejandro-Gomez-Vives-696x696.jpg 696w, https:\/\/veredes.es\/blog\/wp-content\/uploads\/2026\/08\/Nuevo-hospital-de-Ontinyent-Contell-Martinez-Arquitectos-Manuel-Vega-Arquitectos-10-Alejandro-Gomez-Vives-1068x1068.jpg 1068w\" sizes=\"auto, (max-width: 1200px) 100vw, 1200px\" \/><figcaption id=\"caption-attachment-109018\" class=\"wp-caption-text\"><span style=\"color: #999999;\">Nuevo hospital de Ontinyent | Contell Mart\u00ednez Arquitectos &#8211; Manuel Vega Arquitectos \u00a9 Alejandro G\u00f3mez Vives<\/span><\/figcaption><\/figure>\n<p style=\"text-align: justify;\">Para resolver la accesibilidad del conjunto, el acusado desnivel existente se resuelve perimetralmente con taludes ajardinados y en sentido longitudinal con sendos aparcamientos descubiertos en los extremos este y oeste. En sentido transversal, se aprovecha el desnivel negativo de la fachada norte para generar dos plantas de car\u00e1cter m\u00e1s restringido, donde se resuelven las \u00e1reas de servicio y sus circulaciones rodadas.<\/p>\n<figure id=\"attachment_109016\" aria-describedby=\"caption-attachment-109016\" style=\"width: 1400px\" class=\"wp-caption alignnone\"><img loading=\"lazy\" decoding=\"async\" class=\"wp-image-109016 size-full\" title=\"Nuevo hospital de Ontinyent Contell Mart\u00ednez Arquitectos - Manuel Vega Arquitectos 10 Secci\u00f3n Transversal SW\" src=\"https:\/\/veredes.es\/blog\/wp-content\/uploads\/2026\/08\/Nuevo-hospital-de-Ontinyent-Contell-Martinez-Arquitectos-Manuel-Vega-Arquitectos-10-Seccion-Transversal-SW.jpg\" alt=\"Nuevo hospital de Ontinyent Contell Mart\u00ednez Arquitectos - Manuel Vega Arquitectos 10 Secci\u00f3n Transversal SW\" width=\"1400\" height=\"364\" srcset=\"https:\/\/veredes.es\/blog\/wp-content\/uploads\/2026\/08\/Nuevo-hospital-de-Ontinyent-Contell-Martinez-Arquitectos-Manuel-Vega-Arquitectos-10-Seccion-Transversal-SW.jpg 1400w, https:\/\/veredes.es\/blog\/wp-content\/uploads\/2026\/08\/Nuevo-hospital-de-Ontinyent-Contell-Martinez-Arquitectos-Manuel-Vega-Arquitectos-10-Seccion-Transversal-SW-300x78.jpg 300w, https:\/\/veredes.es\/blog\/wp-content\/uploads\/2026\/08\/Nuevo-hospital-de-Ontinyent-Contell-Martinez-Arquitectos-Manuel-Vega-Arquitectos-10-Seccion-Transversal-SW-1024x266.jpg 1024w, https:\/\/veredes.es\/blog\/wp-content\/uploads\/2026\/08\/Nuevo-hospital-de-Ontinyent-Contell-Martinez-Arquitectos-Manuel-Vega-Arquitectos-10-Seccion-Transversal-SW-696x181.jpg 696w, https:\/\/veredes.es\/blog\/wp-content\/uploads\/2026\/08\/Nuevo-hospital-de-Ontinyent-Contell-Martinez-Arquitectos-Manuel-Vega-Arquitectos-10-Seccion-Transversal-SW-1068x278.jpg 1068w\" sizes=\"auto, (max-width: 1400px) 100vw, 1400px\" \/><figcaption id=\"caption-attachment-109016\" class=\"wp-caption-text\">N<span style=\"color: #999999;\">uevo hospital de Ontinyent | Contell Mart\u00ednez Arquitectos &#8211; Manuel Vega Arquitectos | Secci\u00f3n Transversal SW<\/span><\/figcaption><\/figure>\n<p style=\"text-align: justify;\">As\u00ed, el hospital se muestra de manera distinta atendiendo al contexto y a la relaci\u00f3n que establece con el usuario: hacia el norte, visible desde la ciudad, muestra una escala de equipamiento urbano, con la fachada del cuerpo de hospitalizaci\u00f3n, de seis alturas, reconocible en la lejan\u00eda; por contra, hacia el sur, donde se encuentran los accesos peatonales, el conjunto se fragmenta en vol\u00famenes de una y dos alturas que configuran peque\u00f1as zonas estanciales, con una escala mucho m\u00e1s humana y amable. Esta fragmentaci\u00f3n, adem\u00e1s de su valor ambiental, simplifica las relaciones funcionales entre \u00e1reas, significativamente complejas en un edificio hospitalario, quedando interconectadas por pasarelas a distintos niveles que generan un paisaje de elementos ligeros suspendidos entre los cuerpos principales.<\/p>\n<div id='gallery-1' class='gallery galleryid-109014 gallery-columns-4 gallery-size-thumbnail'><figure class='gallery-item'>\n\t\t\t<div class='gallery-icon portrait'>\n\t\t\t\t<a href='https:\/\/veredes.es\/blog\/wp-content\/uploads\/2026\/08\/Nuevo-hospital-de-Ontinyent-Contell-Martinez-Arquitectos-Manuel-Vega-Arquitectos-2-Alejandro-Gomez-Vives.jpg'><img loading=\"lazy\" decoding=\"async\" width=\"120\" height=\"120\" src=\"https:\/\/veredes.es\/blog\/wp-content\/uploads\/2026\/08\/Nuevo-hospital-de-Ontinyent-Contell-Martinez-Arquitectos-Manuel-Vega-Arquitectos-2-Alejandro-Gomez-Vives-120x120.jpg\" class=\"attachment-thumbnail size-thumbnail\" alt=\"Nuevo hospital de Ontinyent | Contell Mart\u00ednez Arquitectos - Manuel Vega Arquitectos \u00a9 Alejandro G\u00f3mez Vives\" aria-describedby=\"gallery-1-109019\" \/><\/a>\n\t\t\t<\/div>\n\t\t\t\t<figcaption class='wp-caption-text gallery-caption' id='gallery-1-109019'>\n\t\t\t\tNuevo hospital de Ontinyent | Contell Mart\u00ednez Arquitectos &#8211; Manuel Vega Arquitectos \u00a9 Alejandro G\u00f3mez Vives\n\t\t\t\t<\/figcaption><\/figure><figure class='gallery-item'>\n\t\t\t<div class='gallery-icon landscape'>\n\t\t\t\t<a href='https:\/\/veredes.es\/blog\/wp-content\/uploads\/2026\/08\/Nuevo-hospital-de-Ontinyent-Contell-Martinez-Arquitectos-Manuel-Vega-Arquitectos-3-Alejandro-Gomez-Vives.jpg'><img loading=\"lazy\" decoding=\"async\" width=\"120\" height=\"120\" src=\"https:\/\/veredes.es\/blog\/wp-content\/uploads\/2026\/08\/Nuevo-hospital-de-Ontinyent-Contell-Martinez-Arquitectos-Manuel-Vega-Arquitectos-3-Alejandro-Gomez-Vives-120x120.jpg\" class=\"attachment-thumbnail size-thumbnail\" alt=\"Nuevo hospital de Ontinyent | Contell Mart\u00ednez Arquitectos - Manuel Vega Arquitectos \u00a9 Alejandro G\u00f3mez Vives\" aria-describedby=\"gallery-1-109020\" \/><\/a>\n\t\t\t<\/div>\n\t\t\t\t<figcaption class='wp-caption-text gallery-caption' id='gallery-1-109020'>\n\t\t\t\tNuevo hospital de Ontinyent | Contell Mart\u00ednez Arquitectos &#8211; Manuel Vega Arquitectos \u00a9 Alejandro G\u00f3mez Vives\n\t\t\t\t<\/figcaption><\/figure><figure class='gallery-item'>\n\t\t\t<div class='gallery-icon landscape'>\n\t\t\t\t<a href='https:\/\/veredes.es\/blog\/wp-content\/uploads\/2026\/08\/Nuevo-hospital-de-Ontinyent-Contell-Martinez-Arquitectos-Manuel-Vega-Arquitectos-4-Alejandro-Gomez-Vives.jpg'><img loading=\"lazy\" decoding=\"async\" width=\"120\" height=\"120\" src=\"https:\/\/veredes.es\/blog\/wp-content\/uploads\/2026\/08\/Nuevo-hospital-de-Ontinyent-Contell-Martinez-Arquitectos-Manuel-Vega-Arquitectos-4-Alejandro-Gomez-Vives-120x120.jpg\" class=\"attachment-thumbnail size-thumbnail\" alt=\"Nuevo hospital de Ontinyent | Contell Mart\u00ednez Arquitectos - Manuel Vega Arquitectos \u00a9 Alejandro G\u00f3mez Vives\" aria-describedby=\"gallery-1-109021\" \/><\/a>\n\t\t\t<\/div>\n\t\t\t\t<figcaption class='wp-caption-text gallery-caption' id='gallery-1-109021'>\n\t\t\t\tNuevo hospital de Ontinyent | Contell Mart\u00ednez Arquitectos &#8211; Manuel Vega Arquitectos \u00a9 Alejandro G\u00f3mez Vives\n\t\t\t\t<\/figcaption><\/figure><figure class='gallery-item'>\n\t\t\t<div class='gallery-icon landscape'>\n\t\t\t\t<a href='https:\/\/veredes.es\/blog\/wp-content\/uploads\/2026\/08\/Nuevo-hospital-de-Ontinyent-Contell-Martinez-Arquitectos-Manuel-Vega-Arquitectos-5-Alejandro-Gomez-Vives.jpg'><img loading=\"lazy\" decoding=\"async\" width=\"120\" height=\"120\" src=\"https:\/\/veredes.es\/blog\/wp-content\/uploads\/2026\/08\/Nuevo-hospital-de-Ontinyent-Contell-Martinez-Arquitectos-Manuel-Vega-Arquitectos-5-Alejandro-Gomez-Vives-120x120.jpg\" class=\"attachment-thumbnail size-thumbnail\" alt=\"Nuevo hospital de Ontinyent | Contell Mart\u00ednez Arquitectos - Manuel Vega Arquitectos \u00a9 Alejandro G\u00f3mez Vives\" aria-describedby=\"gallery-1-109022\" \/><\/a>\n\t\t\t<\/div>\n\t\t\t\t<figcaption class='wp-caption-text gallery-caption' id='gallery-1-109022'>\n\t\t\t\tNuevo hospital de Ontinyent | Contell Mart\u00ednez Arquitectos &#8211; Manuel Vega Arquitectos \u00a9 Alejandro G\u00f3mez Vives\n\t\t\t\t<\/figcaption><\/figure><figure class='gallery-item'>\n\t\t\t<div class='gallery-icon landscape'>\n\t\t\t\t<a href='https:\/\/veredes.es\/blog\/wp-content\/uploads\/2026\/08\/Nuevo-hospital-de-Ontinyent-Contell-Martinez-Arquitectos-Manuel-Vega-Arquitectos-6-Alejandro-Gomez-Vives.jpg'><img loading=\"lazy\" decoding=\"async\" width=\"120\" height=\"120\" src=\"https:\/\/veredes.es\/blog\/wp-content\/uploads\/2026\/08\/Nuevo-hospital-de-Ontinyent-Contell-Martinez-Arquitectos-Manuel-Vega-Arquitectos-6-Alejandro-Gomez-Vives-120x120.jpg\" class=\"attachment-thumbnail size-thumbnail\" alt=\"Nuevo hospital de Ontinyent | Contell Mart\u00ednez Arquitectos - Manuel Vega Arquitectos \u00a9 Alejandro G\u00f3mez Vives\" aria-describedby=\"gallery-1-109023\" \/><\/a>\n\t\t\t<\/div>\n\t\t\t\t<figcaption class='wp-caption-text gallery-caption' id='gallery-1-109023'>\n\t\t\t\tNuevo hospital de Ontinyent | Contell Mart\u00ednez Arquitectos &#8211; Manuel Vega Arquitectos \u00a9 Alejandro G\u00f3mez Vives\n\t\t\t\t<\/figcaption><\/figure><figure class='gallery-item'>\n\t\t\t<div class='gallery-icon portrait'>\n\t\t\t\t<a href='https:\/\/veredes.es\/blog\/wp-content\/uploads\/2026\/08\/Nuevo-hospital-de-Ontinyent-Contell-Martinez-Arquitectos-Manuel-Vega-Arquitectos-7-Alejandro-Gomez-Vives.jpg'><img loading=\"lazy\" decoding=\"async\" width=\"120\" height=\"120\" src=\"https:\/\/veredes.es\/blog\/wp-content\/uploads\/2026\/08\/Nuevo-hospital-de-Ontinyent-Contell-Martinez-Arquitectos-Manuel-Vega-Arquitectos-7-Alejandro-Gomez-Vives-120x120.jpg\" class=\"attachment-thumbnail size-thumbnail\" alt=\"Nuevo hospital de Ontinyent | Contell Mart\u00ednez Arquitectos - Manuel Vega Arquitectos \u00a9 Alejandro G\u00f3mez Vives\" aria-describedby=\"gallery-1-109024\" \/><\/a>\n\t\t\t<\/div>\n\t\t\t\t<figcaption class='wp-caption-text gallery-caption' id='gallery-1-109024'>\n\t\t\t\tNuevo hospital de Ontinyent | Contell Mart\u00ednez Arquitectos &#8211; Manuel Vega Arquitectos \u00a9 Alejandro G\u00f3mez Vives\n\t\t\t\t<\/figcaption><\/figure><figure class='gallery-item'>\n\t\t\t<div class='gallery-icon landscape'>\n\t\t\t\t<a href='https:\/\/veredes.es\/blog\/wp-content\/uploads\/2026\/08\/Nuevo-hospital-de-Ontinyent-Contell-Martinez-Arquitectos-Manuel-Vega-Arquitectos-8-Alejandro-Gomez-Vives.jpg'><img loading=\"lazy\" decoding=\"async\" width=\"120\" height=\"120\" src=\"https:\/\/veredes.es\/blog\/wp-content\/uploads\/2026\/08\/Nuevo-hospital-de-Ontinyent-Contell-Martinez-Arquitectos-Manuel-Vega-Arquitectos-8-Alejandro-Gomez-Vives-120x120.jpg\" class=\"attachment-thumbnail size-thumbnail\" alt=\"Nuevo hospital de Ontinyent | Contell Mart\u00ednez Arquitectos - Manuel Vega Arquitectos \u00a9 Alejandro G\u00f3mez Vives\" aria-describedby=\"gallery-1-109025\" \/><\/a>\n\t\t\t<\/div>\n\t\t\t\t<figcaption class='wp-caption-text gallery-caption' id='gallery-1-109025'>\n\t\t\t\tNuevo hospital de Ontinyent | Contell Mart\u00ednez Arquitectos &#8211; Manuel Vega Arquitectos \u00a9 Alejandro G\u00f3mez Vives\n\t\t\t\t<\/figcaption><\/figure><figure class='gallery-item'>\n\t\t\t<div class='gallery-icon portrait'>\n\t\t\t\t<a href='https:\/\/veredes.es\/blog\/wp-content\/uploads\/2026\/08\/Nuevo-hospital-de-Ontinyent-Contell-Martinez-Arquitectos-Manuel-Vega-Arquitectos-9-Alejandro-Gomez-Vives.jpg'><img loading=\"lazy\" decoding=\"async\" width=\"120\" height=\"120\" src=\"https:\/\/veredes.es\/blog\/wp-content\/uploads\/2026\/08\/Nuevo-hospital-de-Ontinyent-Contell-Martinez-Arquitectos-Manuel-Vega-Arquitectos-9-Alejandro-Gomez-Vives-120x120.jpg\" class=\"attachment-thumbnail size-thumbnail\" alt=\"Nuevo hospital de Ontinyent | Contell Mart\u00ednez Arquitectos - Manuel Vega Arquitectos \u00a9 Alejandro G\u00f3mez Vives\" aria-describedby=\"gallery-1-109026\" \/><\/a>\n\t\t\t<\/div>\n\t\t\t\t<figcaption class='wp-caption-text gallery-caption' id='gallery-1-109026'>\n\t\t\t\tNuevo hospital de Ontinyent | Contell Mart\u00ednez Arquitectos &#8211; Manuel Vega Arquitectos \u00a9 Alejandro G\u00f3mez Vives\n\t\t\t\t<\/figcaption><\/figure>\n\t\t<\/div>\n\n<p style=\"text-align: justify;\">En t\u00e9rminos funcionales, sobre la plataforma que hace de gran plaza p\u00fablica se ubican varios vol\u00famenes comunicados por pasarelas entre s\u00ed atendiendo a su \u00e1rea funcional. Bajo esta plataforma existen otros dos niveles, donde se ubican los espacios servidores del complejo, incluyendo un aparcamiento para trabajadores y zonas de carga y descarga. Aprovechando el desnivel de la parcela se consigue que estos dos niveles puedan contar con una fachada al norte.<\/p>\n<div id='gallery-2' class='gallery galleryid-109014 gallery-columns-4 gallery-size-thumbnail'><figure class='gallery-item'>\n\t\t\t<div class='gallery-icon landscape'>\n\t\t\t\t<a href='https:\/\/veredes.es\/blog\/wp-content\/uploads\/2026\/08\/Nuevo-hospital-de-Ontinyent-Contell-Martinez-Arquitectos-Manuel-Vega-Arquitectos-1-Situacion.jpg'><img loading=\"lazy\" decoding=\"async\" width=\"120\" height=\"120\" src=\"https:\/\/veredes.es\/blog\/wp-content\/uploads\/2026\/08\/Nuevo-hospital-de-Ontinyent-Contell-Martinez-Arquitectos-Manuel-Vega-Arquitectos-1-Situacion-120x120.jpg\" class=\"attachment-thumbnail size-thumbnail\" alt=\"Nuevo hospital de Ontinyent Contell Mart\u00ednez Arquitectos - Manuel Vega Arquitectos 1 Situaci\u00f3n\" aria-describedby=\"gallery-2-109047\" \/><\/a>\n\t\t\t<\/div>\n\t\t\t\t<figcaption class='wp-caption-text gallery-caption' id='gallery-2-109047'>\n\t\t\t\tNuevo hospital de Ontinyent | Contell Mart\u00ednez Arquitectos &#8211; Manuel Vega Arquitectos | Situaci\u00f3n\n\t\t\t\t<\/figcaption><\/figure><figure class='gallery-item'>\n\t\t\t<div class='gallery-icon landscape'>\n\t\t\t\t<a href='https:\/\/veredes.es\/blog\/wp-content\/uploads\/2026\/08\/Nuevo-hospital-de-Ontinyent-Contell-Martinez-Arquitectos-Manuel-Vega-Arquitectos-3-david-zarzoso.jpg'><img loading=\"lazy\" decoding=\"async\" width=\"120\" height=\"120\" src=\"https:\/\/veredes.es\/blog\/wp-content\/uploads\/2026\/08\/Nuevo-hospital-de-Ontinyent-Contell-Martinez-Arquitectos-Manuel-Vega-Arquitectos-3-david-zarzoso-120x120.jpg\" class=\"attachment-thumbnail size-thumbnail\" alt=\"\" aria-describedby=\"gallery-2-109048\" \/><\/a>\n\t\t\t<\/div>\n\t\t\t\t<figcaption class='wp-caption-text gallery-caption' id='gallery-2-109048'>\n\t\t\t\tNuevo hospital de Ontinyent | Contell Mart\u00ednez Arquitectos &#8211; Manuel Vega Arquitectos | \u00a9 David Zarzoso\n\t\t\t\t<\/figcaption><\/figure><figure class='gallery-item'>\n\t\t\t<div class='gallery-icon landscape'>\n\t\t\t\t<a href='https:\/\/veredes.es\/blog\/wp-content\/uploads\/2026\/08\/Nuevo-hospital-de-Ontinyent-Contell-Martinez-Arquitectos-Manuel-Vega-Arquitectos-4-Planta-general.jpg'><img loading=\"lazy\" decoding=\"async\" width=\"120\" height=\"120\" src=\"https:\/\/veredes.es\/blog\/wp-content\/uploads\/2026\/08\/Nuevo-hospital-de-Ontinyent-Contell-Martinez-Arquitectos-Manuel-Vega-Arquitectos-4-Planta-general-120x120.jpg\" class=\"attachment-thumbnail size-thumbnail\" alt=\"\" aria-describedby=\"gallery-2-109049\" \/><\/a>\n\t\t\t<\/div>\n\t\t\t\t<figcaption class='wp-caption-text gallery-caption' id='gallery-2-109049'>\n\t\t\t\tNuevo hospital de Ontinyent | Contell Mart\u00ednez Arquitectos &#8211; Manuel Vega Arquitectos | Planta general\n\t\t\t\t<\/figcaption><\/figure><figure class='gallery-item'>\n\t\t\t<div class='gallery-icon landscape'>\n\t\t\t\t<a href='https:\/\/veredes.es\/blog\/wp-content\/uploads\/2026\/08\/Nuevo-hospital-de-Ontinyent-Contell-Martinez-Arquitectos-Manuel-Vega-Arquitectos-5-Fachada-SE.jpg'><img loading=\"lazy\" decoding=\"async\" width=\"120\" height=\"120\" src=\"https:\/\/veredes.es\/blog\/wp-content\/uploads\/2026\/08\/Nuevo-hospital-de-Ontinyent-Contell-Martinez-Arquitectos-Manuel-Vega-Arquitectos-5-Fachada-SE-120x120.jpg\" class=\"attachment-thumbnail size-thumbnail\" alt=\"\" aria-describedby=\"gallery-2-109050\" \/><\/a>\n\t\t\t<\/div>\n\t\t\t\t<figcaption class='wp-caption-text gallery-caption' id='gallery-2-109050'>\n\t\t\t\tNuevo hospital de Ontinyent | Contell Mart\u00ednez Arquitectos &#8211; Manuel Vega Arquitectos | Fachada SE\n\t\t\t\t<\/figcaption><\/figure><figure class='gallery-item'>\n\t\t\t<div class='gallery-icon landscape'>\n\t\t\t\t<a href='https:\/\/veredes.es\/blog\/wp-content\/uploads\/2026\/08\/Nuevo-hospital-de-Ontinyent-Contell-Martinez-Arquitectos-Manuel-Vega-Arquitectos-6-Fachada-NW.jpg'><img loading=\"lazy\" decoding=\"async\" width=\"120\" height=\"120\" src=\"https:\/\/veredes.es\/blog\/wp-content\/uploads\/2026\/08\/Nuevo-hospital-de-Ontinyent-Contell-Martinez-Arquitectos-Manuel-Vega-Arquitectos-6-Fachada-NW-120x120.jpg\" class=\"attachment-thumbnail size-thumbnail\" alt=\"\" aria-describedby=\"gallery-2-109051\" \/><\/a>\n\t\t\t<\/div>\n\t\t\t\t<figcaption class='wp-caption-text gallery-caption' id='gallery-2-109051'>\n\t\t\t\tNuevo hospital de Ontinyent | Contell Mart\u00ednez Arquitectos &#8211; Manuel Vega Arquitectos | Fachada NW\n\t\t\t\t<\/figcaption><\/figure><figure class='gallery-item'>\n\t\t\t<div class='gallery-icon landscape'>\n\t\t\t\t<a href='https:\/\/veredes.es\/blog\/wp-content\/uploads\/2026\/08\/Nuevo-hospital-de-Ontinyent-Contell-Martinez-Arquitectos-Manuel-Vega-Arquitectos-7-Fachada-NE.jpg'><img loading=\"lazy\" decoding=\"async\" width=\"120\" height=\"120\" src=\"https:\/\/veredes.es\/blog\/wp-content\/uploads\/2026\/08\/Nuevo-hospital-de-Ontinyent-Contell-Martinez-Arquitectos-Manuel-Vega-Arquitectos-7-Fachada-NE-120x120.jpg\" class=\"attachment-thumbnail size-thumbnail\" alt=\"\" aria-describedby=\"gallery-2-109052\" \/><\/a>\n\t\t\t<\/div>\n\t\t\t\t<figcaption class='wp-caption-text gallery-caption' id='gallery-2-109052'>\n\t\t\t\tNuevo hospital de Ontinyent | Contell Mart\u00ednez Arquitectos &#8211; Manuel Vega Arquitectos | Fachada NE\n\t\t\t\t<\/figcaption><\/figure><figure class='gallery-item'>\n\t\t\t<div class='gallery-icon landscape'>\n\t\t\t\t<a href='https:\/\/veredes.es\/blog\/wp-content\/uploads\/2026\/08\/Nuevo-hospital-de-Ontinyent-Contell-Martinez-Arquitectos-Manuel-Vega-Arquitectos-8-Seccion-transversal-NE.jpg'><img loading=\"lazy\" decoding=\"async\" width=\"120\" height=\"120\" src=\"https:\/\/veredes.es\/blog\/wp-content\/uploads\/2026\/08\/Nuevo-hospital-de-Ontinyent-Contell-Martinez-Arquitectos-Manuel-Vega-Arquitectos-8-Seccion-transversal-NE-120x120.jpg\" class=\"attachment-thumbnail size-thumbnail\" alt=\"\" aria-describedby=\"gallery-2-109053\" \/><\/a>\n\t\t\t<\/div>\n\t\t\t\t<figcaption class='wp-caption-text gallery-caption' id='gallery-2-109053'>\n\t\t\t\tNuevo hospital de Ontinyent | Contell Mart\u00ednez Arquitectos &#8211; Manuel Vega Arquitectos | Secci\u00f3n transversal NE\n\t\t\t\t<\/figcaption><\/figure><figure class='gallery-item'>\n\t\t\t<div class='gallery-icon landscape'>\n\t\t\t\t<a href='https:\/\/veredes.es\/blog\/wp-content\/uploads\/2026\/08\/Nuevo-hospital-de-Ontinyent-Contell-Martinez-Arquitectos-Manuel-Vega-Arquitectos-09-Fachada-SW.jpg'><img loading=\"lazy\" decoding=\"async\" width=\"120\" height=\"120\" src=\"https:\/\/veredes.es\/blog\/wp-content\/uploads\/2026\/08\/Nuevo-hospital-de-Ontinyent-Contell-Martinez-Arquitectos-Manuel-Vega-Arquitectos-09-Fachada-SW-120x120.jpg\" class=\"attachment-thumbnail size-thumbnail\" alt=\"Nuevo hospital de Ontinyent Contell Mart\u00ednez Arquitectos - Manuel Vega Arquitectos 09 Fachada SW\" aria-describedby=\"gallery-2-109054\" \/><\/a>\n\t\t\t<\/div>\n\t\t\t\t<figcaption class='wp-caption-text gallery-caption' id='gallery-2-109054'>\n\t\t\t\tNuevo hospital de Ontinyent | Contell Mart\u00ednez Arquitectos &#8211; Manuel Vega Arquitectos | Fachada SW\n\t\t\t\t<\/figcaption><\/figure>\n\t\t<\/div>\n\n<p style=\"text-align: justify;\">Los flujos de los usuarios se distribuyen de forma natural desde los distintos accesos, quedando diferenciados los recorridos peatonales de los accesos rodados privados, los de los trabajadores y los de los servicios de emergencia.<\/p>\n<figure id=\"attachment_109033\" aria-describedby=\"caption-attachment-109033\" style=\"width: 800px\" class=\"wp-caption alignnone\"><img loading=\"lazy\" decoding=\"async\" class=\"size-full wp-image-109033\" src=\"https:\/\/veredes.es\/blog\/wp-content\/uploads\/2026\/08\/Nuevo-hospital-de-Ontinyent-Contell-Martinez-Arquitectos-Manuel-Vega-Arquitectos-17-Alejandro-Gomez-Vives.jpg\" alt=\"Nuevo hospital de Ontinyent | Contell Mart\u00ednez Arquitectos - Manuel Vega Arquitectos \u00a9 Alejandro G\u00f3mez Vives\" width=\"800\" height=\"1200\" srcset=\"https:\/\/veredes.es\/blog\/wp-content\/uploads\/2026\/08\/Nuevo-hospital-de-Ontinyent-Contell-Martinez-Arquitectos-Manuel-Vega-Arquitectos-17-Alejandro-Gomez-Vives.jpg 800w, https:\/\/veredes.es\/blog\/wp-content\/uploads\/2026\/08\/Nuevo-hospital-de-Ontinyent-Contell-Martinez-Arquitectos-Manuel-Vega-Arquitectos-17-Alejandro-Gomez-Vives-200x300.jpg 200w, https:\/\/veredes.es\/blog\/wp-content\/uploads\/2026\/08\/Nuevo-hospital-de-Ontinyent-Contell-Martinez-Arquitectos-Manuel-Vega-Arquitectos-17-Alejandro-Gomez-Vives-683x1024.jpg 683w, https:\/\/veredes.es\/blog\/wp-content\/uploads\/2026\/08\/Nuevo-hospital-de-Ontinyent-Contell-Martinez-Arquitectos-Manuel-Vega-Arquitectos-17-Alejandro-Gomez-Vives-280x420.jpg 280w, https:\/\/veredes.es\/blog\/wp-content\/uploads\/2026\/08\/Nuevo-hospital-de-Ontinyent-Contell-Martinez-Arquitectos-Manuel-Vega-Arquitectos-17-Alejandro-Gomez-Vives-696x1044.jpg 696w\" sizes=\"auto, (max-width: 800px) 100vw, 800px\" \/><figcaption id=\"caption-attachment-109033\" class=\"wp-caption-text\"><span style=\"color: #999999;\">Nuevo hospital de Ontinyent | Contell Mart\u00ednez Arquitectos &#8211; Manuel Vega Arquitectos \u00a9 Alejandro G\u00f3mez Vives<\/span><\/figcaption><\/figure>\n<p style=\"text-align: justify;\">La construcci\u00f3n es sencilla, sin ret\u00f3rica, pero asumiendo a su vez las distintas situaciones del edificio y respondiendo, por tanto, de forma distinta cuando el conjunto se muestra con la escala propia de un gran equipamiento o cuando se pretende potenciar una atm\u00f3sfera h\u00e1ptica cercana en el contacto directo con las personas. El cambio de escala supone un cambio de percepci\u00f3n entre un elemento que se muestra rotundo en el paisaje o que, por otro lado, constituye en s\u00ed mismo un paisaje fragmentado, natural y humano.<\/p>\n<div id='gallery-3' class='gallery galleryid-109014 gallery-columns-4 gallery-size-thumbnail'><figure class='gallery-item'>\n\t\t\t<div class='gallery-icon landscape'>\n\t\t\t\t<a href='https:\/\/veredes.es\/blog\/wp-content\/uploads\/2026\/08\/Nuevo-hospital-de-Ontinyent-Contell-Martinez-Arquitectos-Manuel-Vega-Arquitectos-11-Alejandro-Gomez-Vives.jpg'><img loading=\"lazy\" decoding=\"async\" width=\"120\" height=\"120\" src=\"https:\/\/veredes.es\/blog\/wp-content\/uploads\/2026\/08\/Nuevo-hospital-de-Ontinyent-Contell-Martinez-Arquitectos-Manuel-Vega-Arquitectos-11-Alejandro-Gomez-Vives-120x120.jpg\" class=\"attachment-thumbnail size-thumbnail\" alt=\"Nuevo hospital de Ontinyent | Contell Mart\u00ednez Arquitectos - Manuel Vega Arquitectos \u00a9 Alejandro G\u00f3mez Vives\" aria-describedby=\"gallery-3-109027\" srcset=\"https:\/\/veredes.es\/blog\/wp-content\/uploads\/2026\/08\/Nuevo-hospital-de-Ontinyent-Contell-Martinez-Arquitectos-Manuel-Vega-Arquitectos-11-Alejandro-Gomez-Vives-120x120.jpg 120w, https:\/\/veredes.es\/blog\/wp-content\/uploads\/2026\/08\/Nuevo-hospital-de-Ontinyent-Contell-Martinez-Arquitectos-Manuel-Vega-Arquitectos-11-Alejandro-Gomez-Vives-300x300.jpg 300w, https:\/\/veredes.es\/blog\/wp-content\/uploads\/2026\/08\/Nuevo-hospital-de-Ontinyent-Contell-Martinez-Arquitectos-Manuel-Vega-Arquitectos-11-Alejandro-Gomez-Vives-1024x1024.jpg 1024w, https:\/\/veredes.es\/blog\/wp-content\/uploads\/2026\/08\/Nuevo-hospital-de-Ontinyent-Contell-Martinez-Arquitectos-Manuel-Vega-Arquitectos-11-Alejandro-Gomez-Vives-420x420.jpg 420w, https:\/\/veredes.es\/blog\/wp-content\/uploads\/2026\/08\/Nuevo-hospital-de-Ontinyent-Contell-Martinez-Arquitectos-Manuel-Vega-Arquitectos-11-Alejandro-Gomez-Vives-696x696.jpg 696w, https:\/\/veredes.es\/blog\/wp-content\/uploads\/2026\/08\/Nuevo-hospital-de-Ontinyent-Contell-Martinez-Arquitectos-Manuel-Vega-Arquitectos-11-Alejandro-Gomez-Vives-1068x1068.jpg 1068w, https:\/\/veredes.es\/blog\/wp-content\/uploads\/2026\/08\/Nuevo-hospital-de-Ontinyent-Contell-Martinez-Arquitectos-Manuel-Vega-Arquitectos-11-Alejandro-Gomez-Vives.jpg 1200w\" sizes=\"auto, (max-width: 120px) 100vw, 120px\" \/><\/a>\n\t\t\t<\/div>\n\t\t\t\t<figcaption class='wp-caption-text gallery-caption' id='gallery-3-109027'>\n\t\t\t\tNuevo hospital de Ontinyent | Contell Mart\u00ednez Arquitectos &#8211; Manuel Vega Arquitectos \u00a9 Alejandro G\u00f3mez Vives\n\t\t\t\t<\/figcaption><\/figure><figure class='gallery-item'>\n\t\t\t<div class='gallery-icon landscape'>\n\t\t\t\t<a href='https:\/\/veredes.es\/blog\/wp-content\/uploads\/2026\/08\/Nuevo-hospital-de-Ontinyent-Contell-Martinez-Arquitectos-Manuel-Vega-Arquitectos-12-Alejandro-Gomez-Vives.jpg'><img loading=\"lazy\" decoding=\"async\" width=\"120\" height=\"120\" src=\"https:\/\/veredes.es\/blog\/wp-content\/uploads\/2026\/08\/Nuevo-hospital-de-Ontinyent-Contell-Martinez-Arquitectos-Manuel-Vega-Arquitectos-12-Alejandro-Gomez-Vives-120x120.jpg\" class=\"attachment-thumbnail size-thumbnail\" alt=\"Nuevo hospital de Ontinyent | Contell Mart\u00ednez Arquitectos - Manuel Vega Arquitectos \u00a9 Alejandro G\u00f3mez Vives\" aria-describedby=\"gallery-3-109028\" \/><\/a>\n\t\t\t<\/div>\n\t\t\t\t<figcaption class='wp-caption-text gallery-caption' id='gallery-3-109028'>\n\t\t\t\tNuevo hospital de Ontinyent | Contell Mart\u00ednez Arquitectos &#8211; Manuel Vega Arquitectos \u00a9 Alejandro G\u00f3mez Vives\n\t\t\t\t<\/figcaption><\/figure><figure class='gallery-item'>\n\t\t\t<div class='gallery-icon portrait'>\n\t\t\t\t<a href='https:\/\/veredes.es\/blog\/wp-content\/uploads\/2026\/08\/Nuevo-hospital-de-Ontinyent-Contell-Martinez-Arquitectos-Manuel-Vega-Arquitectos-13-Alejandro-Gomez-Vives.jpg'><img loading=\"lazy\" decoding=\"async\" width=\"120\" height=\"120\" src=\"https:\/\/veredes.es\/blog\/wp-content\/uploads\/2026\/08\/Nuevo-hospital-de-Ontinyent-Contell-Martinez-Arquitectos-Manuel-Vega-Arquitectos-13-Alejandro-Gomez-Vives-120x120.jpg\" class=\"attachment-thumbnail size-thumbnail\" alt=\"Nuevo hospital de Ontinyent | Contell Mart\u00ednez Arquitectos - Manuel Vega Arquitectos \u00a9 Alejandro G\u00f3mez Vives\" aria-describedby=\"gallery-3-109029\" \/><\/a>\n\t\t\t<\/div>\n\t\t\t\t<figcaption class='wp-caption-text gallery-caption' id='gallery-3-109029'>\n\t\t\t\tNuevo hospital de Ontinyent | Contell Mart\u00ednez Arquitectos &#8211; Manuel Vega Arquitectos \u00a9 Alejandro G\u00f3mez Vives\n\t\t\t\t<\/figcaption><\/figure><figure class='gallery-item'>\n\t\t\t<div class='gallery-icon landscape'>\n\t\t\t\t<a href='https:\/\/veredes.es\/blog\/wp-content\/uploads\/2026\/08\/Nuevo-hospital-de-Ontinyent-Contell-Martinez-Arquitectos-Manuel-Vega-Arquitectos-14-Alejandro-Gomez-Vives.jpg'><img loading=\"lazy\" decoding=\"async\" width=\"120\" height=\"120\" src=\"https:\/\/veredes.es\/blog\/wp-content\/uploads\/2026\/08\/Nuevo-hospital-de-Ontinyent-Contell-Martinez-Arquitectos-Manuel-Vega-Arquitectos-14-Alejandro-Gomez-Vives-120x120.jpg\" class=\"attachment-thumbnail size-thumbnail\" alt=\"\" aria-describedby=\"gallery-3-109030\" \/><\/a>\n\t\t\t<\/div>\n\t\t\t\t<figcaption class='wp-caption-text gallery-caption' id='gallery-3-109030'>\n\t\t\t\tNuevo hospital de Ontinyent | Contell Mart\u00ednez Arquitectos &#8211; Manuel Vega Arquitectos \u00a9 Alejandro G\u00f3mez Vives\n\t\t\t\t<\/figcaption><\/figure><figure class='gallery-item'>\n\t\t\t<div class='gallery-icon landscape'>\n\t\t\t\t<a href='https:\/\/veredes.es\/blog\/wp-content\/uploads\/2026\/08\/Nuevo-hospital-de-Ontinyent-Contell-Martinez-Arquitectos-Manuel-Vega-Arquitectos-15-Alejandro-Gomez-Vives.jpg'><img loading=\"lazy\" decoding=\"async\" width=\"120\" height=\"120\" src=\"https:\/\/veredes.es\/blog\/wp-content\/uploads\/2026\/08\/Nuevo-hospital-de-Ontinyent-Contell-Martinez-Arquitectos-Manuel-Vega-Arquitectos-15-Alejandro-Gomez-Vives-120x120.jpg\" class=\"attachment-thumbnail size-thumbnail\" alt=\"\" aria-describedby=\"gallery-3-109031\" \/><\/a>\n\t\t\t<\/div>\n\t\t\t\t<figcaption class='wp-caption-text gallery-caption' id='gallery-3-109031'>\n\t\t\t\tNuevo hospital de Ontinyent | Contell Mart\u00ednez Arquitectos &#8211; Manuel Vega Arquitectos \u00a9 Alejandro G\u00f3mez Vives\n\t\t\t\t<\/figcaption><\/figure><figure class='gallery-item'>\n\t\t\t<div class='gallery-icon landscape'>\n\t\t\t\t<a href='https:\/\/veredes.es\/blog\/wp-content\/uploads\/2026\/08\/Nuevo-hospital-de-Ontinyent-Contell-Martinez-Arquitectos-Manuel-Vega-Arquitectos-16-Alejandro-Gomez-Vives.jpg'><img loading=\"lazy\" decoding=\"async\" width=\"120\" height=\"120\" src=\"https:\/\/veredes.es\/blog\/wp-content\/uploads\/2026\/08\/Nuevo-hospital-de-Ontinyent-Contell-Martinez-Arquitectos-Manuel-Vega-Arquitectos-16-Alejandro-Gomez-Vives-120x120.jpg\" class=\"attachment-thumbnail size-thumbnail\" alt=\"\" aria-describedby=\"gallery-3-109032\" \/><\/a>\n\t\t\t<\/div>\n\t\t\t\t<figcaption class='wp-caption-text gallery-caption' id='gallery-3-109032'>\n\t\t\t\tNuevo hospital de Ontinyent | Contell Mart\u00ednez Arquitectos &#8211; Manuel Vega Arquitectos \u00a9 Alejandro G\u00f3mez Vives\n\t\t\t\t<\/figcaption><\/figure><figure class='gallery-item'>\n\t\t\t<div class='gallery-icon portrait'>\n\t\t\t\t<a href='https:\/\/veredes.es\/blog\/wp-content\/uploads\/2026\/08\/Nuevo-hospital-de-Ontinyent-Contell-Martinez-Arquitectos-Manuel-Vega-Arquitectos-17-Alejandro-Gomez-Vives.jpg'><img loading=\"lazy\" decoding=\"async\" width=\"120\" height=\"120\" src=\"https:\/\/veredes.es\/blog\/wp-content\/uploads\/2026\/08\/Nuevo-hospital-de-Ontinyent-Contell-Martinez-Arquitectos-Manuel-Vega-Arquitectos-17-Alejandro-Gomez-Vives-120x120.jpg\" class=\"attachment-thumbnail size-thumbnail\" alt=\"Nuevo hospital de Ontinyent | Contell Mart\u00ednez Arquitectos - Manuel Vega Arquitectos \u00a9 Alejandro G\u00f3mez Vives\" aria-describedby=\"gallery-3-109033\" \/><\/a>\n\t\t\t<\/div>\n\t\t\t\t<figcaption class='wp-caption-text gallery-caption' id='gallery-3-109033'>\n\t\t\t\tNuevo hospital de Ontinyent | Contell Mart\u00ednez Arquitectos &#8211; Manuel Vega Arquitectos \u00a9 Alejandro G\u00f3mez Vives\n\t\t\t\t<\/figcaption><\/figure><figure class='gallery-item'>\n\t\t\t<div class='gallery-icon landscape'>\n\t\t\t\t<a href='https:\/\/veredes.es\/blog\/wp-content\/uploads\/2026\/08\/Nuevo-hospital-de-Ontinyent-Contell-Martinez-Arquitectos-Manuel-Vega-Arquitectos-18-Alejandro-Gomez-Vives.jpg'><img loading=\"lazy\" decoding=\"async\" width=\"120\" height=\"120\" src=\"https:\/\/veredes.es\/blog\/wp-content\/uploads\/2026\/08\/Nuevo-hospital-de-Ontinyent-Contell-Martinez-Arquitectos-Manuel-Vega-Arquitectos-18-Alejandro-Gomez-Vives-120x120.jpg\" class=\"attachment-thumbnail size-thumbnail\" alt=\"\" aria-describedby=\"gallery-3-109034\" \/><\/a>\n\t\t\t<\/div>\n\t\t\t\t<figcaption class='wp-caption-text gallery-caption' id='gallery-3-109034'>\n\t\t\t\tNuevo hospital de Ontinyent | Contell Mart\u00ednez Arquitectos &#8211; Manuel Vega Arquitectos \u00a9 Alejandro G\u00f3mez Vives\n\t\t\t\t<\/figcaption><\/figure><figure class='gallery-item'>\n\t\t\t<div class='gallery-icon landscape'>\n\t\t\t\t<a href='https:\/\/veredes.es\/blog\/wp-content\/uploads\/2026\/08\/Nuevo-hospital-de-Ontinyent-Contell-Martinez-Arquitectos-Manuel-Vega-Arquitectos-19-Alejandro-Gomez-Vives.jpg'><img loading=\"lazy\" decoding=\"async\" width=\"120\" height=\"120\" src=\"https:\/\/veredes.es\/blog\/wp-content\/uploads\/2026\/08\/Nuevo-hospital-de-Ontinyent-Contell-Martinez-Arquitectos-Manuel-Vega-Arquitectos-19-Alejandro-Gomez-Vives-120x120.jpg\" class=\"attachment-thumbnail size-thumbnail\" alt=\"\" aria-describedby=\"gallery-3-109035\" \/><\/a>\n\t\t\t<\/div>\n\t\t\t\t<figcaption class='wp-caption-text gallery-caption' id='gallery-3-109035'>\n\t\t\t\tNuevo hospital de Ontinyent | Contell Mart\u00ednez Arquitectos &#8211; Manuel Vega Arquitectos \u00a9 Alejandro G\u00f3mez Vives\n\t\t\t\t<\/figcaption><\/figure><figure class='gallery-item'>\n\t\t\t<div class='gallery-icon portrait'>\n\t\t\t\t<a href='https:\/\/veredes.es\/blog\/wp-content\/uploads\/2026\/08\/Nuevo-hospital-de-Ontinyent-Contell-Martinez-Arquitectos-Manuel-Vega-Arquitectos-20-Alejandro-Gomez-Vives.jpg'><img loading=\"lazy\" decoding=\"async\" width=\"120\" height=\"120\" src=\"https:\/\/veredes.es\/blog\/wp-content\/uploads\/2026\/08\/Nuevo-hospital-de-Ontinyent-Contell-Martinez-Arquitectos-Manuel-Vega-Arquitectos-20-Alejandro-Gomez-Vives-120x120.jpg\" class=\"attachment-thumbnail size-thumbnail\" alt=\"\" aria-describedby=\"gallery-3-109036\" \/><\/a>\n\t\t\t<\/div>\n\t\t\t\t<figcaption class='wp-caption-text gallery-caption' id='gallery-3-109036'>\n\t\t\t\tNuevo hospital de Ontinyent | Contell Mart\u00ednez Arquitectos &#8211; Manuel Vega Arquitectos \u00a9 Alejandro G\u00f3mez Vives\n\t\t\t\t<\/figcaption><\/figure><figure class='gallery-item'>\n\t\t\t<div class='gallery-icon landscape'>\n\t\t\t\t<a href='https:\/\/veredes.es\/blog\/wp-content\/uploads\/2026\/08\/Nuevo-hospital-de-Ontinyent-Contell-Martinez-Arquitectos-Manuel-Vega-Arquitectos-21-Alejandro-Gomez-Vives.jpg'><img loading=\"lazy\" decoding=\"async\" width=\"120\" height=\"120\" src=\"https:\/\/veredes.es\/blog\/wp-content\/uploads\/2026\/08\/Nuevo-hospital-de-Ontinyent-Contell-Martinez-Arquitectos-Manuel-Vega-Arquitectos-21-Alejandro-Gomez-Vives-120x120.jpg\" class=\"attachment-thumbnail size-thumbnail\" alt=\"\" aria-describedby=\"gallery-3-109037\" srcset=\"https:\/\/veredes.es\/blog\/wp-content\/uploads\/2026\/08\/Nuevo-hospital-de-Ontinyent-Contell-Martinez-Arquitectos-Manuel-Vega-Arquitectos-21-Alejandro-Gomez-Vives-120x120.jpg 120w, https:\/\/veredes.es\/blog\/wp-content\/uploads\/2026\/08\/Nuevo-hospital-de-Ontinyent-Contell-Martinez-Arquitectos-Manuel-Vega-Arquitectos-21-Alejandro-Gomez-Vives-300x300.jpg 300w, https:\/\/veredes.es\/blog\/wp-content\/uploads\/2026\/08\/Nuevo-hospital-de-Ontinyent-Contell-Martinez-Arquitectos-Manuel-Vega-Arquitectos-21-Alejandro-Gomez-Vives-1024x1024.jpg 1024w, https:\/\/veredes.es\/blog\/wp-content\/uploads\/2026\/08\/Nuevo-hospital-de-Ontinyent-Contell-Martinez-Arquitectos-Manuel-Vega-Arquitectos-21-Alejandro-Gomez-Vives-420x420.jpg 420w, https:\/\/veredes.es\/blog\/wp-content\/uploads\/2026\/08\/Nuevo-hospital-de-Ontinyent-Contell-Martinez-Arquitectos-Manuel-Vega-Arquitectos-21-Alejandro-Gomez-Vives-696x696.jpg 696w, https:\/\/veredes.es\/blog\/wp-content\/uploads\/2026\/08\/Nuevo-hospital-de-Ontinyent-Contell-Martinez-Arquitectos-Manuel-Vega-Arquitectos-21-Alejandro-Gomez-Vives-1068x1068.jpg 1068w, https:\/\/veredes.es\/blog\/wp-content\/uploads\/2026\/08\/Nuevo-hospital-de-Ontinyent-Contell-Martinez-Arquitectos-Manuel-Vega-Arquitectos-21-Alejandro-Gomez-Vives.jpg 1200w\" sizes=\"auto, (max-width: 120px) 100vw, 120px\" \/><\/a>\n\t\t\t<\/div>\n\t\t\t\t<figcaption class='wp-caption-text gallery-caption' id='gallery-3-109037'>\n\t\t\t\tNuevo hospital de Ontinyent | Contell Mart\u00ednez Arquitectos &#8211; Manuel Vega Arquitectos \u00a9 Alejandro G\u00f3mez Vives\n\t\t\t\t<\/figcaption><\/figure><figure class='gallery-item'>\n\t\t\t<div class='gallery-icon landscape'>\n\t\t\t\t<a href='https:\/\/veredes.es\/blog\/wp-content\/uploads\/2026\/08\/Nuevo-hospital-de-Ontinyent-Contell-Martinez-Arquitectos-Manuel-Vega-Arquitectos-22-Alejandro-Gomez-Vives.jpg'><img loading=\"lazy\" decoding=\"async\" width=\"120\" height=\"120\" src=\"https:\/\/veredes.es\/blog\/wp-content\/uploads\/2026\/08\/Nuevo-hospital-de-Ontinyent-Contell-Martinez-Arquitectos-Manuel-Vega-Arquitectos-22-Alejandro-Gomez-Vives-120x120.jpg\" class=\"attachment-thumbnail size-thumbnail\" alt=\"\" aria-describedby=\"gallery-3-109038\" \/><\/a>\n\t\t\t<\/div>\n\t\t\t\t<figcaption class='wp-caption-text gallery-caption' id='gallery-3-109038'>\n\t\t\t\tNuevo hospital de Ontinyent | Contell Mart\u00ednez Arquitectos &#8211; Manuel Vega Arquitectos \u00a9 Alejandro G\u00f3mez Vives\n\t\t\t\t<\/figcaption><\/figure><figure class='gallery-item'>\n\t\t\t<div class='gallery-icon portrait'>\n\t\t\t\t<a href='https:\/\/veredes.es\/blog\/wp-content\/uploads\/2026\/08\/Nuevo-hospital-de-Ontinyent-Contell-Martinez-Arquitectos-Manuel-Vega-Arquitectos-23-Alejandro-Gomez-Vives.jpg'><img loading=\"lazy\" decoding=\"async\" width=\"120\" height=\"120\" src=\"https:\/\/veredes.es\/blog\/wp-content\/uploads\/2026\/08\/Nuevo-hospital-de-Ontinyent-Contell-Martinez-Arquitectos-Manuel-Vega-Arquitectos-23-Alejandro-Gomez-Vives-120x120.jpg\" class=\"attachment-thumbnail size-thumbnail\" alt=\"\" aria-describedby=\"gallery-3-109039\" \/><\/a>\n\t\t\t<\/div>\n\t\t\t\t<figcaption class='wp-caption-text gallery-caption' id='gallery-3-109039'>\n\t\t\t\tNuevo hospital de Ontinyent | Contell Mart\u00ednez Arquitectos &#8211; Manuel Vega Arquitectos \u00a9 Alejandro G\u00f3mez Vives\n\t\t\t\t<\/figcaption><\/figure><figure class='gallery-item'>\n\t\t\t<div class='gallery-icon portrait'>\n\t\t\t\t<a href='https:\/\/veredes.es\/blog\/wp-content\/uploads\/2026\/08\/Nuevo-hospital-de-Ontinyent-Contell-Martinez-Arquitectos-Manuel-Vega-Arquitectos-24-Alejandro-Gomez-Vives.jpg'><img loading=\"lazy\" decoding=\"async\" width=\"120\" height=\"120\" src=\"https:\/\/veredes.es\/blog\/wp-content\/uploads\/2026\/08\/Nuevo-hospital-de-Ontinyent-Contell-Martinez-Arquitectos-Manuel-Vega-Arquitectos-24-Alejandro-Gomez-Vives-120x120.jpg\" class=\"attachment-thumbnail size-thumbnail\" alt=\"\" aria-describedby=\"gallery-3-109040\" \/><\/a>\n\t\t\t<\/div>\n\t\t\t\t<figcaption class='wp-caption-text gallery-caption' id='gallery-3-109040'>\n\t\t\t\tNuevo hospital de Ontinyent | Contell Mart\u00ednez Arquitectos &#8211; Manuel Vega Arquitectos \u00a9 Alejandro G\u00f3mez Vives\n\t\t\t\t<\/figcaption><\/figure><figure class='gallery-item'>\n\t\t\t<div class='gallery-icon landscape'>\n\t\t\t\t<a href='https:\/\/veredes.es\/blog\/wp-content\/uploads\/2026\/08\/Nuevo-hospital-de-Ontinyent-Contell-Martinez-Arquitectos-Manuel-Vega-Arquitectos-25-Alejandro-Gomez-Vives.jpg'><img loading=\"lazy\" decoding=\"async\" width=\"120\" height=\"120\" src=\"https:\/\/veredes.es\/blog\/wp-content\/uploads\/2026\/08\/Nuevo-hospital-de-Ontinyent-Contell-Martinez-Arquitectos-Manuel-Vega-Arquitectos-25-Alejandro-Gomez-Vives-120x120.jpg\" class=\"attachment-thumbnail size-thumbnail\" alt=\"\" aria-describedby=\"gallery-3-109041\" \/><\/a>\n\t\t\t<\/div>\n\t\t\t\t<figcaption class='wp-caption-text gallery-caption' id='gallery-3-109041'>\n\t\t\t\tNuevo hospital de Ontinyent | Contell Mart\u00ednez Arquitectos &#8211; Manuel Vega Arquitectos \u00a9 Alejandro G\u00f3mez Vives\n\t\t\t\t<\/figcaption><\/figure><figure class='gallery-item'>\n\t\t\t<div class='gallery-icon landscape'>\n\t\t\t\t<a href='https:\/\/veredes.es\/blog\/wp-content\/uploads\/2026\/08\/Nuevo-hospital-de-Ontinyent-Contell-Martinez-Arquitectos-Manuel-Vega-Arquitectos-26-Alejandro-Gomez-Vives.jpg'><img loading=\"lazy\" decoding=\"async\" width=\"120\" height=\"120\" src=\"https:\/\/veredes.es\/blog\/wp-content\/uploads\/2026\/08\/Nuevo-hospital-de-Ontinyent-Contell-Martinez-Arquitectos-Manuel-Vega-Arquitectos-26-Alejandro-Gomez-Vives-120x120.jpg\" class=\"attachment-thumbnail size-thumbnail\" alt=\"Nuevo hospital de Ontinyent | Contell Mart\u00ednez Arquitectos - Manuel Vega Arquitectos \u00a9 Alejandro G\u00f3mez Vives\" aria-describedby=\"gallery-3-109042\" srcset=\"https:\/\/veredes.es\/blog\/wp-content\/uploads\/2026\/08\/Nuevo-hospital-de-Ontinyent-Contell-Martinez-Arquitectos-Manuel-Vega-Arquitectos-26-Alejandro-Gomez-Vives-120x120.jpg 120w, https:\/\/veredes.es\/blog\/wp-content\/uploads\/2026\/08\/Nuevo-hospital-de-Ontinyent-Contell-Martinez-Arquitectos-Manuel-Vega-Arquitectos-26-Alejandro-Gomez-Vives-300x300.jpg 300w, https:\/\/veredes.es\/blog\/wp-content\/uploads\/2026\/08\/Nuevo-hospital-de-Ontinyent-Contell-Martinez-Arquitectos-Manuel-Vega-Arquitectos-26-Alejandro-Gomez-Vives-1024x1024.jpg 1024w, https:\/\/veredes.es\/blog\/wp-content\/uploads\/2026\/08\/Nuevo-hospital-de-Ontinyent-Contell-Martinez-Arquitectos-Manuel-Vega-Arquitectos-26-Alejandro-Gomez-Vives-420x420.jpg 420w, https:\/\/veredes.es\/blog\/wp-content\/uploads\/2026\/08\/Nuevo-hospital-de-Ontinyent-Contell-Martinez-Arquitectos-Manuel-Vega-Arquitectos-26-Alejandro-Gomez-Vives-696x696.jpg 696w, https:\/\/veredes.es\/blog\/wp-content\/uploads\/2026\/08\/Nuevo-hospital-de-Ontinyent-Contell-Martinez-Arquitectos-Manuel-Vega-Arquitectos-26-Alejandro-Gomez-Vives-1068x1068.jpg 1068w, https:\/\/veredes.es\/blog\/wp-content\/uploads\/2026\/08\/Nuevo-hospital-de-Ontinyent-Contell-Martinez-Arquitectos-Manuel-Vega-Arquitectos-26-Alejandro-Gomez-Vives.jpg 1200w\" sizes=\"auto, (max-width: 120px) 100vw, 120px\" \/><\/a>\n\t\t\t<\/div>\n\t\t\t\t<figcaption class='wp-caption-text gallery-caption' id='gallery-3-109042'>\n\t\t\t\tNuevo hospital de Ontinyent | Contell Mart\u00ednez Arquitectos &#8211; Manuel Vega Arquitectos \u00a9 Alejandro G\u00f3mez Vives\n\t\t\t\t<\/figcaption><\/figure><figure class='gallery-item'>\n\t\t\t<div class='gallery-icon landscape'>\n\t\t\t\t<a href='https:\/\/veredes.es\/blog\/wp-content\/uploads\/2026\/08\/Nuevo-hospital-de-Ontinyent-Contell-Martinez-Arquitectos-Manuel-Vega-Arquitectos-27-Alejandro-Gomez-Vives.jpg'><img loading=\"lazy\" decoding=\"async\" width=\"120\" height=\"120\" src=\"https:\/\/veredes.es\/blog\/wp-content\/uploads\/2026\/08\/Nuevo-hospital-de-Ontinyent-Contell-Martinez-Arquitectos-Manuel-Vega-Arquitectos-27-Alejandro-Gomez-Vives-120x120.jpg\" class=\"attachment-thumbnail size-thumbnail\" alt=\"\" aria-describedby=\"gallery-3-109043\" \/><\/a>\n\t\t\t<\/div>\n\t\t\t\t<figcaption class='wp-caption-text gallery-caption' id='gallery-3-109043'>\n\t\t\t\tNuevo hospital de Ontinyent | Contell Mart\u00ednez Arquitectos &#8211; Manuel Vega Arquitectos \u00a9 Alejandro G\u00f3mez Vives\n\t\t\t\t<\/figcaption><\/figure><figure class='gallery-item'>\n\t\t\t<div class='gallery-icon landscape'>\n\t\t\t\t<a href='https:\/\/veredes.es\/blog\/wp-content\/uploads\/2026\/08\/Nuevo-hospital-de-Ontinyent-Contell-Martinez-Arquitectos-Manuel-Vega-Arquitectos-28-Alejandro-Gomez-Vives.jpg'><img loading=\"lazy\" decoding=\"async\" width=\"120\" height=\"120\" src=\"https:\/\/veredes.es\/blog\/wp-content\/uploads\/2026\/08\/Nuevo-hospital-de-Ontinyent-Contell-Martinez-Arquitectos-Manuel-Vega-Arquitectos-28-Alejandro-Gomez-Vives-120x120.jpg\" class=\"attachment-thumbnail size-thumbnail\" alt=\"\" aria-describedby=\"gallery-3-109044\" \/><\/a>\n\t\t\t<\/div>\n\t\t\t\t<figcaption class='wp-caption-text gallery-caption' id='gallery-3-109044'>\n\t\t\t\tNuevo hospital de Ontinyent | Contell Mart\u00ednez Arquitectos &#8211; Manuel Vega Arquitectos \u00a9 Alejandro G\u00f3mez Vives\n\t\t\t\t<\/figcaption><\/figure><figure class='gallery-item'>\n\t\t\t<div class='gallery-icon landscape'>\n\t\t\t\t<a href='https:\/\/veredes.es\/blog\/wp-content\/uploads\/2026\/08\/Nuevo-hospital-de-Ontinyent-Contell-Martinez-Arquitectos-Manuel-Vega-Arquitectos-29-Alejandro-Gomez-Vives.jpg'><img loading=\"lazy\" decoding=\"async\" width=\"120\" height=\"120\" src=\"https:\/\/veredes.es\/blog\/wp-content\/uploads\/2026\/08\/Nuevo-hospital-de-Ontinyent-Contell-Martinez-Arquitectos-Manuel-Vega-Arquitectos-29-Alejandro-Gomez-Vives-120x120.jpg\" class=\"attachment-thumbnail size-thumbnail\" alt=\"\" aria-describedby=\"gallery-3-109045\" \/><\/a>\n\t\t\t<\/div>\n\t\t\t\t<figcaption class='wp-caption-text gallery-caption' id='gallery-3-109045'>\n\t\t\t\tNuevo hospital de Ontinyent | Contell Mart\u00ednez Arquitectos &#8211; Manuel Vega Arquitectos \u00a9 Alejandro G\u00f3mez Vives\n\t\t\t\t<\/figcaption><\/figure><figure class='gallery-item'>\n\t\t\t<div class='gallery-icon portrait'>\n\t\t\t\t<a href='https:\/\/veredes.es\/blog\/wp-content\/uploads\/2026\/08\/Nuevo-hospital-de-Ontinyent-Contell-Martinez-Arquitectos-Manuel-Vega-Arquitectos-30-Alejandro-Gomez-Vives.jpg'><img loading=\"lazy\" decoding=\"async\" width=\"120\" height=\"120\" src=\"https:\/\/veredes.es\/blog\/wp-content\/uploads\/2026\/08\/Nuevo-hospital-de-Ontinyent-Contell-Martinez-Arquitectos-Manuel-Vega-Arquitectos-30-Alejandro-Gomez-Vives-120x120.jpg\" class=\"attachment-thumbnail size-thumbnail\" alt=\"\" aria-describedby=\"gallery-3-109046\" \/><\/a>\n\t\t\t<\/div>\n\t\t\t\t<figcaption class='wp-caption-text gallery-caption' id='gallery-3-109046'>\n\t\t\t\tNuevo hospital de Ontinyent | Contell Mart\u00ednez Arquitectos &#8211; Manuel Vega Arquitectos \u00a9 Alejandro G\u00f3mez Vives\n\t\t\t\t<\/figcaption><\/figure>\n\t\t<\/div>\n\n<p>Obra: Nuevo hospital de Ontinyent<br \/>\nSituaci\u00f3n: Pol\u00edgono Casa Balones, 1. Ontinyent (Valencia, eSPA\u00d1A)<br \/>\nAutores de la obra y directores de obra: Contell Mart\u00ednez Arquitectos (M\u00aa Dolores Contell Jurado, Juan Miguel Mart\u00ednez L\u00f3pez) &#8211; Manuel Vega Arquitectos s.l.p. (Manuel Vega Uy\u00e1)<br \/>\nColaboradores: Fco. Javier Cases Beltr\u00e1n (c\u00e1lculo de estructuras), Mar\u00eda Lamela Mart\u00edn (direcci\u00f3n de ejecuci\u00f3n), Leing, S.L. (instalaciones)<br \/>\nPromotor: Conselleria de Sanitat, Generalitat Valenciana.<br \/>\nEmpresa constructora: OHLA<br \/>\nA\u00f1o: Marzo 2024<br \/>\n\u00c1rea: 28.006 m2<br \/>\nFotograf\u00edas: De la obra terminada: Alejandro G\u00f3mez Vives &#8211; De la maqueta: David Zarzoso<br \/>\n<a href=\"https:\/\/contell-martinez.com\/\" target=\"_blank\" rel=\"noopener\"><span style=\"color: #999999;\">+ contell-martinez.com<\/span><\/a><br \/>\n<a href=\"http:\/\/www.mvegaarquitectos.es\/\" target=\"_blank\" rel=\"noopener\"><span style=\"color: #999999;\">+ mvegaarquitectos.es<\/span><\/a><\/p>\n","protected":false},"excerpt":{"rendered":"<p>El nuevo Hospital de Ontinyent se ubica al sur del municipio, en el pol\u00edgono \u201cCasa Balones\u201d, en una zona heterog\u00e9nea de edificaciones, zonas de cultivo y alg\u00fan equipamiento. La parcela es sensiblemente rectangular, de aproximadamente doscientos setenta y cinco por ciento quince metros y con un desnivel equivalente a dos plantas en ambas direcciones. La [&hellip;]<\/p>\n","protected":false},"author":2,"featured_media":109033,"comment_status":"open","ping_status":"closed","sticky":false,"template":"","format":"standard","meta":{"footnotes":""},"categories":[34,488,50,23,5951],"tags":[11183,14873,12457,12451,13737,18513,14872],"class_list":["post-109014","post","type-post","status-publish","format-standard","has-post-thumbnail","category-arquitectura","category-equipamiento-dotacional","category-equipamiento-sanitario","category-obras","category-slider-principal","tag-arquitectura-valenciana","tag-contell-martinez-arquitectos","tag-equipamiento-dotacional","tag-equipamiento-sanitario","tag-juan-miguel-martinez","tag-manuel-vega-arquitectos","tag-ma-dolores-contell"],"yoast_head":"<!-- This site is optimized with the Yoast SEO plugin v28.4 - https:\/\/yoast.com\/product\/yoast-seo-wordpress\/ -->\n<title>Nuevo hospital de Ontinyent | Contell Mart\u00ednez Arquitectos - Manuel Vega Arquitectos - veredes<\/title>\n<meta name=\"description\" content=\"Toda la informaci\u00f3n sobre: Nuevo hospital de Ontinyent | Contell Mart\u00ednez Arquitectos - Manuel Vega Arquitectos\" \/>\n<meta name=\"robots\" content=\"index, follow, max-snippet:-1, max-image-preview:large, max-video-preview:-1\" \/>\n<link rel=\"canonical\" href=\"https:\/\/veredes.es\/blog\/nuevo-hospital-de-ontinyent-contell-martinez-arquitectos-manuel-vega-arquitectos\/\" \/>\n<meta property=\"og:locale\" content=\"es_ES\" \/>\n<meta property=\"og:type\" content=\"article\" \/>\n<meta property=\"og:title\" content=\"Nuevo hospital de Ontinyent | Contell Mart\u00ednez Arquitectos - Manuel Vega Arquitectos - veredes\" \/>\n<meta property=\"og:description\" content=\"Toda la informaci\u00f3n sobre: Nuevo hospital de Ontinyent | Contell Mart\u00ednez Arquitectos - Manuel Vega Arquitectos\" \/>\n<meta property=\"og:url\" content=\"https:\/\/veredes.es\/blog\/nuevo-hospital-de-ontinyent-contell-martinez-arquitectos-manuel-vega-arquitectos\/\" \/>\n<meta property=\"og:site_name\" content=\"veredes, arquitectura y divulgaci\u00f3n\" \/>\n<meta property=\"article:publisher\" content=\"https:\/\/www.facebook.com\/veredesArquitecturayDivulgacion\/\" \/>\n<meta property=\"article:author\" content=\"https:\/\/www.facebook.com\/veredesArquitecturayDivulgacion\/\" \/>\n<meta property=\"article:published_time\" content=\"2026-09-01T22:01:37+00:00\" \/>\n<meta property=\"og:image\" content=\"https:\/\/veredes.es\/blog\/wp-content\/uploads\/2026\/08\/Nuevo-hospital-de-Ontinyent-Contell-Martinez-Arquitectos-Manuel-Vega-Arquitectos-17-Alejandro-Gomez-Vives.jpg\" \/>\n\t<meta property=\"og:image:width\" content=\"800\" \/>\n\t<meta property=\"og:image:height\" content=\"1200\" \/>\n\t<meta property=\"og:image:type\" content=\"image\/jpeg\" \/>\n<meta name=\"author\" content=\"veredes\" \/>\n<meta name=\"twitter:card\" content=\"summary_large_image\" \/>\n<meta name=\"twitter:creator\" content=\"@https:\/\/twitter.com\/veredes\" \/>\n<meta name=\"twitter:site\" content=\"@veredes\" \/>\n<meta name=\"twitter:label1\" content=\"Escrito por\" \/>\n\t<meta name=\"twitter:data1\" content=\"veredes\" \/>\n\t<meta name=\"twitter:label2\" content=\"Tiempo de lectura\" \/>\n\t<meta name=\"twitter:data2\" content=\"5 minutos\" \/>\n<script type=\"application\/ld+json\" class=\"yoast-schema-graph\">{\"@context\":\"https:\\\/\\\/schema.org\",\"@graph\":[{\"@type\":\"Article\",\"@id\":\"https:\\\/\\\/veredes.es\\\/blog\\\/nuevo-hospital-de-ontinyent-contell-martinez-arquitectos-manuel-vega-arquitectos\\\/#article\",\"isPartOf\":{\"@id\":\"https:\\\/\\\/veredes.es\\\/blog\\\/nuevo-hospital-de-ontinyent-contell-martinez-arquitectos-manuel-vega-arquitectos\\\/\"},\"author\":{\"name\":\"veredes\",\"@id\":\"https:\\\/\\\/veredes.es\\\/blog\\\/#\\\/schema\\\/person\\\/0bbb669073ef7faba5168a0844e93d2c\"},\"headline\":\"Nuevo hospital de Ontinyent | Contell Mart\u00ednez Arquitectos &#8211; Manuel Vega Arquitectos\",\"datePublished\":\"2026-09-01T22:01:37+00:00\",\"mainEntityOfPage\":{\"@id\":\"https:\\\/\\\/veredes.es\\\/blog\\\/nuevo-hospital-de-ontinyent-contell-martinez-arquitectos-manuel-vega-arquitectos\\\/\"},\"wordCount\":741,\"commentCount\":0,\"publisher\":{\"@id\":\"https:\\\/\\\/veredes.es\\\/blog\\\/#organization\"},\"image\":{\"@id\":\"https:\\\/\\\/veredes.es\\\/blog\\\/nuevo-hospital-de-ontinyent-contell-martinez-arquitectos-manuel-vega-arquitectos\\\/#primaryimage\"},\"thumbnailUrl\":\"https:\\\/\\\/veredes.es\\\/blog\\\/wp-content\\\/uploads\\\/2026\\\/08\\\/Nuevo-hospital-de-Ontinyent-Contell-Martinez-Arquitectos-Manuel-Vega-Arquitectos-17-Alejandro-Gomez-Vives.jpg\",\"keywords\":[\"arquitectura valenciana\",\"Contell Mart\u00ednez Arquitectos\",\"equipamiento dotacional\",\"equipamiento sanitario\",\"Juan Miguel Mart\u00ednez\",\"Manuel Vega Arquitectos\",\"M\u00aa Dolores Contell\"],\"articleSection\":[\"arquitectura\",\"equipamiento dotacional\",\"equipamiento sanitario\",\"obras\",\"slider principal\"],\"inLanguage\":\"es\",\"potentialAction\":[{\"@type\":\"CommentAction\",\"name\":\"Comment\",\"target\":[\"https:\\\/\\\/veredes.es\\\/blog\\\/nuevo-hospital-de-ontinyent-contell-martinez-arquitectos-manuel-vega-arquitectos\\\/#respond\"]}]},{\"@type\":\"WebPage\",\"@id\":\"https:\\\/\\\/veredes.es\\\/blog\\\/nuevo-hospital-de-ontinyent-contell-martinez-arquitectos-manuel-vega-arquitectos\\\/\",\"url\":\"https:\\\/\\\/veredes.es\\\/blog\\\/nuevo-hospital-de-ontinyent-contell-martinez-arquitectos-manuel-vega-arquitectos\\\/\",\"name\":\"Nuevo hospital de Ontinyent | Contell Mart\u00ednez Arquitectos - Manuel Vega Arquitectos - veredes\",\"isPartOf\":{\"@id\":\"https:\\\/\\\/veredes.es\\\/blog\\\/#website\"},\"primaryImageOfPage\":{\"@id\":\"https:\\\/\\\/veredes.es\\\/blog\\\/nuevo-hospital-de-ontinyent-contell-martinez-arquitectos-manuel-vega-arquitectos\\\/#primaryimage\"},\"image\":{\"@id\":\"https:\\\/\\\/veredes.es\\\/blog\\\/nuevo-hospital-de-ontinyent-contell-martinez-arquitectos-manuel-vega-arquitectos\\\/#primaryimage\"},\"thumbnailUrl\":\"https:\\\/\\\/veredes.es\\\/blog\\\/wp-content\\\/uploads\\\/2026\\\/08\\\/Nuevo-hospital-de-Ontinyent-Contell-Martinez-Arquitectos-Manuel-Vega-Arquitectos-17-Alejandro-Gomez-Vives.jpg\",\"datePublished\":\"2026-09-01T22:01:37+00:00\",\"description\":\"Toda la informaci\u00f3n sobre: Nuevo hospital de Ontinyent | Contell Mart\u00ednez Arquitectos - Manuel Vega Arquitectos\",\"breadcrumb\":{\"@id\":\"https:\\\/\\\/veredes.es\\\/blog\\\/nuevo-hospital-de-ontinyent-contell-martinez-arquitectos-manuel-vega-arquitectos\\\/#breadcrumb\"},\"inLanguage\":\"es\",\"potentialAction\":[{\"@type\":\"ReadAction\",\"target\":[\"https:\\\/\\\/veredes.es\\\/blog\\\/nuevo-hospital-de-ontinyent-contell-martinez-arquitectos-manuel-vega-arquitectos\\\/\"]}]},{\"@type\":\"ImageObject\",\"inLanguage\":\"es\",\"@id\":\"https:\\\/\\\/veredes.es\\\/blog\\\/nuevo-hospital-de-ontinyent-contell-martinez-arquitectos-manuel-vega-arquitectos\\\/#primaryimage\",\"url\":\"https:\\\/\\\/veredes.es\\\/blog\\\/wp-content\\\/uploads\\\/2026\\\/08\\\/Nuevo-hospital-de-Ontinyent-Contell-Martinez-Arquitectos-Manuel-Vega-Arquitectos-17-Alejandro-Gomez-Vives.jpg\",\"contentUrl\":\"https:\\\/\\\/veredes.es\\\/blog\\\/wp-content\\\/uploads\\\/2026\\\/08\\\/Nuevo-hospital-de-Ontinyent-Contell-Martinez-Arquitectos-Manuel-Vega-Arquitectos-17-Alejandro-Gomez-Vives.jpg\",\"width\":800,\"height\":1200,\"caption\":\"Nuevo hospital de Ontinyent | Contell Mart\u00ednez Arquitectos - Manuel Vega Arquitectos \u00a9 Alejandro G\u00f3mez Vives\"},{\"@type\":\"BreadcrumbList\",\"@id\":\"https:\\\/\\\/veredes.es\\\/blog\\\/nuevo-hospital-de-ontinyent-contell-martinez-arquitectos-manuel-vega-arquitectos\\\/#breadcrumb\",\"itemListElement\":[{\"@type\":\"ListItem\",\"position\":1,\"name\":\"Portada\",\"item\":\"https:\\\/\\\/veredes.es\\\/blog\\\/\"},{\"@type\":\"ListItem\",\"position\":2,\"name\":\"Nuevo hospital de Ontinyent | Contell Mart\u00ednez Arquitectos &#8211; Manuel Vega Arquitectos\"}]},{\"@type\":\"WebSite\",\"@id\":\"https:\\\/\\\/veredes.es\\\/blog\\\/#website\",\"url\":\"https:\\\/\\\/veredes.es\\\/blog\\\/\",\"name\":\"veredes, arquitectura y divulgaci\u00f3n\",\"description\":\"veredes\",\"publisher\":{\"@id\":\"https:\\\/\\\/veredes.es\\\/blog\\\/#organization\"},\"alternateName\":\"veredes\",\"potentialAction\":[{\"@type\":\"SearchAction\",\"target\":{\"@type\":\"EntryPoint\",\"urlTemplate\":\"https:\\\/\\\/veredes.es\\\/blog\\\/?s={search_term_string}\"},\"query-input\":{\"@type\":\"PropertyValueSpecification\",\"valueRequired\":true,\"valueName\":\"search_term_string\"}}],\"inLanguage\":\"es\"},{\"@type\":\"Organization\",\"@id\":\"https:\\\/\\\/veredes.es\\\/blog\\\/#organization\",\"name\":\"veredes, arquitectura y divulgaci\u00f3n\",\"alternateName\":\"veredes\",\"url\":\"https:\\\/\\\/veredes.es\\\/blog\\\/\",\"logo\":{\"@type\":\"ImageObject\",\"inLanguage\":\"es\",\"@id\":\"https:\\\/\\\/veredes.es\\\/blog\\\/#\\\/schema\\\/logo\\\/image\\\/\",\"url\":\"https:\\\/\\\/veredes.es\\\/blog\\\/wp-content\\\/uploads\\\/2021\\\/12\\\/veredes-logo-centrado_140x54.png\",\"contentUrl\":\"https:\\\/\\\/veredes.es\\\/blog\\\/wp-content\\\/uploads\\\/2021\\\/12\\\/veredes-logo-centrado_140x54.png\",\"width\":140,\"height\":54,\"caption\":\"veredes, arquitectura y divulgaci\u00f3n\"},\"image\":{\"@id\":\"https:\\\/\\\/veredes.es\\\/blog\\\/#\\\/schema\\\/logo\\\/image\\\/\"},\"sameAs\":[\"https:\\\/\\\/www.facebook.com\\\/veredesArquitecturayDivulgacion\\\/\",\"https:\\\/\\\/x.com\\\/veredes\",\"https:\\\/\\\/instagram.com\\\/veredes\\\/\",\"https:\\\/\\\/www.linkedin.com\\\/company\\\/veredes-arquitectura-y-divulgacion\\\/\",\"https:\\\/\\\/es.pinterest.com\\\/veredes\\\/\",\"https:\\\/\\\/www.tumblr.com\\\/veredes\"]},{\"@type\":\"Person\",\"@id\":\"https:\\\/\\\/veredes.es\\\/blog\\\/#\\\/schema\\\/person\\\/0bbb669073ef7faba5168a0844e93d2c\",\"name\":\"veredes\",\"image\":{\"@type\":\"ImageObject\",\"inLanguage\":\"es\",\"@id\":\"https:\\\/\\\/veredes.es\\\/blog\\\/wp-content\\\/uploads\\\/2018\\\/04\\\/face-96x96.jpg\",\"url\":\"https:\\\/\\\/veredes.es\\\/blog\\\/wp-content\\\/uploads\\\/2018\\\/04\\\/face-96x96.jpg\",\"contentUrl\":\"https:\\\/\\\/veredes.es\\\/blog\\\/wp-content\\\/uploads\\\/2018\\\/04\\\/face-96x96.jpg\",\"caption\":\"veredes\"},\"description\":\"Surge enero de 2009 como b\u00fasqueda de satisfacer el conocimiento de la actividad arquitect\u00f3nica y tangentes que se generan. La idea es crear un espacio para divulgar los diversos proyectos en busca de nueva inspiraci\u00f3n y de intercambio.\",\"sameAs\":[\"https:\\\/\\\/veredes.es\\\/\",\"https:\\\/\\\/www.facebook.com\\\/veredesArquitecturayDivulgacion\\\/\",\"https:\\\/\\\/www.instagram.com\\\/veredes\\\/\",\"https:\\\/\\\/www.linkedin.com\\\/company\\\/veredes-arquitectura-y-divulgacion\\\/\",\"https:\\\/\\\/www.pinterest.es\\\/veredes\\\/\",\"https:\\\/\\\/x.com\\\/https:\\\/\\\/twitter.com\\\/veredes\",\"https:\\\/\\\/veredes.tumblr.com\\\/\"],\"url\":\"https:\\\/\\\/veredes.es\\\/blog\\\/author\\\/alberto\\\/\"}]}<\/script>\n<!-- \/ Yoast SEO plugin. -->","yoast_head_json":{"title":"Nuevo hospital de Ontinyent | Contell Mart\u00ednez Arquitectos - Manuel Vega Arquitectos - veredes","description":"Toda la informaci\u00f3n sobre: Nuevo hospital de Ontinyent | Contell Mart\u00ednez Arquitectos - Manuel Vega Arquitectos","robots":{"index":"index","follow":"follow","max-snippet":"max-snippet:-1","max-image-preview":"max-image-preview:large","max-video-preview":"max-video-preview:-1"},"canonical":"https:\/\/veredes.es\/blog\/nuevo-hospital-de-ontinyent-contell-martinez-arquitectos-manuel-vega-arquitectos\/","og_locale":"es_ES","og_type":"article","og_title":"Nuevo hospital de Ontinyent | Contell Mart\u00ednez Arquitectos - Manuel Vega Arquitectos - veredes","og_description":"Toda la informaci\u00f3n sobre: Nuevo hospital de Ontinyent | Contell Mart\u00ednez Arquitectos - Manuel Vega Arquitectos","og_url":"https:\/\/veredes.es\/blog\/nuevo-hospital-de-ontinyent-contell-martinez-arquitectos-manuel-vega-arquitectos\/","og_site_name":"veredes, arquitectura y divulgaci\u00f3n","article_publisher":"https:\/\/www.facebook.com\/veredesArquitecturayDivulgacion\/","article_author":"https:\/\/www.facebook.com\/veredesArquitecturayDivulgacion\/","article_published_time":"2026-09-01T22:01:37+00:00","og_image":[{"width":800,"height":1200,"url":"https:\/\/veredes.es\/blog\/wp-content\/uploads\/2026\/08\/Nuevo-hospital-de-Ontinyent-Contell-Martinez-Arquitectos-Manuel-Vega-Arquitectos-17-Alejandro-Gomez-Vives.jpg","type":"image\/jpeg"}],"author":"veredes","twitter_card":"summary_large_image","twitter_creator":"@https:\/\/twitter.com\/veredes","twitter_site":"@veredes","twitter_misc":{"Escrito por":"veredes","Tiempo de lectura":"5 minutos"},"schema":{"@context":"https:\/\/schema.org","@graph":[{"@type":"Article","@id":"https:\/\/veredes.es\/blog\/nuevo-hospital-de-ontinyent-contell-martinez-arquitectos-manuel-vega-arquitectos\/#article","isPartOf":{"@id":"https:\/\/veredes.es\/blog\/nuevo-hospital-de-ontinyent-contell-martinez-arquitectos-manuel-vega-arquitectos\/"},"author":{"name":"veredes","@id":"https:\/\/veredes.es\/blog\/#\/schema\/person\/0bbb669073ef7faba5168a0844e93d2c"},"headline":"Nuevo hospital de Ontinyent | Contell Mart\u00ednez Arquitectos &#8211; Manuel Vega Arquitectos","datePublished":"2026-09-01T22:01:37+00:00","mainEntityOfPage":{"@id":"https:\/\/veredes.es\/blog\/nuevo-hospital-de-ontinyent-contell-martinez-arquitectos-manuel-vega-arquitectos\/"},"wordCount":741,"commentCount":0,"publisher":{"@id":"https:\/\/veredes.es\/blog\/#organization"},"image":{"@id":"https:\/\/veredes.es\/blog\/nuevo-hospital-de-ontinyent-contell-martinez-arquitectos-manuel-vega-arquitectos\/#primaryimage"},"thumbnailUrl":"https:\/\/veredes.es\/blog\/wp-content\/uploads\/2026\/08\/Nuevo-hospital-de-Ontinyent-Contell-Martinez-Arquitectos-Manuel-Vega-Arquitectos-17-Alejandro-Gomez-Vives.jpg","keywords":["arquitectura valenciana","Contell Mart\u00ednez Arquitectos","equipamiento dotacional","equipamiento sanitario","Juan Miguel Mart\u00ednez","Manuel Vega Arquitectos","M\u00aa Dolores Contell"],"articleSection":["arquitectura","equipamiento dotacional","equipamiento sanitario","obras","slider principal"],"inLanguage":"es","potentialAction":[{"@type":"CommentAction","name":"Comment","target":["https:\/\/veredes.es\/blog\/nuevo-hospital-de-ontinyent-contell-martinez-arquitectos-manuel-vega-arquitectos\/#respond"]}]},{"@type":"WebPage","@id":"https:\/\/veredes.es\/blog\/nuevo-hospital-de-ontinyent-contell-martinez-arquitectos-manuel-vega-arquitectos\/","url":"https:\/\/veredes.es\/blog\/nuevo-hospital-de-ontinyent-contell-martinez-arquitectos-manuel-vega-arquitectos\/","name":"Nuevo hospital de Ontinyent | Contell Mart\u00ednez Arquitectos - Manuel Vega Arquitectos - veredes","isPartOf":{"@id":"https:\/\/veredes.es\/blog\/#website"},"primaryImageOfPage":{"@id":"https:\/\/veredes.es\/blog\/nuevo-hospital-de-ontinyent-contell-martinez-arquitectos-manuel-vega-arquitectos\/#primaryimage"},"image":{"@id":"https:\/\/veredes.es\/blog\/nuevo-hospital-de-ontinyent-contell-martinez-arquitectos-manuel-vega-arquitectos\/#primaryimage"},"thumbnailUrl":"https:\/\/veredes.es\/blog\/wp-content\/uploads\/2026\/08\/Nuevo-hospital-de-Ontinyent-Contell-Martinez-Arquitectos-Manuel-Vega-Arquitectos-17-Alejandro-Gomez-Vives.jpg","datePublished":"2026-09-01T22:01:37+00:00","description":"Toda la informaci\u00f3n sobre: Nuevo hospital de Ontinyent | Contell Mart\u00ednez Arquitectos - Manuel Vega Arquitectos","breadcrumb":{"@id":"https:\/\/veredes.es\/blog\/nuevo-hospital-de-ontinyent-contell-martinez-arquitectos-manuel-vega-arquitectos\/#breadcrumb"},"inLanguage":"es","potentialAction":[{"@type":"ReadAction","target":["https:\/\/veredes.es\/blog\/nuevo-hospital-de-ontinyent-contell-martinez-arquitectos-manuel-vega-arquitectos\/"]}]},{"@type":"ImageObject","inLanguage":"es","@id":"https:\/\/veredes.es\/blog\/nuevo-hospital-de-ontinyent-contell-martinez-arquitectos-manuel-vega-arquitectos\/#primaryimage","url":"https:\/\/veredes.es\/blog\/wp-content\/uploads\/2026\/08\/Nuevo-hospital-de-Ontinyent-Contell-Martinez-Arquitectos-Manuel-Vega-Arquitectos-17-Alejandro-Gomez-Vives.jpg","contentUrl":"https:\/\/veredes.es\/blog\/wp-content\/uploads\/2026\/08\/Nuevo-hospital-de-Ontinyent-Contell-Martinez-Arquitectos-Manuel-Vega-Arquitectos-17-Alejandro-Gomez-Vives.jpg","width":800,"height":1200,"caption":"Nuevo hospital de Ontinyent | Contell Mart\u00ednez Arquitectos - Manuel Vega Arquitectos \u00a9 Alejandro G\u00f3mez Vives"},{"@type":"BreadcrumbList","@id":"https:\/\/veredes.es\/blog\/nuevo-hospital-de-ontinyent-contell-martinez-arquitectos-manuel-vega-arquitectos\/#breadcrumb","itemListElement":[{"@type":"ListItem","position":1,"name":"Portada","item":"https:\/\/veredes.es\/blog\/"},{"@type":"ListItem","position":2,"name":"Nuevo hospital de Ontinyent | Contell Mart\u00ednez Arquitectos &#8211; Manuel Vega Arquitectos"}]},{"@type":"WebSite","@id":"https:\/\/veredes.es\/blog\/#website","url":"https:\/\/veredes.es\/blog\/","name":"veredes, arquitectura y divulgaci\u00f3n","description":"veredes","publisher":{"@id":"https:\/\/veredes.es\/blog\/#organization"},"alternateName":"veredes","potentialAction":[{"@type":"SearchAction","target":{"@type":"EntryPoint","urlTemplate":"https:\/\/veredes.es\/blog\/?s={search_term_string}"},"query-input":{"@type":"PropertyValueSpecification","valueRequired":true,"valueName":"search_term_string"}}],"inLanguage":"es"},{"@type":"Organization","@id":"https:\/\/veredes.es\/blog\/#organization","name":"veredes, arquitectura y divulgaci\u00f3n","alternateName":"veredes","url":"https:\/\/veredes.es\/blog\/","logo":{"@type":"ImageObject","inLanguage":"es","@id":"https:\/\/veredes.es\/blog\/#\/schema\/logo\/image\/","url":"https:\/\/veredes.es\/blog\/wp-content\/uploads\/2021\/12\/veredes-logo-centrado_140x54.png","contentUrl":"https:\/\/veredes.es\/blog\/wp-content\/uploads\/2021\/12\/veredes-logo-centrado_140x54.png","width":140,"height":54,"caption":"veredes, arquitectura y divulgaci\u00f3n"},"image":{"@id":"https:\/\/veredes.es\/blog\/#\/schema\/logo\/image\/"},"sameAs":["https:\/\/www.facebook.com\/veredesArquitecturayDivulgacion\/","https:\/\/x.com\/veredes","https:\/\/instagram.com\/veredes\/","https:\/\/www.linkedin.com\/company\/veredes-arquitectura-y-divulgacion\/","https:\/\/es.pinterest.com\/veredes\/","https:\/\/www.tumblr.com\/veredes"]},{"@type":"Person","@id":"https:\/\/veredes.es\/blog\/#\/schema\/person\/0bbb669073ef7faba5168a0844e93d2c","name":"veredes","image":{"@type":"ImageObject","inLanguage":"es","@id":"https:\/\/veredes.es\/blog\/wp-content\/uploads\/2018\/04\/face-96x96.jpg","url":"https:\/\/veredes.es\/blog\/wp-content\/uploads\/2018\/04\/face-96x96.jpg","contentUrl":"https:\/\/veredes.es\/blog\/wp-content\/uploads\/2018\/04\/face-96x96.jpg","caption":"veredes"},"description":"Surge enero de 2009 como b\u00fasqueda de satisfacer el conocimiento de la actividad arquitect\u00f3nica y tangentes que se generan. La idea es crear un espacio para divulgar los diversos proyectos en busca de nueva inspiraci\u00f3n y de intercambio.","sameAs":["https:\/\/veredes.es\/","https:\/\/www.facebook.com\/veredesArquitecturayDivulgacion\/","https:\/\/www.instagram.com\/veredes\/","https:\/\/www.linkedin.com\/company\/veredes-arquitectura-y-divulgacion\/","https:\/\/www.pinterest.es\/veredes\/","https:\/\/x.com\/https:\/\/twitter.com\/veredes","https:\/\/veredes.tumblr.com\/"],"url":"https:\/\/veredes.es\/blog\/author\/alberto\/"}]}},"_links":{"self":[{"href":"https:\/\/veredes.es\/blog\/wp-json\/wp\/v2\/posts\/109014","targetHints":{"allow":["GET"]}}],"collection":[{"href":"https:\/\/veredes.es\/blog\/wp-json\/wp\/v2\/posts"}],"about":[{"href":"https:\/\/veredes.es\/blog\/wp-json\/wp\/v2\/types\/post"}],"author":[{"embeddable":true,"href":"https:\/\/veredes.es\/blog\/wp-json\/wp\/v2\/users\/2"}],"replies":[{"embeddable":true,"href":"https:\/\/veredes.es\/blog\/wp-json\/wp\/v2\/comments?post=109014"}],"version-history":[{"count":3,"href":"https:\/\/veredes.es\/blog\/wp-json\/wp\/v2\/posts\/109014\/revisions"}],"predecessor-version":[{"id":109057,"href":"https:\/\/veredes.es\/blog\/wp-json\/wp\/v2\/posts\/109014\/revisions\/109057"}],"wp:featuredmedia":[{"embeddable":true,"href":"https:\/\/veredes.es\/blog\/wp-json\/wp\/v2\/media\/109033"}],"wp:attachment":[{"href":"https:\/\/veredes.es\/blog\/wp-json\/wp\/v2\/media?parent=109014"}],"wp:term":[{"taxonomy":"category","embeddable":true,"href":"https:\/\/veredes.es\/blog\/wp-json\/wp\/v2\/categories?post=109014"},{"taxonomy":"post_tag","embeddable":true,"href":"https:\/\/veredes.es\/blog\/wp-json\/wp\/v2\/tags?post=109014"}],"curies":[{"name":"wp","href":"https:\/\/api.w.org\/{rel}","templated":true}]}}