{"id":108937,"date":"2026-09-04T00:01:23","date_gmt":"2026-09-03T22:01:23","guid":{"rendered":"https:\/\/veredes.es\/blog\/?p=108937"},"modified":"2026-08-24T14:27:31","modified_gmt":"2026-08-24T12:27:31","slug":"el-ifc-es-el-mal-miguel-villegas","status":"publish","type":"post","link":"https:\/\/veredes.es\/blog\/el-ifc-es-el-mal-miguel-villegas\/","title":{"rendered":"El IFC es el mal | Miguel Villegas"},"content":{"rendered":"<p>Seg\u00fan dicen, el esperanto fue un intento de generar una lengua\u00a0<em>neutra<\/em>\u00a0universal para mejorar la comunicaci\u00f3n entre las personas. Un poco idealista \u00bfno?<\/p>\n<figure id=\"attachment_108939\" aria-describedby=\"caption-attachment-108939\" style=\"width: 1024px\" class=\"wp-caption alignnone\"><img loading=\"lazy\" decoding=\"async\" class=\"wp-image-108939 size-full\" title=\"El IFC es el mal Miguel Villegas \u00abontolog\u00edas abiertas\u00bb CC-by-sa Miguel Villegas Ballesta\" src=\"https:\/\/veredes.es\/blog\/wp-content\/uploads\/2026\/08\/El-IFC-es-el-mal-Miguel-Villegas-ontologias-abiertas-CC-by-sa-Miguel-Villegas-Ballesta.png\" alt=\"El IFC es el mal Miguel Villegas \u00abontolog\u00edas abiertas\u00bb CC-by-sa Miguel Villegas Ballesta\" width=\"1024\" height=\"1024\" srcset=\"https:\/\/veredes.es\/blog\/wp-content\/uploads\/2026\/08\/El-IFC-es-el-mal-Miguel-Villegas-ontologias-abiertas-CC-by-sa-Miguel-Villegas-Ballesta.png 1024w, https:\/\/veredes.es\/blog\/wp-content\/uploads\/2026\/08\/El-IFC-es-el-mal-Miguel-Villegas-ontologias-abiertas-CC-by-sa-Miguel-Villegas-Ballesta-300x300.png 300w, https:\/\/veredes.es\/blog\/wp-content\/uploads\/2026\/08\/El-IFC-es-el-mal-Miguel-Villegas-ontologias-abiertas-CC-by-sa-Miguel-Villegas-Ballesta-120x120.png 120w, https:\/\/veredes.es\/blog\/wp-content\/uploads\/2026\/08\/El-IFC-es-el-mal-Miguel-Villegas-ontologias-abiertas-CC-by-sa-Miguel-Villegas-Ballesta-420x420.png 420w, https:\/\/veredes.es\/blog\/wp-content\/uploads\/2026\/08\/El-IFC-es-el-mal-Miguel-Villegas-ontologias-abiertas-CC-by-sa-Miguel-Villegas-Ballesta-696x696.png 696w\" sizes=\"auto, (max-width: 1024px) 100vw, 1024px\" \/><figcaption id=\"caption-attachment-108939\" class=\"wp-caption-text\"><span style=\"color: #999999;\">\u00abontolog\u00edas abiertas\u00bb CC-by-sa Miguel Villegas Ballesta<sup class=\"fn\" data-fn=\"1c03ab7e-e602-493d-918f-c97c06363c95\">1<\/sup><\/span><\/figcaption><\/figure>\n<p class=\"wp-block-paragraph\" style=\"text-align: justify;\">\u00bfOs suena algo parecido en la industria AECOM? Se llama IFC (y a\u00f1adidos) y podemos hacer la analog\u00eda a que el Dr. Zamenhof,\u00a0<em>inventor<\/em>\u00a0del esperanto, es la actual\u00a0<a href=\"https:\/\/www.buildingsmart.es\/\" target=\"_blank\" rel=\"noreferrer noopener\" data-type=\"link\" data-id=\"https:\/\/www.buildingsmart.es\/\">building Smart<\/a>, una asociaci\u00f3n de profesionales que dedican su tiempo y energ\u00eda a la magna empresa de generar una\u00a0<em>lengua franca<\/em>\u00a0que mejore los procesos de comunicaci\u00f3n en el seno de la industria.<\/p>\n<h5 id=\"\u00bfpor-qu\u00e9-el-ifc-etc.-me-parece-una-empresa-absurda\" class=\"wp-block-heading\" style=\"text-align: justify;\"><span id=\"%c2%bfpor_que_el_ifc_etc_me_parece_una_empresa_absurda\" class=\"ez-toc-section\"><\/span><strong>\u00bfPor qu\u00e9 el IFC (etc.)\u00a0<em>me parece<\/em>\u00a0una empresa absurda?<\/strong><\/h5>\n<p class=\"wp-block-paragraph\" style=\"text-align: justify;\">Me vais a permitir que la lista refleje los aspectos que me parecen\u00a0<em>subjetiva y personalmente<\/em>\u00a0un incordio, son todos reflejo de mi\u00a0<em>opini\u00f3n personal<\/em>\u00a0y, como siempre, pueden ser objeto de discusi\u00f3n:<\/p>\n<p class=\"wp-block-paragraph\" style=\"text-align: justify;\">El IFC es internacional, pero est\u00e1 en ingl\u00e9s. Eso genera problemas de comprensi\u00f3n a much\u00edsima gente, (y no me vay\u00e1is a fardar de biling\u00fces que saco el C2 y se acaba el tema\u2026). Hay\u00a0<strong>much\u00edsima<\/strong>\u00a0gente que\u00a0<em>dice<\/em>\u00a0que entiende las definiciones de la<em> buildingSmart,<\/em> pero despu\u00e9s de ver c\u00f3mo\u00a0<em>traducen-usan<\/em>\u00a0el IFC mucho me temo que no es verdad.<\/p>\n<p class=\"wp-block-paragraph\" style=\"text-align: justify;\">Es anis\u00f3tropo. Algunas disciplinas est\u00e1n hiperespecificadas y otras est\u00e1n\u00a0<em>as\u00ed ya y tal<\/em>. Ifc*Flow frente a IfcWall p.e. No s\u00e9\u2026 me resulta\u00a0<em>raro<\/em>\u2026 \u00bfser\u00e1 porque las ingenier\u00edas se lo est\u00e1n tomando m\u00e1s en serio?<\/p>\n<p class=\"wp-block-paragraph\" style=\"text-align: justify;\">Implica\u00a0<em>interpretaci\u00f3n<\/em>. En un proceso BIM ortodoxo, tenemos los requerimientos de informaci\u00f3n del cliente y tenemos nuestra informaci\u00f3n. El IFC est\u00e1 ah\u00ed para servir como\u00a0<em>contenedor<\/em>\u00a0para poder trasladar nuestra informaci\u00f3n desde nuestros programas de creaci\u00f3n de contenido a los programas de lectura de contenido de los clientes. Como objetivo esta muy bien, salvo por que el IFC como estructura contenedora tiene una\u00a0<strong>capa sem\u00e1ntica<\/strong>\u00a0que es necesario (si nos adscribimos a su uso) mantener.<\/p>\n<p class=\"wp-block-paragraph\" style=\"text-align: justify;\">Esto implica que tenemos realizar un proceso de traducci\u00f3n m\u00faltiple (^2 si consideramos el factor del ingl\u00e9s):<\/p>\n<ul class=\"wp-block-list\" style=\"text-align: justify;\">\n<li>Tenemos que\u00a0<em>enteder<\/em>\u00a0la informaci\u00f3n que el cliente nos est\u00e1 pidiendo.<\/li>\n<li>Tenemos que\u00a0<em>casar<\/em>\u00a0esa informaci\u00f3n que el cliente nos pide con la informaci\u00f3n que nosotros tenemos\/somos capaces de proveer.<\/li>\n<li>Tenemos que buscar en la\u00a0<em>ontolog\u00eda<\/em>\u00a0IFC cuales son las entidades y las propiedades correspondientes en las que esa informaci\u00f3n que tenemos nosotros\u00a0<em>encaja<\/em>.<\/li>\n<li>Tenemos que\u00a0<em>acordar<\/em>\u00a0con el cliente y el resto de agentes del proceso BIM esos contenedores como\u00a0<em>aptos<\/em>\u00a0para el intercambio de informaci\u00f3n\u2026<\/li>\n<\/ul>\n<p class=\"wp-block-paragraph\" style=\"text-align: justify;\">Ya lo vimos en el grand\u00edsimo Bill Murray\u2026 muchas cosas se pueden quedar\u00a0<em>Lost in Translation<\/em>.<\/p>\n<h5 id=\"\u00bfcu\u00e1l-ser\u00eda-mi-alternativa-ideal-las-ontolog\u00edas-abiertas.\" class=\"wp-block-heading\" style=\"text-align: justify;\"><span id=\"%c2%bfcual_seria_mi_alternativa_ideal_las_ontologias_abiertas\" class=\"ez-toc-section\"><\/span><strong>\u00bfCu\u00e1l ser\u00eda mi alternativa ideal? Las ontolog\u00edas abiertas<\/strong><\/h5>\n<p class=\"wp-block-paragraph\" style=\"text-align: justify;\">En una industria en la que, incluso en proyectos de gran tama\u00f1o, con clientes de\u00a0<em>talla<\/em>\u00a0regional nos enfrentamos a trabajar con est\u00e1ndares muy, muy espec\u00edficos \u00bfqu\u00e9 sentido tiene trabajar con ese\u00a0<em>esperanto<\/em>\u00a0que es el IFC?<\/p>\n<p class=\"wp-block-paragraph\" style=\"text-align: justify;\">\u00bfNo es m\u00e1s f\u00e1cil trabajar proponiendo una ontolog\u00eda, una estructura operativa preparada para cada proyecto? Aqu\u00ed me vais a permitir que\u00a0<em>me moje<\/em>. En la tesis, constru\u00ed una aplicaci\u00f3n pr\u00e1ctica de lo que propongo.<\/p>\n<p class=\"wp-block-paragraph\" style=\"text-align: justify;\">Es posible y operativo trabajar con una estructura de informaci\u00f3n\u00a0<em>ad-hoc<\/em>, e.d. generada expresamente para un caso concreto; susceptible de ser trabajada con herramientas digitales mediante procesos de interpretaci\u00f3n muy directos. Es decir un\u00a0<em>cat\u00e1logo por proyectos<\/em>. Definiciones claras y concisas acordadas por todas las partes y asignadas en forma de\u00a0<em>diccionarios clave-valor<\/em>\u00a0asignados a geometr\u00edas elementales que todos los agentes puedan leer e interpretar.<\/p>\n<h5 id=\"\u00bfpor-qu\u00e9-cuestionar-lo-que-funciona\" class=\"wp-block-heading\" style=\"text-align: justify;\"><span id=\"%c2%bfpor_que_cuestionar_lo_que_funciona\" class=\"ez-toc-section\"><\/span><strong>\u00bfPor qu\u00e9 cuestionar lo que funciona?<\/strong><\/h5>\n<p class=\"wp-block-paragraph\" style=\"text-align: justify;\">Pues realmente, quiz\u00e1s lo que deber\u00edamos hacer es preguntarnos si\u00a0<em>realmente funciona<\/em>\u2026 y me vais a permitir una opini\u00f3n muy personal y que quiz\u00e1s moleste a mucha gente que se est\u00e1 partiendo la espalda para hacer desarrollos muy buenos\u00a0<em>sobre<\/em>\u00a0la ontolog\u00eda IFC. Creo que\u00a0<strong>el problema<\/strong>\u00a0es que el IFC es\u00a0<em>lo que hay<\/em>\u2026 y todos piensan \u00bfpara qu\u00e9 reinventar la rueda?<\/p>\n<p class=\"wp-block-paragraph\" style=\"text-align: justify;\">Pues fundamentalmente porque\u00a0<em>esa rueda<\/em>\u00a0es un pol\u00edgono de n-lados que rueda\u00a0<em>regular<\/em>\u00a0y que no sirve para todos nuestros veh\u00edculos\u2026<\/p>\n<p class=\"wp-block-paragraph\" style=\"text-align: justify;\">No soy el primero en cuestionarme este tema;<sup class=\"fn\" data-fn=\"1c03ab7e-e602-493d-918f-c97c06363c95\">2,<\/sup><sup class=\"fn\" data-fn=\"723fe674-157e-4368-bc0b-9f5fa532e360\">3<\/sup>\u00a0pero quiz\u00e1s la propuesta m\u00e1s interesante, en tanto que creo que concuerda con mi propuesta es la que Pixar ha hecho con su\u00a0<a href=\"https:\/\/openusd.org\/release\/intro.html#what-can-usd-do\" target=\"_blank\" rel=\"noreferrer noopener\" data-type=\"link\" data-id=\"https:\/\/openusd.org\/release\/intro.html#what-can-usd-do\">USD o Universal Scene Description<\/a>\u00a0.<\/p>\n<p class=\"wp-block-paragraph\" style=\"text-align: justify;\">Aqu\u00ed, a pesar de haberme peleado mucho y a fondo con el IFC, la definici\u00f3n de ontolog\u00edas y el mapeado de informaci\u00f3n; me falla el conocimiento\u00a0<em>profundo<\/em>\u00a0que los\u00a0<em>hacedores<\/em>\u00a0tienen, pero sigo permiti\u00e9ndome opinar.<\/p>\n<p class=\"wp-block-paragraph\" style=\"text-align: justify;\">Si la industria de la animaci\u00f3n y videojuegos, que maneja tanta o m\u00e1s informaci\u00f3n que nosotros en los proyectos; considera que esta estructura de\u00a0<em>Prims<\/em>\u00a0(primitivas abiertas definidas\u00a0<em>por proyecto<\/em>)\u00a0<strong>funciona<\/strong>\u00a0\u00bfpor qu\u00e9 no es aplicable en arquitectura?<\/p>\n<h5 id=\"es-posible-y-altamente-productivo\" class=\"wp-block-heading\" style=\"text-align: justify;\"><span id=\"es_posible_y_altamente_productivo\" class=\"ez-toc-section\"><\/span><strong>Es posible y altamente productivo<\/strong><\/h5>\n<p class=\"wp-block-paragraph\" style=\"text-align: justify;\">Lo demostr\u00e9 en su momento en la tesis.<sup class=\"fn\" data-fn=\"ae3715bb-bb64-4a39-b610-2f241a9cee99\">4<\/sup>\u00a0Constru\u00ed una estructura informacional y la m\u00e1quina que la transformaba en un modelo BIM\u00a0<em>coherente<\/em>. Evit\u00e9 cualquier tipo de vinculaci\u00f3n con la ontolog\u00eda IFC porque me interesaba trabajar con informaci\u00f3n fenomenol\u00f3gica, con la abstracci\u00f3n de las etapas iniciales de dise\u00f1o; pero lo que consegu\u00ed demostrar es que este tipo de informaci\u00f3n, y en general\u00a0<strong>cualquier tipo de informaci\u00f3n<\/strong>\u00a0es manipulable siempre que est\u00e9 m\u00ednimamente estructurada.<\/p>\n<p class=\"wp-block-paragraph\" style=\"text-align: justify;\">Lo que defiendo entonces es que\u00a0<em>no necesitamos<\/em>\u00a0esa estructura externa\u00a0<em>impuesta por terceros<\/em>\u00a0que es el IFC\u2026<\/p>\n<h5 class=\"wp-block-heading\" style=\"text-align: justify;\"><span id=\"mientras_tanto%e2%80%a6\" class=\"ez-toc-section\"><\/span><strong>Mientras tanto\u2026<\/strong><\/h5>\n<p class=\"wp-block-paragraph\" style=\"text-align: justify;\">como\u00a0<em>es lo que hay<\/em>\u00a0y no hay perspectivas de que nadie se\u00a0<em>arremangue<\/em>\u00a0y se ponga a hacer\u00a0<em>prims<\/em>\u00a0espec\u00edficos para arquitectura, me vais a permitir que me ponga a investigar a fondo con\u00a0<a href=\"https:\/\/blenderbim.org\/\" target=\"_blank\" rel=\"noreferrer noopener\" data-type=\"link\" data-id=\"https:\/\/blenderbim.org\/\">OpenBIM en Blender<\/a>, que de momento parece ser la iniciativa m\u00e1s s\u00f3lida y fuerte de investigaci\u00f3n y desarrollo sobre este est\u00e1ndar dichoso.<\/p>\n<h6 style=\"text-align: justify;\"><strong>Notas:<\/strong><\/h6>\n<p style=\"text-align: justify;\"><strong><sup class=\"fn\" data-fn=\"723fe674-157e-4368-bc0b-9f5fa532e360\">1<\/sup>\u00a0\u00abontolog\u00edas abiertas\u00bb<\/strong> CC-by-sa Miguel Villegas Ballesta. Imagen generada mediante IA con el prompt \u00ab<strong>isolated white background:: a white column like this one\u00a0<a href=\"https:\/\/s.mj.run\/NqCqsZpfX6U\">https:\/\/s.mj.run\/NqCqsZpfX6U<\/a>\u00a0the column top part transforms into a neural network like object like this one\u00a0<a href=\"https:\/\/s.mj.run\/Cd7q2u7HWzM\">https:\/\/s.mj.run\/Cd7q2u7HWzM<\/a>\u00a0\u2013ar 1:1<\/strong> \u2013 Upscaled (2x) by &lt;@586635106412789772&gt; (fast)\u00bb<\/p>\n<p style=\"text-align: justify;\"><sup class=\"fn\" data-fn=\"723fe674-157e-4368-bc0b-9f5fa532e360\">2<\/sup>\u00a0Manu Venugopal, Charles M. Eastman, y Jochen Teizer, \u00abAn ontology-based analysis of the industry foundation class schema for building information model exchanges\u00bb,\u00a0<em>Advanced Engineering Informatics<\/em>, Collective Intelligence Modeling, Analysis, and Synthesis for Innovative Engineering Decision Making, 29, n.o 4 (1 de octubre de 2015): 940-57,\u00a0<a href=\"https:\/\/doi.org\/10.1016\/j.aei.2015.09.006\">https:\/\/doi.org\/10.1016\/j.aei.2015.09.006<\/a>.<\/p>\n<p style=\"text-align: justify;\"><sup class=\"fn\" data-fn=\"723fe674-157e-4368-bc0b-9f5fa532e360\">3<\/sup>\u00a0Mads Holten Rasmussen et\u00a0al., \u00abProposing a Central AEC Ontology That Allows for Domain Specific Extensions\u00bb, en\u00a0<em>Proceedings of the Joint Conference on Computing in Construction (JC3)<\/em>, vol. 1, 2017, 237-44,\u00a0<a href=\"https:\/\/doi.org\/10.24928\/JC3-\">https:\/\/doi.org\/10.24928\/JC3-<\/a>.<\/p>\n<p style=\"text-align: justify;\"><sup class=\"fn\" data-fn=\"723fe674-157e-4368-bc0b-9f5fa532e360\">4<\/sup>\u00a0Villegas Ballesta, Miguel. \u00abInformational Architecture: A Postgraphical Knowledge Model for Architectural Design\u00bb, 21 de julio de 2022.\u00a0<a href=\"https:\/\/idus.us.es\/handle\/11441\/138108\" target=\"_blank\" rel=\"noreferrer noopener\">https:\/\/idus.us.es\/handle\/11441\/138108<\/a>.<\/p>\n","protected":false},"excerpt":{"rendered":"<p>Seg\u00fan dicen, el esperanto fue un intento de generar una lengua\u00a0neutra\u00a0universal para mejorar la comunicaci\u00f3n entre las personas. Un poco idealista \u00bfno? \u00bfOs suena algo parecido en la industria AECOM? Se llama IFC (y a\u00f1adidos) y podemos hacer la analog\u00eda a que el Dr. Zamenhof,\u00a0inventor\u00a0del esperanto, es la actual\u00a0building Smart, una asociaci\u00f3n de profesionales que [&hellip;]<\/p>\n","protected":false},"author":40,"featured_media":108939,"comment_status":"open","ping_status":"closed","sticky":false,"template":"","format":"standard","meta":{"footnotes":""},"categories":[568,5951],"tags":[12847,7166,530,5130,1021,1985,1865,18506,1287],"class_list":["post-108937","post","type-post","status-publish","format-standard","has-post-thumbnail","category-faro","category-slider-principal","tag-bim","tag-comunicar","tag-estrategias","tag-miguel-villegas-ballesta","tag-pensamiento","tag-pensar","tag-reflexion","tag-rquitectura-informacional","tag-tesis"],"yoast_head":"<!-- This site is optimized with the Yoast SEO plugin v28.4 - https:\/\/yoast.com\/product\/yoast-seo-wordpress\/ -->\n<title>El IFC es el mal | Miguel Villegas - veredes<\/title>\n<meta name=\"description\" content=\"Toda la informaci\u00f3n sobre: El IFC es el mal | Miguel Villegas\" \/>\n<meta name=\"robots\" content=\"index, follow, max-snippet:-1, max-image-preview:large, max-video-preview:-1\" \/>\n<link rel=\"canonical\" href=\"https:\/\/veredes.es\/blog\/el-ifc-es-el-mal-miguel-villegas\/\" \/>\n<meta property=\"og:locale\" content=\"es_ES\" \/>\n<meta property=\"og:type\" content=\"article\" \/>\n<meta property=\"og:title\" content=\"El IFC es el mal | Miguel Villegas - veredes\" \/>\n<meta property=\"og:description\" content=\"Toda la informaci\u00f3n sobre: El IFC es el mal | Miguel Villegas\" \/>\n<meta property=\"og:url\" content=\"https:\/\/veredes.es\/blog\/el-ifc-es-el-mal-miguel-villegas\/\" \/>\n<meta property=\"og:site_name\" content=\"veredes, arquitectura y divulgaci\u00f3n\" \/>\n<meta property=\"article:publisher\" content=\"https:\/\/www.facebook.com\/veredesArquitecturayDivulgacion\/\" \/>\n<meta property=\"article:author\" content=\"https:\/\/www.facebook.com\/arquitextonica\" \/>\n<meta property=\"article:published_time\" content=\"2026-09-03T22:01:23+00:00\" \/>\n<meta property=\"og:image\" content=\"https:\/\/veredes.es\/blog\/wp-content\/uploads\/2026\/08\/El-IFC-es-el-mal-Miguel-Villegas-ontologias-abiertas-CC-by-sa-Miguel-Villegas-Ballesta.png\" \/>\n\t<meta property=\"og:image:width\" content=\"1024\" \/>\n\t<meta property=\"og:image:height\" content=\"1024\" \/>\n\t<meta property=\"og:image:type\" content=\"image\/png\" \/>\n<meta name=\"author\" content=\"Lourdes Bueno \u2013 Miguel Villegas\" \/>\n<meta name=\"twitter:card\" content=\"summary_large_image\" \/>\n<meta name=\"twitter:creator\" content=\"@https:\/\/twitter.com\/arquitextonica\" \/>\n<meta name=\"twitter:site\" content=\"@veredes\" \/>\n<meta name=\"twitter:label1\" content=\"Escrito por\" \/>\n\t<meta name=\"twitter:data1\" content=\"Lourdes Bueno \u2013 Miguel Villegas\" \/>\n\t<meta name=\"twitter:label2\" content=\"Tiempo de lectura\" \/>\n\t<meta name=\"twitter:data2\" content=\"6 minutos\" \/>\n<script type=\"application\/ld+json\" class=\"yoast-schema-graph\">{\"@context\":\"https:\\\/\\\/schema.org\",\"@graph\":[{\"@type\":\"Article\",\"@id\":\"https:\\\/\\\/veredes.es\\\/blog\\\/el-ifc-es-el-mal-miguel-villegas\\\/#article\",\"isPartOf\":{\"@id\":\"https:\\\/\\\/veredes.es\\\/blog\\\/el-ifc-es-el-mal-miguel-villegas\\\/\"},\"author\":{\"name\":\"Lourdes Bueno \u2013 Miguel Villegas\",\"@id\":\"https:\\\/\\\/veredes.es\\\/blog\\\/#\\\/schema\\\/person\\\/1d1d0478215da09188abac3eaa22bae2\"},\"headline\":\"El IFC es el mal | Miguel Villegas\",\"datePublished\":\"2026-09-03T22:01:23+00:00\",\"mainEntityOfPage\":{\"@id\":\"https:\\\/\\\/veredes.es\\\/blog\\\/el-ifc-es-el-mal-miguel-villegas\\\/\"},\"wordCount\":1175,\"commentCount\":0,\"publisher\":{\"@id\":\"https:\\\/\\\/veredes.es\\\/blog\\\/#organization\"},\"image\":{\"@id\":\"https:\\\/\\\/veredes.es\\\/blog\\\/el-ifc-es-el-mal-miguel-villegas\\\/#primaryimage\"},\"thumbnailUrl\":\"https:\\\/\\\/veredes.es\\\/blog\\\/wp-content\\\/uploads\\\/2026\\\/08\\\/El-IFC-es-el-mal-Miguel-Villegas-ontologias-abiertas-CC-by-sa-Miguel-Villegas-Ballesta.png\",\"keywords\":[\"BIM\",\"comunicar\",\"estrategias\",\"Miguel Villegas Ballesta\",\"pensamiento\",\"pensar\",\"reflexi\u00f3n\",\"rquitectura informacional\",\"tesis\"],\"articleSection\":[\"faro\",\"slider principal\"],\"inLanguage\":\"es\",\"potentialAction\":[{\"@type\":\"CommentAction\",\"name\":\"Comment\",\"target\":[\"https:\\\/\\\/veredes.es\\\/blog\\\/el-ifc-es-el-mal-miguel-villegas\\\/#respond\"]}]},{\"@type\":\"WebPage\",\"@id\":\"https:\\\/\\\/veredes.es\\\/blog\\\/el-ifc-es-el-mal-miguel-villegas\\\/\",\"url\":\"https:\\\/\\\/veredes.es\\\/blog\\\/el-ifc-es-el-mal-miguel-villegas\\\/\",\"name\":\"El IFC es el mal | Miguel Villegas - veredes\",\"isPartOf\":{\"@id\":\"https:\\\/\\\/veredes.es\\\/blog\\\/#website\"},\"primaryImageOfPage\":{\"@id\":\"https:\\\/\\\/veredes.es\\\/blog\\\/el-ifc-es-el-mal-miguel-villegas\\\/#primaryimage\"},\"image\":{\"@id\":\"https:\\\/\\\/veredes.es\\\/blog\\\/el-ifc-es-el-mal-miguel-villegas\\\/#primaryimage\"},\"thumbnailUrl\":\"https:\\\/\\\/veredes.es\\\/blog\\\/wp-content\\\/uploads\\\/2026\\\/08\\\/El-IFC-es-el-mal-Miguel-Villegas-ontologias-abiertas-CC-by-sa-Miguel-Villegas-Ballesta.png\",\"datePublished\":\"2026-09-03T22:01:23+00:00\",\"description\":\"Toda la informaci\u00f3n sobre: El IFC es el mal | Miguel Villegas\",\"breadcrumb\":{\"@id\":\"https:\\\/\\\/veredes.es\\\/blog\\\/el-ifc-es-el-mal-miguel-villegas\\\/#breadcrumb\"},\"inLanguage\":\"es\",\"potentialAction\":[{\"@type\":\"ReadAction\",\"target\":[\"https:\\\/\\\/veredes.es\\\/blog\\\/el-ifc-es-el-mal-miguel-villegas\\\/\"]}]},{\"@type\":\"ImageObject\",\"inLanguage\":\"es\",\"@id\":\"https:\\\/\\\/veredes.es\\\/blog\\\/el-ifc-es-el-mal-miguel-villegas\\\/#primaryimage\",\"url\":\"https:\\\/\\\/veredes.es\\\/blog\\\/wp-content\\\/uploads\\\/2026\\\/08\\\/El-IFC-es-el-mal-Miguel-Villegas-ontologias-abiertas-CC-by-sa-Miguel-Villegas-Ballesta.png\",\"contentUrl\":\"https:\\\/\\\/veredes.es\\\/blog\\\/wp-content\\\/uploads\\\/2026\\\/08\\\/El-IFC-es-el-mal-Miguel-Villegas-ontologias-abiertas-CC-by-sa-Miguel-Villegas-Ballesta.png\",\"width\":1024,\"height\":1024,\"caption\":\"\u00abontolog\u00edas abiertas\u00bb CC-by-sa Miguel Villegas Ballesta\"},{\"@type\":\"BreadcrumbList\",\"@id\":\"https:\\\/\\\/veredes.es\\\/blog\\\/el-ifc-es-el-mal-miguel-villegas\\\/#breadcrumb\",\"itemListElement\":[{\"@type\":\"ListItem\",\"position\":1,\"name\":\"Portada\",\"item\":\"https:\\\/\\\/veredes.es\\\/blog\\\/\"},{\"@type\":\"ListItem\",\"position\":2,\"name\":\"El IFC es el mal | Miguel Villegas\"}]},{\"@type\":\"WebSite\",\"@id\":\"https:\\\/\\\/veredes.es\\\/blog\\\/#website\",\"url\":\"https:\\\/\\\/veredes.es\\\/blog\\\/\",\"name\":\"veredes, arquitectura y divulgaci\u00f3n\",\"description\":\"veredes\",\"publisher\":{\"@id\":\"https:\\\/\\\/veredes.es\\\/blog\\\/#organization\"},\"alternateName\":\"veredes\",\"potentialAction\":[{\"@type\":\"SearchAction\",\"target\":{\"@type\":\"EntryPoint\",\"urlTemplate\":\"https:\\\/\\\/veredes.es\\\/blog\\\/?s={search_term_string}\"},\"query-input\":{\"@type\":\"PropertyValueSpecification\",\"valueRequired\":true,\"valueName\":\"search_term_string\"}}],\"inLanguage\":\"es\"},{\"@type\":\"Organization\",\"@id\":\"https:\\\/\\\/veredes.es\\\/blog\\\/#organization\",\"name\":\"veredes, arquitectura y divulgaci\u00f3n\",\"alternateName\":\"veredes\",\"url\":\"https:\\\/\\\/veredes.es\\\/blog\\\/\",\"logo\":{\"@type\":\"ImageObject\",\"inLanguage\":\"es\",\"@id\":\"https:\\\/\\\/veredes.es\\\/blog\\\/#\\\/schema\\\/logo\\\/image\\\/\",\"url\":\"https:\\\/\\\/veredes.es\\\/blog\\\/wp-content\\\/uploads\\\/2021\\\/12\\\/veredes-logo-centrado_140x54.png\",\"contentUrl\":\"https:\\\/\\\/veredes.es\\\/blog\\\/wp-content\\\/uploads\\\/2021\\\/12\\\/veredes-logo-centrado_140x54.png\",\"width\":140,\"height\":54,\"caption\":\"veredes, arquitectura y divulgaci\u00f3n\"},\"image\":{\"@id\":\"https:\\\/\\\/veredes.es\\\/blog\\\/#\\\/schema\\\/logo\\\/image\\\/\"},\"sameAs\":[\"https:\\\/\\\/www.facebook.com\\\/veredesArquitecturayDivulgacion\\\/\",\"https:\\\/\\\/x.com\\\/veredes\",\"https:\\\/\\\/instagram.com\\\/veredes\\\/\",\"https:\\\/\\\/www.linkedin.com\\\/company\\\/veredes-arquitectura-y-divulgacion\\\/\",\"https:\\\/\\\/es.pinterest.com\\\/veredes\\\/\",\"https:\\\/\\\/www.tumblr.com\\\/veredes\"]},{\"@type\":\"Person\",\"@id\":\"https:\\\/\\\/veredes.es\\\/blog\\\/#\\\/schema\\\/person\\\/1d1d0478215da09188abac3eaa22bae2\",\"name\":\"Lourdes Bueno \u2013 Miguel Villegas\",\"image\":{\"@type\":\"ImageObject\",\"inLanguage\":\"es\",\"@id\":\"https:\\\/\\\/secure.gravatar.com\\\/avatar\\\/d6b53075654f09b9d67c54c4b4342beeb75c7534b60ab97b86fce3a5e04027ca?s=96&r=g\",\"url\":\"https:\\\/\\\/secure.gravatar.com\\\/avatar\\\/d6b53075654f09b9d67c54c4b4342beeb75c7534b60ab97b86fce3a5e04027ca?s=96&r=g\",\"contentUrl\":\"https:\\\/\\\/secure.gravatar.com\\\/avatar\\\/d6b53075654f09b9d67c54c4b4342beeb75c7534b60ab97b86fce3a5e04027ca?s=96&r=g\",\"caption\":\"Lourdes Bueno \u2013 Miguel Villegas\"},\"description\":\"Arquitextonica.net es editada desde 2003 desde Sevilla por Lourdes Bueno Garnica y Miguel Villegas Ballesta. Desde hace un tiempo, decidimos sacar nuestra actividad profesional de aqu\u00ed y trasladarla a villegasbueno arquitectura, as\u00ed arquitextonica se qued\u00f3 como nuestro espacio para la investigaci\u00f3n, difusi\u00f3n y comunicaci\u00f3n. Nos interesa dedicarnos a desarrollar e investigar en proyectos de arquitectura, con dos l\u00edneas fundamentales de trabajo. La de vivienda social, alojamientos residenciales y arquitectura docente, que dirige Lourdes, y la dise\u00f1o computacional y arquitectura para la sociedad de la informaci\u00f3n, que dirige Miguel. El trabajo que hemos venido desarrollando en arquitextonica.net desde el 2003 nos ha llevado tambi\u00e9n a trabajar por y para la difusi\u00f3n de la arquitectura y el dise\u00f1o en internet, haciendo un \u00e9nfasis especial en promocionar el talento de nuestro entorno. Lo llamamos #Ser_Red. En la lista de etiquetas de la columna de la derecha puedes ver un registro m\u00e1s expl\u00edcito de nuestros intereses.. Si te interesa nuestro trabajo, no dudes en ponerte en contacto con nosotros.\",\"sameAs\":[\"http:\\\/\\\/arquitextonica.net\\\/\",\"https:\\\/\\\/www.facebook.com\\\/arquitextonica\",\"https:\\\/\\\/www.instagram.com\\\/arquitextonica\\\/\",\"https:\\\/\\\/www.linkedin.com\\\/company\\\/arquitextonica\\\/about\\\/\",\"https:\\\/\\\/x.com\\\/https:\\\/\\\/twitter.com\\\/arquitextonica\"],\"url\":\"https:\\\/\\\/veredes.es\\\/blog\\\/author\\\/lourdes-bueno-miguel-villegas\\\/\"}]}<\/script>\n<!-- \/ Yoast SEO plugin. -->","yoast_head_json":{"title":"El IFC es el mal | Miguel Villegas - veredes","description":"Toda la informaci\u00f3n sobre: El IFC es el mal | Miguel Villegas","robots":{"index":"index","follow":"follow","max-snippet":"max-snippet:-1","max-image-preview":"max-image-preview:large","max-video-preview":"max-video-preview:-1"},"canonical":"https:\/\/veredes.es\/blog\/el-ifc-es-el-mal-miguel-villegas\/","og_locale":"es_ES","og_type":"article","og_title":"El IFC es el mal | Miguel Villegas - veredes","og_description":"Toda la informaci\u00f3n sobre: El IFC es el mal | Miguel Villegas","og_url":"https:\/\/veredes.es\/blog\/el-ifc-es-el-mal-miguel-villegas\/","og_site_name":"veredes, arquitectura y divulgaci\u00f3n","article_publisher":"https:\/\/www.facebook.com\/veredesArquitecturayDivulgacion\/","article_author":"https:\/\/www.facebook.com\/arquitextonica","article_published_time":"2026-09-03T22:01:23+00:00","og_image":[{"width":1024,"height":1024,"url":"https:\/\/veredes.es\/blog\/wp-content\/uploads\/2026\/08\/El-IFC-es-el-mal-Miguel-Villegas-ontologias-abiertas-CC-by-sa-Miguel-Villegas-Ballesta.png","type":"image\/png"}],"author":"Lourdes Bueno \u2013 Miguel Villegas","twitter_card":"summary_large_image","twitter_creator":"@https:\/\/twitter.com\/arquitextonica","twitter_site":"@veredes","twitter_misc":{"Escrito por":"Lourdes Bueno \u2013 Miguel Villegas","Tiempo de lectura":"6 minutos"},"schema":{"@context":"https:\/\/schema.org","@graph":[{"@type":"Article","@id":"https:\/\/veredes.es\/blog\/el-ifc-es-el-mal-miguel-villegas\/#article","isPartOf":{"@id":"https:\/\/veredes.es\/blog\/el-ifc-es-el-mal-miguel-villegas\/"},"author":{"name":"Lourdes Bueno \u2013 Miguel Villegas","@id":"https:\/\/veredes.es\/blog\/#\/schema\/person\/1d1d0478215da09188abac3eaa22bae2"},"headline":"El IFC es el mal | Miguel Villegas","datePublished":"2026-09-03T22:01:23+00:00","mainEntityOfPage":{"@id":"https:\/\/veredes.es\/blog\/el-ifc-es-el-mal-miguel-villegas\/"},"wordCount":1175,"commentCount":0,"publisher":{"@id":"https:\/\/veredes.es\/blog\/#organization"},"image":{"@id":"https:\/\/veredes.es\/blog\/el-ifc-es-el-mal-miguel-villegas\/#primaryimage"},"thumbnailUrl":"https:\/\/veredes.es\/blog\/wp-content\/uploads\/2026\/08\/El-IFC-es-el-mal-Miguel-Villegas-ontologias-abiertas-CC-by-sa-Miguel-Villegas-Ballesta.png","keywords":["BIM","comunicar","estrategias","Miguel Villegas Ballesta","pensamiento","pensar","reflexi\u00f3n","rquitectura informacional","tesis"],"articleSection":["faro","slider principal"],"inLanguage":"es","potentialAction":[{"@type":"CommentAction","name":"Comment","target":["https:\/\/veredes.es\/blog\/el-ifc-es-el-mal-miguel-villegas\/#respond"]}]},{"@type":"WebPage","@id":"https:\/\/veredes.es\/blog\/el-ifc-es-el-mal-miguel-villegas\/","url":"https:\/\/veredes.es\/blog\/el-ifc-es-el-mal-miguel-villegas\/","name":"El IFC es el mal | Miguel Villegas - veredes","isPartOf":{"@id":"https:\/\/veredes.es\/blog\/#website"},"primaryImageOfPage":{"@id":"https:\/\/veredes.es\/blog\/el-ifc-es-el-mal-miguel-villegas\/#primaryimage"},"image":{"@id":"https:\/\/veredes.es\/blog\/el-ifc-es-el-mal-miguel-villegas\/#primaryimage"},"thumbnailUrl":"https:\/\/veredes.es\/blog\/wp-content\/uploads\/2026\/08\/El-IFC-es-el-mal-Miguel-Villegas-ontologias-abiertas-CC-by-sa-Miguel-Villegas-Ballesta.png","datePublished":"2026-09-03T22:01:23+00:00","description":"Toda la informaci\u00f3n sobre: El IFC es el mal | Miguel Villegas","breadcrumb":{"@id":"https:\/\/veredes.es\/blog\/el-ifc-es-el-mal-miguel-villegas\/#breadcrumb"},"inLanguage":"es","potentialAction":[{"@type":"ReadAction","target":["https:\/\/veredes.es\/blog\/el-ifc-es-el-mal-miguel-villegas\/"]}]},{"@type":"ImageObject","inLanguage":"es","@id":"https:\/\/veredes.es\/blog\/el-ifc-es-el-mal-miguel-villegas\/#primaryimage","url":"https:\/\/veredes.es\/blog\/wp-content\/uploads\/2026\/08\/El-IFC-es-el-mal-Miguel-Villegas-ontologias-abiertas-CC-by-sa-Miguel-Villegas-Ballesta.png","contentUrl":"https:\/\/veredes.es\/blog\/wp-content\/uploads\/2026\/08\/El-IFC-es-el-mal-Miguel-Villegas-ontologias-abiertas-CC-by-sa-Miguel-Villegas-Ballesta.png","width":1024,"height":1024,"caption":"\u00abontolog\u00edas abiertas\u00bb CC-by-sa Miguel Villegas Ballesta"},{"@type":"BreadcrumbList","@id":"https:\/\/veredes.es\/blog\/el-ifc-es-el-mal-miguel-villegas\/#breadcrumb","itemListElement":[{"@type":"ListItem","position":1,"name":"Portada","item":"https:\/\/veredes.es\/blog\/"},{"@type":"ListItem","position":2,"name":"El IFC es el mal | Miguel Villegas"}]},{"@type":"WebSite","@id":"https:\/\/veredes.es\/blog\/#website","url":"https:\/\/veredes.es\/blog\/","name":"veredes, arquitectura y divulgaci\u00f3n","description":"veredes","publisher":{"@id":"https:\/\/veredes.es\/blog\/#organization"},"alternateName":"veredes","potentialAction":[{"@type":"SearchAction","target":{"@type":"EntryPoint","urlTemplate":"https:\/\/veredes.es\/blog\/?s={search_term_string}"},"query-input":{"@type":"PropertyValueSpecification","valueRequired":true,"valueName":"search_term_string"}}],"inLanguage":"es"},{"@type":"Organization","@id":"https:\/\/veredes.es\/blog\/#organization","name":"veredes, arquitectura y divulgaci\u00f3n","alternateName":"veredes","url":"https:\/\/veredes.es\/blog\/","logo":{"@type":"ImageObject","inLanguage":"es","@id":"https:\/\/veredes.es\/blog\/#\/schema\/logo\/image\/","url":"https:\/\/veredes.es\/blog\/wp-content\/uploads\/2021\/12\/veredes-logo-centrado_140x54.png","contentUrl":"https:\/\/veredes.es\/blog\/wp-content\/uploads\/2021\/12\/veredes-logo-centrado_140x54.png","width":140,"height":54,"caption":"veredes, arquitectura y divulgaci\u00f3n"},"image":{"@id":"https:\/\/veredes.es\/blog\/#\/schema\/logo\/image\/"},"sameAs":["https:\/\/www.facebook.com\/veredesArquitecturayDivulgacion\/","https:\/\/x.com\/veredes","https:\/\/instagram.com\/veredes\/","https:\/\/www.linkedin.com\/company\/veredes-arquitectura-y-divulgacion\/","https:\/\/es.pinterest.com\/veredes\/","https:\/\/www.tumblr.com\/veredes"]},{"@type":"Person","@id":"https:\/\/veredes.es\/blog\/#\/schema\/person\/1d1d0478215da09188abac3eaa22bae2","name":"Lourdes Bueno \u2013 Miguel Villegas","image":{"@type":"ImageObject","inLanguage":"es","@id":"https:\/\/secure.gravatar.com\/avatar\/d6b53075654f09b9d67c54c4b4342beeb75c7534b60ab97b86fce3a5e04027ca?s=96&r=g","url":"https:\/\/secure.gravatar.com\/avatar\/d6b53075654f09b9d67c54c4b4342beeb75c7534b60ab97b86fce3a5e04027ca?s=96&r=g","contentUrl":"https:\/\/secure.gravatar.com\/avatar\/d6b53075654f09b9d67c54c4b4342beeb75c7534b60ab97b86fce3a5e04027ca?s=96&r=g","caption":"Lourdes Bueno \u2013 Miguel Villegas"},"description":"Arquitextonica.net es editada desde 2003 desde Sevilla por Lourdes Bueno Garnica y Miguel Villegas Ballesta. Desde hace un tiempo, decidimos sacar nuestra actividad profesional de aqu\u00ed y trasladarla a villegasbueno arquitectura, as\u00ed arquitextonica se qued\u00f3 como nuestro espacio para la investigaci\u00f3n, difusi\u00f3n y comunicaci\u00f3n. Nos interesa dedicarnos a desarrollar e investigar en proyectos de arquitectura, con dos l\u00edneas fundamentales de trabajo. La de vivienda social, alojamientos residenciales y arquitectura docente, que dirige Lourdes, y la dise\u00f1o computacional y arquitectura para la sociedad de la informaci\u00f3n, que dirige Miguel. El trabajo que hemos venido desarrollando en arquitextonica.net desde el 2003 nos ha llevado tambi\u00e9n a trabajar por y para la difusi\u00f3n de la arquitectura y el dise\u00f1o en internet, haciendo un \u00e9nfasis especial en promocionar el talento de nuestro entorno. Lo llamamos #Ser_Red. En la lista de etiquetas de la columna de la derecha puedes ver un registro m\u00e1s expl\u00edcito de nuestros intereses.. Si te interesa nuestro trabajo, no dudes en ponerte en contacto con nosotros.","sameAs":["http:\/\/arquitextonica.net\/","https:\/\/www.facebook.com\/arquitextonica","https:\/\/www.instagram.com\/arquitextonica\/","https:\/\/www.linkedin.com\/company\/arquitextonica\/about\/","https:\/\/x.com\/https:\/\/twitter.com\/arquitextonica"],"url":"https:\/\/veredes.es\/blog\/author\/lourdes-bueno-miguel-villegas\/"}]}},"_links":{"self":[{"href":"https:\/\/veredes.es\/blog\/wp-json\/wp\/v2\/posts\/108937","targetHints":{"allow":["GET"]}}],"collection":[{"href":"https:\/\/veredes.es\/blog\/wp-json\/wp\/v2\/posts"}],"about":[{"href":"https:\/\/veredes.es\/blog\/wp-json\/wp\/v2\/types\/post"}],"author":[{"embeddable":true,"href":"https:\/\/veredes.es\/blog\/wp-json\/wp\/v2\/users\/40"}],"replies":[{"embeddable":true,"href":"https:\/\/veredes.es\/blog\/wp-json\/wp\/v2\/comments?post=108937"}],"version-history":[{"count":1,"href":"https:\/\/veredes.es\/blog\/wp-json\/wp\/v2\/posts\/108937\/revisions"}],"predecessor-version":[{"id":108940,"href":"https:\/\/veredes.es\/blog\/wp-json\/wp\/v2\/posts\/108937\/revisions\/108940"}],"wp:featuredmedia":[{"embeddable":true,"href":"https:\/\/veredes.es\/blog\/wp-json\/wp\/v2\/media\/108939"}],"wp:attachment":[{"href":"https:\/\/veredes.es\/blog\/wp-json\/wp\/v2\/media?parent=108937"}],"wp:term":[{"taxonomy":"category","embeddable":true,"href":"https:\/\/veredes.es\/blog\/wp-json\/wp\/v2\/categories?post=108937"},{"taxonomy":"post_tag","embeddable":true,"href":"https:\/\/veredes.es\/blog\/wp-json\/wp\/v2\/tags?post=108937"}],"curies":[{"name":"wp","href":"https:\/\/api.w.org\/{rel}","templated":true}]}}