{"id":108811,"date":"2026-09-03T00:01:39","date_gmt":"2026-09-02T22:01:39","guid":{"rendered":"https:\/\/veredes.es\/blog\/?p=108811"},"modified":"2026-08-23T21:32:13","modified_gmt":"2026-08-23T19:32:13","slug":"sim-2026-pensar-para-fabricar-fabricar-para-construir","status":"publish","type":"post","link":"https:\/\/veredes.es\/blog\/sim-2026-pensar-para-fabricar-fabricar-para-construir\/","title":{"rendered":"[SIM 2026] Pensar para fabricar. Fabricar para construir"},"content":{"rendered":"<figure id=\"attachment_108812\" aria-describedby=\"caption-attachment-108812\" style=\"width: 1920px\" class=\"wp-caption alignnone\"><img loading=\"lazy\" decoding=\"async\" class=\"wp-image-108812 size-full\" title=\"[SIM 2026] Pensar para fabricar. Fabricar para construir\" src=\"https:\/\/veredes.es\/blog\/wp-content\/uploads\/2026\/08\/SIM-2026-Inscripciones-abiertas.jpg\" alt=\"[SIM 2026] Inscripciones abiertas\" width=\"1920\" height=\"1080\" srcset=\"https:\/\/veredes.es\/blog\/wp-content\/uploads\/2026\/08\/SIM-2026-Inscripciones-abiertas.jpg 1920w, https:\/\/veredes.es\/blog\/wp-content\/uploads\/2026\/08\/SIM-2026-Inscripciones-abiertas-300x169.jpg 300w, https:\/\/veredes.es\/blog\/wp-content\/uploads\/2026\/08\/SIM-2026-Inscripciones-abiertas-1024x576.jpg 1024w, https:\/\/veredes.es\/blog\/wp-content\/uploads\/2026\/08\/SIM-2026-Inscripciones-abiertas-1536x864.jpg 1536w, https:\/\/veredes.es\/blog\/wp-content\/uploads\/2026\/08\/SIM-2026-Inscripciones-abiertas-747x420.jpg 747w, https:\/\/veredes.es\/blog\/wp-content\/uploads\/2026\/08\/SIM-2026-Inscripciones-abiertas-696x392.jpg 696w, https:\/\/veredes.es\/blog\/wp-content\/uploads\/2026\/08\/SIM-2026-Inscripciones-abiertas-1068x601.jpg 1068w\" sizes=\"auto, (max-width: 1920px) 100vw, 1920px\" \/><figcaption id=\"caption-attachment-108812\" class=\"wp-caption-text\"><span style=\"color: #999999;\">[SIM 2026] Pensar para fabricar. Fabricar para construir<\/span><\/figcaption><\/figure>\n<h5 style=\"text-align: justify;\"><strong>[SIM 2026]<\/strong> convierte Madrid en el epicentro de la construcci\u00f3n industrializada y reivindica el legado de Rafael Leoz.<\/h5>\n<p style=\"text-align: justify;\"><strong>Madrid acoger\u00e1 del 13 al 16 de octubre de 2026<\/strong> una nueva edici\u00f3n del<strong> [SIM 2026] &gt; Semana de la Industrializaci\u00f3n de Madrid<\/strong>, una iniciativa organizada por el<strong> Colegio Oficial de Aparejadores y Arquitectos T\u00e9cnicos de Madrid (COAATM)<\/strong> junto al <strong>Digital Construction Hub<\/strong>, que convertir\u00e1 la capital en el principal punto de encuentro nacional para debatir sobre el futuro de la construcci\u00f3n industrializada.<\/p>\n<p style=\"text-align: justify;\">Con la apertura oficial de las inscripciones, el [SIM 2026] presenta un programa que trasciende el formato tradicional de un congreso. Durante cuatro jornadas, el evento recorrer\u00e1 toda la cadena de valor de la edificaci\u00f3n mediante un itinerario estructurado en torno a cuatro grandes ejes: <strong>Pensar, Fabricar, Investigar y Aplicar<\/strong>, incorporando adem\u00e1s una quinta jornada extraordinaria dedicada a la formaci\u00f3n t\u00e9cnica y la cultura arquitect\u00f3nica.<\/p>\n<p style=\"text-align: justify;\">La inauguraci\u00f3n institucional correr\u00e1 a cargo del Consejo General de la Arquitectura T\u00e9cnica de Espa\u00f1a (CGATE) y del Colegio Oficial de Aparejadores y Arquitectos T\u00e9cnicos de Madrid, poniendo sobre la mesa una idea que marcar\u00e1 todo el encuentro: la industrializaci\u00f3n no es \u00fanicamente una nueva t\u00e9cnica constructiva, sino una nueva cultura para proyectar, fabricar, coordinar y ejecutar edificios.<\/p>\n<p style=\"text-align: justify;\">La primera jornada, <strong>\u00abPensar\u00bb<\/strong>, estar\u00e1 dedicada a responder una pregunta fundamental: \u00bfpor qu\u00e9 tenemos que cambiar? Expertos como Darren Richards (Cogent Consulting), uno de los mayores referentes europeos en DfMA y construcci\u00f3n offsite, compartir\u00e1n escenario con Luis Basagoiti, Actia Tech, Ortiz y Le\u00f3n Arquitectos, Aelion, Thermochip, Mol Arquitectura, Sika y Q21 Arquitectura, combinando estrategia, innovaci\u00f3n, industria, digitalizaci\u00f3n y casos pr\u00e1cticos. El d\u00eda concluir\u00e1 con una visita t\u00e9cnica al proyecto \u00abInfinito Delicias\u00bb, guiada por ELII, HUSOS y DIRTER Arquitectura T\u00e9cnica, como ejemplo de arquitectura concebida para el desmontaje y la reutilizaci\u00f3n.<\/p>\n<p style=\"text-align: justify;\">La segunda jornada, <strong>\u00abFabricar\u00bb<\/strong>, trasladar\u00e1 el debate al \u00e1mbito productivo mediante una visita a una f\u00e1brica industrializada y una programaci\u00f3n centrada en la fabricaci\u00f3n avanzada, la gesti\u00f3n digital y la industrializaci\u00f3n de los procesos. Participar\u00e1n BIM Project + Lean Construction, L35 Architects, CTBUH Iberia, SrTec, At Genba y Plaat, mostrando c\u00f3mo se est\u00e1 redefiniendo la ejecuci\u00f3n de los proyectos.<\/p>\n<p style=\"text-align: justify;\">El jueves llegar\u00e1 la jornada <strong>\u00abInvestigar\u00bb,<\/strong> dedicada a la investigaci\u00f3n y a los sistemas que est\u00e1n transformando el sector, se abrir\u00e1 con una intervenci\u00f3n de Rub\u00e9n Picado, de Picado de Blas sobre la figura y el pensamiento de Rafael Leoz, coincidiendo con el 50 aniversario de su fallecimiento. Bajo el planteamiento<strong> \u201c<em>Industrializar sin uniformar<\/em>\u201d,<\/strong> la sesi\u00f3n recuperar\u00e1 la vigencia de una obra que anticip\u00f3 muchos de los debates que hoy atraviesan la arquitectura y la construcci\u00f3n: la modulaci\u00f3n, la repetici\u00f3n inteligente, la prefabricaci\u00f3n, la flexibilidad y el dise\u00f1o de sistemas frente al dise\u00f1o de objetos aislados.<\/p>\n<p style=\"text-align: justify;\">Esa jornada reunir\u00e1 adem\u00e1s a representantes de la Comunidad de Madrid, el Ayuntamiento de Madrid y el COAATM, junto a organizaciones como CIMC Modular Systems (China), Wisebuild, Holcim, F\u00e1brica de Fabricantes, Arque SteelTech, Sando, IKEA, Morph Studio, Baumit, 011H, Arkance y el Cl\u00faster de la Edificaci\u00f3n, ofreciendo su visi\u00f3n sobre la construcci\u00f3n modular, la digitalizaci\u00f3n, la econom\u00eda circular, la fabricaci\u00f3n avanzada, la industrializaci\u00f3n del acero, las plataformas digitales y los nuevos modelos de financiaci\u00f3n de la rehabilitaci\u00f3n. La jornada finalizar\u00e1 con el [SIM Club], el afterwork oficial del encuentro, concebido como un espacio de networking entre profesionales, empresas e instituciones.<\/p>\n<p style=\"text-align: justify;\">El viernes, bajo el lema \u00abAplicar\u00bb, el congreso mostrar\u00e1 c\u00f3mo todas estas ideas ya se est\u00e1n convirtiendo en proyectos construidos. Empresas y organizaciones como Toyota, Deceuninck, On-A, Porcelanosa Offsite, WES Panel, ATEC y la constructora portuguesa Casais compartir\u00e1n experiencias reales de industrializaci\u00f3n, abordando desde la aplicaci\u00f3n del pensamiento Lean hasta los sistemas panelizados, la construcci\u00f3n modular, la planificaci\u00f3n industrial y la integraci\u00f3n entre dise\u00f1o, f\u00e1brica y montaje. La jornada concluir\u00e1 con dos mesas redondas de conclusiones y el acto oficial de clausura.<\/p>\n<p style=\"text-align: justify;\">Como complemento al congreso, el 20 de octubre el <strong>[SIM 2026]<\/strong> celebrar\u00e1 una jornada extraordinaria de formaci\u00f3n pr\u00e1ctica en la que Actia, Sika y Deceuninck impartir\u00e1n un workshop t\u00e9cnico sobre la resoluci\u00f3n de paneles, juntas y huecos en la envolvente industrializada. La programaci\u00f3n finalizar\u00e1 con la proyecci\u00f3n de la pel\u00edcula \u00abEl Arquitecto\u00bb y un coloquio abierto sobre el papel de la arquitectura y la transformaci\u00f3n de la profesi\u00f3n.<\/p>\n<p style=\"text-align: justify;\">M\u00e1s all\u00e1 de un congreso, el <strong>[SIM 2026]<\/strong> nace como un espacio para conectar conocimiento, industria y profesi\u00f3n. Arquitectos t\u00e9cnicos, arquitectos, ingenieros, constructoras, promotoras, fabricantes, tecnol\u00f3gicas, universidades, administraciones p\u00fablicas e investigadores compartir\u00e1n durante cuatro d\u00edas experiencias, metodolog\u00edas y casos reales con un objetivo com\u00fan: impulsar una construcci\u00f3n m\u00e1s eficiente, colaborativa, industrializada y preparada para afrontar los retos del futuro. Tal y como resume el propio manifiesto del programa, \u00abla industrializaci\u00f3n no resolver\u00e1 por s\u00ed sola los problemas de la construcci\u00f3n; exige transformar la manera de proyectar, contratar, fabricar, coordinar y ejecutar\u00bb; una idea que vertebra todo el encuentro.<\/p>\n<h5 style=\"text-align: justify;\"><strong>DATOS DEL EVENTO<\/strong><\/h5>\n<p style=\"text-align: justify;\">Evento: [SIM 2026] &gt; Semana de la Industrializaci\u00f3n de Madrid<br \/>\nFechas: 13 al 16 de octubre de 2026 + jornada t\u00e9cnica el 20 de octubre<br \/>\nOrganiza: Colegio Oficial de Aparejadores y Arquitectos T\u00e9cnicos de Madrid (COAATM), junto al Digital Construction Hub<br \/>\nLugar: Colegio Oficial de Aparejadores y Arquitectos T\u00e9cnicos de Madrid<br \/>\nFormato: Presencial y retransmisi\u00f3n online de las principales jornadas<\/p>\n<p style=\"text-align: center;\"><a href=\"https:\/\/sim2026.es\/\" target=\"_blank\" rel=\"noopener\">Inscripciones: Ya disponibles.<\/a><\/p>\n","protected":false},"excerpt":{"rendered":"<p>[SIM 2026] convierte Madrid en el epicentro de la construcci\u00f3n industrializada y reivindica el legado de Rafael Leoz. Madrid acoger\u00e1 del 13 al 16 de octubre de 2026 una nueva edici\u00f3n del [SIM 2026] &gt; Semana de la Industrializaci\u00f3n de Madrid, una iniciativa organizada por el Colegio Oficial de Aparejadores y Arquitectos T\u00e9cnicos de Madrid [&hellip;]<\/p>\n","protected":false},"author":2,"featured_media":108812,"comment_status":"open","ping_status":"closed","sticky":false,"template":"","format":"standard","meta":{"footnotes":""},"categories":[5624,5951],"tags":[18397,17906,361,18505,12445,708,1786,814,18438,17979,15547],"class_list":["post-108811","post","type-post","status-publish","format-standard","has-post-thumbnail","category-deriva","category-slider-principal","tag-actia","tag-arquitectura-industrializada","tag-congreso","tag-deceuninck","tag-evento","tag-industrializacion","tag-jornada","tag-madrid","tag-rafael-leoz-de-la-fuente","tag-ruben-picado-fernandez","tag-sika"],"yoast_head":"<!-- This site is optimized with the Yoast SEO plugin v28.4 - https:\/\/yoast.com\/product\/yoast-seo-wordpress\/ -->\n<title>[SIM 2026] Pensar para fabricar. Fabricar para construir - veredes<\/title>\n<meta name=\"description\" content=\"Toda la informaci\u00f3n sobre: [SIM 2026] Pensar para fabricar. Fabricar para construir\" \/>\n<meta name=\"robots\" content=\"index, follow, max-snippet:-1, max-image-preview:large, max-video-preview:-1\" \/>\n<link rel=\"canonical\" href=\"https:\/\/veredes.es\/blog\/sim-2026-pensar-para-fabricar-fabricar-para-construir\/\" \/>\n<meta property=\"og:locale\" content=\"es_ES\" \/>\n<meta property=\"og:type\" content=\"article\" \/>\n<meta property=\"og:title\" content=\"[SIM 2026] Pensar para fabricar. Fabricar para construir - veredes\" \/>\n<meta property=\"og:description\" content=\"Toda la informaci\u00f3n sobre: [SIM 2026] Pensar para fabricar. Fabricar para construir\" \/>\n<meta property=\"og:url\" content=\"https:\/\/veredes.es\/blog\/sim-2026-pensar-para-fabricar-fabricar-para-construir\/\" \/>\n<meta property=\"og:site_name\" content=\"veredes, arquitectura y divulgaci\u00f3n\" \/>\n<meta property=\"article:publisher\" content=\"https:\/\/www.facebook.com\/veredesArquitecturayDivulgacion\/\" \/>\n<meta property=\"article:author\" content=\"https:\/\/www.facebook.com\/veredesArquitecturayDivulgacion\/\" \/>\n<meta property=\"article:published_time\" content=\"2026-09-02T22:01:39+00:00\" \/>\n<meta property=\"og:image\" content=\"https:\/\/veredes.es\/blog\/wp-content\/uploads\/2026\/08\/SIM-2026-Inscripciones-abiertas.jpg\" \/>\n\t<meta property=\"og:image:width\" content=\"1920\" \/>\n\t<meta property=\"og:image:height\" content=\"1080\" \/>\n\t<meta property=\"og:image:type\" content=\"image\/jpeg\" \/>\n<meta name=\"author\" content=\"veredes\" \/>\n<meta name=\"twitter:card\" content=\"summary_large_image\" \/>\n<meta name=\"twitter:creator\" content=\"@https:\/\/twitter.com\/veredes\" \/>\n<meta name=\"twitter:site\" content=\"@veredes\" \/>\n<meta name=\"twitter:label1\" content=\"Escrito por\" \/>\n\t<meta name=\"twitter:data1\" content=\"veredes\" \/>\n\t<meta name=\"twitter:label2\" content=\"Tiempo de lectura\" \/>\n\t<meta name=\"twitter:data2\" content=\"5 minutos\" \/>\n<script type=\"application\/ld+json\" class=\"yoast-schema-graph\">{\"@context\":\"https:\\\/\\\/schema.org\",\"@graph\":[{\"@type\":\"Article\",\"@id\":\"https:\\\/\\\/veredes.es\\\/blog\\\/sim-2026-pensar-para-fabricar-fabricar-para-construir\\\/#article\",\"isPartOf\":{\"@id\":\"https:\\\/\\\/veredes.es\\\/blog\\\/sim-2026-pensar-para-fabricar-fabricar-para-construir\\\/\"},\"author\":{\"name\":\"veredes\",\"@id\":\"https:\\\/\\\/veredes.es\\\/blog\\\/#\\\/schema\\\/person\\\/0bbb669073ef7faba5168a0844e93d2c\"},\"headline\":\"[SIM 2026] Pensar para fabricar. Fabricar para construir\",\"datePublished\":\"2026-09-02T22:01:39+00:00\",\"mainEntityOfPage\":{\"@id\":\"https:\\\/\\\/veredes.es\\\/blog\\\/sim-2026-pensar-para-fabricar-fabricar-para-construir\\\/\"},\"wordCount\":962,\"commentCount\":0,\"publisher\":{\"@id\":\"https:\\\/\\\/veredes.es\\\/blog\\\/#organization\"},\"image\":{\"@id\":\"https:\\\/\\\/veredes.es\\\/blog\\\/sim-2026-pensar-para-fabricar-fabricar-para-construir\\\/#primaryimage\"},\"thumbnailUrl\":\"https:\\\/\\\/veredes.es\\\/blog\\\/wp-content\\\/uploads\\\/2026\\\/08\\\/SIM-2026-Inscripciones-abiertas.jpg\",\"keywords\":[\"ACTIA\",\"arquitectura industrializada\",\"congreso\",\"Deceuninck\",\"evento\",\"industrializaci\u00f3n\",\"jornada\",\"Madrid\",\"Rafael Leoz de la Fuente\",\"Rub\u00e9n Picado Fern\u00e1ndez\",\"sika\"],\"articleSection\":[\"deriva\",\"slider principal\"],\"inLanguage\":\"es\",\"potentialAction\":[{\"@type\":\"CommentAction\",\"name\":\"Comment\",\"target\":[\"https:\\\/\\\/veredes.es\\\/blog\\\/sim-2026-pensar-para-fabricar-fabricar-para-construir\\\/#respond\"]}]},{\"@type\":\"WebPage\",\"@id\":\"https:\\\/\\\/veredes.es\\\/blog\\\/sim-2026-pensar-para-fabricar-fabricar-para-construir\\\/\",\"url\":\"https:\\\/\\\/veredes.es\\\/blog\\\/sim-2026-pensar-para-fabricar-fabricar-para-construir\\\/\",\"name\":\"[SIM 2026] Pensar para fabricar. Fabricar para construir - veredes\",\"isPartOf\":{\"@id\":\"https:\\\/\\\/veredes.es\\\/blog\\\/#website\"},\"primaryImageOfPage\":{\"@id\":\"https:\\\/\\\/veredes.es\\\/blog\\\/sim-2026-pensar-para-fabricar-fabricar-para-construir\\\/#primaryimage\"},\"image\":{\"@id\":\"https:\\\/\\\/veredes.es\\\/blog\\\/sim-2026-pensar-para-fabricar-fabricar-para-construir\\\/#primaryimage\"},\"thumbnailUrl\":\"https:\\\/\\\/veredes.es\\\/blog\\\/wp-content\\\/uploads\\\/2026\\\/08\\\/SIM-2026-Inscripciones-abiertas.jpg\",\"datePublished\":\"2026-09-02T22:01:39+00:00\",\"description\":\"Toda la informaci\u00f3n sobre: [SIM 2026] Pensar para fabricar. Fabricar para construir\",\"breadcrumb\":{\"@id\":\"https:\\\/\\\/veredes.es\\\/blog\\\/sim-2026-pensar-para-fabricar-fabricar-para-construir\\\/#breadcrumb\"},\"inLanguage\":\"es\",\"potentialAction\":[{\"@type\":\"ReadAction\",\"target\":[\"https:\\\/\\\/veredes.es\\\/blog\\\/sim-2026-pensar-para-fabricar-fabricar-para-construir\\\/\"]}]},{\"@type\":\"ImageObject\",\"inLanguage\":\"es\",\"@id\":\"https:\\\/\\\/veredes.es\\\/blog\\\/sim-2026-pensar-para-fabricar-fabricar-para-construir\\\/#primaryimage\",\"url\":\"https:\\\/\\\/veredes.es\\\/blog\\\/wp-content\\\/uploads\\\/2026\\\/08\\\/SIM-2026-Inscripciones-abiertas.jpg\",\"contentUrl\":\"https:\\\/\\\/veredes.es\\\/blog\\\/wp-content\\\/uploads\\\/2026\\\/08\\\/SIM-2026-Inscripciones-abiertas.jpg\",\"width\":1920,\"height\":1080,\"caption\":\"[SIM 2026] Inscripciones abiertas\"},{\"@type\":\"BreadcrumbList\",\"@id\":\"https:\\\/\\\/veredes.es\\\/blog\\\/sim-2026-pensar-para-fabricar-fabricar-para-construir\\\/#breadcrumb\",\"itemListElement\":[{\"@type\":\"ListItem\",\"position\":1,\"name\":\"Portada\",\"item\":\"https:\\\/\\\/veredes.es\\\/blog\\\/\"},{\"@type\":\"ListItem\",\"position\":2,\"name\":\"[SIM 2026] Pensar para fabricar. Fabricar para construir\"}]},{\"@type\":\"WebSite\",\"@id\":\"https:\\\/\\\/veredes.es\\\/blog\\\/#website\",\"url\":\"https:\\\/\\\/veredes.es\\\/blog\\\/\",\"name\":\"veredes, arquitectura y divulgaci\u00f3n\",\"description\":\"veredes\",\"publisher\":{\"@id\":\"https:\\\/\\\/veredes.es\\\/blog\\\/#organization\"},\"alternateName\":\"veredes\",\"potentialAction\":[{\"@type\":\"SearchAction\",\"target\":{\"@type\":\"EntryPoint\",\"urlTemplate\":\"https:\\\/\\\/veredes.es\\\/blog\\\/?s={search_term_string}\"},\"query-input\":{\"@type\":\"PropertyValueSpecification\",\"valueRequired\":true,\"valueName\":\"search_term_string\"}}],\"inLanguage\":\"es\"},{\"@type\":\"Organization\",\"@id\":\"https:\\\/\\\/veredes.es\\\/blog\\\/#organization\",\"name\":\"veredes, arquitectura y divulgaci\u00f3n\",\"alternateName\":\"veredes\",\"url\":\"https:\\\/\\\/veredes.es\\\/blog\\\/\",\"logo\":{\"@type\":\"ImageObject\",\"inLanguage\":\"es\",\"@id\":\"https:\\\/\\\/veredes.es\\\/blog\\\/#\\\/schema\\\/logo\\\/image\\\/\",\"url\":\"https:\\\/\\\/veredes.es\\\/blog\\\/wp-content\\\/uploads\\\/2021\\\/12\\\/veredes-logo-centrado_140x54.png\",\"contentUrl\":\"https:\\\/\\\/veredes.es\\\/blog\\\/wp-content\\\/uploads\\\/2021\\\/12\\\/veredes-logo-centrado_140x54.png\",\"width\":140,\"height\":54,\"caption\":\"veredes, arquitectura y divulgaci\u00f3n\"},\"image\":{\"@id\":\"https:\\\/\\\/veredes.es\\\/blog\\\/#\\\/schema\\\/logo\\\/image\\\/\"},\"sameAs\":[\"https:\\\/\\\/www.facebook.com\\\/veredesArquitecturayDivulgacion\\\/\",\"https:\\\/\\\/x.com\\\/veredes\",\"https:\\\/\\\/instagram.com\\\/veredes\\\/\",\"https:\\\/\\\/www.linkedin.com\\\/company\\\/veredes-arquitectura-y-divulgacion\\\/\",\"https:\\\/\\\/es.pinterest.com\\\/veredes\\\/\",\"https:\\\/\\\/www.tumblr.com\\\/veredes\"]},{\"@type\":\"Person\",\"@id\":\"https:\\\/\\\/veredes.es\\\/blog\\\/#\\\/schema\\\/person\\\/0bbb669073ef7faba5168a0844e93d2c\",\"name\":\"veredes\",\"image\":{\"@type\":\"ImageObject\",\"inLanguage\":\"es\",\"@id\":\"https:\\\/\\\/veredes.es\\\/blog\\\/wp-content\\\/uploads\\\/2018\\\/04\\\/face-96x96.jpg\",\"url\":\"https:\\\/\\\/veredes.es\\\/blog\\\/wp-content\\\/uploads\\\/2018\\\/04\\\/face-96x96.jpg\",\"contentUrl\":\"https:\\\/\\\/veredes.es\\\/blog\\\/wp-content\\\/uploads\\\/2018\\\/04\\\/face-96x96.jpg\",\"caption\":\"veredes\"},\"description\":\"Surge enero de 2009 como b\u00fasqueda de satisfacer el conocimiento de la actividad arquitect\u00f3nica y tangentes que se generan. La idea es crear un espacio para divulgar los diversos proyectos en busca de nueva inspiraci\u00f3n y de intercambio.\",\"sameAs\":[\"https:\\\/\\\/veredes.es\\\/\",\"https:\\\/\\\/www.facebook.com\\\/veredesArquitecturayDivulgacion\\\/\",\"https:\\\/\\\/www.instagram.com\\\/veredes\\\/\",\"https:\\\/\\\/www.linkedin.com\\\/company\\\/veredes-arquitectura-y-divulgacion\\\/\",\"https:\\\/\\\/www.pinterest.es\\\/veredes\\\/\",\"https:\\\/\\\/x.com\\\/https:\\\/\\\/twitter.com\\\/veredes\",\"https:\\\/\\\/veredes.tumblr.com\\\/\"],\"url\":\"https:\\\/\\\/veredes.es\\\/blog\\\/author\\\/alberto\\\/\"}]}<\/script>\n<!-- \/ Yoast SEO plugin. -->","yoast_head_json":{"title":"[SIM 2026] Pensar para fabricar. Fabricar para construir - veredes","description":"Toda la informaci\u00f3n sobre: [SIM 2026] Pensar para fabricar. Fabricar para construir","robots":{"index":"index","follow":"follow","max-snippet":"max-snippet:-1","max-image-preview":"max-image-preview:large","max-video-preview":"max-video-preview:-1"},"canonical":"https:\/\/veredes.es\/blog\/sim-2026-pensar-para-fabricar-fabricar-para-construir\/","og_locale":"es_ES","og_type":"article","og_title":"[SIM 2026] Pensar para fabricar. Fabricar para construir - veredes","og_description":"Toda la informaci\u00f3n sobre: [SIM 2026] Pensar para fabricar. Fabricar para construir","og_url":"https:\/\/veredes.es\/blog\/sim-2026-pensar-para-fabricar-fabricar-para-construir\/","og_site_name":"veredes, arquitectura y divulgaci\u00f3n","article_publisher":"https:\/\/www.facebook.com\/veredesArquitecturayDivulgacion\/","article_author":"https:\/\/www.facebook.com\/veredesArquitecturayDivulgacion\/","article_published_time":"2026-09-02T22:01:39+00:00","og_image":[{"width":1920,"height":1080,"url":"https:\/\/veredes.es\/blog\/wp-content\/uploads\/2026\/08\/SIM-2026-Inscripciones-abiertas.jpg","type":"image\/jpeg"}],"author":"veredes","twitter_card":"summary_large_image","twitter_creator":"@https:\/\/twitter.com\/veredes","twitter_site":"@veredes","twitter_misc":{"Escrito por":"veredes","Tiempo de lectura":"5 minutos"},"schema":{"@context":"https:\/\/schema.org","@graph":[{"@type":"Article","@id":"https:\/\/veredes.es\/blog\/sim-2026-pensar-para-fabricar-fabricar-para-construir\/#article","isPartOf":{"@id":"https:\/\/veredes.es\/blog\/sim-2026-pensar-para-fabricar-fabricar-para-construir\/"},"author":{"name":"veredes","@id":"https:\/\/veredes.es\/blog\/#\/schema\/person\/0bbb669073ef7faba5168a0844e93d2c"},"headline":"[SIM 2026] Pensar para fabricar. Fabricar para construir","datePublished":"2026-09-02T22:01:39+00:00","mainEntityOfPage":{"@id":"https:\/\/veredes.es\/blog\/sim-2026-pensar-para-fabricar-fabricar-para-construir\/"},"wordCount":962,"commentCount":0,"publisher":{"@id":"https:\/\/veredes.es\/blog\/#organization"},"image":{"@id":"https:\/\/veredes.es\/blog\/sim-2026-pensar-para-fabricar-fabricar-para-construir\/#primaryimage"},"thumbnailUrl":"https:\/\/veredes.es\/blog\/wp-content\/uploads\/2026\/08\/SIM-2026-Inscripciones-abiertas.jpg","keywords":["ACTIA","arquitectura industrializada","congreso","Deceuninck","evento","industrializaci\u00f3n","jornada","Madrid","Rafael Leoz de la Fuente","Rub\u00e9n Picado Fern\u00e1ndez","sika"],"articleSection":["deriva","slider principal"],"inLanguage":"es","potentialAction":[{"@type":"CommentAction","name":"Comment","target":["https:\/\/veredes.es\/blog\/sim-2026-pensar-para-fabricar-fabricar-para-construir\/#respond"]}]},{"@type":"WebPage","@id":"https:\/\/veredes.es\/blog\/sim-2026-pensar-para-fabricar-fabricar-para-construir\/","url":"https:\/\/veredes.es\/blog\/sim-2026-pensar-para-fabricar-fabricar-para-construir\/","name":"[SIM 2026] Pensar para fabricar. Fabricar para construir - veredes","isPartOf":{"@id":"https:\/\/veredes.es\/blog\/#website"},"primaryImageOfPage":{"@id":"https:\/\/veredes.es\/blog\/sim-2026-pensar-para-fabricar-fabricar-para-construir\/#primaryimage"},"image":{"@id":"https:\/\/veredes.es\/blog\/sim-2026-pensar-para-fabricar-fabricar-para-construir\/#primaryimage"},"thumbnailUrl":"https:\/\/veredes.es\/blog\/wp-content\/uploads\/2026\/08\/SIM-2026-Inscripciones-abiertas.jpg","datePublished":"2026-09-02T22:01:39+00:00","description":"Toda la informaci\u00f3n sobre: [SIM 2026] Pensar para fabricar. Fabricar para construir","breadcrumb":{"@id":"https:\/\/veredes.es\/blog\/sim-2026-pensar-para-fabricar-fabricar-para-construir\/#breadcrumb"},"inLanguage":"es","potentialAction":[{"@type":"ReadAction","target":["https:\/\/veredes.es\/blog\/sim-2026-pensar-para-fabricar-fabricar-para-construir\/"]}]},{"@type":"ImageObject","inLanguage":"es","@id":"https:\/\/veredes.es\/blog\/sim-2026-pensar-para-fabricar-fabricar-para-construir\/#primaryimage","url":"https:\/\/veredes.es\/blog\/wp-content\/uploads\/2026\/08\/SIM-2026-Inscripciones-abiertas.jpg","contentUrl":"https:\/\/veredes.es\/blog\/wp-content\/uploads\/2026\/08\/SIM-2026-Inscripciones-abiertas.jpg","width":1920,"height":1080,"caption":"[SIM 2026] Inscripciones abiertas"},{"@type":"BreadcrumbList","@id":"https:\/\/veredes.es\/blog\/sim-2026-pensar-para-fabricar-fabricar-para-construir\/#breadcrumb","itemListElement":[{"@type":"ListItem","position":1,"name":"Portada","item":"https:\/\/veredes.es\/blog\/"},{"@type":"ListItem","position":2,"name":"[SIM 2026] Pensar para fabricar. Fabricar para construir"}]},{"@type":"WebSite","@id":"https:\/\/veredes.es\/blog\/#website","url":"https:\/\/veredes.es\/blog\/","name":"veredes, arquitectura y divulgaci\u00f3n","description":"veredes","publisher":{"@id":"https:\/\/veredes.es\/blog\/#organization"},"alternateName":"veredes","potentialAction":[{"@type":"SearchAction","target":{"@type":"EntryPoint","urlTemplate":"https:\/\/veredes.es\/blog\/?s={search_term_string}"},"query-input":{"@type":"PropertyValueSpecification","valueRequired":true,"valueName":"search_term_string"}}],"inLanguage":"es"},{"@type":"Organization","@id":"https:\/\/veredes.es\/blog\/#organization","name":"veredes, arquitectura y divulgaci\u00f3n","alternateName":"veredes","url":"https:\/\/veredes.es\/blog\/","logo":{"@type":"ImageObject","inLanguage":"es","@id":"https:\/\/veredes.es\/blog\/#\/schema\/logo\/image\/","url":"https:\/\/veredes.es\/blog\/wp-content\/uploads\/2021\/12\/veredes-logo-centrado_140x54.png","contentUrl":"https:\/\/veredes.es\/blog\/wp-content\/uploads\/2021\/12\/veredes-logo-centrado_140x54.png","width":140,"height":54,"caption":"veredes, arquitectura y divulgaci\u00f3n"},"image":{"@id":"https:\/\/veredes.es\/blog\/#\/schema\/logo\/image\/"},"sameAs":["https:\/\/www.facebook.com\/veredesArquitecturayDivulgacion\/","https:\/\/x.com\/veredes","https:\/\/instagram.com\/veredes\/","https:\/\/www.linkedin.com\/company\/veredes-arquitectura-y-divulgacion\/","https:\/\/es.pinterest.com\/veredes\/","https:\/\/www.tumblr.com\/veredes"]},{"@type":"Person","@id":"https:\/\/veredes.es\/blog\/#\/schema\/person\/0bbb669073ef7faba5168a0844e93d2c","name":"veredes","image":{"@type":"ImageObject","inLanguage":"es","@id":"https:\/\/veredes.es\/blog\/wp-content\/uploads\/2018\/04\/face-96x96.jpg","url":"https:\/\/veredes.es\/blog\/wp-content\/uploads\/2018\/04\/face-96x96.jpg","contentUrl":"https:\/\/veredes.es\/blog\/wp-content\/uploads\/2018\/04\/face-96x96.jpg","caption":"veredes"},"description":"Surge enero de 2009 como b\u00fasqueda de satisfacer el conocimiento de la actividad arquitect\u00f3nica y tangentes que se generan. La idea es crear un espacio para divulgar los diversos proyectos en busca de nueva inspiraci\u00f3n y de intercambio.","sameAs":["https:\/\/veredes.es\/","https:\/\/www.facebook.com\/veredesArquitecturayDivulgacion\/","https:\/\/www.instagram.com\/veredes\/","https:\/\/www.linkedin.com\/company\/veredes-arquitectura-y-divulgacion\/","https:\/\/www.pinterest.es\/veredes\/","https:\/\/x.com\/https:\/\/twitter.com\/veredes","https:\/\/veredes.tumblr.com\/"],"url":"https:\/\/veredes.es\/blog\/author\/alberto\/"}]}},"_links":{"self":[{"href":"https:\/\/veredes.es\/blog\/wp-json\/wp\/v2\/posts\/108811","targetHints":{"allow":["GET"]}}],"collection":[{"href":"https:\/\/veredes.es\/blog\/wp-json\/wp\/v2\/posts"}],"about":[{"href":"https:\/\/veredes.es\/blog\/wp-json\/wp\/v2\/types\/post"}],"author":[{"embeddable":true,"href":"https:\/\/veredes.es\/blog\/wp-json\/wp\/v2\/users\/2"}],"replies":[{"embeddable":true,"href":"https:\/\/veredes.es\/blog\/wp-json\/wp\/v2\/comments?post=108811"}],"version-history":[{"count":3,"href":"https:\/\/veredes.es\/blog\/wp-json\/wp\/v2\/posts\/108811\/revisions"}],"predecessor-version":[{"id":108815,"href":"https:\/\/veredes.es\/blog\/wp-json\/wp\/v2\/posts\/108811\/revisions\/108815"}],"wp:featuredmedia":[{"embeddable":true,"href":"https:\/\/veredes.es\/blog\/wp-json\/wp\/v2\/media\/108812"}],"wp:attachment":[{"href":"https:\/\/veredes.es\/blog\/wp-json\/wp\/v2\/media?parent=108811"}],"wp:term":[{"taxonomy":"category","embeddable":true,"href":"https:\/\/veredes.es\/blog\/wp-json\/wp\/v2\/categories?post=108811"},{"taxonomy":"post_tag","embeddable":true,"href":"https:\/\/veredes.es\/blog\/wp-json\/wp\/v2\/tags?post=108811"}],"curies":[{"name":"wp","href":"https:\/\/api.w.org\/{rel}","templated":true}]}}