{"id":108122,"date":"2026-09-01T00:01:11","date_gmt":"2026-08-31T22:01:11","guid":{"rendered":"https:\/\/veredes.es\/blog\/?p=108122"},"modified":"2026-08-03T13:17:23","modified_gmt":"2026-08-03T11:17:23","slug":"francis-kere-building-stories","status":"publish","type":"post","link":"https:\/\/veredes.es\/blog\/francis-kere-building-stories\/","title":{"rendered":"Francis K\u00e9r\u00e9. Building Stories"},"content":{"rendered":"<h5 style=\"text-align: justify;\"><strong>Arquitectura que habla<\/strong><\/h5>\n<p style=\"text-align: justify;\"><a href=\"https:\/\/link.amazon\/B07YM7XX2\" target=\"_blank\" rel=\"noopener\">Un relato<\/a> en primera persona de las obras m\u00e1s influyentes de K\u00e9r\u00e9, presentado junto a un ladrillo artesanal firmado por el arquitecto.<\/p>\n<p style=\"text-align: justify;\">El cautivador relato en primera persona de <a href=\"https:\/\/veredes.es\/blog\/tag\/diebedo-francis-kere\/\" target=\"_blank\" rel=\"noopener\">Francis K\u00e9r\u00e9<\/a> revela las ideas que impulsan su pr\u00e1ctica arquitect\u00f3nica a trav\u00e9s de 26 proyectos clave, ilustrados con bocetos in\u00e9ditos, fotograf\u00edas y dibujos en un volumen bellamente concebido por el estudio de dise\u00f1o gr\u00e1fico con sede en \u00c1msterdam de Irma Boom. Entre las obras destacadas del galardonado con el premio Pritzker de arquitectura 2022 se incluyen su Serpentine Gallery Pavilion, los proyectos escolares de Gando, los dise\u00f1os de las asambleas nacionales de Burkina Faso y Ben\u00edn, y el reciente Museo de Arte de Las Vegas.<\/p>\n<figure id=\"attachment_108126\" aria-describedby=\"caption-attachment-108126\" style=\"width: 1500px\" class=\"wp-caption alignnone\"><img loading=\"lazy\" decoding=\"async\" class=\"wp-image-108126 size-full\" title=\"Francis K\u00e9r\u00e9. Building Stories \" src=\"https:\/\/veredes.es\/blog\/wp-content\/uploads\/2026\/08\/Francis-Kere.-Building-Stories-Francis-Kere.jpg\" alt=\"Francis K\u00e9r\u00e9. Building Stories \" width=\"1500\" height=\"868\" srcset=\"https:\/\/veredes.es\/blog\/wp-content\/uploads\/2026\/08\/Francis-Kere.-Building-Stories-Francis-Kere.jpg 1500w, https:\/\/veredes.es\/blog\/wp-content\/uploads\/2026\/08\/Francis-Kere.-Building-Stories-Francis-Kere-300x174.jpg 300w, https:\/\/veredes.es\/blog\/wp-content\/uploads\/2026\/08\/Francis-Kere.-Building-Stories-Francis-Kere-1024x593.jpg 1024w, https:\/\/veredes.es\/blog\/wp-content\/uploads\/2026\/08\/Francis-Kere.-Building-Stories-Francis-Kere-726x420.jpg 726w, https:\/\/veredes.es\/blog\/wp-content\/uploads\/2026\/08\/Francis-Kere.-Building-Stories-Francis-Kere-696x403.jpg 696w, https:\/\/veredes.es\/blog\/wp-content\/uploads\/2026\/08\/Francis-Kere.-Building-Stories-Francis-Kere-1068x618.jpg 1068w\" sizes=\"auto, (max-width: 1500px) 100vw, 1500px\" \/><figcaption id=\"caption-attachment-108126\" class=\"wp-caption-text\"><span style=\"color: #999999;\">Francis K\u00e9r\u00e9. Building Stories<\/span><\/figcaption><\/figure>\n<p style=\"text-align: justify;\">En la tierra natal de K\u00e9r\u00e9, Burkina Faso, las viviendas se construyen tradicionalmente con arcilla sin cocer, un material local abundante y natural, pero vulnerable a la erosi\u00f3n. Para su primer proyecto, la Escuela Primaria de Gando, K\u00e9r\u00e9 reinterpret\u00f3 el uso de la arcilla con el m\u00e9todo de los bloques de tierra comprimida (CEB), que hicieron al edificio m\u00e1s duradero y resistente. Desde entonces, ha utilizado bloques CEB en numerosos proyectos en su pa\u00eds, perfeccionado a\u00fan m\u00e1s la t\u00e9cnica e implicado a la comunidad en el proceso de fabricaci\u00f3n de ladrillos. Su arquitectura es un motor de aprendizaje e intercambio compartidos, realizada colectivamente en lugar de impuesta desde arriba. El ladrillo es la unidad b\u00e1sica de construcci\u00f3n. Por s\u00ed solo no puede formar una estructura, pero cuando muchos se unen, crean algo significativo y duradero. Como s\u00edmbolo de su enfoque comunitario,\u00a0K\u00e9r\u00e9 ha creado el\u00a0Building Brick\u00a0para esta Edici\u00f3n de Arte, que comparte as\u00ed una pieza f\u00edsica de su credo arquitect\u00f3nico.<\/p>\n<figure id=\"attachment_108129\" aria-describedby=\"caption-attachment-108129\" style=\"width: 800px\" class=\"wp-caption alignnone\"><img loading=\"lazy\" decoding=\"async\" class=\"size-full wp-image-108129\" src=\"https:\/\/veredes.es\/blog\/wp-content\/uploads\/2026\/08\/Francis-Kere.gif\" alt=\"Francis K\u00e9r\u00e9. Building Stories \" width=\"800\" height=\"537\" \/><figcaption id=\"caption-attachment-108129\" class=\"wp-caption-text\"><span style=\"color: #999999;\">Francis K\u00e9r\u00e9. Building Stories<\/span><\/figcaption><\/figure>\n<p style=\"text-align: justify;\">Los ladrillos, producidos en\u00a0una serie de 100 unidades\u00a0por la firma BC Materials, expresan el v\u00ednculo de K\u00e9r\u00e9 con el lugar. Est\u00e1n hechos con una mezcla de arcillas y arena procedentes de Alemania y B\u00e9lgica que incorpora tiempo, lugar y prop\u00f3sito, y estabilizados con un peque\u00f1o porcentaje de cemento. Debido a su car\u00e1cter artesanal, no hay dos ladrillos iguales. Cada uno est\u00e1\u00a0firmado por K\u00e9r\u00e9 e incluye el sello de un sol sonriente que representa su compromiso con el medio ambiente. Con el tiempo, cada ladrillo cambiar\u00e1, desgast\u00e1ndose y absorbiendo la huella de su entorno.<\/p>\n<p style=\"text-align: justify;\">Al inicio de la carrera de K\u00e9r\u00e9, los donantes de la Escuela Primaria de Gando recib\u00edan un ladrillo como agradecimiento: con el Building Brick, cierra el c\u00edrculo. Se reafirma as\u00ed un significado que nunca se ha perdido: la importancia de la comunidad, de construir juntos, de devolver.<\/p>\n<blockquote>\n<p style=\"text-align: justify;\">\u201cLa forma m\u00e1s f\u00e1cil de transmitir conocimiento es logrando que la gente participe en el proceso\u201d.<\/p>\n<p style=\"text-align: right;\">Francis K\u00e9r\u00e9<\/p>\n<\/blockquote>\n<figure id=\"attachment_108128\" aria-describedby=\"caption-attachment-108128\" style=\"width: 1500px\" class=\"wp-caption alignnone\"><img loading=\"lazy\" decoding=\"async\" class=\"size-full wp-image-108128\" src=\"https:\/\/veredes.es\/blog\/wp-content\/uploads\/2026\/08\/Francis-Kere.-Building-Stories-Francis-Kere-interior.jpg\" alt=\"Francis K\u00e9r\u00e9. Building Stories \" width=\"1500\" height=\"979\" srcset=\"https:\/\/veredes.es\/blog\/wp-content\/uploads\/2026\/08\/Francis-Kere.-Building-Stories-Francis-Kere-interior.jpg 1500w, https:\/\/veredes.es\/blog\/wp-content\/uploads\/2026\/08\/Francis-Kere.-Building-Stories-Francis-Kere-interior-300x196.jpg 300w, https:\/\/veredes.es\/blog\/wp-content\/uploads\/2026\/08\/Francis-Kere.-Building-Stories-Francis-Kere-interior-1024x668.jpg 1024w, https:\/\/veredes.es\/blog\/wp-content\/uploads\/2026\/08\/Francis-Kere.-Building-Stories-Francis-Kere-interior-644x420.jpg 644w, https:\/\/veredes.es\/blog\/wp-content\/uploads\/2026\/08\/Francis-Kere.-Building-Stories-Francis-Kere-interior-696x454.jpg 696w, https:\/\/veredes.es\/blog\/wp-content\/uploads\/2026\/08\/Francis-Kere.-Building-Stories-Francis-Kere-interior-1068x697.jpg 1068w\" sizes=\"auto, (max-width: 1500px) 100vw, 1500px\" \/><figcaption id=\"caption-attachment-108128\" class=\"wp-caption-text\"><span style=\"color: #999999;\">Francis K\u00e9r\u00e9. Building Stories<\/span><\/figcaption><\/figure>\n<h5 style=\"text-align: justify;\"><strong>Un \u00edntimo relato en primera persona de las obras arquitect\u00f3nicas m\u00e1s influyentes de K\u00e9r\u00e9<\/strong><\/h5>\n<p style=\"text-align: justify;\">Descubra la visi\u00f3n de Francis K\u00e9r\u00e9, ganador del Premio Pritzke, sobre su mundo creativo. Una rica selecci\u00f3n de bocetos in\u00e9ditos, fotograf\u00edas y planos arquitect\u00f3nicos acompa\u00f1a los relatos originales de 26 proyectos, desde la escuela de Gando, en Burkina Faso, hasta el Museo de Arte de Las Vegas, y revela su enfoque experimental, comunitario e innovador.<\/p>\n<h6 style=\"text-align: justify;\"><strong>Francis K\u00e9r\u00e9. Building Stories<\/strong><\/h6>\n<p style=\"text-align: justify;\">Art Edition No. 1\u2013100, \u2018Building Brick\u2019. Edici\u00f3n de Arte firmada (No. 1\u2013100), cada copia con un bloque de tierra comprimida (CEB). Cada ladrillo est\u00e1 numerado y firmado por el arquitecto.<\/p>\n","protected":false},"excerpt":{"rendered":"<p>Arquitectura que habla Un relato en primera persona de las obras m\u00e1s influyentes de K\u00e9r\u00e9, presentado junto a un ladrillo artesanal firmado por el arquitecto. El cautivador relato en primera persona de Francis K\u00e9r\u00e9 revela las ideas que impulsan su pr\u00e1ctica arquitect\u00f3nica a trav\u00e9s de 26 proyectos clave, ilustrados con bocetos in\u00e9ditos, fotograf\u00edas y dibujos [&hellip;]<\/p>\n","protected":false},"author":2,"featured_media":108126,"comment_status":"open","ping_status":"closed","sticky":false,"template":"","format":"standard","meta":{"footnotes":""},"categories":[794,26],"tags":[13218,3920,7513,12205,3891,1096,1120],"class_list":["post-108122","post","type-post","status-publish","format-standard","has-post-thumbnail","category-libros","category-publicaciones","tag-arquitectura-de-ladrillo","tag-diebedo-francis-kere","tag-editorial-taschen","tag-libro","tag-medio-ambiente","tag-premio-pritzker","tag-publicacion"],"yoast_head":"<!-- This site is optimized with the Yoast SEO plugin v28.3 - https:\/\/yoast.com\/product\/yoast-seo-wordpress\/ -->\n<title>Francis K\u00e9r\u00e9. Building Stories - veredes<\/title>\n<meta name=\"description\" content=\"Toda la informaci\u00f3n sobre: Francis K\u00e9r\u00e9. Building Stories\" \/>\n<meta name=\"robots\" content=\"index, follow, max-snippet:-1, max-image-preview:large, max-video-preview:-1\" \/>\n<link rel=\"canonical\" href=\"https:\/\/veredes.es\/blog\/francis-kere-building-stories\/\" \/>\n<meta property=\"og:locale\" content=\"es_ES\" \/>\n<meta property=\"og:type\" content=\"article\" \/>\n<meta property=\"og:title\" content=\"Francis K\u00e9r\u00e9. Building Stories - veredes\" \/>\n<meta property=\"og:description\" content=\"Toda la informaci\u00f3n sobre: Francis K\u00e9r\u00e9. Building Stories\" \/>\n<meta property=\"og:url\" content=\"https:\/\/veredes.es\/blog\/francis-kere-building-stories\/\" \/>\n<meta property=\"og:site_name\" content=\"veredes, arquitectura y divulgaci\u00f3n\" \/>\n<meta property=\"article:publisher\" content=\"https:\/\/www.facebook.com\/veredesArquitecturayDivulgacion\/\" \/>\n<meta property=\"article:author\" content=\"https:\/\/www.facebook.com\/veredesArquitecturayDivulgacion\/\" \/>\n<meta property=\"article:published_time\" content=\"2026-08-31T22:01:11+00:00\" \/>\n<meta property=\"og:image\" content=\"https:\/\/veredes.es\/blog\/wp-content\/uploads\/2026\/08\/Francis-Kere.-Building-Stories-Francis-Kere.jpg\" \/>\n\t<meta property=\"og:image:width\" content=\"1500\" \/>\n\t<meta property=\"og:image:height\" content=\"868\" \/>\n\t<meta property=\"og:image:type\" content=\"image\/jpeg\" \/>\n<meta name=\"author\" content=\"veredes\" \/>\n<meta name=\"twitter:card\" content=\"summary_large_image\" \/>\n<meta name=\"twitter:creator\" content=\"@https:\/\/twitter.com\/veredes\" \/>\n<meta name=\"twitter:site\" content=\"@veredes\" \/>\n<meta name=\"twitter:label1\" content=\"Escrito por\" \/>\n\t<meta name=\"twitter:data1\" content=\"veredes\" \/>\n\t<meta name=\"twitter:label2\" content=\"Tiempo de lectura\" \/>\n\t<meta name=\"twitter:data2\" content=\"4 minutos\" \/>\n<script type=\"application\/ld+json\" class=\"yoast-schema-graph\">{\"@context\":\"https:\\\/\\\/schema.org\",\"@graph\":[{\"@type\":\"Article\",\"@id\":\"https:\\\/\\\/veredes.es\\\/blog\\\/francis-kere-building-stories\\\/#article\",\"isPartOf\":{\"@id\":\"https:\\\/\\\/veredes.es\\\/blog\\\/francis-kere-building-stories\\\/\"},\"author\":{\"name\":\"veredes\",\"@id\":\"https:\\\/\\\/veredes.es\\\/blog\\\/#\\\/schema\\\/person\\\/0bbb669073ef7faba5168a0844e93d2c\"},\"headline\":\"Francis K\u00e9r\u00e9. Building Stories\",\"datePublished\":\"2026-08-31T22:01:11+00:00\",\"mainEntityOfPage\":{\"@id\":\"https:\\\/\\\/veredes.es\\\/blog\\\/francis-kere-building-stories\\\/\"},\"wordCount\":634,\"commentCount\":0,\"publisher\":{\"@id\":\"https:\\\/\\\/veredes.es\\\/blog\\\/#organization\"},\"image\":{\"@id\":\"https:\\\/\\\/veredes.es\\\/blog\\\/francis-kere-building-stories\\\/#primaryimage\"},\"thumbnailUrl\":\"https:\\\/\\\/veredes.es\\\/blog\\\/wp-content\\\/uploads\\\/2026\\\/08\\\/Francis-Kere.-Building-Stories-Francis-Kere.jpg\",\"keywords\":[\"arquitectura de ladrillo\",\"Di\u00e9b\u00e9do Francis K\u00e9r\u00e9\",\"editorial taschen\",\"libro\",\"medio ambiente\",\"premio Pritzker\",\"publicaci\u00f3n\"],\"articleSection\":[\"libros\",\"publicaciones\"],\"inLanguage\":\"es\",\"potentialAction\":[{\"@type\":\"CommentAction\",\"name\":\"Comment\",\"target\":[\"https:\\\/\\\/veredes.es\\\/blog\\\/francis-kere-building-stories\\\/#respond\"]}]},{\"@type\":\"WebPage\",\"@id\":\"https:\\\/\\\/veredes.es\\\/blog\\\/francis-kere-building-stories\\\/\",\"url\":\"https:\\\/\\\/veredes.es\\\/blog\\\/francis-kere-building-stories\\\/\",\"name\":\"Francis K\u00e9r\u00e9. Building Stories - veredes\",\"isPartOf\":{\"@id\":\"https:\\\/\\\/veredes.es\\\/blog\\\/#website\"},\"primaryImageOfPage\":{\"@id\":\"https:\\\/\\\/veredes.es\\\/blog\\\/francis-kere-building-stories\\\/#primaryimage\"},\"image\":{\"@id\":\"https:\\\/\\\/veredes.es\\\/blog\\\/francis-kere-building-stories\\\/#primaryimage\"},\"thumbnailUrl\":\"https:\\\/\\\/veredes.es\\\/blog\\\/wp-content\\\/uploads\\\/2026\\\/08\\\/Francis-Kere.-Building-Stories-Francis-Kere.jpg\",\"datePublished\":\"2026-08-31T22:01:11+00:00\",\"description\":\"Toda la informaci\u00f3n sobre: Francis K\u00e9r\u00e9. Building Stories\",\"breadcrumb\":{\"@id\":\"https:\\\/\\\/veredes.es\\\/blog\\\/francis-kere-building-stories\\\/#breadcrumb\"},\"inLanguage\":\"es\",\"potentialAction\":[{\"@type\":\"ReadAction\",\"target\":[\"https:\\\/\\\/veredes.es\\\/blog\\\/francis-kere-building-stories\\\/\"]}]},{\"@type\":\"ImageObject\",\"inLanguage\":\"es\",\"@id\":\"https:\\\/\\\/veredes.es\\\/blog\\\/francis-kere-building-stories\\\/#primaryimage\",\"url\":\"https:\\\/\\\/veredes.es\\\/blog\\\/wp-content\\\/uploads\\\/2026\\\/08\\\/Francis-Kere.-Building-Stories-Francis-Kere.jpg\",\"contentUrl\":\"https:\\\/\\\/veredes.es\\\/blog\\\/wp-content\\\/uploads\\\/2026\\\/08\\\/Francis-Kere.-Building-Stories-Francis-Kere.jpg\",\"width\":1500,\"height\":868,\"caption\":\"Francis K\u00e9r\u00e9. Building Stories\"},{\"@type\":\"BreadcrumbList\",\"@id\":\"https:\\\/\\\/veredes.es\\\/blog\\\/francis-kere-building-stories\\\/#breadcrumb\",\"itemListElement\":[{\"@type\":\"ListItem\",\"position\":1,\"name\":\"Portada\",\"item\":\"https:\\\/\\\/veredes.es\\\/blog\\\/\"},{\"@type\":\"ListItem\",\"position\":2,\"name\":\"Francis K\u00e9r\u00e9. Building Stories\"}]},{\"@type\":\"WebSite\",\"@id\":\"https:\\\/\\\/veredes.es\\\/blog\\\/#website\",\"url\":\"https:\\\/\\\/veredes.es\\\/blog\\\/\",\"name\":\"veredes, arquitectura y divulgaci\u00f3n\",\"description\":\"veredes\",\"publisher\":{\"@id\":\"https:\\\/\\\/veredes.es\\\/blog\\\/#organization\"},\"alternateName\":\"veredes\",\"potentialAction\":[{\"@type\":\"SearchAction\",\"target\":{\"@type\":\"EntryPoint\",\"urlTemplate\":\"https:\\\/\\\/veredes.es\\\/blog\\\/?s={search_term_string}\"},\"query-input\":{\"@type\":\"PropertyValueSpecification\",\"valueRequired\":true,\"valueName\":\"search_term_string\"}}],\"inLanguage\":\"es\"},{\"@type\":\"Organization\",\"@id\":\"https:\\\/\\\/veredes.es\\\/blog\\\/#organization\",\"name\":\"veredes, arquitectura y divulgaci\u00f3n\",\"alternateName\":\"veredes\",\"url\":\"https:\\\/\\\/veredes.es\\\/blog\\\/\",\"logo\":{\"@type\":\"ImageObject\",\"inLanguage\":\"es\",\"@id\":\"https:\\\/\\\/veredes.es\\\/blog\\\/#\\\/schema\\\/logo\\\/image\\\/\",\"url\":\"https:\\\/\\\/veredes.es\\\/blog\\\/wp-content\\\/uploads\\\/2021\\\/12\\\/veredes-logo-centrado_140x54.png\",\"contentUrl\":\"https:\\\/\\\/veredes.es\\\/blog\\\/wp-content\\\/uploads\\\/2021\\\/12\\\/veredes-logo-centrado_140x54.png\",\"width\":140,\"height\":54,\"caption\":\"veredes, arquitectura y divulgaci\u00f3n\"},\"image\":{\"@id\":\"https:\\\/\\\/veredes.es\\\/blog\\\/#\\\/schema\\\/logo\\\/image\\\/\"},\"sameAs\":[\"https:\\\/\\\/www.facebook.com\\\/veredesArquitecturayDivulgacion\\\/\",\"https:\\\/\\\/x.com\\\/veredes\",\"https:\\\/\\\/instagram.com\\\/veredes\\\/\",\"https:\\\/\\\/www.linkedin.com\\\/company\\\/veredes-arquitectura-y-divulgacion\\\/\",\"https:\\\/\\\/es.pinterest.com\\\/veredes\\\/\",\"https:\\\/\\\/www.tumblr.com\\\/veredes\"]},{\"@type\":\"Person\",\"@id\":\"https:\\\/\\\/veredes.es\\\/blog\\\/#\\\/schema\\\/person\\\/0bbb669073ef7faba5168a0844e93d2c\",\"name\":\"veredes\",\"image\":{\"@type\":\"ImageObject\",\"inLanguage\":\"es\",\"@id\":\"https:\\\/\\\/veredes.es\\\/blog\\\/wp-content\\\/uploads\\\/2018\\\/04\\\/face-96x96.jpg\",\"url\":\"https:\\\/\\\/veredes.es\\\/blog\\\/wp-content\\\/uploads\\\/2018\\\/04\\\/face-96x96.jpg\",\"contentUrl\":\"https:\\\/\\\/veredes.es\\\/blog\\\/wp-content\\\/uploads\\\/2018\\\/04\\\/face-96x96.jpg\",\"caption\":\"veredes\"},\"description\":\"Surge enero de 2009 como b\u00fasqueda de satisfacer el conocimiento de la actividad arquitect\u00f3nica y tangentes que se generan. La idea es crear un espacio para divulgar los diversos proyectos en busca de nueva inspiraci\u00f3n y de intercambio.\",\"sameAs\":[\"https:\\\/\\\/veredes.es\\\/\",\"https:\\\/\\\/www.facebook.com\\\/veredesArquitecturayDivulgacion\\\/\",\"https:\\\/\\\/www.instagram.com\\\/veredes\\\/\",\"https:\\\/\\\/www.linkedin.com\\\/company\\\/veredes-arquitectura-y-divulgacion\\\/\",\"https:\\\/\\\/www.pinterest.es\\\/veredes\\\/\",\"https:\\\/\\\/x.com\\\/https:\\\/\\\/twitter.com\\\/veredes\",\"https:\\\/\\\/veredes.tumblr.com\\\/\"],\"url\":\"https:\\\/\\\/veredes.es\\\/blog\\\/author\\\/alberto\\\/\"}]}<\/script>\n<!-- \/ Yoast SEO plugin. -->","yoast_head_json":{"title":"Francis K\u00e9r\u00e9. Building Stories - veredes","description":"Toda la informaci\u00f3n sobre: Francis K\u00e9r\u00e9. Building Stories","robots":{"index":"index","follow":"follow","max-snippet":"max-snippet:-1","max-image-preview":"max-image-preview:large","max-video-preview":"max-video-preview:-1"},"canonical":"https:\/\/veredes.es\/blog\/francis-kere-building-stories\/","og_locale":"es_ES","og_type":"article","og_title":"Francis K\u00e9r\u00e9. Building Stories - veredes","og_description":"Toda la informaci\u00f3n sobre: Francis K\u00e9r\u00e9. Building Stories","og_url":"https:\/\/veredes.es\/blog\/francis-kere-building-stories\/","og_site_name":"veredes, arquitectura y divulgaci\u00f3n","article_publisher":"https:\/\/www.facebook.com\/veredesArquitecturayDivulgacion\/","article_author":"https:\/\/www.facebook.com\/veredesArquitecturayDivulgacion\/","article_published_time":"2026-08-31T22:01:11+00:00","og_image":[{"width":1500,"height":868,"url":"https:\/\/veredes.es\/blog\/wp-content\/uploads\/2026\/08\/Francis-Kere.-Building-Stories-Francis-Kere.jpg","type":"image\/jpeg"}],"author":"veredes","twitter_card":"summary_large_image","twitter_creator":"@https:\/\/twitter.com\/veredes","twitter_site":"@veredes","twitter_misc":{"Escrito por":"veredes","Tiempo de lectura":"4 minutos"},"schema":{"@context":"https:\/\/schema.org","@graph":[{"@type":"Article","@id":"https:\/\/veredes.es\/blog\/francis-kere-building-stories\/#article","isPartOf":{"@id":"https:\/\/veredes.es\/blog\/francis-kere-building-stories\/"},"author":{"name":"veredes","@id":"https:\/\/veredes.es\/blog\/#\/schema\/person\/0bbb669073ef7faba5168a0844e93d2c"},"headline":"Francis K\u00e9r\u00e9. Building Stories","datePublished":"2026-08-31T22:01:11+00:00","mainEntityOfPage":{"@id":"https:\/\/veredes.es\/blog\/francis-kere-building-stories\/"},"wordCount":634,"commentCount":0,"publisher":{"@id":"https:\/\/veredes.es\/blog\/#organization"},"image":{"@id":"https:\/\/veredes.es\/blog\/francis-kere-building-stories\/#primaryimage"},"thumbnailUrl":"https:\/\/veredes.es\/blog\/wp-content\/uploads\/2026\/08\/Francis-Kere.-Building-Stories-Francis-Kere.jpg","keywords":["arquitectura de ladrillo","Di\u00e9b\u00e9do Francis K\u00e9r\u00e9","editorial taschen","libro","medio ambiente","premio Pritzker","publicaci\u00f3n"],"articleSection":["libros","publicaciones"],"inLanguage":"es","potentialAction":[{"@type":"CommentAction","name":"Comment","target":["https:\/\/veredes.es\/blog\/francis-kere-building-stories\/#respond"]}]},{"@type":"WebPage","@id":"https:\/\/veredes.es\/blog\/francis-kere-building-stories\/","url":"https:\/\/veredes.es\/blog\/francis-kere-building-stories\/","name":"Francis K\u00e9r\u00e9. Building Stories - veredes","isPartOf":{"@id":"https:\/\/veredes.es\/blog\/#website"},"primaryImageOfPage":{"@id":"https:\/\/veredes.es\/blog\/francis-kere-building-stories\/#primaryimage"},"image":{"@id":"https:\/\/veredes.es\/blog\/francis-kere-building-stories\/#primaryimage"},"thumbnailUrl":"https:\/\/veredes.es\/blog\/wp-content\/uploads\/2026\/08\/Francis-Kere.-Building-Stories-Francis-Kere.jpg","datePublished":"2026-08-31T22:01:11+00:00","description":"Toda la informaci\u00f3n sobre: Francis K\u00e9r\u00e9. Building Stories","breadcrumb":{"@id":"https:\/\/veredes.es\/blog\/francis-kere-building-stories\/#breadcrumb"},"inLanguage":"es","potentialAction":[{"@type":"ReadAction","target":["https:\/\/veredes.es\/blog\/francis-kere-building-stories\/"]}]},{"@type":"ImageObject","inLanguage":"es","@id":"https:\/\/veredes.es\/blog\/francis-kere-building-stories\/#primaryimage","url":"https:\/\/veredes.es\/blog\/wp-content\/uploads\/2026\/08\/Francis-Kere.-Building-Stories-Francis-Kere.jpg","contentUrl":"https:\/\/veredes.es\/blog\/wp-content\/uploads\/2026\/08\/Francis-Kere.-Building-Stories-Francis-Kere.jpg","width":1500,"height":868,"caption":"Francis K\u00e9r\u00e9. Building Stories"},{"@type":"BreadcrumbList","@id":"https:\/\/veredes.es\/blog\/francis-kere-building-stories\/#breadcrumb","itemListElement":[{"@type":"ListItem","position":1,"name":"Portada","item":"https:\/\/veredes.es\/blog\/"},{"@type":"ListItem","position":2,"name":"Francis K\u00e9r\u00e9. Building Stories"}]},{"@type":"WebSite","@id":"https:\/\/veredes.es\/blog\/#website","url":"https:\/\/veredes.es\/blog\/","name":"veredes, arquitectura y divulgaci\u00f3n","description":"veredes","publisher":{"@id":"https:\/\/veredes.es\/blog\/#organization"},"alternateName":"veredes","potentialAction":[{"@type":"SearchAction","target":{"@type":"EntryPoint","urlTemplate":"https:\/\/veredes.es\/blog\/?s={search_term_string}"},"query-input":{"@type":"PropertyValueSpecification","valueRequired":true,"valueName":"search_term_string"}}],"inLanguage":"es"},{"@type":"Organization","@id":"https:\/\/veredes.es\/blog\/#organization","name":"veredes, arquitectura y divulgaci\u00f3n","alternateName":"veredes","url":"https:\/\/veredes.es\/blog\/","logo":{"@type":"ImageObject","inLanguage":"es","@id":"https:\/\/veredes.es\/blog\/#\/schema\/logo\/image\/","url":"https:\/\/veredes.es\/blog\/wp-content\/uploads\/2021\/12\/veredes-logo-centrado_140x54.png","contentUrl":"https:\/\/veredes.es\/blog\/wp-content\/uploads\/2021\/12\/veredes-logo-centrado_140x54.png","width":140,"height":54,"caption":"veredes, arquitectura y divulgaci\u00f3n"},"image":{"@id":"https:\/\/veredes.es\/blog\/#\/schema\/logo\/image\/"},"sameAs":["https:\/\/www.facebook.com\/veredesArquitecturayDivulgacion\/","https:\/\/x.com\/veredes","https:\/\/instagram.com\/veredes\/","https:\/\/www.linkedin.com\/company\/veredes-arquitectura-y-divulgacion\/","https:\/\/es.pinterest.com\/veredes\/","https:\/\/www.tumblr.com\/veredes"]},{"@type":"Person","@id":"https:\/\/veredes.es\/blog\/#\/schema\/person\/0bbb669073ef7faba5168a0844e93d2c","name":"veredes","image":{"@type":"ImageObject","inLanguage":"es","@id":"https:\/\/veredes.es\/blog\/wp-content\/uploads\/2018\/04\/face-96x96.jpg","url":"https:\/\/veredes.es\/blog\/wp-content\/uploads\/2018\/04\/face-96x96.jpg","contentUrl":"https:\/\/veredes.es\/blog\/wp-content\/uploads\/2018\/04\/face-96x96.jpg","caption":"veredes"},"description":"Surge enero de 2009 como b\u00fasqueda de satisfacer el conocimiento de la actividad arquitect\u00f3nica y tangentes que se generan. La idea es crear un espacio para divulgar los diversos proyectos en busca de nueva inspiraci\u00f3n y de intercambio.","sameAs":["https:\/\/veredes.es\/","https:\/\/www.facebook.com\/veredesArquitecturayDivulgacion\/","https:\/\/www.instagram.com\/veredes\/","https:\/\/www.linkedin.com\/company\/veredes-arquitectura-y-divulgacion\/","https:\/\/www.pinterest.es\/veredes\/","https:\/\/x.com\/https:\/\/twitter.com\/veredes","https:\/\/veredes.tumblr.com\/"],"url":"https:\/\/veredes.es\/blog\/author\/alberto\/"}]}},"_links":{"self":[{"href":"https:\/\/veredes.es\/blog\/wp-json\/wp\/v2\/posts\/108122","targetHints":{"allow":["GET"]}}],"collection":[{"href":"https:\/\/veredes.es\/blog\/wp-json\/wp\/v2\/posts"}],"about":[{"href":"https:\/\/veredes.es\/blog\/wp-json\/wp\/v2\/types\/post"}],"author":[{"embeddable":true,"href":"https:\/\/veredes.es\/blog\/wp-json\/wp\/v2\/users\/2"}],"replies":[{"embeddable":true,"href":"https:\/\/veredes.es\/blog\/wp-json\/wp\/v2\/comments?post=108122"}],"version-history":[{"count":5,"href":"https:\/\/veredes.es\/blog\/wp-json\/wp\/v2\/posts\/108122\/revisions"}],"predecessor-version":[{"id":108164,"href":"https:\/\/veredes.es\/blog\/wp-json\/wp\/v2\/posts\/108122\/revisions\/108164"}],"wp:featuredmedia":[{"embeddable":true,"href":"https:\/\/veredes.es\/blog\/wp-json\/wp\/v2\/media\/108126"}],"wp:attachment":[{"href":"https:\/\/veredes.es\/blog\/wp-json\/wp\/v2\/media?parent=108122"}],"wp:term":[{"taxonomy":"category","embeddable":true,"href":"https:\/\/veredes.es\/blog\/wp-json\/wp\/v2\/categories?post=108122"},{"taxonomy":"post_tag","embeddable":true,"href":"https:\/\/veredes.es\/blog\/wp-json\/wp\/v2\/tags?post=108122"}],"curies":[{"name":"wp","href":"https:\/\/api.w.org\/{rel}","templated":true}]}}