{"id":107258,"date":"2026-08-31T00:01:02","date_gmt":"2026-08-30T22:01:02","guid":{"rendered":"https:\/\/veredes.es\/blog\/?p=107258"},"modified":"2026-07-22T15:46:06","modified_gmt":"2026-07-22T13:46:06","slug":"habitar-la-lentitud-jose-del-carmen-palacios-aguilar","status":"publish","type":"post","link":"https:\/\/veredes.es\/blog\/habitar-la-lentitud-jose-del-carmen-palacios-aguilar\/","title":{"rendered":"Habitar la lentitud | Jos\u00e9 del Carmen Palacios Aguilar"},"content":{"rendered":"<figure id=\"attachment_107259\" aria-describedby=\"caption-attachment-107259\" style=\"width: 999px\" class=\"wp-caption alignnone\"><img loading=\"lazy\" decoding=\"async\" class=\"size-full wp-image-107259\" src=\"https:\/\/veredes.es\/blog\/wp-content\/uploads\/2026\/07\/Habitar-la-lentitud-Jose-del-Carmen-Palacios-Aguilar-Adolphe_Appia_1909.jpg\" alt=\"Habitar la lentitud Jos\u00e9 del Carmen Palacios Aguilar Adolphe_Appia_1909\" width=\"999\" height=\"986\" srcset=\"https:\/\/veredes.es\/blog\/wp-content\/uploads\/2026\/07\/Habitar-la-lentitud-Jose-del-Carmen-Palacios-Aguilar-Adolphe_Appia_1909.jpg 999w, https:\/\/veredes.es\/blog\/wp-content\/uploads\/2026\/07\/Habitar-la-lentitud-Jose-del-Carmen-Palacios-Aguilar-Adolphe_Appia_1909-300x296.jpg 300w, https:\/\/veredes.es\/blog\/wp-content\/uploads\/2026\/07\/Habitar-la-lentitud-Jose-del-Carmen-Palacios-Aguilar-Adolphe_Appia_1909-426x420.jpg 426w, https:\/\/veredes.es\/blog\/wp-content\/uploads\/2026\/07\/Habitar-la-lentitud-Jose-del-Carmen-Palacios-Aguilar-Adolphe_Appia_1909-696x687.jpg 696w\" sizes=\"auto, (max-width: 999px) 100vw, 999px\" \/><figcaption id=\"caption-attachment-107259\" class=\"wp-caption-text\"><span style=\"color: #999999;\">Adolphe Appia&#8217;s sketch of a \u00abrhythmic space<\/span><\/figcaption><\/figure>\n<p style=\"text-align: justify;\">Habitar la lentitud\u2026aquella que espera el ritmo de tu \u00e1nimo. Habitar la lentitud es abrazar al tiempo que busca \u201cdesprotegernos\u201d, que nos empuja a que avancemos, que intenta soplarnos hasta incorporarnos con el viento, que busca arrimarnos sin pausa.<\/p>\n<p style=\"text-align: justify;\">Habitar la lentitud es avanzar \u201csin ser conscientes de ello, hacia donde nos dirige\u201d que la vida nos conlleva hacia varias direcciones, es frenar inconscientemente hacia el destino de nuestro siguiente paso, de nuestro andar, de nuestro pr\u00f3ximo respiro, de nuestra proyecci\u00f3n como personas hacia ese campo visual que nos construye.<\/p>\n<p style=\"text-align: justify;\">Habitar la lentitud es refugiarse a la sombra de un \u201cmomento\u201d, es cobijarse en una pausa, es recostarse en el mundo, es adue\u00f1arse \u201cpor un instante\u201d de un lugar donde no cabemos del todo, es dejar que el tiempo nos tome del brazo y se apodere de nosotros en ese nuevo andar.<\/p>\n<p style=\"text-align: justify;\">Habitar la lentitud nos entrega \u201cnos recuerda\u201d como nos situamos sobre esa mirada del paisaje (llena de eventos y horizontes), como nos vac\u00eda hacia el interior de nosotros mismos que reflexiona, observa, imagina, sue\u00f1a, para luego sujetarnos el rostro y levantarnos la mirada, y seguir, seguir caminando, avanzando.<\/p>\n<figure id=\"attachment_107260\" aria-describedby=\"caption-attachment-107260\" style=\"width: 750px\" class=\"wp-caption alignnone\"><img loading=\"lazy\" decoding=\"async\" class=\"wp-image-107260\" title=\"Habitar la lentitud Jos\u00e9 del Carmen Palacios Aguilar Appartament Beistegui_FLC\" src=\"https:\/\/veredes.es\/blog\/wp-content\/uploads\/2026\/07\/Habitar-la-lentitud-Jose-del-Carmen-Palacios-Aguilar-Appartament-Beistegui_FLC.jpg\" alt=\"Habitar la lentitud Jos\u00e9 del Carmen Palacios Aguilar Appartament Beistegui_FLC\" width=\"750\" height=\"1001\" srcset=\"https:\/\/veredes.es\/blog\/wp-content\/uploads\/2026\/07\/Habitar-la-lentitud-Jose-del-Carmen-Palacios-Aguilar-Appartament-Beistegui_FLC.jpg 254w, https:\/\/veredes.es\/blog\/wp-content\/uploads\/2026\/07\/Habitar-la-lentitud-Jose-del-Carmen-Palacios-Aguilar-Appartament-Beistegui_FLC-225x300.jpg 225w\" sizes=\"auto, (max-width: 750px) 100vw, 750px\" \/><figcaption id=\"caption-attachment-107260\" class=\"wp-caption-text\"><span style=\"color: #999999;\">Apartment of Charles d\u00b4Beistegui_ Paris, France, 1929-1931- FLC\/DAGP<\/span><\/figcaption><\/figure>\n","protected":false},"excerpt":{"rendered":"<p>Habitar la lentitud\u2026aquella que espera el ritmo de tu \u00e1nimo. Habitar la lentitud es abrazar al tiempo que busca \u201cdesprotegernos\u201d, que nos empuja a que avancemos, que intenta soplarnos hasta incorporarnos con el viento, que busca arrimarnos sin pausa. Habitar la lentitud es avanzar \u201csin ser conscientes de ello, hacia donde nos dirige\u201d que la [&hellip;]<\/p>\n","protected":false},"author":74,"featured_media":107260,"comment_status":"open","ping_status":"closed","sticky":false,"template":"","format":"standard","meta":{"footnotes":""},"categories":[5934,5951],"tags":[6474,5185,2641,393,2298,2083,516,659,668,737,15443,12205,804,3533,1021,1985,1120,1916,3548,15525,1278,12468,12465],"class_list":["post-107258","post","type-post","status-publish","format-standard","has-post-thumbnail","category-articulos","category-slider-principal","tag-articulo","tag-carlo-scarpa","tag-construir","tag-critica","tag-dibujar","tag-escribir","tag-espacio-publico","tag-habitar","tag-historia","tag-investigacion","tag-jose-del-carmen-palacios-aguilar","tag-libro","tag-lugar","tag-luis-barragan","tag-pensamiento","tag-pensar","tag-publicacion","tag-rehabitar","tag-saber","tag-sergio-los","tag-teoria","tag-urbanismo","tag-vivienda"],"yoast_head":"<!-- This site is optimized with the Yoast SEO plugin v28.3 - https:\/\/yoast.com\/product\/yoast-seo-wordpress\/ -->\n<title>Habitar la lentitud | Jos\u00e9 del Carmen Palacios Aguilar - veredes<\/title>\n<meta name=\"description\" content=\"Toda la informaci\u00f3n sobre: Habitar la lentitud | Jos\u00e9 del Carmen Palacios Aguilar\" \/>\n<meta name=\"robots\" content=\"index, follow, max-snippet:-1, max-image-preview:large, max-video-preview:-1\" \/>\n<link rel=\"canonical\" href=\"https:\/\/veredes.es\/blog\/habitar-la-lentitud-jose-del-carmen-palacios-aguilar\/\" \/>\n<meta property=\"og:locale\" content=\"es_ES\" \/>\n<meta property=\"og:type\" content=\"article\" \/>\n<meta property=\"og:title\" content=\"Habitar la lentitud | Jos\u00e9 del Carmen Palacios Aguilar - veredes\" \/>\n<meta property=\"og:description\" content=\"Toda la informaci\u00f3n sobre: Habitar la lentitud | Jos\u00e9 del Carmen Palacios Aguilar\" \/>\n<meta property=\"og:url\" content=\"https:\/\/veredes.es\/blog\/habitar-la-lentitud-jose-del-carmen-palacios-aguilar\/\" \/>\n<meta property=\"og:site_name\" content=\"veredes, arquitectura y divulgaci\u00f3n\" \/>\n<meta property=\"article:publisher\" content=\"https:\/\/www.facebook.com\/veredesArquitecturayDivulgacion\/\" \/>\n<meta property=\"article:author\" content=\"https:\/\/www.facebook.com\/profile.php?id=774079565\" \/>\n<meta property=\"article:published_time\" content=\"2026-08-30T22:01:02+00:00\" \/>\n<meta property=\"og:image\" content=\"https:\/\/veredes.es\/blog\/wp-content\/uploads\/2026\/07\/Habitar-la-lentitud-Jose-del-Carmen-Palacios-Aguilar-Appartament-Beistegui_FLC.jpg\" \/>\n\t<meta property=\"og:image:width\" content=\"254\" \/>\n\t<meta property=\"og:image:height\" content=\"339\" \/>\n\t<meta property=\"og:image:type\" content=\"image\/jpeg\" \/>\n<meta name=\"author\" content=\"Jos\u00e9 del Carmen Palacios Aguilar\" \/>\n<meta name=\"twitter:card\" content=\"summary_large_image\" \/>\n<meta name=\"twitter:creator\" content=\"@https:\/\/twitter.com\/joepalack\" \/>\n<meta name=\"twitter:site\" content=\"@veredes\" \/>\n<meta name=\"twitter:label1\" content=\"Escrito por\" \/>\n\t<meta name=\"twitter:data1\" content=\"Jos\u00e9 del Carmen Palacios Aguilar\" \/>\n\t<meta name=\"twitter:label2\" content=\"Tiempo de lectura\" \/>\n\t<meta name=\"twitter:data2\" content=\"2 minutos\" \/>\n<script type=\"application\/ld+json\" class=\"yoast-schema-graph\">{\"@context\":\"https:\\\/\\\/schema.org\",\"@graph\":[{\"@type\":\"Article\",\"@id\":\"https:\\\/\\\/veredes.es\\\/blog\\\/habitar-la-lentitud-jose-del-carmen-palacios-aguilar\\\/#article\",\"isPartOf\":{\"@id\":\"https:\\\/\\\/veredes.es\\\/blog\\\/habitar-la-lentitud-jose-del-carmen-palacios-aguilar\\\/\"},\"author\":{\"name\":\"Jos\u00e9 del Carmen Palacios Aguilar\",\"@id\":\"https:\\\/\\\/veredes.es\\\/blog\\\/#\\\/schema\\\/person\\\/66210ae933d0e051b11bb2fb8ee47bee\"},\"headline\":\"Habitar la lentitud | Jos\u00e9 del Carmen Palacios Aguilar\",\"datePublished\":\"2026-08-30T22:01:02+00:00\",\"mainEntityOfPage\":{\"@id\":\"https:\\\/\\\/veredes.es\\\/blog\\\/habitar-la-lentitud-jose-del-carmen-palacios-aguilar\\\/\"},\"wordCount\":237,\"commentCount\":0,\"publisher\":{\"@id\":\"https:\\\/\\\/veredes.es\\\/blog\\\/#organization\"},\"image\":{\"@id\":\"https:\\\/\\\/veredes.es\\\/blog\\\/habitar-la-lentitud-jose-del-carmen-palacios-aguilar\\\/#primaryimage\"},\"thumbnailUrl\":\"https:\\\/\\\/veredes.es\\\/blog\\\/wp-content\\\/uploads\\\/2026\\\/07\\\/Habitar-la-lentitud-Jose-del-Carmen-Palacios-Aguilar-Appartament-Beistegui_FLC.jpg\",\"keywords\":[\"art\u00edculo\",\"Carlo Scarpa\",\"construir\",\"cr\u00edtica\",\"dibujar\",\"escribir\",\"espacio p\u00fablico\",\"habitar\",\"historia\",\"investigaci\u00f3n\",\"Jos\u00e9 del Carmen Palacios Aguilar\",\"libro\",\"lugar\",\"Luis Barrag\u00e1n\",\"pensamiento\",\"pensar\",\"publicaci\u00f3n\",\"rehabitar\",\"saber\",\"Sergio Los\",\"teor\u00eda\",\"urbanismo\",\"vivienda\"],\"articleSection\":[\"art\u00edculos\",\"slider principal\"],\"inLanguage\":\"es\",\"potentialAction\":[{\"@type\":\"CommentAction\",\"name\":\"Comment\",\"target\":[\"https:\\\/\\\/veredes.es\\\/blog\\\/habitar-la-lentitud-jose-del-carmen-palacios-aguilar\\\/#respond\"]}]},{\"@type\":\"WebPage\",\"@id\":\"https:\\\/\\\/veredes.es\\\/blog\\\/habitar-la-lentitud-jose-del-carmen-palacios-aguilar\\\/\",\"url\":\"https:\\\/\\\/veredes.es\\\/blog\\\/habitar-la-lentitud-jose-del-carmen-palacios-aguilar\\\/\",\"name\":\"Habitar la lentitud | Jos\u00e9 del Carmen Palacios Aguilar - veredes\",\"isPartOf\":{\"@id\":\"https:\\\/\\\/veredes.es\\\/blog\\\/#website\"},\"primaryImageOfPage\":{\"@id\":\"https:\\\/\\\/veredes.es\\\/blog\\\/habitar-la-lentitud-jose-del-carmen-palacios-aguilar\\\/#primaryimage\"},\"image\":{\"@id\":\"https:\\\/\\\/veredes.es\\\/blog\\\/habitar-la-lentitud-jose-del-carmen-palacios-aguilar\\\/#primaryimage\"},\"thumbnailUrl\":\"https:\\\/\\\/veredes.es\\\/blog\\\/wp-content\\\/uploads\\\/2026\\\/07\\\/Habitar-la-lentitud-Jose-del-Carmen-Palacios-Aguilar-Appartament-Beistegui_FLC.jpg\",\"datePublished\":\"2026-08-30T22:01:02+00:00\",\"description\":\"Toda la informaci\u00f3n sobre: Habitar la lentitud | Jos\u00e9 del Carmen Palacios Aguilar\",\"breadcrumb\":{\"@id\":\"https:\\\/\\\/veredes.es\\\/blog\\\/habitar-la-lentitud-jose-del-carmen-palacios-aguilar\\\/#breadcrumb\"},\"inLanguage\":\"es\",\"potentialAction\":[{\"@type\":\"ReadAction\",\"target\":[\"https:\\\/\\\/veredes.es\\\/blog\\\/habitar-la-lentitud-jose-del-carmen-palacios-aguilar\\\/\"]}]},{\"@type\":\"ImageObject\",\"inLanguage\":\"es\",\"@id\":\"https:\\\/\\\/veredes.es\\\/blog\\\/habitar-la-lentitud-jose-del-carmen-palacios-aguilar\\\/#primaryimage\",\"url\":\"https:\\\/\\\/veredes.es\\\/blog\\\/wp-content\\\/uploads\\\/2026\\\/07\\\/Habitar-la-lentitud-Jose-del-Carmen-Palacios-Aguilar-Appartament-Beistegui_FLC.jpg\",\"contentUrl\":\"https:\\\/\\\/veredes.es\\\/blog\\\/wp-content\\\/uploads\\\/2026\\\/07\\\/Habitar-la-lentitud-Jose-del-Carmen-Palacios-Aguilar-Appartament-Beistegui_FLC.jpg\",\"width\":254,\"height\":339,\"caption\":\"Apartment of Charles dBeistegui_ Paris, France, 1929-1931- FLC\\\/DAGP\"},{\"@type\":\"BreadcrumbList\",\"@id\":\"https:\\\/\\\/veredes.es\\\/blog\\\/habitar-la-lentitud-jose-del-carmen-palacios-aguilar\\\/#breadcrumb\",\"itemListElement\":[{\"@type\":\"ListItem\",\"position\":1,\"name\":\"Portada\",\"item\":\"https:\\\/\\\/veredes.es\\\/blog\\\/\"},{\"@type\":\"ListItem\",\"position\":2,\"name\":\"Habitar la lentitud | Jos\u00e9 del Carmen Palacios Aguilar\"}]},{\"@type\":\"WebSite\",\"@id\":\"https:\\\/\\\/veredes.es\\\/blog\\\/#website\",\"url\":\"https:\\\/\\\/veredes.es\\\/blog\\\/\",\"name\":\"veredes, arquitectura y divulgaci\u00f3n\",\"description\":\"veredes\",\"publisher\":{\"@id\":\"https:\\\/\\\/veredes.es\\\/blog\\\/#organization\"},\"alternateName\":\"veredes\",\"potentialAction\":[{\"@type\":\"SearchAction\",\"target\":{\"@type\":\"EntryPoint\",\"urlTemplate\":\"https:\\\/\\\/veredes.es\\\/blog\\\/?s={search_term_string}\"},\"query-input\":{\"@type\":\"PropertyValueSpecification\",\"valueRequired\":true,\"valueName\":\"search_term_string\"}}],\"inLanguage\":\"es\"},{\"@type\":\"Organization\",\"@id\":\"https:\\\/\\\/veredes.es\\\/blog\\\/#organization\",\"name\":\"veredes, arquitectura y divulgaci\u00f3n\",\"alternateName\":\"veredes\",\"url\":\"https:\\\/\\\/veredes.es\\\/blog\\\/\",\"logo\":{\"@type\":\"ImageObject\",\"inLanguage\":\"es\",\"@id\":\"https:\\\/\\\/veredes.es\\\/blog\\\/#\\\/schema\\\/logo\\\/image\\\/\",\"url\":\"https:\\\/\\\/veredes.es\\\/blog\\\/wp-content\\\/uploads\\\/2021\\\/12\\\/veredes-logo-centrado_140x54.png\",\"contentUrl\":\"https:\\\/\\\/veredes.es\\\/blog\\\/wp-content\\\/uploads\\\/2021\\\/12\\\/veredes-logo-centrado_140x54.png\",\"width\":140,\"height\":54,\"caption\":\"veredes, arquitectura y divulgaci\u00f3n\"},\"image\":{\"@id\":\"https:\\\/\\\/veredes.es\\\/blog\\\/#\\\/schema\\\/logo\\\/image\\\/\"},\"sameAs\":[\"https:\\\/\\\/www.facebook.com\\\/veredesArquitecturayDivulgacion\\\/\",\"https:\\\/\\\/x.com\\\/veredes\",\"https:\\\/\\\/instagram.com\\\/veredes\\\/\",\"https:\\\/\\\/www.linkedin.com\\\/company\\\/veredes-arquitectura-y-divulgacion\\\/\",\"https:\\\/\\\/es.pinterest.com\\\/veredes\\\/\",\"https:\\\/\\\/www.tumblr.com\\\/veredes\"]},{\"@type\":\"Person\",\"@id\":\"https:\\\/\\\/veredes.es\\\/blog\\\/#\\\/schema\\\/person\\\/66210ae933d0e051b11bb2fb8ee47bee\",\"name\":\"Jos\u00e9 del Carmen Palacios Aguilar\",\"image\":{\"@type\":\"ImageObject\",\"inLanguage\":\"es\",\"@id\":\"https:\\\/\\\/veredes.es\\\/blog\\\/wp-content\\\/uploads\\\/2021\\\/07\\\/Jose-del-Carmen-Palacios-96x96.jpg\",\"url\":\"https:\\\/\\\/veredes.es\\\/blog\\\/wp-content\\\/uploads\\\/2021\\\/07\\\/Jose-del-Carmen-Palacios-96x96.jpg\",\"contentUrl\":\"https:\\\/\\\/veredes.es\\\/blog\\\/wp-content\\\/uploads\\\/2021\\\/07\\\/Jose-del-Carmen-Palacios-96x96.jpg\",\"caption\":\"Jos\u00e9 del Carmen Palacios Aguilar\"},\"description\":\"Es Master en Proyectos de Arquitectura, Profesor Asociado a tiempo completo por la Universidad de Lima, Profesor de Proyecto de Arquitectura (2010 hasta la fecha), responsable de la Catedra de Proyectos (2010 \u2013 a la fecha). Coordinador de Talleres b\u00e1sicos de Proyectos desde el 2012, miembro del Comit\u00e9 de Internacionalizaci\u00f3n y Coordinador de Grados y T\u00edtulos de la Carrera de Arquitectura. Realiz\u00f3 estudios de Master en Laboratorio de la Vivienda SXXI ETSAB- UPC- Espa\u00f1a (2005-2007), Master en Teor\u00eda y An\u00e1lisis de Proyectos Arquitect\u00f3nicos UPC -Espa\u00f1a (2007-2008), actualmente es revisor en diversas revisas acad\u00e9micas. Investigador acad\u00e9mico con publicaciones de estudios sobre la vivienda y constante observador sobre los modos de habitar, adem\u00e1s cuenta con publicaciones acad\u00e9micas referidas a las metodolog\u00edas de aprendizaje aplicados a la ense\u00f1anza de la arquitectura en las JIDA. Conferencista en diversos congresos nacionales y seminarios internacionales, en Argentina, Costa Rica, Espa\u00f1a, Holanda, Italia, M\u00e9xico, Paraguay.\",\"sameAs\":[\"https:\\\/\\\/www.facebook.com\\\/profile.php?id=774079565\",\"https:\\\/\\\/www.instagram.com\\\/joepalack\\\/\",\"https:\\\/\\\/www.linkedin.com\\\/in\\\/josedelcarmenpalaciosaguilar\\\/\",\"https:\\\/\\\/x.com\\\/https:\\\/\\\/twitter.com\\\/joepalack\"],\"url\":\"https:\\\/\\\/veredes.es\\\/blog\\\/author\\\/jose-del-carmen-palacios-aguilar\\\/\"}]}<\/script>\n<!-- \/ Yoast SEO plugin. -->","yoast_head_json":{"title":"Habitar la lentitud | Jos\u00e9 del Carmen Palacios Aguilar - veredes","description":"Toda la informaci\u00f3n sobre: Habitar la lentitud | Jos\u00e9 del Carmen Palacios Aguilar","robots":{"index":"index","follow":"follow","max-snippet":"max-snippet:-1","max-image-preview":"max-image-preview:large","max-video-preview":"max-video-preview:-1"},"canonical":"https:\/\/veredes.es\/blog\/habitar-la-lentitud-jose-del-carmen-palacios-aguilar\/","og_locale":"es_ES","og_type":"article","og_title":"Habitar la lentitud | Jos\u00e9 del Carmen Palacios Aguilar - veredes","og_description":"Toda la informaci\u00f3n sobre: Habitar la lentitud | Jos\u00e9 del Carmen Palacios Aguilar","og_url":"https:\/\/veredes.es\/blog\/habitar-la-lentitud-jose-del-carmen-palacios-aguilar\/","og_site_name":"veredes, arquitectura y divulgaci\u00f3n","article_publisher":"https:\/\/www.facebook.com\/veredesArquitecturayDivulgacion\/","article_author":"https:\/\/www.facebook.com\/profile.php?id=774079565","article_published_time":"2026-08-30T22:01:02+00:00","og_image":[{"width":254,"height":339,"url":"https:\/\/veredes.es\/blog\/wp-content\/uploads\/2026\/07\/Habitar-la-lentitud-Jose-del-Carmen-Palacios-Aguilar-Appartament-Beistegui_FLC.jpg","type":"image\/jpeg"}],"author":"Jos\u00e9 del Carmen Palacios Aguilar","twitter_card":"summary_large_image","twitter_creator":"@https:\/\/twitter.com\/joepalack","twitter_site":"@veredes","twitter_misc":{"Escrito por":"Jos\u00e9 del Carmen Palacios Aguilar","Tiempo de lectura":"2 minutos"},"schema":{"@context":"https:\/\/schema.org","@graph":[{"@type":"Article","@id":"https:\/\/veredes.es\/blog\/habitar-la-lentitud-jose-del-carmen-palacios-aguilar\/#article","isPartOf":{"@id":"https:\/\/veredes.es\/blog\/habitar-la-lentitud-jose-del-carmen-palacios-aguilar\/"},"author":{"name":"Jos\u00e9 del Carmen Palacios Aguilar","@id":"https:\/\/veredes.es\/blog\/#\/schema\/person\/66210ae933d0e051b11bb2fb8ee47bee"},"headline":"Habitar la lentitud | Jos\u00e9 del Carmen Palacios Aguilar","datePublished":"2026-08-30T22:01:02+00:00","mainEntityOfPage":{"@id":"https:\/\/veredes.es\/blog\/habitar-la-lentitud-jose-del-carmen-palacios-aguilar\/"},"wordCount":237,"commentCount":0,"publisher":{"@id":"https:\/\/veredes.es\/blog\/#organization"},"image":{"@id":"https:\/\/veredes.es\/blog\/habitar-la-lentitud-jose-del-carmen-palacios-aguilar\/#primaryimage"},"thumbnailUrl":"https:\/\/veredes.es\/blog\/wp-content\/uploads\/2026\/07\/Habitar-la-lentitud-Jose-del-Carmen-Palacios-Aguilar-Appartament-Beistegui_FLC.jpg","keywords":["art\u00edculo","Carlo Scarpa","construir","cr\u00edtica","dibujar","escribir","espacio p\u00fablico","habitar","historia","investigaci\u00f3n","Jos\u00e9 del Carmen Palacios Aguilar","libro","lugar","Luis Barrag\u00e1n","pensamiento","pensar","publicaci\u00f3n","rehabitar","saber","Sergio Los","teor\u00eda","urbanismo","vivienda"],"articleSection":["art\u00edculos","slider principal"],"inLanguage":"es","potentialAction":[{"@type":"CommentAction","name":"Comment","target":["https:\/\/veredes.es\/blog\/habitar-la-lentitud-jose-del-carmen-palacios-aguilar\/#respond"]}]},{"@type":"WebPage","@id":"https:\/\/veredes.es\/blog\/habitar-la-lentitud-jose-del-carmen-palacios-aguilar\/","url":"https:\/\/veredes.es\/blog\/habitar-la-lentitud-jose-del-carmen-palacios-aguilar\/","name":"Habitar la lentitud | Jos\u00e9 del Carmen Palacios Aguilar - veredes","isPartOf":{"@id":"https:\/\/veredes.es\/blog\/#website"},"primaryImageOfPage":{"@id":"https:\/\/veredes.es\/blog\/habitar-la-lentitud-jose-del-carmen-palacios-aguilar\/#primaryimage"},"image":{"@id":"https:\/\/veredes.es\/blog\/habitar-la-lentitud-jose-del-carmen-palacios-aguilar\/#primaryimage"},"thumbnailUrl":"https:\/\/veredes.es\/blog\/wp-content\/uploads\/2026\/07\/Habitar-la-lentitud-Jose-del-Carmen-Palacios-Aguilar-Appartament-Beistegui_FLC.jpg","datePublished":"2026-08-30T22:01:02+00:00","description":"Toda la informaci\u00f3n sobre: Habitar la lentitud | Jos\u00e9 del Carmen Palacios Aguilar","breadcrumb":{"@id":"https:\/\/veredes.es\/blog\/habitar-la-lentitud-jose-del-carmen-palacios-aguilar\/#breadcrumb"},"inLanguage":"es","potentialAction":[{"@type":"ReadAction","target":["https:\/\/veredes.es\/blog\/habitar-la-lentitud-jose-del-carmen-palacios-aguilar\/"]}]},{"@type":"ImageObject","inLanguage":"es","@id":"https:\/\/veredes.es\/blog\/habitar-la-lentitud-jose-del-carmen-palacios-aguilar\/#primaryimage","url":"https:\/\/veredes.es\/blog\/wp-content\/uploads\/2026\/07\/Habitar-la-lentitud-Jose-del-Carmen-Palacios-Aguilar-Appartament-Beistegui_FLC.jpg","contentUrl":"https:\/\/veredes.es\/blog\/wp-content\/uploads\/2026\/07\/Habitar-la-lentitud-Jose-del-Carmen-Palacios-Aguilar-Appartament-Beistegui_FLC.jpg","width":254,"height":339,"caption":"Apartment of Charles dBeistegui_ Paris, France, 1929-1931- FLC\/DAGP"},{"@type":"BreadcrumbList","@id":"https:\/\/veredes.es\/blog\/habitar-la-lentitud-jose-del-carmen-palacios-aguilar\/#breadcrumb","itemListElement":[{"@type":"ListItem","position":1,"name":"Portada","item":"https:\/\/veredes.es\/blog\/"},{"@type":"ListItem","position":2,"name":"Habitar la lentitud | Jos\u00e9 del Carmen Palacios Aguilar"}]},{"@type":"WebSite","@id":"https:\/\/veredes.es\/blog\/#website","url":"https:\/\/veredes.es\/blog\/","name":"veredes, arquitectura y divulgaci\u00f3n","description":"veredes","publisher":{"@id":"https:\/\/veredes.es\/blog\/#organization"},"alternateName":"veredes","potentialAction":[{"@type":"SearchAction","target":{"@type":"EntryPoint","urlTemplate":"https:\/\/veredes.es\/blog\/?s={search_term_string}"},"query-input":{"@type":"PropertyValueSpecification","valueRequired":true,"valueName":"search_term_string"}}],"inLanguage":"es"},{"@type":"Organization","@id":"https:\/\/veredes.es\/blog\/#organization","name":"veredes, arquitectura y divulgaci\u00f3n","alternateName":"veredes","url":"https:\/\/veredes.es\/blog\/","logo":{"@type":"ImageObject","inLanguage":"es","@id":"https:\/\/veredes.es\/blog\/#\/schema\/logo\/image\/","url":"https:\/\/veredes.es\/blog\/wp-content\/uploads\/2021\/12\/veredes-logo-centrado_140x54.png","contentUrl":"https:\/\/veredes.es\/blog\/wp-content\/uploads\/2021\/12\/veredes-logo-centrado_140x54.png","width":140,"height":54,"caption":"veredes, arquitectura y divulgaci\u00f3n"},"image":{"@id":"https:\/\/veredes.es\/blog\/#\/schema\/logo\/image\/"},"sameAs":["https:\/\/www.facebook.com\/veredesArquitecturayDivulgacion\/","https:\/\/x.com\/veredes","https:\/\/instagram.com\/veredes\/","https:\/\/www.linkedin.com\/company\/veredes-arquitectura-y-divulgacion\/","https:\/\/es.pinterest.com\/veredes\/","https:\/\/www.tumblr.com\/veredes"]},{"@type":"Person","@id":"https:\/\/veredes.es\/blog\/#\/schema\/person\/66210ae933d0e051b11bb2fb8ee47bee","name":"Jos\u00e9 del Carmen Palacios Aguilar","image":{"@type":"ImageObject","inLanguage":"es","@id":"https:\/\/veredes.es\/blog\/wp-content\/uploads\/2021\/07\/Jose-del-Carmen-Palacios-96x96.jpg","url":"https:\/\/veredes.es\/blog\/wp-content\/uploads\/2021\/07\/Jose-del-Carmen-Palacios-96x96.jpg","contentUrl":"https:\/\/veredes.es\/blog\/wp-content\/uploads\/2021\/07\/Jose-del-Carmen-Palacios-96x96.jpg","caption":"Jos\u00e9 del Carmen Palacios Aguilar"},"description":"Es Master en Proyectos de Arquitectura, Profesor Asociado a tiempo completo por la Universidad de Lima, Profesor de Proyecto de Arquitectura (2010 hasta la fecha), responsable de la Catedra de Proyectos (2010 \u2013 a la fecha). Coordinador de Talleres b\u00e1sicos de Proyectos desde el 2012, miembro del Comit\u00e9 de Internacionalizaci\u00f3n y Coordinador de Grados y T\u00edtulos de la Carrera de Arquitectura. Realiz\u00f3 estudios de Master en Laboratorio de la Vivienda SXXI ETSAB- UPC- Espa\u00f1a (2005-2007), Master en Teor\u00eda y An\u00e1lisis de Proyectos Arquitect\u00f3nicos UPC -Espa\u00f1a (2007-2008), actualmente es revisor en diversas revisas acad\u00e9micas. Investigador acad\u00e9mico con publicaciones de estudios sobre la vivienda y constante observador sobre los modos de habitar, adem\u00e1s cuenta con publicaciones acad\u00e9micas referidas a las metodolog\u00edas de aprendizaje aplicados a la ense\u00f1anza de la arquitectura en las JIDA. Conferencista en diversos congresos nacionales y seminarios internacionales, en Argentina, Costa Rica, Espa\u00f1a, Holanda, Italia, M\u00e9xico, Paraguay.","sameAs":["https:\/\/www.facebook.com\/profile.php?id=774079565","https:\/\/www.instagram.com\/joepalack\/","https:\/\/www.linkedin.com\/in\/josedelcarmenpalaciosaguilar\/","https:\/\/x.com\/https:\/\/twitter.com\/joepalack"],"url":"https:\/\/veredes.es\/blog\/author\/jose-del-carmen-palacios-aguilar\/"}]}},"_links":{"self":[{"href":"https:\/\/veredes.es\/blog\/wp-json\/wp\/v2\/posts\/107258","targetHints":{"allow":["GET"]}}],"collection":[{"href":"https:\/\/veredes.es\/blog\/wp-json\/wp\/v2\/posts"}],"about":[{"href":"https:\/\/veredes.es\/blog\/wp-json\/wp\/v2\/types\/post"}],"author":[{"embeddable":true,"href":"https:\/\/veredes.es\/blog\/wp-json\/wp\/v2\/users\/74"}],"replies":[{"embeddable":true,"href":"https:\/\/veredes.es\/blog\/wp-json\/wp\/v2\/comments?post=107258"}],"version-history":[{"count":1,"href":"https:\/\/veredes.es\/blog\/wp-json\/wp\/v2\/posts\/107258\/revisions"}],"predecessor-version":[{"id":107262,"href":"https:\/\/veredes.es\/blog\/wp-json\/wp\/v2\/posts\/107258\/revisions\/107262"}],"wp:featuredmedia":[{"embeddable":true,"href":"https:\/\/veredes.es\/blog\/wp-json\/wp\/v2\/media\/107260"}],"wp:attachment":[{"href":"https:\/\/veredes.es\/blog\/wp-json\/wp\/v2\/media?parent=107258"}],"wp:term":[{"taxonomy":"category","embeddable":true,"href":"https:\/\/veredes.es\/blog\/wp-json\/wp\/v2\/categories?post=107258"},{"taxonomy":"post_tag","embeddable":true,"href":"https:\/\/veredes.es\/blog\/wp-json\/wp\/v2\/tags?post=107258"}],"curies":[{"name":"wp","href":"https:\/\/api.w.org\/{rel}","templated":true}]}}