{"id":10672,"date":"2009-08-15T08:05:17","date_gmt":"2009-08-15T08:05:17","guid":{"rendered":"http:\/\/veredes.es\/blog\/?p=10672"},"modified":"2019-12-27T14:37:18","modified_gmt":"2019-12-27T13:37:18","slug":"fabrica-de-lapices-hispania-urbancidades","status":"publish","type":"post","link":"https:\/\/veredes.es\/blog\/fabrica-de-lapices-hispania-urbancidades\/","title":{"rendered":"Arquitectura Industrial. F\u00e1brica de L\u00e1pices Hispania (II)"},"content":{"rendered":"<p><\/p>\n<p style=\"text-align: justify;\"><strong>L<\/strong>a f\u00e1brica de <strong>l\u00e1pices Hispania<\/strong> se encuentra en <strong>Ferrol Vello<\/strong>, en el promontorio de los jardines del <strong>Baluarte de San Xo\u00e1n<\/strong>, dominando por encima de \u00e9stos las vistas del puerto y la r\u00eda, entre <strong>Mugardos<\/strong> y <strong>La Gra\u00f1a.<\/strong> Fue fundada, en los a\u00f1os treinta del siglo XX\u00a0 (1933, prob\u00e1blemente), por varios socios entre los que se encontraba <strong>Alberto Fern\u00e1ndez Mart\u00edn<\/strong>, importante insdustrial de la \u00e9poca, que adem\u00e1s de la f\u00e1brica de l\u00e1pices Hispania ten\u00eda otras empresas. Entre ellas la f\u00e1brica de redes <strong>Defer<\/strong>, la de bol\u00edgrafos <strong>Bolfer<\/strong> y la textil <strong>Textilfer<\/strong>.<\/p>\n<p style=\"text-align: justify;\"><strong>L<\/strong>os otros otros socios, que fueron seis, se llamaban: Jos\u00e9 Andr\u00e9s V\u00e1zquez, Benito Alvari\u00f1o, Eusebio P\u00e9rez del Hierro, Esteban Ramil, Antonio Veiga y Luis de la Muela.<\/p>\n<blockquote>\n<p style=\"text-align: justify;\">\u201c<em>En la \u00e9poca de la posguerra, Hispania consigui\u00f3 hacer unos l\u00e1pices de una calidad impresionante, muy superiores a los que se hac\u00edan en el resto de Espa\u00f1a\u201d, afirma Luis Alonso \u00c1lvarez, autor de un trabajo de investigaci\u00f3n sobre emprendedores coru\u00f1eses desde el siglo XVIII.\u00a0 \u201cLa empresa tambi\u00e9n fabricaba plumillas de acero y peines de caucho, pero, sin duda, su producto estrella eran los l\u00e1pices <strong>Johan Sindel<\/strong>, que tomaron su nombre de un t\u00e9cnico alem\u00e1n que fue reclutado por Fern\u00e1ndez como jefe de taller en los a\u00f1os 30<\/em>\u201c.<\/p>\n<p style=\"text-align: justify;\">(Cita: La Voz de Galicia, 31\/3\/2009)<\/p>\n<\/blockquote>\n<figure id=\"attachment_10673\" aria-describedby=\"caption-attachment-10673\" style=\"width: 620px\" class=\"wp-caption alignnone\"><a href=\"https:\/\/veredes.es\/blog\/wp-content\/uploads\/2011\/02\/lapices-hispania_small.jpg\"><img loading=\"lazy\" decoding=\"async\" class=\" wp-image-10673\" title=\"lapices-hispania_small\" src=\"https:\/\/veredes.es\/blog\/wp-content\/uploads\/2011\/02\/lapices-hispania_small.jpg\" alt=\"\" width=\"620\" height=\"463\" \/><\/a><figcaption id=\"caption-attachment-10673\" class=\"wp-caption-text\"><span style=\"color: #888888;\">Estado de la fabrica en 2008 | EnriqueFidel | urbancidades.wordpress.com<\/span><\/figcaption><\/figure>\n<p style=\"text-align: justify;\">[&#8230;]<\/p>\n<p style=\"text-align: justify;\">EnriqueFidel<\/p>\n<p style=\"text-align: justify;\"><a href=\"http:\/\/urbancidades.wordpress.com\/2008\/07\/19\/ferrol-vello-ii-la-fabrica-de-lapices-hispania\/\" target=\"_blank\"><span style=\"color: #888888;\">+ articulo publicado en urbancidades.wordpress.com<\/span><\/a><\/p>\n<p><\/p>","protected":false},"excerpt":{"rendered":"<p>La f\u00e1brica de l\u00e1pices Hispania se encuentra en Ferrol Vello, en el promontorio de los jardines del Baluarte de San Xo\u00e1n, dominando por encima de \u00e9stos las vistas del puerto y la r\u00eda, entre Mugardos y La Gra\u00f1a. Fue fundada, en los a\u00f1os treinta del siglo XX\u00a0 (1933, prob\u00e1blemente), por varios socios entre los que [&hellip;]<\/p>\n","protected":false},"author":2,"featured_media":10673,"comment_status":"open","ping_status":"closed","sticky":false,"template":"","format":"standard","meta":{"footnotes":""},"categories":[3,1003],"tags":[5865,145,3924,521,619,782,12463,1004,1005],"class_list":{"0":"post-10672","1":"post","2":"type-post","3":"status-publish","4":"format-standard","5":"has-post-thumbnail","7":"category-capturas","8":"category-patrimonio","9":"tag-arquitectura-gallega","10":"tag-arquitectura-industrial","12":"tag-espana","13":"tag-galicia","14":"tag-lapiz","15":"tag-patrimonio","16":"tag-patrimonio-historico","17":"tag-patrimonio-industrial"},"yoast_head":"<!-- This site is optimized with the Yoast SEO plugin v27.5 - https:\/\/yoast.com\/product\/yoast-seo-wordpress\/ -->\n<title>Arquitectura Industrial. F\u00e1brica de L\u00e1pices Hispania (II)Arquitectura Industrial. F\u00e1brica de Lapis Hispania (II)Industrial architecture. Pencil Hispania Factory (II) - veredes<\/title>\n<meta name=\"description\" content=\"Toda la informaci\u00f3n sobre: Arquitectura Industrial. F\u00e1brica de L\u00e1pices Hispania (II)Arquitectura Industrial. F\u00e1brica de Lapis Hispania (II)Industrial architecture. Pencil Hispania Factory (II)\" \/>\n<meta name=\"robots\" content=\"index, follow, max-snippet:-1, max-image-preview:large, max-video-preview:-1\" \/>\n<link rel=\"canonical\" href=\"https:\/\/veredes.es\/blog\/fabrica-de-lapices-hispania-urbancidades\/\" \/>\n<meta property=\"og:locale\" content=\"es_ES\" \/>\n<meta property=\"og:type\" content=\"article\" \/>\n<meta property=\"og:title\" content=\"Arquitectura Industrial. F\u00e1brica de L\u00e1pices Hispania (II)Arquitectura Industrial. F\u00e1brica de Lapis Hispania (II)Industrial architecture. Pencil Hispania Factory (II) - veredes\" \/>\n<meta property=\"og:description\" content=\"Toda la informaci\u00f3n sobre: Arquitectura Industrial. F\u00e1brica de L\u00e1pices Hispania (II)Arquitectura Industrial. F\u00e1brica de Lapis Hispania (II)Industrial architecture. Pencil Hispania Factory (II)\" \/>\n<meta property=\"og:url\" content=\"https:\/\/veredes.es\/blog\/fabrica-de-lapices-hispania-urbancidades\/\" \/>\n<meta property=\"og:site_name\" content=\"veredes, arquitectura y divulgaci\u00f3n\" \/>\n<meta property=\"article:publisher\" content=\"https:\/\/www.facebook.com\/veredesArquitecturayDivulgacion\/\" \/>\n<meta property=\"article:author\" content=\"https:\/\/www.facebook.com\/veredesArquitecturayDivulgacion\/\" \/>\n<meta property=\"article:published_time\" content=\"2009-08-15T08:05:17+00:00\" \/>\n<meta property=\"article:modified_time\" content=\"2019-12-27T13:37:18+00:00\" \/>\n<meta property=\"og:image\" content=\"https:\/\/veredes.es\/blog\/wp-content\/uploads\/2011\/02\/lapices-hispania_small.jpg\" \/>\n\t<meta property=\"og:image:width\" content=\"300\" \/>\n\t<meta property=\"og:image:height\" content=\"225\" \/>\n\t<meta property=\"og:image:type\" content=\"image\/jpeg\" \/>\n<meta name=\"author\" content=\"veredes\" \/>\n<meta name=\"twitter:card\" content=\"summary_large_image\" \/>\n<meta name=\"twitter:creator\" content=\"@https:\/\/twitter.com\/veredes\" \/>\n<meta name=\"twitter:site\" content=\"@veredes\" \/>\n<meta name=\"twitter:label1\" content=\"Escrito por\" \/>\n\t<meta name=\"twitter:data1\" content=\"veredes\" \/>\n\t<meta name=\"twitter:label2\" content=\"Tiempo de lectura\" \/>\n\t<meta name=\"twitter:data2\" content=\"4 minutos\" \/>\n<script type=\"application\/ld+json\" class=\"yoast-schema-graph\">{\"@context\":\"https:\\\/\\\/schema.org\",\"@graph\":[{\"@type\":\"Article\",\"@id\":\"https:\\\/\\\/veredes.es\\\/blog\\\/fabrica-de-lapices-hispania-urbancidades\\\/#article\",\"isPartOf\":{\"@id\":\"https:\\\/\\\/veredes.es\\\/blog\\\/fabrica-de-lapices-hispania-urbancidades\\\/\"},\"author\":{\"name\":\"veredes\",\"@id\":\"https:\\\/\\\/veredes.es\\\/blog\\\/#\\\/schema\\\/person\\\/0bbb669073ef7faba5168a0844e93d2c\"},\"headline\":\"Arquitectura Industrial. F\u00e1brica de L\u00e1pices Hispania (II)\",\"datePublished\":\"2009-08-15T08:05:17+00:00\",\"dateModified\":\"2019-12-27T13:37:18+00:00\",\"mainEntityOfPage\":{\"@id\":\"https:\\\/\\\/veredes.es\\\/blog\\\/fabrica-de-lapices-hispania-urbancidades\\\/\"},\"wordCount\":771,\"commentCount\":72,\"publisher\":{\"@id\":\"https:\\\/\\\/veredes.es\\\/blog\\\/#organization\"},\"image\":{\"@id\":\"https:\\\/\\\/veredes.es\\\/blog\\\/fabrica-de-lapices-hispania-urbancidades\\\/#primaryimage\"},\"thumbnailUrl\":\"https:\\\/\\\/veredes.es\\\/blog\\\/wp-content\\\/uploads\\\/2011\\\/02\\\/lapices-hispania_small.jpg\",\"keywords\":[\"arquitectura gallega\",\"arquitectura industrial\",\"enrique fidel\",\"Espa\u00f1a\",\"Galicia\",\"l\u00e1piz\",\"patrimonio\",\"patrimonio hist\u00f3rico\",\"patrimonio industrial\"],\"articleSection\":[\"capturas\",\"patrimonio\"],\"inLanguage\":\"es\",\"potentialAction\":[{\"@type\":\"CommentAction\",\"name\":\"Comment\",\"target\":[\"https:\\\/\\\/veredes.es\\\/blog\\\/fabrica-de-lapices-hispania-urbancidades\\\/#respond\"]}]},{\"@type\":\"WebPage\",\"@id\":\"https:\\\/\\\/veredes.es\\\/blog\\\/fabrica-de-lapices-hispania-urbancidades\\\/\",\"url\":\"https:\\\/\\\/veredes.es\\\/blog\\\/fabrica-de-lapices-hispania-urbancidades\\\/\",\"name\":\"Arquitectura Industrial. F\u00e1brica de L\u00e1pices Hispania (II)Arquitectura Industrial. F\u00e1brica de Lapis Hispania (II)Industrial architecture. Pencil Hispania Factory (II) - veredes\",\"isPartOf\":{\"@id\":\"https:\\\/\\\/veredes.es\\\/blog\\\/#website\"},\"primaryImageOfPage\":{\"@id\":\"https:\\\/\\\/veredes.es\\\/blog\\\/fabrica-de-lapices-hispania-urbancidades\\\/#primaryimage\"},\"image\":{\"@id\":\"https:\\\/\\\/veredes.es\\\/blog\\\/fabrica-de-lapices-hispania-urbancidades\\\/#primaryimage\"},\"thumbnailUrl\":\"https:\\\/\\\/veredes.es\\\/blog\\\/wp-content\\\/uploads\\\/2011\\\/02\\\/lapices-hispania_small.jpg\",\"datePublished\":\"2009-08-15T08:05:17+00:00\",\"dateModified\":\"2019-12-27T13:37:18+00:00\",\"description\":\"Toda la informaci\u00f3n sobre: Arquitectura Industrial. F\u00e1brica de L\u00e1pices Hispania (II)Arquitectura Industrial. F\u00e1brica de Lapis Hispania (II)Industrial architecture. Pencil Hispania Factory (II)\",\"breadcrumb\":{\"@id\":\"https:\\\/\\\/veredes.es\\\/blog\\\/fabrica-de-lapices-hispania-urbancidades\\\/#breadcrumb\"},\"inLanguage\":\"es\",\"potentialAction\":[{\"@type\":\"ReadAction\",\"target\":[\"https:\\\/\\\/veredes.es\\\/blog\\\/fabrica-de-lapices-hispania-urbancidades\\\/\"]}]},{\"@type\":\"ImageObject\",\"inLanguage\":\"es\",\"@id\":\"https:\\\/\\\/veredes.es\\\/blog\\\/fabrica-de-lapices-hispania-urbancidades\\\/#primaryimage\",\"url\":\"https:\\\/\\\/veredes.es\\\/blog\\\/wp-content\\\/uploads\\\/2011\\\/02\\\/lapices-hispania_small.jpg\",\"contentUrl\":\"https:\\\/\\\/veredes.es\\\/blog\\\/wp-content\\\/uploads\\\/2011\\\/02\\\/lapices-hispania_small.jpg\",\"width\":\"300\",\"height\":\"225\"},{\"@type\":\"BreadcrumbList\",\"@id\":\"https:\\\/\\\/veredes.es\\\/blog\\\/fabrica-de-lapices-hispania-urbancidades\\\/#breadcrumb\",\"itemListElement\":[{\"@type\":\"ListItem\",\"position\":1,\"name\":\"Portada\",\"item\":\"https:\\\/\\\/veredes.es\\\/blog\\\/\"},{\"@type\":\"ListItem\",\"position\":2,\"name\":\"Arquitectura Industrial. F\u00e1brica de L\u00e1pices Hispania (II)\"}]},{\"@type\":\"WebSite\",\"@id\":\"https:\\\/\\\/veredes.es\\\/blog\\\/#website\",\"url\":\"https:\\\/\\\/veredes.es\\\/blog\\\/\",\"name\":\"veredes, arquitectura y divulgaci\u00f3n\",\"description\":\"veredes\",\"publisher\":{\"@id\":\"https:\\\/\\\/veredes.es\\\/blog\\\/#organization\"},\"alternateName\":\"veredes\",\"potentialAction\":[{\"@type\":\"SearchAction\",\"target\":{\"@type\":\"EntryPoint\",\"urlTemplate\":\"https:\\\/\\\/veredes.es\\\/blog\\\/?s={search_term_string}\"},\"query-input\":{\"@type\":\"PropertyValueSpecification\",\"valueRequired\":true,\"valueName\":\"search_term_string\"}}],\"inLanguage\":\"es\"},{\"@type\":\"Organization\",\"@id\":\"https:\\\/\\\/veredes.es\\\/blog\\\/#organization\",\"name\":\"veredes, arquitectura y divulgaci\u00f3n\",\"alternateName\":\"veredes\",\"url\":\"https:\\\/\\\/veredes.es\\\/blog\\\/\",\"logo\":{\"@type\":\"ImageObject\",\"inLanguage\":\"es\",\"@id\":\"https:\\\/\\\/veredes.es\\\/blog\\\/#\\\/schema\\\/logo\\\/image\\\/\",\"url\":\"https:\\\/\\\/veredes.es\\\/blog\\\/wp-content\\\/uploads\\\/2021\\\/12\\\/veredes-logo-centrado_140x54.png\",\"contentUrl\":\"https:\\\/\\\/veredes.es\\\/blog\\\/wp-content\\\/uploads\\\/2021\\\/12\\\/veredes-logo-centrado_140x54.png\",\"width\":140,\"height\":54,\"caption\":\"veredes, arquitectura y divulgaci\u00f3n\"},\"image\":{\"@id\":\"https:\\\/\\\/veredes.es\\\/blog\\\/#\\\/schema\\\/logo\\\/image\\\/\"},\"sameAs\":[\"https:\\\/\\\/www.facebook.com\\\/veredesArquitecturayDivulgacion\\\/\",\"https:\\\/\\\/x.com\\\/veredes\",\"https:\\\/\\\/instagram.com\\\/veredes\\\/\",\"https:\\\/\\\/www.linkedin.com\\\/company\\\/veredes-arquitectura-y-divulgacion\\\/\",\"https:\\\/\\\/es.pinterest.com\\\/veredes\\\/\",\"https:\\\/\\\/www.tumblr.com\\\/veredes\"]},{\"@type\":\"Person\",\"@id\":\"https:\\\/\\\/veredes.es\\\/blog\\\/#\\\/schema\\\/person\\\/0bbb669073ef7faba5168a0844e93d2c\",\"name\":\"veredes\",\"image\":{\"@type\":\"ImageObject\",\"inLanguage\":\"es\",\"@id\":\"https:\\\/\\\/veredes.es\\\/blog\\\/wp-content\\\/uploads\\\/2018\\\/04\\\/face-96x96.jpg\",\"url\":\"https:\\\/\\\/veredes.es\\\/blog\\\/wp-content\\\/uploads\\\/2018\\\/04\\\/face-96x96.jpg\",\"contentUrl\":\"https:\\\/\\\/veredes.es\\\/blog\\\/wp-content\\\/uploads\\\/2018\\\/04\\\/face-96x96.jpg\",\"caption\":\"veredes\"},\"description\":\"Surge enero de 2009 como b\u00fasqueda de satisfacer el conocimiento de la actividad arquitect\u00f3nica y tangentes que se generan. La idea es crear un espacio para divulgar los diversos proyectos en busca de nueva inspiraci\u00f3n y de intercambio.\",\"sameAs\":[\"https:\\\/\\\/veredes.es\\\/\",\"https:\\\/\\\/www.facebook.com\\\/veredesArquitecturayDivulgacion\\\/\",\"https:\\\/\\\/www.instagram.com\\\/veredes\\\/\",\"https:\\\/\\\/www.linkedin.com\\\/company\\\/veredes-arquitectura-y-divulgacion\\\/\",\"https:\\\/\\\/www.pinterest.es\\\/veredes\\\/\",\"https:\\\/\\\/x.com\\\/https:\\\/\\\/twitter.com\\\/veredes\",\"https:\\\/\\\/veredes.tumblr.com\\\/\"],\"url\":\"https:\\\/\\\/veredes.es\\\/blog\\\/author\\\/alberto\\\/\"}]}<\/script>\n<!-- \/ Yoast SEO plugin. -->","yoast_head_json":{"title":"Arquitectura Industrial. F\u00e1brica de L\u00e1pices Hispania (II)Arquitectura Industrial. F\u00e1brica de Lapis Hispania (II)Industrial architecture. Pencil Hispania Factory (II) - veredes","description":"Toda la informaci\u00f3n sobre: Arquitectura Industrial. F\u00e1brica de L\u00e1pices Hispania (II)Arquitectura Industrial. F\u00e1brica de Lapis Hispania (II)Industrial architecture. Pencil Hispania Factory (II)","robots":{"index":"index","follow":"follow","max-snippet":"max-snippet:-1","max-image-preview":"max-image-preview:large","max-video-preview":"max-video-preview:-1"},"canonical":"https:\/\/veredes.es\/blog\/fabrica-de-lapices-hispania-urbancidades\/","og_locale":"es_ES","og_type":"article","og_title":"Arquitectura Industrial. F\u00e1brica de L\u00e1pices Hispania (II)Arquitectura Industrial. F\u00e1brica de Lapis Hispania (II)Industrial architecture. Pencil Hispania Factory (II) - veredes","og_description":"Toda la informaci\u00f3n sobre: Arquitectura Industrial. F\u00e1brica de L\u00e1pices Hispania (II)Arquitectura Industrial. F\u00e1brica de Lapis Hispania (II)Industrial architecture. Pencil Hispania Factory (II)","og_url":"https:\/\/veredes.es\/blog\/fabrica-de-lapices-hispania-urbancidades\/","og_site_name":"veredes, arquitectura y divulgaci\u00f3n","article_publisher":"https:\/\/www.facebook.com\/veredesArquitecturayDivulgacion\/","article_author":"https:\/\/www.facebook.com\/veredesArquitecturayDivulgacion\/","article_published_time":"2009-08-15T08:05:17+00:00","article_modified_time":"2019-12-27T13:37:18+00:00","og_image":[{"width":300,"height":225,"url":"https:\/\/veredes.es\/blog\/wp-content\/uploads\/2011\/02\/lapices-hispania_small.jpg","type":"image\/jpeg"}],"author":"veredes","twitter_card":"summary_large_image","twitter_creator":"@https:\/\/twitter.com\/veredes","twitter_site":"@veredes","twitter_misc":{"Escrito por":"veredes","Tiempo de lectura":"4 minutos"},"schema":{"@context":"https:\/\/schema.org","@graph":[{"@type":"Article","@id":"https:\/\/veredes.es\/blog\/fabrica-de-lapices-hispania-urbancidades\/#article","isPartOf":{"@id":"https:\/\/veredes.es\/blog\/fabrica-de-lapices-hispania-urbancidades\/"},"author":{"name":"veredes","@id":"https:\/\/veredes.es\/blog\/#\/schema\/person\/0bbb669073ef7faba5168a0844e93d2c"},"headline":"Arquitectura Industrial. F\u00e1brica de L\u00e1pices Hispania (II)","datePublished":"2009-08-15T08:05:17+00:00","dateModified":"2019-12-27T13:37:18+00:00","mainEntityOfPage":{"@id":"https:\/\/veredes.es\/blog\/fabrica-de-lapices-hispania-urbancidades\/"},"wordCount":771,"commentCount":72,"publisher":{"@id":"https:\/\/veredes.es\/blog\/#organization"},"image":{"@id":"https:\/\/veredes.es\/blog\/fabrica-de-lapices-hispania-urbancidades\/#primaryimage"},"thumbnailUrl":"https:\/\/veredes.es\/blog\/wp-content\/uploads\/2011\/02\/lapices-hispania_small.jpg","keywords":["arquitectura gallega","arquitectura industrial","enrique fidel","Espa\u00f1a","Galicia","l\u00e1piz","patrimonio","patrimonio hist\u00f3rico","patrimonio industrial"],"articleSection":["capturas","patrimonio"],"inLanguage":"es","potentialAction":[{"@type":"CommentAction","name":"Comment","target":["https:\/\/veredes.es\/blog\/fabrica-de-lapices-hispania-urbancidades\/#respond"]}]},{"@type":"WebPage","@id":"https:\/\/veredes.es\/blog\/fabrica-de-lapices-hispania-urbancidades\/","url":"https:\/\/veredes.es\/blog\/fabrica-de-lapices-hispania-urbancidades\/","name":"Arquitectura Industrial. F\u00e1brica de L\u00e1pices Hispania (II)Arquitectura Industrial. F\u00e1brica de Lapis Hispania (II)Industrial architecture. Pencil Hispania Factory (II) - veredes","isPartOf":{"@id":"https:\/\/veredes.es\/blog\/#website"},"primaryImageOfPage":{"@id":"https:\/\/veredes.es\/blog\/fabrica-de-lapices-hispania-urbancidades\/#primaryimage"},"image":{"@id":"https:\/\/veredes.es\/blog\/fabrica-de-lapices-hispania-urbancidades\/#primaryimage"},"thumbnailUrl":"https:\/\/veredes.es\/blog\/wp-content\/uploads\/2011\/02\/lapices-hispania_small.jpg","datePublished":"2009-08-15T08:05:17+00:00","dateModified":"2019-12-27T13:37:18+00:00","description":"Toda la informaci\u00f3n sobre: Arquitectura Industrial. F\u00e1brica de L\u00e1pices Hispania (II)Arquitectura Industrial. F\u00e1brica de Lapis Hispania (II)Industrial architecture. Pencil Hispania Factory (II)","breadcrumb":{"@id":"https:\/\/veredes.es\/blog\/fabrica-de-lapices-hispania-urbancidades\/#breadcrumb"},"inLanguage":"es","potentialAction":[{"@type":"ReadAction","target":["https:\/\/veredes.es\/blog\/fabrica-de-lapices-hispania-urbancidades\/"]}]},{"@type":"ImageObject","inLanguage":"es","@id":"https:\/\/veredes.es\/blog\/fabrica-de-lapices-hispania-urbancidades\/#primaryimage","url":"https:\/\/veredes.es\/blog\/wp-content\/uploads\/2011\/02\/lapices-hispania_small.jpg","contentUrl":"https:\/\/veredes.es\/blog\/wp-content\/uploads\/2011\/02\/lapices-hispania_small.jpg","width":"300","height":"225"},{"@type":"BreadcrumbList","@id":"https:\/\/veredes.es\/blog\/fabrica-de-lapices-hispania-urbancidades\/#breadcrumb","itemListElement":[{"@type":"ListItem","position":1,"name":"Portada","item":"https:\/\/veredes.es\/blog\/"},{"@type":"ListItem","position":2,"name":"Arquitectura Industrial. F\u00e1brica de L\u00e1pices Hispania (II)"}]},{"@type":"WebSite","@id":"https:\/\/veredes.es\/blog\/#website","url":"https:\/\/veredes.es\/blog\/","name":"veredes, arquitectura y divulgaci\u00f3n","description":"veredes","publisher":{"@id":"https:\/\/veredes.es\/blog\/#organization"},"alternateName":"veredes","potentialAction":[{"@type":"SearchAction","target":{"@type":"EntryPoint","urlTemplate":"https:\/\/veredes.es\/blog\/?s={search_term_string}"},"query-input":{"@type":"PropertyValueSpecification","valueRequired":true,"valueName":"search_term_string"}}],"inLanguage":"es"},{"@type":"Organization","@id":"https:\/\/veredes.es\/blog\/#organization","name":"veredes, arquitectura y divulgaci\u00f3n","alternateName":"veredes","url":"https:\/\/veredes.es\/blog\/","logo":{"@type":"ImageObject","inLanguage":"es","@id":"https:\/\/veredes.es\/blog\/#\/schema\/logo\/image\/","url":"https:\/\/veredes.es\/blog\/wp-content\/uploads\/2021\/12\/veredes-logo-centrado_140x54.png","contentUrl":"https:\/\/veredes.es\/blog\/wp-content\/uploads\/2021\/12\/veredes-logo-centrado_140x54.png","width":140,"height":54,"caption":"veredes, arquitectura y divulgaci\u00f3n"},"image":{"@id":"https:\/\/veredes.es\/blog\/#\/schema\/logo\/image\/"},"sameAs":["https:\/\/www.facebook.com\/veredesArquitecturayDivulgacion\/","https:\/\/x.com\/veredes","https:\/\/instagram.com\/veredes\/","https:\/\/www.linkedin.com\/company\/veredes-arquitectura-y-divulgacion\/","https:\/\/es.pinterest.com\/veredes\/","https:\/\/www.tumblr.com\/veredes"]},{"@type":"Person","@id":"https:\/\/veredes.es\/blog\/#\/schema\/person\/0bbb669073ef7faba5168a0844e93d2c","name":"veredes","image":{"@type":"ImageObject","inLanguage":"es","@id":"https:\/\/veredes.es\/blog\/wp-content\/uploads\/2018\/04\/face-96x96.jpg","url":"https:\/\/veredes.es\/blog\/wp-content\/uploads\/2018\/04\/face-96x96.jpg","contentUrl":"https:\/\/veredes.es\/blog\/wp-content\/uploads\/2018\/04\/face-96x96.jpg","caption":"veredes"},"description":"Surge enero de 2009 como b\u00fasqueda de satisfacer el conocimiento de la actividad arquitect\u00f3nica y tangentes que se generan. La idea es crear un espacio para divulgar los diversos proyectos en busca de nueva inspiraci\u00f3n y de intercambio.","sameAs":["https:\/\/veredes.es\/","https:\/\/www.facebook.com\/veredesArquitecturayDivulgacion\/","https:\/\/www.instagram.com\/veredes\/","https:\/\/www.linkedin.com\/company\/veredes-arquitectura-y-divulgacion\/","https:\/\/www.pinterest.es\/veredes\/","https:\/\/x.com\/https:\/\/twitter.com\/veredes","https:\/\/veredes.tumblr.com\/"],"url":"https:\/\/veredes.es\/blog\/author\/alberto\/"}]}},"_links":{"self":[{"href":"https:\/\/veredes.es\/blog\/wp-json\/wp\/v2\/posts\/10672","targetHints":{"allow":["GET"]}}],"collection":[{"href":"https:\/\/veredes.es\/blog\/wp-json\/wp\/v2\/posts"}],"about":[{"href":"https:\/\/veredes.es\/blog\/wp-json\/wp\/v2\/types\/post"}],"author":[{"embeddable":true,"href":"https:\/\/veredes.es\/blog\/wp-json\/wp\/v2\/users\/2"}],"replies":[{"embeddable":true,"href":"https:\/\/veredes.es\/blog\/wp-json\/wp\/v2\/comments?post=10672"}],"version-history":[{"count":0,"href":"https:\/\/veredes.es\/blog\/wp-json\/wp\/v2\/posts\/10672\/revisions"}],"wp:featuredmedia":[{"embeddable":true,"href":"https:\/\/veredes.es\/blog\/wp-json\/wp\/v2\/media\/10673"}],"wp:attachment":[{"href":"https:\/\/veredes.es\/blog\/wp-json\/wp\/v2\/media?parent=10672"}],"wp:term":[{"taxonomy":"category","embeddable":true,"href":"https:\/\/veredes.es\/blog\/wp-json\/wp\/v2\/categories?post=10672"},{"taxonomy":"post_tag","embeddable":true,"href":"https:\/\/veredes.es\/blog\/wp-json\/wp\/v2\/tags?post=10672"}],"curies":[{"name":"wp","href":"https:\/\/api.w.org\/{rel}","templated":true}]}}