{"id":105834,"date":"2026-04-30T00:01:54","date_gmt":"2026-04-29T22:01:54","guid":{"rendered":"https:\/\/veredes.es\/blog\/?p=105834"},"modified":"2026-04-22T16:47:11","modified_gmt":"2026-04-22T14:47:11","slug":"jung-integra-sus-nuevas-soluciones-de-control-y-diseno-en-casa-decor-2026","status":"publish","type":"post","link":"https:\/\/veredes.es\/blog\/jung-integra-sus-nuevas-soluciones-de-control-y-diseno-en-casa-decor-2026\/","title":{"rendered":"JUNG integra sus nuevas soluciones de control y dise\u00f1o en Casa Decor 2026"},"content":{"rendered":"<p style=\"text-align: justify;\">La exposici\u00f3n <strong>Casa Decor 2026<\/strong>, que permanecer\u00e1 abierta hasta el pr\u00f3ximo 24 de mayo en el n\u00famero 11 de la madrile\u00f1a calle de San Agust\u00edn, cuenta con la presencia <a href=\"https:\/\/veredes.es\/blog\/tag\/jung-iberica\/\" target=\"_blank\" rel=\"noopener\"><strong>JUNG<\/strong><\/a>, fabricante alem\u00e1n de sistemas de automatizaci\u00f3n y mecanismos el\u00e9ctricos, en varios de sus espacios. En ellos pueden verse, de primera mano, los mecanismos de las <strong>series <a href=\"https:\/\/veredes.es\/blog\/la-iconica-gama-de-interruptores-de-palanca-ls-1912-de-jung-incrementa-su-cromatismo-y-funcionalidad\/\" target=\"_blank\" rel=\"noopener\">LS 990 y LS 1912<\/a><\/strong>, junto a sistemas de control avanzado y soluciones dom\u00f3ticas para la edificaci\u00f3n, incluido el novedoso sistema inal\u00e1mbrico <strong>JUNG HOME<\/strong>.<\/p>\n<p style=\"text-align: justify;\">Entre la selecci\u00f3n de productos de JUNG que pueden verse en esta 61\u00aa edici\u00f3n de la muestra m\u00e1s universal del interiorismo espa\u00f1ol, se incluyen las series emblem\u00e1ticas del fabricante alem\u00e1n <a href=\"https:\/\/veredes.es\/blog\/tradicion-modernidad-se-abrazan-la-nueva-serie-ls-1912-interruptores-palanca-jung\/\" target=\"_blank\" rel=\"noopener\">LS 1912<\/a> y LS 990. Esta \u00faltima celebra este a\u00f1o seis d\u00e9cadas de presencia en el mercado internacional, demostrando la vigencia de su postulado fundacional seg\u00fan el cual los mecanismos el\u00e9ctricos deben ser parte integral del dise\u00f1o arquitect\u00f3nico.<\/p>\n<figure id=\"attachment_105837\" aria-describedby=\"caption-attachment-105837\" style=\"width: 1400px\" class=\"wp-caption alignnone\"><img loading=\"lazy\" decoding=\"async\" class=\"wp-image-105837 size-full\" title=\"casa-decor-2026-espacio-technogym-ruiz-velazquez-architecture-&amp;-design \u00a9 Nacho Uribesalazar 01\" src=\"https:\/\/veredes.es\/blog\/wp-content\/uploads\/2026\/05\/casa-decor-2026-espacio-technogym-ruiz-velazquez-architecture-design-\u00a9-Nacho-Uribesalazar-01.jpg\" alt=\"casa-decor-2026-espacio-technogym-ruiz-velazquez-architecture-&amp;-design \u00a9 Nacho Uribesalazar 01\" width=\"1400\" height=\"933\" srcset=\"https:\/\/veredes.es\/blog\/wp-content\/uploads\/2026\/05\/casa-decor-2026-espacio-technogym-ruiz-velazquez-architecture-design-\u00a9-Nacho-Uribesalazar-01.jpg 1400w, https:\/\/veredes.es\/blog\/wp-content\/uploads\/2026\/05\/casa-decor-2026-espacio-technogym-ruiz-velazquez-architecture-design-\u00a9-Nacho-Uribesalazar-01-300x200.jpg 300w, https:\/\/veredes.es\/blog\/wp-content\/uploads\/2026\/05\/casa-decor-2026-espacio-technogym-ruiz-velazquez-architecture-design-\u00a9-Nacho-Uribesalazar-01-1024x682.jpg 1024w, https:\/\/veredes.es\/blog\/wp-content\/uploads\/2026\/05\/casa-decor-2026-espacio-technogym-ruiz-velazquez-architecture-design-\u00a9-Nacho-Uribesalazar-01-630x420.jpg 630w, https:\/\/veredes.es\/blog\/wp-content\/uploads\/2026\/05\/casa-decor-2026-espacio-technogym-ruiz-velazquez-architecture-design-\u00a9-Nacho-Uribesalazar-01-696x464.jpg 696w, https:\/\/veredes.es\/blog\/wp-content\/uploads\/2026\/05\/casa-decor-2026-espacio-technogym-ruiz-velazquez-architecture-design-\u00a9-Nacho-Uribesalazar-01-1068x712.jpg 1068w\" sizes=\"auto, (max-width: 1400px) 100vw, 1400px\" \/><figcaption id=\"caption-attachment-105837\" class=\"wp-caption-text\"><span style=\"color: #999999;\">Casa Decor 2026 | Espacio Technogym by Ruiz Vel\u00e1zquez Architecture&amp;Design \u00a9 Nacho Uribesalazar<\/span><\/figcaption><\/figure>\n<p style=\"text-align: justify;\">Ambas series pueden verse en Casa Decor con acabados en algunos de los 63 colores de <a href=\"https:\/\/veredes.es\/blog\/ls-zero-jung-mecanismos-electricos-enrasados\/\" target=\"_blank\" rel=\"noopener\">Les Couleurs\u00ae<\/a> Le Corbusier\u00ae, exclusivos de JUNG, cuyas ilimitadas combinaciones consiguen estructurar, delimitar y conectar espacios en perfecta sinton\u00eda. Tambi\u00e9n est\u00e1n presentes otros acabados met\u00e1licos como omo el acero, el lat\u00f3n y el cromado.<\/p>\n<p style=\"text-align: justify;\">A estos productos se suman las soluciones m\u00e1s recientes del fabricante alem\u00e1n, como el controlador de estancia LS TOUCH; los teclados F 50 para la gesti\u00f3n dom\u00f3tica de iluminaci\u00f3n y clima; y el sistema de automatizaci\u00f3n inal\u00e1mbrico JUNG HOME, cuya caracter\u00edstica m\u00e1s significativa es que no requiere obras para su instalaci\u00f3n.<\/p>\n<div id='gallery-1' class='gallery galleryid-105834 gallery-columns-4 gallery-size-thumbnail'><figure class='gallery-item'>\n\t\t\t<div class='gallery-icon portrait'>\n\t\t\t\t<a href='https:\/\/veredes.es\/blog\/wp-content\/uploads\/2026\/05\/casa-decor-2026-espacio-technogym-ruiz-velazquez-architecture-design-\u00a9-Nacho-Uribesalazar-02.jpg'><img loading=\"lazy\" decoding=\"async\" width=\"120\" height=\"120\" src=\"https:\/\/veredes.es\/blog\/wp-content\/uploads\/2026\/05\/casa-decor-2026-espacio-technogym-ruiz-velazquez-architecture-design-\u00a9-Nacho-Uribesalazar-02-120x120.jpg\" class=\"attachment-thumbnail size-thumbnail\" alt=\"casa-decor-2026-espacio-technogym-ruiz-velazquez-architecture-&amp;-design \u00a9 Nacho Uribesalazar 02\" aria-describedby=\"gallery-1-105838\" \/><\/a>\n\t\t\t<\/div>\n\t\t\t\t<figcaption class='wp-caption-text gallery-caption' id='gallery-1-105838'>\n\t\t\t\tCasa Decor 2026 | Espacio Technogym by Ruiz Vel\u00e1zquez Architecture&#038;Design \u00a9 Nacho Uribesalazar\n\t\t\t\t<\/figcaption><\/figure><figure class='gallery-item'>\n\t\t\t<div class='gallery-icon portrait'>\n\t\t\t\t<a href='https:\/\/veredes.es\/blog\/wp-content\/uploads\/2026\/05\/casa-decor-2026-espacio-technogym-ruiz-velazquez-architecture-design-\u00a9-Nacho-Uribesalazar-03.jpg'><img loading=\"lazy\" decoding=\"async\" width=\"120\" height=\"120\" src=\"https:\/\/veredes.es\/blog\/wp-content\/uploads\/2026\/05\/casa-decor-2026-espacio-technogym-ruiz-velazquez-architecture-design-\u00a9-Nacho-Uribesalazar-03-120x120.jpg\" class=\"attachment-thumbnail size-thumbnail\" alt=\"casa-decor-2026-espacio-technogym-ruiz-velazquez-architecture-&amp;-design \u00a9 Nacho Uribesalazar 03\" aria-describedby=\"gallery-1-105839\" \/><\/a>\n\t\t\t<\/div>\n\t\t\t\t<figcaption class='wp-caption-text gallery-caption' id='gallery-1-105839'>\n\t\t\t\tCasa Decor 2026 | Espacio Technogym by Ruiz Vel\u00e1zquez Architecture&#038;Design \u00a9 Nacho Uribesalazar\n\t\t\t\t<\/figcaption><\/figure><figure class='gallery-item'>\n\t\t\t<div class='gallery-icon portrait'>\n\t\t\t\t<a href='https:\/\/veredes.es\/blog\/wp-content\/uploads\/2026\/05\/casa-decor-2026-espacio-technogym-ruiz-velazquez-architecture-design-\u00a9-Nacho-Uribesalazar-04.jpg'><img loading=\"lazy\" decoding=\"async\" width=\"120\" height=\"120\" src=\"https:\/\/veredes.es\/blog\/wp-content\/uploads\/2026\/05\/casa-decor-2026-espacio-technogym-ruiz-velazquez-architecture-design-\u00a9-Nacho-Uribesalazar-04-120x120.jpg\" class=\"attachment-thumbnail size-thumbnail\" alt=\"casa-decor-2026-espacio-technogym-ruiz-velazquez-architecture-&amp;-design \u00a9 Nacho Uribesalazar 04\" aria-describedby=\"gallery-1-105840\" \/><\/a>\n\t\t\t<\/div>\n\t\t\t\t<figcaption class='wp-caption-text gallery-caption' id='gallery-1-105840'>\n\t\t\t\tCasa Decor 2026 | Espacio Technogym by Ruiz Vel\u00e1zquez Architecture&#038;Design \u00a9 Nacho Uribesalazar\n\t\t\t\t<\/figcaption><\/figure><figure class='gallery-item'>\n\t\t\t<div class='gallery-icon portrait'>\n\t\t\t\t<a href='https:\/\/veredes.es\/blog\/wp-content\/uploads\/2026\/05\/casa-decor-2026-espacio-technogym-ruiz-velazquez-architecture-design-\u00a9-Nacho-Uribesalazar-05.jpg'><img loading=\"lazy\" decoding=\"async\" width=\"120\" height=\"120\" src=\"https:\/\/veredes.es\/blog\/wp-content\/uploads\/2026\/05\/casa-decor-2026-espacio-technogym-ruiz-velazquez-architecture-design-\u00a9-Nacho-Uribesalazar-05-120x120.jpg\" class=\"attachment-thumbnail size-thumbnail\" alt=\"casa-decor-2026-espacio-technogym-ruiz-velazquez-architecture-&amp;-design \u00a9 Nacho Uribesalazar 05\" aria-describedby=\"gallery-1-105841\" \/><\/a>\n\t\t\t<\/div>\n\t\t\t\t<figcaption class='wp-caption-text gallery-caption' id='gallery-1-105841'>\n\t\t\t\tCasa Decor 2026 | Espacio Technogym by Ruiz Vel\u00e1zquez Architecture&#038;Design \u00a9 Nacho Uribesalazar\n\t\t\t\t<\/figcaption><\/figure>\n\t\t<\/div>\n\n<h5 style=\"text-align: justify;\"><strong>Interiorismo y gastronom\u00eda<\/strong><\/h5>\n<p style=\"text-align: justify;\">El restaurante \u00abThe Silent Chapel\u00bb es la propuesta del estudio de Ra\u00fal Martins, que ha dise\u00f1ado este espacio promocional de Iris Ceramica Group con un lenguaje muy depurado. El interiorista destaca la arquitectura original de la capilla del edificio respetando los elementos hist\u00f3ricos, como un espectacular lucernario de cristal y el artesonado de madera de los techos.<\/p>\n<blockquote>\n<p style=\"text-align: justify;\"><em>El restaurante \u201cThe Silent Chapel\u201d de Ra\u00fal Martins utiliza mecanismos LS 1912 en acabado Dark para integrar la tecnolog\u00eda en una arquitectura que respeta la esencia original del edificio.<\/em><\/p>\n<\/blockquote>\n<p style=\"text-align: justify;\">En este restaurante se han instalado con acabados Dark los interruptores de palanca LS 1912 y el controlador de estancia LS TOUCH, cuya \u00faltima actualizaci\u00f3n fue presentada en la pasada edici\u00f3n de Light &amp; Building. El proyecto emplea materiales de apariencia p\u00e9trea para estructurar el entorno. La madera y el trabajo artesanal aportan el contraste natural necesario frente a la dureza del mineral.<\/p>\n<figure id=\"attachment_105843\" aria-describedby=\"caption-attachment-105843\" style=\"width: 1400px\" class=\"wp-caption alignnone\"><img loading=\"lazy\" decoding=\"async\" class=\"size-full wp-image-105843\" src=\"https:\/\/veredes.es\/blog\/wp-content\/uploads\/2026\/05\/casa-decor-2026-salon-sdestudio-phcollection-\u00a9-Lupe-Clemente-01.jpg\" alt=\"casa-decor-2026-salon-sdestudio-phcollection \u00a9 Lupe Clemente 01\" width=\"1400\" height=\"933\" srcset=\"https:\/\/veredes.es\/blog\/wp-content\/uploads\/2026\/05\/casa-decor-2026-salon-sdestudio-phcollection-\u00a9-Lupe-Clemente-01.jpg 1400w, https:\/\/veredes.es\/blog\/wp-content\/uploads\/2026\/05\/casa-decor-2026-salon-sdestudio-phcollection-\u00a9-Lupe-Clemente-01-300x200.jpg 300w, https:\/\/veredes.es\/blog\/wp-content\/uploads\/2026\/05\/casa-decor-2026-salon-sdestudio-phcollection-\u00a9-Lupe-Clemente-01-1024x682.jpg 1024w, https:\/\/veredes.es\/blog\/wp-content\/uploads\/2026\/05\/casa-decor-2026-salon-sdestudio-phcollection-\u00a9-Lupe-Clemente-01-630x420.jpg 630w, https:\/\/veredes.es\/blog\/wp-content\/uploads\/2026\/05\/casa-decor-2026-salon-sdestudio-phcollection-\u00a9-Lupe-Clemente-01-696x464.jpg 696w, https:\/\/veredes.es\/blog\/wp-content\/uploads\/2026\/05\/casa-decor-2026-salon-sdestudio-phcollection-\u00a9-Lupe-Clemente-01-1068x712.jpg 1068w\" sizes=\"auto, (max-width: 1400px) 100vw, 1400px\" \/><figcaption id=\"caption-attachment-105843\" class=\"wp-caption-text\"><span style=\"color: #999999;\">Casa Decor 2026 | Salon by sdestudio PHcollection \u00a9 Lupe Clemente<\/span><\/figcaption><\/figure>\n<p style=\"text-align: justify;\">Otro espacio para el disfrute y la gastronom\u00eda es el sal\u00f3n comedor de S de Studio, <em>\u00abLa vie, chez nous\u00bb,<\/em> dentro del espacio promocional de PH Collection. El dise\u00f1o se inspira en la est\u00e9tica de los a\u00f1os setenta para crear un ambiente de relajaci\u00f3n, con maderas y textiles envolventes que se combinan con patrones geom\u00e9tricos y tonos naranjas y verdes.<\/p>\n<p style=\"text-align: justify;\">En este espacio se han instalado mecanismos LS 990 en el color 32141 (<em>ombre naturelle moyenne<\/em>) de Les Couleurs\u00ae Le Corbusier\u00ae. JUNG es el \u00fanico fabricante del mundo que ofrece mecanismos el\u00e9ctricos en los 63 colores atemporales del ic\u00f3nico arquitecto de origen suizo. Todos los tonos armonizan entre s\u00ed ofreciendo una inmensa variedad de combinaciones.<\/p>\n<div id='gallery-2' class='gallery galleryid-105834 gallery-columns-4 gallery-size-thumbnail'><figure class='gallery-item'>\n\t\t\t<div class='gallery-icon portrait'>\n\t\t\t\t<a href='https:\/\/veredes.es\/blog\/wp-content\/uploads\/2026\/05\/casa-decor-2026-salon-sdestudio-phcollection-\u00a9-Lupe-Clemente-02.jpg'><img loading=\"lazy\" decoding=\"async\" width=\"120\" height=\"120\" src=\"https:\/\/veredes.es\/blog\/wp-content\/uploads\/2026\/05\/casa-decor-2026-salon-sdestudio-phcollection-\u00a9-Lupe-Clemente-02-120x120.jpg\" class=\"attachment-thumbnail size-thumbnail\" alt=\"\" aria-describedby=\"gallery-2-105844\" \/><\/a>\n\t\t\t<\/div>\n\t\t\t\t<figcaption class='wp-caption-text gallery-caption' id='gallery-2-105844'>\n\t\t\t\tCasa Decor 2026 | Salon by sdestudio PHcollection \u00a9 Lupe Clemente \n\t\t\t\t<\/figcaption><\/figure><figure class='gallery-item'>\n\t\t\t<div class='gallery-icon portrait'>\n\t\t\t\t<a href='https:\/\/veredes.es\/blog\/wp-content\/uploads\/2026\/05\/casa-decor-2026-salon-sdestudio-phcollection-\u00a9-Lupe-Clemente-03.jpg'><img loading=\"lazy\" decoding=\"async\" width=\"120\" height=\"120\" src=\"https:\/\/veredes.es\/blog\/wp-content\/uploads\/2026\/05\/casa-decor-2026-salon-sdestudio-phcollection-\u00a9-Lupe-Clemente-03-120x120.jpg\" class=\"attachment-thumbnail size-thumbnail\" alt=\"\" aria-describedby=\"gallery-2-105845\" \/><\/a>\n\t\t\t<\/div>\n\t\t\t\t<figcaption class='wp-caption-text gallery-caption' id='gallery-2-105845'>\n\t\t\t\tCasa Decor 2026 | Salon by sdestudio PHcollection \u00a9 Lupe Clemente \n\t\t\t\t<\/figcaption><\/figure><figure class='gallery-item'>\n\t\t\t<div class='gallery-icon landscape'>\n\t\t\t\t<a href='https:\/\/veredes.es\/blog\/wp-content\/uploads\/2026\/05\/casa-decor-2026-salon-sdestudio-phcollection-\u00a9-Lupe-Clemente-04.jpg'><img loading=\"lazy\" decoding=\"async\" width=\"120\" height=\"120\" src=\"https:\/\/veredes.es\/blog\/wp-content\/uploads\/2026\/05\/casa-decor-2026-salon-sdestudio-phcollection-\u00a9-Lupe-Clemente-04-120x120.jpg\" class=\"attachment-thumbnail size-thumbnail\" alt=\"\" aria-describedby=\"gallery-2-105846\" \/><\/a>\n\t\t\t<\/div>\n\t\t\t\t<figcaption class='wp-caption-text gallery-caption' id='gallery-2-105846'>\n\t\t\t\tCasa Decor 2026 | Salon by sdestudio PHcollection \u00a9 Lupe Clemente \n\t\t\t\t<\/figcaption><\/figure><figure class='gallery-item'>\n\t\t\t<div class='gallery-icon portrait'>\n\t\t\t\t<a href='https:\/\/veredes.es\/blog\/wp-content\/uploads\/2026\/05\/casa-decor-2026-salon-sdestudio-phcollection-\u00a9-Lupe-Clemente-05.jpg'><img loading=\"lazy\" decoding=\"async\" width=\"120\" height=\"120\" src=\"https:\/\/veredes.es\/blog\/wp-content\/uploads\/2026\/05\/casa-decor-2026-salon-sdestudio-phcollection-\u00a9-Lupe-Clemente-05-120x120.jpg\" class=\"attachment-thumbnail size-thumbnail\" alt=\"\" aria-describedby=\"gallery-2-105847\" \/><\/a>\n\t\t\t<\/div>\n\t\t\t\t<figcaption class='wp-caption-text gallery-caption' id='gallery-2-105847'>\n\t\t\t\tCasa Decor 2026 | Salon by sdestudio PHcollection \u00a9 Lupe Clemente \n\t\t\t\t<\/figcaption><\/figure><figure class='gallery-item'>\n\t\t\t<div class='gallery-icon landscape'>\n\t\t\t\t<a href='https:\/\/veredes.es\/blog\/wp-content\/uploads\/2026\/05\/casa-decor-2026-salon-sdestudio-phcollection-\u00a9-Lupe-Clemente-06.jpg'><img loading=\"lazy\" decoding=\"async\" width=\"120\" height=\"120\" src=\"https:\/\/veredes.es\/blog\/wp-content\/uploads\/2026\/05\/casa-decor-2026-salon-sdestudio-phcollection-\u00a9-Lupe-Clemente-06-120x120.jpg\" class=\"attachment-thumbnail size-thumbnail\" alt=\"\" aria-describedby=\"gallery-2-105848\" \/><\/a>\n\t\t\t<\/div>\n\t\t\t\t<figcaption class='wp-caption-text gallery-caption' id='gallery-2-105848'>\n\t\t\t\tCasa Decor 2026 | Salon by sdestudio PHcollection \u00a9 Lupe Clemente \n\t\t\t\t<\/figcaption><\/figure><figure class='gallery-item'>\n\t\t\t<div class='gallery-icon portrait'>\n\t\t\t\t<a href='https:\/\/veredes.es\/blog\/wp-content\/uploads\/2026\/05\/casa-decor-2026-salon-sdestudio-phcollection-\u00a9-Lupe-Clemente-07.jpg'><img loading=\"lazy\" decoding=\"async\" width=\"120\" height=\"120\" src=\"https:\/\/veredes.es\/blog\/wp-content\/uploads\/2026\/05\/casa-decor-2026-salon-sdestudio-phcollection-\u00a9-Lupe-Clemente-07-120x120.jpg\" class=\"attachment-thumbnail size-thumbnail\" alt=\"\" aria-describedby=\"gallery-2-105849\" \/><\/a>\n\t\t\t<\/div>\n\t\t\t\t<figcaption class='wp-caption-text gallery-caption' id='gallery-2-105849'>\n\t\t\t\tCasa Decor 2026 | Salon by sdestudio PHcollection \u00a9 Lupe Clemente \n\t\t\t\t<\/figcaption><\/figure><figure class='gallery-item'>\n\t\t\t<div class='gallery-icon portrait'>\n\t\t\t\t<a href='https:\/\/veredes.es\/blog\/wp-content\/uploads\/2026\/05\/casa-decor-2026-salon-sdestudio-phcollection-\u00a9-Lupe-Clemente-08.jpg'><img loading=\"lazy\" decoding=\"async\" width=\"120\" height=\"120\" src=\"https:\/\/veredes.es\/blog\/wp-content\/uploads\/2026\/05\/casa-decor-2026-salon-sdestudio-phcollection-\u00a9-Lupe-Clemente-08-120x120.jpg\" class=\"attachment-thumbnail size-thumbnail\" alt=\"\" aria-describedby=\"gallery-2-105850\" \/><\/a>\n\t\t\t<\/div>\n\t\t\t\t<figcaption class='wp-caption-text gallery-caption' id='gallery-2-105850'>\n\t\t\t\tCasa Decor 2026 | Salon by sdestudio PHcollection \u00a9 Lupe Clemente \n\t\t\t\t<\/figcaption><\/figure><figure class='gallery-item'>\n\t\t\t<div class='gallery-icon portrait'>\n\t\t\t\t<a href='https:\/\/veredes.es\/blog\/wp-content\/uploads\/2026\/05\/casa-decor-2026-salon-sdestudio-phcollection-\u00a9-Lupe-Clemente-09.jpg'><img loading=\"lazy\" decoding=\"async\" width=\"120\" height=\"120\" src=\"https:\/\/veredes.es\/blog\/wp-content\/uploads\/2026\/05\/casa-decor-2026-salon-sdestudio-phcollection-\u00a9-Lupe-Clemente-09-120x120.jpg\" class=\"attachment-thumbnail size-thumbnail\" alt=\"\" aria-describedby=\"gallery-2-105851\" \/><\/a>\n\t\t\t<\/div>\n\t\t\t\t<figcaption class='wp-caption-text gallery-caption' id='gallery-2-105851'>\n\t\t\t\tCasa Decor 2026 | Salon by sdestudio PHcollection \u00a9 Lupe Clemente \n\t\t\t\t<\/figcaption><\/figure>\n\t\t<\/div>\n\n<h5 style=\"text-align: justify;\"><strong>Dise\u00f1o para una vida sana<\/strong><\/h5>\n<p style=\"text-align: justify;\">Por otro lado, el apartamento \u00abSand Stone. Arquitectura para el cuerpo\u00bb es la instalaci\u00f3n del estudio Ruiz Vel\u00e1zquez Architecture &amp; Design. La vivienda presenta un paisaje interior basado en vol\u00famenes inspirados en la arenisca. Esta topograf\u00eda dom\u00e9stica invita a la persona a recorrer el espacio activamente, convirti\u00e9ndose en una experiencia f\u00edsica que promueve el movimiento y el cuidado del cuerpo.<\/p>\n<blockquote>\n<p style=\"text-align: justify;\"><em>Para su propuesta \u201cSand Stone\u201d, Ruiz Vel\u00e1zquez ha elegido mecanismos el\u00e9ctricos en acero que completan una topograf\u00eda mineral orientada al bienestar f\u00edsico y la salud diaria.<\/em><\/p>\n<\/blockquote>\n<p style=\"text-align: justify;\">Para esta instalaci\u00f3n se han seleccionado los interruptores de palanca LS 1912 en acero, ideales para integrarse en los vol\u00famenes minerales, las texturas c\u00e1lidas y el equipamiento deportivo tecnol\u00f3gico de Technogym, promotor de este espacio en Casa Decor.<\/p>\n<blockquote>\n<p style=\"text-align: justify;\"><em>Impar Design apuesta por el acabado negro mate en teclados y pantallas para su club de fumadores donde la luz filtrada y la artesan\u00eda crean una atm\u00f3sfera sensorial.<\/em><\/p>\n<\/blockquote>\n<figure id=\"attachment_105852\" aria-describedby=\"caption-attachment-105852\" style=\"width: 1400px\" class=\"wp-caption alignnone\"><img loading=\"lazy\" decoding=\"async\" class=\"wp-image-105852 size-full\" title=\"casa-decor-2026-espacio-impar-grupo-impar-design \u00a9 Nacho Uribesalazar 01\" src=\"https:\/\/veredes.es\/blog\/wp-content\/uploads\/2026\/05\/casa-decor-2026-espacio-impar-grupo-impar-design-\u00a9-Nacho-Uribesalazar-01.jpg\" alt=\"casa-decor-2026-espacio-impar-grupo-impar-design \u00a9 Nacho Uribesalazar 01\" width=\"1400\" height=\"933\" srcset=\"https:\/\/veredes.es\/blog\/wp-content\/uploads\/2026\/05\/casa-decor-2026-espacio-impar-grupo-impar-design-\u00a9-Nacho-Uribesalazar-01.jpg 1400w, https:\/\/veredes.es\/blog\/wp-content\/uploads\/2026\/05\/casa-decor-2026-espacio-impar-grupo-impar-design-\u00a9-Nacho-Uribesalazar-01-300x200.jpg 300w, https:\/\/veredes.es\/blog\/wp-content\/uploads\/2026\/05\/casa-decor-2026-espacio-impar-grupo-impar-design-\u00a9-Nacho-Uribesalazar-01-1024x682.jpg 1024w, https:\/\/veredes.es\/blog\/wp-content\/uploads\/2026\/05\/casa-decor-2026-espacio-impar-grupo-impar-design-\u00a9-Nacho-Uribesalazar-01-630x420.jpg 630w, https:\/\/veredes.es\/blog\/wp-content\/uploads\/2026\/05\/casa-decor-2026-espacio-impar-grupo-impar-design-\u00a9-Nacho-Uribesalazar-01-696x464.jpg 696w, https:\/\/veredes.es\/blog\/wp-content\/uploads\/2026\/05\/casa-decor-2026-espacio-impar-grupo-impar-design-\u00a9-Nacho-Uribesalazar-01-1068x712.jpg 1068w\" sizes=\"auto, (max-width: 1400px) 100vw, 1400px\" \/><figcaption id=\"caption-attachment-105852\" class=\"wp-caption-text\"><span style=\"color: #999999;\">Casa Decor 2026 | Espacio Impar | Grupo Impar Design \u00a9 Nacho Uribesalazar<\/span><\/figcaption><\/figure>\n<p style=\"text-align: justify;\">Finalmente \u2014aunque fuera del concepto de \u201cvida sana\u201d\u2014, el club de fumadores \u00abEl viaje del humo\u00bb es la propuesta del estudio Impar Design. Su leitmotiv se inspira en los secaderos de tabaco y en los antiguos <em>fumoirs<\/em> palaciegos del siglo XIX. La estancia cuenta con celos\u00edas que filtran la luz natural para crear atm\u00f3sferas cambiantes, mientras que la madera, los mosaicos y el solado con azulejos se integran con la artesan\u00eda y la arquitectura sensorial.<\/p>\n<blockquote>\n<p style=\"text-align: justify;\"><em>El sal\u00f3n comedor dise\u00f1ado por S de Studio recupera la est\u00e9tica de los a\u00f1os setenta mediante el uso de los colores creados por Le Corbusier en los mecanismos el\u00e9ctricos instalados.<\/em><\/p>\n<\/blockquote>\n<p style=\"text-align: justify;\">Se han incorporado a este espacio el controlador de estancia LS TOUCH y los pulsadores F 50, dise\u00f1ados como unidades de mando multifuncional para el control de la luz, la protecci\u00f3n solar y la temperatura mediante el sistema de automatizaci\u00f3n KNX.<\/p>\n<figure id=\"attachment_105853\" aria-describedby=\"caption-attachment-105853\" style=\"width: 1400px\" class=\"wp-caption alignnone\"><img loading=\"lazy\" decoding=\"async\" class=\"size-full wp-image-105853\" src=\"https:\/\/veredes.es\/blog\/wp-content\/uploads\/2026\/05\/casa-decor-2026-restaurante-iris-ceramica-group-raul-martins-estudio-casa-decor-2026-espacio-impar-grupo-impar-design-\u00a9-Nacho-Uribesalazar-01-1.jpg\" alt=\"casa-decor-2026-restaurante-iris-ceramica-group-raul-martins-estudio casa-decor-2026-espacio-impar-grupo-impar-design \u00a9 Nacho Uribesalazar 01 1\" width=\"1400\" height=\"972\" srcset=\"https:\/\/veredes.es\/blog\/wp-content\/uploads\/2026\/05\/casa-decor-2026-restaurante-iris-ceramica-group-raul-martins-estudio-casa-decor-2026-espacio-impar-grupo-impar-design-\u00a9-Nacho-Uribesalazar-01-1.jpg 1400w, https:\/\/veredes.es\/blog\/wp-content\/uploads\/2026\/05\/casa-decor-2026-restaurante-iris-ceramica-group-raul-martins-estudio-casa-decor-2026-espacio-impar-grupo-impar-design-\u00a9-Nacho-Uribesalazar-01-1-300x208.jpg 300w, https:\/\/veredes.es\/blog\/wp-content\/uploads\/2026\/05\/casa-decor-2026-restaurante-iris-ceramica-group-raul-martins-estudio-casa-decor-2026-espacio-impar-grupo-impar-design-\u00a9-Nacho-Uribesalazar-01-1-1024x711.jpg 1024w, https:\/\/veredes.es\/blog\/wp-content\/uploads\/2026\/05\/casa-decor-2026-restaurante-iris-ceramica-group-raul-martins-estudio-casa-decor-2026-espacio-impar-grupo-impar-design-\u00a9-Nacho-Uribesalazar-01-1-605x420.jpg 605w, https:\/\/veredes.es\/blog\/wp-content\/uploads\/2026\/05\/casa-decor-2026-restaurante-iris-ceramica-group-raul-martins-estudio-casa-decor-2026-espacio-impar-grupo-impar-design-\u00a9-Nacho-Uribesalazar-01-1-218x150.jpg 218w, https:\/\/veredes.es\/blog\/wp-content\/uploads\/2026\/05\/casa-decor-2026-restaurante-iris-ceramica-group-raul-martins-estudio-casa-decor-2026-espacio-impar-grupo-impar-design-\u00a9-Nacho-Uribesalazar-01-1-696x483.jpg 696w, https:\/\/veredes.es\/blog\/wp-content\/uploads\/2026\/05\/casa-decor-2026-restaurante-iris-ceramica-group-raul-martins-estudio-casa-decor-2026-espacio-impar-grupo-impar-design-\u00a9-Nacho-Uribesalazar-01-1-1068x741.jpg 1068w\" sizes=\"auto, (max-width: 1400px) 100vw, 1400px\" \/><figcaption id=\"caption-attachment-105853\" class=\"wp-caption-text\"><span style=\"color: #999999;\">Casa Decor 2026 | Restaurante Iris Cer\u00e1mica Group | Raul Martins \u00a9 Nacho Uribesalazar<\/span><\/figcaption><\/figure>\n<blockquote>\n<p style=\"text-align: justify;\"><em>Las colaboraciones de JUNG en Casa Decor 2026 alcanzan casi una decena de instalaciones adicionales dentro del edificio hist\u00f3rico situado en la madrile\u00f1a calle de San Agust\u00edn.<\/em><\/p>\n<\/blockquote>\n<p style=\"text-align: justify;\">Por \u00faltimo, otros de los espacios en los que tambi\u00e9n est\u00e1n presentes las soluciones de JUNG son \u201cEstratos\u201d de AIA Activitats Arquitect\u00f2niques (espacio de Tarimatec); \u201cSensory Balance\u201d de Estudio DIIR (espacio de Laufen); \u201cIntrospectio Suite\u201d de Estudio Querencia en el espacio de Nais; \u201cWarmest Sun\u201d, de Trimode Studio en el espacio de DEmark Thailand); \u201cAether \u201c de U Interior Design en el espacio de Jacob Delafon; \u201cEl Obrador: cocina, silencio y ritual\u201d, por Viruta Lab en el espacio de Venux) o \u201cKamaleohm\u201d de Viteri \/ Lape\u00f1a (espacio de Strohm), as\u00ed como \u201cDe los sentidos al alma\u201d de Keinzo Interiores y \u201cDos latitudes\u201d de Tarq Studio.<\/p>\n<div id='gallery-3' class='gallery galleryid-105834 gallery-columns-4 gallery-size-thumbnail'><figure class='gallery-item'>\n\t\t\t<div class='gallery-icon portrait'>\n\t\t\t\t<a href='https:\/\/veredes.es\/blog\/wp-content\/uploads\/2026\/05\/casa-decor-2026-restaurante-iris-ceramica-group-raul-martins-estudio-casa-decor-2026-espacio-impar-grupo-impar-design-\u00a9-Nacho-Uribesalazar-01-2.jpg'><img loading=\"lazy\" decoding=\"async\" width=\"120\" height=\"120\" src=\"https:\/\/veredes.es\/blog\/wp-content\/uploads\/2026\/05\/casa-decor-2026-restaurante-iris-ceramica-group-raul-martins-estudio-casa-decor-2026-espacio-impar-grupo-impar-design-\u00a9-Nacho-Uribesalazar-01-2-120x120.jpg\" class=\"attachment-thumbnail size-thumbnail\" alt=\"\" aria-describedby=\"gallery-3-105854\" \/><\/a>\n\t\t\t<\/div>\n\t\t\t\t<figcaption class='wp-caption-text gallery-caption' id='gallery-3-105854'>\n\t\t\t\tCasa Decor 2026 | Restaurante Iris Cer\u00e1mica Group | Raul Martins \u00a9 Nacho Uribesalazar \n\t\t\t\t<\/figcaption><\/figure><figure class='gallery-item'>\n\t\t\t<div class='gallery-icon portrait'>\n\t\t\t\t<a href='https:\/\/veredes.es\/blog\/wp-content\/uploads\/2026\/05\/casa-decor-2026-restaurante-iris-ceramica-group-raul-martins-estudio-casa-decor-2026-espacio-impar-grupo-impar-design-\u00a9-Nacho-Uribesalazar-01-3.jpg'><img loading=\"lazy\" decoding=\"async\" width=\"120\" height=\"120\" src=\"https:\/\/veredes.es\/blog\/wp-content\/uploads\/2026\/05\/casa-decor-2026-restaurante-iris-ceramica-group-raul-martins-estudio-casa-decor-2026-espacio-impar-grupo-impar-design-\u00a9-Nacho-Uribesalazar-01-3-120x120.jpg\" class=\"attachment-thumbnail size-thumbnail\" alt=\"\" aria-describedby=\"gallery-3-105855\" \/><\/a>\n\t\t\t<\/div>\n\t\t\t\t<figcaption class='wp-caption-text gallery-caption' id='gallery-3-105855'>\n\t\t\t\tCasa Decor 2026 | Restaurante Iris Cer\u00e1mica Group | Raul Martins \u00a9 Nacho Uribesalazar \n\t\t\t\t<\/figcaption><\/figure><figure class='gallery-item'>\n\t\t\t<div class='gallery-icon portrait'>\n\t\t\t\t<a href='https:\/\/veredes.es\/blog\/wp-content\/uploads\/2026\/05\/casa-decor-2026-restaurante-iris-ceramica-group-raul-martins-estudio-casa-decor-2026-espacio-impar-grupo-impar-design-\u00a9-Nacho-Uribesalazar-01-4.jpg'><img loading=\"lazy\" decoding=\"async\" width=\"120\" height=\"120\" src=\"https:\/\/veredes.es\/blog\/wp-content\/uploads\/2026\/05\/casa-decor-2026-restaurante-iris-ceramica-group-raul-martins-estudio-casa-decor-2026-espacio-impar-grupo-impar-design-\u00a9-Nacho-Uribesalazar-01-4-120x120.jpg\" class=\"attachment-thumbnail size-thumbnail\" alt=\"\" aria-describedby=\"gallery-3-105856\" \/><\/a>\n\t\t\t<\/div>\n\t\t\t\t<figcaption class='wp-caption-text gallery-caption' id='gallery-3-105856'>\n\t\t\t\tCasa Decor 2026 | Restaurante Iris Cer\u00e1mica Group | Raul Martins \u00a9 Nacho Uribesalazar \n\t\t\t\t<\/figcaption><\/figure><figure class='gallery-item'>\n\t\t\t<div class='gallery-icon portrait'>\n\t\t\t\t<a href='https:\/\/veredes.es\/blog\/wp-content\/uploads\/2026\/05\/casa-decor-2026-restaurante-iris-ceramica-group-raul-martins-estudio-casa-decor-2026-espacio-impar-grupo-impar-design-\u00a9-Nacho-Uribesalazar-01-5.jpg'><img loading=\"lazy\" decoding=\"async\" width=\"120\" height=\"120\" src=\"https:\/\/veredes.es\/blog\/wp-content\/uploads\/2026\/05\/casa-decor-2026-restaurante-iris-ceramica-group-raul-martins-estudio-casa-decor-2026-espacio-impar-grupo-impar-design-\u00a9-Nacho-Uribesalazar-01-5-120x120.jpg\" class=\"attachment-thumbnail size-thumbnail\" alt=\"\" aria-describedby=\"gallery-3-105857\" \/><\/a>\n\t\t\t<\/div>\n\t\t\t\t<figcaption class='wp-caption-text gallery-caption' id='gallery-3-105857'>\n\t\t\t\tCasa Decor 2026 | Restaurante Iris Cer\u00e1mica Group | Raul Martins \u00a9 Nacho Uribesalazar \n\t\t\t\t<\/figcaption><\/figure>\n\t\t<\/div>\n\n","protected":false},"excerpt":{"rendered":"<p>La exposici\u00f3n Casa Decor 2026, que permanecer\u00e1 abierta hasta el pr\u00f3ximo 24 de mayo en el n\u00famero 11 de la madrile\u00f1a calle de San Agust\u00edn, cuenta con la presencia JUNG, fabricante alem\u00e1n de sistemas de automatizaci\u00f3n y mecanismos el\u00e9ctricos, en varios de sus espacios. En ellos pueden verse, de primera mano, los mecanismos de las [&hellip;]<\/p>\n","protected":false},"author":2,"featured_media":105852,"comment_status":"closed","ping_status":"closed","sticky":false,"template":"","format":"standard","meta":{"footnotes":""},"categories":[10089,5951],"tags":[12478,10095,8798,2556,12847,1657,12470,9130,433,2397,12679,1862,7481,535,3291,3127,2100,656,16800,10109,694,2820,716,11750,785,3282,6148,1103],"class_list":{"0":"post-105834","1":"post","2":"type-post","3":"status-publish","4":"format-standard","5":"has-post-thumbnail","7":"category-aparejo","8":"category-slider-principal","9":"tag-aparejo","10":"tag-app","11":"tag-arquitectura-domestica","12":"tag-arquitectura-sostenible","13":"tag-bim","14":"tag-digital","15":"tag-diseno","16":"tag-diseno-domestico","17":"tag-diseno-ordenador","18":"tag-diseno-sostenible","19":"tag-domotica","20":"tag-eficiencia","21":"tag-espacio-domestico","22":"tag-estudiante","23":"tag-etica-de-la-sostenibilidad","24":"tag-formatos-digitales","25":"tag-gestion","26":"tag-guia","27":"tag-gulcin-yilmaz","28":"tag-herramienta","29":"tag-iluminacion","30":"tag-innovacion","31":"tag-instalacion","32":"tag-jung-iberica","33":"tag-le-corbusier","34":"tag-planificacion","35":"tag-procesos-digitales","36":"tag-profesion"},"yoast_head":"<!-- This site is optimized with the Yoast SEO plugin v27.5 - https:\/\/yoast.com\/product\/yoast-seo-wordpress\/ -->\n<title>JUNG integra sus nuevas soluciones de control y dise\u00f1o en Casa Decor 2026 - veredes<\/title>\n<meta name=\"description\" content=\"Toda la informaci\u00f3n sobre: JUNG integra sus nuevas soluciones de control y dise\u00f1o en Casa Decor 2026\" \/>\n<meta name=\"robots\" content=\"index, follow, max-snippet:-1, max-image-preview:large, max-video-preview:-1\" \/>\n<link rel=\"canonical\" href=\"https:\/\/veredes.es\/blog\/jung-integra-sus-nuevas-soluciones-de-control-y-diseno-en-casa-decor-2026\/\" \/>\n<meta property=\"og:locale\" content=\"es_ES\" \/>\n<meta property=\"og:type\" content=\"article\" \/>\n<meta property=\"og:title\" content=\"JUNG integra sus nuevas soluciones de control y dise\u00f1o en Casa Decor 2026 - veredes\" \/>\n<meta property=\"og:description\" content=\"Toda la informaci\u00f3n sobre: JUNG integra sus nuevas soluciones de control y dise\u00f1o en Casa Decor 2026\" \/>\n<meta property=\"og:url\" content=\"https:\/\/veredes.es\/blog\/jung-integra-sus-nuevas-soluciones-de-control-y-diseno-en-casa-decor-2026\/\" \/>\n<meta property=\"og:site_name\" content=\"veredes, arquitectura y divulgaci\u00f3n\" \/>\n<meta property=\"article:publisher\" content=\"https:\/\/www.facebook.com\/veredesArquitecturayDivulgacion\/\" \/>\n<meta property=\"article:author\" content=\"https:\/\/www.facebook.com\/veredesArquitecturayDivulgacion\/\" \/>\n<meta property=\"article:published_time\" content=\"2026-04-29T22:01:54+00:00\" \/>\n<meta property=\"og:image\" content=\"https:\/\/veredes.es\/blog\/wp-content\/uploads\/2026\/05\/casa-decor-2026-espacio-impar-grupo-impar-design-\u00a9-Nacho-Uribesalazar-01.jpg\" \/>\n\t<meta property=\"og:image:width\" content=\"1400\" \/>\n\t<meta property=\"og:image:height\" content=\"933\" \/>\n\t<meta property=\"og:image:type\" content=\"image\/jpeg\" \/>\n<meta name=\"author\" content=\"veredes\" \/>\n<meta name=\"twitter:card\" content=\"summary_large_image\" \/>\n<meta name=\"twitter:creator\" content=\"@https:\/\/twitter.com\/veredes\" \/>\n<meta name=\"twitter:site\" content=\"@veredes\" \/>\n<meta name=\"twitter:label1\" content=\"Escrito por\" \/>\n\t<meta name=\"twitter:data1\" content=\"veredes\" \/>\n\t<meta name=\"twitter:label2\" content=\"Tiempo de lectura\" \/>\n\t<meta name=\"twitter:data2\" content=\"6 minutos\" \/>\n<script type=\"application\/ld+json\" class=\"yoast-schema-graph\">{\"@context\":\"https:\\\/\\\/schema.org\",\"@graph\":[{\"@type\":\"Article\",\"@id\":\"https:\\\/\\\/veredes.es\\\/blog\\\/jung-integra-sus-nuevas-soluciones-de-control-y-diseno-en-casa-decor-2026\\\/#article\",\"isPartOf\":{\"@id\":\"https:\\\/\\\/veredes.es\\\/blog\\\/jung-integra-sus-nuevas-soluciones-de-control-y-diseno-en-casa-decor-2026\\\/\"},\"author\":{\"name\":\"veredes\",\"@id\":\"https:\\\/\\\/veredes.es\\\/blog\\\/#\\\/schema\\\/person\\\/0bbb669073ef7faba5168a0844e93d2c\"},\"headline\":\"JUNG integra sus nuevas soluciones de control y dise\u00f1o en Casa Decor 2026\",\"datePublished\":\"2026-04-29T22:01:54+00:00\",\"mainEntityOfPage\":{\"@id\":\"https:\\\/\\\/veredes.es\\\/blog\\\/jung-integra-sus-nuevas-soluciones-de-control-y-diseno-en-casa-decor-2026\\\/\"},\"wordCount\":1120,\"publisher\":{\"@id\":\"https:\\\/\\\/veredes.es\\\/blog\\\/#organization\"},\"image\":{\"@id\":\"https:\\\/\\\/veredes.es\\\/blog\\\/jung-integra-sus-nuevas-soluciones-de-control-y-diseno-en-casa-decor-2026\\\/#primaryimage\"},\"thumbnailUrl\":\"https:\\\/\\\/veredes.es\\\/blog\\\/wp-content\\\/uploads\\\/2026\\\/05\\\/casa-decor-2026-espacio-impar-grupo-impar-design-\u00a9-Nacho-Uribesalazar-01.jpg\",\"keywords\":[\"aparejo\",\"app\",\"arquitectura dom\u00e9stica\",\"arquitectura sostenible\",\"BIM\",\"digital\",\"dise\u00f1o\",\"dise\u00f1o dom\u00e9stico\",\"dise\u00f1o ordenador\",\"dise\u00f1o sostenible\",\"dom\u00f3tica\",\"eficiencia\",\"espacio dom\u00e9stico\",\"estudiante\",\"\u00e9tica de la sostenibilidad\",\"formatos digitales\",\"gesti\u00f3n\",\"guia\",\"G\u00fcl\u00e7in Yilmaz\",\"herramienta\",\"iluminaci\u00f3n\",\"innovaci\u00f3n\",\"instalaci\u00f3n\",\"Jung Ib\u00e9rica\",\"Le Corbusier\",\"planificacion\",\"procesos digitales\",\"profesi\u00f3n\"],\"articleSection\":[\"aparejo\",\"slider principal\"],\"inLanguage\":\"es\"},{\"@type\":\"WebPage\",\"@id\":\"https:\\\/\\\/veredes.es\\\/blog\\\/jung-integra-sus-nuevas-soluciones-de-control-y-diseno-en-casa-decor-2026\\\/\",\"url\":\"https:\\\/\\\/veredes.es\\\/blog\\\/jung-integra-sus-nuevas-soluciones-de-control-y-diseno-en-casa-decor-2026\\\/\",\"name\":\"JUNG integra sus nuevas soluciones de control y dise\u00f1o en Casa Decor 2026 - veredes\",\"isPartOf\":{\"@id\":\"https:\\\/\\\/veredes.es\\\/blog\\\/#website\"},\"primaryImageOfPage\":{\"@id\":\"https:\\\/\\\/veredes.es\\\/blog\\\/jung-integra-sus-nuevas-soluciones-de-control-y-diseno-en-casa-decor-2026\\\/#primaryimage\"},\"image\":{\"@id\":\"https:\\\/\\\/veredes.es\\\/blog\\\/jung-integra-sus-nuevas-soluciones-de-control-y-diseno-en-casa-decor-2026\\\/#primaryimage\"},\"thumbnailUrl\":\"https:\\\/\\\/veredes.es\\\/blog\\\/wp-content\\\/uploads\\\/2026\\\/05\\\/casa-decor-2026-espacio-impar-grupo-impar-design-\u00a9-Nacho-Uribesalazar-01.jpg\",\"datePublished\":\"2026-04-29T22:01:54+00:00\",\"description\":\"Toda la informaci\u00f3n sobre: JUNG integra sus nuevas soluciones de control y dise\u00f1o en Casa Decor 2026\",\"breadcrumb\":{\"@id\":\"https:\\\/\\\/veredes.es\\\/blog\\\/jung-integra-sus-nuevas-soluciones-de-control-y-diseno-en-casa-decor-2026\\\/#breadcrumb\"},\"inLanguage\":\"es\",\"potentialAction\":[{\"@type\":\"ReadAction\",\"target\":[\"https:\\\/\\\/veredes.es\\\/blog\\\/jung-integra-sus-nuevas-soluciones-de-control-y-diseno-en-casa-decor-2026\\\/\"]}]},{\"@type\":\"ImageObject\",\"inLanguage\":\"es\",\"@id\":\"https:\\\/\\\/veredes.es\\\/blog\\\/jung-integra-sus-nuevas-soluciones-de-control-y-diseno-en-casa-decor-2026\\\/#primaryimage\",\"url\":\"https:\\\/\\\/veredes.es\\\/blog\\\/wp-content\\\/uploads\\\/2026\\\/05\\\/casa-decor-2026-espacio-impar-grupo-impar-design-\u00a9-Nacho-Uribesalazar-01.jpg\",\"contentUrl\":\"https:\\\/\\\/veredes.es\\\/blog\\\/wp-content\\\/uploads\\\/2026\\\/05\\\/casa-decor-2026-espacio-impar-grupo-impar-design-\u00a9-Nacho-Uribesalazar-01.jpg\",\"width\":1400,\"height\":933,\"caption\":\"Casa Decor 2026 | Espacio Impar | Grupo Impar Design \u00a9 Nacho Uribesalazar\"},{\"@type\":\"BreadcrumbList\",\"@id\":\"https:\\\/\\\/veredes.es\\\/blog\\\/jung-integra-sus-nuevas-soluciones-de-control-y-diseno-en-casa-decor-2026\\\/#breadcrumb\",\"itemListElement\":[{\"@type\":\"ListItem\",\"position\":1,\"name\":\"Portada\",\"item\":\"https:\\\/\\\/veredes.es\\\/blog\\\/\"},{\"@type\":\"ListItem\",\"position\":2,\"name\":\"JUNG integra sus nuevas soluciones de control y dise\u00f1o en Casa Decor 2026\"}]},{\"@type\":\"WebSite\",\"@id\":\"https:\\\/\\\/veredes.es\\\/blog\\\/#website\",\"url\":\"https:\\\/\\\/veredes.es\\\/blog\\\/\",\"name\":\"veredes, arquitectura y divulgaci\u00f3n\",\"description\":\"veredes\",\"publisher\":{\"@id\":\"https:\\\/\\\/veredes.es\\\/blog\\\/#organization\"},\"alternateName\":\"veredes\",\"potentialAction\":[{\"@type\":\"SearchAction\",\"target\":{\"@type\":\"EntryPoint\",\"urlTemplate\":\"https:\\\/\\\/veredes.es\\\/blog\\\/?s={search_term_string}\"},\"query-input\":{\"@type\":\"PropertyValueSpecification\",\"valueRequired\":true,\"valueName\":\"search_term_string\"}}],\"inLanguage\":\"es\"},{\"@type\":\"Organization\",\"@id\":\"https:\\\/\\\/veredes.es\\\/blog\\\/#organization\",\"name\":\"veredes, arquitectura y divulgaci\u00f3n\",\"alternateName\":\"veredes\",\"url\":\"https:\\\/\\\/veredes.es\\\/blog\\\/\",\"logo\":{\"@type\":\"ImageObject\",\"inLanguage\":\"es\",\"@id\":\"https:\\\/\\\/veredes.es\\\/blog\\\/#\\\/schema\\\/logo\\\/image\\\/\",\"url\":\"https:\\\/\\\/veredes.es\\\/blog\\\/wp-content\\\/uploads\\\/2021\\\/12\\\/veredes-logo-centrado_140x54.png\",\"contentUrl\":\"https:\\\/\\\/veredes.es\\\/blog\\\/wp-content\\\/uploads\\\/2021\\\/12\\\/veredes-logo-centrado_140x54.png\",\"width\":140,\"height\":54,\"caption\":\"veredes, arquitectura y divulgaci\u00f3n\"},\"image\":{\"@id\":\"https:\\\/\\\/veredes.es\\\/blog\\\/#\\\/schema\\\/logo\\\/image\\\/\"},\"sameAs\":[\"https:\\\/\\\/www.facebook.com\\\/veredesArquitecturayDivulgacion\\\/\",\"https:\\\/\\\/x.com\\\/veredes\",\"https:\\\/\\\/instagram.com\\\/veredes\\\/\",\"https:\\\/\\\/www.linkedin.com\\\/company\\\/veredes-arquitectura-y-divulgacion\\\/\",\"https:\\\/\\\/es.pinterest.com\\\/veredes\\\/\",\"https:\\\/\\\/www.tumblr.com\\\/veredes\"]},{\"@type\":\"Person\",\"@id\":\"https:\\\/\\\/veredes.es\\\/blog\\\/#\\\/schema\\\/person\\\/0bbb669073ef7faba5168a0844e93d2c\",\"name\":\"veredes\",\"image\":{\"@type\":\"ImageObject\",\"inLanguage\":\"es\",\"@id\":\"https:\\\/\\\/veredes.es\\\/blog\\\/wp-content\\\/uploads\\\/2018\\\/04\\\/face-96x96.jpg\",\"url\":\"https:\\\/\\\/veredes.es\\\/blog\\\/wp-content\\\/uploads\\\/2018\\\/04\\\/face-96x96.jpg\",\"contentUrl\":\"https:\\\/\\\/veredes.es\\\/blog\\\/wp-content\\\/uploads\\\/2018\\\/04\\\/face-96x96.jpg\",\"caption\":\"veredes\"},\"description\":\"Surge enero de 2009 como b\u00fasqueda de satisfacer el conocimiento de la actividad arquitect\u00f3nica y tangentes que se generan. La idea es crear un espacio para divulgar los diversos proyectos en busca de nueva inspiraci\u00f3n y de intercambio.\",\"sameAs\":[\"https:\\\/\\\/veredes.es\\\/\",\"https:\\\/\\\/www.facebook.com\\\/veredesArquitecturayDivulgacion\\\/\",\"https:\\\/\\\/www.instagram.com\\\/veredes\\\/\",\"https:\\\/\\\/www.linkedin.com\\\/company\\\/veredes-arquitectura-y-divulgacion\\\/\",\"https:\\\/\\\/www.pinterest.es\\\/veredes\\\/\",\"https:\\\/\\\/x.com\\\/https:\\\/\\\/twitter.com\\\/veredes\",\"https:\\\/\\\/veredes.tumblr.com\\\/\"],\"url\":\"https:\\\/\\\/veredes.es\\\/blog\\\/author\\\/alberto\\\/\"}]}<\/script>\n<!-- \/ Yoast SEO plugin. -->","yoast_head_json":{"title":"JUNG integra sus nuevas soluciones de control y dise\u00f1o en Casa Decor 2026 - veredes","description":"Toda la informaci\u00f3n sobre: JUNG integra sus nuevas soluciones de control y dise\u00f1o en Casa Decor 2026","robots":{"index":"index","follow":"follow","max-snippet":"max-snippet:-1","max-image-preview":"max-image-preview:large","max-video-preview":"max-video-preview:-1"},"canonical":"https:\/\/veredes.es\/blog\/jung-integra-sus-nuevas-soluciones-de-control-y-diseno-en-casa-decor-2026\/","og_locale":"es_ES","og_type":"article","og_title":"JUNG integra sus nuevas soluciones de control y dise\u00f1o en Casa Decor 2026 - veredes","og_description":"Toda la informaci\u00f3n sobre: JUNG integra sus nuevas soluciones de control y dise\u00f1o en Casa Decor 2026","og_url":"https:\/\/veredes.es\/blog\/jung-integra-sus-nuevas-soluciones-de-control-y-diseno-en-casa-decor-2026\/","og_site_name":"veredes, arquitectura y divulgaci\u00f3n","article_publisher":"https:\/\/www.facebook.com\/veredesArquitecturayDivulgacion\/","article_author":"https:\/\/www.facebook.com\/veredesArquitecturayDivulgacion\/","article_published_time":"2026-04-29T22:01:54+00:00","og_image":[{"width":1400,"height":933,"url":"https:\/\/veredes.es\/blog\/wp-content\/uploads\/2026\/05\/casa-decor-2026-espacio-impar-grupo-impar-design-\u00a9-Nacho-Uribesalazar-01.jpg","type":"image\/jpeg"}],"author":"veredes","twitter_card":"summary_large_image","twitter_creator":"@https:\/\/twitter.com\/veredes","twitter_site":"@veredes","twitter_misc":{"Escrito por":"veredes","Tiempo de lectura":"6 minutos"},"schema":{"@context":"https:\/\/schema.org","@graph":[{"@type":"Article","@id":"https:\/\/veredes.es\/blog\/jung-integra-sus-nuevas-soluciones-de-control-y-diseno-en-casa-decor-2026\/#article","isPartOf":{"@id":"https:\/\/veredes.es\/blog\/jung-integra-sus-nuevas-soluciones-de-control-y-diseno-en-casa-decor-2026\/"},"author":{"name":"veredes","@id":"https:\/\/veredes.es\/blog\/#\/schema\/person\/0bbb669073ef7faba5168a0844e93d2c"},"headline":"JUNG integra sus nuevas soluciones de control y dise\u00f1o en Casa Decor 2026","datePublished":"2026-04-29T22:01:54+00:00","mainEntityOfPage":{"@id":"https:\/\/veredes.es\/blog\/jung-integra-sus-nuevas-soluciones-de-control-y-diseno-en-casa-decor-2026\/"},"wordCount":1120,"publisher":{"@id":"https:\/\/veredes.es\/blog\/#organization"},"image":{"@id":"https:\/\/veredes.es\/blog\/jung-integra-sus-nuevas-soluciones-de-control-y-diseno-en-casa-decor-2026\/#primaryimage"},"thumbnailUrl":"https:\/\/veredes.es\/blog\/wp-content\/uploads\/2026\/05\/casa-decor-2026-espacio-impar-grupo-impar-design-\u00a9-Nacho-Uribesalazar-01.jpg","keywords":["aparejo","app","arquitectura dom\u00e9stica","arquitectura sostenible","BIM","digital","dise\u00f1o","dise\u00f1o dom\u00e9stico","dise\u00f1o ordenador","dise\u00f1o sostenible","dom\u00f3tica","eficiencia","espacio dom\u00e9stico","estudiante","\u00e9tica de la sostenibilidad","formatos digitales","gesti\u00f3n","guia","G\u00fcl\u00e7in Yilmaz","herramienta","iluminaci\u00f3n","innovaci\u00f3n","instalaci\u00f3n","Jung Ib\u00e9rica","Le Corbusier","planificacion","procesos digitales","profesi\u00f3n"],"articleSection":["aparejo","slider principal"],"inLanguage":"es"},{"@type":"WebPage","@id":"https:\/\/veredes.es\/blog\/jung-integra-sus-nuevas-soluciones-de-control-y-diseno-en-casa-decor-2026\/","url":"https:\/\/veredes.es\/blog\/jung-integra-sus-nuevas-soluciones-de-control-y-diseno-en-casa-decor-2026\/","name":"JUNG integra sus nuevas soluciones de control y dise\u00f1o en Casa Decor 2026 - veredes","isPartOf":{"@id":"https:\/\/veredes.es\/blog\/#website"},"primaryImageOfPage":{"@id":"https:\/\/veredes.es\/blog\/jung-integra-sus-nuevas-soluciones-de-control-y-diseno-en-casa-decor-2026\/#primaryimage"},"image":{"@id":"https:\/\/veredes.es\/blog\/jung-integra-sus-nuevas-soluciones-de-control-y-diseno-en-casa-decor-2026\/#primaryimage"},"thumbnailUrl":"https:\/\/veredes.es\/blog\/wp-content\/uploads\/2026\/05\/casa-decor-2026-espacio-impar-grupo-impar-design-\u00a9-Nacho-Uribesalazar-01.jpg","datePublished":"2026-04-29T22:01:54+00:00","description":"Toda la informaci\u00f3n sobre: JUNG integra sus nuevas soluciones de control y dise\u00f1o en Casa Decor 2026","breadcrumb":{"@id":"https:\/\/veredes.es\/blog\/jung-integra-sus-nuevas-soluciones-de-control-y-diseno-en-casa-decor-2026\/#breadcrumb"},"inLanguage":"es","potentialAction":[{"@type":"ReadAction","target":["https:\/\/veredes.es\/blog\/jung-integra-sus-nuevas-soluciones-de-control-y-diseno-en-casa-decor-2026\/"]}]},{"@type":"ImageObject","inLanguage":"es","@id":"https:\/\/veredes.es\/blog\/jung-integra-sus-nuevas-soluciones-de-control-y-diseno-en-casa-decor-2026\/#primaryimage","url":"https:\/\/veredes.es\/blog\/wp-content\/uploads\/2026\/05\/casa-decor-2026-espacio-impar-grupo-impar-design-\u00a9-Nacho-Uribesalazar-01.jpg","contentUrl":"https:\/\/veredes.es\/blog\/wp-content\/uploads\/2026\/05\/casa-decor-2026-espacio-impar-grupo-impar-design-\u00a9-Nacho-Uribesalazar-01.jpg","width":1400,"height":933,"caption":"Casa Decor 2026 | Espacio Impar | Grupo Impar Design \u00a9 Nacho Uribesalazar"},{"@type":"BreadcrumbList","@id":"https:\/\/veredes.es\/blog\/jung-integra-sus-nuevas-soluciones-de-control-y-diseno-en-casa-decor-2026\/#breadcrumb","itemListElement":[{"@type":"ListItem","position":1,"name":"Portada","item":"https:\/\/veredes.es\/blog\/"},{"@type":"ListItem","position":2,"name":"JUNG integra sus nuevas soluciones de control y dise\u00f1o en Casa Decor 2026"}]},{"@type":"WebSite","@id":"https:\/\/veredes.es\/blog\/#website","url":"https:\/\/veredes.es\/blog\/","name":"veredes, arquitectura y divulgaci\u00f3n","description":"veredes","publisher":{"@id":"https:\/\/veredes.es\/blog\/#organization"},"alternateName":"veredes","potentialAction":[{"@type":"SearchAction","target":{"@type":"EntryPoint","urlTemplate":"https:\/\/veredes.es\/blog\/?s={search_term_string}"},"query-input":{"@type":"PropertyValueSpecification","valueRequired":true,"valueName":"search_term_string"}}],"inLanguage":"es"},{"@type":"Organization","@id":"https:\/\/veredes.es\/blog\/#organization","name":"veredes, arquitectura y divulgaci\u00f3n","alternateName":"veredes","url":"https:\/\/veredes.es\/blog\/","logo":{"@type":"ImageObject","inLanguage":"es","@id":"https:\/\/veredes.es\/blog\/#\/schema\/logo\/image\/","url":"https:\/\/veredes.es\/blog\/wp-content\/uploads\/2021\/12\/veredes-logo-centrado_140x54.png","contentUrl":"https:\/\/veredes.es\/blog\/wp-content\/uploads\/2021\/12\/veredes-logo-centrado_140x54.png","width":140,"height":54,"caption":"veredes, arquitectura y divulgaci\u00f3n"},"image":{"@id":"https:\/\/veredes.es\/blog\/#\/schema\/logo\/image\/"},"sameAs":["https:\/\/www.facebook.com\/veredesArquitecturayDivulgacion\/","https:\/\/x.com\/veredes","https:\/\/instagram.com\/veredes\/","https:\/\/www.linkedin.com\/company\/veredes-arquitectura-y-divulgacion\/","https:\/\/es.pinterest.com\/veredes\/","https:\/\/www.tumblr.com\/veredes"]},{"@type":"Person","@id":"https:\/\/veredes.es\/blog\/#\/schema\/person\/0bbb669073ef7faba5168a0844e93d2c","name":"veredes","image":{"@type":"ImageObject","inLanguage":"es","@id":"https:\/\/veredes.es\/blog\/wp-content\/uploads\/2018\/04\/face-96x96.jpg","url":"https:\/\/veredes.es\/blog\/wp-content\/uploads\/2018\/04\/face-96x96.jpg","contentUrl":"https:\/\/veredes.es\/blog\/wp-content\/uploads\/2018\/04\/face-96x96.jpg","caption":"veredes"},"description":"Surge enero de 2009 como b\u00fasqueda de satisfacer el conocimiento de la actividad arquitect\u00f3nica y tangentes que se generan. La idea es crear un espacio para divulgar los diversos proyectos en busca de nueva inspiraci\u00f3n y de intercambio.","sameAs":["https:\/\/veredes.es\/","https:\/\/www.facebook.com\/veredesArquitecturayDivulgacion\/","https:\/\/www.instagram.com\/veredes\/","https:\/\/www.linkedin.com\/company\/veredes-arquitectura-y-divulgacion\/","https:\/\/www.pinterest.es\/veredes\/","https:\/\/x.com\/https:\/\/twitter.com\/veredes","https:\/\/veredes.tumblr.com\/"],"url":"https:\/\/veredes.es\/blog\/author\/alberto\/"}]}},"_links":{"self":[{"href":"https:\/\/veredes.es\/blog\/wp-json\/wp\/v2\/posts\/105834","targetHints":{"allow":["GET"]}}],"collection":[{"href":"https:\/\/veredes.es\/blog\/wp-json\/wp\/v2\/posts"}],"about":[{"href":"https:\/\/veredes.es\/blog\/wp-json\/wp\/v2\/types\/post"}],"author":[{"embeddable":true,"href":"https:\/\/veredes.es\/blog\/wp-json\/wp\/v2\/users\/2"}],"replies":[{"embeddable":true,"href":"https:\/\/veredes.es\/blog\/wp-json\/wp\/v2\/comments?post=105834"}],"version-history":[{"count":5,"href":"https:\/\/veredes.es\/blog\/wp-json\/wp\/v2\/posts\/105834\/revisions"}],"predecessor-version":[{"id":105859,"href":"https:\/\/veredes.es\/blog\/wp-json\/wp\/v2\/posts\/105834\/revisions\/105859"}],"wp:featuredmedia":[{"embeddable":true,"href":"https:\/\/veredes.es\/blog\/wp-json\/wp\/v2\/media\/105852"}],"wp:attachment":[{"href":"https:\/\/veredes.es\/blog\/wp-json\/wp\/v2\/media?parent=105834"}],"wp:term":[{"taxonomy":"category","embeddable":true,"href":"https:\/\/veredes.es\/blog\/wp-json\/wp\/v2\/categories?post=105834"},{"taxonomy":"post_tag","embeddable":true,"href":"https:\/\/veredes.es\/blog\/wp-json\/wp\/v2\/tags?post=105834"}],"curies":[{"name":"wp","href":"https:\/\/api.w.org\/{rel}","templated":true}]}}