{"id":105714,"date":"2026-04-28T00:01:09","date_gmt":"2026-04-27T22:01:09","guid":{"rendered":"https:\/\/veredes.es\/blog\/?p=105714"},"modified":"2026-04-28T14:30:50","modified_gmt":"2026-04-28T12:30:50","slug":"textos-graficos-ii-expresiones-territorios-y-proyecto","status":"publish","type":"post","link":"https:\/\/veredes.es\/blog\/textos-graficos-ii-expresiones-territorios-y-proyecto\/","title":{"rendered":"Textos gr\u00e1ficos II: Expresiones, territorios y proyecto"},"content":{"rendered":"<figure id=\"attachment_105716\" aria-describedby=\"caption-attachment-105716\" style=\"width: 772px\" class=\"wp-caption alignnone\"><img loading=\"lazy\" decoding=\"async\" class=\"wp-image-105716 size-full\" title=\"Textos gr\u00e1ficos II Expresiones, territorios y proyecto Miguel Mart\u00ednez-Monedero\" src=\"https:\/\/veredes.es\/blog\/wp-content\/uploads\/2026\/04\/Textos-graficos-II-Expresiones-territorios-y-proyecto-Miguel-Martinez-Monedero.jpg\" alt=\"Textos gr\u00e1ficos II Expresiones, territorios y proyecto Miguel Mart\u00ednez-Monedero\" width=\"772\" height=\"1080\" srcset=\"https:\/\/veredes.es\/blog\/wp-content\/uploads\/2026\/04\/Textos-graficos-II-Expresiones-territorios-y-proyecto-Miguel-Martinez-Monedero.jpg 772w, https:\/\/veredes.es\/blog\/wp-content\/uploads\/2026\/04\/Textos-graficos-II-Expresiones-territorios-y-proyecto-Miguel-Martinez-Monedero-214x300.jpg 214w, https:\/\/veredes.es\/blog\/wp-content\/uploads\/2026\/04\/Textos-graficos-II-Expresiones-territorios-y-proyecto-Miguel-Martinez-Monedero-732x1024.jpg 732w, https:\/\/veredes.es\/blog\/wp-content\/uploads\/2026\/04\/Textos-graficos-II-Expresiones-territorios-y-proyecto-Miguel-Martinez-Monedero-300x420.jpg 300w, https:\/\/veredes.es\/blog\/wp-content\/uploads\/2026\/04\/Textos-graficos-II-Expresiones-territorios-y-proyecto-Miguel-Martinez-Monedero-696x974.jpg 696w\" sizes=\"auto, (max-width: 772px) 100vw, 772px\" \/><figcaption id=\"caption-attachment-105716\" class=\"wp-caption-text\">Textos gr\u00e1ficos II Expresiones, territorios y proyecto | Miguel Mart\u00ednez-Monedero<\/figcaption><\/figure>\n<p class=\"p1\" style=\"text-align: justify;\"><span class=\"s1\"><a href=\"https:\/\/amzn.to\/4tNuw1B\" target=\"_blank\" rel=\"noopener\"><i>Textos gr\u00e1ficos II<\/i><\/a>\u00a0contin\u00faa la l\u00ednea de su predecesor,\u00a0<a href=\"https:\/\/amzn.to\/4sSk0FV\" target=\"_blank\" rel=\"noopener\"><i>Textos gr\u00e1ficos<\/i><\/a>\u00a0(Ediciones Asim\u00e9tricas, 2024), en su voluntad de reunir textos de investigaci\u00f3n de \u00e1reas de conocimiento afines a la expresi\u00f3n gr\u00e1fica y los proyectos arquitect\u00f3nicos. Esta vez son diecisiete aportaciones de treinta y cinco autores que se sirven de la expresi\u00f3n gr\u00e1fica y escrita para trazar una investigaci\u00f3n armada desde la palabra y el dibujo, como argumentos de transferencia de conocimiento a la sociedad.<\/span><\/p>\n<p class=\"p1\" style=\"text-align: justify;\">Poner palabras a lo que los arquitectos transmiten habitualmente a trav\u00e9s de im\u00e1genes y dibujos es una dificultad propia al mundo acad\u00e9mico en su intenci\u00f3n de divulgar conocimiento. A trav\u00e9s de planos, cartograf\u00edas, im\u00e1genes, dibujos, figuras y otros argumentos visuales se refrenda y amplia el significado de lo textual. De manera que estos\u00a0<i>Textos gr\u00e1ficos<\/i>\u00a0acaban siendo una manera muy particular de afrontar la divulgaci\u00f3n de esta investigaci\u00f3n.<\/p>\n<p class=\"p1\" style=\"text-align: justify;\">Agrupados alrededor de tres tem\u00e1ticas: Expresiones, Territorios y Proyecto,\u00a0<i>Textos gr\u00e1ficos II\u00a0<\/i>propone una transversalidad en la que el lector podr\u00e1 encontrar un intenso crisol de pensamiento cr\u00edtico y contempor\u00e1neo de arquitectura.<\/p>\n<h5 style=\"text-align: justify;\"><strong>Miguel Mart\u00ednez-Monedero<\/strong><\/h5>\n<p style=\"text-align: justify;\">Profesor Titular de Proyectos Arquitect\u00f3nicos de la ETS de Arquitectura de la UGR, en donde imparte docencia desde 2005. Dirige el Grupo de investigaci\u00f3n HUM-1056 Proyecto Arquitect\u00f3nico y Patrimonio Cultural, de la Junta de Andaluc\u00eda. Ha realizado estancias de investigaci\u00f3n en las universidades de Roma, Par\u00eds, M\u00fanich y Berl\u00edn. Su labor acad\u00e9mica la simultanea con encargos profesionales que mantienen un compromiso con la investigaci\u00f3n aplicada, en la voluntad de transferir conocimiento a la sociedad. Autor de diversas patentes y modelos de utilidad que combinan arquitectura y ecolog\u00eda urbana, ha proyectado y construido la Ampliaci\u00f3n del Centro de Investigaci\u00f3n Biom\u00e9dica, el Instituto Internacional de Flebolog\u00eda, ambos en Granada, el Centro de Educaci\u00f3n Infantil y Primaria en Villarcayo (Burgos) y la restauraci\u00f3n de la Ermita rom\u00e1nica de San Miguel de Sacramenia (Segovia), entre otros.\n<\/p>\n<h5 style=\"text-align: justify;\"><span class=\"s1\"><strong>TEXTOS<\/strong><\/span><\/h5>\n<p style=\"text-align: justify;\"><span class=\"s1\">Elisa Valero Ramos \/ Juan Domingo Santos \/ Boris Aparicio-Tejido \/ Eusebio Alonso-Garc\u00eda \/ Jairo Rodr\u00edguez-Andr\u00e9s \/ Jes\u00fas de los Ojos Moral \/ Manuel Fern\u00e1ndez Catalina \/ Ana Mu\u00f1oz-L\u00f3pez \/ Fernando Zapara\u00edn Hern\u00e1ndez \/ Jorge Ramos Jular \/ Paloma Baquero Masats \/ Juan Antonio Serrano Garc\u00eda \/ Fernando Osuna-P\u00e9rez \/ Jos\u00e9 Francisco Garc\u00eda-S\u00e1nchez \/ \u00c1lvaro P\u00e9rez-Garc\u00eda \/ Julio Calvo Serrano \/ Carlos Malag\u00f3n Luesma \/ Jes\u00fas Rodr\u00edguez Bulnes \/ Adelaida Mart\u00edn Mart\u00edn \/ David Hidalgo Garc\u00eda \/ Juli\u00e1n Arco D\u00edaz \/ Ubaldo Garc\u00eda Torrente \/ Jaime Vergara-Mu\u00f1oz \/ Antonio Cayuelas Porras \/ Miguel Mart\u00ednez-Monedero \/ Tom\u00e1s Garc\u00eda P\u00edriz \/ Mario Mart\u00ednez Santoyo \/ Alba Jim\u00e9nez Navas \/ Ignacio de Teresa Fern\u00e1ndez-Casas \/ Alejandro Jes\u00fas Gonz\u00e1lez Cruz \/Juan Carlos Bamba Vicente \/ Roser Mart\u00ednez Ramos e Iruela \/ Juan Garc\u00eda Nofuentes \/ Jorge Molinero S\u00e1nchez \/ Alejandro Mu\u00f1oz Miranda.\u00a0<\/span><\/p>\n","protected":false},"excerpt":{"rendered":"<p>Textos gr\u00e1ficos II\u00a0contin\u00faa la l\u00ednea de su predecesor,\u00a0Textos gr\u00e1ficos\u00a0(Ediciones Asim\u00e9tricas, 2024), en su voluntad de reunir textos de investigaci\u00f3n de \u00e1reas de conocimiento afines a la expresi\u00f3n gr\u00e1fica y los proyectos arquitect\u00f3nicos. Esta vez son diecisiete aportaciones de treinta y cinco autores que se sirven de la expresi\u00f3n gr\u00e1fica y escrita para trazar una investigaci\u00f3n [&hellip;]<\/p>\n","protected":false},"author":2,"featured_media":105716,"comment_status":"open","ping_status":"closed","sticky":false,"template":"","format":"standard","meta":{"footnotes":""},"categories":[794,26],"tags":[18382,17689,18387,18392,18378,18374,18385,18369,18380,18383,9387,6593,18370,558,18377,18375,18386,13312,18371,18372,18381,18391,18376,15161,5516,18388,1550,18390,18384,18379,12205,18373,17690,13311,5517,1113,1120,18389,1278,2048,1286,17443,17444],"class_list":{"0":"post-105714","1":"post","2":"type-post","3":"status-publish","4":"format-standard","5":"has-post-thumbnail","7":"category-libros","8":"category-publicaciones","9":"tag-adelaida-martin-martin","10":"tag-alba-jimenez-navas","11":"tag-alejandro-jesus-gonzalez-cruz","12":"tag-alejandro-munoz-miranda","13":"tag-alvaro-perez-garcia","14":"tag-ana-munoz-lopez","15":"tag-antonio-cayuelas-porras","16":"tag-boris-aparicio-tejido","17":"tag-carlos-malagon-luesma","18":"tag-david-hidalgo-garcia","19":"tag-ediciones-asimetricas","20":"tag-elisa-valero","21":"tag-eusebio-alonso-garcia","22":"tag-expresion","23":"tag-fernando-osuna-perez","24":"tag-fernando-zaparain-hernandez","25":"tag-ignacio-de-teresa-fernandez-casas","26":"tag-jaime-vergara-munoz","27":"tag-jairo-rodriguez-andres","28":"tag-jesus-de-los-ojos-moral","29":"tag-jesus-rodriguez-bulnes","30":"tag-jorge-molinero-sanchez","31":"tag-jorge-ramos-jular","32":"tag-jose-francisco-garcia-sanchez","33":"tag-juan-antonio-serrano-garcia","34":"tag-juan-carlos-bamba-vicente","35":"tag-juan-domingo-santos","36":"tag-juan-garcia-nofuentes","37":"tag-julian-arco-diaz","38":"tag-julio-calvo-serrano","39":"tag-libro","40":"tag-manuel-fernandez-catalina","41":"tag-mario-martinez-santoyo","42":"tag-miguel-martinez-monedero","43":"tag-paloma-baquero-masats","44":"tag-proyecto","45":"tag-publicacion","46":"tag-roser-martinez-ramos-e-iruela","47":"tag-teoria","48":"tag-teoria-e-historia","49":"tag-territorio","50":"tag-tomas-garcia-piriz","51":"tag-ubaldo-garcia-torrente"},"yoast_head":"<!-- This site is optimized with the Yoast SEO plugin v27.4 - https:\/\/yoast.com\/product\/yoast-seo-wordpress\/ -->\n<title>Textos gr\u00e1ficos II: Expresiones, territorios y proyecto - veredes<\/title>\n<meta name=\"description\" content=\"Toda la informaci\u00f3n sobre: Textos gr\u00e1ficos II: Expresiones, territorios y proyecto\" \/>\n<meta name=\"robots\" content=\"index, follow, max-snippet:-1, max-image-preview:large, max-video-preview:-1\" \/>\n<link rel=\"canonical\" href=\"https:\/\/veredes.es\/blog\/textos-graficos-ii-expresiones-territorios-y-proyecto\/\" \/>\n<meta property=\"og:locale\" content=\"es_ES\" \/>\n<meta property=\"og:type\" content=\"article\" \/>\n<meta property=\"og:title\" content=\"Textos gr\u00e1ficos II: Expresiones, territorios y proyecto - veredes\" \/>\n<meta property=\"og:description\" content=\"Toda la informaci\u00f3n sobre: Textos gr\u00e1ficos II: Expresiones, territorios y proyecto\" \/>\n<meta property=\"og:url\" content=\"https:\/\/veredes.es\/blog\/textos-graficos-ii-expresiones-territorios-y-proyecto\/\" \/>\n<meta property=\"og:site_name\" content=\"veredes, arquitectura y divulgaci\u00f3n\" \/>\n<meta property=\"article:publisher\" content=\"https:\/\/www.facebook.com\/veredesArquitecturayDivulgacion\/\" \/>\n<meta property=\"article:author\" content=\"https:\/\/www.facebook.com\/veredesArquitecturayDivulgacion\/\" \/>\n<meta property=\"article:published_time\" content=\"2026-04-27T22:01:09+00:00\" \/>\n<meta property=\"article:modified_time\" content=\"2026-04-28T12:30:50+00:00\" \/>\n<meta property=\"og:image\" content=\"https:\/\/veredes.es\/blog\/wp-content\/uploads\/2026\/04\/Textos-graficos-II-Expresiones-territorios-y-proyecto-Miguel-Martinez-Monedero.jpg\" \/>\n\t<meta property=\"og:image:width\" content=\"772\" \/>\n\t<meta property=\"og:image:height\" content=\"1080\" \/>\n\t<meta property=\"og:image:type\" content=\"image\/jpeg\" \/>\n<meta name=\"author\" content=\"veredes\" \/>\n<meta name=\"twitter:card\" content=\"summary_large_image\" \/>\n<meta name=\"twitter:creator\" content=\"@https:\/\/twitter.com\/veredes\" \/>\n<meta name=\"twitter:site\" content=\"@veredes\" \/>\n<meta name=\"twitter:label1\" content=\"Escrito por\" \/>\n\t<meta name=\"twitter:data1\" content=\"veredes\" \/>\n\t<meta name=\"twitter:label2\" content=\"Tiempo de lectura\" \/>\n\t<meta name=\"twitter:data2\" content=\"3 minutos\" \/>\n<script type=\"application\/ld+json\" class=\"yoast-schema-graph\">{\"@context\":\"https:\\\/\\\/schema.org\",\"@graph\":[{\"@type\":\"Article\",\"@id\":\"https:\\\/\\\/veredes.es\\\/blog\\\/textos-graficos-ii-expresiones-territorios-y-proyecto\\\/#article\",\"isPartOf\":{\"@id\":\"https:\\\/\\\/veredes.es\\\/blog\\\/textos-graficos-ii-expresiones-territorios-y-proyecto\\\/\"},\"author\":{\"name\":\"veredes\",\"@id\":\"https:\\\/\\\/veredes.es\\\/blog\\\/#\\\/schema\\\/person\\\/0bbb669073ef7faba5168a0844e93d2c\"},\"headline\":\"Textos gr\u00e1ficos II: Expresiones, territorios y proyecto\",\"datePublished\":\"2026-04-27T22:01:09+00:00\",\"dateModified\":\"2026-04-28T12:30:50+00:00\",\"mainEntityOfPage\":{\"@id\":\"https:\\\/\\\/veredes.es\\\/blog\\\/textos-graficos-ii-expresiones-territorios-y-proyecto\\\/\"},\"wordCount\":521,\"commentCount\":0,\"publisher\":{\"@id\":\"https:\\\/\\\/veredes.es\\\/blog\\\/#organization\"},\"image\":{\"@id\":\"https:\\\/\\\/veredes.es\\\/blog\\\/textos-graficos-ii-expresiones-territorios-y-proyecto\\\/#primaryimage\"},\"thumbnailUrl\":\"https:\\\/\\\/veredes.es\\\/blog\\\/wp-content\\\/uploads\\\/2026\\\/04\\\/Textos-graficos-II-Expresiones-territorios-y-proyecto-Miguel-Martinez-Monedero.jpg\",\"keywords\":[\"Adelaida Mart\u00edn Mart\u00edn\",\"Alba Jim\u00e9nez Navas\",\"Alejandro Jes\u00fas Gonz\u00e1lez Cruz\",\"Alejandro Mu\u00f1oz Miranda\",\"\u00c1lvaro P\u00e9rez-Garc\u00eda\",\"Ana Mu\u00f1oz-L\u00f3pez\",\"Antonio Cayuelas Porras\",\"Boris Aparicio-Tejido\",\"Carlos Malag\u00f3n Luesma\",\"David Hidalgo Garc\u00eda\",\"ediciones asim\u00e9tricas\",\"Elisa Valero\",\"Eusebio Alonso-Garc\u00eda\",\"expresi\u00f3n\",\"Fernando Osuna-P\u00e9rez\",\"Fernando Zapara\u00edn Hern\u00e1ndez\",\"Ignacio de Teresa Fern\u00e1ndez-Casas\",\"Jaime Vergara Mu\u00f1oz\",\"Jairo Rodr\u00edguez-Andr\u00e9s\",\"Jes\u00fas de los Ojos Moral\",\"Jes\u00fas Rodr\u00edguez Bulnes\",\"Jorge Molinero S\u00e1nchez\",\"Jorge Ramos Jular\",\"Jos\u00e9 Francisco Garc\u00eda-S\u00e1nchez\",\"Juan Antonio Serrano Garc\u00eda\",\"Juan Carlos Bamba Vicente\",\"Juan Domingo Santos\",\"Juan Garc\u00eda Nofuentes\",\"Juli\u00e1n Arco D\u00edaz\",\"Julio Calvo Serrano\",\"libro\",\"Manuel Fern\u00e1ndez Catalina\",\"Mario Mart\u00ednez Santoyo\",\"Miguel Mart\u00ednez Monedero\",\"Paloma Baquero Masats\",\"proyecto\",\"publicaci\u00f3n\",\"Roser Mart\u00ednez Ramos e Iruela\",\"teor\u00eda\",\"teor\u00eda e historia\",\"territorio\",\"Tom\u00e1s Garc\u00eda P\u00edriz\",\"Ubaldo Garc\u00eda Torrente\"],\"articleSection\":[\"libros\",\"publicaciones\"],\"inLanguage\":\"es\",\"potentialAction\":[{\"@type\":\"CommentAction\",\"name\":\"Comment\",\"target\":[\"https:\\\/\\\/veredes.es\\\/blog\\\/textos-graficos-ii-expresiones-territorios-y-proyecto\\\/#respond\"]}]},{\"@type\":\"WebPage\",\"@id\":\"https:\\\/\\\/veredes.es\\\/blog\\\/textos-graficos-ii-expresiones-territorios-y-proyecto\\\/\",\"url\":\"https:\\\/\\\/veredes.es\\\/blog\\\/textos-graficos-ii-expresiones-territorios-y-proyecto\\\/\",\"name\":\"Textos gr\u00e1ficos II: Expresiones, territorios y proyecto - veredes\",\"isPartOf\":{\"@id\":\"https:\\\/\\\/veredes.es\\\/blog\\\/#website\"},\"primaryImageOfPage\":{\"@id\":\"https:\\\/\\\/veredes.es\\\/blog\\\/textos-graficos-ii-expresiones-territorios-y-proyecto\\\/#primaryimage\"},\"image\":{\"@id\":\"https:\\\/\\\/veredes.es\\\/blog\\\/textos-graficos-ii-expresiones-territorios-y-proyecto\\\/#primaryimage\"},\"thumbnailUrl\":\"https:\\\/\\\/veredes.es\\\/blog\\\/wp-content\\\/uploads\\\/2026\\\/04\\\/Textos-graficos-II-Expresiones-territorios-y-proyecto-Miguel-Martinez-Monedero.jpg\",\"datePublished\":\"2026-04-27T22:01:09+00:00\",\"dateModified\":\"2026-04-28T12:30:50+00:00\",\"description\":\"Toda la informaci\u00f3n sobre: Textos gr\u00e1ficos II: Expresiones, territorios y proyecto\",\"breadcrumb\":{\"@id\":\"https:\\\/\\\/veredes.es\\\/blog\\\/textos-graficos-ii-expresiones-territorios-y-proyecto\\\/#breadcrumb\"},\"inLanguage\":\"es\",\"potentialAction\":[{\"@type\":\"ReadAction\",\"target\":[\"https:\\\/\\\/veredes.es\\\/blog\\\/textos-graficos-ii-expresiones-territorios-y-proyecto\\\/\"]}]},{\"@type\":\"ImageObject\",\"inLanguage\":\"es\",\"@id\":\"https:\\\/\\\/veredes.es\\\/blog\\\/textos-graficos-ii-expresiones-territorios-y-proyecto\\\/#primaryimage\",\"url\":\"https:\\\/\\\/veredes.es\\\/blog\\\/wp-content\\\/uploads\\\/2026\\\/04\\\/Textos-graficos-II-Expresiones-territorios-y-proyecto-Miguel-Martinez-Monedero.jpg\",\"contentUrl\":\"https:\\\/\\\/veredes.es\\\/blog\\\/wp-content\\\/uploads\\\/2026\\\/04\\\/Textos-graficos-II-Expresiones-territorios-y-proyecto-Miguel-Martinez-Monedero.jpg\",\"width\":772,\"height\":1080,\"caption\":\"Textos gr\u00e1ficos II Expresiones, territorios y proyecto | Miguel Mart\u00ednez-Monedero\"},{\"@type\":\"BreadcrumbList\",\"@id\":\"https:\\\/\\\/veredes.es\\\/blog\\\/textos-graficos-ii-expresiones-territorios-y-proyecto\\\/#breadcrumb\",\"itemListElement\":[{\"@type\":\"ListItem\",\"position\":1,\"name\":\"Portada\",\"item\":\"https:\\\/\\\/veredes.es\\\/blog\\\/\"},{\"@type\":\"ListItem\",\"position\":2,\"name\":\"Textos gr\u00e1ficos II: Expresiones, territorios y proyecto\"}]},{\"@type\":\"WebSite\",\"@id\":\"https:\\\/\\\/veredes.es\\\/blog\\\/#website\",\"url\":\"https:\\\/\\\/veredes.es\\\/blog\\\/\",\"name\":\"veredes, arquitectura y divulgaci\u00f3n\",\"description\":\"veredes\",\"publisher\":{\"@id\":\"https:\\\/\\\/veredes.es\\\/blog\\\/#organization\"},\"alternateName\":\"veredes\",\"potentialAction\":[{\"@type\":\"SearchAction\",\"target\":{\"@type\":\"EntryPoint\",\"urlTemplate\":\"https:\\\/\\\/veredes.es\\\/blog\\\/?s={search_term_string}\"},\"query-input\":{\"@type\":\"PropertyValueSpecification\",\"valueRequired\":true,\"valueName\":\"search_term_string\"}}],\"inLanguage\":\"es\"},{\"@type\":\"Organization\",\"@id\":\"https:\\\/\\\/veredes.es\\\/blog\\\/#organization\",\"name\":\"veredes, arquitectura y divulgaci\u00f3n\",\"alternateName\":\"veredes\",\"url\":\"https:\\\/\\\/veredes.es\\\/blog\\\/\",\"logo\":{\"@type\":\"ImageObject\",\"inLanguage\":\"es\",\"@id\":\"https:\\\/\\\/veredes.es\\\/blog\\\/#\\\/schema\\\/logo\\\/image\\\/\",\"url\":\"https:\\\/\\\/veredes.es\\\/blog\\\/wp-content\\\/uploads\\\/2021\\\/12\\\/veredes-logo-centrado_140x54.png\",\"contentUrl\":\"https:\\\/\\\/veredes.es\\\/blog\\\/wp-content\\\/uploads\\\/2021\\\/12\\\/veredes-logo-centrado_140x54.png\",\"width\":140,\"height\":54,\"caption\":\"veredes, arquitectura y divulgaci\u00f3n\"},\"image\":{\"@id\":\"https:\\\/\\\/veredes.es\\\/blog\\\/#\\\/schema\\\/logo\\\/image\\\/\"},\"sameAs\":[\"https:\\\/\\\/www.facebook.com\\\/veredesArquitecturayDivulgacion\\\/\",\"https:\\\/\\\/x.com\\\/veredes\",\"https:\\\/\\\/instagram.com\\\/veredes\\\/\",\"https:\\\/\\\/www.linkedin.com\\\/company\\\/veredes-arquitectura-y-divulgacion\\\/\",\"https:\\\/\\\/es.pinterest.com\\\/veredes\\\/\",\"https:\\\/\\\/www.tumblr.com\\\/veredes\"]},{\"@type\":\"Person\",\"@id\":\"https:\\\/\\\/veredes.es\\\/blog\\\/#\\\/schema\\\/person\\\/0bbb669073ef7faba5168a0844e93d2c\",\"name\":\"veredes\",\"image\":{\"@type\":\"ImageObject\",\"inLanguage\":\"es\",\"@id\":\"https:\\\/\\\/veredes.es\\\/blog\\\/wp-content\\\/uploads\\\/2018\\\/04\\\/face-96x96.jpg\",\"url\":\"https:\\\/\\\/veredes.es\\\/blog\\\/wp-content\\\/uploads\\\/2018\\\/04\\\/face-96x96.jpg\",\"contentUrl\":\"https:\\\/\\\/veredes.es\\\/blog\\\/wp-content\\\/uploads\\\/2018\\\/04\\\/face-96x96.jpg\",\"caption\":\"veredes\"},\"description\":\"Surge enero de 2009 como b\u00fasqueda de satisfacer el conocimiento de la actividad arquitect\u00f3nica y tangentes que se generan. La idea es crear un espacio para divulgar los diversos proyectos en busca de nueva inspiraci\u00f3n y de intercambio.\",\"sameAs\":[\"https:\\\/\\\/veredes.es\\\/\",\"https:\\\/\\\/www.facebook.com\\\/veredesArquitecturayDivulgacion\\\/\",\"https:\\\/\\\/www.instagram.com\\\/veredes\\\/\",\"https:\\\/\\\/www.linkedin.com\\\/company\\\/veredes-arquitectura-y-divulgacion\\\/\",\"https:\\\/\\\/www.pinterest.es\\\/veredes\\\/\",\"https:\\\/\\\/x.com\\\/https:\\\/\\\/twitter.com\\\/veredes\",\"https:\\\/\\\/veredes.tumblr.com\\\/\"],\"url\":\"https:\\\/\\\/veredes.es\\\/blog\\\/author\\\/alberto\\\/\"}]}<\/script>\n<!-- \/ Yoast SEO plugin. -->","yoast_head_json":{"title":"Textos gr\u00e1ficos II: Expresiones, territorios y proyecto - veredes","description":"Toda la informaci\u00f3n sobre: Textos gr\u00e1ficos II: Expresiones, territorios y proyecto","robots":{"index":"index","follow":"follow","max-snippet":"max-snippet:-1","max-image-preview":"max-image-preview:large","max-video-preview":"max-video-preview:-1"},"canonical":"https:\/\/veredes.es\/blog\/textos-graficos-ii-expresiones-territorios-y-proyecto\/","og_locale":"es_ES","og_type":"article","og_title":"Textos gr\u00e1ficos II: Expresiones, territorios y proyecto - veredes","og_description":"Toda la informaci\u00f3n sobre: Textos gr\u00e1ficos II: Expresiones, territorios y proyecto","og_url":"https:\/\/veredes.es\/blog\/textos-graficos-ii-expresiones-territorios-y-proyecto\/","og_site_name":"veredes, arquitectura y divulgaci\u00f3n","article_publisher":"https:\/\/www.facebook.com\/veredesArquitecturayDivulgacion\/","article_author":"https:\/\/www.facebook.com\/veredesArquitecturayDivulgacion\/","article_published_time":"2026-04-27T22:01:09+00:00","article_modified_time":"2026-04-28T12:30:50+00:00","og_image":[{"width":772,"height":1080,"url":"https:\/\/veredes.es\/blog\/wp-content\/uploads\/2026\/04\/Textos-graficos-II-Expresiones-territorios-y-proyecto-Miguel-Martinez-Monedero.jpg","type":"image\/jpeg"}],"author":"veredes","twitter_card":"summary_large_image","twitter_creator":"@https:\/\/twitter.com\/veredes","twitter_site":"@veredes","twitter_misc":{"Escrito por":"veredes","Tiempo de lectura":"3 minutos"},"schema":{"@context":"https:\/\/schema.org","@graph":[{"@type":"Article","@id":"https:\/\/veredes.es\/blog\/textos-graficos-ii-expresiones-territorios-y-proyecto\/#article","isPartOf":{"@id":"https:\/\/veredes.es\/blog\/textos-graficos-ii-expresiones-territorios-y-proyecto\/"},"author":{"name":"veredes","@id":"https:\/\/veredes.es\/blog\/#\/schema\/person\/0bbb669073ef7faba5168a0844e93d2c"},"headline":"Textos gr\u00e1ficos II: Expresiones, territorios y proyecto","datePublished":"2026-04-27T22:01:09+00:00","dateModified":"2026-04-28T12:30:50+00:00","mainEntityOfPage":{"@id":"https:\/\/veredes.es\/blog\/textos-graficos-ii-expresiones-territorios-y-proyecto\/"},"wordCount":521,"commentCount":0,"publisher":{"@id":"https:\/\/veredes.es\/blog\/#organization"},"image":{"@id":"https:\/\/veredes.es\/blog\/textos-graficos-ii-expresiones-territorios-y-proyecto\/#primaryimage"},"thumbnailUrl":"https:\/\/veredes.es\/blog\/wp-content\/uploads\/2026\/04\/Textos-graficos-II-Expresiones-territorios-y-proyecto-Miguel-Martinez-Monedero.jpg","keywords":["Adelaida Mart\u00edn Mart\u00edn","Alba Jim\u00e9nez Navas","Alejandro Jes\u00fas Gonz\u00e1lez Cruz","Alejandro Mu\u00f1oz Miranda","\u00c1lvaro P\u00e9rez-Garc\u00eda","Ana Mu\u00f1oz-L\u00f3pez","Antonio Cayuelas Porras","Boris Aparicio-Tejido","Carlos Malag\u00f3n Luesma","David Hidalgo Garc\u00eda","ediciones asim\u00e9tricas","Elisa Valero","Eusebio Alonso-Garc\u00eda","expresi\u00f3n","Fernando Osuna-P\u00e9rez","Fernando Zapara\u00edn Hern\u00e1ndez","Ignacio de Teresa Fern\u00e1ndez-Casas","Jaime Vergara Mu\u00f1oz","Jairo Rodr\u00edguez-Andr\u00e9s","Jes\u00fas de los Ojos Moral","Jes\u00fas Rodr\u00edguez Bulnes","Jorge Molinero S\u00e1nchez","Jorge Ramos Jular","Jos\u00e9 Francisco Garc\u00eda-S\u00e1nchez","Juan Antonio Serrano Garc\u00eda","Juan Carlos Bamba Vicente","Juan Domingo Santos","Juan Garc\u00eda Nofuentes","Juli\u00e1n Arco D\u00edaz","Julio Calvo Serrano","libro","Manuel Fern\u00e1ndez Catalina","Mario Mart\u00ednez Santoyo","Miguel Mart\u00ednez Monedero","Paloma Baquero Masats","proyecto","publicaci\u00f3n","Roser Mart\u00ednez Ramos e Iruela","teor\u00eda","teor\u00eda e historia","territorio","Tom\u00e1s Garc\u00eda P\u00edriz","Ubaldo Garc\u00eda Torrente"],"articleSection":["libros","publicaciones"],"inLanguage":"es","potentialAction":[{"@type":"CommentAction","name":"Comment","target":["https:\/\/veredes.es\/blog\/textos-graficos-ii-expresiones-territorios-y-proyecto\/#respond"]}]},{"@type":"WebPage","@id":"https:\/\/veredes.es\/blog\/textos-graficos-ii-expresiones-territorios-y-proyecto\/","url":"https:\/\/veredes.es\/blog\/textos-graficos-ii-expresiones-territorios-y-proyecto\/","name":"Textos gr\u00e1ficos II: Expresiones, territorios y proyecto - veredes","isPartOf":{"@id":"https:\/\/veredes.es\/blog\/#website"},"primaryImageOfPage":{"@id":"https:\/\/veredes.es\/blog\/textos-graficos-ii-expresiones-territorios-y-proyecto\/#primaryimage"},"image":{"@id":"https:\/\/veredes.es\/blog\/textos-graficos-ii-expresiones-territorios-y-proyecto\/#primaryimage"},"thumbnailUrl":"https:\/\/veredes.es\/blog\/wp-content\/uploads\/2026\/04\/Textos-graficos-II-Expresiones-territorios-y-proyecto-Miguel-Martinez-Monedero.jpg","datePublished":"2026-04-27T22:01:09+00:00","dateModified":"2026-04-28T12:30:50+00:00","description":"Toda la informaci\u00f3n sobre: Textos gr\u00e1ficos II: Expresiones, territorios y proyecto","breadcrumb":{"@id":"https:\/\/veredes.es\/blog\/textos-graficos-ii-expresiones-territorios-y-proyecto\/#breadcrumb"},"inLanguage":"es","potentialAction":[{"@type":"ReadAction","target":["https:\/\/veredes.es\/blog\/textos-graficos-ii-expresiones-territorios-y-proyecto\/"]}]},{"@type":"ImageObject","inLanguage":"es","@id":"https:\/\/veredes.es\/blog\/textos-graficos-ii-expresiones-territorios-y-proyecto\/#primaryimage","url":"https:\/\/veredes.es\/blog\/wp-content\/uploads\/2026\/04\/Textos-graficos-II-Expresiones-territorios-y-proyecto-Miguel-Martinez-Monedero.jpg","contentUrl":"https:\/\/veredes.es\/blog\/wp-content\/uploads\/2026\/04\/Textos-graficos-II-Expresiones-territorios-y-proyecto-Miguel-Martinez-Monedero.jpg","width":772,"height":1080,"caption":"Textos gr\u00e1ficos II Expresiones, territorios y proyecto | Miguel Mart\u00ednez-Monedero"},{"@type":"BreadcrumbList","@id":"https:\/\/veredes.es\/blog\/textos-graficos-ii-expresiones-territorios-y-proyecto\/#breadcrumb","itemListElement":[{"@type":"ListItem","position":1,"name":"Portada","item":"https:\/\/veredes.es\/blog\/"},{"@type":"ListItem","position":2,"name":"Textos gr\u00e1ficos II: Expresiones, territorios y proyecto"}]},{"@type":"WebSite","@id":"https:\/\/veredes.es\/blog\/#website","url":"https:\/\/veredes.es\/blog\/","name":"veredes, arquitectura y divulgaci\u00f3n","description":"veredes","publisher":{"@id":"https:\/\/veredes.es\/blog\/#organization"},"alternateName":"veredes","potentialAction":[{"@type":"SearchAction","target":{"@type":"EntryPoint","urlTemplate":"https:\/\/veredes.es\/blog\/?s={search_term_string}"},"query-input":{"@type":"PropertyValueSpecification","valueRequired":true,"valueName":"search_term_string"}}],"inLanguage":"es"},{"@type":"Organization","@id":"https:\/\/veredes.es\/blog\/#organization","name":"veredes, arquitectura y divulgaci\u00f3n","alternateName":"veredes","url":"https:\/\/veredes.es\/blog\/","logo":{"@type":"ImageObject","inLanguage":"es","@id":"https:\/\/veredes.es\/blog\/#\/schema\/logo\/image\/","url":"https:\/\/veredes.es\/blog\/wp-content\/uploads\/2021\/12\/veredes-logo-centrado_140x54.png","contentUrl":"https:\/\/veredes.es\/blog\/wp-content\/uploads\/2021\/12\/veredes-logo-centrado_140x54.png","width":140,"height":54,"caption":"veredes, arquitectura y divulgaci\u00f3n"},"image":{"@id":"https:\/\/veredes.es\/blog\/#\/schema\/logo\/image\/"},"sameAs":["https:\/\/www.facebook.com\/veredesArquitecturayDivulgacion\/","https:\/\/x.com\/veredes","https:\/\/instagram.com\/veredes\/","https:\/\/www.linkedin.com\/company\/veredes-arquitectura-y-divulgacion\/","https:\/\/es.pinterest.com\/veredes\/","https:\/\/www.tumblr.com\/veredes"]},{"@type":"Person","@id":"https:\/\/veredes.es\/blog\/#\/schema\/person\/0bbb669073ef7faba5168a0844e93d2c","name":"veredes","image":{"@type":"ImageObject","inLanguage":"es","@id":"https:\/\/veredes.es\/blog\/wp-content\/uploads\/2018\/04\/face-96x96.jpg","url":"https:\/\/veredes.es\/blog\/wp-content\/uploads\/2018\/04\/face-96x96.jpg","contentUrl":"https:\/\/veredes.es\/blog\/wp-content\/uploads\/2018\/04\/face-96x96.jpg","caption":"veredes"},"description":"Surge enero de 2009 como b\u00fasqueda de satisfacer el conocimiento de la actividad arquitect\u00f3nica y tangentes que se generan. La idea es crear un espacio para divulgar los diversos proyectos en busca de nueva inspiraci\u00f3n y de intercambio.","sameAs":["https:\/\/veredes.es\/","https:\/\/www.facebook.com\/veredesArquitecturayDivulgacion\/","https:\/\/www.instagram.com\/veredes\/","https:\/\/www.linkedin.com\/company\/veredes-arquitectura-y-divulgacion\/","https:\/\/www.pinterest.es\/veredes\/","https:\/\/x.com\/https:\/\/twitter.com\/veredes","https:\/\/veredes.tumblr.com\/"],"url":"https:\/\/veredes.es\/blog\/author\/alberto\/"}]}},"_links":{"self":[{"href":"https:\/\/veredes.es\/blog\/wp-json\/wp\/v2\/posts\/105714","targetHints":{"allow":["GET"]}}],"collection":[{"href":"https:\/\/veredes.es\/blog\/wp-json\/wp\/v2\/posts"}],"about":[{"href":"https:\/\/veredes.es\/blog\/wp-json\/wp\/v2\/types\/post"}],"author":[{"embeddable":true,"href":"https:\/\/veredes.es\/blog\/wp-json\/wp\/v2\/users\/2"}],"replies":[{"embeddable":true,"href":"https:\/\/veredes.es\/blog\/wp-json\/wp\/v2\/comments?post=105714"}],"version-history":[{"count":2,"href":"https:\/\/veredes.es\/blog\/wp-json\/wp\/v2\/posts\/105714\/revisions"}],"predecessor-version":[{"id":105717,"href":"https:\/\/veredes.es\/blog\/wp-json\/wp\/v2\/posts\/105714\/revisions\/105717"}],"wp:featuredmedia":[{"embeddable":true,"href":"https:\/\/veredes.es\/blog\/wp-json\/wp\/v2\/media\/105716"}],"wp:attachment":[{"href":"https:\/\/veredes.es\/blog\/wp-json\/wp\/v2\/media?parent=105714"}],"wp:term":[{"taxonomy":"category","embeddable":true,"href":"https:\/\/veredes.es\/blog\/wp-json\/wp\/v2\/categories?post=105714"},{"taxonomy":"post_tag","embeddable":true,"href":"https:\/\/veredes.es\/blog\/wp-json\/wp\/v2\/tags?post=105714"}],"curies":[{"name":"wp","href":"https:\/\/api.w.org\/{rel}","templated":true}]}}