{"id":105671,"date":"2026-04-29T00:01:38","date_gmt":"2026-04-28T22:01:38","guid":{"rendered":"https:\/\/veredes.es\/blog\/?p=105671"},"modified":"2026-04-15T19:21:02","modified_gmt":"2026-04-15T17:21:02","slug":"centro-comunitario-rosa-parks-spl-marne-au-bois","status":"publish","type":"post","link":"https:\/\/veredes.es\/blog\/centro-comunitario-rosa-parks-spl-marne-au-bois\/","title":{"rendered":"Centro Comunitario \u00abRosa Parks\u00bb | SPL Marne au bois"},"content":{"rendered":"<figure id=\"attachment_105673\" aria-describedby=\"caption-attachment-105673\" style=\"width: 1000px\" class=\"wp-caption alignnone\"><img loading=\"lazy\" decoding=\"async\" class=\"wp-image-105673 size-full\" title=\"Centro Comunitario &quot;Rosa Parks&quot; | SPL Marne au bois \u00a9 Milena Villalba\" src=\"https:\/\/veredes.es\/blog\/wp-content\/uploads\/2026\/04\/Centro-Comunitario-Rosa-Parks-SPL-Marne-au-bois-1-\u00a9Milena-Villalba.jpg\" alt=\"Centro Comunitario Rosa Parks SPL Marne au bois 1 \u00a9Milena Villalba\" width=\"1000\" height=\"714\" srcset=\"https:\/\/veredes.es\/blog\/wp-content\/uploads\/2026\/04\/Centro-Comunitario-Rosa-Parks-SPL-Marne-au-bois-1-\u00a9Milena-Villalba.jpg 1000w, https:\/\/veredes.es\/blog\/wp-content\/uploads\/2026\/04\/Centro-Comunitario-Rosa-Parks-SPL-Marne-au-bois-1-\u00a9Milena-Villalba-300x214.jpg 300w, https:\/\/veredes.es\/blog\/wp-content\/uploads\/2026\/04\/Centro-Comunitario-Rosa-Parks-SPL-Marne-au-bois-1-\u00a9Milena-Villalba-588x420.jpg 588w, https:\/\/veredes.es\/blog\/wp-content\/uploads\/2026\/04\/Centro-Comunitario-Rosa-Parks-SPL-Marne-au-bois-1-\u00a9Milena-Villalba-696x497.jpg 696w\" sizes=\"auto, (max-width: 1000px) 100vw, 1000px\" \/><figcaption id=\"caption-attachment-105673\" class=\"wp-caption-text\"><span style=\"color: #999999;\">Centro Comunitario \u00abRosa Parks\u00bb | SPL Marne au bois \u00a9 Milena Villalba<\/span><\/figcaption><\/figure>\n<p style=\"text-align: justify;\">La sala Rosa Parks, con una programaci\u00f3n rica y elaborada en concertaci\u00f3n con los habitantes, encuentra su lugar en el coraz\u00f3n de un nuevo parque paisaj\u00edstico, dise\u00f1ado y realizado simult\u00e1neamente. Este espacio de proximidad est\u00e1 dedicado a las asociaciones locales, as\u00ed como a los ni\u00f1os de la escuela vecina, para actividades de ocio, eventos culturales o incluso talleres de cocina.<\/p>\n<p style=\"text-align: justify;\">A trav\u00e9s de este proyecto, nuestra ambici\u00f3n era proponer un edificio sencillo, robusto y al servicio de los usuarios y del barrio. La arquitectura busca ser a la vez humilde y unificadora, integr\u00e1ndose armoniosamente en su entorno mientras afirma su papel como equipamiento p\u00fablico.<\/p>\n<p style=\"text-align: justify;\">La forma y la materialidad del edificio rinden homenaje al patrimonio arquitect\u00f3nico de esta periferia cercana a Par\u00eds, en particular a los edificios de viviendas sociales construidos en ladrillo.<\/p>\n<figure id=\"attachment_105674\" aria-describedby=\"caption-attachment-105674\" style=\"width: 1400px\" class=\"wp-caption alignnone\"><img loading=\"lazy\" decoding=\"async\" class=\"wp-image-105674 size-full\" title=\"Centro Comunitario Rosa Parks SPL Marne au bois 1 Axonometr\u00eda\" src=\"https:\/\/veredes.es\/blog\/wp-content\/uploads\/2026\/04\/Centro-Comunitario-Rosa-Parks-SPL-Marne-au-bois-1-Axonometria.jpg\" alt=\"Centro Comunitario Rosa Parks SPL Marne au bois 1 Axonometr\u00eda\" width=\"1400\" height=\"990\" srcset=\"https:\/\/veredes.es\/blog\/wp-content\/uploads\/2026\/04\/Centro-Comunitario-Rosa-Parks-SPL-Marne-au-bois-1-Axonometria.jpg 1400w, https:\/\/veredes.es\/blog\/wp-content\/uploads\/2026\/04\/Centro-Comunitario-Rosa-Parks-SPL-Marne-au-bois-1-Axonometria-300x212.jpg 300w, https:\/\/veredes.es\/blog\/wp-content\/uploads\/2026\/04\/Centro-Comunitario-Rosa-Parks-SPL-Marne-au-bois-1-Axonometria-1024x724.jpg 1024w, https:\/\/veredes.es\/blog\/wp-content\/uploads\/2026\/04\/Centro-Comunitario-Rosa-Parks-SPL-Marne-au-bois-1-Axonometria-594x420.jpg 594w, https:\/\/veredes.es\/blog\/wp-content\/uploads\/2026\/04\/Centro-Comunitario-Rosa-Parks-SPL-Marne-au-bois-1-Axonometria-696x492.jpg 696w, https:\/\/veredes.es\/blog\/wp-content\/uploads\/2026\/04\/Centro-Comunitario-Rosa-Parks-SPL-Marne-au-bois-1-Axonometria-1068x755.jpg 1068w\" sizes=\"auto, (max-width: 1400px) 100vw, 1400px\" \/><figcaption id=\"caption-attachment-105674\" class=\"wp-caption-text\"><span style=\"color: #999999;\">Centro Comunitario Rosa Parks | SPL Marne au bois | Axonometr\u00eda<\/span><\/figcaption><\/figure>\n<p style=\"text-align: justify;\">Al reinterpretar el uso del ladrillo, un material atemporal y duradero, el proyecto se inscribe en la tradici\u00f3n de los edificios que han perdurado a lo largo de las d\u00e9cadas. Esta elecci\u00f3n cobra sentido en el marco de la construcci\u00f3n de un equipamiento p\u00fablico.<\/p>\n<p style=\"text-align: justify;\">Quer\u00edamos hacer eco de una \u00e9poca en la que los materiales eran m\u00e1s escasos y se privilegiaba su reutilizaci\u00f3n por razones econ\u00f3micas. As\u00ed, gran parte de los materiales recuperados durante la demolici\u00f3n del pabell\u00f3n preexistente fueron reutilizados en el proyecto, de manera visible o no.<\/p>\n<p style=\"text-align: justify;\">La respuesta a los desaf\u00edos medioambientales se basa en una reflexi\u00f3n global sobre la ecolog\u00eda: se toma en cuenta la econom\u00eda de recursos, las limitaciones presupuestarias, la durabilidad del edificio y el origen de los materiales utilizados. Hemos privilegiado un enfoque bioclim\u00e1tico y de baja tecnolog\u00eda, poniendo el \u00e9nfasis en la robustez m\u00e1s que en la tecnolog\u00eda.<\/p>\n<figure id=\"attachment_105675\" aria-describedby=\"caption-attachment-105675\" style=\"width: 1400px\" class=\"wp-caption alignnone\"><img loading=\"lazy\" decoding=\"async\" class=\"size-full wp-image-105675\" src=\"https:\/\/veredes.es\/blog\/wp-content\/uploads\/2026\/04\/Centro-Comunitario-Rosa-Parks-SPL-Marne-au-bois-2-\u00a9Milena-Villalba.jpg\" alt=\"Centro Comunitario Rosa Parks SPL Marne au bois 2 \u00a9Milena Villalba\" width=\"1400\" height=\"933\" srcset=\"https:\/\/veredes.es\/blog\/wp-content\/uploads\/2026\/04\/Centro-Comunitario-Rosa-Parks-SPL-Marne-au-bois-2-\u00a9Milena-Villalba.jpg 1400w, https:\/\/veredes.es\/blog\/wp-content\/uploads\/2026\/04\/Centro-Comunitario-Rosa-Parks-SPL-Marne-au-bois-2-\u00a9Milena-Villalba-300x200.jpg 300w, https:\/\/veredes.es\/blog\/wp-content\/uploads\/2026\/04\/Centro-Comunitario-Rosa-Parks-SPL-Marne-au-bois-2-\u00a9Milena-Villalba-1024x682.jpg 1024w, https:\/\/veredes.es\/blog\/wp-content\/uploads\/2026\/04\/Centro-Comunitario-Rosa-Parks-SPL-Marne-au-bois-2-\u00a9Milena-Villalba-630x420.jpg 630w, https:\/\/veredes.es\/blog\/wp-content\/uploads\/2026\/04\/Centro-Comunitario-Rosa-Parks-SPL-Marne-au-bois-2-\u00a9Milena-Villalba-696x464.jpg 696w, https:\/\/veredes.es\/blog\/wp-content\/uploads\/2026\/04\/Centro-Comunitario-Rosa-Parks-SPL-Marne-au-bois-2-\u00a9Milena-Villalba-1068x712.jpg 1068w\" sizes=\"auto, (max-width: 1400px) 100vw, 1400px\" \/><figcaption id=\"caption-attachment-105675\" class=\"wp-caption-text\"><span style=\"color: #999999;\">Centro Comunitario \u00abRosa Parks\u00bb | SPL Marne au bois \u00a9 Milena Villalba<\/span><\/figcaption><\/figure>\n<h5 style=\"text-align: justify;\"><strong>Principios estructurales<\/strong><\/h5>\n<p style=\"text-align: justify;\">Desde la calle, un generoso atrio invita a acercarse, ofreciendo bancos a la sombra de grandes \u00e1rboles o la posibilidad de resguardarse bajo el alero de la entrada.<\/p>\n<p style=\"text-align: justify;\">El tama\u00f1o modesto y la forma simple del techo responden directamente a las necesidades de los espacios interiores: una altura de techo generosa y fachadas a escala humana.<\/p>\n<figure id=\"attachment_105676\" aria-describedby=\"caption-attachment-105676\" style=\"width: 1400px\" class=\"wp-caption alignnone\"><img loading=\"lazy\" decoding=\"async\" class=\"size-full wp-image-105676\" src=\"https:\/\/veredes.es\/blog\/wp-content\/uploads\/2026\/04\/Centro-Comunitario-Rosa-Parks-SPL-Marne-au-bois-2-Planta-situacion.jpg\" alt=\"Centro Comunitario Rosa Parks SPL Marne au bois 2 Planta situaci\u00f3n\" width=\"1400\" height=\"990\" srcset=\"https:\/\/veredes.es\/blog\/wp-content\/uploads\/2026\/04\/Centro-Comunitario-Rosa-Parks-SPL-Marne-au-bois-2-Planta-situacion.jpg 1400w, https:\/\/veredes.es\/blog\/wp-content\/uploads\/2026\/04\/Centro-Comunitario-Rosa-Parks-SPL-Marne-au-bois-2-Planta-situacion-300x212.jpg 300w, https:\/\/veredes.es\/blog\/wp-content\/uploads\/2026\/04\/Centro-Comunitario-Rosa-Parks-SPL-Marne-au-bois-2-Planta-situacion-1024x724.jpg 1024w, https:\/\/veredes.es\/blog\/wp-content\/uploads\/2026\/04\/Centro-Comunitario-Rosa-Parks-SPL-Marne-au-bois-2-Planta-situacion-594x420.jpg 594w, https:\/\/veredes.es\/blog\/wp-content\/uploads\/2026\/04\/Centro-Comunitario-Rosa-Parks-SPL-Marne-au-bois-2-Planta-situacion-696x492.jpg 696w, https:\/\/veredes.es\/blog\/wp-content\/uploads\/2026\/04\/Centro-Comunitario-Rosa-Parks-SPL-Marne-au-bois-2-Planta-situacion-1068x755.jpg 1068w\" sizes=\"auto, (max-width: 1400px) 100vw, 1400px\" \/><figcaption id=\"caption-attachment-105676\" class=\"wp-caption-text\"><span style=\"color: #999999;\">Centro Comunitario Rosa Parks | SPL Marne au bois | Planta situaci\u00f3n<\/span><\/figcaption><\/figure>\n<p style=\"text-align: justify;\">La organizaci\u00f3n interior es clara y se despliega en un solo nivel de planta baja:<\/p>\n<ul>\n<li style=\"text-align: justify;\">Del lado del parque, los espacios dedicados a las actividades; y del lado este, los locales de servicio, con una circulaci\u00f3n central iluminada en sus extremos por grandes ventanales protegidos con celos\u00edas de ladrillo (moucharabiehs).<\/li>\n<li style=\"text-align: justify;\">El \u00e1rea de recepci\u00f3n, que tambi\u00e9n sirve como cafeter\u00eda o espacio de exposici\u00f3n, se abre tanto hacia el atrio como hacia el parque.<\/li>\n<li style=\"text-align: justify;\">El mostrador de recepci\u00f3n est\u00e1 realizado en hormig\u00f3n mezclado con ladrillos recuperados de la obra.<\/li>\n<li style=\"text-align: justify;\">Las grandes salas disfrutan de luz natural gracias a lucernarios en el techo, que tambi\u00e9n aseguran una ventilaci\u00f3n natural.<\/li>\n<\/ul>\n<figure id=\"attachment_105677\" aria-describedby=\"caption-attachment-105677\" style=\"width: 1400px\" class=\"wp-caption alignnone\"><img loading=\"lazy\" decoding=\"async\" class=\"size-full wp-image-105677\" src=\"https:\/\/veredes.es\/blog\/wp-content\/uploads\/2026\/04\/Centro-Comunitario-Rosa-Parks-SPL-Marne-au-bois-7-\u00a9Milena-Villalba.jpg\" alt=\"Centro Comunitario Rosa Parks SPL Marne au bois 7 \u00a9Milena Villalba\" width=\"1400\" height=\"788\" srcset=\"https:\/\/veredes.es\/blog\/wp-content\/uploads\/2026\/04\/Centro-Comunitario-Rosa-Parks-SPL-Marne-au-bois-7-\u00a9Milena-Villalba.jpg 1400w, https:\/\/veredes.es\/blog\/wp-content\/uploads\/2026\/04\/Centro-Comunitario-Rosa-Parks-SPL-Marne-au-bois-7-\u00a9Milena-Villalba-300x169.jpg 300w, https:\/\/veredes.es\/blog\/wp-content\/uploads\/2026\/04\/Centro-Comunitario-Rosa-Parks-SPL-Marne-au-bois-7-\u00a9Milena-Villalba-1024x576.jpg 1024w, https:\/\/veredes.es\/blog\/wp-content\/uploads\/2026\/04\/Centro-Comunitario-Rosa-Parks-SPL-Marne-au-bois-7-\u00a9Milena-Villalba-746x420.jpg 746w, https:\/\/veredes.es\/blog\/wp-content\/uploads\/2026\/04\/Centro-Comunitario-Rosa-Parks-SPL-Marne-au-bois-7-\u00a9Milena-Villalba-696x392.jpg 696w, https:\/\/veredes.es\/blog\/wp-content\/uploads\/2026\/04\/Centro-Comunitario-Rosa-Parks-SPL-Marne-au-bois-7-\u00a9Milena-Villalba-1068x601.jpg 1068w\" sizes=\"auto, (max-width: 1400px) 100vw, 1400px\" \/><figcaption id=\"caption-attachment-105677\" class=\"wp-caption-text\"><span style=\"color: #999999;\">Centro Comunitario \u00abRosa Parks\u00bb | SPL Marne au bois \u00a9 Milena Villalba<\/span><\/figcaption><\/figure>\n<p style=\"text-align: justify;\">El edificio mantiene una relaci\u00f3n \u00edntima con el paisaje circundante:<\/p>\n<ul>\n<li style=\"text-align: justify;\">La fachada oeste, completamente acristalada, permite que los espacios interiores aprovechen al m\u00e1ximo la vista del parque. Compuesta por puertas de vidrio dobles, puede abrirse completamente para extender las actividades al exterior.<\/li>\n<li style=\"text-align: justify;\">Algunos \u00e1rboles del parque han sido estrat\u00e9gicamente posicionados para proteger esta fachada de los rayos del sol al final del d\u00eda, especialmente en verano.<\/li>\n<li style=\"text-align: justify;\">Al estar retirado de la calle, la implantaci\u00f3n del edificio permiti\u00f3 preservar dos grandes \u00e1rboles y crear un atrio espacioso frente a la entrada principal.<\/li>\n<li style=\"text-align: justify;\">La totalidad de las aguas pluviales del proyecto se dirige hacia el parque, donde se infiltran naturalmente en el suelo.<\/li>\n<\/ul>\n<figure id=\"attachment_105678\" aria-describedby=\"caption-attachment-105678\" style=\"width: 1400px\" class=\"wp-caption alignnone\"><img loading=\"lazy\" decoding=\"async\" class=\"wp-image-105678 size-full\" title=\"Centro Comunitario Rosa Parks SPL Marne au bois 4 Secci\u00f3n transversal\" src=\"https:\/\/veredes.es\/blog\/wp-content\/uploads\/2026\/04\/Centro-Comunitario-Rosa-Parks-SPL-Marne-au-bois-4-Seccion-transversal.jpg\" alt=\"Centro Comunitario Rosa Parks SPL Marne au bois 4 Secci\u00f3n transversal\" width=\"1400\" height=\"990\" srcset=\"https:\/\/veredes.es\/blog\/wp-content\/uploads\/2026\/04\/Centro-Comunitario-Rosa-Parks-SPL-Marne-au-bois-4-Seccion-transversal.jpg 1400w, https:\/\/veredes.es\/blog\/wp-content\/uploads\/2026\/04\/Centro-Comunitario-Rosa-Parks-SPL-Marne-au-bois-4-Seccion-transversal-300x212.jpg 300w, https:\/\/veredes.es\/blog\/wp-content\/uploads\/2026\/04\/Centro-Comunitario-Rosa-Parks-SPL-Marne-au-bois-4-Seccion-transversal-1024x724.jpg 1024w, https:\/\/veredes.es\/blog\/wp-content\/uploads\/2026\/04\/Centro-Comunitario-Rosa-Parks-SPL-Marne-au-bois-4-Seccion-transversal-594x420.jpg 594w, https:\/\/veredes.es\/blog\/wp-content\/uploads\/2026\/04\/Centro-Comunitario-Rosa-Parks-SPL-Marne-au-bois-4-Seccion-transversal-696x492.jpg 696w, https:\/\/veredes.es\/blog\/wp-content\/uploads\/2026\/04\/Centro-Comunitario-Rosa-Parks-SPL-Marne-au-bois-4-Seccion-transversal-1068x755.jpg 1068w\" sizes=\"auto, (max-width: 1400px) 100vw, 1400px\" \/><figcaption id=\"caption-attachment-105678\" class=\"wp-caption-text\"><span style=\"color: #999999;\">Centro Comunitario Rosa Parks | SPL Marne au bois | Secci\u00f3n transversal<\/span><\/figcaption><\/figure>\n<h5 style=\"text-align: justify;\"><strong>Aspectos constructivos<\/strong><\/h5>\n<p style=\"text-align: justify;\">La estructura del edificio se basa en fachadas portantes de ladrillo de 22 cm de espesor, provenientes de una f\u00e1brica de ladrillos en el norte de Francia.<\/p>\n<p style=\"text-align: justify;\">Una estructura de madera tradicional, fabricada con madera del Jura, atraviesa el edificio de una fachada a otra sin pilares ni muros de carga en el interior. Esta configuraci\u00f3n permite una gran flexibilidad en la distribuci\u00f3n y garantiza la durabilidad del edificio, facilitando su evoluci\u00f3n seg\u00fan las necesidades futuras.<\/p>\n<p style=\"text-align: justify;\">Las fachadas exteriores de ladrillo presentan un sutil juego de aparejos, integrando secciones transparentes con celos\u00edas, relieves y elementos verticales que marcan las l\u00edneas portantes.<\/p>\n<p style=\"text-align: justify;\">En el interior, los revestimientos y tabiques de ladrillo hueco visto, con un espesor de 15 cm, aportan una notable solidez. Este material, deliberadamente masivo, proporciona inercia t\u00e9rmica, contribuyendo as\u00ed al confort interior.<\/p>\n<figure id=\"attachment_105683\" aria-describedby=\"caption-attachment-105683\" style=\"width: 1400px\" class=\"wp-caption alignnone\"><img loading=\"lazy\" decoding=\"async\" class=\"size-full wp-image-105683\" src=\"https:\/\/veredes.es\/blog\/wp-content\/uploads\/2026\/04\/Centro-Comunitario-Rosa-Parks-SPL-Marne-au-bois-5-\u00a9Milena-Villalba.jpg\" alt=\"Centro Comunitario Rosa Parks SPL Marne au bois 5 \u00a9Milena Villalba\" width=\"1400\" height=\"933\" srcset=\"https:\/\/veredes.es\/blog\/wp-content\/uploads\/2026\/04\/Centro-Comunitario-Rosa-Parks-SPL-Marne-au-bois-5-\u00a9Milena-Villalba.jpg 1400w, https:\/\/veredes.es\/blog\/wp-content\/uploads\/2026\/04\/Centro-Comunitario-Rosa-Parks-SPL-Marne-au-bois-5-\u00a9Milena-Villalba-300x200.jpg 300w, https:\/\/veredes.es\/blog\/wp-content\/uploads\/2026\/04\/Centro-Comunitario-Rosa-Parks-SPL-Marne-au-bois-5-\u00a9Milena-Villalba-1024x682.jpg 1024w, https:\/\/veredes.es\/blog\/wp-content\/uploads\/2026\/04\/Centro-Comunitario-Rosa-Parks-SPL-Marne-au-bois-5-\u00a9Milena-Villalba-630x420.jpg 630w, https:\/\/veredes.es\/blog\/wp-content\/uploads\/2026\/04\/Centro-Comunitario-Rosa-Parks-SPL-Marne-au-bois-5-\u00a9Milena-Villalba-696x464.jpg 696w, https:\/\/veredes.es\/blog\/wp-content\/uploads\/2026\/04\/Centro-Comunitario-Rosa-Parks-SPL-Marne-au-bois-5-\u00a9Milena-Villalba-1068x712.jpg 1068w\" sizes=\"auto, (max-width: 1400px) 100vw, 1400px\" \/><figcaption id=\"caption-attachment-105683\" class=\"wp-caption-text\"><span style=\"color: #999999;\">Centro Comunitario \u00abRosa Parks\u00bb | SPL Marne au bois \u00a9 Milena Villalba<\/span><\/figcaption><\/figure>\n<h5 style=\"text-align: justify;\"><strong>Enfoque bioclim\u00e1tico y medioambiental<\/strong><\/h5>\n<p style=\"text-align: justify;\">El volumen monol\u00edtico del edificio est\u00e1 sutilmente esculpido para crear retranqueos. Estos voladizos en el techo act\u00faan como protecciones solares para las fachadas sur y oeste.<\/p>\n<ul>\n<li style=\"text-align: justify;\">La fachada sur se beneficia de la sombra de dos grandes \u00e1rboles en el atrio, as\u00ed como del alero que protege la entrada principal.<\/li>\n<li style=\"text-align: justify;\">La fachada oeste, por su parte, est\u00e1 compuesta por muros portantes que tambi\u00e9n act\u00faan como <em>brise-soleils<\/em> verticales, filtrando los rayos del sol y evitando el sobrecalentamiento de los espacios acristalados en verano.<\/li>\n<\/ul>\n<figure id=\"attachment_105684\" aria-describedby=\"caption-attachment-105684\" style=\"width: 1400px\" class=\"wp-caption alignnone\"><img loading=\"lazy\" decoding=\"async\" class=\"size-full wp-image-105684\" src=\"https:\/\/veredes.es\/blog\/wp-content\/uploads\/2026\/04\/Centro-Comunitario-Rosa-Parks-SPL-Marne-au-bois-6-\u00a9Milena-Villalba.jpg\" alt=\"Centro Comunitario Rosa Parks SPL Marne au bois 6 \u00a9Milena Villalba\" width=\"1400\" height=\"1120\" srcset=\"https:\/\/veredes.es\/blog\/wp-content\/uploads\/2026\/04\/Centro-Comunitario-Rosa-Parks-SPL-Marne-au-bois-6-\u00a9Milena-Villalba.jpg 1400w, https:\/\/veredes.es\/blog\/wp-content\/uploads\/2026\/04\/Centro-Comunitario-Rosa-Parks-SPL-Marne-au-bois-6-\u00a9Milena-Villalba-300x240.jpg 300w, https:\/\/veredes.es\/blog\/wp-content\/uploads\/2026\/04\/Centro-Comunitario-Rosa-Parks-SPL-Marne-au-bois-6-\u00a9Milena-Villalba-1024x819.jpg 1024w, https:\/\/veredes.es\/blog\/wp-content\/uploads\/2026\/04\/Centro-Comunitario-Rosa-Parks-SPL-Marne-au-bois-6-\u00a9Milena-Villalba-525x420.jpg 525w, https:\/\/veredes.es\/blog\/wp-content\/uploads\/2026\/04\/Centro-Comunitario-Rosa-Parks-SPL-Marne-au-bois-6-\u00a9Milena-Villalba-696x557.jpg 696w, https:\/\/veredes.es\/blog\/wp-content\/uploads\/2026\/04\/Centro-Comunitario-Rosa-Parks-SPL-Marne-au-bois-6-\u00a9Milena-Villalba-1068x854.jpg 1068w\" sizes=\"auto, (max-width: 1400px) 100vw, 1400px\" \/><figcaption id=\"caption-attachment-105684\" class=\"wp-caption-text\"><span style=\"color: #999999;\">Centro Comunitario Rosa Parks | SPL Marne au bois \u00a9Milena Villalba<\/span><\/figcaption><\/figure>\n<p style=\"text-align: justify;\">El enfriamiento natural del edificio se logra sin recurrir al aire acondicionado:<\/p>\n<ul>\n<li style=\"text-align: justify;\">Un sistema de ventilaci\u00f3n natural permite refrescar el edificio durante la noche en verano. Los lucernarios en la cubierta, combinados con aberturas motorizadas en la fachada, garantizan una ventilaci\u00f3n eficiente.<\/li>\n<li style=\"text-align: justify;\">La inercia t\u00e9rmica de los muros de ladrillo y del suelo de hormig\u00f3n regula la temperatura interior, contribuyendo al confort en todas las estaciones.<\/li>\n<\/ul>\n<div id='gallery-1' class='gallery galleryid-105671 gallery-columns-4 gallery-size-thumbnail'><figure class='gallery-item'>\n\t\t\t<div class='gallery-icon portrait'>\n\t\t\t\t<a href='https:\/\/veredes.es\/blog\/wp-content\/uploads\/2026\/04\/Centro-Comunitario-Rosa-Parks-SPL-Marne-au-bois-9-\u00a9Milena-Villalba.jpg'><img loading=\"lazy\" decoding=\"async\" width=\"120\" height=\"120\" src=\"https:\/\/veredes.es\/blog\/wp-content\/uploads\/2026\/04\/Centro-Comunitario-Rosa-Parks-SPL-Marne-au-bois-9-\u00a9Milena-Villalba-120x120.jpg\" class=\"attachment-thumbnail size-thumbnail\" alt=\"Centro Comunitario Rosa Parks SPL Marne au bois 9 \u00a9Milena Villalba\" aria-describedby=\"gallery-1-105688\" \/><\/a>\n\t\t\t<\/div>\n\t\t\t\t<figcaption class='wp-caption-text gallery-caption' id='gallery-1-105688'>\n\t\t\t\tCentro Comunitario Rosa Parks | SPL Marne au bois \u00a9Milena Villalba\n\t\t\t\t<\/figcaption><\/figure><figure class='gallery-item'>\n\t\t\t<div class='gallery-icon portrait'>\n\t\t\t\t<a href='https:\/\/veredes.es\/blog\/wp-content\/uploads\/2026\/04\/Centro-Comunitario-Rosa-Parks-SPL-Marne-au-bois-8-\u00a9Milena-Villalba.jpg'><img loading=\"lazy\" decoding=\"async\" width=\"120\" height=\"120\" src=\"https:\/\/veredes.es\/blog\/wp-content\/uploads\/2026\/04\/Centro-Comunitario-Rosa-Parks-SPL-Marne-au-bois-8-\u00a9Milena-Villalba-120x120.jpg\" class=\"attachment-thumbnail size-thumbnail\" alt=\"Centro Comunitario Rosa Parks SPL Marne au bois 8 \u00a9Milena Villalba\" aria-describedby=\"gallery-1-105687\" \/><\/a>\n\t\t\t<\/div>\n\t\t\t\t<figcaption class='wp-caption-text gallery-caption' id='gallery-1-105687'>\n\t\t\t\tCentro Comunitario Rosa Parks | SPL Marne au bois \u00a9Milena Villalba\n\t\t\t\t<\/figcaption><\/figure><figure class='gallery-item'>\n\t\t\t<div class='gallery-icon portrait'>\n\t\t\t\t<a href='https:\/\/veredes.es\/blog\/wp-content\/uploads\/2026\/04\/Centro-Comunitario-Rosa-Parks-SPL-Marne-au-bois-3-\u00a9Milena-Villalba.jpg'><img loading=\"lazy\" decoding=\"async\" width=\"120\" height=\"120\" src=\"https:\/\/veredes.es\/blog\/wp-content\/uploads\/2026\/04\/Centro-Comunitario-Rosa-Parks-SPL-Marne-au-bois-3-\u00a9Milena-Villalba-120x120.jpg\" class=\"attachment-thumbnail size-thumbnail\" alt=\"Centro Comunitario Rosa Parks SPL Marne au bois 3 \u00a9Milena Villalba\" aria-describedby=\"gallery-1-105685\" \/><\/a>\n\t\t\t<\/div>\n\t\t\t\t<figcaption class='wp-caption-text gallery-caption' id='gallery-1-105685'>\n\t\t\t\tCentro Comunitario Rosa Parks | SPL Marne au bois \u00a9Milena Villalba\n\t\t\t\t<\/figcaption><\/figure><figure class='gallery-item'>\n\t\t\t<div class='gallery-icon landscape'>\n\t\t\t\t<a href='https:\/\/veredes.es\/blog\/wp-content\/uploads\/2026\/04\/Centro-Comunitario-Rosa-Parks-SPL-Marne-au-bois-4-\u00a9Milena-Villalba.jpg'><img loading=\"lazy\" decoding=\"async\" width=\"120\" height=\"120\" src=\"https:\/\/veredes.es\/blog\/wp-content\/uploads\/2026\/04\/Centro-Comunitario-Rosa-Parks-SPL-Marne-au-bois-4-\u00a9Milena-Villalba-120x120.jpg\" class=\"attachment-thumbnail size-thumbnail\" alt=\"Centro Comunitario Rosa Parks SPL Marne au bois 4 \u00a9Milena Villalba\" aria-describedby=\"gallery-1-105686\" srcset=\"https:\/\/veredes.es\/blog\/wp-content\/uploads\/2026\/04\/Centro-Comunitario-Rosa-Parks-SPL-Marne-au-bois-4-\u00a9Milena-Villalba-120x120.jpg 120w, https:\/\/veredes.es\/blog\/wp-content\/uploads\/2026\/04\/Centro-Comunitario-Rosa-Parks-SPL-Marne-au-bois-4-\u00a9Milena-Villalba-300x300.jpg 300w, https:\/\/veredes.es\/blog\/wp-content\/uploads\/2026\/04\/Centro-Comunitario-Rosa-Parks-SPL-Marne-au-bois-4-\u00a9Milena-Villalba-1024x1024.jpg 1024w, https:\/\/veredes.es\/blog\/wp-content\/uploads\/2026\/04\/Centro-Comunitario-Rosa-Parks-SPL-Marne-au-bois-4-\u00a9Milena-Villalba-420x420.jpg 420w, https:\/\/veredes.es\/blog\/wp-content\/uploads\/2026\/04\/Centro-Comunitario-Rosa-Parks-SPL-Marne-au-bois-4-\u00a9Milena-Villalba-696x696.jpg 696w, https:\/\/veredes.es\/blog\/wp-content\/uploads\/2026\/04\/Centro-Comunitario-Rosa-Parks-SPL-Marne-au-bois-4-\u00a9Milena-Villalba-1068x1068.jpg 1068w, https:\/\/veredes.es\/blog\/wp-content\/uploads\/2026\/04\/Centro-Comunitario-Rosa-Parks-SPL-Marne-au-bois-4-\u00a9Milena-Villalba.jpg 1400w\" sizes=\"auto, (max-width: 120px) 100vw, 120px\" \/><\/a>\n\t\t\t<\/div>\n\t\t\t\t<figcaption class='wp-caption-text gallery-caption' id='gallery-1-105686'>\n\t\t\t\tCentro Comunitario Rosa Parks | SPL Marne au bois \u00a9Milena Villalba\n\t\t\t\t<\/figcaption><\/figure>\n\t\t<\/div>\n\n<p style=\"text-align: justify;\">El dise\u00f1o arquitect\u00f3nico aprovecha al m\u00e1ximo los recursos presentes en el sitio:<\/p>\n<ul>\n<li style=\"text-align: justify;\">Las piedras de un pabell\u00f3n existente, tras su demolici\u00f3n, fueron reutilizadas para crear mobiliario exterior (bancos). Los ladrillos, tejas y piedras restantes fueron triturados e integrados casi en su totalidad en la base bajo la losa de la planta baja.<\/li>\n<li style=\"text-align: justify;\">Se priorizaron materiales naturales en cada etapa del proyecto: aislamiento en lana de c\u00e1\u00f1amo y madera, suelos de lin\u00f3leo, carpinter\u00eda exterior de madera de abeto, revestimientos en paneles de madera y techos de lana de madera comprimida.<\/li>\n<\/ul>\n<div id='gallery-2' class='gallery galleryid-105671 gallery-columns-4 gallery-size-thumbnail'><figure class='gallery-item'>\n\t\t\t<div class='gallery-icon landscape'>\n\t\t\t\t<a href='https:\/\/veredes.es\/blog\/wp-content\/uploads\/2026\/04\/Centro-Comunitario-Rosa-Parks-SPL-Marne-au-bois-8-Montaje.jpg'><img loading=\"lazy\" decoding=\"async\" width=\"120\" height=\"120\" src=\"https:\/\/veredes.es\/blog\/wp-content\/uploads\/2026\/04\/Centro-Comunitario-Rosa-Parks-SPL-Marne-au-bois-8-Montaje-120x120.jpg\" class=\"attachment-thumbnail size-thumbnail\" alt=\"Centro Comunitario Rosa Parks SPL Marne au bois 8 Montaje\" aria-describedby=\"gallery-2-105679\" \/><\/a>\n\t\t\t<\/div>\n\t\t\t\t<figcaption class='wp-caption-text gallery-caption' id='gallery-2-105679'>\n\t\t\t\tCentro Comunitario Rosa Parks | SPL Marne au bois | Montaje\n\t\t\t\t<\/figcaption><\/figure><figure class='gallery-item'>\n\t\t\t<div class='gallery-icon landscape'>\n\t\t\t\t<a href='https:\/\/veredes.es\/blog\/wp-content\/uploads\/2026\/04\/Centro-Comunitario-Rosa-Parks-SPL-Marne-au-bois-3-Planta.jpg'><img loading=\"lazy\" decoding=\"async\" width=\"120\" height=\"120\" src=\"https:\/\/veredes.es\/blog\/wp-content\/uploads\/2026\/04\/Centro-Comunitario-Rosa-Parks-SPL-Marne-au-bois-3-Planta-120x120.jpg\" class=\"attachment-thumbnail size-thumbnail\" alt=\"Centro Comunitario Rosa Parks SPL Marne au bois 3 Planta\" aria-describedby=\"gallery-2-105680\" \/><\/a>\n\t\t\t<\/div>\n\t\t\t\t<figcaption class='wp-caption-text gallery-caption' id='gallery-2-105680'>\n\t\t\t\tCentro Comunitario Rosa Parks | SPL Marne au bois | Planta\n\t\t\t\t<\/figcaption><\/figure><figure class='gallery-item'>\n\t\t\t<div class='gallery-icon landscape'>\n\t\t\t\t<a href='https:\/\/veredes.es\/blog\/wp-content\/uploads\/2026\/04\/Centro-Comunitario-Rosa-Parks-SPL-Marne-au-bois-5-Alzado-despiece.jpg'><img loading=\"lazy\" decoding=\"async\" width=\"120\" height=\"120\" src=\"https:\/\/veredes.es\/blog\/wp-content\/uploads\/2026\/04\/Centro-Comunitario-Rosa-Parks-SPL-Marne-au-bois-5-Alzado-despiece-120x120.jpg\" class=\"attachment-thumbnail size-thumbnail\" alt=\"Centro Comunitario Rosa Parks SPL Marne au bois 5 Alzado despiece\" aria-describedby=\"gallery-2-105681\" \/><\/a>\n\t\t\t<\/div>\n\t\t\t\t<figcaption class='wp-caption-text gallery-caption' id='gallery-2-105681'>\n\t\t\t\tCentro Comunitario Rosa Parks | SPL Marne au bois | Alzado despiece\n\t\t\t\t<\/figcaption><\/figure><figure class='gallery-item'>\n\t\t\t<div class='gallery-icon landscape'>\n\t\t\t\t<a href='https:\/\/veredes.es\/blog\/wp-content\/uploads\/2026\/04\/Centro-Comunitario-Rosa-Parks-SPL-Marne-au-bois-6-Alzados.jpg'><img loading=\"lazy\" decoding=\"async\" width=\"120\" height=\"120\" src=\"https:\/\/veredes.es\/blog\/wp-content\/uploads\/2026\/04\/Centro-Comunitario-Rosa-Parks-SPL-Marne-au-bois-6-Alzados-120x120.jpg\" class=\"attachment-thumbnail size-thumbnail\" alt=\"Centro Comunitario Rosa Parks SPL Marne au bois 6 Alzados\" aria-describedby=\"gallery-2-105682\" srcset=\"https:\/\/veredes.es\/blog\/wp-content\/uploads\/2026\/04\/Centro-Comunitario-Rosa-Parks-SPL-Marne-au-bois-6-Alzados-120x120.jpg 120w, https:\/\/veredes.es\/blog\/wp-content\/uploads\/2026\/04\/Centro-Comunitario-Rosa-Parks-SPL-Marne-au-bois-6-Alzados-300x300.jpg 300w, https:\/\/veredes.es\/blog\/wp-content\/uploads\/2026\/04\/Centro-Comunitario-Rosa-Parks-SPL-Marne-au-bois-6-Alzados-1024x1024.jpg 1024w, https:\/\/veredes.es\/blog\/wp-content\/uploads\/2026\/04\/Centro-Comunitario-Rosa-Parks-SPL-Marne-au-bois-6-Alzados-420x420.jpg 420w, https:\/\/veredes.es\/blog\/wp-content\/uploads\/2026\/04\/Centro-Comunitario-Rosa-Parks-SPL-Marne-au-bois-6-Alzados-696x696.jpg 696w, https:\/\/veredes.es\/blog\/wp-content\/uploads\/2026\/04\/Centro-Comunitario-Rosa-Parks-SPL-Marne-au-bois-6-Alzados-1068x1068.jpg 1068w, https:\/\/veredes.es\/blog\/wp-content\/uploads\/2026\/04\/Centro-Comunitario-Rosa-Parks-SPL-Marne-au-bois-6-Alzados.jpg 1400w\" sizes=\"auto, (max-width: 120px) 100vw, 120px\" \/><\/a>\n\t\t\t<\/div>\n\t\t\t\t<figcaption class='wp-caption-text gallery-caption' id='gallery-2-105682'>\n\t\t\t\tCentro Comunitario Rosa Parks | SPL Marne au bois | Alzados\n\t\t\t\t<\/figcaption><\/figure>\n\t\t<\/div>\n\n<p>Obra: Centro Comunitario \u00abRosa Parks\u00bb<br \/>\nEmplazamiento: Fontenay-sous-Bois (93), Francia<br \/>\nA\u00f1o: 2024<br \/>\nGesti\u00f3n de proyectos: SPL Marne au bois<br \/>\nEquipo de gesti\u00f3n del proyecto:<br \/>\nAtelier MJA (Maxime Jansens) &#8211; Arquitecto<br \/>\nMake ing\u00e9nierie &#8211; estructura<br \/>\nWor ing\u00e9nierie &#8211; Fluidos, t\u00e9rmica, medio ambiente<br \/>\nATEC &#8211; Econom\u00eda de la Construcci\u00f3n<br \/>\nFotograf\u00eda: <span style=\"color: #999999;\"><a style=\"color: #999999;\" href=\"https:\/\/milenavillalba.com\/\" target=\"_blank\" rel=\"noopener\">Milena Villalba<\/a><\/span><br \/>\n<a href=\"https:\/\/mab-spl.fr\/\" target=\"_blank\" rel=\"noopener\"><span style=\"color: #999999;\">+ mab-spl.fr<\/span><\/a><\/p>\n","protected":false},"excerpt":{"rendered":"<p>La sala Rosa Parks, con una programaci\u00f3n rica y elaborada en concertaci\u00f3n con los habitantes, encuentra su lugar en el coraz\u00f3n de un nuevo parque paisaj\u00edstico, dise\u00f1ado y realizado simult\u00e1neamente. Este espacio de proximidad est\u00e1 dedicado a las asociaciones locales, as\u00ed como a los ni\u00f1os de la escuela vecina, para actividades de ocio, eventos culturales [&hellip;]<\/p>\n","protected":false},"author":2,"featured_media":105673,"comment_status":"open","ping_status":"closed","sticky":false,"template":"","format":"standard","meta":{"footnotes":""},"categories":[34,47,488,23,5951],"tags":[7414,13218,7089,18366,2035,286,12456,12457,7058,18367,18368],"class_list":{"0":"post-105671","1":"post","2":"type-post","3":"status-publish","4":"format-standard","5":"has-post-thumbnail","7":"category-arquitectura","8":"category-equipamiento-cultural-arquitectura-obras","9":"category-equipamiento-dotacional","10":"category-obras","11":"category-slider-principal","12":"tag-arquitectura-bioclimatica","13":"tag-arquitectura-de-ladrillo","14":"tag-arquitectura-francesa","15":"tag-atelier-mja","16":"tag-centro-civico","17":"tag-centro-cultural","18":"tag-equipamiento-cultural","19":"tag-equipamiento-dotacional","20":"tag-materialidad","21":"tag-maxime-jansens","22":"tag-spl-marne-au-bois"},"yoast_head":"<!-- This site is optimized with the Yoast SEO plugin v27.5 - https:\/\/yoast.com\/product\/yoast-seo-wordpress\/ -->\n<title>Centro Comunitario &quot;Rosa Parks&quot; | SPL Marne au bois - veredes<\/title>\n<meta name=\"description\" content=\"Toda la informaci\u00f3n sobre: Centro Comunitario &quot;Rosa Parks&quot; | SPL Marne au bois\" \/>\n<meta name=\"robots\" content=\"index, follow, max-snippet:-1, max-image-preview:large, max-video-preview:-1\" \/>\n<link rel=\"canonical\" href=\"https:\/\/veredes.es\/blog\/centro-comunitario-rosa-parks-spl-marne-au-bois\/\" \/>\n<meta property=\"og:locale\" content=\"es_ES\" \/>\n<meta property=\"og:type\" content=\"article\" \/>\n<meta property=\"og:title\" content=\"Centro Comunitario &quot;Rosa Parks&quot; | SPL Marne au bois - veredes\" \/>\n<meta property=\"og:description\" content=\"Toda la informaci\u00f3n sobre: Centro Comunitario &quot;Rosa Parks&quot; | SPL Marne au bois\" \/>\n<meta property=\"og:url\" content=\"https:\/\/veredes.es\/blog\/centro-comunitario-rosa-parks-spl-marne-au-bois\/\" \/>\n<meta property=\"og:site_name\" content=\"veredes, arquitectura y divulgaci\u00f3n\" \/>\n<meta property=\"article:publisher\" content=\"https:\/\/www.facebook.com\/veredesArquitecturayDivulgacion\/\" \/>\n<meta property=\"article:author\" content=\"https:\/\/www.facebook.com\/veredesArquitecturayDivulgacion\/\" \/>\n<meta property=\"article:published_time\" content=\"2026-04-28T22:01:38+00:00\" \/>\n<meta property=\"og:image\" content=\"https:\/\/veredes.es\/blog\/wp-content\/uploads\/2026\/04\/Centro-Comunitario-Rosa-Parks-SPL-Marne-au-bois-1-\u00a9Milena-Villalba.jpg\" \/>\n\t<meta property=\"og:image:width\" content=\"1000\" \/>\n\t<meta property=\"og:image:height\" content=\"714\" \/>\n\t<meta property=\"og:image:type\" content=\"image\/jpeg\" \/>\n<meta name=\"author\" content=\"veredes\" \/>\n<meta name=\"twitter:card\" content=\"summary_large_image\" \/>\n<meta name=\"twitter:creator\" content=\"@https:\/\/twitter.com\/veredes\" \/>\n<meta name=\"twitter:site\" content=\"@veredes\" \/>\n<meta name=\"twitter:label1\" content=\"Escrito por\" \/>\n\t<meta name=\"twitter:data1\" content=\"veredes\" \/>\n\t<meta name=\"twitter:label2\" content=\"Tiempo de lectura\" \/>\n\t<meta name=\"twitter:data2\" content=\"7 minutos\" \/>\n<script type=\"application\/ld+json\" class=\"yoast-schema-graph\">{\"@context\":\"https:\\\/\\\/schema.org\",\"@graph\":[{\"@type\":\"Article\",\"@id\":\"https:\\\/\\\/veredes.es\\\/blog\\\/centro-comunitario-rosa-parks-spl-marne-au-bois\\\/#article\",\"isPartOf\":{\"@id\":\"https:\\\/\\\/veredes.es\\\/blog\\\/centro-comunitario-rosa-parks-spl-marne-au-bois\\\/\"},\"author\":{\"name\":\"veredes\",\"@id\":\"https:\\\/\\\/veredes.es\\\/blog\\\/#\\\/schema\\\/person\\\/0bbb669073ef7faba5168a0844e93d2c\"},\"headline\":\"Centro Comunitario \u00abRosa Parks\u00bb | SPL Marne au bois\",\"datePublished\":\"2026-04-28T22:01:38+00:00\",\"mainEntityOfPage\":{\"@id\":\"https:\\\/\\\/veredes.es\\\/blog\\\/centro-comunitario-rosa-parks-spl-marne-au-bois\\\/\"},\"wordCount\":1218,\"commentCount\":0,\"publisher\":{\"@id\":\"https:\\\/\\\/veredes.es\\\/blog\\\/#organization\"},\"image\":{\"@id\":\"https:\\\/\\\/veredes.es\\\/blog\\\/centro-comunitario-rosa-parks-spl-marne-au-bois\\\/#primaryimage\"},\"thumbnailUrl\":\"https:\\\/\\\/veredes.es\\\/blog\\\/wp-content\\\/uploads\\\/2026\\\/04\\\/Centro-Comunitario-Rosa-Parks-SPL-Marne-au-bois-1-\u00a9Milena-Villalba.jpg\",\"keywords\":[\"arquitectura bioclim\u00e1tica\",\"arquitectura de ladrillo\",\"arquitectura francesa\",\"Atelier MJA\",\"centro c\u00edvico\",\"centro cultural\",\"equipamiento cultural\",\"equipamiento dotacional\",\"materialidad\",\"Maxime Jansens\",\"SPL Marne au bois\"],\"articleSection\":[\"arquitectura\",\"equipamiento cultural\",\"equipamiento dotacional\",\"obras\",\"slider principal\"],\"inLanguage\":\"es\",\"potentialAction\":[{\"@type\":\"CommentAction\",\"name\":\"Comment\",\"target\":[\"https:\\\/\\\/veredes.es\\\/blog\\\/centro-comunitario-rosa-parks-spl-marne-au-bois\\\/#respond\"]}]},{\"@type\":\"WebPage\",\"@id\":\"https:\\\/\\\/veredes.es\\\/blog\\\/centro-comunitario-rosa-parks-spl-marne-au-bois\\\/\",\"url\":\"https:\\\/\\\/veredes.es\\\/blog\\\/centro-comunitario-rosa-parks-spl-marne-au-bois\\\/\",\"name\":\"Centro Comunitario \\\"Rosa Parks\\\" | SPL Marne au bois - veredes\",\"isPartOf\":{\"@id\":\"https:\\\/\\\/veredes.es\\\/blog\\\/#website\"},\"primaryImageOfPage\":{\"@id\":\"https:\\\/\\\/veredes.es\\\/blog\\\/centro-comunitario-rosa-parks-spl-marne-au-bois\\\/#primaryimage\"},\"image\":{\"@id\":\"https:\\\/\\\/veredes.es\\\/blog\\\/centro-comunitario-rosa-parks-spl-marne-au-bois\\\/#primaryimage\"},\"thumbnailUrl\":\"https:\\\/\\\/veredes.es\\\/blog\\\/wp-content\\\/uploads\\\/2026\\\/04\\\/Centro-Comunitario-Rosa-Parks-SPL-Marne-au-bois-1-\u00a9Milena-Villalba.jpg\",\"datePublished\":\"2026-04-28T22:01:38+00:00\",\"description\":\"Toda la informaci\u00f3n sobre: Centro Comunitario \\\"Rosa Parks\\\" | SPL Marne au bois\",\"breadcrumb\":{\"@id\":\"https:\\\/\\\/veredes.es\\\/blog\\\/centro-comunitario-rosa-parks-spl-marne-au-bois\\\/#breadcrumb\"},\"inLanguage\":\"es\",\"potentialAction\":[{\"@type\":\"ReadAction\",\"target\":[\"https:\\\/\\\/veredes.es\\\/blog\\\/centro-comunitario-rosa-parks-spl-marne-au-bois\\\/\"]}]},{\"@type\":\"ImageObject\",\"inLanguage\":\"es\",\"@id\":\"https:\\\/\\\/veredes.es\\\/blog\\\/centro-comunitario-rosa-parks-spl-marne-au-bois\\\/#primaryimage\",\"url\":\"https:\\\/\\\/veredes.es\\\/blog\\\/wp-content\\\/uploads\\\/2026\\\/04\\\/Centro-Comunitario-Rosa-Parks-SPL-Marne-au-bois-1-\u00a9Milena-Villalba.jpg\",\"contentUrl\":\"https:\\\/\\\/veredes.es\\\/blog\\\/wp-content\\\/uploads\\\/2026\\\/04\\\/Centro-Comunitario-Rosa-Parks-SPL-Marne-au-bois-1-\u00a9Milena-Villalba.jpg\",\"width\":1000,\"height\":714,\"caption\":\"Centro Comunitario \\\"Rosa Parks\\\" | SPL Marne au bois \u00a9 Milena Villalba\"},{\"@type\":\"BreadcrumbList\",\"@id\":\"https:\\\/\\\/veredes.es\\\/blog\\\/centro-comunitario-rosa-parks-spl-marne-au-bois\\\/#breadcrumb\",\"itemListElement\":[{\"@type\":\"ListItem\",\"position\":1,\"name\":\"Portada\",\"item\":\"https:\\\/\\\/veredes.es\\\/blog\\\/\"},{\"@type\":\"ListItem\",\"position\":2,\"name\":\"Centro Comunitario \u00abRosa Parks\u00bb | SPL Marne au bois\"}]},{\"@type\":\"WebSite\",\"@id\":\"https:\\\/\\\/veredes.es\\\/blog\\\/#website\",\"url\":\"https:\\\/\\\/veredes.es\\\/blog\\\/\",\"name\":\"veredes, arquitectura y divulgaci\u00f3n\",\"description\":\"veredes\",\"publisher\":{\"@id\":\"https:\\\/\\\/veredes.es\\\/blog\\\/#organization\"},\"alternateName\":\"veredes\",\"potentialAction\":[{\"@type\":\"SearchAction\",\"target\":{\"@type\":\"EntryPoint\",\"urlTemplate\":\"https:\\\/\\\/veredes.es\\\/blog\\\/?s={search_term_string}\"},\"query-input\":{\"@type\":\"PropertyValueSpecification\",\"valueRequired\":true,\"valueName\":\"search_term_string\"}}],\"inLanguage\":\"es\"},{\"@type\":\"Organization\",\"@id\":\"https:\\\/\\\/veredes.es\\\/blog\\\/#organization\",\"name\":\"veredes, arquitectura y divulgaci\u00f3n\",\"alternateName\":\"veredes\",\"url\":\"https:\\\/\\\/veredes.es\\\/blog\\\/\",\"logo\":{\"@type\":\"ImageObject\",\"inLanguage\":\"es\",\"@id\":\"https:\\\/\\\/veredes.es\\\/blog\\\/#\\\/schema\\\/logo\\\/image\\\/\",\"url\":\"https:\\\/\\\/veredes.es\\\/blog\\\/wp-content\\\/uploads\\\/2021\\\/12\\\/veredes-logo-centrado_140x54.png\",\"contentUrl\":\"https:\\\/\\\/veredes.es\\\/blog\\\/wp-content\\\/uploads\\\/2021\\\/12\\\/veredes-logo-centrado_140x54.png\",\"width\":140,\"height\":54,\"caption\":\"veredes, arquitectura y divulgaci\u00f3n\"},\"image\":{\"@id\":\"https:\\\/\\\/veredes.es\\\/blog\\\/#\\\/schema\\\/logo\\\/image\\\/\"},\"sameAs\":[\"https:\\\/\\\/www.facebook.com\\\/veredesArquitecturayDivulgacion\\\/\",\"https:\\\/\\\/x.com\\\/veredes\",\"https:\\\/\\\/instagram.com\\\/veredes\\\/\",\"https:\\\/\\\/www.linkedin.com\\\/company\\\/veredes-arquitectura-y-divulgacion\\\/\",\"https:\\\/\\\/es.pinterest.com\\\/veredes\\\/\",\"https:\\\/\\\/www.tumblr.com\\\/veredes\"]},{\"@type\":\"Person\",\"@id\":\"https:\\\/\\\/veredes.es\\\/blog\\\/#\\\/schema\\\/person\\\/0bbb669073ef7faba5168a0844e93d2c\",\"name\":\"veredes\",\"image\":{\"@type\":\"ImageObject\",\"inLanguage\":\"es\",\"@id\":\"https:\\\/\\\/veredes.es\\\/blog\\\/wp-content\\\/uploads\\\/2018\\\/04\\\/face-96x96.jpg\",\"url\":\"https:\\\/\\\/veredes.es\\\/blog\\\/wp-content\\\/uploads\\\/2018\\\/04\\\/face-96x96.jpg\",\"contentUrl\":\"https:\\\/\\\/veredes.es\\\/blog\\\/wp-content\\\/uploads\\\/2018\\\/04\\\/face-96x96.jpg\",\"caption\":\"veredes\"},\"description\":\"Surge enero de 2009 como b\u00fasqueda de satisfacer el conocimiento de la actividad arquitect\u00f3nica y tangentes que se generan. La idea es crear un espacio para divulgar los diversos proyectos en busca de nueva inspiraci\u00f3n y de intercambio.\",\"sameAs\":[\"https:\\\/\\\/veredes.es\\\/\",\"https:\\\/\\\/www.facebook.com\\\/veredesArquitecturayDivulgacion\\\/\",\"https:\\\/\\\/www.instagram.com\\\/veredes\\\/\",\"https:\\\/\\\/www.linkedin.com\\\/company\\\/veredes-arquitectura-y-divulgacion\\\/\",\"https:\\\/\\\/www.pinterest.es\\\/veredes\\\/\",\"https:\\\/\\\/x.com\\\/https:\\\/\\\/twitter.com\\\/veredes\",\"https:\\\/\\\/veredes.tumblr.com\\\/\"],\"url\":\"https:\\\/\\\/veredes.es\\\/blog\\\/author\\\/alberto\\\/\"}]}<\/script>\n<!-- \/ Yoast SEO plugin. -->","yoast_head_json":{"title":"Centro Comunitario \"Rosa Parks\" | SPL Marne au bois - veredes","description":"Toda la informaci\u00f3n sobre: Centro Comunitario \"Rosa Parks\" | SPL Marne au bois","robots":{"index":"index","follow":"follow","max-snippet":"max-snippet:-1","max-image-preview":"max-image-preview:large","max-video-preview":"max-video-preview:-1"},"canonical":"https:\/\/veredes.es\/blog\/centro-comunitario-rosa-parks-spl-marne-au-bois\/","og_locale":"es_ES","og_type":"article","og_title":"Centro Comunitario \"Rosa Parks\" | SPL Marne au bois - veredes","og_description":"Toda la informaci\u00f3n sobre: Centro Comunitario \"Rosa Parks\" | SPL Marne au bois","og_url":"https:\/\/veredes.es\/blog\/centro-comunitario-rosa-parks-spl-marne-au-bois\/","og_site_name":"veredes, arquitectura y divulgaci\u00f3n","article_publisher":"https:\/\/www.facebook.com\/veredesArquitecturayDivulgacion\/","article_author":"https:\/\/www.facebook.com\/veredesArquitecturayDivulgacion\/","article_published_time":"2026-04-28T22:01:38+00:00","og_image":[{"width":1000,"height":714,"url":"https:\/\/veredes.es\/blog\/wp-content\/uploads\/2026\/04\/Centro-Comunitario-Rosa-Parks-SPL-Marne-au-bois-1-\u00a9Milena-Villalba.jpg","type":"image\/jpeg"}],"author":"veredes","twitter_card":"summary_large_image","twitter_creator":"@https:\/\/twitter.com\/veredes","twitter_site":"@veredes","twitter_misc":{"Escrito por":"veredes","Tiempo de lectura":"7 minutos"},"schema":{"@context":"https:\/\/schema.org","@graph":[{"@type":"Article","@id":"https:\/\/veredes.es\/blog\/centro-comunitario-rosa-parks-spl-marne-au-bois\/#article","isPartOf":{"@id":"https:\/\/veredes.es\/blog\/centro-comunitario-rosa-parks-spl-marne-au-bois\/"},"author":{"name":"veredes","@id":"https:\/\/veredes.es\/blog\/#\/schema\/person\/0bbb669073ef7faba5168a0844e93d2c"},"headline":"Centro Comunitario \u00abRosa Parks\u00bb | SPL Marne au bois","datePublished":"2026-04-28T22:01:38+00:00","mainEntityOfPage":{"@id":"https:\/\/veredes.es\/blog\/centro-comunitario-rosa-parks-spl-marne-au-bois\/"},"wordCount":1218,"commentCount":0,"publisher":{"@id":"https:\/\/veredes.es\/blog\/#organization"},"image":{"@id":"https:\/\/veredes.es\/blog\/centro-comunitario-rosa-parks-spl-marne-au-bois\/#primaryimage"},"thumbnailUrl":"https:\/\/veredes.es\/blog\/wp-content\/uploads\/2026\/04\/Centro-Comunitario-Rosa-Parks-SPL-Marne-au-bois-1-\u00a9Milena-Villalba.jpg","keywords":["arquitectura bioclim\u00e1tica","arquitectura de ladrillo","arquitectura francesa","Atelier MJA","centro c\u00edvico","centro cultural","equipamiento cultural","equipamiento dotacional","materialidad","Maxime Jansens","SPL Marne au bois"],"articleSection":["arquitectura","equipamiento cultural","equipamiento dotacional","obras","slider principal"],"inLanguage":"es","potentialAction":[{"@type":"CommentAction","name":"Comment","target":["https:\/\/veredes.es\/blog\/centro-comunitario-rosa-parks-spl-marne-au-bois\/#respond"]}]},{"@type":"WebPage","@id":"https:\/\/veredes.es\/blog\/centro-comunitario-rosa-parks-spl-marne-au-bois\/","url":"https:\/\/veredes.es\/blog\/centro-comunitario-rosa-parks-spl-marne-au-bois\/","name":"Centro Comunitario \"Rosa Parks\" | SPL Marne au bois - veredes","isPartOf":{"@id":"https:\/\/veredes.es\/blog\/#website"},"primaryImageOfPage":{"@id":"https:\/\/veredes.es\/blog\/centro-comunitario-rosa-parks-spl-marne-au-bois\/#primaryimage"},"image":{"@id":"https:\/\/veredes.es\/blog\/centro-comunitario-rosa-parks-spl-marne-au-bois\/#primaryimage"},"thumbnailUrl":"https:\/\/veredes.es\/blog\/wp-content\/uploads\/2026\/04\/Centro-Comunitario-Rosa-Parks-SPL-Marne-au-bois-1-\u00a9Milena-Villalba.jpg","datePublished":"2026-04-28T22:01:38+00:00","description":"Toda la informaci\u00f3n sobre: Centro Comunitario \"Rosa Parks\" | SPL Marne au bois","breadcrumb":{"@id":"https:\/\/veredes.es\/blog\/centro-comunitario-rosa-parks-spl-marne-au-bois\/#breadcrumb"},"inLanguage":"es","potentialAction":[{"@type":"ReadAction","target":["https:\/\/veredes.es\/blog\/centro-comunitario-rosa-parks-spl-marne-au-bois\/"]}]},{"@type":"ImageObject","inLanguage":"es","@id":"https:\/\/veredes.es\/blog\/centro-comunitario-rosa-parks-spl-marne-au-bois\/#primaryimage","url":"https:\/\/veredes.es\/blog\/wp-content\/uploads\/2026\/04\/Centro-Comunitario-Rosa-Parks-SPL-Marne-au-bois-1-\u00a9Milena-Villalba.jpg","contentUrl":"https:\/\/veredes.es\/blog\/wp-content\/uploads\/2026\/04\/Centro-Comunitario-Rosa-Parks-SPL-Marne-au-bois-1-\u00a9Milena-Villalba.jpg","width":1000,"height":714,"caption":"Centro Comunitario \"Rosa Parks\" | SPL Marne au bois \u00a9 Milena Villalba"},{"@type":"BreadcrumbList","@id":"https:\/\/veredes.es\/blog\/centro-comunitario-rosa-parks-spl-marne-au-bois\/#breadcrumb","itemListElement":[{"@type":"ListItem","position":1,"name":"Portada","item":"https:\/\/veredes.es\/blog\/"},{"@type":"ListItem","position":2,"name":"Centro Comunitario \u00abRosa Parks\u00bb | SPL Marne au bois"}]},{"@type":"WebSite","@id":"https:\/\/veredes.es\/blog\/#website","url":"https:\/\/veredes.es\/blog\/","name":"veredes, arquitectura y divulgaci\u00f3n","description":"veredes","publisher":{"@id":"https:\/\/veredes.es\/blog\/#organization"},"alternateName":"veredes","potentialAction":[{"@type":"SearchAction","target":{"@type":"EntryPoint","urlTemplate":"https:\/\/veredes.es\/blog\/?s={search_term_string}"},"query-input":{"@type":"PropertyValueSpecification","valueRequired":true,"valueName":"search_term_string"}}],"inLanguage":"es"},{"@type":"Organization","@id":"https:\/\/veredes.es\/blog\/#organization","name":"veredes, arquitectura y divulgaci\u00f3n","alternateName":"veredes","url":"https:\/\/veredes.es\/blog\/","logo":{"@type":"ImageObject","inLanguage":"es","@id":"https:\/\/veredes.es\/blog\/#\/schema\/logo\/image\/","url":"https:\/\/veredes.es\/blog\/wp-content\/uploads\/2021\/12\/veredes-logo-centrado_140x54.png","contentUrl":"https:\/\/veredes.es\/blog\/wp-content\/uploads\/2021\/12\/veredes-logo-centrado_140x54.png","width":140,"height":54,"caption":"veredes, arquitectura y divulgaci\u00f3n"},"image":{"@id":"https:\/\/veredes.es\/blog\/#\/schema\/logo\/image\/"},"sameAs":["https:\/\/www.facebook.com\/veredesArquitecturayDivulgacion\/","https:\/\/x.com\/veredes","https:\/\/instagram.com\/veredes\/","https:\/\/www.linkedin.com\/company\/veredes-arquitectura-y-divulgacion\/","https:\/\/es.pinterest.com\/veredes\/","https:\/\/www.tumblr.com\/veredes"]},{"@type":"Person","@id":"https:\/\/veredes.es\/blog\/#\/schema\/person\/0bbb669073ef7faba5168a0844e93d2c","name":"veredes","image":{"@type":"ImageObject","inLanguage":"es","@id":"https:\/\/veredes.es\/blog\/wp-content\/uploads\/2018\/04\/face-96x96.jpg","url":"https:\/\/veredes.es\/blog\/wp-content\/uploads\/2018\/04\/face-96x96.jpg","contentUrl":"https:\/\/veredes.es\/blog\/wp-content\/uploads\/2018\/04\/face-96x96.jpg","caption":"veredes"},"description":"Surge enero de 2009 como b\u00fasqueda de satisfacer el conocimiento de la actividad arquitect\u00f3nica y tangentes que se generan. La idea es crear un espacio para divulgar los diversos proyectos en busca de nueva inspiraci\u00f3n y de intercambio.","sameAs":["https:\/\/veredes.es\/","https:\/\/www.facebook.com\/veredesArquitecturayDivulgacion\/","https:\/\/www.instagram.com\/veredes\/","https:\/\/www.linkedin.com\/company\/veredes-arquitectura-y-divulgacion\/","https:\/\/www.pinterest.es\/veredes\/","https:\/\/x.com\/https:\/\/twitter.com\/veredes","https:\/\/veredes.tumblr.com\/"],"url":"https:\/\/veredes.es\/blog\/author\/alberto\/"}]}},"_links":{"self":[{"href":"https:\/\/veredes.es\/blog\/wp-json\/wp\/v2\/posts\/105671","targetHints":{"allow":["GET"]}}],"collection":[{"href":"https:\/\/veredes.es\/blog\/wp-json\/wp\/v2\/posts"}],"about":[{"href":"https:\/\/veredes.es\/blog\/wp-json\/wp\/v2\/types\/post"}],"author":[{"embeddable":true,"href":"https:\/\/veredes.es\/blog\/wp-json\/wp\/v2\/users\/2"}],"replies":[{"embeddable":true,"href":"https:\/\/veredes.es\/blog\/wp-json\/wp\/v2\/comments?post=105671"}],"version-history":[{"count":3,"href":"https:\/\/veredes.es\/blog\/wp-json\/wp\/v2\/posts\/105671\/revisions"}],"predecessor-version":[{"id":105776,"href":"https:\/\/veredes.es\/blog\/wp-json\/wp\/v2\/posts\/105671\/revisions\/105776"}],"wp:featuredmedia":[{"embeddable":true,"href":"https:\/\/veredes.es\/blog\/wp-json\/wp\/v2\/media\/105673"}],"wp:attachment":[{"href":"https:\/\/veredes.es\/blog\/wp-json\/wp\/v2\/media?parent=105671"}],"wp:term":[{"taxonomy":"category","embeddable":true,"href":"https:\/\/veredes.es\/blog\/wp-json\/wp\/v2\/categories?post=105671"},{"taxonomy":"post_tag","embeddable":true,"href":"https:\/\/veredes.es\/blog\/wp-json\/wp\/v2\/tags?post=105671"}],"curies":[{"name":"wp","href":"https:\/\/api.w.org\/{rel}","templated":true}]}}