{"id":10480,"date":"2011-02-09T08:47:59","date_gmt":"2011-02-09T08:47:59","guid":{"rendered":"http:\/\/veredes.es\/blog\/?p=10480"},"modified":"2019-12-27T14:36:31","modified_gmt":"2019-12-27T13:36:31","slug":"casa-collage","status":"publish","type":"post","link":"https:\/\/veredes.es\/blog\/casa-collage\/","title":{"rendered":"Casa collage"},"content":{"rendered":"<p><\/p>\n<p style=\"text-align: justify;\">Este libro constituye un conjunto de observaciones alrededor de la casa. Se propone aqu\u00ed una forma indirecta de abordar el tema dom\u00e9stico, no a trav\u00e9s de la historia de la casa, de su clasificaci\u00f3n tipol\u00f3gica, o de sus hitos, sino desde todo aquello que guarda relaci\u00f3n con sus usos. Casa Collage pretende ser una gu\u00eda para hacer viviendas, que no para construirlas El libro va dirigido ya no tan s\u00f3lo a profesionales o estudiantes de arquitectura, sino que pretende contribuir a formar una opini\u00f3n sobre la casa a aquellos que la habitan.<\/p>\n<p><a href=\"https:\/\/veredes.es\/blog\/wp-content\/uploads\/2011\/02\/9788425218699_04_m.jpg\"><img loading=\"lazy\" decoding=\"async\" title=\"9788425218699_04_m\" src=\"https:\/\/veredes.es\/blog\/wp-content\/uploads\/2011\/02\/9788425218699_04_m.jpg\" alt=\"\" width=\"620\" height=\"623\" \/><\/a><\/p>\n<p style=\"text-align: justify;\"><strong>Pere Fuertes<\/strong> es arquitecto y profesor de proyectos de la Escuela de arquitectura de San Cugat del Vall\u00e9s. Es co-autor de la monograf\u00eda \u00abMitre F. J. Barba Corsini\u00bb.<\/p>\n<p style=\"text-align: justify;\"><strong>Xavier Monteys<\/strong> es arquitecto y profesor de proyectos de la Escuela de arquitectura de San Cugat del Vall\u00e9s. Ha sido miembro de la redacci\u00f3n de la revista \u00ab2C Construcci\u00f3n de la Ciudad\u00bb. Es autor de \u00abLa gran m\u00e1quina. La ciudad en le Corbiusier\u00bb y \u00abLa Arquitectura de los a\u00f1os 50 en Barcelona\u00bb.<\/p>\n<div><object style=\"width: 620px; height: 158px;\" width=\"100\" height=\"100\" classid=\"clsid:d27cdb6e-ae6d-11cf-96b8-444553540000\" codebase=\"http:\/\/download.macromedia.com\/pub\/shockwave\/cabs\/flash\/swflash.cab#version=6,0,40,0\"><param name=\"allowfullscreen\" value=\"true\" \/><param name=\"menu\" value=\"false\" \/><param name=\"src\" value=\"http:\/\/static.issuu.com\/webembed\/viewers\/style1\/v1\/IssuuViewer.swf?mode=embed&amp;layout=http%3A%2F%2Fskin.issuu.com%2Fv%2Flight%2Flayout.xml&amp;showFlipBtn=true&amp;documentId=100824153601-7929234ff43d43ab87a8ab27e377b4e3&amp;docName=casa_collage&amp;username=tap2008&amp;loadingInfoText=Casa%20Collage&amp;et=1297245217801&amp;er=68\" \/><param name=\"flashvars\" value=\"mode=embed&amp;layout=http%3A%2F%2Fskin.issuu.com%2Fv%2Flight%2Flayout.xml&amp;showFlipBtn=true&amp;documentId=100824153601-7929234ff43d43ab87a8ab27e377b4e3&amp;docName=casa_collage&amp;username=tap2008&amp;loadingInfoText=Casa%20Collage&amp;et=1297245217801&amp;er=68\" \/><embed style=\"width: 620px; height: 158px;\" width=\"100\" height=\"100\" type=\"application\/x-shockwave-flash\" src=\"http:\/\/static.issuu.com\/webembed\/viewers\/style1\/v1\/IssuuViewer.swf?mode=embed&amp;layout=http%3A%2F%2Fskin.issuu.com%2Fv%2Flight%2Flayout.xml&amp;showFlipBtn=true&amp;documentId=100824153601-7929234ff43d43ab87a8ab27e377b4e3&amp;docName=casa_collage&amp;username=tap2008&amp;loadingInfoText=Casa%20Collage&amp;et=1297245217801&amp;er=68\" allowfullscreen=\"true\" menu=\"false\" flashvars=\"mode=embed&amp;layout=http%3A%2F%2Fskin.issuu.com%2Fv%2Flight%2Flayout.xml&amp;showFlipBtn=true&amp;documentId=100824153601-7929234ff43d43ab87a8ab27e377b4e3&amp;docName=casa_collage&amp;username=tap2008&amp;loadingInfoText=Casa%20Collage&amp;et=1297245217801&amp;er=68\" \/><\/object><\/div>\n<p><iframe loading=\"lazy\" style=\"width: 120px; height: 240px;\" src=\"http:\/\/rcm-eu.amazon-adsystem.com\/e\/cm?t=veredes-21&amp;o=30&amp;p=8&amp;l=as1&amp;asins=8425218691&amp;ref=tf_til&amp;fc1=000000&amp;IS2=1&amp;lt1=_blank&amp;m=amazon&amp;lc1=ED9913&amp;bc1=000000&amp;bg1=FFFFFF&amp;f=ifr\" frameborder=\"0\" marginwidth=\"0\" marginheight=\"0\" scrolling=\"no\" width=\"320\" height=\"240\"><\/iframe> <iframe src=\"http:\/\/rcm-eu.amazon-adsystem.com\/e\/cm?t=wwwveredeses-21&#038;o=30&#038;p=8&#038;l=as1&#038;asins=8425227399&#038;ref=tf_til&#038;fc1=E9940D&#038;IS2=1&#038;lt1=_blank&#038;m=amazon&#038;lc1=575760&#038;bc1=FFFFFF&#038;bg1=FFFFFF&#038;f=ifr\" style=\"width:120px;height:240px;\" scrolling=\"no\" marginwidth=\"0\" marginheight=\"0\" frameborder=\"0\"><\/iframe> <iframe src=\"http:\/\/rcm-eu.amazon-adsystem.com\/e\/cm?t=wwwveredeses-21&#038;o=30&#038;p=8&#038;l=as1&#038;asins=8476281838&#038;ref=tf_til&#038;fc1=E9940D&#038;IS2=1&#038;lt1=_blank&#038;m=amazon&#038;lc1=575760&#038;bc1=FFFFFF&#038;bg1=FFFFFF&#038;f=ifr\" style=\"width:120px;height:240px;\" scrolling=\"no\" marginwidth=\"0\" marginheight=\"0\" frameborder=\"0\"><\/iframe> <iframe src=\"http:\/\/rcm-eu.amazon-adsystem.com\/e\/cm?t=wwwveredeses-21&#038;o=30&#038;p=8&#038;l=as1&#038;asins=8499841406&#038;ref=tf_til&#038;fc1=E9940D&#038;IS2=1&#038;lt1=_blank&#038;m=amazon&#038;lc1=575760&#038;bc1=FFFFFF&#038;bg1=FFFFFF&#038;f=ifr\" style=\"width:120px;height:240px;\" scrolling=\"no\" marginwidth=\"0\" marginheight=\"0\" frameborder=\"0\"><\/iframe> <iframe src=\"http:\/\/rcm-eu.amazon-adsystem.com\/e\/cm?t=wwwveredeses-21&#038;o=30&#038;p=8&#038;l=as1&#038;asins=8425217954&#038;ref=tf_til&#038;fc1=E9940D&#038;IS2=1&#038;lt1=_blank&#038;m=amazon&#038;lc1=575760&#038;bc1=FFFFFF&#038;bg1=FFFFFF&#038;f=ifr\" style=\"width:120px;height:240px;\" scrolling=\"no\" marginwidth=\"0\" marginheight=\"0\" frameborder=\"0\"><\/iframe><\/p>","protected":false},"excerpt":{"rendered":"<p>Este libro constituye un conjunto de observaciones alrededor de la casa. Se propone aqu\u00ed una forma indirecta de abordar el tema dom\u00e9stico, no a trav\u00e9s de la historia de la casa, de su clasificaci\u00f3n tipol\u00f3gica, o de sus hitos, sino desde todo aquello que guarda relaci\u00f3n con sus usos. Casa Collage pretende ser una gu\u00eda [&hellip;]<\/p>\n","protected":false},"author":2,"featured_media":10482,"comment_status":"open","ping_status":"closed","sticky":false,"template":"","format":"standard","meta":{"footnotes":""},"categories":[794,26],"tags":[339,2514,3307,1120,2957,12465,12454,12455,6741],"class_list":{"0":"post-10480","1":"post","2":"type-post","3":"status-publish","4":"format-standard","5":"has-post-thumbnail","7":"category-libros","8":"category-publicaciones","9":"tag-collage","10":"tag-editorial-gustavo-gili","11":"tag-pere-fuertes-perez","12":"tag-publicacion","13":"tag-usos","14":"tag-vivienda","15":"tag-vivienda-colectiva","16":"tag-vivienda-unifamiliar","17":"tag-xavier-monteys-roig"},"yoast_head":"<!-- This site is optimized with the Yoast SEO plugin v27.5 - https:\/\/yoast.com\/product\/yoast-seo-wordpress\/ -->\n<title>Casa collageCasa collageCasa collage - veredes<\/title>\n<meta name=\"description\" content=\"Toda la informaci\u00f3n sobre: Casa collageCasa collageCasa collage\" \/>\n<meta name=\"robots\" content=\"index, follow, max-snippet:-1, max-image-preview:large, max-video-preview:-1\" \/>\n<link rel=\"canonical\" href=\"https:\/\/veredes.es\/blog\/casa-collage\/\" \/>\n<meta property=\"og:locale\" content=\"es_ES\" \/>\n<meta property=\"og:type\" content=\"article\" \/>\n<meta property=\"og:title\" content=\"Casa collageCasa collageCasa collage - veredes\" \/>\n<meta property=\"og:description\" content=\"Toda la informaci\u00f3n sobre: Casa collageCasa collageCasa collage\" \/>\n<meta property=\"og:url\" content=\"https:\/\/veredes.es\/blog\/casa-collage\/\" \/>\n<meta property=\"og:site_name\" content=\"veredes, arquitectura y divulgaci\u00f3n\" \/>\n<meta property=\"article:publisher\" content=\"https:\/\/www.facebook.com\/veredesArquitecturayDivulgacion\/\" \/>\n<meta property=\"article:author\" content=\"https:\/\/www.facebook.com\/veredesArquitecturayDivulgacion\/\" \/>\n<meta property=\"article:published_time\" content=\"2011-02-09T08:47:59+00:00\" \/>\n<meta property=\"article:modified_time\" content=\"2019-12-27T13:36:31+00:00\" \/>\n<meta property=\"og:image\" content=\"https:\/\/veredes.es\/blog\/wp-content\/uploads\/2011\/02\/9788425218699_04_m.jpg\" \/>\n\t<meta property=\"og:image:width\" content=\"186\" \/>\n\t<meta property=\"og:image:height\" content=\"187\" \/>\n\t<meta property=\"og:image:type\" content=\"image\/jpeg\" \/>\n<meta name=\"author\" content=\"veredes\" \/>\n<meta name=\"twitter:card\" content=\"summary_large_image\" \/>\n<meta name=\"twitter:creator\" content=\"@https:\/\/twitter.com\/veredes\" \/>\n<meta name=\"twitter:site\" content=\"@veredes\" \/>\n<meta name=\"twitter:label1\" content=\"Escrito por\" \/>\n\t<meta name=\"twitter:data1\" content=\"veredes\" \/>\n\t<meta name=\"twitter:label2\" content=\"Tiempo de lectura\" \/>\n\t<meta name=\"twitter:data2\" content=\"3 minutos\" \/>\n<script type=\"application\/ld+json\" class=\"yoast-schema-graph\">{\"@context\":\"https:\\\/\\\/schema.org\",\"@graph\":[{\"@type\":\"Article\",\"@id\":\"https:\\\/\\\/veredes.es\\\/blog\\\/casa-collage\\\/#article\",\"isPartOf\":{\"@id\":\"https:\\\/\\\/veredes.es\\\/blog\\\/casa-collage\\\/\"},\"author\":{\"name\":\"veredes\",\"@id\":\"https:\\\/\\\/veredes.es\\\/blog\\\/#\\\/schema\\\/person\\\/0bbb669073ef7faba5168a0844e93d2c\"},\"headline\":\"Casa collage\",\"datePublished\":\"2011-02-09T08:47:59+00:00\",\"dateModified\":\"2019-12-27T13:36:31+00:00\",\"mainEntityOfPage\":{\"@id\":\"https:\\\/\\\/veredes.es\\\/blog\\\/casa-collage\\\/\"},\"wordCount\":547,\"commentCount\":1181,\"publisher\":{\"@id\":\"https:\\\/\\\/veredes.es\\\/blog\\\/#organization\"},\"image\":{\"@id\":\"https:\\\/\\\/veredes.es\\\/blog\\\/casa-collage\\\/#primaryimage\"},\"thumbnailUrl\":\"https:\\\/\\\/veredes.es\\\/blog\\\/wp-content\\\/uploads\\\/2011\\\/02\\\/9788425218699_04_m.jpg\",\"keywords\":[\"collage\",\"editorial Gustavo Gili\",\"pere fuertes p\u00e9rez\",\"publicaci\u00f3n\",\"usos\",\"vivienda\",\"vivienda colectiva\",\"vivienda unifamiliar\",\"Xavier Monteys Roig\"],\"articleSection\":[\"libros\",\"publicaciones\"],\"inLanguage\":\"es\",\"potentialAction\":[{\"@type\":\"CommentAction\",\"name\":\"Comment\",\"target\":[\"https:\\\/\\\/veredes.es\\\/blog\\\/casa-collage\\\/#respond\"]}]},{\"@type\":\"WebPage\",\"@id\":\"https:\\\/\\\/veredes.es\\\/blog\\\/casa-collage\\\/\",\"url\":\"https:\\\/\\\/veredes.es\\\/blog\\\/casa-collage\\\/\",\"name\":\"Casa collageCasa collageCasa collage - veredes\",\"isPartOf\":{\"@id\":\"https:\\\/\\\/veredes.es\\\/blog\\\/#website\"},\"primaryImageOfPage\":{\"@id\":\"https:\\\/\\\/veredes.es\\\/blog\\\/casa-collage\\\/#primaryimage\"},\"image\":{\"@id\":\"https:\\\/\\\/veredes.es\\\/blog\\\/casa-collage\\\/#primaryimage\"},\"thumbnailUrl\":\"https:\\\/\\\/veredes.es\\\/blog\\\/wp-content\\\/uploads\\\/2011\\\/02\\\/9788425218699_04_m.jpg\",\"datePublished\":\"2011-02-09T08:47:59+00:00\",\"dateModified\":\"2019-12-27T13:36:31+00:00\",\"description\":\"Toda la informaci\u00f3n sobre: Casa collageCasa collageCasa collage\",\"breadcrumb\":{\"@id\":\"https:\\\/\\\/veredes.es\\\/blog\\\/casa-collage\\\/#breadcrumb\"},\"inLanguage\":\"es\",\"potentialAction\":[{\"@type\":\"ReadAction\",\"target\":[\"https:\\\/\\\/veredes.es\\\/blog\\\/casa-collage\\\/\"]}]},{\"@type\":\"ImageObject\",\"inLanguage\":\"es\",\"@id\":\"https:\\\/\\\/veredes.es\\\/blog\\\/casa-collage\\\/#primaryimage\",\"url\":\"https:\\\/\\\/veredes.es\\\/blog\\\/wp-content\\\/uploads\\\/2011\\\/02\\\/9788425218699_04_m.jpg\",\"contentUrl\":\"https:\\\/\\\/veredes.es\\\/blog\\\/wp-content\\\/uploads\\\/2011\\\/02\\\/9788425218699_04_m.jpg\",\"width\":\"186\",\"height\":\"187\"},{\"@type\":\"BreadcrumbList\",\"@id\":\"https:\\\/\\\/veredes.es\\\/blog\\\/casa-collage\\\/#breadcrumb\",\"itemListElement\":[{\"@type\":\"ListItem\",\"position\":1,\"name\":\"Portada\",\"item\":\"https:\\\/\\\/veredes.es\\\/blog\\\/\"},{\"@type\":\"ListItem\",\"position\":2,\"name\":\"Casa collage\"}]},{\"@type\":\"WebSite\",\"@id\":\"https:\\\/\\\/veredes.es\\\/blog\\\/#website\",\"url\":\"https:\\\/\\\/veredes.es\\\/blog\\\/\",\"name\":\"veredes, arquitectura y divulgaci\u00f3n\",\"description\":\"veredes\",\"publisher\":{\"@id\":\"https:\\\/\\\/veredes.es\\\/blog\\\/#organization\"},\"alternateName\":\"veredes\",\"potentialAction\":[{\"@type\":\"SearchAction\",\"target\":{\"@type\":\"EntryPoint\",\"urlTemplate\":\"https:\\\/\\\/veredes.es\\\/blog\\\/?s={search_term_string}\"},\"query-input\":{\"@type\":\"PropertyValueSpecification\",\"valueRequired\":true,\"valueName\":\"search_term_string\"}}],\"inLanguage\":\"es\"},{\"@type\":\"Organization\",\"@id\":\"https:\\\/\\\/veredes.es\\\/blog\\\/#organization\",\"name\":\"veredes, arquitectura y divulgaci\u00f3n\",\"alternateName\":\"veredes\",\"url\":\"https:\\\/\\\/veredes.es\\\/blog\\\/\",\"logo\":{\"@type\":\"ImageObject\",\"inLanguage\":\"es\",\"@id\":\"https:\\\/\\\/veredes.es\\\/blog\\\/#\\\/schema\\\/logo\\\/image\\\/\",\"url\":\"https:\\\/\\\/veredes.es\\\/blog\\\/wp-content\\\/uploads\\\/2021\\\/12\\\/veredes-logo-centrado_140x54.png\",\"contentUrl\":\"https:\\\/\\\/veredes.es\\\/blog\\\/wp-content\\\/uploads\\\/2021\\\/12\\\/veredes-logo-centrado_140x54.png\",\"width\":140,\"height\":54,\"caption\":\"veredes, arquitectura y divulgaci\u00f3n\"},\"image\":{\"@id\":\"https:\\\/\\\/veredes.es\\\/blog\\\/#\\\/schema\\\/logo\\\/image\\\/\"},\"sameAs\":[\"https:\\\/\\\/www.facebook.com\\\/veredesArquitecturayDivulgacion\\\/\",\"https:\\\/\\\/x.com\\\/veredes\",\"https:\\\/\\\/instagram.com\\\/veredes\\\/\",\"https:\\\/\\\/www.linkedin.com\\\/company\\\/veredes-arquitectura-y-divulgacion\\\/\",\"https:\\\/\\\/es.pinterest.com\\\/veredes\\\/\",\"https:\\\/\\\/www.tumblr.com\\\/veredes\"]},{\"@type\":\"Person\",\"@id\":\"https:\\\/\\\/veredes.es\\\/blog\\\/#\\\/schema\\\/person\\\/0bbb669073ef7faba5168a0844e93d2c\",\"name\":\"veredes\",\"image\":{\"@type\":\"ImageObject\",\"inLanguage\":\"es\",\"@id\":\"https:\\\/\\\/veredes.es\\\/blog\\\/wp-content\\\/uploads\\\/2018\\\/04\\\/face-96x96.jpg\",\"url\":\"https:\\\/\\\/veredes.es\\\/blog\\\/wp-content\\\/uploads\\\/2018\\\/04\\\/face-96x96.jpg\",\"contentUrl\":\"https:\\\/\\\/veredes.es\\\/blog\\\/wp-content\\\/uploads\\\/2018\\\/04\\\/face-96x96.jpg\",\"caption\":\"veredes\"},\"description\":\"Surge enero de 2009 como b\u00fasqueda de satisfacer el conocimiento de la actividad arquitect\u00f3nica y tangentes que se generan. La idea es crear un espacio para divulgar los diversos proyectos en busca de nueva inspiraci\u00f3n y de intercambio.\",\"sameAs\":[\"https:\\\/\\\/veredes.es\\\/\",\"https:\\\/\\\/www.facebook.com\\\/veredesArquitecturayDivulgacion\\\/\",\"https:\\\/\\\/www.instagram.com\\\/veredes\\\/\",\"https:\\\/\\\/www.linkedin.com\\\/company\\\/veredes-arquitectura-y-divulgacion\\\/\",\"https:\\\/\\\/www.pinterest.es\\\/veredes\\\/\",\"https:\\\/\\\/x.com\\\/https:\\\/\\\/twitter.com\\\/veredes\",\"https:\\\/\\\/veredes.tumblr.com\\\/\"],\"url\":\"https:\\\/\\\/veredes.es\\\/blog\\\/author\\\/alberto\\\/\"}]}<\/script>\n<!-- \/ Yoast SEO plugin. -->","yoast_head_json":{"title":"Casa collageCasa collageCasa collage - veredes","description":"Toda la informaci\u00f3n sobre: Casa collageCasa collageCasa collage","robots":{"index":"index","follow":"follow","max-snippet":"max-snippet:-1","max-image-preview":"max-image-preview:large","max-video-preview":"max-video-preview:-1"},"canonical":"https:\/\/veredes.es\/blog\/casa-collage\/","og_locale":"es_ES","og_type":"article","og_title":"Casa collageCasa collageCasa collage - veredes","og_description":"Toda la informaci\u00f3n sobre: Casa collageCasa collageCasa collage","og_url":"https:\/\/veredes.es\/blog\/casa-collage\/","og_site_name":"veredes, arquitectura y divulgaci\u00f3n","article_publisher":"https:\/\/www.facebook.com\/veredesArquitecturayDivulgacion\/","article_author":"https:\/\/www.facebook.com\/veredesArquitecturayDivulgacion\/","article_published_time":"2011-02-09T08:47:59+00:00","article_modified_time":"2019-12-27T13:36:31+00:00","og_image":[{"width":186,"height":187,"url":"https:\/\/veredes.es\/blog\/wp-content\/uploads\/2011\/02\/9788425218699_04_m.jpg","type":"image\/jpeg"}],"author":"veredes","twitter_card":"summary_large_image","twitter_creator":"@https:\/\/twitter.com\/veredes","twitter_site":"@veredes","twitter_misc":{"Escrito por":"veredes","Tiempo de lectura":"3 minutos"},"schema":{"@context":"https:\/\/schema.org","@graph":[{"@type":"Article","@id":"https:\/\/veredes.es\/blog\/casa-collage\/#article","isPartOf":{"@id":"https:\/\/veredes.es\/blog\/casa-collage\/"},"author":{"name":"veredes","@id":"https:\/\/veredes.es\/blog\/#\/schema\/person\/0bbb669073ef7faba5168a0844e93d2c"},"headline":"Casa collage","datePublished":"2011-02-09T08:47:59+00:00","dateModified":"2019-12-27T13:36:31+00:00","mainEntityOfPage":{"@id":"https:\/\/veredes.es\/blog\/casa-collage\/"},"wordCount":547,"commentCount":1181,"publisher":{"@id":"https:\/\/veredes.es\/blog\/#organization"},"image":{"@id":"https:\/\/veredes.es\/blog\/casa-collage\/#primaryimage"},"thumbnailUrl":"https:\/\/veredes.es\/blog\/wp-content\/uploads\/2011\/02\/9788425218699_04_m.jpg","keywords":["collage","editorial Gustavo Gili","pere fuertes p\u00e9rez","publicaci\u00f3n","usos","vivienda","vivienda colectiva","vivienda unifamiliar","Xavier Monteys Roig"],"articleSection":["libros","publicaciones"],"inLanguage":"es","potentialAction":[{"@type":"CommentAction","name":"Comment","target":["https:\/\/veredes.es\/blog\/casa-collage\/#respond"]}]},{"@type":"WebPage","@id":"https:\/\/veredes.es\/blog\/casa-collage\/","url":"https:\/\/veredes.es\/blog\/casa-collage\/","name":"Casa collageCasa collageCasa collage - veredes","isPartOf":{"@id":"https:\/\/veredes.es\/blog\/#website"},"primaryImageOfPage":{"@id":"https:\/\/veredes.es\/blog\/casa-collage\/#primaryimage"},"image":{"@id":"https:\/\/veredes.es\/blog\/casa-collage\/#primaryimage"},"thumbnailUrl":"https:\/\/veredes.es\/blog\/wp-content\/uploads\/2011\/02\/9788425218699_04_m.jpg","datePublished":"2011-02-09T08:47:59+00:00","dateModified":"2019-12-27T13:36:31+00:00","description":"Toda la informaci\u00f3n sobre: Casa collageCasa collageCasa collage","breadcrumb":{"@id":"https:\/\/veredes.es\/blog\/casa-collage\/#breadcrumb"},"inLanguage":"es","potentialAction":[{"@type":"ReadAction","target":["https:\/\/veredes.es\/blog\/casa-collage\/"]}]},{"@type":"ImageObject","inLanguage":"es","@id":"https:\/\/veredes.es\/blog\/casa-collage\/#primaryimage","url":"https:\/\/veredes.es\/blog\/wp-content\/uploads\/2011\/02\/9788425218699_04_m.jpg","contentUrl":"https:\/\/veredes.es\/blog\/wp-content\/uploads\/2011\/02\/9788425218699_04_m.jpg","width":"186","height":"187"},{"@type":"BreadcrumbList","@id":"https:\/\/veredes.es\/blog\/casa-collage\/#breadcrumb","itemListElement":[{"@type":"ListItem","position":1,"name":"Portada","item":"https:\/\/veredes.es\/blog\/"},{"@type":"ListItem","position":2,"name":"Casa collage"}]},{"@type":"WebSite","@id":"https:\/\/veredes.es\/blog\/#website","url":"https:\/\/veredes.es\/blog\/","name":"veredes, arquitectura y divulgaci\u00f3n","description":"veredes","publisher":{"@id":"https:\/\/veredes.es\/blog\/#organization"},"alternateName":"veredes","potentialAction":[{"@type":"SearchAction","target":{"@type":"EntryPoint","urlTemplate":"https:\/\/veredes.es\/blog\/?s={search_term_string}"},"query-input":{"@type":"PropertyValueSpecification","valueRequired":true,"valueName":"search_term_string"}}],"inLanguage":"es"},{"@type":"Organization","@id":"https:\/\/veredes.es\/blog\/#organization","name":"veredes, arquitectura y divulgaci\u00f3n","alternateName":"veredes","url":"https:\/\/veredes.es\/blog\/","logo":{"@type":"ImageObject","inLanguage":"es","@id":"https:\/\/veredes.es\/blog\/#\/schema\/logo\/image\/","url":"https:\/\/veredes.es\/blog\/wp-content\/uploads\/2021\/12\/veredes-logo-centrado_140x54.png","contentUrl":"https:\/\/veredes.es\/blog\/wp-content\/uploads\/2021\/12\/veredes-logo-centrado_140x54.png","width":140,"height":54,"caption":"veredes, arquitectura y divulgaci\u00f3n"},"image":{"@id":"https:\/\/veredes.es\/blog\/#\/schema\/logo\/image\/"},"sameAs":["https:\/\/www.facebook.com\/veredesArquitecturayDivulgacion\/","https:\/\/x.com\/veredes","https:\/\/instagram.com\/veredes\/","https:\/\/www.linkedin.com\/company\/veredes-arquitectura-y-divulgacion\/","https:\/\/es.pinterest.com\/veredes\/","https:\/\/www.tumblr.com\/veredes"]},{"@type":"Person","@id":"https:\/\/veredes.es\/blog\/#\/schema\/person\/0bbb669073ef7faba5168a0844e93d2c","name":"veredes","image":{"@type":"ImageObject","inLanguage":"es","@id":"https:\/\/veredes.es\/blog\/wp-content\/uploads\/2018\/04\/face-96x96.jpg","url":"https:\/\/veredes.es\/blog\/wp-content\/uploads\/2018\/04\/face-96x96.jpg","contentUrl":"https:\/\/veredes.es\/blog\/wp-content\/uploads\/2018\/04\/face-96x96.jpg","caption":"veredes"},"description":"Surge enero de 2009 como b\u00fasqueda de satisfacer el conocimiento de la actividad arquitect\u00f3nica y tangentes que se generan. La idea es crear un espacio para divulgar los diversos proyectos en busca de nueva inspiraci\u00f3n y de intercambio.","sameAs":["https:\/\/veredes.es\/","https:\/\/www.facebook.com\/veredesArquitecturayDivulgacion\/","https:\/\/www.instagram.com\/veredes\/","https:\/\/www.linkedin.com\/company\/veredes-arquitectura-y-divulgacion\/","https:\/\/www.pinterest.es\/veredes\/","https:\/\/x.com\/https:\/\/twitter.com\/veredes","https:\/\/veredes.tumblr.com\/"],"url":"https:\/\/veredes.es\/blog\/author\/alberto\/"}]}},"_links":{"self":[{"href":"https:\/\/veredes.es\/blog\/wp-json\/wp\/v2\/posts\/10480","targetHints":{"allow":["GET"]}}],"collection":[{"href":"https:\/\/veredes.es\/blog\/wp-json\/wp\/v2\/posts"}],"about":[{"href":"https:\/\/veredes.es\/blog\/wp-json\/wp\/v2\/types\/post"}],"author":[{"embeddable":true,"href":"https:\/\/veredes.es\/blog\/wp-json\/wp\/v2\/users\/2"}],"replies":[{"embeddable":true,"href":"https:\/\/veredes.es\/blog\/wp-json\/wp\/v2\/comments?post=10480"}],"version-history":[{"count":0,"href":"https:\/\/veredes.es\/blog\/wp-json\/wp\/v2\/posts\/10480\/revisions"}],"wp:featuredmedia":[{"embeddable":true,"href":"https:\/\/veredes.es\/blog\/wp-json\/wp\/v2\/media\/10482"}],"wp:attachment":[{"href":"https:\/\/veredes.es\/blog\/wp-json\/wp\/v2\/media?parent=10480"}],"wp:term":[{"taxonomy":"category","embeddable":true,"href":"https:\/\/veredes.es\/blog\/wp-json\/wp\/v2\/categories?post=10480"},{"taxonomy":"post_tag","embeddable":true,"href":"https:\/\/veredes.es\/blog\/wp-json\/wp\/v2\/tags?post=10480"}],"curies":[{"name":"wp","href":"https:\/\/api.w.org\/{rel}","templated":true}]}}