{"id":104524,"date":"2026-01-14T00:01:17","date_gmt":"2026-01-13T23:01:17","guid":{"rendered":"https:\/\/veredes.es\/blog\/?p=104524"},"modified":"2026-01-14T16:47:22","modified_gmt":"2026-01-14T15:47:22","slug":"temple-of-the-deep-miguel-arraiz","status":"publish","type":"post","link":"https:\/\/veredes.es\/blog\/temple-of-the-deep-miguel-arraiz\/","title":{"rendered":"Temple of the Deep | Miguel Arraiz"},"content":{"rendered":"<figure id=\"attachment_104526\" aria-describedby=\"caption-attachment-104526\" style=\"width: 1400px\" class=\"wp-caption alignnone\"><img loading=\"lazy\" decoding=\"async\" class=\"wp-image-104526 size-full\" title=\"Temple of the Deep Miguel Arraiz \u00a9 Milena Villalba 1\" src=\"https:\/\/veredes.es\/blog\/wp-content\/uploads\/2026\/01\/Temple-of-the-Deep-Miguel-Arraiz-\u00a9-Milena-Villalba-1.jpg\" alt=\"Temple of the Deep Miguel Arraiz \u00a9 Milena Villalba 1\" width=\"1400\" height=\"933\" srcset=\"https:\/\/veredes.es\/blog\/wp-content\/uploads\/2026\/01\/Temple-of-the-Deep-Miguel-Arraiz-\u00a9-Milena-Villalba-1.jpg 1400w, https:\/\/veredes.es\/blog\/wp-content\/uploads\/2026\/01\/Temple-of-the-Deep-Miguel-Arraiz-\u00a9-Milena-Villalba-1-300x200.jpg 300w, https:\/\/veredes.es\/blog\/wp-content\/uploads\/2026\/01\/Temple-of-the-Deep-Miguel-Arraiz-\u00a9-Milena-Villalba-1-1024x682.jpg 1024w, https:\/\/veredes.es\/blog\/wp-content\/uploads\/2026\/01\/Temple-of-the-Deep-Miguel-Arraiz-\u00a9-Milena-Villalba-1-630x420.jpg 630w, https:\/\/veredes.es\/blog\/wp-content\/uploads\/2026\/01\/Temple-of-the-Deep-Miguel-Arraiz-\u00a9-Milena-Villalba-1-696x464.jpg 696w, https:\/\/veredes.es\/blog\/wp-content\/uploads\/2026\/01\/Temple-of-the-Deep-Miguel-Arraiz-\u00a9-Milena-Villalba-1-1068x712.jpg 1068w\" sizes=\"auto, (max-width: 1400px) 100vw, 1400px\" \/><figcaption id=\"caption-attachment-104526\" class=\"wp-caption-text\"><span style=\"color: #999999;\">Temple of the Deep | Miguel Arraiz \u00a9 Milena Villalba<\/span><\/figcaption><\/figure>\n<p style=\"text-align: justify;\">Construir el <strong>Temple of the Deep<\/strong> en Burning Man 2025 ha sido una experiencia \u00fanica. En el desierto de Black Rock nada es permanente y, sin embargo, la arquitectura adquiere all\u00ed una dimensi\u00f3n diferente: se convierte en un gran recipiente para las emociones de miles de personas. Este templo no se entiende solo como un objeto f\u00edsico, sino como un lugar donde cada gesto y cada ofrenda lo completan.<\/p>\n<div id='gallery-1' class='gallery galleryid-104524 gallery-columns-4 gallery-size-thumbnail'><figure class='gallery-item'>\n\t\t\t<div class='gallery-icon portrait'>\n\t\t\t\t<a href='https:\/\/veredes.es\/blog\/wp-content\/uploads\/2026\/01\/Temple-of-the-Deep-Miguel-Arraiz-\u00a9-Milena-Villalba-2.jpg'><img loading=\"lazy\" decoding=\"async\" width=\"120\" height=\"120\" src=\"https:\/\/veredes.es\/blog\/wp-content\/uploads\/2026\/01\/Temple-of-the-Deep-Miguel-Arraiz-\u00a9-Milena-Villalba-2-120x120.jpg\" class=\"attachment-thumbnail size-thumbnail\" alt=\"Temple of the Deep Miguel Arraiz \u00a9 Milena Villalba 2\" aria-describedby=\"gallery-1-104527\" \/><\/a>\n\t\t\t<\/div>\n\t\t\t\t<figcaption class='wp-caption-text gallery-caption' id='gallery-1-104527'>\n\t\t\t\tTemple of the Deep  | Miguel Arraiz \u00a9 Milena Villalba \n\t\t\t\t<\/figcaption><\/figure><figure class='gallery-item'>\n\t\t\t<div class='gallery-icon landscape'>\n\t\t\t\t<a href='https:\/\/veredes.es\/blog\/wp-content\/uploads\/2026\/01\/Temple-of-the-Deep-Miguel-Arraiz-\u00a9-Milena-Villalba-3.jpg'><img loading=\"lazy\" decoding=\"async\" width=\"120\" height=\"120\" src=\"https:\/\/veredes.es\/blog\/wp-content\/uploads\/2026\/01\/Temple-of-the-Deep-Miguel-Arraiz-\u00a9-Milena-Villalba-3-120x120.jpg\" class=\"attachment-thumbnail size-thumbnail\" alt=\"Temple of the Deep Miguel Arraiz \u00a9 Milena Villalba 3\" aria-describedby=\"gallery-1-104528\" \/><\/a>\n\t\t\t<\/div>\n\t\t\t\t<figcaption class='wp-caption-text gallery-caption' id='gallery-1-104528'>\n\t\t\t\tTemple of the Deep  | Miguel Arraiz \u00a9 Milena Villalba\n\t\t\t\t<\/figcaption><\/figure><figure class='gallery-item'>\n\t\t\t<div class='gallery-icon portrait'>\n\t\t\t\t<a href='https:\/\/veredes.es\/blog\/wp-content\/uploads\/2026\/01\/Temple-of-the-Deep-Miguel-Arraiz-\u00a9-Milena-Villalba-4.jpg'><img loading=\"lazy\" decoding=\"async\" width=\"120\" height=\"120\" src=\"https:\/\/veredes.es\/blog\/wp-content\/uploads\/2026\/01\/Temple-of-the-Deep-Miguel-Arraiz-\u00a9-Milena-Villalba-4-120x120.jpg\" class=\"attachment-thumbnail size-thumbnail\" alt=\"Temple of the Deep Miguel Arraiz \u00a9 Milena Villalba 4\" aria-describedby=\"gallery-1-104529\" \/><\/a>\n\t\t\t<\/div>\n\t\t\t\t<figcaption class='wp-caption-text gallery-caption' id='gallery-1-104529'>\n\t\t\t\tTemple of the Deep  | Miguel Arraiz \u00a9 Milena Villalba\n\t\t\t\t<\/figcaption><\/figure><figure class='gallery-item'>\n\t\t\t<div class='gallery-icon portrait'>\n\t\t\t\t<a href='https:\/\/veredes.es\/blog\/wp-content\/uploads\/2026\/01\/Temple-of-the-Deep-Miguel-Arraiz-\u00a9-Milena-Villalba-5.jpg'><img loading=\"lazy\" decoding=\"async\" width=\"120\" height=\"120\" src=\"https:\/\/veredes.es\/blog\/wp-content\/uploads\/2026\/01\/Temple-of-the-Deep-Miguel-Arraiz-\u00a9-Milena-Villalba-5-120x120.jpg\" class=\"attachment-thumbnail size-thumbnail\" alt=\"Temple of the Deep Miguel Arraiz \u00a9 Milena Villalba 5\" aria-describedby=\"gallery-1-104530\" \/><\/a>\n\t\t\t<\/div>\n\t\t\t\t<figcaption class='wp-caption-text gallery-caption' id='gallery-1-104530'>\n\t\t\t\tTemple of the Deep  | Miguel Arraiz \u00a9 Milena Villalba\n\t\t\t\t<\/figcaption><\/figure>\n\t\t<\/div>\n\n<p style=\"text-align: justify;\">Durante los d\u00edas del festival, participantes de todo el mundo recorrieron el templo y dejaron mensajes, recuerdos y objetos en memoria de sus seres queridos o como s\u00edmbolo de los duelos que atraviesan. Es ese uso, \u00edntimo y colectivo a la vez, lo que da sentido a la obra. El cierre llega el \u00faltimo d\u00eda, cuando el edificio arde en absoluto silencio. Frente a la energ\u00eda explosiva de la quema del Man, la del templo es una catarsis silenciosa, un fuego purificador que resuena en medio del desierto como un acto de despedida y sanaci\u00f3n colectiva.<\/p>\n<figure id=\"attachment_104531\" aria-describedby=\"caption-attachment-104531\" style=\"width: 1400px\" class=\"wp-caption alignnone\"><img loading=\"lazy\" decoding=\"async\" class=\"wp-image-104531 size-full\" title=\"Temple of the Deep | Miguel Arraiz \u00a9 Milena Villalba \" src=\"https:\/\/veredes.es\/blog\/wp-content\/uploads\/2026\/01\/Temple-of-the-Deep-Miguel-Arraiz-\u00a9-Milena-Villalba-9.jpg\" alt=\"Temple of the Deep Miguel Arraiz \u00a9 Milena Villalba 9\" width=\"1400\" height=\"933\" srcset=\"https:\/\/veredes.es\/blog\/wp-content\/uploads\/2026\/01\/Temple-of-the-Deep-Miguel-Arraiz-\u00a9-Milena-Villalba-9.jpg 1400w, https:\/\/veredes.es\/blog\/wp-content\/uploads\/2026\/01\/Temple-of-the-Deep-Miguel-Arraiz-\u00a9-Milena-Villalba-9-300x200.jpg 300w, https:\/\/veredes.es\/blog\/wp-content\/uploads\/2026\/01\/Temple-of-the-Deep-Miguel-Arraiz-\u00a9-Milena-Villalba-9-1024x682.jpg 1024w, https:\/\/veredes.es\/blog\/wp-content\/uploads\/2026\/01\/Temple-of-the-Deep-Miguel-Arraiz-\u00a9-Milena-Villalba-9-630x420.jpg 630w, https:\/\/veredes.es\/blog\/wp-content\/uploads\/2026\/01\/Temple-of-the-Deep-Miguel-Arraiz-\u00a9-Milena-Villalba-9-696x464.jpg 696w, https:\/\/veredes.es\/blog\/wp-content\/uploads\/2026\/01\/Temple-of-the-Deep-Miguel-Arraiz-\u00a9-Milena-Villalba-9-1068x712.jpg 1068w\" sizes=\"auto, (max-width: 1400px) 100vw, 1400px\" \/><figcaption id=\"caption-attachment-104531\" class=\"wp-caption-text\"><span style=\"color: #999999;\">Temple of the Deep | Miguel Arraiz \u00a9 Milena Villalba<\/span><\/figcaption><\/figure>\n<p style=\"text-align: justify;\">El proyecto empez\u00f3 a tomar forma en marzo en una nave de Oakland. All\u00ed, junto a un equipo de voluntarios, construimos las piezas que luego viajaron en camiones hasta Nevada. Finalmente, unas 150 personas nos instalamos un mes en el desierto para levantar la estructura. Las condiciones no fueron f\u00e1ciles: tormentas de arena de m\u00e1s de 100 km\/h pusieron a prueba tanto el dise\u00f1o como la resistencia del equipo. Hab\u00edamos calculado la estructura para soportar esas fuerzas, pero vivirlo en primera persona es la mejor lecci\u00f3n sobre la magnitud de la naturaleza.<\/p>\n<div id='gallery-2' class='gallery galleryid-104524 gallery-columns-4 gallery-size-thumbnail'><figure class='gallery-item'>\n\t\t\t<div class='gallery-icon landscape'>\n\t\t\t\t<a href='https:\/\/veredes.es\/blog\/wp-content\/uploads\/2026\/01\/Temple-of-the-Deep-Miguel-Arraiz-\u00a9-Milena-Villalba-7.jpg'><img loading=\"lazy\" decoding=\"async\" width=\"120\" height=\"120\" src=\"https:\/\/veredes.es\/blog\/wp-content\/uploads\/2026\/01\/Temple-of-the-Deep-Miguel-Arraiz-\u00a9-Milena-Villalba-7-120x120.jpg\" class=\"attachment-thumbnail size-thumbnail\" alt=\"\" aria-describedby=\"gallery-2-104533\" \/><\/a>\n\t\t\t<\/div>\n\t\t\t\t<figcaption class='wp-caption-text gallery-caption' id='gallery-2-104533'>\n\t\t\t\tTemple of the Deep  | Miguel Arraiz \u00a9 Milena Villalba \n\t\t\t\t<\/figcaption><\/figure><figure class='gallery-item'>\n\t\t\t<div class='gallery-icon landscape'>\n\t\t\t\t<a href='https:\/\/veredes.es\/blog\/wp-content\/uploads\/2026\/01\/Temple-of-the-Deep-Miguel-Arraiz-\u00a9-Milena-Villalba-8.jpg'><img loading=\"lazy\" decoding=\"async\" width=\"120\" height=\"120\" src=\"https:\/\/veredes.es\/blog\/wp-content\/uploads\/2026\/01\/Temple-of-the-Deep-Miguel-Arraiz-\u00a9-Milena-Villalba-8-120x120.jpg\" class=\"attachment-thumbnail size-thumbnail\" alt=\"\" aria-describedby=\"gallery-2-104534\" \/><\/a>\n\t\t\t<\/div>\n\t\t\t\t<figcaption class='wp-caption-text gallery-caption' id='gallery-2-104534'>\n\t\t\t\tTemple of the Deep  | Miguel Arraiz \u00a9 Milena Villalba \n\t\t\t\t<\/figcaption><\/figure><figure class='gallery-item'>\n\t\t\t<div class='gallery-icon portrait'>\n\t\t\t\t<a href='https:\/\/veredes.es\/blog\/wp-content\/uploads\/2026\/01\/Temple-of-the-Deep-Miguel-Arraiz-\u00a9-Milena-Villalba-10.jpg'><img loading=\"lazy\" decoding=\"async\" width=\"120\" height=\"120\" src=\"https:\/\/veredes.es\/blog\/wp-content\/uploads\/2026\/01\/Temple-of-the-Deep-Miguel-Arraiz-\u00a9-Milena-Villalba-10-120x120.jpg\" class=\"attachment-thumbnail size-thumbnail\" alt=\"\" aria-describedby=\"gallery-2-104535\" \/><\/a>\n\t\t\t<\/div>\n\t\t\t\t<figcaption class='wp-caption-text gallery-caption' id='gallery-2-104535'>\n\t\t\t\tTemple of the Deep  | Miguel Arraiz \u00a9 Milena Villalba \n\t\t\t\t<\/figcaption><\/figure><figure class='gallery-item'>\n\t\t\t<div class='gallery-icon landscape'>\n\t\t\t\t<a href='https:\/\/veredes.es\/blog\/wp-content\/uploads\/2026\/01\/Temple-of-the-Deep-Miguel-Arraiz-\u00a9-Milena-Villalba-12.jpg'><img loading=\"lazy\" decoding=\"async\" width=\"120\" height=\"120\" src=\"https:\/\/veredes.es\/blog\/wp-content\/uploads\/2026\/01\/Temple-of-the-Deep-Miguel-Arraiz-\u00a9-Milena-Villalba-12-120x120.jpg\" class=\"attachment-thumbnail size-thumbnail\" alt=\"\" aria-describedby=\"gallery-2-104536\" \/><\/a>\n\t\t\t<\/div>\n\t\t\t\t<figcaption class='wp-caption-text gallery-caption' id='gallery-2-104536'>\n\t\t\t\tTemple of the Deep  | Miguel Arraiz \u00a9 Milena Villalba \n\t\t\t\t<\/figcaption><\/figure>\n\t\t<\/div>\n\n<p style=\"text-align: justify;\">El templo se levant\u00f3 con un presupuesto que super\u00f3 los 700.000 d\u00f3lares, \u00edntegramente financiado con donaciones an\u00f3nimas. Siguiendo los principios de Burning Man, no existe posibilidad de contraprestaci\u00f3n publicitaria, lo que convierte cada aportaci\u00f3n en un verdadero acto de confianza y generosidad. La construcci\u00f3n, adem\u00e1s, se sostiene \u00fanicamente gracias al esfuerzo voluntario: cientos de manos que, m\u00e1s all\u00e1 de lo t\u00e9cnico, participan en un rito colectivo.<\/p>\n<figure id=\"attachment_104532\" aria-describedby=\"caption-attachment-104532\" style=\"width: 1400px\" class=\"wp-caption alignnone\"><img loading=\"lazy\" decoding=\"async\" class=\"wp-image-104532 size-full\" title=\"Temple of the Deep | Miguel Arraiz \u00a9 Milena Villalba \" src=\"https:\/\/veredes.es\/blog\/wp-content\/uploads\/2026\/01\/Temple-of-the-Deep-Miguel-Arraiz-\u00a9-Milena-Villalba-11.jpg\" alt=\"Temple of the Deep Miguel Arraiz \u00a9 Milena Villalba 11\" width=\"1400\" height=\"933\" srcset=\"https:\/\/veredes.es\/blog\/wp-content\/uploads\/2026\/01\/Temple-of-the-Deep-Miguel-Arraiz-\u00a9-Milena-Villalba-11.jpg 1400w, https:\/\/veredes.es\/blog\/wp-content\/uploads\/2026\/01\/Temple-of-the-Deep-Miguel-Arraiz-\u00a9-Milena-Villalba-11-300x200.jpg 300w, https:\/\/veredes.es\/blog\/wp-content\/uploads\/2026\/01\/Temple-of-the-Deep-Miguel-Arraiz-\u00a9-Milena-Villalba-11-1024x682.jpg 1024w, https:\/\/veredes.es\/blog\/wp-content\/uploads\/2026\/01\/Temple-of-the-Deep-Miguel-Arraiz-\u00a9-Milena-Villalba-11-630x420.jpg 630w, https:\/\/veredes.es\/blog\/wp-content\/uploads\/2026\/01\/Temple-of-the-Deep-Miguel-Arraiz-\u00a9-Milena-Villalba-11-696x464.jpg 696w, https:\/\/veredes.es\/blog\/wp-content\/uploads\/2026\/01\/Temple-of-the-Deep-Miguel-Arraiz-\u00a9-Milena-Villalba-11-1068x712.jpg 1068w\" sizes=\"auto, (max-width: 1400px) 100vw, 1400px\" \/><figcaption id=\"caption-attachment-104532\" class=\"wp-caption-text\"><span style=\"color: #999999;\">Temple of the Deep | Miguel Arraiz \u00a9 Milena Villalba<\/span><\/figcaption><\/figure>\n<p style=\"text-align: justify;\">Este proyecto tambi\u00e9n refuerza un di\u00e1logo cultural que lleva m\u00e1s de diez a\u00f1os creciendo entre Valencia y Black Rock City. Desde que en 2016 llevamos la pieza Renaixement al desierto, la conexi\u00f3n entre la tradici\u00f3n valenciana del fuego y la comunidad del Burning Man no ha hecho m\u00e1s que consolidarse. Haber dise\u00f1ado este a\u00f1o el templo central del festival, como primer espa\u00f1ol en hacerlo, ha sido no solo un honor, sino tambi\u00e9n la confirmaci\u00f3n de que la arquitectura puede ser emoci\u00f3n, memoria y comunidad.<\/p>\n<div id='gallery-3' class='gallery galleryid-104524 gallery-columns-4 gallery-size-thumbnail'><figure class='gallery-item'>\n\t\t\t<div class='gallery-icon landscape'>\n\t\t\t\t<a href='https:\/\/veredes.es\/blog\/wp-content\/uploads\/2026\/01\/Temple-of-the-Deep-Miguel-Arraiz-\u00a9-Milena-Villalba-13.jpg'><img loading=\"lazy\" decoding=\"async\" width=\"120\" height=\"120\" src=\"https:\/\/veredes.es\/blog\/wp-content\/uploads\/2026\/01\/Temple-of-the-Deep-Miguel-Arraiz-\u00a9-Milena-Villalba-13-120x120.jpg\" class=\"attachment-thumbnail size-thumbnail\" alt=\"\" aria-describedby=\"gallery-3-104537\" \/><\/a>\n\t\t\t<\/div>\n\t\t\t\t<figcaption class='wp-caption-text gallery-caption' id='gallery-3-104537'>\n\t\t\t\tTemple of the Deep  | Miguel Arraiz \u00a9 Milena Villalba \n\t\t\t\t<\/figcaption><\/figure><figure class='gallery-item'>\n\t\t\t<div class='gallery-icon landscape'>\n\t\t\t\t<a href='https:\/\/veredes.es\/blog\/wp-content\/uploads\/2026\/01\/Temple-of-the-Deep-Miguel-Arraiz-\u00a9-Milena-Villalba-14.jpg'><img loading=\"lazy\" decoding=\"async\" width=\"120\" height=\"120\" src=\"https:\/\/veredes.es\/blog\/wp-content\/uploads\/2026\/01\/Temple-of-the-Deep-Miguel-Arraiz-\u00a9-Milena-Villalba-14-120x120.jpg\" class=\"attachment-thumbnail size-thumbnail\" alt=\"\" aria-describedby=\"gallery-3-104538\" \/><\/a>\n\t\t\t<\/div>\n\t\t\t\t<figcaption class='wp-caption-text gallery-caption' id='gallery-3-104538'>\n\t\t\t\tTemple of the Deep  | Miguel Arraiz \u00a9 Milena Villalba \n\t\t\t\t<\/figcaption><\/figure><figure class='gallery-item'>\n\t\t\t<div class='gallery-icon landscape'>\n\t\t\t\t<a href='https:\/\/veredes.es\/blog\/wp-content\/uploads\/2026\/01\/Temple-of-the-Deep-Miguel-Arraiz-\u00a9-Milena-Villalba-15.jpg'><img loading=\"lazy\" decoding=\"async\" width=\"120\" height=\"120\" src=\"https:\/\/veredes.es\/blog\/wp-content\/uploads\/2026\/01\/Temple-of-the-Deep-Miguel-Arraiz-\u00a9-Milena-Villalba-15-120x120.jpg\" class=\"attachment-thumbnail size-thumbnail\" alt=\"\" aria-describedby=\"gallery-3-104539\" \/><\/a>\n\t\t\t<\/div>\n\t\t\t\t<figcaption class='wp-caption-text gallery-caption' id='gallery-3-104539'>\n\t\t\t\tTemple of the Deep  | Miguel Arraiz \u00a9 Milena Villalba \n\t\t\t\t<\/figcaption><\/figure><figure class='gallery-item'>\n\t\t\t<div class='gallery-icon portrait'>\n\t\t\t\t<a href='https:\/\/veredes.es\/blog\/wp-content\/uploads\/2026\/01\/Temple-of-the-Deep-Miguel-Arraiz-\u00a9-Milena-Villalba-16.jpg'><img loading=\"lazy\" decoding=\"async\" width=\"120\" height=\"120\" src=\"https:\/\/veredes.es\/blog\/wp-content\/uploads\/2026\/01\/Temple-of-the-Deep-Miguel-Arraiz-\u00a9-Milena-Villalba-16-120x120.jpg\" class=\"attachment-thumbnail size-thumbnail\" alt=\"\" aria-describedby=\"gallery-3-104540\" \/><\/a>\n\t\t\t<\/div>\n\t\t\t\t<figcaption class='wp-caption-text gallery-caption' id='gallery-3-104540'>\n\t\t\t\tTemple of the Deep  | Miguel Arraiz \u00a9 Milena Villalba \n\t\t\t\t<\/figcaption><\/figure>\n\t\t<\/div>\n\n<p>Obra: Temple of the Deep<br \/>\nAutor: Miguel Arraiz<br \/>\nEquipo de dise\u00f1o y arquitectura: Javier Molinero \/ Javier Bono (asesores principales de dise\u00f1o), Josep Mart\u00ed (asesor estructural)<br \/>\nHernani Fernandez (Arqueha) \/ Marta Marcos \/ Balstasar Otero \/ Elisa Moliner (asesores de dise\u00f1o) \/ Yousef Eid-Masheh (CGI Artist)<br \/>\nBanjo Soundscapes &#8211; Ivan Llopis\u00a0(dise\u00f1o sonoro)<br \/>\nFotograf\u00eda: <a href=\"http:\/\/www.milenavillalba.com\" target=\"_blank\" rel=\"noopener\">Milena Villalba<\/a><br \/>\n<a href=\"https:\/\/miguelarraiz.com\/\" target=\"_blank\" rel=\"noopener\"><span style=\"color: #999999;\">+ miguelarraiz.com<\/span><\/a><\/p>\n","protected":false},"excerpt":{"rendered":"<p>Construir el Temple of the Deep en Burning Man 2025 ha sido una experiencia \u00fanica. En el desierto de Black Rock nada es permanente y, sin embargo, la arquitectura adquiere all\u00ed una dimensi\u00f3n diferente: se convierte en un gran recipiente para las emociones de miles de personas. Este templo no se entiende solo como un [&hellip;]<\/p>\n","protected":false},"author":2,"featured_media":104532,"comment_status":"open","ping_status":"closed","sticky":false,"template":"","format":"standard","meta":{"footnotes":""},"categories":[34,1465,735,23,5951],"tags":[45,812,2631,9132,1848,733,3356,734,1801,16200],"class_list":{"0":"post-104524","1":"post","2":"type-post","3":"status-publish","4":"format-standard","5":"has-post-thumbnail","7":"category-arquitectura","8":"category-espacio-publico-arquitectura","9":"category-intervencion-urbana","10":"category-obras","11":"category-slider-principal","12":"tag-arquitectura-efimera","14":"tag-arquitectura-espanola","15":"tag-arquitectura-norteamericana","16":"tag-espacio-urbano","17":"tag-intervencion","18":"tag-intervencion-efimera","19":"tag-intervencion-experimental","20":"tag-intervencion-publica","21":"tag-miguel-arraiz"},"yoast_head":"<!-- This site is optimized with the Yoast SEO plugin v27.4 - https:\/\/yoast.com\/product\/yoast-seo-wordpress\/ -->\n<title>Temple of the Deep | Miguel Arraiz - veredes<\/title>\n<meta name=\"description\" content=\"Toda la informaci\u00f3n sobre: Temple of the Deep | Miguel Arraiz\" \/>\n<meta name=\"robots\" content=\"index, follow, max-snippet:-1, max-image-preview:large, max-video-preview:-1\" \/>\n<link rel=\"canonical\" href=\"https:\/\/veredes.es\/blog\/temple-of-the-deep-miguel-arraiz\/\" \/>\n<meta property=\"og:locale\" content=\"es_ES\" \/>\n<meta property=\"og:type\" content=\"article\" \/>\n<meta property=\"og:title\" content=\"Temple of the Deep | Miguel Arraiz - veredes\" \/>\n<meta property=\"og:description\" content=\"Toda la informaci\u00f3n sobre: Temple of the Deep | Miguel Arraiz\" \/>\n<meta property=\"og:url\" content=\"https:\/\/veredes.es\/blog\/temple-of-the-deep-miguel-arraiz\/\" \/>\n<meta property=\"og:site_name\" content=\"veredes, arquitectura y divulgaci\u00f3n\" \/>\n<meta property=\"article:publisher\" content=\"https:\/\/www.facebook.com\/veredesArquitecturayDivulgacion\/\" \/>\n<meta property=\"article:author\" content=\"https:\/\/www.facebook.com\/veredesArquitecturayDivulgacion\/\" \/>\n<meta property=\"article:published_time\" content=\"2026-01-13T23:01:17+00:00\" \/>\n<meta property=\"article:modified_time\" content=\"2026-01-14T15:47:22+00:00\" \/>\n<meta property=\"og:image\" content=\"https:\/\/veredes.es\/blog\/wp-content\/uploads\/2026\/01\/Temple-of-the-Deep-Miguel-Arraiz-\u00a9-Milena-Villalba-11.jpg\" \/>\n\t<meta property=\"og:image:width\" content=\"1400\" \/>\n\t<meta property=\"og:image:height\" content=\"933\" \/>\n\t<meta property=\"og:image:type\" content=\"image\/jpeg\" \/>\n<meta name=\"author\" content=\"veredes\" \/>\n<meta name=\"twitter:card\" content=\"summary_large_image\" \/>\n<meta name=\"twitter:creator\" content=\"@https:\/\/twitter.com\/veredes\" \/>\n<meta name=\"twitter:site\" content=\"@veredes\" \/>\n<meta name=\"twitter:label1\" content=\"Escrito por\" \/>\n\t<meta name=\"twitter:data1\" content=\"veredes\" \/>\n\t<meta name=\"twitter:label2\" content=\"Tiempo de lectura\" \/>\n\t<meta name=\"twitter:data2\" content=\"4 minutos\" \/>\n<script type=\"application\/ld+json\" class=\"yoast-schema-graph\">{\"@context\":\"https:\\\/\\\/schema.org\",\"@graph\":[{\"@type\":\"Article\",\"@id\":\"https:\\\/\\\/veredes.es\\\/blog\\\/temple-of-the-deep-miguel-arraiz\\\/#article\",\"isPartOf\":{\"@id\":\"https:\\\/\\\/veredes.es\\\/blog\\\/temple-of-the-deep-miguel-arraiz\\\/\"},\"author\":{\"name\":\"veredes\",\"@id\":\"https:\\\/\\\/veredes.es\\\/blog\\\/#\\\/schema\\\/person\\\/0bbb669073ef7faba5168a0844e93d2c\"},\"headline\":\"Temple of the Deep | Miguel Arraiz\",\"datePublished\":\"2026-01-13T23:01:17+00:00\",\"dateModified\":\"2026-01-14T15:47:22+00:00\",\"mainEntityOfPage\":{\"@id\":\"https:\\\/\\\/veredes.es\\\/blog\\\/temple-of-the-deep-miguel-arraiz\\\/\"},\"wordCount\":560,\"commentCount\":0,\"publisher\":{\"@id\":\"https:\\\/\\\/veredes.es\\\/blog\\\/#organization\"},\"image\":{\"@id\":\"https:\\\/\\\/veredes.es\\\/blog\\\/temple-of-the-deep-miguel-arraiz\\\/#primaryimage\"},\"thumbnailUrl\":\"https:\\\/\\\/veredes.es\\\/blog\\\/wp-content\\\/uploads\\\/2026\\\/01\\\/Temple-of-the-Deep-Miguel-Arraiz-\u00a9-Milena-Villalba-11.jpg\",\"keywords\":[\"arquitectura ef\u00edmera\",\"arquitectura en madera\",\"arquitectura espa\u00f1ola\",\"arquitectura norteamericana\",\"espacio urbano\",\"intervenci\u00f3n\",\"intervenci\u00f3n ef\u00edmera\",\"intervenci\u00f3n experimental\",\"intervenci\u00f3n p\u00fablica\",\"Miguel Arraiz\"],\"articleSection\":[\"arquitectura\",\"espacio publico\",\"intervenci\u00f3n urbana\",\"obras\",\"slider principal\"],\"inLanguage\":\"es\",\"potentialAction\":[{\"@type\":\"CommentAction\",\"name\":\"Comment\",\"target\":[\"https:\\\/\\\/veredes.es\\\/blog\\\/temple-of-the-deep-miguel-arraiz\\\/#respond\"]}]},{\"@type\":\"WebPage\",\"@id\":\"https:\\\/\\\/veredes.es\\\/blog\\\/temple-of-the-deep-miguel-arraiz\\\/\",\"url\":\"https:\\\/\\\/veredes.es\\\/blog\\\/temple-of-the-deep-miguel-arraiz\\\/\",\"name\":\"Temple of the Deep | Miguel Arraiz - veredes\",\"isPartOf\":{\"@id\":\"https:\\\/\\\/veredes.es\\\/blog\\\/#website\"},\"primaryImageOfPage\":{\"@id\":\"https:\\\/\\\/veredes.es\\\/blog\\\/temple-of-the-deep-miguel-arraiz\\\/#primaryimage\"},\"image\":{\"@id\":\"https:\\\/\\\/veredes.es\\\/blog\\\/temple-of-the-deep-miguel-arraiz\\\/#primaryimage\"},\"thumbnailUrl\":\"https:\\\/\\\/veredes.es\\\/blog\\\/wp-content\\\/uploads\\\/2026\\\/01\\\/Temple-of-the-Deep-Miguel-Arraiz-\u00a9-Milena-Villalba-11.jpg\",\"datePublished\":\"2026-01-13T23:01:17+00:00\",\"dateModified\":\"2026-01-14T15:47:22+00:00\",\"description\":\"Toda la informaci\u00f3n sobre: Temple of the Deep | Miguel Arraiz\",\"breadcrumb\":{\"@id\":\"https:\\\/\\\/veredes.es\\\/blog\\\/temple-of-the-deep-miguel-arraiz\\\/#breadcrumb\"},\"inLanguage\":\"es\",\"potentialAction\":[{\"@type\":\"ReadAction\",\"target\":[\"https:\\\/\\\/veredes.es\\\/blog\\\/temple-of-the-deep-miguel-arraiz\\\/\"]}]},{\"@type\":\"ImageObject\",\"inLanguage\":\"es\",\"@id\":\"https:\\\/\\\/veredes.es\\\/blog\\\/temple-of-the-deep-miguel-arraiz\\\/#primaryimage\",\"url\":\"https:\\\/\\\/veredes.es\\\/blog\\\/wp-content\\\/uploads\\\/2026\\\/01\\\/Temple-of-the-Deep-Miguel-Arraiz-\u00a9-Milena-Villalba-11.jpg\",\"contentUrl\":\"https:\\\/\\\/veredes.es\\\/blog\\\/wp-content\\\/uploads\\\/2026\\\/01\\\/Temple-of-the-Deep-Miguel-Arraiz-\u00a9-Milena-Villalba-11.jpg\",\"width\":1400,\"height\":933,\"caption\":\"Temple of the Deep | Miguel Arraiz \u00a9 Milena Villalba\"},{\"@type\":\"BreadcrumbList\",\"@id\":\"https:\\\/\\\/veredes.es\\\/blog\\\/temple-of-the-deep-miguel-arraiz\\\/#breadcrumb\",\"itemListElement\":[{\"@type\":\"ListItem\",\"position\":1,\"name\":\"Portada\",\"item\":\"https:\\\/\\\/veredes.es\\\/blog\\\/\"},{\"@type\":\"ListItem\",\"position\":2,\"name\":\"Temple of the Deep | Miguel Arraiz\"}]},{\"@type\":\"WebSite\",\"@id\":\"https:\\\/\\\/veredes.es\\\/blog\\\/#website\",\"url\":\"https:\\\/\\\/veredes.es\\\/blog\\\/\",\"name\":\"veredes, arquitectura y divulgaci\u00f3n\",\"description\":\"veredes\",\"publisher\":{\"@id\":\"https:\\\/\\\/veredes.es\\\/blog\\\/#organization\"},\"alternateName\":\"veredes\",\"potentialAction\":[{\"@type\":\"SearchAction\",\"target\":{\"@type\":\"EntryPoint\",\"urlTemplate\":\"https:\\\/\\\/veredes.es\\\/blog\\\/?s={search_term_string}\"},\"query-input\":{\"@type\":\"PropertyValueSpecification\",\"valueRequired\":true,\"valueName\":\"search_term_string\"}}],\"inLanguage\":\"es\"},{\"@type\":\"Organization\",\"@id\":\"https:\\\/\\\/veredes.es\\\/blog\\\/#organization\",\"name\":\"veredes, arquitectura y divulgaci\u00f3n\",\"alternateName\":\"veredes\",\"url\":\"https:\\\/\\\/veredes.es\\\/blog\\\/\",\"logo\":{\"@type\":\"ImageObject\",\"inLanguage\":\"es\",\"@id\":\"https:\\\/\\\/veredes.es\\\/blog\\\/#\\\/schema\\\/logo\\\/image\\\/\",\"url\":\"https:\\\/\\\/veredes.es\\\/blog\\\/wp-content\\\/uploads\\\/2021\\\/12\\\/veredes-logo-centrado_140x54.png\",\"contentUrl\":\"https:\\\/\\\/veredes.es\\\/blog\\\/wp-content\\\/uploads\\\/2021\\\/12\\\/veredes-logo-centrado_140x54.png\",\"width\":140,\"height\":54,\"caption\":\"veredes, arquitectura y divulgaci\u00f3n\"},\"image\":{\"@id\":\"https:\\\/\\\/veredes.es\\\/blog\\\/#\\\/schema\\\/logo\\\/image\\\/\"},\"sameAs\":[\"https:\\\/\\\/www.facebook.com\\\/veredesArquitecturayDivulgacion\\\/\",\"https:\\\/\\\/x.com\\\/veredes\",\"https:\\\/\\\/instagram.com\\\/veredes\\\/\",\"https:\\\/\\\/www.linkedin.com\\\/company\\\/veredes-arquitectura-y-divulgacion\\\/\",\"https:\\\/\\\/es.pinterest.com\\\/veredes\\\/\",\"https:\\\/\\\/www.tumblr.com\\\/veredes\"]},{\"@type\":\"Person\",\"@id\":\"https:\\\/\\\/veredes.es\\\/blog\\\/#\\\/schema\\\/person\\\/0bbb669073ef7faba5168a0844e93d2c\",\"name\":\"veredes\",\"image\":{\"@type\":\"ImageObject\",\"inLanguage\":\"es\",\"@id\":\"https:\\\/\\\/veredes.es\\\/blog\\\/wp-content\\\/uploads\\\/2018\\\/04\\\/face-96x96.jpg\",\"url\":\"https:\\\/\\\/veredes.es\\\/blog\\\/wp-content\\\/uploads\\\/2018\\\/04\\\/face-96x96.jpg\",\"contentUrl\":\"https:\\\/\\\/veredes.es\\\/blog\\\/wp-content\\\/uploads\\\/2018\\\/04\\\/face-96x96.jpg\",\"caption\":\"veredes\"},\"description\":\"Surge enero de 2009 como b\u00fasqueda de satisfacer el conocimiento de la actividad arquitect\u00f3nica y tangentes que se generan. La idea es crear un espacio para divulgar los diversos proyectos en busca de nueva inspiraci\u00f3n y de intercambio.\",\"sameAs\":[\"https:\\\/\\\/veredes.es\\\/\",\"https:\\\/\\\/www.facebook.com\\\/veredesArquitecturayDivulgacion\\\/\",\"https:\\\/\\\/www.instagram.com\\\/veredes\\\/\",\"https:\\\/\\\/www.linkedin.com\\\/company\\\/veredes-arquitectura-y-divulgacion\\\/\",\"https:\\\/\\\/www.pinterest.es\\\/veredes\\\/\",\"https:\\\/\\\/x.com\\\/https:\\\/\\\/twitter.com\\\/veredes\",\"https:\\\/\\\/veredes.tumblr.com\\\/\"],\"url\":\"https:\\\/\\\/veredes.es\\\/blog\\\/author\\\/alberto\\\/\"}]}<\/script>\n<!-- \/ Yoast SEO plugin. -->","yoast_head_json":{"title":"Temple of the Deep | Miguel Arraiz - veredes","description":"Toda la informaci\u00f3n sobre: Temple of the Deep | Miguel Arraiz","robots":{"index":"index","follow":"follow","max-snippet":"max-snippet:-1","max-image-preview":"max-image-preview:large","max-video-preview":"max-video-preview:-1"},"canonical":"https:\/\/veredes.es\/blog\/temple-of-the-deep-miguel-arraiz\/","og_locale":"es_ES","og_type":"article","og_title":"Temple of the Deep | Miguel Arraiz - veredes","og_description":"Toda la informaci\u00f3n sobre: Temple of the Deep | Miguel Arraiz","og_url":"https:\/\/veredes.es\/blog\/temple-of-the-deep-miguel-arraiz\/","og_site_name":"veredes, arquitectura y divulgaci\u00f3n","article_publisher":"https:\/\/www.facebook.com\/veredesArquitecturayDivulgacion\/","article_author":"https:\/\/www.facebook.com\/veredesArquitecturayDivulgacion\/","article_published_time":"2026-01-13T23:01:17+00:00","article_modified_time":"2026-01-14T15:47:22+00:00","og_image":[{"width":1400,"height":933,"url":"https:\/\/veredes.es\/blog\/wp-content\/uploads\/2026\/01\/Temple-of-the-Deep-Miguel-Arraiz-\u00a9-Milena-Villalba-11.jpg","type":"image\/jpeg"}],"author":"veredes","twitter_card":"summary_large_image","twitter_creator":"@https:\/\/twitter.com\/veredes","twitter_site":"@veredes","twitter_misc":{"Escrito por":"veredes","Tiempo de lectura":"4 minutos"},"schema":{"@context":"https:\/\/schema.org","@graph":[{"@type":"Article","@id":"https:\/\/veredes.es\/blog\/temple-of-the-deep-miguel-arraiz\/#article","isPartOf":{"@id":"https:\/\/veredes.es\/blog\/temple-of-the-deep-miguel-arraiz\/"},"author":{"name":"veredes","@id":"https:\/\/veredes.es\/blog\/#\/schema\/person\/0bbb669073ef7faba5168a0844e93d2c"},"headline":"Temple of the Deep | Miguel Arraiz","datePublished":"2026-01-13T23:01:17+00:00","dateModified":"2026-01-14T15:47:22+00:00","mainEntityOfPage":{"@id":"https:\/\/veredes.es\/blog\/temple-of-the-deep-miguel-arraiz\/"},"wordCount":560,"commentCount":0,"publisher":{"@id":"https:\/\/veredes.es\/blog\/#organization"},"image":{"@id":"https:\/\/veredes.es\/blog\/temple-of-the-deep-miguel-arraiz\/#primaryimage"},"thumbnailUrl":"https:\/\/veredes.es\/blog\/wp-content\/uploads\/2026\/01\/Temple-of-the-Deep-Miguel-Arraiz-\u00a9-Milena-Villalba-11.jpg","keywords":["arquitectura ef\u00edmera","arquitectura en madera","arquitectura espa\u00f1ola","arquitectura norteamericana","espacio urbano","intervenci\u00f3n","intervenci\u00f3n ef\u00edmera","intervenci\u00f3n experimental","intervenci\u00f3n p\u00fablica","Miguel Arraiz"],"articleSection":["arquitectura","espacio publico","intervenci\u00f3n urbana","obras","slider principal"],"inLanguage":"es","potentialAction":[{"@type":"CommentAction","name":"Comment","target":["https:\/\/veredes.es\/blog\/temple-of-the-deep-miguel-arraiz\/#respond"]}]},{"@type":"WebPage","@id":"https:\/\/veredes.es\/blog\/temple-of-the-deep-miguel-arraiz\/","url":"https:\/\/veredes.es\/blog\/temple-of-the-deep-miguel-arraiz\/","name":"Temple of the Deep | Miguel Arraiz - veredes","isPartOf":{"@id":"https:\/\/veredes.es\/blog\/#website"},"primaryImageOfPage":{"@id":"https:\/\/veredes.es\/blog\/temple-of-the-deep-miguel-arraiz\/#primaryimage"},"image":{"@id":"https:\/\/veredes.es\/blog\/temple-of-the-deep-miguel-arraiz\/#primaryimage"},"thumbnailUrl":"https:\/\/veredes.es\/blog\/wp-content\/uploads\/2026\/01\/Temple-of-the-Deep-Miguel-Arraiz-\u00a9-Milena-Villalba-11.jpg","datePublished":"2026-01-13T23:01:17+00:00","dateModified":"2026-01-14T15:47:22+00:00","description":"Toda la informaci\u00f3n sobre: Temple of the Deep | Miguel Arraiz","breadcrumb":{"@id":"https:\/\/veredes.es\/blog\/temple-of-the-deep-miguel-arraiz\/#breadcrumb"},"inLanguage":"es","potentialAction":[{"@type":"ReadAction","target":["https:\/\/veredes.es\/blog\/temple-of-the-deep-miguel-arraiz\/"]}]},{"@type":"ImageObject","inLanguage":"es","@id":"https:\/\/veredes.es\/blog\/temple-of-the-deep-miguel-arraiz\/#primaryimage","url":"https:\/\/veredes.es\/blog\/wp-content\/uploads\/2026\/01\/Temple-of-the-Deep-Miguel-Arraiz-\u00a9-Milena-Villalba-11.jpg","contentUrl":"https:\/\/veredes.es\/blog\/wp-content\/uploads\/2026\/01\/Temple-of-the-Deep-Miguel-Arraiz-\u00a9-Milena-Villalba-11.jpg","width":1400,"height":933,"caption":"Temple of the Deep | Miguel Arraiz \u00a9 Milena Villalba"},{"@type":"BreadcrumbList","@id":"https:\/\/veredes.es\/blog\/temple-of-the-deep-miguel-arraiz\/#breadcrumb","itemListElement":[{"@type":"ListItem","position":1,"name":"Portada","item":"https:\/\/veredes.es\/blog\/"},{"@type":"ListItem","position":2,"name":"Temple of the Deep | Miguel Arraiz"}]},{"@type":"WebSite","@id":"https:\/\/veredes.es\/blog\/#website","url":"https:\/\/veredes.es\/blog\/","name":"veredes, arquitectura y divulgaci\u00f3n","description":"veredes","publisher":{"@id":"https:\/\/veredes.es\/blog\/#organization"},"alternateName":"veredes","potentialAction":[{"@type":"SearchAction","target":{"@type":"EntryPoint","urlTemplate":"https:\/\/veredes.es\/blog\/?s={search_term_string}"},"query-input":{"@type":"PropertyValueSpecification","valueRequired":true,"valueName":"search_term_string"}}],"inLanguage":"es"},{"@type":"Organization","@id":"https:\/\/veredes.es\/blog\/#organization","name":"veredes, arquitectura y divulgaci\u00f3n","alternateName":"veredes","url":"https:\/\/veredes.es\/blog\/","logo":{"@type":"ImageObject","inLanguage":"es","@id":"https:\/\/veredes.es\/blog\/#\/schema\/logo\/image\/","url":"https:\/\/veredes.es\/blog\/wp-content\/uploads\/2021\/12\/veredes-logo-centrado_140x54.png","contentUrl":"https:\/\/veredes.es\/blog\/wp-content\/uploads\/2021\/12\/veredes-logo-centrado_140x54.png","width":140,"height":54,"caption":"veredes, arquitectura y divulgaci\u00f3n"},"image":{"@id":"https:\/\/veredes.es\/blog\/#\/schema\/logo\/image\/"},"sameAs":["https:\/\/www.facebook.com\/veredesArquitecturayDivulgacion\/","https:\/\/x.com\/veredes","https:\/\/instagram.com\/veredes\/","https:\/\/www.linkedin.com\/company\/veredes-arquitectura-y-divulgacion\/","https:\/\/es.pinterest.com\/veredes\/","https:\/\/www.tumblr.com\/veredes"]},{"@type":"Person","@id":"https:\/\/veredes.es\/blog\/#\/schema\/person\/0bbb669073ef7faba5168a0844e93d2c","name":"veredes","image":{"@type":"ImageObject","inLanguage":"es","@id":"https:\/\/veredes.es\/blog\/wp-content\/uploads\/2018\/04\/face-96x96.jpg","url":"https:\/\/veredes.es\/blog\/wp-content\/uploads\/2018\/04\/face-96x96.jpg","contentUrl":"https:\/\/veredes.es\/blog\/wp-content\/uploads\/2018\/04\/face-96x96.jpg","caption":"veredes"},"description":"Surge enero de 2009 como b\u00fasqueda de satisfacer el conocimiento de la actividad arquitect\u00f3nica y tangentes que se generan. La idea es crear un espacio para divulgar los diversos proyectos en busca de nueva inspiraci\u00f3n y de intercambio.","sameAs":["https:\/\/veredes.es\/","https:\/\/www.facebook.com\/veredesArquitecturayDivulgacion\/","https:\/\/www.instagram.com\/veredes\/","https:\/\/www.linkedin.com\/company\/veredes-arquitectura-y-divulgacion\/","https:\/\/www.pinterest.es\/veredes\/","https:\/\/x.com\/https:\/\/twitter.com\/veredes","https:\/\/veredes.tumblr.com\/"],"url":"https:\/\/veredes.es\/blog\/author\/alberto\/"}]}},"_links":{"self":[{"href":"https:\/\/veredes.es\/blog\/wp-json\/wp\/v2\/posts\/104524","targetHints":{"allow":["GET"]}}],"collection":[{"href":"https:\/\/veredes.es\/blog\/wp-json\/wp\/v2\/posts"}],"about":[{"href":"https:\/\/veredes.es\/blog\/wp-json\/wp\/v2\/types\/post"}],"author":[{"embeddable":true,"href":"https:\/\/veredes.es\/blog\/wp-json\/wp\/v2\/users\/2"}],"replies":[{"embeddable":true,"href":"https:\/\/veredes.es\/blog\/wp-json\/wp\/v2\/comments?post=104524"}],"version-history":[{"count":3,"href":"https:\/\/veredes.es\/blog\/wp-json\/wp\/v2\/posts\/104524\/revisions"}],"predecessor-version":[{"id":104624,"href":"https:\/\/veredes.es\/blog\/wp-json\/wp\/v2\/posts\/104524\/revisions\/104624"}],"wp:featuredmedia":[{"embeddable":true,"href":"https:\/\/veredes.es\/blog\/wp-json\/wp\/v2\/media\/104532"}],"wp:attachment":[{"href":"https:\/\/veredes.es\/blog\/wp-json\/wp\/v2\/media?parent=104524"}],"wp:term":[{"taxonomy":"category","embeddable":true,"href":"https:\/\/veredes.es\/blog\/wp-json\/wp\/v2\/categories?post=104524"},{"taxonomy":"post_tag","embeddable":true,"href":"https:\/\/veredes.es\/blog\/wp-json\/wp\/v2\/tags?post=104524"}],"curies":[{"name":"wp","href":"https:\/\/api.w.org\/{rel}","templated":true}]}}