{"id":103389,"date":"2025-09-18T11:01:13","date_gmt":"2025-09-18T09:01:13","guid":{"rendered":"https:\/\/veredes.es\/blog\/?p=103389"},"modified":"2025-09-18T11:01:13","modified_gmt":"2025-09-18T09:01:13","slug":"structura-ghas-el-sistema-de-fachada-autoportante-de-ladrillo-cara-vista-con-certificado-passivhaus","status":"publish","type":"post","link":"https:\/\/veredes.es\/blog\/structura-ghas-el-sistema-de-fachada-autoportante-de-ladrillo-cara-vista-con-certificado-passivhaus\/","title":{"rendered":"Structura-GHAS: el sistema de fachada autoportante de ladrillo cara vista con certificado Passivhaus"},"content":{"rendered":"<p style=\"text-align: justify;\">En un contexto donde la arquitectura sostenible y la eficiencia energ\u00e9tica en edificios son prioridad, los arquitectos buscan soluciones constructivas que no solo cumplan con el C\u00f3digo T\u00e9cnico de la Edificaci\u00f3n (CTE), sino que adem\u00e1s garanticen el confort y el ahorro energ\u00e9tico.<\/p>\n<figure id=\"attachment_103390\" aria-describedby=\"caption-attachment-103390\" style=\"width: 1499px\" class=\"wp-caption alignnone\"><img loading=\"lazy\" decoding=\"async\" class=\"size-full wp-image-103390\" src=\"https:\/\/veredes.es\/blog\/wp-content\/uploads\/2025\/09\/Structura-GHAS-el-sistema-de-fachada-autoportante-de-ladrillo-cara-vista-con-certificado-Passivhaus-Teatro-Auditorio-en-Llinars-del-Valles-de-Alvaro-Siza.png\" alt=\"Teatro-Auditorio en Llinars del Vall\u00e8s, de \u00c1lvaro Siza. Fachada Structura-GHAS\" width=\"1499\" height=\"1000\" srcset=\"https:\/\/veredes.es\/blog\/wp-content\/uploads\/2025\/09\/Structura-GHAS-el-sistema-de-fachada-autoportante-de-ladrillo-cara-vista-con-certificado-Passivhaus-Teatro-Auditorio-en-Llinars-del-Valles-de-Alvaro-Siza.png 1499w, https:\/\/veredes.es\/blog\/wp-content\/uploads\/2025\/09\/Structura-GHAS-el-sistema-de-fachada-autoportante-de-ladrillo-cara-vista-con-certificado-Passivhaus-Teatro-Auditorio-en-Llinars-del-Valles-de-Alvaro-Siza-300x200.png 300w, https:\/\/veredes.es\/blog\/wp-content\/uploads\/2025\/09\/Structura-GHAS-el-sistema-de-fachada-autoportante-de-ladrillo-cara-vista-con-certificado-Passivhaus-Teatro-Auditorio-en-Llinars-del-Valles-de-Alvaro-Siza-1024x683.png 1024w, https:\/\/veredes.es\/blog\/wp-content\/uploads\/2025\/09\/Structura-GHAS-el-sistema-de-fachada-autoportante-de-ladrillo-cara-vista-con-certificado-Passivhaus-Teatro-Auditorio-en-Llinars-del-Valles-de-Alvaro-Siza-630x420.png 630w, https:\/\/veredes.es\/blog\/wp-content\/uploads\/2025\/09\/Structura-GHAS-el-sistema-de-fachada-autoportante-de-ladrillo-cara-vista-con-certificado-Passivhaus-Teatro-Auditorio-en-Llinars-del-Valles-de-Alvaro-Siza-696x464.png 696w, https:\/\/veredes.es\/blog\/wp-content\/uploads\/2025\/09\/Structura-GHAS-el-sistema-de-fachada-autoportante-de-ladrillo-cara-vista-con-certificado-Passivhaus-Teatro-Auditorio-en-Llinars-del-Valles-de-Alvaro-Siza-1068x712.png 1068w\" sizes=\"auto, (max-width: 1499px) 100vw, 1499px\" \/><figcaption id=\"caption-attachment-103390\" class=\"wp-caption-text\"><span style=\"color: #999999;\">Teatro-Auditorio en Llinars del Vall\u00e8s, de \u00c1lvaro Siza. Fachada Structura-GHAS<\/span><\/figcaption><\/figure>\n<p style=\"text-align: justify;\">Para alcanzar estos objetivos se dise\u00f1\u00f3 <strong><a href=\"https:\/\/bit.ly\/WbStG\" target=\"_blank\" rel=\"noopener\">Structura-GHAS<\/a><\/strong>, un sistema de <a href=\"https:\/\/veredes.es\/blog\/fachadas-de-ladrillo-cara-vista-identidad-versatilidad-y-prestaciones\/\" target=\"_blank\" rel=\"noopener\">fachada autoportante de ladrillo<\/a> cara vista que combina la tradici\u00f3n cer\u00e1mica con la innovaci\u00f3n en eficiencia energ\u00e9tica. Su configuraci\u00f3n consiste en una hoja exterior autoportante independiente de la estructura portante, con una c\u00e1mara de aire continua (ventilada o no) y aislamiento t\u00e9rmico de altas prestaciones.<\/p>\n<p style=\"text-align: justify;\">La soluci\u00f3n es fruto de la intensa labor de investigaci\u00f3n y desarrollo llevada a cabo por la empresa <a href=\"https:\/\/geohidrol.com\/\" target=\"_blank\" rel=\"noopener\">Geohidrol<\/a> y los <a href=\"https:\/\/www.hispalyt.es\/es\/productos-ceramicos\/ladrillo-cara-vista\/fabricantes\" target=\"_blank\" rel=\"noopener\">fabricantes de ladrillo cara vista<\/a> asociados a Hispalyt, organizaci\u00f3n que re\u00fane a los principales fabricantes espa\u00f1oles de ladrillo cer\u00e1mico.<\/p>\n<p style=\"text-align: justify;\">Recientemente el Passivhaus Institut ha otorgado su prestigioso certificado al sistema. Este avance no solo valida la calidad t\u00e9cnica de la soluci\u00f3n, sino que la posiciona como la mejor opci\u00f3n para proyectistas que desean dise\u00f1ar edificios de consumo casi nulo.<\/p>\n<figure id=\"attachment_103391\" aria-describedby=\"caption-attachment-103391\" style=\"width: 673px\" class=\"wp-caption alignnone\"><img loading=\"lazy\" decoding=\"async\" class=\"size-full wp-image-103391\" src=\"https:\/\/veredes.es\/blog\/wp-content\/uploads\/2025\/09\/Structura-GHAS-el-sistema-de-fachada-autoportante-de-ladrillo-cara-vista-con-certificado-Passivhaus-Fachada-Structura-GHAS-1.jpg\" alt=\"sistema Structura-GHAS\" width=\"673\" height=\"901\" srcset=\"https:\/\/veredes.es\/blog\/wp-content\/uploads\/2025\/09\/Structura-GHAS-el-sistema-de-fachada-autoportante-de-ladrillo-cara-vista-con-certificado-Passivhaus-Fachada-Structura-GHAS-1.jpg 673w, https:\/\/veredes.es\/blog\/wp-content\/uploads\/2025\/09\/Structura-GHAS-el-sistema-de-fachada-autoportante-de-ladrillo-cara-vista-con-certificado-Passivhaus-Fachada-Structura-GHAS-1-224x300.jpg 224w, https:\/\/veredes.es\/blog\/wp-content\/uploads\/2025\/09\/Structura-GHAS-el-sistema-de-fachada-autoportante-de-ladrillo-cara-vista-con-certificado-Passivhaus-Fachada-Structura-GHAS-1-314x420.jpg 314w\" sizes=\"auto, (max-width: 673px) 100vw, 673px\" \/><figcaption id=\"caption-attachment-103391\" class=\"wp-caption-text\"><span style=\"color: #999999;\">Sistema Structura-GHAS<\/span><\/figcaption><\/figure>\n<h5 style=\"text-align: justify;\"><strong>Ventajas del sistema Structura-GHAS<\/strong><\/h5>\n<ul>\n<li style=\"text-align: justify;\">Aislamiento t\u00e9rmico y ac\u00fastico superior, ideal para edificios Passivhaus.<\/li>\n<li style=\"text-align: justify;\">Durabilidad: el <a href=\"https:\/\/veredes.es\/blog\/material-milenario-adaptado-al-arquitecto-de-hoy\/\" target=\"_blank\" rel=\"noopener\">ladrillo<\/a> cara vista ofrece una vida \u00fatil superior a 150 a\u00f1os conforme a su DAP, con un bajo mantenimiento.<\/li>\n<li style=\"text-align: justify;\">Est\u00e9tica arquitect\u00f3nica atemporal: permite dise\u00f1os contempor\u00e1neos sin renunciar a la imagen tradicional del ladrillo.<\/li>\n<li style=\"text-align: justify;\">Cumplimiento normativo garantizado: cumple sobradamente todas las exigencias del CTE (HE, HS, HR, SE-F y SI) y cuenta con documentaci\u00f3n avalada (DAU, atlas de puentes t\u00e9rmicos, manual t\u00e9cnico).<\/li>\n<li style=\"text-align: justify;\"><a href=\"https:\/\/www.structura.es\/es\/calculo-gratuito-de-fachada\" target=\"_blank\" rel=\"noopener\">Asistencia t\u00e9cnica<\/a> con soporte especializado desde el dise\u00f1o hasta la ejecuci\u00f3n, facilitando la implantaci\u00f3n en obra.<\/li>\n<\/ul>\n<h5 style=\"text-align: justify;\"><strong>Certificaci\u00f3n Passivhaus: garant\u00eda de m\u00e1xima eficiencia<\/strong><\/h5>\n<p style=\"text-align: justify;\">El sistema de fachada autoportante de ladrillo cara vista Structura-GHAS ha obtenido el Certificado Passivhaus, disponible en la <a href=\"https:\/\/database.passivehouse.com\/en\/components\/details\/construction_system\/hispalyt-structura-2285cs04\" target=\"_blank\" rel=\"noopener\">base de datos del Passivhaus Institut y en el software de c\u00e1lculo energ\u00e9tico PHPP<\/a>. Esto permite a proyectistas y prescriptores acceder directamente a la informaci\u00f3n t\u00e9cnica, con detalles constructivos y c\u00e1lculos t\u00e9rmicos verificados, sin necesidad de repetirlos.<\/p>\n<p style=\"text-align: justify;\">Adem\u00e1s, el certificado est\u00e1 publicado en la web de la <a href=\"https:\/\/plataforma-pep.org\/companies\/Hispalyt\/\" target=\"_blank\" rel=\"noopener\">Plataforma de la Edificaci\u00f3n Passivhaus (PEP)<\/a>, accesible desde el perfil de socio-empresa de Hispalyt, lo que facilita su consulta y descarga.<\/p>\n<p style=\"text-align: justify;\">En definitiva, esta certificaci\u00f3n agiliza la incorporaci\u00f3n de <a href=\"https:\/\/veredes.es\/blog\/entrevista-con-vicente-sarrablo-director-de-la-escuela-superior-de-arquitectura-de-la-universitat-internacional-de-catalunya\/\" target=\"_blank\" rel=\"noopener\">soluciones constructivas<\/a> a proyectos Passivhaus, ahorrando tiempo y simplificando el trabajo t\u00e9cnico, reforzando asimismo la confianza en una soluci\u00f3n que no solo cumple, sino que supera los requisitos de construcci\u00f3n energ\u00e9ticamente eficiente.<\/p>\n<figure id=\"attachment_103392\" aria-describedby=\"caption-attachment-103392\" style=\"width: 980px\" class=\"wp-caption alignnone\"><img loading=\"lazy\" decoding=\"async\" class=\"wp-image-103392 size-full\" title=\"sistema Structura-GHAS\" src=\"https:\/\/veredes.es\/blog\/wp-content\/uploads\/2025\/09\/Structura-GHAS-el-sistema-de-fachada-autoportante-de-ladrillo-cara-vista-con-certificado-Passivhaus-Fachada-Structura-GHAS-2.jpg\" alt=\"\" width=\"980\" height=\"560\" srcset=\"https:\/\/veredes.es\/blog\/wp-content\/uploads\/2025\/09\/Structura-GHAS-el-sistema-de-fachada-autoportante-de-ladrillo-cara-vista-con-certificado-Passivhaus-Fachada-Structura-GHAS-2.jpg 980w, https:\/\/veredes.es\/blog\/wp-content\/uploads\/2025\/09\/Structura-GHAS-el-sistema-de-fachada-autoportante-de-ladrillo-cara-vista-con-certificado-Passivhaus-Fachada-Structura-GHAS-2-300x171.jpg 300w, https:\/\/veredes.es\/blog\/wp-content\/uploads\/2025\/09\/Structura-GHAS-el-sistema-de-fachada-autoportante-de-ladrillo-cara-vista-con-certificado-Passivhaus-Fachada-Structura-GHAS-2-735x420.jpg 735w, https:\/\/veredes.es\/blog\/wp-content\/uploads\/2025\/09\/Structura-GHAS-el-sistema-de-fachada-autoportante-de-ladrillo-cara-vista-con-certificado-Passivhaus-Fachada-Structura-GHAS-2-696x398.jpg 696w\" sizes=\"auto, (max-width: 980px) 100vw, 980px\" \/><figcaption id=\"caption-attachment-103392\" class=\"wp-caption-text\"><span style=\"color: #999999;\">sistema Structura-GHAS<\/span><\/figcaption><\/figure>\n<h5 style=\"text-align: justify;\"><strong>\u00bfPor qu\u00e9 es una oportunidad para arquitectos?<\/strong><\/h5>\n<p style=\"text-align: justify;\">La elecci\u00f3n de un sistema certificado Passivhaus como Structura-GHAS ofrece ventajas competitivas como:<\/p>\n<ul>\n<li style=\"text-align: justify;\">Optimizaci\u00f3n del dise\u00f1o energ\u00e9tico. Gracias a la inclusi\u00f3n en PHPP, se reducen tiempos de modelado y c\u00e1lculos, asegurando resultados validados.<\/li>\n<li style=\"text-align: justify;\">Soluci\u00f3n fiable y segura. Incluye <a href=\"https:\/\/www.structura.es\/es\/documentacion-tecnica\/publicaciones\" target=\"_blank\" rel=\"noopener\">documentaci\u00f3n t\u00e9cnica detallada<\/a>, atlas de puentes t\u00e9rmicos y manuales, minimizando riesgos durante la ejecuci\u00f3n.<\/li>\n<li style=\"text-align: justify;\">Mejora la propuesta arquitect\u00f3nica. Combina la est\u00e9tica tradicional del ladrillo con la innovaci\u00f3n de un sistema que contribuye a la neutralidad energ\u00e9tica.<\/li>\n<li style=\"text-align: justify;\">Valor a\u00f1adido en concursos y certificaciones. Cumplir con Passivhaus es un argumento potente para diferenciarse en proyectos p\u00fablicos y privados.<\/li>\n<\/ul>\n<p style=\"text-align: justify;\">Trabajar con Structura-GHAS permite dise\u00f1ar edificios m\u00e1s eficientes, confortables y seguros, sin renunciar a la est\u00e9tica ni a la viabilidad econ\u00f3mica.<\/p>\n<h5 style=\"text-align: justify;\"><strong>Aplicaciones pr\u00e1cticas del sistema Structura-GHAS<\/strong><\/h5>\n<figure id=\"attachment_103393\" aria-describedby=\"caption-attachment-103393\" style=\"width: 1626px\" class=\"wp-caption alignnone\"><img loading=\"lazy\" decoding=\"async\" class=\"size-full wp-image-103393\" src=\"https:\/\/veredes.es\/blog\/wp-content\/uploads\/2025\/09\/Structura-GHAS-el-sistema-de-fachada-autoportante-de-ladrillo-cara-vista-con-certificado-Passivhaus-Las-Guardioles-en-Molins-de-Rei-Barcelona.jpg\" alt=\"\" width=\"1626\" height=\"986\" srcset=\"https:\/\/veredes.es\/blog\/wp-content\/uploads\/2025\/09\/Structura-GHAS-el-sistema-de-fachada-autoportante-de-ladrillo-cara-vista-con-certificado-Passivhaus-Las-Guardioles-en-Molins-de-Rei-Barcelona.jpg 1626w, https:\/\/veredes.es\/blog\/wp-content\/uploads\/2025\/09\/Structura-GHAS-el-sistema-de-fachada-autoportante-de-ladrillo-cara-vista-con-certificado-Passivhaus-Las-Guardioles-en-Molins-de-Rei-Barcelona-300x182.jpg 300w, https:\/\/veredes.es\/blog\/wp-content\/uploads\/2025\/09\/Structura-GHAS-el-sistema-de-fachada-autoportante-de-ladrillo-cara-vista-con-certificado-Passivhaus-Las-Guardioles-en-Molins-de-Rei-Barcelona-1024x621.jpg 1024w, https:\/\/veredes.es\/blog\/wp-content\/uploads\/2025\/09\/Structura-GHAS-el-sistema-de-fachada-autoportante-de-ladrillo-cara-vista-con-certificado-Passivhaus-Las-Guardioles-en-Molins-de-Rei-Barcelona-1536x931.jpg 1536w, https:\/\/veredes.es\/blog\/wp-content\/uploads\/2025\/09\/Structura-GHAS-el-sistema-de-fachada-autoportante-de-ladrillo-cara-vista-con-certificado-Passivhaus-Las-Guardioles-en-Molins-de-Rei-Barcelona-693x420.jpg 693w, https:\/\/veredes.es\/blog\/wp-content\/uploads\/2025\/09\/Structura-GHAS-el-sistema-de-fachada-autoportante-de-ladrillo-cara-vista-con-certificado-Passivhaus-Las-Guardioles-en-Molins-de-Rei-Barcelona-696x422.jpg 696w, https:\/\/veredes.es\/blog\/wp-content\/uploads\/2025\/09\/Structura-GHAS-el-sistema-de-fachada-autoportante-de-ladrillo-cara-vista-con-certificado-Passivhaus-Las-Guardioles-en-Molins-de-Rei-Barcelona-1068x648.jpg 1068w\" sizes=\"auto, (max-width: 1626px) 100vw, 1626px\" \/><figcaption id=\"caption-attachment-103393\" class=\"wp-caption-text\"><\/span> <span style=\"color: #999999;\">Las Guardioles en Molins de Rei (Barcelona), de Arquitectos Pascual \u2013 Ausi\u00f3 \u2013 Fern\u00e1ndez SCP. Fotograf\u00edas de Jos\u00e9 Hevia. Fachada Structura-GHAS<\/span><\/figcaption><\/figure>\n<p style=\"text-align: justify;\">En los \u00faltimos 15 a\u00f1os <a href=\"https:\/\/veredes.es\/blog\/3-proyectos-espanoles-con-fachada-de-ladrillo-ceramico-cara-vista-que-inspiran\/\" target=\"_blank\" rel=\"noopener\">se han construido<\/a> m\u00e1s de <a href=\"https:\/\/www.structura.es\/es\/obras-realizadas\" target=\"_blank\" rel=\"noopener\">300 obras<\/a> con fachadas autoportantes de ladrillo cara vista Structura-GHAS. Este sistema es id\u00f3neo para viviendas unifamiliares y plurifamiliares, donde el ahorro energ\u00e9tico es prioritario, edificios institucionales y educativos, que requieren alto confort y bajo consumo, y proyectos de rehabilitaci\u00f3n energ\u00e9tica, aportando mejoras t\u00e9rmicas y est\u00e9ticas sin comprometer la estructura existente.<\/p>\n<p style=\"text-align: justify;\">Para aquellos profesionales que dise\u00f1an proyectos que combinan eficiencia energ\u00e9tica, est\u00e9tica y valor sostenible, y quieran saber m\u00e1s sobre qu\u00e9 es Structura-GHAS y c\u00f3mo puede ayudarte a diferenciar tus proyectos visita <a href=\"https:\/\/www.structura.es\/es\" target=\"_blank\" rel=\"noopener\">https:\/\/www.structura.es\/es<\/a><\/p>\n<h5 style=\"text-align: justify;\"><strong>Fachadas cara vista: ecosistema completo<\/strong><\/h5>\n<p style=\"text-align: justify;\"><a href=\"https:\/\/veredes.es\/blog\/el-papel-del-ladrillo-cara-vista-en-la-ola-de-rehabilitacion-de-edificios\/\" target=\"_blank\" rel=\"noopener\">Hispalyt<\/a> desarrolla la campa\u00f1a <a href=\"https:\/\/bit.ly\/WbFCV\" target=\"_blank\" rel=\"noopener\">\u201cFachadas cara vista: ecosistema completo\u201d<\/a> cuyo objetivo es mostrar las prestaciones y ventajas de las fachadas de ladrillo cer\u00e1mico cara vista frente a otras soluciones.<\/p>\n","protected":false},"excerpt":{"rendered":"<p>En un contexto donde la arquitectura sostenible y la eficiencia energ\u00e9tica en edificios son prioridad, los arquitectos buscan soluciones constructivas que no solo cumplan con el C\u00f3digo T\u00e9cnico de la Edificaci\u00f3n (CTE), sino que adem\u00e1s garanticen el confort y el ahorro energ\u00e9tico. Para alcanzar estos objetivos se dise\u00f1\u00f3 Structura-GHAS, un sistema de fachada autoportante de [&hellip;]<\/p>\n","protected":false},"author":2,"featured_media":103390,"comment_status":"open","ping_status":"closed","sticky":false,"template":"","format":"standard","meta":{"footnotes":""},"categories":[10089,5951],"tags":[13218,2556,6917,2397,3291,13216,6480],"class_list":{"0":"post-103389","1":"post","2":"type-post","3":"status-publish","4":"format-standard","5":"has-post-thumbnail","7":"category-aparejo","8":"category-slider-principal","9":"tag-arquitectura-de-ladrillo","10":"tag-arquitectura-sostenible","11":"tag-ciudad-sostenible","12":"tag-diseno-sostenible","13":"tag-etica-de-la-sostenibilidad","14":"tag-hispalyt","15":"tag-passivhaus"},"yoast_head":"<!-- This site is optimized with the Yoast SEO plugin v27.5 - https:\/\/yoast.com\/product\/yoast-seo-wordpress\/ -->\n<title>Structura-GHAS: el sistema de fachada autoportante de ladrillo cara vista con certificado Passivhaus - veredes<\/title>\n<meta name=\"description\" content=\"Toda la informaci\u00f3n sobre: Structura-GHAS: el sistema de fachada autoportante de ladrillo cara vista con certificado Passivhaus\" \/>\n<meta name=\"robots\" content=\"index, follow, max-snippet:-1, max-image-preview:large, max-video-preview:-1\" \/>\n<link rel=\"canonical\" href=\"https:\/\/veredes.es\/blog\/structura-ghas-el-sistema-de-fachada-autoportante-de-ladrillo-cara-vista-con-certificado-passivhaus\/\" \/>\n<meta property=\"og:locale\" content=\"es_ES\" \/>\n<meta property=\"og:type\" content=\"article\" \/>\n<meta property=\"og:title\" content=\"Structura-GHAS: el sistema de fachada autoportante de ladrillo cara vista con certificado Passivhaus - veredes\" \/>\n<meta property=\"og:description\" content=\"Toda la informaci\u00f3n sobre: Structura-GHAS: el sistema de fachada autoportante de ladrillo cara vista con certificado Passivhaus\" \/>\n<meta property=\"og:url\" content=\"https:\/\/veredes.es\/blog\/structura-ghas-el-sistema-de-fachada-autoportante-de-ladrillo-cara-vista-con-certificado-passivhaus\/\" \/>\n<meta property=\"og:site_name\" content=\"veredes, arquitectura y divulgaci\u00f3n\" \/>\n<meta property=\"article:publisher\" content=\"https:\/\/www.facebook.com\/veredesArquitecturayDivulgacion\/\" \/>\n<meta property=\"article:author\" content=\"https:\/\/www.facebook.com\/veredesArquitecturayDivulgacion\/\" \/>\n<meta property=\"article:published_time\" content=\"2025-09-18T09:01:13+00:00\" \/>\n<meta property=\"og:image\" content=\"https:\/\/veredes.es\/blog\/wp-content\/uploads\/2025\/09\/Structura-GHAS-el-sistema-de-fachada-autoportante-de-ladrillo-cara-vista-con-certificado-Passivhaus-Teatro-Auditorio-en-Llinars-del-Valles-de-Alvaro-Siza.png\" \/>\n\t<meta property=\"og:image:width\" content=\"1499\" \/>\n\t<meta property=\"og:image:height\" content=\"1000\" \/>\n\t<meta property=\"og:image:type\" content=\"image\/png\" \/>\n<meta name=\"author\" content=\"veredes\" \/>\n<meta name=\"twitter:card\" content=\"summary_large_image\" \/>\n<meta name=\"twitter:creator\" content=\"@https:\/\/twitter.com\/veredes\" \/>\n<meta name=\"twitter:site\" content=\"@veredes\" \/>\n<meta name=\"twitter:label1\" content=\"Escrito por\" \/>\n\t<meta name=\"twitter:data1\" content=\"veredes\" \/>\n\t<meta name=\"twitter:label2\" content=\"Tiempo de lectura\" \/>\n\t<meta name=\"twitter:data2\" content=\"5 minutos\" \/>\n<script type=\"application\/ld+json\" class=\"yoast-schema-graph\">{\"@context\":\"https:\\\/\\\/schema.org\",\"@graph\":[{\"@type\":\"Article\",\"@id\":\"https:\\\/\\\/veredes.es\\\/blog\\\/structura-ghas-el-sistema-de-fachada-autoportante-de-ladrillo-cara-vista-con-certificado-passivhaus\\\/#article\",\"isPartOf\":{\"@id\":\"https:\\\/\\\/veredes.es\\\/blog\\\/structura-ghas-el-sistema-de-fachada-autoportante-de-ladrillo-cara-vista-con-certificado-passivhaus\\\/\"},\"author\":{\"name\":\"veredes\",\"@id\":\"https:\\\/\\\/veredes.es\\\/blog\\\/#\\\/schema\\\/person\\\/0bbb669073ef7faba5168a0844e93d2c\"},\"headline\":\"Structura-GHAS: el sistema de fachada autoportante de ladrillo cara vista con certificado Passivhaus\",\"datePublished\":\"2025-09-18T09:01:13+00:00\",\"mainEntityOfPage\":{\"@id\":\"https:\\\/\\\/veredes.es\\\/blog\\\/structura-ghas-el-sistema-de-fachada-autoportante-de-ladrillo-cara-vista-con-certificado-passivhaus\\\/\"},\"wordCount\":824,\"commentCount\":0,\"publisher\":{\"@id\":\"https:\\\/\\\/veredes.es\\\/blog\\\/#organization\"},\"image\":{\"@id\":\"https:\\\/\\\/veredes.es\\\/blog\\\/structura-ghas-el-sistema-de-fachada-autoportante-de-ladrillo-cara-vista-con-certificado-passivhaus\\\/#primaryimage\"},\"thumbnailUrl\":\"https:\\\/\\\/veredes.es\\\/blog\\\/wp-content\\\/uploads\\\/2025\\\/09\\\/Structura-GHAS-el-sistema-de-fachada-autoportante-de-ladrillo-cara-vista-con-certificado-Passivhaus-Teatro-Auditorio-en-Llinars-del-Valles-de-Alvaro-Siza.png\",\"keywords\":[\"arquitectura de ladrillo\",\"arquitectura sostenible\",\"ciudad sostenible\",\"dise\u00f1o sostenible\",\"\u00e9tica de la sostenibilidad\",\"Hispalyt\",\"passivhaus\"],\"articleSection\":[\"aparejo\",\"slider principal\"],\"inLanguage\":\"es\",\"potentialAction\":[{\"@type\":\"CommentAction\",\"name\":\"Comment\",\"target\":[\"https:\\\/\\\/veredes.es\\\/blog\\\/structura-ghas-el-sistema-de-fachada-autoportante-de-ladrillo-cara-vista-con-certificado-passivhaus\\\/#respond\"]}]},{\"@type\":\"WebPage\",\"@id\":\"https:\\\/\\\/veredes.es\\\/blog\\\/structura-ghas-el-sistema-de-fachada-autoportante-de-ladrillo-cara-vista-con-certificado-passivhaus\\\/\",\"url\":\"https:\\\/\\\/veredes.es\\\/blog\\\/structura-ghas-el-sistema-de-fachada-autoportante-de-ladrillo-cara-vista-con-certificado-passivhaus\\\/\",\"name\":\"Structura-GHAS: el sistema de fachada autoportante de ladrillo cara vista con certificado Passivhaus - veredes\",\"isPartOf\":{\"@id\":\"https:\\\/\\\/veredes.es\\\/blog\\\/#website\"},\"primaryImageOfPage\":{\"@id\":\"https:\\\/\\\/veredes.es\\\/blog\\\/structura-ghas-el-sistema-de-fachada-autoportante-de-ladrillo-cara-vista-con-certificado-passivhaus\\\/#primaryimage\"},\"image\":{\"@id\":\"https:\\\/\\\/veredes.es\\\/blog\\\/structura-ghas-el-sistema-de-fachada-autoportante-de-ladrillo-cara-vista-con-certificado-passivhaus\\\/#primaryimage\"},\"thumbnailUrl\":\"https:\\\/\\\/veredes.es\\\/blog\\\/wp-content\\\/uploads\\\/2025\\\/09\\\/Structura-GHAS-el-sistema-de-fachada-autoportante-de-ladrillo-cara-vista-con-certificado-Passivhaus-Teatro-Auditorio-en-Llinars-del-Valles-de-Alvaro-Siza.png\",\"datePublished\":\"2025-09-18T09:01:13+00:00\",\"description\":\"Toda la informaci\u00f3n sobre: Structura-GHAS: el sistema de fachada autoportante de ladrillo cara vista con certificado Passivhaus\",\"breadcrumb\":{\"@id\":\"https:\\\/\\\/veredes.es\\\/blog\\\/structura-ghas-el-sistema-de-fachada-autoportante-de-ladrillo-cara-vista-con-certificado-passivhaus\\\/#breadcrumb\"},\"inLanguage\":\"es\",\"potentialAction\":[{\"@type\":\"ReadAction\",\"target\":[\"https:\\\/\\\/veredes.es\\\/blog\\\/structura-ghas-el-sistema-de-fachada-autoportante-de-ladrillo-cara-vista-con-certificado-passivhaus\\\/\"]}]},{\"@type\":\"ImageObject\",\"inLanguage\":\"es\",\"@id\":\"https:\\\/\\\/veredes.es\\\/blog\\\/structura-ghas-el-sistema-de-fachada-autoportante-de-ladrillo-cara-vista-con-certificado-passivhaus\\\/#primaryimage\",\"url\":\"https:\\\/\\\/veredes.es\\\/blog\\\/wp-content\\\/uploads\\\/2025\\\/09\\\/Structura-GHAS-el-sistema-de-fachada-autoportante-de-ladrillo-cara-vista-con-certificado-Passivhaus-Teatro-Auditorio-en-Llinars-del-Valles-de-Alvaro-Siza.png\",\"contentUrl\":\"https:\\\/\\\/veredes.es\\\/blog\\\/wp-content\\\/uploads\\\/2025\\\/09\\\/Structura-GHAS-el-sistema-de-fachada-autoportante-de-ladrillo-cara-vista-con-certificado-Passivhaus-Teatro-Auditorio-en-Llinars-del-Valles-de-Alvaro-Siza.png\",\"width\":1499,\"height\":1000,\"caption\":\"Teatro-Auditorio en Llinars del Vall\u00e8s, de \u00c1lvaro Siza. Fachada Structura-GHAS\"},{\"@type\":\"BreadcrumbList\",\"@id\":\"https:\\\/\\\/veredes.es\\\/blog\\\/structura-ghas-el-sistema-de-fachada-autoportante-de-ladrillo-cara-vista-con-certificado-passivhaus\\\/#breadcrumb\",\"itemListElement\":[{\"@type\":\"ListItem\",\"position\":1,\"name\":\"Portada\",\"item\":\"https:\\\/\\\/veredes.es\\\/blog\\\/\"},{\"@type\":\"ListItem\",\"position\":2,\"name\":\"Structura-GHAS: el sistema de fachada autoportante de ladrillo cara vista con certificado Passivhaus\"}]},{\"@type\":\"WebSite\",\"@id\":\"https:\\\/\\\/veredes.es\\\/blog\\\/#website\",\"url\":\"https:\\\/\\\/veredes.es\\\/blog\\\/\",\"name\":\"veredes, arquitectura y divulgaci\u00f3n\",\"description\":\"veredes\",\"publisher\":{\"@id\":\"https:\\\/\\\/veredes.es\\\/blog\\\/#organization\"},\"alternateName\":\"veredes\",\"potentialAction\":[{\"@type\":\"SearchAction\",\"target\":{\"@type\":\"EntryPoint\",\"urlTemplate\":\"https:\\\/\\\/veredes.es\\\/blog\\\/?s={search_term_string}\"},\"query-input\":{\"@type\":\"PropertyValueSpecification\",\"valueRequired\":true,\"valueName\":\"search_term_string\"}}],\"inLanguage\":\"es\"},{\"@type\":\"Organization\",\"@id\":\"https:\\\/\\\/veredes.es\\\/blog\\\/#organization\",\"name\":\"veredes, arquitectura y divulgaci\u00f3n\",\"alternateName\":\"veredes\",\"url\":\"https:\\\/\\\/veredes.es\\\/blog\\\/\",\"logo\":{\"@type\":\"ImageObject\",\"inLanguage\":\"es\",\"@id\":\"https:\\\/\\\/veredes.es\\\/blog\\\/#\\\/schema\\\/logo\\\/image\\\/\",\"url\":\"https:\\\/\\\/veredes.es\\\/blog\\\/wp-content\\\/uploads\\\/2021\\\/12\\\/veredes-logo-centrado_140x54.png\",\"contentUrl\":\"https:\\\/\\\/veredes.es\\\/blog\\\/wp-content\\\/uploads\\\/2021\\\/12\\\/veredes-logo-centrado_140x54.png\",\"width\":140,\"height\":54,\"caption\":\"veredes, arquitectura y divulgaci\u00f3n\"},\"image\":{\"@id\":\"https:\\\/\\\/veredes.es\\\/blog\\\/#\\\/schema\\\/logo\\\/image\\\/\"},\"sameAs\":[\"https:\\\/\\\/www.facebook.com\\\/veredesArquitecturayDivulgacion\\\/\",\"https:\\\/\\\/x.com\\\/veredes\",\"https:\\\/\\\/instagram.com\\\/veredes\\\/\",\"https:\\\/\\\/www.linkedin.com\\\/company\\\/veredes-arquitectura-y-divulgacion\\\/\",\"https:\\\/\\\/es.pinterest.com\\\/veredes\\\/\",\"https:\\\/\\\/www.tumblr.com\\\/veredes\"]},{\"@type\":\"Person\",\"@id\":\"https:\\\/\\\/veredes.es\\\/blog\\\/#\\\/schema\\\/person\\\/0bbb669073ef7faba5168a0844e93d2c\",\"name\":\"veredes\",\"image\":{\"@type\":\"ImageObject\",\"inLanguage\":\"es\",\"@id\":\"https:\\\/\\\/veredes.es\\\/blog\\\/wp-content\\\/uploads\\\/2018\\\/04\\\/face-96x96.jpg\",\"url\":\"https:\\\/\\\/veredes.es\\\/blog\\\/wp-content\\\/uploads\\\/2018\\\/04\\\/face-96x96.jpg\",\"contentUrl\":\"https:\\\/\\\/veredes.es\\\/blog\\\/wp-content\\\/uploads\\\/2018\\\/04\\\/face-96x96.jpg\",\"caption\":\"veredes\"},\"description\":\"Surge enero de 2009 como b\u00fasqueda de satisfacer el conocimiento de la actividad arquitect\u00f3nica y tangentes que se generan. La idea es crear un espacio para divulgar los diversos proyectos en busca de nueva inspiraci\u00f3n y de intercambio.\",\"sameAs\":[\"https:\\\/\\\/veredes.es\\\/\",\"https:\\\/\\\/www.facebook.com\\\/veredesArquitecturayDivulgacion\\\/\",\"https:\\\/\\\/www.instagram.com\\\/veredes\\\/\",\"https:\\\/\\\/www.linkedin.com\\\/company\\\/veredes-arquitectura-y-divulgacion\\\/\",\"https:\\\/\\\/www.pinterest.es\\\/veredes\\\/\",\"https:\\\/\\\/x.com\\\/https:\\\/\\\/twitter.com\\\/veredes\",\"https:\\\/\\\/veredes.tumblr.com\\\/\"],\"url\":\"https:\\\/\\\/veredes.es\\\/blog\\\/author\\\/alberto\\\/\"}]}<\/script>\n<!-- \/ Yoast SEO plugin. -->","yoast_head_json":{"title":"Structura-GHAS: el sistema de fachada autoportante de ladrillo cara vista con certificado Passivhaus - veredes","description":"Toda la informaci\u00f3n sobre: Structura-GHAS: el sistema de fachada autoportante de ladrillo cara vista con certificado Passivhaus","robots":{"index":"index","follow":"follow","max-snippet":"max-snippet:-1","max-image-preview":"max-image-preview:large","max-video-preview":"max-video-preview:-1"},"canonical":"https:\/\/veredes.es\/blog\/structura-ghas-el-sistema-de-fachada-autoportante-de-ladrillo-cara-vista-con-certificado-passivhaus\/","og_locale":"es_ES","og_type":"article","og_title":"Structura-GHAS: el sistema de fachada autoportante de ladrillo cara vista con certificado Passivhaus - veredes","og_description":"Toda la informaci\u00f3n sobre: Structura-GHAS: el sistema de fachada autoportante de ladrillo cara vista con certificado Passivhaus","og_url":"https:\/\/veredes.es\/blog\/structura-ghas-el-sistema-de-fachada-autoportante-de-ladrillo-cara-vista-con-certificado-passivhaus\/","og_site_name":"veredes, arquitectura y divulgaci\u00f3n","article_publisher":"https:\/\/www.facebook.com\/veredesArquitecturayDivulgacion\/","article_author":"https:\/\/www.facebook.com\/veredesArquitecturayDivulgacion\/","article_published_time":"2025-09-18T09:01:13+00:00","og_image":[{"width":1499,"height":1000,"url":"https:\/\/veredes.es\/blog\/wp-content\/uploads\/2025\/09\/Structura-GHAS-el-sistema-de-fachada-autoportante-de-ladrillo-cara-vista-con-certificado-Passivhaus-Teatro-Auditorio-en-Llinars-del-Valles-de-Alvaro-Siza.png","type":"image\/png"}],"author":"veredes","twitter_card":"summary_large_image","twitter_creator":"@https:\/\/twitter.com\/veredes","twitter_site":"@veredes","twitter_misc":{"Escrito por":"veredes","Tiempo de lectura":"5 minutos"},"schema":{"@context":"https:\/\/schema.org","@graph":[{"@type":"Article","@id":"https:\/\/veredes.es\/blog\/structura-ghas-el-sistema-de-fachada-autoportante-de-ladrillo-cara-vista-con-certificado-passivhaus\/#article","isPartOf":{"@id":"https:\/\/veredes.es\/blog\/structura-ghas-el-sistema-de-fachada-autoportante-de-ladrillo-cara-vista-con-certificado-passivhaus\/"},"author":{"name":"veredes","@id":"https:\/\/veredes.es\/blog\/#\/schema\/person\/0bbb669073ef7faba5168a0844e93d2c"},"headline":"Structura-GHAS: el sistema de fachada autoportante de ladrillo cara vista con certificado Passivhaus","datePublished":"2025-09-18T09:01:13+00:00","mainEntityOfPage":{"@id":"https:\/\/veredes.es\/blog\/structura-ghas-el-sistema-de-fachada-autoportante-de-ladrillo-cara-vista-con-certificado-passivhaus\/"},"wordCount":824,"commentCount":0,"publisher":{"@id":"https:\/\/veredes.es\/blog\/#organization"},"image":{"@id":"https:\/\/veredes.es\/blog\/structura-ghas-el-sistema-de-fachada-autoportante-de-ladrillo-cara-vista-con-certificado-passivhaus\/#primaryimage"},"thumbnailUrl":"https:\/\/veredes.es\/blog\/wp-content\/uploads\/2025\/09\/Structura-GHAS-el-sistema-de-fachada-autoportante-de-ladrillo-cara-vista-con-certificado-Passivhaus-Teatro-Auditorio-en-Llinars-del-Valles-de-Alvaro-Siza.png","keywords":["arquitectura de ladrillo","arquitectura sostenible","ciudad sostenible","dise\u00f1o sostenible","\u00e9tica de la sostenibilidad","Hispalyt","passivhaus"],"articleSection":["aparejo","slider principal"],"inLanguage":"es","potentialAction":[{"@type":"CommentAction","name":"Comment","target":["https:\/\/veredes.es\/blog\/structura-ghas-el-sistema-de-fachada-autoportante-de-ladrillo-cara-vista-con-certificado-passivhaus\/#respond"]}]},{"@type":"WebPage","@id":"https:\/\/veredes.es\/blog\/structura-ghas-el-sistema-de-fachada-autoportante-de-ladrillo-cara-vista-con-certificado-passivhaus\/","url":"https:\/\/veredes.es\/blog\/structura-ghas-el-sistema-de-fachada-autoportante-de-ladrillo-cara-vista-con-certificado-passivhaus\/","name":"Structura-GHAS: el sistema de fachada autoportante de ladrillo cara vista con certificado Passivhaus - veredes","isPartOf":{"@id":"https:\/\/veredes.es\/blog\/#website"},"primaryImageOfPage":{"@id":"https:\/\/veredes.es\/blog\/structura-ghas-el-sistema-de-fachada-autoportante-de-ladrillo-cara-vista-con-certificado-passivhaus\/#primaryimage"},"image":{"@id":"https:\/\/veredes.es\/blog\/structura-ghas-el-sistema-de-fachada-autoportante-de-ladrillo-cara-vista-con-certificado-passivhaus\/#primaryimage"},"thumbnailUrl":"https:\/\/veredes.es\/blog\/wp-content\/uploads\/2025\/09\/Structura-GHAS-el-sistema-de-fachada-autoportante-de-ladrillo-cara-vista-con-certificado-Passivhaus-Teatro-Auditorio-en-Llinars-del-Valles-de-Alvaro-Siza.png","datePublished":"2025-09-18T09:01:13+00:00","description":"Toda la informaci\u00f3n sobre: Structura-GHAS: el sistema de fachada autoportante de ladrillo cara vista con certificado Passivhaus","breadcrumb":{"@id":"https:\/\/veredes.es\/blog\/structura-ghas-el-sistema-de-fachada-autoportante-de-ladrillo-cara-vista-con-certificado-passivhaus\/#breadcrumb"},"inLanguage":"es","potentialAction":[{"@type":"ReadAction","target":["https:\/\/veredes.es\/blog\/structura-ghas-el-sistema-de-fachada-autoportante-de-ladrillo-cara-vista-con-certificado-passivhaus\/"]}]},{"@type":"ImageObject","inLanguage":"es","@id":"https:\/\/veredes.es\/blog\/structura-ghas-el-sistema-de-fachada-autoportante-de-ladrillo-cara-vista-con-certificado-passivhaus\/#primaryimage","url":"https:\/\/veredes.es\/blog\/wp-content\/uploads\/2025\/09\/Structura-GHAS-el-sistema-de-fachada-autoportante-de-ladrillo-cara-vista-con-certificado-Passivhaus-Teatro-Auditorio-en-Llinars-del-Valles-de-Alvaro-Siza.png","contentUrl":"https:\/\/veredes.es\/blog\/wp-content\/uploads\/2025\/09\/Structura-GHAS-el-sistema-de-fachada-autoportante-de-ladrillo-cara-vista-con-certificado-Passivhaus-Teatro-Auditorio-en-Llinars-del-Valles-de-Alvaro-Siza.png","width":1499,"height":1000,"caption":"Teatro-Auditorio en Llinars del Vall\u00e8s, de \u00c1lvaro Siza. Fachada Structura-GHAS"},{"@type":"BreadcrumbList","@id":"https:\/\/veredes.es\/blog\/structura-ghas-el-sistema-de-fachada-autoportante-de-ladrillo-cara-vista-con-certificado-passivhaus\/#breadcrumb","itemListElement":[{"@type":"ListItem","position":1,"name":"Portada","item":"https:\/\/veredes.es\/blog\/"},{"@type":"ListItem","position":2,"name":"Structura-GHAS: el sistema de fachada autoportante de ladrillo cara vista con certificado Passivhaus"}]},{"@type":"WebSite","@id":"https:\/\/veredes.es\/blog\/#website","url":"https:\/\/veredes.es\/blog\/","name":"veredes, arquitectura y divulgaci\u00f3n","description":"veredes","publisher":{"@id":"https:\/\/veredes.es\/blog\/#organization"},"alternateName":"veredes","potentialAction":[{"@type":"SearchAction","target":{"@type":"EntryPoint","urlTemplate":"https:\/\/veredes.es\/blog\/?s={search_term_string}"},"query-input":{"@type":"PropertyValueSpecification","valueRequired":true,"valueName":"search_term_string"}}],"inLanguage":"es"},{"@type":"Organization","@id":"https:\/\/veredes.es\/blog\/#organization","name":"veredes, arquitectura y divulgaci\u00f3n","alternateName":"veredes","url":"https:\/\/veredes.es\/blog\/","logo":{"@type":"ImageObject","inLanguage":"es","@id":"https:\/\/veredes.es\/blog\/#\/schema\/logo\/image\/","url":"https:\/\/veredes.es\/blog\/wp-content\/uploads\/2021\/12\/veredes-logo-centrado_140x54.png","contentUrl":"https:\/\/veredes.es\/blog\/wp-content\/uploads\/2021\/12\/veredes-logo-centrado_140x54.png","width":140,"height":54,"caption":"veredes, arquitectura y divulgaci\u00f3n"},"image":{"@id":"https:\/\/veredes.es\/blog\/#\/schema\/logo\/image\/"},"sameAs":["https:\/\/www.facebook.com\/veredesArquitecturayDivulgacion\/","https:\/\/x.com\/veredes","https:\/\/instagram.com\/veredes\/","https:\/\/www.linkedin.com\/company\/veredes-arquitectura-y-divulgacion\/","https:\/\/es.pinterest.com\/veredes\/","https:\/\/www.tumblr.com\/veredes"]},{"@type":"Person","@id":"https:\/\/veredes.es\/blog\/#\/schema\/person\/0bbb669073ef7faba5168a0844e93d2c","name":"veredes","image":{"@type":"ImageObject","inLanguage":"es","@id":"https:\/\/veredes.es\/blog\/wp-content\/uploads\/2018\/04\/face-96x96.jpg","url":"https:\/\/veredes.es\/blog\/wp-content\/uploads\/2018\/04\/face-96x96.jpg","contentUrl":"https:\/\/veredes.es\/blog\/wp-content\/uploads\/2018\/04\/face-96x96.jpg","caption":"veredes"},"description":"Surge enero de 2009 como b\u00fasqueda de satisfacer el conocimiento de la actividad arquitect\u00f3nica y tangentes que se generan. La idea es crear un espacio para divulgar los diversos proyectos en busca de nueva inspiraci\u00f3n y de intercambio.","sameAs":["https:\/\/veredes.es\/","https:\/\/www.facebook.com\/veredesArquitecturayDivulgacion\/","https:\/\/www.instagram.com\/veredes\/","https:\/\/www.linkedin.com\/company\/veredes-arquitectura-y-divulgacion\/","https:\/\/www.pinterest.es\/veredes\/","https:\/\/x.com\/https:\/\/twitter.com\/veredes","https:\/\/veredes.tumblr.com\/"],"url":"https:\/\/veredes.es\/blog\/author\/alberto\/"}]}},"_links":{"self":[{"href":"https:\/\/veredes.es\/blog\/wp-json\/wp\/v2\/posts\/103389","targetHints":{"allow":["GET"]}}],"collection":[{"href":"https:\/\/veredes.es\/blog\/wp-json\/wp\/v2\/posts"}],"about":[{"href":"https:\/\/veredes.es\/blog\/wp-json\/wp\/v2\/types\/post"}],"author":[{"embeddable":true,"href":"https:\/\/veredes.es\/blog\/wp-json\/wp\/v2\/users\/2"}],"replies":[{"embeddable":true,"href":"https:\/\/veredes.es\/blog\/wp-json\/wp\/v2\/comments?post=103389"}],"version-history":[{"count":0,"href":"https:\/\/veredes.es\/blog\/wp-json\/wp\/v2\/posts\/103389\/revisions"}],"wp:featuredmedia":[{"embeddable":true,"href":"https:\/\/veredes.es\/blog\/wp-json\/wp\/v2\/media\/103390"}],"wp:attachment":[{"href":"https:\/\/veredes.es\/blog\/wp-json\/wp\/v2\/media?parent=103389"}],"wp:term":[{"taxonomy":"category","embeddable":true,"href":"https:\/\/veredes.es\/blog\/wp-json\/wp\/v2\/categories?post=103389"},{"taxonomy":"post_tag","embeddable":true,"href":"https:\/\/veredes.es\/blog\/wp-json\/wp\/v2\/tags?post=103389"}],"curies":[{"name":"wp","href":"https:\/\/api.w.org\/{rel}","templated":true}]}}