{"id":102165,"date":"2025-06-04T00:01:22","date_gmt":"2025-06-03T22:01:22","guid":{"rendered":"https:\/\/veredes.es\/blog\/?p=102165"},"modified":"2025-06-04T20:40:21","modified_gmt":"2025-06-04T18:40:21","slug":"la-barbacoa-comunal-h3o-architects","status":"publish","type":"post","link":"https:\/\/veredes.es\/blog\/la-barbacoa-comunal-h3o-architects\/","title":{"rendered":"La Barbacoa Comunal | h3o architects"},"content":{"rendered":"<figure id=\"attachment_102169\" aria-describedby=\"caption-attachment-102169\" style=\"width: 1400px\" class=\"wp-caption alignnone\"><img loading=\"lazy\" decoding=\"async\" class=\"wp-image-102169 size-full\" title=\"La Barbacoa Comunal h3o architects Before-intervention_Photo-by-Martin-Sunjic\" src=\"https:\/\/veredes.es\/blog\/wp-content\/uploads\/2025\/06\/La-Barbacoa-Comunal-h3o-architects-Before-intervention_Photo-by-Martin-Sunjic.jpg\" alt=\"La Barbacoa Comunal h3o architects Before-intervention_Photo-by-Martin-Sunjic\" width=\"1400\" height=\"923\" srcset=\"https:\/\/veredes.es\/blog\/wp-content\/uploads\/2025\/06\/La-Barbacoa-Comunal-h3o-architects-Before-intervention_Photo-by-Martin-Sunjic.jpg 1400w, https:\/\/veredes.es\/blog\/wp-content\/uploads\/2025\/06\/La-Barbacoa-Comunal-h3o-architects-Before-intervention_Photo-by-Martin-Sunjic-300x198.jpg 300w, https:\/\/veredes.es\/blog\/wp-content\/uploads\/2025\/06\/La-Barbacoa-Comunal-h3o-architects-Before-intervention_Photo-by-Martin-Sunjic-1024x675.jpg 1024w, https:\/\/veredes.es\/blog\/wp-content\/uploads\/2025\/06\/La-Barbacoa-Comunal-h3o-architects-Before-intervention_Photo-by-Martin-Sunjic-637x420.jpg 637w, https:\/\/veredes.es\/blog\/wp-content\/uploads\/2025\/06\/La-Barbacoa-Comunal-h3o-architects-Before-intervention_Photo-by-Martin-Sunjic-696x459.jpg 696w, https:\/\/veredes.es\/blog\/wp-content\/uploads\/2025\/06\/La-Barbacoa-Comunal-h3o-architects-Before-intervention_Photo-by-Martin-Sunjic-1068x704.jpg 1068w\" sizes=\"auto, (max-width: 1400px) 100vw, 1400px\" \/><figcaption id=\"caption-attachment-102169\" class=\"wp-caption-text\"><span style=\"color: #999999;\">La Barbacoa Comunal | h3o architects | Estado previo \u00a9 Martin Sunjic<\/span><\/figcaption><\/figure>\n<p style=\"text-align: justify;\">La Barbacoa Comunal, un proyecto de <a href=\"https:\/\/veredes.es\/blog\/tag\/intervencion-urbana\/\" target=\"_blank\" rel=\"noopener\">renovaci\u00f3n urbana<\/a> y de paisaje en el \u00e1rea industrial de Castell d\u2019Aro (Catalu\u00f1a, Espa\u00f1a), coraz\u00f3n de la Costa Brava. La intervenci\u00f3n de 1700m2 ha convertido un antiguo aparcamiento en una plaza con identidad propia, marcada por el color y esp\u00edritu comunitario, destinada tanto a los vecinos como a los caminantes y ciclistas que transitan la zona del Baix Empord\u00e0.<\/p>\n<figure id=\"attachment_102176\" aria-describedby=\"caption-attachment-102176\" style=\"width: 800px\" class=\"wp-caption alignnone\"><img loading=\"lazy\" decoding=\"async\" class=\"size-full wp-image-102176\" src=\"https:\/\/veredes.es\/blog\/wp-content\/uploads\/2025\/06\/La-Barbacoa-Comunal-h3o-architects-references.gif\" alt=\"La Barbacoa Comunal h3o architects references\" width=\"800\" height=\"513\" \/><figcaption id=\"caption-attachment-102176\" class=\"wp-caption-text\"><span style=\"color: #999999;\">La Barbacoa Comunal | h3o architects | Referencias<\/span><\/figcaption><\/figure>\n<p style=\"text-align: justify;\">Concebida originalmente como parque de acceso a la V\u00eda Verde del Carrilet\u2014una popular ruta de senderismo\u2014con el tiempo acab\u00f3 siendo utilizado como aparcamiento con una barbacoa municipal semi-oculta, donde en ocasiones puntuales los vecinos devolv\u00edan vida a este rinc\u00f3n olvidado a trav\u00e9s de comidas comunitarias. Esta actividad espont\u00e1nea y convivial influy\u00f3 profundamente en el dise\u00f1o de h3o architects.<\/p>\n<figure id=\"attachment_102172\" aria-describedby=\"caption-attachment-102172\" style=\"width: 1400px\" class=\"wp-caption alignnone\"><img loading=\"lazy\" decoding=\"async\" class=\"size-full wp-image-102172\" src=\"https:\/\/veredes.es\/blog\/wp-content\/uploads\/2025\/06\/La-Barbacoa-Comunal-h3o-architects-\u00a9-Fernando-Mari.jpg\" alt=\"La Barbacoa Comunal h3o architects \u00a9 Fernando-Mari\" width=\"1400\" height=\"1050\" srcset=\"https:\/\/veredes.es\/blog\/wp-content\/uploads\/2025\/06\/La-Barbacoa-Comunal-h3o-architects-\u00a9-Fernando-Mari.jpg 1400w, https:\/\/veredes.es\/blog\/wp-content\/uploads\/2025\/06\/La-Barbacoa-Comunal-h3o-architects-\u00a9-Fernando-Mari-300x225.jpg 300w, https:\/\/veredes.es\/blog\/wp-content\/uploads\/2025\/06\/La-Barbacoa-Comunal-h3o-architects-\u00a9-Fernando-Mari-1024x768.jpg 1024w, https:\/\/veredes.es\/blog\/wp-content\/uploads\/2025\/06\/La-Barbacoa-Comunal-h3o-architects-\u00a9-Fernando-Mari-560x420.jpg 560w, https:\/\/veredes.es\/blog\/wp-content\/uploads\/2025\/06\/La-Barbacoa-Comunal-h3o-architects-\u00a9-Fernando-Mari-80x60.jpg 80w, https:\/\/veredes.es\/blog\/wp-content\/uploads\/2025\/06\/La-Barbacoa-Comunal-h3o-architects-\u00a9-Fernando-Mari-696x522.jpg 696w, https:\/\/veredes.es\/blog\/wp-content\/uploads\/2025\/06\/La-Barbacoa-Comunal-h3o-architects-\u00a9-Fernando-Mari-1068x801.jpg 1068w\" sizes=\"auto, (max-width: 1400px) 100vw, 1400px\" \/><figcaption id=\"caption-attachment-102172\" class=\"wp-caption-text\"><span style=\"color: #999999;\">La Barbacoa Comunal | h3o architects \u00a9 Fernando Mari<\/span><\/figcaption><\/figure>\n<blockquote>\n<p style=\"text-align: justify;\">\u201cLa comida colectiva ha sido siempre un pilar central en la generaci\u00f3n de identidad comunitaria y en la cohesi\u00f3n social en nuestra cultura mediterr\u00e1nea. Cenas callejeras durante la fiesta mayor, \u2018cal\u00e7otadas\u2019 de amigos en el fr\u00edo de febrero, barbacoas domingueras o soplar las velas de un pastel con los compa\u00f1eros de clase en un parque son ejemplos de generaci\u00f3n comunitaria alrededor de la comida\u201d, destacan Adri\u00e0 Orriols,<br \/>\nJoan Gener y Miquel Ruiz de h3o architects.<\/p>\n<\/blockquote>\n<figure id=\"attachment_102170\" aria-describedby=\"caption-attachment-102170\" style=\"width: 800px\" class=\"wp-caption alignnone\"><img loading=\"lazy\" decoding=\"async\" class=\"size-full wp-image-102170\" src=\"https:\/\/veredes.es\/blog\/wp-content\/uploads\/2025\/06\/La-Barbacoa-Comunal-h3o-architects-\u00a9-Jose-Hevia.gif\" alt=\"La Barbacoa Comunal h3o architects \u00a9 Jose Hevia\" width=\"800\" height=\"800\" \/><figcaption id=\"caption-attachment-102170\" class=\"wp-caption-text\"><span style=\"color: #999999;\">La Barbacoa Comunal | h3o architects \u00a9 Jose Hevia<\/span><\/figcaption><\/figure>\n<p style=\"text-align: justify;\">La principal inspiraci\u00f3n que ha guiado al estudio ha sido, as\u00ed, entender la comida colectiva como un elemento socializador y revitalizador de los espacios p\u00fablicos. A trav\u00e9s de tres ideas clave\u2014una barbacoa escult\u00f3rica, una gran mesa zigzagueante con capacidad para 50 personas y una renaturalizaci\u00f3n del entorno\u2014el proyecto rescata y potencia este lugar simb\u00f3lico para el vecindario.<\/p>\n<figure id=\"attachment_102173\" aria-describedby=\"caption-attachment-102173\" style=\"width: 1774px\" class=\"wp-caption alignnone\"><img loading=\"lazy\" decoding=\"async\" class=\"size-full wp-image-102173\" src=\"https:\/\/veredes.es\/blog\/wp-content\/uploads\/2025\/06\/La-Barbacoa-Comunal-h3o-architects-Axonometria.gif\" alt=\"La Barbacoa Comunal h3o architects Axonometria\" width=\"1774\" height=\"1774\" \/><figcaption id=\"caption-attachment-102173\" class=\"wp-caption-text\"><span style=\"color: #999999;\">La Barbacoa Comunal | h3o architects | Axonometria<\/span><\/figcaption><\/figure>\n<p style=\"text-align: justify;\">La renovaci\u00f3n convierte la barbacoa original en el icono del espacio, confiriendo un car\u00e1cter propio y distintivo a toda la plaza. Restaurada y visualmente realzada, la parrilla ha sido revestida con baldosas azules y detalles cer\u00e1micos que aportan tonalidades y referencias mediterr\u00e1neas al conjunto.<\/p>\n<figure id=\"attachment_102179\" aria-describedby=\"caption-attachment-102179\" style=\"width: 800px\" class=\"wp-caption alignnone\"><img loading=\"lazy\" decoding=\"async\" class=\"size-full wp-image-102179\" src=\"https:\/\/veredes.es\/blog\/wp-content\/uploads\/2025\/06\/La-Barbacoa-Comunal-h3o-architects-10-Jose-Hevia.jpg\" alt=\"La Barbacoa Comunal h3o architects 10 Jose-Hevia\" width=\"800\" height=\"1067\" srcset=\"https:\/\/veredes.es\/blog\/wp-content\/uploads\/2025\/06\/La-Barbacoa-Comunal-h3o-architects-10-Jose-Hevia.jpg 800w, https:\/\/veredes.es\/blog\/wp-content\/uploads\/2025\/06\/La-Barbacoa-Comunal-h3o-architects-10-Jose-Hevia-225x300.jpg 225w, https:\/\/veredes.es\/blog\/wp-content\/uploads\/2025\/06\/La-Barbacoa-Comunal-h3o-architects-10-Jose-Hevia-768x1024.jpg 768w, https:\/\/veredes.es\/blog\/wp-content\/uploads\/2025\/06\/La-Barbacoa-Comunal-h3o-architects-10-Jose-Hevia-315x420.jpg 315w, https:\/\/veredes.es\/blog\/wp-content\/uploads\/2025\/06\/La-Barbacoa-Comunal-h3o-architects-10-Jose-Hevia-696x928.jpg 696w\" sizes=\"auto, (max-width: 800px) 100vw, 800px\" \/><figcaption id=\"caption-attachment-102179\" class=\"wp-caption-text\"><span style=\"color: #999999;\">La Barbacoa Comunal | h3o architects \u00a9 Jose Hevia<\/span><\/figcaption><\/figure>\n<p style=\"text-align: justify;\">Destacan adem\u00e1s dos nuevos elementos: una p\u00e9rgola-pamela de trazado org\u00e1nico que brinda sombra a quienes cocinan, coronada por una chimenea que hace de la barbacoa un punto de referencia visible desde la distancia.<\/p>\n<div id='gallery-1' class='gallery galleryid-102165 gallery-columns-4 gallery-size-thumbnail'><figure class='gallery-item'>\n\t\t\t<div class='gallery-icon portrait'>\n\t\t\t\t<a href='https:\/\/veredes.es\/blog\/wp-content\/uploads\/2025\/06\/La-Barbacoa-Comunal-h3o-architects-8-Jose-Hevia.jpg'><img loading=\"lazy\" decoding=\"async\" width=\"120\" height=\"120\" src=\"https:\/\/veredes.es\/blog\/wp-content\/uploads\/2025\/06\/La-Barbacoa-Comunal-h3o-architects-8-Jose-Hevia-120x120.jpg\" class=\"attachment-thumbnail size-thumbnail\" alt=\"La Barbacoa Comunal h3o architects 8 Jose-Hevia\" aria-describedby=\"gallery-1-102180\" \/><\/a>\n\t\t\t<\/div>\n\t\t\t\t<figcaption class='wp-caption-text gallery-caption' id='gallery-1-102180'>\n\t\t\t\tLa Barbacoa Comunal | h3o architects \u00a9 Jose Hevia\n\t\t\t\t<\/figcaption><\/figure><figure class='gallery-item'>\n\t\t\t<div class='gallery-icon portrait'>\n\t\t\t\t<a href='https:\/\/veredes.es\/blog\/wp-content\/uploads\/2025\/06\/La-Barbacoa-Comunal-h3o-architects-9-Jose-Hevia.jpg'><img loading=\"lazy\" decoding=\"async\" width=\"120\" height=\"120\" src=\"https:\/\/veredes.es\/blog\/wp-content\/uploads\/2025\/06\/La-Barbacoa-Comunal-h3o-architects-9-Jose-Hevia-120x120.jpg\" class=\"attachment-thumbnail size-thumbnail\" alt=\"\" aria-describedby=\"gallery-1-102181\" \/><\/a>\n\t\t\t<\/div>\n\t\t\t\t<figcaption class='wp-caption-text gallery-caption' id='gallery-1-102181'>\n\t\t\t\tLa Barbacoa Comunal | h3o architects \u00a9 Jose Hevia\n\t\t\t\t<\/figcaption><\/figure><figure class='gallery-item'>\n\t\t\t<div class='gallery-icon portrait'>\n\t\t\t\t<a href='https:\/\/veredes.es\/blog\/wp-content\/uploads\/2025\/06\/La-Barbacoa-Comunal-h3o-architects-11-Jose-Hevia.jpg'><img loading=\"lazy\" decoding=\"async\" width=\"120\" height=\"120\" src=\"https:\/\/veredes.es\/blog\/wp-content\/uploads\/2025\/06\/La-Barbacoa-Comunal-h3o-architects-11-Jose-Hevia-120x120.jpg\" class=\"attachment-thumbnail size-thumbnail\" alt=\"\" aria-describedby=\"gallery-1-102182\" \/><\/a>\n\t\t\t<\/div>\n\t\t\t\t<figcaption class='wp-caption-text gallery-caption' id='gallery-1-102182'>\n\t\t\t\tLa Barbacoa Comunal | h3o architects \u00a9 Jose Hevia\n\t\t\t\t<\/figcaption><\/figure><figure class='gallery-item'>\n\t\t\t<div class='gallery-icon portrait'>\n\t\t\t\t<a href='https:\/\/veredes.es\/blog\/wp-content\/uploads\/2025\/06\/La-Barbacoa-Comunal-h3o-architects-12-Jose-Hevia.jpg'><img loading=\"lazy\" decoding=\"async\" width=\"120\" height=\"120\" src=\"https:\/\/veredes.es\/blog\/wp-content\/uploads\/2025\/06\/La-Barbacoa-Comunal-h3o-architects-12-Jose-Hevia-120x120.jpg\" class=\"attachment-thumbnail size-thumbnail\" alt=\"\" aria-describedby=\"gallery-1-102183\" \/><\/a>\n\t\t\t<\/div>\n\t\t\t\t<figcaption class='wp-caption-text gallery-caption' id='gallery-1-102183'>\n\t\t\t\tLa Barbacoa Comunal | h3o architects \u00a9 Jose Hevia\n\t\t\t\t<\/figcaption><\/figure>\n\t\t<\/div>\n\n<p style=\"text-align: justify;\">Otro elemento destacado de la intervenci\u00f3n es la larga mesa zigzagueante que serpentea y se entrelaza entre los \u00e1rboles. Dise\u00f1ada por el propio estudio para acoger hasta 50 comensales, esta mesa favorece la socializaci\u00f3n y la comida colectiva en un ambiente relajado. Adem\u00e1s, ofrece flexibilidad y accesibilidad a trav\u00e9s de espacios vac\u00edos que permiten adaptarse a diferentes situaciones y necesidades.<\/p>\n<figure id=\"attachment_102184\" aria-describedby=\"caption-attachment-102184\" style=\"width: 800px\" class=\"wp-caption alignnone\"><img loading=\"lazy\" decoding=\"async\" class=\"size-full wp-image-102184\" src=\"https:\/\/veredes.es\/blog\/wp-content\/uploads\/2025\/06\/La-Barbacoa-Comunal-h3o-architects-2-Jose-Hevia.jpg\" alt=\"La Barbacoa Comunal h3o architects 2 Jose-Hevia\" width=\"800\" height=\"1127\" srcset=\"https:\/\/veredes.es\/blog\/wp-content\/uploads\/2025\/06\/La-Barbacoa-Comunal-h3o-architects-2-Jose-Hevia.jpg 800w, https:\/\/veredes.es\/blog\/wp-content\/uploads\/2025\/06\/La-Barbacoa-Comunal-h3o-architects-2-Jose-Hevia-213x300.jpg 213w, https:\/\/veredes.es\/blog\/wp-content\/uploads\/2025\/06\/La-Barbacoa-Comunal-h3o-architects-2-Jose-Hevia-727x1024.jpg 727w, https:\/\/veredes.es\/blog\/wp-content\/uploads\/2025\/06\/La-Barbacoa-Comunal-h3o-architects-2-Jose-Hevia-298x420.jpg 298w, https:\/\/veredes.es\/blog\/wp-content\/uploads\/2025\/06\/La-Barbacoa-Comunal-h3o-architects-2-Jose-Hevia-696x980.jpg 696w\" sizes=\"auto, (max-width: 800px) 100vw, 800px\" \/><figcaption id=\"caption-attachment-102184\" class=\"wp-caption-text\"><span style=\"color: #999999;\">La Barbacoa Comunal | h3o architects \u00a9 Jose Hevia<\/span><\/figcaption><\/figure>\n<p style=\"text-align: justify;\">La renovaci\u00f3n, m\u00e1s all\u00e1 de mejorar un lugar de encuentro, pretende tambi\u00e9n aportar de manera positiva al entorno a trav\u00e9s de un proceso de renaturalizaci\u00f3n. Por ello, se ha dado una dimensi\u00f3n paisaj\u00edstica a la plaza mediante la preservaci\u00f3n de algunos de los \u00e1rboles existentes, as\u00ed como la plantaci\u00f3n de vegetaci\u00f3n aut\u00f3ctona: especies que potencian la nidificaci\u00f3n de aves, y plantas crasas y florales que fomentan la polinizaci\u00f3n.<\/p>\n<div id='gallery-2' class='gallery galleryid-102165 gallery-columns-4 gallery-size-thumbnail'><figure class='gallery-item'>\n\t\t\t<div class='gallery-icon portrait'>\n\t\t\t\t<a href='https:\/\/veredes.es\/blog\/wp-content\/uploads\/2025\/06\/La-Barbacoa-Comunal-h3o-architects-1-Jose-Hevia.jpg'><img loading=\"lazy\" decoding=\"async\" width=\"120\" height=\"120\" src=\"https:\/\/veredes.es\/blog\/wp-content\/uploads\/2025\/06\/La-Barbacoa-Comunal-h3o-architects-1-Jose-Hevia-120x120.jpg\" class=\"attachment-thumbnail size-thumbnail\" alt=\"\" aria-describedby=\"gallery-2-102186\" srcset=\"https:\/\/veredes.es\/blog\/wp-content\/uploads\/2025\/06\/La-Barbacoa-Comunal-h3o-architects-1-Jose-Hevia-120x120.jpg 120w, https:\/\/veredes.es\/blog\/wp-content\/uploads\/2025\/06\/La-Barbacoa-Comunal-h3o-architects-1-Jose-Hevia-297x300.jpg 297w, https:\/\/veredes.es\/blog\/wp-content\/uploads\/2025\/06\/La-Barbacoa-Comunal-h3o-architects-1-Jose-Hevia-416x420.jpg 416w, https:\/\/veredes.es\/blog\/wp-content\/uploads\/2025\/06\/La-Barbacoa-Comunal-h3o-architects-1-Jose-Hevia-696x702.jpg 696w, https:\/\/veredes.es\/blog\/wp-content\/uploads\/2025\/06\/La-Barbacoa-Comunal-h3o-architects-1-Jose-Hevia.jpg 800w\" sizes=\"auto, (max-width: 120px) 100vw, 120px\" \/><\/a>\n\t\t\t<\/div>\n\t\t\t\t<figcaption class='wp-caption-text gallery-caption' id='gallery-2-102186'>\n\t\t\t\tLa Barbacoa Comunal | h3o architects \u00a9 Jose Hevia\n\t\t\t\t<\/figcaption><\/figure><figure class='gallery-item'>\n\t\t\t<div class='gallery-icon portrait'>\n\t\t\t\t<a href='https:\/\/veredes.es\/blog\/wp-content\/uploads\/2025\/06\/La-Barbacoa-Comunal-h3o-architects-14-Jose-Hevia.jpg'><img loading=\"lazy\" decoding=\"async\" width=\"120\" height=\"120\" src=\"https:\/\/veredes.es\/blog\/wp-content\/uploads\/2025\/06\/La-Barbacoa-Comunal-h3o-architects-14-Jose-Hevia-120x120.jpg\" class=\"attachment-thumbnail size-thumbnail\" alt=\"\" aria-describedby=\"gallery-2-102187\" \/><\/a>\n\t\t\t<\/div>\n\t\t\t\t<figcaption class='wp-caption-text gallery-caption' id='gallery-2-102187'>\n\t\t\t\tLa Barbacoa Comunal | h3o architects \u00a9 Jose Hevia\n\t\t\t\t<\/figcaption><\/figure><figure class='gallery-item'>\n\t\t\t<div class='gallery-icon portrait'>\n\t\t\t\t<a href='https:\/\/veredes.es\/blog\/wp-content\/uploads\/2025\/06\/La-Barbacoa-Comunal-h3o-architects-15-Jose-Hevia.jpg'><img loading=\"lazy\" decoding=\"async\" width=\"120\" height=\"120\" src=\"https:\/\/veredes.es\/blog\/wp-content\/uploads\/2025\/06\/La-Barbacoa-Comunal-h3o-architects-15-Jose-Hevia-120x120.jpg\" class=\"attachment-thumbnail size-thumbnail\" alt=\"\" aria-describedby=\"gallery-2-102188\" \/><\/a>\n\t\t\t<\/div>\n\t\t\t\t<figcaption class='wp-caption-text gallery-caption' id='gallery-2-102188'>\n\t\t\t\tLa Barbacoa Comunal | h3o architects \u00a9 Jose Hevia\n\t\t\t\t<\/figcaption><\/figure><figure class='gallery-item'>\n\t\t\t<div class='gallery-icon portrait'>\n\t\t\t\t<a href='https:\/\/veredes.es\/blog\/wp-content\/uploads\/2025\/06\/La-Barbacoa-Comunal-h3o-architects-17-Jose-Hevia.jpg'><img loading=\"lazy\" decoding=\"async\" width=\"120\" height=\"120\" src=\"https:\/\/veredes.es\/blog\/wp-content\/uploads\/2025\/06\/La-Barbacoa-Comunal-h3o-architects-17-Jose-Hevia-120x120.jpg\" class=\"attachment-thumbnail size-thumbnail\" alt=\"\" aria-describedby=\"gallery-2-102189\" \/><\/a>\n\t\t\t<\/div>\n\t\t\t\t<figcaption class='wp-caption-text gallery-caption' id='gallery-2-102189'>\n\t\t\t\tLa Barbacoa Comunal | h3o architects \u00a9 Jose Hevia\n\t\t\t\t<\/figcaption><\/figure>\n\t\t<\/div>\n\n<p style=\"text-align: justify;\">La inserci\u00f3n de rocas de diversos formatos aporta robustez y tridimensionalidad a la geometr\u00eda del espacio, mientras los colores vibrantes y luminosos de la barbacoa contrastan con los tonos terrosos y verdes de las rocas y la vegetaci\u00f3n.<\/p>\n<div id='gallery-3' class='gallery galleryid-102165 gallery-columns-4 gallery-size-thumbnail'><figure class='gallery-item'>\n\t\t\t<div class='gallery-icon portrait'>\n\t\t\t\t<a href='https:\/\/veredes.es\/blog\/wp-content\/uploads\/2025\/06\/La-Barbacoa-Comunal-h3o-architects-3-Jose-Hevia.jpg'><img loading=\"lazy\" decoding=\"async\" width=\"120\" height=\"120\" src=\"https:\/\/veredes.es\/blog\/wp-content\/uploads\/2025\/06\/La-Barbacoa-Comunal-h3o-architects-3-Jose-Hevia-120x120.jpg\" class=\"attachment-thumbnail size-thumbnail\" alt=\"\" aria-describedby=\"gallery-3-102195\" \/><\/a>\n\t\t\t<\/div>\n\t\t\t\t<figcaption class='wp-caption-text gallery-caption' id='gallery-3-102195'>\n\t\t\t\tLa Barbacoa Comunal | h3o architects \u00a9 Jose Hevia\n\t\t\t\t<\/figcaption><\/figure><figure class='gallery-item'>\n\t\t\t<div class='gallery-icon landscape'>\n\t\t\t\t<a href='https:\/\/veredes.es\/blog\/wp-content\/uploads\/2025\/06\/La-Barbacoa-Comunal-h3o-architects-4-Jose-Hevia.jpg'><img loading=\"lazy\" decoding=\"async\" width=\"120\" height=\"120\" src=\"https:\/\/veredes.es\/blog\/wp-content\/uploads\/2025\/06\/La-Barbacoa-Comunal-h3o-architects-4-Jose-Hevia-120x120.jpg\" class=\"attachment-thumbnail size-thumbnail\" alt=\"\" aria-describedby=\"gallery-3-102196\" \/><\/a>\n\t\t\t<\/div>\n\t\t\t\t<figcaption class='wp-caption-text gallery-caption' id='gallery-3-102196'>\n\t\t\t\tLa Barbacoa Comunal | h3o architects \u00a9 Jose Hevia\n\t\t\t\t<\/figcaption><\/figure><figure class='gallery-item'>\n\t\t\t<div class='gallery-icon portrait'>\n\t\t\t\t<a href='https:\/\/veredes.es\/blog\/wp-content\/uploads\/2025\/06\/La-Barbacoa-Comunal-h3o-architects-5-Jose-Hevia.jpg'><img loading=\"lazy\" decoding=\"async\" width=\"120\" height=\"120\" src=\"https:\/\/veredes.es\/blog\/wp-content\/uploads\/2025\/06\/La-Barbacoa-Comunal-h3o-architects-5-Jose-Hevia-120x120.jpg\" class=\"attachment-thumbnail size-thumbnail\" alt=\"\" aria-describedby=\"gallery-3-102197\" \/><\/a>\n\t\t\t<\/div>\n\t\t\t\t<figcaption class='wp-caption-text gallery-caption' id='gallery-3-102197'>\n\t\t\t\tLa Barbacoa Comunal | h3o architects \u00a9 Jose Hevia\n\t\t\t\t<\/figcaption><\/figure><figure class='gallery-item'>\n\t\t\t<div class='gallery-icon portrait'>\n\t\t\t\t<a href='https:\/\/veredes.es\/blog\/wp-content\/uploads\/2025\/06\/La-Barbacoa-Comunal-h3o-architects-13-Jose-Hevia.jpg'><img loading=\"lazy\" decoding=\"async\" width=\"120\" height=\"120\" src=\"https:\/\/veredes.es\/blog\/wp-content\/uploads\/2025\/06\/La-Barbacoa-Comunal-h3o-architects-13-Jose-Hevia-120x120.jpg\" class=\"attachment-thumbnail size-thumbnail\" alt=\"\" aria-describedby=\"gallery-3-102198\" \/><\/a>\n\t\t\t<\/div>\n\t\t\t\t<figcaption class='wp-caption-text gallery-caption' id='gallery-3-102198'>\n\t\t\t\tLa Barbacoa Comunal | h3o architects \u00a9 Jose Hevia\n\t\t\t\t<\/figcaption><\/figure>\n\t\t<\/div>\n\n<p style=\"text-align: justify;\">El campo de asfalto que cubr\u00eda el aparcamiento ha sido transformado en un divertido juego de formas quebradas con texturas y tonalidades diversas. Mediante un proceso de rotura, se ha retirado gran parte de la losa de asfalto original, dejando dos caminos que invitan a recorrer la plaza: uno entre la vegetaci\u00f3n y otro que conecta la calle principal con la barbacoa, integrando la plaza con su entorno de una forma natural.<\/p>\n<figure id=\"attachment_102185\" aria-describedby=\"caption-attachment-102185\" style=\"width: 1400px\" class=\"wp-caption alignnone\"><img loading=\"lazy\" decoding=\"async\" class=\"size-full wp-image-102185\" src=\"https:\/\/veredes.es\/blog\/wp-content\/uploads\/2025\/06\/La-Barbacoa-Comunal-h3o-architects-7-Jose-Hevia.jpg\" alt=\"\" width=\"1400\" height=\"1243\" srcset=\"https:\/\/veredes.es\/blog\/wp-content\/uploads\/2025\/06\/La-Barbacoa-Comunal-h3o-architects-7-Jose-Hevia.jpg 1400w, https:\/\/veredes.es\/blog\/wp-content\/uploads\/2025\/06\/La-Barbacoa-Comunal-h3o-architects-7-Jose-Hevia-300x266.jpg 300w, https:\/\/veredes.es\/blog\/wp-content\/uploads\/2025\/06\/La-Barbacoa-Comunal-h3o-architects-7-Jose-Hevia-1024x909.jpg 1024w, https:\/\/veredes.es\/blog\/wp-content\/uploads\/2025\/06\/La-Barbacoa-Comunal-h3o-architects-7-Jose-Hevia-473x420.jpg 473w, https:\/\/veredes.es\/blog\/wp-content\/uploads\/2025\/06\/La-Barbacoa-Comunal-h3o-architects-7-Jose-Hevia-696x618.jpg 696w, https:\/\/veredes.es\/blog\/wp-content\/uploads\/2025\/06\/La-Barbacoa-Comunal-h3o-architects-7-Jose-Hevia-1068x948.jpg 1068w\" sizes=\"auto, (max-width: 1400px) 100vw, 1400px\" \/><figcaption id=\"caption-attachment-102185\" class=\"wp-caption-text\"><span style=\"color: #999999;\">La Barbacoa Comunal | h3o architects \u00a9 Jose Hevia<\/span><\/figcaption><\/figure>\n<p style=\"text-align: justify;\">Adem\u00e1s, al reemplazar gran parte del asfalto por vegetaci\u00f3n, se reduce el efecto \u201cisla de calor\u201d y mejora la permeabilidad del suelo, consiguiendo as\u00ed un espacio m\u00e1s fresco y acogedor.<\/p>\n<figure id=\"attachment_102191\" aria-describedby=\"caption-attachment-102191\" style=\"width: 1400px\" class=\"wp-caption alignnone\"><img loading=\"lazy\" decoding=\"async\" class=\"size-full wp-image-102191\" src=\"https:\/\/veredes.es\/blog\/wp-content\/uploads\/2025\/06\/La-Barbacoa-Comunal-h3o-architects-2-Planta.jpg\" alt=\"\" width=\"1400\" height=\"987\" srcset=\"https:\/\/veredes.es\/blog\/wp-content\/uploads\/2025\/06\/La-Barbacoa-Comunal-h3o-architects-2-Planta.jpg 1400w, https:\/\/veredes.es\/blog\/wp-content\/uploads\/2025\/06\/La-Barbacoa-Comunal-h3o-architects-2-Planta-300x212.jpg 300w, https:\/\/veredes.es\/blog\/wp-content\/uploads\/2025\/06\/La-Barbacoa-Comunal-h3o-architects-2-Planta-1024x722.jpg 1024w, https:\/\/veredes.es\/blog\/wp-content\/uploads\/2025\/06\/La-Barbacoa-Comunal-h3o-architects-2-Planta-596x420.jpg 596w, https:\/\/veredes.es\/blog\/wp-content\/uploads\/2025\/06\/La-Barbacoa-Comunal-h3o-architects-2-Planta-696x491.jpg 696w, https:\/\/veredes.es\/blog\/wp-content\/uploads\/2025\/06\/La-Barbacoa-Comunal-h3o-architects-2-Planta-1068x753.jpg 1068w\" sizes=\"auto, (max-width: 1400px) 100vw, 1400px\" \/><figcaption id=\"caption-attachment-102191\" class=\"wp-caption-text\"><span style=\"color: #999999;\">La Barbacoa Comunal | h3o architects | Planta<\/span><\/figcaption><\/figure>\n<p style=\"text-align: justify;\">La Barbacoa Comunal trasciende la mera funci\u00f3n de un espacio urbano al reimaginar el concepto de comunidad a trav\u00e9s de la gastronom\u00eda y la arquitectura. Al incorporar elementos de dise\u00f1o que fomentan la interacci\u00f3n social y la conexi\u00f3n con la naturaleza, el proyecto de h3o architects busca despertar una nueva percepci\u00f3n del entorno compartido.<\/p>\n<div id='gallery-4' class='gallery galleryid-102165 gallery-columns-4 gallery-size-thumbnail'><figure class='gallery-item'>\n\t\t\t<div class='gallery-icon landscape'>\n\t\t\t\t<a href='https:\/\/veredes.es\/blog\/wp-content\/uploads\/2025\/06\/La-Barbacoa-Comunal-h3o-architects-18-Jose-Hevia.jpg'><img loading=\"lazy\" decoding=\"async\" width=\"120\" height=\"120\" src=\"https:\/\/veredes.es\/blog\/wp-content\/uploads\/2025\/06\/La-Barbacoa-Comunal-h3o-architects-18-Jose-Hevia-120x120.jpg\" class=\"attachment-thumbnail size-thumbnail\" alt=\"\" aria-describedby=\"gallery-4-102201\" \/><\/a>\n\t\t\t<\/div>\n\t\t\t\t<figcaption class='wp-caption-text gallery-caption' id='gallery-4-102201'>\n\t\t\t\tLa Barbacoa Comunal | h3o architects \u00a9 Jose Hevia\n\t\t\t\t<\/figcaption><\/figure><figure class='gallery-item'>\n\t\t\t<div class='gallery-icon portrait'>\n\t\t\t\t<a href='https:\/\/veredes.es\/blog\/wp-content\/uploads\/2025\/06\/La-Barbacoa-Comunal-h3o-architects-6-Jose-Hevia.jpg'><img loading=\"lazy\" decoding=\"async\" width=\"120\" height=\"120\" src=\"https:\/\/veredes.es\/blog\/wp-content\/uploads\/2025\/06\/La-Barbacoa-Comunal-h3o-architects-6-Jose-Hevia-120x120.jpg\" class=\"attachment-thumbnail size-thumbnail\" alt=\"\" aria-describedby=\"gallery-4-102199\" \/><\/a>\n\t\t\t<\/div>\n\t\t\t\t<figcaption class='wp-caption-text gallery-caption' id='gallery-4-102199'>\n\t\t\t\tLa Barbacoa Comunal | h3o architects \u00a9 Jose Hevia\n\t\t\t\t<\/figcaption><\/figure><figure class='gallery-item'>\n\t\t\t<div class='gallery-icon portrait'>\n\t\t\t\t<a href='https:\/\/veredes.es\/blog\/wp-content\/uploads\/2025\/06\/La-Barbacoa-Comunal-h3o-architects-16-Jose-Hevia.jpg'><img loading=\"lazy\" decoding=\"async\" width=\"120\" height=\"120\" src=\"https:\/\/veredes.es\/blog\/wp-content\/uploads\/2025\/06\/La-Barbacoa-Comunal-h3o-architects-16-Jose-Hevia-120x120.jpg\" class=\"attachment-thumbnail size-thumbnail\" alt=\"\" aria-describedby=\"gallery-4-102200\" \/><\/a>\n\t\t\t<\/div>\n\t\t\t\t<figcaption class='wp-caption-text gallery-caption' id='gallery-4-102200'>\n\t\t\t\tLa Barbacoa Comunal | h3o architects \u00a9 Jose Hevia\n\t\t\t\t<\/figcaption><\/figure><figure class='gallery-item'>\n\t\t\t<div class='gallery-icon portrait'>\n\t\t\t\t<a href='https:\/\/veredes.es\/blog\/wp-content\/uploads\/2025\/06\/La-Barbacoa-Comunal-h3o-architects-19-Jose-Hevia.jpg'><img loading=\"lazy\" decoding=\"async\" width=\"120\" height=\"120\" src=\"https:\/\/veredes.es\/blog\/wp-content\/uploads\/2025\/06\/La-Barbacoa-Comunal-h3o-architects-19-Jose-Hevia-120x120.jpg\" class=\"attachment-thumbnail size-thumbnail\" alt=\"\" aria-describedby=\"gallery-4-102202\" \/><\/a>\n\t\t\t<\/div>\n\t\t\t\t<figcaption class='wp-caption-text gallery-caption' id='gallery-4-102202'>\n\t\t\t\tLa Barbacoa Comunal | h3o architects \u00a9 Jose Hevia\n\t\t\t\t<\/figcaption><\/figure>\n\t\t<\/div>\n\n<p style=\"text-align: justify;\">As\u00ed, la plaza se convierte en un escenario donde la vitalidad y el v\u00ednculo social se entrelazan, convirtiendo cada encuentro en una celebraci\u00f3n de la vida colectiva.<\/p>\n<div id='gallery-5' class='gallery galleryid-102165 gallery-columns-4 gallery-size-thumbnail'><figure class='gallery-item'>\n\t\t\t<div class='gallery-icon landscape'>\n\t\t\t\t<a href='https:\/\/veredes.es\/blog\/wp-content\/uploads\/2025\/06\/La-Barbacoa-Comunal-h3o-architects-1-Emplazamiento.jpg'><img loading=\"lazy\" decoding=\"async\" width=\"120\" height=\"120\" src=\"https:\/\/veredes.es\/blog\/wp-content\/uploads\/2025\/06\/La-Barbacoa-Comunal-h3o-architects-1-Emplazamiento-120x120.jpg\" class=\"attachment-thumbnail size-thumbnail\" alt=\"\" aria-describedby=\"gallery-5-102190\" srcset=\"https:\/\/veredes.es\/blog\/wp-content\/uploads\/2025\/06\/La-Barbacoa-Comunal-h3o-architects-1-Emplazamiento-120x120.jpg 120w, https:\/\/veredes.es\/blog\/wp-content\/uploads\/2025\/06\/La-Barbacoa-Comunal-h3o-architects-1-Emplazamiento-300x300.jpg 300w, https:\/\/veredes.es\/blog\/wp-content\/uploads\/2025\/06\/La-Barbacoa-Comunal-h3o-architects-1-Emplazamiento-1024x1024.jpg 1024w, https:\/\/veredes.es\/blog\/wp-content\/uploads\/2025\/06\/La-Barbacoa-Comunal-h3o-architects-1-Emplazamiento-420x420.jpg 420w, https:\/\/veredes.es\/blog\/wp-content\/uploads\/2025\/06\/La-Barbacoa-Comunal-h3o-architects-1-Emplazamiento-696x696.jpg 696w, https:\/\/veredes.es\/blog\/wp-content\/uploads\/2025\/06\/La-Barbacoa-Comunal-h3o-architects-1-Emplazamiento-1068x1068.jpg 1068w, https:\/\/veredes.es\/blog\/wp-content\/uploads\/2025\/06\/La-Barbacoa-Comunal-h3o-architects-1-Emplazamiento.jpg 1400w\" sizes=\"auto, (max-width: 120px) 100vw, 120px\" \/><\/a>\n\t\t\t<\/div>\n\t\t\t\t<figcaption class='wp-caption-text gallery-caption' id='gallery-5-102190'>\n\t\t\t\tLa Barbacoa Comunal | h3o architects | Emplazamiento\n\t\t\t\t<\/figcaption><\/figure><figure class='gallery-item'>\n\t\t\t<div class='gallery-icon landscape'>\n\t\t\t\t<a href='https:\/\/veredes.es\/blog\/wp-content\/uploads\/2025\/06\/La-Barbacoa-Comunal-h3o-architects-2-Planta.jpg'><img loading=\"lazy\" decoding=\"async\" width=\"120\" height=\"120\" src=\"https:\/\/veredes.es\/blog\/wp-content\/uploads\/2025\/06\/La-Barbacoa-Comunal-h3o-architects-2-Planta-120x120.jpg\" class=\"attachment-thumbnail size-thumbnail\" alt=\"\" aria-describedby=\"gallery-5-102191\" \/><\/a>\n\t\t\t<\/div>\n\t\t\t\t<figcaption class='wp-caption-text gallery-caption' id='gallery-5-102191'>\n\t\t\t\tLa Barbacoa Comunal | h3o architects | Planta\n\t\t\t\t<\/figcaption><\/figure><figure class='gallery-item'>\n\t\t\t<div class='gallery-icon landscape'>\n\t\t\t\t<a href='https:\/\/veredes.es\/blog\/wp-content\/uploads\/2025\/06\/La-Barbacoa-Comunal-h3o-architects-4-Maqueta.jpg'><img loading=\"lazy\" decoding=\"async\" width=\"120\" height=\"120\" src=\"https:\/\/veredes.es\/blog\/wp-content\/uploads\/2025\/06\/La-Barbacoa-Comunal-h3o-architects-4-Maqueta-120x120.jpg\" class=\"attachment-thumbnail size-thumbnail\" alt=\"\" aria-describedby=\"gallery-5-102193\" \/><\/a>\n\t\t\t<\/div>\n\t\t\t\t<figcaption class='wp-caption-text gallery-caption' id='gallery-5-102193'>\n\t\t\t\tLa Barbacoa Comunal | h3o architects | Maqueta\n\t\t\t\t<\/figcaption><\/figure><figure class='gallery-item'>\n\t\t\t<div class='gallery-icon landscape'>\n\t\t\t\t<a href='https:\/\/veredes.es\/blog\/wp-content\/uploads\/2025\/06\/La-Barbacoa-Comunal-h3o-architects-5-Maqueta.jpg'><img loading=\"lazy\" decoding=\"async\" width=\"120\" height=\"120\" src=\"https:\/\/veredes.es\/blog\/wp-content\/uploads\/2025\/06\/La-Barbacoa-Comunal-h3o-architects-5-Maqueta-120x120.jpg\" class=\"attachment-thumbnail size-thumbnail\" alt=\"\" aria-describedby=\"gallery-5-102194\" \/><\/a>\n\t\t\t<\/div>\n\t\t\t\t<figcaption class='wp-caption-text gallery-caption' id='gallery-5-102194'>\n\t\t\t\tLa Barbacoa Comunal | h3o architects | Maqueta\n\t\t\t\t<\/figcaption><\/figure>\n\t\t<\/div>\n\n<p style=\"text-align: justify;\">Obra: La Barbacoa Comunal<br \/>\nAutores: h3o architects<br \/>\nUbicaci\u00f3n: Castell d\u2019Aro (Catalu\u00f1a, Espa\u00f1a)<br \/>\nA\u00f1o: 2021-2023<br \/>\nCliente: Ajuntament de Castell-Platja d\u2019Aro<br \/>\nEquipo de Dise\u00f1o \/ Colaboradores: Marcel Heras Toledo, Ramon Illan Toledo, Paula Widomska<br \/>\nSuperficie: 1738,9 m\u00b2<br \/>\nConsultores:<br \/>\n&#8211; Jefe de Obra: h3o architects<br \/>\n&#8211; Medici\u00f3n de Presupuestos: Carolina Valero<br \/>\n&#8211; Ingenier\u00eda Estructural: Ofici Arquitectura<br \/>\n&#8211; Presupuesto: h3o architects \/ Carolina Valero<br \/>\n&#8211; Paisajismo: h3o architects \/ Merc\u00e8 Lorente<br \/>\n&#8211; Consultores Ambientales: Natura Montfred<br \/>\n&#8211; Consultores de Iluminaci\u00f3n: Viabizzuno<br \/>\nFotograf\u00eda: <a href=\"https:\/\/www.josehevia.es\/es\/\" target=\"_blank\" rel=\"noopener\">Jos\u00e9 Hevia<\/a> |\u00a0<a href=\"https:\/\/lluistudela.com\/\" target=\"_blank\" rel=\"noopener\">Llu\u00eds Tudela <\/a>|\u00a0Fernando Mari<br \/>\n<span style=\"color: #999999;\"><a style=\"color: #999999;\" href=\"https:\/\/h3o.es\/es\/\" target=\"_blank\" rel=\"noopener\">+ h3o.es\/es\/<\/a><\/span><\/p>\n","protected":false},"excerpt":{"rendered":"<p>La Barbacoa Comunal, un proyecto de renovaci\u00f3n urbana y de paisaje en el \u00e1rea industrial de Castell d\u2019Aro (Catalu\u00f1a, Espa\u00f1a), coraz\u00f3n de la Costa Brava. La intervenci\u00f3n de 1700m2 ha convertido un antiguo aparcamiento en una plaza con identidad propia, marcada por el color y esp\u00edritu comunitario, destinada tanto a los vecinos como a los [&hellip;]<\/p>\n","protected":false},"author":2,"featured_media":102201,"comment_status":"open","ping_status":"closed","sticky":false,"template":"","format":"standard","meta":{"footnotes":""},"categories":[34,1465,735,23,5951],"tags":[2631,372,3740,2703,6046,482,2819,516,1848,521,17990,733,1801,12461,977,978,1062,4982,1884,2788,1982,1300],"class_list":{"0":"post-102165","1":"post","2":"type-post","3":"status-publish","4":"format-standard","5":"has-post-thumbnail","7":"category-arquitectura","8":"category-espacio-publico-arquitectura","9":"category-intervencion-urbana","10":"category-obras","12":"tag-arquitectura-espanola","13":"tag-contorno-urbano","14":"tag-desarrollo-urbano","15":"tag-diseno-urbano","16":"tag-encajes-urbanos","17":"tag-entorno-urbano","18":"tag-escenario-urbano","19":"tag-espacio-publico","21":"tag-espana","22":"tag-h3o-architects","23":"tag-intervencion","24":"tag-intervencion-publica","25":"tag-intervencion-urbana","26":"tag-paisaje","27":"tag-paisaje-urbano","28":"tag-planificacion-urbana","29":"tag-politicas-urbanas","30":"tag-realidad-urbana","31":"tag-reintegracion-urbana","32":"tag-renovacion-urbana","33":"tag-transformacion-urbana"},"yoast_head":"<!-- This site is optimized with the Yoast SEO plugin v27.5 - https:\/\/yoast.com\/product\/yoast-seo-wordpress\/ -->\n<title>La Barbacoa Comunal | h3o architects - veredes<\/title>\n<meta name=\"description\" content=\"Toda la informaci\u00f3n sobre: La Barbacoa Comunal | h3o architects\" \/>\n<meta name=\"robots\" content=\"index, follow, max-snippet:-1, max-image-preview:large, max-video-preview:-1\" \/>\n<link rel=\"canonical\" href=\"https:\/\/veredes.es\/blog\/la-barbacoa-comunal-h3o-architects\/\" \/>\n<meta property=\"og:locale\" content=\"es_ES\" \/>\n<meta property=\"og:type\" content=\"article\" \/>\n<meta property=\"og:title\" content=\"La Barbacoa Comunal | h3o architects - veredes\" \/>\n<meta property=\"og:description\" content=\"Toda la informaci\u00f3n sobre: La Barbacoa Comunal | h3o architects\" \/>\n<meta property=\"og:url\" content=\"https:\/\/veredes.es\/blog\/la-barbacoa-comunal-h3o-architects\/\" \/>\n<meta property=\"og:site_name\" content=\"veredes, arquitectura y divulgaci\u00f3n\" \/>\n<meta property=\"article:publisher\" content=\"https:\/\/www.facebook.com\/veredesArquitecturayDivulgacion\/\" \/>\n<meta property=\"article:author\" content=\"https:\/\/www.facebook.com\/veredesArquitecturayDivulgacion\/\" \/>\n<meta property=\"article:published_time\" content=\"2025-06-03T22:01:22+00:00\" \/>\n<meta property=\"article:modified_time\" content=\"2025-06-04T18:40:21+00:00\" \/>\n<meta property=\"og:image\" content=\"https:\/\/veredes.es\/blog\/wp-content\/uploads\/2025\/06\/La-Barbacoa-Comunal-h3o-architects-18-Jose-Hevia.jpg\" \/>\n\t<meta property=\"og:image:width\" content=\"1400\" \/>\n\t<meta property=\"og:image:height\" content=\"957\" \/>\n\t<meta property=\"og:image:type\" content=\"image\/jpeg\" \/>\n<meta name=\"author\" content=\"veredes\" \/>\n<meta name=\"twitter:card\" content=\"summary_large_image\" \/>\n<meta name=\"twitter:creator\" content=\"@https:\/\/twitter.com\/veredes\" \/>\n<meta name=\"twitter:site\" content=\"@veredes\" \/>\n<meta name=\"twitter:label1\" content=\"Escrito por\" \/>\n\t<meta name=\"twitter:data1\" content=\"veredes\" \/>\n\t<meta name=\"twitter:label2\" content=\"Tiempo de lectura\" \/>\n\t<meta name=\"twitter:data2\" content=\"6 minutos\" \/>\n<script type=\"application\/ld+json\" class=\"yoast-schema-graph\">{\"@context\":\"https:\\\/\\\/schema.org\",\"@graph\":[{\"@type\":\"Article\",\"@id\":\"https:\\\/\\\/veredes.es\\\/blog\\\/la-barbacoa-comunal-h3o-architects\\\/#article\",\"isPartOf\":{\"@id\":\"https:\\\/\\\/veredes.es\\\/blog\\\/la-barbacoa-comunal-h3o-architects\\\/\"},\"author\":{\"name\":\"veredes\",\"@id\":\"https:\\\/\\\/veredes.es\\\/blog\\\/#\\\/schema\\\/person\\\/0bbb669073ef7faba5168a0844e93d2c\"},\"headline\":\"La Barbacoa Comunal | h3o architects\",\"datePublished\":\"2025-06-03T22:01:22+00:00\",\"dateModified\":\"2025-06-04T18:40:21+00:00\",\"mainEntityOfPage\":{\"@id\":\"https:\\\/\\\/veredes.es\\\/blog\\\/la-barbacoa-comunal-h3o-architects\\\/\"},\"wordCount\":1020,\"commentCount\":0,\"publisher\":{\"@id\":\"https:\\\/\\\/veredes.es\\\/blog\\\/#organization\"},\"image\":{\"@id\":\"https:\\\/\\\/veredes.es\\\/blog\\\/la-barbacoa-comunal-h3o-architects\\\/#primaryimage\"},\"thumbnailUrl\":\"https:\\\/\\\/veredes.es\\\/blog\\\/wp-content\\\/uploads\\\/2025\\\/06\\\/La-Barbacoa-Comunal-h3o-architects-18-Jose-Hevia.jpg\",\"keywords\":[\"arquitectura espa\u00f1ola\",\"contorno urbano\",\"desarrollo urbano\",\"dise\u00f1o urbano\",\"encajes urbanos\",\"entorno urbano\",\"escenario urbano\",\"espacio p\u00fablico\",\"espacio urbano\",\"Espa\u00f1a\",\"h3o architects\",\"intervenci\u00f3n\",\"intervenci\u00f3n p\u00fablica\",\"intervenci\u00f3n urbana\",\"paisaje\",\"paisaje urbano\",\"planificacion urbana\",\"pol\u00edticas urbanas\",\"realidad urbana\",\"reintegraci\u00f3n urbana\",\"renovaci\u00f3n urbana\",\"transformaci\u00f3n urbana\"],\"articleSection\":[\"arquitectura\",\"espacio publico\",\"intervenci\u00f3n urbana\",\"obras\",\"slider principal\"],\"inLanguage\":\"es\",\"potentialAction\":[{\"@type\":\"CommentAction\",\"name\":\"Comment\",\"target\":[\"https:\\\/\\\/veredes.es\\\/blog\\\/la-barbacoa-comunal-h3o-architects\\\/#respond\"]}]},{\"@type\":\"WebPage\",\"@id\":\"https:\\\/\\\/veredes.es\\\/blog\\\/la-barbacoa-comunal-h3o-architects\\\/\",\"url\":\"https:\\\/\\\/veredes.es\\\/blog\\\/la-barbacoa-comunal-h3o-architects\\\/\",\"name\":\"La Barbacoa Comunal | h3o architects - veredes\",\"isPartOf\":{\"@id\":\"https:\\\/\\\/veredes.es\\\/blog\\\/#website\"},\"primaryImageOfPage\":{\"@id\":\"https:\\\/\\\/veredes.es\\\/blog\\\/la-barbacoa-comunal-h3o-architects\\\/#primaryimage\"},\"image\":{\"@id\":\"https:\\\/\\\/veredes.es\\\/blog\\\/la-barbacoa-comunal-h3o-architects\\\/#primaryimage\"},\"thumbnailUrl\":\"https:\\\/\\\/veredes.es\\\/blog\\\/wp-content\\\/uploads\\\/2025\\\/06\\\/La-Barbacoa-Comunal-h3o-architects-18-Jose-Hevia.jpg\",\"datePublished\":\"2025-06-03T22:01:22+00:00\",\"dateModified\":\"2025-06-04T18:40:21+00:00\",\"description\":\"Toda la informaci\u00f3n sobre: La Barbacoa Comunal | h3o architects\",\"breadcrumb\":{\"@id\":\"https:\\\/\\\/veredes.es\\\/blog\\\/la-barbacoa-comunal-h3o-architects\\\/#breadcrumb\"},\"inLanguage\":\"es\",\"potentialAction\":[{\"@type\":\"ReadAction\",\"target\":[\"https:\\\/\\\/veredes.es\\\/blog\\\/la-barbacoa-comunal-h3o-architects\\\/\"]}]},{\"@type\":\"ImageObject\",\"inLanguage\":\"es\",\"@id\":\"https:\\\/\\\/veredes.es\\\/blog\\\/la-barbacoa-comunal-h3o-architects\\\/#primaryimage\",\"url\":\"https:\\\/\\\/veredes.es\\\/blog\\\/wp-content\\\/uploads\\\/2025\\\/06\\\/La-Barbacoa-Comunal-h3o-architects-18-Jose-Hevia.jpg\",\"contentUrl\":\"https:\\\/\\\/veredes.es\\\/blog\\\/wp-content\\\/uploads\\\/2025\\\/06\\\/La-Barbacoa-Comunal-h3o-architects-18-Jose-Hevia.jpg\",\"width\":1400,\"height\":957,\"caption\":\"La Barbacoa Comunal | h3o architects \u00a9 Jose Hevia\"},{\"@type\":\"BreadcrumbList\",\"@id\":\"https:\\\/\\\/veredes.es\\\/blog\\\/la-barbacoa-comunal-h3o-architects\\\/#breadcrumb\",\"itemListElement\":[{\"@type\":\"ListItem\",\"position\":1,\"name\":\"Portada\",\"item\":\"https:\\\/\\\/veredes.es\\\/blog\\\/\"},{\"@type\":\"ListItem\",\"position\":2,\"name\":\"La Barbacoa Comunal | h3o architects\"}]},{\"@type\":\"WebSite\",\"@id\":\"https:\\\/\\\/veredes.es\\\/blog\\\/#website\",\"url\":\"https:\\\/\\\/veredes.es\\\/blog\\\/\",\"name\":\"veredes, arquitectura y divulgaci\u00f3n\",\"description\":\"veredes\",\"publisher\":{\"@id\":\"https:\\\/\\\/veredes.es\\\/blog\\\/#organization\"},\"alternateName\":\"veredes\",\"potentialAction\":[{\"@type\":\"SearchAction\",\"target\":{\"@type\":\"EntryPoint\",\"urlTemplate\":\"https:\\\/\\\/veredes.es\\\/blog\\\/?s={search_term_string}\"},\"query-input\":{\"@type\":\"PropertyValueSpecification\",\"valueRequired\":true,\"valueName\":\"search_term_string\"}}],\"inLanguage\":\"es\"},{\"@type\":\"Organization\",\"@id\":\"https:\\\/\\\/veredes.es\\\/blog\\\/#organization\",\"name\":\"veredes, arquitectura y divulgaci\u00f3n\",\"alternateName\":\"veredes\",\"url\":\"https:\\\/\\\/veredes.es\\\/blog\\\/\",\"logo\":{\"@type\":\"ImageObject\",\"inLanguage\":\"es\",\"@id\":\"https:\\\/\\\/veredes.es\\\/blog\\\/#\\\/schema\\\/logo\\\/image\\\/\",\"url\":\"https:\\\/\\\/veredes.es\\\/blog\\\/wp-content\\\/uploads\\\/2021\\\/12\\\/veredes-logo-centrado_140x54.png\",\"contentUrl\":\"https:\\\/\\\/veredes.es\\\/blog\\\/wp-content\\\/uploads\\\/2021\\\/12\\\/veredes-logo-centrado_140x54.png\",\"width\":140,\"height\":54,\"caption\":\"veredes, arquitectura y divulgaci\u00f3n\"},\"image\":{\"@id\":\"https:\\\/\\\/veredes.es\\\/blog\\\/#\\\/schema\\\/logo\\\/image\\\/\"},\"sameAs\":[\"https:\\\/\\\/www.facebook.com\\\/veredesArquitecturayDivulgacion\\\/\",\"https:\\\/\\\/x.com\\\/veredes\",\"https:\\\/\\\/instagram.com\\\/veredes\\\/\",\"https:\\\/\\\/www.linkedin.com\\\/company\\\/veredes-arquitectura-y-divulgacion\\\/\",\"https:\\\/\\\/es.pinterest.com\\\/veredes\\\/\",\"https:\\\/\\\/www.tumblr.com\\\/veredes\"]},{\"@type\":\"Person\",\"@id\":\"https:\\\/\\\/veredes.es\\\/blog\\\/#\\\/schema\\\/person\\\/0bbb669073ef7faba5168a0844e93d2c\",\"name\":\"veredes\",\"image\":{\"@type\":\"ImageObject\",\"inLanguage\":\"es\",\"@id\":\"https:\\\/\\\/veredes.es\\\/blog\\\/wp-content\\\/uploads\\\/2018\\\/04\\\/face-96x96.jpg\",\"url\":\"https:\\\/\\\/veredes.es\\\/blog\\\/wp-content\\\/uploads\\\/2018\\\/04\\\/face-96x96.jpg\",\"contentUrl\":\"https:\\\/\\\/veredes.es\\\/blog\\\/wp-content\\\/uploads\\\/2018\\\/04\\\/face-96x96.jpg\",\"caption\":\"veredes\"},\"description\":\"Surge enero de 2009 como b\u00fasqueda de satisfacer el conocimiento de la actividad arquitect\u00f3nica y tangentes que se generan. La idea es crear un espacio para divulgar los diversos proyectos en busca de nueva inspiraci\u00f3n y de intercambio.\",\"sameAs\":[\"https:\\\/\\\/veredes.es\\\/\",\"https:\\\/\\\/www.facebook.com\\\/veredesArquitecturayDivulgacion\\\/\",\"https:\\\/\\\/www.instagram.com\\\/veredes\\\/\",\"https:\\\/\\\/www.linkedin.com\\\/company\\\/veredes-arquitectura-y-divulgacion\\\/\",\"https:\\\/\\\/www.pinterest.es\\\/veredes\\\/\",\"https:\\\/\\\/x.com\\\/https:\\\/\\\/twitter.com\\\/veredes\",\"https:\\\/\\\/veredes.tumblr.com\\\/\"],\"url\":\"https:\\\/\\\/veredes.es\\\/blog\\\/author\\\/alberto\\\/\"}]}<\/script>\n<!-- \/ Yoast SEO plugin. -->","yoast_head_json":{"title":"La Barbacoa Comunal | h3o architects - veredes","description":"Toda la informaci\u00f3n sobre: La Barbacoa Comunal | h3o architects","robots":{"index":"index","follow":"follow","max-snippet":"max-snippet:-1","max-image-preview":"max-image-preview:large","max-video-preview":"max-video-preview:-1"},"canonical":"https:\/\/veredes.es\/blog\/la-barbacoa-comunal-h3o-architects\/","og_locale":"es_ES","og_type":"article","og_title":"La Barbacoa Comunal | h3o architects - veredes","og_description":"Toda la informaci\u00f3n sobre: La Barbacoa Comunal | h3o architects","og_url":"https:\/\/veredes.es\/blog\/la-barbacoa-comunal-h3o-architects\/","og_site_name":"veredes, arquitectura y divulgaci\u00f3n","article_publisher":"https:\/\/www.facebook.com\/veredesArquitecturayDivulgacion\/","article_author":"https:\/\/www.facebook.com\/veredesArquitecturayDivulgacion\/","article_published_time":"2025-06-03T22:01:22+00:00","article_modified_time":"2025-06-04T18:40:21+00:00","og_image":[{"width":1400,"height":957,"url":"https:\/\/veredes.es\/blog\/wp-content\/uploads\/2025\/06\/La-Barbacoa-Comunal-h3o-architects-18-Jose-Hevia.jpg","type":"image\/jpeg"}],"author":"veredes","twitter_card":"summary_large_image","twitter_creator":"@https:\/\/twitter.com\/veredes","twitter_site":"@veredes","twitter_misc":{"Escrito por":"veredes","Tiempo de lectura":"6 minutos"},"schema":{"@context":"https:\/\/schema.org","@graph":[{"@type":"Article","@id":"https:\/\/veredes.es\/blog\/la-barbacoa-comunal-h3o-architects\/#article","isPartOf":{"@id":"https:\/\/veredes.es\/blog\/la-barbacoa-comunal-h3o-architects\/"},"author":{"name":"veredes","@id":"https:\/\/veredes.es\/blog\/#\/schema\/person\/0bbb669073ef7faba5168a0844e93d2c"},"headline":"La Barbacoa Comunal | h3o architects","datePublished":"2025-06-03T22:01:22+00:00","dateModified":"2025-06-04T18:40:21+00:00","mainEntityOfPage":{"@id":"https:\/\/veredes.es\/blog\/la-barbacoa-comunal-h3o-architects\/"},"wordCount":1020,"commentCount":0,"publisher":{"@id":"https:\/\/veredes.es\/blog\/#organization"},"image":{"@id":"https:\/\/veredes.es\/blog\/la-barbacoa-comunal-h3o-architects\/#primaryimage"},"thumbnailUrl":"https:\/\/veredes.es\/blog\/wp-content\/uploads\/2025\/06\/La-Barbacoa-Comunal-h3o-architects-18-Jose-Hevia.jpg","keywords":["arquitectura espa\u00f1ola","contorno urbano","desarrollo urbano","dise\u00f1o urbano","encajes urbanos","entorno urbano","escenario urbano","espacio p\u00fablico","espacio urbano","Espa\u00f1a","h3o architects","intervenci\u00f3n","intervenci\u00f3n p\u00fablica","intervenci\u00f3n urbana","paisaje","paisaje urbano","planificacion urbana","pol\u00edticas urbanas","realidad urbana","reintegraci\u00f3n urbana","renovaci\u00f3n urbana","transformaci\u00f3n urbana"],"articleSection":["arquitectura","espacio publico","intervenci\u00f3n urbana","obras","slider principal"],"inLanguage":"es","potentialAction":[{"@type":"CommentAction","name":"Comment","target":["https:\/\/veredes.es\/blog\/la-barbacoa-comunal-h3o-architects\/#respond"]}]},{"@type":"WebPage","@id":"https:\/\/veredes.es\/blog\/la-barbacoa-comunal-h3o-architects\/","url":"https:\/\/veredes.es\/blog\/la-barbacoa-comunal-h3o-architects\/","name":"La Barbacoa Comunal | h3o architects - veredes","isPartOf":{"@id":"https:\/\/veredes.es\/blog\/#website"},"primaryImageOfPage":{"@id":"https:\/\/veredes.es\/blog\/la-barbacoa-comunal-h3o-architects\/#primaryimage"},"image":{"@id":"https:\/\/veredes.es\/blog\/la-barbacoa-comunal-h3o-architects\/#primaryimage"},"thumbnailUrl":"https:\/\/veredes.es\/blog\/wp-content\/uploads\/2025\/06\/La-Barbacoa-Comunal-h3o-architects-18-Jose-Hevia.jpg","datePublished":"2025-06-03T22:01:22+00:00","dateModified":"2025-06-04T18:40:21+00:00","description":"Toda la informaci\u00f3n sobre: La Barbacoa Comunal | h3o architects","breadcrumb":{"@id":"https:\/\/veredes.es\/blog\/la-barbacoa-comunal-h3o-architects\/#breadcrumb"},"inLanguage":"es","potentialAction":[{"@type":"ReadAction","target":["https:\/\/veredes.es\/blog\/la-barbacoa-comunal-h3o-architects\/"]}]},{"@type":"ImageObject","inLanguage":"es","@id":"https:\/\/veredes.es\/blog\/la-barbacoa-comunal-h3o-architects\/#primaryimage","url":"https:\/\/veredes.es\/blog\/wp-content\/uploads\/2025\/06\/La-Barbacoa-Comunal-h3o-architects-18-Jose-Hevia.jpg","contentUrl":"https:\/\/veredes.es\/blog\/wp-content\/uploads\/2025\/06\/La-Barbacoa-Comunal-h3o-architects-18-Jose-Hevia.jpg","width":1400,"height":957,"caption":"La Barbacoa Comunal | h3o architects \u00a9 Jose Hevia"},{"@type":"BreadcrumbList","@id":"https:\/\/veredes.es\/blog\/la-barbacoa-comunal-h3o-architects\/#breadcrumb","itemListElement":[{"@type":"ListItem","position":1,"name":"Portada","item":"https:\/\/veredes.es\/blog\/"},{"@type":"ListItem","position":2,"name":"La Barbacoa Comunal | h3o architects"}]},{"@type":"WebSite","@id":"https:\/\/veredes.es\/blog\/#website","url":"https:\/\/veredes.es\/blog\/","name":"veredes, arquitectura y divulgaci\u00f3n","description":"veredes","publisher":{"@id":"https:\/\/veredes.es\/blog\/#organization"},"alternateName":"veredes","potentialAction":[{"@type":"SearchAction","target":{"@type":"EntryPoint","urlTemplate":"https:\/\/veredes.es\/blog\/?s={search_term_string}"},"query-input":{"@type":"PropertyValueSpecification","valueRequired":true,"valueName":"search_term_string"}}],"inLanguage":"es"},{"@type":"Organization","@id":"https:\/\/veredes.es\/blog\/#organization","name":"veredes, arquitectura y divulgaci\u00f3n","alternateName":"veredes","url":"https:\/\/veredes.es\/blog\/","logo":{"@type":"ImageObject","inLanguage":"es","@id":"https:\/\/veredes.es\/blog\/#\/schema\/logo\/image\/","url":"https:\/\/veredes.es\/blog\/wp-content\/uploads\/2021\/12\/veredes-logo-centrado_140x54.png","contentUrl":"https:\/\/veredes.es\/blog\/wp-content\/uploads\/2021\/12\/veredes-logo-centrado_140x54.png","width":140,"height":54,"caption":"veredes, arquitectura y divulgaci\u00f3n"},"image":{"@id":"https:\/\/veredes.es\/blog\/#\/schema\/logo\/image\/"},"sameAs":["https:\/\/www.facebook.com\/veredesArquitecturayDivulgacion\/","https:\/\/x.com\/veredes","https:\/\/instagram.com\/veredes\/","https:\/\/www.linkedin.com\/company\/veredes-arquitectura-y-divulgacion\/","https:\/\/es.pinterest.com\/veredes\/","https:\/\/www.tumblr.com\/veredes"]},{"@type":"Person","@id":"https:\/\/veredes.es\/blog\/#\/schema\/person\/0bbb669073ef7faba5168a0844e93d2c","name":"veredes","image":{"@type":"ImageObject","inLanguage":"es","@id":"https:\/\/veredes.es\/blog\/wp-content\/uploads\/2018\/04\/face-96x96.jpg","url":"https:\/\/veredes.es\/blog\/wp-content\/uploads\/2018\/04\/face-96x96.jpg","contentUrl":"https:\/\/veredes.es\/blog\/wp-content\/uploads\/2018\/04\/face-96x96.jpg","caption":"veredes"},"description":"Surge enero de 2009 como b\u00fasqueda de satisfacer el conocimiento de la actividad arquitect\u00f3nica y tangentes que se generan. La idea es crear un espacio para divulgar los diversos proyectos en busca de nueva inspiraci\u00f3n y de intercambio.","sameAs":["https:\/\/veredes.es\/","https:\/\/www.facebook.com\/veredesArquitecturayDivulgacion\/","https:\/\/www.instagram.com\/veredes\/","https:\/\/www.linkedin.com\/company\/veredes-arquitectura-y-divulgacion\/","https:\/\/www.pinterest.es\/veredes\/","https:\/\/x.com\/https:\/\/twitter.com\/veredes","https:\/\/veredes.tumblr.com\/"],"url":"https:\/\/veredes.es\/blog\/author\/alberto\/"}]}},"_links":{"self":[{"href":"https:\/\/veredes.es\/blog\/wp-json\/wp\/v2\/posts\/102165","targetHints":{"allow":["GET"]}}],"collection":[{"href":"https:\/\/veredes.es\/blog\/wp-json\/wp\/v2\/posts"}],"about":[{"href":"https:\/\/veredes.es\/blog\/wp-json\/wp\/v2\/types\/post"}],"author":[{"embeddable":true,"href":"https:\/\/veredes.es\/blog\/wp-json\/wp\/v2\/users\/2"}],"replies":[{"embeddable":true,"href":"https:\/\/veredes.es\/blog\/wp-json\/wp\/v2\/comments?post=102165"}],"version-history":[{"count":0,"href":"https:\/\/veredes.es\/blog\/wp-json\/wp\/v2\/posts\/102165\/revisions"}],"wp:featuredmedia":[{"embeddable":true,"href":"https:\/\/veredes.es\/blog\/wp-json\/wp\/v2\/media\/102201"}],"wp:attachment":[{"href":"https:\/\/veredes.es\/blog\/wp-json\/wp\/v2\/media?parent=102165"}],"wp:term":[{"taxonomy":"category","embeddable":true,"href":"https:\/\/veredes.es\/blog\/wp-json\/wp\/v2\/categories?post=102165"},{"taxonomy":"post_tag","embeddable":true,"href":"https:\/\/veredes.es\/blog\/wp-json\/wp\/v2\/tags?post=102165"}],"curies":[{"name":"wp","href":"https:\/\/api.w.org\/{rel}","templated":true}]}}