{"id":101968,"date":"2025-04-25T00:01:29","date_gmt":"2025-04-24T22:01:29","guid":{"rendered":"https:\/\/veredes.es\/blog\/?p=101968"},"modified":"2025-04-02T15:12:53","modified_gmt":"2025-04-02T13:12:53","slug":"yo-no-cruzo-el-puente-brijuni","status":"publish","type":"post","link":"https:\/\/veredes.es\/blog\/yo-no-cruzo-el-puente-brijuni\/","title":{"rendered":"Yo no cruzo el puente | bRijUNi"},"content":{"rendered":"<figure id=\"attachment_101971\" aria-describedby=\"caption-attachment-101971\" style=\"width: 1181px\" class=\"wp-caption alignnone\"><img loading=\"lazy\" decoding=\"async\" class=\"wp-image-101971 size-full\" title=\"Yo no cruzo el puente | bRijUNi\" src=\"https:\/\/veredes.es\/blog\/wp-content\/uploads\/2025\/04\/Las-Palmas-Kop-van-Zuid-Rotterdam.-El-norte-y-el-sur-comunicados-por-el-rio-Maas.-Alvaro-Siza-.-The-New-Orleans-building-.-Rotterdam.jpg\" alt=\"Yo no cruzo el puente | bRijUNi\" width=\"1181\" height=\"787\" srcset=\"https:\/\/veredes.es\/blog\/wp-content\/uploads\/2025\/04\/Las-Palmas-Kop-van-Zuid-Rotterdam.-El-norte-y-el-sur-comunicados-por-el-rio-Maas.-Alvaro-Siza-.-The-New-Orleans-building-.-Rotterdam.jpg 1181w, https:\/\/veredes.es\/blog\/wp-content\/uploads\/2025\/04\/Las-Palmas-Kop-van-Zuid-Rotterdam.-El-norte-y-el-sur-comunicados-por-el-rio-Maas.-Alvaro-Siza-.-The-New-Orleans-building-.-Rotterdam-300x200.jpg 300w, https:\/\/veredes.es\/blog\/wp-content\/uploads\/2025\/04\/Las-Palmas-Kop-van-Zuid-Rotterdam.-El-norte-y-el-sur-comunicados-por-el-rio-Maas.-Alvaro-Siza-.-The-New-Orleans-building-.-Rotterdam-1024x682.jpg 1024w, https:\/\/veredes.es\/blog\/wp-content\/uploads\/2025\/04\/Las-Palmas-Kop-van-Zuid-Rotterdam.-El-norte-y-el-sur-comunicados-por-el-rio-Maas.-Alvaro-Siza-.-The-New-Orleans-building-.-Rotterdam-630x420.jpg 630w, https:\/\/veredes.es\/blog\/wp-content\/uploads\/2025\/04\/Las-Palmas-Kop-van-Zuid-Rotterdam.-El-norte-y-el-sur-comunicados-por-el-rio-Maas.-Alvaro-Siza-.-The-New-Orleans-building-.-Rotterdam-696x464.jpg 696w, https:\/\/veredes.es\/blog\/wp-content\/uploads\/2025\/04\/Las-Palmas-Kop-van-Zuid-Rotterdam.-El-norte-y-el-sur-comunicados-por-el-rio-Maas.-Alvaro-Siza-.-The-New-Orleans-building-.-Rotterdam-1068x712.jpg 1068w\" sizes=\"auto, (max-width: 1181px) 100vw, 1181px\" \/><figcaption id=\"caption-attachment-101971\" class=\"wp-caption-text\"><span style=\"color: #999999;\">Las Palmas, Kop van Zuid, Rotterdam. El norte y el sur comunicados por el r\u00edo Maas. Alvaro Siza . The New Orleans building. Rotterdam.<\/span><\/figcaption><\/figure>\n<p style=\"text-align: justify;\">Ocasionalmente se ha criticado a aquellos que, como nosotros, no enarbolamos la bandera patria para cantar sus virtudes sino que nos quejamos de la gran distancia que separa nuestra poco solidaria y c\u00edvica sociedad, de otras mucho menos adocenadas y silvestres. Desconociendo el futuro del reciente fen\u00f3meno de la inmigraci\u00f3n en nuestra sociedad, hablaremos de mixofilia y mixofobia, Rotterdam y Copenhague.<\/p>\n<p style=\"text-align: justify;\">Para <a href=\"https:\/\/veredes.es\/blog\/tag\/zygmunt-bauman\/\" target=\"_blank\" rel=\"noopener\">Zygmunt Bauman<\/a>,<sup>1<\/sup> la mixofilia y la mixofobia son dos reacciones opuestas, aunque ambas son provocadas por la ciudad. La primera es es el deseo de mezclarse con otros para proyectar y conseguir experiencias m\u00e1s complejas y completas como seres humanos al poder relacionarnos con personas diferentes en un entorno diverso e interesante como la ciudad. La segunda es lo contrario pues encuentra en esta oportunidad un problema de intimidad, seguridad y, en definitiva, un miedo insuperable por lo desconocido o diferente.<\/p>\n<p style=\"text-align: justify;\">En nuestra opini\u00f3n, pertenece sin duda a las instituciones el deber de fomentar la mixofilia _ provocando y regulando las relaciones de los ciudadanos; y pertenece al \u00e1mbito privado acoger a los mixof\u00f3bicos y alentar los <em>interdictory spaces<\/em>,<sup>2<\/sup>\u00a0espacios vetados destinados a interceptar o repeler intrusos, un paso atr\u00e1s en la comunidad y una vuelta de tuerca en el negocio de la seguridad privada atrincherada con circuitos cerrados de televisi\u00f3n y paramilitares con metralletas protegiendo las <em>gated communities<\/em> (comunidades cerradas) de las que se ha hablado aqu\u00ed antes. Sorprende leer en el anteriormente rese\u00f1ado libro de Bauman c\u00f3mo uno de los, seg\u00fan \u00e9l, analistas m\u00e1s perspicaces de las tendencias urbanas contempor\u00e1neas, Nan Ellin, apuntaba hacia Copenhague como receptora de dispositivos americanos dentro de lo que califica como arquitectura del miedo. As\u00ed, si en Los \u00c1ngeles unos bancos para parques se dise\u00f1aron en forma de barril \u201ca prueba de vagabundos\u201d y se dotaron de aspersores para una mayor eficacia, en la capital danesa directamente se eliminaron todos los bancos de la estaci\u00f3n central y se comenz\u00f3 a multar a los pasajeros que se sentaban en el suelo mientras esperaban el tren. El paseo mar\u00edtimo de esta ejemplar<sup>3 <\/sup>ciudad -contin\u00faa- est\u00e1 plagado de<\/p>\n<blockquote>\n<p style=\"text-align: justify;\"><em>\u201cedificios empresariales imponentes aunque nada acogedores, fortificados y vallados a conciencia, construidos \u00fanicamente para ser contemplados de lejos, igual que las paredes ciegas de La Defense, pero cerrados al p\u00fablico\u201d. <\/em><\/p>\n<\/blockquote>\n<p style=\"text-align: justify;\">Sociedades muy heterog\u00e9neas y con muchos a\u00f1os de convivencia con el fen\u00f3meno de la inmigraci\u00f3n, como la holandesa, despiertan nuestro inter\u00e9s si bien lo que a nuestros ojos es tolerancia, respeto e integraci\u00f3n, para otros es \u201cliberalismo basado en gran parte en la indiferencia\u201d<sup>4 <\/sup>o incluso algo peor como<\/p>\n<blockquote>\n<p style=\"text-align: justify;\"><em>\u201cuna cultura pol\u00edtica basada en el miedo y la distancia que no ha abordado el tema de la religi\u00f3n y otros asuntos dificiles que han llevado a una muy escasa integraci\u00f3n de las minor\u00edas\u201d.<sup>5<\/sup><\/em><\/p>\n<\/blockquote>\n<p style=\"text-align: justify;\">De hecho, el asesinato del pol\u00edtico Wilhelmus Simon Petrus (Pim) Fortuyn en el a\u00f1o 2002 a manos de un activista que en el juicio declar\u00f3 haberlo hecho en represalia a las ofensivas declaraciones de Fortuyn sobre los musulmanes, aviv\u00f3 la llama mixof\u00f3bica que el liberalismo y la indiferencia manten\u00edan semiapagada.<sup>6<\/sup><\/p>\n<p style=\"text-align: justify;\">A estos sucesos hay que sumar el hecho f\u00edsico de que el r\u00edo Maas divide a la ciudad de Rotterdam en dos mitades, norte y sur, cuyas diferencias afectan no s\u00f3lo al hecho geogr\u00e1fico sino tambi\u00e9n al socio-econ\u00f3mico. Como en tantas ocasiones, el norte es rico y el sur pobre. Sucede en much\u00edsimas ciudades y es quiz\u00e1 reflejo del propio reparto de la riqueza en los hemisferios de nuestro planeta. No obstante, aqu\u00ed s\u00ed, la OBR (Oficina para el desarrollo de Rotterdam) intenta desde hace tiempo unir el norte y el sur de la ciudad con acciones como la construcci\u00f3n de un nuevo edificio que albergara la Tax Office (Oficina de Impuestos) en la nueva zona en desarrollo en el sur, Kop van Zuid (cabeza del sur) o incluso un nuevo Teatro Luxor en el v\u00e9rtice sur del Erasmusbrug (Puente de Erasmo), adem\u00e1s de edificios de oficinas, vivienda y ocio para los que nombres conocid\u00edsimos prestan sus servicios como la torre Montevideo de Mecanoo, el Port of Rotterdam de <a href=\"https:\/\/veredes.es\/blog\/tag\/norman-foster\/\" target=\"_blank\" rel=\"noopener\">Norman Foster<\/a>, la torre de oficinas de la multinacional de telecomunicaciones KPN de <a href=\"https:\/\/veredes.es\/blog\/tag\/renzo-piano\/\" target=\"_blank\" rel=\"noopener\">Renzo Piano<\/a> y otros por llegar en la zona conocida como Las Palmas que construir\u00e1n OMA, <a href=\"https:\/\/veredes.es\/blog\/tag\/alvaro-siza-vieira\/\" target=\"_blank\" rel=\"noopener\">\u00c1lvaro Siza<\/a> o <a href=\"https:\/\/veredes.es\/blog\/tag\/cruz-y-ortiz-arquitectos\/\" target=\"_blank\" rel=\"noopener\">Cruz y Ortiz<\/a>, entre otros, intentando con ello unir las dos partes de la ciudad no s\u00f3lo a nivel f\u00edsico con los puentes sino tambi\u00e9n a nivel social y econ\u00f3mico; bien es cierto que est\u00e1 por ver si este esfuerzo urban\u00edstico traspasa el umbral econ\u00f3mico y cala en lo social o se queda en un aliciente arquitect\u00f3nico m\u00e1s para la ciudad, convirtiendo la zona en un lugar de moda y peregrinaje donde contemplar hermosos e in\u00fatiles edificios-isla.<\/p>\n<p style=\"text-align: justify;\">La primera vez que visitamos Rotterdam nos alojamos en un hotel en el norte de la ciudad, muy cerca de la tranquila zona universitaria de Erasmo y del bonito barrio de Kralingen al que da nombre un lago y un parque. El estudio donde empez\u00e1bamos a trabajar en esos d\u00edas estaba en Piekstraat, una peque\u00f1a calle en una zona semiindustrial en el sur de la ciudad, en el borde este pegado al r\u00edo que las separa. La recepcionista del hotel, entre asustada y sorprendida, contest\u00f3 a nuestra pregunta sobre la posibilidad de ir hasta all\u00ed al d\u00eda siguiente en bicicleta:<\/p>\n<blockquote>\n<p style=\"text-align: justify;\"><em>\u201cI never cross the bridge\u201d. <\/em><\/p>\n<\/blockquote>\n<p style=\"text-align: justify;\">bRijUNi architects\u00a0(Beatriz Villanueva y Francisco Javier Casas Cobo).<br \/>\nRiyadh (Arabia Saud\u00ed), Noviembre 2009<\/p>\n<h6 style=\"text-align: justify;\"><strong>Notas:\u00a0<\/strong><\/h6>\n<p style=\"text-align: justify;\"><sup>1 <\/sup>Bauman, Zygmunt. <a href=\"https:\/\/amzn.to\/3DOLKaw\" target=\"_blank\" rel=\"noopener\"><em>Confianza y temor en la ciudad. Vivir con extranjeros<\/em>.<\/a> Arcadia, Barcelona, 2006 (publicado originalmente como<em> Fiducia e paura nella citta<\/em>. Paravia Bruno Mondadori Editori, Mil\u00e1n, 2005)<\/p>\n<p style=\"text-align: justify;\">2 Flusty, Steven. \u201cBuilding Paranoia\u201d, en ELLIN, Nan; Blakely, E. J. (ed.) , Nueva York; Princeton Architectural Press, 1977.<\/p>\n<p style=\"text-align: justify;\">3 A pesar de ello, interesa recordar aqu\u00ed <a href=\"https:\/\/amzn.to\/4iUHhlR\" target=\"_blank\" rel=\"noopener\"><em>Life betwwen buildings<\/em><\/a> de <a href=\"https:\/\/veredes.es\/blog\/tag\/jan-gehl\/\" target=\"_blank\" rel=\"noopener\">Jan Gehl<\/a>, del que hacemos referencia en este mismo blog en el post Paciencia infinita.<\/p>\n<p style=\"text-align: justify;\">4 <a href=\"https:\/\/urbandesigntudelft.nl\/team\/rients-dijkstra\/\" target=\"_blank\" rel=\"noopener\">Rients Dijkstra<\/a>, arquitecto y propietario del estudio holand\u00e9s Maxwan.<\/p>\n<p style=\"text-align: justify;\">(5) <a href=\"https:\/\/www.monolab.nl\/profile-architecture-urbanism\/\" target=\"_blank\" rel=\"noopener\">Jan Willem van Kuilenburg<\/a>, arquitecto y propietario del estudio holand\u00e9s Monolab, debati\u00f3 con las autoridades locales de Rotterdam la posibilidad de llevar a cabo un proyecto de iniciativa propia llamado <em>Interreligious project<\/em> que dar\u00eda cabida, en un \u00fanico edificio, al mayor n\u00famero posible de las distintas religiones y cultos de los habitantes de la ciudad, sin \u00e9xito.<\/p>\n<p style=\"text-align: justify;\">6 Buruna, lan. <em><a href=\"https:\/\/amzn.to\/42nMi0h\" target=\"_blank\" rel=\"noopener\">A<\/a><a href=\"https:\/\/amzn.to\/42nMi0h\" target=\"_blank\" rel=\"noopener\">sesinato en Amsterdam: la muerte de Theo van Gogh y los l\u00edmites de la tolerancia.<\/a><\/em> Random House Mondadori, Barcelona, 2007 (publicado originalmente como <em>Murder in Amsterdam.<\/em> Penguin Press, Nueva York, 2006).<\/p>\n<p><span style=\"color: #999999;\">Pod\u00e9is disfrutar de m\u00e1s lectura en su libro\u00a0<a style=\"color: #999999;\" href=\"https:\/\/amzn.to\/3JVcXrh\" target=\"_blank\" rel=\"noopener\"><em>Cr\u00f3nicas distantes. Del oasis al desierto.<\/em><\/a><\/span><\/p>\n","protected":false},"excerpt":{"rendered":"<p>Ocasionalmente se ha criticado a aquellos que, como nosotros, no enarbolamos la bandera patria para cantar sus virtudes sino que nos quejamos de la gran distancia que separa nuestra poco solidaria y c\u00edvica sociedad, de otras mucho menos adocenadas y silvestres. Desconociendo el futuro del reciente fen\u00f3meno de la inmigraci\u00f3n en nuestra sociedad, hablaremos de [&hellip;]<\/p>\n","protected":false},"author":18,"featured_media":101971,"comment_status":"open","ping_status":"closed","sticky":false,"template":"","format":"standard","meta":{"footnotes":""},"categories":[568,5951],"tags":[103,4360,4089,319,11704,4361,17946,8999,17943,15707,17948,2422,2447,17945,17944,17947,12468,1908,12848],"class_list":{"0":"post-101968","1":"post","2":"type-post","3":"status-publish","4":"format-standard","5":"has-post-thumbnail","7":"category-faro","8":"category-slider-principal","9":"tag-alvaro-siza-vieira","10":"tag-beatriz-villanueva-cajide","11":"tag-brijuni-arquitectos","12":"tag-ciudad-contemporanea","13":"tag-cruz-y-ortiz-arquitectos","14":"tag-francisco-javier-casas-cobo","15":"tag-ian-buruma","16":"tag-jan-gehl","17":"tag-jan-willem-van-kuilenburg","18":"tag-mecanoo","19":"tag-nan-ellin","20":"tag-norman-foster","21":"tag-renzo-piano","22":"tag-rients-dijkstra","23":"tag-steven-flusty","24":"tag-theo-van-gogh","25":"tag-urbanismo","26":"tag-urbanismo-responsable","27":"tag-zygmunt-bauman"},"yoast_head":"<!-- This site is optimized with the Yoast SEO plugin v27.5 - https:\/\/yoast.com\/product\/yoast-seo-wordpress\/ -->\n<title>Yo no cruzo el puente | bRijUNi - veredes<\/title>\n<meta name=\"description\" content=\"Toda la informaci\u00f3n sobre: Yo no cruzo el puente | bRijUNi\" \/>\n<meta name=\"robots\" content=\"index, follow, max-snippet:-1, max-image-preview:large, max-video-preview:-1\" \/>\n<link rel=\"canonical\" href=\"https:\/\/veredes.es\/blog\/yo-no-cruzo-el-puente-brijuni\/\" \/>\n<meta property=\"og:locale\" content=\"es_ES\" \/>\n<meta property=\"og:type\" content=\"article\" \/>\n<meta property=\"og:title\" content=\"Yo no cruzo el puente | bRijUNi - veredes\" \/>\n<meta property=\"og:description\" content=\"Toda la informaci\u00f3n sobre: Yo no cruzo el puente | bRijUNi\" \/>\n<meta property=\"og:url\" content=\"https:\/\/veredes.es\/blog\/yo-no-cruzo-el-puente-brijuni\/\" \/>\n<meta property=\"og:site_name\" content=\"veredes, arquitectura y divulgaci\u00f3n\" \/>\n<meta property=\"article:publisher\" content=\"https:\/\/www.facebook.com\/veredesArquitecturayDivulgacion\/\" \/>\n<meta property=\"article:author\" content=\"https:\/\/www.facebook.com\/profile.php?id=100054398145841\" \/>\n<meta property=\"article:published_time\" content=\"2025-04-24T22:01:29+00:00\" \/>\n<meta property=\"og:image\" content=\"https:\/\/veredes.es\/blog\/wp-content\/uploads\/2025\/04\/Las-Palmas-Kop-van-Zuid-Rotterdam.-El-norte-y-el-sur-comunicados-por-el-rio-Maas.-Alvaro-Siza-.-The-New-Orleans-building-.-Rotterdam.jpg\" \/>\n\t<meta property=\"og:image:width\" content=\"1181\" \/>\n\t<meta property=\"og:image:height\" content=\"787\" \/>\n\t<meta property=\"og:image:type\" content=\"image\/jpeg\" \/>\n<meta name=\"author\" content=\"bRijUNi arquitectos\" \/>\n<meta name=\"twitter:card\" content=\"summary_large_image\" \/>\n<meta name=\"twitter:creator\" content=\"@https:\/\/twitter.com\/bRijUNi_Archs\" \/>\n<meta name=\"twitter:site\" content=\"@veredes\" \/>\n<meta name=\"twitter:label1\" content=\"Escrito por\" \/>\n\t<meta name=\"twitter:data1\" content=\"bRijUNi arquitectos\" \/>\n\t<meta name=\"twitter:label2\" content=\"Tiempo de lectura\" \/>\n\t<meta name=\"twitter:data2\" content=\"6 minutos\" \/>\n<script type=\"application\/ld+json\" class=\"yoast-schema-graph\">{\"@context\":\"https:\\\/\\\/schema.org\",\"@graph\":[{\"@type\":\"Article\",\"@id\":\"https:\\\/\\\/veredes.es\\\/blog\\\/yo-no-cruzo-el-puente-brijuni\\\/#article\",\"isPartOf\":{\"@id\":\"https:\\\/\\\/veredes.es\\\/blog\\\/yo-no-cruzo-el-puente-brijuni\\\/\"},\"author\":{\"name\":\"bRijUNi arquitectos\",\"@id\":\"https:\\\/\\\/veredes.es\\\/blog\\\/#\\\/schema\\\/person\\\/b1ff8924be47a4f4a4b43f00a6c6e21e\"},\"headline\":\"Yo no cruzo el puente | bRijUNi\",\"datePublished\":\"2025-04-24T22:01:29+00:00\",\"mainEntityOfPage\":{\"@id\":\"https:\\\/\\\/veredes.es\\\/blog\\\/yo-no-cruzo-el-puente-brijuni\\\/\"},\"wordCount\":1186,\"commentCount\":0,\"publisher\":{\"@id\":\"https:\\\/\\\/veredes.es\\\/blog\\\/#organization\"},\"image\":{\"@id\":\"https:\\\/\\\/veredes.es\\\/blog\\\/yo-no-cruzo-el-puente-brijuni\\\/#primaryimage\"},\"thumbnailUrl\":\"https:\\\/\\\/veredes.es\\\/blog\\\/wp-content\\\/uploads\\\/2025\\\/04\\\/Las-Palmas-Kop-van-Zuid-Rotterdam.-El-norte-y-el-sur-comunicados-por-el-rio-Maas.-Alvaro-Siza-.-The-New-Orleans-building-.-Rotterdam.jpg\",\"keywords\":[\"\u00c1lvaro Siza Vieira\",\"Beatriz Villanueva Cajide\",\"brijuni arquitectos\",\"ciudad contempor\u00e1nea\",\"Cruz y Ortiz arquitectos\",\"Francisco Javier Casas Cobo\",\"Ian Buruma\",\"Jan Gehl\",\"Jan Willem van Kuilenburg\",\"Mecanoo\",\"Nan Ellin\",\"Norman Foster\",\"Renzo Piano\",\"Rients Dijkstra\",\"Steven Flusty\",\"Theo van Gogh\",\"urbanismo\",\"urbanismo responsable\",\"Zygmunt Bauman\"],\"articleSection\":[\"faro\",\"slider principal\"],\"inLanguage\":\"es\",\"potentialAction\":[{\"@type\":\"CommentAction\",\"name\":\"Comment\",\"target\":[\"https:\\\/\\\/veredes.es\\\/blog\\\/yo-no-cruzo-el-puente-brijuni\\\/#respond\"]}]},{\"@type\":\"WebPage\",\"@id\":\"https:\\\/\\\/veredes.es\\\/blog\\\/yo-no-cruzo-el-puente-brijuni\\\/\",\"url\":\"https:\\\/\\\/veredes.es\\\/blog\\\/yo-no-cruzo-el-puente-brijuni\\\/\",\"name\":\"Yo no cruzo el puente | bRijUNi - veredes\",\"isPartOf\":{\"@id\":\"https:\\\/\\\/veredes.es\\\/blog\\\/#website\"},\"primaryImageOfPage\":{\"@id\":\"https:\\\/\\\/veredes.es\\\/blog\\\/yo-no-cruzo-el-puente-brijuni\\\/#primaryimage\"},\"image\":{\"@id\":\"https:\\\/\\\/veredes.es\\\/blog\\\/yo-no-cruzo-el-puente-brijuni\\\/#primaryimage\"},\"thumbnailUrl\":\"https:\\\/\\\/veredes.es\\\/blog\\\/wp-content\\\/uploads\\\/2025\\\/04\\\/Las-Palmas-Kop-van-Zuid-Rotterdam.-El-norte-y-el-sur-comunicados-por-el-rio-Maas.-Alvaro-Siza-.-The-New-Orleans-building-.-Rotterdam.jpg\",\"datePublished\":\"2025-04-24T22:01:29+00:00\",\"description\":\"Toda la informaci\u00f3n sobre: Yo no cruzo el puente | bRijUNi\",\"breadcrumb\":{\"@id\":\"https:\\\/\\\/veredes.es\\\/blog\\\/yo-no-cruzo-el-puente-brijuni\\\/#breadcrumb\"},\"inLanguage\":\"es\",\"potentialAction\":[{\"@type\":\"ReadAction\",\"target\":[\"https:\\\/\\\/veredes.es\\\/blog\\\/yo-no-cruzo-el-puente-brijuni\\\/\"]}]},{\"@type\":\"ImageObject\",\"inLanguage\":\"es\",\"@id\":\"https:\\\/\\\/veredes.es\\\/blog\\\/yo-no-cruzo-el-puente-brijuni\\\/#primaryimage\",\"url\":\"https:\\\/\\\/veredes.es\\\/blog\\\/wp-content\\\/uploads\\\/2025\\\/04\\\/Las-Palmas-Kop-van-Zuid-Rotterdam.-El-norte-y-el-sur-comunicados-por-el-rio-Maas.-Alvaro-Siza-.-The-New-Orleans-building-.-Rotterdam.jpg\",\"contentUrl\":\"https:\\\/\\\/veredes.es\\\/blog\\\/wp-content\\\/uploads\\\/2025\\\/04\\\/Las-Palmas-Kop-van-Zuid-Rotterdam.-El-norte-y-el-sur-comunicados-por-el-rio-Maas.-Alvaro-Siza-.-The-New-Orleans-building-.-Rotterdam.jpg\",\"width\":1181,\"height\":787,\"caption\":\"Las Palmas, Kop van Zuid, Rotterdam. El norte y el sur comunicados por el r\u00edo Maas. Alvaro Siza . The New Orleans building. Rotterdam\"},{\"@type\":\"BreadcrumbList\",\"@id\":\"https:\\\/\\\/veredes.es\\\/blog\\\/yo-no-cruzo-el-puente-brijuni\\\/#breadcrumb\",\"itemListElement\":[{\"@type\":\"ListItem\",\"position\":1,\"name\":\"Portada\",\"item\":\"https:\\\/\\\/veredes.es\\\/blog\\\/\"},{\"@type\":\"ListItem\",\"position\":2,\"name\":\"Yo no cruzo el puente | bRijUNi\"}]},{\"@type\":\"WebSite\",\"@id\":\"https:\\\/\\\/veredes.es\\\/blog\\\/#website\",\"url\":\"https:\\\/\\\/veredes.es\\\/blog\\\/\",\"name\":\"veredes, arquitectura y divulgaci\u00f3n\",\"description\":\"veredes\",\"publisher\":{\"@id\":\"https:\\\/\\\/veredes.es\\\/blog\\\/#organization\"},\"alternateName\":\"veredes\",\"potentialAction\":[{\"@type\":\"SearchAction\",\"target\":{\"@type\":\"EntryPoint\",\"urlTemplate\":\"https:\\\/\\\/veredes.es\\\/blog\\\/?s={search_term_string}\"},\"query-input\":{\"@type\":\"PropertyValueSpecification\",\"valueRequired\":true,\"valueName\":\"search_term_string\"}}],\"inLanguage\":\"es\"},{\"@type\":\"Organization\",\"@id\":\"https:\\\/\\\/veredes.es\\\/blog\\\/#organization\",\"name\":\"veredes, arquitectura y divulgaci\u00f3n\",\"alternateName\":\"veredes\",\"url\":\"https:\\\/\\\/veredes.es\\\/blog\\\/\",\"logo\":{\"@type\":\"ImageObject\",\"inLanguage\":\"es\",\"@id\":\"https:\\\/\\\/veredes.es\\\/blog\\\/#\\\/schema\\\/logo\\\/image\\\/\",\"url\":\"https:\\\/\\\/veredes.es\\\/blog\\\/wp-content\\\/uploads\\\/2021\\\/12\\\/veredes-logo-centrado_140x54.png\",\"contentUrl\":\"https:\\\/\\\/veredes.es\\\/blog\\\/wp-content\\\/uploads\\\/2021\\\/12\\\/veredes-logo-centrado_140x54.png\",\"width\":140,\"height\":54,\"caption\":\"veredes, arquitectura y divulgaci\u00f3n\"},\"image\":{\"@id\":\"https:\\\/\\\/veredes.es\\\/blog\\\/#\\\/schema\\\/logo\\\/image\\\/\"},\"sameAs\":[\"https:\\\/\\\/www.facebook.com\\\/veredesArquitecturayDivulgacion\\\/\",\"https:\\\/\\\/x.com\\\/veredes\",\"https:\\\/\\\/instagram.com\\\/veredes\\\/\",\"https:\\\/\\\/www.linkedin.com\\\/company\\\/veredes-arquitectura-y-divulgacion\\\/\",\"https:\\\/\\\/es.pinterest.com\\\/veredes\\\/\",\"https:\\\/\\\/www.tumblr.com\\\/veredes\"]},{\"@type\":\"Person\",\"@id\":\"https:\\\/\\\/veredes.es\\\/blog\\\/#\\\/schema\\\/person\\\/b1ff8924be47a4f4a4b43f00a6c6e21e\",\"name\":\"bRijUNi arquitectos\",\"image\":{\"@type\":\"ImageObject\",\"inLanguage\":\"es\",\"@id\":\"https:\\\/\\\/veredes.es\\\/blog\\\/wp-content\\\/uploads\\\/2019\\\/01\\\/brijuniarquitectoslcvfoto-96x96.jpg\",\"url\":\"https:\\\/\\\/veredes.es\\\/blog\\\/wp-content\\\/uploads\\\/2019\\\/01\\\/brijuniarquitectoslcvfoto-96x96.jpg\",\"contentUrl\":\"https:\\\/\\\/veredes.es\\\/blog\\\/wp-content\\\/uploads\\\/2019\\\/01\\\/brijuniarquitectoslcvfoto-96x96.jpg\",\"caption\":\"bRijUNi arquitectos\"},\"description\":\"Beatriz Villanueva es Doctora arquitecta en Proyectos arquitect\u00f3nicos avanzados, M\u00e1ster en Arquitectura, Master en Proyectos Arquitect\u00f3nicos Avanzados por la Escuela T\u00e9cnica Superior de Arquitectura de Madrid y M\u00e1ster en Gesti\u00f3n de Espacios Virtuales por la Fundaci\u00f3n Camu\u00f1as, Escuela de Arquitectura del C.E.U., Madrid. Francisco J. Casas es Doctor Arquitecto en Comunicaci\u00f3n Arquitect\u00f3nica (ETSA Madrid), M\u00e1ster en An\u00e1lisis, Teor\u00eda e Historia de la Arquitectura (ETSA Madrid) y profesor en el College of Engineering de Alfailsal University en Riad (Arabia Saud\u00ed). Fueron Embajadores de la IV Bienal Arquia Pr\u00f3xima y Comisarios de \u201cMen\u00e1ge a Trois\u201d, \u201cF. A. Q.\u201d, \u201cPortfolio Speed Dating\u201d y \u201cTres (2013) y Cuatro (2014-15) sesiones Al Borde de la Cr\u00edtica\u201d y de la exposici\u00f3n \\\"Couples &amp; Co.: 22 Mirror Stories of Spanish Architecture\\\" en Berl\u00edn (2015), Hamburgo (2016) y Sevilla (2016). Han sido profesores en IED Madrid, MADinU Salamanca, Universidad Europea de Madrid, UCJC, ETSA Zaragoza USJ y Summer School AA (Londres). Viven en Riad (Arabia Saud\u00ed) desde agosto de 2014 y son profesores en Prince Sultan University y Alfaisal University respectivamente. Beatriz Villanueva es Arquitecta, Master en Gesti\u00f3n de Espacios Virtuales, Master en Proyectos Arquitect\u00f3nicos Avanzados y PhD (ABD) con su tesis \u201cArquitectura y Compromiso. Actualizaci\u00f3n y revisi\u00f3n cr\u00edtica de los manifiestos de arquitectura\u201d, dentro del grupo ARKRIT de teor\u00eda y cr\u00edtica (ETSAM). Francisco J. Casas es Arquitecto, Master en An\u00e1lisis, Teor\u00eda e Historia de la Arquitectura y PhD (ABD) con su tesis \u201cFundamentos Historiogr\u00e1ficos, Te\u00f3ricos y Cr\u00edticos de los a\u00f1os 50\u201d dentro del Departamento de Composici\u00f3n Arquitect\u00f3nica (ETSAM). Fueron Embajadores de la IV Bienal Arquia Pr\u00f3xima y Comisarios de \u201cMen\u00e1ge a Trois\u201d, \u201cF. A. Q.\u201d, \u201cPortfolio Speed Dating\u201d y \u201cTres (2013) y Cuatro (2014-15) sesiones Al Borde de la Cr\u00edtica\u201d y de la exposici\u00f3n \\\"Couples &amp; Co.: 22 Mirror Stories of Spanish Architecture\\\" en Berl\u00edn (2015), Hamburgo (2016) y Sevilla (2016). Han sido profesores en IED Madrid, MADinU Salamanca, Universidad Europea de Madrid, UCJC, ETSA Zaragoza USJ y Summer School AA (Londres). Viven en Riad (Arabia Saud\u00ed) desde agosto de 2014 y son profesores en Prince Sultan University y Alfaisal University respectivamente.\",\"sameAs\":[\"https:\\\/\\\/www.brijuni.studio\\\/\",\"https:\\\/\\\/www.facebook.com\\\/profile.php?id=100054398145841\",\"https:\\\/\\\/www.instagram.com\\\/brijuni_archs\\\/\",\"https:\\\/\\\/www.linkedin.com\\\/company\\\/brijuni-arquitectos\\\/about\\\/\",\"https:\\\/\\\/x.com\\\/https:\\\/\\\/twitter.com\\\/bRijUNi_Archs\"],\"url\":\"https:\\\/\\\/veredes.es\\\/blog\\\/author\\\/brijuni-arquitectos\\\/\"}]}<\/script>\n<!-- \/ Yoast SEO plugin. -->","yoast_head_json":{"title":"Yo no cruzo el puente | bRijUNi - veredes","description":"Toda la informaci\u00f3n sobre: Yo no cruzo el puente | bRijUNi","robots":{"index":"index","follow":"follow","max-snippet":"max-snippet:-1","max-image-preview":"max-image-preview:large","max-video-preview":"max-video-preview:-1"},"canonical":"https:\/\/veredes.es\/blog\/yo-no-cruzo-el-puente-brijuni\/","og_locale":"es_ES","og_type":"article","og_title":"Yo no cruzo el puente | bRijUNi - veredes","og_description":"Toda la informaci\u00f3n sobre: Yo no cruzo el puente | bRijUNi","og_url":"https:\/\/veredes.es\/blog\/yo-no-cruzo-el-puente-brijuni\/","og_site_name":"veredes, arquitectura y divulgaci\u00f3n","article_publisher":"https:\/\/www.facebook.com\/veredesArquitecturayDivulgacion\/","article_author":"https:\/\/www.facebook.com\/profile.php?id=100054398145841","article_published_time":"2025-04-24T22:01:29+00:00","og_image":[{"width":1181,"height":787,"url":"https:\/\/veredes.es\/blog\/wp-content\/uploads\/2025\/04\/Las-Palmas-Kop-van-Zuid-Rotterdam.-El-norte-y-el-sur-comunicados-por-el-rio-Maas.-Alvaro-Siza-.-The-New-Orleans-building-.-Rotterdam.jpg","type":"image\/jpeg"}],"author":"bRijUNi arquitectos","twitter_card":"summary_large_image","twitter_creator":"@https:\/\/twitter.com\/bRijUNi_Archs","twitter_site":"@veredes","twitter_misc":{"Escrito por":"bRijUNi arquitectos","Tiempo de lectura":"6 minutos"},"schema":{"@context":"https:\/\/schema.org","@graph":[{"@type":"Article","@id":"https:\/\/veredes.es\/blog\/yo-no-cruzo-el-puente-brijuni\/#article","isPartOf":{"@id":"https:\/\/veredes.es\/blog\/yo-no-cruzo-el-puente-brijuni\/"},"author":{"name":"bRijUNi arquitectos","@id":"https:\/\/veredes.es\/blog\/#\/schema\/person\/b1ff8924be47a4f4a4b43f00a6c6e21e"},"headline":"Yo no cruzo el puente | bRijUNi","datePublished":"2025-04-24T22:01:29+00:00","mainEntityOfPage":{"@id":"https:\/\/veredes.es\/blog\/yo-no-cruzo-el-puente-brijuni\/"},"wordCount":1186,"commentCount":0,"publisher":{"@id":"https:\/\/veredes.es\/blog\/#organization"},"image":{"@id":"https:\/\/veredes.es\/blog\/yo-no-cruzo-el-puente-brijuni\/#primaryimage"},"thumbnailUrl":"https:\/\/veredes.es\/blog\/wp-content\/uploads\/2025\/04\/Las-Palmas-Kop-van-Zuid-Rotterdam.-El-norte-y-el-sur-comunicados-por-el-rio-Maas.-Alvaro-Siza-.-The-New-Orleans-building-.-Rotterdam.jpg","keywords":["\u00c1lvaro Siza Vieira","Beatriz Villanueva Cajide","brijuni arquitectos","ciudad contempor\u00e1nea","Cruz y Ortiz arquitectos","Francisco Javier Casas Cobo","Ian Buruma","Jan Gehl","Jan Willem van Kuilenburg","Mecanoo","Nan Ellin","Norman Foster","Renzo Piano","Rients Dijkstra","Steven Flusty","Theo van Gogh","urbanismo","urbanismo responsable","Zygmunt Bauman"],"articleSection":["faro","slider principal"],"inLanguage":"es","potentialAction":[{"@type":"CommentAction","name":"Comment","target":["https:\/\/veredes.es\/blog\/yo-no-cruzo-el-puente-brijuni\/#respond"]}]},{"@type":"WebPage","@id":"https:\/\/veredes.es\/blog\/yo-no-cruzo-el-puente-brijuni\/","url":"https:\/\/veredes.es\/blog\/yo-no-cruzo-el-puente-brijuni\/","name":"Yo no cruzo el puente | bRijUNi - veredes","isPartOf":{"@id":"https:\/\/veredes.es\/blog\/#website"},"primaryImageOfPage":{"@id":"https:\/\/veredes.es\/blog\/yo-no-cruzo-el-puente-brijuni\/#primaryimage"},"image":{"@id":"https:\/\/veredes.es\/blog\/yo-no-cruzo-el-puente-brijuni\/#primaryimage"},"thumbnailUrl":"https:\/\/veredes.es\/blog\/wp-content\/uploads\/2025\/04\/Las-Palmas-Kop-van-Zuid-Rotterdam.-El-norte-y-el-sur-comunicados-por-el-rio-Maas.-Alvaro-Siza-.-The-New-Orleans-building-.-Rotterdam.jpg","datePublished":"2025-04-24T22:01:29+00:00","description":"Toda la informaci\u00f3n sobre: Yo no cruzo el puente | bRijUNi","breadcrumb":{"@id":"https:\/\/veredes.es\/blog\/yo-no-cruzo-el-puente-brijuni\/#breadcrumb"},"inLanguage":"es","potentialAction":[{"@type":"ReadAction","target":["https:\/\/veredes.es\/blog\/yo-no-cruzo-el-puente-brijuni\/"]}]},{"@type":"ImageObject","inLanguage":"es","@id":"https:\/\/veredes.es\/blog\/yo-no-cruzo-el-puente-brijuni\/#primaryimage","url":"https:\/\/veredes.es\/blog\/wp-content\/uploads\/2025\/04\/Las-Palmas-Kop-van-Zuid-Rotterdam.-El-norte-y-el-sur-comunicados-por-el-rio-Maas.-Alvaro-Siza-.-The-New-Orleans-building-.-Rotterdam.jpg","contentUrl":"https:\/\/veredes.es\/blog\/wp-content\/uploads\/2025\/04\/Las-Palmas-Kop-van-Zuid-Rotterdam.-El-norte-y-el-sur-comunicados-por-el-rio-Maas.-Alvaro-Siza-.-The-New-Orleans-building-.-Rotterdam.jpg","width":1181,"height":787,"caption":"Las Palmas, Kop van Zuid, Rotterdam. El norte y el sur comunicados por el r\u00edo Maas. Alvaro Siza . The New Orleans building. Rotterdam"},{"@type":"BreadcrumbList","@id":"https:\/\/veredes.es\/blog\/yo-no-cruzo-el-puente-brijuni\/#breadcrumb","itemListElement":[{"@type":"ListItem","position":1,"name":"Portada","item":"https:\/\/veredes.es\/blog\/"},{"@type":"ListItem","position":2,"name":"Yo no cruzo el puente | bRijUNi"}]},{"@type":"WebSite","@id":"https:\/\/veredes.es\/blog\/#website","url":"https:\/\/veredes.es\/blog\/","name":"veredes, arquitectura y divulgaci\u00f3n","description":"veredes","publisher":{"@id":"https:\/\/veredes.es\/blog\/#organization"},"alternateName":"veredes","potentialAction":[{"@type":"SearchAction","target":{"@type":"EntryPoint","urlTemplate":"https:\/\/veredes.es\/blog\/?s={search_term_string}"},"query-input":{"@type":"PropertyValueSpecification","valueRequired":true,"valueName":"search_term_string"}}],"inLanguage":"es"},{"@type":"Organization","@id":"https:\/\/veredes.es\/blog\/#organization","name":"veredes, arquitectura y divulgaci\u00f3n","alternateName":"veredes","url":"https:\/\/veredes.es\/blog\/","logo":{"@type":"ImageObject","inLanguage":"es","@id":"https:\/\/veredes.es\/blog\/#\/schema\/logo\/image\/","url":"https:\/\/veredes.es\/blog\/wp-content\/uploads\/2021\/12\/veredes-logo-centrado_140x54.png","contentUrl":"https:\/\/veredes.es\/blog\/wp-content\/uploads\/2021\/12\/veredes-logo-centrado_140x54.png","width":140,"height":54,"caption":"veredes, arquitectura y divulgaci\u00f3n"},"image":{"@id":"https:\/\/veredes.es\/blog\/#\/schema\/logo\/image\/"},"sameAs":["https:\/\/www.facebook.com\/veredesArquitecturayDivulgacion\/","https:\/\/x.com\/veredes","https:\/\/instagram.com\/veredes\/","https:\/\/www.linkedin.com\/company\/veredes-arquitectura-y-divulgacion\/","https:\/\/es.pinterest.com\/veredes\/","https:\/\/www.tumblr.com\/veredes"]},{"@type":"Person","@id":"https:\/\/veredes.es\/blog\/#\/schema\/person\/b1ff8924be47a4f4a4b43f00a6c6e21e","name":"bRijUNi arquitectos","image":{"@type":"ImageObject","inLanguage":"es","@id":"https:\/\/veredes.es\/blog\/wp-content\/uploads\/2019\/01\/brijuniarquitectoslcvfoto-96x96.jpg","url":"https:\/\/veredes.es\/blog\/wp-content\/uploads\/2019\/01\/brijuniarquitectoslcvfoto-96x96.jpg","contentUrl":"https:\/\/veredes.es\/blog\/wp-content\/uploads\/2019\/01\/brijuniarquitectoslcvfoto-96x96.jpg","caption":"bRijUNi arquitectos"},"description":"Beatriz Villanueva es Doctora arquitecta en Proyectos arquitect\u00f3nicos avanzados, M\u00e1ster en Arquitectura, Master en Proyectos Arquitect\u00f3nicos Avanzados por la Escuela T\u00e9cnica Superior de Arquitectura de Madrid y M\u00e1ster en Gesti\u00f3n de Espacios Virtuales por la Fundaci\u00f3n Camu\u00f1as, Escuela de Arquitectura del C.E.U., Madrid. Francisco J. Casas es Doctor Arquitecto en Comunicaci\u00f3n Arquitect\u00f3nica (ETSA Madrid), M\u00e1ster en An\u00e1lisis, Teor\u00eda e Historia de la Arquitectura (ETSA Madrid) y profesor en el College of Engineering de Alfailsal University en Riad (Arabia Saud\u00ed). Fueron Embajadores de la IV Bienal Arquia Pr\u00f3xima y Comisarios de \u201cMen\u00e1ge a Trois\u201d, \u201cF. A. Q.\u201d, \u201cPortfolio Speed Dating\u201d y \u201cTres (2013) y Cuatro (2014-15) sesiones Al Borde de la Cr\u00edtica\u201d y de la exposici\u00f3n \"Couples &amp; Co.: 22 Mirror Stories of Spanish Architecture\" en Berl\u00edn (2015), Hamburgo (2016) y Sevilla (2016). Han sido profesores en IED Madrid, MADinU Salamanca, Universidad Europea de Madrid, UCJC, ETSA Zaragoza USJ y Summer School AA (Londres). Viven en Riad (Arabia Saud\u00ed) desde agosto de 2014 y son profesores en Prince Sultan University y Alfaisal University respectivamente. Beatriz Villanueva es Arquitecta, Master en Gesti\u00f3n de Espacios Virtuales, Master en Proyectos Arquitect\u00f3nicos Avanzados y PhD (ABD) con su tesis \u201cArquitectura y Compromiso. Actualizaci\u00f3n y revisi\u00f3n cr\u00edtica de los manifiestos de arquitectura\u201d, dentro del grupo ARKRIT de teor\u00eda y cr\u00edtica (ETSAM). Francisco J. Casas es Arquitecto, Master en An\u00e1lisis, Teor\u00eda e Historia de la Arquitectura y PhD (ABD) con su tesis \u201cFundamentos Historiogr\u00e1ficos, Te\u00f3ricos y Cr\u00edticos de los a\u00f1os 50\u201d dentro del Departamento de Composici\u00f3n Arquitect\u00f3nica (ETSAM). Fueron Embajadores de la IV Bienal Arquia Pr\u00f3xima y Comisarios de \u201cMen\u00e1ge a Trois\u201d, \u201cF. A. Q.\u201d, \u201cPortfolio Speed Dating\u201d y \u201cTres (2013) y Cuatro (2014-15) sesiones Al Borde de la Cr\u00edtica\u201d y de la exposici\u00f3n \"Couples &amp; Co.: 22 Mirror Stories of Spanish Architecture\" en Berl\u00edn (2015), Hamburgo (2016) y Sevilla (2016). Han sido profesores en IED Madrid, MADinU Salamanca, Universidad Europea de Madrid, UCJC, ETSA Zaragoza USJ y Summer School AA (Londres). Viven en Riad (Arabia Saud\u00ed) desde agosto de 2014 y son profesores en Prince Sultan University y Alfaisal University respectivamente.","sameAs":["https:\/\/www.brijuni.studio\/","https:\/\/www.facebook.com\/profile.php?id=100054398145841","https:\/\/www.instagram.com\/brijuni_archs\/","https:\/\/www.linkedin.com\/company\/brijuni-arquitectos\/about\/","https:\/\/x.com\/https:\/\/twitter.com\/bRijUNi_Archs"],"url":"https:\/\/veredes.es\/blog\/author\/brijuni-arquitectos\/"}]}},"_links":{"self":[{"href":"https:\/\/veredes.es\/blog\/wp-json\/wp\/v2\/posts\/101968","targetHints":{"allow":["GET"]}}],"collection":[{"href":"https:\/\/veredes.es\/blog\/wp-json\/wp\/v2\/posts"}],"about":[{"href":"https:\/\/veredes.es\/blog\/wp-json\/wp\/v2\/types\/post"}],"author":[{"embeddable":true,"href":"https:\/\/veredes.es\/blog\/wp-json\/wp\/v2\/users\/18"}],"replies":[{"embeddable":true,"href":"https:\/\/veredes.es\/blog\/wp-json\/wp\/v2\/comments?post=101968"}],"version-history":[{"count":0,"href":"https:\/\/veredes.es\/blog\/wp-json\/wp\/v2\/posts\/101968\/revisions"}],"wp:featuredmedia":[{"embeddable":true,"href":"https:\/\/veredes.es\/blog\/wp-json\/wp\/v2\/media\/101971"}],"wp:attachment":[{"href":"https:\/\/veredes.es\/blog\/wp-json\/wp\/v2\/media?parent=101968"}],"wp:term":[{"taxonomy":"category","embeddable":true,"href":"https:\/\/veredes.es\/blog\/wp-json\/wp\/v2\/categories?post=101968"},{"taxonomy":"post_tag","embeddable":true,"href":"https:\/\/veredes.es\/blog\/wp-json\/wp\/v2\/tags?post=101968"}],"curies":[{"name":"wp","href":"https:\/\/api.w.org\/{rel}","templated":true}]}}