{"id":101957,"date":"2025-04-29T00:01:13","date_gmt":"2025-04-28T22:01:13","guid":{"rendered":"https:\/\/veredes.es\/blog\/?p=101957"},"modified":"2025-04-29T11:51:40","modified_gmt":"2025-04-29T09:51:40","slug":"150-casas-imprescindibles","status":"publish","type":"post","link":"https:\/\/veredes.es\/blog\/150-casas-imprescindibles\/","title":{"rendered":"150 casas imprescindibles"},"content":{"rendered":"<h6 style=\"text-align: justify;\"><strong><span style=\"font-family: verdana, sans-serif;\">Un viaje por la arquitectura del siglo xx<\/span><\/strong><\/h6>\n<p style=\"text-align: justify;\"><span style=\"font-family: verdana, sans-serif;\">Cinco Tintas presenta <i>150 casas imprescindibles<\/i>, un recorrido global por las joyas arquitect\u00f3nicas m\u00e1s destacadas del mundo. Esta selecci\u00f3n, presentada por el periodista Thijs Demeulemeester y la historiadora del arte y la arquitectura Jacinthe Gigou, es una invitaci\u00f3n a explorar la arquitectura moderna a trav\u00e9s de sus inmuebles m\u00e1s ic\u00f3nicos, que son reconocidos y reconocibles en el mundo de la arquitectura y la construcci\u00f3n.\u00a0<\/span><\/p>\n<figure id=\"attachment_102242\" aria-describedby=\"caption-attachment-102242\" style=\"width: 800px\" class=\"wp-caption alignnone\"><img loading=\"lazy\" decoding=\"async\" class=\"wp-image-102242 size-full\" title=\"150 casas imprescindibles | Jacinthe Gigou y Thijs Demeulemeester\" src=\"https:\/\/veredes.es\/blog\/wp-content\/uploads\/2025\/04\/150-casas-imprescindibles-Jacinthe-Gigou-y-Thijs-Demeulemeester.jpg\" alt=\"150 casas imprescindibles | Jacinthe Gigou y Thijs Demeulemeester\" width=\"800\" height=\"1162\" srcset=\"https:\/\/veredes.es\/blog\/wp-content\/uploads\/2025\/04\/150-casas-imprescindibles-Jacinthe-Gigou-y-Thijs-Demeulemeester.jpg 800w, https:\/\/veredes.es\/blog\/wp-content\/uploads\/2025\/04\/150-casas-imprescindibles-Jacinthe-Gigou-y-Thijs-Demeulemeester-207x300.jpg 207w, https:\/\/veredes.es\/blog\/wp-content\/uploads\/2025\/04\/150-casas-imprescindibles-Jacinthe-Gigou-y-Thijs-Demeulemeester-705x1024.jpg 705w, https:\/\/veredes.es\/blog\/wp-content\/uploads\/2025\/04\/150-casas-imprescindibles-Jacinthe-Gigou-y-Thijs-Demeulemeester-289x420.jpg 289w, https:\/\/veredes.es\/blog\/wp-content\/uploads\/2025\/04\/150-casas-imprescindibles-Jacinthe-Gigou-y-Thijs-Demeulemeester-696x1011.jpg 696w\" sizes=\"auto, (max-width: 800px) 100vw, 800px\" \/><figcaption id=\"caption-attachment-102242\" class=\"wp-caption-text\"><span style=\"color: #999999;\">150 casas imprescindibles | Jacinthe Gigou y Thijs Demeulemeester<\/span><\/figcaption><\/figure>\n<p style=\"text-align: justify;\"><span style=\"font-family: verdana, sans-serif;\">Con el auge del turismo arquitect\u00f3nico en los \u00faltimos a\u00f1os, este libro aprovecha esta tendencia creciente al <a href=\"https:\/\/amzn.to\/41NSyhB\" target=\"_blank\" rel=\"noopener\">presentar 150 casas<\/a> que no solo cautivan por su concepci\u00f3n arquitect\u00f3nica y su est\u00e9tica, sino que tambi\u00e9n ilustran el impacto de estas construcciones en la evoluci\u00f3n del dise\u00f1o interior y la arquitectura contempor\u00e1nea. Desde la famosa Casa de la Cascada de <a href=\"https:\/\/veredes.es\/blog\/tag\/frank-lloyd-wright\/\" target=\"_blank\" rel=\"noopener\">Frank Lloyd Wright<\/a> hasta la Villa E-1027 de <a href=\"https:\/\/veredes.es\/blog\/tag\/eileen-gray\/\" target=\"_blank\" rel=\"noopener\">Eileen Gray<\/a> y Jean Badovici, pasando por el apartamento-estudio de Le Corbusier y las viviendas de figuras como Finn Juhl, <a href=\"https:\/\/veredes.es\/blog\/tag\/alvar-aalto\/\" target=\"_blank\" rel=\"noopener\">Alvar Aalto,<\/a> y <a href=\"https:\/\/veredes.es\/blog\/tag\/raycharles-eames\/\" target=\"_blank\" rel=\"noopener\">Ray y Charles Eames<\/a>, <i>150 casas imprescindibles <\/i>es un homenaje al legado arquitect\u00f3nico del siglo xx.<\/span><\/p>\n<p style=\"text-align: justify;\"><span style=\"font-family: verdana, sans-serif;\">A diferencia de otras gu\u00edas, este libro resuelve uno de los mayores desaf\u00edos al visitar casas de renombre: c\u00f3mo encontrar y acceder a estos tesoros, algunos de los cuales son menos conocidos o solo accesibles con cita previa, y ofrece recomendaciones pr\u00e1cticas para convertir cada visita en una experiencia enriquecedora.\u00a0<\/span><\/p>\n<p style=\"text-align: justify;\"><span style=\"font-family: verdana, sans-serif;\">La selecci\u00f3n abarca desde casas-museo abiertas al p\u00fablico hasta propiedades disponibles en plataformas como Airbnb, lo que convierte este volumen en un valioso recurso tanto para los aficionados a la arquitectura como para los viajeros que desean conocer el legado de los grandes arquitectos y planean rutas arquitect\u00f3nicas, ya sea en viajes por carretera, en escapadas urbanas o en viajes especializados.<\/span><\/p>\n<h6 style=\"text-align: justify;\"><span style=\"font-family: verdana, sans-serif;\"><b>Jacinthe Gigou\u00a0<\/b><\/span><\/h6>\n<p style=\"text-align: justify;\"><span style=\"font-family: verdana, sans-serif;\">Con una formaci\u00f3n en historia del arte y gesti\u00f3n cultural, Jacinte Gigou ha desarrollado numerosos proyectos culturales en Bruselas durante casi 20 a\u00f1os, con un enfoque en la preservaci\u00f3n del patrimonio arquitect\u00f3nico y cultural de los siglos xx y xxi. Fue directora de la asbl Arkadia, donde cocre\u00f3 los festivales Brussels Art Nouveau &amp; Art Deco (BANAD) y Brussels Biennale of Modern Architecture (BBMA). Como curadora en el CIVA, trabaj\u00f3 en exposiciones sobre mujeres en la arquitectura y proyectos educativos sobre patrimonio. En 2021 fund\u00f3 Modernista para valorizar la arquitectura modernista, brutalista y postmoderna belga, lanzando pel\u00edculas y una gu\u00eda de Bruselas moderna. Tambi\u00e9n es periodista en medios especializados. Desde 2024, tiene una columna sobre patrimonio en<a href=\"https:\/\/www.architecturedecollection.fr\/\" target=\"_blank\" rel=\"noopener\"> <i>Architecture de Collection <\/i><\/a>y ofrece consultor\u00eda en proyectos culturales en B\u00e9lgica y Francia.<\/span><\/p>\n<h6 style=\"text-align: justify;\"><span style=\"font-family: verdana, sans-serif;\"><b>Thijs Demeulemeester<\/b><\/span><\/h6>\n<p style=\"text-align: justify;\"><span style=\"font-family: verdana, sans-serif;\">Es un periodista y autor belga que escribe sobre arquitectura, dise\u00f1o de interiores, arte y patrimonio. Publica en revistas como <i>Ideat<\/i>, <i>Arquitectura y Dise\u00f1o<\/i>, <i>Sabato<\/i>, <i>Weekend Knack<\/i>, <i>AD<\/i>, <i>Elle Deco<\/i>, <i>H\u00e4user <\/i>y <i>Dwell<\/i>.<\/span><\/p>\n","protected":false},"excerpt":{"rendered":"<p>Un viaje por la arquitectura del siglo xx Cinco Tintas presenta 150 casas imprescindibles, un recorrido global por las joyas arquitect\u00f3nicas m\u00e1s destacadas del mundo. Esta selecci\u00f3n, presentada por el periodista Thijs Demeulemeester y la historiadora del arte y la arquitectura Jacinthe Gigou, es una invitaci\u00f3n a explorar la arquitectura moderna a trav\u00e9s de sus [&hellip;]<\/p>\n","protected":false},"author":2,"featured_media":102242,"comment_status":"open","ping_status":"closed","sticky":false,"template":"","format":"standard","meta":{"footnotes":""},"categories":[794,26],"tags":[102,12449,3555,11807,3165,17942,605,668,17940,3169,3558,2793,4444,17941],"class_list":{"0":"post-101957","1":"post","2":"type-post","3":"status-publish","4":"format-standard","5":"has-post-thumbnail","7":"category-libros","8":"category-publicaciones","9":"tag-alvar-aalto","10":"tag-arte","11":"tag-charles-eames","12":"tag-eames-office","13":"tag-eileen-gray","14":"tag-finn-juhl","15":"tag-frank-lloyd-wright","16":"tag-historia","17":"tag-jacinthe-gigou","18":"tag-jean-badovici","19":"tag-ray-eames","20":"tag-raycharles-eames","21":"tag-s-xx","22":"tag-thijs-demeulemeester"},"yoast_head":"<!-- This site is optimized with the Yoast SEO plugin v27.5 - https:\/\/yoast.com\/product\/yoast-seo-wordpress\/ -->\n<title>150 casas imprescindibles - veredes<\/title>\n<meta name=\"description\" content=\"Toda la informaci\u00f3n sobre: 150 casas imprescindibles\" \/>\n<meta name=\"robots\" content=\"index, follow, max-snippet:-1, max-image-preview:large, max-video-preview:-1\" \/>\n<link rel=\"canonical\" href=\"https:\/\/veredes.es\/blog\/150-casas-imprescindibles\/\" \/>\n<meta property=\"og:locale\" content=\"es_ES\" \/>\n<meta property=\"og:type\" content=\"article\" \/>\n<meta property=\"og:title\" content=\"150 casas imprescindibles - veredes\" \/>\n<meta property=\"og:description\" content=\"Toda la informaci\u00f3n sobre: 150 casas imprescindibles\" \/>\n<meta property=\"og:url\" content=\"https:\/\/veredes.es\/blog\/150-casas-imprescindibles\/\" \/>\n<meta property=\"og:site_name\" content=\"veredes, arquitectura y divulgaci\u00f3n\" \/>\n<meta property=\"article:publisher\" content=\"https:\/\/www.facebook.com\/veredesArquitecturayDivulgacion\/\" \/>\n<meta property=\"article:author\" content=\"https:\/\/www.facebook.com\/veredesArquitecturayDivulgacion\/\" \/>\n<meta property=\"article:published_time\" content=\"2025-04-28T22:01:13+00:00\" \/>\n<meta property=\"article:modified_time\" content=\"2025-04-29T09:51:40+00:00\" \/>\n<meta property=\"og:image\" content=\"https:\/\/veredes.es\/blog\/wp-content\/uploads\/2025\/04\/150-casas-imprescindibles-Jacinthe-Gigou-y-Thijs-Demeulemeester.jpg\" \/>\n\t<meta property=\"og:image:width\" content=\"800\" \/>\n\t<meta property=\"og:image:height\" content=\"1162\" \/>\n\t<meta property=\"og:image:type\" content=\"image\/jpeg\" \/>\n<meta name=\"author\" content=\"veredes\" \/>\n<meta name=\"twitter:card\" content=\"summary_large_image\" \/>\n<meta name=\"twitter:creator\" content=\"@https:\/\/twitter.com\/veredes\" \/>\n<meta name=\"twitter:site\" content=\"@veredes\" \/>\n<meta name=\"twitter:label1\" content=\"Escrito por\" \/>\n\t<meta name=\"twitter:data1\" content=\"veredes\" \/>\n\t<meta name=\"twitter:label2\" content=\"Tiempo de lectura\" \/>\n\t<meta name=\"twitter:data2\" content=\"3 minutos\" \/>\n<script type=\"application\/ld+json\" class=\"yoast-schema-graph\">{\"@context\":\"https:\\\/\\\/schema.org\",\"@graph\":[{\"@type\":\"Article\",\"@id\":\"https:\\\/\\\/veredes.es\\\/blog\\\/150-casas-imprescindibles\\\/#article\",\"isPartOf\":{\"@id\":\"https:\\\/\\\/veredes.es\\\/blog\\\/150-casas-imprescindibles\\\/\"},\"author\":{\"name\":\"veredes\",\"@id\":\"https:\\\/\\\/veredes.es\\\/blog\\\/#\\\/schema\\\/person\\\/0bbb669073ef7faba5168a0844e93d2c\"},\"headline\":\"150 casas imprescindibles\",\"datePublished\":\"2025-04-28T22:01:13+00:00\",\"dateModified\":\"2025-04-29T09:51:40+00:00\",\"mainEntityOfPage\":{\"@id\":\"https:\\\/\\\/veredes.es\\\/blog\\\/150-casas-imprescindibles\\\/\"},\"wordCount\":503,\"commentCount\":0,\"publisher\":{\"@id\":\"https:\\\/\\\/veredes.es\\\/blog\\\/#organization\"},\"image\":{\"@id\":\"https:\\\/\\\/veredes.es\\\/blog\\\/150-casas-imprescindibles\\\/#primaryimage\"},\"thumbnailUrl\":\"https:\\\/\\\/veredes.es\\\/blog\\\/wp-content\\\/uploads\\\/2025\\\/04\\\/150-casas-imprescindibles-Jacinthe-Gigou-y-Thijs-Demeulemeester.jpg\",\"keywords\":[\"Alvar Aalto\",\"arte\",\"Charles Eames\",\"Eames Office\",\"Eileen Gray\",\"Finn Juhl\",\"Frank Lloyd Wright\",\"historia\",\"Jacinthe Gigou\",\"Jean Badovici\",\"Ray Eames\",\"Ray&amp;Charles Eames\",\"s. xx\",\"Thijs Demeulemeester\"],\"articleSection\":[\"libros\",\"publicaciones\"],\"inLanguage\":\"es\",\"potentialAction\":[{\"@type\":\"CommentAction\",\"name\":\"Comment\",\"target\":[\"https:\\\/\\\/veredes.es\\\/blog\\\/150-casas-imprescindibles\\\/#respond\"]}]},{\"@type\":\"WebPage\",\"@id\":\"https:\\\/\\\/veredes.es\\\/blog\\\/150-casas-imprescindibles\\\/\",\"url\":\"https:\\\/\\\/veredes.es\\\/blog\\\/150-casas-imprescindibles\\\/\",\"name\":\"150 casas imprescindibles - veredes\",\"isPartOf\":{\"@id\":\"https:\\\/\\\/veredes.es\\\/blog\\\/#website\"},\"primaryImageOfPage\":{\"@id\":\"https:\\\/\\\/veredes.es\\\/blog\\\/150-casas-imprescindibles\\\/#primaryimage\"},\"image\":{\"@id\":\"https:\\\/\\\/veredes.es\\\/blog\\\/150-casas-imprescindibles\\\/#primaryimage\"},\"thumbnailUrl\":\"https:\\\/\\\/veredes.es\\\/blog\\\/wp-content\\\/uploads\\\/2025\\\/04\\\/150-casas-imprescindibles-Jacinthe-Gigou-y-Thijs-Demeulemeester.jpg\",\"datePublished\":\"2025-04-28T22:01:13+00:00\",\"dateModified\":\"2025-04-29T09:51:40+00:00\",\"description\":\"Toda la informaci\u00f3n sobre: 150 casas imprescindibles\",\"breadcrumb\":{\"@id\":\"https:\\\/\\\/veredes.es\\\/blog\\\/150-casas-imprescindibles\\\/#breadcrumb\"},\"inLanguage\":\"es\",\"potentialAction\":[{\"@type\":\"ReadAction\",\"target\":[\"https:\\\/\\\/veredes.es\\\/blog\\\/150-casas-imprescindibles\\\/\"]}]},{\"@type\":\"ImageObject\",\"inLanguage\":\"es\",\"@id\":\"https:\\\/\\\/veredes.es\\\/blog\\\/150-casas-imprescindibles\\\/#primaryimage\",\"url\":\"https:\\\/\\\/veredes.es\\\/blog\\\/wp-content\\\/uploads\\\/2025\\\/04\\\/150-casas-imprescindibles-Jacinthe-Gigou-y-Thijs-Demeulemeester.jpg\",\"contentUrl\":\"https:\\\/\\\/veredes.es\\\/blog\\\/wp-content\\\/uploads\\\/2025\\\/04\\\/150-casas-imprescindibles-Jacinthe-Gigou-y-Thijs-Demeulemeester.jpg\",\"width\":800,\"height\":1162,\"caption\":\"150 casas imprescindibles | Jacinthe Gigou y Thijs Demeulemeester\"},{\"@type\":\"BreadcrumbList\",\"@id\":\"https:\\\/\\\/veredes.es\\\/blog\\\/150-casas-imprescindibles\\\/#breadcrumb\",\"itemListElement\":[{\"@type\":\"ListItem\",\"position\":1,\"name\":\"Portada\",\"item\":\"https:\\\/\\\/veredes.es\\\/blog\\\/\"},{\"@type\":\"ListItem\",\"position\":2,\"name\":\"150 casas imprescindibles\"}]},{\"@type\":\"WebSite\",\"@id\":\"https:\\\/\\\/veredes.es\\\/blog\\\/#website\",\"url\":\"https:\\\/\\\/veredes.es\\\/blog\\\/\",\"name\":\"veredes, arquitectura y divulgaci\u00f3n\",\"description\":\"veredes\",\"publisher\":{\"@id\":\"https:\\\/\\\/veredes.es\\\/blog\\\/#organization\"},\"alternateName\":\"veredes\",\"potentialAction\":[{\"@type\":\"SearchAction\",\"target\":{\"@type\":\"EntryPoint\",\"urlTemplate\":\"https:\\\/\\\/veredes.es\\\/blog\\\/?s={search_term_string}\"},\"query-input\":{\"@type\":\"PropertyValueSpecification\",\"valueRequired\":true,\"valueName\":\"search_term_string\"}}],\"inLanguage\":\"es\"},{\"@type\":\"Organization\",\"@id\":\"https:\\\/\\\/veredes.es\\\/blog\\\/#organization\",\"name\":\"veredes, arquitectura y divulgaci\u00f3n\",\"alternateName\":\"veredes\",\"url\":\"https:\\\/\\\/veredes.es\\\/blog\\\/\",\"logo\":{\"@type\":\"ImageObject\",\"inLanguage\":\"es\",\"@id\":\"https:\\\/\\\/veredes.es\\\/blog\\\/#\\\/schema\\\/logo\\\/image\\\/\",\"url\":\"https:\\\/\\\/veredes.es\\\/blog\\\/wp-content\\\/uploads\\\/2021\\\/12\\\/veredes-logo-centrado_140x54.png\",\"contentUrl\":\"https:\\\/\\\/veredes.es\\\/blog\\\/wp-content\\\/uploads\\\/2021\\\/12\\\/veredes-logo-centrado_140x54.png\",\"width\":140,\"height\":54,\"caption\":\"veredes, arquitectura y divulgaci\u00f3n\"},\"image\":{\"@id\":\"https:\\\/\\\/veredes.es\\\/blog\\\/#\\\/schema\\\/logo\\\/image\\\/\"},\"sameAs\":[\"https:\\\/\\\/www.facebook.com\\\/veredesArquitecturayDivulgacion\\\/\",\"https:\\\/\\\/x.com\\\/veredes\",\"https:\\\/\\\/instagram.com\\\/veredes\\\/\",\"https:\\\/\\\/www.linkedin.com\\\/company\\\/veredes-arquitectura-y-divulgacion\\\/\",\"https:\\\/\\\/es.pinterest.com\\\/veredes\\\/\",\"https:\\\/\\\/www.tumblr.com\\\/veredes\"]},{\"@type\":\"Person\",\"@id\":\"https:\\\/\\\/veredes.es\\\/blog\\\/#\\\/schema\\\/person\\\/0bbb669073ef7faba5168a0844e93d2c\",\"name\":\"veredes\",\"image\":{\"@type\":\"ImageObject\",\"inLanguage\":\"es\",\"@id\":\"https:\\\/\\\/veredes.es\\\/blog\\\/wp-content\\\/uploads\\\/2018\\\/04\\\/face-96x96.jpg\",\"url\":\"https:\\\/\\\/veredes.es\\\/blog\\\/wp-content\\\/uploads\\\/2018\\\/04\\\/face-96x96.jpg\",\"contentUrl\":\"https:\\\/\\\/veredes.es\\\/blog\\\/wp-content\\\/uploads\\\/2018\\\/04\\\/face-96x96.jpg\",\"caption\":\"veredes\"},\"description\":\"Surge enero de 2009 como b\u00fasqueda de satisfacer el conocimiento de la actividad arquitect\u00f3nica y tangentes que se generan. La idea es crear un espacio para divulgar los diversos proyectos en busca de nueva inspiraci\u00f3n y de intercambio.\",\"sameAs\":[\"https:\\\/\\\/veredes.es\\\/\",\"https:\\\/\\\/www.facebook.com\\\/veredesArquitecturayDivulgacion\\\/\",\"https:\\\/\\\/www.instagram.com\\\/veredes\\\/\",\"https:\\\/\\\/www.linkedin.com\\\/company\\\/veredes-arquitectura-y-divulgacion\\\/\",\"https:\\\/\\\/www.pinterest.es\\\/veredes\\\/\",\"https:\\\/\\\/x.com\\\/https:\\\/\\\/twitter.com\\\/veredes\",\"https:\\\/\\\/veredes.tumblr.com\\\/\"],\"url\":\"https:\\\/\\\/veredes.es\\\/blog\\\/author\\\/alberto\\\/\"}]}<\/script>\n<!-- \/ Yoast SEO plugin. -->","yoast_head_json":{"title":"150 casas imprescindibles - veredes","description":"Toda la informaci\u00f3n sobre: 150 casas imprescindibles","robots":{"index":"index","follow":"follow","max-snippet":"max-snippet:-1","max-image-preview":"max-image-preview:large","max-video-preview":"max-video-preview:-1"},"canonical":"https:\/\/veredes.es\/blog\/150-casas-imprescindibles\/","og_locale":"es_ES","og_type":"article","og_title":"150 casas imprescindibles - veredes","og_description":"Toda la informaci\u00f3n sobre: 150 casas imprescindibles","og_url":"https:\/\/veredes.es\/blog\/150-casas-imprescindibles\/","og_site_name":"veredes, arquitectura y divulgaci\u00f3n","article_publisher":"https:\/\/www.facebook.com\/veredesArquitecturayDivulgacion\/","article_author":"https:\/\/www.facebook.com\/veredesArquitecturayDivulgacion\/","article_published_time":"2025-04-28T22:01:13+00:00","article_modified_time":"2025-04-29T09:51:40+00:00","og_image":[{"width":800,"height":1162,"url":"https:\/\/veredes.es\/blog\/wp-content\/uploads\/2025\/04\/150-casas-imprescindibles-Jacinthe-Gigou-y-Thijs-Demeulemeester.jpg","type":"image\/jpeg"}],"author":"veredes","twitter_card":"summary_large_image","twitter_creator":"@https:\/\/twitter.com\/veredes","twitter_site":"@veredes","twitter_misc":{"Escrito por":"veredes","Tiempo de lectura":"3 minutos"},"schema":{"@context":"https:\/\/schema.org","@graph":[{"@type":"Article","@id":"https:\/\/veredes.es\/blog\/150-casas-imprescindibles\/#article","isPartOf":{"@id":"https:\/\/veredes.es\/blog\/150-casas-imprescindibles\/"},"author":{"name":"veredes","@id":"https:\/\/veredes.es\/blog\/#\/schema\/person\/0bbb669073ef7faba5168a0844e93d2c"},"headline":"150 casas imprescindibles","datePublished":"2025-04-28T22:01:13+00:00","dateModified":"2025-04-29T09:51:40+00:00","mainEntityOfPage":{"@id":"https:\/\/veredes.es\/blog\/150-casas-imprescindibles\/"},"wordCount":503,"commentCount":0,"publisher":{"@id":"https:\/\/veredes.es\/blog\/#organization"},"image":{"@id":"https:\/\/veredes.es\/blog\/150-casas-imprescindibles\/#primaryimage"},"thumbnailUrl":"https:\/\/veredes.es\/blog\/wp-content\/uploads\/2025\/04\/150-casas-imprescindibles-Jacinthe-Gigou-y-Thijs-Demeulemeester.jpg","keywords":["Alvar Aalto","arte","Charles Eames","Eames Office","Eileen Gray","Finn Juhl","Frank Lloyd Wright","historia","Jacinthe Gigou","Jean Badovici","Ray Eames","Ray&amp;Charles Eames","s. xx","Thijs Demeulemeester"],"articleSection":["libros","publicaciones"],"inLanguage":"es","potentialAction":[{"@type":"CommentAction","name":"Comment","target":["https:\/\/veredes.es\/blog\/150-casas-imprescindibles\/#respond"]}]},{"@type":"WebPage","@id":"https:\/\/veredes.es\/blog\/150-casas-imprescindibles\/","url":"https:\/\/veredes.es\/blog\/150-casas-imprescindibles\/","name":"150 casas imprescindibles - veredes","isPartOf":{"@id":"https:\/\/veredes.es\/blog\/#website"},"primaryImageOfPage":{"@id":"https:\/\/veredes.es\/blog\/150-casas-imprescindibles\/#primaryimage"},"image":{"@id":"https:\/\/veredes.es\/blog\/150-casas-imprescindibles\/#primaryimage"},"thumbnailUrl":"https:\/\/veredes.es\/blog\/wp-content\/uploads\/2025\/04\/150-casas-imprescindibles-Jacinthe-Gigou-y-Thijs-Demeulemeester.jpg","datePublished":"2025-04-28T22:01:13+00:00","dateModified":"2025-04-29T09:51:40+00:00","description":"Toda la informaci\u00f3n sobre: 150 casas imprescindibles","breadcrumb":{"@id":"https:\/\/veredes.es\/blog\/150-casas-imprescindibles\/#breadcrumb"},"inLanguage":"es","potentialAction":[{"@type":"ReadAction","target":["https:\/\/veredes.es\/blog\/150-casas-imprescindibles\/"]}]},{"@type":"ImageObject","inLanguage":"es","@id":"https:\/\/veredes.es\/blog\/150-casas-imprescindibles\/#primaryimage","url":"https:\/\/veredes.es\/blog\/wp-content\/uploads\/2025\/04\/150-casas-imprescindibles-Jacinthe-Gigou-y-Thijs-Demeulemeester.jpg","contentUrl":"https:\/\/veredes.es\/blog\/wp-content\/uploads\/2025\/04\/150-casas-imprescindibles-Jacinthe-Gigou-y-Thijs-Demeulemeester.jpg","width":800,"height":1162,"caption":"150 casas imprescindibles | Jacinthe Gigou y Thijs Demeulemeester"},{"@type":"BreadcrumbList","@id":"https:\/\/veredes.es\/blog\/150-casas-imprescindibles\/#breadcrumb","itemListElement":[{"@type":"ListItem","position":1,"name":"Portada","item":"https:\/\/veredes.es\/blog\/"},{"@type":"ListItem","position":2,"name":"150 casas imprescindibles"}]},{"@type":"WebSite","@id":"https:\/\/veredes.es\/blog\/#website","url":"https:\/\/veredes.es\/blog\/","name":"veredes, arquitectura y divulgaci\u00f3n","description":"veredes","publisher":{"@id":"https:\/\/veredes.es\/blog\/#organization"},"alternateName":"veredes","potentialAction":[{"@type":"SearchAction","target":{"@type":"EntryPoint","urlTemplate":"https:\/\/veredes.es\/blog\/?s={search_term_string}"},"query-input":{"@type":"PropertyValueSpecification","valueRequired":true,"valueName":"search_term_string"}}],"inLanguage":"es"},{"@type":"Organization","@id":"https:\/\/veredes.es\/blog\/#organization","name":"veredes, arquitectura y divulgaci\u00f3n","alternateName":"veredes","url":"https:\/\/veredes.es\/blog\/","logo":{"@type":"ImageObject","inLanguage":"es","@id":"https:\/\/veredes.es\/blog\/#\/schema\/logo\/image\/","url":"https:\/\/veredes.es\/blog\/wp-content\/uploads\/2021\/12\/veredes-logo-centrado_140x54.png","contentUrl":"https:\/\/veredes.es\/blog\/wp-content\/uploads\/2021\/12\/veredes-logo-centrado_140x54.png","width":140,"height":54,"caption":"veredes, arquitectura y divulgaci\u00f3n"},"image":{"@id":"https:\/\/veredes.es\/blog\/#\/schema\/logo\/image\/"},"sameAs":["https:\/\/www.facebook.com\/veredesArquitecturayDivulgacion\/","https:\/\/x.com\/veredes","https:\/\/instagram.com\/veredes\/","https:\/\/www.linkedin.com\/company\/veredes-arquitectura-y-divulgacion\/","https:\/\/es.pinterest.com\/veredes\/","https:\/\/www.tumblr.com\/veredes"]},{"@type":"Person","@id":"https:\/\/veredes.es\/blog\/#\/schema\/person\/0bbb669073ef7faba5168a0844e93d2c","name":"veredes","image":{"@type":"ImageObject","inLanguage":"es","@id":"https:\/\/veredes.es\/blog\/wp-content\/uploads\/2018\/04\/face-96x96.jpg","url":"https:\/\/veredes.es\/blog\/wp-content\/uploads\/2018\/04\/face-96x96.jpg","contentUrl":"https:\/\/veredes.es\/blog\/wp-content\/uploads\/2018\/04\/face-96x96.jpg","caption":"veredes"},"description":"Surge enero de 2009 como b\u00fasqueda de satisfacer el conocimiento de la actividad arquitect\u00f3nica y tangentes que se generan. La idea es crear un espacio para divulgar los diversos proyectos en busca de nueva inspiraci\u00f3n y de intercambio.","sameAs":["https:\/\/veredes.es\/","https:\/\/www.facebook.com\/veredesArquitecturayDivulgacion\/","https:\/\/www.instagram.com\/veredes\/","https:\/\/www.linkedin.com\/company\/veredes-arquitectura-y-divulgacion\/","https:\/\/www.pinterest.es\/veredes\/","https:\/\/x.com\/https:\/\/twitter.com\/veredes","https:\/\/veredes.tumblr.com\/"],"url":"https:\/\/veredes.es\/blog\/author\/alberto\/"}]}},"_links":{"self":[{"href":"https:\/\/veredes.es\/blog\/wp-json\/wp\/v2\/posts\/101957","targetHints":{"allow":["GET"]}}],"collection":[{"href":"https:\/\/veredes.es\/blog\/wp-json\/wp\/v2\/posts"}],"about":[{"href":"https:\/\/veredes.es\/blog\/wp-json\/wp\/v2\/types\/post"}],"author":[{"embeddable":true,"href":"https:\/\/veredes.es\/blog\/wp-json\/wp\/v2\/users\/2"}],"replies":[{"embeddable":true,"href":"https:\/\/veredes.es\/blog\/wp-json\/wp\/v2\/comments?post=101957"}],"version-history":[{"count":0,"href":"https:\/\/veredes.es\/blog\/wp-json\/wp\/v2\/posts\/101957\/revisions"}],"wp:featuredmedia":[{"embeddable":true,"href":"https:\/\/veredes.es\/blog\/wp-json\/wp\/v2\/media\/102242"}],"wp:attachment":[{"href":"https:\/\/veredes.es\/blog\/wp-json\/wp\/v2\/media?parent=101957"}],"wp:term":[{"taxonomy":"category","embeddable":true,"href":"https:\/\/veredes.es\/blog\/wp-json\/wp\/v2\/categories?post=101957"},{"taxonomy":"post_tag","embeddable":true,"href":"https:\/\/veredes.es\/blog\/wp-json\/wp\/v2\/tags?post=101957"}],"curies":[{"name":"wp","href":"https:\/\/api.w.org\/{rel}","templated":true}]}}