{"id":101567,"date":"2025-03-31T00:01:14","date_gmt":"2025-03-30T22:01:14","guid":{"rendered":"https:\/\/veredes.es\/blog\/?p=101567"},"modified":"2025-03-13T11:12:20","modified_gmt":"2025-03-13T10:12:20","slug":"maria-sanchez-ontin-cambium-estudio","status":"publish","type":"post","link":"https:\/\/veredes.es\/blog\/maria-sanchez-ontin-cambium-estudio\/","title":{"rendered":"Mar\u00eda S\u00e1nchez Ont\u00edn | Cambium Estudio"},"content":{"rendered":"<h6 style=\"text-align: justify;\"><strong> Arquitectura sostenible en madera<\/strong><\/h6>\n<p style=\"text-align: justify;\">La arquitectura contempor\u00e1nea est\u00e1 evolucionando hacia modelos constructivos m\u00e1s sostenibles y respetuosos con el entorno. En este contexto, el trabajo de Mar\u00eda S\u00e1nchez Ont\u00edn destaca por su enfoque innovador en la construcci\u00f3n con <a href=\"https:\/\/veredes.es\/blog\/tag\/arquitectura-en-madera\/\" target=\"_blank\" rel=\"noopener\">madera<\/a>, combinando eficiencia energ\u00e9tica, dise\u00f1o responsable y un profundo respeto por el medio ambiente.<\/p>\n<p style=\"text-align: justify;\">Arquitecta por la ETSAM y con un M\u00e1ster en Estructuras de Madera por PEMADE (USC), Mar\u00eda S\u00e1nchez Ont\u00edn es la fundadora de <a href=\"https:\/\/www.thecambiumdesign.com\/\" target=\"_blank\" rel=\"noopener\">Cambium Estudio<\/a>, un despacho de arquitectura especializado en\u00a0 en madera. Adem\u00e1s, es cofundadora de <a href=\"https:\/\/escuadria.com\/\" target=\"_blank\" rel=\"noopener\">Escuadr\u00eda<\/a>, una ingenier\u00eda enfocada en el c\u00e1lculo y dise\u00f1o de estructuras de madera. A trav\u00e9s de su labor profesional y docente, ha contribuido a la difusi\u00f3n del conocimiento sobre este material y sus posibilidades en la arquitectura contempor\u00e1nea.<\/p>\n<p style=\"text-align: justify;\">Desde sus primeros pasos en la arquitectura, Mar\u00eda S\u00e1nchez Ont\u00edn ha estado impulsada por la curiosidad y el compromiso con la sostenibilidad. Su inter\u00e9s por la construcci\u00f3n en madera se despert\u00f3 en 2010 durante un viaje a Noruega, donde pudo experimentar de primera mano la capacidad de la madera para integrarse arm\u00f3nicamente en el paisaje. A partir de entonces, su trayectoria se ha centrado en investigar y aplicar soluciones constructivas eficientes y respetuosas con el entorno.<\/p>\n<p style=\"text-align: justify;\">En esta entrevista, exploramos su recorrido profesional, los retos de emprender en el sector de la arquitectura sostenible y su visi\u00f3n sobre el futuro de la construcci\u00f3n en madera. Nos adentramos en los inicios de <a href=\"https:\/\/www.thecambiumdesign.com\/\" target=\"_blank\" rel=\"noopener\">Cambium Estudio<\/a>, su metodolog\u00eda de trabajo y las claves para dise\u00f1ar proyectos que no solo sean funcionales y est\u00e9ticamente atractivos, sino que tambi\u00e9n contribuyan a un modelo constructivo m\u00e1s responsable con el planeta.<\/p>\n<figure id=\"attachment_101572\" aria-describedby=\"caption-attachment-101572\" style=\"width: 1400px\" class=\"wp-caption alignnone\"><img loading=\"lazy\" decoding=\"async\" class=\"wp-image-101572 size-full\" title=\"Mar\u00eda S\u00e1nchez Ont\u00edn Cambium Estudio 1\" src=\"https:\/\/veredes.es\/blog\/wp-content\/uploads\/2025\/03\/Maria-Sanchez-Ontin-Cambium-Estudio-1.jpg\" alt=\"Mar\u00eda S\u00e1nchez Ont\u00edn Cambium Estudio 1\" width=\"1400\" height=\"930\" srcset=\"https:\/\/veredes.es\/blog\/wp-content\/uploads\/2025\/03\/Maria-Sanchez-Ontin-Cambium-Estudio-1.jpg 1400w, https:\/\/veredes.es\/blog\/wp-content\/uploads\/2025\/03\/Maria-Sanchez-Ontin-Cambium-Estudio-1-300x199.jpg 300w, https:\/\/veredes.es\/blog\/wp-content\/uploads\/2025\/03\/Maria-Sanchez-Ontin-Cambium-Estudio-1-1024x680.jpg 1024w, https:\/\/veredes.es\/blog\/wp-content\/uploads\/2025\/03\/Maria-Sanchez-Ontin-Cambium-Estudio-1-632x420.jpg 632w, https:\/\/veredes.es\/blog\/wp-content\/uploads\/2025\/03\/Maria-Sanchez-Ontin-Cambium-Estudio-1-696x462.jpg 696w, https:\/\/veredes.es\/blog\/wp-content\/uploads\/2025\/03\/Maria-Sanchez-Ontin-Cambium-Estudio-1-1068x709.jpg 1068w\" sizes=\"auto, (max-width: 1400px) 100vw, 1400px\" \/><figcaption id=\"caption-attachment-101572\" class=\"wp-caption-text\"><span style=\"color: #999999;\">Mar\u00eda S\u00e1nchez Ont\u00edn | Cambium Estudio<\/span><\/figcaption><\/figure>\n<h5 style=\"text-align: justify;\"><strong>\u00bfC\u00f3mo se definir\u00eda Mar\u00eda S\u00e1nchez Ont\u00edn?<\/strong><\/h5>\n<p style=\"text-align: justify;\">Dir\u00eda que soy curiosa, inquieta y optimista. Siempre tengo entre manos algo interesante que hacer, me gusta caminar descalza por casa y se me da muy bien disfrutar de las peque\u00f1as cosas del d\u00eda a d\u00eda. Me apasiona la naturaleza y siempre hay hueco en mi vida para el deporte, especialmente si es al aire libre y en el agua. Por eso, aunque nac\u00ed en Madrid, ahora vivo en un peque\u00f1o pueblo al lado de la ciudad de A Coru\u00f1a con mi familia donde, desde mi terraza, puedo oler el mar. Desde hace algo m\u00e1s de un a\u00f1o tambi\u00e9n soy mam\u00e1 y vivo completamente enamorada de c\u00f3mo mi peque\u00f1a, m\u00e1s curiosa que yo, descubre el mundo.<\/p>\n<p style=\"text-align: justify;\">Trabajo como arquitecta desde hace 10 a\u00f1os y siempre he compaginado el estudio y la obra con la docencia. A menudo dicen de m\u00ed que soy una arquitecta un poco at\u00edpica y pienso que es verdad. Siempre he ido a contracorriente respecto a lo que se lleva en las escuelas de arquitectura y nunca encaj\u00e9 bien en el perfil de la arquitecta que buscaban en la asignatura de proyectos. Yo pongo el foco en hacer las cosas bien para que mis clientes se sientan verdaderamente a gusto en los espacios que dise\u00f1o. Tambi\u00e9n me encanta trabajar con la madera porque, gracias a los materiales que elegimos para construir y la forma en que los combinamos, nos ayuda a cuidar el mundo y devolverle un poco de todo lo que nos ofrece.<\/p>\n<h5 style=\"text-align: justify;\"><strong>\u00bfC\u00f3mo, cu\u00e1ndo y por qu\u00e9 surge el inter\u00e9s hac\u00eda arquitectura y la madera?\u00a0<\/strong><\/h5>\n<p style=\"text-align: justify;\">Mi amor por la madera empez\u00f3 en 2010, durante un viaje a Noruega en el verano entre tercero y cuarto a\u00f1o de arquitectura en la ETSAM. Pasamos unos d\u00edas viviendo en una caba\u00f1a de madera y explorando los fiordos. Entre caminatas, atardeceres a las 4 de la ma\u00f1ana y los deliciosos dulces noruegos descubr\u00ed c\u00f3mo la arquitectura puede integrarse arm\u00f3nicamente en la naturaleza. Noruega, con su fuerte tradici\u00f3n en arquitectura en madera y su profundo respeto por el entorno natural, me cautiv\u00f3. Ah\u00ed empec\u00e9 a intuir que quer\u00eda dedicarme a dise\u00f1ar espacios que no s\u00f3lo fueran bellos y funcionales, sino tambi\u00e9n respetuosos con el mundo que nos rodea. Sin saberlo, aquello fue la semilla de lo que m\u00e1s tarde se convertir\u00eda en <a href=\"https:\/\/www.thecambiumdesign.com\/\" target=\"_blank\" rel=\"noopener\">Cambium<\/a>.<\/p>\n<p style=\"text-align: justify;\">En 2012 particip\u00e9 como voluntaria en el Solar Decathlon de Madrid, una competici\u00f3n internacional de viviendas sostenibles y energ\u00e9ticamente eficientes que utilizaban energ\u00eda solar para su funcionamiento. Esta experiencia me permiti\u00f3 vivir en primera persona c\u00f3mo se materializan dos de los principios que ahora forman parte de mi filosof\u00eda de trabajo en los proyectos de arquitectura: dise\u00f1o responsable y eficiencia energ\u00e9tica.<\/p>\n<p style=\"text-align: justify;\">Despu\u00e9s vino mi proyecto fin de Carrera: un Centro de Interpretaci\u00f3n en la Sierra de Guadarrama en Madrid, completamente dise\u00f1ado en madera, estructura incluida. Fue la excusa perfecta para aprender de forma autodidacta sobre construcci\u00f3n con madera, ya que, lamentablemente, la madera no ten\u00eda mucha presencia en los planos de estudio de la ETSAM.<\/p>\n<p style=\"text-align: justify;\">En cambio, en Ingenier\u00eda de Montes s\u00ed hab\u00eda formaci\u00f3n espec\u00edfica en estructuras de madera y, por suerte, mi pareja estaba estudiando all\u00ed. Gracias a sus conocimientos y valiosos apuntes pude desarrollar un TFC m\u00e1s real. Adem\u00e1s, descubr\u00ed la biblioteca de AITIM y comenc\u00e9 a investigar sobre c\u00f3mo se construye con madera en otros lugares, especialmente en Centroeuropa y Escandinavia. Todo lo que aprend\u00ed lo apliqu\u00e9 en mi proyecto y por eso lo considero un paso clave en mi evoluci\u00f3n profesional.<\/p>\n<p style=\"text-align: justify;\">Cuando termin\u00e9 la carrera, est\u00e1bamos en plena crisis econ\u00f3mica y hab\u00eda muy poco trabajo en Espa\u00f1a. Muchos compa\u00f1eros emigraron pero yo apost\u00e9 por especializarme y, en lugar de esperar a entrar de \u201cbecaria para siempre\u201d en alg\u00fan estudio, segu\u00ed form\u00e1ndome en lo que me apasionaba. Curs\u00e9 el M\u00e1ster en Estructuras de la UPM y para mi Proyecto Fin de M\u00e1ster segu\u00ed apostando por la madera con el dise\u00f1o de una cubierta de madera de grandes luces para un pabell\u00f3n de tiro con arco.<\/p>\n<p style=\"text-align: justify;\">Durante esos a\u00f1os tambi\u00e9n pusimos en marcha un negocio online de marroquiner\u00eda artesanal. El primer producto que creamos fueron unos pendientes con forma de hoja de roble, <em>Quercus pirenaica<\/em>. Fueron el top ventas. Este emprendimiento me permiti\u00f3 financiar una formaci\u00f3n en Pamplona, donde aprend\u00ed a usar Cadwork, el programa de dise\u00f1o en madera que ahora utilizamos d\u00eda a d\u00eda en el estudio. Esos ahorros vendiendo piezas \u00fanicas hechas a mano en cuero tambi\u00e9n me permitieron mudarme a Lugo para cursar el M\u00e1ster en Estructuras de Madera de PEMADE, lo que fue el empuj\u00f3n final para llegar al punto donde me encuentro hoy.<\/p>\n<h5 style=\"text-align: justify;\"><strong>\u00bfC\u00f3mo surge el proyecto de <a href=\"https:\/\/www.thecambiumdesign.com\/\" target=\"_blank\" rel=\"noopener\">Cambium Estudio<\/a>?\u00bfTe encontraste con muchas dificultades para ponerlo en marcha?\u00bfCu\u00e1les fueron las m\u00e1s problem\u00e1ticas? \u00bfCu\u00e1l fue (o es o ser\u00e1) el momento m\u00e1s cr\u00edtico?\u00a0<\/strong><\/h5>\n<p style=\"text-align: justify;\">Cambium naci\u00f3 durante el M\u00e1ster de Estructuras de Madera de PEMADE. Empez\u00f3 siendo un <em>blog<\/em> para ense\u00f1ar las posibilidades de la madera en construcci\u00f3n. Yo quer\u00eda seguir aprendiendo tras el m\u00e1ster y, al mismo tiempo, sent\u00eda la necesidad de compartir todo lo que hab\u00eda descubierto. Sab\u00eda que, si alg\u00fan d\u00eda quer\u00eda dedicarme a ello profesionalmente, deb\u00eda conseguir que m\u00e1s personas conocieran las ventajas de la construcci\u00f3n sostenible en madera. Siempre he pensado que no se puede amar algo que no se conoce, as\u00ed que Cambium es mi granito de arena para dar a conocer la madera como un material constructivo alternativo, v\u00e1lido y respetuoso con el entorno.<\/p>\n<p style=\"text-align: justify;\">Al terminar el m\u00e1ster y ganar el premio al mejor Proyecto Fin de M\u00e1ster en una edici\u00f3n muy competitiva y enriquecedora, me qued\u00e9 a vivir en Galicia. Empec\u00e9 a trabajar como arquitecta <em>freelance<\/em> pero nunca dej\u00e9 de escribir en Cambium. Poco a poco lo que empez\u00f3 como un blog se fue transformando en el escaparate virtual de mi estudio de arquitectura. Mis clientes llegaron a m\u00ed gracias a esos textos y as\u00ed empec\u00e9 a trabajar dise\u00f1ando edificios eficientes y responsables. Al cabo de un a\u00f1o dej\u00e9 el estudio donde trabajaba para dedicarme a Cambium a tiempo completo y, tras 10 a\u00f1os, sigo al frente de este proyecto que tantas alegr\u00edas me trae.<\/p>\n<p style=\"text-align: justify;\">Gracias a la especializaci\u00f3n en madera comenzaron a llegar muchas consultas pidiendo ayuda para calcular estructuras de madera. Detectamos esa necesidad y de ah\u00ed naci\u00f3 <strong>Escuadr\u00eda<\/strong>, una ingenier\u00eda especializada en estructuras de madera de la que soy cofundadora. Este proyecto ha sido clave para marcar el rumbo de Cambium, ya que desde entonces nos centramos en arquitectura, construcci\u00f3n y formaci\u00f3n, derivando toda la parte t\u00e9cnica de estructuras hacia Escuadr\u00eda.<\/p>\n<p style=\"text-align: justify;\">El blog tambi\u00e9n me ha posicionado como referente en construcci\u00f3n con madera y me ha acercado a empresas l\u00edderes en el sector con las que hoy tenemos la suerte de colaborar. Mis clientes dicen que soy \u201cmuy profe\u201d y es cierto. Me encanta compartir lo que aprendo construyendo edificios de madera para que otros compa\u00f1eros arquitectos y profesionales de la construcci\u00f3n se acerquen a este material con seguridad, soltura y confianza.<\/p>\n<h5 style=\"text-align: justify;\"><strong>\u00bfCu\u00e1l ha sido tu formaci\u00f3n y trayectoria profesional complementaria para el proyecto de Cambium Estudio? \u00bfConsideras que estudiar arquitectura ha sido importante para desarrollar tu trabajo actual?<\/strong><\/h5>\n<p style=\"text-align: justify;\">Como contaba antes, mi formaci\u00f3n \u201coficial\u201d ha sido el M\u00e1ster en Estructuras de Edificaci\u00f3n en la UPM y el M\u00e1ster en Estructuras de Madera de PEMADE en la USC. Pero, si soy sincera, lo m\u00e1s importante ha sido todo lo que he aprendido por mi cuenta. Siempre he sido muy curiosa y creo que investigar y no dejar de aprender es lo que realmente ha marcado la diferencia.<\/p>\n<p style=\"text-align: justify;\">Sin duda, estudiar arquitectura ha sido fundamental para llegar hasta aqu\u00ed. No s\u00f3lo por lo que aprendes en las asignaturas o la capacitaci\u00f3n oficial que me permite firmar proyectos de edificaci\u00f3n. La formaci\u00f3n universitaria me ha ense\u00f1ado a pensar de forma creativa, a resolver problemas y a moverme con soltura en un entorno complejo. Aun as\u00ed, creo que lo que m\u00e1s me ha ayudado en mi vida ha sido ser proactiva. Nunca me he quedado esperando a que alguien me diera las respuestas, he salido a buscarlas. Creo que combinar la base acad\u00e9mica con mis ganas de seguir aprendiendo es lo que ha dado forma a Cambium tal como es hoy.<\/p>\n<figure id=\"attachment_101573\" aria-describedby=\"caption-attachment-101573\" style=\"width: 1400px\" class=\"wp-caption alignnone\"><img loading=\"lazy\" decoding=\"async\" class=\"wp-image-101573 size-full\" title=\"Mar\u00eda S\u00e1nchez Ont\u00edn Cambium Estudio 2\" src=\"https:\/\/veredes.es\/blog\/wp-content\/uploads\/2025\/03\/Maria-Sanchez-Ontin-Cambium-Estudio-2.jpg\" alt=\"Mar\u00eda S\u00e1nchez Ont\u00edn Cambium Estudio 2\" width=\"1400\" height=\"1400\" srcset=\"https:\/\/veredes.es\/blog\/wp-content\/uploads\/2025\/03\/Maria-Sanchez-Ontin-Cambium-Estudio-2.jpg 1400w, https:\/\/veredes.es\/blog\/wp-content\/uploads\/2025\/03\/Maria-Sanchez-Ontin-Cambium-Estudio-2-300x300.jpg 300w, https:\/\/veredes.es\/blog\/wp-content\/uploads\/2025\/03\/Maria-Sanchez-Ontin-Cambium-Estudio-2-1024x1024.jpg 1024w, https:\/\/veredes.es\/blog\/wp-content\/uploads\/2025\/03\/Maria-Sanchez-Ontin-Cambium-Estudio-2-120x120.jpg 120w, https:\/\/veredes.es\/blog\/wp-content\/uploads\/2025\/03\/Maria-Sanchez-Ontin-Cambium-Estudio-2-420x420.jpg 420w, https:\/\/veredes.es\/blog\/wp-content\/uploads\/2025\/03\/Maria-Sanchez-Ontin-Cambium-Estudio-2-696x696.jpg 696w, https:\/\/veredes.es\/blog\/wp-content\/uploads\/2025\/03\/Maria-Sanchez-Ontin-Cambium-Estudio-2-1068x1068.jpg 1068w\" sizes=\"auto, (max-width: 1400px) 100vw, 1400px\" \/><figcaption id=\"caption-attachment-101573\" class=\"wp-caption-text\"><span style=\"color: #999999;\">Mar\u00eda S\u00e1nchez Ont\u00edn | Cambium Estudio<\/span><\/figcaption><\/figure>\n<h5 style=\"text-align: justify;\"><strong>\u00bfC\u00f3mo es el d\u00eda a d\u00eda en Cambium Estudio?<\/strong><\/h5>\n<p style=\"text-align: justify;\">Cada d\u00eda en el estudio es diferente. Ahora mismo tenemos varias obras en marcha as\u00ed que, si no estoy en visita de obra, la prioridad es resolver las dudas r\u00e1pidamente para que todo avance sin contratiempos y nadie quede parado. Adem\u00e1s del dise\u00f1o de varios proyectos sostenibles en madera, estoy trabajando en nuevos proyectos formativos que ver\u00e1n la luz en 2025, algo que me hace much\u00edsima ilusi\u00f3n. Por las tardes, sigo con mi faceta de profesora, impartiendo clases en directo en un curso que lleva m\u00e1s de 11 ediciones.<\/p>\n<p style=\"text-align: justify;\">Como buena emprendedora, tambi\u00e9n toca ponerme el sombrero de gestora. Al ser un estudio peque\u00f1o, no todo es dise\u00f1ar: hay mucho de log\u00edstica, facturaci\u00f3n, presupuestos, responder correos y estar presente en redes sociales. Es la parte menos visible, pero clave para que todo funcione y Cambium siga en marcha.<\/p>\n<h5 style=\"text-align: justify;\"><strong>\u00bfQu\u00e9 tipo de proyectos te encuentras en Cambium Estudio?<\/strong><\/h5>\n<p style=\"text-align: justify;\">Sobre la parte de proyectos, todos ellos son dise\u00f1ados totalmente a medida porque no me convencen las soluciones est\u00e1ndar, especialmente en viviendas unifamiliares que son la mayor parte de nuestro trabajo. Me parece fundamental saber c\u00f3mo viven nuestros clientes para dise\u00f1ar un hogar que se ajuste a su estilo de vida. Por eso, al conocernos, les realizo yo misma una entrevista muy exhaustiva para entender sus necesidades y asegurar que el dise\u00f1o se adapta bien a ellos. Cada casa es distinta para encajar con sus due\u00f1os y con el entorno donde se encuentra, pero todas tienen en com\u00fan que las dise\u00f1amos de forma que sean eficientes en el uso de recursos y materiales, que procuramos que sean respetuosos con el medio ambiente.<\/p>\n<p style=\"text-align: justify;\">Adem\u00e1s de viviendas, hemos dise\u00f1ado edificios p\u00fablicos, hoteles y alojamientos en la naturaleza, donde la conexi\u00f3n con el paisaje y el respeto por \u00e9l es clave. Este tipo de proyectos me apasionan porque la naturaleza se convierte en un elemento esencial del dise\u00f1o, integr\u00e1ndose en la arquitectura.<\/p>\n<h5 style=\"text-align: justify;\"><strong>\u00bfC\u00f3mo el servicio de asesoramiento y formaci\u00f3n que ofreces en Cambium Estudio?<\/strong><\/h5>\n<p style=\"text-align: justify;\">Es totalmente a medida. En el servicio de asesoramiento escuchamos al cliente y nos ponemos en su piel para ayudarle de la mejor forma posible a abordar un proyecto en madera.<\/p>\n<p style=\"text-align: justify;\">En cuanto a la formaci\u00f3n, hay varias opciones. Tenemos un curso sobre construcci\u00f3n con madera creado para Zigurat que lleva m\u00e1s de 11 ediciones. Este tiene una estructura m\u00e1s cerrada porque est\u00e1 adaptado a los programas de posgrado de Zigurat.<\/p>\n<blockquote>\n<p style=\"text-align: justify;\"><em>Cuando trabajamos con colegios profesionales de arquitectos o aparejadores, adaptamos los contenidos al tipo de formaci\u00f3n que nos piden. A veces son cursos m\u00e1s largos, otras veces son conferencias\u2026 Somos muy flexibles para que el contenido sea \u00fatil y llegue bien al p\u00fablico. La verdad es que los participantes suelen quedar muy contentos y es habitual que despu\u00e9s nos contacten para trabajar juntos en proyectos concretos.<\/em><\/p>\n<\/blockquote>\n<p style=\"text-align: justify;\">El punto fuerte de nuestras formaciones es que siempre tratamos de reflejar nuestra experiencia en el estudio y en obra. No es una formaci\u00f3n te\u00f3rica al uso, sino que tratamos de darle siempre un enfoque pr\u00e1ctico y ameno. Creo que es justo eso lo que hace que nuestras formaciones tengan tan buena acogida y sirva lo que contamos.<\/p>\n<h5 style=\"text-align: justify;\"><strong>\u00bfQu\u00e9 referencias manejas a la hora de preparar las tutorias maneja Mar\u00eda \/y su equipo) en Cambium Estudio a la hora de enfocar y realizar sus diferentes proyectos?<\/strong><\/h5>\n<p style=\"text-align: justify;\">Aunque cada proyecto es \u00fanico, hay varias referencias a las que me gusta acudir cuando busco inspiraci\u00f3n para un proyecto. De la arquitectura noruega me atrae c\u00f3mo se integra con el paisaje y el respeto profundo por el entorno natural con el que se aborda el proyecto. Tambi\u00e9n me gusta la <a href=\"https:\/\/veredes.es\/blog\/tag\/arquitectura-japonesa\/\" target=\"_blank\" rel=\"noopener\">arquitectura japonesa<\/a> contempor\u00e1nea de vivienda, que reinterpreta las soluciones que funcionan de la arquitectura tradicional con un lenguaje sencillo pero muy acertado para la vida actual. Y, por \u00faltimo, me parece muy inspiradora la manera en la que trabajan la madera arquitectos centroeuropeos como Bernardo Bader. Aunque sus proyectos tienen formas sencillas, los detalles constructivos son muy sofisticados y est\u00e1n muy cuidados.<\/p>\n<p style=\"text-align: justify;\">Por \u00faltimo, en los viajes siempre me fijo en los ejemplos de la arquitectura tradicional en madera. Sin ir muy lejos hay infinidad de ejemplos que muestran soluciones sencillas pero muy eficaces que se pueden replicar en la arquitectura contempor\u00e1nea sin perder un estilo actual, que es lo que la mayor\u00eda de nuestros clientes busca.<\/p>\n<figure id=\"attachment_101574\" aria-describedby=\"caption-attachment-101574\" style=\"width: 1400px\" class=\"wp-caption alignnone\"><img loading=\"lazy\" decoding=\"async\" class=\"wp-image-101574 size-full\" title=\"Mar\u00eda S\u00e1nchez Ont\u00edn Cambium Estudio 3\" src=\"https:\/\/veredes.es\/blog\/wp-content\/uploads\/2025\/03\/Maria-Sanchez-Ontin-Cambium-Estudio-3.jpg\" alt=\"Mar\u00eda S\u00e1nchez Ont\u00edn Cambium Estudio 3\" width=\"1400\" height=\"1400\" srcset=\"https:\/\/veredes.es\/blog\/wp-content\/uploads\/2025\/03\/Maria-Sanchez-Ontin-Cambium-Estudio-3.jpg 1400w, https:\/\/veredes.es\/blog\/wp-content\/uploads\/2025\/03\/Maria-Sanchez-Ontin-Cambium-Estudio-3-300x300.jpg 300w, https:\/\/veredes.es\/blog\/wp-content\/uploads\/2025\/03\/Maria-Sanchez-Ontin-Cambium-Estudio-3-1024x1024.jpg 1024w, https:\/\/veredes.es\/blog\/wp-content\/uploads\/2025\/03\/Maria-Sanchez-Ontin-Cambium-Estudio-3-120x120.jpg 120w, https:\/\/veredes.es\/blog\/wp-content\/uploads\/2025\/03\/Maria-Sanchez-Ontin-Cambium-Estudio-3-420x420.jpg 420w, https:\/\/veredes.es\/blog\/wp-content\/uploads\/2025\/03\/Maria-Sanchez-Ontin-Cambium-Estudio-3-696x696.jpg 696w, https:\/\/veredes.es\/blog\/wp-content\/uploads\/2025\/03\/Maria-Sanchez-Ontin-Cambium-Estudio-3-1068x1068.jpg 1068w\" sizes=\"auto, (max-width: 1400px) 100vw, 1400px\" \/><figcaption id=\"caption-attachment-101574\" class=\"wp-caption-text\"><span style=\"color: #999999;\">Mar\u00eda S\u00e1nchez Ont\u00edn | Cambium Estudio<\/span><\/figcaption><\/figure>\n<h5 style=\"text-align: justify;\"><strong>\u00bfA qu\u00e9 segmento de p\u00fablico\/cliente te diriges?<\/strong><\/h5>\n<p style=\"text-align: justify;\">En proyectos de arquitectura mi cliente ideal es una persona informada, con sensibilidad hacia el medio ambiente, que busca construir de manera m\u00e1s respetuosa con los recursos. Probablemente ya conoce la madera y busca soluciones a medida, de buena calidad ya que las opciones est\u00e1ndar no le convencen.<\/p>\n<p style=\"text-align: justify;\">En formaci\u00f3n, los participantes suelen ser arquitectos u otros profesionales del sector de la construcci\u00f3n que empiezan a trabajar con madera, bien por inter\u00e9s personal o porque sus clientes les piden madera en sus proyectos. Sin embargo, no se sienten c\u00f3modos trabajando con \u00e9l por falta de conocimientos.<\/p>\n<blockquote>\n<p style=\"text-align: justify;\">En asesoramiento, el p\u00fablico es m\u00e1s variado. Pueden ser particulares que est\u00e1n construyendo o rehabilitando un edificio y tienen dudas sobre c\u00f3mo trabajar la madera. O empresas del sector que necesitan colaboraci\u00f3n con profesionales externos para el desarrollo de proyectos, presentar nuevos productos o formar a sus clientes en temas espec\u00edficos sobre construcci\u00f3n con madera.<\/p>\n<\/blockquote>\n<h5 style=\"text-align: justify;\"><strong>\u00bfC\u00f3mo es el proceso de captaci\u00f3n de clientes en Cambium Estudio?<\/strong><\/h5>\n<p style=\"text-align: justify;\">Para m\u00ed, el blog ha sido clave. Es lo que algunos llamar\u00edan \u201c<em>marketing de contenidos<\/em>\u201d. Es sencillo: yo comparto lo que s\u00e9 sobre la construcci\u00f3n con madera y de esa forma conecto con personas que buscan este tipo de proyectos.<\/p>\n<p style=\"text-align: justify;\">Con el tiempo, el \u201cboca a boca\u201d tambi\u00e9n ha sido muy importante, al igual que las recomendaciones de empresas del sector y las redes sociales, que me han ayudado a conectar con personas interesadas en la arquitectura sostenible y que necesitan ayuda para hacer realidad sus ideas.<\/p>\n<p style=\"text-align: justify;\"><strong>\u00bfEstableces sinergias con otros campos?\u00a0<\/strong><\/p>\n<p style=\"text-align: justify;\">Para el desarrollo de proyectos tengo claro que no puedo ser experta en todo, por eso me rodeo de los mejores que me complementan. Tengo la suerte de contar con un equipo fant\u00e1stico que comparte mi visi\u00f3n y forma de trabajar: Escuadr\u00eda para estructuras, Inous para instalaciones y los aparejadores de Alce en obra. Trabajo muy c\u00f3moda sabiendo que estamos haciendo las cosas bien y eso nuestros clientes lo valoran.<\/p>\n<p style=\"text-align: justify;\">En cuanto a dise\u00f1o, difusi\u00f3n, comunicaci\u00f3n y modelo de negocio, soy un poco \u201cJuan Palomo\u201d y tambi\u00e9n disfruto mucho de esa parte. Aunque no soy experta en todo, me he formado de manera autodidacta y he aprendido a hacerlo a mi manera y, hasta ahora me va bien as\u00ed. Lo que m\u00e1s me importa es ser capaz de transmitir lo que hago de forma clara y orientada al cliente y trato de evitar el lenguaje t\u00e9cnico dirigido a otros colegas arquitectos.<\/p>\n<h5 style=\"text-align: justify;\"><strong>\u00bfC\u00f3mo y para qu\u00e9 utilizas las \u201cnuevas tecnolog\u00edas\u201d? \u00bfLa \u201cred\u201d ha facilitado tu labor? \u00bfEn qu\u00e9 sentido?<\/strong><\/h5>\n<p style=\"text-align: justify;\">Las nuevas tecnolog\u00edas han sido clave para que Cambium exista. Gracias al blog pude dar a conocer mi trabajo desde el principio. Las reuniones virtuales con clientes y colaboradores nos permiten agilizar el d\u00eda a d\u00eda y comunicarnos a pesar de la distancia.<\/p>\n<p style=\"text-align: justify;\">Ahora mismo estoy dirigiendo una obra en Madrid, cuyo proyecto desarrollamos de forma virtual, algo que no habr\u00eda podido ser sin estas herramientas. Tambi\u00e9n utilizamos el formato digital para la formaci\u00f3n y eso nos ha permitido llegar a m\u00e1s personas, incluso a profesionales al otro lado del mundo. En resumen, Cambium no habr\u00eda existido sin las \u201cnuevas tecnolog\u00edas\u201d.<\/p>\n<figure id=\"attachment_101575\" aria-describedby=\"caption-attachment-101575\" style=\"width: 750px\" class=\"wp-caption alignnone\"><img loading=\"lazy\" decoding=\"async\" class=\"wp-image-101575\" src=\"https:\/\/veredes.es\/blog\/wp-content\/uploads\/2025\/03\/Maria-Sanchez-Ontin-Cambium-Estudio-4.jpg\" alt=\"\" width=\"750\" height=\"500\" srcset=\"https:\/\/veredes.es\/blog\/wp-content\/uploads\/2025\/03\/Maria-Sanchez-Ontin-Cambium-Estudio-4.jpg 600w, https:\/\/veredes.es\/blog\/wp-content\/uploads\/2025\/03\/Maria-Sanchez-Ontin-Cambium-Estudio-4-300x200.jpg 300w\" sizes=\"auto, (max-width: 750px) 100vw, 750px\" \/><figcaption id=\"caption-attachment-101575\" class=\"wp-caption-text\"><span style=\"color: #999999;\">Mar\u00eda S\u00e1nchez Ont\u00edn | Cambium Estudio<\/span><\/figcaption><\/figure>\n<h5 style=\"text-align: justify;\"><strong>\u00bfCompaginas o complementas esta actividad con otras labores o en otros campos?<\/strong><\/h5>\n<p style=\"text-align: justify;\">No. Mi trabajo es Cambium a tiempo completo.<\/p>\n<h5 style=\"text-align: justify;\"><strong>La arquitectura, tiene abiertos muchos frentes de batalla (LSP, Bolonia, paro, precariedad laboral, COAs, ETSAs, emigraci\u00f3n, comunicaci\u00f3n, etc), \u00bfno ser\u00e1n demasiados para la polarizaci\u00f3n existente dentro de la misma?<\/strong><\/h5>\n<p style=\"text-align: justify;\">La arquitectura tiene muchos frentes abiertos, pero es importante enfrentarlos para mejorar nuestra vida diaria. No vale de nada mirar hacia un lado y seguir como hasta ahora. Para eso creo que debemos centrar el discurso en lo realmente clave: mejorar la calidad de vida de los profesionales y la calidad del trabajo que realizamos. Es ah\u00ed donde debemos poner el foco: luchar por un trabajo que nos permita tener una vida mejor, m\u00e1s respetuoso con nosotros como personas, con el entorno y que nos permita conseguir un buen equilibrio entre trabajo y vida personal.<\/p>\n<p style=\"text-align: justify;\">Los colegios profesionales tienen mucho que hacer para restituir el buen hacer de los arquitectos como pieza importante en la sociedad, ya que la percepci\u00f3n que se tiene de nosotros suele ser la de \u201cestrellitas egoc\u00e9ntricas\u201d alejadas de las preocupaciones del d\u00eda a d\u00eda del com\u00fan de los mortales. Y muchos de nosotros no somos as\u00ed.<\/p>\n<h5 style=\"text-align: justify;\"><strong>\u00bfC\u00f3mo ves el futuro de la arquitectura? \u00bfY el de la profesi\u00f3n?<\/strong><\/h5>\n<p style=\"text-align: justify;\">Veo el futuro de la arquitectura lleno de oportunidades, especialmente en sostenibilidad e innovaci\u00f3n para lograr una vida m\u00e1s calmada. Tendremos que adaptarnos a nuevas formas de vivir y trabajar y, en ese camino, la arquitectura tiene un papel importante en la creaci\u00f3n de espacios m\u00e1s eficientes, saludables y respetuosos con el medio ambiente.<\/p>\n<p style=\"text-align: justify;\">En cuanto a la profesi\u00f3n, creo que estamos en un momento de cambio, pero si somos capaces de diferenciarnos, ser accesibles y adaptarnos a las demandas, poniendo el foco en el bienestar de las personas, seguiremos aportando valor a la sociedad.<\/p>\n<p style=\"text-align: justify;\"><strong>\u00bfQu\u00e9 mejoras crees que son fundamentales y que deber\u00edan ser puestas en marcha de forma inmediata?<\/strong><\/p>\n<p style=\"text-align: justify;\">En este momento de mi vida veo esencial promover un equilibrio real entre la vida personal y profesional, no s\u00f3lo de los arquitectos sino del resto de profesiones, para que el d\u00eda a d\u00eda de todos sea m\u00e1s saludable y atractivo.<\/p>\n<p style=\"text-align: justify;\">Por \u00faltimo, creo que deber\u00eda haber un esfuerzo mayor por parte de las instituciones para dar m\u00e1s visibilidad y apoyo a la arquitectura como herramienta clave para mejorar la calidad de vida de las personas y el entorno, fomentando la arquitectura eficiente y responsable con materiales naturales.<\/p>\n<figure id=\"attachment_101576\" aria-describedby=\"caption-attachment-101576\" style=\"width: 873px\" class=\"wp-caption alignnone\"><img loading=\"lazy\" decoding=\"async\" class=\"wp-image-101576 size-full\" src=\"https:\/\/veredes.es\/blog\/wp-content\/uploads\/2025\/03\/Maria-Sanchez-Ontin-Cambium-Estudio-5.jpg\" alt=\"\" width=\"873\" height=\"499\" srcset=\"https:\/\/veredes.es\/blog\/wp-content\/uploads\/2025\/03\/Maria-Sanchez-Ontin-Cambium-Estudio-5.jpg 873w, https:\/\/veredes.es\/blog\/wp-content\/uploads\/2025\/03\/Maria-Sanchez-Ontin-Cambium-Estudio-5-300x171.jpg 300w, https:\/\/veredes.es\/blog\/wp-content\/uploads\/2025\/03\/Maria-Sanchez-Ontin-Cambium-Estudio-5-735x420.jpg 735w, https:\/\/veredes.es\/blog\/wp-content\/uploads\/2025\/03\/Maria-Sanchez-Ontin-Cambium-Estudio-5-696x398.jpg 696w\" sizes=\"auto, (max-width: 873px) 100vw, 873px\" \/><figcaption id=\"caption-attachment-101576\" class=\"wp-caption-text\"><span style=\"color: #999999;\">Mar\u00eda S\u00e1nchez Ont\u00edn | Cambium Estudio<\/span><\/figcaption><\/figure>\n<h5 style=\"text-align: justify;\"><strong>Como \u201cemprendedora\u201d ya experimentada \u00bfqu\u00e9 opin\u00e1is de los arquitectos que \u201cabren y\/o recuperan\u201d nuevos campos y\/o enfoques de la profesi\u00f3n?\u00a0<\/strong><\/h5>\n<p style=\"text-align: justify;\">No todos los arquitectos est\u00e1n destinados a hacer grandes proyectos fastuosos como a veces nos ense\u00f1an en la escuela.<\/p>\n<blockquote>\n<p style=\"text-align: justify;\"><em>La arquitectura tambi\u00e9n es crear hogares, ciudades funcionales y espacios de descanso en la naturaleza. <\/em><\/p>\n<\/blockquote>\n<p style=\"text-align: justify;\">Mi consejo, si sirve a alguien, es que sigan lo que realmente les apasiona y se arriesguen a explorar nuevos enfoques, porque al final, lo importante es ganarse la vida aportando algo aut\u00e9ntico y \u00fatil a la sociedad.<\/p>\n<h5 style=\"text-align: justify;\"><strong>\u00bfEst\u00e1s contenta con la trayectoria realizada hasta ahora? \u00bfQu\u00e9 proyectos de futuro te esperan tanto personalmente como en Cambium Estudio?<\/strong><\/h5>\n<p style=\"text-align: justify;\">Me siento muy feliz al mirar atr\u00e1s y ver todo lo que hemos logrado hasta ahora. En el futuro me encantar\u00eda seguir ayudando a m\u00e1s familias a vivir en hogares sostenibles y trabajar en proyectos de rehabilitaci\u00f3n en mi entorno m\u00e1s cercano.<\/p>\n<p style=\"text-align: justify;\">Adem\u00e1s, tengo muchas ganas de seguir explorando el turismo sostenible, especialmente en proyectos de alojamientos tur\u00edsticos o en instalaciones de turismo deportivo en la naturaleza, un \u00e1rea que me apasiona y considero clave en los tiempos que corren, sobre todo ahora que viajar est\u00e1 al alcance de todos y los destinos naturales se exponen cada vez m\u00e1s en las redes sociales.<\/p>\n<h5 style=\"text-align: justify;\"><strong>Para acabar, \u00bfqu\u00e9 le aconsejar\u00edas a los actuales estudiantes y futuros profesionales de arquitectura?<\/strong><\/h5>\n<p style=\"text-align: justify;\">Es una pregunta dif\u00edcil pero mi consejo ser\u00eda que tengan una mente abierta y cr\u00edtica, que no tengan miedo de hacer las cosas a su manera si realmente lo creen. Que pongan el foco en la sostenibilidad porque pienso que va a ser un tema clave en la arquitectura del futuro. Que sigan su propio camino, que no se conformen con lo t\u00edpico, pero, sobre todo, que valoren tanto su profesi\u00f3n de arquitecto como su vida personal. Es importante defender el valor de nuestro trabajo, no aceptar contratos que deval\u00faen la profesi\u00f3n y buscar condiciones que nos respeten a todos. Si todos lo hici\u00e9ramos tendr\u00edamos una profesi\u00f3n m\u00e1s fuerte y respetada, y vivir\u00edamos de una manera m\u00e1s plena.<\/p>\n<blockquote>\n<p style=\"text-align: justify;\"><em> El objetivo es tener una vida mejor, \u00bfno?<\/em><\/p>\n<\/blockquote>\n<figure id=\"attachment_101577\" aria-describedby=\"caption-attachment-101577\" style=\"width: 1400px\" class=\"wp-caption alignnone\"><img loading=\"lazy\" decoding=\"async\" class=\"wp-image-101577 size-full\" src=\"https:\/\/veredes.es\/blog\/wp-content\/uploads\/2025\/03\/Maria-Sanchez-Ontin-Cambium-Estudio-6.jpg\" alt=\"\" width=\"1400\" height=\"733\" srcset=\"https:\/\/veredes.es\/blog\/wp-content\/uploads\/2025\/03\/Maria-Sanchez-Ontin-Cambium-Estudio-6.jpg 1400w, https:\/\/veredes.es\/blog\/wp-content\/uploads\/2025\/03\/Maria-Sanchez-Ontin-Cambium-Estudio-6-300x157.jpg 300w, https:\/\/veredes.es\/blog\/wp-content\/uploads\/2025\/03\/Maria-Sanchez-Ontin-Cambium-Estudio-6-1024x536.jpg 1024w, https:\/\/veredes.es\/blog\/wp-content\/uploads\/2025\/03\/Maria-Sanchez-Ontin-Cambium-Estudio-6-802x420.jpg 802w, https:\/\/veredes.es\/blog\/wp-content\/uploads\/2025\/03\/Maria-Sanchez-Ontin-Cambium-Estudio-6-696x364.jpg 696w, https:\/\/veredes.es\/blog\/wp-content\/uploads\/2025\/03\/Maria-Sanchez-Ontin-Cambium-Estudio-6-1068x559.jpg 1068w\" sizes=\"auto, (max-width: 1400px) 100vw, 1400px\" \/><figcaption id=\"caption-attachment-101577\" class=\"wp-caption-text\"><span class=\"yoast-text-mark\">e=\u00bbcolor: #999999;\u00bb&gt;Mar\u00eda S\u00e1nchez Ont\u00edn | Cambium Estudio<\/span><\/figcaption><\/figure>\n<p style=\"text-align: justify;\"><span style=\"color: #999999;\">Entrevista realizada por Ana Barreiro Blanco y Alberto Alonso Oro. Agradecer a Mar\u00eda su tiempo y predisposici\u00f3n con este peque\u00f1o espacio.<\/span><\/p>\n","protected":false},"excerpt":{"rendered":"<p>Arquitectura sostenible en madera La arquitectura contempor\u00e1nea est\u00e1 evolucionando hacia modelos constructivos m\u00e1s sostenibles y respetuosos con el entorno. En este contexto, el trabajo de Mar\u00eda S\u00e1nchez Ont\u00edn destaca por su enfoque innovador en la construcci\u00f3n con madera, combinando eficiencia energ\u00e9tica, dise\u00f1o responsable y un profundo respeto por el medio ambiente. Arquitecta por la ETSAM [&hellip;]<\/p>\n","protected":false},"author":15,"featured_media":101572,"comment_status":"open","ping_status":"closed","sticky":false,"template":"","format":"standard","meta":{"footnotes":""},"categories":[9430,5951],"tags":[12273,12275,2539,812,3657,2556,17918,12477,17917,17915,7166,17681,11769,2397,484,17916,10109,17914,4798,977,1103],"class_list":{"0":"post-101567","1":"post","2":"type-post","3":"status-publish","4":"format-standard","5":"has-post-thumbnail","7":"category-baliza","8":"category-slider-principal","9":"tag-alberto-alonso-oro","10":"tag-ana-barreiro-blanco","11":"tag-arquitectura-del-paisaje","12":"tag-arquitectura-en-madera","13":"tag-arquitectura-japonesa","14":"tag-arquitectura-sostenible","15":"tag-asesoramiento","16":"tag-baliza","17":"tag-bernardo-bader","18":"tag-cambium-estudio","20":"tag-diseno-espanol","21":"tag-diseno-gallego","22":"tag-diseno-sostenible","23":"tag-entrevista","24":"tag-escuadria","25":"tag-herramienta","26":"tag-maria-sanchez-ontin","27":"tag-modelo-profesional","28":"tag-paisaje","29":"tag-profesion"},"yoast_head":"<!-- This site is optimized with the Yoast SEO plugin v27.5 - https:\/\/yoast.com\/product\/yoast-seo-wordpress\/ -->\n<title>Mar\u00eda S\u00e1nchez Ont\u00edn | Cambium Estudio - veredes<\/title>\n<meta name=\"description\" content=\"Toda la informaci\u00f3n sobre: Mar\u00eda S\u00e1nchez Ont\u00edn | Cambium Estudio Arquitectura sostenible en madera\" \/>\n<meta name=\"robots\" content=\"index, follow, max-snippet:-1, max-image-preview:large, max-video-preview:-1\" \/>\n<link rel=\"canonical\" href=\"https:\/\/veredes.es\/blog\/maria-sanchez-ontin-cambium-estudio\/\" \/>\n<meta property=\"og:locale\" content=\"es_ES\" \/>\n<meta property=\"og:type\" content=\"article\" \/>\n<meta property=\"og:title\" content=\"Mar\u00eda S\u00e1nchez Ont\u00edn | Cambium Estudio - veredes\" \/>\n<meta property=\"og:description\" content=\"Toda la informaci\u00f3n sobre: Mar\u00eda S\u00e1nchez Ont\u00edn | Cambium Estudio Arquitectura sostenible en madera\" \/>\n<meta property=\"og:url\" content=\"https:\/\/veredes.es\/blog\/maria-sanchez-ontin-cambium-estudio\/\" \/>\n<meta property=\"og:site_name\" content=\"veredes, arquitectura y divulgaci\u00f3n\" \/>\n<meta property=\"article:publisher\" content=\"https:\/\/www.facebook.com\/veredesArquitecturayDivulgacion\/\" \/>\n<meta property=\"article:author\" content=\"https:\/\/www.facebook.com\/alberto.alonso.oro\/\" \/>\n<meta property=\"article:published_time\" content=\"2025-03-30T22:01:14+00:00\" \/>\n<meta property=\"og:image\" content=\"https:\/\/veredes.es\/blog\/wp-content\/uploads\/2025\/03\/Maria-Sanchez-Ontin-Cambium-Estudio-1.jpg\" \/>\n\t<meta property=\"og:image:width\" content=\"1400\" \/>\n\t<meta property=\"og:image:height\" content=\"930\" \/>\n\t<meta property=\"og:image:type\" content=\"image\/jpeg\" \/>\n<meta name=\"author\" content=\"Alberto Alonso Oro\" \/>\n<meta name=\"twitter:card\" content=\"summary_large_image\" \/>\n<meta name=\"twitter:creator\" content=\"@https:\/\/twitter.com\/AAlonsoOro\" \/>\n<meta name=\"twitter:site\" content=\"@veredes\" \/>\n<meta name=\"twitter:label1\" content=\"Escrito por\" \/>\n\t<meta name=\"twitter:data1\" content=\"Alberto Alonso Oro\" \/>\n\t<meta name=\"twitter:label2\" content=\"Tiempo de lectura\" \/>\n\t<meta name=\"twitter:data2\" content=\"18 minutos\" \/>\n<script type=\"application\/ld+json\" class=\"yoast-schema-graph\">{\"@context\":\"https:\\\/\\\/schema.org\",\"@graph\":[{\"@type\":\"Article\",\"@id\":\"https:\\\/\\\/veredes.es\\\/blog\\\/maria-sanchez-ontin-cambium-estudio\\\/#article\",\"isPartOf\":{\"@id\":\"https:\\\/\\\/veredes.es\\\/blog\\\/maria-sanchez-ontin-cambium-estudio\\\/\"},\"author\":{\"name\":\"Alberto Alonso Oro\",\"@id\":\"https:\\\/\\\/veredes.es\\\/blog\\\/#\\\/schema\\\/person\\\/d49f4c26e4f97c2c0b443ea745a1d48a\"},\"headline\":\"Mar\u00eda S\u00e1nchez Ont\u00edn | Cambium Estudio\",\"datePublished\":\"2025-03-30T22:01:14+00:00\",\"mainEntityOfPage\":{\"@id\":\"https:\\\/\\\/veredes.es\\\/blog\\\/maria-sanchez-ontin-cambium-estudio\\\/\"},\"wordCount\":4088,\"commentCount\":0,\"publisher\":{\"@id\":\"https:\\\/\\\/veredes.es\\\/blog\\\/#organization\"},\"image\":{\"@id\":\"https:\\\/\\\/veredes.es\\\/blog\\\/maria-sanchez-ontin-cambium-estudio\\\/#primaryimage\"},\"thumbnailUrl\":\"https:\\\/\\\/veredes.es\\\/blog\\\/wp-content\\\/uploads\\\/2025\\\/03\\\/Maria-Sanchez-Ontin-Cambium-Estudio-1.jpg\",\"keywords\":[\"Alberto Alonso Oro\",\"Ana Barreiro Blanco\",\"arquitectura del paisaje\",\"arquitectura en madera\",\"arquitectura japonesa\",\"arquitectura sostenible\",\"asesoramiento\",\"baliza\",\"Bernardo Bader\",\"Cambium Estudio\",\"comunicar\",\"dise\u00f1o espa\u00f1ol\",\"dise\u00f1o gallego\",\"dise\u00f1o sostenible\",\"entrevista\",\"Escuadr\u00eda\",\"herramienta\",\"Mar\u00eda S\u00e1nchez Ont\u00edn\",\"modelo profesional\",\"paisaje\",\"profesi\u00f3n\"],\"articleSection\":[\"baliza\",\"slider principal\"],\"inLanguage\":\"es\",\"potentialAction\":[{\"@type\":\"CommentAction\",\"name\":\"Comment\",\"target\":[\"https:\\\/\\\/veredes.es\\\/blog\\\/maria-sanchez-ontin-cambium-estudio\\\/#respond\"]}]},{\"@type\":\"WebPage\",\"@id\":\"https:\\\/\\\/veredes.es\\\/blog\\\/maria-sanchez-ontin-cambium-estudio\\\/\",\"url\":\"https:\\\/\\\/veredes.es\\\/blog\\\/maria-sanchez-ontin-cambium-estudio\\\/\",\"name\":\"Mar\u00eda S\u00e1nchez Ont\u00edn | Cambium Estudio - veredes\",\"isPartOf\":{\"@id\":\"https:\\\/\\\/veredes.es\\\/blog\\\/#website\"},\"primaryImageOfPage\":{\"@id\":\"https:\\\/\\\/veredes.es\\\/blog\\\/maria-sanchez-ontin-cambium-estudio\\\/#primaryimage\"},\"image\":{\"@id\":\"https:\\\/\\\/veredes.es\\\/blog\\\/maria-sanchez-ontin-cambium-estudio\\\/#primaryimage\"},\"thumbnailUrl\":\"https:\\\/\\\/veredes.es\\\/blog\\\/wp-content\\\/uploads\\\/2025\\\/03\\\/Maria-Sanchez-Ontin-Cambium-Estudio-1.jpg\",\"datePublished\":\"2025-03-30T22:01:14+00:00\",\"description\":\"Toda la informaci\u00f3n sobre: Mar\u00eda S\u00e1nchez Ont\u00edn | Cambium Estudio Arquitectura sostenible en madera\",\"breadcrumb\":{\"@id\":\"https:\\\/\\\/veredes.es\\\/blog\\\/maria-sanchez-ontin-cambium-estudio\\\/#breadcrumb\"},\"inLanguage\":\"es\",\"potentialAction\":[{\"@type\":\"ReadAction\",\"target\":[\"https:\\\/\\\/veredes.es\\\/blog\\\/maria-sanchez-ontin-cambium-estudio\\\/\"]}]},{\"@type\":\"ImageObject\",\"inLanguage\":\"es\",\"@id\":\"https:\\\/\\\/veredes.es\\\/blog\\\/maria-sanchez-ontin-cambium-estudio\\\/#primaryimage\",\"url\":\"https:\\\/\\\/veredes.es\\\/blog\\\/wp-content\\\/uploads\\\/2025\\\/03\\\/Maria-Sanchez-Ontin-Cambium-Estudio-1.jpg\",\"contentUrl\":\"https:\\\/\\\/veredes.es\\\/blog\\\/wp-content\\\/uploads\\\/2025\\\/03\\\/Maria-Sanchez-Ontin-Cambium-Estudio-1.jpg\",\"width\":1400,\"height\":930,\"caption\":\"Mar\u00eda S\u00e1nchez Ont\u00edn | Cambium Estudio\"},{\"@type\":\"BreadcrumbList\",\"@id\":\"https:\\\/\\\/veredes.es\\\/blog\\\/maria-sanchez-ontin-cambium-estudio\\\/#breadcrumb\",\"itemListElement\":[{\"@type\":\"ListItem\",\"position\":1,\"name\":\"Portada\",\"item\":\"https:\\\/\\\/veredes.es\\\/blog\\\/\"},{\"@type\":\"ListItem\",\"position\":2,\"name\":\"Mar\u00eda S\u00e1nchez Ont\u00edn | Cambium Estudio\"}]},{\"@type\":\"WebSite\",\"@id\":\"https:\\\/\\\/veredes.es\\\/blog\\\/#website\",\"url\":\"https:\\\/\\\/veredes.es\\\/blog\\\/\",\"name\":\"veredes, arquitectura y divulgaci\u00f3n\",\"description\":\"veredes\",\"publisher\":{\"@id\":\"https:\\\/\\\/veredes.es\\\/blog\\\/#organization\"},\"alternateName\":\"veredes\",\"potentialAction\":[{\"@type\":\"SearchAction\",\"target\":{\"@type\":\"EntryPoint\",\"urlTemplate\":\"https:\\\/\\\/veredes.es\\\/blog\\\/?s={search_term_string}\"},\"query-input\":{\"@type\":\"PropertyValueSpecification\",\"valueRequired\":true,\"valueName\":\"search_term_string\"}}],\"inLanguage\":\"es\"},{\"@type\":\"Organization\",\"@id\":\"https:\\\/\\\/veredes.es\\\/blog\\\/#organization\",\"name\":\"veredes, arquitectura y divulgaci\u00f3n\",\"alternateName\":\"veredes\",\"url\":\"https:\\\/\\\/veredes.es\\\/blog\\\/\",\"logo\":{\"@type\":\"ImageObject\",\"inLanguage\":\"es\",\"@id\":\"https:\\\/\\\/veredes.es\\\/blog\\\/#\\\/schema\\\/logo\\\/image\\\/\",\"url\":\"https:\\\/\\\/veredes.es\\\/blog\\\/wp-content\\\/uploads\\\/2021\\\/12\\\/veredes-logo-centrado_140x54.png\",\"contentUrl\":\"https:\\\/\\\/veredes.es\\\/blog\\\/wp-content\\\/uploads\\\/2021\\\/12\\\/veredes-logo-centrado_140x54.png\",\"width\":140,\"height\":54,\"caption\":\"veredes, arquitectura y divulgaci\u00f3n\"},\"image\":{\"@id\":\"https:\\\/\\\/veredes.es\\\/blog\\\/#\\\/schema\\\/logo\\\/image\\\/\"},\"sameAs\":[\"https:\\\/\\\/www.facebook.com\\\/veredesArquitecturayDivulgacion\\\/\",\"https:\\\/\\\/x.com\\\/veredes\",\"https:\\\/\\\/instagram.com\\\/veredes\\\/\",\"https:\\\/\\\/www.linkedin.com\\\/company\\\/veredes-arquitectura-y-divulgacion\\\/\",\"https:\\\/\\\/es.pinterest.com\\\/veredes\\\/\",\"https:\\\/\\\/www.tumblr.com\\\/veredes\"]},{\"@type\":\"Person\",\"@id\":\"https:\\\/\\\/veredes.es\\\/blog\\\/#\\\/schema\\\/person\\\/d49f4c26e4f97c2c0b443ea745a1d48a\",\"name\":\"Alberto Alonso Oro\",\"image\":{\"@type\":\"ImageObject\",\"inLanguage\":\"es\",\"@id\":\"https:\\\/\\\/veredes.es\\\/blog\\\/wp-content\\\/uploads\\\/2018\\\/04\\\/aao02-96x96.jpg\",\"url\":\"https:\\\/\\\/veredes.es\\\/blog\\\/wp-content\\\/uploads\\\/2018\\\/04\\\/aao02-96x96.jpg\",\"contentUrl\":\"https:\\\/\\\/veredes.es\\\/blog\\\/wp-content\\\/uploads\\\/2018\\\/04\\\/aao02-96x96.jpg\",\"caption\":\"Alberto Alonso Oro\"},\"description\":\"Arquitecto y editor en veredes, arquitectura y divulgaci\u00f3n. A veces escribo en Fundacion Arquia y en Madera y Construcci\u00f3n. Doctorando en Universidad de Alcal\u00e1 de Henares. Invernalia es un buen lugar.\",\"sameAs\":[\"https:\\\/\\\/hbdos.wordpress.com\\\/\",\"https:\\\/\\\/www.facebook.com\\\/alberto.alonso.oro\\\/\",\"https:\\\/\\\/x.com\\\/https:\\\/\\\/twitter.com\\\/AAlonsoOro\"],\"url\":\"https:\\\/\\\/veredes.es\\\/blog\\\/author\\\/alberto-alonso-oro\\\/\"}]}<\/script>\n<!-- \/ Yoast SEO plugin. -->","yoast_head_json":{"title":"Mar\u00eda S\u00e1nchez Ont\u00edn | Cambium Estudio - veredes","description":"Toda la informaci\u00f3n sobre: Mar\u00eda S\u00e1nchez Ont\u00edn | Cambium Estudio Arquitectura sostenible en madera","robots":{"index":"index","follow":"follow","max-snippet":"max-snippet:-1","max-image-preview":"max-image-preview:large","max-video-preview":"max-video-preview:-1"},"canonical":"https:\/\/veredes.es\/blog\/maria-sanchez-ontin-cambium-estudio\/","og_locale":"es_ES","og_type":"article","og_title":"Mar\u00eda S\u00e1nchez Ont\u00edn | Cambium Estudio - veredes","og_description":"Toda la informaci\u00f3n sobre: Mar\u00eda S\u00e1nchez Ont\u00edn | Cambium Estudio Arquitectura sostenible en madera","og_url":"https:\/\/veredes.es\/blog\/maria-sanchez-ontin-cambium-estudio\/","og_site_name":"veredes, arquitectura y divulgaci\u00f3n","article_publisher":"https:\/\/www.facebook.com\/veredesArquitecturayDivulgacion\/","article_author":"https:\/\/www.facebook.com\/alberto.alonso.oro\/","article_published_time":"2025-03-30T22:01:14+00:00","og_image":[{"width":1400,"height":930,"url":"https:\/\/veredes.es\/blog\/wp-content\/uploads\/2025\/03\/Maria-Sanchez-Ontin-Cambium-Estudio-1.jpg","type":"image\/jpeg"}],"author":"Alberto Alonso Oro","twitter_card":"summary_large_image","twitter_creator":"@https:\/\/twitter.com\/AAlonsoOro","twitter_site":"@veredes","twitter_misc":{"Escrito por":"Alberto Alonso Oro","Tiempo de lectura":"18 minutos"},"schema":{"@context":"https:\/\/schema.org","@graph":[{"@type":"Article","@id":"https:\/\/veredes.es\/blog\/maria-sanchez-ontin-cambium-estudio\/#article","isPartOf":{"@id":"https:\/\/veredes.es\/blog\/maria-sanchez-ontin-cambium-estudio\/"},"author":{"name":"Alberto Alonso Oro","@id":"https:\/\/veredes.es\/blog\/#\/schema\/person\/d49f4c26e4f97c2c0b443ea745a1d48a"},"headline":"Mar\u00eda S\u00e1nchez Ont\u00edn | Cambium Estudio","datePublished":"2025-03-30T22:01:14+00:00","mainEntityOfPage":{"@id":"https:\/\/veredes.es\/blog\/maria-sanchez-ontin-cambium-estudio\/"},"wordCount":4088,"commentCount":0,"publisher":{"@id":"https:\/\/veredes.es\/blog\/#organization"},"image":{"@id":"https:\/\/veredes.es\/blog\/maria-sanchez-ontin-cambium-estudio\/#primaryimage"},"thumbnailUrl":"https:\/\/veredes.es\/blog\/wp-content\/uploads\/2025\/03\/Maria-Sanchez-Ontin-Cambium-Estudio-1.jpg","keywords":["Alberto Alonso Oro","Ana Barreiro Blanco","arquitectura del paisaje","arquitectura en madera","arquitectura japonesa","arquitectura sostenible","asesoramiento","baliza","Bernardo Bader","Cambium Estudio","comunicar","dise\u00f1o espa\u00f1ol","dise\u00f1o gallego","dise\u00f1o sostenible","entrevista","Escuadr\u00eda","herramienta","Mar\u00eda S\u00e1nchez Ont\u00edn","modelo profesional","paisaje","profesi\u00f3n"],"articleSection":["baliza","slider principal"],"inLanguage":"es","potentialAction":[{"@type":"CommentAction","name":"Comment","target":["https:\/\/veredes.es\/blog\/maria-sanchez-ontin-cambium-estudio\/#respond"]}]},{"@type":"WebPage","@id":"https:\/\/veredes.es\/blog\/maria-sanchez-ontin-cambium-estudio\/","url":"https:\/\/veredes.es\/blog\/maria-sanchez-ontin-cambium-estudio\/","name":"Mar\u00eda S\u00e1nchez Ont\u00edn | Cambium Estudio - veredes","isPartOf":{"@id":"https:\/\/veredes.es\/blog\/#website"},"primaryImageOfPage":{"@id":"https:\/\/veredes.es\/blog\/maria-sanchez-ontin-cambium-estudio\/#primaryimage"},"image":{"@id":"https:\/\/veredes.es\/blog\/maria-sanchez-ontin-cambium-estudio\/#primaryimage"},"thumbnailUrl":"https:\/\/veredes.es\/blog\/wp-content\/uploads\/2025\/03\/Maria-Sanchez-Ontin-Cambium-Estudio-1.jpg","datePublished":"2025-03-30T22:01:14+00:00","description":"Toda la informaci\u00f3n sobre: Mar\u00eda S\u00e1nchez Ont\u00edn | Cambium Estudio Arquitectura sostenible en madera","breadcrumb":{"@id":"https:\/\/veredes.es\/blog\/maria-sanchez-ontin-cambium-estudio\/#breadcrumb"},"inLanguage":"es","potentialAction":[{"@type":"ReadAction","target":["https:\/\/veredes.es\/blog\/maria-sanchez-ontin-cambium-estudio\/"]}]},{"@type":"ImageObject","inLanguage":"es","@id":"https:\/\/veredes.es\/blog\/maria-sanchez-ontin-cambium-estudio\/#primaryimage","url":"https:\/\/veredes.es\/blog\/wp-content\/uploads\/2025\/03\/Maria-Sanchez-Ontin-Cambium-Estudio-1.jpg","contentUrl":"https:\/\/veredes.es\/blog\/wp-content\/uploads\/2025\/03\/Maria-Sanchez-Ontin-Cambium-Estudio-1.jpg","width":1400,"height":930,"caption":"Mar\u00eda S\u00e1nchez Ont\u00edn | Cambium Estudio"},{"@type":"BreadcrumbList","@id":"https:\/\/veredes.es\/blog\/maria-sanchez-ontin-cambium-estudio\/#breadcrumb","itemListElement":[{"@type":"ListItem","position":1,"name":"Portada","item":"https:\/\/veredes.es\/blog\/"},{"@type":"ListItem","position":2,"name":"Mar\u00eda S\u00e1nchez Ont\u00edn | Cambium Estudio"}]},{"@type":"WebSite","@id":"https:\/\/veredes.es\/blog\/#website","url":"https:\/\/veredes.es\/blog\/","name":"veredes, arquitectura y divulgaci\u00f3n","description":"veredes","publisher":{"@id":"https:\/\/veredes.es\/blog\/#organization"},"alternateName":"veredes","potentialAction":[{"@type":"SearchAction","target":{"@type":"EntryPoint","urlTemplate":"https:\/\/veredes.es\/blog\/?s={search_term_string}"},"query-input":{"@type":"PropertyValueSpecification","valueRequired":true,"valueName":"search_term_string"}}],"inLanguage":"es"},{"@type":"Organization","@id":"https:\/\/veredes.es\/blog\/#organization","name":"veredes, arquitectura y divulgaci\u00f3n","alternateName":"veredes","url":"https:\/\/veredes.es\/blog\/","logo":{"@type":"ImageObject","inLanguage":"es","@id":"https:\/\/veredes.es\/blog\/#\/schema\/logo\/image\/","url":"https:\/\/veredes.es\/blog\/wp-content\/uploads\/2021\/12\/veredes-logo-centrado_140x54.png","contentUrl":"https:\/\/veredes.es\/blog\/wp-content\/uploads\/2021\/12\/veredes-logo-centrado_140x54.png","width":140,"height":54,"caption":"veredes, arquitectura y divulgaci\u00f3n"},"image":{"@id":"https:\/\/veredes.es\/blog\/#\/schema\/logo\/image\/"},"sameAs":["https:\/\/www.facebook.com\/veredesArquitecturayDivulgacion\/","https:\/\/x.com\/veredes","https:\/\/instagram.com\/veredes\/","https:\/\/www.linkedin.com\/company\/veredes-arquitectura-y-divulgacion\/","https:\/\/es.pinterest.com\/veredes\/","https:\/\/www.tumblr.com\/veredes"]},{"@type":"Person","@id":"https:\/\/veredes.es\/blog\/#\/schema\/person\/d49f4c26e4f97c2c0b443ea745a1d48a","name":"Alberto Alonso Oro","image":{"@type":"ImageObject","inLanguage":"es","@id":"https:\/\/veredes.es\/blog\/wp-content\/uploads\/2018\/04\/aao02-96x96.jpg","url":"https:\/\/veredes.es\/blog\/wp-content\/uploads\/2018\/04\/aao02-96x96.jpg","contentUrl":"https:\/\/veredes.es\/blog\/wp-content\/uploads\/2018\/04\/aao02-96x96.jpg","caption":"Alberto Alonso Oro"},"description":"Arquitecto y editor en veredes, arquitectura y divulgaci\u00f3n. A veces escribo en Fundacion Arquia y en Madera y Construcci\u00f3n. Doctorando en Universidad de Alcal\u00e1 de Henares. Invernalia es un buen lugar.","sameAs":["https:\/\/hbdos.wordpress.com\/","https:\/\/www.facebook.com\/alberto.alonso.oro\/","https:\/\/x.com\/https:\/\/twitter.com\/AAlonsoOro"],"url":"https:\/\/veredes.es\/blog\/author\/alberto-alonso-oro\/"}]}},"_links":{"self":[{"href":"https:\/\/veredes.es\/blog\/wp-json\/wp\/v2\/posts\/101567","targetHints":{"allow":["GET"]}}],"collection":[{"href":"https:\/\/veredes.es\/blog\/wp-json\/wp\/v2\/posts"}],"about":[{"href":"https:\/\/veredes.es\/blog\/wp-json\/wp\/v2\/types\/post"}],"author":[{"embeddable":true,"href":"https:\/\/veredes.es\/blog\/wp-json\/wp\/v2\/users\/15"}],"replies":[{"embeddable":true,"href":"https:\/\/veredes.es\/blog\/wp-json\/wp\/v2\/comments?post=101567"}],"version-history":[{"count":0,"href":"https:\/\/veredes.es\/blog\/wp-json\/wp\/v2\/posts\/101567\/revisions"}],"wp:featuredmedia":[{"embeddable":true,"href":"https:\/\/veredes.es\/blog\/wp-json\/wp\/v2\/media\/101572"}],"wp:attachment":[{"href":"https:\/\/veredes.es\/blog\/wp-json\/wp\/v2\/media?parent=101567"}],"wp:term":[{"taxonomy":"category","embeddable":true,"href":"https:\/\/veredes.es\/blog\/wp-json\/wp\/v2\/categories?post=101567"},{"taxonomy":"post_tag","embeddable":true,"href":"https:\/\/veredes.es\/blog\/wp-json\/wp\/v2\/tags?post=101567"}],"curies":[{"name":"wp","href":"https:\/\/api.w.org\/{rel}","templated":true}]}}