{"id":101523,"date":"2025-04-04T00:01:35","date_gmt":"2025-04-03T22:01:35","guid":{"rendered":"https:\/\/veredes.es\/blog\/?p=101523"},"modified":"2025-03-06T18:32:37","modified_gmt":"2025-03-06T17:32:37","slug":"membranas-y-cascarones-miguel-angel-diaz-camacho","status":"publish","type":"post","link":"https:\/\/veredes.es\/blog\/membranas-y-cascarones-miguel-angel-diaz-camacho\/","title":{"rendered":"Membranas y cascarones | Miguel \u00c1ngel D\u00edaz Camacho"},"content":{"rendered":"<figure id=\"attachment_101530\" aria-describedby=\"caption-attachment-101530\" style=\"width: 750px\" class=\"wp-caption alignnone\"><img loading=\"lazy\" decoding=\"async\" class=\"wp-image-101530\" title=\"Ball (o Globe) de Eero Aarnio en 1963\" src=\"https:\/\/veredes.es\/blog\/wp-content\/uploads\/2025\/04\/Membranas-y-cascarones-Miguel-Angel-Diaz-Camacho-Ball-o-Globe-de-Eero-Aarnio-en-1963.jpg\" alt=\"Membranas y cascarones Miguel \u00c1ngel D\u00edaz Camacho Ball (o Globe) de Eero Aarnio en 1963\" width=\"750\" height=\"394\" srcset=\"https:\/\/veredes.es\/blog\/wp-content\/uploads\/2025\/04\/Membranas-y-cascarones-Miguel-Angel-Diaz-Camacho-Ball-o-Globe-de-Eero-Aarnio-en-1963.jpg 654w, https:\/\/veredes.es\/blog\/wp-content\/uploads\/2025\/04\/Membranas-y-cascarones-Miguel-Angel-Diaz-Camacho-Ball-o-Globe-de-Eero-Aarnio-en-1963-300x158.jpg 300w\" sizes=\"auto, (max-width: 750px) 100vw, 750px\" \/><figcaption id=\"caption-attachment-101530\" class=\"wp-caption-text\"><span style=\"color: #999999;\">Ball (o Globe) de Eero Aarnio en 1963<\/span><\/figcaption><\/figure>\n<p style=\"text-align: justify;\">Hace algunos a\u00f1os IKEA lanza al mercado la <a href=\"https:\/\/amzn.to\/4i4RNGx\" target=\"_blank\" rel=\"noopener\">silla <em>PS L\u00d6MSK<\/em><\/a>, un divertido sill\u00f3n de colores para ni\u00f1os equipado con una membrana retr\u00e1ctil. El cierre de la vela superior habilita la ef\u00edmera titularidad de la guarida y desata la emoci\u00f3n propia del escondite: la magia de la desaparici\u00f3n para el infante; la aventura de volver a levantar el tel\u00f3n para comprobar que la criatura a\u00fan contin\u00faa en su interior.<sup>1<\/sup><\/p>\n<p style=\"text-align: justify;\">La silla <em>L\u00f6msk<\/em> trasciende el hecho de sentarse y habilita un espacio propio. M\u00e1s all\u00e1 del juego giratorio e incluso la membrana superior, interesa aqu\u00ed la dimensi\u00f3n habitacional del mueble, su propuesta como <em>espacio en el Espacio<\/em>. En este sentido, encontramos a <em>L\u00f6msk<\/em> heredera de (p.e.) la propuesta <a href=\"http:\/\/collectiononline.design-museum.de\/#\/en\/object\/42028\" target=\"_blank\" rel=\"noopener\"><em>Ball<\/em> (o <em>Globe<\/em>)<\/a> de <a href=\"https:\/\/www.aarniooriginals.com\/?srsltid=AfmBOoqDrqzucC17Otm7NsKs5G9usQc17zb9IhInbjMxAh22tdUyQb0O\" target=\"_blank\" rel=\"noopener\">Eero Aarnio<\/a> en 1963, una cabina acolchada y seductora como una boca sobre cuya lengua se nos invita a sentarnos, tumbarnos o actuar en cualquiera de las posiciones que nuestra actitud y flexibilidad permitan en su interior.<sup>2<\/sup><\/p>\n<p style=\"text-align: justify;\">La embocadura de acceso -la puerta- nos introduce en un espacio cubierto, un escenario, y al mismo tiempo configura el marco circular \u2013la ventana- desde la que observar el espacio exterior.<\/p>\n<blockquote>\n<p style=\"text-align: justify;\">\u00bfO era interior?<\/p>\n<\/blockquote>\n<p style=\"text-align: justify;\">En ocasiones las ventanas, los muros o incluso las puertas se equipan con espacio suficiente para el alojamiento de personas o cosas. Se trata de estancias menores alojadas en lo m\u00e1s profundo de la interioridad, anidaciones telesc\u00f3picas: <a href=\"https:\/\/veredes.es\/blog\/espacio-en-el-espacio-miguel-angel-diaz-camacho\/\" target=\"_blank\" rel=\"noopener\"><em>espacios en el Espacio<\/em><\/a>.<\/p>\n<p style=\"text-align: justify;\">El mobiliario como elemento objetual liberado de funciones estructurales \/ fundacionales del espacio arquitect\u00f3nico, no escapa a la posible definici\u00f3n de un espacio propio, trascendiendo su aparente sencilla vocaci\u00f3n mono-funcional y transformando la arquitectura en un universo interior de membranas y cascarones.<\/p>\n<p>Miguel \u00c1ngel D\u00edaz Camacho. Doctor Arquitecto<br \/>\nMadrid. Agosto 2014<br \/>\n<span style=\"color: #999999;\">Autor de\u00a0<em>Parr\u00e1fos de arquitectura\u00a0<\/em><a style=\"color: #999999;\" href=\"https:\/\/twitter.com\/hashtag\/arquiparrafos?f=realtime&amp;src=hash\" target=\"_blank\" rel=\"noopener noreferrer\">#arquiParrafos<\/a><\/span><\/p>\n<h6>Notas:<\/h6>\n<p style=\"text-align: justify;\"><sup>1<\/sup> Woody Allen dirige el divertid\u00edsimo episodio \u201cEdipo reprimido\u201d como parte de la pel\u00edcula \u201cHistorias de Nueva York\u201d (EEUU, 1989) en la que tras un truco de magia, su madre desaparece realmente del teatro para su disgusto \/ satisfacci\u00f3n.<br \/>\n<sup>2<\/sup> La silla<em>\u00a0Ball<\/em>\u00a0se compone de cascar\u00f3n en poli\u00e9ster moldeado reforzado con fibra de vidrio, acolchado interior con gomaespuma recubierta de tela y base de aluminio pintado. La dimensi\u00f3n espacial de las sillas de Eero Arnio se intuye desde su nombre o calificaci\u00f3n comercial:\u00a0<em>Ball, Pastille, Tomato o Bubble.<\/em><\/p>\n","protected":false},"excerpt":{"rendered":"<p>Hace algunos a\u00f1os IKEA lanza al mercado la silla PS L\u00d6MSK, un divertido sill\u00f3n de colores para ni\u00f1os equipado con una membrana retr\u00e1ctil. El cierre de la vela superior habilita la ef\u00edmera titularidad de la guarida y desata la emoci\u00f3n propia del escondite: la magia de la desaparici\u00f3n para el infante; la aventura de volver [&hellip;]<\/p>\n","protected":false},"author":5,"featured_media":101530,"comment_status":"open","ping_status":"closed","sticky":false,"template":"","format":"standard","meta":{"footnotes":""},"categories":[3,1397,5951],"tags":[4503,431,432,17900,668,6465,1278,2048],"class_list":{"0":"post-101523","1":"post","2":"type-post","3":"status-publish","4":"format-standard","5":"has-post-thumbnail","7":"category-capturas","8":"category-diseno","9":"category-slider-principal","10":"tag-diseno-de-mobiliario","11":"tag-diseno-industrial","12":"tag-diseno-interiores","13":"tag-eero-aarnio","14":"tag-historia","15":"tag-miguel-angel-diaz-camacho","16":"tag-teoria","17":"tag-teoria-e-historia"},"yoast_head":"<!-- This site is optimized with the Yoast SEO plugin v27.4 - https:\/\/yoast.com\/product\/yoast-seo-wordpress\/ -->\n<title>Membranas y cascarones | Miguel \u00c1ngel D\u00edaz Camacho - veredes<\/title>\n<meta name=\"description\" content=\"Toda la informaci\u00f3n sobre: Membranas y cascarones | Miguel \u00c1ngel D\u00edaz Camacho\" \/>\n<meta name=\"robots\" content=\"index, follow, max-snippet:-1, max-image-preview:large, max-video-preview:-1\" \/>\n<link rel=\"canonical\" href=\"https:\/\/veredes.es\/blog\/membranas-y-cascarones-miguel-angel-diaz-camacho\/\" \/>\n<meta property=\"og:locale\" content=\"es_ES\" \/>\n<meta property=\"og:type\" content=\"article\" \/>\n<meta property=\"og:title\" content=\"Membranas y cascarones | Miguel \u00c1ngel D\u00edaz Camacho - veredes\" \/>\n<meta property=\"og:description\" content=\"Toda la informaci\u00f3n sobre: Membranas y cascarones | Miguel \u00c1ngel D\u00edaz Camacho\" \/>\n<meta property=\"og:url\" content=\"https:\/\/veredes.es\/blog\/membranas-y-cascarones-miguel-angel-diaz-camacho\/\" \/>\n<meta property=\"og:site_name\" content=\"veredes, arquitectura y divulgaci\u00f3n\" \/>\n<meta property=\"article:publisher\" content=\"https:\/\/www.facebook.com\/veredesArquitecturayDivulgacion\/\" \/>\n<meta property=\"article:author\" content=\"https:\/\/www.facebook.com\/diazcamacho\" \/>\n<meta property=\"article:published_time\" content=\"2025-04-03T22:01:35+00:00\" \/>\n<meta property=\"og:image\" content=\"https:\/\/veredes.es\/blog\/wp-content\/uploads\/2025\/04\/Membranas-y-cascarones-Miguel-Angel-Diaz-Camacho-Ball-o-Globe-de-Eero-Aarnio-en-1963.jpg\" \/>\n\t<meta property=\"og:image:width\" content=\"654\" \/>\n\t<meta property=\"og:image:height\" content=\"344\" \/>\n\t<meta property=\"og:image:type\" content=\"image\/jpeg\" \/>\n<meta name=\"author\" content=\"Miguel \u00c1ngel D\u00edaz Camacho\" \/>\n<meta name=\"twitter:card\" content=\"summary_large_image\" \/>\n<meta name=\"twitter:creator\" content=\"@https:\/\/twitter.com\/MADCARQUITECTOS\" \/>\n<meta name=\"twitter:site\" content=\"@veredes\" \/>\n<meta name=\"twitter:label1\" content=\"Escrito por\" \/>\n\t<meta name=\"twitter:data1\" content=\"Miguel \u00c1ngel D\u00edaz Camacho\" \/>\n\t<meta name=\"twitter:label2\" content=\"Tiempo de lectura\" \/>\n\t<meta name=\"twitter:data2\" content=\"3 minutos\" \/>\n<script type=\"application\/ld+json\" class=\"yoast-schema-graph\">{\"@context\":\"https:\\\/\\\/schema.org\",\"@graph\":[{\"@type\":\"Article\",\"@id\":\"https:\\\/\\\/veredes.es\\\/blog\\\/membranas-y-cascarones-miguel-angel-diaz-camacho\\\/#article\",\"isPartOf\":{\"@id\":\"https:\\\/\\\/veredes.es\\\/blog\\\/membranas-y-cascarones-miguel-angel-diaz-camacho\\\/\"},\"author\":{\"name\":\"Miguel \u00c1ngel D\u00edaz Camacho\",\"@id\":\"https:\\\/\\\/veredes.es\\\/blog\\\/#\\\/schema\\\/person\\\/e3a2f3fc087cf59bab205fb869b57b1d\"},\"headline\":\"Membranas y cascarones | Miguel \u00c1ngel D\u00edaz Camacho\",\"datePublished\":\"2025-04-03T22:01:35+00:00\",\"mainEntityOfPage\":{\"@id\":\"https:\\\/\\\/veredes.es\\\/blog\\\/membranas-y-cascarones-miguel-angel-diaz-camacho\\\/\"},\"wordCount\":425,\"commentCount\":0,\"publisher\":{\"@id\":\"https:\\\/\\\/veredes.es\\\/blog\\\/#organization\"},\"image\":{\"@id\":\"https:\\\/\\\/veredes.es\\\/blog\\\/membranas-y-cascarones-miguel-angel-diaz-camacho\\\/#primaryimage\"},\"thumbnailUrl\":\"https:\\\/\\\/veredes.es\\\/blog\\\/wp-content\\\/uploads\\\/2025\\\/04\\\/Membranas-y-cascarones-Miguel-Angel-Diaz-Camacho-Ball-o-Globe-de-Eero-Aarnio-en-1963.jpg\",\"keywords\":[\"dise\u00f1o de mobiliario\",\"dise\u00f1o industrial\",\"dise\u00f1o interiores\",\"Eero Aarnio\",\"historia\",\"Miguel \u00c1ngel D\u00edaz Camacho\",\"teor\u00eda\",\"teor\u00eda e historia\"],\"articleSection\":[\"capturas\",\"dise\u00f1o\",\"slider principal\"],\"inLanguage\":\"es\",\"potentialAction\":[{\"@type\":\"CommentAction\",\"name\":\"Comment\",\"target\":[\"https:\\\/\\\/veredes.es\\\/blog\\\/membranas-y-cascarones-miguel-angel-diaz-camacho\\\/#respond\"]}]},{\"@type\":\"WebPage\",\"@id\":\"https:\\\/\\\/veredes.es\\\/blog\\\/membranas-y-cascarones-miguel-angel-diaz-camacho\\\/\",\"url\":\"https:\\\/\\\/veredes.es\\\/blog\\\/membranas-y-cascarones-miguel-angel-diaz-camacho\\\/\",\"name\":\"Membranas y cascarones | Miguel \u00c1ngel D\u00edaz Camacho - veredes\",\"isPartOf\":{\"@id\":\"https:\\\/\\\/veredes.es\\\/blog\\\/#website\"},\"primaryImageOfPage\":{\"@id\":\"https:\\\/\\\/veredes.es\\\/blog\\\/membranas-y-cascarones-miguel-angel-diaz-camacho\\\/#primaryimage\"},\"image\":{\"@id\":\"https:\\\/\\\/veredes.es\\\/blog\\\/membranas-y-cascarones-miguel-angel-diaz-camacho\\\/#primaryimage\"},\"thumbnailUrl\":\"https:\\\/\\\/veredes.es\\\/blog\\\/wp-content\\\/uploads\\\/2025\\\/04\\\/Membranas-y-cascarones-Miguel-Angel-Diaz-Camacho-Ball-o-Globe-de-Eero-Aarnio-en-1963.jpg\",\"datePublished\":\"2025-04-03T22:01:35+00:00\",\"description\":\"Toda la informaci\u00f3n sobre: Membranas y cascarones | Miguel \u00c1ngel D\u00edaz Camacho\",\"breadcrumb\":{\"@id\":\"https:\\\/\\\/veredes.es\\\/blog\\\/membranas-y-cascarones-miguel-angel-diaz-camacho\\\/#breadcrumb\"},\"inLanguage\":\"es\",\"potentialAction\":[{\"@type\":\"ReadAction\",\"target\":[\"https:\\\/\\\/veredes.es\\\/blog\\\/membranas-y-cascarones-miguel-angel-diaz-camacho\\\/\"]}]},{\"@type\":\"ImageObject\",\"inLanguage\":\"es\",\"@id\":\"https:\\\/\\\/veredes.es\\\/blog\\\/membranas-y-cascarones-miguel-angel-diaz-camacho\\\/#primaryimage\",\"url\":\"https:\\\/\\\/veredes.es\\\/blog\\\/wp-content\\\/uploads\\\/2025\\\/04\\\/Membranas-y-cascarones-Miguel-Angel-Diaz-Camacho-Ball-o-Globe-de-Eero-Aarnio-en-1963.jpg\",\"contentUrl\":\"https:\\\/\\\/veredes.es\\\/blog\\\/wp-content\\\/uploads\\\/2025\\\/04\\\/Membranas-y-cascarones-Miguel-Angel-Diaz-Camacho-Ball-o-Globe-de-Eero-Aarnio-en-1963.jpg\",\"width\":654,\"height\":344,\"caption\":\"Ball (o Globe) de Eero Aarnio en 1963\"},{\"@type\":\"BreadcrumbList\",\"@id\":\"https:\\\/\\\/veredes.es\\\/blog\\\/membranas-y-cascarones-miguel-angel-diaz-camacho\\\/#breadcrumb\",\"itemListElement\":[{\"@type\":\"ListItem\",\"position\":1,\"name\":\"Portada\",\"item\":\"https:\\\/\\\/veredes.es\\\/blog\\\/\"},{\"@type\":\"ListItem\",\"position\":2,\"name\":\"Membranas y cascarones | Miguel \u00c1ngel D\u00edaz Camacho\"}]},{\"@type\":\"WebSite\",\"@id\":\"https:\\\/\\\/veredes.es\\\/blog\\\/#website\",\"url\":\"https:\\\/\\\/veredes.es\\\/blog\\\/\",\"name\":\"veredes, arquitectura y divulgaci\u00f3n\",\"description\":\"veredes\",\"publisher\":{\"@id\":\"https:\\\/\\\/veredes.es\\\/blog\\\/#organization\"},\"alternateName\":\"veredes\",\"potentialAction\":[{\"@type\":\"SearchAction\",\"target\":{\"@type\":\"EntryPoint\",\"urlTemplate\":\"https:\\\/\\\/veredes.es\\\/blog\\\/?s={search_term_string}\"},\"query-input\":{\"@type\":\"PropertyValueSpecification\",\"valueRequired\":true,\"valueName\":\"search_term_string\"}}],\"inLanguage\":\"es\"},{\"@type\":\"Organization\",\"@id\":\"https:\\\/\\\/veredes.es\\\/blog\\\/#organization\",\"name\":\"veredes, arquitectura y divulgaci\u00f3n\",\"alternateName\":\"veredes\",\"url\":\"https:\\\/\\\/veredes.es\\\/blog\\\/\",\"logo\":{\"@type\":\"ImageObject\",\"inLanguage\":\"es\",\"@id\":\"https:\\\/\\\/veredes.es\\\/blog\\\/#\\\/schema\\\/logo\\\/image\\\/\",\"url\":\"https:\\\/\\\/veredes.es\\\/blog\\\/wp-content\\\/uploads\\\/2021\\\/12\\\/veredes-logo-centrado_140x54.png\",\"contentUrl\":\"https:\\\/\\\/veredes.es\\\/blog\\\/wp-content\\\/uploads\\\/2021\\\/12\\\/veredes-logo-centrado_140x54.png\",\"width\":140,\"height\":54,\"caption\":\"veredes, arquitectura y divulgaci\u00f3n\"},\"image\":{\"@id\":\"https:\\\/\\\/veredes.es\\\/blog\\\/#\\\/schema\\\/logo\\\/image\\\/\"},\"sameAs\":[\"https:\\\/\\\/www.facebook.com\\\/veredesArquitecturayDivulgacion\\\/\",\"https:\\\/\\\/x.com\\\/veredes\",\"https:\\\/\\\/instagram.com\\\/veredes\\\/\",\"https:\\\/\\\/www.linkedin.com\\\/company\\\/veredes-arquitectura-y-divulgacion\\\/\",\"https:\\\/\\\/es.pinterest.com\\\/veredes\\\/\",\"https:\\\/\\\/www.tumblr.com\\\/veredes\"]},{\"@type\":\"Person\",\"@id\":\"https:\\\/\\\/veredes.es\\\/blog\\\/#\\\/schema\\\/person\\\/e3a2f3fc087cf59bab205fb869b57b1d\",\"name\":\"Miguel \u00c1ngel D\u00edaz Camacho\",\"image\":{\"@type\":\"ImageObject\",\"inLanguage\":\"es\",\"@id\":\"https:\\\/\\\/veredes.es\\\/blog\\\/wp-content\\\/uploads\\\/2018\\\/04\\\/miguel\u00e1ngeld\u00edazcamacho-96x96.jpg\",\"url\":\"https:\\\/\\\/veredes.es\\\/blog\\\/wp-content\\\/uploads\\\/2018\\\/04\\\/miguel\u00e1ngeld\u00edazcamacho-96x96.jpg\",\"contentUrl\":\"https:\\\/\\\/veredes.es\\\/blog\\\/wp-content\\\/uploads\\\/2018\\\/04\\\/miguel\u00e1ngeld\u00edazcamacho-96x96.jpg\",\"caption\":\"Miguel \u00c1ngel D\u00edaz Camacho\"},\"description\":\"Es doctor arquitecto y actual presidente de la Asociaci\u00f3n Sostenibilidad y Arquitectura. Delegado del Consejo Superior de los Colegios de Arquitectos de Espa\u00f1a (CSCAE) en el Consejo Europeo de Arquitectos, Architects Council of Europe (ACE). Socio fundador en MADC Arquitectos, compa\u00f1\u00eda establecida en Madrid que ha recibido numerosos premios en concursos nacionales e internacionales. Investigador y profesor universitario, su filosof\u00eda de trabajo y pensamiento te\u00f3rico han sido ampliamente desarrollados en publicaciones como \u201cP\u00e1rrafos de Arquitectura. Core(oh)graf\u00edas\u201d (Ediciones Asim\u00e9tricas, 2016) o \u201cArquitectura y Cambio Clim\u00e1tico\u201d (Fundaci\u00f3n Arquia, 2018). En la actualidad desarrolla proyectos de arquitectura y urbanismo en Espa\u00f1a y Noruega.\",\"sameAs\":[\"https:\\\/\\\/madc.xyz\\\/\",\"https:\\\/\\\/www.facebook.com\\\/diazcamacho\",\"https:\\\/\\\/www.instagram.com\\\/madc_architecture\\\/\",\"https:\\\/\\\/www.linkedin.com\\\/in\\\/madcarquitectos\\\/\",\"https:\\\/\\\/x.com\\\/https:\\\/\\\/twitter.com\\\/MADCARQUITECTOS\"],\"url\":\"https:\\\/\\\/veredes.es\\\/blog\\\/author\\\/miguel-angel-diaz-camacho\\\/\"}]}<\/script>\n<!-- \/ Yoast SEO plugin. -->","yoast_head_json":{"title":"Membranas y cascarones | Miguel \u00c1ngel D\u00edaz Camacho - veredes","description":"Toda la informaci\u00f3n sobre: Membranas y cascarones | Miguel \u00c1ngel D\u00edaz Camacho","robots":{"index":"index","follow":"follow","max-snippet":"max-snippet:-1","max-image-preview":"max-image-preview:large","max-video-preview":"max-video-preview:-1"},"canonical":"https:\/\/veredes.es\/blog\/membranas-y-cascarones-miguel-angel-diaz-camacho\/","og_locale":"es_ES","og_type":"article","og_title":"Membranas y cascarones | Miguel \u00c1ngel D\u00edaz Camacho - veredes","og_description":"Toda la informaci\u00f3n sobre: Membranas y cascarones | Miguel \u00c1ngel D\u00edaz Camacho","og_url":"https:\/\/veredes.es\/blog\/membranas-y-cascarones-miguel-angel-diaz-camacho\/","og_site_name":"veredes, arquitectura y divulgaci\u00f3n","article_publisher":"https:\/\/www.facebook.com\/veredesArquitecturayDivulgacion\/","article_author":"https:\/\/www.facebook.com\/diazcamacho","article_published_time":"2025-04-03T22:01:35+00:00","og_image":[{"width":654,"height":344,"url":"https:\/\/veredes.es\/blog\/wp-content\/uploads\/2025\/04\/Membranas-y-cascarones-Miguel-Angel-Diaz-Camacho-Ball-o-Globe-de-Eero-Aarnio-en-1963.jpg","type":"image\/jpeg"}],"author":"Miguel \u00c1ngel D\u00edaz Camacho","twitter_card":"summary_large_image","twitter_creator":"@https:\/\/twitter.com\/MADCARQUITECTOS","twitter_site":"@veredes","twitter_misc":{"Escrito por":"Miguel \u00c1ngel D\u00edaz Camacho","Tiempo de lectura":"3 minutos"},"schema":{"@context":"https:\/\/schema.org","@graph":[{"@type":"Article","@id":"https:\/\/veredes.es\/blog\/membranas-y-cascarones-miguel-angel-diaz-camacho\/#article","isPartOf":{"@id":"https:\/\/veredes.es\/blog\/membranas-y-cascarones-miguel-angel-diaz-camacho\/"},"author":{"name":"Miguel \u00c1ngel D\u00edaz Camacho","@id":"https:\/\/veredes.es\/blog\/#\/schema\/person\/e3a2f3fc087cf59bab205fb869b57b1d"},"headline":"Membranas y cascarones | Miguel \u00c1ngel D\u00edaz Camacho","datePublished":"2025-04-03T22:01:35+00:00","mainEntityOfPage":{"@id":"https:\/\/veredes.es\/blog\/membranas-y-cascarones-miguel-angel-diaz-camacho\/"},"wordCount":425,"commentCount":0,"publisher":{"@id":"https:\/\/veredes.es\/blog\/#organization"},"image":{"@id":"https:\/\/veredes.es\/blog\/membranas-y-cascarones-miguel-angel-diaz-camacho\/#primaryimage"},"thumbnailUrl":"https:\/\/veredes.es\/blog\/wp-content\/uploads\/2025\/04\/Membranas-y-cascarones-Miguel-Angel-Diaz-Camacho-Ball-o-Globe-de-Eero-Aarnio-en-1963.jpg","keywords":["dise\u00f1o de mobiliario","dise\u00f1o industrial","dise\u00f1o interiores","Eero Aarnio","historia","Miguel \u00c1ngel D\u00edaz Camacho","teor\u00eda","teor\u00eda e historia"],"articleSection":["capturas","dise\u00f1o","slider principal"],"inLanguage":"es","potentialAction":[{"@type":"CommentAction","name":"Comment","target":["https:\/\/veredes.es\/blog\/membranas-y-cascarones-miguel-angel-diaz-camacho\/#respond"]}]},{"@type":"WebPage","@id":"https:\/\/veredes.es\/blog\/membranas-y-cascarones-miguel-angel-diaz-camacho\/","url":"https:\/\/veredes.es\/blog\/membranas-y-cascarones-miguel-angel-diaz-camacho\/","name":"Membranas y cascarones | Miguel \u00c1ngel D\u00edaz Camacho - veredes","isPartOf":{"@id":"https:\/\/veredes.es\/blog\/#website"},"primaryImageOfPage":{"@id":"https:\/\/veredes.es\/blog\/membranas-y-cascarones-miguel-angel-diaz-camacho\/#primaryimage"},"image":{"@id":"https:\/\/veredes.es\/blog\/membranas-y-cascarones-miguel-angel-diaz-camacho\/#primaryimage"},"thumbnailUrl":"https:\/\/veredes.es\/blog\/wp-content\/uploads\/2025\/04\/Membranas-y-cascarones-Miguel-Angel-Diaz-Camacho-Ball-o-Globe-de-Eero-Aarnio-en-1963.jpg","datePublished":"2025-04-03T22:01:35+00:00","description":"Toda la informaci\u00f3n sobre: Membranas y cascarones | Miguel \u00c1ngel D\u00edaz Camacho","breadcrumb":{"@id":"https:\/\/veredes.es\/blog\/membranas-y-cascarones-miguel-angel-diaz-camacho\/#breadcrumb"},"inLanguage":"es","potentialAction":[{"@type":"ReadAction","target":["https:\/\/veredes.es\/blog\/membranas-y-cascarones-miguel-angel-diaz-camacho\/"]}]},{"@type":"ImageObject","inLanguage":"es","@id":"https:\/\/veredes.es\/blog\/membranas-y-cascarones-miguel-angel-diaz-camacho\/#primaryimage","url":"https:\/\/veredes.es\/blog\/wp-content\/uploads\/2025\/04\/Membranas-y-cascarones-Miguel-Angel-Diaz-Camacho-Ball-o-Globe-de-Eero-Aarnio-en-1963.jpg","contentUrl":"https:\/\/veredes.es\/blog\/wp-content\/uploads\/2025\/04\/Membranas-y-cascarones-Miguel-Angel-Diaz-Camacho-Ball-o-Globe-de-Eero-Aarnio-en-1963.jpg","width":654,"height":344,"caption":"Ball (o Globe) de Eero Aarnio en 1963"},{"@type":"BreadcrumbList","@id":"https:\/\/veredes.es\/blog\/membranas-y-cascarones-miguel-angel-diaz-camacho\/#breadcrumb","itemListElement":[{"@type":"ListItem","position":1,"name":"Portada","item":"https:\/\/veredes.es\/blog\/"},{"@type":"ListItem","position":2,"name":"Membranas y cascarones | Miguel \u00c1ngel D\u00edaz Camacho"}]},{"@type":"WebSite","@id":"https:\/\/veredes.es\/blog\/#website","url":"https:\/\/veredes.es\/blog\/","name":"veredes, arquitectura y divulgaci\u00f3n","description":"veredes","publisher":{"@id":"https:\/\/veredes.es\/blog\/#organization"},"alternateName":"veredes","potentialAction":[{"@type":"SearchAction","target":{"@type":"EntryPoint","urlTemplate":"https:\/\/veredes.es\/blog\/?s={search_term_string}"},"query-input":{"@type":"PropertyValueSpecification","valueRequired":true,"valueName":"search_term_string"}}],"inLanguage":"es"},{"@type":"Organization","@id":"https:\/\/veredes.es\/blog\/#organization","name":"veredes, arquitectura y divulgaci\u00f3n","alternateName":"veredes","url":"https:\/\/veredes.es\/blog\/","logo":{"@type":"ImageObject","inLanguage":"es","@id":"https:\/\/veredes.es\/blog\/#\/schema\/logo\/image\/","url":"https:\/\/veredes.es\/blog\/wp-content\/uploads\/2021\/12\/veredes-logo-centrado_140x54.png","contentUrl":"https:\/\/veredes.es\/blog\/wp-content\/uploads\/2021\/12\/veredes-logo-centrado_140x54.png","width":140,"height":54,"caption":"veredes, arquitectura y divulgaci\u00f3n"},"image":{"@id":"https:\/\/veredes.es\/blog\/#\/schema\/logo\/image\/"},"sameAs":["https:\/\/www.facebook.com\/veredesArquitecturayDivulgacion\/","https:\/\/x.com\/veredes","https:\/\/instagram.com\/veredes\/","https:\/\/www.linkedin.com\/company\/veredes-arquitectura-y-divulgacion\/","https:\/\/es.pinterest.com\/veredes\/","https:\/\/www.tumblr.com\/veredes"]},{"@type":"Person","@id":"https:\/\/veredes.es\/blog\/#\/schema\/person\/e3a2f3fc087cf59bab205fb869b57b1d","name":"Miguel \u00c1ngel D\u00edaz Camacho","image":{"@type":"ImageObject","inLanguage":"es","@id":"https:\/\/veredes.es\/blog\/wp-content\/uploads\/2018\/04\/miguel\u00e1ngeld\u00edazcamacho-96x96.jpg","url":"https:\/\/veredes.es\/blog\/wp-content\/uploads\/2018\/04\/miguel\u00e1ngeld\u00edazcamacho-96x96.jpg","contentUrl":"https:\/\/veredes.es\/blog\/wp-content\/uploads\/2018\/04\/miguel\u00e1ngeld\u00edazcamacho-96x96.jpg","caption":"Miguel \u00c1ngel D\u00edaz Camacho"},"description":"Es doctor arquitecto y actual presidente de la Asociaci\u00f3n Sostenibilidad y Arquitectura. Delegado del Consejo Superior de los Colegios de Arquitectos de Espa\u00f1a (CSCAE) en el Consejo Europeo de Arquitectos, Architects Council of Europe (ACE). Socio fundador en MADC Arquitectos, compa\u00f1\u00eda establecida en Madrid que ha recibido numerosos premios en concursos nacionales e internacionales. Investigador y profesor universitario, su filosof\u00eda de trabajo y pensamiento te\u00f3rico han sido ampliamente desarrollados en publicaciones como \u201cP\u00e1rrafos de Arquitectura. Core(oh)graf\u00edas\u201d (Ediciones Asim\u00e9tricas, 2016) o \u201cArquitectura y Cambio Clim\u00e1tico\u201d (Fundaci\u00f3n Arquia, 2018). En la actualidad desarrolla proyectos de arquitectura y urbanismo en Espa\u00f1a y Noruega.","sameAs":["https:\/\/madc.xyz\/","https:\/\/www.facebook.com\/diazcamacho","https:\/\/www.instagram.com\/madc_architecture\/","https:\/\/www.linkedin.com\/in\/madcarquitectos\/","https:\/\/x.com\/https:\/\/twitter.com\/MADCARQUITECTOS"],"url":"https:\/\/veredes.es\/blog\/author\/miguel-angel-diaz-camacho\/"}]}},"_links":{"self":[{"href":"https:\/\/veredes.es\/blog\/wp-json\/wp\/v2\/posts\/101523","targetHints":{"allow":["GET"]}}],"collection":[{"href":"https:\/\/veredes.es\/blog\/wp-json\/wp\/v2\/posts"}],"about":[{"href":"https:\/\/veredes.es\/blog\/wp-json\/wp\/v2\/types\/post"}],"author":[{"embeddable":true,"href":"https:\/\/veredes.es\/blog\/wp-json\/wp\/v2\/users\/5"}],"replies":[{"embeddable":true,"href":"https:\/\/veredes.es\/blog\/wp-json\/wp\/v2\/comments?post=101523"}],"version-history":[{"count":0,"href":"https:\/\/veredes.es\/blog\/wp-json\/wp\/v2\/posts\/101523\/revisions"}],"wp:featuredmedia":[{"embeddable":true,"href":"https:\/\/veredes.es\/blog\/wp-json\/wp\/v2\/media\/101530"}],"wp:attachment":[{"href":"https:\/\/veredes.es\/blog\/wp-json\/wp\/v2\/media?parent=101523"}],"wp:term":[{"taxonomy":"category","embeddable":true,"href":"https:\/\/veredes.es\/blog\/wp-json\/wp\/v2\/categories?post=101523"},{"taxonomy":"post_tag","embeddable":true,"href":"https:\/\/veredes.es\/blog\/wp-json\/wp\/v2\/tags?post=101523"}],"curies":[{"name":"wp","href":"https:\/\/api.w.org\/{rel}","templated":true}]}}