{"id":101441,"date":"2025-03-26T00:01:53","date_gmt":"2025-03-25T23:01:53","guid":{"rendered":"https:\/\/veredes.es\/blog\/?p=101441"},"modified":"2025-02-28T20:53:15","modified_gmt":"2025-02-28T19:53:15","slug":"prodesa-headquarters-serrano-arquitectura","status":"publish","type":"post","link":"https:\/\/veredes.es\/blog\/prodesa-headquarters-serrano-arquitectura\/","title":{"rendered":"Prodesa Headquarters | Serrano Arquitectura"},"content":{"rendered":"<figure id=\"attachment_101443\" aria-describedby=\"caption-attachment-101443\" style=\"width: 1400px\" class=\"wp-caption alignnone\"><img loading=\"lazy\" decoding=\"async\" class=\"wp-image-101443 size-full\" title=\"PRODESA_Serrano-Arquitectura_I\u00f1aki-Bergera\u00a9_01\" src=\"https:\/\/veredes.es\/blog\/wp-content\/uploads\/2025\/03\/PRODESA_Serrano-Arquitectura_Inaki-Bergera\u00a9_01.jpg\" alt=\"PRODESA_Serrano-Arquitectura_I\u00f1aki-Bergera\u00a9_01\" width=\"1400\" height=\"933\" srcset=\"https:\/\/veredes.es\/blog\/wp-content\/uploads\/2025\/03\/PRODESA_Serrano-Arquitectura_Inaki-Bergera\u00a9_01.jpg 1400w, https:\/\/veredes.es\/blog\/wp-content\/uploads\/2025\/03\/PRODESA_Serrano-Arquitectura_Inaki-Bergera\u00a9_01-300x200.jpg 300w, https:\/\/veredes.es\/blog\/wp-content\/uploads\/2025\/03\/PRODESA_Serrano-Arquitectura_Inaki-Bergera\u00a9_01-1024x682.jpg 1024w, https:\/\/veredes.es\/blog\/wp-content\/uploads\/2025\/03\/PRODESA_Serrano-Arquitectura_Inaki-Bergera\u00a9_01-630x420.jpg 630w, https:\/\/veredes.es\/blog\/wp-content\/uploads\/2025\/03\/PRODESA_Serrano-Arquitectura_Inaki-Bergera\u00a9_01-696x464.jpg 696w, https:\/\/veredes.es\/blog\/wp-content\/uploads\/2025\/03\/PRODESA_Serrano-Arquitectura_Inaki-Bergera\u00a9_01-1068x712.jpg 1068w\" sizes=\"auto, (max-width: 1400px) 100vw, 1400px\" \/><figcaption id=\"caption-attachment-101443\" class=\"wp-caption-text\"><span style=\"color: #999999;\">Prodesa Headquarters | Serrano Arquitectura \u00a9 I\u00f1aki Bergera<\/span><\/figcaption><\/figure>\n<h6 style=\"text-align: justify;\"><strong>Innovaci\u00f3n arquitect\u00f3nica al servicio del talento, la sostenibilidad y la expansi\u00f3n internacional.<\/strong><\/h6>\n<p style=\"text-align: justify;\">Prodesa, empresa aragonesa especializada en el dise\u00f1o y construcci\u00f3n de plantas de pellets de biomasa, ha inaugurado su nueva sede central en el Parque Tecnol\u00f3gico del Reciclado (PTR) de Zaragoza.<\/p>\n<p style=\"text-align: justify;\">Con una inversi\u00f3n de 10 millones de euros, este proyecto estrat\u00e9gico centraliza las operaciones de la compa\u00f1\u00eda, hasta ahora dispersas en varios centros, y refleja su apuesta por la innovaci\u00f3n, la sostenibilidad y la mejora del entorno laboral.<\/p>\n<p style=\"text-align: justify;\">El proyecto responde a la necesidad de integrar a todos los equipos de la empresa en un entorno colaborativo que facilite la comunicaci\u00f3n y optimice los procesos productivos. Con esta nueva sede, Prodesa refuerza su apuesta por la sostenibilidad, el bienestar laboral y una imagen corporativa que refleja su car\u00e1cter tecnol\u00f3gico e innovador.<\/p>\n<figure id=\"attachment_101444\" aria-describedby=\"caption-attachment-101444\" style=\"width: 1000px\" class=\"wp-caption alignnone\"><img loading=\"lazy\" decoding=\"async\" class=\"wp-image-101444 size-full\" title=\"PRODESA_Serrano-Arquitectura Planimetria\" src=\"https:\/\/veredes.es\/blog\/wp-content\/uploads\/2025\/03\/PRODESA_Serrano-Arquitectura-Planimetria.gif\" alt=\"PRODESA_Serrano-Arquitectura Planimetria\" width=\"1000\" height=\"707\" \/><figcaption id=\"caption-attachment-101444\" class=\"wp-caption-text\"><span style=\"color: #999999;\">Prodesa Headquarters | Serrano Arquitectura | Planimetria<\/span><\/figcaption><\/figure>\n<h6 style=\"text-align: justify;\"><strong>Un espacio de oficinas pensado estrat\u00e9gicamente para las personas<\/strong><\/h6>\n<p style=\"text-align: justify;\">Con una superficie de 10.400 metros cuadrados, este proyecto no solo centraliza sus operaciones, sino que redefine el concepto de espacio de trabajo, apostando por una arquitectura dise\u00f1ada para inspirar, fidelizar al talento y mejorar la eficiencia productiva.<\/p>\n<p style=\"text-align: justify;\">En este sentido, el dise\u00f1o busca fomentar el sentido de pertenencia y la cohesi\u00f3n de los casi 200 trabajadores que forman parte de la empresa, concibiendo los espacios como elementos esenciales para la colaboraci\u00f3n y el bienestar de las personas.<\/p>\n<div id='gallery-1' class='gallery galleryid-101441 gallery-columns-4 gallery-size-thumbnail'><figure class='gallery-item'>\n\t\t\t<div class='gallery-icon portrait'>\n\t\t\t\t<a href='https:\/\/veredes.es\/blog\/wp-content\/uploads\/2025\/03\/PRODESA_Serrano-Arquitectura_Inaki-Bergera\u00a9_02.jpg'><img loading=\"lazy\" decoding=\"async\" width=\"120\" height=\"120\" src=\"https:\/\/veredes.es\/blog\/wp-content\/uploads\/2025\/03\/PRODESA_Serrano-Arquitectura_Inaki-Bergera\u00a9_02-120x120.jpg\" class=\"attachment-thumbnail size-thumbnail\" alt=\"PRODESA_Serrano-Arquitectura_I\u00f1aki-Bergera\u00a9_02\" aria-describedby=\"gallery-1-101447\" \/><\/a>\n\t\t\t<\/div>\n\t\t\t\t<figcaption class='wp-caption-text gallery-caption' id='gallery-1-101447'>\n\t\t\t\tProdesa Headquarters | Serrano Arquitectura \u00a9 I\u00f1aki Bergera\n\t\t\t\t<\/figcaption><\/figure><figure class='gallery-item'>\n\t\t\t<div class='gallery-icon portrait'>\n\t\t\t\t<a href='https:\/\/veredes.es\/blog\/wp-content\/uploads\/2025\/03\/PRODESA_Serrano-Arquitectura_Inaki-Bergera\u00a9_05.jpg'><img loading=\"lazy\" decoding=\"async\" width=\"120\" height=\"120\" src=\"https:\/\/veredes.es\/blog\/wp-content\/uploads\/2025\/03\/PRODESA_Serrano-Arquitectura_Inaki-Bergera\u00a9_05-120x120.jpg\" class=\"attachment-thumbnail size-thumbnail\" alt=\"PRODESA_Serrano-Arquitectura_I\u00f1aki-Bergera\u00a9_05\" aria-describedby=\"gallery-1-101450\" \/><\/a>\n\t\t\t<\/div>\n\t\t\t\t<figcaption class='wp-caption-text gallery-caption' id='gallery-1-101450'>\n\t\t\t\tProdesa Headquarters | Serrano Arquitectura \u00a9 I\u00f1aki Bergera\n\t\t\t\t<\/figcaption><\/figure><figure class='gallery-item'>\n\t\t\t<div class='gallery-icon portrait'>\n\t\t\t\t<a href='https:\/\/veredes.es\/blog\/wp-content\/uploads\/2025\/03\/PRODESA_Serrano-Arquitectura_Inaki-Bergera\u00a9_04.jpg'><img loading=\"lazy\" decoding=\"async\" width=\"120\" height=\"120\" src=\"https:\/\/veredes.es\/blog\/wp-content\/uploads\/2025\/03\/PRODESA_Serrano-Arquitectura_Inaki-Bergera\u00a9_04-120x120.jpg\" class=\"attachment-thumbnail size-thumbnail\" alt=\"PRODESA_Serrano-Arquitectura_I\u00f1aki-Bergera\u00a9_04\" aria-describedby=\"gallery-1-101449\" \/><\/a>\n\t\t\t<\/div>\n\t\t\t\t<figcaption class='wp-caption-text gallery-caption' id='gallery-1-101449'>\n\t\t\t\tProdesa Headquarters | Serrano Arquitectura \u00a9 I\u00f1aki Bergera\n\t\t\t\t<\/figcaption><\/figure><figure class='gallery-item'>\n\t\t\t<div class='gallery-icon portrait'>\n\t\t\t\t<a href='https:\/\/veredes.es\/blog\/wp-content\/uploads\/2025\/03\/PRODESA_Serrano-Arquitectura_Inaki-Bergera\u00a9_03.jpg'><img loading=\"lazy\" decoding=\"async\" width=\"120\" height=\"120\" src=\"https:\/\/veredes.es\/blog\/wp-content\/uploads\/2025\/03\/PRODESA_Serrano-Arquitectura_Inaki-Bergera\u00a9_03-120x120.jpg\" class=\"attachment-thumbnail size-thumbnail\" alt=\"PRODESA_Serrano-Arquitectura_I\u00f1aki-Bergera\u00a9_03\" aria-describedby=\"gallery-1-101448\" \/><\/a>\n\t\t\t<\/div>\n\t\t\t\t<figcaption class='wp-caption-text gallery-caption' id='gallery-1-101448'>\n\t\t\t\tProdesa Headquarters | Serrano Arquitectura \u00a9 I\u00f1aki Bergera\n\t\t\t\t<\/figcaption><\/figure>\n\t\t<\/div>\n\n<p style=\"text-align: justify;\">El n\u00facleo central del edificio alberga la oficina t\u00e9cnica de ingenier\u00eda, un espacio amplio y luminoso con doble altura dise\u00f1ado para facilitar el trabajo colaborativo. Alrededor de este coraz\u00f3n estrat\u00e9gico se distribuyen los departamentos de recursos humanos, administraci\u00f3n y gerencia, garantizando una comunicaci\u00f3n fluida y una visi\u00f3n integral del negocio.<\/p>\n<figure id=\"attachment_101459\" aria-describedby=\"caption-attachment-101459\" style=\"width: 1400px\" class=\"wp-caption alignnone\"><img loading=\"lazy\" decoding=\"async\" class=\"wp-image-101459 size-full\" title=\"PRODESA_Serrano-Arquitectura_I\u00f1aki-Bergera\u00a9_06\" src=\"https:\/\/veredes.es\/blog\/wp-content\/uploads\/2025\/03\/PRODESA_Serrano-Arquitectura_Inaki-Bergera\u00a9_06.jpg\" alt=\"PRODESA_Serrano-Arquitectura_I\u00f1aki-Bergera\u00a9_06\" width=\"1400\" height=\"2101\" srcset=\"https:\/\/veredes.es\/blog\/wp-content\/uploads\/2025\/03\/PRODESA_Serrano-Arquitectura_Inaki-Bergera\u00a9_06.jpg 1400w, https:\/\/veredes.es\/blog\/wp-content\/uploads\/2025\/03\/PRODESA_Serrano-Arquitectura_Inaki-Bergera\u00a9_06-200x300.jpg 200w, https:\/\/veredes.es\/blog\/wp-content\/uploads\/2025\/03\/PRODESA_Serrano-Arquitectura_Inaki-Bergera\u00a9_06-682x1024.jpg 682w, https:\/\/veredes.es\/blog\/wp-content\/uploads\/2025\/03\/PRODESA_Serrano-Arquitectura_Inaki-Bergera\u00a9_06-1024x1536.jpg 1024w, https:\/\/veredes.es\/blog\/wp-content\/uploads\/2025\/03\/PRODESA_Serrano-Arquitectura_Inaki-Bergera\u00a9_06-1365x2048.jpg 1365w, https:\/\/veredes.es\/blog\/wp-content\/uploads\/2025\/03\/PRODESA_Serrano-Arquitectura_Inaki-Bergera\u00a9_06-280x420.jpg 280w, https:\/\/veredes.es\/blog\/wp-content\/uploads\/2025\/03\/PRODESA_Serrano-Arquitectura_Inaki-Bergera\u00a9_06-696x1044.jpg 696w, https:\/\/veredes.es\/blog\/wp-content\/uploads\/2025\/03\/PRODESA_Serrano-Arquitectura_Inaki-Bergera\u00a9_06-1068x1603.jpg 1068w\" sizes=\"auto, (max-width: 1400px) 100vw, 1400px\" \/><figcaption id=\"caption-attachment-101459\" class=\"wp-caption-text\"><span style=\"color: #999999;\">Prodesa Headquarters | Serrano Arquitectura \u00a9 I\u00f1aki Bergera<\/span><\/figcaption><\/figure>\n<p style=\"text-align: justify;\">Los espacios de descanso, como una amplia terraza exterior y una sala de reposo, est\u00e1n estrat\u00e9gicamente ubicados y conectados visualmente para crear una atm\u00f3sfera de calma que contribuye a potenciar el bienestar y el equilibrio laboral.<\/p>\n<figure id=\"attachment_101446\" aria-describedby=\"caption-attachment-101446\" style=\"width: 1400px\" class=\"wp-caption alignnone\"><img loading=\"lazy\" decoding=\"async\" class=\"wp-image-101446 size-full\" title=\"PRODESA_Serrano-Arquitectura 6 Axonometr\u00eda\" src=\"https:\/\/veredes.es\/blog\/wp-content\/uploads\/2025\/03\/PRODESA_Serrano-Arquitectura-6-Axonometria.jpg\" alt=\"PRODESA_Serrano-Arquitectura 6 Axonometr\u00eda\" width=\"1400\" height=\"1784\" srcset=\"https:\/\/veredes.es\/blog\/wp-content\/uploads\/2025\/03\/PRODESA_Serrano-Arquitectura-6-Axonometria.jpg 1400w, https:\/\/veredes.es\/blog\/wp-content\/uploads\/2025\/03\/PRODESA_Serrano-Arquitectura-6-Axonometria-235x300.jpg 235w, https:\/\/veredes.es\/blog\/wp-content\/uploads\/2025\/03\/PRODESA_Serrano-Arquitectura-6-Axonometria-804x1024.jpg 804w, https:\/\/veredes.es\/blog\/wp-content\/uploads\/2025\/03\/PRODESA_Serrano-Arquitectura-6-Axonometria-1205x1536.jpg 1205w, https:\/\/veredes.es\/blog\/wp-content\/uploads\/2025\/03\/PRODESA_Serrano-Arquitectura-6-Axonometria-330x420.jpg 330w, https:\/\/veredes.es\/blog\/wp-content\/uploads\/2025\/03\/PRODESA_Serrano-Arquitectura-6-Axonometria-696x887.jpg 696w, https:\/\/veredes.es\/blog\/wp-content\/uploads\/2025\/03\/PRODESA_Serrano-Arquitectura-6-Axonometria-1068x1361.jpg 1068w\" sizes=\"auto, (max-width: 1400px) 100vw, 1400px\" \/><figcaption id=\"caption-attachment-101446\" class=\"wp-caption-text\"><span style=\"color: #999999;\">Prodesa Headquarters | Serrano Arquitectura | Axonometr\u00eda<\/span><\/figcaption><\/figure>\n<h6 style=\"text-align: justify;\"><strong>Innovaci\u00f3n en la organizaci\u00f3n espacial y eficiencia productiva.<\/strong><\/h6>\n<p style=\"text-align: justify;\">La continuidad espacial entre las distintas fases del proceso productivo que caracteriza a Prodesa es otro de los puntos fuertes del proyecto. Desde la zona de ingenier\u00eda hasta la planta de producci\u00f3n, el dise\u00f1o facilita la interacci\u00f3n entre departamentos clave, mejorando la eficiencia operativa.<\/p>\n<figure id=\"attachment_101451\" aria-describedby=\"caption-attachment-101451\" style=\"width: 1400px\" class=\"wp-caption alignnone\"><img loading=\"lazy\" decoding=\"async\" class=\"wp-image-101451 size-full\" title=\"PRODESA_Serrano-Arquitectura_I\u00f1aki-Bergera\u00a9_07\" src=\"https:\/\/veredes.es\/blog\/wp-content\/uploads\/2025\/03\/PRODESA_Serrano-Arquitectura_Inaki-Bergera\u00a9_07.jpg\" alt=\"PRODESA_Serrano-Arquitectura_I\u00f1aki-Bergera\u00a9_07\" width=\"1400\" height=\"933\" srcset=\"https:\/\/veredes.es\/blog\/wp-content\/uploads\/2025\/03\/PRODESA_Serrano-Arquitectura_Inaki-Bergera\u00a9_07.jpg 1400w, https:\/\/veredes.es\/blog\/wp-content\/uploads\/2025\/03\/PRODESA_Serrano-Arquitectura_Inaki-Bergera\u00a9_07-300x200.jpg 300w, https:\/\/veredes.es\/blog\/wp-content\/uploads\/2025\/03\/PRODESA_Serrano-Arquitectura_Inaki-Bergera\u00a9_07-1024x682.jpg 1024w, https:\/\/veredes.es\/blog\/wp-content\/uploads\/2025\/03\/PRODESA_Serrano-Arquitectura_Inaki-Bergera\u00a9_07-630x420.jpg 630w, https:\/\/veredes.es\/blog\/wp-content\/uploads\/2025\/03\/PRODESA_Serrano-Arquitectura_Inaki-Bergera\u00a9_07-696x464.jpg 696w, https:\/\/veredes.es\/blog\/wp-content\/uploads\/2025\/03\/PRODESA_Serrano-Arquitectura_Inaki-Bergera\u00a9_07-1068x712.jpg 1068w\" sizes=\"auto, (max-width: 1400px) 100vw, 1400px\" \/><figcaption id=\"caption-attachment-101451\" class=\"wp-caption-text\"><span style=\"color: #999999;\">Prodesa Headquarters | Serrano Arquitectura \u00a9 I\u00f1aki Bergera<\/span><\/figcaption><\/figure>\n<p style=\"text-align: justify;\">Adem\u00e1s de consolidar sus operaciones en un solo espacio, Prodesa ha logrado reducir costes empresariales y minimizar los desplazamientos, disminuyendo as\u00ed su huella de carbono.<\/p>\n<div id='gallery-2' class='gallery galleryid-101441 gallery-columns-4 gallery-size-thumbnail'><figure class='gallery-item'>\n\t\t\t<div class='gallery-icon portrait'>\n\t\t\t\t<a href='https:\/\/veredes.es\/blog\/prodesa-headquarters-serrano-arquitectura\/prodesa_serrano-arquitectura_inaki-bergera_08\/'><img loading=\"lazy\" decoding=\"async\" width=\"120\" height=\"120\" src=\"https:\/\/veredes.es\/blog\/wp-content\/uploads\/2025\/03\/PRODESA_Serrano-Arquitectura_Inaki-Bergera\u00a9_08-120x120.jpg\" class=\"attachment-thumbnail size-thumbnail\" alt=\"PRODESA_Serrano-Arquitectura_I\u00f1aki-Bergera\u00a9_08\" aria-describedby=\"gallery-2-101453\" \/><\/a>\n\t\t\t<\/div>\n\t\t\t\t<figcaption class='wp-caption-text gallery-caption' id='gallery-2-101453'>\n\t\t\t\tProdesa Headquarters | Serrano Arquitectura \u00a9 I\u00f1aki Bergera\n\t\t\t\t<\/figcaption><\/figure><figure class='gallery-item'>\n\t\t\t<div class='gallery-icon portrait'>\n\t\t\t\t<a href='https:\/\/veredes.es\/blog\/prodesa-headquarters-serrano-arquitectura\/prodesa_serrano-arquitectura_inaki-bergera_09\/'><img loading=\"lazy\" decoding=\"async\" width=\"120\" height=\"120\" src=\"https:\/\/veredes.es\/blog\/wp-content\/uploads\/2025\/03\/PRODESA_Serrano-Arquitectura_Inaki-Bergera\u00a9_09-120x120.jpg\" class=\"attachment-thumbnail size-thumbnail\" alt=\"PRODESA_Serrano-Arquitectura_I\u00f1aki-Bergera\u00a9_09\" aria-describedby=\"gallery-2-101454\" \/><\/a>\n\t\t\t<\/div>\n\t\t\t\t<figcaption class='wp-caption-text gallery-caption' id='gallery-2-101454'>\n\t\t\t\tProdesa Headquarters | Serrano Arquitectura \u00a9 I\u00f1aki Bergera\n\t\t\t\t<\/figcaption><\/figure><figure class='gallery-item'>\n\t\t\t<div class='gallery-icon portrait'>\n\t\t\t\t<a href='https:\/\/veredes.es\/blog\/prodesa-headquarters-serrano-arquitectura\/prodesa_serrano-arquitectura_inaki-bergera_10\/'><img loading=\"lazy\" decoding=\"async\" width=\"120\" height=\"120\" src=\"https:\/\/veredes.es\/blog\/wp-content\/uploads\/2025\/03\/PRODESA_Serrano-Arquitectura_Inaki-Bergera\u00a9_10-120x120.jpg\" class=\"attachment-thumbnail size-thumbnail\" alt=\"PRODESA_Serrano-Arquitectura_I\u00f1aki-Bergera\u00a9_10\" aria-describedby=\"gallery-2-101455\" \/><\/a>\n\t\t\t<\/div>\n\t\t\t\t<figcaption class='wp-caption-text gallery-caption' id='gallery-2-101455'>\n\t\t\t\tProdesa Headquarters | Serrano Arquitectura \u00a9 I\u00f1aki Bergera\n\t\t\t\t<\/figcaption><\/figure><figure class='gallery-item'>\n\t\t\t<div class='gallery-icon portrait'>\n\t\t\t\t<a href='https:\/\/veredes.es\/blog\/prodesa-headquarters-serrano-arquitectura\/prodesa_serrano-arquitectura_inaki-bergera_11\/'><img loading=\"lazy\" decoding=\"async\" width=\"120\" height=\"120\" src=\"https:\/\/veredes.es\/blog\/wp-content\/uploads\/2025\/03\/PRODESA_Serrano-Arquitectura_Inaki-Bergera\u00a9_11-120x120.jpg\" class=\"attachment-thumbnail size-thumbnail\" alt=\"PRODESA_Serrano-Arquitectura_I\u00f1aki-Bergera\u00a9_11\" aria-describedby=\"gallery-2-101456\" \/><\/a>\n\t\t\t<\/div>\n\t\t\t\t<figcaption class='wp-caption-text gallery-caption' id='gallery-2-101456'>\n\t\t\t\tProdesa Headquarters | Serrano Arquitectura \u00a9 I\u00f1aki Bergera\n\t\t\t\t<\/figcaption><\/figure>\n\t\t<\/div>\n\n<h6 style=\"text-align: justify;\"><strong>La sostenibilidad como factor diferencial del proyecto.<\/strong><\/h6>\n<p style=\"text-align: justify;\">La fachada noroeste del edificio ha sido dise\u00f1ada teniendo en cuenta el soleamiento. Para evitar un exceso de calor en verano, se han incorporado vol\u00famenes retranqueados que generan sombra sobre los vanos. Esta soluci\u00f3n arquitect\u00f3nica reduce el consumo energ\u00e9tico en refrigeraci\u00f3n y refuerza la est\u00e9tica del edificio, creando un din\u00e1mico juego de sombras.<\/p>\n<figure id=\"attachment_101457\" aria-describedby=\"caption-attachment-101457\" style=\"width: 1400px\" class=\"wp-caption alignnone\"><img loading=\"lazy\" decoding=\"async\" class=\"wp-image-101457 size-full\" title=\"PRODESA_Serrano-Arquitectura_I\u00f1aki-Bergera\u00a9_12\" src=\"https:\/\/veredes.es\/blog\/wp-content\/uploads\/2025\/03\/PRODESA_Serrano-Arquitectura_Inaki-Bergera\u00a9_12.jpg\" alt=\"PRODESA_Serrano-Arquitectura_I\u00f1aki-Bergera\u00a9_12\" width=\"1400\" height=\"933\" srcset=\"https:\/\/veredes.es\/blog\/wp-content\/uploads\/2025\/03\/PRODESA_Serrano-Arquitectura_Inaki-Bergera\u00a9_12.jpg 1400w, https:\/\/veredes.es\/blog\/wp-content\/uploads\/2025\/03\/PRODESA_Serrano-Arquitectura_Inaki-Bergera\u00a9_12-300x200.jpg 300w, https:\/\/veredes.es\/blog\/wp-content\/uploads\/2025\/03\/PRODESA_Serrano-Arquitectura_Inaki-Bergera\u00a9_12-1024x682.jpg 1024w, https:\/\/veredes.es\/blog\/wp-content\/uploads\/2025\/03\/PRODESA_Serrano-Arquitectura_Inaki-Bergera\u00a9_12-630x420.jpg 630w, https:\/\/veredes.es\/blog\/wp-content\/uploads\/2025\/03\/PRODESA_Serrano-Arquitectura_Inaki-Bergera\u00a9_12-696x464.jpg 696w, https:\/\/veredes.es\/blog\/wp-content\/uploads\/2025\/03\/PRODESA_Serrano-Arquitectura_Inaki-Bergera\u00a9_12-1068x712.jpg 1068w\" sizes=\"auto, (max-width: 1400px) 100vw, 1400px\" \/><figcaption id=\"caption-attachment-101457\" class=\"wp-caption-text\"><\/span> <span style=\"color: #999999;\">Prodesa Headquarters | Serrano Arquitectura \u00a9 I\u00f1aki Bergera<\/span><\/figcaption><\/figure>\n<p style=\"text-align: justify;\">El uso de materiales sostenibles y estrategias pasivas de dise\u00f1o refleja el compromiso de Prodesa con el cuidado del medio ambiente y la eficiencia energ\u00e9tica.<\/p>\n<figure id=\"attachment_101458\" aria-describedby=\"caption-attachment-101458\" style=\"width: 1400px\" class=\"wp-caption alignnone\"><img loading=\"lazy\" decoding=\"async\" class=\"wp-image-101458 size-full\" title=\"PRODESA_Serrano-Arquitectura_I\u00f1aki-Bergera\u00a9_15\" src=\"https:\/\/veredes.es\/blog\/wp-content\/uploads\/2025\/03\/PRODESA_Serrano-Arquitectura_Inaki-Bergera\u00a9_15.jpg\" alt=\"PRODESA_Serrano-Arquitectura_I\u00f1aki-Bergera\u00a9_15\" width=\"1400\" height=\"933\" srcset=\"https:\/\/veredes.es\/blog\/wp-content\/uploads\/2025\/03\/PRODESA_Serrano-Arquitectura_Inaki-Bergera\u00a9_15.jpg 1400w, https:\/\/veredes.es\/blog\/wp-content\/uploads\/2025\/03\/PRODESA_Serrano-Arquitectura_Inaki-Bergera\u00a9_15-300x200.jpg 300w, https:\/\/veredes.es\/blog\/wp-content\/uploads\/2025\/03\/PRODESA_Serrano-Arquitectura_Inaki-Bergera\u00a9_15-1024x682.jpg 1024w, https:\/\/veredes.es\/blog\/wp-content\/uploads\/2025\/03\/PRODESA_Serrano-Arquitectura_Inaki-Bergera\u00a9_15-630x420.jpg 630w, https:\/\/veredes.es\/blog\/wp-content\/uploads\/2025\/03\/PRODESA_Serrano-Arquitectura_Inaki-Bergera\u00a9_15-696x464.jpg 696w, https:\/\/veredes.es\/blog\/wp-content\/uploads\/2025\/03\/PRODESA_Serrano-Arquitectura_Inaki-Bergera\u00a9_15-1068x712.jpg 1068w\" sizes=\"auto, (max-width: 1400px) 100vw, 1400px\" \/><figcaption id=\"caption-attachment-101458\" class=\"wp-caption-text\">Prodesa Headquarters | Serrano Arquitectura \u00a9 I\u00f1aki Bergera<\/figcaption><\/figure>\n<p style=\"text-align: justify;\">El proyecto para la sede central de PRODESA no solo responde a exigencias funcionales y operativas, sino que redefine el concepto de espacio de trabajo desde una perspectiva innovadora. Su dise\u00f1o promueve la eficiencia, el bienestar y la sostenibilidad, en un entorno flexible con diferentes formas de trabajo, consolidando un modelo arquitect\u00f3nico que refuerza la identidad corporativa y mejora el desempe\u00f1o empresarial.<\/p>\n<figure id=\"attachment_101452\" aria-describedby=\"caption-attachment-101452\" style=\"width: 1400px\" class=\"wp-caption alignnone\"><img loading=\"lazy\" decoding=\"async\" class=\"size-full wp-image-101452\" src=\"https:\/\/veredes.es\/blog\/wp-content\/uploads\/2025\/03\/PRODESA_Serrano-Arquitectura_Inaki-Bergera\u00a9_17.jpg\" alt=\"PRODESA_Serrano-Arquitectura_I\u00f1aki-Bergera\u00a9_17\" width=\"1400\" height=\"933\" srcset=\"https:\/\/veredes.es\/blog\/wp-content\/uploads\/2025\/03\/PRODESA_Serrano-Arquitectura_Inaki-Bergera\u00a9_17.jpg 1400w, https:\/\/veredes.es\/blog\/wp-content\/uploads\/2025\/03\/PRODESA_Serrano-Arquitectura_Inaki-Bergera\u00a9_17-300x200.jpg 300w, https:\/\/veredes.es\/blog\/wp-content\/uploads\/2025\/03\/PRODESA_Serrano-Arquitectura_Inaki-Bergera\u00a9_17-1024x682.jpg 1024w, https:\/\/veredes.es\/blog\/wp-content\/uploads\/2025\/03\/PRODESA_Serrano-Arquitectura_Inaki-Bergera\u00a9_17-630x420.jpg 630w, https:\/\/veredes.es\/blog\/wp-content\/uploads\/2025\/03\/PRODESA_Serrano-Arquitectura_Inaki-Bergera\u00a9_17-696x464.jpg 696w, https:\/\/veredes.es\/blog\/wp-content\/uploads\/2025\/03\/PRODESA_Serrano-Arquitectura_Inaki-Bergera\u00a9_17-1068x712.jpg 1068w\" sizes=\"auto, (max-width: 1400px) 100vw, 1400px\" \/><figcaption id=\"caption-attachment-101452\" class=\"wp-caption-text\"><span style=\"color: #999999;\">Prodesa Headquarters | Serrano Arquitectura \u00a9 I\u00f1aki Bergera<\/span><\/figcaption><\/figure>\n<p style=\"text-align: justify;\">PRODESA ha logrado no solo unificar su actividad productiva, sino tambi\u00e9n crear un entorno que inspira, motiva y fideliza a sus trabajadores, contribuyendo as\u00ed a la excelencia en la arquitectura corporativa.<\/p>\n<div id='gallery-3' class='gallery galleryid-101441 gallery-columns-4 gallery-size-thumbnail'><figure class='gallery-item'>\n\t\t\t<div class='gallery-icon landscape'>\n\t\t\t\t<a href='https:\/\/veredes.es\/blog\/wp-content\/uploads\/2025\/03\/PRODESA_Serrano-Arquitectura-1-Planta-baja-general.jpg'><img loading=\"lazy\" decoding=\"async\" width=\"120\" height=\"120\" src=\"https:\/\/veredes.es\/blog\/wp-content\/uploads\/2025\/03\/PRODESA_Serrano-Arquitectura-1-Planta-baja-general-120x120.jpg\" class=\"attachment-thumbnail size-thumbnail\" alt=\"\" aria-describedby=\"gallery-3-101460\" \/><\/a>\n\t\t\t<\/div>\n\t\t\t\t<figcaption class='wp-caption-text gallery-caption' id='gallery-3-101460'>\n\t\t\t\t Prodesa Headquarters | Serrano Arquitectura | Planta baja general\n\t\t\t\t<\/figcaption><\/figure><figure class='gallery-item'>\n\t\t\t<div class='gallery-icon landscape'>\n\t\t\t\t<a href='https:\/\/veredes.es\/blog\/wp-content\/uploads\/2025\/03\/PRODESA_Serrano-Arquitectura-2-Segunda-planta.jpg'><img loading=\"lazy\" decoding=\"async\" width=\"120\" height=\"120\" src=\"https:\/\/veredes.es\/blog\/wp-content\/uploads\/2025\/03\/PRODESA_Serrano-Arquitectura-2-Segunda-planta-120x120.jpg\" class=\"attachment-thumbnail size-thumbnail\" alt=\"\" aria-describedby=\"gallery-3-101461\" \/><\/a>\n\t\t\t<\/div>\n\t\t\t\t<figcaption class='wp-caption-text gallery-caption' id='gallery-3-101461'>\n\t\t\t\t Prodesa Headquarters | Serrano Arquitectura | Segunda planta\n\t\t\t\t<\/figcaption><\/figure><figure class='gallery-item'>\n\t\t\t<div class='gallery-icon landscape'>\n\t\t\t\t<a href='https:\/\/veredes.es\/blog\/wp-content\/uploads\/2025\/03\/PRODESA_Serrano-Arquitectura-3-Tercera-planta.jpg'><img loading=\"lazy\" decoding=\"async\" width=\"120\" height=\"120\" src=\"https:\/\/veredes.es\/blog\/wp-content\/uploads\/2025\/03\/PRODESA_Serrano-Arquitectura-3-Tercera-planta-120x120.jpg\" class=\"attachment-thumbnail size-thumbnail\" alt=\"\" aria-describedby=\"gallery-3-101462\" \/><\/a>\n\t\t\t<\/div>\n\t\t\t\t<figcaption class='wp-caption-text gallery-caption' id='gallery-3-101462'>\n\t\t\t\t Prodesa Headquarters | Serrano Arquitectura | Tercera planta\n\t\t\t\t<\/figcaption><\/figure><figure class='gallery-item'>\n\t\t\t<div class='gallery-icon landscape'>\n\t\t\t\t<a href='https:\/\/veredes.es\/blog\/wp-content\/uploads\/2025\/03\/PRODESA_Serrano-Arquitectura-4-Alzados.jpg'><img loading=\"lazy\" decoding=\"async\" width=\"120\" height=\"120\" src=\"https:\/\/veredes.es\/blog\/wp-content\/uploads\/2025\/03\/PRODESA_Serrano-Arquitectura-4-Alzados-120x120.jpg\" class=\"attachment-thumbnail size-thumbnail\" alt=\"\" aria-describedby=\"gallery-3-101463\" \/><\/a>\n\t\t\t<\/div>\n\t\t\t\t<figcaption class='wp-caption-text gallery-caption' id='gallery-3-101463'>\n\t\t\t\t Prodesa Headquarters | Serrano Arquitectura | Alzados\n\t\t\t\t<\/figcaption><\/figure><figure class='gallery-item'>\n\t\t\t<div class='gallery-icon landscape'>\n\t\t\t\t<a href='https:\/\/veredes.es\/blog\/wp-content\/uploads\/2025\/03\/PRODESA_Serrano-Arquitectura-5-Secciones.jpg'><img loading=\"lazy\" decoding=\"async\" width=\"120\" height=\"120\" src=\"https:\/\/veredes.es\/blog\/wp-content\/uploads\/2025\/03\/PRODESA_Serrano-Arquitectura-5-Secciones-120x120.jpg\" class=\"attachment-thumbnail size-thumbnail\" alt=\"\" aria-describedby=\"gallery-3-101464\" \/><\/a>\n\t\t\t<\/div>\n\t\t\t\t<figcaption class='wp-caption-text gallery-caption' id='gallery-3-101464'>\n\t\t\t\t Prodesa Headquarters | Serrano Arquitectura | Secciones\n\t\t\t\t<\/figcaption><\/figure><figure class='gallery-item'>\n\t\t\t<div class='gallery-icon portrait'>\n\t\t\t\t<a href='https:\/\/veredes.es\/blog\/wp-content\/uploads\/2025\/03\/PRODESA_Serrano-Arquitectura_Inaki-Bergera\u00a9_13.jpg'><img loading=\"lazy\" decoding=\"async\" width=\"120\" height=\"120\" src=\"https:\/\/veredes.es\/blog\/wp-content\/uploads\/2025\/03\/PRODESA_Serrano-Arquitectura_Inaki-Bergera\u00a9_13-120x120.jpg\" class=\"attachment-thumbnail size-thumbnail\" alt=\"PRODESA_Serrano-Arquitectura_I\u00f1aki-Bergera\u00a9_13\" aria-describedby=\"gallery-3-101465\" \/><\/a>\n\t\t\t<\/div>\n\t\t\t\t<figcaption class='wp-caption-text gallery-caption' id='gallery-3-101465'>\n\t\t\t\tProdesa Headquarters | Serrano Arquitectura \u00a9 I\u00f1aki Bergera\n\t\t\t\t<\/figcaption><\/figure><figure class='gallery-item'>\n\t\t\t<div class='gallery-icon landscape'>\n\t\t\t\t<a href='https:\/\/veredes.es\/blog\/wp-content\/uploads\/2025\/03\/PRODESA_Serrano-Arquitectura_Inaki-Bergera\u00a9_14.jpg'><img loading=\"lazy\" decoding=\"async\" width=\"120\" height=\"120\" src=\"https:\/\/veredes.es\/blog\/wp-content\/uploads\/2025\/03\/PRODESA_Serrano-Arquitectura_Inaki-Bergera\u00a9_14-120x120.jpg\" class=\"attachment-thumbnail size-thumbnail\" alt=\"PRODESA_Serrano-Arquitectura_I\u00f1aki-Bergera\u00a9_14\" aria-describedby=\"gallery-3-101466\" \/><\/a>\n\t\t\t<\/div>\n\t\t\t\t<figcaption class='wp-caption-text gallery-caption' id='gallery-3-101466'>\n\t\t\t\tProdesa Headquarters | Serrano Arquitectura \u00a9 I\u00f1aki Bergera\n\t\t\t\t<\/figcaption><\/figure><figure class='gallery-item'>\n\t\t\t<div class='gallery-icon landscape'>\n\t\t\t\t<a href='https:\/\/veredes.es\/blog\/wp-content\/uploads\/2025\/03\/PRODESA_Serrano-Arquitectura_Inaki-Bergera\u00a9_16.jpg'><img loading=\"lazy\" decoding=\"async\" width=\"120\" height=\"120\" src=\"https:\/\/veredes.es\/blog\/wp-content\/uploads\/2025\/03\/PRODESA_Serrano-Arquitectura_Inaki-Bergera\u00a9_16-120x120.jpg\" class=\"attachment-thumbnail size-thumbnail\" alt=\"\" aria-describedby=\"gallery-3-101467\" \/><\/a>\n\t\t\t<\/div>\n\t\t\t\t<figcaption class='wp-caption-text gallery-caption' id='gallery-3-101467'>\n\t\t\t\tProdesa Headquarters | Serrano Arquitectura \u00a9 I\u00f1aki Bergera\n\t\t\t\t<\/figcaption><\/figure>\n\t\t<\/div>\n\n<p style=\"text-align: justify;\">Obra: Prodesa Headquarters<br \/>\nUbicaci\u00f3n: Zaragoza, Espa\u00f1a<br \/>\nAutor: Serrano Arquitectura<br \/>\nArquitecto: Nicol\u00e1s Serrano Aull\u00f3<br \/>\nCliente: Prodesa Group<br \/>\nSuperficie total: 10.432 m2<br \/>\nSuperficie industrial:5.316 m2<br \/>\nSuperficie oficinas:5.116 m2<br \/>\nA\u00f1o: 2022-2024<br \/>\nIngenier\u00eda: SOCOTEC<br \/>\nArquitecto t\u00e9cnico: Sergio Sof\u00ed Crist\u00eda<br \/>\nMobiliario: Actiu, Euromof, Herpesa<br \/>\nFot\u00f3grafo: I\u00f1aki Bergera<br \/>\n<span style=\"color: #999999;\">+ serranoarquitectura.com\u00a0<\/span><\/p>\n","protected":false},"excerpt":{"rendered":"<p>Innovaci\u00f3n arquitect\u00f3nica al servicio del talento, la sostenibilidad y la expansi\u00f3n internacional. Prodesa, empresa aragonesa especializada en el dise\u00f1o y construcci\u00f3n de plantas de pellets de biomasa, ha inaugurado su nueva sede central en el Parque Tecnol\u00f3gico del Reciclado (PTR) de Zaragoza. Con una inversi\u00f3n de 10 millones de euros, este proyecto estrat\u00e9gico centraliza las [&hellip;]<\/p>\n","protected":false},"author":2,"featured_media":101452,"comment_status":"open","ping_status":"closed","sticky":false,"template":"","format":"standard","meta":{"footnotes":""},"categories":[34,49,23,5951],"tags":[17897,13754,12450,12452,17895,955,17896,1965],"class_list":{"0":"post-101441","1":"post","2":"type-post","3":"status-publish","4":"format-standard","5":"has-post-thumbnail","7":"category-arquitectura","8":"category-equipamiento-industrial","9":"category-obras","10":"category-slider-principal","11":"tag-arquitectura-aragonesa","12":"tag-arquitectura-zaragozana","13":"tag-equipamiento-industrial","14":"tag-equipamiento-terciario","15":"tag-nicolas-serrano-aullo","16":"tag-oficina","17":"tag-serrano-arquitectura","18":"tag-zaragoza"},"yoast_head":"<!-- This site is optimized with the Yoast SEO plugin v27.5 - https:\/\/yoast.com\/product\/yoast-seo-wordpress\/ -->\n<title>Prodesa Headquarters | Serrano Arquitectura - veredes<\/title>\n<meta name=\"description\" content=\"Toda la informaci\u00f3n sobre: Prodesa Headquarters | Serrano Arquitectura\" \/>\n<meta name=\"robots\" content=\"index, follow, max-snippet:-1, max-image-preview:large, max-video-preview:-1\" \/>\n<link rel=\"canonical\" href=\"https:\/\/veredes.es\/blog\/prodesa-headquarters-serrano-arquitectura\/\" \/>\n<meta property=\"og:locale\" content=\"es_ES\" \/>\n<meta property=\"og:type\" content=\"article\" \/>\n<meta property=\"og:title\" content=\"Prodesa Headquarters | Serrano Arquitectura - veredes\" \/>\n<meta property=\"og:description\" content=\"Toda la informaci\u00f3n sobre: Prodesa Headquarters | Serrano Arquitectura\" \/>\n<meta property=\"og:url\" content=\"https:\/\/veredes.es\/blog\/prodesa-headquarters-serrano-arquitectura\/\" \/>\n<meta property=\"og:site_name\" content=\"veredes, arquitectura y divulgaci\u00f3n\" \/>\n<meta property=\"article:publisher\" content=\"https:\/\/www.facebook.com\/veredesArquitecturayDivulgacion\/\" \/>\n<meta property=\"article:author\" content=\"https:\/\/www.facebook.com\/veredesArquitecturayDivulgacion\/\" \/>\n<meta property=\"article:published_time\" content=\"2025-03-25T23:01:53+00:00\" \/>\n<meta property=\"og:image\" content=\"https:\/\/veredes.es\/blog\/wp-content\/uploads\/2025\/03\/PRODESA_Serrano-Arquitectura_Inaki-Bergera\u00a9_17.jpg\" \/>\n\t<meta property=\"og:image:width\" content=\"1400\" \/>\n\t<meta property=\"og:image:height\" content=\"933\" \/>\n\t<meta property=\"og:image:type\" content=\"image\/jpeg\" \/>\n<meta name=\"author\" content=\"veredes\" \/>\n<meta name=\"twitter:card\" content=\"summary_large_image\" \/>\n<meta name=\"twitter:creator\" content=\"@https:\/\/twitter.com\/veredes\" \/>\n<meta name=\"twitter:site\" content=\"@veredes\" \/>\n<meta name=\"twitter:label1\" content=\"Escrito por\" \/>\n\t<meta name=\"twitter:data1\" content=\"veredes\" \/>\n\t<meta name=\"twitter:label2\" content=\"Tiempo de lectura\" \/>\n\t<meta name=\"twitter:data2\" content=\"6 minutos\" \/>\n<script type=\"application\/ld+json\" class=\"yoast-schema-graph\">{\"@context\":\"https:\\\/\\\/schema.org\",\"@graph\":[{\"@type\":\"Article\",\"@id\":\"https:\\\/\\\/veredes.es\\\/blog\\\/prodesa-headquarters-serrano-arquitectura\\\/#article\",\"isPartOf\":{\"@id\":\"https:\\\/\\\/veredes.es\\\/blog\\\/prodesa-headquarters-serrano-arquitectura\\\/\"},\"author\":{\"name\":\"veredes\",\"@id\":\"https:\\\/\\\/veredes.es\\\/blog\\\/#\\\/schema\\\/person\\\/0bbb669073ef7faba5168a0844e93d2c\"},\"headline\":\"Prodesa Headquarters | Serrano Arquitectura\",\"datePublished\":\"2025-03-25T23:01:53+00:00\",\"mainEntityOfPage\":{\"@id\":\"https:\\\/\\\/veredes.es\\\/blog\\\/prodesa-headquarters-serrano-arquitectura\\\/\"},\"wordCount\":787,\"commentCount\":0,\"publisher\":{\"@id\":\"https:\\\/\\\/veredes.es\\\/blog\\\/#organization\"},\"image\":{\"@id\":\"https:\\\/\\\/veredes.es\\\/blog\\\/prodesa-headquarters-serrano-arquitectura\\\/#primaryimage\"},\"thumbnailUrl\":\"https:\\\/\\\/veredes.es\\\/blog\\\/wp-content\\\/uploads\\\/2025\\\/03\\\/PRODESA_Serrano-Arquitectura_Inaki-Bergera\u00a9_17.jpg\",\"keywords\":[\"arquitectura aragonesa\",\"arquitectura zaragozana\",\"equipamiento industrial\",\"equipamiento terciario\",\"Nicol\u00e1s Serrano Aull\u00f3\",\"oficina\",\"Serrano Arquitectura\",\"Zaragoza\"],\"articleSection\":[\"arquitectura\",\"equipamiento industrial\",\"obras\",\"slider principal\"],\"inLanguage\":\"es\",\"potentialAction\":[{\"@type\":\"CommentAction\",\"name\":\"Comment\",\"target\":[\"https:\\\/\\\/veredes.es\\\/blog\\\/prodesa-headquarters-serrano-arquitectura\\\/#respond\"]}]},{\"@type\":\"WebPage\",\"@id\":\"https:\\\/\\\/veredes.es\\\/blog\\\/prodesa-headquarters-serrano-arquitectura\\\/\",\"url\":\"https:\\\/\\\/veredes.es\\\/blog\\\/prodesa-headquarters-serrano-arquitectura\\\/\",\"name\":\"Prodesa Headquarters | Serrano Arquitectura - veredes\",\"isPartOf\":{\"@id\":\"https:\\\/\\\/veredes.es\\\/blog\\\/#website\"},\"primaryImageOfPage\":{\"@id\":\"https:\\\/\\\/veredes.es\\\/blog\\\/prodesa-headquarters-serrano-arquitectura\\\/#primaryimage\"},\"image\":{\"@id\":\"https:\\\/\\\/veredes.es\\\/blog\\\/prodesa-headquarters-serrano-arquitectura\\\/#primaryimage\"},\"thumbnailUrl\":\"https:\\\/\\\/veredes.es\\\/blog\\\/wp-content\\\/uploads\\\/2025\\\/03\\\/PRODESA_Serrano-Arquitectura_Inaki-Bergera\u00a9_17.jpg\",\"datePublished\":\"2025-03-25T23:01:53+00:00\",\"description\":\"Toda la informaci\u00f3n sobre: Prodesa Headquarters | Serrano Arquitectura\",\"breadcrumb\":{\"@id\":\"https:\\\/\\\/veredes.es\\\/blog\\\/prodesa-headquarters-serrano-arquitectura\\\/#breadcrumb\"},\"inLanguage\":\"es\",\"potentialAction\":[{\"@type\":\"ReadAction\",\"target\":[\"https:\\\/\\\/veredes.es\\\/blog\\\/prodesa-headquarters-serrano-arquitectura\\\/\"]}]},{\"@type\":\"ImageObject\",\"inLanguage\":\"es\",\"@id\":\"https:\\\/\\\/veredes.es\\\/blog\\\/prodesa-headquarters-serrano-arquitectura\\\/#primaryimage\",\"url\":\"https:\\\/\\\/veredes.es\\\/blog\\\/wp-content\\\/uploads\\\/2025\\\/03\\\/PRODESA_Serrano-Arquitectura_Inaki-Bergera\u00a9_17.jpg\",\"contentUrl\":\"https:\\\/\\\/veredes.es\\\/blog\\\/wp-content\\\/uploads\\\/2025\\\/03\\\/PRODESA_Serrano-Arquitectura_Inaki-Bergera\u00a9_17.jpg\",\"width\":1400,\"height\":933,\"caption\":\"Prodesa Headquarters | Serrano Arquitectura \u00a9 I\u00f1aki Bergera\"},{\"@type\":\"BreadcrumbList\",\"@id\":\"https:\\\/\\\/veredes.es\\\/blog\\\/prodesa-headquarters-serrano-arquitectura\\\/#breadcrumb\",\"itemListElement\":[{\"@type\":\"ListItem\",\"position\":1,\"name\":\"Portada\",\"item\":\"https:\\\/\\\/veredes.es\\\/blog\\\/\"},{\"@type\":\"ListItem\",\"position\":2,\"name\":\"Prodesa Headquarters | Serrano Arquitectura\"}]},{\"@type\":\"WebSite\",\"@id\":\"https:\\\/\\\/veredes.es\\\/blog\\\/#website\",\"url\":\"https:\\\/\\\/veredes.es\\\/blog\\\/\",\"name\":\"veredes, arquitectura y divulgaci\u00f3n\",\"description\":\"veredes\",\"publisher\":{\"@id\":\"https:\\\/\\\/veredes.es\\\/blog\\\/#organization\"},\"alternateName\":\"veredes\",\"potentialAction\":[{\"@type\":\"SearchAction\",\"target\":{\"@type\":\"EntryPoint\",\"urlTemplate\":\"https:\\\/\\\/veredes.es\\\/blog\\\/?s={search_term_string}\"},\"query-input\":{\"@type\":\"PropertyValueSpecification\",\"valueRequired\":true,\"valueName\":\"search_term_string\"}}],\"inLanguage\":\"es\"},{\"@type\":\"Organization\",\"@id\":\"https:\\\/\\\/veredes.es\\\/blog\\\/#organization\",\"name\":\"veredes, arquitectura y divulgaci\u00f3n\",\"alternateName\":\"veredes\",\"url\":\"https:\\\/\\\/veredes.es\\\/blog\\\/\",\"logo\":{\"@type\":\"ImageObject\",\"inLanguage\":\"es\",\"@id\":\"https:\\\/\\\/veredes.es\\\/blog\\\/#\\\/schema\\\/logo\\\/image\\\/\",\"url\":\"https:\\\/\\\/veredes.es\\\/blog\\\/wp-content\\\/uploads\\\/2021\\\/12\\\/veredes-logo-centrado_140x54.png\",\"contentUrl\":\"https:\\\/\\\/veredes.es\\\/blog\\\/wp-content\\\/uploads\\\/2021\\\/12\\\/veredes-logo-centrado_140x54.png\",\"width\":140,\"height\":54,\"caption\":\"veredes, arquitectura y divulgaci\u00f3n\"},\"image\":{\"@id\":\"https:\\\/\\\/veredes.es\\\/blog\\\/#\\\/schema\\\/logo\\\/image\\\/\"},\"sameAs\":[\"https:\\\/\\\/www.facebook.com\\\/veredesArquitecturayDivulgacion\\\/\",\"https:\\\/\\\/x.com\\\/veredes\",\"https:\\\/\\\/instagram.com\\\/veredes\\\/\",\"https:\\\/\\\/www.linkedin.com\\\/company\\\/veredes-arquitectura-y-divulgacion\\\/\",\"https:\\\/\\\/es.pinterest.com\\\/veredes\\\/\",\"https:\\\/\\\/www.tumblr.com\\\/veredes\"]},{\"@type\":\"Person\",\"@id\":\"https:\\\/\\\/veredes.es\\\/blog\\\/#\\\/schema\\\/person\\\/0bbb669073ef7faba5168a0844e93d2c\",\"name\":\"veredes\",\"image\":{\"@type\":\"ImageObject\",\"inLanguage\":\"es\",\"@id\":\"https:\\\/\\\/veredes.es\\\/blog\\\/wp-content\\\/uploads\\\/2018\\\/04\\\/face-96x96.jpg\",\"url\":\"https:\\\/\\\/veredes.es\\\/blog\\\/wp-content\\\/uploads\\\/2018\\\/04\\\/face-96x96.jpg\",\"contentUrl\":\"https:\\\/\\\/veredes.es\\\/blog\\\/wp-content\\\/uploads\\\/2018\\\/04\\\/face-96x96.jpg\",\"caption\":\"veredes\"},\"description\":\"Surge enero de 2009 como b\u00fasqueda de satisfacer el conocimiento de la actividad arquitect\u00f3nica y tangentes que se generan. La idea es crear un espacio para divulgar los diversos proyectos en busca de nueva inspiraci\u00f3n y de intercambio.\",\"sameAs\":[\"https:\\\/\\\/veredes.es\\\/\",\"https:\\\/\\\/www.facebook.com\\\/veredesArquitecturayDivulgacion\\\/\",\"https:\\\/\\\/www.instagram.com\\\/veredes\\\/\",\"https:\\\/\\\/www.linkedin.com\\\/company\\\/veredes-arquitectura-y-divulgacion\\\/\",\"https:\\\/\\\/www.pinterest.es\\\/veredes\\\/\",\"https:\\\/\\\/x.com\\\/https:\\\/\\\/twitter.com\\\/veredes\",\"https:\\\/\\\/veredes.tumblr.com\\\/\"],\"url\":\"https:\\\/\\\/veredes.es\\\/blog\\\/author\\\/alberto\\\/\"}]}<\/script>\n<!-- \/ Yoast SEO plugin. -->","yoast_head_json":{"title":"Prodesa Headquarters | Serrano Arquitectura - veredes","description":"Toda la informaci\u00f3n sobre: Prodesa Headquarters | Serrano Arquitectura","robots":{"index":"index","follow":"follow","max-snippet":"max-snippet:-1","max-image-preview":"max-image-preview:large","max-video-preview":"max-video-preview:-1"},"canonical":"https:\/\/veredes.es\/blog\/prodesa-headquarters-serrano-arquitectura\/","og_locale":"es_ES","og_type":"article","og_title":"Prodesa Headquarters | Serrano Arquitectura - veredes","og_description":"Toda la informaci\u00f3n sobre: Prodesa Headquarters | Serrano Arquitectura","og_url":"https:\/\/veredes.es\/blog\/prodesa-headquarters-serrano-arquitectura\/","og_site_name":"veredes, arquitectura y divulgaci\u00f3n","article_publisher":"https:\/\/www.facebook.com\/veredesArquitecturayDivulgacion\/","article_author":"https:\/\/www.facebook.com\/veredesArquitecturayDivulgacion\/","article_published_time":"2025-03-25T23:01:53+00:00","og_image":[{"width":1400,"height":933,"url":"https:\/\/veredes.es\/blog\/wp-content\/uploads\/2025\/03\/PRODESA_Serrano-Arquitectura_Inaki-Bergera\u00a9_17.jpg","type":"image\/jpeg"}],"author":"veredes","twitter_card":"summary_large_image","twitter_creator":"@https:\/\/twitter.com\/veredes","twitter_site":"@veredes","twitter_misc":{"Escrito por":"veredes","Tiempo de lectura":"6 minutos"},"schema":{"@context":"https:\/\/schema.org","@graph":[{"@type":"Article","@id":"https:\/\/veredes.es\/blog\/prodesa-headquarters-serrano-arquitectura\/#article","isPartOf":{"@id":"https:\/\/veredes.es\/blog\/prodesa-headquarters-serrano-arquitectura\/"},"author":{"name":"veredes","@id":"https:\/\/veredes.es\/blog\/#\/schema\/person\/0bbb669073ef7faba5168a0844e93d2c"},"headline":"Prodesa Headquarters | Serrano Arquitectura","datePublished":"2025-03-25T23:01:53+00:00","mainEntityOfPage":{"@id":"https:\/\/veredes.es\/blog\/prodesa-headquarters-serrano-arquitectura\/"},"wordCount":787,"commentCount":0,"publisher":{"@id":"https:\/\/veredes.es\/blog\/#organization"},"image":{"@id":"https:\/\/veredes.es\/blog\/prodesa-headquarters-serrano-arquitectura\/#primaryimage"},"thumbnailUrl":"https:\/\/veredes.es\/blog\/wp-content\/uploads\/2025\/03\/PRODESA_Serrano-Arquitectura_Inaki-Bergera\u00a9_17.jpg","keywords":["arquitectura aragonesa","arquitectura zaragozana","equipamiento industrial","equipamiento terciario","Nicol\u00e1s Serrano Aull\u00f3","oficina","Serrano Arquitectura","Zaragoza"],"articleSection":["arquitectura","equipamiento industrial","obras","slider principal"],"inLanguage":"es","potentialAction":[{"@type":"CommentAction","name":"Comment","target":["https:\/\/veredes.es\/blog\/prodesa-headquarters-serrano-arquitectura\/#respond"]}]},{"@type":"WebPage","@id":"https:\/\/veredes.es\/blog\/prodesa-headquarters-serrano-arquitectura\/","url":"https:\/\/veredes.es\/blog\/prodesa-headquarters-serrano-arquitectura\/","name":"Prodesa Headquarters | Serrano Arquitectura - veredes","isPartOf":{"@id":"https:\/\/veredes.es\/blog\/#website"},"primaryImageOfPage":{"@id":"https:\/\/veredes.es\/blog\/prodesa-headquarters-serrano-arquitectura\/#primaryimage"},"image":{"@id":"https:\/\/veredes.es\/blog\/prodesa-headquarters-serrano-arquitectura\/#primaryimage"},"thumbnailUrl":"https:\/\/veredes.es\/blog\/wp-content\/uploads\/2025\/03\/PRODESA_Serrano-Arquitectura_Inaki-Bergera\u00a9_17.jpg","datePublished":"2025-03-25T23:01:53+00:00","description":"Toda la informaci\u00f3n sobre: Prodesa Headquarters | Serrano Arquitectura","breadcrumb":{"@id":"https:\/\/veredes.es\/blog\/prodesa-headquarters-serrano-arquitectura\/#breadcrumb"},"inLanguage":"es","potentialAction":[{"@type":"ReadAction","target":["https:\/\/veredes.es\/blog\/prodesa-headquarters-serrano-arquitectura\/"]}]},{"@type":"ImageObject","inLanguage":"es","@id":"https:\/\/veredes.es\/blog\/prodesa-headquarters-serrano-arquitectura\/#primaryimage","url":"https:\/\/veredes.es\/blog\/wp-content\/uploads\/2025\/03\/PRODESA_Serrano-Arquitectura_Inaki-Bergera\u00a9_17.jpg","contentUrl":"https:\/\/veredes.es\/blog\/wp-content\/uploads\/2025\/03\/PRODESA_Serrano-Arquitectura_Inaki-Bergera\u00a9_17.jpg","width":1400,"height":933,"caption":"Prodesa Headquarters | Serrano Arquitectura \u00a9 I\u00f1aki Bergera"},{"@type":"BreadcrumbList","@id":"https:\/\/veredes.es\/blog\/prodesa-headquarters-serrano-arquitectura\/#breadcrumb","itemListElement":[{"@type":"ListItem","position":1,"name":"Portada","item":"https:\/\/veredes.es\/blog\/"},{"@type":"ListItem","position":2,"name":"Prodesa Headquarters | Serrano Arquitectura"}]},{"@type":"WebSite","@id":"https:\/\/veredes.es\/blog\/#website","url":"https:\/\/veredes.es\/blog\/","name":"veredes, arquitectura y divulgaci\u00f3n","description":"veredes","publisher":{"@id":"https:\/\/veredes.es\/blog\/#organization"},"alternateName":"veredes","potentialAction":[{"@type":"SearchAction","target":{"@type":"EntryPoint","urlTemplate":"https:\/\/veredes.es\/blog\/?s={search_term_string}"},"query-input":{"@type":"PropertyValueSpecification","valueRequired":true,"valueName":"search_term_string"}}],"inLanguage":"es"},{"@type":"Organization","@id":"https:\/\/veredes.es\/blog\/#organization","name":"veredes, arquitectura y divulgaci\u00f3n","alternateName":"veredes","url":"https:\/\/veredes.es\/blog\/","logo":{"@type":"ImageObject","inLanguage":"es","@id":"https:\/\/veredes.es\/blog\/#\/schema\/logo\/image\/","url":"https:\/\/veredes.es\/blog\/wp-content\/uploads\/2021\/12\/veredes-logo-centrado_140x54.png","contentUrl":"https:\/\/veredes.es\/blog\/wp-content\/uploads\/2021\/12\/veredes-logo-centrado_140x54.png","width":140,"height":54,"caption":"veredes, arquitectura y divulgaci\u00f3n"},"image":{"@id":"https:\/\/veredes.es\/blog\/#\/schema\/logo\/image\/"},"sameAs":["https:\/\/www.facebook.com\/veredesArquitecturayDivulgacion\/","https:\/\/x.com\/veredes","https:\/\/instagram.com\/veredes\/","https:\/\/www.linkedin.com\/company\/veredes-arquitectura-y-divulgacion\/","https:\/\/es.pinterest.com\/veredes\/","https:\/\/www.tumblr.com\/veredes"]},{"@type":"Person","@id":"https:\/\/veredes.es\/blog\/#\/schema\/person\/0bbb669073ef7faba5168a0844e93d2c","name":"veredes","image":{"@type":"ImageObject","inLanguage":"es","@id":"https:\/\/veredes.es\/blog\/wp-content\/uploads\/2018\/04\/face-96x96.jpg","url":"https:\/\/veredes.es\/blog\/wp-content\/uploads\/2018\/04\/face-96x96.jpg","contentUrl":"https:\/\/veredes.es\/blog\/wp-content\/uploads\/2018\/04\/face-96x96.jpg","caption":"veredes"},"description":"Surge enero de 2009 como b\u00fasqueda de satisfacer el conocimiento de la actividad arquitect\u00f3nica y tangentes que se generan. La idea es crear un espacio para divulgar los diversos proyectos en busca de nueva inspiraci\u00f3n y de intercambio.","sameAs":["https:\/\/veredes.es\/","https:\/\/www.facebook.com\/veredesArquitecturayDivulgacion\/","https:\/\/www.instagram.com\/veredes\/","https:\/\/www.linkedin.com\/company\/veredes-arquitectura-y-divulgacion\/","https:\/\/www.pinterest.es\/veredes\/","https:\/\/x.com\/https:\/\/twitter.com\/veredes","https:\/\/veredes.tumblr.com\/"],"url":"https:\/\/veredes.es\/blog\/author\/alberto\/"}]}},"_links":{"self":[{"href":"https:\/\/veredes.es\/blog\/wp-json\/wp\/v2\/posts\/101441","targetHints":{"allow":["GET"]}}],"collection":[{"href":"https:\/\/veredes.es\/blog\/wp-json\/wp\/v2\/posts"}],"about":[{"href":"https:\/\/veredes.es\/blog\/wp-json\/wp\/v2\/types\/post"}],"author":[{"embeddable":true,"href":"https:\/\/veredes.es\/blog\/wp-json\/wp\/v2\/users\/2"}],"replies":[{"embeddable":true,"href":"https:\/\/veredes.es\/blog\/wp-json\/wp\/v2\/comments?post=101441"}],"version-history":[{"count":0,"href":"https:\/\/veredes.es\/blog\/wp-json\/wp\/v2\/posts\/101441\/revisions"}],"wp:featuredmedia":[{"embeddable":true,"href":"https:\/\/veredes.es\/blog\/wp-json\/wp\/v2\/media\/101452"}],"wp:attachment":[{"href":"https:\/\/veredes.es\/blog\/wp-json\/wp\/v2\/media?parent=101441"}],"wp:term":[{"taxonomy":"category","embeddable":true,"href":"https:\/\/veredes.es\/blog\/wp-json\/wp\/v2\/categories?post=101441"},{"taxonomy":"post_tag","embeddable":true,"href":"https:\/\/veredes.es\/blog\/wp-json\/wp\/v2\/tags?post=101441"}],"curies":[{"name":"wp","href":"https:\/\/api.w.org\/{rel}","templated":true}]}}