{"id":101153,"date":"2025-02-14T00:01:21","date_gmt":"2025-02-13T23:01:21","guid":{"rendered":"https:\/\/veredes.es\/blog\/?p=101153"},"modified":"2025-01-30T21:07:46","modified_gmt":"2025-01-30T20:07:46","slug":"arquitectos-en-la-escuela-de-cine-jorge-gorostiza","status":"publish","type":"post","link":"https:\/\/veredes.es\/blog\/arquitectos-en-la-escuela-de-cine-jorge-gorostiza\/","title":{"rendered":"Arquitectos en la escuela de cine | Jorge Gorostiza"},"content":{"rendered":"<figure id=\"attachment_101154\" aria-describedby=\"caption-attachment-101154\" style=\"width: 750px\" class=\"wp-caption alignnone\"><img loading=\"lazy\" decoding=\"async\" class=\"wp-image-101154\" title=\"Arquitectos en la escuela de cine Jorge Gorostiza Matem\u00e1ticas en primavera (Florentino Soria, 1949)\" src=\"https:\/\/veredes.es\/blog\/wp-content\/uploads\/2025\/01\/Arquitectos-en-la-escuela-de-cine-Jorge-Gorostiza-Matematicas-en-primavera-Florentino-Soria-1949.jpg\" alt=\"Arquitectos en la escuela de cine Jorge Gorostiza Matem\u00e1ticas en primavera (Florentino Soria, 1949)\" width=\"750\" height=\"719\" srcset=\"https:\/\/veredes.es\/blog\/wp-content\/uploads\/2025\/01\/Arquitectos-en-la-escuela-de-cine-Jorge-Gorostiza-Matematicas-en-primavera-Florentino-Soria-1949.jpg 337w, https:\/\/veredes.es\/blog\/wp-content\/uploads\/2025\/01\/Arquitectos-en-la-escuela-de-cine-Jorge-Gorostiza-Matematicas-en-primavera-Florentino-Soria-1949-300x288.jpg 300w\" sizes=\"auto, (max-width: 750px) 100vw, 750px\" \/><figcaption id=\"caption-attachment-101154\" class=\"wp-caption-text\"><span style=\"color: #999999;\">Matem\u00e1ticas en primavera (Florentino Soria, 1949)<\/span><\/figcaption><\/figure>\n<p style=\"text-align: justify;\"><a href=\"https:\/\/conoceralautor.es\/autores\/asier-aranzubia-cob\/\" target=\"_blank\" rel=\"noopener\">Asier Aranzubia<\/a>\u00a0y\u00a0<a href=\"https:\/\/www.usc.gal\/es\/departamento\/ciencias-comunicacion\/directorio\/jose-luis-castro-paz-158085\" target=\"_blank\" rel=\"noopener\">Jos\u00e9 Luis Castro de Paz<\/a>,\u00a0han terminado un trabajo, que recibi\u00f3 una\u00a0<a href=\"https:\/\/www.academiadecine.com\/ayudas-berlanga\/\" target=\"_blank\" rel=\"noopener\">ayuda a la investigaci\u00f3n cinematogr\u00e1fica<\/a>\u00a0de\u00a0la\u00a0<a href=\"https:\/\/www.academiadecine.com\/\" target=\"_blank\" rel=\"noopener\">Academia de Cine<\/a>, titulado\u00a0<em><a href=\"https:\/\/www.academiadecine.com\/2021\/01\/05\/lugar-y-significacion-de-las-practicas-del-iiec-eoc-dentro-del-cine-espanol-del-periodo-franquista\/\" target=\"_blank\" rel=\"noopener\">Lugar y significaci\u00f3n de las pr\u00e1cticas del IIEC &#8211; EOC dentro del cine espa\u00f1ol del periodo franquista<\/a><\/em><i>.\u00a0<\/i>El primero\u00a0me ha facilitado una lista, confeccionada por\u00a0<a href=\"https:\/\/es.wikipedia.org\/wiki\/Santiago_Aguilar_Alvear\" target=\"_blank\" rel=\"noopener\">Santiago Aguilar<\/a>, con todos los matriculados y titulados en la especialidad de Decoraci\u00f3n de esa escuela de cine, que primero se denomin\u00f3 IIEC y luego EOC.<\/p>\n<p style=\"text-align: justify;\">Los profesionales que estudiaron en esos centros y trabajaron en el cine est\u00e1n recogidos en mi libro\u00a0<i><a href=\"https:\/\/amzn.to\/40Q9YcV\" target=\"_blank\" rel=\"noopener\">Directores art\u00edsticos del cine espa\u00f1ol<\/a><\/i>, pero evidentemente no est\u00e1n los que solo se matricularon y no acabaron o lo hicieron, pero nunca aparecieron en los t\u00edtulos de cr\u00e9dito de alguna pel\u00edcula.<\/p>\n<p style=\"text-align: justify;\">Esta lista comprende ciento diecis\u00e9is personas, las cincuenta y ocho que se titularon en Decoraci\u00f3n y las otras cincuenta y ocho que ingresaron pero no llegaron a obtener el t\u00edtulo. Del total tengo datos de la mitad, veinticuatro trabajaron en el cine y ya aparec\u00edan en el libro antes citado, y he obtenido informaci\u00f3n sobre los treinta y cuatro restantes.<\/p>\n<p style=\"text-align: justify;\">Revis\u00e1ndola he encontrado catorce arquitectos que iniciaron sus estudios, de ellos nueve no la finalizaron y cinco se titularon. Antes de continuar hay que mencionar al reconocido arquitecto\u00a0<a href=\"https:\/\/es.wikipedia.org\/wiki\/Luis_Mart%C3%ADnez-Feduchi\" target=\"_blank\" rel=\"noopener\">Luis Mart\u00ednez Feduchi<\/a>,\u00a0relacionado con la escuela de cine, aunque no por ser alumno, sino\u00a0profesor de la especialidad de Decoraci\u00f3n del IIEC, durante dos cursos.<\/p>\n<p style=\"text-align: justify;\">En 1948 -un a\u00f1o despu\u00e9s de la fundaci\u00f3n del\u00a0<a href=\"https:\/\/patrimonio.industriales.upm.es\/el-instituto-de-investigaciones-y-experiencias-cinematograficas-iiec\/\" target=\"_blank\" rel=\"noopener\">IIEC<\/a> (Instituto de Investigaciones y Experiencias Cinematogr\u00e1ficas)-, ingresaron los dos primeros arquitectos:\u00a0<a href=\"https:\/\/dialnet.unirioja.es\/servlet\/autor?codigo=553389\" target=\"_blank\" rel=\"noopener\">Ignacio G\u00e1rate Rojas<\/a>\u00a0(1922) y\u00a0<a href=\"https:\/\/www.coam.org\/media\/Default%20Files\/fundacion\/biblioteca\/catalogo\/docs\/2016\/marcosgutierrez.pdf\" target=\"_blank\" rel=\"noopener\">Antonio Quesada Quesada<\/a>\u00a0(1906 &#8211; 1975),\u00a0el primero fue despu\u00e9s especialista en restauraci\u00f3n de edificaciones, y el segundo trabaj\u00f3 en la Direcci\u00f3n General de Regiones Devastadas.<\/p>\n<p style=\"text-align: justify;\">En 1949 entraron Francisco Carbajosa Iznaola, que trabaj\u00f3 en el Instituto Nacional de Urbanizaci\u00f3n del Ministerio de la Vivienda\u00a0y\u00a0<a href=\"https:\/\/docomomoiberico.com\/autoria\/manuel-de-la-pena-suarez\/\" target=\"_blank\" rel=\"noopener\">Manuel de la Pe\u00f1a Su\u00e1rez<\/a> (1922-2008), quien desarroll\u00f3 casi toda su carrera en Las Palmas de Gran Canaria, construyendo una serie de edificios notables, y obtuvo el t\u00edtulo de arquitecto dos a\u00f1os despu\u00e9s de haber ingresado en el IIEC.<\/p>\n<p style=\"text-align: justify;\">En 1951 ingres\u00f3\u00a0<a href=\"http:\/\/www.pazarquitectos.es\/estudio\" target=\"_blank\" rel=\"noopener\">Jos\u00e9 Paz Rodr\u00edguez<\/a> (1922-2005), el a\u00f1o siguiente, <a href=\"https:\/\/docomomoiberico.com\/autoria\/francisco-cabrera-carral\/\" target=\"_blank\" rel=\"noopener\">Francisco Cabrera Carra<\/a>l; y en 1963\u00a0<a href=\"https:\/\/www.coam.org\/es\/red-arquitectos\/ficha\/guillermo-yanez-parareda\/2339\" target=\"_blank\" rel=\"noopener\">Guillermo Y\u00e1\u00f1ez Parareda<\/a>, los tres tuvieron estudios abiertos en Madrid y trabajaron, sobre todo, en esa ciudad.<\/p>\n<p style=\"text-align: justify;\">En 1962 la escuela cambia su nombre pasando a denominarse\u00a0<a href=\"https:\/\/es.wikipedia.org\/wiki\/Escuela_Oficial_de_Cine\" target=\"_blank\" rel=\"noopener\">EOC<\/a>\u00a0(Escuela Oficial de Cinematograf\u00eda). Seis a\u00f1os despu\u00e9s,\u00a0ingresaron las dos primeras arquitectas;\u00a0<a href=\"https:\/\/www.coam.org\/es\/red-arquitectos\/ficha\/emilia-checa-moran\/2017\" target=\"_blank\" rel=\"noopener\">Emilia Checa Mor\u00e1n<\/a>, que trabaj\u00f3 en Madrid,\u00a0y la chilena\u00a0<a href=\"https:\/\/es.wikipedia.org\/wiki\/Glenda_Kapstein_Lomboy\" target=\"_blank\" rel=\"noopener\">Glenda Kapstein Lomboy<\/a> (1939-2008), que vivi\u00f3 en esa ciudad entre 1967 y 1979, teniendo una larga y reconocida carrera profesional en su pa\u00eds. Respecto a las alumnas de la especialidad de decoraci\u00f3n, se debe mencionar que en la primera promoci\u00f3n se matricul\u00f3 Enriqueta Ruiz del Rey y la primera que se titul\u00f3 fue Mar\u00eda del Perpetuo Socoro Mambrilla Su\u00e1rez que tambi\u00e9n pertenec\u00eda a esa promoci\u00f3n de 1947, ninguna de ellas apareci\u00f3 en los t\u00edtulos de cr\u00e9dito de alguna pel\u00edcula espa\u00f1ola.<\/p>\n<p style=\"text-align: justify;\">En 1969 ingres\u00f3\u00a0<a href=\"https:\/\/www.upm.es\/observatorio\/vi\/index.jsp?pageac=investigador.jsp&amp;idInvestigador=7392\" target=\"_blank\" rel=\"noopener\">Luis Antonio Guti\u00e9rrez Cabrero<\/a>, el primer arquitecto que redact\u00f3 en Espa\u00f1a una tesis doctoral sobre las relaciones entre cine y arquitectura, un extraordinario profesor durante muchos a\u00f1os en la Escuela de Arquitectura de la UPM y un investigador -e instigador- fundamental en la historia de los estudios sobre cine y arquitectura en el mundo hispano. Por \u00faltimo, en 1970 ingres\u00f3 <a href=\"https:\/\/openhousepalma.org\/es\/edificios\/biblioteca-de-can-sales\/\" target=\"_blank\" rel=\"noopener\">Jos\u00e9 Luis Mart\u00edn Clavo<\/a> especialista, entre otros temas, en edificios destinados a bibliotecas.<\/p>\n<p style=\"text-align: justify;\">Ninguno de todos los antes mencionados finaliz\u00f3 sus estudios en la escuela de cine.\u00a0El primero que s\u00ed acab\u00f3 fue\u00a0<a href=\"https:\/\/gdconsulting.es\/equipo\/\" target=\"_blank\" rel=\"noopener\">Rafael Garc\u00eda Di\u00e9guez<\/a>, que ingres\u00f3 en 1953, obtuvo el t\u00edtulo de arquitecto en 1964 y ese a\u00f1o abri\u00f3 un estudio profesional, compaginando esa actividad con la docencia, llegando a ser Catedr\u00e1tico Em\u00e9rito Honorario en la Universidad de Sevilla.<\/p>\n<p style=\"text-align: justify;\">En 1960 ingres\u00f3\u00a0<a href=\"https:\/\/es.linkedin.com\/in\/jos%C3%A9-antonio-nombela-serrano-39a350212\" target=\"_blank\" rel=\"noopener\">Jos\u00e9 Antonio Nombela Serrano<\/a>,\u00a0arquitecto especializado, entre otras tipolog\u00edas, en parques de atracciones acu\u00e1ticas.\u00a0Tres a\u00f1os despu\u00e9s,\u00a0<a href=\"https:\/\/sevilla.abc.es\/20080921\/sevilla-sevilla\/amistad-obra-arte-suprema-20080921.html\" target=\"_blank\" rel=\"noopener\">Jorge Disdier Anto\u00f1anzas<\/a>\u00a0(1943) arquitecto, pintor, escritor y director de documentales para televisi\u00f3n.<\/p>\n<p style=\"text-align: justify;\">En 1966 ingres\u00f3\u00a0<a href=\"https:\/\/es.linkedin.com\/in\/juan-carlos-martin-de-vidales-69157168\" target=\"_blank\" rel=\"noopener\">Juan Carlos Mart\u00edn de Vidales<\/a>, que ha compaginado su actividad arquitect\u00f3nica con la pintura; y por \u00faltimo en 1970,\u00a0<a href=\"https:\/\/es.wikipedia.org\/wiki\/Fernando_Colomo\" target=\"_blank\" rel=\"noopener\">Fernando Colomo<\/a>, que intent\u00f3 matricularse en la EOC, pero no ten\u00eda aun los veinti\u00fan a\u00f1os exigidos para hacerlo, por lo que eligi\u00f3 Arquitectura y siendo todav\u00eda estudiante de esa carrera, quiso ingresar en la especialidad de Direcci\u00f3n, pero no pudo y lo hizo en Decoraci\u00f3n. Seg\u00fan me cont\u00f3\u00a0<a href=\"https:\/\/es.wikipedia.org\/wiki\/F%C3%A9lix_Murcia\" target=\"_blank\" rel=\"noopener\">F\u00e9lix Murcia<\/a>, Colomo fue el \u00faltimo alumno de la escuela, que se mantuvo abierta hasta que obtuvo el t\u00edtulo.<\/p>\n<p style=\"text-align: justify;\">Como se dec\u00eda antes, solo se titularon cinco arquitectos y ninguno de ellos -salvo el \u00faltimo en una pr\u00e1ctica de la EOC y un largometraje-, trabaj\u00f3 como director art\u00edstico cinematogr\u00e1fico.<\/p>\n<figure id=\"attachment_101155\" aria-describedby=\"caption-attachment-101155\" style=\"width: 925px\" class=\"wp-caption alignnone\"><img loading=\"lazy\" decoding=\"async\" class=\"wp-image-101155 size-full\" title=\"Arquitectos en la escuela de cine Jorge Gorostiza Cubierta del libro editado por la ATC con datos de sus asociados, alumnos de IIEC - EOC, Madrid 1982\" src=\"https:\/\/veredes.es\/blog\/wp-content\/uploads\/2025\/01\/Arquitectos-en-la-escuela-de-cine-Jorge-Gorostiza-Cubierta-del-libro-editado-por-la-ATC-con-datos-de-sus-asociados-alumnos-de-IIEC-EOC-Madrid-1982.jpg\" alt=\"Arquitectos en la escuela de cine Jorge Gorostiza Cubierta del libro editado por la ATC con datos de sus asociados, alumnos de IIEC - EOC, Madrid 1982\" width=\"925\" height=\"1206\" srcset=\"https:\/\/veredes.es\/blog\/wp-content\/uploads\/2025\/01\/Arquitectos-en-la-escuela-de-cine-Jorge-Gorostiza-Cubierta-del-libro-editado-por-la-ATC-con-datos-de-sus-asociados-alumnos-de-IIEC-EOC-Madrid-1982.jpg 925w, https:\/\/veredes.es\/blog\/wp-content\/uploads\/2025\/01\/Arquitectos-en-la-escuela-de-cine-Jorge-Gorostiza-Cubierta-del-libro-editado-por-la-ATC-con-datos-de-sus-asociados-alumnos-de-IIEC-EOC-Madrid-1982-230x300.jpg 230w, https:\/\/veredes.es\/blog\/wp-content\/uploads\/2025\/01\/Arquitectos-en-la-escuela-de-cine-Jorge-Gorostiza-Cubierta-del-libro-editado-por-la-ATC-con-datos-de-sus-asociados-alumnos-de-IIEC-EOC-Madrid-1982-785x1024.jpg 785w, https:\/\/veredes.es\/blog\/wp-content\/uploads\/2025\/01\/Arquitectos-en-la-escuela-de-cine-Jorge-Gorostiza-Cubierta-del-libro-editado-por-la-ATC-con-datos-de-sus-asociados-alumnos-de-IIEC-EOC-Madrid-1982-322x420.jpg 322w, https:\/\/veredes.es\/blog\/wp-content\/uploads\/2025\/01\/Arquitectos-en-la-escuela-de-cine-Jorge-Gorostiza-Cubierta-del-libro-editado-por-la-ATC-con-datos-de-sus-asociados-alumnos-de-IIEC-EOC-Madrid-1982-696x907.jpg 696w\" sizes=\"auto, (max-width: 925px) 100vw, 925px\" \/><figcaption id=\"caption-attachment-101155\" class=\"wp-caption-text\"><span style=\"color: #999999;\">Cubierta del libro editado por la ATC con datos de sus asociados, alumnos de IIEC &#8211; EOC, Madrid 1982<\/span><\/figcaption><\/figure>\n<p style=\"text-align: justify;\">Adem\u00e1s de arquitectos hubo otros profesionales afines que ingresaron en la escuela, entre ellos un aparejador, un delineante, cuatro interioristas, as\u00ed como dos dise\u00f1adores de muebles:\u00a0<a href=\"https:\/\/oa.upm.es\/69748\/1\/TFG_Enero22_Molina_Vaquerizo_Alejandro.pdf\" target=\"_blank\" rel=\"noopener\">Luis Moreno de Cala<\/a>\u00a0y\u00a0<a href=\"https:\/\/ruc.udc.es\/dspace\/bitstream\/handle\/2183\/18008\/Rio%20Vazquez_Utop%C3%ADa%20Industrial.pdf?sequence=2&amp;isAllowed=y\" target=\"_blank\" rel=\"noopener\">Jes\u00fas de la Sota Mart\u00ednez<\/a> -hermano del gran arquitecto\u00a0<a href=\"https:\/\/alejandrodelasota.org\/\" target=\"_blank\" rel=\"noopener\">Alejandro de la Sota<\/a>-, ambos con una fruct\u00edfera carrera.<\/p>\n<p style=\"text-align: justify;\">Las profesiones que m\u00e1s se repiten son las relacionadas con las artes pl\u00e1sticas, veintis\u00e9is artistas, entre ellos pintores conocidos, como\u00a0<a href=\"https:\/\/www.cultura.gob.es\/cultura\/areas\/promociondelarte\/mc\/premiosbbaa\/pn-artes-plasticas\/pnap\/premiados\/premioartes2003.html\" target=\"_blank\" rel=\"noopener\">Alfredo Alca\u00edn<\/a>,\u00a0<a href=\"https:\/\/fcmanrique.org\/inicio\/\" target=\"_blank\" rel=\"noopener\">C\u00e9sar Manrique<\/a>,\u00a0<a href=\"https:\/\/es.wikipedia.org\/wiki\/Gin%C3%A9s_Li%C3%A9bana\" target=\"_blank\" rel=\"noopener\">Gin\u00e9s Li\u00e9bana<\/a>\u00a0y\u00a0<a href=\"https:\/\/dbe.rah.es\/biografias\/69537\/jose-paredes-jardiel\" target=\"_blank\" rel=\"noopener\">Jos\u00e9 Paredes Jardiel<\/a>, as\u00ed como un dibujante de c\u00f3mics,\u00a0<a href=\"https:\/\/www.tebeosfera.com\/autores\/maidagan_goenechea_federico.html\" target=\"_blank\" rel=\"noopener\">Federico Maidag\u00e1n Goenechea<\/a>,\u00a0y un ilustrador,\u00a0<a href=\"https:\/\/www.google.com\/search?q=%22pablo+Ram%C3%ADrez+D%C3%ADaz%22&amp;rlz=1C1UEAD_esES1078ES1078&amp;oq=%22pablo+Ram%C3%ADrez+D%C3%ADaz%22&amp;gs_lcrp=EgZjaHJvbWUyBggAEEUYOTIICAEQABgWGB7SAQoxMDExNGowajE1qAIIsAIB&amp;sourceid=chrome&amp;ie=UTF-8\" target=\"_blank\" rel=\"noopener\">Pablo Ram\u00edrez D\u00edaz<\/a>.<\/p>\n<p style=\"text-align: justify;\">Por \u00faltimo hay que mencionar a quienes tuvieron otras profesiones que no parecen muy afines a la escenograf\u00eda, como un pol\u00edtico, un profesor de ingl\u00e9s y dos personas relacionadas con los cuerpos de seguridad del Estado, una ingres\u00f3 en la Academia Especial de la Polic\u00eda Armada y la otra en la Escuela General de Polic\u00eda, no se ha encontrado informaci\u00f3n de que acabaran sus estudios en esas escuelas y si as\u00ed fuera, su trabajo pudo consistir en infiltrarse en la EOC como \u00absociales\u00bb -como entonces se denominaba a ese tipo de polic\u00edas-, lo que s\u00ed es cierto, es que se titularon como directores art\u00edsticos, aunque no aparecieron en los cr\u00e9ditos de alguna pel\u00edcula.<\/p>\n","protected":false},"excerpt":{"rendered":"<p>Asier Aranzubia\u00a0y\u00a0Jos\u00e9 Luis Castro de Paz,\u00a0han terminado un trabajo, que recibi\u00f3 una\u00a0ayuda a la investigaci\u00f3n cinematogr\u00e1fica\u00a0de\u00a0la\u00a0Academia de Cine, titulado\u00a0Lugar y significaci\u00f3n de las pr\u00e1cticas del IIEC &#8211; EOC dentro del cine espa\u00f1ol del periodo franquista.\u00a0El primero\u00a0me ha facilitado una lista, confeccionada por\u00a0Santiago Aguilar, con todos los matriculados y titulados en la especialidad de Decoraci\u00f3n de [&hellip;]<\/p>\n","protected":false},"author":34,"featured_media":101155,"comment_status":"open","ping_status":"closed","sticky":false,"template":"","format":"standard","meta":{"footnotes":""},"categories":[3,1460,5951],"tags":[17860,11184,12448,2631,17858,6701,12471,17865,17868,12552,6035,17861,17866,17863,17859,4025,1593,17870,17823,17867,17864,5761,8909,17871,17862,17869],"class_list":{"0":"post-101153","1":"post","2":"type-post","3":"status-publish","4":"format-standard","5":"has-post-thumbnail","7":"category-capturas","8":"category-cine","9":"category-slider-principal","10":"tag-antonio-quesada-quesada","11":"tag-arquitectos-y-cineastas","13":"tag-arquitectura-espanola","14":"tag-asier-aranzubia","15":"tag-cesar-manrique","16":"tag-cine","17":"tag-emilia-checa-moran","18":"tag-enriqueta-ruiz-del-rey","19":"tag-fernando-colomo","20":"tag-francisco-cabrera","21":"tag-francisco-carbajosa-iznaola","22":"tag-glenda-kapstein-lomboy","23":"tag-guillermo-yanez-parareda","24":"tag-ignacio-garate-rojas","25":"tag-jesus-de-la-sota","26":"tag-jorge-gorostiza","27":"tag-jose-antonio-nombela-serrano","28":"tag-jose-luis-castro-de-paz","29":"tag-jose-luis-martin-clavo","30":"tag-jose-paz-rodriguez","31":"tag-luis-antonio-gutierrez-cabrero","32":"tag-luis-martinez-feduchi-ruiz","33":"tag-luis-moreno-de-cala","34":"tag-manuel-de-la-pena-suarez","35":"tag-maria-del-perpetuo-socoro-mambrilla-suarez"},"yoast_head":"<!-- This site is optimized with the Yoast SEO plugin v27.5 - https:\/\/yoast.com\/product\/yoast-seo-wordpress\/ -->\n<title>Arquitectos en la escuela de cine | Jorge Gorostiza - veredes<\/title>\n<meta name=\"description\" content=\"Toda la informaci\u00f3n sobre: Arquitectos en la escuela de cine | Jorge Gorostiza\" \/>\n<meta name=\"robots\" content=\"index, follow, max-snippet:-1, max-image-preview:large, max-video-preview:-1\" \/>\n<link rel=\"canonical\" href=\"https:\/\/veredes.es\/blog\/arquitectos-en-la-escuela-de-cine-jorge-gorostiza\/\" \/>\n<meta property=\"og:locale\" content=\"es_ES\" \/>\n<meta property=\"og:type\" content=\"article\" \/>\n<meta property=\"og:title\" content=\"Arquitectos en la escuela de cine | Jorge Gorostiza - veredes\" \/>\n<meta property=\"og:description\" content=\"Toda la informaci\u00f3n sobre: Arquitectos en la escuela de cine | Jorge Gorostiza\" \/>\n<meta property=\"og:url\" content=\"https:\/\/veredes.es\/blog\/arquitectos-en-la-escuela-de-cine-jorge-gorostiza\/\" \/>\n<meta property=\"og:site_name\" content=\"veredes, arquitectura y divulgaci\u00f3n\" \/>\n<meta property=\"article:publisher\" content=\"https:\/\/www.facebook.com\/veredesArquitecturayDivulgacion\/\" \/>\n<meta property=\"article:author\" content=\"https:\/\/www.facebook.com\/gorostiza\" \/>\n<meta property=\"article:published_time\" content=\"2025-02-13T23:01:21+00:00\" \/>\n<meta property=\"og:image\" content=\"https:\/\/veredes.es\/blog\/wp-content\/uploads\/2025\/01\/Arquitectos-en-la-escuela-de-cine-Jorge-Gorostiza-Cubierta-del-libro-editado-por-la-ATC-con-datos-de-sus-asociados-alumnos-de-IIEC-EOC-Madrid-1982.jpg\" \/>\n\t<meta property=\"og:image:width\" content=\"925\" \/>\n\t<meta property=\"og:image:height\" content=\"1206\" \/>\n\t<meta property=\"og:image:type\" content=\"image\/jpeg\" \/>\n<meta name=\"author\" content=\"Jorge Gorostiza\" \/>\n<meta name=\"twitter:card\" content=\"summary_large_image\" \/>\n<meta name=\"twitter:creator\" content=\"@https:\/\/twitter.com\/jorgegorostiza\" \/>\n<meta name=\"twitter:site\" content=\"@veredes\" \/>\n<meta name=\"twitter:label1\" content=\"Escrito por\" \/>\n\t<meta name=\"twitter:data1\" content=\"Jorge Gorostiza\" \/>\n\t<meta name=\"twitter:label2\" content=\"Tiempo de lectura\" \/>\n\t<meta name=\"twitter:data2\" content=\"6 minutos\" \/>\n<script type=\"application\/ld+json\" class=\"yoast-schema-graph\">{\"@context\":\"https:\\\/\\\/schema.org\",\"@graph\":[{\"@type\":\"Article\",\"@id\":\"https:\\\/\\\/veredes.es\\\/blog\\\/arquitectos-en-la-escuela-de-cine-jorge-gorostiza\\\/#article\",\"isPartOf\":{\"@id\":\"https:\\\/\\\/veredes.es\\\/blog\\\/arquitectos-en-la-escuela-de-cine-jorge-gorostiza\\\/\"},\"author\":{\"name\":\"Jorge Gorostiza\",\"@id\":\"https:\\\/\\\/veredes.es\\\/blog\\\/#\\\/schema\\\/person\\\/3f2d8efdf175df3cfcfa51a2b06cc527\"},\"headline\":\"Arquitectos en la escuela de cine | Jorge Gorostiza\",\"datePublished\":\"2025-02-13T23:01:21+00:00\",\"mainEntityOfPage\":{\"@id\":\"https:\\\/\\\/veredes.es\\\/blog\\\/arquitectos-en-la-escuela-de-cine-jorge-gorostiza\\\/\"},\"wordCount\":1129,\"commentCount\":0,\"publisher\":{\"@id\":\"https:\\\/\\\/veredes.es\\\/blog\\\/#organization\"},\"image\":{\"@id\":\"https:\\\/\\\/veredes.es\\\/blog\\\/arquitectos-en-la-escuela-de-cine-jorge-gorostiza\\\/#primaryimage\"},\"thumbnailUrl\":\"https:\\\/\\\/veredes.es\\\/blog\\\/wp-content\\\/uploads\\\/2025\\\/01\\\/Arquitectos-en-la-escuela-de-cine-Jorge-Gorostiza-Cubierta-del-libro-editado-por-la-ATC-con-datos-de-sus-asociados-alumnos-de-IIEC-EOC-Madrid-1982.jpg\",\"keywords\":[\"Antonio Quesada Quesada\",\"arquitectos y cineastas\",\"arquitectura\",\"arquitectura espa\u00f1ola\",\"Asier Aranzubia\",\"C\u00e9sar Manrique\",\"cine\",\"Emilia Checa Mor\u00e1n\",\"Enriqueta Ruiz del Rey\",\"Fernando Colomo\",\"Francisco Cabrera\",\"Francisco Carbajosa Iznaola\",\"Glenda Kapstein Lomboy\",\"Guillermo Y\u00e1\u00f1ez Parareda\",\"Ignacio G\u00e1rate Rojas\",\"Jes\u00fas de la Sota\",\"Jorge Gorostiza\",\"Jos\u00e9 Antonio Nombela Serrano\",\"Jos\u00e9 Luis Castro de Paz\",\"Jos\u00e9 Luis Mart\u00edn Clavo\",\"Jos\u00e9 Paz Rodr\u00edguez\",\"luis antonio guti\u00e9rrez cabrero\",\"Luis Mart\u00ednez-Feduchi Ruiz\",\"Luis Moreno de Cala\",\"Manuel de la Pe\u00f1a Su\u00e1rez\",\"Mar\u00eda del Perpetuo Socoro Mambrilla Su\u00e1rez\"],\"articleSection\":[\"capturas\",\"cine\",\"slider principal\"],\"inLanguage\":\"es\",\"potentialAction\":[{\"@type\":\"CommentAction\",\"name\":\"Comment\",\"target\":[\"https:\\\/\\\/veredes.es\\\/blog\\\/arquitectos-en-la-escuela-de-cine-jorge-gorostiza\\\/#respond\"]}]},{\"@type\":\"WebPage\",\"@id\":\"https:\\\/\\\/veredes.es\\\/blog\\\/arquitectos-en-la-escuela-de-cine-jorge-gorostiza\\\/\",\"url\":\"https:\\\/\\\/veredes.es\\\/blog\\\/arquitectos-en-la-escuela-de-cine-jorge-gorostiza\\\/\",\"name\":\"Arquitectos en la escuela de cine | Jorge Gorostiza - veredes\",\"isPartOf\":{\"@id\":\"https:\\\/\\\/veredes.es\\\/blog\\\/#website\"},\"primaryImageOfPage\":{\"@id\":\"https:\\\/\\\/veredes.es\\\/blog\\\/arquitectos-en-la-escuela-de-cine-jorge-gorostiza\\\/#primaryimage\"},\"image\":{\"@id\":\"https:\\\/\\\/veredes.es\\\/blog\\\/arquitectos-en-la-escuela-de-cine-jorge-gorostiza\\\/#primaryimage\"},\"thumbnailUrl\":\"https:\\\/\\\/veredes.es\\\/blog\\\/wp-content\\\/uploads\\\/2025\\\/01\\\/Arquitectos-en-la-escuela-de-cine-Jorge-Gorostiza-Cubierta-del-libro-editado-por-la-ATC-con-datos-de-sus-asociados-alumnos-de-IIEC-EOC-Madrid-1982.jpg\",\"datePublished\":\"2025-02-13T23:01:21+00:00\",\"description\":\"Toda la informaci\u00f3n sobre: Arquitectos en la escuela de cine | Jorge Gorostiza\",\"breadcrumb\":{\"@id\":\"https:\\\/\\\/veredes.es\\\/blog\\\/arquitectos-en-la-escuela-de-cine-jorge-gorostiza\\\/#breadcrumb\"},\"inLanguage\":\"es\",\"potentialAction\":[{\"@type\":\"ReadAction\",\"target\":[\"https:\\\/\\\/veredes.es\\\/blog\\\/arquitectos-en-la-escuela-de-cine-jorge-gorostiza\\\/\"]}]},{\"@type\":\"ImageObject\",\"inLanguage\":\"es\",\"@id\":\"https:\\\/\\\/veredes.es\\\/blog\\\/arquitectos-en-la-escuela-de-cine-jorge-gorostiza\\\/#primaryimage\",\"url\":\"https:\\\/\\\/veredes.es\\\/blog\\\/wp-content\\\/uploads\\\/2025\\\/01\\\/Arquitectos-en-la-escuela-de-cine-Jorge-Gorostiza-Cubierta-del-libro-editado-por-la-ATC-con-datos-de-sus-asociados-alumnos-de-IIEC-EOC-Madrid-1982.jpg\",\"contentUrl\":\"https:\\\/\\\/veredes.es\\\/blog\\\/wp-content\\\/uploads\\\/2025\\\/01\\\/Arquitectos-en-la-escuela-de-cine-Jorge-Gorostiza-Cubierta-del-libro-editado-por-la-ATC-con-datos-de-sus-asociados-alumnos-de-IIEC-EOC-Madrid-1982.jpg\",\"width\":925,\"height\":1206,\"caption\":\"Cubierta del libro editado por la ATC con datos de sus asociados, alumnos de IIEC - EOC, Madrid 1982\"},{\"@type\":\"BreadcrumbList\",\"@id\":\"https:\\\/\\\/veredes.es\\\/blog\\\/arquitectos-en-la-escuela-de-cine-jorge-gorostiza\\\/#breadcrumb\",\"itemListElement\":[{\"@type\":\"ListItem\",\"position\":1,\"name\":\"Portada\",\"item\":\"https:\\\/\\\/veredes.es\\\/blog\\\/\"},{\"@type\":\"ListItem\",\"position\":2,\"name\":\"Arquitectos en la escuela de cine | Jorge Gorostiza\"}]},{\"@type\":\"WebSite\",\"@id\":\"https:\\\/\\\/veredes.es\\\/blog\\\/#website\",\"url\":\"https:\\\/\\\/veredes.es\\\/blog\\\/\",\"name\":\"veredes, arquitectura y divulgaci\u00f3n\",\"description\":\"veredes\",\"publisher\":{\"@id\":\"https:\\\/\\\/veredes.es\\\/blog\\\/#organization\"},\"alternateName\":\"veredes\",\"potentialAction\":[{\"@type\":\"SearchAction\",\"target\":{\"@type\":\"EntryPoint\",\"urlTemplate\":\"https:\\\/\\\/veredes.es\\\/blog\\\/?s={search_term_string}\"},\"query-input\":{\"@type\":\"PropertyValueSpecification\",\"valueRequired\":true,\"valueName\":\"search_term_string\"}}],\"inLanguage\":\"es\"},{\"@type\":\"Organization\",\"@id\":\"https:\\\/\\\/veredes.es\\\/blog\\\/#organization\",\"name\":\"veredes, arquitectura y divulgaci\u00f3n\",\"alternateName\":\"veredes\",\"url\":\"https:\\\/\\\/veredes.es\\\/blog\\\/\",\"logo\":{\"@type\":\"ImageObject\",\"inLanguage\":\"es\",\"@id\":\"https:\\\/\\\/veredes.es\\\/blog\\\/#\\\/schema\\\/logo\\\/image\\\/\",\"url\":\"https:\\\/\\\/veredes.es\\\/blog\\\/wp-content\\\/uploads\\\/2021\\\/12\\\/veredes-logo-centrado_140x54.png\",\"contentUrl\":\"https:\\\/\\\/veredes.es\\\/blog\\\/wp-content\\\/uploads\\\/2021\\\/12\\\/veredes-logo-centrado_140x54.png\",\"width\":140,\"height\":54,\"caption\":\"veredes, arquitectura y divulgaci\u00f3n\"},\"image\":{\"@id\":\"https:\\\/\\\/veredes.es\\\/blog\\\/#\\\/schema\\\/logo\\\/image\\\/\"},\"sameAs\":[\"https:\\\/\\\/www.facebook.com\\\/veredesArquitecturayDivulgacion\\\/\",\"https:\\\/\\\/x.com\\\/veredes\",\"https:\\\/\\\/instagram.com\\\/veredes\\\/\",\"https:\\\/\\\/www.linkedin.com\\\/company\\\/veredes-arquitectura-y-divulgacion\\\/\",\"https:\\\/\\\/es.pinterest.com\\\/veredes\\\/\",\"https:\\\/\\\/www.tumblr.com\\\/veredes\"]},{\"@type\":\"Person\",\"@id\":\"https:\\\/\\\/veredes.es\\\/blog\\\/#\\\/schema\\\/person\\\/3f2d8efdf175df3cfcfa51a2b06cc527\",\"name\":\"Jorge Gorostiza\",\"image\":{\"@type\":\"ImageObject\",\"inLanguage\":\"es\",\"@id\":\"https:\\\/\\\/veredes.es\\\/blog\\\/wp-content\\\/uploads\\\/2018\\\/04\\\/jorge-gorostiza-96x96.jpg\",\"url\":\"https:\\\/\\\/veredes.es\\\/blog\\\/wp-content\\\/uploads\\\/2018\\\/04\\\/jorge-gorostiza-96x96.jpg\",\"contentUrl\":\"https:\\\/\\\/veredes.es\\\/blog\\\/wp-content\\\/uploads\\\/2018\\\/04\\\/jorge-gorostiza-96x96.jpg\",\"caption\":\"Jorge Gorostiza\"},\"description\":\"Doctor arquitecto por la UPM, 2015. He publicado bastantes libros y muchos art\u00edculos, he impartido conferencias, he sido comisario de exposiciones y jurado en much\u00edsmos festivales. Si quieren saber m\u00e1s no duden en consultar mi blog ARQUITECTURA + CINE + CIUDAD. En este blog se ir\u00e1n recogiendo art\u00edculos y textos dispersos por la Web, as\u00ed como otros publicados y libres de derechos, que traten sobre Cine, Arquitectura y Ciudad. As\u00ed quienes est\u00e9n interesados por las relaciones entre la ficci\u00f3n y la realidad, podr\u00e1n tener m\u00e1s argumentos para profundizar en esas relaciones. No es un blog en el que se vayan a hacer comentarios sobre las vivencias personales de su responsable, que adem\u00e1s a nadie interesan. Por supuesto que est\u00e1 abierto a cualquiera que le gusten estos temas, sirviendo como foro de debate y como lugar donde todos podamos aprender con las ideas de los dem\u00e1s.\",\"sameAs\":[\"http:\\\/\\\/cinearquitecturaciudad.blogspot.com.es\\\/\",\"https:\\\/\\\/www.facebook.com\\\/gorostiza\",\"https:\\\/\\\/www.instagram.com\\\/jorge.gorostiza\\\/\",\"https:\\\/\\\/www.linkedin.com\\\/in\\\/jorge-gorostiza-022a6a13\\\/\",\"https:\\\/\\\/x.com\\\/https:\\\/\\\/twitter.com\\\/jorgegorostiza\"],\"url\":\"https:\\\/\\\/veredes.es\\\/blog\\\/author\\\/jorge-gorostiza\\\/\"}]}<\/script>\n<!-- \/ Yoast SEO plugin. -->","yoast_head_json":{"title":"Arquitectos en la escuela de cine | Jorge Gorostiza - veredes","description":"Toda la informaci\u00f3n sobre: Arquitectos en la escuela de cine | Jorge Gorostiza","robots":{"index":"index","follow":"follow","max-snippet":"max-snippet:-1","max-image-preview":"max-image-preview:large","max-video-preview":"max-video-preview:-1"},"canonical":"https:\/\/veredes.es\/blog\/arquitectos-en-la-escuela-de-cine-jorge-gorostiza\/","og_locale":"es_ES","og_type":"article","og_title":"Arquitectos en la escuela de cine | Jorge Gorostiza - veredes","og_description":"Toda la informaci\u00f3n sobre: Arquitectos en la escuela de cine | Jorge Gorostiza","og_url":"https:\/\/veredes.es\/blog\/arquitectos-en-la-escuela-de-cine-jorge-gorostiza\/","og_site_name":"veredes, arquitectura y divulgaci\u00f3n","article_publisher":"https:\/\/www.facebook.com\/veredesArquitecturayDivulgacion\/","article_author":"https:\/\/www.facebook.com\/gorostiza","article_published_time":"2025-02-13T23:01:21+00:00","og_image":[{"width":925,"height":1206,"url":"https:\/\/veredes.es\/blog\/wp-content\/uploads\/2025\/01\/Arquitectos-en-la-escuela-de-cine-Jorge-Gorostiza-Cubierta-del-libro-editado-por-la-ATC-con-datos-de-sus-asociados-alumnos-de-IIEC-EOC-Madrid-1982.jpg","type":"image\/jpeg"}],"author":"Jorge Gorostiza","twitter_card":"summary_large_image","twitter_creator":"@https:\/\/twitter.com\/jorgegorostiza","twitter_site":"@veredes","twitter_misc":{"Escrito por":"Jorge Gorostiza","Tiempo de lectura":"6 minutos"},"schema":{"@context":"https:\/\/schema.org","@graph":[{"@type":"Article","@id":"https:\/\/veredes.es\/blog\/arquitectos-en-la-escuela-de-cine-jorge-gorostiza\/#article","isPartOf":{"@id":"https:\/\/veredes.es\/blog\/arquitectos-en-la-escuela-de-cine-jorge-gorostiza\/"},"author":{"name":"Jorge Gorostiza","@id":"https:\/\/veredes.es\/blog\/#\/schema\/person\/3f2d8efdf175df3cfcfa51a2b06cc527"},"headline":"Arquitectos en la escuela de cine | Jorge Gorostiza","datePublished":"2025-02-13T23:01:21+00:00","mainEntityOfPage":{"@id":"https:\/\/veredes.es\/blog\/arquitectos-en-la-escuela-de-cine-jorge-gorostiza\/"},"wordCount":1129,"commentCount":0,"publisher":{"@id":"https:\/\/veredes.es\/blog\/#organization"},"image":{"@id":"https:\/\/veredes.es\/blog\/arquitectos-en-la-escuela-de-cine-jorge-gorostiza\/#primaryimage"},"thumbnailUrl":"https:\/\/veredes.es\/blog\/wp-content\/uploads\/2025\/01\/Arquitectos-en-la-escuela-de-cine-Jorge-Gorostiza-Cubierta-del-libro-editado-por-la-ATC-con-datos-de-sus-asociados-alumnos-de-IIEC-EOC-Madrid-1982.jpg","keywords":["Antonio Quesada Quesada","arquitectos y cineastas","arquitectura","arquitectura espa\u00f1ola","Asier Aranzubia","C\u00e9sar Manrique","cine","Emilia Checa Mor\u00e1n","Enriqueta Ruiz del Rey","Fernando Colomo","Francisco Cabrera","Francisco Carbajosa Iznaola","Glenda Kapstein Lomboy","Guillermo Y\u00e1\u00f1ez Parareda","Ignacio G\u00e1rate Rojas","Jes\u00fas de la Sota","Jorge Gorostiza","Jos\u00e9 Antonio Nombela Serrano","Jos\u00e9 Luis Castro de Paz","Jos\u00e9 Luis Mart\u00edn Clavo","Jos\u00e9 Paz Rodr\u00edguez","luis antonio guti\u00e9rrez cabrero","Luis Mart\u00ednez-Feduchi Ruiz","Luis Moreno de Cala","Manuel de la Pe\u00f1a Su\u00e1rez","Mar\u00eda del Perpetuo Socoro Mambrilla Su\u00e1rez"],"articleSection":["capturas","cine","slider principal"],"inLanguage":"es","potentialAction":[{"@type":"CommentAction","name":"Comment","target":["https:\/\/veredes.es\/blog\/arquitectos-en-la-escuela-de-cine-jorge-gorostiza\/#respond"]}]},{"@type":"WebPage","@id":"https:\/\/veredes.es\/blog\/arquitectos-en-la-escuela-de-cine-jorge-gorostiza\/","url":"https:\/\/veredes.es\/blog\/arquitectos-en-la-escuela-de-cine-jorge-gorostiza\/","name":"Arquitectos en la escuela de cine | Jorge Gorostiza - veredes","isPartOf":{"@id":"https:\/\/veredes.es\/blog\/#website"},"primaryImageOfPage":{"@id":"https:\/\/veredes.es\/blog\/arquitectos-en-la-escuela-de-cine-jorge-gorostiza\/#primaryimage"},"image":{"@id":"https:\/\/veredes.es\/blog\/arquitectos-en-la-escuela-de-cine-jorge-gorostiza\/#primaryimage"},"thumbnailUrl":"https:\/\/veredes.es\/blog\/wp-content\/uploads\/2025\/01\/Arquitectos-en-la-escuela-de-cine-Jorge-Gorostiza-Cubierta-del-libro-editado-por-la-ATC-con-datos-de-sus-asociados-alumnos-de-IIEC-EOC-Madrid-1982.jpg","datePublished":"2025-02-13T23:01:21+00:00","description":"Toda la informaci\u00f3n sobre: Arquitectos en la escuela de cine | Jorge Gorostiza","breadcrumb":{"@id":"https:\/\/veredes.es\/blog\/arquitectos-en-la-escuela-de-cine-jorge-gorostiza\/#breadcrumb"},"inLanguage":"es","potentialAction":[{"@type":"ReadAction","target":["https:\/\/veredes.es\/blog\/arquitectos-en-la-escuela-de-cine-jorge-gorostiza\/"]}]},{"@type":"ImageObject","inLanguage":"es","@id":"https:\/\/veredes.es\/blog\/arquitectos-en-la-escuela-de-cine-jorge-gorostiza\/#primaryimage","url":"https:\/\/veredes.es\/blog\/wp-content\/uploads\/2025\/01\/Arquitectos-en-la-escuela-de-cine-Jorge-Gorostiza-Cubierta-del-libro-editado-por-la-ATC-con-datos-de-sus-asociados-alumnos-de-IIEC-EOC-Madrid-1982.jpg","contentUrl":"https:\/\/veredes.es\/blog\/wp-content\/uploads\/2025\/01\/Arquitectos-en-la-escuela-de-cine-Jorge-Gorostiza-Cubierta-del-libro-editado-por-la-ATC-con-datos-de-sus-asociados-alumnos-de-IIEC-EOC-Madrid-1982.jpg","width":925,"height":1206,"caption":"Cubierta del libro editado por la ATC con datos de sus asociados, alumnos de IIEC - EOC, Madrid 1982"},{"@type":"BreadcrumbList","@id":"https:\/\/veredes.es\/blog\/arquitectos-en-la-escuela-de-cine-jorge-gorostiza\/#breadcrumb","itemListElement":[{"@type":"ListItem","position":1,"name":"Portada","item":"https:\/\/veredes.es\/blog\/"},{"@type":"ListItem","position":2,"name":"Arquitectos en la escuela de cine | Jorge Gorostiza"}]},{"@type":"WebSite","@id":"https:\/\/veredes.es\/blog\/#website","url":"https:\/\/veredes.es\/blog\/","name":"veredes, arquitectura y divulgaci\u00f3n","description":"veredes","publisher":{"@id":"https:\/\/veredes.es\/blog\/#organization"},"alternateName":"veredes","potentialAction":[{"@type":"SearchAction","target":{"@type":"EntryPoint","urlTemplate":"https:\/\/veredes.es\/blog\/?s={search_term_string}"},"query-input":{"@type":"PropertyValueSpecification","valueRequired":true,"valueName":"search_term_string"}}],"inLanguage":"es"},{"@type":"Organization","@id":"https:\/\/veredes.es\/blog\/#organization","name":"veredes, arquitectura y divulgaci\u00f3n","alternateName":"veredes","url":"https:\/\/veredes.es\/blog\/","logo":{"@type":"ImageObject","inLanguage":"es","@id":"https:\/\/veredes.es\/blog\/#\/schema\/logo\/image\/","url":"https:\/\/veredes.es\/blog\/wp-content\/uploads\/2021\/12\/veredes-logo-centrado_140x54.png","contentUrl":"https:\/\/veredes.es\/blog\/wp-content\/uploads\/2021\/12\/veredes-logo-centrado_140x54.png","width":140,"height":54,"caption":"veredes, arquitectura y divulgaci\u00f3n"},"image":{"@id":"https:\/\/veredes.es\/blog\/#\/schema\/logo\/image\/"},"sameAs":["https:\/\/www.facebook.com\/veredesArquitecturayDivulgacion\/","https:\/\/x.com\/veredes","https:\/\/instagram.com\/veredes\/","https:\/\/www.linkedin.com\/company\/veredes-arquitectura-y-divulgacion\/","https:\/\/es.pinterest.com\/veredes\/","https:\/\/www.tumblr.com\/veredes"]},{"@type":"Person","@id":"https:\/\/veredes.es\/blog\/#\/schema\/person\/3f2d8efdf175df3cfcfa51a2b06cc527","name":"Jorge Gorostiza","image":{"@type":"ImageObject","inLanguage":"es","@id":"https:\/\/veredes.es\/blog\/wp-content\/uploads\/2018\/04\/jorge-gorostiza-96x96.jpg","url":"https:\/\/veredes.es\/blog\/wp-content\/uploads\/2018\/04\/jorge-gorostiza-96x96.jpg","contentUrl":"https:\/\/veredes.es\/blog\/wp-content\/uploads\/2018\/04\/jorge-gorostiza-96x96.jpg","caption":"Jorge Gorostiza"},"description":"Doctor arquitecto por la UPM, 2015. He publicado bastantes libros y muchos art\u00edculos, he impartido conferencias, he sido comisario de exposiciones y jurado en much\u00edsmos festivales. Si quieren saber m\u00e1s no duden en consultar mi blog ARQUITECTURA + CINE + CIUDAD. En este blog se ir\u00e1n recogiendo art\u00edculos y textos dispersos por la Web, as\u00ed como otros publicados y libres de derechos, que traten sobre Cine, Arquitectura y Ciudad. As\u00ed quienes est\u00e9n interesados por las relaciones entre la ficci\u00f3n y la realidad, podr\u00e1n tener m\u00e1s argumentos para profundizar en esas relaciones. No es un blog en el que se vayan a hacer comentarios sobre las vivencias personales de su responsable, que adem\u00e1s a nadie interesan. Por supuesto que est\u00e1 abierto a cualquiera que le gusten estos temas, sirviendo como foro de debate y como lugar donde todos podamos aprender con las ideas de los dem\u00e1s.","sameAs":["http:\/\/cinearquitecturaciudad.blogspot.com.es\/","https:\/\/www.facebook.com\/gorostiza","https:\/\/www.instagram.com\/jorge.gorostiza\/","https:\/\/www.linkedin.com\/in\/jorge-gorostiza-022a6a13\/","https:\/\/x.com\/https:\/\/twitter.com\/jorgegorostiza"],"url":"https:\/\/veredes.es\/blog\/author\/jorge-gorostiza\/"}]}},"_links":{"self":[{"href":"https:\/\/veredes.es\/blog\/wp-json\/wp\/v2\/posts\/101153","targetHints":{"allow":["GET"]}}],"collection":[{"href":"https:\/\/veredes.es\/blog\/wp-json\/wp\/v2\/posts"}],"about":[{"href":"https:\/\/veredes.es\/blog\/wp-json\/wp\/v2\/types\/post"}],"author":[{"embeddable":true,"href":"https:\/\/veredes.es\/blog\/wp-json\/wp\/v2\/users\/34"}],"replies":[{"embeddable":true,"href":"https:\/\/veredes.es\/blog\/wp-json\/wp\/v2\/comments?post=101153"}],"version-history":[{"count":0,"href":"https:\/\/veredes.es\/blog\/wp-json\/wp\/v2\/posts\/101153\/revisions"}],"wp:featuredmedia":[{"embeddable":true,"href":"https:\/\/veredes.es\/blog\/wp-json\/wp\/v2\/media\/101155"}],"wp:attachment":[{"href":"https:\/\/veredes.es\/blog\/wp-json\/wp\/v2\/media?parent=101153"}],"wp:term":[{"taxonomy":"category","embeddable":true,"href":"https:\/\/veredes.es\/blog\/wp-json\/wp\/v2\/categories?post=101153"},{"taxonomy":"post_tag","embeddable":true,"href":"https:\/\/veredes.es\/blog\/wp-json\/wp\/v2\/tags?post=101153"}],"curies":[{"name":"wp","href":"https:\/\/api.w.org\/{rel}","templated":true}]}}